{"id":19239,"date":"2016-04-22T08:00:31","date_gmt":"2016-04-22T11:00:31","guid":{"rendered":"http:\/\/rioonwatch.org.br\/?p=19239"},"modified":"2024-06-20T16:27:42","modified_gmt":"2024-06-20T19:27:42","slug":"por-toda-cidade-museus-comunitarios-estao-sob-ameaca-de-remocao","status":"publish","type":"post","link":"https:\/\/rioonwatch.org.br\/?p=19239","title":{"rendered":"Por Toda Cidade Museus Comunit\u00e1rios Est\u00e3o Sob Amea\u00e7a de Remo\u00e7\u00e3o"},"content":{"rendered":"<p style=\"text-align: right;\"><em><strong><a href=\"http:\/\/bit.ly\/26cTtUP\" target=\"_blank\" rel=\"noopener\">Click Here for English<img decoding=\"async\" width=\"20\" height=\"20\" class=\"alignright wp-image-15790\" src=\"http:\/\/rioonwatch.org.br\/wp-content\/uploads\/2012\/08\/EN-standard-e1439583104716.jpg\" alt=\"\" \/><\/a><\/strong><\/em><\/p>\n<p>Os <a href=\"http:\/\/bit.ly\/V0UrTq\" target=\"_blank\" rel=\"noopener\">museus comunit\u00e1rios<\/a> do Rio de Janeiro s\u00e3o muitas vezes desvalorizados, negligenciados e subfinanciados, mas agora, tamb\u00e9m, v\u00e1rios deles est\u00e3o sob amea\u00e7a de <a href=\"http:\/\/bit.ly\/X51Qvb\" target=\"_blank\" rel=\"noopener\">remo\u00e7\u00e3o<\/a>.<\/p>\n<p>&#8220;Nesses museus o foco de interesse n\u00e3o \u00e9 simplesmente a preserva\u00e7\u00e3o de objetos. O foco de interesse est\u00e1 na conviv\u00eancia humana. S\u00e3o museus que consideram que o seu maior patrim\u00f4nio \u00e9 a vida humana&#8221;, explica M\u00e1rio Chagas, muse\u00f3logo e profissional chave na cria\u00e7\u00e3o de museus comunit\u00e1rios.<\/p>\n<p>Estes museus s\u00e3o na maioria das vezes important\u00edssimos para suas comunidades. Criados por moradores e colaboradores locais, muitas vezes sem quase nenhum apoio do Estado, os museus com base em favelas s\u00e3o alguns dos mais inovadores e criativos, porque eles t\u00eam de pensar em solu\u00e7\u00f5es originais para os desafios inerentes que surgem, em vez de depender de grandes investimentos.<\/p>\n<p>Eles fornecem espa\u00e7os p\u00fablicos vitais, polivalentes que, por exemplo, podem receber eventos p\u00fablicos, aulas para crian\u00e7as e muitas outras atividades ben\u00e9ficas.<\/p>\n<p><a href=\"http:\/\/rioonwatch.org.br\/wp-content\/uploads\/2016\/04\/muf1.jpg\"><img fetchpriority=\"high\" decoding=\"async\" class=\"aligncenter wp-image-19244 size-content\" title=\"Ede filme no Museu de Favela no Cantagalo\" src=\"http:\/\/rioonwatch.org.br\/wp-content\/uploads\/2016\/04\/muf1-620x264.jpg\" alt=\"muf1\" width=\"620\" height=\"264\" srcset=\"https:\/\/rioonwatch.org.br\/wp-content\/uploads\/2016\/04\/muf1-620x264.jpg 620w, https:\/\/rioonwatch.org.br\/wp-content\/uploads\/2016\/04\/muf1-940x400.jpg 940w\" sizes=\"(max-width: 620px) 100vw, 620px\" \/><\/a><\/p>\n<p>Os museus comunit\u00e1rios tamb\u00e9m desempenham um papel no aumento da autoestima de uma comunidade. Emerson de Souza, muse\u00f3logo, morador do <a href=\"http:\/\/bit.ly\/11b2TzL\" target=\"_blank\" rel=\"noopener\">Horto<\/a> e coordenador do <a href=\"http:\/\/bit.ly\/16nL7Yz\" target=\"_blank\" rel=\"noopener\">Museu do Horto<\/a>\u00a0diz: &#8220;\u00c9 o que falo para as pessoas aqui. Se n\u00f3s n\u00e3o damos valor \u00e0 nossa pr\u00f3pria hist\u00f3ria, ningu\u00e9m mais vai dar&#8230; N\u00f3s temos que trabalhar nisso. Pela autoestima das pessoas, \u00e9 importante que eles se vejam, que se reconhe\u00e7am na hist\u00f3ria da humanidade&#8221;.<\/p>\n<h3>Museu da Mar\u00e9<\/h3>\n<p>O <a href=\"http:\/\/bit.ly\/1qhz1JJ\" target=\"_blank\" rel=\"noopener\">Museu da Mar\u00e9<\/a> foi um dos primeiros museus comunit\u00e1rios do tipo no Rio. Baseado no <a href=\"http:\/\/bit.ly\/10BvARw\" target=\"_blank\" rel=\"noopener\">Complexo da Mar\u00e9<\/a> na <a href=\"http:\/\/bit.ly\/WximDf\" target=\"_blank\" rel=\"noopener\">Zona Norte<\/a> do Rio, ele foi inaugurado em maio de 2006 e agora, chegando ao seu 10\u00ba anivers\u00e1rio, est\u00e1 enfrentando a amea\u00e7a de <a href=\"http:\/\/bit.ly\/1F8V4jK\" target=\"_blank\" rel=\"noopener\">remo\u00e7\u00e3o<\/a>.<\/p>\n<p><a href=\"http:\/\/rioonwatch.org.br\/wp-content\/uploads\/2016\/04\/museu-da-mar.jpg\"><img decoding=\"async\" class=\"aligncenter wp-image-19248 size-content\" title=\"O Museu da Mar\u00e9 preserva e celebra a hist\u00f3ria da Mar\u00e9\" src=\"http:\/\/rioonwatch.org.br\/wp-content\/uploads\/2016\/04\/museu-da-mar-620x264.jpg\" alt=\"museu-da-mar\" width=\"620\" height=\"264\" srcset=\"https:\/\/rioonwatch.org.br\/wp-content\/uploads\/2016\/04\/museu-da-mar-620x264.jpg 620w, https:\/\/rioonwatch.org.br\/wp-content\/uploads\/2016\/04\/museu-da-mar-940x400.jpg 940w\" sizes=\"(max-width: 620px) 100vw, 620px\" \/><\/a><\/p>\n<p>Dirigido pela ONG <a href=\"http:\/\/bit.ly\/1zyfb2g\" target=\"_blank\" rel=\"noopener\">CEASM<\/a>\u00a0(Centro de Estudos e A\u00e7\u00f5es Solid\u00e1rias da Mar\u00e9), o <a href=\"http:\/\/bit.ly\/265Z9zU\" target=\"_blank\" rel=\"noopener\">Museu da Mar\u00e9<\/a>\u00a0est\u00e1 sediado em uma f\u00e1brica abandonada que os membros da comunidade renovaram e transformaram em um espa\u00e7o premiado. A equipe do museu negociou com a empresa propriet\u00e1ria do edif\u00edcio a fim de obter permiss\u00e3o para ocup\u00e1-lo, e esperou pela prorroga\u00e7\u00e3o do seu contrato.<\/p>\n<p>No entanto, apesar dos elogios internacionais e da import\u00e2ncia do museu para o local, a empresa exigiu a devolu\u00e7\u00e3o do pr\u00e9dio e a remo\u00e7\u00e3o do museu sem fornecer uma explica\u00e7\u00e3o de suas raz\u00f5es ou oferecer uma alternativa.<\/p>\n<p>As amea\u00e7as de remo\u00e7\u00e3o retornaram em\u00a0<a href=\"http:\/\/bit.ly\/1w8pUjy\" target=\"_blank\" rel=\"noopener\">2014<\/a>. Organizadores e apoiadores do Museu <a href=\"http:\/\/bit.ly\/1w8pUjy\" target=\"_blank\" rel=\"noopener\">protestaram<\/a> e planejam lutar pela perman\u00eancia do museu. A data atual de remo\u00e7\u00e3o est\u00e1 definida para o dia 1 de maio, Dia Internacional dos Trabalhadores, ir\u00f4nico, dado o papel do museu que celebra a vida dos trabalhadores e as lutas dos moradores das favelas. Tamb\u00e9m est\u00e1 h\u00e1 apenas uma semana do 10\u00ba anivers\u00e1rio do museu, em 8 de maio.<\/p>\n<p><a href=\"http:\/\/rioonwatch.org.br\/wp-content\/uploads\/2016\/04\/Banners-Museu-da-Mar\u00e9-March.jpg\"><img loading=\"lazy\" decoding=\"async\" class=\"aligncenter wp-image-19250 size-content\" title=\"Protesto contra a remo\u00e7\u00e3o do Museu da Mar\u00e9 em 2014\" src=\"http:\/\/rioonwatch.org.br\/wp-content\/uploads\/2016\/04\/Banners-Museu-da-Mar\u00e9-March-620x264.jpg\" alt=\"Banners-Museu-da-Mar\u00e9-March\" width=\"620\" height=\"264\" srcset=\"https:\/\/rioonwatch.org.br\/wp-content\/uploads\/2016\/04\/Banners-Museu-da-Mar\u00e9-March-620x264.jpg 620w, https:\/\/rioonwatch.org.br\/wp-content\/uploads\/2016\/04\/Banners-Museu-da-Mar\u00e9-March-768x327.jpg 768w, https:\/\/rioonwatch.org.br\/wp-content\/uploads\/2016\/04\/Banners-Museu-da-Mar\u00e9-March-940x400.jpg 940w, https:\/\/rioonwatch.org.br\/wp-content\/uploads\/2016\/04\/Banners-Museu-da-Mar\u00e9-March.jpg 1000w\" sizes=\"(max-width: 620px) 100vw, 620px\" \/><\/a><\/p>\n<p>O Museu da Mar\u00e9 ganhou reconhecimento internacional e seus organizadores apresentaram as suas ideias e o modelo do museu no Reino Unido, Holanda, \u00c1frica do Sul e M\u00e9xico, entre outros pa\u00edses. Em 2006, o museu foi condecorado com a Ordem do M\u00e9rito Cultural pelo governo brasileiro.<\/p>\n<p>Mais importante, o museu \u00e9 um enorme sucesso dentro da comunidade. Uma biblioteca, espa\u00e7os de exposi\u00e7\u00e3o de curto e longo prazo, um laborat\u00f3rio de inform\u00e1tica e espa\u00e7os de administra\u00e7\u00e3o est\u00e3o entre os servi\u00e7os oferecidos aos moradores da Mar\u00e9. &#8220;&#8216;O livro de assinaturas de visitantes e o livro de depoimentos s\u00e3o indicadores claros dos impactos gerados pelo Museu na vida da comunidade. Projetos e espet\u00e1culos de m\u00fasica, dan\u00e7a, teatro, artesanato, capoeira, conta\u00e7\u00e3o de hist\u00f3rias, al\u00e9m de cursos, oficinas e semin\u00e1rios fazem parte do cotidiano do Museu&#8221;, diz Chagas.<\/p>\n<p>Ele chama a amea\u00e7a de remo\u00e7\u00e3o de &#8220;uma insensibilidade total, uma falta de aten\u00e7\u00e3o para a comunidade, uma falta de aten\u00e7\u00e3o com os benef\u00edcios sociais que o museu gera&#8221;.<\/p>\n<h3><strong>Museu de Favela<\/strong><\/h3>\n<p>O\u00a0<a href=\"http:\/\/bit.ly\/1MXq2w7\" target=\"_blank\" rel=\"noopener\">Museu de Favela (MUF)<\/a>, um museu criado por lideran\u00e7as das favelas <a href=\"http:\/\/bit.ly\/12onlyE\" target=\"_blank\" rel=\"noopener\">Cantagalo<\/a> e <a href=\"http:\/\/bit.ly\/11x89ZX\" target=\"_blank\" rel=\"noopener\">Pav\u00e3o-Pav\u00e3ozinho<\/a>\u00a0na\u00a0<a href=\"http:\/\/bit.ly\/1mNsDyk\" target=\"_blank\" rel=\"noopener\">Zona Sul<\/a>,\u00a0tamb\u00e9m est\u00e1 enfrentando a amea\u00e7a de remo\u00e7\u00e3o.<\/p>\n<p>Descrito como um &#8220;museu territorial vivo&#8221;, todos os 12 hectares dessas favelas s\u00e3o consideradas parte do <a href=\"http:\/\/bit.ly\/12tBBGp\" target=\"_blank\" rel=\"noopener\">MUF<\/a>. Bem como uma galeria a c\u00e9u aberto de casas pintadas, a sede e base de opera\u00e7\u00f5es fornecem ao museu um espa\u00e7o f\u00edsico vital.<\/p>\n<p><a href=\"http:\/\/rioonwatch.org.br\/wp-content\/uploads\/2016\/04\/IMG_3738.jpg\"><img loading=\"lazy\" decoding=\"async\" class=\"aligncenter wp-image-19252 size-content\" title=\"Entrada do MUF\" src=\"http:\/\/rioonwatch.org.br\/wp-content\/uploads\/2016\/04\/IMG_3738-620x264.jpg\" alt=\"IMG_3738\" width=\"620\" height=\"264\" srcset=\"https:\/\/rioonwatch.org.br\/wp-content\/uploads\/2016\/04\/IMG_3738-620x264.jpg 620w, https:\/\/rioonwatch.org.br\/wp-content\/uploads\/2016\/04\/IMG_3738-940x400.jpg 940w\" sizes=\"(max-width: 620px) 100vw, 620px\" \/><\/a><\/p>\n<p>A sede abriga <a href=\"http:\/\/bit.ly\/1RpeCEq\" target=\"_blank\" rel=\"noopener\">exposi\u00e7\u00f5es<\/a>, biblioteca, loja de presentes, e o centro administrativo do museu. Ela tamb\u00e9m \u00e9 usada para abrigar aulas de bal\u00e9 e capoeira para crian\u00e7as: tem um amplo terra\u00e7o onde a comunidade tem um lugar para fazer festas e para assistirem a exibi\u00e7\u00e3o de filmes.<\/p>\n<p>A equipe do museu criou esta sede com a ajuda de fundos p\u00fablicos da Secretaria da Cultura do Estado do Rio de Janeiro e do Minist\u00e9rio da Cultura. Eles entraram em um acordo com a igreja cat\u00f3lica local para reformar e usar seu piso superior que estava abandonado e que foi deixado em condi\u00e7\u00f5es prec\u00e1rias. O MUF foi renovado no segundo andar e constru\u00edram um terra\u00e7o com vista panor\u00e2mica.<\/p>\n<p>A situa\u00e7\u00e3o mudou recentemente ap\u00f3s a sa\u00edda do padre com quem o MUF tinha o contrato e que sempre desfrutaram de um bom relacionamento. Em substitui\u00e7\u00e3o exigiram a devolu\u00e7\u00e3o do segundo andar do edif\u00edcio o que tamb\u00e9m serviu como um aviso de remo\u00e7\u00e3o para o MUF. O aviso com a amea\u00e7a de remo\u00e7\u00e3o ao Museu \u00e9 para o final deste m\u00eas, em 26 de abril.<\/p>\n<p><a href=\"http:\/\/rioonwatch.org.br\/wp-content\/uploads\/2016\/04\/IMG_3764.jpg\"><img loading=\"lazy\" decoding=\"async\" class=\"aligncenter wp-image-19253 size-content\" title=\"Casa pintada do MUF\" src=\"http:\/\/rioonwatch.org.br\/wp-content\/uploads\/2016\/04\/IMG_3764-620x264.jpg\" alt=\"IMG_3764\" width=\"620\" height=\"264\" srcset=\"https:\/\/rioonwatch.org.br\/wp-content\/uploads\/2016\/04\/IMG_3764-620x264.jpg 620w, https:\/\/rioonwatch.org.br\/wp-content\/uploads\/2016\/04\/IMG_3764-940x400.jpg 940w\" sizes=\"(max-width: 620px) 100vw, 620px\" \/><\/a><\/p>\n<p>Criado por moradores e l\u00edderes comunit\u00e1rios das tr\u00eas favelas-g\u00eameas, o MUF tem desempenhado um papel central na comunidade desde que foi lan\u00e7ado em fevereiro de 2007. Uma trilha de 27 casas, cada uma pintada com grafites coloridos, leva\u00a0os visitantes a percorrer as favelas, descobrindo diferentes aspectos relevantes da hist\u00f3ria da comunidade desde os primeiros moradores do morro at\u00e9 suas lutas atuais.<\/p>\n<p>O museu tem sido um grande sucesso. Junto com a principal fun\u00e7\u00e3o do MUF como ponto central da comunidade, ele tamb\u00e9m desempenha um papel na promo\u00e7\u00e3o do reconhecimento da vida e da <a href=\"http:\/\/bit.ly\/1a1M6kK\" target=\"_blank\" rel=\"noopener\">cultura<\/a> dos moradores de favela. Uma exposi\u00e7\u00e3o anterior no MUF, \u201c<a href=\"http:\/\/bit.ly\/1H2iW7u\" target=\"_blank\" rel=\"noopener\">Mulheres Guerreiras<\/a>\u201d, celebrou a vida de\u00a0mulheres locais e realizou uma\u00a0<a href=\"http:\/\/bit.ly\/1RpeCEq\" target=\"_blank\" rel=\"noopener\">campanha de capta\u00e7\u00e3o\u00a0colaborativa<\/a>\u00a0para mostrar a exposi\u00e7\u00e3o em todo o Brasil.<\/p>\n<p><a href=\"http:\/\/rioonwatch.org.br\/wp-content\/uploads\/2016\/04\/16795736215_8b375103da_z-620x264.jpg\"><img loading=\"lazy\" decoding=\"async\" class=\"aligncenter wp-image-19254 size-full\" title=\"Exposi\u00e7\u00e3o Mulheres Guerreiras no MUF\" src=\"http:\/\/rioonwatch.org.br\/wp-content\/uploads\/2016\/04\/16795736215_8b375103da_z-620x264.jpg\" alt=\"16795736215_8b375103da_z-620x264\" width=\"620\" height=\"264\" \/><\/a><\/p>\n<p>Os organizadores do museu est\u00e3o otimistas de que eles podem lutar contra a decis\u00e3o e permanecerem no edif\u00edcio. Eles recentemente se encontraram com um representante da igreja para discutir a remo\u00e7\u00e3o e defender o seu caso.<\/p>\n<h3><strong>Museu do Horto<\/strong><\/h3>\n<p>O <a href=\"http:\/\/bit.ly\/16nL7Yz\" target=\"_blank\" rel=\"noopener\">Museu do\u00a0Horto<\/a>\u00a0\u00e9 tamb\u00e9m um museu territorial que considera toda a comunidade como seu local de reconhecimento e preserva\u00e7\u00e3o, semelhante ao MUF. Documenta as origens da comunidade desde\u00a0<a href=\"http:\/\/bit.ly\/12lVeS2\" target=\"_blank\" rel=\"noopener\">centenas de anos<\/a>. Criado em 2010 por moradores, o museu atualmente n\u00e3o tem um espa\u00e7o f\u00edsico. O clube social onde ele foi baseado foi <a href=\"http:\/\/bit.ly\/Rr6w2q\" target=\"_blank\" rel=\"noopener\">removido<\/a> em 2014. Em vez disso, a sua cole\u00e7\u00e3o de documentos hist\u00f3ricos podem ser visualizados <a href=\"http:\/\/bit.ly\/16nL7Yz\" target=\"_blank\" rel=\"noopener\">online<\/a>\u00a0e no <a href=\"http:\/\/bit.ly\/1qvaXLb\" target=\"_blank\" rel=\"noopener\">Facebook<\/a>.<\/p>\n<p><a href=\"http:\/\/rioonwatch.org.br\/wp-content\/uploads\/2016\/04\/fotos-moradores-004.jpg\"><img loading=\"lazy\" decoding=\"async\" class=\"aligncenter wp-image-19256 size-content\" title=\"Documentos provam a hist\u00f3ria da comunidade. Imagem: Museu do Horto\" src=\"http:\/\/rioonwatch.org.br\/wp-content\/uploads\/2016\/04\/fotos-moradores-004-620x264.jpg\" alt=\"fotos-moradores-004\" width=\"620\" height=\"264\" \/><\/a><\/p>\n<p>O coordenador do Museu do Horto e morador da comunidade h\u00e1 muitos anos, Emerson de Souza, descreve as dificuldades de operar sem uma base f\u00edsica: &#8220;\u00c9 bem complicado isso porque ele [o museu] n\u00e3o tem o reconhecimento merecido na comunidade, porque as pessoas tem a vis\u00e3o de museu como um local onde voc\u00ea vai visitar, e vai encontrar tudo, o acervo, a hist\u00f3ria. E a gente n\u00e3o trabalha assim ainda&#8230; a gente trabalha muito de forma virtual. A gente tem que fazer tamb\u00e9m o trabalho de levantamento hist\u00f3rico, da mem\u00f3ria hist\u00f3rica local&#8221;.<\/p>\n<p>Al\u00e9m de ter perdido sua sede, o museu est\u00e1 agora sob amea\u00e7a porque a pr\u00f3pria \u00e1rea est\u00e1 sob amea\u00e7a: uma grande \u00e1rea da comunidade foi marcada para ser removida, a fim de aumentar a \u00e1rea dispon\u00edvel para a \u00e1rea de pesquisa do Instituto do Jardim Bot\u00e2nico. Entre 520 de 619 fam\u00edlias foram informadas que suas casas ser\u00e3o removidas, quase 85% da comunidade.<\/p>\n<p><a href=\"http:\/\/rioonwatch.org.br\/wp-content\/uploads\/2016\/04\/image-8.jpeg\"><img loading=\"lazy\" decoding=\"async\" class=\"aligncenter wp-image-19257 size-content\" title=\"Moradores do Horto protestam contra a remo\u00e7\u00e3o.\" src=\"http:\/\/rioonwatch.org.br\/wp-content\/uploads\/2016\/04\/image-8-620x264.jpeg\" alt=\"image-8\" width=\"620\" height=\"264\" \/><\/a><\/p>\n<p>Moradores e apoiadores da comunidade est\u00e3o <a href=\"http:\/\/bit.ly\/1W4iPzp\" target=\"_blank\" rel=\"noopener\">protestando<\/a> para destacar a luta dos moradores contra a remo\u00e7\u00e3o, em meio a temores de que ordens de remo\u00e7\u00e3o e as <a href=\"http:\/\/bit.ly\/23AKRs5\" target=\"_blank\" rel=\"noopener\">desinforma\u00e7\u00f5es<\/a> possam ser utilizadas para aumentar a <a href=\"http:\/\/bit.ly\/1brTfez\" target=\"_blank\" rel=\"noopener\">press\u00e3o psicol\u00f3gica<\/a> sobre os moradores.<\/p>\n<p>O museu tem desempenhado um papel importante na luta contra a remo\u00e7\u00e3o. Emerson de Souza diz: &#8220;Ele tem ajudado a dar legitimidade [para a comunidade] e provou que o que muitas pessoas estavam dizendo estava errado: que os moradores s\u00e3o <a href=\"http:\/\/bit.ly\/12lVeS2\" target=\"_blank\" rel=\"noopener\">invasores do parque<\/a>. Atrav\u00e9s da nossa pesquisa, conseguimos mostrar o limite do Jardim Bot\u00e2nico e al\u00e9m desse limite, que os moradores t\u00eam vivido aqui desde 1887&#8243;.<\/p>\n<p>O museu espera ganhar a luta contra a remo\u00e7\u00e3o e mais uma vez estabelecer um espa\u00e7o f\u00edsico para o seu trabalho.<\/p>\n<!-- AddThis Advanced Settings generic via filter on the_content --><!-- AddThis Share Buttons generic via filter on the_content -->","protected":false},"excerpt":{"rendered":"<div class=\"mh-excerpt\"><p>Click Here for English Os museus comunit\u00e1rios do Rio de Janeiro s\u00e3o muitas vezes desvalorizados, negligenciados e subfinanciados, mas agora, tamb\u00e9m, v\u00e1rios deles est\u00e3o sob amea\u00e7a de remo\u00e7\u00e3o. &#8220;Nesses museus o foco de interesse n\u00e3o <a class=\"mh-excerpt-more\" href=\"https:\/\/rioonwatch.org.br\/?p=19239\" title=\"Por Toda Cidade Museus Comunit\u00e1rios Est\u00e3o Sob Amea\u00e7a de Remo\u00e7\u00e3o\">[&#8230;]<\/a><!-- AddThis Advanced Settings generic via filter on get_the_excerpt --><!-- AddThis Share Buttons generic via filter on get_the_excerpt --><\/p>\n<\/div>","protected":false},"author":129,"featured_media":19241,"comment_status":"closed","ping_status":"closed","sticky":false,"template":"","format":"standard","meta":{"_acf_changed":false,"_monsterinsights_skip_tracking":false,"_monsterinsights_sitenote_active":false,"_monsterinsights_sitenote_note":"","_monsterinsights_sitenote_category":0,"footnotes":""},"categories":[1617,1614,1621,1615,346,1626,1616,1612,342,1628],"tags":[229,332,81,421,1447,128,733,1240,1111,1106,1193,1191,78,358,439,14,825,218,383],"writer":[1798],"translator":[1491],"source":[],"ilustrador":[],"fotografo":[],"class_list":{"0":"post-19239","1":"post","2":"type-post","3":"status-publish","4":"format-standard","5":"has-post-thumbnail","7":"category-olhonagentrificacao","8":"category-olhonasremocoes","9":"category-destaque","10":"category-cultura-da-favela","11":"category-denuncias","12":"category-por-observadores-internacionais","13":"category-qualidades-da-favela","14":"category-sociedade-civil","15":"category-solucoes","16":"category-turismo-na-favela","17":"tag-cantagalo","18":"tag-complexo-da-mare","19":"tag-cultura","20":"tag-cultura-da-favela","21":"tag-favela-tour","22":"tag-historia","23":"tag-horto","24":"tag-megaeventos","25":"tag-museu","26":"tag-museu-da-mare","27":"tag-museu-de-favela","28":"tag-museu-do-horto","29":"tag-olimpiadas","30":"tag-organizacao-comunitaria","31":"tag-pavao-pavaozinho","32":"tag-remocao","33":"tag-turismo","34":"tag-zona-norte","35":"tag-zona-sul","36":"writer-rhona-mackay","37":"translator-patricia-gomes"},"acf":[],"yoast_head":"<!-- This site is optimized with the Yoast SEO plugin v25.6 - https:\/\/yoast.com\/wordpress\/plugins\/seo\/ -->\n<title>Por Toda Cidade Museus Comunit\u00e1rios Est\u00e3o Sob Amea\u00e7a de Remo\u00e7\u00e3o - RioOnWatch<\/title>\n<meta name=\"robots\" content=\"index, follow, max-snippet:-1, max-image-preview:large, max-video-preview:-1\" \/>\n<link rel=\"canonical\" href=\"https:\/\/rioonwatch.org.br\/?p=19239\" \/>\n<meta property=\"og:locale\" content=\"pt_BR\" \/>\n<meta property=\"og:type\" content=\"article\" \/>\n<meta property=\"og:title\" content=\"Por Toda Cidade Museus Comunit\u00e1rios Est\u00e3o Sob Amea\u00e7a de Remo\u00e7\u00e3o - RioOnWatch\" \/>\n<meta property=\"og:description\" content=\"Click Here for English Os museus comunit\u00e1rios do Rio de Janeiro s\u00e3o muitas vezes desvalorizados, negligenciados e subfinanciados, mas agora, tamb\u00e9m, v\u00e1rios deles est\u00e3o sob amea\u00e7a de remo\u00e7\u00e3o. &#8220;Nesses museus o foco de interesse n\u00e3o [...]\" \/>\n<meta property=\"og:url\" content=\"https:\/\/rioonwatch.org.br\/?p=19239\" \/>\n<meta property=\"og:site_name\" content=\"RioOnWatch\" \/>\n<meta property=\"article:published_time\" content=\"2016-04-22T11:00:31+00:00\" \/>\n<meta property=\"article:modified_time\" content=\"2024-06-20T19:27:42+00:00\" \/>\n<meta property=\"og:image\" content=\"https:\/\/rioonwatch.org.br\/wp-content\/uploads\/2016\/04\/Foto-de-Andre-Gomes-de-Melo-2-scaled.jpg\" \/>\n\t<meta property=\"og:image:width\" content=\"2560\" \/>\n\t<meta property=\"og:image:height\" content=\"1714\" \/>\n\t<meta property=\"og:image:type\" content=\"image\/jpeg\" \/>\n<meta name=\"author\" content=\"Admin\" \/>\n<meta name=\"twitter:card\" content=\"summary_large_image\" \/>\n<meta name=\"twitter:label1\" content=\"Escrito por\" \/>\n\t<meta name=\"twitter:data1\" content=\"Admin\" \/>\n\t<meta name=\"twitter:label2\" content=\"Est. tempo de leitura\" \/>\n\t<meta name=\"twitter:data2\" content=\"8 minutos\" \/>\n<script type=\"application\/ld+json\" class=\"yoast-schema-graph\">{\"@context\":\"https:\/\/schema.org\",\"@graph\":[{\"@type\":\"Article\",\"@id\":\"https:\/\/rioonwatch.org.br\/?p=19239#article\",\"isPartOf\":{\"@id\":\"https:\/\/rioonwatch.org.br\/?p=19239\"},\"author\":{\"name\":\"Admin\",\"@id\":\"https:\/\/rioonwatch.org.br\/#\/schema\/person\/11d64c290506f9df50c71b850c473f68\"},\"headline\":\"Por Toda Cidade Museus Comunit\u00e1rios Est\u00e3o Sob Amea\u00e7a de Remo\u00e7\u00e3o\",\"datePublished\":\"2016-04-22T11:00:31+00:00\",\"dateModified\":\"2024-06-20T19:27:42+00:00\",\"mainEntityOfPage\":{\"@id\":\"https:\/\/rioonwatch.org.br\/?p=19239\"},\"wordCount\":1533,\"publisher\":{\"@id\":\"https:\/\/rioonwatch.org.br\/#organization\"},\"image\":{\"@id\":\"https:\/\/rioonwatch.org.br\/?p=19239#primaryimage\"},\"thumbnailUrl\":\"https:\/\/rioonwatch.org.br\/wp-content\/uploads\/2016\/04\/Foto-de-Andre-Gomes-de-Melo-2-scaled.jpg\",\"keywords\":[\"Cantagalo\",\"Complexo da Mar\u00e9\",\"cultura\",\"cultura da favela\",\"Favela Tours Comunit\u00e1rios\",\"hist\u00f3ria\",\"Horto\",\"Megaeventos\",\"museu\",\"Museu da Mar\u00e9\",\"Museu de Favela\",\"Museu do Horto\",\"Olimp\u00edadas\",\"organiza\u00e7\u00e3o comunit\u00e1ria\",\"Pav\u00e3o-Pav\u00e3ozinho\",\"Remo\u00e7\u00e3o\",\"turismo\",\"Zona Norte\",\"Zona Sul\"],\"articleSection\":[\"#OlhoNaGentrifica\u00e7\u00e3o\",\"#OlhoNasRemo\u00e7\u00f5es\",\"*Destaque\",\"Cultura da Favela\",\"Den\u00fancias\",\"Escrito por Aliados\",\"Qualidades da Favela\",\"Sociedade Civil\",\"Solu\u00e7\u00f5es\",\"Turismo na Favela\"],\"inLanguage\":\"pt-BR\"},{\"@type\":\"WebPage\",\"@id\":\"https:\/\/rioonwatch.org.br\/?p=19239\",\"url\":\"https:\/\/rioonwatch.org.br\/?p=19239\",\"name\":\"Por Toda Cidade Museus Comunit\u00e1rios Est\u00e3o Sob Amea\u00e7a de Remo\u00e7\u00e3o - RioOnWatch\",\"isPartOf\":{\"@id\":\"https:\/\/rioonwatch.org.br\/#website\"},\"primaryImageOfPage\":{\"@id\":\"https:\/\/rioonwatch.org.br\/?p=19239#primaryimage\"},\"image\":{\"@id\":\"https:\/\/rioonwatch.org.br\/?p=19239#primaryimage\"},\"thumbnailUrl\":\"https:\/\/rioonwatch.org.br\/wp-content\/uploads\/2016\/04\/Foto-de-Andre-Gomes-de-Melo-2-scaled.jpg\",\"datePublished\":\"2016-04-22T11:00:31+00:00\",\"dateModified\":\"2024-06-20T19:27:42+00:00\",\"breadcrumb\":{\"@id\":\"https:\/\/rioonwatch.org.br\/?p=19239#breadcrumb\"},\"inLanguage\":\"pt-BR\",\"potentialAction\":[{\"@type\":\"ReadAction\",\"target\":[\"https:\/\/rioonwatch.org.br\/?p=19239\"]}]},{\"@type\":\"ImageObject\",\"inLanguage\":\"pt-BR\",\"@id\":\"https:\/\/rioonwatch.org.br\/?p=19239#primaryimage\",\"url\":\"https:\/\/rioonwatch.org.br\/wp-content\/uploads\/2016\/04\/Foto-de-Andre-Gomes-de-Melo-2-scaled.jpg\",\"contentUrl\":\"https:\/\/rioonwatch.org.br\/wp-content\/uploads\/2016\/04\/Foto-de-Andre-Gomes-de-Melo-2-scaled.jpg\",\"width\":2560,\"height\":1714},{\"@type\":\"BreadcrumbList\",\"@id\":\"https:\/\/rioonwatch.org.br\/?p=19239#breadcrumb\",\"itemListElement\":[{\"@type\":\"ListItem\",\"position\":1,\"name\":\"In\u00edcio\",\"item\":\"https:\/\/rioonwatch.org.br\/\"},{\"@type\":\"ListItem\",\"position\":2,\"name\":\"Por Toda Cidade Museus Comunit\u00e1rios Est\u00e3o Sob Amea\u00e7a de Remo\u00e7\u00e3o\"}]},{\"@type\":\"WebSite\",\"@id\":\"https:\/\/rioonwatch.org.br\/#website\",\"url\":\"https:\/\/rioonwatch.org.br\/\",\"name\":\"RioOnWatch\",\"description\":\"relatos das favelas cariocas\",\"publisher\":{\"@id\":\"https:\/\/rioonwatch.org.br\/#organization\"},\"potentialAction\":[{\"@type\":\"SearchAction\",\"target\":{\"@type\":\"EntryPoint\",\"urlTemplate\":\"https:\/\/rioonwatch.org.br\/?s={search_term_string}\"},\"query-input\":{\"@type\":\"PropertyValueSpecification\",\"valueRequired\":true,\"valueName\":\"search_term_string\"}}],\"inLanguage\":\"pt-BR\"},{\"@type\":\"Organization\",\"@id\":\"https:\/\/rioonwatch.org.br\/#organization\",\"name\":\"RioOnWatch\",\"url\":\"https:\/\/rioonwatch.org.br\/\",\"logo\":{\"@type\":\"ImageObject\",\"inLanguage\":\"pt-BR\",\"@id\":\"https:\/\/rioonwatch.org.br\/#\/schema\/logo\/image\/\",\"url\":\"https:\/\/rioonwatch.org.br\/wp-content\/uploads\/2021\/06\/RioOnWatchcabecalhoPT11anos-2.png\",\"contentUrl\":\"https:\/\/rioonwatch.org.br\/wp-content\/uploads\/2021\/06\/RioOnWatchcabecalhoPT11anos-2.png\",\"width\":779,\"height\":277,\"caption\":\"RioOnWatch\"},\"image\":{\"@id\":\"https:\/\/rioonwatch.org.br\/#\/schema\/logo\/image\/\"}},{\"@type\":\"Person\",\"@id\":\"https:\/\/rioonwatch.org.br\/#\/schema\/person\/11d64c290506f9df50c71b850c473f68\",\"name\":\"Admin\",\"image\":{\"@type\":\"ImageObject\",\"inLanguage\":\"pt-BR\",\"@id\":\"https:\/\/rioonwatch.org.br\/#\/schema\/person\/image\/\",\"url\":\"https:\/\/secure.gravatar.com\/avatar\/56211ac74568383903349a1485e3c325?s=96&d=blank&r=g\",\"contentUrl\":\"https:\/\/secure.gravatar.com\/avatar\/56211ac74568383903349a1485e3c325?s=96&d=blank&r=g\",\"caption\":\"Admin\"},\"url\":\"https:\/\/rioonwatch.org.br\/?author=129\"}]}<\/script>\n<!-- \/ Yoast SEO plugin. -->","yoast_head_json":{"title":"Por Toda Cidade Museus Comunit\u00e1rios Est\u00e3o Sob Amea\u00e7a de Remo\u00e7\u00e3o - RioOnWatch","robots":{"index":"index","follow":"follow","max-snippet":"max-snippet:-1","max-image-preview":"max-image-preview:large","max-video-preview":"max-video-preview:-1"},"canonical":"https:\/\/rioonwatch.org.br\/?p=19239","og_locale":"pt_BR","og_type":"article","og_title":"Por Toda Cidade Museus Comunit\u00e1rios Est\u00e3o Sob Amea\u00e7a de Remo\u00e7\u00e3o - RioOnWatch","og_description":"Click Here for English Os museus comunit\u00e1rios do Rio de Janeiro s\u00e3o muitas vezes desvalorizados, negligenciados e subfinanciados, mas agora, tamb\u00e9m, v\u00e1rios deles est\u00e3o sob amea\u00e7a de remo\u00e7\u00e3o. &#8220;Nesses museus o foco de interesse n\u00e3o [...]","og_url":"https:\/\/rioonwatch.org.br\/?p=19239","og_site_name":"RioOnWatch","article_published_time":"2016-04-22T11:00:31+00:00","article_modified_time":"2024-06-20T19:27:42+00:00","og_image":[{"width":2560,"height":1714,"url":"https:\/\/rioonwatch.org.br\/wp-content\/uploads\/2016\/04\/Foto-de-Andre-Gomes-de-Melo-2-scaled.jpg","type":"image\/jpeg"}],"author":"Admin","twitter_card":"summary_large_image","twitter_misc":{"Escrito por":"Admin","Est. tempo de leitura":"8 minutos"},"schema":{"@context":"https:\/\/schema.org","@graph":[{"@type":"Article","@id":"https:\/\/rioonwatch.org.br\/?p=19239#article","isPartOf":{"@id":"https:\/\/rioonwatch.org.br\/?p=19239"},"author":{"name":"Admin","@id":"https:\/\/rioonwatch.org.br\/#\/schema\/person\/11d64c290506f9df50c71b850c473f68"},"headline":"Por Toda Cidade Museus Comunit\u00e1rios Est\u00e3o Sob Amea\u00e7a de Remo\u00e7\u00e3o","datePublished":"2016-04-22T11:00:31+00:00","dateModified":"2024-06-20T19:27:42+00:00","mainEntityOfPage":{"@id":"https:\/\/rioonwatch.org.br\/?p=19239"},"wordCount":1533,"publisher":{"@id":"https:\/\/rioonwatch.org.br\/#organization"},"image":{"@id":"https:\/\/rioonwatch.org.br\/?p=19239#primaryimage"},"thumbnailUrl":"https:\/\/rioonwatch.org.br\/wp-content\/uploads\/2016\/04\/Foto-de-Andre-Gomes-de-Melo-2-scaled.jpg","keywords":["Cantagalo","Complexo da Mar\u00e9","cultura","cultura da favela","Favela Tours Comunit\u00e1rios","hist\u00f3ria","Horto","Megaeventos","museu","Museu da Mar\u00e9","Museu de Favela","Museu do Horto","Olimp\u00edadas","organiza\u00e7\u00e3o comunit\u00e1ria","Pav\u00e3o-Pav\u00e3ozinho","Remo\u00e7\u00e3o","turismo","Zona Norte","Zona Sul"],"articleSection":["#OlhoNaGentrifica\u00e7\u00e3o","#OlhoNasRemo\u00e7\u00f5es","*Destaque","Cultura da Favela","Den\u00fancias","Escrito por Aliados","Qualidades da Favela","Sociedade Civil","Solu\u00e7\u00f5es","Turismo na Favela"],"inLanguage":"pt-BR"},{"@type":"WebPage","@id":"https:\/\/rioonwatch.org.br\/?p=19239","url":"https:\/\/rioonwatch.org.br\/?p=19239","name":"Por Toda Cidade Museus Comunit\u00e1rios Est\u00e3o Sob Amea\u00e7a de Remo\u00e7\u00e3o - RioOnWatch","isPartOf":{"@id":"https:\/\/rioonwatch.org.br\/#website"},"primaryImageOfPage":{"@id":"https:\/\/rioonwatch.org.br\/?p=19239#primaryimage"},"image":{"@id":"https:\/\/rioonwatch.org.br\/?p=19239#primaryimage"},"thumbnailUrl":"https:\/\/rioonwatch.org.br\/wp-content\/uploads\/2016\/04\/Foto-de-Andre-Gomes-de-Melo-2-scaled.jpg","datePublished":"2016-04-22T11:00:31+00:00","dateModified":"2024-06-20T19:27:42+00:00","breadcrumb":{"@id":"https:\/\/rioonwatch.org.br\/?p=19239#breadcrumb"},"inLanguage":"pt-BR","potentialAction":[{"@type":"ReadAction","target":["https:\/\/rioonwatch.org.br\/?p=19239"]}]},{"@type":"ImageObject","inLanguage":"pt-BR","@id":"https:\/\/rioonwatch.org.br\/?p=19239#primaryimage","url":"https:\/\/rioonwatch.org.br\/wp-content\/uploads\/2016\/04\/Foto-de-Andre-Gomes-de-Melo-2-scaled.jpg","contentUrl":"https:\/\/rioonwatch.org.br\/wp-content\/uploads\/2016\/04\/Foto-de-Andre-Gomes-de-Melo-2-scaled.jpg","width":2560,"height":1714},{"@type":"BreadcrumbList","@id":"https:\/\/rioonwatch.org.br\/?p=19239#breadcrumb","itemListElement":[{"@type":"ListItem","position":1,"name":"In\u00edcio","item":"https:\/\/rioonwatch.org.br\/"},{"@type":"ListItem","position":2,"name":"Por Toda Cidade Museus Comunit\u00e1rios Est\u00e3o Sob Amea\u00e7a de Remo\u00e7\u00e3o"}]},{"@type":"WebSite","@id":"https:\/\/rioonwatch.org.br\/#website","url":"https:\/\/rioonwatch.org.br\/","name":"RioOnWatch","description":"relatos das favelas cariocas","publisher":{"@id":"https:\/\/rioonwatch.org.br\/#organization"},"potentialAction":[{"@type":"SearchAction","target":{"@type":"EntryPoint","urlTemplate":"https:\/\/rioonwatch.org.br\/?s={search_term_string}"},"query-input":{"@type":"PropertyValueSpecification","valueRequired":true,"valueName":"search_term_string"}}],"inLanguage":"pt-BR"},{"@type":"Organization","@id":"https:\/\/rioonwatch.org.br\/#organization","name":"RioOnWatch","url":"https:\/\/rioonwatch.org.br\/","logo":{"@type":"ImageObject","inLanguage":"pt-BR","@id":"https:\/\/rioonwatch.org.br\/#\/schema\/logo\/image\/","url":"https:\/\/rioonwatch.org.br\/wp-content\/uploads\/2021\/06\/RioOnWatchcabecalhoPT11anos-2.png","contentUrl":"https:\/\/rioonwatch.org.br\/wp-content\/uploads\/2021\/06\/RioOnWatchcabecalhoPT11anos-2.png","width":779,"height":277,"caption":"RioOnWatch"},"image":{"@id":"https:\/\/rioonwatch.org.br\/#\/schema\/logo\/image\/"}},{"@type":"Person","@id":"https:\/\/rioonwatch.org.br\/#\/schema\/person\/11d64c290506f9df50c71b850c473f68","name":"Admin","image":{"@type":"ImageObject","inLanguage":"pt-BR","@id":"https:\/\/rioonwatch.org.br\/#\/schema\/person\/image\/","url":"https:\/\/secure.gravatar.com\/avatar\/56211ac74568383903349a1485e3c325?s=96&d=blank&r=g","contentUrl":"https:\/\/secure.gravatar.com\/avatar\/56211ac74568383903349a1485e3c325?s=96&d=blank&r=g","caption":"Admin"},"url":"https:\/\/rioonwatch.org.br\/?author=129"}]}},"_links":{"self":[{"href":"https:\/\/rioonwatch.org.br\/index.php?rest_route=\/wp\/v2\/posts\/19239"}],"collection":[{"href":"https:\/\/rioonwatch.org.br\/index.php?rest_route=\/wp\/v2\/posts"}],"about":[{"href":"https:\/\/rioonwatch.org.br\/index.php?rest_route=\/wp\/v2\/types\/post"}],"author":[{"embeddable":true,"href":"https:\/\/rioonwatch.org.br\/index.php?rest_route=\/wp\/v2\/users\/129"}],"replies":[{"embeddable":true,"href":"https:\/\/rioonwatch.org.br\/index.php?rest_route=%2Fwp%2Fv2%2Fcomments&post=19239"}],"version-history":[{"count":16,"href":"https:\/\/rioonwatch.org.br\/index.php?rest_route=\/wp\/v2\/posts\/19239\/revisions"}],"predecessor-version":[{"id":74220,"href":"https:\/\/rioonwatch.org.br\/index.php?rest_route=\/wp\/v2\/posts\/19239\/revisions\/74220"}],"wp:featuredmedia":[{"embeddable":true,"href":"https:\/\/rioonwatch.org.br\/index.php?rest_route=\/wp\/v2\/media\/19241"}],"wp:attachment":[{"href":"https:\/\/rioonwatch.org.br\/index.php?rest_route=%2Fwp%2Fv2%2Fmedia&parent=19239"}],"wp:term":[{"taxonomy":"category","embeddable":true,"href":"https:\/\/rioonwatch.org.br\/index.php?rest_route=%2Fwp%2Fv2%2Fcategories&post=19239"},{"taxonomy":"post_tag","embeddable":true,"href":"https:\/\/rioonwatch.org.br\/index.php?rest_route=%2Fwp%2Fv2%2Ftags&post=19239"},{"taxonomy":"writer","embeddable":true,"href":"https:\/\/rioonwatch.org.br\/index.php?rest_route=%2Fwp%2Fv2%2Fwriter&post=19239"},{"taxonomy":"translator","embeddable":true,"href":"https:\/\/rioonwatch.org.br\/index.php?rest_route=%2Fwp%2Fv2%2Ftranslator&post=19239"},{"taxonomy":"source","embeddable":true,"href":"https:\/\/rioonwatch.org.br\/index.php?rest_route=%2Fwp%2Fv2%2Fsource&post=19239"},{"taxonomy":"ilustrador","embeddable":true,"href":"https:\/\/rioonwatch.org.br\/index.php?rest_route=%2Fwp%2Fv2%2Filustrador&post=19239"},{"taxonomy":"fotografo","embeddable":true,"href":"https:\/\/rioonwatch.org.br\/index.php?rest_route=%2Fwp%2Fv2%2Ffotografo&post=19239"}],"curies":[{"name":"wp","href":"https:\/\/api.w.org\/{rel}","templated":true}]}}