{"id":19295,"date":"2016-04-25T09:00:25","date_gmt":"2016-04-25T12:00:25","guid":{"rendered":"http:\/\/rioonwatch.org.br\/?p=19295"},"modified":"2016-04-28T16:35:53","modified_gmt":"2016-04-28T19:35:53","slug":"impeachment-um-golpe-contra-a-democracia-opiniao","status":"publish","type":"post","link":"https:\/\/rioonwatch.org.br\/?p=19295","title":{"rendered":"Impeachment: Um Golpe Contra a Democracia [OPINI\u00c3O]"},"content":{"rendered":"<p style=\"text-align: right;\"><em><strong><a href=\"http:\/\/bit.ly\/25UILlv\" target=\"_blank\">Click Here for English<img decoding=\"async\" width=\"20\" height=\"20\" class=\"alignright wp-image-15790\" src=\"http:\/\/rioonwatch.org.br\/wp-content\/uploads\/2012\/08\/EN-standard-e1439583104716.jpg\" alt=\"\" \/><\/a><\/strong><\/em><\/p>\n<p><strong>Esta mat\u00e9ria de Rafael Nicolau faz parte de uma <a href=\"http:\/\/bit.ly\/230MkT1\" target=\"_blank\">s\u00e9rie de cinco mat\u00e9rias de opini\u00e3o sobre o impeachment por comunicadores populares<\/a>\u00a0publicadas no RioOnWatch.<\/strong><\/p>\n<p dir=\"ltr\"><em>Rafael Nicolau, tem 18 anos e \u00e9 morador da Vila da Penha. Desde a educa\u00e7\u00e3o de base frequentou escolas p\u00fablicas, conhecendo desde cedo o drama da educa\u00e7\u00e3o no munic\u00edpio e, posteriormente, no estado do Rio de Janeiro. No ensino m\u00e9dio estudou em um dos melhores col\u00e9gios estaduais, o Col\u00e9gio Estadual Professor Hor\u00e1cio Macedo, o que lhe deu base para ser aprovado na UERJ, onde hoje, n\u00e3o fosse a greve fruto do sucateamento da universidade, deveria estar cursando o primeiro per\u00edodo de Ci\u00eancias Sociais.\u00a0<\/em><em>Vindo de fam\u00edlia humilde, procura mudar n\u00e3o s\u00f3 a pr\u00f3pria realidade, mas a realidade da sociedade.<\/em><\/p>\n<p dir=\"ltr\">A atual conjuntura pol\u00edtica brasileira \u00e9 de envergonhar at\u00e9 o ser mais patriota que vive por essas bandas. \u00c9 um momento crucial, que definir\u00e1 o futuro da na\u00e7\u00e3o.<\/p>\n<p dir=\"ltr\">H\u00e1 oito\u00a0dias foi <a href=\"http:\/\/bbc.in\/1WhQVjt\" target=\"_blank\">votado na C\u00e2mara dos Deputados<\/a> o processo de <a href=\"http:\/\/bit.ly\/1qGTPlU\" target=\"_blank\">impeachment<\/a> que poder\u00e1 tirar \u00e0 for\u00e7a a Presidente Dilma Rousseff. Por\u00e9m, apesar do impeachment estar previsto na constitui\u00e7\u00e3o como um ato legal, nesse caso passou longe da \u00e9tica e da democracia.<\/p>\n<p dir=\"ltr\">Os arquitetos do golpe camuflado de impeachment s\u00e3o <a href=\"http:\/\/bit.ly\/1pqrqiT\" target=\"_blank\">Michel Temer e Eduardo Cunha<\/a>, ambos t\u00eam fichas sujas, acusados por lavagem de dinheiro, enriquecimento il\u00edcito, pagamento de propina, contas na Su\u00ed\u00e7a, etc. Os dois elementos se aproveitaram do momento de crise que vive o pa\u00eds para confundir a cabe\u00e7a de toda uma na\u00e7\u00e3o, e fazer com que o povo apoiasse um golpe de Estado t\u00e3o claro, mas t\u00e3o claro, que cegou um <a href=\"http:\/\/bit.ly\/12hqS0g\" target=\"_blank\">povo sedento por mudan\u00e7as<\/a> e cheio de esperan\u00e7as.<\/p>\n<p dir=\"ltr\">\u00c9 de conhecimento geral que problemas grav\u00edssimos assolam o Brasil nos tempos atuais e, quando o grau mais alto da palavra &#8220;grave&#8221; \u00e9 atingido, sabemos bem do que estamos falando: desemprego crescente, aumento do custo de vida, e sa\u00fade e educa\u00e7\u00e3o prec\u00e1ria. Um misto de acontecimentos que torna ainda mais dif\u00edcil a sobreviv\u00eancia por aqui.<\/p>\n<p dir=\"ltr\">Em meio ao caos quase instalado, \u00e9 muito percept\u00edvel a insatisfa\u00e7\u00e3o da popula\u00e7\u00e3o com o atual governo que, a partir deste momento, se torna uma esp\u00e9cie de po\u00e7o de culpa, onde vai parar a responsabilidade de todos os problemas em territ\u00f3rio nacional, at\u00e9 os que, de fato, n\u00e3o s\u00e3o de seu merecimento.<\/p>\n<p dir=\"ltr\">Neste meio tempo, aparecem dois aproveitadores que percebendo o momento de tens\u00e3o, somado \u00e0 corda que aperta seus pesco\u00e7os como nunca antes havia apertado, vislumbram a oportunidade de trazer o povo para perto de si, e pior, fazendo com que a popula\u00e7\u00e3o apoie o processo para derrubar a presidente.<\/p>\n<p dir=\"ltr\">Por mais que pare\u00e7a t\u00e3o satisfat\u00f3rio quanto dar comida a quem tem fome, o apelo popular, principalmente, da popula\u00e7\u00e3o de baixa renda \u00e9 um grande tiro no p\u00e9, tendo em vista as grandes chances dos postulantes a salvadores da p\u00e1tria largarem os pobres \u00e0s baratas e governarem em fun\u00e7\u00e3o dos ricos.<\/p>\n<p dir=\"ltr\">Depois de d\u00e9cadas lutando por <a href=\"http:\/\/bit.ly\/1WLfndF\" target=\"_blank\">democracia<\/a>, aparecem abutres para virar a mesa de modo que s\u00f3 eles e seus comparsas saiam favorecidos.\u00a0<a href=\"http:\/\/bit.ly\/1VHRIvz\" target=\"_blank\">As falhas deste golpe de Estado<\/a> come\u00e7am a ficar claras quando os tais abutres, mesmo que sejam r\u00e9us num processo de cassa\u00e7\u00e3o de mandato e por diversos outros crimes, organizam um esquema para derrubar a presidente eleita pelo povo numa elei\u00e7\u00e3o, v\u00e1lida e amparada pela lei, sem que a mesma possua culpa em qualquer crime de responsabilidade. O impeachment \u00e9 a \u00fanica sa\u00edda para que Michel Temer e Eduardo Cunha afastem as investiga\u00e7\u00f5es dos crimes j\u00e1 citados neste pequeno dedo de prosa e, finalmente, possam sorrir e viver em liberdade.<\/p>\n<p dir=\"ltr\">O pr\u00f3ximo passo, j\u00e1 que a C\u00e2mara dos Deputados aprovou o pedido de impeachment, \u00e9 a ida do caso para as <a href=\"http:\/\/bit.ly\/22UnJPQ\" target=\"_blank\">m\u00e3os dos senadores<\/a> que, por sua vez, ir\u00e3o discutir se levar\u00e3o adiante e deixar\u00e3o o caso com o Superior Tribunal Federal, que pode afastar a presidente de seu cargo por at\u00e9 180 dias (6 meses). Tempo suficiente para que Temer e Cunha saiam ilesos de investiga\u00e7\u00f5es nada favor\u00e1veis \u00e0 eles.<\/p>\n<!-- AddThis Advanced Settings generic via filter on the_content --><!-- AddThis Share Buttons generic via filter on the_content -->","protected":false},"excerpt":{"rendered":"<div class=\"mh-excerpt\"><p>Click Here for English Esta mat\u00e9ria de Rafael Nicolau faz parte de uma s\u00e9rie de cinco mat\u00e9rias de opini\u00e3o sobre o impeachment por comunicadores populares\u00a0publicadas no RioOnWatch. Rafael Nicolau, tem 18 anos e \u00e9 morador <a class=\"mh-excerpt-more\" href=\"https:\/\/rioonwatch.org.br\/?p=19295\" title=\"Impeachment: Um Golpe Contra a Democracia [OPINI\u00c3O]\">[&#8230;]<\/a><!-- AddThis Advanced Settings generic via filter on get_the_excerpt --><!-- AddThis Share Buttons generic via filter on get_the_excerpt --><\/p>\n<\/div>","protected":false},"author":129,"featured_media":19326,"comment_status":"closed","ping_status":"closed","sticky":false,"template":"","format":"standard","meta":{"_acf_changed":false,"_monsterinsights_skip_tracking":false,"_monsterinsights_sitenote_active":false,"_monsterinsights_sitenote_note":"","_monsterinsights_sitenote_category":0,"footnotes":""},"categories":[1618,1621,1631,1625,1630],"tags":[310,479,1163,1730,1162,1837,1833,307,498,1836,218],"writer":[1829],"translator":[],"source":[],"ilustrador":[],"fotografo":[],"class_list":{"0":"post-19295","1":"post","2":"type-post","3":"status-publish","4":"format-standard","5":"has-post-thumbnail","7":"category-olhonaparticipacao","8":"category-destaque","9":"category-entendendo-o-rio","10":"category-por-correspondentes-comunitarios","11":"category-opiniao","12":"tag-corrupcao","13":"tag-democracia","14":"tag-presidente-dilma-rousseff","15":"tag-eduardo-cunha","16":"tag-governo-federal","17":"tag-impeachment","18":"tag-michel-temer","19":"tag-opiniao","20":"tag-penha","21":"tag-serie-impeachment","22":"tag-zona-norte","23":"writer-rafael-nicolau"},"acf":[],"yoast_head":"<!-- This site is optimized with the Yoast SEO plugin v25.6 - https:\/\/yoast.com\/wordpress\/plugins\/seo\/ -->\n<title>Impeachment: Um Golpe Contra a Democracia [OPINI\u00c3O] - RioOnWatch<\/title>\n<meta name=\"robots\" content=\"index, follow, max-snippet:-1, max-image-preview:large, max-video-preview:-1\" \/>\n<link rel=\"canonical\" href=\"https:\/\/rioonwatch.org.br\/?p=19295\" \/>\n<meta property=\"og:locale\" content=\"pt_BR\" \/>\n<meta property=\"og:type\" content=\"article\" \/>\n<meta property=\"og:title\" content=\"Impeachment: Um Golpe Contra a Democracia [OPINI\u00c3O] - RioOnWatch\" \/>\n<meta property=\"og:description\" content=\"Click Here for English Esta mat\u00e9ria de Rafael Nicolau faz parte de uma s\u00e9rie de cinco mat\u00e9rias de opini\u00e3o sobre o impeachment por comunicadores populares\u00a0publicadas no RioOnWatch. Rafael Nicolau, tem 18 anos e \u00e9 morador [...]\" \/>\n<meta property=\"og:url\" content=\"https:\/\/rioonwatch.org.br\/?p=19295\" \/>\n<meta property=\"og:site_name\" content=\"RioOnWatch\" \/>\n<meta property=\"article:published_time\" content=\"2016-04-25T12:00:25+00:00\" \/>\n<meta property=\"article:modified_time\" content=\"2016-04-28T19:35:53+00:00\" \/>\n<meta property=\"og:image\" content=\"https:\/\/rioonwatch.org.br\/wp-content\/uploads\/2016\/04\/Rafael-Nicolau.jpg\" \/>\n\t<meta property=\"og:image:width\" content=\"602\" \/>\n\t<meta property=\"og:image:height\" content=\"240\" \/>\n\t<meta property=\"og:image:type\" content=\"image\/jpeg\" \/>\n<meta name=\"author\" content=\"Admin\" \/>\n<meta name=\"twitter:card\" content=\"summary_large_image\" \/>\n<meta name=\"twitter:label1\" content=\"Escrito por\" \/>\n\t<meta name=\"twitter:data1\" content=\"Admin\" \/>\n\t<meta name=\"twitter:label2\" content=\"Est. tempo de leitura\" \/>\n\t<meta name=\"twitter:data2\" content=\"4 minutos\" \/>\n<script type=\"application\/ld+json\" class=\"yoast-schema-graph\">{\"@context\":\"https:\/\/schema.org\",\"@graph\":[{\"@type\":\"Article\",\"@id\":\"https:\/\/rioonwatch.org.br\/?p=19295#article\",\"isPartOf\":{\"@id\":\"https:\/\/rioonwatch.org.br\/?p=19295\"},\"author\":{\"name\":\"Admin\",\"@id\":\"https:\/\/rioonwatch.org.br\/#\/schema\/person\/11d64c290506f9df50c71b850c473f68\"},\"headline\":\"Impeachment: Um Golpe Contra a Democracia [OPINI\u00c3O]\",\"datePublished\":\"2016-04-25T12:00:25+00:00\",\"dateModified\":\"2016-04-28T19:35:53+00:00\",\"mainEntityOfPage\":{\"@id\":\"https:\/\/rioonwatch.org.br\/?p=19295\"},\"wordCount\":734,\"publisher\":{\"@id\":\"https:\/\/rioonwatch.org.br\/#organization\"},\"image\":{\"@id\":\"https:\/\/rioonwatch.org.br\/?p=19295#primaryimage\"},\"thumbnailUrl\":\"https:\/\/rioonwatch.org.br\/wp-content\/uploads\/2016\/04\/Rafael-Nicolau.jpg\",\"keywords\":[\"corrup\u00e7\u00e3o\",\"Democracia\",\"Dilma Rousseff\",\"Eduardo Cunha\",\"Governo Federal\",\"impeachment\",\"Michel Temer\",\"opini\u00e3o\",\"Penha\",\"S\u00e9rie: Impeachment\",\"Zona Norte\"],\"articleSection\":[\"#OlhoNaParticipa\u00e7\u00e3o\",\"*Destaque\",\"Entendendo o Rio\",\"Escrito por Comunicadores Populares\",\"Opini\u00e3o\"],\"inLanguage\":\"pt-BR\"},{\"@type\":\"WebPage\",\"@id\":\"https:\/\/rioonwatch.org.br\/?p=19295\",\"url\":\"https:\/\/rioonwatch.org.br\/?p=19295\",\"name\":\"Impeachment: Um Golpe Contra a Democracia [OPINI\u00c3O] - RioOnWatch\",\"isPartOf\":{\"@id\":\"https:\/\/rioonwatch.org.br\/#website\"},\"primaryImageOfPage\":{\"@id\":\"https:\/\/rioonwatch.org.br\/?p=19295#primaryimage\"},\"image\":{\"@id\":\"https:\/\/rioonwatch.org.br\/?p=19295#primaryimage\"},\"thumbnailUrl\":\"https:\/\/rioonwatch.org.br\/wp-content\/uploads\/2016\/04\/Rafael-Nicolau.jpg\",\"datePublished\":\"2016-04-25T12:00:25+00:00\",\"dateModified\":\"2016-04-28T19:35:53+00:00\",\"breadcrumb\":{\"@id\":\"https:\/\/rioonwatch.org.br\/?p=19295#breadcrumb\"},\"inLanguage\":\"pt-BR\",\"potentialAction\":[{\"@type\":\"ReadAction\",\"target\":[\"https:\/\/rioonwatch.org.br\/?p=19295\"]}]},{\"@type\":\"ImageObject\",\"inLanguage\":\"pt-BR\",\"@id\":\"https:\/\/rioonwatch.org.br\/?p=19295#primaryimage\",\"url\":\"https:\/\/rioonwatch.org.br\/wp-content\/uploads\/2016\/04\/Rafael-Nicolau.jpg\",\"contentUrl\":\"https:\/\/rioonwatch.org.br\/wp-content\/uploads\/2016\/04\/Rafael-Nicolau.jpg\",\"width\":602,\"height\":240,\"caption\":\"Rafael Nicolau\"},{\"@type\":\"BreadcrumbList\",\"@id\":\"https:\/\/rioonwatch.org.br\/?p=19295#breadcrumb\",\"itemListElement\":[{\"@type\":\"ListItem\",\"position\":1,\"name\":\"In\u00edcio\",\"item\":\"https:\/\/rioonwatch.org.br\/\"},{\"@type\":\"ListItem\",\"position\":2,\"name\":\"Impeachment: Um Golpe Contra a Democracia [OPINI\u00c3O]\"}]},{\"@type\":\"WebSite\",\"@id\":\"https:\/\/rioonwatch.org.br\/#website\",\"url\":\"https:\/\/rioonwatch.org.br\/\",\"name\":\"RioOnWatch\",\"description\":\"relatos das favelas cariocas\",\"publisher\":{\"@id\":\"https:\/\/rioonwatch.org.br\/#organization\"},\"potentialAction\":[{\"@type\":\"SearchAction\",\"target\":{\"@type\":\"EntryPoint\",\"urlTemplate\":\"https:\/\/rioonwatch.org.br\/?s={search_term_string}\"},\"query-input\":{\"@type\":\"PropertyValueSpecification\",\"valueRequired\":true,\"valueName\":\"search_term_string\"}}],\"inLanguage\":\"pt-BR\"},{\"@type\":\"Organization\",\"@id\":\"https:\/\/rioonwatch.org.br\/#organization\",\"name\":\"RioOnWatch\",\"url\":\"https:\/\/rioonwatch.org.br\/\",\"logo\":{\"@type\":\"ImageObject\",\"inLanguage\":\"pt-BR\",\"@id\":\"https:\/\/rioonwatch.org.br\/#\/schema\/logo\/image\/\",\"url\":\"https:\/\/rioonwatch.org.br\/wp-content\/uploads\/2021\/06\/RioOnWatchcabecalhoPT11anos-2.png\",\"contentUrl\":\"https:\/\/rioonwatch.org.br\/wp-content\/uploads\/2021\/06\/RioOnWatchcabecalhoPT11anos-2.png\",\"width\":779,\"height\":277,\"caption\":\"RioOnWatch\"},\"image\":{\"@id\":\"https:\/\/rioonwatch.org.br\/#\/schema\/logo\/image\/\"}},{\"@type\":\"Person\",\"@id\":\"https:\/\/rioonwatch.org.br\/#\/schema\/person\/11d64c290506f9df50c71b850c473f68\",\"name\":\"Admin\",\"image\":{\"@type\":\"ImageObject\",\"inLanguage\":\"pt-BR\",\"@id\":\"https:\/\/rioonwatch.org.br\/#\/schema\/person\/image\/\",\"url\":\"https:\/\/secure.gravatar.com\/avatar\/56211ac74568383903349a1485e3c325?s=96&d=blank&r=g\",\"contentUrl\":\"https:\/\/secure.gravatar.com\/avatar\/56211ac74568383903349a1485e3c325?s=96&d=blank&r=g\",\"caption\":\"Admin\"},\"url\":\"https:\/\/rioonwatch.org.br\/?author=129\"}]}<\/script>\n<!-- \/ Yoast SEO plugin. -->","yoast_head_json":{"title":"Impeachment: Um Golpe Contra a Democracia [OPINI\u00c3O] - RioOnWatch","robots":{"index":"index","follow":"follow","max-snippet":"max-snippet:-1","max-image-preview":"max-image-preview:large","max-video-preview":"max-video-preview:-1"},"canonical":"https:\/\/rioonwatch.org.br\/?p=19295","og_locale":"pt_BR","og_type":"article","og_title":"Impeachment: Um Golpe Contra a Democracia [OPINI\u00c3O] - RioOnWatch","og_description":"Click Here for English Esta mat\u00e9ria de Rafael Nicolau faz parte de uma s\u00e9rie de cinco mat\u00e9rias de opini\u00e3o sobre o impeachment por comunicadores populares\u00a0publicadas no RioOnWatch. Rafael Nicolau, tem 18 anos e \u00e9 morador [...]","og_url":"https:\/\/rioonwatch.org.br\/?p=19295","og_site_name":"RioOnWatch","article_published_time":"2016-04-25T12:00:25+00:00","article_modified_time":"2016-04-28T19:35:53+00:00","og_image":[{"width":602,"height":240,"url":"https:\/\/rioonwatch.org.br\/wp-content\/uploads\/2016\/04\/Rafael-Nicolau.jpg","type":"image\/jpeg"}],"author":"Admin","twitter_card":"summary_large_image","twitter_misc":{"Escrito por":"Admin","Est. tempo de leitura":"4 minutos"},"schema":{"@context":"https:\/\/schema.org","@graph":[{"@type":"Article","@id":"https:\/\/rioonwatch.org.br\/?p=19295#article","isPartOf":{"@id":"https:\/\/rioonwatch.org.br\/?p=19295"},"author":{"name":"Admin","@id":"https:\/\/rioonwatch.org.br\/#\/schema\/person\/11d64c290506f9df50c71b850c473f68"},"headline":"Impeachment: Um Golpe Contra a Democracia [OPINI\u00c3O]","datePublished":"2016-04-25T12:00:25+00:00","dateModified":"2016-04-28T19:35:53+00:00","mainEntityOfPage":{"@id":"https:\/\/rioonwatch.org.br\/?p=19295"},"wordCount":734,"publisher":{"@id":"https:\/\/rioonwatch.org.br\/#organization"},"image":{"@id":"https:\/\/rioonwatch.org.br\/?p=19295#primaryimage"},"thumbnailUrl":"https:\/\/rioonwatch.org.br\/wp-content\/uploads\/2016\/04\/Rafael-Nicolau.jpg","keywords":["corrup\u00e7\u00e3o","Democracia","Dilma Rousseff","Eduardo Cunha","Governo Federal","impeachment","Michel Temer","opini\u00e3o","Penha","S\u00e9rie: Impeachment","Zona Norte"],"articleSection":["#OlhoNaParticipa\u00e7\u00e3o","*Destaque","Entendendo o Rio","Escrito por Comunicadores Populares","Opini\u00e3o"],"inLanguage":"pt-BR"},{"@type":"WebPage","@id":"https:\/\/rioonwatch.org.br\/?p=19295","url":"https:\/\/rioonwatch.org.br\/?p=19295","name":"Impeachment: Um Golpe Contra a Democracia [OPINI\u00c3O] - RioOnWatch","isPartOf":{"@id":"https:\/\/rioonwatch.org.br\/#website"},"primaryImageOfPage":{"@id":"https:\/\/rioonwatch.org.br\/?p=19295#primaryimage"},"image":{"@id":"https:\/\/rioonwatch.org.br\/?p=19295#primaryimage"},"thumbnailUrl":"https:\/\/rioonwatch.org.br\/wp-content\/uploads\/2016\/04\/Rafael-Nicolau.jpg","datePublished":"2016-04-25T12:00:25+00:00","dateModified":"2016-04-28T19:35:53+00:00","breadcrumb":{"@id":"https:\/\/rioonwatch.org.br\/?p=19295#breadcrumb"},"inLanguage":"pt-BR","potentialAction":[{"@type":"ReadAction","target":["https:\/\/rioonwatch.org.br\/?p=19295"]}]},{"@type":"ImageObject","inLanguage":"pt-BR","@id":"https:\/\/rioonwatch.org.br\/?p=19295#primaryimage","url":"https:\/\/rioonwatch.org.br\/wp-content\/uploads\/2016\/04\/Rafael-Nicolau.jpg","contentUrl":"https:\/\/rioonwatch.org.br\/wp-content\/uploads\/2016\/04\/Rafael-Nicolau.jpg","width":602,"height":240,"caption":"Rafael Nicolau"},{"@type":"BreadcrumbList","@id":"https:\/\/rioonwatch.org.br\/?p=19295#breadcrumb","itemListElement":[{"@type":"ListItem","position":1,"name":"In\u00edcio","item":"https:\/\/rioonwatch.org.br\/"},{"@type":"ListItem","position":2,"name":"Impeachment: Um Golpe Contra a Democracia [OPINI\u00c3O]"}]},{"@type":"WebSite","@id":"https:\/\/rioonwatch.org.br\/#website","url":"https:\/\/rioonwatch.org.br\/","name":"RioOnWatch","description":"relatos das favelas cariocas","publisher":{"@id":"https:\/\/rioonwatch.org.br\/#organization"},"potentialAction":[{"@type":"SearchAction","target":{"@type":"EntryPoint","urlTemplate":"https:\/\/rioonwatch.org.br\/?s={search_term_string}"},"query-input":{"@type":"PropertyValueSpecification","valueRequired":true,"valueName":"search_term_string"}}],"inLanguage":"pt-BR"},{"@type":"Organization","@id":"https:\/\/rioonwatch.org.br\/#organization","name":"RioOnWatch","url":"https:\/\/rioonwatch.org.br\/","logo":{"@type":"ImageObject","inLanguage":"pt-BR","@id":"https:\/\/rioonwatch.org.br\/#\/schema\/logo\/image\/","url":"https:\/\/rioonwatch.org.br\/wp-content\/uploads\/2021\/06\/RioOnWatchcabecalhoPT11anos-2.png","contentUrl":"https:\/\/rioonwatch.org.br\/wp-content\/uploads\/2021\/06\/RioOnWatchcabecalhoPT11anos-2.png","width":779,"height":277,"caption":"RioOnWatch"},"image":{"@id":"https:\/\/rioonwatch.org.br\/#\/schema\/logo\/image\/"}},{"@type":"Person","@id":"https:\/\/rioonwatch.org.br\/#\/schema\/person\/11d64c290506f9df50c71b850c473f68","name":"Admin","image":{"@type":"ImageObject","inLanguage":"pt-BR","@id":"https:\/\/rioonwatch.org.br\/#\/schema\/person\/image\/","url":"https:\/\/secure.gravatar.com\/avatar\/56211ac74568383903349a1485e3c325?s=96&d=blank&r=g","contentUrl":"https:\/\/secure.gravatar.com\/avatar\/56211ac74568383903349a1485e3c325?s=96&d=blank&r=g","caption":"Admin"},"url":"https:\/\/rioonwatch.org.br\/?author=129"}]}},"_links":{"self":[{"href":"https:\/\/rioonwatch.org.br\/index.php?rest_route=\/wp\/v2\/posts\/19295"}],"collection":[{"href":"https:\/\/rioonwatch.org.br\/index.php?rest_route=\/wp\/v2\/posts"}],"about":[{"href":"https:\/\/rioonwatch.org.br\/index.php?rest_route=\/wp\/v2\/types\/post"}],"author":[{"embeddable":true,"href":"https:\/\/rioonwatch.org.br\/index.php?rest_route=\/wp\/v2\/users\/129"}],"replies":[{"embeddable":true,"href":"https:\/\/rioonwatch.org.br\/index.php?rest_route=%2Fwp%2Fv2%2Fcomments&post=19295"}],"version-history":[{"count":18,"href":"https:\/\/rioonwatch.org.br\/index.php?rest_route=\/wp\/v2\/posts\/19295\/revisions"}],"predecessor-version":[{"id":19482,"href":"https:\/\/rioonwatch.org.br\/index.php?rest_route=\/wp\/v2\/posts\/19295\/revisions\/19482"}],"wp:featuredmedia":[{"embeddable":true,"href":"https:\/\/rioonwatch.org.br\/index.php?rest_route=\/wp\/v2\/media\/19326"}],"wp:attachment":[{"href":"https:\/\/rioonwatch.org.br\/index.php?rest_route=%2Fwp%2Fv2%2Fmedia&parent=19295"}],"wp:term":[{"taxonomy":"category","embeddable":true,"href":"https:\/\/rioonwatch.org.br\/index.php?rest_route=%2Fwp%2Fv2%2Fcategories&post=19295"},{"taxonomy":"post_tag","embeddable":true,"href":"https:\/\/rioonwatch.org.br\/index.php?rest_route=%2Fwp%2Fv2%2Ftags&post=19295"},{"taxonomy":"writer","embeddable":true,"href":"https:\/\/rioonwatch.org.br\/index.php?rest_route=%2Fwp%2Fv2%2Fwriter&post=19295"},{"taxonomy":"translator","embeddable":true,"href":"https:\/\/rioonwatch.org.br\/index.php?rest_route=%2Fwp%2Fv2%2Ftranslator&post=19295"},{"taxonomy":"source","embeddable":true,"href":"https:\/\/rioonwatch.org.br\/index.php?rest_route=%2Fwp%2Fv2%2Fsource&post=19295"},{"taxonomy":"ilustrador","embeddable":true,"href":"https:\/\/rioonwatch.org.br\/index.php?rest_route=%2Fwp%2Fv2%2Filustrador&post=19295"},{"taxonomy":"fotografo","embeddable":true,"href":"https:\/\/rioonwatch.org.br\/index.php?rest_route=%2Fwp%2Fv2%2Ffotografo&post=19295"}],"curies":[{"name":"wp","href":"https:\/\/api.w.org\/{rel}","templated":true}]}}