{"id":19343,"date":"2016-04-27T09:00:04","date_gmt":"2016-04-27T12:00:04","guid":{"rendered":"http:\/\/rioonwatch.org.br\/?p=19343"},"modified":"2016-04-28T16:39:48","modified_gmt":"2016-04-28T19:39:48","slug":"estao-roubando-o-pouco-que-conquistamos-opiniao","status":"publish","type":"post","link":"https:\/\/rioonwatch.org.br\/?p=19343","title":{"rendered":"Impeachment: Est\u00e3o Roubando o Pouco que Conquistamos [OPINI\u00c3O]"},"content":{"rendered":"<div>\n<p style=\"text-align: right;\"><em><strong><a href=\"http:\/\/bit.ly\/1NTn6iG\" target=\"_blank\">Click Here for English<img decoding=\"async\" width=\"20\" height=\"20\" class=\"alignright wp-image-15790\" src=\"http:\/\/rioonwatch.org.br\/wp-content\/uploads\/2012\/08\/EN-standard-e1439583104716.jpg\" alt=\"\" \/><\/a><\/strong><\/em><\/p>\n<p><strong>Esta mat\u00e9ria de Cleber Ara\u00fajo Santos faz parte de uma <a href=\"http:\/\/bit.ly\/230MkT1\" target=\"_blank\">s\u00e9rie de cinco mat\u00e9rias de opini\u00e3o sobre o impeachment por comunicadores populares<\/a>\u00a0publicadas no RioOnWatch.<\/strong><\/p>\n<p><em><span class=\"il\">Cleber<\/span> Ara\u00fajo Santos, de 40 anos, foi nascido em Monte Pascoal na Bahia. Hoje, como morador do <a href=\"http:\/\/bit.ly\/U0MiGm\" target=\"_blank\">Complexo do Alem\u00e3o<\/a>, atrav\u00e9s das redes sociais mostra a favela em suas mais diversas formas e momentos.\u00a0Atualmente, divulga fatos di\u00e1rios na <a href=\"http:\/\/on.fb.me\/1RLfjt5\" target=\"_blank\">P\u00e1gina Complexo Alem\u00e3o<\/a> e no <a href=\"http:\/\/on.fb.me\/1HQvL5B\" target=\"_blank\">perfil da Mariluce Mari\u00e1<\/a>, <a href=\"http:\/\/bit.ly\/1LwVyjk\" target=\"_blank\">artista pl\u00e1stica que pinta<\/a> e tem um stand de vendas na esta\u00e7\u00e3o Palmeiras, local esse que recebem pessoas do mundo inteiro e lhes\u00a0possibilita ampliar os contatos e <a href=\"http:\/\/bit.ly\/1LwVyjk\" target=\"_blank\">mostrar a sua\u00a0realidade<\/a>.<\/em><\/p>\n<\/div>\n<p>Sou morador de Favela, vivo no Complexo do Alem\u00e3o e sinto na pele o que \u00e9 viver na periferia.\u00a0Um ambiente hostil e com muitas dificuldades, marcado pela exclus\u00e3o e indiferen\u00e7a social de uma <a href=\"http:\/\/bit.ly\/1Y4mr4h\" target=\"_blank\">cidade partida<\/a> e totalmente <a href=\"http:\/\/bit.ly\/1Swdf8U\" target=\"_blank\">excludente<\/a>.<\/p>\n<p>O Rio de Janeiro tem duas realidades vis\u00edveis ao olho nu, as Favelas e o \u201cAsfalto\u201d, a Zona Rica e a Zona Pobre. A impress\u00e3o que se d\u00e1 \u00e9 que isso \u00e9 super natural, e foi justamente a\u00a0possibilidade disso ser mudado que deve ter incomodado. Com isso foi estudado uma forma de mudar o quadro.<\/p>\n<p>O plano parecia ser bom, feito dentro desse atual governo, pensando em auxiliar os pobres que aqui vivem. Pensaram em fornecer <a href=\"http:\/\/bit.ly\/Y4U9oJ\" target=\"_blank\">habita\u00e7\u00f5es novas<\/a>, em \u201c<a href=\"http:\/\/bit.ly\/R5ueio\" target=\"_blank\">pacificar<\/a>\u201d os locais onde o dom\u00ednio total era das for\u00e7as paralelas, urbanizar os espa\u00e7os, trazendo cultura e a\u00e7\u00f5es sociais que chegamos at\u00e9 a pensar que seriam s\u00e9rias mesmo. Tudo seria concreto e verdadeiro, mas o governo, tanto local quanto do estado do Rio de Janeiro, sedentos de alian\u00e7as com empreiteiras e fome de corrup\u00e7\u00e3o, pois tudo perder, o sonho de milhares de pessoas foram ladeira abaixo literalmente.<\/p>\n<p>Obras ficaram pelo meio do caminho, milh\u00f5es foram desviados e projetos importantes n\u00e3o foram conclu\u00eddos, como por exemplo as casas que foram indenizadas a pre\u00e7os fara\u00f4nicos que n\u00e3o sa\u00edram do lugar, as ruas que deveriam ter sido urbanizadas que nunca sa\u00edram do papel, os espa\u00e7os que receberiam pra\u00e7as de lazer, quadras poliesportivas que nunca chegaram aqui, sem falar que na parte da educa\u00e7\u00e3o, s\u00f3 uma \u00fanica escola foi feita \u00e0s pressas e ainda ficou fora da favela (Escola Estadual Tim Lopes). Tudo isso estava no escopo do\u00a0<a href=\"http:\/\/bit.ly\/NnSmIP\" target=\"_blank\">PAC<\/a>\u00a01\u00a0do governo federal mas com execu\u00e7\u00e3o do governo estadual, com a promessa de ter continuidade com uma segunda etapa do PAC 2. Resumo dessa salada de corrup\u00e7\u00f5es: n\u00e3o conclu\u00edram o PAC 1 e nunca se iniciou o PAC 2, e todos n\u00f3s ficamos privados de ter um pouco do sonho realizado, ver a nossa favela mudar para o melhor.<\/p>\n<p>Agora o mais assustador de todo esse enredo, est\u00e1 sendo a arte da seguran\u00e7a, pois at\u00e9 o presente momento \u00e9 a \u00fanica parte destes investimentos presente aqui, apesar de ter sido\u00a0a mais alardeada e mais falha.<\/p>\n<p>A promessa inicial seria a entrada das <a href=\"http:\/\/bit.ly\/1NN08e8\" target=\"_blank\">tais for\u00e7as de seguran\u00e7a<\/a>. Faria um rescaldo, avaliaria o terreno, traria acima de tudo \u201cpaz\u201d para os moradores e como consequ\u00eancia disso viria em seguida os demais servi\u00e7os p\u00fablicos pelos quais somos carentes aqui, mas pelos quais at\u00e9 hoje estamos esperando e nada. As falhas se acentuaram e cada dia mais aumenta a inseguran\u00e7a local, pois a \u00fanica presen\u00e7a do Estado aqui \u00e9 o bra\u00e7o armado, o bico do fuzil. Muito triste que querem mediar um conflito somente com o fuzil, s\u00f3 se v\u00ea os militares presentes e perdidos no territ\u00f3rio, sem nenhum apoio das demais secretarias adjuntas ao processo da tal \u201cpacifica\u00e7\u00e3o\u201d.<\/p>\n<p>Mediante tudo isso, o pa\u00eds entra em uma grande crise pol\u00edtica, que se iniciou na n\u00e3o fiscaliza\u00e7\u00e3o da distribui\u00e7\u00e3o dessas verbas para essas obras e por conta disso iniciou-se um cataclisma generalizado e como forma de desviar as aten\u00e7\u00f5es dos desvios micros nos estados, come\u00e7ou uma grande farsa de que o Brasil inteiro mergulhou numa crise financeira, mas na verdade foi uma grande crise moral e pol\u00edtica.<\/p>\n<p>Como sempre a corda estoura no lado mais fraco e n\u00f3s estamos \u00e0 merc\u00ea dos interesses escusos e partid\u00e1rios de uma disputa de poder e egos <a href=\"http:\/\/bit.ly\/1MUyOyA\" target=\"_blank\">assistido em rede nacional<\/a>. Eles pensam no coeficiente partid\u00e1rio, nas suas fam\u00edlias, nos interesses pessoais, nos futuros cargos a serem ocupados, menos em n\u00f3s. Uma l\u00e1stima viver assim, n\u00e3o temos nenhum valor para a classe pol\u00edtica brasileira e isso ficou provado no dia da vota\u00e7\u00e3o transmitida ao vivo para todo mundo.<\/p>\n<p>O ponto de vista que observo \u00e9 um parlamento perdido em si mesmo, legisladores obsoletos e anacr\u00f4nicos, dispostos a subtrair a qualquer custo aquilo que \u00e9 nosso. Tiram a nossa esperan\u00e7a e mergulham em nefastas ideologias que nada servem a totalidade dos brasileiros. Vivem com as benesses de um poder que eles n\u00e3o sabem administrar. Com isso est\u00e3o roubando o pouco que conquistamos.<\/p>\n<p>Tudo que temos acompanhado e visto tanto na \u201cgrande m\u00eddia convencional\u201d e por tantos outros ve\u00edculos de comunica\u00e7\u00e3o alternativa, nos d\u00e1 a plena certeza que tudo n\u00e3o passa de um grande golpe para retirar um governo popular que ajudou aos pobres. Da\u00ed os golpistas tomam as r\u00e9deas e voltam a fazer o que j\u00e1 fazem h\u00e1 mais de 500 anos governando esse pa\u00eds: tratar os pobres como escravos que t\u00eam apenas o direito de servi-los. Eles se incomodam de ler um texto de um favelado&#8211;como esse&#8211;de ter pobres escrevendo livros, viajando no mesmo avi\u00e3o, coisas desse tipo, e \u00e9 percept\u00edvel uma grande manipula\u00e7\u00e3o generalizada por ve\u00edculos tradicionais de comunica\u00e7\u00e3o apoiando a tudo isso. E muitos at\u00e9 patrocinando.<\/p>\n<p>Somos Favelados e temos a plena certeza que logo no in\u00edcio o combinado era melhorias nas favelas, era um novo momento. Mas est\u00e3o roubando o pouco que conquistamos, desvirtuando e invertendo e desviando milh\u00f5es que seriam para serem aplicados aqui&#8230;. N\u00f3s chegamos a acreditar que tudo iria mudar.<\/p>\n<p>Fa\u00e7o um apelo aos que conquistaram um pouco de autonomia e voz. Lute em favor da <a href=\"http:\/\/bit.ly\/1WLfndF\" target=\"_blank\">democracia<\/a> e de tudo que \u00e9 nosso.<\/p>\n<!-- AddThis Advanced Settings generic via filter on the_content --><!-- AddThis Share Buttons generic via filter on the_content -->","protected":false},"excerpt":{"rendered":"<div class=\"mh-excerpt\"><p>Click Here for English Esta mat\u00e9ria de Cleber Ara\u00fajo Santos faz parte de uma s\u00e9rie de cinco mat\u00e9rias de opini\u00e3o sobre o impeachment por comunicadores populares\u00a0publicadas no RioOnWatch. Cleber Ara\u00fajo Santos, de 40 anos, foi <a class=\"mh-excerpt-more\" href=\"https:\/\/rioonwatch.org.br\/?p=19343\" title=\"Impeachment: Est\u00e3o Roubando o Pouco que Conquistamos [OPINI\u00c3O]\">[&#8230;]<\/a><!-- AddThis Advanced Settings generic via filter on get_the_excerpt --><!-- AddThis Share Buttons generic via filter on get_the_excerpt --><\/p>\n<\/div>","protected":false},"author":129,"featured_media":19393,"comment_status":"closed","ping_status":"closed","sticky":false,"template":"","format":"standard","meta":{"_acf_changed":false,"_monsterinsights_skip_tracking":false,"_monsterinsights_sitenote_active":false,"_monsterinsights_sitenote_note":"","_monsterinsights_sitenote_category":0,"footnotes":""},"categories":[1618,1631,1625,1630],"tags":[496,217,310,1386,479,1163,316,1162,1837,36,356,672,1836,92,218],"writer":[1284],"translator":[],"source":[],"ilustrador":[],"fotografo":[],"class_list":{"0":"post-19343","1":"post","2":"type-post","3":"status-publish","4":"format-standard","5":"has-post-thumbnail","7":"category-olhonaparticipacao","8":"category-entendendo-o-rio","9":"category-por-correspondentes-comunitarios","10":"category-opiniao","11":"tag-cidade-partida","12":"tag-complexo-do-alemao","13":"tag-corrupcao","14":"tag-critica-a-politica","15":"tag-democracia","16":"tag-presidente-dilma-rousseff","17":"tag-educacao","18":"tag-governo-federal","19":"tag-impeachment","20":"tag-pac","21":"tag-pacificacao","22":"tag-seguranca-publica","23":"tag-serie-impeachment","24":"tag-upp","25":"tag-zona-norte","26":"writer-cleber-araujo"},"acf":[],"yoast_head":"<!-- This site is optimized with the Yoast SEO plugin v25.6 - https:\/\/yoast.com\/wordpress\/plugins\/seo\/ -->\n<title>Impeachment: Est\u00e3o Roubando o Pouco que Conquistamos [OPINI\u00c3O] - RioOnWatch<\/title>\n<meta name=\"robots\" content=\"index, follow, max-snippet:-1, max-image-preview:large, max-video-preview:-1\" \/>\n<link rel=\"canonical\" href=\"https:\/\/rioonwatch.org.br\/?p=19343\" \/>\n<meta property=\"og:locale\" content=\"pt_BR\" \/>\n<meta property=\"og:type\" content=\"article\" \/>\n<meta property=\"og:title\" content=\"Impeachment: Est\u00e3o Roubando o Pouco que Conquistamos [OPINI\u00c3O] - RioOnWatch\" \/>\n<meta property=\"og:description\" content=\"Click Here for English Esta mat\u00e9ria de Cleber Ara\u00fajo Santos faz parte de uma s\u00e9rie de cinco mat\u00e9rias de opini\u00e3o sobre o impeachment por comunicadores populares\u00a0publicadas no RioOnWatch. Cleber Ara\u00fajo Santos, de 40 anos, foi [...]\" \/>\n<meta property=\"og:url\" content=\"https:\/\/rioonwatch.org.br\/?p=19343\" \/>\n<meta property=\"og:site_name\" content=\"RioOnWatch\" \/>\n<meta property=\"article:published_time\" content=\"2016-04-27T12:00:04+00:00\" \/>\n<meta property=\"article:modified_time\" content=\"2016-04-28T19:39:48+00:00\" \/>\n<meta property=\"og:image\" content=\"https:\/\/rioonwatch.org.br\/wp-content\/uploads\/2016\/04\/Cleber-C\u00f3pia-1ok.jpg\" \/>\n\t<meta property=\"og:image:width\" content=\"1002\" \/>\n\t<meta property=\"og:image:height\" content=\"322\" \/>\n\t<meta property=\"og:image:type\" content=\"image\/jpeg\" \/>\n<meta name=\"author\" content=\"Admin\" \/>\n<meta name=\"twitter:card\" content=\"summary_large_image\" \/>\n<meta name=\"twitter:label1\" content=\"Escrito por\" \/>\n\t<meta name=\"twitter:data1\" content=\"Admin\" \/>\n\t<meta name=\"twitter:label2\" content=\"Est. tempo de leitura\" \/>\n\t<meta name=\"twitter:data2\" content=\"5 minutos\" \/>\n<script type=\"application\/ld+json\" class=\"yoast-schema-graph\">{\"@context\":\"https:\/\/schema.org\",\"@graph\":[{\"@type\":\"Article\",\"@id\":\"https:\/\/rioonwatch.org.br\/?p=19343#article\",\"isPartOf\":{\"@id\":\"https:\/\/rioonwatch.org.br\/?p=19343\"},\"author\":{\"name\":\"Admin\",\"@id\":\"https:\/\/rioonwatch.org.br\/#\/schema\/person\/11d64c290506f9df50c71b850c473f68\"},\"headline\":\"Impeachment: Est\u00e3o Roubando o Pouco que Conquistamos [OPINI\u00c3O]\",\"datePublished\":\"2016-04-27T12:00:04+00:00\",\"dateModified\":\"2016-04-28T19:39:48+00:00\",\"mainEntityOfPage\":{\"@id\":\"https:\/\/rioonwatch.org.br\/?p=19343\"},\"wordCount\":1070,\"publisher\":{\"@id\":\"https:\/\/rioonwatch.org.br\/#organization\"},\"image\":{\"@id\":\"https:\/\/rioonwatch.org.br\/?p=19343#primaryimage\"},\"thumbnailUrl\":\"https:\/\/rioonwatch.org.br\/wp-content\/uploads\/2016\/04\/Cleber-C\u00f3pia-1ok.jpg\",\"keywords\":[\"cidade partida\",\"Complexo do Alem\u00e3o\",\"corrup\u00e7\u00e3o\",\"cr\u00edtica \u00e0 pol\u00edtica\",\"Democracia\",\"Dilma Rousseff\",\"educa\u00e7\u00e3o\",\"Governo Federal\",\"impeachment\",\"PAC\",\"pacifica\u00e7\u00e3o\",\"seguran\u00e7a p\u00fablica\",\"S\u00e9rie: Impeachment\",\"UPP\",\"Zona Norte\"],\"articleSection\":[\"#OlhoNaParticipa\u00e7\u00e3o\",\"Entendendo o Rio\",\"Escrito por Comunicadores Populares\",\"Opini\u00e3o\"],\"inLanguage\":\"pt-BR\"},{\"@type\":\"WebPage\",\"@id\":\"https:\/\/rioonwatch.org.br\/?p=19343\",\"url\":\"https:\/\/rioonwatch.org.br\/?p=19343\",\"name\":\"Impeachment: Est\u00e3o Roubando o Pouco que Conquistamos [OPINI\u00c3O] - RioOnWatch\",\"isPartOf\":{\"@id\":\"https:\/\/rioonwatch.org.br\/#website\"},\"primaryImageOfPage\":{\"@id\":\"https:\/\/rioonwatch.org.br\/?p=19343#primaryimage\"},\"image\":{\"@id\":\"https:\/\/rioonwatch.org.br\/?p=19343#primaryimage\"},\"thumbnailUrl\":\"https:\/\/rioonwatch.org.br\/wp-content\/uploads\/2016\/04\/Cleber-C\u00f3pia-1ok.jpg\",\"datePublished\":\"2016-04-27T12:00:04+00:00\",\"dateModified\":\"2016-04-28T19:39:48+00:00\",\"breadcrumb\":{\"@id\":\"https:\/\/rioonwatch.org.br\/?p=19343#breadcrumb\"},\"inLanguage\":\"pt-BR\",\"potentialAction\":[{\"@type\":\"ReadAction\",\"target\":[\"https:\/\/rioonwatch.org.br\/?p=19343\"]}]},{\"@type\":\"ImageObject\",\"inLanguage\":\"pt-BR\",\"@id\":\"https:\/\/rioonwatch.org.br\/?p=19343#primaryimage\",\"url\":\"https:\/\/rioonwatch.org.br\/wp-content\/uploads\/2016\/04\/Cleber-C\u00f3pia-1ok.jpg\",\"contentUrl\":\"https:\/\/rioonwatch.org.br\/wp-content\/uploads\/2016\/04\/Cleber-C\u00f3pia-1ok.jpg\",\"width\":1002,\"height\":322},{\"@type\":\"BreadcrumbList\",\"@id\":\"https:\/\/rioonwatch.org.br\/?p=19343#breadcrumb\",\"itemListElement\":[{\"@type\":\"ListItem\",\"position\":1,\"name\":\"In\u00edcio\",\"item\":\"https:\/\/rioonwatch.org.br\/\"},{\"@type\":\"ListItem\",\"position\":2,\"name\":\"Impeachment: Est\u00e3o Roubando o Pouco que Conquistamos [OPINI\u00c3O]\"}]},{\"@type\":\"WebSite\",\"@id\":\"https:\/\/rioonwatch.org.br\/#website\",\"url\":\"https:\/\/rioonwatch.org.br\/\",\"name\":\"RioOnWatch\",\"description\":\"relatos das favelas cariocas\",\"publisher\":{\"@id\":\"https:\/\/rioonwatch.org.br\/#organization\"},\"potentialAction\":[{\"@type\":\"SearchAction\",\"target\":{\"@type\":\"EntryPoint\",\"urlTemplate\":\"https:\/\/rioonwatch.org.br\/?s={search_term_string}\"},\"query-input\":{\"@type\":\"PropertyValueSpecification\",\"valueRequired\":true,\"valueName\":\"search_term_string\"}}],\"inLanguage\":\"pt-BR\"},{\"@type\":\"Organization\",\"@id\":\"https:\/\/rioonwatch.org.br\/#organization\",\"name\":\"RioOnWatch\",\"url\":\"https:\/\/rioonwatch.org.br\/\",\"logo\":{\"@type\":\"ImageObject\",\"inLanguage\":\"pt-BR\",\"@id\":\"https:\/\/rioonwatch.org.br\/#\/schema\/logo\/image\/\",\"url\":\"https:\/\/rioonwatch.org.br\/wp-content\/uploads\/2021\/06\/RioOnWatchcabecalhoPT11anos-2.png\",\"contentUrl\":\"https:\/\/rioonwatch.org.br\/wp-content\/uploads\/2021\/06\/RioOnWatchcabecalhoPT11anos-2.png\",\"width\":779,\"height\":277,\"caption\":\"RioOnWatch\"},\"image\":{\"@id\":\"https:\/\/rioonwatch.org.br\/#\/schema\/logo\/image\/\"}},{\"@type\":\"Person\",\"@id\":\"https:\/\/rioonwatch.org.br\/#\/schema\/person\/11d64c290506f9df50c71b850c473f68\",\"name\":\"Admin\",\"image\":{\"@type\":\"ImageObject\",\"inLanguage\":\"pt-BR\",\"@id\":\"https:\/\/rioonwatch.org.br\/#\/schema\/person\/image\/\",\"url\":\"https:\/\/secure.gravatar.com\/avatar\/56211ac74568383903349a1485e3c325?s=96&d=blank&r=g\",\"contentUrl\":\"https:\/\/secure.gravatar.com\/avatar\/56211ac74568383903349a1485e3c325?s=96&d=blank&r=g\",\"caption\":\"Admin\"},\"url\":\"https:\/\/rioonwatch.org.br\/?author=129\"}]}<\/script>\n<!-- \/ Yoast SEO plugin. -->","yoast_head_json":{"title":"Impeachment: Est\u00e3o Roubando o Pouco que Conquistamos [OPINI\u00c3O] - RioOnWatch","robots":{"index":"index","follow":"follow","max-snippet":"max-snippet:-1","max-image-preview":"max-image-preview:large","max-video-preview":"max-video-preview:-1"},"canonical":"https:\/\/rioonwatch.org.br\/?p=19343","og_locale":"pt_BR","og_type":"article","og_title":"Impeachment: Est\u00e3o Roubando o Pouco que Conquistamos [OPINI\u00c3O] - RioOnWatch","og_description":"Click Here for English Esta mat\u00e9ria de Cleber Ara\u00fajo Santos faz parte de uma s\u00e9rie de cinco mat\u00e9rias de opini\u00e3o sobre o impeachment por comunicadores populares\u00a0publicadas no RioOnWatch. Cleber Ara\u00fajo Santos, de 40 anos, foi [...]","og_url":"https:\/\/rioonwatch.org.br\/?p=19343","og_site_name":"RioOnWatch","article_published_time":"2016-04-27T12:00:04+00:00","article_modified_time":"2016-04-28T19:39:48+00:00","og_image":[{"width":1002,"height":322,"url":"https:\/\/rioonwatch.org.br\/wp-content\/uploads\/2016\/04\/Cleber-C\u00f3pia-1ok.jpg","type":"image\/jpeg"}],"author":"Admin","twitter_card":"summary_large_image","twitter_misc":{"Escrito por":"Admin","Est. tempo de leitura":"5 minutos"},"schema":{"@context":"https:\/\/schema.org","@graph":[{"@type":"Article","@id":"https:\/\/rioonwatch.org.br\/?p=19343#article","isPartOf":{"@id":"https:\/\/rioonwatch.org.br\/?p=19343"},"author":{"name":"Admin","@id":"https:\/\/rioonwatch.org.br\/#\/schema\/person\/11d64c290506f9df50c71b850c473f68"},"headline":"Impeachment: Est\u00e3o Roubando o Pouco que Conquistamos [OPINI\u00c3O]","datePublished":"2016-04-27T12:00:04+00:00","dateModified":"2016-04-28T19:39:48+00:00","mainEntityOfPage":{"@id":"https:\/\/rioonwatch.org.br\/?p=19343"},"wordCount":1070,"publisher":{"@id":"https:\/\/rioonwatch.org.br\/#organization"},"image":{"@id":"https:\/\/rioonwatch.org.br\/?p=19343#primaryimage"},"thumbnailUrl":"https:\/\/rioonwatch.org.br\/wp-content\/uploads\/2016\/04\/Cleber-C\u00f3pia-1ok.jpg","keywords":["cidade partida","Complexo do Alem\u00e3o","corrup\u00e7\u00e3o","cr\u00edtica \u00e0 pol\u00edtica","Democracia","Dilma Rousseff","educa\u00e7\u00e3o","Governo Federal","impeachment","PAC","pacifica\u00e7\u00e3o","seguran\u00e7a p\u00fablica","S\u00e9rie: Impeachment","UPP","Zona Norte"],"articleSection":["#OlhoNaParticipa\u00e7\u00e3o","Entendendo o Rio","Escrito por Comunicadores Populares","Opini\u00e3o"],"inLanguage":"pt-BR"},{"@type":"WebPage","@id":"https:\/\/rioonwatch.org.br\/?p=19343","url":"https:\/\/rioonwatch.org.br\/?p=19343","name":"Impeachment: Est\u00e3o Roubando o Pouco que Conquistamos [OPINI\u00c3O] - RioOnWatch","isPartOf":{"@id":"https:\/\/rioonwatch.org.br\/#website"},"primaryImageOfPage":{"@id":"https:\/\/rioonwatch.org.br\/?p=19343#primaryimage"},"image":{"@id":"https:\/\/rioonwatch.org.br\/?p=19343#primaryimage"},"thumbnailUrl":"https:\/\/rioonwatch.org.br\/wp-content\/uploads\/2016\/04\/Cleber-C\u00f3pia-1ok.jpg","datePublished":"2016-04-27T12:00:04+00:00","dateModified":"2016-04-28T19:39:48+00:00","breadcrumb":{"@id":"https:\/\/rioonwatch.org.br\/?p=19343#breadcrumb"},"inLanguage":"pt-BR","potentialAction":[{"@type":"ReadAction","target":["https:\/\/rioonwatch.org.br\/?p=19343"]}]},{"@type":"ImageObject","inLanguage":"pt-BR","@id":"https:\/\/rioonwatch.org.br\/?p=19343#primaryimage","url":"https:\/\/rioonwatch.org.br\/wp-content\/uploads\/2016\/04\/Cleber-C\u00f3pia-1ok.jpg","contentUrl":"https:\/\/rioonwatch.org.br\/wp-content\/uploads\/2016\/04\/Cleber-C\u00f3pia-1ok.jpg","width":1002,"height":322},{"@type":"BreadcrumbList","@id":"https:\/\/rioonwatch.org.br\/?p=19343#breadcrumb","itemListElement":[{"@type":"ListItem","position":1,"name":"In\u00edcio","item":"https:\/\/rioonwatch.org.br\/"},{"@type":"ListItem","position":2,"name":"Impeachment: Est\u00e3o Roubando o Pouco que Conquistamos [OPINI\u00c3O]"}]},{"@type":"WebSite","@id":"https:\/\/rioonwatch.org.br\/#website","url":"https:\/\/rioonwatch.org.br\/","name":"RioOnWatch","description":"relatos das favelas cariocas","publisher":{"@id":"https:\/\/rioonwatch.org.br\/#organization"},"potentialAction":[{"@type":"SearchAction","target":{"@type":"EntryPoint","urlTemplate":"https:\/\/rioonwatch.org.br\/?s={search_term_string}"},"query-input":{"@type":"PropertyValueSpecification","valueRequired":true,"valueName":"search_term_string"}}],"inLanguage":"pt-BR"},{"@type":"Organization","@id":"https:\/\/rioonwatch.org.br\/#organization","name":"RioOnWatch","url":"https:\/\/rioonwatch.org.br\/","logo":{"@type":"ImageObject","inLanguage":"pt-BR","@id":"https:\/\/rioonwatch.org.br\/#\/schema\/logo\/image\/","url":"https:\/\/rioonwatch.org.br\/wp-content\/uploads\/2021\/06\/RioOnWatchcabecalhoPT11anos-2.png","contentUrl":"https:\/\/rioonwatch.org.br\/wp-content\/uploads\/2021\/06\/RioOnWatchcabecalhoPT11anos-2.png","width":779,"height":277,"caption":"RioOnWatch"},"image":{"@id":"https:\/\/rioonwatch.org.br\/#\/schema\/logo\/image\/"}},{"@type":"Person","@id":"https:\/\/rioonwatch.org.br\/#\/schema\/person\/11d64c290506f9df50c71b850c473f68","name":"Admin","image":{"@type":"ImageObject","inLanguage":"pt-BR","@id":"https:\/\/rioonwatch.org.br\/#\/schema\/person\/image\/","url":"https:\/\/secure.gravatar.com\/avatar\/56211ac74568383903349a1485e3c325?s=96&d=blank&r=g","contentUrl":"https:\/\/secure.gravatar.com\/avatar\/56211ac74568383903349a1485e3c325?s=96&d=blank&r=g","caption":"Admin"},"url":"https:\/\/rioonwatch.org.br\/?author=129"}]}},"_links":{"self":[{"href":"https:\/\/rioonwatch.org.br\/index.php?rest_route=\/wp\/v2\/posts\/19343"}],"collection":[{"href":"https:\/\/rioonwatch.org.br\/index.php?rest_route=\/wp\/v2\/posts"}],"about":[{"href":"https:\/\/rioonwatch.org.br\/index.php?rest_route=\/wp\/v2\/types\/post"}],"author":[{"embeddable":true,"href":"https:\/\/rioonwatch.org.br\/index.php?rest_route=\/wp\/v2\/users\/129"}],"replies":[{"embeddable":true,"href":"https:\/\/rioonwatch.org.br\/index.php?rest_route=%2Fwp%2Fv2%2Fcomments&post=19343"}],"version-history":[{"count":14,"href":"https:\/\/rioonwatch.org.br\/index.php?rest_route=\/wp\/v2\/posts\/19343\/revisions"}],"predecessor-version":[{"id":19486,"href":"https:\/\/rioonwatch.org.br\/index.php?rest_route=\/wp\/v2\/posts\/19343\/revisions\/19486"}],"wp:featuredmedia":[{"embeddable":true,"href":"https:\/\/rioonwatch.org.br\/index.php?rest_route=\/wp\/v2\/media\/19393"}],"wp:attachment":[{"href":"https:\/\/rioonwatch.org.br\/index.php?rest_route=%2Fwp%2Fv2%2Fmedia&parent=19343"}],"wp:term":[{"taxonomy":"category","embeddable":true,"href":"https:\/\/rioonwatch.org.br\/index.php?rest_route=%2Fwp%2Fv2%2Fcategories&post=19343"},{"taxonomy":"post_tag","embeddable":true,"href":"https:\/\/rioonwatch.org.br\/index.php?rest_route=%2Fwp%2Fv2%2Ftags&post=19343"},{"taxonomy":"writer","embeddable":true,"href":"https:\/\/rioonwatch.org.br\/index.php?rest_route=%2Fwp%2Fv2%2Fwriter&post=19343"},{"taxonomy":"translator","embeddable":true,"href":"https:\/\/rioonwatch.org.br\/index.php?rest_route=%2Fwp%2Fv2%2Ftranslator&post=19343"},{"taxonomy":"source","embeddable":true,"href":"https:\/\/rioonwatch.org.br\/index.php?rest_route=%2Fwp%2Fv2%2Fsource&post=19343"},{"taxonomy":"ilustrador","embeddable":true,"href":"https:\/\/rioonwatch.org.br\/index.php?rest_route=%2Fwp%2Fv2%2Filustrador&post=19343"},{"taxonomy":"fotografo","embeddable":true,"href":"https:\/\/rioonwatch.org.br\/index.php?rest_route=%2Fwp%2Fv2%2Ffotografo&post=19343"}],"curies":[{"name":"wp","href":"https:\/\/api.w.org\/{rel}","templated":true}]}}