{"id":19369,"date":"2016-04-28T08:33:53","date_gmt":"2016-04-28T11:33:53","guid":{"rendered":"http:\/\/rioonwatch.org.br\/?p=19369"},"modified":"2018-07-10T09:49:44","modified_gmt":"2018-07-10T12:49:44","slug":"impeachment-a-realidade-dos-discursos-sem-curso-opiniao","status":"publish","type":"post","link":"https:\/\/rioonwatch.org.br\/?p=19369","title":{"rendered":"Impeachment: A Realidade dos Discursos Sem Curso [OPINI\u00c3O]"},"content":{"rendered":"<p style=\"text-align: right;\"><em><strong><a href=\"http:\/\/bit.ly\/1rkXHtm\" target=\"_blank\" rel=\"noopener\">Click Here for English<img decoding=\"async\" width=\"20\" height=\"20\" class=\"alignright wp-image-15790\" src=\"http:\/\/rioonwatch.org.br\/wp-content\/uploads\/2012\/08\/EN-standard-e1439583104716.jpg\" alt=\"\" \/><\/a><\/strong><\/em><\/p>\n<p><strong>Esta mat\u00e9ria de Tha\u00eds Cavalcante faz parte de uma <a href=\"http:\/\/bit.ly\/230MkT1\" target=\"_blank\" rel=\"noopener\">s\u00e9rie de cinco mat\u00e9rias de opini\u00e3o sobre o impeachment por comunicadores populares<\/a>\u00a0publicadas no RioOnWatch.<\/strong><\/p>\n<div>\n<p><em>Tha\u00eds Cavalcante tem 21 anos, \u00e9 comunicadora comunit\u00e1ria desde 2012 no Complexo\u00a0da Mar\u00e9, lugar onde foi nascida e criada.\u00a0Cursa faculdade de Jornalismo e colabora no Jornal <a href=\"http:\/\/bit.ly\/1mk1XUj\" target=\"_blank\" rel=\"noopener\">O Cidad\u00e3o<\/a> e <a href=\"http:\/\/bit.ly\/2406ySD\" target=\"_blank\" rel=\"noopener\">The Guardian<\/a>.<\/em><\/p>\n<p>Descobri que mais de 300 pol\u00edticos que vi discursar na televis\u00e3o na vota\u00e7\u00e3o\u00a0do impeachment <a href=\"http:\/\/bit.ly\/1VQC5ly\" target=\"_blank\" rel=\"noopener\">n\u00e3o\u00a0foram eleitos por maioria de votos<\/a> e, sim com \u201csobra\u201d de votos do pr\u00f3prio partido. A sensa\u00e7\u00e3o\u00a0de conhecer cada um pela primeira vez atrav\u00e9s do discurso foi assustadora. S\u00f3 percebia\u00a0mentiras, cal\u00fanias e promessas. A noite daquele domingo de abril n\u00e3o era uma noite qualquer.\u00a0Apesar da culpa cair totalmente em cima do Partido dos Trabalhadores, no Congresso Nacional\u00a0temos como maioria de parlamentares, pessoas filiadas ao PMDB. Isso mesmo! Essa sigla\u00a0significa Partido do Movimento Democr\u00e1tico Brasileiro. O que me parece mais piada do que\u00a0realidade. Afinal, em que democracia, meia d\u00fazia de parlamentares tem mais poder que 54\u00a0bilh\u00f5es de votos?<\/p>\n<p>O problema deixou de ser a escolha de lado pol\u00edtico. Agora temos que lutar por direitos. O direito do voto\u00a0e ao respeito \u00e0 constitui\u00e7\u00e3o (ultrapassada inclusive). N\u00e3o h\u00e1 justi\u00e7a no processo em que <a href=\"http:\/\/bit.ly\/1Wog4cj\" target=\"_blank\" rel=\"noopener\">um\u00a0acusado acusa o outro<\/a>. N\u00e3o precisamos de promessas. Precisamos de atua\u00e7\u00e3o. Digo isso porque j\u00e1 fui beneficiada pelo at\u00e9 ent\u00e3o, atual partido.<\/p>\n<p>Al\u00e9m de <a href=\"http:\/\/bit.ly\/23431gx\" target=\"_blank\" rel=\"noopener\">tirar milhares de pessoas da pobreza<\/a>, a aplica\u00e7\u00e3o de programas sociais envolvendo a\u00a0<a href=\"http:\/\/bit.ly\/1acNApR\" target=\"_blank\" rel=\"noopener\">educa\u00e7\u00e3o<\/a>, <a href=\"http:\/\/bit.ly\/1kzUmMv\" target=\"_blank\" rel=\"noopener\">sa\u00fade<\/a> e <a href=\"http:\/\/bit.ly\/1wcf1Pv\" target=\"_blank\" rel=\"noopener\">esporte<\/a>\u00a0impactou jovens e fam\u00edlias. Eu vi isso. \u00c9 obriga\u00e7\u00e3o constitucional\u00a0o cumprimento de leis que estimulem o crescimento e desenvolvimento do pa\u00eds. Por isso \u00e9\u00a0importante reconhecer os impactos, mas lembrar que isso n\u00e3o \u00e9 um apoio ao partido e sim\u00a0m\u00edsera coer\u00eancia. Em algum momento n\u00f3s ir\u00edamos receber isso. Demorou mas chegou.\u00a0Fui beneficiada diversas vezes por programas sociais ao decorrer da gest\u00e3o do atual governo.\u00a0N\u00e3o tenho vergonha de admitir isso.\u00a0Recebi <a href=\"http:\/\/bit.ly\/1dSAOnQ\" target=\"_blank\" rel=\"noopener\">Bolsa Fam\u00edlia<\/a>\u00a0quando estudava em escola municipal, bolsa de estudos para aprender fotografia atrav\u00e9s do Programa Nacional de Acesso ao Ensino T\u00e9cnico e Emprego\u00a0(<a href=\"http:\/\/glo.bo\/1pCnMCO\" target=\"_blank\" rel=\"noopener\">PRONATEC<\/a>), bolsa para estudar ingl\u00eas b\u00e1sico atrav\u00e9s do Programa Senac Gratuidade (<a href=\"http:\/\/bit.ly\/1UfjqhE\" target=\"_blank\" rel=\"noopener\">PSG<\/a>),\u00a0bolsa para cursar gradua\u00e7\u00e3o em Jornalismo atrav\u00e9s do Programa Universidade para Todos\u00a0(<a href=\"http:\/\/bit.ly\/1XVeBJz\" target=\"_blank\" rel=\"noopener\">PROUNI<\/a>) e tamb\u00e9m tenho direito ao Rio Card Universit\u00e1rio, cart\u00e3o com passagens gratuitas\u00a0para ir e voltar da faculdade.<\/p>\n<p>Isso tudo representa algumas\u00a0das oportunidades que recebi por n\u00e3o ter condi\u00e7\u00f5es financeiras para\u00a0estudar. A educa\u00e7\u00e3o p\u00fablica foi o que transformou meu pensamento cr\u00edtico e aumentou meu\u00a0desejo por mudan\u00e7a. Por isso, seria hipocrisia simplesmente criticar o governo atual por seus\u00a0feitos ou mal efeitos, como a maioria dos deputados fizeram no domingo dia 17.<\/p>\n<p>Meus pais t\u00eam o ensino fundamental incompleto. Trabalhar na ro\u00e7a exigiu muito tempo e\u00a0esfor\u00e7o, o que fez com que sa\u00edssem da escola e se dedicassem totalmente ao sustento da\u00a0casa. A decis\u00e3o de mudar para o Rio de Janeiro tamb\u00e9m envolveu o meu futuro, apesar do meu\u00a0nascimento n\u00e3o ter sido planejado. Eu tenho benef\u00edcios que, se vivesse a realidade distante\u00a0do\u00a0nordeste, provavelmente n\u00e3o teria. Mas a luta de melhorar o ensino p\u00fablico \u00e9\u00a0imensa. Quanto mais ganhava oportunidade para receber conhecimento, mais eu entrava nesse\u00a0universo de aprender e querer compartilhar o que aprendi. Hoje\u00a0<a href=\"http:\/\/bit.ly\/1MsQlqI\" target=\"_blank\" rel=\"noopener\">comunico<\/a>\u00a0para informar e tamb\u00e9m para formar, dou palestras e at\u00e9 ensino. O sentimento que tenho \u00e9 s\u00f3\u00a0gratid\u00e3o.<\/p>\n<p>N\u00e3o \u00e9 justo se apropriar de feitos pol\u00edticos que dizem respeito ao pobre e n\u00e3o \u00e0 classe\u00a0m\u00e9dia\/alta. S\u00f3 sei que entre a <a href=\"http:\/\/bit.ly\/1WLfndF\" target=\"_blank\" rel=\"noopener\">democracia<\/a> e a <a href=\"http:\/\/bit.ly\/1nQlHQA\" target=\"_blank\" rel=\"noopener\">ditadura<\/a>, os brasileiros j\u00e1 decidiram h\u00e1 tempos.<\/p>\n<p><em>A jornalista\u00a0comunit\u00e1ria <a href=\"http:\/\/bit.ly\/1RLfvW3\" target=\"_blank\" rel=\"noopener\">Tha\u00eds Cavalcante<\/a>\u00a0foi nascida e criada na Nova Holanda, uma das favelas da Mar\u00e9. Ao atuar como comunicadora comunit\u00e1ria em sua comunidade, decidiu cursar jornalismo na universidade e acredita no poder da informa\u00e7\u00e3o para mudar para melhor sua realidade.<\/em><\/p>\n<\/div>\n<!-- AddThis Advanced Settings generic via filter on the_content --><!-- AddThis Share Buttons generic via filter on the_content -->","protected":false},"excerpt":{"rendered":"<div class=\"mh-excerpt\"><p>Click Here for English Esta mat\u00e9ria de Tha\u00eds Cavalcante faz parte de uma s\u00e9rie de cinco mat\u00e9rias de opini\u00e3o sobre o impeachment por comunicadores populares\u00a0publicadas no RioOnWatch. Tha\u00eds Cavalcante tem 21 anos, \u00e9 comunicadora comunit\u00e1ria <a class=\"mh-excerpt-more\" href=\"https:\/\/rioonwatch.org.br\/?p=19369\" title=\"Impeachment: A Realidade dos Discursos Sem Curso [OPINI\u00c3O]\">[&#8230;]<\/a><!-- AddThis Advanced Settings generic via filter on get_the_excerpt --><!-- AddThis Share Buttons generic via filter on get_the_excerpt --><\/p>\n<\/div>","protected":false},"author":129,"featured_media":19374,"comment_status":"closed","ping_status":"closed","sticky":false,"template":"","format":"standard","meta":{"_acf_changed":false,"_monsterinsights_skip_tracking":false,"_monsterinsights_sitenote_active":false,"_monsterinsights_sitenote_note":"","_monsterinsights_sitenote_category":0,"footnotes":""},"categories":[1621,1631,1625,1630,344],"tags":[2402,893,332,310,479,1454,316,457,688,1162,1837,307,1839,1033,1840,1836,239],"writer":[1294],"translator":[],"source":[],"ilustrador":[],"fotografo":[],"class_list":{"0":"post-19369","1":"post","2":"type-post","3":"status-publish","4":"format-standard","5":"has-post-thumbnail","7":"category-destaque","8":"category-entendendo-o-rio","9":"category-por-correspondentes-comunitarios","10":"category-opiniao","11":"category-politicas","12":"tag-acesso-a-universidade","13":"tag-bolsa-familia","14":"tag-complexo-da-mare","15":"tag-corrupcao","16":"tag-democracia","17":"tag-direito-a-comunicacao","18":"tag-educacao","19":"tag-eleicoes","20":"tag-empoderamento","21":"tag-governo-federal","22":"tag-impeachment","23":"tag-opiniao","24":"tag-pmdb","25":"tag-politica","26":"tag-pt","27":"tag-serie-impeachment","28":"tag-universidade","29":"writer-thais-cavalcante"},"acf":[],"yoast_head":"<!-- This site is optimized with the Yoast SEO plugin v25.6 - https:\/\/yoast.com\/wordpress\/plugins\/seo\/ -->\n<title>Impeachment: A Realidade dos Discursos Sem Curso [OPINI\u00c3O] - RioOnWatch<\/title>\n<meta name=\"robots\" content=\"index, follow, max-snippet:-1, max-image-preview:large, max-video-preview:-1\" \/>\n<link rel=\"canonical\" href=\"https:\/\/rioonwatch.org.br\/?p=19369\" \/>\n<meta property=\"og:locale\" content=\"pt_BR\" \/>\n<meta property=\"og:type\" content=\"article\" \/>\n<meta property=\"og:title\" content=\"Impeachment: A Realidade dos Discursos Sem Curso [OPINI\u00c3O] - RioOnWatch\" \/>\n<meta property=\"og:description\" content=\"Click Here for English Esta mat\u00e9ria de Tha\u00eds Cavalcante faz parte de uma s\u00e9rie de cinco mat\u00e9rias de opini\u00e3o sobre o impeachment por comunicadores populares\u00a0publicadas no RioOnWatch. Tha\u00eds Cavalcante tem 21 anos, \u00e9 comunicadora comunit\u00e1ria [...]\" \/>\n<meta property=\"og:url\" content=\"https:\/\/rioonwatch.org.br\/?p=19369\" \/>\n<meta property=\"og:site_name\" content=\"RioOnWatch\" \/>\n<meta property=\"article:published_time\" content=\"2016-04-28T11:33:53+00:00\" \/>\n<meta property=\"article:modified_time\" content=\"2018-07-10T12:49:44+00:00\" \/>\n<meta property=\"og:image\" content=\"https:\/\/rioonwatch.org.br\/wp-content\/uploads\/2016\/04\/DSC0006-1.jpg\" \/>\n\t<meta property=\"og:image:width\" content=\"1500\" \/>\n\t<meta property=\"og:image:height\" content=\"996\" \/>\n\t<meta property=\"og:image:type\" content=\"image\/jpeg\" \/>\n<meta name=\"author\" content=\"Admin\" \/>\n<meta name=\"twitter:card\" content=\"summary_large_image\" \/>\n<meta name=\"twitter:label1\" content=\"Escrito por\" \/>\n\t<meta name=\"twitter:data1\" content=\"Admin\" \/>\n\t<meta name=\"twitter:label2\" content=\"Est. tempo de leitura\" \/>\n\t<meta name=\"twitter:data2\" content=\"4 minutos\" \/>\n<script type=\"application\/ld+json\" class=\"yoast-schema-graph\">{\"@context\":\"https:\/\/schema.org\",\"@graph\":[{\"@type\":\"Article\",\"@id\":\"https:\/\/rioonwatch.org.br\/?p=19369#article\",\"isPartOf\":{\"@id\":\"https:\/\/rioonwatch.org.br\/?p=19369\"},\"author\":{\"name\":\"Admin\",\"@id\":\"https:\/\/rioonwatch.org.br\/#\/schema\/person\/11d64c290506f9df50c71b850c473f68\"},\"headline\":\"Impeachment: A Realidade dos Discursos Sem Curso [OPINI\u00c3O]\",\"datePublished\":\"2016-04-28T11:33:53+00:00\",\"dateModified\":\"2018-07-10T12:49:44+00:00\",\"mainEntityOfPage\":{\"@id\":\"https:\/\/rioonwatch.org.br\/?p=19369\"},\"wordCount\":720,\"publisher\":{\"@id\":\"https:\/\/rioonwatch.org.br\/#organization\"},\"image\":{\"@id\":\"https:\/\/rioonwatch.org.br\/?p=19369#primaryimage\"},\"thumbnailUrl\":\"https:\/\/rioonwatch.org.br\/wp-content\/uploads\/2016\/04\/DSC0006-1.jpg\",\"keywords\":[\"acesso \u00e0 universidade\",\"Bolsa Fam\u00edlia\",\"Complexo da Mar\u00e9\",\"corrup\u00e7\u00e3o\",\"Democracia\",\"direito \u00e0 comunica\u00e7\u00e3o\",\"educa\u00e7\u00e3o\",\"Elei\u00e7\u00f5es\",\"empoderamento\",\"Governo Federal\",\"impeachment\",\"opini\u00e3o\",\"PMDB\",\"pol\u00edtica\",\"PT\",\"S\u00e9rie: Impeachment\",\"universidade\"],\"articleSection\":[\"*Destaque\",\"Entendendo o Rio\",\"Escrito por Comunicadores Populares\",\"Opini\u00e3o\",\"Pol\u00edticas\"],\"inLanguage\":\"pt-BR\"},{\"@type\":\"WebPage\",\"@id\":\"https:\/\/rioonwatch.org.br\/?p=19369\",\"url\":\"https:\/\/rioonwatch.org.br\/?p=19369\",\"name\":\"Impeachment: A Realidade dos Discursos Sem Curso [OPINI\u00c3O] - RioOnWatch\",\"isPartOf\":{\"@id\":\"https:\/\/rioonwatch.org.br\/#website\"},\"primaryImageOfPage\":{\"@id\":\"https:\/\/rioonwatch.org.br\/?p=19369#primaryimage\"},\"image\":{\"@id\":\"https:\/\/rioonwatch.org.br\/?p=19369#primaryimage\"},\"thumbnailUrl\":\"https:\/\/rioonwatch.org.br\/wp-content\/uploads\/2016\/04\/DSC0006-1.jpg\",\"datePublished\":\"2016-04-28T11:33:53+00:00\",\"dateModified\":\"2018-07-10T12:49:44+00:00\",\"breadcrumb\":{\"@id\":\"https:\/\/rioonwatch.org.br\/?p=19369#breadcrumb\"},\"inLanguage\":\"pt-BR\",\"potentialAction\":[{\"@type\":\"ReadAction\",\"target\":[\"https:\/\/rioonwatch.org.br\/?p=19369\"]}]},{\"@type\":\"ImageObject\",\"inLanguage\":\"pt-BR\",\"@id\":\"https:\/\/rioonwatch.org.br\/?p=19369#primaryimage\",\"url\":\"https:\/\/rioonwatch.org.br\/wp-content\/uploads\/2016\/04\/DSC0006-1.jpg\",\"contentUrl\":\"https:\/\/rioonwatch.org.br\/wp-content\/uploads\/2016\/04\/DSC0006-1.jpg\",\"width\":1500,\"height\":996},{\"@type\":\"BreadcrumbList\",\"@id\":\"https:\/\/rioonwatch.org.br\/?p=19369#breadcrumb\",\"itemListElement\":[{\"@type\":\"ListItem\",\"position\":1,\"name\":\"In\u00edcio\",\"item\":\"https:\/\/rioonwatch.org.br\/\"},{\"@type\":\"ListItem\",\"position\":2,\"name\":\"Impeachment: A Realidade dos Discursos Sem Curso [OPINI\u00c3O]\"}]},{\"@type\":\"WebSite\",\"@id\":\"https:\/\/rioonwatch.org.br\/#website\",\"url\":\"https:\/\/rioonwatch.org.br\/\",\"name\":\"RioOnWatch\",\"description\":\"relatos das favelas cariocas\",\"publisher\":{\"@id\":\"https:\/\/rioonwatch.org.br\/#organization\"},\"potentialAction\":[{\"@type\":\"SearchAction\",\"target\":{\"@type\":\"EntryPoint\",\"urlTemplate\":\"https:\/\/rioonwatch.org.br\/?s={search_term_string}\"},\"query-input\":{\"@type\":\"PropertyValueSpecification\",\"valueRequired\":true,\"valueName\":\"search_term_string\"}}],\"inLanguage\":\"pt-BR\"},{\"@type\":\"Organization\",\"@id\":\"https:\/\/rioonwatch.org.br\/#organization\",\"name\":\"RioOnWatch\",\"url\":\"https:\/\/rioonwatch.org.br\/\",\"logo\":{\"@type\":\"ImageObject\",\"inLanguage\":\"pt-BR\",\"@id\":\"https:\/\/rioonwatch.org.br\/#\/schema\/logo\/image\/\",\"url\":\"https:\/\/rioonwatch.org.br\/wp-content\/uploads\/2021\/06\/RioOnWatchcabecalhoPT11anos-2.png\",\"contentUrl\":\"https:\/\/rioonwatch.org.br\/wp-content\/uploads\/2021\/06\/RioOnWatchcabecalhoPT11anos-2.png\",\"width\":779,\"height\":277,\"caption\":\"RioOnWatch\"},\"image\":{\"@id\":\"https:\/\/rioonwatch.org.br\/#\/schema\/logo\/image\/\"}},{\"@type\":\"Person\",\"@id\":\"https:\/\/rioonwatch.org.br\/#\/schema\/person\/11d64c290506f9df50c71b850c473f68\",\"name\":\"Admin\",\"image\":{\"@type\":\"ImageObject\",\"inLanguage\":\"pt-BR\",\"@id\":\"https:\/\/rioonwatch.org.br\/#\/schema\/person\/image\/\",\"url\":\"https:\/\/secure.gravatar.com\/avatar\/56211ac74568383903349a1485e3c325?s=96&d=blank&r=g\",\"contentUrl\":\"https:\/\/secure.gravatar.com\/avatar\/56211ac74568383903349a1485e3c325?s=96&d=blank&r=g\",\"caption\":\"Admin\"},\"url\":\"https:\/\/rioonwatch.org.br\/?author=129\"}]}<\/script>\n<!-- \/ Yoast SEO plugin. -->","yoast_head_json":{"title":"Impeachment: A Realidade dos Discursos Sem Curso [OPINI\u00c3O] - RioOnWatch","robots":{"index":"index","follow":"follow","max-snippet":"max-snippet:-1","max-image-preview":"max-image-preview:large","max-video-preview":"max-video-preview:-1"},"canonical":"https:\/\/rioonwatch.org.br\/?p=19369","og_locale":"pt_BR","og_type":"article","og_title":"Impeachment: A Realidade dos Discursos Sem Curso [OPINI\u00c3O] - RioOnWatch","og_description":"Click Here for English Esta mat\u00e9ria de Tha\u00eds Cavalcante faz parte de uma s\u00e9rie de cinco mat\u00e9rias de opini\u00e3o sobre o impeachment por comunicadores populares\u00a0publicadas no RioOnWatch. Tha\u00eds Cavalcante tem 21 anos, \u00e9 comunicadora comunit\u00e1ria [...]","og_url":"https:\/\/rioonwatch.org.br\/?p=19369","og_site_name":"RioOnWatch","article_published_time":"2016-04-28T11:33:53+00:00","article_modified_time":"2018-07-10T12:49:44+00:00","og_image":[{"width":1500,"height":996,"url":"https:\/\/rioonwatch.org.br\/wp-content\/uploads\/2016\/04\/DSC0006-1.jpg","type":"image\/jpeg"}],"author":"Admin","twitter_card":"summary_large_image","twitter_misc":{"Escrito por":"Admin","Est. tempo de leitura":"4 minutos"},"schema":{"@context":"https:\/\/schema.org","@graph":[{"@type":"Article","@id":"https:\/\/rioonwatch.org.br\/?p=19369#article","isPartOf":{"@id":"https:\/\/rioonwatch.org.br\/?p=19369"},"author":{"name":"Admin","@id":"https:\/\/rioonwatch.org.br\/#\/schema\/person\/11d64c290506f9df50c71b850c473f68"},"headline":"Impeachment: A Realidade dos Discursos Sem Curso [OPINI\u00c3O]","datePublished":"2016-04-28T11:33:53+00:00","dateModified":"2018-07-10T12:49:44+00:00","mainEntityOfPage":{"@id":"https:\/\/rioonwatch.org.br\/?p=19369"},"wordCount":720,"publisher":{"@id":"https:\/\/rioonwatch.org.br\/#organization"},"image":{"@id":"https:\/\/rioonwatch.org.br\/?p=19369#primaryimage"},"thumbnailUrl":"https:\/\/rioonwatch.org.br\/wp-content\/uploads\/2016\/04\/DSC0006-1.jpg","keywords":["acesso \u00e0 universidade","Bolsa Fam\u00edlia","Complexo da Mar\u00e9","corrup\u00e7\u00e3o","Democracia","direito \u00e0 comunica\u00e7\u00e3o","educa\u00e7\u00e3o","Elei\u00e7\u00f5es","empoderamento","Governo Federal","impeachment","opini\u00e3o","PMDB","pol\u00edtica","PT","S\u00e9rie: Impeachment","universidade"],"articleSection":["*Destaque","Entendendo o Rio","Escrito por Comunicadores Populares","Opini\u00e3o","Pol\u00edticas"],"inLanguage":"pt-BR"},{"@type":"WebPage","@id":"https:\/\/rioonwatch.org.br\/?p=19369","url":"https:\/\/rioonwatch.org.br\/?p=19369","name":"Impeachment: A Realidade dos Discursos Sem Curso [OPINI\u00c3O] - RioOnWatch","isPartOf":{"@id":"https:\/\/rioonwatch.org.br\/#website"},"primaryImageOfPage":{"@id":"https:\/\/rioonwatch.org.br\/?p=19369#primaryimage"},"image":{"@id":"https:\/\/rioonwatch.org.br\/?p=19369#primaryimage"},"thumbnailUrl":"https:\/\/rioonwatch.org.br\/wp-content\/uploads\/2016\/04\/DSC0006-1.jpg","datePublished":"2016-04-28T11:33:53+00:00","dateModified":"2018-07-10T12:49:44+00:00","breadcrumb":{"@id":"https:\/\/rioonwatch.org.br\/?p=19369#breadcrumb"},"inLanguage":"pt-BR","potentialAction":[{"@type":"ReadAction","target":["https:\/\/rioonwatch.org.br\/?p=19369"]}]},{"@type":"ImageObject","inLanguage":"pt-BR","@id":"https:\/\/rioonwatch.org.br\/?p=19369#primaryimage","url":"https:\/\/rioonwatch.org.br\/wp-content\/uploads\/2016\/04\/DSC0006-1.jpg","contentUrl":"https:\/\/rioonwatch.org.br\/wp-content\/uploads\/2016\/04\/DSC0006-1.jpg","width":1500,"height":996},{"@type":"BreadcrumbList","@id":"https:\/\/rioonwatch.org.br\/?p=19369#breadcrumb","itemListElement":[{"@type":"ListItem","position":1,"name":"In\u00edcio","item":"https:\/\/rioonwatch.org.br\/"},{"@type":"ListItem","position":2,"name":"Impeachment: A Realidade dos Discursos Sem Curso [OPINI\u00c3O]"}]},{"@type":"WebSite","@id":"https:\/\/rioonwatch.org.br\/#website","url":"https:\/\/rioonwatch.org.br\/","name":"RioOnWatch","description":"relatos das favelas cariocas","publisher":{"@id":"https:\/\/rioonwatch.org.br\/#organization"},"potentialAction":[{"@type":"SearchAction","target":{"@type":"EntryPoint","urlTemplate":"https:\/\/rioonwatch.org.br\/?s={search_term_string}"},"query-input":{"@type":"PropertyValueSpecification","valueRequired":true,"valueName":"search_term_string"}}],"inLanguage":"pt-BR"},{"@type":"Organization","@id":"https:\/\/rioonwatch.org.br\/#organization","name":"RioOnWatch","url":"https:\/\/rioonwatch.org.br\/","logo":{"@type":"ImageObject","inLanguage":"pt-BR","@id":"https:\/\/rioonwatch.org.br\/#\/schema\/logo\/image\/","url":"https:\/\/rioonwatch.org.br\/wp-content\/uploads\/2021\/06\/RioOnWatchcabecalhoPT11anos-2.png","contentUrl":"https:\/\/rioonwatch.org.br\/wp-content\/uploads\/2021\/06\/RioOnWatchcabecalhoPT11anos-2.png","width":779,"height":277,"caption":"RioOnWatch"},"image":{"@id":"https:\/\/rioonwatch.org.br\/#\/schema\/logo\/image\/"}},{"@type":"Person","@id":"https:\/\/rioonwatch.org.br\/#\/schema\/person\/11d64c290506f9df50c71b850c473f68","name":"Admin","image":{"@type":"ImageObject","inLanguage":"pt-BR","@id":"https:\/\/rioonwatch.org.br\/#\/schema\/person\/image\/","url":"https:\/\/secure.gravatar.com\/avatar\/56211ac74568383903349a1485e3c325?s=96&d=blank&r=g","contentUrl":"https:\/\/secure.gravatar.com\/avatar\/56211ac74568383903349a1485e3c325?s=96&d=blank&r=g","caption":"Admin"},"url":"https:\/\/rioonwatch.org.br\/?author=129"}]}},"_links":{"self":[{"href":"https:\/\/rioonwatch.org.br\/index.php?rest_route=\/wp\/v2\/posts\/19369"}],"collection":[{"href":"https:\/\/rioonwatch.org.br\/index.php?rest_route=\/wp\/v2\/posts"}],"about":[{"href":"https:\/\/rioonwatch.org.br\/index.php?rest_route=\/wp\/v2\/types\/post"}],"author":[{"embeddable":true,"href":"https:\/\/rioonwatch.org.br\/index.php?rest_route=\/wp\/v2\/users\/129"}],"replies":[{"embeddable":true,"href":"https:\/\/rioonwatch.org.br\/index.php?rest_route=%2Fwp%2Fv2%2Fcomments&post=19369"}],"version-history":[{"count":18,"href":"https:\/\/rioonwatch.org.br\/index.php?rest_route=\/wp\/v2\/posts\/19369\/revisions"}],"predecessor-version":[{"id":34544,"href":"https:\/\/rioonwatch.org.br\/index.php?rest_route=\/wp\/v2\/posts\/19369\/revisions\/34544"}],"wp:featuredmedia":[{"embeddable":true,"href":"https:\/\/rioonwatch.org.br\/index.php?rest_route=\/wp\/v2\/media\/19374"}],"wp:attachment":[{"href":"https:\/\/rioonwatch.org.br\/index.php?rest_route=%2Fwp%2Fv2%2Fmedia&parent=19369"}],"wp:term":[{"taxonomy":"category","embeddable":true,"href":"https:\/\/rioonwatch.org.br\/index.php?rest_route=%2Fwp%2Fv2%2Fcategories&post=19369"},{"taxonomy":"post_tag","embeddable":true,"href":"https:\/\/rioonwatch.org.br\/index.php?rest_route=%2Fwp%2Fv2%2Ftags&post=19369"},{"taxonomy":"writer","embeddable":true,"href":"https:\/\/rioonwatch.org.br\/index.php?rest_route=%2Fwp%2Fv2%2Fwriter&post=19369"},{"taxonomy":"translator","embeddable":true,"href":"https:\/\/rioonwatch.org.br\/index.php?rest_route=%2Fwp%2Fv2%2Ftranslator&post=19369"},{"taxonomy":"source","embeddable":true,"href":"https:\/\/rioonwatch.org.br\/index.php?rest_route=%2Fwp%2Fv2%2Fsource&post=19369"},{"taxonomy":"ilustrador","embeddable":true,"href":"https:\/\/rioonwatch.org.br\/index.php?rest_route=%2Fwp%2Fv2%2Filustrador&post=19369"},{"taxonomy":"fotografo","embeddable":true,"href":"https:\/\/rioonwatch.org.br\/index.php?rest_route=%2Fwp%2Fv2%2Ffotografo&post=19369"}],"curies":[{"name":"wp","href":"https:\/\/api.w.org\/{rel}","templated":true}]}}