{"id":1946,"date":"2011-07-12T18:52:08","date_gmt":"2011-07-12T21:52:08","guid":{"rendered":"http:\/\/favela.info\/?p=1946"},"modified":"2016-05-19T08:44:22","modified_gmt":"2016-05-19T11:44:22","slug":"saudades-da-minha-providencia","status":"publish","type":"post","link":"https:\/\/rioonwatch.org.br\/?p=1946","title":{"rendered":"Saudades da minha Provid\u00eancia"},"content":{"rendered":"<p style=\"text-align: right;\"><em><strong><a href=\"http:\/\/bit.ly\/1sgLtTw\" target=\"_blank\">Click Here for English<img decoding=\"async\" width=\"20\" height=\"20\" class=\"alignright wp-image-15790\" src=\"http:\/\/rioonwatch.org.br\/wp-content\/uploads\/2012\/08\/EN-standard-e1439583104716.jpg\" alt=\"\" \/><\/a><\/strong><\/em><\/p>\n<p>&#8220;Sinto saudades da minha Provid\u00eancia\u201d, exclamou Eron C\u00e9sar dos Santos, morador do morro h\u00e1 44 anos ou simplesmente toda sua vida. O homem de \u00f3culos, com marcas de uma queimadura no bra\u00e7o esquerdo \u00e9 o respons\u00e1vel pela igreja de Nossa Senhora da Concei\u00e7\u00e3o, no alto do lado direito \u2013 quando a refer\u00eancia \u00e9 a Central do Brasil \u2013 da favela de 104 anos.<\/p>\n<p>O pai sergipano e a m\u00e3e portuguesa se encontraram na capital da na\u00e7\u00e3o em 1950. Ele, que j\u00e1 havia procurado emprego em S\u00e3o Paulo, por azar transformado em sorte veio ao Rio para se apaixonar por ela, a jovem portuguesa com um transtorno mental cujo tratamento era imposs\u00edvel de ser feito em sua terra natal, e que migrou escondida \u2013 com a passagem e o passaporte de outra pessoa \u2013 para o Brasil, atr\u00e1s de tratamento na Santa Casa de Miseric\u00f3rdia.<\/p>\n<p>Casados estabeleceram-se na antiga favela da ladeira e posteriormente na casa paroquial que \u00e9 moradia de Eron, o filho mais novo, at\u00e9 hoje. \u201cAquela igreja \u00e9 uma das mais antigas do Rio. Lembro que o p\u00e1roco daqui na \u00e9poca em que meu pai era o zelador contava que a constru\u00e7\u00e3o era de 1913, mas tanto eu quanto meu pai acreditamos que ela vem de antes\u201d, conta.<\/p>\n<p>A casa de Eron, mesmo pertencendo \u00e0 igreja, n\u00e3o tem t\u00edtulo de posse. \u201cMuitos moradores ter\u00e3o de ir embora por causa da prefeitura, isso esta dando uma briga feia. N\u00e3o me meto muito nessas quest\u00f5es, tenho alguns pensamentos diferentes dos que est\u00e3o a frente desse movimento\u201d, explica ele que n\u00e3o possui sua casa marcada pelo SMH, \u201cGostaria de ter a propriedade do terreno, isso facilita muitas coisas. Meu pai que reformou toda essa casa e eu que mantenho \u2013 com auxilio de doa\u00e7\u00f5es \u2013 seu funcionamento, tanto quanto o funcionamento da igreja\u201d.<\/p>\n<p>O Morro da Provid\u00eancia, gigantesco geogr\u00e1fica e historicamente, despertou em Eron o desejo de escrever um livro com seus contos e lendas. J\u00e1 h\u00e1 um ano ele recolhe, apaixonado pelo projeto, mem\u00f3rias da inf\u00e2ncia, hist\u00f3rias dos mais antigos moradores. \u201cO rascunho j\u00e1 esta quase pronto. Vou correr atr\u00e1s de uma editora para lan\u00e7\u00e1-lo\u201d, conta com anima\u00e7\u00e3o.<\/p>\n<p>\u201cToda minha vida, minha inf\u00e2ncia, meus namoros, tudo se passou aqui. Sinto falta da Provid\u00eancia onde as crian\u00e7as brincavam sem medo, onde se batia papo no port\u00e3o at\u00e9 a hora que o sono chegasse\u201d, relembra enquanto desc\u00edamos as escadas levando as crian\u00e7as para a escola \u2013 Arthur, seu filho de tr\u00eas anos e Beatriz uma sobrinha de dez. \u201cEu sempre levo eles e quando mais alguma crian\u00e7a cujo pai, m\u00e3e, tia esta muito ocupado. Da mesma forma como fazem por mim. Na volta, quem os traz \u00e9 minha irm\u00e3\u201d.<\/p>\n<p>Pacificada j\u00e1 h\u00e1 um ano, a Provid\u00eancia conta ativamente com uma Unidade de Policia Pacificadora, mas a mem\u00f3ria dos moradores do morro com os desmandos do poder p\u00fablico permanece em carne viva, \u201caqui, como em qualquer outra favela, se tem mais medo de policial que de bandido\u201d, diz em tom mais baixo.<\/p>\n<p>Uma das grandes reclama\u00e7\u00f5es, n\u00e3o apenas de Eron, com a chegada da UPP, \u00e9 com o esp\u00edrito de instabilidade que sonda agora as vielas. \u201cSou a favor do poder p\u00fablico, quando atuando corretamente, dentro da favela. Temos que caminhar de forma legal. Mas nesse projeto tem muita, muita coisa errada\u201d, comenta, \u201cNa rua fica esse ar de d\u00favida do que vai acontecer em dez minutos. Somos privados de, por exemplo, comemorar anivers\u00e1rio com festa que passe das dez da noite. E ficamos com medo de deixar as crian\u00e7as sozinhas. Por que com o morro partido a gente sabia o que fazer, pra onde ir. Com esses homens de farda n\u00e3o se sabe como se comportar\u201d, confessa e muda rapidamente de assunto.<\/p>\n<p>Chegando a Escola Padre Francisco da Motta, conhecido pelos moradores como ADRIO, aos p\u00e9s do Morro da Concei\u00e7\u00e3o, Eron se despede das crian\u00e7as e antes de partir para o supermercado, e se despedir tamb\u00e9m de mim, conta sobre seu projeto de capoeira na pra\u00e7a da igreja. \u201cS\u00e3o, na maioria, crian\u00e7as de tr\u00eas a oito anos. Todos os s\u00e1bados n\u00f3s estamos l\u00e1 com nossa roda. Acho muito importante, n\u00e3o apenas a pr\u00e1tica do esporte, como o resgate cultural da Provid\u00eancia. Nossas m\u00fasicas de capoeira s\u00e3o compostas de acordo com o que acontece na comunidade, al\u00e9m de que incentivo \u00e0s crian\u00e7as a pesquisarem a hist\u00f3ria do morro\u201d, conta orgulhoso o capoeirista h\u00e1 dezesseis anos.<\/p>\n<!-- AddThis Advanced Settings generic via filter on the_content --><!-- AddThis Share Buttons generic via filter on the_content -->","protected":false},"excerpt":{"rendered":"<div class=\"mh-excerpt\"><p>Click Here for English &#8220;Sinto saudades da minha Provid\u00eancia\u201d, exclamou Eron C\u00e9sar dos Santos, morador do morro h\u00e1 44 anos ou simplesmente toda sua vida. O homem de \u00f3culos, com marcas de uma queimadura no <a class=\"mh-excerpt-more\" href=\"https:\/\/rioonwatch.org.br\/?p=1946\" title=\"Saudades da minha Provid\u00eancia\">[&#8230;]<\/a><!-- AddThis Advanced Settings generic via filter on get_the_excerpt --><!-- AddThis Share Buttons generic via filter on get_the_excerpt --><\/p>\n<\/div>","protected":false},"author":129,"featured_media":1947,"comment_status":"open","ping_status":"closed","sticky":false,"template":"","format":"standard","meta":{"_acf_changed":false,"_monsterinsights_skip_tracking":false,"_monsterinsights_sitenote_active":false,"_monsterinsights_sitenote_note":"","_monsterinsights_sitenote_category":0,"footnotes":""},"categories":[1614,346,345,1620],"tags":[259,257,14,92],"writer":[198],"translator":[],"source":[],"ilustrador":[],"fotografo":[],"class_list":{"0":"post-1946","1":"post","2":"type-post","3":"status-publish","4":"format-standard","5":"has-post-thumbnail","7":"category-olhonasremocoes","8":"category-denuncias","9":"category-favela-e","10":"category-olhonaupp","11":"tag-centro","12":"tag-providencia","13":"tag-remocao","14":"tag-upp","15":"writer-hosana-souza"},"acf":[],"yoast_head":"<!-- This site is optimized with the Yoast SEO plugin v25.6 - https:\/\/yoast.com\/wordpress\/plugins\/seo\/ -->\n<title>Saudades da minha Provid\u00eancia - RioOnWatch<\/title>\n<meta name=\"robots\" content=\"index, follow, max-snippet:-1, max-image-preview:large, max-video-preview:-1\" \/>\n<link rel=\"canonical\" href=\"https:\/\/rioonwatch.org.br\/?p=1946\" \/>\n<meta property=\"og:locale\" content=\"pt_BR\" \/>\n<meta property=\"og:type\" content=\"article\" \/>\n<meta property=\"og:title\" content=\"Saudades da minha Provid\u00eancia - RioOnWatch\" \/>\n<meta property=\"og:description\" content=\"Click Here for English &#8220;Sinto saudades da minha Provid\u00eancia\u201d, exclamou Eron C\u00e9sar dos Santos, morador do morro h\u00e1 44 anos ou simplesmente toda sua vida. O homem de \u00f3culos, com marcas de uma queimadura no [...]\" \/>\n<meta property=\"og:url\" content=\"https:\/\/rioonwatch.org.br\/?p=1946\" \/>\n<meta property=\"og:site_name\" content=\"RioOnWatch\" \/>\n<meta property=\"article:published_time\" content=\"2011-07-12T21:52:08+00:00\" \/>\n<meta property=\"article:modified_time\" content=\"2016-05-19T11:44:22+00:00\" \/>\n<meta property=\"og:image\" content=\"https:\/\/rioonwatch.org.br\/wp-content\/uploads\/2011\/07\/providencia-escadaok.jpg\" \/>\n\t<meta property=\"og:image:width\" content=\"303\" \/>\n\t<meta property=\"og:image:height\" content=\"221\" \/>\n\t<meta property=\"og:image:type\" content=\"image\/jpeg\" \/>\n<meta name=\"author\" content=\"Admin\" \/>\n<meta name=\"twitter:card\" content=\"summary_large_image\" \/>\n<meta name=\"twitter:label1\" content=\"Escrito por\" \/>\n\t<meta name=\"twitter:data1\" content=\"Admin\" \/>\n\t<meta name=\"twitter:label2\" content=\"Est. tempo de leitura\" \/>\n\t<meta name=\"twitter:data2\" content=\"4 minutos\" \/>\n<script type=\"application\/ld+json\" class=\"yoast-schema-graph\">{\"@context\":\"https:\/\/schema.org\",\"@graph\":[{\"@type\":\"Article\",\"@id\":\"https:\/\/rioonwatch.org.br\/?p=1946#article\",\"isPartOf\":{\"@id\":\"https:\/\/rioonwatch.org.br\/?p=1946\"},\"author\":{\"name\":\"Admin\",\"@id\":\"https:\/\/rioonwatch.org.br\/#\/schema\/person\/11d64c290506f9df50c71b850c473f68\"},\"headline\":\"Saudades da minha Provid\u00eancia\",\"datePublished\":\"2011-07-12T21:52:08+00:00\",\"dateModified\":\"2016-05-19T11:44:22+00:00\",\"mainEntityOfPage\":{\"@id\":\"https:\/\/rioonwatch.org.br\/?p=1946\"},\"wordCount\":791,\"commentCount\":0,\"publisher\":{\"@id\":\"https:\/\/rioonwatch.org.br\/#organization\"},\"image\":{\"@id\":\"https:\/\/rioonwatch.org.br\/?p=1946#primaryimage\"},\"thumbnailUrl\":\"https:\/\/rioonwatch.org.br\/wp-content\/uploads\/2011\/07\/providencia-escadaok.jpg\",\"keywords\":[\"Centro\",\"Morro da Provid\u00eancia\",\"Remo\u00e7\u00e3o\",\"UPP\"],\"articleSection\":[\"#OlhoNasRemo\u00e7\u00f5es\",\"Den\u00fancias\",\"Favela \u00e9\",\"Seguran\u00e7a P\u00fablica\"],\"inLanguage\":\"pt-BR\",\"potentialAction\":[{\"@type\":\"CommentAction\",\"name\":\"Comment\",\"target\":[\"https:\/\/rioonwatch.org.br\/?p=1946#respond\"]}]},{\"@type\":\"WebPage\",\"@id\":\"https:\/\/rioonwatch.org.br\/?p=1946\",\"url\":\"https:\/\/rioonwatch.org.br\/?p=1946\",\"name\":\"Saudades da minha Provid\u00eancia - RioOnWatch\",\"isPartOf\":{\"@id\":\"https:\/\/rioonwatch.org.br\/#website\"},\"primaryImageOfPage\":{\"@id\":\"https:\/\/rioonwatch.org.br\/?p=1946#primaryimage\"},\"image\":{\"@id\":\"https:\/\/rioonwatch.org.br\/?p=1946#primaryimage\"},\"thumbnailUrl\":\"https:\/\/rioonwatch.org.br\/wp-content\/uploads\/2011\/07\/providencia-escadaok.jpg\",\"datePublished\":\"2011-07-12T21:52:08+00:00\",\"dateModified\":\"2016-05-19T11:44:22+00:00\",\"breadcrumb\":{\"@id\":\"https:\/\/rioonwatch.org.br\/?p=1946#breadcrumb\"},\"inLanguage\":\"pt-BR\",\"potentialAction\":[{\"@type\":\"ReadAction\",\"target\":[\"https:\/\/rioonwatch.org.br\/?p=1946\"]}]},{\"@type\":\"ImageObject\",\"inLanguage\":\"pt-BR\",\"@id\":\"https:\/\/rioonwatch.org.br\/?p=1946#primaryimage\",\"url\":\"https:\/\/rioonwatch.org.br\/wp-content\/uploads\/2011\/07\/providencia-escadaok.jpg\",\"contentUrl\":\"https:\/\/rioonwatch.org.br\/wp-content\/uploads\/2011\/07\/providencia-escadaok.jpg\",\"width\":303,\"height\":221},{\"@type\":\"BreadcrumbList\",\"@id\":\"https:\/\/rioonwatch.org.br\/?p=1946#breadcrumb\",\"itemListElement\":[{\"@type\":\"ListItem\",\"position\":1,\"name\":\"In\u00edcio\",\"item\":\"https:\/\/rioonwatch.org.br\/\"},{\"@type\":\"ListItem\",\"position\":2,\"name\":\"Saudades da minha Provid\u00eancia\"}]},{\"@type\":\"WebSite\",\"@id\":\"https:\/\/rioonwatch.org.br\/#website\",\"url\":\"https:\/\/rioonwatch.org.br\/\",\"name\":\"RioOnWatch\",\"description\":\"relatos das favelas cariocas\",\"publisher\":{\"@id\":\"https:\/\/rioonwatch.org.br\/#organization\"},\"potentialAction\":[{\"@type\":\"SearchAction\",\"target\":{\"@type\":\"EntryPoint\",\"urlTemplate\":\"https:\/\/rioonwatch.org.br\/?s={search_term_string}\"},\"query-input\":{\"@type\":\"PropertyValueSpecification\",\"valueRequired\":true,\"valueName\":\"search_term_string\"}}],\"inLanguage\":\"pt-BR\"},{\"@type\":\"Organization\",\"@id\":\"https:\/\/rioonwatch.org.br\/#organization\",\"name\":\"RioOnWatch\",\"url\":\"https:\/\/rioonwatch.org.br\/\",\"logo\":{\"@type\":\"ImageObject\",\"inLanguage\":\"pt-BR\",\"@id\":\"https:\/\/rioonwatch.org.br\/#\/schema\/logo\/image\/\",\"url\":\"https:\/\/rioonwatch.org.br\/wp-content\/uploads\/2021\/06\/RioOnWatchcabecalhoPT11anos-2.png\",\"contentUrl\":\"https:\/\/rioonwatch.org.br\/wp-content\/uploads\/2021\/06\/RioOnWatchcabecalhoPT11anos-2.png\",\"width\":779,\"height\":277,\"caption\":\"RioOnWatch\"},\"image\":{\"@id\":\"https:\/\/rioonwatch.org.br\/#\/schema\/logo\/image\/\"}},{\"@type\":\"Person\",\"@id\":\"https:\/\/rioonwatch.org.br\/#\/schema\/person\/11d64c290506f9df50c71b850c473f68\",\"name\":\"Admin\",\"image\":{\"@type\":\"ImageObject\",\"inLanguage\":\"pt-BR\",\"@id\":\"https:\/\/rioonwatch.org.br\/#\/schema\/person\/image\/\",\"url\":\"https:\/\/secure.gravatar.com\/avatar\/56211ac74568383903349a1485e3c325?s=96&d=blank&r=g\",\"contentUrl\":\"https:\/\/secure.gravatar.com\/avatar\/56211ac74568383903349a1485e3c325?s=96&d=blank&r=g\",\"caption\":\"Admin\"},\"url\":\"https:\/\/rioonwatch.org.br\/?author=129\"}]}<\/script>\n<!-- \/ Yoast SEO plugin. -->","yoast_head_json":{"title":"Saudades da minha Provid\u00eancia - RioOnWatch","robots":{"index":"index","follow":"follow","max-snippet":"max-snippet:-1","max-image-preview":"max-image-preview:large","max-video-preview":"max-video-preview:-1"},"canonical":"https:\/\/rioonwatch.org.br\/?p=1946","og_locale":"pt_BR","og_type":"article","og_title":"Saudades da minha Provid\u00eancia - RioOnWatch","og_description":"Click Here for English &#8220;Sinto saudades da minha Provid\u00eancia\u201d, exclamou Eron C\u00e9sar dos Santos, morador do morro h\u00e1 44 anos ou simplesmente toda sua vida. O homem de \u00f3culos, com marcas de uma queimadura no [...]","og_url":"https:\/\/rioonwatch.org.br\/?p=1946","og_site_name":"RioOnWatch","article_published_time":"2011-07-12T21:52:08+00:00","article_modified_time":"2016-05-19T11:44:22+00:00","og_image":[{"width":303,"height":221,"url":"https:\/\/rioonwatch.org.br\/wp-content\/uploads\/2011\/07\/providencia-escadaok.jpg","type":"image\/jpeg"}],"author":"Admin","twitter_card":"summary_large_image","twitter_misc":{"Escrito por":"Admin","Est. tempo de leitura":"4 minutos"},"schema":{"@context":"https:\/\/schema.org","@graph":[{"@type":"Article","@id":"https:\/\/rioonwatch.org.br\/?p=1946#article","isPartOf":{"@id":"https:\/\/rioonwatch.org.br\/?p=1946"},"author":{"name":"Admin","@id":"https:\/\/rioonwatch.org.br\/#\/schema\/person\/11d64c290506f9df50c71b850c473f68"},"headline":"Saudades da minha Provid\u00eancia","datePublished":"2011-07-12T21:52:08+00:00","dateModified":"2016-05-19T11:44:22+00:00","mainEntityOfPage":{"@id":"https:\/\/rioonwatch.org.br\/?p=1946"},"wordCount":791,"commentCount":0,"publisher":{"@id":"https:\/\/rioonwatch.org.br\/#organization"},"image":{"@id":"https:\/\/rioonwatch.org.br\/?p=1946#primaryimage"},"thumbnailUrl":"https:\/\/rioonwatch.org.br\/wp-content\/uploads\/2011\/07\/providencia-escadaok.jpg","keywords":["Centro","Morro da Provid\u00eancia","Remo\u00e7\u00e3o","UPP"],"articleSection":["#OlhoNasRemo\u00e7\u00f5es","Den\u00fancias","Favela \u00e9","Seguran\u00e7a P\u00fablica"],"inLanguage":"pt-BR","potentialAction":[{"@type":"CommentAction","name":"Comment","target":["https:\/\/rioonwatch.org.br\/?p=1946#respond"]}]},{"@type":"WebPage","@id":"https:\/\/rioonwatch.org.br\/?p=1946","url":"https:\/\/rioonwatch.org.br\/?p=1946","name":"Saudades da minha Provid\u00eancia - RioOnWatch","isPartOf":{"@id":"https:\/\/rioonwatch.org.br\/#website"},"primaryImageOfPage":{"@id":"https:\/\/rioonwatch.org.br\/?p=1946#primaryimage"},"image":{"@id":"https:\/\/rioonwatch.org.br\/?p=1946#primaryimage"},"thumbnailUrl":"https:\/\/rioonwatch.org.br\/wp-content\/uploads\/2011\/07\/providencia-escadaok.jpg","datePublished":"2011-07-12T21:52:08+00:00","dateModified":"2016-05-19T11:44:22+00:00","breadcrumb":{"@id":"https:\/\/rioonwatch.org.br\/?p=1946#breadcrumb"},"inLanguage":"pt-BR","potentialAction":[{"@type":"ReadAction","target":["https:\/\/rioonwatch.org.br\/?p=1946"]}]},{"@type":"ImageObject","inLanguage":"pt-BR","@id":"https:\/\/rioonwatch.org.br\/?p=1946#primaryimage","url":"https:\/\/rioonwatch.org.br\/wp-content\/uploads\/2011\/07\/providencia-escadaok.jpg","contentUrl":"https:\/\/rioonwatch.org.br\/wp-content\/uploads\/2011\/07\/providencia-escadaok.jpg","width":303,"height":221},{"@type":"BreadcrumbList","@id":"https:\/\/rioonwatch.org.br\/?p=1946#breadcrumb","itemListElement":[{"@type":"ListItem","position":1,"name":"In\u00edcio","item":"https:\/\/rioonwatch.org.br\/"},{"@type":"ListItem","position":2,"name":"Saudades da minha Provid\u00eancia"}]},{"@type":"WebSite","@id":"https:\/\/rioonwatch.org.br\/#website","url":"https:\/\/rioonwatch.org.br\/","name":"RioOnWatch","description":"relatos das favelas cariocas","publisher":{"@id":"https:\/\/rioonwatch.org.br\/#organization"},"potentialAction":[{"@type":"SearchAction","target":{"@type":"EntryPoint","urlTemplate":"https:\/\/rioonwatch.org.br\/?s={search_term_string}"},"query-input":{"@type":"PropertyValueSpecification","valueRequired":true,"valueName":"search_term_string"}}],"inLanguage":"pt-BR"},{"@type":"Organization","@id":"https:\/\/rioonwatch.org.br\/#organization","name":"RioOnWatch","url":"https:\/\/rioonwatch.org.br\/","logo":{"@type":"ImageObject","inLanguage":"pt-BR","@id":"https:\/\/rioonwatch.org.br\/#\/schema\/logo\/image\/","url":"https:\/\/rioonwatch.org.br\/wp-content\/uploads\/2021\/06\/RioOnWatchcabecalhoPT11anos-2.png","contentUrl":"https:\/\/rioonwatch.org.br\/wp-content\/uploads\/2021\/06\/RioOnWatchcabecalhoPT11anos-2.png","width":779,"height":277,"caption":"RioOnWatch"},"image":{"@id":"https:\/\/rioonwatch.org.br\/#\/schema\/logo\/image\/"}},{"@type":"Person","@id":"https:\/\/rioonwatch.org.br\/#\/schema\/person\/11d64c290506f9df50c71b850c473f68","name":"Admin","image":{"@type":"ImageObject","inLanguage":"pt-BR","@id":"https:\/\/rioonwatch.org.br\/#\/schema\/person\/image\/","url":"https:\/\/secure.gravatar.com\/avatar\/56211ac74568383903349a1485e3c325?s=96&d=blank&r=g","contentUrl":"https:\/\/secure.gravatar.com\/avatar\/56211ac74568383903349a1485e3c325?s=96&d=blank&r=g","caption":"Admin"},"url":"https:\/\/rioonwatch.org.br\/?author=129"}]}},"_links":{"self":[{"href":"https:\/\/rioonwatch.org.br\/index.php?rest_route=\/wp\/v2\/posts\/1946"}],"collection":[{"href":"https:\/\/rioonwatch.org.br\/index.php?rest_route=\/wp\/v2\/posts"}],"about":[{"href":"https:\/\/rioonwatch.org.br\/index.php?rest_route=\/wp\/v2\/types\/post"}],"author":[{"embeddable":true,"href":"https:\/\/rioonwatch.org.br\/index.php?rest_route=\/wp\/v2\/users\/129"}],"replies":[{"embeddable":true,"href":"https:\/\/rioonwatch.org.br\/index.php?rest_route=%2Fwp%2Fv2%2Fcomments&post=1946"}],"version-history":[{"count":16,"href":"https:\/\/rioonwatch.org.br\/index.php?rest_route=\/wp\/v2\/posts\/1946\/revisions"}],"predecessor-version":[{"id":19864,"href":"https:\/\/rioonwatch.org.br\/index.php?rest_route=\/wp\/v2\/posts\/1946\/revisions\/19864"}],"wp:featuredmedia":[{"embeddable":true,"href":"https:\/\/rioonwatch.org.br\/index.php?rest_route=\/wp\/v2\/media\/1947"}],"wp:attachment":[{"href":"https:\/\/rioonwatch.org.br\/index.php?rest_route=%2Fwp%2Fv2%2Fmedia&parent=1946"}],"wp:term":[{"taxonomy":"category","embeddable":true,"href":"https:\/\/rioonwatch.org.br\/index.php?rest_route=%2Fwp%2Fv2%2Fcategories&post=1946"},{"taxonomy":"post_tag","embeddable":true,"href":"https:\/\/rioonwatch.org.br\/index.php?rest_route=%2Fwp%2Fv2%2Ftags&post=1946"},{"taxonomy":"writer","embeddable":true,"href":"https:\/\/rioonwatch.org.br\/index.php?rest_route=%2Fwp%2Fv2%2Fwriter&post=1946"},{"taxonomy":"translator","embeddable":true,"href":"https:\/\/rioonwatch.org.br\/index.php?rest_route=%2Fwp%2Fv2%2Ftranslator&post=1946"},{"taxonomy":"source","embeddable":true,"href":"https:\/\/rioonwatch.org.br\/index.php?rest_route=%2Fwp%2Fv2%2Fsource&post=1946"},{"taxonomy":"ilustrador","embeddable":true,"href":"https:\/\/rioonwatch.org.br\/index.php?rest_route=%2Fwp%2Fv2%2Filustrador&post=1946"},{"taxonomy":"fotografo","embeddable":true,"href":"https:\/\/rioonwatch.org.br\/index.php?rest_route=%2Fwp%2Fv2%2Ffotografo&post=1946"}],"curies":[{"name":"wp","href":"https:\/\/api.w.org\/{rel}","templated":true}]}}