{"id":19629,"date":"2016-05-13T09:13:42","date_gmt":"2016-05-13T12:13:42","guid":{"rendered":"http:\/\/rioonwatch.org.br\/?p=19629"},"modified":"2024-06-20T16:27:38","modified_gmt":"2024-06-20T19:27:38","slug":"apos-semanas-desabamento-de-ciclovia-traz-a-tona-numerosas-questoes","status":"publish","type":"post","link":"https:\/\/rioonwatch.org.br\/?p=19629","title":{"rendered":"Ap\u00f3s Semanas, Desabamento de Ciclovia Traz \u00e0 Tona Numerosas Quest\u00f5es"},"content":{"rendered":"<p style=\"text-align: right;\"><em><strong><a href=\"http:\/\/bit.ly\/1WFb439\" target=\"_blank\" rel=\"noopener\">Click Here for English<img decoding=\"async\" width=\"20\" height=\"20\" class=\"alignright wp-image-15790\" src=\"http:\/\/rioonwatch.org.br\/wp-content\/uploads\/2012\/08\/EN-standard-e1439583104716.jpg\" alt=\"\" \/><\/a><\/strong><\/em><\/p>\n<p class=\"p1\"><span class=\"s1\">No dia 21 de abril,\u00a0<a href=\"http:\/\/bit.ly\/1rAUZ2H\" target=\"_blank\" rel=\"noopener\">um trecho de 50 metros da ciclovia Tim Maia<\/a>&#8211;pr\u00f3xima do bairro de S\u00e3o Conrado, na\u00a0<a href=\"http:\/\/bit.ly\/1mNsDyk\" target=\"_blank\" rel=\"noopener\">Zona Sul<\/a>&#8211;desabou com uma forte onda, matando pelo menos duas pessoas. As v\u00edtimas incluem o gari Ronaldo Severino da Silva, de 60 anos de idade, que era morador da favela da\u00a0<a href=\"http:\/\/bit.ly\/16w2zz1\" target=\"_blank\" rel=\"noopener\">Rocinha<\/a>, e o engenheiro Eduardo Marinho de Albuquerque, de 54 anos de idade, e mais outro indiv\u00edduo que ainda est\u00e1 desaparecido.<\/span><\/p>\n<p class=\"p1\"><span class=\"s1\">Projetada para ser parte do \u201c<a href=\"http:\/\/bit.ly\/1ps41Xf\" target=\"_blank\" rel=\"noopener\">legado<\/a> das Olimp\u00edadas, a ciclovia foi inaugurada h\u00e1 apenas tr\u00eas meses. O desabamento ocorreu duas horas depois da tocha ol\u00edmpica ser acesa na Gr\u00e9cia e preparada para sua jornada de cinco semanas em dire\u00e7\u00e3o ao Rio, para a cerim\u00f4nia de abertura dos\u00a0<a href=\"http:\/\/bit.ly\/PkLXlQ\" target=\"_blank\" rel=\"noopener\">Jogos Ol\u00edmpicos<\/a> de 2016, no dia 5 de agosto. A constru\u00e7\u00e3o dos quase 4km de ciclovia (com a inten\u00e7\u00e3o de ser 7km, uma vez conclu\u00edda) custou em torno de R$44.7 milh\u00f5es, R$<a href=\"http:\/\/bit.ly\/1r3jRzV\" target=\"_blank\" rel=\"noopener\">8.9 milh\u00f5es a mais do que o inicialmente planejado<\/a>.<\/span><\/p>\n<p><a href=\"http:\/\/rioonwatch.org.br\/wp-content\/uploads\/2016\/05\/Ciclovia-closed.jpg\"><img fetchpriority=\"high\" decoding=\"async\" class=\"aligncenter wp-image-19633 size-content\" title=\"Ciclovia interditada\" src=\"http:\/\/rioonwatch.org.br\/wp-content\/uploads\/2016\/05\/Ciclovia-closed-620x264.jpg\" alt=\"Ciclovia-closed\" width=\"620\" height=\"264\" \/><\/a><\/p>\n<h3><b>Corrup\u00e7\u00e3o<\/b><\/h3>\n<p>O desabamento ocorreu durante um momento especialmente complicado na pol\u00edtica brasileira, no contexto dos pedidos de <a href=\"http:\/\/bit.ly\/1T3xbOp\" target=\"_blank\" rel=\"noopener\">impeachment da Presidente Dilma Rousseff<\/a>, e tamb\u00e9m das investiga\u00e7\u00f5es da <a href=\"http:\/\/bit.ly\/1RTLKo3\" target=\"_blank\" rel=\"noopener\">Opera\u00e7\u00e3o Lava Jato<\/a> sobre as liga\u00e7\u00f5es entre a Petrobras e as empreiteiras, com a alega\u00e7\u00e3o de que os executivos da Petrobras aceitaram propina das empreiteiras em troca de contratos com os valores inflacionados.<\/p>\n<p class=\"p1\"><span class=\"s1\">As empresas respons\u00e1veis pela constru\u00e7\u00e3o da ciclovia, Concremat e Concrejato, s\u00e3o parte do cons\u00f3rcio Concremat, o qual\u00a0<a href=\"http:\/\/bit.ly\/23OPO0H\" target=\"_blank\" rel=\"noopener\">j\u00e1 est\u00e1 sendo investigado pela Pol\u00edcia Federal<\/a> por um esc\u00e2ndalo de desvio de fundos chamado de\u00a0<a href=\"http:\/\/bit.ly\/1TtEETY\" target=\"_blank\" rel=\"noopener\">Opera\u00e7\u00e3o Vidas Secas<\/a>. A Concremat e outras empreiteiras que trabalharam na transposi\u00e7\u00e3o do Rio S\u00e3o Francisco, atrav\u00e9s da constru\u00e7\u00e3o de novos canais, \u00e9 acusada tamb\u00e9m de desviar aproximadamente R$200 milh\u00f5es.<\/span><\/p>\n<p class=\"p1\"><span class=\"s1\">Al\u00e9m disso, a Concremat est\u00e1 indiretamente relacionada com outras empresas envolvidas no esc\u00e2ndalo da Opera\u00e7\u00e3o Lava-Jato. O presidente executivo da Concremat, Cl\u00f3vis Renato Peixoto Primo, \u00e9 um ex-funcion\u00e1rio da Andrade Gutierrez, a qual \u00e9 parte do cons\u00f3rcio Angramon, um foco das investiga\u00e7\u00f5es. No Estado do Rio de Janeiro, das tr\u00eas principais empresas com contratos p\u00fablicos&#8211;Odebrecht, OAS e Andrade Gutierrez&#8211;duas foram citadas nas investiga\u00e7\u00f5es. Essas empresas, a subcontrata\u00e7\u00e3o e as parcerias, t\u00eam sido designadas como\u00a0<a href=\"http:\/\/bit.ly\/1rFIEel\" target=\"_blank\" rel=\"noopener\">cart\u00e9is<\/a> por alguns.<\/span><\/p>\n<p class=\"p1\"><span class=\"s1\">Sob a administra\u00e7\u00e3o do\u00a0<a href=\"http:\/\/bit.ly\/1k4eA6c\" target=\"_blank\" rel=\"noopener\">Prefeito Eduardo Paes<\/a>, a rela\u00e7\u00e3o da Concremat tem ficado mais pr\u00f3xima: a Prefeitura assinou 16 contratos com a Concremat, de 2000 at\u00e9 2008, mas, desde o come\u00e7o da administra\u00e7\u00e3o de Eduardo Paes, em 2009,\u00a0<a href=\"http:\/\/bit.ly\/1r3jRzV\" target=\"_blank\" rel=\"noopener\">esse n\u00famero pulou para 54, com um valor total de R$ 451.6 milh\u00f5es<\/a>. Perguntas come\u00e7aram a ser feitas sobre esse aumento, particularmente por conta da Concremat\u00a0<a href=\"http:\/\/bit.ly\/1VY6Q7R\" target=\"_blank\" rel=\"noopener\">ser administrada por um membro da fam\u00edlia do Secret\u00e1rio de Turismo do Estado do Rio de Janeiro<\/a>, Ant\u00f4nio Pedro Viegas Fiqueira de Melo. Figueira de Melo\u00a0<a href=\"http:\/\/bit.ly\/23OPO0H\" target=\"_blank\" rel=\"noopener\">nega qualquer conex\u00e3o<\/a> com as opera\u00e7\u00f5es comerciais do seu av\u00f4.<\/span><\/p>\n<h3><b>Constru\u00e7\u00e3o<\/b><\/h3>\n<p>Todos os especialistas que revisaram o planejamento da ciclovia, incluindo o engenheiro <a href=\"http:\/\/bit.ly\/1VESp8M\" target=\"_blank\" rel=\"noopener\">Ant\u00f4nio Eul\u00e1rio Pedrosa, do CREA-RJ<\/a>, disseram que n\u00e3o foram levados em conta o mar e as ondas. O professor em Engenharia Costeira da Universidade Federal do Rio de Janeiro (Coppe\/UFRJ), <a href=\"http:\/\/bit.ly\/1VESp8M\" target=\"_blank\" rel=\"noopener\">Paulo Rosman<\/a>, disse que o mar estava particularmente agressivo no dia, mas ele concorda que o planejamento n\u00e3o levou em considera\u00e7\u00e3o ondas mais fortes.<\/p>\n<p><a href=\"http:\/\/bit.ly\/1T8K4a2\" target=\"_blank\" rel=\"noopener\">Em uma recente reportagem<\/a>, Ana Teresa Nadruz, uma arquiteta e urbanista com 40 anos de experi\u00eancia, destacou: \u201cO erro come\u00e7ou na concep\u00e7\u00e3o do projeto, com o m\u00e9todo de constru\u00e7\u00e3o de\u00a0uma fr\u00e1gil estrutura pr\u00e9-moldada em um local de arrebenta\u00e7\u00e3o de ondas&#8230;O desabamento foi uma trag\u00e9dia anunciada&#8221;.<\/p>\n<p>Ap\u00f3s a reportagem acima, o <a href=\"http:\/\/glo.bo\/1SPBHQh\" target=\"_blank\" rel=\"noopener\">arquiteto e urbanista Eduardo Nei de Jesus Vieira e a engenheira civil Manoela Silva destacaram<\/a> que \u201co fator determinante para o desabamento foi o fato de a pista estar somente apoiada nos pilares danificados, sem qualquer tipo de ancoragem&#8221;.<\/p>\n<p>Em abril do ano passado, a Secretaria Municipal de Obras P\u00fablicas<a href=\"http:\/\/bit.ly\/1UmkXTc\" target=\"_blank\" rel=\"noopener\"> divulgou um relat\u00f3rio<\/a> contendo atualiza\u00e7\u00f5es sobre a constru\u00e7\u00e3o da ciclovia. O relat\u00f3rio mostrava que:<\/p>\n<ol>\n<li style=\"font-weight: 400;\"><span style=\"font-weight: 400;\">O planejamento n\u00e3o previa risco de ondas e ressacas;<\/span><\/li>\n<li style=\"font-weight: 400;\">Muitos dos pontos constru\u00eddos foram considerados \u201czonas de respingo de mar\u00e9\u201d,\u00a0principalmente na \u00e1rea da encosta;<\/li>\n<li style=\"font-weight: 400;\"><span style=\"font-weight: 400;\">\u00a0Os \u00fanicos riscos apontados eram em<\/span>\u00a0rela\u00e7\u00e3o ao tr\u00e1fego intenso de ve\u00edculos, trabalho noturno nas encostas e sinaliza\u00e7\u00e3o.<\/li>\n<\/ol>\n<p>De acordo com a Concremat, a empresa \u201c<a href=\"http:\/\/bit.ly\/1SPBNaK\" target=\"_blank\" rel=\"noopener\">segue todos os protocolos e normas de seguran\u00e7a<\/a>\u201d e os \u201cmateriais empregados e a qualidade da constru\u00e7\u00e3o <a href=\"http:\/\/glo.bo\/1VXBOgN\" target=\"_blank\" rel=\"noopener\">seguiram todos os padr\u00f5es t\u00e9cnicos previstos nas normas brasileiras<\/a>&#8220;.<\/p>\n<p><a href=\"http:\/\/bit.ly\/1VESEk4\" target=\"_blank\" rel=\"noopener\">O prefeito disse<\/a> que as causas do acidente s\u00f3 podem ser determinadas ap\u00f3s a conclus\u00e3o das duas auditorias. O Instituto Nacional de Pesquisas Hidrovi\u00e1rias (INPH) e o Instituto Alberto Luiz Coimbra de P\u00f3s-Gradua\u00e7\u00e3o e Pesquisa de Engenharia da UFRJ (COPPE\/UFRJ) foram encarregados de realizar essas investiga\u00e7\u00f5es. Eduardo Paes <a href=\"http:\/\/bit.ly\/1VESEk4\" target=\"_blank\" rel=\"noopener\">garantiu \u00e0 imprensa<\/a>:\u00a0&#8220;Contratamos essa auditoria da Coppe e INPH para identificar isso tecnicamente e responsabilizar quem tiver que ser responsabilizado. Ou seja, se (<i>houve<\/i>) erro de projeto, erro de execu\u00e7\u00e3o, erro de acompanhamento, de fiscaliza\u00e7\u00e3o. O que a gente pode responder neste momento \u00e9 que est\u00e1 claro, n\u00e3o precisa nem ser olhado, \u00e9 que as coisas n\u00e3o foram bem feitas ali&#8221;.<\/p>\n<h3><b>Legado Ol\u00edmpico<\/b><\/h3>\n<p><a href=\"http:\/\/bit.ly\/1rob9Nb\" target=\"_blank\" rel=\"noopener\">O <em>The Guardian<\/em> escreveu que a trag\u00e9dia<\/a> \u00a0se trata de \u201coutro golpe na credibilidade da cidade sede das Olimp\u00edadas\u201d. Dias depois do desabamento, as redes sociais celebraram <a href=\"http:\/\/cnn.it\/1O14WeH\" target=\"_blank\" rel=\"noopener\">#100DaysToGo<\/a> at\u00e9 a cerim\u00f4nia de abertura dos Jogos. O desabamento aumenta ainda mais a sombra da <a href=\"http:\/\/cnn.it\/1O14WeH\" target=\"_blank\" rel=\"noopener\">crise pol\u00edtica e da corrup\u00e7\u00e3o, as preocupa\u00e7\u00f5es sobre a Zika e a polui\u00e7\u00e3o da \u00e1gua<\/a>.<\/p>\n<p>Cr\u00edticos da prepara\u00e7\u00e3o da Prefeitura para as Olimp\u00edadas veem o desabamento da ciclovia como outro exemplo de como a prepara\u00e7\u00e3o est\u00e1 sendo corrida, operando em um <a href=\"http:\/\/bit.ly\/1uhXW3g\" target=\"_blank\" rel=\"noopener\">estado de exce\u00e7\u00e3o<\/a>, justificado pelo megaevento e subvertendo os processos tradicionais. Cerca de metade dos contratos da Concremat com a Prefeitura foi assinada sem passar por processos de licita\u00e7\u00e3o, como \u201c<a href=\"http:\/\/bit.ly\/1SpWtao\" target=\"_blank\" rel=\"noopener\">obras emergenciais<\/a>\u201d. Os contratos emergenciais com a Concremat, sozinhos somam R$409.3 milh\u00f5es, <a href=\"http:\/\/glo.bo\/1Tk5KgC\" target=\"_blank\" rel=\"noopener\">R$12.3 milh\u00f5es dos quais foram destinados a sete projetos das Olimp\u00edadas<\/a>. No geral, desde o come\u00e7o do mandato de Eduardo Paes, 46,3% dos contratos foram executados como obras emergenciais.<\/p>\n<p><a href=\"http:\/\/rioonwatch.org.br\/wp-content\/uploads\/2016\/05\/IMG_0435.jpg\"><img decoding=\"async\" class=\"aligncenter wp-image-19651 size-medium\" title=\"A ciclovia foi anunciada como um projeto do legado ol\u00edmpico.\" src=\"http:\/\/rioonwatch.org.br\/wp-content\/uploads\/2016\/05\/IMG_0435-620x465.jpg\" alt=\"IMG_0435\" width=\"620\" height=\"465\" srcset=\"https:\/\/rioonwatch.org.br\/wp-content\/uploads\/2016\/05\/IMG_0435.jpg 620w, https:\/\/rioonwatch.org.br\/wp-content\/uploads\/2016\/05\/IMG_0435-352x264.jpg 352w, https:\/\/rioonwatch.org.br\/wp-content\/uploads\/2016\/05\/IMG_0435-174x131.jpg 174w, https:\/\/rioonwatch.org.br\/wp-content\/uploads\/2016\/05\/IMG_0435-300x225.jpg 300w, https:\/\/rioonwatch.org.br\/wp-content\/uploads\/2016\/05\/IMG_0435-70x53.jpg 70w\" sizes=\"(max-width: 620px) 100vw, 620px\" \/><\/a><\/p>\n<p>Uma cr\u00edtica comum \u00e9 que uma grande por\u00e7\u00e3o dessas obras tem recebido maior considera\u00e7\u00e3o em rela\u00e7\u00e3o \u00e0 imagem do que \u00e0 seguran\u00e7a e \u00e0 funcionalidade. Em dezembro de 2014, trabalhadores da constru\u00e7\u00e3o da ciclovia <a href=\"http:\/\/glo.bo\/22QZ8LQ\" target=\"_blank\" rel=\"noopener\">protestaram contra as condi\u00e7\u00f5es inadequadas de trabalho<\/a>, incluindo falta de equipamentos adequados e precau\u00e7\u00f5es de seguran\u00e7a.<\/p>\n<p>Ap\u00f3s o desabamento da ciclovia, Eduardo Paes foi r\u00e1pido em dizer que a imagem n\u00e3o \u00e9 a principal preocupa\u00e7\u00e3o na avalia\u00e7\u00e3o das consequ\u00eancias do desabamento da ciclovia. Entretanto,\u00a0<a href=\"http:\/\/bit.ly\/1rzQCpj\" target=\"_blank\" rel=\"noopener\">ele chegou a dizer<\/a>: \u201c\u00c9 dif\u00edcil olhar um Instagram de um carioca que n\u00e3o tivesse uma foto nessa ciclovia\u201d. Como <a href=\"http:\/\/bit.ly\/1T0EshR\" target=\"_blank\" rel=\"noopener\">uma recente mat\u00e9ria do\u00a0<em>RioOnWatch<\/em><\/a>\u00a0analisa, a Prefeitura tem sido elogiada por alguns programas recentes, atrav\u00e9s de uma s\u00e9rie de pr\u00eamios internacionais, mas um olhar mais atento revela que muitas vezes esses programas geram mudan\u00e7as superficiais (se as mudan\u00e7as tiverem sido realmente implementadas) &#8220;<a href=\"http:\/\/bit.ly\/1FM0mN6\" target=\"_blank\" rel=\"noopener\">para ingl\u00eas ver<\/a>.&#8221;<\/p>\n<p>Uma das a\u00e7\u00f5es mais controversas do prefeito durante a prepara\u00e7\u00e3o para as Olimp\u00edadas foi a <a href=\"http:\/\/bit.ly\/X51Qvb\" target=\"_blank\" rel=\"noopener\">remo\u00e7\u00e3o<\/a> dos moradores da <a href=\"http:\/\/bit.ly\/Nfddvg\" target=\"_blank\" rel=\"noopener\">Vila Aut\u00f3dromo<\/a>. <a href=\"http:\/\/bit.ly\/23OPO0H\" target=\"_blank\" rel=\"noopener\">De acordo com o Rio Transparente<\/a>, o primeiro contrato que a Concremat fechou com a administra\u00e7\u00e3o de Eduardo Paes consistia em desenvolver assist\u00eancia t\u00e9cnica para projetos do governo nas favelas, como a <a href=\"http:\/\/bit.ly\/13uRoVx\" target=\"_blank\" rel=\"noopener\">Metr\u00f4-Mangueira<\/a> e a Vila Aut\u00f3dromo, ambas removidas em nome\u00a0da Copa do Mundo de 2014 e para as Olimp\u00edadas, respectivamente. Esse contrato tamb\u00e9m foi ganho como um contrato \u201cemergencial\u201d, sem licita\u00e7\u00e3o.<\/p>\n<p class=\"p1\"><span class=\"s1\">Ap\u00f3s o desabamento da ciclovia, protestos foram organizados pelo Facebook, incluindo um\u00a0<a href=\"http:\/\/bit.ly\/1YWwUhG\" target=\"_blank\" rel=\"noopener\">protesto de bicicletas<\/a> organizado pela Massa Cr\u00edtica do Rio de Janeiro, que \u00e9 parte de um movimento internacional de ciclismo. Eles escreveram no convite do evento, em sua p\u00e1gina do Facebook, que uma ciclovia (bem constru\u00edda) era um desejo de longa data dos ciclistas do Rio. \u201cHoje vamos pedalar pelas vidas perdidas no incidente (e n\u00e3o acidente), pelo descaso do poder p\u00fablico com a vida de quem usa bicicleta, e por mais prioridades e seguran\u00e7a no tr\u00e2nsito para as pessoas (e n\u00e3o para os ve\u00edculos)&#8221;.<\/span><\/p>\n<h3><strong>Ciclovia para Quem?<\/strong><\/h3>\n<p>Com meros tr\u00eas meses de uso, \u00e9 dif\u00edcil saber com exatid\u00e3o at\u00e9 que ponto os moradores dos bairros vizinhos estavam usando a ciclovia como modo de transporte. Entretanto, na \u00faltima quinta-feira ap\u00f3s a morte fatal do morador da Rocinha, Ronaldo Severino da Silva, de 60 anos, <a href=\"http:\/\/glo.bo\/23ewc0h\" target=\"_blank\" rel=\"noopener\">sua esposa Eliane<\/a> disse que Ronaldo geralmente gostava de \u201cdar uma volta\u201d na ciclovia, e nesse dia em particular ele estava pedalando da Rocinha para Copacabana, ida e volta. <a href=\"http:\/\/glo.bo\/23ewc0h\" target=\"_blank\" rel=\"noopener\">De acordo com seu primo<\/a>, Marco Ant\u00f4nio, Ronaldo era um homem trabalhador que estava \u201cacostumado a pedalar na ciclovia\u201d. Outro morador da Rocinha, jornalista\u00a0<a href=\"http:\/\/bit.ly\/1pFMQZw\" target=\"_blank\" rel=\"noopener\">Michel Silva, compartilhou na sua p\u00e1gina do Facebook<\/a>: \u201cJ\u00e1 tinha imaginado que algo de ruim poderia acontecer. A parte que desabou tinha imperfei\u00e7\u00f5es. Existiam (e existem) algumas brechas nos encaixes da ciclovia com as pilastras. Tamb\u00e9m percebi que a parte que caiu era desnivelada. Agora tenho medo de usar aquele caminho para ir ao trabalho ou faculdade. Triste&#8221;.<\/p>\n<p><a href=\"http:\/\/bit.ly\/1UhrmPv\" target=\"_blank\" rel=\"noopener\">Na p\u00e1gina comunit\u00e1ria do Facebook Mar\u00e9 Vive<\/a>, moradores compararam a ciclovia Tim Maia com a ciclovia do <a href=\"http:\/\/bit.ly\/10BvARw\" target=\"_blank\" rel=\"noopener\">Complexo da Mar\u00e9<\/a>. A ciclovia Tim Maia tinha 4km de extens\u00e3o e custou cerca de R$44 milh\u00f5es e foi inaugurada em janeiro. A ciclovia da Mar\u00e9, com 22km de extens\u00e3o, custou R$7 milh\u00f5es e demorou um ano para ficar \u201cpronta\u201d. Os moradores afirmam que a ciclovia da Mar\u00e9 parece ter sido pintada apressadamente, e j\u00e1 est\u00e1 t\u00e3o apagada que n\u00e3o \u00e9 mais vis\u00edvel da rua. <a href=\"http:\/\/bit.ly\/1UhrmPv\" target=\"_blank\" rel=\"noopener\">Um coment\u00e1rio no Facebook destaca<\/a>:\u00a0\u201cEm ambos os casos, desvio de dinheiro cl\u00e1ssico. A diferen\u00e7a \u00e9 que na Niemeyer eles v\u00e3o gastar o dobro pra refazer o que caiu e a ciclo faixa da Mar\u00e9 nem vai entrar na pauta desse governo&#8221;.<\/p>\n<p><a href=\"http:\/\/rioonwatch.org.br\/wp-content\/uploads\/2016\/05\/Desensitization.png\"><img loading=\"lazy\" decoding=\"async\" class=\"aligncenter wp-image-19653 size-medium\" title=\"Dessensibiliza\u00e7\u00e3o\" src=\"http:\/\/rioonwatch.org.br\/wp-content\/uploads\/2016\/05\/Desensitization-620x392.png\" alt=\"Dssensibiliza\u00e7\u00e3o\" width=\"620\" height=\"392\" srcset=\"https:\/\/rioonwatch.org.br\/wp-content\/uploads\/2016\/05\/Desensitization-620x392.png 620w, https:\/\/rioonwatch.org.br\/wp-content\/uploads\/2016\/05\/Desensitization-417x264.png 417w, https:\/\/rioonwatch.org.br\/wp-content\/uploads\/2016\/05\/Desensitization-768x486.png 768w, https:\/\/rioonwatch.org.br\/wp-content\/uploads\/2016\/05\/Desensitization-1024x648.png 1024w, https:\/\/rioonwatch.org.br\/wp-content\/uploads\/2016\/05\/Desensitization.png 1200w\" sizes=\"(max-width: 620px) 100vw, 620px\" \/><\/a><\/p>\n<p class=\"p1\"><span class=\"s1\">Outros fizeram uso das redes sociais, no embalo do desabamento da ciclovia, para expressar sua consterna\u00e7\u00e3o sobre um jogo de futev\u00f4lei que continuou acontecendo, mesmo com os\u00a0<a href=\"http:\/\/bit.ly\/24amTV0\" target=\"_blank\" rel=\"noopener\">dois corpos das v\u00edtimas do desabamento na areia da praia<\/a>. Enquanto um padre com dois milh\u00f5es de seguidores no Twitter, disse que a imagem e a situa\u00e7\u00e3o nos deixam &#8220;<a href=\"http:\/\/bit.ly\/1XYA4Be\" target=\"_blank\" rel=\"noopener\">menos humanos<\/a>\u201d, outros apontaram a dessensibiliza\u00e7\u00e3o em rela\u00e7\u00e3o \u00e0 mortes que ocorrem nas favelas, que experienciam altas taxas de viol\u00eancia policial e conflitos armados. Dizem que um menino que estava na cena disse ao fot\u00f3grafo da foto que ficou famosa que \u201c<a href=\"http:\/\/bit.ly\/1XjUeHT\" target=\"_blank\" rel=\"noopener\">na favela isso acontece todo dia<\/a>\u201d.<\/span><\/p>\n<h3><strong>Reconstru\u00e7\u00e3o<\/strong><\/h3>\n<p>Vereadora\u00a0<a href=\"http:\/\/glo.bo\/1VXBOgN\" target=\"_blank\" rel=\"noopener\">Teresa Bergher, do <span style=\"font-weight: 400;\">PSD\u00a0(<\/span>Partido Social Democr\u00e1tico), entrou com uma a\u00e7\u00e3o<\/a>\u00a0na Justi\u00e7a\u00a0para fazer valer a suspens\u00e3o imediata de todos os projetos da Concremat\/Concrejato, e ela realmente acredita que a ciclovia n\u00e3o deve ser reconstru\u00edda. Teresa Bergher\u00a0argumenta que \u00e9 \u201cmuita falta de responsabilidade do prefeito querer reconstruir a ciclovia num local que n\u00e3o oferece seguran\u00e7a \u00e0 popula\u00e7\u00e3o. A Prefeitura n\u00e3o pode brincar com a vida das pessoas. N\u00e3o \u00e9 poss\u00edvel contar com a calmaria e benevol\u00eancia do mar. Vou ajuizar uma a\u00e7\u00e3o para impedir essa insanidade&#8221;.<\/p>\n<p>Ana Teresa Nadruz, a arquiteta supracitada, que \u00e9 especializada em gerenciamento de projetos de engenharia, <a href=\"http:\/\/bit.ly\/1NpLwFT\" target=\"_blank\" rel=\"noopener\">lan\u00e7ou uma peti\u00e7\u00e3o p\u00fablica, no dia 27 de abril<\/a>, em favor da demoli\u00e7\u00e3o da ciclovia toda. A peti\u00e7\u00e3o argumenta que a ciclovia coloca os ciclistas em risco devido ao posicionamento de sua rota, entre o mar e a encosta rochosa.<\/p>\n<p>No dia 25 de abril, Eduardo Paes <a href=\"http:\/\/bit.ly\/1TATevN\" target=\"_blank\" rel=\"noopener\">anunciou<\/a> que a reconstru\u00e7\u00e3o da ciclovia Tim Maia ser\u00e1 iniciada e conclu\u00edda antes do come\u00e7o das Olimp\u00edadas, em 5 de agosto. Em uma coletiva de imprensa, <a href=\"http:\/\/glo.bo\/23WFFiC\" target=\"_blank\" rel=\"noopener\">o prefeito afirmou<\/a>: \u201cQueremos manter a ciclovia. Vamos fazer os ajustes necess\u00e1rios para isso. Est\u00e1 claro que \u00e9 necess\u00e1rio um plano de conting\u00eancia. Em momentos de ondas muito fortes, as pessoas precisam ser alertadas para n\u00e3o circularem pelo local\u201d. Ele garantiu que especialistas v\u00e3o criar procedimentos de interdi\u00e7\u00e3o para quando as condi\u00e7\u00f5es do mar estiverem adversas.<\/p>\n<p><a href=\"http:\/\/rioonwatch.org.br\/wp-content\/uploads\/2016\/05\/Paes-Reconstructs.jpg\"><img loading=\"lazy\" decoding=\"async\" class=\"aligncenter wp-image-19678 size-content\" title=\"ciclovia a ser reconstru\u00edda\" src=\"http:\/\/rioonwatch.org.br\/wp-content\/uploads\/2016\/05\/Paes-Reconstructs-620x264.jpg\" alt=\"Paes-Reconstructs\" width=\"620\" height=\"264\" \/><\/a><\/p>\n<p class=\"p1\"><span class=\"s1\">O pr\u00f3prio cons\u00f3rcio Concremat divulgou uma declara\u00e7\u00e3o, no <a href=\"http:\/\/glo.bo\/23WFFiC\" target=\"_blank\" rel=\"noopener\">domingo 24 de abril<\/a>, que dizia: \u201cUma investiga\u00e7\u00e3o interna, com a participa\u00e7\u00e3o de consultores independentes, est\u00e1 em curso a fim de avaliar se alguma atividade sob a responsabilidade do Cons\u00f3rcio contribuiu para o acidente\u201d.<\/span><\/p>\n<p><span class=\"s1\"><a href=\"http:\/\/bit.ly\/1TaAZtX\" target=\"_blank\" rel=\"noopener\">O relat\u00f3rio final que revisa\u00a0a constru\u00e7\u00e3o da ciclovia<\/a> est\u00e1 programado para ser finalizado at\u00e9 o final de maio de 2016, por especialistas do Tribunal de Contas do Munic\u00edpio do Rio de Janeiro (TCM-RJ).<\/span><\/p>\n<p class=\"p1\"><span class=\"s1\">Se a ciclovia for ou n\u00e3o reconstru\u00edda, est\u00e1 claro que o desabamento parcial, e o que o p\u00fablico est\u00e1 condenando como uma perda de vida evit\u00e1vel, n\u00e3o ser\u00e1 esquecido t\u00e3o cedo.\u00a0<a href=\"http:\/\/bit.ly\/1SzxtO5\" target=\"_blank\" rel=\"noopener\">A p\u00e1gina oficial no Facebook da ciclovia Tim Maia<\/a> se tornou um mural para os moradores do Rio soltarem a voz e manifestarem sua frustra\u00e7\u00e3o e tristeza. Um escreveu, \u201cO Brasil n\u00e3o precisa de vulc\u00f5es, terremotos, furac\u00f5es ou tsunamis. Temos pol\u00edticos e ciclovias\u201d. Muitos coment\u00e1rios no Facebook insinuam que a trag\u00e9dia \u00e9 um s\u00edmbolo do colapso das institui\u00e7\u00f5es pol\u00edticas e tamb\u00e9m da&#8211;menos concreta, por\u00e9m profundamente sentida&#8211;aus\u00eancia de investimentos na qualidade de vida dos cidad\u00e3os em diferentes frentes, enquanto os bolsos dos pol\u00edticos continuam cheios. A implica\u00e7\u00e3o mais ampla \u00e9 que talvez a \u201creconstru\u00e7\u00e3o\u201d\u00a0<a href=\"http:\/\/bit.ly\/24oVpaT\" target=\"_blank\" rel=\"noopener\">deveria come\u00e7ar neste ponto<\/a>.<\/span><\/p>\n<!-- AddThis Advanced Settings generic via filter on the_content --><!-- AddThis Share Buttons generic via filter on the_content -->","protected":false},"excerpt":{"rendered":"<div class=\"mh-excerpt\"><p>Click Here for English No dia 21 de abril,\u00a0um trecho de 50 metros da ciclovia Tim Maia&#8211;pr\u00f3xima do bairro de S\u00e3o Conrado, na\u00a0Zona Sul&#8211;desabou com uma forte onda, matando pelo menos duas pessoas. As v\u00edtimas <a class=\"mh-excerpt-more\" href=\"https:\/\/rioonwatch.org.br\/?p=19629\" title=\"Ap\u00f3s Semanas, Desabamento de Ciclovia Traz \u00e0 Tona Numerosas Quest\u00f5es\">[&#8230;]<\/a><!-- AddThis Advanced Settings generic via filter on get_the_excerpt --><!-- AddThis Share Buttons generic via filter on get_the_excerpt --><\/p>\n<\/div>","protected":false},"author":129,"featured_media":19631,"comment_status":"closed","ping_status":"closed","sticky":false,"template":"","format":"standard","meta":{"_acf_changed":false,"_monsterinsights_skip_tracking":false,"_monsterinsights_sitenote_active":false,"_monsterinsights_sitenote_note":"","_monsterinsights_sitenote_category":0,"footnotes":""},"categories":[1626,1639,1726],"tags":[1853,332,310,484,292,977,437,722,1240,1021,78,839,14,16,2369,1211,764,1153,55,30,383],"writer":[1791,1677],"translator":[1737],"source":[],"ilustrador":[],"fotografo":[],"class_list":{"0":"post-19629","1":"post","2":"type-post","3":"status-publish","4":"format-standard","5":"has-post-thumbnail","7":"category-por-observadores-internacionais","8":"category-sustentabilidade","9":"category-transporte","10":"tag-ciclovia","11":"tag-complexo-da-mare","12":"tag-corrupcao","13":"tag-prefeito-eduardo-paes","14":"tag-esporte","15":"tag-estado-de-excecao","16":"tag-favela-do-metro","17":"tag-legado","18":"tag-megaeventos","19":"tag-mito-do-legado","20":"tag-olimpiadas","21":"tag-prioridades-publicas-equivocadas","22":"tag-remocao","23":"tag-rocinha","24":"tag-sao-conrado","25":"tag-servicos-publicos","26":"tag-transporte","27":"tag-uso-de-bicicleta","28":"tag-vila-autodromo","29":"tag-violencia","30":"tag-zona-sul","31":"writer-anna-cash","32":"writer-clare-huggins","33":"translator-fabricio-salles"},"acf":[],"yoast_head":"<!-- This site is optimized with the Yoast SEO plugin v25.6 - https:\/\/yoast.com\/wordpress\/plugins\/seo\/ -->\n<title>Ap\u00f3s Semanas, Desabamento de Ciclovia Traz \u00e0 Tona Numerosas Quest\u00f5es - RioOnWatch<\/title>\n<meta name=\"robots\" content=\"index, follow, max-snippet:-1, max-image-preview:large, max-video-preview:-1\" \/>\n<link rel=\"canonical\" href=\"https:\/\/rioonwatch.org.br\/?p=19629\" \/>\n<meta property=\"og:locale\" content=\"pt_BR\" \/>\n<meta property=\"og:type\" content=\"article\" \/>\n<meta property=\"og:title\" content=\"Ap\u00f3s Semanas, Desabamento de Ciclovia Traz \u00e0 Tona Numerosas Quest\u00f5es - RioOnWatch\" \/>\n<meta property=\"og:description\" content=\"Click Here for English No dia 21 de abril,\u00a0um trecho de 50 metros da ciclovia Tim Maia&#8211;pr\u00f3xima do bairro de S\u00e3o Conrado, na\u00a0Zona Sul&#8211;desabou com uma forte onda, matando pelo menos duas pessoas. As v\u00edtimas [...]\" \/>\n<meta property=\"og:url\" content=\"https:\/\/rioonwatch.org.br\/?p=19629\" \/>\n<meta property=\"og:site_name\" content=\"RioOnWatch\" \/>\n<meta property=\"article:published_time\" content=\"2016-05-13T12:13:42+00:00\" \/>\n<meta property=\"article:modified_time\" content=\"2024-06-20T19:27:38+00:00\" \/>\n<meta property=\"og:image\" content=\"https:\/\/rioonwatch.org.br\/wp-content\/uploads\/2016\/05\/Ciclovia-break.jpg\" \/>\n\t<meta property=\"og:image:width\" content=\"932\" \/>\n\t<meta property=\"og:image:height\" content=\"524\" \/>\n\t<meta property=\"og:image:type\" content=\"image\/jpeg\" \/>\n<meta name=\"author\" content=\"Admin\" \/>\n<meta name=\"twitter:card\" content=\"summary_large_image\" \/>\n<meta name=\"twitter:label1\" content=\"Escrito por\" \/>\n\t<meta name=\"twitter:data1\" content=\"Admin\" \/>\n\t<meta name=\"twitter:label2\" content=\"Est. tempo de leitura\" \/>\n\t<meta name=\"twitter:data2\" content=\"12 minutos\" \/>\n<script type=\"application\/ld+json\" class=\"yoast-schema-graph\">{\"@context\":\"https:\/\/schema.org\",\"@graph\":[{\"@type\":\"Article\",\"@id\":\"https:\/\/rioonwatch.org.br\/?p=19629#article\",\"isPartOf\":{\"@id\":\"https:\/\/rioonwatch.org.br\/?p=19629\"},\"author\":{\"name\":\"Admin\",\"@id\":\"https:\/\/rioonwatch.org.br\/#\/schema\/person\/11d64c290506f9df50c71b850c473f68\"},\"headline\":\"Ap\u00f3s Semanas, Desabamento de Ciclovia Traz \u00e0 Tona Numerosas Quest\u00f5es\",\"datePublished\":\"2016-05-13T12:13:42+00:00\",\"dateModified\":\"2024-06-20T19:27:38+00:00\",\"mainEntityOfPage\":{\"@id\":\"https:\/\/rioonwatch.org.br\/?p=19629\"},\"wordCount\":2370,\"publisher\":{\"@id\":\"https:\/\/rioonwatch.org.br\/#organization\"},\"image\":{\"@id\":\"https:\/\/rioonwatch.org.br\/?p=19629#primaryimage\"},\"thumbnailUrl\":\"https:\/\/rioonwatch.org.br\/wp-content\/uploads\/2016\/05\/Ciclovia-break.jpg\",\"keywords\":[\"ciclovia\",\"Complexo da Mar\u00e9\",\"corrup\u00e7\u00e3o\",\"Eduardo Paes\",\"esporte\",\"estado de exce\u00e7\u00e3o\",\"Favela do Metr\u00f4\",\"Legado Ol\u00edmpico\",\"Megaeventos\",\"mito do legado\",\"Olimp\u00edadas\",\"prioridades p\u00fablicas equivocadas\",\"Remo\u00e7\u00e3o\",\"Rocinha\",\"S\u00e3o Conrado\",\"servi\u00e7os p\u00fablicos\",\"transporte\",\"uso de bicicleta\",\"Vila Aut\u00f3dromo\",\"viol\u00eancia\",\"Zona Sul\"],\"articleSection\":[\"Escrito por Aliados\",\"Sustentabilidade\",\"Transporte\"],\"inLanguage\":\"pt-BR\"},{\"@type\":\"WebPage\",\"@id\":\"https:\/\/rioonwatch.org.br\/?p=19629\",\"url\":\"https:\/\/rioonwatch.org.br\/?p=19629\",\"name\":\"Ap\u00f3s Semanas, Desabamento de Ciclovia Traz \u00e0 Tona Numerosas Quest\u00f5es - RioOnWatch\",\"isPartOf\":{\"@id\":\"https:\/\/rioonwatch.org.br\/#website\"},\"primaryImageOfPage\":{\"@id\":\"https:\/\/rioonwatch.org.br\/?p=19629#primaryimage\"},\"image\":{\"@id\":\"https:\/\/rioonwatch.org.br\/?p=19629#primaryimage\"},\"thumbnailUrl\":\"https:\/\/rioonwatch.org.br\/wp-content\/uploads\/2016\/05\/Ciclovia-break.jpg\",\"datePublished\":\"2016-05-13T12:13:42+00:00\",\"dateModified\":\"2024-06-20T19:27:38+00:00\",\"breadcrumb\":{\"@id\":\"https:\/\/rioonwatch.org.br\/?p=19629#breadcrumb\"},\"inLanguage\":\"pt-BR\",\"potentialAction\":[{\"@type\":\"ReadAction\",\"target\":[\"https:\/\/rioonwatch.org.br\/?p=19629\"]}]},{\"@type\":\"ImageObject\",\"inLanguage\":\"pt-BR\",\"@id\":\"https:\/\/rioonwatch.org.br\/?p=19629#primaryimage\",\"url\":\"https:\/\/rioonwatch.org.br\/wp-content\/uploads\/2016\/05\/Ciclovia-break.jpg\",\"contentUrl\":\"https:\/\/rioonwatch.org.br\/wp-content\/uploads\/2016\/05\/Ciclovia-break.jpg\",\"width\":932,\"height\":524},{\"@type\":\"BreadcrumbList\",\"@id\":\"https:\/\/rioonwatch.org.br\/?p=19629#breadcrumb\",\"itemListElement\":[{\"@type\":\"ListItem\",\"position\":1,\"name\":\"In\u00edcio\",\"item\":\"https:\/\/rioonwatch.org.br\/\"},{\"@type\":\"ListItem\",\"position\":2,\"name\":\"Ap\u00f3s Semanas, Desabamento de Ciclovia Traz \u00e0 Tona Numerosas Quest\u00f5es\"}]},{\"@type\":\"WebSite\",\"@id\":\"https:\/\/rioonwatch.org.br\/#website\",\"url\":\"https:\/\/rioonwatch.org.br\/\",\"name\":\"RioOnWatch\",\"description\":\"relatos das favelas cariocas\",\"publisher\":{\"@id\":\"https:\/\/rioonwatch.org.br\/#organization\"},\"potentialAction\":[{\"@type\":\"SearchAction\",\"target\":{\"@type\":\"EntryPoint\",\"urlTemplate\":\"https:\/\/rioonwatch.org.br\/?s={search_term_string}\"},\"query-input\":{\"@type\":\"PropertyValueSpecification\",\"valueRequired\":true,\"valueName\":\"search_term_string\"}}],\"inLanguage\":\"pt-BR\"},{\"@type\":\"Organization\",\"@id\":\"https:\/\/rioonwatch.org.br\/#organization\",\"name\":\"RioOnWatch\",\"url\":\"https:\/\/rioonwatch.org.br\/\",\"logo\":{\"@type\":\"ImageObject\",\"inLanguage\":\"pt-BR\",\"@id\":\"https:\/\/rioonwatch.org.br\/#\/schema\/logo\/image\/\",\"url\":\"https:\/\/rioonwatch.org.br\/wp-content\/uploads\/2021\/06\/RioOnWatchcabecalhoPT11anos-2.png\",\"contentUrl\":\"https:\/\/rioonwatch.org.br\/wp-content\/uploads\/2021\/06\/RioOnWatchcabecalhoPT11anos-2.png\",\"width\":779,\"height\":277,\"caption\":\"RioOnWatch\"},\"image\":{\"@id\":\"https:\/\/rioonwatch.org.br\/#\/schema\/logo\/image\/\"}},{\"@type\":\"Person\",\"@id\":\"https:\/\/rioonwatch.org.br\/#\/schema\/person\/11d64c290506f9df50c71b850c473f68\",\"name\":\"Admin\",\"image\":{\"@type\":\"ImageObject\",\"inLanguage\":\"pt-BR\",\"@id\":\"https:\/\/rioonwatch.org.br\/#\/schema\/person\/image\/\",\"url\":\"https:\/\/secure.gravatar.com\/avatar\/56211ac74568383903349a1485e3c325?s=96&d=blank&r=g\",\"contentUrl\":\"https:\/\/secure.gravatar.com\/avatar\/56211ac74568383903349a1485e3c325?s=96&d=blank&r=g\",\"caption\":\"Admin\"},\"url\":\"https:\/\/rioonwatch.org.br\/?author=129\"}]}<\/script>\n<!-- \/ Yoast SEO plugin. -->","yoast_head_json":{"title":"Ap\u00f3s Semanas, Desabamento de Ciclovia Traz \u00e0 Tona Numerosas Quest\u00f5es - RioOnWatch","robots":{"index":"index","follow":"follow","max-snippet":"max-snippet:-1","max-image-preview":"max-image-preview:large","max-video-preview":"max-video-preview:-1"},"canonical":"https:\/\/rioonwatch.org.br\/?p=19629","og_locale":"pt_BR","og_type":"article","og_title":"Ap\u00f3s Semanas, Desabamento de Ciclovia Traz \u00e0 Tona Numerosas Quest\u00f5es - RioOnWatch","og_description":"Click Here for English No dia 21 de abril,\u00a0um trecho de 50 metros da ciclovia Tim Maia&#8211;pr\u00f3xima do bairro de S\u00e3o Conrado, na\u00a0Zona Sul&#8211;desabou com uma forte onda, matando pelo menos duas pessoas. As v\u00edtimas [...]","og_url":"https:\/\/rioonwatch.org.br\/?p=19629","og_site_name":"RioOnWatch","article_published_time":"2016-05-13T12:13:42+00:00","article_modified_time":"2024-06-20T19:27:38+00:00","og_image":[{"width":932,"height":524,"url":"https:\/\/rioonwatch.org.br\/wp-content\/uploads\/2016\/05\/Ciclovia-break.jpg","type":"image\/jpeg"}],"author":"Admin","twitter_card":"summary_large_image","twitter_misc":{"Escrito por":"Admin","Est. tempo de leitura":"12 minutos"},"schema":{"@context":"https:\/\/schema.org","@graph":[{"@type":"Article","@id":"https:\/\/rioonwatch.org.br\/?p=19629#article","isPartOf":{"@id":"https:\/\/rioonwatch.org.br\/?p=19629"},"author":{"name":"Admin","@id":"https:\/\/rioonwatch.org.br\/#\/schema\/person\/11d64c290506f9df50c71b850c473f68"},"headline":"Ap\u00f3s Semanas, Desabamento de Ciclovia Traz \u00e0 Tona Numerosas Quest\u00f5es","datePublished":"2016-05-13T12:13:42+00:00","dateModified":"2024-06-20T19:27:38+00:00","mainEntityOfPage":{"@id":"https:\/\/rioonwatch.org.br\/?p=19629"},"wordCount":2370,"publisher":{"@id":"https:\/\/rioonwatch.org.br\/#organization"},"image":{"@id":"https:\/\/rioonwatch.org.br\/?p=19629#primaryimage"},"thumbnailUrl":"https:\/\/rioonwatch.org.br\/wp-content\/uploads\/2016\/05\/Ciclovia-break.jpg","keywords":["ciclovia","Complexo da Mar\u00e9","corrup\u00e7\u00e3o","Eduardo Paes","esporte","estado de exce\u00e7\u00e3o","Favela do Metr\u00f4","Legado Ol\u00edmpico","Megaeventos","mito do legado","Olimp\u00edadas","prioridades p\u00fablicas equivocadas","Remo\u00e7\u00e3o","Rocinha","S\u00e3o Conrado","servi\u00e7os p\u00fablicos","transporte","uso de bicicleta","Vila Aut\u00f3dromo","viol\u00eancia","Zona Sul"],"articleSection":["Escrito por Aliados","Sustentabilidade","Transporte"],"inLanguage":"pt-BR"},{"@type":"WebPage","@id":"https:\/\/rioonwatch.org.br\/?p=19629","url":"https:\/\/rioonwatch.org.br\/?p=19629","name":"Ap\u00f3s Semanas, Desabamento de Ciclovia Traz \u00e0 Tona Numerosas Quest\u00f5es - RioOnWatch","isPartOf":{"@id":"https:\/\/rioonwatch.org.br\/#website"},"primaryImageOfPage":{"@id":"https:\/\/rioonwatch.org.br\/?p=19629#primaryimage"},"image":{"@id":"https:\/\/rioonwatch.org.br\/?p=19629#primaryimage"},"thumbnailUrl":"https:\/\/rioonwatch.org.br\/wp-content\/uploads\/2016\/05\/Ciclovia-break.jpg","datePublished":"2016-05-13T12:13:42+00:00","dateModified":"2024-06-20T19:27:38+00:00","breadcrumb":{"@id":"https:\/\/rioonwatch.org.br\/?p=19629#breadcrumb"},"inLanguage":"pt-BR","potentialAction":[{"@type":"ReadAction","target":["https:\/\/rioonwatch.org.br\/?p=19629"]}]},{"@type":"ImageObject","inLanguage":"pt-BR","@id":"https:\/\/rioonwatch.org.br\/?p=19629#primaryimage","url":"https:\/\/rioonwatch.org.br\/wp-content\/uploads\/2016\/05\/Ciclovia-break.jpg","contentUrl":"https:\/\/rioonwatch.org.br\/wp-content\/uploads\/2016\/05\/Ciclovia-break.jpg","width":932,"height":524},{"@type":"BreadcrumbList","@id":"https:\/\/rioonwatch.org.br\/?p=19629#breadcrumb","itemListElement":[{"@type":"ListItem","position":1,"name":"In\u00edcio","item":"https:\/\/rioonwatch.org.br\/"},{"@type":"ListItem","position":2,"name":"Ap\u00f3s Semanas, Desabamento de Ciclovia Traz \u00e0 Tona Numerosas Quest\u00f5es"}]},{"@type":"WebSite","@id":"https:\/\/rioonwatch.org.br\/#website","url":"https:\/\/rioonwatch.org.br\/","name":"RioOnWatch","description":"relatos das favelas cariocas","publisher":{"@id":"https:\/\/rioonwatch.org.br\/#organization"},"potentialAction":[{"@type":"SearchAction","target":{"@type":"EntryPoint","urlTemplate":"https:\/\/rioonwatch.org.br\/?s={search_term_string}"},"query-input":{"@type":"PropertyValueSpecification","valueRequired":true,"valueName":"search_term_string"}}],"inLanguage":"pt-BR"},{"@type":"Organization","@id":"https:\/\/rioonwatch.org.br\/#organization","name":"RioOnWatch","url":"https:\/\/rioonwatch.org.br\/","logo":{"@type":"ImageObject","inLanguage":"pt-BR","@id":"https:\/\/rioonwatch.org.br\/#\/schema\/logo\/image\/","url":"https:\/\/rioonwatch.org.br\/wp-content\/uploads\/2021\/06\/RioOnWatchcabecalhoPT11anos-2.png","contentUrl":"https:\/\/rioonwatch.org.br\/wp-content\/uploads\/2021\/06\/RioOnWatchcabecalhoPT11anos-2.png","width":779,"height":277,"caption":"RioOnWatch"},"image":{"@id":"https:\/\/rioonwatch.org.br\/#\/schema\/logo\/image\/"}},{"@type":"Person","@id":"https:\/\/rioonwatch.org.br\/#\/schema\/person\/11d64c290506f9df50c71b850c473f68","name":"Admin","image":{"@type":"ImageObject","inLanguage":"pt-BR","@id":"https:\/\/rioonwatch.org.br\/#\/schema\/person\/image\/","url":"https:\/\/secure.gravatar.com\/avatar\/56211ac74568383903349a1485e3c325?s=96&d=blank&r=g","contentUrl":"https:\/\/secure.gravatar.com\/avatar\/56211ac74568383903349a1485e3c325?s=96&d=blank&r=g","caption":"Admin"},"url":"https:\/\/rioonwatch.org.br\/?author=129"}]}},"_links":{"self":[{"href":"https:\/\/rioonwatch.org.br\/index.php?rest_route=\/wp\/v2\/posts\/19629"}],"collection":[{"href":"https:\/\/rioonwatch.org.br\/index.php?rest_route=\/wp\/v2\/posts"}],"about":[{"href":"https:\/\/rioonwatch.org.br\/index.php?rest_route=\/wp\/v2\/types\/post"}],"author":[{"embeddable":true,"href":"https:\/\/rioonwatch.org.br\/index.php?rest_route=\/wp\/v2\/users\/129"}],"replies":[{"embeddable":true,"href":"https:\/\/rioonwatch.org.br\/index.php?rest_route=%2Fwp%2Fv2%2Fcomments&post=19629"}],"version-history":[{"count":32,"href":"https:\/\/rioonwatch.org.br\/index.php?rest_route=\/wp\/v2\/posts\/19629\/revisions"}],"predecessor-version":[{"id":33627,"href":"https:\/\/rioonwatch.org.br\/index.php?rest_route=\/wp\/v2\/posts\/19629\/revisions\/33627"}],"wp:featuredmedia":[{"embeddable":true,"href":"https:\/\/rioonwatch.org.br\/index.php?rest_route=\/wp\/v2\/media\/19631"}],"wp:attachment":[{"href":"https:\/\/rioonwatch.org.br\/index.php?rest_route=%2Fwp%2Fv2%2Fmedia&parent=19629"}],"wp:term":[{"taxonomy":"category","embeddable":true,"href":"https:\/\/rioonwatch.org.br\/index.php?rest_route=%2Fwp%2Fv2%2Fcategories&post=19629"},{"taxonomy":"post_tag","embeddable":true,"href":"https:\/\/rioonwatch.org.br\/index.php?rest_route=%2Fwp%2Fv2%2Ftags&post=19629"},{"taxonomy":"writer","embeddable":true,"href":"https:\/\/rioonwatch.org.br\/index.php?rest_route=%2Fwp%2Fv2%2Fwriter&post=19629"},{"taxonomy":"translator","embeddable":true,"href":"https:\/\/rioonwatch.org.br\/index.php?rest_route=%2Fwp%2Fv2%2Ftranslator&post=19629"},{"taxonomy":"source","embeddable":true,"href":"https:\/\/rioonwatch.org.br\/index.php?rest_route=%2Fwp%2Fv2%2Fsource&post=19629"},{"taxonomy":"ilustrador","embeddable":true,"href":"https:\/\/rioonwatch.org.br\/index.php?rest_route=%2Fwp%2Fv2%2Filustrador&post=19629"},{"taxonomy":"fotografo","embeddable":true,"href":"https:\/\/rioonwatch.org.br\/index.php?rest_route=%2Fwp%2Fv2%2Ffotografo&post=19629"}],"curies":[{"name":"wp","href":"https:\/\/api.w.org\/{rel}","templated":true}]}}