{"id":1965,"date":"2011-07-24T01:03:06","date_gmt":"2011-07-24T04:03:06","guid":{"rendered":"http:\/\/favela.info\/?p=1965"},"modified":"2016-05-19T08:53:45","modified_gmt":"2016-05-19T11:53:45","slug":"o-bonde-do-descaso","status":"publish","type":"post","link":"https:\/\/rioonwatch.org.br\/?p=1965","title":{"rendered":"O Bonde do descaso"},"content":{"rendered":"<p style=\"text-align: right;\"><em><strong><a href=\"http:\/\/bit.ly\/1sgLtTw\" target=\"_blank\">Click Here for English<img decoding=\"async\" width=\"20\" height=\"20\" class=\"alignright wp-image-15790\" src=\"http:\/\/rioonwatch.org.br\/wp-content\/uploads\/2012\/08\/EN-standard-e1439583104716.jpg\" alt=\"\" \/><\/a><\/strong><\/em><\/p>\n<p><a href=\"http:\/\/rioonwatch.org.br\/?attachment_id=1966\" rel=\"attachment wp-att-1966\"><img fetchpriority=\"high\" decoding=\"async\" class=\"alignleft size-thumbnail wp-image-1966\" title=\"Morro da Baiana | Foto: L\u00e9o Lima\" src=\"http:\/\/favela.info\/wp-content\/uploads\/2011\/07\/bondedodescaso-300x218.jpg\" alt=\"\" width=\"300\" height=\"218\" \/><\/a>Quem for dar um rol\u00e9 pelo mais novo point tur\u00edstico do Rio de Janeiro proporcionado por mais uma obra fara\u00f4nica do programa PAC, o badalado telef\u00e9rico do Complexo do Alem\u00e3o, ter\u00e1 que fazer um esfor\u00e7o maior para conhecer um pouco mais do que apenas o belo visual de um dos maiores complexos de favelas do Brasil.<\/p>\n<p>\u00c9 fato que um meio de transporte que funciona inicialmente fora dos hor\u00e1rios de pico, 07:00 at\u00e9 12:00hs, n\u00e3o pode ser considerado de utilidade p\u00fablica, a n\u00e3o ser pelo forte apelo tur\u00edstico. Sem contar a falta de unidades m\u00e9dicas de pronto atendimento e de profissionais bem treinados nas esta\u00e7\u00f5es, al\u00e9m da grave den\u00fancia feita por moradores ao Jornal Rio Suburbano de que duas g\u00f4ndolas despencaram e se espatifaram na rua no per\u00edodo de teste feito antes da inaugura\u00e7\u00e3o por sorte sem nenhuma v\u00edtima, not\u00edcia que segundo o pr\u00f3prio jornal conseguiu ser abafada e n\u00e3o foi divulgada pela grande m\u00eddia. Todos esses fatores somados d\u00e3o uma angustiante sensa\u00e7\u00e3o de estar servindo de cobaia a uma irrespons\u00e1vel experi\u00eancia.<\/p>\n<p>Se voc\u00ea\u00a0estiver no Rio nesse m\u00eas de julho, ven\u00e7a todas suas fobias e experimente o passeio, que com certeza proporcionar\u00e1 belas imagens. \u00c9\u00a0claro que se voc\u00ea\u00a0n\u00e3o for uma pessoa que tenha fobia a altura e fixe o olhar para baixo entre os becos e vielas de todas as comunidades, ver\u00e1\u00a0v\u00e1rios lix\u00f5es espalhado por todo o complexo. Efeito resultante da falta de conscientiza\u00e7\u00e3o por parte de alguns moradores e principalmente por tantos anos de aus\u00eancia de servi\u00e7os de utilidade p\u00fablica presente na maioria dos bairros da cidade, por\u00e9m ainda em fase de adapta\u00e7\u00e3o em favelas que tiveram seu territ\u00f3rio recentemente retomado pelo Estado. Essa aus\u00eancia do poder p\u00fablico s\u00f3\u00a0pode ser percebida em toda a sua ess\u00eancia quando nos permitimos o esfor\u00e7o f\u00edsico e psicol\u00f3gico de percorrer caminhando pelas ruas das comunidades de todo o Complexo do Alem\u00e3o.<\/p>\n<p>Se permitir a sugest\u00e3o, v\u00e1\u00a0 at\u00e9\u00a0a Esta\u00e7\u00e3o do Morro da Baiana e procure por uma senhora conhecida como \u201cDona Marlene\u201d, moradora da Rua Amaral h\u00e1 16 anos no Complexo. Essa senhora mora em uma casa, se \u00e9\u00a0que podemos chamar assim, que sustenta outras duas e teve sua estrutura totalmente abalada ap\u00f3s o in\u00edcio das obras do PAC, quando um ralo foi construindo em um beco que se situa atr\u00e1s da sua casa, por\u00e9m lan\u00e7a toda \u00e1gua e esgoto de outras casas no que antes era sua cozinha. Em seu relato conta que dormir entre fezes e ratos faz parte de seu cotidiano desde ent\u00e3o e ainda faz uma grave den\u00fancia, tendo em suas m\u00e3os um documento que prova a\u00a0 interdi\u00e7\u00e3o de sua casa por respons\u00e1veis do PAC, e mesmo assim ainda n\u00e3o foi lhe apresentada uma solu\u00e7\u00e3o ao seu problema. Para agravar ainda mais o quadro, Dona Marlene mora com uma filha de 16 anos e portadora de necessidades especiais. (Assista ao Video) <iframe src=\"http:\/\/www.youtube.com\/embed\/mG2ROSy8Op8\" width=\"560\" height=\"349\" frameborder=\"0\"><\/iframe><\/p>\n<p>Diante desse cen\u00e1rio desesperador \u00e9\u00a0f\u00e1cil perceber que o bonde que atravessa o Complexo do Alem\u00e3o h\u00e1 anos \u00e9\u00a0o do descaso, que continua sem freio pelos becos e vielas das comunidades pacificadas. Mesmo assim o passeio pelo bondinho do Alem\u00e3o continua valendo, al\u00e9m do visual \u00fanico e inconfund\u00edvel oferecido apenas pelas favelas cariocas \u00e9\u00a0um lugar de gente receptiva e de bem, muito carentes de uma visita.<\/p>\n<!-- AddThis Advanced Settings generic via filter on the_content --><!-- AddThis Share Buttons generic via filter on the_content -->","protected":false},"excerpt":{"rendered":"<div class=\"mh-excerpt\"><p>Click Here for English Quem for dar um rol\u00e9 pelo mais novo point tur\u00edstico do Rio de Janeiro proporcionado por mais uma obra fara\u00f4nica do programa PAC, o badalado telef\u00e9rico do Complexo do Alem\u00e3o, ter\u00e1 <a class=\"mh-excerpt-more\" href=\"https:\/\/rioonwatch.org.br\/?p=1965\" title=\"O Bonde do descaso\">[&#8230;]<\/a><!-- AddThis Advanced Settings generic via filter on get_the_excerpt --><!-- AddThis Share Buttons generic via filter on get_the_excerpt --><\/p>\n<\/div>","protected":false},"author":129,"featured_media":1966,"comment_status":"open","ping_status":"closed","sticky":false,"template":"","format":"standard","meta":{"_acf_changed":false,"_monsterinsights_skip_tracking":false,"_monsterinsights_sitenote_active":false,"_monsterinsights_sitenote_note":"","_monsterinsights_sitenote_category":0,"footnotes":""},"categories":[346],"tags":[217,360,261,36,262,218],"writer":[190],"translator":[],"source":[],"ilustrador":[],"fotografo":[],"class_list":{"0":"post-1965","1":"post","2":"type-post","3":"status-publish","4":"format-standard","5":"has-post-thumbnail","7":"category-denuncias","8":"tag-complexo-do-alemao","9":"tag-lixo","10":"tag-morro-da-baiana","11":"tag-pac","12":"tag-teleferico","13":"tag-zona-norte","14":"writer-jv-santos"},"acf":[],"yoast_head":"<!-- This site is optimized with the Yoast SEO plugin v25.6 - https:\/\/yoast.com\/wordpress\/plugins\/seo\/ -->\n<title>O Bonde do descaso - RioOnWatch<\/title>\n<meta name=\"robots\" content=\"index, follow, max-snippet:-1, max-image-preview:large, max-video-preview:-1\" \/>\n<link rel=\"canonical\" href=\"https:\/\/rioonwatch.org.br\/?p=1965\" \/>\n<meta property=\"og:locale\" content=\"pt_BR\" \/>\n<meta property=\"og:type\" content=\"article\" \/>\n<meta property=\"og:title\" content=\"O Bonde do descaso - RioOnWatch\" \/>\n<meta property=\"og:description\" content=\"Click Here for English Quem for dar um rol\u00e9 pelo mais novo point tur\u00edstico do Rio de Janeiro proporcionado por mais uma obra fara\u00f4nica do programa PAC, o badalado telef\u00e9rico do Complexo do Alem\u00e3o, ter\u00e1 [...]\" \/>\n<meta property=\"og:url\" content=\"https:\/\/rioonwatch.org.br\/?p=1965\" \/>\n<meta property=\"og:site_name\" content=\"RioOnWatch\" \/>\n<meta property=\"article:published_time\" content=\"2011-07-24T04:03:06+00:00\" \/>\n<meta property=\"article:modified_time\" content=\"2016-05-19T11:53:45+00:00\" \/>\n<meta property=\"og:image\" content=\"https:\/\/rioonwatch.org.br\/wp-content\/uploads\/2011\/07\/bondedodescaso.jpg\" \/>\n\t<meta property=\"og:image:width\" content=\"314\" \/>\n\t<meta property=\"og:image:height\" content=\"218\" \/>\n\t<meta property=\"og:image:type\" content=\"image\/jpeg\" \/>\n<meta name=\"author\" content=\"Admin\" \/>\n<meta name=\"twitter:card\" content=\"summary_large_image\" \/>\n<meta name=\"twitter:label1\" content=\"Escrito por\" \/>\n\t<meta name=\"twitter:data1\" content=\"Admin\" \/>\n\t<meta name=\"twitter:label2\" content=\"Est. tempo de leitura\" \/>\n\t<meta name=\"twitter:data2\" content=\"3 minutos\" \/>\n<script type=\"application\/ld+json\" class=\"yoast-schema-graph\">{\"@context\":\"https:\/\/schema.org\",\"@graph\":[{\"@type\":\"Article\",\"@id\":\"https:\/\/rioonwatch.org.br\/?p=1965#article\",\"isPartOf\":{\"@id\":\"https:\/\/rioonwatch.org.br\/?p=1965\"},\"author\":{\"name\":\"Admin\",\"@id\":\"https:\/\/rioonwatch.org.br\/#\/schema\/person\/11d64c290506f9df50c71b850c473f68\"},\"headline\":\"O Bonde do descaso\",\"datePublished\":\"2011-07-24T04:03:06+00:00\",\"dateModified\":\"2016-05-19T11:53:45+00:00\",\"mainEntityOfPage\":{\"@id\":\"https:\/\/rioonwatch.org.br\/?p=1965\"},\"wordCount\":610,\"commentCount\":2,\"publisher\":{\"@id\":\"https:\/\/rioonwatch.org.br\/#organization\"},\"image\":{\"@id\":\"https:\/\/rioonwatch.org.br\/?p=1965#primaryimage\"},\"thumbnailUrl\":\"https:\/\/rioonwatch.org.br\/wp-content\/uploads\/2011\/07\/bondedodescaso.jpg\",\"keywords\":[\"Complexo do Alem\u00e3o\",\"lixo\",\"Morro da Baiana\",\"PAC\",\"telef\u00e9rico\",\"Zona Norte\"],\"articleSection\":[\"Den\u00fancias\"],\"inLanguage\":\"pt-BR\",\"potentialAction\":[{\"@type\":\"CommentAction\",\"name\":\"Comment\",\"target\":[\"https:\/\/rioonwatch.org.br\/?p=1965#respond\"]}]},{\"@type\":\"WebPage\",\"@id\":\"https:\/\/rioonwatch.org.br\/?p=1965\",\"url\":\"https:\/\/rioonwatch.org.br\/?p=1965\",\"name\":\"O Bonde do descaso - RioOnWatch\",\"isPartOf\":{\"@id\":\"https:\/\/rioonwatch.org.br\/#website\"},\"primaryImageOfPage\":{\"@id\":\"https:\/\/rioonwatch.org.br\/?p=1965#primaryimage\"},\"image\":{\"@id\":\"https:\/\/rioonwatch.org.br\/?p=1965#primaryimage\"},\"thumbnailUrl\":\"https:\/\/rioonwatch.org.br\/wp-content\/uploads\/2011\/07\/bondedodescaso.jpg\",\"datePublished\":\"2011-07-24T04:03:06+00:00\",\"dateModified\":\"2016-05-19T11:53:45+00:00\",\"breadcrumb\":{\"@id\":\"https:\/\/rioonwatch.org.br\/?p=1965#breadcrumb\"},\"inLanguage\":\"pt-BR\",\"potentialAction\":[{\"@type\":\"ReadAction\",\"target\":[\"https:\/\/rioonwatch.org.br\/?p=1965\"]}]},{\"@type\":\"ImageObject\",\"inLanguage\":\"pt-BR\",\"@id\":\"https:\/\/rioonwatch.org.br\/?p=1965#primaryimage\",\"url\":\"https:\/\/rioonwatch.org.br\/wp-content\/uploads\/2011\/07\/bondedodescaso.jpg\",\"contentUrl\":\"https:\/\/rioonwatch.org.br\/wp-content\/uploads\/2011\/07\/bondedodescaso.jpg\",\"width\":314,\"height\":218},{\"@type\":\"BreadcrumbList\",\"@id\":\"https:\/\/rioonwatch.org.br\/?p=1965#breadcrumb\",\"itemListElement\":[{\"@type\":\"ListItem\",\"position\":1,\"name\":\"In\u00edcio\",\"item\":\"https:\/\/rioonwatch.org.br\/\"},{\"@type\":\"ListItem\",\"position\":2,\"name\":\"O Bonde do descaso\"}]},{\"@type\":\"WebSite\",\"@id\":\"https:\/\/rioonwatch.org.br\/#website\",\"url\":\"https:\/\/rioonwatch.org.br\/\",\"name\":\"RioOnWatch\",\"description\":\"relatos das favelas cariocas\",\"publisher\":{\"@id\":\"https:\/\/rioonwatch.org.br\/#organization\"},\"potentialAction\":[{\"@type\":\"SearchAction\",\"target\":{\"@type\":\"EntryPoint\",\"urlTemplate\":\"https:\/\/rioonwatch.org.br\/?s={search_term_string}\"},\"query-input\":{\"@type\":\"PropertyValueSpecification\",\"valueRequired\":true,\"valueName\":\"search_term_string\"}}],\"inLanguage\":\"pt-BR\"},{\"@type\":\"Organization\",\"@id\":\"https:\/\/rioonwatch.org.br\/#organization\",\"name\":\"RioOnWatch\",\"url\":\"https:\/\/rioonwatch.org.br\/\",\"logo\":{\"@type\":\"ImageObject\",\"inLanguage\":\"pt-BR\",\"@id\":\"https:\/\/rioonwatch.org.br\/#\/schema\/logo\/image\/\",\"url\":\"https:\/\/rioonwatch.org.br\/wp-content\/uploads\/2021\/06\/RioOnWatchcabecalhoPT11anos-2.png\",\"contentUrl\":\"https:\/\/rioonwatch.org.br\/wp-content\/uploads\/2021\/06\/RioOnWatchcabecalhoPT11anos-2.png\",\"width\":779,\"height\":277,\"caption\":\"RioOnWatch\"},\"image\":{\"@id\":\"https:\/\/rioonwatch.org.br\/#\/schema\/logo\/image\/\"}},{\"@type\":\"Person\",\"@id\":\"https:\/\/rioonwatch.org.br\/#\/schema\/person\/11d64c290506f9df50c71b850c473f68\",\"name\":\"Admin\",\"image\":{\"@type\":\"ImageObject\",\"inLanguage\":\"pt-BR\",\"@id\":\"https:\/\/rioonwatch.org.br\/#\/schema\/person\/image\/\",\"url\":\"https:\/\/secure.gravatar.com\/avatar\/56211ac74568383903349a1485e3c325?s=96&d=blank&r=g\",\"contentUrl\":\"https:\/\/secure.gravatar.com\/avatar\/56211ac74568383903349a1485e3c325?s=96&d=blank&r=g\",\"caption\":\"Admin\"},\"url\":\"https:\/\/rioonwatch.org.br\/?author=129\"}]}<\/script>\n<!-- \/ Yoast SEO plugin. -->","yoast_head_json":{"title":"O Bonde do descaso - RioOnWatch","robots":{"index":"index","follow":"follow","max-snippet":"max-snippet:-1","max-image-preview":"max-image-preview:large","max-video-preview":"max-video-preview:-1"},"canonical":"https:\/\/rioonwatch.org.br\/?p=1965","og_locale":"pt_BR","og_type":"article","og_title":"O Bonde do descaso - RioOnWatch","og_description":"Click Here for English Quem for dar um rol\u00e9 pelo mais novo point tur\u00edstico do Rio de Janeiro proporcionado por mais uma obra fara\u00f4nica do programa PAC, o badalado telef\u00e9rico do Complexo do Alem\u00e3o, ter\u00e1 [...]","og_url":"https:\/\/rioonwatch.org.br\/?p=1965","og_site_name":"RioOnWatch","article_published_time":"2011-07-24T04:03:06+00:00","article_modified_time":"2016-05-19T11:53:45+00:00","og_image":[{"width":314,"height":218,"url":"https:\/\/rioonwatch.org.br\/wp-content\/uploads\/2011\/07\/bondedodescaso.jpg","type":"image\/jpeg"}],"author":"Admin","twitter_card":"summary_large_image","twitter_misc":{"Escrito por":"Admin","Est. tempo de leitura":"3 minutos"},"schema":{"@context":"https:\/\/schema.org","@graph":[{"@type":"Article","@id":"https:\/\/rioonwatch.org.br\/?p=1965#article","isPartOf":{"@id":"https:\/\/rioonwatch.org.br\/?p=1965"},"author":{"name":"Admin","@id":"https:\/\/rioonwatch.org.br\/#\/schema\/person\/11d64c290506f9df50c71b850c473f68"},"headline":"O Bonde do descaso","datePublished":"2011-07-24T04:03:06+00:00","dateModified":"2016-05-19T11:53:45+00:00","mainEntityOfPage":{"@id":"https:\/\/rioonwatch.org.br\/?p=1965"},"wordCount":610,"commentCount":2,"publisher":{"@id":"https:\/\/rioonwatch.org.br\/#organization"},"image":{"@id":"https:\/\/rioonwatch.org.br\/?p=1965#primaryimage"},"thumbnailUrl":"https:\/\/rioonwatch.org.br\/wp-content\/uploads\/2011\/07\/bondedodescaso.jpg","keywords":["Complexo do Alem\u00e3o","lixo","Morro da Baiana","PAC","telef\u00e9rico","Zona Norte"],"articleSection":["Den\u00fancias"],"inLanguage":"pt-BR","potentialAction":[{"@type":"CommentAction","name":"Comment","target":["https:\/\/rioonwatch.org.br\/?p=1965#respond"]}]},{"@type":"WebPage","@id":"https:\/\/rioonwatch.org.br\/?p=1965","url":"https:\/\/rioonwatch.org.br\/?p=1965","name":"O Bonde do descaso - RioOnWatch","isPartOf":{"@id":"https:\/\/rioonwatch.org.br\/#website"},"primaryImageOfPage":{"@id":"https:\/\/rioonwatch.org.br\/?p=1965#primaryimage"},"image":{"@id":"https:\/\/rioonwatch.org.br\/?p=1965#primaryimage"},"thumbnailUrl":"https:\/\/rioonwatch.org.br\/wp-content\/uploads\/2011\/07\/bondedodescaso.jpg","datePublished":"2011-07-24T04:03:06+00:00","dateModified":"2016-05-19T11:53:45+00:00","breadcrumb":{"@id":"https:\/\/rioonwatch.org.br\/?p=1965#breadcrumb"},"inLanguage":"pt-BR","potentialAction":[{"@type":"ReadAction","target":["https:\/\/rioonwatch.org.br\/?p=1965"]}]},{"@type":"ImageObject","inLanguage":"pt-BR","@id":"https:\/\/rioonwatch.org.br\/?p=1965#primaryimage","url":"https:\/\/rioonwatch.org.br\/wp-content\/uploads\/2011\/07\/bondedodescaso.jpg","contentUrl":"https:\/\/rioonwatch.org.br\/wp-content\/uploads\/2011\/07\/bondedodescaso.jpg","width":314,"height":218},{"@type":"BreadcrumbList","@id":"https:\/\/rioonwatch.org.br\/?p=1965#breadcrumb","itemListElement":[{"@type":"ListItem","position":1,"name":"In\u00edcio","item":"https:\/\/rioonwatch.org.br\/"},{"@type":"ListItem","position":2,"name":"O Bonde do descaso"}]},{"@type":"WebSite","@id":"https:\/\/rioonwatch.org.br\/#website","url":"https:\/\/rioonwatch.org.br\/","name":"RioOnWatch","description":"relatos das favelas cariocas","publisher":{"@id":"https:\/\/rioonwatch.org.br\/#organization"},"potentialAction":[{"@type":"SearchAction","target":{"@type":"EntryPoint","urlTemplate":"https:\/\/rioonwatch.org.br\/?s={search_term_string}"},"query-input":{"@type":"PropertyValueSpecification","valueRequired":true,"valueName":"search_term_string"}}],"inLanguage":"pt-BR"},{"@type":"Organization","@id":"https:\/\/rioonwatch.org.br\/#organization","name":"RioOnWatch","url":"https:\/\/rioonwatch.org.br\/","logo":{"@type":"ImageObject","inLanguage":"pt-BR","@id":"https:\/\/rioonwatch.org.br\/#\/schema\/logo\/image\/","url":"https:\/\/rioonwatch.org.br\/wp-content\/uploads\/2021\/06\/RioOnWatchcabecalhoPT11anos-2.png","contentUrl":"https:\/\/rioonwatch.org.br\/wp-content\/uploads\/2021\/06\/RioOnWatchcabecalhoPT11anos-2.png","width":779,"height":277,"caption":"RioOnWatch"},"image":{"@id":"https:\/\/rioonwatch.org.br\/#\/schema\/logo\/image\/"}},{"@type":"Person","@id":"https:\/\/rioonwatch.org.br\/#\/schema\/person\/11d64c290506f9df50c71b850c473f68","name":"Admin","image":{"@type":"ImageObject","inLanguage":"pt-BR","@id":"https:\/\/rioonwatch.org.br\/#\/schema\/person\/image\/","url":"https:\/\/secure.gravatar.com\/avatar\/56211ac74568383903349a1485e3c325?s=96&d=blank&r=g","contentUrl":"https:\/\/secure.gravatar.com\/avatar\/56211ac74568383903349a1485e3c325?s=96&d=blank&r=g","caption":"Admin"},"url":"https:\/\/rioonwatch.org.br\/?author=129"}]}},"_links":{"self":[{"href":"https:\/\/rioonwatch.org.br\/index.php?rest_route=\/wp\/v2\/posts\/1965"}],"collection":[{"href":"https:\/\/rioonwatch.org.br\/index.php?rest_route=\/wp\/v2\/posts"}],"about":[{"href":"https:\/\/rioonwatch.org.br\/index.php?rest_route=\/wp\/v2\/types\/post"}],"author":[{"embeddable":true,"href":"https:\/\/rioonwatch.org.br\/index.php?rest_route=\/wp\/v2\/users\/129"}],"replies":[{"embeddable":true,"href":"https:\/\/rioonwatch.org.br\/index.php?rest_route=%2Fwp%2Fv2%2Fcomments&post=1965"}],"version-history":[{"count":33,"href":"https:\/\/rioonwatch.org.br\/index.php?rest_route=\/wp\/v2\/posts\/1965\/revisions"}],"predecessor-version":[{"id":19867,"href":"https:\/\/rioonwatch.org.br\/index.php?rest_route=\/wp\/v2\/posts\/1965\/revisions\/19867"}],"wp:featuredmedia":[{"embeddable":true,"href":"https:\/\/rioonwatch.org.br\/index.php?rest_route=\/wp\/v2\/media\/1966"}],"wp:attachment":[{"href":"https:\/\/rioonwatch.org.br\/index.php?rest_route=%2Fwp%2Fv2%2Fmedia&parent=1965"}],"wp:term":[{"taxonomy":"category","embeddable":true,"href":"https:\/\/rioonwatch.org.br\/index.php?rest_route=%2Fwp%2Fv2%2Fcategories&post=1965"},{"taxonomy":"post_tag","embeddable":true,"href":"https:\/\/rioonwatch.org.br\/index.php?rest_route=%2Fwp%2Fv2%2Ftags&post=1965"},{"taxonomy":"writer","embeddable":true,"href":"https:\/\/rioonwatch.org.br\/index.php?rest_route=%2Fwp%2Fv2%2Fwriter&post=1965"},{"taxonomy":"translator","embeddable":true,"href":"https:\/\/rioonwatch.org.br\/index.php?rest_route=%2Fwp%2Fv2%2Ftranslator&post=1965"},{"taxonomy":"source","embeddable":true,"href":"https:\/\/rioonwatch.org.br\/index.php?rest_route=%2Fwp%2Fv2%2Fsource&post=1965"},{"taxonomy":"ilustrador","embeddable":true,"href":"https:\/\/rioonwatch.org.br\/index.php?rest_route=%2Fwp%2Fv2%2Filustrador&post=1965"},{"taxonomy":"fotografo","embeddable":true,"href":"https:\/\/rioonwatch.org.br\/index.php?rest_route=%2Fwp%2Fv2%2Ffotografo&post=1965"}],"curies":[{"name":"wp","href":"https:\/\/api.w.org\/{rel}","templated":true}]}}