{"id":19658,"date":"2016-05-11T09:54:10","date_gmt":"2016-05-11T12:54:10","guid":{"rendered":"http:\/\/rioonwatch.org.br\/?p=19658"},"modified":"2024-06-20T16:27:39","modified_gmt":"2024-06-20T19:27:39","slug":"vila-autodromo-avanca-com-planos-para-museu-das-remocoes","status":"publish","type":"post","link":"https:\/\/rioonwatch.org.br\/?p=19658","title":{"rendered":"Vila Aut\u00f3dromo Avan\u00e7a com Planos para Museu das Remo\u00e7\u00f5es"},"content":{"rendered":"<p style=\"text-align: right;\"><em><strong><a href=\"http:\/\/bit.ly\/1rCkLnM\" target=\"_blank\" rel=\"noopener\">Click Here for English<img decoding=\"async\" width=\"20\" height=\"20\" class=\"alignright wp-image-15790\" src=\"http:\/\/rioonwatch.org.br\/wp-content\/uploads\/2012\/08\/EN-standard-e1439583104716.jpg\" alt=\"\" \/><\/a><\/strong><\/em><\/p>\n<p>Moradores e ativistas se reuniram na <a href=\"http:\/\/bit.ly\/Nfddvg\" target=\"_blank\" rel=\"noopener\">Vila Aut\u00f3dromo<\/a>, no dia 23 de abril, para dar in\u00edcio ao processo de cria\u00e7\u00e3o de um museu focando na comunidade e em sua hist\u00f3ria de <a href=\"http:\/\/bit.ly\/1piRAgk\" target=\"_blank\" rel=\"noopener\">resist\u00eancia<\/a> e <a href=\"http:\/\/bit.ly\/X51Qvb\" target=\"_blank\" rel=\"noopener\">remo\u00e7\u00f5es<\/a>, o <a href=\"http:\/\/bit.ly\/1qWp3G5\" target=\"_blank\" rel=\"noopener\">Museu das Remo\u00e7\u00f5es<\/a>.<\/p>\n<p>Um grupo de cerca de 50 pessoas, incluindo ativistas, moradores e antigos moradores da Vila Aut\u00f3dromo, participou do evento para honrar a hist\u00f3ria da comunidade e ajudar o museu a tomar forma.<\/p>\n<p>A ideia do museu, como a pesquisadora e ativista Poliana Monteiro explicou, \u00e9 &#8220;contemplar o que era a Vila Aut\u00f3dromo antes das remo\u00e7\u00f5es. Porque n\u00f3s achamos que \u00e9 importante documentar, n\u00e3o no sentido derrotista, de perda, como uma coisa negativa, mas no sentido de valorizar e revalorizar a vida comunit\u00e1ria que voc\u00eas j\u00e1 tiveram, que voc\u00eas reconstruiriam e reconstroem o tempo inteiro a partir das interven\u00e7\u00f5es externas&#8221;.<\/p>\n<p><a href=\"http:\/\/rioonwatch.org.br\/wp-content\/uploads\/2016\/05\/IMG_3945-3.jpg\"><img fetchpriority=\"high\" decoding=\"async\" class=\"aligncenter wp-image-19667 size-medium\" title=\"Moradores marcam pontos de interesse no mapa.\" src=\"http:\/\/rioonwatch.org.br\/wp-content\/uploads\/2016\/05\/IMG_3945-3-620x465.jpg\" alt=\"IMG_3945-3\" width=\"620\" height=\"465\" srcset=\"https:\/\/rioonwatch.org.br\/wp-content\/uploads\/2016\/05\/IMG_3945-3-620x465.jpg 620w, https:\/\/rioonwatch.org.br\/wp-content\/uploads\/2016\/05\/IMG_3945-3-352x264.jpg 352w, https:\/\/rioonwatch.org.br\/wp-content\/uploads\/2016\/05\/IMG_3945-3-768x576.jpg 768w, https:\/\/rioonwatch.org.br\/wp-content\/uploads\/2016\/05\/IMG_3945-3-174x131.jpg 174w, https:\/\/rioonwatch.org.br\/wp-content\/uploads\/2016\/05\/IMG_3945-3-300x225.jpg 300w, https:\/\/rioonwatch.org.br\/wp-content\/uploads\/2016\/05\/IMG_3945-3-70x53.jpg 70w, https:\/\/rioonwatch.org.br\/wp-content\/uploads\/2016\/05\/IMG_3945-3.jpg 1000w\" sizes=\"(max-width: 620px) 100vw, 620px\" \/><\/a><\/p>\n<p>O dia come\u00e7ou com as pessoas reunidas em torno de um mapa da\u00a0Vila Aut\u00f3dromo como ela era antes das remo\u00e7\u00f5es come\u00e7arem. Os moradores falaram de cada lugar que eles lembravam e descreveram a comunidade e as pessoas que l\u00e1 viveram.<\/p>\n<p>Eles destacaram no mapa lugares de interesse e os classificaram em tr\u00eas grupos. O primeiro foi \u201csustentabilidade\u201d&#8211;espa\u00e7os sociais onde os moradores se reuniam para se divertir, como um parque ou uma padaria. O segundo grupo foi \u201ccomunidade\u201d&#8211;marcando os espa\u00e7os usados pelos moradores na luta contra as remo\u00e7\u00f5es. O grupo final foi \u201csaudades&#8221;&#8211;que marcou as casas dos moradores que j\u00e1 sa\u00edram da comunidade, mas ainda est\u00e3o envolvidos na luta para permanecer.<\/p>\n<p><a href=\"http:\/\/rioonwatch.org.br\/wp-content\/uploads\/2016\/05\/13096205_1563695413929373_3266720325482632908_n.jpg\"><img decoding=\"async\" class=\"aligncenter wp-image-19668 size-content\" title=\"Foto do grupo de moradores e ativistas\" src=\"http:\/\/rioonwatch.org.br\/wp-content\/uploads\/2016\/05\/13096205_1563695413929373_3266720325482632908_n-620x264.jpg\" alt=\"13096205_1563695413929373_3266720325482632908_n\" width=\"620\" height=\"264\" srcset=\"https:\/\/rioonwatch.org.br\/wp-content\/uploads\/2016\/05\/13096205_1563695413929373_3266720325482632908_n-620x264.jpg 620w, https:\/\/rioonwatch.org.br\/wp-content\/uploads\/2016\/05\/13096205_1563695413929373_3266720325482632908_n-940x400.jpg 940w\" sizes=\"(max-width: 620px) 100vw, 620px\" \/><\/a><\/p>\n<p>Os moradores ent\u00e3o levaram o grupo pelas constru\u00e7\u00f5es remanescentes da Vila Aut\u00f3dromo e pelos locais\u00a0onde\u00a0houve demoli\u00e7\u00f5es, contando hist\u00f3rias e descrevendo como a comunidade era antes das demoli\u00e7\u00f5es e durante sua longa luta para permanecer l\u00e1. Eles marcaram os terrenos das casas e procuraram pelos restos delas para usar como pontos focais para a cria\u00e7\u00e3o de exposi\u00e7\u00f5es do museu.<\/p>\n<p>A moradora <a href=\"http:\/\/bit.ly\/1THCRjN\" target=\"_blank\" rel=\"noopener\">Sandra Maria<\/a> contou o motivo pelo qual foi pintado \u201cAssocia\u00e7\u00e3o de Moradores\u201d nas casas restantes, depois que o <a href=\"http:\/\/bit.ly\/1WLtygo\" target=\"_blank\" rel=\"noopener\">pr\u00e9dio original da Associa\u00e7\u00e3o foi demolido<\/a>: \u201cA ideia \u00e9 de que a Associa\u00e7\u00e3o n\u00e3o acabou. Eles derrubaram s\u00f3 a constru\u00e7\u00e3o, mas a Associa\u00e7\u00e3o de Moradores n\u00e3o est\u00e1 restrita a uma constru\u00e7\u00e3o. A associa\u00e7\u00e3o continua. Ent\u00e3o n\u00f3s escrevemos em todos as casas e fizemos essa campanha, \u2018A Associa\u00e7\u00e3o Sou Eu'&#8221;.<\/p>\n<p><a href=\"http:\/\/rioonwatch.org.br\/wp-content\/uploads\/2016\/05\/IMG_4075.jpg\"><img loading=\"lazy\" decoding=\"async\" class=\"aligncenter wp-image-19670 size-medium\" title=\"Maria da Penha e Luis seguram um peda\u00e7o da casa deles que foi demolida.\" src=\"http:\/\/rioonwatch.org.br\/wp-content\/uploads\/2016\/05\/IMG_4075-620x465.jpg\" alt=\"IMG_4075\" width=\"620\" height=\"465\" srcset=\"https:\/\/rioonwatch.org.br\/wp-content\/uploads\/2016\/05\/IMG_4075-620x465.jpg 620w, https:\/\/rioonwatch.org.br\/wp-content\/uploads\/2016\/05\/IMG_4075-352x264.jpg 352w, https:\/\/rioonwatch.org.br\/wp-content\/uploads\/2016\/05\/IMG_4075-768x576.jpg 768w, https:\/\/rioonwatch.org.br\/wp-content\/uploads\/2016\/05\/IMG_4075-1024x768.jpg 1024w, https:\/\/rioonwatch.org.br\/wp-content\/uploads\/2016\/05\/IMG_4075-174x131.jpg 174w, https:\/\/rioonwatch.org.br\/wp-content\/uploads\/2016\/05\/IMG_4075-300x225.jpg 300w, https:\/\/rioonwatch.org.br\/wp-content\/uploads\/2016\/05\/IMG_4075-70x53.jpg 70w\" sizes=\"(max-width: 620px) 100vw, 620px\" \/><\/a><\/p>\n<p><a href=\"http:\/\/bit.ly\/V0UrTq\" target=\"_blank\" rel=\"noopener\">Museus comunit\u00e1rios<\/a>\u00a0s\u00e3o significativos para preservar a hist\u00f3ria e elevar a autoestima de uma comunidade e de seus moradores, atrav\u00e9s do reconhecimento e celebra\u00e7\u00e3o de sua <a href=\"http:\/\/bit.ly\/1PXkANu\" target=\"_blank\" rel=\"noopener\">hist\u00f3ria<\/a> e <a href=\"http:\/\/bit.ly\/1NzHxSq\" target=\"_blank\" rel=\"noopener\">cultura<\/a>, por\u00e9m muitos s\u00e3o subfinanciados e <a href=\"http:\/\/bit.ly\/1Vpv7n2\" target=\"_blank\" rel=\"noopener\">amea\u00e7ados de remo\u00e7\u00e3o<\/a>. Esse novo museu comunit\u00e1rio na Vila Aut\u00f3dromo ser\u00e1 uma adi\u00e7\u00e3o importante, e ser\u00e1 significativo para as vidas dos moradores das favelas que foram impactadas por remo\u00e7\u00f5es por toda a cidade.<\/p>\n<p>Os moradores e apoiadores da Vila Aut\u00f3dromo esperam lan\u00e7ar o Museu das Remo\u00e7\u00f5es no dia 18 de maio, dia Internacional do Museu.<\/p>\n<!-- AddThis Advanced Settings generic via filter on the_content --><!-- AddThis Share Buttons generic via filter on the_content -->","protected":false},"excerpt":{"rendered":"<div class=\"mh-excerpt\"><p>Click Here for English Moradores e ativistas se reuniram na Vila Aut\u00f3dromo, no dia 23 de abril, para dar in\u00edcio ao processo de cria\u00e7\u00e3o de um museu focando na comunidade e em sua hist\u00f3ria de <a class=\"mh-excerpt-more\" href=\"https:\/\/rioonwatch.org.br\/?p=19658\" title=\"Vila Aut\u00f3dromo Avan\u00e7a com Planos para Museu das Remo\u00e7\u00f5es\">[&#8230;]<\/a><!-- AddThis Advanced Settings generic via filter on get_the_excerpt --><!-- AddThis Share Buttons generic via filter on get_the_excerpt --><\/p>\n<\/div>","protected":false},"author":129,"featured_media":19661,"comment_status":"closed","ping_status":"closed","sticky":false,"template":"","format":"standard","meta":{"_acf_changed":false,"_monsterinsights_skip_tracking":false,"_monsterinsights_sitenote_active":false,"_monsterinsights_sitenote_note":"","_monsterinsights_sitenote_category":0,"footnotes":""},"categories":[1627,1626,1612,342],"tags":[421,128,1240,469,1037,1111,78,358,758,1297,14,432,476,55,184],"writer":[1798],"translator":[1281],"source":[],"ilustrador":[],"fotografo":[],"class_list":{"0":"post-19658","1":"post","2":"type-post","3":"status-publish","4":"format-standard","5":"has-post-thumbnail","7":"category-relato-de-evento","8":"category-por-observadores-internacionais","9":"category-sociedade-civil","10":"category-solucoes","11":"tag-cultura-da-favela","12":"tag-historia","13":"tag-megaeventos","14":"tag-memoria","15":"tag-moradia","16":"tag-museu","17":"tag-olimpiadas","18":"tag-organizacao-comunitaria","19":"tag-orgulho-comunitario","20":"tag-preservacao-historica","21":"tag-remocao","22":"tag-resistencia","23":"tag-solucao-comunitaria","24":"tag-vila-autodromo","25":"tag-zona-oeste","26":"writer-rhona-mackay","27":"translator-luiza-villela"},"acf":[],"yoast_head":"<!-- This site is optimized with the Yoast SEO plugin v25.6 - https:\/\/yoast.com\/wordpress\/plugins\/seo\/ -->\n<title>Vila Aut\u00f3dromo Avan\u00e7a com Planos para Museu das Remo\u00e7\u00f5es - RioOnWatch<\/title>\n<meta name=\"robots\" content=\"index, follow, max-snippet:-1, max-image-preview:large, max-video-preview:-1\" \/>\n<link rel=\"canonical\" href=\"https:\/\/rioonwatch.org.br\/?p=19658\" \/>\n<meta property=\"og:locale\" content=\"pt_BR\" \/>\n<meta property=\"og:type\" content=\"article\" \/>\n<meta property=\"og:title\" content=\"Vila Aut\u00f3dromo Avan\u00e7a com Planos para Museu das Remo\u00e7\u00f5es - RioOnWatch\" \/>\n<meta property=\"og:description\" content=\"Click Here for English Moradores e ativistas se reuniram na Vila Aut\u00f3dromo, no dia 23 de abril, para dar in\u00edcio ao processo de cria\u00e7\u00e3o de um museu focando na comunidade e em sua hist\u00f3ria de [...]\" \/>\n<meta property=\"og:url\" content=\"https:\/\/rioonwatch.org.br\/?p=19658\" \/>\n<meta property=\"og:site_name\" content=\"RioOnWatch\" \/>\n<meta property=\"article:published_time\" content=\"2016-05-11T12:54:10+00:00\" \/>\n<meta property=\"article:modified_time\" content=\"2024-06-20T19:27:39+00:00\" \/>\n<meta property=\"og:image\" content=\"https:\/\/rioonwatch.org.br\/wp-content\/uploads\/2016\/05\/IMG_4041-scaled.jpg\" \/>\n\t<meta property=\"og:image:width\" content=\"2560\" \/>\n\t<meta property=\"og:image:height\" content=\"1920\" \/>\n\t<meta property=\"og:image:type\" content=\"image\/jpeg\" \/>\n<meta name=\"author\" content=\"Admin\" \/>\n<meta name=\"twitter:card\" content=\"summary_large_image\" \/>\n<meta name=\"twitter:label1\" content=\"Escrito por\" \/>\n\t<meta name=\"twitter:data1\" content=\"Admin\" \/>\n\t<meta name=\"twitter:label2\" content=\"Est. tempo de leitura\" \/>\n\t<meta name=\"twitter:data2\" content=\"3 minutos\" \/>\n<script type=\"application\/ld+json\" class=\"yoast-schema-graph\">{\"@context\":\"https:\/\/schema.org\",\"@graph\":[{\"@type\":\"Article\",\"@id\":\"https:\/\/rioonwatch.org.br\/?p=19658#article\",\"isPartOf\":{\"@id\":\"https:\/\/rioonwatch.org.br\/?p=19658\"},\"author\":{\"name\":\"Admin\",\"@id\":\"https:\/\/rioonwatch.org.br\/#\/schema\/person\/11d64c290506f9df50c71b850c473f68\"},\"headline\":\"Vila Aut\u00f3dromo Avan\u00e7a com Planos para Museu das Remo\u00e7\u00f5es\",\"datePublished\":\"2016-05-11T12:54:10+00:00\",\"dateModified\":\"2024-06-20T19:27:39+00:00\",\"mainEntityOfPage\":{\"@id\":\"https:\/\/rioonwatch.org.br\/?p=19658\"},\"wordCount\":544,\"publisher\":{\"@id\":\"https:\/\/rioonwatch.org.br\/#organization\"},\"image\":{\"@id\":\"https:\/\/rioonwatch.org.br\/?p=19658#primaryimage\"},\"thumbnailUrl\":\"https:\/\/rioonwatch.org.br\/wp-content\/uploads\/2016\/05\/IMG_4041-scaled.jpg\",\"keywords\":[\"cultura da favela\",\"hist\u00f3ria\",\"Megaeventos\",\"Mem\u00f3rias Faveladas\",\"moradia\",\"museu\",\"Olimp\u00edadas\",\"organiza\u00e7\u00e3o comunit\u00e1ria\",\"orgulho comunit\u00e1rio\",\"preserva\u00e7\u00e3o hist\u00f3rica\",\"Remo\u00e7\u00e3o\",\"resist\u00eancia\",\"solu\u00e7\u00e3o comunit\u00e1ria\",\"Vila Aut\u00f3dromo\",\"Zona Oeste\"],\"articleSection\":[\"Cobertura de Eventos\",\"Escrito por Aliados\",\"Sociedade Civil\",\"Solu\u00e7\u00f5es\"],\"inLanguage\":\"pt-BR\"},{\"@type\":\"WebPage\",\"@id\":\"https:\/\/rioonwatch.org.br\/?p=19658\",\"url\":\"https:\/\/rioonwatch.org.br\/?p=19658\",\"name\":\"Vila Aut\u00f3dromo Avan\u00e7a com Planos para Museu das Remo\u00e7\u00f5es - RioOnWatch\",\"isPartOf\":{\"@id\":\"https:\/\/rioonwatch.org.br\/#website\"},\"primaryImageOfPage\":{\"@id\":\"https:\/\/rioonwatch.org.br\/?p=19658#primaryimage\"},\"image\":{\"@id\":\"https:\/\/rioonwatch.org.br\/?p=19658#primaryimage\"},\"thumbnailUrl\":\"https:\/\/rioonwatch.org.br\/wp-content\/uploads\/2016\/05\/IMG_4041-scaled.jpg\",\"datePublished\":\"2016-05-11T12:54:10+00:00\",\"dateModified\":\"2024-06-20T19:27:39+00:00\",\"breadcrumb\":{\"@id\":\"https:\/\/rioonwatch.org.br\/?p=19658#breadcrumb\"},\"inLanguage\":\"pt-BR\",\"potentialAction\":[{\"@type\":\"ReadAction\",\"target\":[\"https:\/\/rioonwatch.org.br\/?p=19658\"]}]},{\"@type\":\"ImageObject\",\"inLanguage\":\"pt-BR\",\"@id\":\"https:\/\/rioonwatch.org.br\/?p=19658#primaryimage\",\"url\":\"https:\/\/rioonwatch.org.br\/wp-content\/uploads\/2016\/05\/IMG_4041-scaled.jpg\",\"contentUrl\":\"https:\/\/rioonwatch.org.br\/wp-content\/uploads\/2016\/05\/IMG_4041-scaled.jpg\",\"width\":2560,\"height\":1920},{\"@type\":\"BreadcrumbList\",\"@id\":\"https:\/\/rioonwatch.org.br\/?p=19658#breadcrumb\",\"itemListElement\":[{\"@type\":\"ListItem\",\"position\":1,\"name\":\"In\u00edcio\",\"item\":\"https:\/\/rioonwatch.org.br\/\"},{\"@type\":\"ListItem\",\"position\":2,\"name\":\"Vila Aut\u00f3dromo Avan\u00e7a com Planos para Museu das Remo\u00e7\u00f5es\"}]},{\"@type\":\"WebSite\",\"@id\":\"https:\/\/rioonwatch.org.br\/#website\",\"url\":\"https:\/\/rioonwatch.org.br\/\",\"name\":\"RioOnWatch\",\"description\":\"relatos das favelas cariocas\",\"publisher\":{\"@id\":\"https:\/\/rioonwatch.org.br\/#organization\"},\"potentialAction\":[{\"@type\":\"SearchAction\",\"target\":{\"@type\":\"EntryPoint\",\"urlTemplate\":\"https:\/\/rioonwatch.org.br\/?s={search_term_string}\"},\"query-input\":{\"@type\":\"PropertyValueSpecification\",\"valueRequired\":true,\"valueName\":\"search_term_string\"}}],\"inLanguage\":\"pt-BR\"},{\"@type\":\"Organization\",\"@id\":\"https:\/\/rioonwatch.org.br\/#organization\",\"name\":\"RioOnWatch\",\"url\":\"https:\/\/rioonwatch.org.br\/\",\"logo\":{\"@type\":\"ImageObject\",\"inLanguage\":\"pt-BR\",\"@id\":\"https:\/\/rioonwatch.org.br\/#\/schema\/logo\/image\/\",\"url\":\"https:\/\/rioonwatch.org.br\/wp-content\/uploads\/2021\/06\/RioOnWatchcabecalhoPT11anos-2.png\",\"contentUrl\":\"https:\/\/rioonwatch.org.br\/wp-content\/uploads\/2021\/06\/RioOnWatchcabecalhoPT11anos-2.png\",\"width\":779,\"height\":277,\"caption\":\"RioOnWatch\"},\"image\":{\"@id\":\"https:\/\/rioonwatch.org.br\/#\/schema\/logo\/image\/\"}},{\"@type\":\"Person\",\"@id\":\"https:\/\/rioonwatch.org.br\/#\/schema\/person\/11d64c290506f9df50c71b850c473f68\",\"name\":\"Admin\",\"image\":{\"@type\":\"ImageObject\",\"inLanguage\":\"pt-BR\",\"@id\":\"https:\/\/rioonwatch.org.br\/#\/schema\/person\/image\/\",\"url\":\"https:\/\/secure.gravatar.com\/avatar\/56211ac74568383903349a1485e3c325?s=96&d=blank&r=g\",\"contentUrl\":\"https:\/\/secure.gravatar.com\/avatar\/56211ac74568383903349a1485e3c325?s=96&d=blank&r=g\",\"caption\":\"Admin\"},\"url\":\"https:\/\/rioonwatch.org.br\/?author=129\"}]}<\/script>\n<!-- \/ Yoast SEO plugin. -->","yoast_head_json":{"title":"Vila Aut\u00f3dromo Avan\u00e7a com Planos para Museu das Remo\u00e7\u00f5es - RioOnWatch","robots":{"index":"index","follow":"follow","max-snippet":"max-snippet:-1","max-image-preview":"max-image-preview:large","max-video-preview":"max-video-preview:-1"},"canonical":"https:\/\/rioonwatch.org.br\/?p=19658","og_locale":"pt_BR","og_type":"article","og_title":"Vila Aut\u00f3dromo Avan\u00e7a com Planos para Museu das Remo\u00e7\u00f5es - RioOnWatch","og_description":"Click Here for English Moradores e ativistas se reuniram na Vila Aut\u00f3dromo, no dia 23 de abril, para dar in\u00edcio ao processo de cria\u00e7\u00e3o de um museu focando na comunidade e em sua hist\u00f3ria de [...]","og_url":"https:\/\/rioonwatch.org.br\/?p=19658","og_site_name":"RioOnWatch","article_published_time":"2016-05-11T12:54:10+00:00","article_modified_time":"2024-06-20T19:27:39+00:00","og_image":[{"width":2560,"height":1920,"url":"https:\/\/rioonwatch.org.br\/wp-content\/uploads\/2016\/05\/IMG_4041-scaled.jpg","type":"image\/jpeg"}],"author":"Admin","twitter_card":"summary_large_image","twitter_misc":{"Escrito por":"Admin","Est. tempo de leitura":"3 minutos"},"schema":{"@context":"https:\/\/schema.org","@graph":[{"@type":"Article","@id":"https:\/\/rioonwatch.org.br\/?p=19658#article","isPartOf":{"@id":"https:\/\/rioonwatch.org.br\/?p=19658"},"author":{"name":"Admin","@id":"https:\/\/rioonwatch.org.br\/#\/schema\/person\/11d64c290506f9df50c71b850c473f68"},"headline":"Vila Aut\u00f3dromo Avan\u00e7a com Planos para Museu das Remo\u00e7\u00f5es","datePublished":"2016-05-11T12:54:10+00:00","dateModified":"2024-06-20T19:27:39+00:00","mainEntityOfPage":{"@id":"https:\/\/rioonwatch.org.br\/?p=19658"},"wordCount":544,"publisher":{"@id":"https:\/\/rioonwatch.org.br\/#organization"},"image":{"@id":"https:\/\/rioonwatch.org.br\/?p=19658#primaryimage"},"thumbnailUrl":"https:\/\/rioonwatch.org.br\/wp-content\/uploads\/2016\/05\/IMG_4041-scaled.jpg","keywords":["cultura da favela","hist\u00f3ria","Megaeventos","Mem\u00f3rias Faveladas","moradia","museu","Olimp\u00edadas","organiza\u00e7\u00e3o comunit\u00e1ria","orgulho comunit\u00e1rio","preserva\u00e7\u00e3o hist\u00f3rica","Remo\u00e7\u00e3o","resist\u00eancia","solu\u00e7\u00e3o comunit\u00e1ria","Vila Aut\u00f3dromo","Zona Oeste"],"articleSection":["Cobertura de Eventos","Escrito por Aliados","Sociedade Civil","Solu\u00e7\u00f5es"],"inLanguage":"pt-BR"},{"@type":"WebPage","@id":"https:\/\/rioonwatch.org.br\/?p=19658","url":"https:\/\/rioonwatch.org.br\/?p=19658","name":"Vila Aut\u00f3dromo Avan\u00e7a com Planos para Museu das Remo\u00e7\u00f5es - RioOnWatch","isPartOf":{"@id":"https:\/\/rioonwatch.org.br\/#website"},"primaryImageOfPage":{"@id":"https:\/\/rioonwatch.org.br\/?p=19658#primaryimage"},"image":{"@id":"https:\/\/rioonwatch.org.br\/?p=19658#primaryimage"},"thumbnailUrl":"https:\/\/rioonwatch.org.br\/wp-content\/uploads\/2016\/05\/IMG_4041-scaled.jpg","datePublished":"2016-05-11T12:54:10+00:00","dateModified":"2024-06-20T19:27:39+00:00","breadcrumb":{"@id":"https:\/\/rioonwatch.org.br\/?p=19658#breadcrumb"},"inLanguage":"pt-BR","potentialAction":[{"@type":"ReadAction","target":["https:\/\/rioonwatch.org.br\/?p=19658"]}]},{"@type":"ImageObject","inLanguage":"pt-BR","@id":"https:\/\/rioonwatch.org.br\/?p=19658#primaryimage","url":"https:\/\/rioonwatch.org.br\/wp-content\/uploads\/2016\/05\/IMG_4041-scaled.jpg","contentUrl":"https:\/\/rioonwatch.org.br\/wp-content\/uploads\/2016\/05\/IMG_4041-scaled.jpg","width":2560,"height":1920},{"@type":"BreadcrumbList","@id":"https:\/\/rioonwatch.org.br\/?p=19658#breadcrumb","itemListElement":[{"@type":"ListItem","position":1,"name":"In\u00edcio","item":"https:\/\/rioonwatch.org.br\/"},{"@type":"ListItem","position":2,"name":"Vila Aut\u00f3dromo Avan\u00e7a com Planos para Museu das Remo\u00e7\u00f5es"}]},{"@type":"WebSite","@id":"https:\/\/rioonwatch.org.br\/#website","url":"https:\/\/rioonwatch.org.br\/","name":"RioOnWatch","description":"relatos das favelas cariocas","publisher":{"@id":"https:\/\/rioonwatch.org.br\/#organization"},"potentialAction":[{"@type":"SearchAction","target":{"@type":"EntryPoint","urlTemplate":"https:\/\/rioonwatch.org.br\/?s={search_term_string}"},"query-input":{"@type":"PropertyValueSpecification","valueRequired":true,"valueName":"search_term_string"}}],"inLanguage":"pt-BR"},{"@type":"Organization","@id":"https:\/\/rioonwatch.org.br\/#organization","name":"RioOnWatch","url":"https:\/\/rioonwatch.org.br\/","logo":{"@type":"ImageObject","inLanguage":"pt-BR","@id":"https:\/\/rioonwatch.org.br\/#\/schema\/logo\/image\/","url":"https:\/\/rioonwatch.org.br\/wp-content\/uploads\/2021\/06\/RioOnWatchcabecalhoPT11anos-2.png","contentUrl":"https:\/\/rioonwatch.org.br\/wp-content\/uploads\/2021\/06\/RioOnWatchcabecalhoPT11anos-2.png","width":779,"height":277,"caption":"RioOnWatch"},"image":{"@id":"https:\/\/rioonwatch.org.br\/#\/schema\/logo\/image\/"}},{"@type":"Person","@id":"https:\/\/rioonwatch.org.br\/#\/schema\/person\/11d64c290506f9df50c71b850c473f68","name":"Admin","image":{"@type":"ImageObject","inLanguage":"pt-BR","@id":"https:\/\/rioonwatch.org.br\/#\/schema\/person\/image\/","url":"https:\/\/secure.gravatar.com\/avatar\/56211ac74568383903349a1485e3c325?s=96&d=blank&r=g","contentUrl":"https:\/\/secure.gravatar.com\/avatar\/56211ac74568383903349a1485e3c325?s=96&d=blank&r=g","caption":"Admin"},"url":"https:\/\/rioonwatch.org.br\/?author=129"}]}},"_links":{"self":[{"href":"https:\/\/rioonwatch.org.br\/index.php?rest_route=\/wp\/v2\/posts\/19658"}],"collection":[{"href":"https:\/\/rioonwatch.org.br\/index.php?rest_route=\/wp\/v2\/posts"}],"about":[{"href":"https:\/\/rioonwatch.org.br\/index.php?rest_route=\/wp\/v2\/types\/post"}],"author":[{"embeddable":true,"href":"https:\/\/rioonwatch.org.br\/index.php?rest_route=\/wp\/v2\/users\/129"}],"replies":[{"embeddable":true,"href":"https:\/\/rioonwatch.org.br\/index.php?rest_route=%2Fwp%2Fv2%2Fcomments&post=19658"}],"version-history":[{"count":16,"href":"https:\/\/rioonwatch.org.br\/index.php?rest_route=\/wp\/v2\/posts\/19658\/revisions"}],"predecessor-version":[{"id":74216,"href":"https:\/\/rioonwatch.org.br\/index.php?rest_route=\/wp\/v2\/posts\/19658\/revisions\/74216"}],"wp:featuredmedia":[{"embeddable":true,"href":"https:\/\/rioonwatch.org.br\/index.php?rest_route=\/wp\/v2\/media\/19661"}],"wp:attachment":[{"href":"https:\/\/rioonwatch.org.br\/index.php?rest_route=%2Fwp%2Fv2%2Fmedia&parent=19658"}],"wp:term":[{"taxonomy":"category","embeddable":true,"href":"https:\/\/rioonwatch.org.br\/index.php?rest_route=%2Fwp%2Fv2%2Fcategories&post=19658"},{"taxonomy":"post_tag","embeddable":true,"href":"https:\/\/rioonwatch.org.br\/index.php?rest_route=%2Fwp%2Fv2%2Ftags&post=19658"},{"taxonomy":"writer","embeddable":true,"href":"https:\/\/rioonwatch.org.br\/index.php?rest_route=%2Fwp%2Fv2%2Fwriter&post=19658"},{"taxonomy":"translator","embeddable":true,"href":"https:\/\/rioonwatch.org.br\/index.php?rest_route=%2Fwp%2Fv2%2Ftranslator&post=19658"},{"taxonomy":"source","embeddable":true,"href":"https:\/\/rioonwatch.org.br\/index.php?rest_route=%2Fwp%2Fv2%2Fsource&post=19658"},{"taxonomy":"ilustrador","embeddable":true,"href":"https:\/\/rioonwatch.org.br\/index.php?rest_route=%2Fwp%2Fv2%2Filustrador&post=19658"},{"taxonomy":"fotografo","embeddable":true,"href":"https:\/\/rioonwatch.org.br\/index.php?rest_route=%2Fwp%2Fv2%2Ffotografo&post=19658"}],"curies":[{"name":"wp","href":"https:\/\/api.w.org\/{rel}","templated":true}]}}