{"id":19692,"date":"2016-05-12T12:48:36","date_gmt":"2016-05-12T15:48:36","guid":{"rendered":"http:\/\/rioonwatch.org.br\/?p=19692"},"modified":"2016-05-12T12:56:01","modified_gmt":"2016-05-12T15:56:01","slug":"apos-anos-de-espera-saneamento-finalmente-podera-chegar-a-pica-pau","status":"publish","type":"post","link":"https:\/\/rioonwatch.org.br\/?p=19692","title":{"rendered":"Ap\u00f3s Anos de Espera, Saneamento Finalmente Poder\u00e1 Chegar a Pica-Pau"},"content":{"rendered":"<p style=\"text-align: right;\"><em><strong><a href=\"http:\/\/bit.ly\/1UF76rl\" target=\"_blank\">Click Here for English<img decoding=\"async\" width=\"20\" height=\"20\" class=\"alignright wp-image-15790\" src=\"http:\/\/rioonwatch.org.br\/wp-content\/uploads\/2012\/08\/EN-standard-e1439583104716.jpg\" alt=\"\" \/><\/a><\/strong><\/em><\/p>\n<p>No in\u00edcio de abril de 2016, Irenaldo Honorio da Silva, presidente da Associa\u00e7\u00e3o de\u00a0Moradores de\u00a0<a href=\"http:\/\/bit.ly\/Z0e2US\" target=\"_blank\">Pica-Pau<\/a> recebeu um comunicado da Prefeitura que a t\u00e3o esperada urbaniza\u00e7\u00e3o prometida pelo programa\u00a0<a href=\"http:\/\/bit.ly\/yUD1ZW\" target=\"_blank\">Morar Carioca<\/a> come\u00e7aria a ser implantada no domingo, dia 3 de abril. Entretanto, os planos n\u00e3o eram claros. Irenaldo estava preocupado que apenas o bairro Br\u00e1s de Pina receberia as melhorias. Depois chegaram not\u00edcias mais oficiais&#8211;ele foi informado que o in\u00edcio das obras seria no s\u00e1bado seguinte, dia 9 de abril. Entretanto, na sexta-feira o evento\u00a0foi cancelado sem nova data prevista\u00a0e sem ningu\u00e9m avis\u00e1-lo. Um m\u00eas depois, a Prefeitura ainda tem que apresentar os planos de urbaniza\u00e7\u00e3o do programa Morar Carioca para a comunidade e\u00a0para as favelas vizinhas.\u00a0Irenaldo e seus vizinhos est\u00e3o, entretanto, acostumados a esperar: a comunidade Pica-Pau foi <a href=\"http:\/\/bit.ly\/104CmUd\" target=\"_blank\">selecionada para participar do programa Morar Carioca em 2011<\/a>, interven\u00e7\u00f5es come\u00e7aram em 2012, mas <a href=\"http:\/\/bit.ly\/15beq1z\" target=\"_blank\">foram todas abandonadas<\/a>, mesmo <a href=\"http:\/\/bit.ly\/1NzuogA\" target=\"_blank\">sendo uma das \u00e1reas<\/a> que <a href=\"http:\/\/bit.ly\/Ps8MhF\" target=\"_blank\">mais precisa dessas obras<\/a>.<\/p>\n<p>Irenaldo resumiu: \u201cEst\u00e1vamos quase l\u00e1, mas agora n\u00e3o temos mais nada. [Estava planejada] uma reuni\u00e3o com o prefeito para apresenta\u00e7\u00e3o do projeto e ela foi cancelada&#8230; E n\u00f3s [ainda] estamos esperando&#8230;&#8221;<\/p>\n<h3>Pica-Pau<\/h3>\n<p>Beira Pica-Pau, tamb\u00e9m conhecida como Favela de Cordovil, ou, simplesmente, Pica-Pau, \u00e9 uma favela localizada na <a href=\"http:\/\/bit.ly\/WximDf\" target=\"_blank\">Zona Norte<\/a>, no bairro de\u00a0<a href=\"http:\/\/bit.ly\/1SBPBmR\" target=\"_blank\">Cordovil<\/a>, na Avenida Brasil.<\/p>\n<p>A comunidade Pica-Pau cresceu consideravelmente desde 1962, quando as primeiras fam\u00edlias come\u00e7aram a ocupar\u00a0antigas fazendas. Hoje existem aproximadamente 7000 pessoas dividindo\u00a0um espa\u00e7o de 6000m\u00b2.<\/p>\n<p>Os primeiros moradores de\u00a0Pica-Pau foram\u00a0imigrantes nordestinos de \u00e1reas rurais atingidas pelas secas, que vieram para a cidade grande em busca de oportunidades. Sem educa\u00e7\u00e3o formal e qualifica\u00e7\u00e3o para diversos trabalhos, essas pessoas eram apenas m\u00e3o de obra barata que trabalhavam por longas horas em troca de baixos sal\u00e1rios. Negligenciados pelas autoridades p\u00fablicas e com poucos meios de sobreviver, a \u00fanica op\u00e7\u00e3o dos moradores da comunidade\u00a0Pica-Pau era construir suas pr\u00f3prias casas, ainda que em situa\u00e7\u00e3o prec\u00e1ria. Nos anos seguintes, assim como em outras favelas, o n\u00famero de moradores cresceu, <a href=\"http:\/\/bit.ly\/NJCCjW\" target=\"_blank\">sem melhorias significativas de infraestrutura por parte das autoridades<\/a>.<\/p>\n<p><a href=\"http:\/\/rioonwatch.org.br\/wp-content\/uploads\/2016\/05\/25948915113_9f08594ef7_z.jpg\"><img fetchpriority=\"high\" decoding=\"async\" class=\"aligncenter wp-image-19698 size-content\" title=\"Sistema de abastecimento de \u00e1gua improvisado na favela Pica-Pau.\" src=\"http:\/\/rioonwatch.org.br\/wp-content\/uploads\/2016\/05\/25948915113_9f08594ef7_z-620x264.jpg\" alt=\"25948915113_9f08594ef7_z\" width=\"620\" height=\"264\" \/><\/a><\/p>\n<p>Ainda hoje o sistema de abastecimento de \u00e1gua oferecida pela <a href=\"http:\/\/bit.ly\/14mlkmP\" target=\"_blank\">CEDAE<\/a> chega somente em poucas casas localizadas no entorno da favela. Com o crescimento do n\u00famero de casas na regi\u00e3o, os pr\u00f3prios moradores constru\u00edram um sistema de distribui\u00e7\u00e3o de \u00e1gua. Como n\u00e3o existe um sistema formal de saneamento, o esgoto \u00e9 lan\u00e7ado no canal subterr\u00e2neo de drenagem de\u00a0<a href=\"http:\/\/bit.ly\/1qpPRhD\" target=\"_blank\">\u00e1guas pluviais<\/a> que cruza a rua principal da favela, poluindo um rio canalizado, que, por sua vez, se junta a <a href=\"http:\/\/bit.ly\/20VNpMK\" target=\"_blank\">uma boa parte do esgoto da cidade<\/a> que des\u00e1gua na <a href=\"http:\/\/bit.ly\/1i8xoT1\" target=\"_blank\">Ba\u00eda de Guanabara<\/a>, contribuindo para a sua polui\u00e7\u00e3o.<\/p>\n<p>Al\u00e9m disso, mesmo sem infraestrutura de abastecimento de \u00e1gua pot\u00e1vel e sem\u00a0<a href=\"http:\/\/bit.ly\/1TpORFB\" target=\"_blank\">saneamento<\/a> b\u00e1sico adequado, todas as casas s\u00e3o obrigadas a pagarem \u00e0 CEDAE, mensalmente, uma taxa b\u00e1sica de servi\u00e7os que, no fim das contas, sequer s\u00e3o prestados. Indignados, muitos desses moradores, liderados por Irenaldo, entraram com uma a\u00e7\u00e3o contra a CEDAE devido a esta situa\u00e7\u00e3o inaceit\u00e1vel. Eles ainda esperam pela resposta do processo.<\/p>\n<p><a href=\"http:\/\/rioonwatch.org.br\/wp-content\/uploads\/2016\/05\/26549962415_4f49c6c93b_z.jpg\"><img decoding=\"async\" class=\"aligncenter wp-image-19702 size-medium\" title=\"Irenaldo (esquerda), presidente da Associa\u00e7\u00e3o de Moradores conversando sobre as quest\u00f5es da comunidade com os moradores.\" src=\"http:\/\/rioonwatch.org.br\/wp-content\/uploads\/2016\/05\/26549962415_4f49c6c93b_z-620x465.jpg\" alt=\"26549962415_4f49c6c93b_z\" width=\"620\" height=\"465\" srcset=\"https:\/\/rioonwatch.org.br\/wp-content\/uploads\/2016\/05\/26549962415_4f49c6c93b_z-620x465.jpg 620w, https:\/\/rioonwatch.org.br\/wp-content\/uploads\/2016\/05\/26549962415_4f49c6c93b_z-352x264.jpg 352w, https:\/\/rioonwatch.org.br\/wp-content\/uploads\/2016\/05\/26549962415_4f49c6c93b_z-174x131.jpg 174w, https:\/\/rioonwatch.org.br\/wp-content\/uploads\/2016\/05\/26549962415_4f49c6c93b_z-300x225.jpg 300w, https:\/\/rioonwatch.org.br\/wp-content\/uploads\/2016\/05\/26549962415_4f49c6c93b_z-70x53.jpg 70w, https:\/\/rioonwatch.org.br\/wp-content\/uploads\/2016\/05\/26549962415_4f49c6c93b_z.jpg 640w\" sizes=\"(max-width: 620px) 100vw, 620px\" \/><\/a><\/p>\n<p>Devido \u00e0s <a href=\"http:\/\/bit.ly\/1NzuogA\" target=\"_blank\">condi\u00e7\u00f5es de infraestrutura extremamente prec\u00e1ria<\/a>\u00a0em dias de chuvas fortes, os moradores do\u00a0Pica-Pau vivem um verdadeiro pesadelo: esgoto sai dos ralos de dentro de casa, e at\u00e9 das torneiras e chuveiros. Isto ocorre porque os canais de drenagem subterr\u00e2neos n\u00e3o s\u00e3o constru\u00eddos para suportar o volume de \u00e1guas pluviais e de esgoto juntas. Ele fica repleto das \u00e1guas da chuva e, literalmente, transborda, fazendo com que as ruas fiquem inundadas e com as \u00e1guas subindo. Al\u00e9m disso, os canos do sistema de distribui\u00e7\u00e3o de \u00e1gua pot\u00e1vel, improvisados e pouco conservados, acabam sendo contaminados pelas \u00e1guas do canal pluvial que recebe esgoto. Devido a alta press\u00e3o nos dias de chuvas torrenciais estas \u00e1guas penetram nos canos que distribuem \u00e1gua pot\u00e1vel, encaminhando\u00a0\u00e1gua contaminada para dentro das casas dos moradores da comunidade.<\/p>\n<h3>Morar Carioca<\/h3>\n<p>Ap\u00f3s <a href=\"http:\/\/bit.ly\/1TFuvnp\" target=\"_blank\">longos anos em uma luta solit\u00e1ria<\/a> contra estas quest\u00f5es, tentando enfrent\u00e1-las <a href=\"http:\/\/bit.ly\/11ek99i\" target=\"_blank\">com seus pr\u00f3prios recursos restritos<\/a>, o Morar Carioca parecia oferecer uma nova esperan\u00e7a para os moradores do Pica-Pau. Ele consiste em um <a href=\"http:\/\/bit.ly\/1T0EshR\" target=\"_blank\">premiado<\/a> programa de bilh\u00f5es de d\u00f3lares administrado pela Prefeitura, e financiado parcialmente pela Prefeitura, por fundos federais e o Banco Interamericano de Desenvolvimento (BID). Este programa <a href=\"http:\/\/bit.ly\/1muQwLu\" target=\"_blank\">deveria melhorar as condi\u00e7\u00f5es de vida em 193 favelas<\/a> do Rio, e Pica-Pau era uma delas.<\/p>\n<p>Irenaldo explica o porqu\u00ea das interven\u00e7\u00f5es do projeto Morar Carioca ser t\u00e3o importantes: \u201cExistem encostas com casas em situa\u00e7\u00e3o de risco, a \u00e1gua est\u00e1 contaminada com esgoto, n\u00e3o existe uma infraestrutura de saneamento adequada e n\u00e3o h\u00e1 \u00e1reas verdes, centros esportivos, quadras\u201d, entre outras coisas.<\/p>\n<p><a href=\"http:\/\/rioonwatch.org.br\/wp-content\/uploads\/2016\/05\/25946749183_86beb0e9d5_z.jpg\"><img loading=\"lazy\" decoding=\"async\" class=\"aligncenter wp-image-19705 size-content\" title=\"Sistema de drenagem insuficiente na favela Pica-Pau\" src=\"http:\/\/rioonwatch.org.br\/wp-content\/uploads\/2016\/05\/25946749183_86beb0e9d5_z-620x264.jpg\" alt=\"25946749183_86beb0e9d5_z\" width=\"620\" height=\"264\" \/><\/a><\/p>\n<p>Desde 2010, quando as firmas de arquitetura vencedoras da concorr\u00eancia\u00a0foram anunciadas, muito pouco foi realizado. Al\u00e9m disso, contradizendo a proposta do programa, pouca ou nenhuma informa\u00e7\u00e3o foi repassada aos benefici\u00e1rios do programa, como os moradores da favela Pica-Pau. O programa, de forma geral, <a href=\"http:\/\/bit.ly\/1muQwLu\" target=\"_blank\">foi abandonado<\/a>. O <a href=\"http:\/\/bit.ly\/1k4eA6c\" target=\"_blank\">Prefeito Eduardo Paes<\/a> enfatizou bastante o programa em sua campanha de reelei\u00e7\u00e3o em 2012, mas o contrato com o Ibase, a principal ONG respons\u00e1vel pela elabora\u00e7\u00e3o dos diagn\u00f3sticos qualitativos&#8211;que engajava as comunidades em atividades participativas, garantindo que suas demandas fossem\u00a0incorporados no projeto&#8211;foi cortado sem aviso pr\u00e9vio, apenas tr\u00eas meses ap\u00f3s a reelei\u00e7\u00e3o do prefeito.<\/p>\n<p>Inicialmente, o atraso foi justificado pela complexa burocracia de\u00a0um empreendimento t\u00e3o grande. Depois, aparentemente, a Prefeitura ficou sem fundos para realizar as obras, e\u00a0dependia do governo federal para tornar os recursos dispon\u00edveis. Mais recentemente, surgiu um obst\u00e1culo pol\u00edtico: <a href=\"http:\/\/bit.ly\/21XLxU6\" target=\"_blank\">disputas eleitorais<\/a> entre os principais partidos pol\u00edticos\u00a0parecem ser a nova raz\u00e3o para o abandono do projeto. Existem tamb\u00e9m aqueles que acreditam que <a href=\"http:\/\/bit.ly\/1FM0mN6\" target=\"_blank\">nunca foi plano do Prefeito Eduardo Paes implantar<\/a> o programa e que ele foi usado apenas para <a href=\"http:\/\/bit.ly\/1T0EshR\" target=\"_blank\">favorecer a sua imagem<\/a>, j\u00e1 que esses projetos j\u00e1 estavam sendo pensados quando ele assumiu o cargo. Al\u00e9m disso, esses programas de urbaniza\u00e7\u00e3o das favelas&#8211;particularmente por meio de canais de participa\u00e7\u00e3o&#8211;aumentaria a legitimidade e perman\u00eancia dessas comunidades, o que prejudicaria seus aliados do <a href=\"http:\/\/bit.ly\/11tBtBo\" target=\"_blank\">setor imobili\u00e1rio<\/a> e impediria a cruzada das remo\u00e7\u00f5es, feito pelo qual o prefeito <a href=\"http:\/\/bit.ly\/1Knx3UB\" target=\"_blank\">\u00e9 famoso<\/a>.<\/p>\n<p>Ainda assim, mesmo que lentamente, as coisas parecem estar progredindo novamente: ano\u00a0passado, uma autoridade da Prefeitura, engenheiros da empreiteira encarregada e um representante de finan\u00e7as do BID visitaram a comunidade. A \u00e1rea foi mapeada e estudada e o representante do prefeito garantiu a Irenaldo que o plano de urbaniza\u00e7\u00e3o da regi\u00e3o j\u00e1 estava pronto e que as obras come\u00e7ariam em abril.<\/p>\n<p>Moradores da comunidade Pica-Pau podem estar acostumados a esperar, mas eles est\u00e3o ficando cansados: \u201cQuanto tempo teremos que esperar?\u201d, questiona Irenaldo. \u201cN\u00f3s, os moradores, n\u00e3o aguentamos esperar tanto tempo\u201d.<\/p>\n<p>A espera pode acabar em breve. O prefeito confirmou uma reuni\u00e3o para avan\u00e7ar com o projeto Morar Carioca na comunidade Pica-Pau no dia 7 de maio, \u00e0s 9:00. Os moradores est\u00e3o esperan\u00e7osos, por\u00e9m c\u00e9ticos, j\u00e1 que receberam\u00a0tais promessas por tanto tempo e elas continuam sem efeito.<\/p>\n<!-- AddThis Advanced Settings generic via filter on the_content --><!-- AddThis Share Buttons generic via filter on the_content -->","protected":false},"excerpt":{"rendered":"<div class=\"mh-excerpt\"><p>Click Here for English No in\u00edcio de abril de 2016, Irenaldo Honorio da Silva, presidente da Associa\u00e7\u00e3o de\u00a0Moradores de\u00a0Pica-Pau recebeu um comunicado da Prefeitura que a t\u00e3o esperada urbaniza\u00e7\u00e3o prometida pelo programa\u00a0Morar Carioca come\u00e7aria a <a class=\"mh-excerpt-more\" href=\"https:\/\/rioonwatch.org.br\/?p=19692\" title=\"Ap\u00f3s Anos de Espera, Saneamento Finalmente Poder\u00e1 Chegar a Pica-Pau\">[&#8230;]<\/a><!-- AddThis Advanced Settings generic via filter on get_the_excerpt --><!-- AddThis Share Buttons generic via filter on get_the_excerpt --><\/p>\n<\/div>","protected":false},"author":129,"featured_media":19696,"comment_status":"closed","ping_status":"closed","sticky":false,"template":"","format":"standard","meta":{"_acf_changed":false,"_monsterinsights_skip_tracking":false,"_monsterinsights_sitenote_active":false,"_monsterinsights_sitenote_note":"","_monsterinsights_sitenote_category":0,"footnotes":""},"categories":[344],"tags":[510,1854,804,1855,620,368,484,322,324,270,417,426,838,839,427,492,493,218],"writer":[1820],"translator":[1827],"source":[],"ilustrador":[],"fotografo":[],"class_list":{"0":"post-19692","1":"post","2":"type-post","3":"status-publish","4":"format-standard","5":"has-post-thumbnail","7":"category-politicas","8":"tag-agua","9":"tag-avenida-brasil","10":"tag-baia-da-guanabara","11":"tag-bras-de-pina","12":"tag-cedae","13":"tag-cordovil","14":"tag-prefeito-eduardo-paes","15":"tag-esgoto","16":"tag-infraestrutura","17":"tag-morar-carioca","18":"tag-negligencia-do-estado","19":"tag-pica-pau","20":"tag-politica-publica","21":"tag-prioridades-publicas-equivocadas","22":"tag-risco-de-deslizamento","23":"tag-saneamento","24":"tag-urbanizacao","25":"tag-zona-norte","26":"writer-sabrina-norris","27":"translator-cecilia-campos-de-carvalho"},"acf":[],"yoast_head":"<!-- This site is optimized with the Yoast SEO plugin v25.6 - https:\/\/yoast.com\/wordpress\/plugins\/seo\/ -->\n<title>Ap\u00f3s Anos de Espera, Saneamento Finalmente Poder\u00e1 Chegar a Pica-Pau - RioOnWatch<\/title>\n<meta name=\"robots\" content=\"index, follow, max-snippet:-1, max-image-preview:large, max-video-preview:-1\" \/>\n<link rel=\"canonical\" href=\"https:\/\/rioonwatch.org.br\/?p=19692\" \/>\n<meta property=\"og:locale\" content=\"pt_BR\" \/>\n<meta property=\"og:type\" content=\"article\" \/>\n<meta property=\"og:title\" content=\"Ap\u00f3s Anos de Espera, Saneamento Finalmente Poder\u00e1 Chegar a Pica-Pau - RioOnWatch\" \/>\n<meta property=\"og:description\" content=\"Click Here for English No in\u00edcio de abril de 2016, Irenaldo Honorio da Silva, presidente da Associa\u00e7\u00e3o de\u00a0Moradores de\u00a0Pica-Pau recebeu um comunicado da Prefeitura que a t\u00e3o esperada urbaniza\u00e7\u00e3o prometida pelo programa\u00a0Morar Carioca come\u00e7aria a [...]\" \/>\n<meta property=\"og:url\" content=\"https:\/\/rioonwatch.org.br\/?p=19692\" \/>\n<meta property=\"og:site_name\" content=\"RioOnWatch\" \/>\n<meta property=\"article:published_time\" content=\"2016-05-12T15:48:36+00:00\" \/>\n<meta property=\"article:modified_time\" content=\"2016-05-12T15:56:01+00:00\" \/>\n<meta property=\"og:image\" content=\"https:\/\/rioonwatch.org.br\/wp-content\/uploads\/2016\/05\/26483578591_9f01fc06b7_z.jpg\" \/>\n\t<meta property=\"og:image:width\" content=\"640\" \/>\n\t<meta property=\"og:image:height\" content=\"480\" \/>\n\t<meta property=\"og:image:type\" content=\"image\/jpeg\" \/>\n<meta name=\"author\" content=\"Admin\" \/>\n<meta name=\"twitter:card\" content=\"summary_large_image\" \/>\n<meta name=\"twitter:label1\" content=\"Escrito por\" \/>\n\t<meta name=\"twitter:data1\" content=\"Admin\" \/>\n\t<meta name=\"twitter:label2\" content=\"Est. tempo de leitura\" \/>\n\t<meta name=\"twitter:data2\" content=\"6 minutos\" \/>\n<script type=\"application\/ld+json\" class=\"yoast-schema-graph\">{\"@context\":\"https:\/\/schema.org\",\"@graph\":[{\"@type\":\"Article\",\"@id\":\"https:\/\/rioonwatch.org.br\/?p=19692#article\",\"isPartOf\":{\"@id\":\"https:\/\/rioonwatch.org.br\/?p=19692\"},\"author\":{\"name\":\"Admin\",\"@id\":\"https:\/\/rioonwatch.org.br\/#\/schema\/person\/11d64c290506f9df50c71b850c473f68\"},\"headline\":\"Ap\u00f3s Anos de Espera, Saneamento Finalmente Poder\u00e1 Chegar a Pica-Pau\",\"datePublished\":\"2016-05-12T15:48:36+00:00\",\"dateModified\":\"2016-05-12T15:56:01+00:00\",\"mainEntityOfPage\":{\"@id\":\"https:\/\/rioonwatch.org.br\/?p=19692\"},\"wordCount\":1257,\"publisher\":{\"@id\":\"https:\/\/rioonwatch.org.br\/#organization\"},\"image\":{\"@id\":\"https:\/\/rioonwatch.org.br\/?p=19692#primaryimage\"},\"thumbnailUrl\":\"https:\/\/rioonwatch.org.br\/wp-content\/uploads\/2016\/05\/26483578591_9f01fc06b7_z.jpg\",\"keywords\":[\"\u00e1gua\",\"Avenida Brasil\",\"Ba\u00eda da Guanabara\",\"Br\u00e1s de Pina\",\"CEDAE\",\"Cordovil\",\"Eduardo Paes\",\"esgoto\",\"infraestrutura\",\"Morar Carioca\",\"Neglig\u00eancia do Estado\",\"Pica-Pau\",\"pol\u00edtica p\u00fablica\",\"prioridades p\u00fablicas equivocadas\",\"risco de deslizamento\",\"saneamento\",\"urbaniza\u00e7\u00e3o\",\"Zona Norte\"],\"articleSection\":[\"Pol\u00edticas\"],\"inLanguage\":\"pt-BR\"},{\"@type\":\"WebPage\",\"@id\":\"https:\/\/rioonwatch.org.br\/?p=19692\",\"url\":\"https:\/\/rioonwatch.org.br\/?p=19692\",\"name\":\"Ap\u00f3s Anos de Espera, Saneamento Finalmente Poder\u00e1 Chegar a Pica-Pau - RioOnWatch\",\"isPartOf\":{\"@id\":\"https:\/\/rioonwatch.org.br\/#website\"},\"primaryImageOfPage\":{\"@id\":\"https:\/\/rioonwatch.org.br\/?p=19692#primaryimage\"},\"image\":{\"@id\":\"https:\/\/rioonwatch.org.br\/?p=19692#primaryimage\"},\"thumbnailUrl\":\"https:\/\/rioonwatch.org.br\/wp-content\/uploads\/2016\/05\/26483578591_9f01fc06b7_z.jpg\",\"datePublished\":\"2016-05-12T15:48:36+00:00\",\"dateModified\":\"2016-05-12T15:56:01+00:00\",\"breadcrumb\":{\"@id\":\"https:\/\/rioonwatch.org.br\/?p=19692#breadcrumb\"},\"inLanguage\":\"pt-BR\",\"potentialAction\":[{\"@type\":\"ReadAction\",\"target\":[\"https:\/\/rioonwatch.org.br\/?p=19692\"]}]},{\"@type\":\"ImageObject\",\"inLanguage\":\"pt-BR\",\"@id\":\"https:\/\/rioonwatch.org.br\/?p=19692#primaryimage\",\"url\":\"https:\/\/rioonwatch.org.br\/wp-content\/uploads\/2016\/05\/26483578591_9f01fc06b7_z.jpg\",\"contentUrl\":\"https:\/\/rioonwatch.org.br\/wp-content\/uploads\/2016\/05\/26483578591_9f01fc06b7_z.jpg\",\"width\":640,\"height\":480},{\"@type\":\"BreadcrumbList\",\"@id\":\"https:\/\/rioonwatch.org.br\/?p=19692#breadcrumb\",\"itemListElement\":[{\"@type\":\"ListItem\",\"position\":1,\"name\":\"In\u00edcio\",\"item\":\"https:\/\/rioonwatch.org.br\/\"},{\"@type\":\"ListItem\",\"position\":2,\"name\":\"Ap\u00f3s Anos de Espera, Saneamento Finalmente Poder\u00e1 Chegar a Pica-Pau\"}]},{\"@type\":\"WebSite\",\"@id\":\"https:\/\/rioonwatch.org.br\/#website\",\"url\":\"https:\/\/rioonwatch.org.br\/\",\"name\":\"RioOnWatch\",\"description\":\"relatos das favelas cariocas\",\"publisher\":{\"@id\":\"https:\/\/rioonwatch.org.br\/#organization\"},\"potentialAction\":[{\"@type\":\"SearchAction\",\"target\":{\"@type\":\"EntryPoint\",\"urlTemplate\":\"https:\/\/rioonwatch.org.br\/?s={search_term_string}\"},\"query-input\":{\"@type\":\"PropertyValueSpecification\",\"valueRequired\":true,\"valueName\":\"search_term_string\"}}],\"inLanguage\":\"pt-BR\"},{\"@type\":\"Organization\",\"@id\":\"https:\/\/rioonwatch.org.br\/#organization\",\"name\":\"RioOnWatch\",\"url\":\"https:\/\/rioonwatch.org.br\/\",\"logo\":{\"@type\":\"ImageObject\",\"inLanguage\":\"pt-BR\",\"@id\":\"https:\/\/rioonwatch.org.br\/#\/schema\/logo\/image\/\",\"url\":\"https:\/\/rioonwatch.org.br\/wp-content\/uploads\/2021\/06\/RioOnWatchcabecalhoPT11anos-2.png\",\"contentUrl\":\"https:\/\/rioonwatch.org.br\/wp-content\/uploads\/2021\/06\/RioOnWatchcabecalhoPT11anos-2.png\",\"width\":779,\"height\":277,\"caption\":\"RioOnWatch\"},\"image\":{\"@id\":\"https:\/\/rioonwatch.org.br\/#\/schema\/logo\/image\/\"}},{\"@type\":\"Person\",\"@id\":\"https:\/\/rioonwatch.org.br\/#\/schema\/person\/11d64c290506f9df50c71b850c473f68\",\"name\":\"Admin\",\"image\":{\"@type\":\"ImageObject\",\"inLanguage\":\"pt-BR\",\"@id\":\"https:\/\/rioonwatch.org.br\/#\/schema\/person\/image\/\",\"url\":\"https:\/\/secure.gravatar.com\/avatar\/56211ac74568383903349a1485e3c325?s=96&d=blank&r=g\",\"contentUrl\":\"https:\/\/secure.gravatar.com\/avatar\/56211ac74568383903349a1485e3c325?s=96&d=blank&r=g\",\"caption\":\"Admin\"},\"url\":\"https:\/\/rioonwatch.org.br\/?author=129\"}]}<\/script>\n<!-- \/ Yoast SEO plugin. -->","yoast_head_json":{"title":"Ap\u00f3s Anos de Espera, Saneamento Finalmente Poder\u00e1 Chegar a Pica-Pau - RioOnWatch","robots":{"index":"index","follow":"follow","max-snippet":"max-snippet:-1","max-image-preview":"max-image-preview:large","max-video-preview":"max-video-preview:-1"},"canonical":"https:\/\/rioonwatch.org.br\/?p=19692","og_locale":"pt_BR","og_type":"article","og_title":"Ap\u00f3s Anos de Espera, Saneamento Finalmente Poder\u00e1 Chegar a Pica-Pau - RioOnWatch","og_description":"Click Here for English No in\u00edcio de abril de 2016, Irenaldo Honorio da Silva, presidente da Associa\u00e7\u00e3o de\u00a0Moradores de\u00a0Pica-Pau recebeu um comunicado da Prefeitura que a t\u00e3o esperada urbaniza\u00e7\u00e3o prometida pelo programa\u00a0Morar Carioca come\u00e7aria a [...]","og_url":"https:\/\/rioonwatch.org.br\/?p=19692","og_site_name":"RioOnWatch","article_published_time":"2016-05-12T15:48:36+00:00","article_modified_time":"2016-05-12T15:56:01+00:00","og_image":[{"width":640,"height":480,"url":"https:\/\/rioonwatch.org.br\/wp-content\/uploads\/2016\/05\/26483578591_9f01fc06b7_z.jpg","type":"image\/jpeg"}],"author":"Admin","twitter_card":"summary_large_image","twitter_misc":{"Escrito por":"Admin","Est. tempo de leitura":"6 minutos"},"schema":{"@context":"https:\/\/schema.org","@graph":[{"@type":"Article","@id":"https:\/\/rioonwatch.org.br\/?p=19692#article","isPartOf":{"@id":"https:\/\/rioonwatch.org.br\/?p=19692"},"author":{"name":"Admin","@id":"https:\/\/rioonwatch.org.br\/#\/schema\/person\/11d64c290506f9df50c71b850c473f68"},"headline":"Ap\u00f3s Anos de Espera, Saneamento Finalmente Poder\u00e1 Chegar a Pica-Pau","datePublished":"2016-05-12T15:48:36+00:00","dateModified":"2016-05-12T15:56:01+00:00","mainEntityOfPage":{"@id":"https:\/\/rioonwatch.org.br\/?p=19692"},"wordCount":1257,"publisher":{"@id":"https:\/\/rioonwatch.org.br\/#organization"},"image":{"@id":"https:\/\/rioonwatch.org.br\/?p=19692#primaryimage"},"thumbnailUrl":"https:\/\/rioonwatch.org.br\/wp-content\/uploads\/2016\/05\/26483578591_9f01fc06b7_z.jpg","keywords":["\u00e1gua","Avenida Brasil","Ba\u00eda da Guanabara","Br\u00e1s de Pina","CEDAE","Cordovil","Eduardo Paes","esgoto","infraestrutura","Morar Carioca","Neglig\u00eancia do Estado","Pica-Pau","pol\u00edtica p\u00fablica","prioridades p\u00fablicas equivocadas","risco de deslizamento","saneamento","urbaniza\u00e7\u00e3o","Zona Norte"],"articleSection":["Pol\u00edticas"],"inLanguage":"pt-BR"},{"@type":"WebPage","@id":"https:\/\/rioonwatch.org.br\/?p=19692","url":"https:\/\/rioonwatch.org.br\/?p=19692","name":"Ap\u00f3s Anos de Espera, Saneamento Finalmente Poder\u00e1 Chegar a Pica-Pau - RioOnWatch","isPartOf":{"@id":"https:\/\/rioonwatch.org.br\/#website"},"primaryImageOfPage":{"@id":"https:\/\/rioonwatch.org.br\/?p=19692#primaryimage"},"image":{"@id":"https:\/\/rioonwatch.org.br\/?p=19692#primaryimage"},"thumbnailUrl":"https:\/\/rioonwatch.org.br\/wp-content\/uploads\/2016\/05\/26483578591_9f01fc06b7_z.jpg","datePublished":"2016-05-12T15:48:36+00:00","dateModified":"2016-05-12T15:56:01+00:00","breadcrumb":{"@id":"https:\/\/rioonwatch.org.br\/?p=19692#breadcrumb"},"inLanguage":"pt-BR","potentialAction":[{"@type":"ReadAction","target":["https:\/\/rioonwatch.org.br\/?p=19692"]}]},{"@type":"ImageObject","inLanguage":"pt-BR","@id":"https:\/\/rioonwatch.org.br\/?p=19692#primaryimage","url":"https:\/\/rioonwatch.org.br\/wp-content\/uploads\/2016\/05\/26483578591_9f01fc06b7_z.jpg","contentUrl":"https:\/\/rioonwatch.org.br\/wp-content\/uploads\/2016\/05\/26483578591_9f01fc06b7_z.jpg","width":640,"height":480},{"@type":"BreadcrumbList","@id":"https:\/\/rioonwatch.org.br\/?p=19692#breadcrumb","itemListElement":[{"@type":"ListItem","position":1,"name":"In\u00edcio","item":"https:\/\/rioonwatch.org.br\/"},{"@type":"ListItem","position":2,"name":"Ap\u00f3s Anos de Espera, Saneamento Finalmente Poder\u00e1 Chegar a Pica-Pau"}]},{"@type":"WebSite","@id":"https:\/\/rioonwatch.org.br\/#website","url":"https:\/\/rioonwatch.org.br\/","name":"RioOnWatch","description":"relatos das favelas cariocas","publisher":{"@id":"https:\/\/rioonwatch.org.br\/#organization"},"potentialAction":[{"@type":"SearchAction","target":{"@type":"EntryPoint","urlTemplate":"https:\/\/rioonwatch.org.br\/?s={search_term_string}"},"query-input":{"@type":"PropertyValueSpecification","valueRequired":true,"valueName":"search_term_string"}}],"inLanguage":"pt-BR"},{"@type":"Organization","@id":"https:\/\/rioonwatch.org.br\/#organization","name":"RioOnWatch","url":"https:\/\/rioonwatch.org.br\/","logo":{"@type":"ImageObject","inLanguage":"pt-BR","@id":"https:\/\/rioonwatch.org.br\/#\/schema\/logo\/image\/","url":"https:\/\/rioonwatch.org.br\/wp-content\/uploads\/2021\/06\/RioOnWatchcabecalhoPT11anos-2.png","contentUrl":"https:\/\/rioonwatch.org.br\/wp-content\/uploads\/2021\/06\/RioOnWatchcabecalhoPT11anos-2.png","width":779,"height":277,"caption":"RioOnWatch"},"image":{"@id":"https:\/\/rioonwatch.org.br\/#\/schema\/logo\/image\/"}},{"@type":"Person","@id":"https:\/\/rioonwatch.org.br\/#\/schema\/person\/11d64c290506f9df50c71b850c473f68","name":"Admin","image":{"@type":"ImageObject","inLanguage":"pt-BR","@id":"https:\/\/rioonwatch.org.br\/#\/schema\/person\/image\/","url":"https:\/\/secure.gravatar.com\/avatar\/56211ac74568383903349a1485e3c325?s=96&d=blank&r=g","contentUrl":"https:\/\/secure.gravatar.com\/avatar\/56211ac74568383903349a1485e3c325?s=96&d=blank&r=g","caption":"Admin"},"url":"https:\/\/rioonwatch.org.br\/?author=129"}]}},"_links":{"self":[{"href":"https:\/\/rioonwatch.org.br\/index.php?rest_route=\/wp\/v2\/posts\/19692"}],"collection":[{"href":"https:\/\/rioonwatch.org.br\/index.php?rest_route=\/wp\/v2\/posts"}],"about":[{"href":"https:\/\/rioonwatch.org.br\/index.php?rest_route=\/wp\/v2\/types\/post"}],"author":[{"embeddable":true,"href":"https:\/\/rioonwatch.org.br\/index.php?rest_route=\/wp\/v2\/users\/129"}],"replies":[{"embeddable":true,"href":"https:\/\/rioonwatch.org.br\/index.php?rest_route=%2Fwp%2Fv2%2Fcomments&post=19692"}],"version-history":[{"count":20,"href":"https:\/\/rioonwatch.org.br\/index.php?rest_route=\/wp\/v2\/posts\/19692\/revisions"}],"predecessor-version":[{"id":19716,"href":"https:\/\/rioonwatch.org.br\/index.php?rest_route=\/wp\/v2\/posts\/19692\/revisions\/19716"}],"wp:featuredmedia":[{"embeddable":true,"href":"https:\/\/rioonwatch.org.br\/index.php?rest_route=\/wp\/v2\/media\/19696"}],"wp:attachment":[{"href":"https:\/\/rioonwatch.org.br\/index.php?rest_route=%2Fwp%2Fv2%2Fmedia&parent=19692"}],"wp:term":[{"taxonomy":"category","embeddable":true,"href":"https:\/\/rioonwatch.org.br\/index.php?rest_route=%2Fwp%2Fv2%2Fcategories&post=19692"},{"taxonomy":"post_tag","embeddable":true,"href":"https:\/\/rioonwatch.org.br\/index.php?rest_route=%2Fwp%2Fv2%2Ftags&post=19692"},{"taxonomy":"writer","embeddable":true,"href":"https:\/\/rioonwatch.org.br\/index.php?rest_route=%2Fwp%2Fv2%2Fwriter&post=19692"},{"taxonomy":"translator","embeddable":true,"href":"https:\/\/rioonwatch.org.br\/index.php?rest_route=%2Fwp%2Fv2%2Ftranslator&post=19692"},{"taxonomy":"source","embeddable":true,"href":"https:\/\/rioonwatch.org.br\/index.php?rest_route=%2Fwp%2Fv2%2Fsource&post=19692"},{"taxonomy":"ilustrador","embeddable":true,"href":"https:\/\/rioonwatch.org.br\/index.php?rest_route=%2Fwp%2Fv2%2Filustrador&post=19692"},{"taxonomy":"fotografo","embeddable":true,"href":"https:\/\/rioonwatch.org.br\/index.php?rest_route=%2Fwp%2Fv2%2Ffotografo&post=19692"}],"curies":[{"name":"wp","href":"https:\/\/api.w.org\/{rel}","templated":true}]}}