{"id":19782,"date":"2016-05-09T20:05:18","date_gmt":"2016-05-09T23:05:18","guid":{"rendered":"http:\/\/rioonwatch.org.br\/?p=19782"},"modified":"2024-06-20T16:27:40","modified_gmt":"2024-06-20T19:27:40","slug":"movimento-em-expansao-primavera-secundarista-celebra-dois-meses","status":"publish","type":"post","link":"https:\/\/rioonwatch.org.br\/?p=19782","title":{"rendered":"Movimento em Expans\u00e3o, Primavera Secundarista Celebra Dois Meses"},"content":{"rendered":"<p style=\"text-align: right;\"><em><strong><a href=\"http:\/\/bit.ly\/24DiQNL\" target=\"_blank\" rel=\"noopener\">Click Here for English<img decoding=\"async\" width=\"20\" height=\"20\" class=\"alignright wp-image-15790\" src=\"http:\/\/rioonwatch.org.br\/wp-content\/uploads\/2012\/08\/EN-standard-e1439583104716.jpg\" alt=\"\" \/><\/a><\/strong><\/em><\/p>\n<p><span style=\"font-weight: 400;\">Os estudantes que atualmente ocupam as escolas secundaristas no <\/span><a href=\"http:\/\/bit.ly\/1WOcb0w\"><span style=\"font-weight: 400;\">Rio de Janeiro, S\u00e3o Paulo e Cear\u00e1<\/span><\/a><span style=\"font-weight: 400;\"> sa\u00edram para as ruas em um ato de solidariedade na <\/span><a href=\"http:\/\/bit.ly\/1NlQDqk\"><span style=\"font-weight: 400;\">manh\u00e3 do dia 4 de maio<\/span><\/a><span style=\"font-weight: 400;\">.<\/span><\/p>\n<p>Protestos de rua foram realizados em frente as escolas ocupadas para refutar as tentativas do governo de enquadrar <a href=\"http:\/\/bit.ly\/22eNWbv\" target=\"_blank\" rel=\"noopener\"><span style=\"font-weight: 400;\">as quest\u00f5es levantadas pelos estudantes<\/span><\/a>\u00a0como pertencentes a escolas individuais, ao inv\u00e9s de um sintoma de um problema mais amplo.<\/p>\n<p><span style=\"font-weight: 400;\">A partir das 8 horas da manh\u00e3, mais de 200 estudantes do Col\u00e9gio Estadual Visconde de Cair\u00fa e do Col\u00e9gio Estadual Central do Brasil <\/span><a href=\"http:\/\/bit.ly\/1Y4AExr\" target=\"_blank\" rel=\"noopener\"><span style=\"font-weight: 400;\">fizeram uma passeata<\/span><\/a><span style=\"font-weight: 400;\"> na Rua Dias de Cruz, no M\u00e9ier, na <\/span><a href=\"http:\/\/bit.ly\/WximDf\" target=\"_blank\" rel=\"noopener\"><span style=\"font-weight: 400;\">Zona Norte<\/span><\/a><span style=\"font-weight: 400;\">. Outros protestos de grande dimens\u00e3o ocorreram na <\/span><a href=\"http:\/\/bit.ly\/1KFTsNJ\" target=\"_blank\" rel=\"noopener\"><span style=\"font-weight: 400;\">Tijuca<\/span><\/a><span style=\"font-weight: 400;\">, <\/span><a href=\"http:\/\/bit.ly\/XRFGNa\" target=\"_blank\" rel=\"noopener\"><span style=\"font-weight: 400;\">Bangu<\/span><\/a><span style=\"font-weight: 400;\">, <\/span><a href=\"http:\/\/bit.ly\/1qX7nZG\" target=\"_blank\" rel=\"noopener\"><span style=\"font-weight: 400;\">Centro<\/span><\/a><span style=\"font-weight: 400;\">, <\/span><a href=\"http:\/\/bit.ly\/1V6gjti\"><span style=\"font-weight: 400;\">Ilha do Governador<\/span><\/a><span style=\"font-weight: 400;\">, <\/span><a href=\"http:\/\/bit.ly\/1xpT8yS\" target=\"_blank\" rel=\"noopener\"><span style=\"font-weight: 400;\">Niter\u00f3i<\/span><\/a><span style=\"font-weight: 400;\">, Saquarema e Angra, com v\u00e1rias escolas protestando individualmente e ao mesmo tempo <a href=\"http:\/\/bit.ly\/24BTIac\" target=\"_blank\" rel=\"noopener\">por todo o Estado do Rio de Janeiro<\/a>.<\/span><\/p>\n<p><a href=\"http:\/\/rioonwatch.org.br\/wp-content\/uploads\/2016\/05\/20160504_100651-620x264.jpg\"><img fetchpriority=\"high\" decoding=\"async\" class=\"aligncenter wp-image-19786 size-medium\" title=\"Estudantes param o tr\u00e2nsito no M\u00e9ier, protestando contra os cortes na educa\u00e7\u00e3o e demonstrando solidariedade com outras escolas ocupadas em todo Estado do Rio.\" src=\"http:\/\/rioonwatch.org.br\/wp-content\/uploads\/2016\/05\/20160504_100651-620x264-620x264.jpg\" alt=\"20160504_100651-620x264\" width=\"620\" height=\"264\" \/><\/a><\/p>\n<p>&#8220;Este foi um <a href=\"http:\/\/bit.ly\/1NlQDqk\" target=\"_blank\" rel=\"noopener\">ato unificado das escolas ocupadas<\/a>&#8220;, disse Sarah, 17 anos, l\u00edder da ocupa\u00e7\u00e3o do Col\u00e9gio Estadual Central do Brasil. &#8220;N\u00f3s organizamos esse ato para mostrar o porqu\u00ea da gente estar lutando por uma <a href=\"http:\/\/bit.ly\/1acNApR\" target=\"_blank\" rel=\"noopener\">educa\u00e7\u00e3o melhor<\/a>&#8220;.<\/p>\n<p><span style=\"font-weight: 400;\">Os protestos no Rio mostram tamb\u00e9m que o apoio p\u00fablico aos estudantes cresceu, com muitos observadores parabenizando os estudantes, gritando mensagens de apoio e juntando sua voz ao coro de exig\u00eancias dos jovens. Motoristas de \u00f4nibus e seus passageiros gravaram v\u00eddeos dos protestos com seus celulares, sorrindo e acenando aos estudantes que bloqueavam a estrada.<\/span><\/p>\n<p><span style=\"font-weight: 400;\">\u201cAcho \u00f3timo,\u201d disse Luisa, uma jovem m\u00e3e do M\u00e9ier que sa\u00edra para fazer compras. \u201cOs estudantes n\u00e3o t\u00eam o que eles precisam para educar-se, eles lutam agora por uma mudan\u00e7a importante&#8221;.<\/span><\/p>\n<p><span style=\"font-weight: 400;\">Ruth, uma mulher de setenta anos que passava, disse que se comoveu com os protestos dos estudantes na televis\u00e3o. &#8220;<\/span><span style=\"font-weight: 400;\">Nosso jovem foi completamente abandonado&#8230; Eu apoio todas essas manifesta\u00e7\u00f5es&#8221;.<\/span><\/p>\n<p><a href=\"http:\/\/rioonwatch.org.br\/wp-content\/uploads\/2016\/05\/13147848_1537851719854650_928710910540265307_o-620x264.jpg\"><img decoding=\"async\" class=\"aligncenter wp-image-19788 size-medium\" title=\"Os estudantes bloquearam ruas em v\u00e1rios pontos do Rio.\" src=\"http:\/\/rioonwatch.org.br\/wp-content\/uploads\/2016\/05\/13147848_1537851719854650_928710910540265307_o-620x264-620x264.jpg\" alt=\"13147848_1537851719854650_928710910540265307_o-620x264\" width=\"620\" height=\"264\" \/><\/a><\/p>\n<p><span style=\"font-weight: 400;\">Professores, que tamb\u00e9m protestaram dia\u00a0<\/span><a href=\"http:\/\/abr.ai\/1Wd232u\"><span style=\"font-weight: 400;\">4 de maio no Pal\u00e1cio Guanabara<\/span><\/a><span style=\"font-weight: 400;\">\u00a0assinalando os dois meses de greve, afirmaram que os protestos estudantis podem resultar em melhorias para a educa\u00e7\u00e3o no Estado do Rio de Janeiro.<\/span><\/p>\n<p><span style=\"font-weight: 400;\">\u201cPela primeira vez, esta greve \u00e9 diferente. Os estudantes acordaram e lutam por melhores condi\u00e7\u00f5es para todos n\u00f3s. Isso me d\u00e1 esperan\u00e7a&#8221;, diz Thiago*, professor do ensino m\u00e9dio na <\/span><a href=\"http:\/\/bit.ly\/1IgJzSA\" target=\"_blank\" rel=\"noopener\"><span style=\"font-weight: 400;\">Baixada Fluminense<\/span><\/a><span style=\"font-weight: 400;\">.<\/span><\/p>\n<p><span style=\"font-weight: 400;\">Mais tarde, no dia 5 de maio, os estudantes <\/span><a href=\"http:\/\/bit.ly\/1YH2rnw\"><span style=\"font-weight: 400;\">ocuparam o edif\u00edcio da Secretaria de Estado de Educa\u00e7\u00e3o<\/span><\/a><span style=\"font-weight: 400;\">\u00a0(SEEDUC) n<\/span>a regi\u00e3o do Porto, em mais uma tentativa de fazer suas vozes serem ouvidas e as negocia\u00e7\u00f5es renovadas.<\/p>\n<p><span style=\"font-weight: 400;\">A SEEDUC tem tentado <\/span><a href=\"http:\/\/bit.ly\/1OgYQqR\"><span style=\"font-weight: 400;\">desacreditar o movimento<\/span><\/a><span style=\"font-weight: 400;\"> repetidas vezes, chamando-o de antidemocr\u00e1tico e <\/span><a href=\"http:\/\/bit.ly\/1UF3LbJ\"><span style=\"font-weight: 400;\">acusando os estudantes de comportamento agressivo<\/span><\/a><span style=\"font-weight: 400;\"> e falta de vontade de negociar.<\/span><\/p>\n<p><a href=\"http:\/\/rioonwatch.org.br\/wp-content\/uploads\/2016\/05\/13178924_1538206556485833_519091760639700661_n-620x264.jpg\"><img loading=\"lazy\" decoding=\"async\" class=\"aligncenter wp-image-19789 size-medium\" title=\"Estudantes ocuparam a SEEDUC na noite do dia 05 de maio.\" src=\"http:\/\/rioonwatch.org.br\/wp-content\/uploads\/2016\/05\/13178924_1538206556485833_519091760639700661_n-620x264-620x264.jpg\" alt=\"13178924_1538206556485833_519091760639700661_n-620x264\" width=\"620\" height=\"264\" \/><\/a><\/p>\n<p><span style=\"font-weight: 400;\">&#8220;Eles nunca tentaram negociar com a gente&#8221;, \u00a0afirma Sarah, l\u00edder do Col\u00e9gio Central do Brasil. &#8220;Ele disse que ele s\u00f3 queria falar com o l\u00edder, mas n\u00e3o temos um l\u00edder aqui, ele tem que falar com todo mundo. Quando houve a reuni\u00e3o eu fiquei nervosa, pois ele dizia: \u2018voc\u00eas t\u00eam que desocupar, sen\u00e3o ser\u00e3o reprovados\u2019&#8221;.<\/span><\/p>\n<p><span style=\"font-weight: 400;\">A SEEDUC tamb\u00e9m procurou limitar a mobilidade dos estudantes em protesto\u2014<\/span><span style=\"font-weight: 400;\"><a href=\"http:\/\/bit.ly\/24nPdTP\">bloqueando cart\u00f5es de \u00f4nibus<\/a>\u00a0<\/span><span style=\"font-weight: 400;\">que permitem o deslocamento gratuito dos estudantes\u2014e <\/span><a href=\"http:\/\/bit.ly\/24y3BJm\"><span style=\"font-weight: 400;\">encorajando outros estudantes a se manifestarem contra as ocupa\u00e7\u00f5es<\/span><\/a><span style=\"font-weight: 400;\">.<\/span><\/p>\n<p><span style=\"font-weight: 400;\">O \u00f3rg\u00e3o p\u00fablico ofereceu aos estudantes que se op\u00f5em \u00e0s ocupa\u00e7\u00f5es a <\/span><span style=\"font-weight: 400;\"><a href=\"http:\/\/bit.ly\/24nPdTP\">oportunidade de serem transferidos para outras escolas p\u00fablicas para terminarem o ano<\/a>,\u00a0<\/span><span style=\"font-weight: 400;\">embora n\u00e3o esteja claro como escolas com apenas <\/span><a href=\"http:\/\/glo.bo\/1s0rDvC\"><span style=\"font-weight: 400;\">20-30%<\/span><\/a><span style=\"font-weight: 400;\"> de professores que n\u00e3o aderiram \u00e0 greve nacional ir\u00e3o acomodar um n\u00famero maior de alunos.<\/span><\/p>\n<h3>Contexto<\/h3>\n<p><span style=\"font-weight: 400;\">Estudantes em todo o Estado do Rio de Janeiro protestam <\/span><a href=\"http:\/\/bit.ly\/22eNWbv\" target=\"_blank\" rel=\"noopener\"><span style=\"font-weight: 400;\">contra cortes de verbas das escolas estaduais<\/span><\/a><span style=\"font-weight: 400;\">, que resultariam na queda dos padr\u00f5es de aprendizado e de ensino. Com as propostas do governo que visam combater o d\u00e9fice no or\u00e7amento para a educa\u00e7\u00e3o, a infraestrutura escolar diminuir\u00e1 mais ainda, alimenta\u00e7\u00e3o gratuita ser\u00e1 substitu\u00edda por <\/span><a href=\"http:\/\/glo.bo\/1OPju4E\"><span style=\"font-weight: 400;\">lanches nutricionalmente deficientes<\/span><\/a><span style=\"font-weight: 400;\">, e o pessoal de limpeza e seguran\u00e7a podem ser arbitrariamente demitidos.<\/span><\/p>\n<p><a href=\"http:\/\/rioonwatch.org.br\/wp-content\/uploads\/2016\/05\/13076708_10206425769468343_261397982865605124_n-620x264.jpg\"><img loading=\"lazy\" decoding=\"async\" class=\"aligncenter wp-image-19791 size-medium\" title=\"Os estudantes da Col\u00e9gio Chico Anysio comem \u00e0 luz de velas, ap\u00f3s o fornecimento de eletricidade da escola ser cortado.\" src=\"http:\/\/rioonwatch.org.br\/wp-content\/uploads\/2016\/05\/13076708_10206425769468343_261397982865605124_n-620x264-620x264.jpg\" alt=\"13076708_10206425769468343_261397982865605124_n-620x264\" width=\"620\" height=\"264\" \/><\/a><\/p>\n<p><span style=\"font-weight: 400;\">Desde o in\u00edcio das ocupa\u00e7\u00f5es, os estudantes t\u00eam descoberto recursos escolares que haviam sido restringidos por falta de financiamento, incluindo laborat\u00f3rios de ci\u00eancia e computa\u00e7\u00e3o, bem como bibliotecas. <\/span><\/p>\n<p><span style=\"font-weight: 400;\">Os estudantes contam que em suas escolas, milhares de livros novos de matem\u00e1tica, portugu\u00eas, ci\u00eancias, m\u00fasica e pol\u00edtica estavam armazenados em salas de aula. <\/span><\/p>\n<p><span style=\"font-weight: 400;\">&#8220;Eles n\u00e3o tinham capacidade de dar aula no laborat\u00f3rio, porque o local estava sendo usado para estocar livros&#8221;,\u00a0conta Alan, um aluno de 18 anos do Col\u00e9gio Mendes do Moraes, na Ilha do Governador, apontando para os livros empilhados no audit\u00f3rio da escola.<\/span><\/p>\n<p><span style=\"font-weight: 400;\">&#8220;J\u00e1 tendo os livros, eles normalmente distribuem. Por\u00e9m, eles n\u00e3o fizeram isso porque n\u00e3o t\u00eam profissionais para isso. Por causa do corte das verbas da educa\u00e7\u00e3o, n\u00e3o temos mais inspetores, n\u00e3o temos mais porteiros, n\u00e3o temos mais os guardas que ficavam na cabine policial que fica do lado, e n\u00e3o temos mais as funcion\u00e1rias da biblioteca.\u201d<\/span><\/p>\n<p><a href=\"http:\/\/rioonwatch.org.br\/wp-content\/uploads\/2016\/05\/FullSizeRender1-620x264.jpg\"><img loading=\"lazy\" decoding=\"async\" class=\"aligncenter wp-image-19793 size-medium\" title=\"Estudantes empilharam, no audit\u00f3rio, os livros que encontraram armazenados no laborat\u00f3rio de qu\u00edmica na escola Mendes de Moraes, Ilha do Governador. Foto por Benjami Hermes\" src=\"http:\/\/rioonwatch.org.br\/wp-content\/uploads\/2016\/05\/FullSizeRender1-620x264-620x264.jpg\" alt=\"FullSizeRender1-620x264\" width=\"620\" height=\"264\" \/><\/a><\/p>\n<p><span style=\"font-weight: 400;\">Muitas escolas ocupadas recebem apoio de comunidades locais que fazem doa\u00e7\u00f5es de materiais de limpeza, comida e provis\u00f5es, assim como acad\u00eamicos volunt\u00e1rios que participam em atividades educacionais conduzidas pelos estudantes.<\/span><\/p>\n<p><span style=\"font-weight: 400;\">No \u00faltimo m\u00eas, figuras da cultura popular tamb\u00e9m demonstraram seu apoio \u00e0s ocupa\u00e7\u00f5es. Os m\u00fasicos <\/span><a href=\"http:\/\/glo.bo\/1Z64YI7\"><span style=\"font-weight: 400;\">Marisa Monte e Leoni visitaram o Col\u00e9gio Estadual Andr\u00e9 Maurois<\/span><\/a><span style=\"font-weight: 400;\">, na G\u00e1vea, e deram um concerto gratuito para os estudantes daquela ocupa\u00e7\u00e3o. Tom Z\u00e9, Criolo e MC Carol tamb\u00e9m deram seu apoio ao movimento em v\u00e1rias ocasi\u00f5es.<\/span><\/p>\n<p><span style=\"font-weight: 400;\">A <\/span><span style=\"font-weight: 400;\"><a href=\"http:\/\/bit.ly\/1TMEBFD\">\u2018primavera secundarista\u2019<\/a>\u00a0<\/span><span style=\"font-weight: 400;\">j\u00e1 se espalhou para al\u00e9m dos estados de S\u00e3o Paulo e Rio, com protestos ocorrendo na Bahia, Rio Grande do Sul, Par\u00e1, Distrito Federal e Goi\u00e1s.<\/span><\/p>\n<p><span style=\"font-weight: 400;\">Com o <\/span><a href=\"http:\/\/bit.ly\/1WXwMjn\" target=\"_blank\" rel=\"noopener\"><span style=\"font-weight: 400;\">r\u00e1pido crescimento<\/span><\/a><span style=\"font-weight: 400;\"> do n\u00famero de escolas ocupadas em abril, e de acordo com ativistas, at\u00e9 o dia 5 de maio, 75 escolas p\u00fablicas do ensino m\u00e9dio se encontravam ocupadas s\u00f3 no Rio de Janeiro, al\u00e9m de v\u00e1rias escolas t\u00e9cnicas. Existindo 5 escolas ocupadas no Estado do Cear\u00e1 e mais 15 escolas que foram re-ocupadas em S\u00e3o Paulo at\u00e9 29 de abril.<\/span><\/p>\n<p><span style=\"font-weight: 400;\">Apesar do Estado de S\u00e3o Paulo ter concordado em n\u00e3o fechar escolas p\u00fablicas no in\u00edcio de 2016, os estudantes enfrentam as mesmas condi\u00e7\u00f5es de aprendizado que os do Rio de Janeiro e dizem que o estado n\u00e3o cumpriu o acordo que fez com eles. <\/span><\/p>\n<p><span style=\"font-weight: 400;\">Os estudantes do Rio e de S\u00e3o Paulo j\u00e1 passaram por situa\u00e7\u00f5es de <\/span><a href=\"http:\/\/bit.ly\/1XcEoP1\"><span style=\"font-weight: 400;\">agress\u00e3o<\/span><\/a><span style=\"font-weight: 400;\">, viol\u00eancia e <\/span><a href=\"http:\/\/bit.ly\/1WXwMjn\" target=\"_blank\" rel=\"noopener\"><span style=\"font-weight: 400;\">intimida\u00e7\u00e3o<\/span><\/a><span style=\"font-weight: 400;\">\u00a0por parte de <\/span><a href=\"http:\/\/bit.ly\/1T2DqBX\"><span style=\"font-weight: 400;\">indiv\u00edduos<\/span><\/a><span style=\"font-weight: 400;\"> e da Pol\u00edcia Militar em v\u00e1rias ocasi\u00f5es.<\/span><\/p>\n<p><em>*<\/em><i><span style=\"font-weight: 400;\">Alguns nomes foram alterados para proteger a identidade de fontes que temem retalia\u00e7\u00f5es.<\/span><\/i><\/p>\n<!-- AddThis Advanced Settings generic via filter on the_content --><!-- AddThis Share Buttons generic via filter on the_content -->","protected":false},"excerpt":{"rendered":"<div class=\"mh-excerpt\"><p>Click Here for English Os estudantes que atualmente ocupam as escolas secundaristas no Rio de Janeiro, S\u00e3o Paulo e Cear\u00e1 sa\u00edram para as ruas em um ato de solidariedade na manh\u00e3 do dia 4 de <a class=\"mh-excerpt-more\" href=\"https:\/\/rioonwatch.org.br\/?p=19782\" title=\"Movimento em Expans\u00e3o, Primavera Secundarista Celebra Dois Meses\">[&#8230;]<\/a><!-- AddThis Advanced Settings generic via filter on get_the_excerpt --><!-- AddThis Share Buttons generic via filter on get_the_excerpt --><\/p>\n<\/div>","protected":false},"author":129,"featured_media":19784,"comment_status":"closed","ping_status":"closed","sticky":false,"template":"","format":"standard","meta":{"_acf_changed":false,"_monsterinsights_skip_tracking":false,"_monsterinsights_sitenote_active":false,"_monsterinsights_sitenote_note":"","_monsterinsights_sitenote_category":0,"footnotes":""},"categories":[1621,1627,1626,344,1612],"tags":[959,235,259,88,316,1372,60,886,113,1240,1151,10,78,838,839,763,432,218,184],"writer":[1797],"translator":[1842],"source":[],"ilustrador":[],"fotografo":[],"class_list":{"0":"post-19782","1":"post","2":"type-post","3":"status-publish","4":"format-standard","5":"has-post-thumbnail","7":"category-destaque","8":"category-relato-de-evento","9":"category-por-observadores-internacionais","10":"category-politicas","11":"category-sociedade-civil","12":"tag-baixada-fluminense","13":"tag-bangu","14":"tag-centro","15":"tag-direitos-humanos","16":"tag-educacao","17":"tag-grande-rio","18":"tag-tijuca","19":"tag-greve-dos-professores","20":"tag-juventude","21":"tag-megaeventos","22":"tag-organizacao","23":"tag-niteroi","24":"tag-olimpiadas","25":"tag-politica-publica","26":"tag-prioridades-publicas-equivocadas","27":"tag-protesto","28":"tag-resistencia","29":"tag-zona-norte","30":"tag-zona-oeste","31":"writer-ciara-long","32":"translator-manu-escrita"},"acf":[],"yoast_head":"<!-- This site is optimized with the Yoast SEO plugin v25.6 - https:\/\/yoast.com\/wordpress\/plugins\/seo\/ -->\n<title>Movimento em Expans\u00e3o, Primavera Secundarista Celebra Dois Meses - RioOnWatch<\/title>\n<meta name=\"robots\" content=\"index, follow, max-snippet:-1, max-image-preview:large, max-video-preview:-1\" \/>\n<link rel=\"canonical\" href=\"https:\/\/rioonwatch.org.br\/?p=19782\" \/>\n<meta property=\"og:locale\" content=\"pt_BR\" \/>\n<meta property=\"og:type\" content=\"article\" \/>\n<meta property=\"og:title\" content=\"Movimento em Expans\u00e3o, Primavera Secundarista Celebra Dois Meses - RioOnWatch\" \/>\n<meta property=\"og:description\" content=\"Click Here for English Os estudantes que atualmente ocupam as escolas secundaristas no Rio de Janeiro, S\u00e3o Paulo e Cear\u00e1 sa\u00edram para as ruas em um ato de solidariedade na manh\u00e3 do dia 4 de [...]\" \/>\n<meta property=\"og:url\" content=\"https:\/\/rioonwatch.org.br\/?p=19782\" \/>\n<meta property=\"og:site_name\" content=\"RioOnWatch\" \/>\n<meta property=\"article:published_time\" content=\"2016-05-09T23:05:18+00:00\" \/>\n<meta property=\"article:modified_time\" content=\"2024-06-20T19:27:40+00:00\" \/>\n<meta property=\"og:image\" content=\"https:\/\/rioonwatch.org.br\/wp-content\/uploads\/2016\/05\/DiaDasEscolasNaLuta.jpg\" \/>\n\t<meta property=\"og:image:width\" content=\"1000\" \/>\n\t<meta property=\"og:image:height\" content=\"370\" \/>\n\t<meta property=\"og:image:type\" content=\"image\/jpeg\" \/>\n<meta name=\"author\" content=\"Admin\" \/>\n<meta name=\"twitter:card\" content=\"summary_large_image\" \/>\n<meta name=\"twitter:label1\" content=\"Escrito por\" \/>\n\t<meta name=\"twitter:data1\" content=\"Admin\" \/>\n\t<meta name=\"twitter:label2\" content=\"Est. tempo de leitura\" \/>\n\t<meta name=\"twitter:data2\" content=\"6 minutos\" \/>\n<script type=\"application\/ld+json\" class=\"yoast-schema-graph\">{\"@context\":\"https:\/\/schema.org\",\"@graph\":[{\"@type\":\"Article\",\"@id\":\"https:\/\/rioonwatch.org.br\/?p=19782#article\",\"isPartOf\":{\"@id\":\"https:\/\/rioonwatch.org.br\/?p=19782\"},\"author\":{\"name\":\"Admin\",\"@id\":\"https:\/\/rioonwatch.org.br\/#\/schema\/person\/11d64c290506f9df50c71b850c473f68\"},\"headline\":\"Movimento em Expans\u00e3o, Primavera Secundarista Celebra Dois Meses\",\"datePublished\":\"2016-05-09T23:05:18+00:00\",\"dateModified\":\"2024-06-20T19:27:40+00:00\",\"mainEntityOfPage\":{\"@id\":\"https:\/\/rioonwatch.org.br\/?p=19782\"},\"wordCount\":1167,\"publisher\":{\"@id\":\"https:\/\/rioonwatch.org.br\/#organization\"},\"image\":{\"@id\":\"https:\/\/rioonwatch.org.br\/?p=19782#primaryimage\"},\"thumbnailUrl\":\"https:\/\/rioonwatch.org.br\/wp-content\/uploads\/2016\/05\/DiaDasEscolasNaLuta.jpg\",\"keywords\":[\"Baixada Fluminense\",\"Bangu\",\"Centro\",\"Direitos Humanos\",\"educa\u00e7\u00e3o\",\"Grande Rio\",\"Grande Tijuca\",\"greve dos professores\",\"juventude\",\"Megaeventos\",\"mobiliza\u00e7\u00e3o\",\"Niter\u00f3i\",\"Olimp\u00edadas\",\"pol\u00edtica p\u00fablica\",\"prioridades p\u00fablicas equivocadas\",\"protesto\",\"resist\u00eancia\",\"Zona Norte\",\"Zona Oeste\"],\"articleSection\":[\"*Destaque\",\"Cobertura de Eventos\",\"Escrito por Aliados\",\"Pol\u00edticas\",\"Sociedade Civil\"],\"inLanguage\":\"pt-BR\"},{\"@type\":\"WebPage\",\"@id\":\"https:\/\/rioonwatch.org.br\/?p=19782\",\"url\":\"https:\/\/rioonwatch.org.br\/?p=19782\",\"name\":\"Movimento em Expans\u00e3o, Primavera Secundarista Celebra Dois Meses - RioOnWatch\",\"isPartOf\":{\"@id\":\"https:\/\/rioonwatch.org.br\/#website\"},\"primaryImageOfPage\":{\"@id\":\"https:\/\/rioonwatch.org.br\/?p=19782#primaryimage\"},\"image\":{\"@id\":\"https:\/\/rioonwatch.org.br\/?p=19782#primaryimage\"},\"thumbnailUrl\":\"https:\/\/rioonwatch.org.br\/wp-content\/uploads\/2016\/05\/DiaDasEscolasNaLuta.jpg\",\"datePublished\":\"2016-05-09T23:05:18+00:00\",\"dateModified\":\"2024-06-20T19:27:40+00:00\",\"breadcrumb\":{\"@id\":\"https:\/\/rioonwatch.org.br\/?p=19782#breadcrumb\"},\"inLanguage\":\"pt-BR\",\"potentialAction\":[{\"@type\":\"ReadAction\",\"target\":[\"https:\/\/rioonwatch.org.br\/?p=19782\"]}]},{\"@type\":\"ImageObject\",\"inLanguage\":\"pt-BR\",\"@id\":\"https:\/\/rioonwatch.org.br\/?p=19782#primaryimage\",\"url\":\"https:\/\/rioonwatch.org.br\/wp-content\/uploads\/2016\/05\/DiaDasEscolasNaLuta.jpg\",\"contentUrl\":\"https:\/\/rioonwatch.org.br\/wp-content\/uploads\/2016\/05\/DiaDasEscolasNaLuta.jpg\",\"width\":1000,\"height\":370},{\"@type\":\"BreadcrumbList\",\"@id\":\"https:\/\/rioonwatch.org.br\/?p=19782#breadcrumb\",\"itemListElement\":[{\"@type\":\"ListItem\",\"position\":1,\"name\":\"In\u00edcio\",\"item\":\"https:\/\/rioonwatch.org.br\/\"},{\"@type\":\"ListItem\",\"position\":2,\"name\":\"Movimento em Expans\u00e3o, Primavera Secundarista Celebra Dois Meses\"}]},{\"@type\":\"WebSite\",\"@id\":\"https:\/\/rioonwatch.org.br\/#website\",\"url\":\"https:\/\/rioonwatch.org.br\/\",\"name\":\"RioOnWatch\",\"description\":\"relatos das favelas cariocas\",\"publisher\":{\"@id\":\"https:\/\/rioonwatch.org.br\/#organization\"},\"potentialAction\":[{\"@type\":\"SearchAction\",\"target\":{\"@type\":\"EntryPoint\",\"urlTemplate\":\"https:\/\/rioonwatch.org.br\/?s={search_term_string}\"},\"query-input\":{\"@type\":\"PropertyValueSpecification\",\"valueRequired\":true,\"valueName\":\"search_term_string\"}}],\"inLanguage\":\"pt-BR\"},{\"@type\":\"Organization\",\"@id\":\"https:\/\/rioonwatch.org.br\/#organization\",\"name\":\"RioOnWatch\",\"url\":\"https:\/\/rioonwatch.org.br\/\",\"logo\":{\"@type\":\"ImageObject\",\"inLanguage\":\"pt-BR\",\"@id\":\"https:\/\/rioonwatch.org.br\/#\/schema\/logo\/image\/\",\"url\":\"https:\/\/rioonwatch.org.br\/wp-content\/uploads\/2021\/06\/RioOnWatchcabecalhoPT11anos-2.png\",\"contentUrl\":\"https:\/\/rioonwatch.org.br\/wp-content\/uploads\/2021\/06\/RioOnWatchcabecalhoPT11anos-2.png\",\"width\":779,\"height\":277,\"caption\":\"RioOnWatch\"},\"image\":{\"@id\":\"https:\/\/rioonwatch.org.br\/#\/schema\/logo\/image\/\"}},{\"@type\":\"Person\",\"@id\":\"https:\/\/rioonwatch.org.br\/#\/schema\/person\/11d64c290506f9df50c71b850c473f68\",\"name\":\"Admin\",\"image\":{\"@type\":\"ImageObject\",\"inLanguage\":\"pt-BR\",\"@id\":\"https:\/\/rioonwatch.org.br\/#\/schema\/person\/image\/\",\"url\":\"https:\/\/secure.gravatar.com\/avatar\/56211ac74568383903349a1485e3c325?s=96&d=blank&r=g\",\"contentUrl\":\"https:\/\/secure.gravatar.com\/avatar\/56211ac74568383903349a1485e3c325?s=96&d=blank&r=g\",\"caption\":\"Admin\"},\"url\":\"https:\/\/rioonwatch.org.br\/?author=129\"}]}<\/script>\n<!-- \/ Yoast SEO plugin. -->","yoast_head_json":{"title":"Movimento em Expans\u00e3o, Primavera Secundarista Celebra Dois Meses - RioOnWatch","robots":{"index":"index","follow":"follow","max-snippet":"max-snippet:-1","max-image-preview":"max-image-preview:large","max-video-preview":"max-video-preview:-1"},"canonical":"https:\/\/rioonwatch.org.br\/?p=19782","og_locale":"pt_BR","og_type":"article","og_title":"Movimento em Expans\u00e3o, Primavera Secundarista Celebra Dois Meses - RioOnWatch","og_description":"Click Here for English Os estudantes que atualmente ocupam as escolas secundaristas no Rio de Janeiro, S\u00e3o Paulo e Cear\u00e1 sa\u00edram para as ruas em um ato de solidariedade na manh\u00e3 do dia 4 de [...]","og_url":"https:\/\/rioonwatch.org.br\/?p=19782","og_site_name":"RioOnWatch","article_published_time":"2016-05-09T23:05:18+00:00","article_modified_time":"2024-06-20T19:27:40+00:00","og_image":[{"width":1000,"height":370,"url":"https:\/\/rioonwatch.org.br\/wp-content\/uploads\/2016\/05\/DiaDasEscolasNaLuta.jpg","type":"image\/jpeg"}],"author":"Admin","twitter_card":"summary_large_image","twitter_misc":{"Escrito por":"Admin","Est. tempo de leitura":"6 minutos"},"schema":{"@context":"https:\/\/schema.org","@graph":[{"@type":"Article","@id":"https:\/\/rioonwatch.org.br\/?p=19782#article","isPartOf":{"@id":"https:\/\/rioonwatch.org.br\/?p=19782"},"author":{"name":"Admin","@id":"https:\/\/rioonwatch.org.br\/#\/schema\/person\/11d64c290506f9df50c71b850c473f68"},"headline":"Movimento em Expans\u00e3o, Primavera Secundarista Celebra Dois Meses","datePublished":"2016-05-09T23:05:18+00:00","dateModified":"2024-06-20T19:27:40+00:00","mainEntityOfPage":{"@id":"https:\/\/rioonwatch.org.br\/?p=19782"},"wordCount":1167,"publisher":{"@id":"https:\/\/rioonwatch.org.br\/#organization"},"image":{"@id":"https:\/\/rioonwatch.org.br\/?p=19782#primaryimage"},"thumbnailUrl":"https:\/\/rioonwatch.org.br\/wp-content\/uploads\/2016\/05\/DiaDasEscolasNaLuta.jpg","keywords":["Baixada Fluminense","Bangu","Centro","Direitos Humanos","educa\u00e7\u00e3o","Grande Rio","Grande Tijuca","greve dos professores","juventude","Megaeventos","mobiliza\u00e7\u00e3o","Niter\u00f3i","Olimp\u00edadas","pol\u00edtica p\u00fablica","prioridades p\u00fablicas equivocadas","protesto","resist\u00eancia","Zona Norte","Zona Oeste"],"articleSection":["*Destaque","Cobertura de Eventos","Escrito por Aliados","Pol\u00edticas","Sociedade Civil"],"inLanguage":"pt-BR"},{"@type":"WebPage","@id":"https:\/\/rioonwatch.org.br\/?p=19782","url":"https:\/\/rioonwatch.org.br\/?p=19782","name":"Movimento em Expans\u00e3o, Primavera Secundarista Celebra Dois Meses - RioOnWatch","isPartOf":{"@id":"https:\/\/rioonwatch.org.br\/#website"},"primaryImageOfPage":{"@id":"https:\/\/rioonwatch.org.br\/?p=19782#primaryimage"},"image":{"@id":"https:\/\/rioonwatch.org.br\/?p=19782#primaryimage"},"thumbnailUrl":"https:\/\/rioonwatch.org.br\/wp-content\/uploads\/2016\/05\/DiaDasEscolasNaLuta.jpg","datePublished":"2016-05-09T23:05:18+00:00","dateModified":"2024-06-20T19:27:40+00:00","breadcrumb":{"@id":"https:\/\/rioonwatch.org.br\/?p=19782#breadcrumb"},"inLanguage":"pt-BR","potentialAction":[{"@type":"ReadAction","target":["https:\/\/rioonwatch.org.br\/?p=19782"]}]},{"@type":"ImageObject","inLanguage":"pt-BR","@id":"https:\/\/rioonwatch.org.br\/?p=19782#primaryimage","url":"https:\/\/rioonwatch.org.br\/wp-content\/uploads\/2016\/05\/DiaDasEscolasNaLuta.jpg","contentUrl":"https:\/\/rioonwatch.org.br\/wp-content\/uploads\/2016\/05\/DiaDasEscolasNaLuta.jpg","width":1000,"height":370},{"@type":"BreadcrumbList","@id":"https:\/\/rioonwatch.org.br\/?p=19782#breadcrumb","itemListElement":[{"@type":"ListItem","position":1,"name":"In\u00edcio","item":"https:\/\/rioonwatch.org.br\/"},{"@type":"ListItem","position":2,"name":"Movimento em Expans\u00e3o, Primavera Secundarista Celebra Dois Meses"}]},{"@type":"WebSite","@id":"https:\/\/rioonwatch.org.br\/#website","url":"https:\/\/rioonwatch.org.br\/","name":"RioOnWatch","description":"relatos das favelas cariocas","publisher":{"@id":"https:\/\/rioonwatch.org.br\/#organization"},"potentialAction":[{"@type":"SearchAction","target":{"@type":"EntryPoint","urlTemplate":"https:\/\/rioonwatch.org.br\/?s={search_term_string}"},"query-input":{"@type":"PropertyValueSpecification","valueRequired":true,"valueName":"search_term_string"}}],"inLanguage":"pt-BR"},{"@type":"Organization","@id":"https:\/\/rioonwatch.org.br\/#organization","name":"RioOnWatch","url":"https:\/\/rioonwatch.org.br\/","logo":{"@type":"ImageObject","inLanguage":"pt-BR","@id":"https:\/\/rioonwatch.org.br\/#\/schema\/logo\/image\/","url":"https:\/\/rioonwatch.org.br\/wp-content\/uploads\/2021\/06\/RioOnWatchcabecalhoPT11anos-2.png","contentUrl":"https:\/\/rioonwatch.org.br\/wp-content\/uploads\/2021\/06\/RioOnWatchcabecalhoPT11anos-2.png","width":779,"height":277,"caption":"RioOnWatch"},"image":{"@id":"https:\/\/rioonwatch.org.br\/#\/schema\/logo\/image\/"}},{"@type":"Person","@id":"https:\/\/rioonwatch.org.br\/#\/schema\/person\/11d64c290506f9df50c71b850c473f68","name":"Admin","image":{"@type":"ImageObject","inLanguage":"pt-BR","@id":"https:\/\/rioonwatch.org.br\/#\/schema\/person\/image\/","url":"https:\/\/secure.gravatar.com\/avatar\/56211ac74568383903349a1485e3c325?s=96&d=blank&r=g","contentUrl":"https:\/\/secure.gravatar.com\/avatar\/56211ac74568383903349a1485e3c325?s=96&d=blank&r=g","caption":"Admin"},"url":"https:\/\/rioonwatch.org.br\/?author=129"}]}},"_links":{"self":[{"href":"https:\/\/rioonwatch.org.br\/index.php?rest_route=\/wp\/v2\/posts\/19782"}],"collection":[{"href":"https:\/\/rioonwatch.org.br\/index.php?rest_route=\/wp\/v2\/posts"}],"about":[{"href":"https:\/\/rioonwatch.org.br\/index.php?rest_route=\/wp\/v2\/types\/post"}],"author":[{"embeddable":true,"href":"https:\/\/rioonwatch.org.br\/index.php?rest_route=\/wp\/v2\/users\/129"}],"replies":[{"embeddable":true,"href":"https:\/\/rioonwatch.org.br\/index.php?rest_route=%2Fwp%2Fv2%2Fcomments&post=19782"}],"version-history":[{"count":13,"href":"https:\/\/rioonwatch.org.br\/index.php?rest_route=\/wp\/v2\/posts\/19782\/revisions"}],"predecessor-version":[{"id":74217,"href":"https:\/\/rioonwatch.org.br\/index.php?rest_route=\/wp\/v2\/posts\/19782\/revisions\/74217"}],"wp:featuredmedia":[{"embeddable":true,"href":"https:\/\/rioonwatch.org.br\/index.php?rest_route=\/wp\/v2\/media\/19784"}],"wp:attachment":[{"href":"https:\/\/rioonwatch.org.br\/index.php?rest_route=%2Fwp%2Fv2%2Fmedia&parent=19782"}],"wp:term":[{"taxonomy":"category","embeddable":true,"href":"https:\/\/rioonwatch.org.br\/index.php?rest_route=%2Fwp%2Fv2%2Fcategories&post=19782"},{"taxonomy":"post_tag","embeddable":true,"href":"https:\/\/rioonwatch.org.br\/index.php?rest_route=%2Fwp%2Fv2%2Ftags&post=19782"},{"taxonomy":"writer","embeddable":true,"href":"https:\/\/rioonwatch.org.br\/index.php?rest_route=%2Fwp%2Fv2%2Fwriter&post=19782"},{"taxonomy":"translator","embeddable":true,"href":"https:\/\/rioonwatch.org.br\/index.php?rest_route=%2Fwp%2Fv2%2Ftranslator&post=19782"},{"taxonomy":"source","embeddable":true,"href":"https:\/\/rioonwatch.org.br\/index.php?rest_route=%2Fwp%2Fv2%2Fsource&post=19782"},{"taxonomy":"ilustrador","embeddable":true,"href":"https:\/\/rioonwatch.org.br\/index.php?rest_route=%2Fwp%2Fv2%2Filustrador&post=19782"},{"taxonomy":"fotografo","embeddable":true,"href":"https:\/\/rioonwatch.org.br\/index.php?rest_route=%2Fwp%2Fv2%2Ffotografo&post=19782"}],"curies":[{"name":"wp","href":"https:\/\/api.w.org\/{rel}","templated":true}]}}