{"id":19812,"date":"2016-05-18T10:00:39","date_gmt":"2016-05-18T13:00:39","guid":{"rendered":"http:\/\/rioonwatch.org.br\/?p=19812"},"modified":"2024-06-20T16:27:37","modified_gmt":"2024-06-20T19:27:37","slug":"adiante-com-os-jogos-olimpicos-e-que-venham-os-protestos","status":"publish","type":"post","link":"https:\/\/rioonwatch.org.br\/?p=19812","title":{"rendered":"Adiante com os Jogos Ol\u00edmpicos, e que Venham os Protestos"},"content":{"rendered":"<p style=\"text-align: right;\"><em><strong><a href=\"http:\/\/nyti.ms\/27rBOcu\" target=\"_blank\" rel=\"noopener\">Click Here for English<img decoding=\"async\" width=\"20\" height=\"20\" class=\"alignright wp-image-15790\" src=\"http:\/\/rioonwatch.org.br\/wp-content\/uploads\/2012\/08\/EN-standard-e1439583104716.jpg\" alt=\"\" \/><\/a><\/strong><\/em><\/p>\n<p><em>Jules Boykoff* foi um dos participantes do\u00a0<a href=\"http:\/\/nyti.ms\/1srzx12\" target=\"_blank\" rel=\"noopener\">F\u00f3rum de Debate do The New York Times<\/a>\u00a0sobre a possibilidade de adiamento das Olimp\u00edadas Rio 2016. Veja aqui a\u00a0<a href=\"http:\/\/nyti.ms\/27rBOcu\" target=\"_blank\" rel=\"noopener\">mat\u00e9ria original<\/a>:<\/em><\/p>\n<p>Em 2009, os licitantes do Rio Ol\u00edmpico abarcaram os Jogos Ol\u00edmpicos de 2016 como uma chance de mostrar o Brasil como uma democracia est\u00e1vel com uma economia forte. Sete anos mais tarde, ao inv\u00e9s disto, os Jogos prometem mostrar uma disfun\u00e7\u00e3o pol\u00edtica e um mal-estar econ\u00f4mico. Mas o fato de adiar ou cancelar os Jogos Ol\u00edmpicos Rio 2016 seria negar um presente involunt\u00e1rio dos Jogos: uma destacada demonstra\u00e7\u00e3o p\u00fablica do direito de dissid\u00eancia pol\u00edtica. Os manifestantes poderiam mostrar a prerrogativa de contra-atacar.<\/p>\n<div class=\"w190 right module\">\n<div class=\"entry\">\n<blockquote><p>Adiar ou cancelar os Jogos Ol\u00edmpicos de Rio seria negar um presente involunt\u00e1rio dos Jogos: uma destacada demonstra\u00e7\u00e3o p\u00fablica do direito de dissid\u00eancia pol\u00edtica.<\/p><\/blockquote>\n<\/div>\n<\/div>\n<p>Neste \u00faltimo ano, mais manifestantes foram para as ruas brasileiras <a href=\"http:\/\/bit.ly\/1OwJoa9\" target=\"_blank\" rel=\"noopener\">do que todos os manifestantes do resto do mundo somados<\/a>. Os Jogos Ol\u00edmpicos dar\u00e3o aos ativistas de todas as matizes pol\u00edticas uma outra excelente oportunidade para dar voz as suas queixas, mas desta vez sob o brilho dos holofotes da m\u00eddia global. Os Jogos Ol\u00edmpicos levantaram uma s\u00e9rie de raz\u00f5es para a dissid\u00eancia: remo\u00e7\u00f5es (<a href=\"http:\/\/bit.ly\/1SlK5t0\" target=\"_blank\" rel=\"noopener\">cerca de\u00a077.000 pessoas<\/a>, e a contagem continua), a militariza\u00e7\u00e3o do espa\u00e7o p\u00fablico (<a href=\"http:\/\/bbc.in\/1TeWpwg\" target=\"_blank\" rel=\"noopener\">85.000 agentes de seguran\u00e7a<\/a> v\u00e3o inundar Rio, mais que o dobro do n\u00famero em Londres), e falhas nas prioridades com os gastos (<a href=\"http:\/\/reut.rs\/204eBrc\" target=\"_blank\" rel=\"noopener\">bilh\u00f5es gastos nos Jogos Ol\u00edmpicos<\/a>, enquanto os hospitais est\u00e3o fechados).<\/p>\n<p>Sete anos atr\u00e1s, as pessoas do Rio de Janeiro receberam um ramalhete de promessas, e agora s\u00f3 ficaram com os talos. Adiar os Jogos n\u00e3o vai consertar isso. Os protestos, talvez.<\/p>\n<p>Toda vez que os Jogos Ol\u00edmpicos s\u00e3o incapazes de atingir\u00a0o prometido, os cr\u00edticos aconselham fixar permanentemente os Jogos numa s\u00f3 cidade&#8211;geralmente Atenas. Mas ser\u00e1 que os atenienses sequer querem os Jogos Ol\u00edmpicos? Ainda lembramos muito bem a divida que surgiu logo ap\u00f3s 2004, um <a href=\"http:\/\/bit.ly\/1OFptLz\" target=\"_blank\" rel=\"noopener\">fiasco fiscal<\/a> que alimentou os infort\u00fanios econ\u00f4micos da Gr\u00e9cia. As instala\u00e7\u00f5es ol\u00edmpicas est\u00e3o <a href=\"http:\/\/bit.ly\/1Tj3pTG\" target=\"_blank\" rel=\"noopener\">dilapidadas<\/a>, e remodel\u00e1-los seria caro.\u00a0E \u00e9 dif\u00edcil imaginar o Comit\u00ea Ol\u00edmpico Internacional concordando em se aninhar em qualquer lugar, com sua propens\u00e3o insaci\u00e1vel para empurrar os Jogos para terrenos frescos, onde exerce sua influ\u00eancia atrav\u00e9s do processo de licita\u00e7\u00e3o. Al\u00e9m disso, precisar\u00edamos de forte evidencia que prove que o enraizamento dos Jogos, para sempre, num s\u00f3 lugar seria realmente um benef\u00edcio para os moradores dessa metr\u00f3pole.<\/p>\n<p>Uma no\u00e7\u00e3o mais convincente seria fazer uma rota\u00e7\u00e3o dos Jogos entre um punhado de Cidades Ol\u00edmpicas no mundo. Isso cortaria a necessidade de novas constru\u00e7\u00f5es, embora os locais j\u00e1 existentes ainda requeiram manuten\u00e7\u00e3o. Trocando os Jogos Ol\u00edmpicos entre um circuito pequeno de cidades (digamos, cinco para os Jogos Ol\u00edmpicos) seria algo mais aceit\u00e1vel para as elites do Comit\u00ea Ol\u00edmpico que parecem gostar de viajar por todo o mundo e que poderiam se mostrar hesitantes ante a ideia de se desfazerem totalmente disso. Mesmo assim, com uma mudan\u00e7a nos ventos geopol\u00edticos, o bom sujeito de outrora poderia perfeitamente se tornar um lobo em pele de carneiro, o que poderia significar a vil cimenta\u00e7\u00e3o dos direitos humanos numa cidade anfitri\u00e3 ol\u00edmpica eterna.<\/p>\n<p>Nenhuma dessas op\u00e7\u00f5es ajudam a cidade anfitri\u00e3 atual, Rio de Janeiro. Mas o mundo inteiro est\u00e1 vendo, e os brasileiros est\u00e3o bem versados na dissid\u00eancia. Que comece o Jogo!<\/p>\n<p><em><a href=\"http:\/\/www.pacificu.edu\/about-us\/faculty\/jules-boykoff-phd\">Jules Boykoff<\/a>\u00a0 \u00e9 o autor do &#8220;<a href=\"https:\/\/www.versobooks.com\/books\/2105-power-games\">Power Games<\/a>: A Political History of the Olympics&#8221;. Ele ensina ci\u00eancias pol\u00edticas na Pacific University em Oregon.<\/em><\/p>\n<!-- AddThis Advanced Settings generic via filter on the_content --><!-- AddThis Share Buttons generic via filter on the_content -->","protected":false},"excerpt":{"rendered":"<div class=\"mh-excerpt\"><p>Click Here for English Jules Boykoff* foi um dos participantes do\u00a0F\u00f3rum de Debate do The New York Times\u00a0sobre a possibilidade de adiamento das Olimp\u00edadas Rio 2016. Veja aqui a\u00a0mat\u00e9ria original: Em 2009, os licitantes do <a class=\"mh-excerpt-more\" href=\"https:\/\/rioonwatch.org.br\/?p=19812\" title=\"Adiante com os Jogos Ol\u00edmpicos, e que Venham os Protestos\">[&#8230;]<\/a><!-- AddThis Advanced Settings generic via filter on get_the_excerpt --><!-- AddThis Share Buttons generic via filter on get_the_excerpt --><\/p>\n<\/div>","protected":false},"author":129,"featured_media":19780,"comment_status":"closed","ping_status":"closed","sticky":false,"template":"","format":"standard","meta":{"_acf_changed":false,"_monsterinsights_skip_tracking":false,"_monsterinsights_sitenote_active":false,"_monsterinsights_sitenote_note":"","_monsterinsights_sitenote_category":0,"footnotes":""},"categories":[1635,1626],"tags":[589,1240,78,307,763],"writer":[1778],"translator":[945],"source":[859],"ilustrador":[],"fotografo":[],"class_list":{"0":"post-19812","1":"post","2":"type-post","3":"status-publish","4":"format-standard","5":"has-post-thumbnail","7":"category-1635","8":"category-por-observadores-internacionais","9":"tag-coi","10":"tag-megaeventos","11":"tag-olimpiadas","12":"tag-opiniao","13":"tag-protesto","14":"writer-jules-boykoff","15":"translator-m-alejandra-revelo-imery","16":"source-the-new-york-times"},"acf":[],"yoast_head":"<!-- This site is optimized with the Yoast SEO plugin v25.6 - https:\/\/yoast.com\/wordpress\/plugins\/seo\/ -->\n<title>Adiante com os Jogos Ol\u00edmpicos, e que Venham os Protestos - RioOnWatch<\/title>\n<meta name=\"robots\" content=\"index, follow, max-snippet:-1, max-image-preview:large, max-video-preview:-1\" \/>\n<link rel=\"canonical\" href=\"https:\/\/rioonwatch.org.br\/?p=19812\" \/>\n<meta property=\"og:locale\" content=\"pt_BR\" \/>\n<meta property=\"og:type\" content=\"article\" \/>\n<meta property=\"og:title\" content=\"Adiante com os Jogos Ol\u00edmpicos, e que Venham os Protestos - RioOnWatch\" \/>\n<meta property=\"og:description\" content=\"Click Here for English Jules Boykoff* foi um dos participantes do\u00a0F\u00f3rum de Debate do The New York Times\u00a0sobre a possibilidade de adiamento das Olimp\u00edadas Rio 2016. Veja aqui a\u00a0mat\u00e9ria original: Em 2009, os licitantes do [...]\" \/>\n<meta property=\"og:url\" content=\"https:\/\/rioonwatch.org.br\/?p=19812\" \/>\n<meta property=\"og:site_name\" content=\"RioOnWatch\" \/>\n<meta property=\"article:published_time\" content=\"2016-05-18T13:00:39+00:00\" \/>\n<meta property=\"article:modified_time\" content=\"2024-06-20T19:27:37+00:00\" \/>\n<meta property=\"og:image\" content=\"https:\/\/rioonwatch.org.br\/wp-content\/uploads\/2016\/05\/Room-for-Debate-main.jpg\" \/>\n\t<meta property=\"og:image:width\" content=\"1965\" \/>\n\t<meta property=\"og:image:height\" content=\"1129\" \/>\n\t<meta property=\"og:image:type\" content=\"image\/jpeg\" \/>\n<meta name=\"author\" content=\"Admin\" \/>\n<meta name=\"twitter:card\" content=\"summary_large_image\" \/>\n<meta name=\"twitter:label1\" content=\"Escrito por\" \/>\n\t<meta name=\"twitter:data1\" content=\"Admin\" \/>\n\t<meta name=\"twitter:label2\" content=\"Est. tempo de leitura\" \/>\n\t<meta name=\"twitter:data2\" content=\"3 minutos\" \/>\n<script type=\"application\/ld+json\" class=\"yoast-schema-graph\">{\"@context\":\"https:\/\/schema.org\",\"@graph\":[{\"@type\":\"Article\",\"@id\":\"https:\/\/rioonwatch.org.br\/?p=19812#article\",\"isPartOf\":{\"@id\":\"https:\/\/rioonwatch.org.br\/?p=19812\"},\"author\":{\"name\":\"Admin\",\"@id\":\"https:\/\/rioonwatch.org.br\/#\/schema\/person\/11d64c290506f9df50c71b850c473f68\"},\"headline\":\"Adiante com os Jogos Ol\u00edmpicos, e que Venham os Protestos\",\"datePublished\":\"2016-05-18T13:00:39+00:00\",\"dateModified\":\"2024-06-20T19:27:37+00:00\",\"mainEntityOfPage\":{\"@id\":\"https:\/\/rioonwatch.org.br\/?p=19812\"},\"wordCount\":661,\"publisher\":{\"@id\":\"https:\/\/rioonwatch.org.br\/#organization\"},\"image\":{\"@id\":\"https:\/\/rioonwatch.org.br\/?p=19812#primaryimage\"},\"thumbnailUrl\":\"https:\/\/rioonwatch.org.br\/wp-content\/uploads\/2016\/05\/Room-for-Debate-main.jpg\",\"keywords\":[\"COI\",\"Megaeventos\",\"Olimp\u00edadas\",\"opini\u00e3o\",\"protesto\"],\"articleSection\":[\"#Rio2016\",\"Escrito por Aliados\"],\"inLanguage\":\"pt-BR\"},{\"@type\":\"WebPage\",\"@id\":\"https:\/\/rioonwatch.org.br\/?p=19812\",\"url\":\"https:\/\/rioonwatch.org.br\/?p=19812\",\"name\":\"Adiante com os Jogos Ol\u00edmpicos, e que Venham os Protestos - RioOnWatch\",\"isPartOf\":{\"@id\":\"https:\/\/rioonwatch.org.br\/#website\"},\"primaryImageOfPage\":{\"@id\":\"https:\/\/rioonwatch.org.br\/?p=19812#primaryimage\"},\"image\":{\"@id\":\"https:\/\/rioonwatch.org.br\/?p=19812#primaryimage\"},\"thumbnailUrl\":\"https:\/\/rioonwatch.org.br\/wp-content\/uploads\/2016\/05\/Room-for-Debate-main.jpg\",\"datePublished\":\"2016-05-18T13:00:39+00:00\",\"dateModified\":\"2024-06-20T19:27:37+00:00\",\"breadcrumb\":{\"@id\":\"https:\/\/rioonwatch.org.br\/?p=19812#breadcrumb\"},\"inLanguage\":\"pt-BR\",\"potentialAction\":[{\"@type\":\"ReadAction\",\"target\":[\"https:\/\/rioonwatch.org.br\/?p=19812\"]}]},{\"@type\":\"ImageObject\",\"inLanguage\":\"pt-BR\",\"@id\":\"https:\/\/rioonwatch.org.br\/?p=19812#primaryimage\",\"url\":\"https:\/\/rioonwatch.org.br\/wp-content\/uploads\/2016\/05\/Room-for-Debate-main.jpg\",\"contentUrl\":\"https:\/\/rioonwatch.org.br\/wp-content\/uploads\/2016\/05\/Room-for-Debate-main.jpg\",\"width\":1965,\"height\":1129},{\"@type\":\"BreadcrumbList\",\"@id\":\"https:\/\/rioonwatch.org.br\/?p=19812#breadcrumb\",\"itemListElement\":[{\"@type\":\"ListItem\",\"position\":1,\"name\":\"In\u00edcio\",\"item\":\"https:\/\/rioonwatch.org.br\/\"},{\"@type\":\"ListItem\",\"position\":2,\"name\":\"Adiante com os Jogos Ol\u00edmpicos, e que Venham os Protestos\"}]},{\"@type\":\"WebSite\",\"@id\":\"https:\/\/rioonwatch.org.br\/#website\",\"url\":\"https:\/\/rioonwatch.org.br\/\",\"name\":\"RioOnWatch\",\"description\":\"relatos das favelas cariocas\",\"publisher\":{\"@id\":\"https:\/\/rioonwatch.org.br\/#organization\"},\"potentialAction\":[{\"@type\":\"SearchAction\",\"target\":{\"@type\":\"EntryPoint\",\"urlTemplate\":\"https:\/\/rioonwatch.org.br\/?s={search_term_string}\"},\"query-input\":{\"@type\":\"PropertyValueSpecification\",\"valueRequired\":true,\"valueName\":\"search_term_string\"}}],\"inLanguage\":\"pt-BR\"},{\"@type\":\"Organization\",\"@id\":\"https:\/\/rioonwatch.org.br\/#organization\",\"name\":\"RioOnWatch\",\"url\":\"https:\/\/rioonwatch.org.br\/\",\"logo\":{\"@type\":\"ImageObject\",\"inLanguage\":\"pt-BR\",\"@id\":\"https:\/\/rioonwatch.org.br\/#\/schema\/logo\/image\/\",\"url\":\"https:\/\/rioonwatch.org.br\/wp-content\/uploads\/2021\/06\/RioOnWatchcabecalhoPT11anos-2.png\",\"contentUrl\":\"https:\/\/rioonwatch.org.br\/wp-content\/uploads\/2021\/06\/RioOnWatchcabecalhoPT11anos-2.png\",\"width\":779,\"height\":277,\"caption\":\"RioOnWatch\"},\"image\":{\"@id\":\"https:\/\/rioonwatch.org.br\/#\/schema\/logo\/image\/\"}},{\"@type\":\"Person\",\"@id\":\"https:\/\/rioonwatch.org.br\/#\/schema\/person\/11d64c290506f9df50c71b850c473f68\",\"name\":\"Admin\",\"image\":{\"@type\":\"ImageObject\",\"inLanguage\":\"pt-BR\",\"@id\":\"https:\/\/rioonwatch.org.br\/#\/schema\/person\/image\/\",\"url\":\"https:\/\/secure.gravatar.com\/avatar\/56211ac74568383903349a1485e3c325?s=96&d=blank&r=g\",\"contentUrl\":\"https:\/\/secure.gravatar.com\/avatar\/56211ac74568383903349a1485e3c325?s=96&d=blank&r=g\",\"caption\":\"Admin\"},\"url\":\"https:\/\/rioonwatch.org.br\/?author=129\"}]}<\/script>\n<!-- \/ Yoast SEO plugin. -->","yoast_head_json":{"title":"Adiante com os Jogos Ol\u00edmpicos, e que Venham os Protestos - RioOnWatch","robots":{"index":"index","follow":"follow","max-snippet":"max-snippet:-1","max-image-preview":"max-image-preview:large","max-video-preview":"max-video-preview:-1"},"canonical":"https:\/\/rioonwatch.org.br\/?p=19812","og_locale":"pt_BR","og_type":"article","og_title":"Adiante com os Jogos Ol\u00edmpicos, e que Venham os Protestos - RioOnWatch","og_description":"Click Here for English Jules Boykoff* foi um dos participantes do\u00a0F\u00f3rum de Debate do The New York Times\u00a0sobre a possibilidade de adiamento das Olimp\u00edadas Rio 2016. Veja aqui a\u00a0mat\u00e9ria original: Em 2009, os licitantes do [...]","og_url":"https:\/\/rioonwatch.org.br\/?p=19812","og_site_name":"RioOnWatch","article_published_time":"2016-05-18T13:00:39+00:00","article_modified_time":"2024-06-20T19:27:37+00:00","og_image":[{"width":1965,"height":1129,"url":"https:\/\/rioonwatch.org.br\/wp-content\/uploads\/2016\/05\/Room-for-Debate-main.jpg","type":"image\/jpeg"}],"author":"Admin","twitter_card":"summary_large_image","twitter_misc":{"Escrito por":"Admin","Est. tempo de leitura":"3 minutos"},"schema":{"@context":"https:\/\/schema.org","@graph":[{"@type":"Article","@id":"https:\/\/rioonwatch.org.br\/?p=19812#article","isPartOf":{"@id":"https:\/\/rioonwatch.org.br\/?p=19812"},"author":{"name":"Admin","@id":"https:\/\/rioonwatch.org.br\/#\/schema\/person\/11d64c290506f9df50c71b850c473f68"},"headline":"Adiante com os Jogos Ol\u00edmpicos, e que Venham os Protestos","datePublished":"2016-05-18T13:00:39+00:00","dateModified":"2024-06-20T19:27:37+00:00","mainEntityOfPage":{"@id":"https:\/\/rioonwatch.org.br\/?p=19812"},"wordCount":661,"publisher":{"@id":"https:\/\/rioonwatch.org.br\/#organization"},"image":{"@id":"https:\/\/rioonwatch.org.br\/?p=19812#primaryimage"},"thumbnailUrl":"https:\/\/rioonwatch.org.br\/wp-content\/uploads\/2016\/05\/Room-for-Debate-main.jpg","keywords":["COI","Megaeventos","Olimp\u00edadas","opini\u00e3o","protesto"],"articleSection":["#Rio2016","Escrito por Aliados"],"inLanguage":"pt-BR"},{"@type":"WebPage","@id":"https:\/\/rioonwatch.org.br\/?p=19812","url":"https:\/\/rioonwatch.org.br\/?p=19812","name":"Adiante com os Jogos Ol\u00edmpicos, e que Venham os Protestos - RioOnWatch","isPartOf":{"@id":"https:\/\/rioonwatch.org.br\/#website"},"primaryImageOfPage":{"@id":"https:\/\/rioonwatch.org.br\/?p=19812#primaryimage"},"image":{"@id":"https:\/\/rioonwatch.org.br\/?p=19812#primaryimage"},"thumbnailUrl":"https:\/\/rioonwatch.org.br\/wp-content\/uploads\/2016\/05\/Room-for-Debate-main.jpg","datePublished":"2016-05-18T13:00:39+00:00","dateModified":"2024-06-20T19:27:37+00:00","breadcrumb":{"@id":"https:\/\/rioonwatch.org.br\/?p=19812#breadcrumb"},"inLanguage":"pt-BR","potentialAction":[{"@type":"ReadAction","target":["https:\/\/rioonwatch.org.br\/?p=19812"]}]},{"@type":"ImageObject","inLanguage":"pt-BR","@id":"https:\/\/rioonwatch.org.br\/?p=19812#primaryimage","url":"https:\/\/rioonwatch.org.br\/wp-content\/uploads\/2016\/05\/Room-for-Debate-main.jpg","contentUrl":"https:\/\/rioonwatch.org.br\/wp-content\/uploads\/2016\/05\/Room-for-Debate-main.jpg","width":1965,"height":1129},{"@type":"BreadcrumbList","@id":"https:\/\/rioonwatch.org.br\/?p=19812#breadcrumb","itemListElement":[{"@type":"ListItem","position":1,"name":"In\u00edcio","item":"https:\/\/rioonwatch.org.br\/"},{"@type":"ListItem","position":2,"name":"Adiante com os Jogos Ol\u00edmpicos, e que Venham os Protestos"}]},{"@type":"WebSite","@id":"https:\/\/rioonwatch.org.br\/#website","url":"https:\/\/rioonwatch.org.br\/","name":"RioOnWatch","description":"relatos das favelas cariocas","publisher":{"@id":"https:\/\/rioonwatch.org.br\/#organization"},"potentialAction":[{"@type":"SearchAction","target":{"@type":"EntryPoint","urlTemplate":"https:\/\/rioonwatch.org.br\/?s={search_term_string}"},"query-input":{"@type":"PropertyValueSpecification","valueRequired":true,"valueName":"search_term_string"}}],"inLanguage":"pt-BR"},{"@type":"Organization","@id":"https:\/\/rioonwatch.org.br\/#organization","name":"RioOnWatch","url":"https:\/\/rioonwatch.org.br\/","logo":{"@type":"ImageObject","inLanguage":"pt-BR","@id":"https:\/\/rioonwatch.org.br\/#\/schema\/logo\/image\/","url":"https:\/\/rioonwatch.org.br\/wp-content\/uploads\/2021\/06\/RioOnWatchcabecalhoPT11anos-2.png","contentUrl":"https:\/\/rioonwatch.org.br\/wp-content\/uploads\/2021\/06\/RioOnWatchcabecalhoPT11anos-2.png","width":779,"height":277,"caption":"RioOnWatch"},"image":{"@id":"https:\/\/rioonwatch.org.br\/#\/schema\/logo\/image\/"}},{"@type":"Person","@id":"https:\/\/rioonwatch.org.br\/#\/schema\/person\/11d64c290506f9df50c71b850c473f68","name":"Admin","image":{"@type":"ImageObject","inLanguage":"pt-BR","@id":"https:\/\/rioonwatch.org.br\/#\/schema\/person\/image\/","url":"https:\/\/secure.gravatar.com\/avatar\/56211ac74568383903349a1485e3c325?s=96&d=blank&r=g","contentUrl":"https:\/\/secure.gravatar.com\/avatar\/56211ac74568383903349a1485e3c325?s=96&d=blank&r=g","caption":"Admin"},"url":"https:\/\/rioonwatch.org.br\/?author=129"}]}},"_links":{"self":[{"href":"https:\/\/rioonwatch.org.br\/index.php?rest_route=\/wp\/v2\/posts\/19812"}],"collection":[{"href":"https:\/\/rioonwatch.org.br\/index.php?rest_route=\/wp\/v2\/posts"}],"about":[{"href":"https:\/\/rioonwatch.org.br\/index.php?rest_route=\/wp\/v2\/types\/post"}],"author":[{"embeddable":true,"href":"https:\/\/rioonwatch.org.br\/index.php?rest_route=\/wp\/v2\/users\/129"}],"replies":[{"embeddable":true,"href":"https:\/\/rioonwatch.org.br\/index.php?rest_route=%2Fwp%2Fv2%2Fcomments&post=19812"}],"version-history":[{"count":10,"href":"https:\/\/rioonwatch.org.br\/index.php?rest_route=\/wp\/v2\/posts\/19812\/revisions"}],"predecessor-version":[{"id":74213,"href":"https:\/\/rioonwatch.org.br\/index.php?rest_route=\/wp\/v2\/posts\/19812\/revisions\/74213"}],"wp:featuredmedia":[{"embeddable":true,"href":"https:\/\/rioonwatch.org.br\/index.php?rest_route=\/wp\/v2\/media\/19780"}],"wp:attachment":[{"href":"https:\/\/rioonwatch.org.br\/index.php?rest_route=%2Fwp%2Fv2%2Fmedia&parent=19812"}],"wp:term":[{"taxonomy":"category","embeddable":true,"href":"https:\/\/rioonwatch.org.br\/index.php?rest_route=%2Fwp%2Fv2%2Fcategories&post=19812"},{"taxonomy":"post_tag","embeddable":true,"href":"https:\/\/rioonwatch.org.br\/index.php?rest_route=%2Fwp%2Fv2%2Ftags&post=19812"},{"taxonomy":"writer","embeddable":true,"href":"https:\/\/rioonwatch.org.br\/index.php?rest_route=%2Fwp%2Fv2%2Fwriter&post=19812"},{"taxonomy":"translator","embeddable":true,"href":"https:\/\/rioonwatch.org.br\/index.php?rest_route=%2Fwp%2Fv2%2Ftranslator&post=19812"},{"taxonomy":"source","embeddable":true,"href":"https:\/\/rioonwatch.org.br\/index.php?rest_route=%2Fwp%2Fv2%2Fsource&post=19812"},{"taxonomy":"ilustrador","embeddable":true,"href":"https:\/\/rioonwatch.org.br\/index.php?rest_route=%2Fwp%2Fv2%2Filustrador&post=19812"},{"taxonomy":"fotografo","embeddable":true,"href":"https:\/\/rioonwatch.org.br\/index.php?rest_route=%2Fwp%2Fv2%2Ffotografo&post=19812"}],"curies":[{"name":"wp","href":"https:\/\/api.w.org\/{rel}","templated":true}]}}