{"id":19896,"date":"2016-05-23T13:14:34","date_gmt":"2016-05-23T16:14:34","guid":{"rendered":"http:\/\/rioonwatch.org.br\/?p=19896"},"modified":"2016-05-24T07:18:46","modified_gmt":"2016-05-24T10:18:46","slug":"ong-educacional-de-vila-alianca-procura-local-seguro-devido-ao-crescimento-da-violencia","status":"publish","type":"post","link":"https:\/\/rioonwatch.org.br\/?p=19896","title":{"rendered":"ONG Educacional de Vila Alian\u00e7a Procura Local Seguro Devido ao Crescimento da Viol\u00eancia"},"content":{"rendered":"<p style=\"text-align: right;\"><em><strong><a href=\"http:\/\/bit.ly\/27aNctg\" target=\"_blank\">Click Here for English<img decoding=\"async\" width=\"20\" height=\"20\" class=\"alignright wp-image-15790\" src=\"http:\/\/rioonwatch.org.br\/wp-content\/uploads\/2012\/08\/EN-standard-e1439583104716.jpg\" alt=\"\" \/><\/a><\/strong><\/em><\/p>\n<p>Uma organiza\u00e7\u00e3o comunit\u00e1ria na <a href=\"http:\/\/bit.ly\/11tBmFR\" target=\"_blank\">Zona Oeste<\/a> do Rio de Janeiro, que vem educando crian\u00e7as h\u00e1 quase tr\u00eas d\u00e9cadas, est\u00e1 em situa\u00e7\u00e3o\u00a0vulner\u00e1vel no momento, devido ao <a href=\"http:\/\/glo.bo\/26x388F\" target=\"_blank\">aumento da viol\u00eancia<\/a> na regi\u00e3o.<\/p>\n<p>A ONG <a href=\"http:\/\/bit.ly\/23iyL1x\" target=\"_blank\">Semente do Amanh\u00e3<\/a>\u00a0proporciona forma\u00e7\u00e3o cultural e espa\u00e7os de lazer seguros para as crian\u00e7as de\u00a0<a href=\"http:\/\/bit.ly\/1npmeGe\" target=\"_blank\">Vila Alian\u00e7a<\/a>, em <a href=\"http:\/\/bit.ly\/1FoejjP\" target=\"_blank\">Bangu<\/a>,\u00a0ha 28 anos. Semente do Amanh\u00e3 atende atualmente 180 crian\u00e7as entre 3 a 18 anos de idade, e tem mais 302 crian\u00e7as em sua lista de espera. Atividades di\u00e1rias focam no desenvolvimento da criatividade e auto-express\u00e3o das crian\u00e7as, al\u00e9m de proporcionar compet\u00eancias transversais concretas atrav\u00e9s de aulas, tais como ballet, jud\u00f4, teatro, cidadania e cursos de tecnologia da informa\u00e7\u00e3o. No entanto, o maior obst\u00e1culo enfrentado atualmente pela ONG \u00e9 o efeito do aumento da viol\u00eancia na regi\u00e3o nas suas fontes de financiamento.<\/p>\n<p><a href=\"http:\/\/rioonwatch.org.br\/wp-content\/uploads\/2016\/05\/Cidadania-1.jpg\"><img fetchpriority=\"high\" decoding=\"async\" class=\"aligncenter wp-image-19902 size-medium\" title=\"Uma aula de cidadania para a juventude local, no Semente do Amanh\u00e3.\" src=\"http:\/\/rioonwatch.org.br\/wp-content\/uploads\/2016\/05\/Cidadania-1-620x412.jpg\" alt=\"Cidadania-1\" width=\"620\" height=\"412\" srcset=\"https:\/\/rioonwatch.org.br\/wp-content\/uploads\/2016\/05\/Cidadania-1-620x412.jpg 620w, https:\/\/rioonwatch.org.br\/wp-content\/uploads\/2016\/05\/Cidadania-1-397x264.jpg 397w, https:\/\/rioonwatch.org.br\/wp-content\/uploads\/2016\/05\/Cidadania-1-768x511.jpg 768w, https:\/\/rioonwatch.org.br\/wp-content\/uploads\/2016\/05\/Cidadania-1-1024x681.jpg 1024w\" sizes=\"(max-width: 620px) 100vw, 620px\" \/><\/a><\/p>\n<p>Vender roupas e m\u00f3veis a pre\u00e7os baixos tem sido tradicionalmente a principal fonte de renda da ONG, e tem sido comprovadamente mais lucrativo do que campanhas anteriores na Internet. Mas a viol\u00eancia tem aumentado significativamente na \u00e1rea neste \u00faltimo ano, com tiroteios entre <a href=\"http:\/\/bit.ly\/1m6E85H\" target=\"_blank\">policiais<\/a> e <a href=\"http:\/\/bit.ly\/NRIxaP\" target=\"_blank\">traficantes<\/a>\u00a0ocorrendo quase todos os dias. Devido a isso, os compradores n\u00e3o est\u00e3o mais dispostos a arriscar uma visita.<\/p>\n<p>Selmina Nascimento, fundadora do Semente do Amanh\u00e3, diz ser necess\u00e1rio agora\u00a0levantar fundos e transferir a ONG para um novo pr\u00e9dio&#8211;em uma \u00e1rea mais segura. Pois os conflitos rotineiros t\u00eam for\u00e7ado a ONG a suspender as atividades e t\u00eam deixado as paredes do pr\u00e9dio\u00a0repletas de furos de balas e as crian\u00e7as com sinais de trauma psicol\u00f3gico.<\/p>\n<p>\u201c<span style=\"font-weight: 400;\">N\u00f3s n\u00e3o temos nenhuma prote\u00e7\u00e3o. Os tiros s\u00e3o frequentes aqui&#8221;,<\/span>\u00a0disse Selmina, apontando para os buracos nas janelas e paredes da sala usada para aulas de teatro. \u201c<span style=\"font-weight: 400;\">O meu temor \u00e9 que um dia, uma das crian\u00e7as seja atingida dentro da ONG. N\u00f3s precisamos sair daqui, antes que alguma coisa pior aconte\u00e7a&#8221;.<\/span><\/p>\n<p><a href=\"http:\/\/rioonwatch.org.br\/wp-content\/uploads\/2016\/05\/tiros-sala-jud\u00f4.jpg\"><img decoding=\"async\" class=\"aligncenter wp-image-19906 size-content\" title=\"Um dos v\u00e1rios buracos de bala na frente do edif\u00edcio da ONG.\" src=\"http:\/\/rioonwatch.org.br\/wp-content\/uploads\/2016\/05\/tiros-sala-jud\u00f4-620x264.jpg\" alt=\"tiros-sala-jud\u00f4\" width=\"620\" height=\"264\" srcset=\"https:\/\/rioonwatch.org.br\/wp-content\/uploads\/2016\/05\/tiros-sala-jud\u00f4-620x264.jpg 620w, https:\/\/rioonwatch.org.br\/wp-content\/uploads\/2016\/05\/tiros-sala-jud\u00f4-940x400.jpg 940w\" sizes=\"(max-width: 620px) 100vw, 620px\" \/><\/a><\/p>\n<p>O legado positivo do Semente do Amanh\u00e3 est\u00e1 emergindo\u00a0entre v\u00e1rias gera\u00e7\u00f5es da comunidade Vila Alian\u00e7a, como o exemplo dos alunos atuais de\u00a0oito anos de idade, L\u00eddia e Ele, que aspiram a &#8220;<span style=\"font-weight: 400;\">mudar o mundo fazendo pelos outros, como queremos que fa\u00e7am por n\u00f3s<\/span>&#8220;. Da mesma forma pais, como M\u00e1rcia Paula, dizem que a organiza\u00e7\u00e3o &#8220;<span style=\"font-weight: 400;\">melhora o bairro atrav\u00e9s da transforma\u00e7\u00e3o das crian\u00e7as&#8221;.<\/span><\/p>\n<p>Gera\u00e7\u00f5es que j\u00e1 colheram os benef\u00edcios tamb\u00e9m est\u00e3o come\u00e7ando a dar um retorno \u00e0 comunidade. Alex, de 22 anos, agora possui forma\u00e7\u00e3o universit\u00e1ria e \u00e9 coordenador de projetos da ONG, tendo come\u00e7ado como um estudante l\u00e1 h\u00e1 11 anos. &#8220;<span style=\"font-weight: 400;\">A gente v\u00ea a diferen\u00e7a. J\u00e1 t\u00eam mudan\u00e7as&#8221;<\/span><i><span style=\"font-weight: 400;\">,\u00a0<\/span><\/i>disse ele. &#8220;S<span style=\"font-weight: 400;\">eria muito pior sem a gente aqui&#8221;<\/span>.<\/p>\n<p>Para Selmina, apresentar\u00a0as crian\u00e7as a\u00a0elementos culturais\u00a0para os quais\u00a0eles n\u00e3o teriam\u00a0acesso \u00e9 vital para o desenvolvimento dessas crian\u00e7as. Algumas atividades tamb\u00e9m surgem de recursos doados, tais como os instrumentos doados para a ONG em 2015, que <a href=\"http:\/\/glo.bo\/1WsFntX\" target=\"_blank\">tornou poss\u00edvel que as crian\u00e7as formassem uma banda<\/a>.<\/p>\n<p><span style=\"font-weight: 400;\">&#8220;As crian\u00e7as da favela est\u00e3o acostumadas com o\u00a0<a href=\"http:\/\/bit.ly\/1kKdVRX\" target=\"_blank\">funk<\/a> e o\u00a0<a href=\"http:\/\/bit.ly\/1luCNFo\" target=\"_blank\">pagode<\/a>. A banda marcial trouxe para eles novos ritmos. \u00c9 muito gratificante ver este resultado de nosso trabalho, ver como a autoestima deles est\u00e1 elevada e tamb\u00e9m perceber que estamos trazendo coisas importantes para a vidas deles.&#8221;<\/span><\/p>\n<p><a href=\"http:\/\/rioonwatch.org.br\/wp-content\/uploads\/2016\/05\/Passeios-culturais-2.jpg\"><img loading=\"lazy\" decoding=\"async\" class=\"aligncenter wp-image-19911 size-content\" title=\"A ONG, frequentemente, realiza excurs\u00f5es culturais na cidade com as crian\u00e7as.\" src=\"http:\/\/rioonwatch.org.br\/wp-content\/uploads\/2016\/05\/Passeios-culturais-2-620x264.jpg\" alt=\"Passeios-culturais-2\" width=\"620\" height=\"264\" srcset=\"https:\/\/rioonwatch.org.br\/wp-content\/uploads\/2016\/05\/Passeios-culturais-2-620x264.jpg 620w, https:\/\/rioonwatch.org.br\/wp-content\/uploads\/2016\/05\/Passeios-culturais-2-940x400.jpg 940w\" sizes=\"(max-width: 620px) 100vw, 620px\" \/><\/a><\/p>\n<p>Al\u00e9m das aulas realizadas diretamente na favela, a ONG Semente do Amanh\u00e3 organiza excurs\u00f5es do grupo a museus e locais em toda a cidade com as crian\u00e7as cujos pais, em geral, n\u00e3o conseguem lev\u00e1-las. O grupo algumas vezes tamb\u00e9m visita escolas particulares, onde os membros da equipe dessas escolas falam que \u00e9 &#8220;<span style=\"font-weight: 400;\">uma grande surpresa quando os alunos de col\u00e9gio particular v\u00eam as crian\u00e7as da favela fazendo o mesmo que eles fazem&#8221;.<\/span><\/p>\n<p><span style=\"font-weight: 400;\">&#8220;O nosso objetivo \u00e9 mostrar para eles que existe alguma coisa al\u00e9m da favela, e que eles podem sonhar em ser algu\u00e9m. A constru\u00e7\u00e3o dessa identidade, desse futuro, come\u00e7a hoje.&#8221;<\/span><\/p>\n<p>A ONG Semente do Amanh\u00e3 est\u00e1 buscando doa\u00e7\u00f5es para ajud\u00e1-los a adquirir e mudar para um novo local na Vila Alian\u00e7a. As doa\u00e7\u00f5es podem serem feitas\u00a0<a href=\"http:\/\/bit.ly\/1rkyP4U\" target=\"_blank\">atrav\u00e9s de seu site<\/a> ou apoie os seus outros projetos <a href=\"http:\/\/bit.ly\/1WUr0z7\" target=\"_blank\">aqui<\/a>. Segui-os no Facebook <a href=\"http:\/\/bit.ly\/1qbtjk3\">aqui<\/a>.<\/p>\n<p><strong>Para doar para a ONG Semente do Amanh\u00e3 e para mais informa\u00e7\u00f5es clique\u00a0<a href=\"http:\/\/bit.ly\/1WUr0z7\" target=\"_blank\">aqui<\/a><\/strong>.<\/p>\n<!-- AddThis Advanced Settings generic via filter on the_content --><!-- AddThis Share Buttons generic via filter on the_content -->","protected":false},"excerpt":{"rendered":"<div class=\"mh-excerpt\"><p>Click Here for English Uma organiza\u00e7\u00e3o comunit\u00e1ria na Zona Oeste do Rio de Janeiro, que vem educando crian\u00e7as h\u00e1 quase tr\u00eas d\u00e9cadas, est\u00e1 em situa\u00e7\u00e3o\u00a0vulner\u00e1vel no momento, devido ao aumento da viol\u00eancia na regi\u00e3o. A <a class=\"mh-excerpt-more\" href=\"https:\/\/rioonwatch.org.br\/?p=19896\" title=\"ONG Educacional de Vila Alian\u00e7a Procura Local Seguro Devido ao Crescimento da Viol\u00eancia\">[&#8230;]<\/a><!-- AddThis Advanced Settings generic via filter on get_the_excerpt --><!-- AddThis Share Buttons generic via filter on get_the_excerpt --><\/p>\n<\/div>","protected":false},"author":129,"featured_media":19898,"comment_status":"closed","ping_status":"closed","sticky":false,"template":"","format":"standard","meta":{"_acf_changed":false,"_monsterinsights_skip_tracking":false,"_monsterinsights_sitenote_active":false,"_monsterinsights_sitenote_note":"","_monsterinsights_sitenote_category":0,"footnotes":""},"categories":[1621,1629,1626,1388,1612,342],"tags":[235,832,81,421,336,876,316,113,358,279,476,335,499,562,1812,230,1144,184],"writer":[1797],"translator":[273],"source":[],"ilustrador":[],"fotografo":[],"class_list":{"0":"post-19896","1":"post","2":"type-post","3":"status-publish","4":"format-standard","5":"has-post-thumbnail","7":"category-destaque","8":"category-entrevistas-e-perfis","9":"category-por-observadores-internacionais","10":"category-formas-de-apoiar","11":"category-sociedade-civil","12":"category-solucoes","13":"tag-bangu","14":"tag-cidadania","15":"tag-cultura","16":"tag-cultura-da-favela","17":"tag-danca","18":"tag-direitos-da-crianca","19":"tag-educacao","20":"tag-juventude","21":"tag-organizacao-comunitaria","22":"tag-seguranca","23":"tag-solucao-comunitaria","24":"tag-teatro","25":"tag-terror-psicologico","26":"tag-trafico-de-drogas","27":"tag-treinamento","28":"tag-vila-alianca","29":"tag-violencia-urbana","30":"tag-zona-oeste","31":"writer-ciara-long","32":"translator-roseli-franco"},"acf":[],"yoast_head":"<!-- This site is optimized with the Yoast SEO plugin v25.6 - https:\/\/yoast.com\/wordpress\/plugins\/seo\/ -->\n<title>ONG Educacional de Vila Alian\u00e7a Procura Local Seguro Devido ao Crescimento da Viol\u00eancia - RioOnWatch<\/title>\n<meta name=\"robots\" content=\"index, follow, max-snippet:-1, max-image-preview:large, max-video-preview:-1\" \/>\n<link rel=\"canonical\" href=\"https:\/\/rioonwatch.org.br\/?p=19896\" \/>\n<meta property=\"og:locale\" content=\"pt_BR\" \/>\n<meta property=\"og:type\" content=\"article\" \/>\n<meta property=\"og:title\" content=\"ONG Educacional de Vila Alian\u00e7a Procura Local Seguro Devido ao Crescimento da Viol\u00eancia - RioOnWatch\" \/>\n<meta property=\"og:description\" content=\"Click Here for English Uma organiza\u00e7\u00e3o comunit\u00e1ria na Zona Oeste do Rio de Janeiro, que vem educando crian\u00e7as h\u00e1 quase tr\u00eas d\u00e9cadas, est\u00e1 em situa\u00e7\u00e3o\u00a0vulner\u00e1vel no momento, devido ao aumento da viol\u00eancia na regi\u00e3o. A [...]\" \/>\n<meta property=\"og:url\" content=\"https:\/\/rioonwatch.org.br\/?p=19896\" \/>\n<meta property=\"og:site_name\" content=\"RioOnWatch\" \/>\n<meta property=\"article:published_time\" content=\"2016-05-23T16:14:34+00:00\" \/>\n<meta property=\"article:modified_time\" content=\"2016-05-24T10:18:46+00:00\" \/>\n<meta property=\"og:image\" content=\"https:\/\/rioonwatch.org.br\/wp-content\/uploads\/2016\/05\/dance-Semente_opt.jpg\" \/>\n\t<meta property=\"og:image:width\" content=\"1000\" \/>\n\t<meta property=\"og:image:height\" content=\"505\" \/>\n\t<meta property=\"og:image:type\" content=\"image\/jpeg\" \/>\n<meta name=\"author\" content=\"Admin\" \/>\n<meta name=\"twitter:card\" content=\"summary_large_image\" \/>\n<meta name=\"twitter:label1\" content=\"Escrito por\" \/>\n\t<meta name=\"twitter:data1\" content=\"Admin\" \/>\n\t<meta name=\"twitter:label2\" content=\"Est. tempo de leitura\" \/>\n\t<meta name=\"twitter:data2\" content=\"4 minutos\" \/>\n<script type=\"application\/ld+json\" class=\"yoast-schema-graph\">{\"@context\":\"https:\/\/schema.org\",\"@graph\":[{\"@type\":\"Article\",\"@id\":\"https:\/\/rioonwatch.org.br\/?p=19896#article\",\"isPartOf\":{\"@id\":\"https:\/\/rioonwatch.org.br\/?p=19896\"},\"author\":{\"name\":\"Admin\",\"@id\":\"https:\/\/rioonwatch.org.br\/#\/schema\/person\/11d64c290506f9df50c71b850c473f68\"},\"headline\":\"ONG Educacional de Vila Alian\u00e7a Procura Local Seguro Devido ao Crescimento da Viol\u00eancia\",\"datePublished\":\"2016-05-23T16:14:34+00:00\",\"dateModified\":\"2016-05-24T10:18:46+00:00\",\"mainEntityOfPage\":{\"@id\":\"https:\/\/rioonwatch.org.br\/?p=19896\"},\"wordCount\":778,\"publisher\":{\"@id\":\"https:\/\/rioonwatch.org.br\/#organization\"},\"image\":{\"@id\":\"https:\/\/rioonwatch.org.br\/?p=19896#primaryimage\"},\"thumbnailUrl\":\"https:\/\/rioonwatch.org.br\/wp-content\/uploads\/2016\/05\/dance-Semente_opt.jpg\",\"keywords\":[\"Bangu\",\"cidadania\",\"cultura\",\"cultura da favela\",\"dan\u00e7a\",\"direitos da crian\u00e7a\",\"educa\u00e7\u00e3o\",\"juventude\",\"organiza\u00e7\u00e3o comunit\u00e1ria\",\"seguran\u00e7a\",\"solu\u00e7\u00e3o comunit\u00e1ria\",\"teatro\",\"terror psicol\u00f3gico\",\"tr\u00e1fico de drogas\",\"treinamento\",\"Vila Alian\u00e7a\",\"viol\u00eancia urbana\",\"Zona Oeste\"],\"articleSection\":[\"*Destaque\",\"Entrevistas e Perfis\",\"Escrito por Aliados\",\"Formas de Apoiar\",\"Sociedade Civil\",\"Solu\u00e7\u00f5es\"],\"inLanguage\":\"pt-BR\"},{\"@type\":\"WebPage\",\"@id\":\"https:\/\/rioonwatch.org.br\/?p=19896\",\"url\":\"https:\/\/rioonwatch.org.br\/?p=19896\",\"name\":\"ONG Educacional de Vila Alian\u00e7a Procura Local Seguro Devido ao Crescimento da Viol\u00eancia - RioOnWatch\",\"isPartOf\":{\"@id\":\"https:\/\/rioonwatch.org.br\/#website\"},\"primaryImageOfPage\":{\"@id\":\"https:\/\/rioonwatch.org.br\/?p=19896#primaryimage\"},\"image\":{\"@id\":\"https:\/\/rioonwatch.org.br\/?p=19896#primaryimage\"},\"thumbnailUrl\":\"https:\/\/rioonwatch.org.br\/wp-content\/uploads\/2016\/05\/dance-Semente_opt.jpg\",\"datePublished\":\"2016-05-23T16:14:34+00:00\",\"dateModified\":\"2016-05-24T10:18:46+00:00\",\"breadcrumb\":{\"@id\":\"https:\/\/rioonwatch.org.br\/?p=19896#breadcrumb\"},\"inLanguage\":\"pt-BR\",\"potentialAction\":[{\"@type\":\"ReadAction\",\"target\":[\"https:\/\/rioonwatch.org.br\/?p=19896\"]}]},{\"@type\":\"ImageObject\",\"inLanguage\":\"pt-BR\",\"@id\":\"https:\/\/rioonwatch.org.br\/?p=19896#primaryimage\",\"url\":\"https:\/\/rioonwatch.org.br\/wp-content\/uploads\/2016\/05\/dance-Semente_opt.jpg\",\"contentUrl\":\"https:\/\/rioonwatch.org.br\/wp-content\/uploads\/2016\/05\/dance-Semente_opt.jpg\",\"width\":1000,\"height\":505},{\"@type\":\"BreadcrumbList\",\"@id\":\"https:\/\/rioonwatch.org.br\/?p=19896#breadcrumb\",\"itemListElement\":[{\"@type\":\"ListItem\",\"position\":1,\"name\":\"In\u00edcio\",\"item\":\"https:\/\/rioonwatch.org.br\/\"},{\"@type\":\"ListItem\",\"position\":2,\"name\":\"ONG Educacional de Vila Alian\u00e7a Procura Local Seguro Devido ao Crescimento da Viol\u00eancia\"}]},{\"@type\":\"WebSite\",\"@id\":\"https:\/\/rioonwatch.org.br\/#website\",\"url\":\"https:\/\/rioonwatch.org.br\/\",\"name\":\"RioOnWatch\",\"description\":\"relatos das favelas cariocas\",\"publisher\":{\"@id\":\"https:\/\/rioonwatch.org.br\/#organization\"},\"potentialAction\":[{\"@type\":\"SearchAction\",\"target\":{\"@type\":\"EntryPoint\",\"urlTemplate\":\"https:\/\/rioonwatch.org.br\/?s={search_term_string}\"},\"query-input\":{\"@type\":\"PropertyValueSpecification\",\"valueRequired\":true,\"valueName\":\"search_term_string\"}}],\"inLanguage\":\"pt-BR\"},{\"@type\":\"Organization\",\"@id\":\"https:\/\/rioonwatch.org.br\/#organization\",\"name\":\"RioOnWatch\",\"url\":\"https:\/\/rioonwatch.org.br\/\",\"logo\":{\"@type\":\"ImageObject\",\"inLanguage\":\"pt-BR\",\"@id\":\"https:\/\/rioonwatch.org.br\/#\/schema\/logo\/image\/\",\"url\":\"https:\/\/rioonwatch.org.br\/wp-content\/uploads\/2021\/06\/RioOnWatchcabecalhoPT11anos-2.png\",\"contentUrl\":\"https:\/\/rioonwatch.org.br\/wp-content\/uploads\/2021\/06\/RioOnWatchcabecalhoPT11anos-2.png\",\"width\":779,\"height\":277,\"caption\":\"RioOnWatch\"},\"image\":{\"@id\":\"https:\/\/rioonwatch.org.br\/#\/schema\/logo\/image\/\"}},{\"@type\":\"Person\",\"@id\":\"https:\/\/rioonwatch.org.br\/#\/schema\/person\/11d64c290506f9df50c71b850c473f68\",\"name\":\"Admin\",\"image\":{\"@type\":\"ImageObject\",\"inLanguage\":\"pt-BR\",\"@id\":\"https:\/\/rioonwatch.org.br\/#\/schema\/person\/image\/\",\"url\":\"https:\/\/secure.gravatar.com\/avatar\/56211ac74568383903349a1485e3c325?s=96&d=blank&r=g\",\"contentUrl\":\"https:\/\/secure.gravatar.com\/avatar\/56211ac74568383903349a1485e3c325?s=96&d=blank&r=g\",\"caption\":\"Admin\"},\"url\":\"https:\/\/rioonwatch.org.br\/?author=129\"}]}<\/script>\n<!-- \/ Yoast SEO plugin. -->","yoast_head_json":{"title":"ONG Educacional de Vila Alian\u00e7a Procura Local Seguro Devido ao Crescimento da Viol\u00eancia - RioOnWatch","robots":{"index":"index","follow":"follow","max-snippet":"max-snippet:-1","max-image-preview":"max-image-preview:large","max-video-preview":"max-video-preview:-1"},"canonical":"https:\/\/rioonwatch.org.br\/?p=19896","og_locale":"pt_BR","og_type":"article","og_title":"ONG Educacional de Vila Alian\u00e7a Procura Local Seguro Devido ao Crescimento da Viol\u00eancia - RioOnWatch","og_description":"Click Here for English Uma organiza\u00e7\u00e3o comunit\u00e1ria na Zona Oeste do Rio de Janeiro, que vem educando crian\u00e7as h\u00e1 quase tr\u00eas d\u00e9cadas, est\u00e1 em situa\u00e7\u00e3o\u00a0vulner\u00e1vel no momento, devido ao aumento da viol\u00eancia na regi\u00e3o. A [...]","og_url":"https:\/\/rioonwatch.org.br\/?p=19896","og_site_name":"RioOnWatch","article_published_time":"2016-05-23T16:14:34+00:00","article_modified_time":"2016-05-24T10:18:46+00:00","og_image":[{"width":1000,"height":505,"url":"https:\/\/rioonwatch.org.br\/wp-content\/uploads\/2016\/05\/dance-Semente_opt.jpg","type":"image\/jpeg"}],"author":"Admin","twitter_card":"summary_large_image","twitter_misc":{"Escrito por":"Admin","Est. tempo de leitura":"4 minutos"},"schema":{"@context":"https:\/\/schema.org","@graph":[{"@type":"Article","@id":"https:\/\/rioonwatch.org.br\/?p=19896#article","isPartOf":{"@id":"https:\/\/rioonwatch.org.br\/?p=19896"},"author":{"name":"Admin","@id":"https:\/\/rioonwatch.org.br\/#\/schema\/person\/11d64c290506f9df50c71b850c473f68"},"headline":"ONG Educacional de Vila Alian\u00e7a Procura Local Seguro Devido ao Crescimento da Viol\u00eancia","datePublished":"2016-05-23T16:14:34+00:00","dateModified":"2016-05-24T10:18:46+00:00","mainEntityOfPage":{"@id":"https:\/\/rioonwatch.org.br\/?p=19896"},"wordCount":778,"publisher":{"@id":"https:\/\/rioonwatch.org.br\/#organization"},"image":{"@id":"https:\/\/rioonwatch.org.br\/?p=19896#primaryimage"},"thumbnailUrl":"https:\/\/rioonwatch.org.br\/wp-content\/uploads\/2016\/05\/dance-Semente_opt.jpg","keywords":["Bangu","cidadania","cultura","cultura da favela","dan\u00e7a","direitos da crian\u00e7a","educa\u00e7\u00e3o","juventude","organiza\u00e7\u00e3o comunit\u00e1ria","seguran\u00e7a","solu\u00e7\u00e3o comunit\u00e1ria","teatro","terror psicol\u00f3gico","tr\u00e1fico de drogas","treinamento","Vila Alian\u00e7a","viol\u00eancia urbana","Zona Oeste"],"articleSection":["*Destaque","Entrevistas e Perfis","Escrito por Aliados","Formas de Apoiar","Sociedade Civil","Solu\u00e7\u00f5es"],"inLanguage":"pt-BR"},{"@type":"WebPage","@id":"https:\/\/rioonwatch.org.br\/?p=19896","url":"https:\/\/rioonwatch.org.br\/?p=19896","name":"ONG Educacional de Vila Alian\u00e7a Procura Local Seguro Devido ao Crescimento da Viol\u00eancia - RioOnWatch","isPartOf":{"@id":"https:\/\/rioonwatch.org.br\/#website"},"primaryImageOfPage":{"@id":"https:\/\/rioonwatch.org.br\/?p=19896#primaryimage"},"image":{"@id":"https:\/\/rioonwatch.org.br\/?p=19896#primaryimage"},"thumbnailUrl":"https:\/\/rioonwatch.org.br\/wp-content\/uploads\/2016\/05\/dance-Semente_opt.jpg","datePublished":"2016-05-23T16:14:34+00:00","dateModified":"2016-05-24T10:18:46+00:00","breadcrumb":{"@id":"https:\/\/rioonwatch.org.br\/?p=19896#breadcrumb"},"inLanguage":"pt-BR","potentialAction":[{"@type":"ReadAction","target":["https:\/\/rioonwatch.org.br\/?p=19896"]}]},{"@type":"ImageObject","inLanguage":"pt-BR","@id":"https:\/\/rioonwatch.org.br\/?p=19896#primaryimage","url":"https:\/\/rioonwatch.org.br\/wp-content\/uploads\/2016\/05\/dance-Semente_opt.jpg","contentUrl":"https:\/\/rioonwatch.org.br\/wp-content\/uploads\/2016\/05\/dance-Semente_opt.jpg","width":1000,"height":505},{"@type":"BreadcrumbList","@id":"https:\/\/rioonwatch.org.br\/?p=19896#breadcrumb","itemListElement":[{"@type":"ListItem","position":1,"name":"In\u00edcio","item":"https:\/\/rioonwatch.org.br\/"},{"@type":"ListItem","position":2,"name":"ONG Educacional de Vila Alian\u00e7a Procura Local Seguro Devido ao Crescimento da Viol\u00eancia"}]},{"@type":"WebSite","@id":"https:\/\/rioonwatch.org.br\/#website","url":"https:\/\/rioonwatch.org.br\/","name":"RioOnWatch","description":"relatos das favelas cariocas","publisher":{"@id":"https:\/\/rioonwatch.org.br\/#organization"},"potentialAction":[{"@type":"SearchAction","target":{"@type":"EntryPoint","urlTemplate":"https:\/\/rioonwatch.org.br\/?s={search_term_string}"},"query-input":{"@type":"PropertyValueSpecification","valueRequired":true,"valueName":"search_term_string"}}],"inLanguage":"pt-BR"},{"@type":"Organization","@id":"https:\/\/rioonwatch.org.br\/#organization","name":"RioOnWatch","url":"https:\/\/rioonwatch.org.br\/","logo":{"@type":"ImageObject","inLanguage":"pt-BR","@id":"https:\/\/rioonwatch.org.br\/#\/schema\/logo\/image\/","url":"https:\/\/rioonwatch.org.br\/wp-content\/uploads\/2021\/06\/RioOnWatchcabecalhoPT11anos-2.png","contentUrl":"https:\/\/rioonwatch.org.br\/wp-content\/uploads\/2021\/06\/RioOnWatchcabecalhoPT11anos-2.png","width":779,"height":277,"caption":"RioOnWatch"},"image":{"@id":"https:\/\/rioonwatch.org.br\/#\/schema\/logo\/image\/"}},{"@type":"Person","@id":"https:\/\/rioonwatch.org.br\/#\/schema\/person\/11d64c290506f9df50c71b850c473f68","name":"Admin","image":{"@type":"ImageObject","inLanguage":"pt-BR","@id":"https:\/\/rioonwatch.org.br\/#\/schema\/person\/image\/","url":"https:\/\/secure.gravatar.com\/avatar\/56211ac74568383903349a1485e3c325?s=96&d=blank&r=g","contentUrl":"https:\/\/secure.gravatar.com\/avatar\/56211ac74568383903349a1485e3c325?s=96&d=blank&r=g","caption":"Admin"},"url":"https:\/\/rioonwatch.org.br\/?author=129"}]}},"_links":{"self":[{"href":"https:\/\/rioonwatch.org.br\/index.php?rest_route=\/wp\/v2\/posts\/19896"}],"collection":[{"href":"https:\/\/rioonwatch.org.br\/index.php?rest_route=\/wp\/v2\/posts"}],"about":[{"href":"https:\/\/rioonwatch.org.br\/index.php?rest_route=\/wp\/v2\/types\/post"}],"author":[{"embeddable":true,"href":"https:\/\/rioonwatch.org.br\/index.php?rest_route=\/wp\/v2\/users\/129"}],"replies":[{"embeddable":true,"href":"https:\/\/rioonwatch.org.br\/index.php?rest_route=%2Fwp%2Fv2%2Fcomments&post=19896"}],"version-history":[{"count":13,"href":"https:\/\/rioonwatch.org.br\/index.php?rest_route=\/wp\/v2\/posts\/19896\/revisions"}],"predecessor-version":[{"id":19918,"href":"https:\/\/rioonwatch.org.br\/index.php?rest_route=\/wp\/v2\/posts\/19896\/revisions\/19918"}],"wp:featuredmedia":[{"embeddable":true,"href":"https:\/\/rioonwatch.org.br\/index.php?rest_route=\/wp\/v2\/media\/19898"}],"wp:attachment":[{"href":"https:\/\/rioonwatch.org.br\/index.php?rest_route=%2Fwp%2Fv2%2Fmedia&parent=19896"}],"wp:term":[{"taxonomy":"category","embeddable":true,"href":"https:\/\/rioonwatch.org.br\/index.php?rest_route=%2Fwp%2Fv2%2Fcategories&post=19896"},{"taxonomy":"post_tag","embeddable":true,"href":"https:\/\/rioonwatch.org.br\/index.php?rest_route=%2Fwp%2Fv2%2Ftags&post=19896"},{"taxonomy":"writer","embeddable":true,"href":"https:\/\/rioonwatch.org.br\/index.php?rest_route=%2Fwp%2Fv2%2Fwriter&post=19896"},{"taxonomy":"translator","embeddable":true,"href":"https:\/\/rioonwatch.org.br\/index.php?rest_route=%2Fwp%2Fv2%2Ftranslator&post=19896"},{"taxonomy":"source","embeddable":true,"href":"https:\/\/rioonwatch.org.br\/index.php?rest_route=%2Fwp%2Fv2%2Fsource&post=19896"},{"taxonomy":"ilustrador","embeddable":true,"href":"https:\/\/rioonwatch.org.br\/index.php?rest_route=%2Fwp%2Fv2%2Filustrador&post=19896"},{"taxonomy":"fotografo","embeddable":true,"href":"https:\/\/rioonwatch.org.br\/index.php?rest_route=%2Fwp%2Fv2%2Ffotografo&post=19896"}],"curies":[{"name":"wp","href":"https:\/\/api.w.org\/{rel}","templated":true}]}}