{"id":19915,"date":"2016-05-24T07:18:11","date_gmt":"2016-05-24T10:18:11","guid":{"rendered":"http:\/\/rioonwatch.org.br\/?p=19915"},"modified":"2024-06-20T16:27:12","modified_gmt":"2024-06-20T19:27:12","slug":"estudantes-ocupantes-ameacados-de-violencia-durante-negociacoes-com-estado","status":"publish","type":"post","link":"https:\/\/rioonwatch.org.br\/?p=19915","title":{"rendered":"Estudantes Ocupantes S\u00e3o Amea\u00e7ados de Viol\u00eancia Enquanto Negociam com o Estado"},"content":{"rendered":"<p style=\"text-align: right;\"><em><strong><a href=\"http:\/\/bit.ly\/20egqSu\" target=\"_blank\" rel=\"noopener\">Click Here for English<img decoding=\"async\" width=\"20\" height=\"20\" class=\"alignright wp-image-15790\" src=\"http:\/\/rioonwatch.org.br\/wp-content\/uploads\/2012\/08\/EN-standard-e1439583104716.jpg\" alt=\"\" \/><\/a><\/strong><\/em><\/p>\n<p><span style=\"font-weight: 400;\">Os estudantes <\/span><span style=\"font-weight: 400;\">que <a href=\"http:\/\/bit.ly\/1U0lnwm\" target=\"_blank\" rel=\"noopener\">ocupam as escolas p\u00fablicas secundaristas<\/a>\u00a0<\/span><span style=\"font-weight: 400;\">em todo o Estado do Rio de Janeiro enfrentaram n\u00edveis crescentes de <\/span><a href=\"http:\/\/bit.ly\/1wLR1Ef\" target=\"_blank\" rel=\"noopener\"><span style=\"font-weight: 400;\">viol\u00eancia<\/span><\/a><span style=\"font-weight: 400;\"> e abusos desde o dia 6 de maio, por parte de grupos de estudantes que se op\u00f5em ao movimento. <\/span><\/p>\n<p><span style=\"font-weight: 400;\">A ocupa\u00e7\u00e3o no Col\u00e9gio Mendes de Moraes na <\/span><a href=\"http:\/\/bit.ly\/1YTigrD\" target=\"_blank\" rel=\"noopener\"><span style=\"font-weight: 400;\">Ilha do Governador<\/span><\/a><span style=\"font-weight: 400;\">, a <\/span><span style=\"font-weight: 400;\"><a href=\"http:\/\/bit.ly\/22eNWbv\" target=\"_blank\" rel=\"noopener\">primeira escola ocupada<\/a>\u00a0<\/span><span style=\"font-weight: 400;\">na atual onda de protestos de estudantes por todo o Brasil, foi for\u00e7ada a se dissolver, pois os estudantes sofreram ataques consecutivos que come\u00e7aram no dia 6 de maio e ocorreram diariamente entre 9 e 13 de maio.<\/span><\/p>\n<p><a href=\"http:\/\/rioonwatch.org.br\/wp-content\/uploads\/2016\/05\/13221358_684661861672646_8852603303356612657_o.jpg\"><img fetchpriority=\"high\" decoding=\"async\" class=\"aligncenter wp-image-19921 size-content\" title=\"Estudantes do lado de fora do Col\u00e9gio Mendes de Moraes decidem reocupar a escola ap\u00f3s os primeiros ataques dos dias 9 e 10 de Maio.\" src=\"http:\/\/rioonwatch.org.br\/wp-content\/uploads\/2016\/05\/13221358_684661861672646_8852603303356612657_o-620x264.jpg\" alt=\"13221358_684661861672646_8852603303356612657_o\" width=\"620\" height=\"264\" srcset=\"https:\/\/rioonwatch.org.br\/wp-content\/uploads\/2016\/05\/13221358_684661861672646_8852603303356612657_o-620x264.jpg 620w, https:\/\/rioonwatch.org.br\/wp-content\/uploads\/2016\/05\/13221358_684661861672646_8852603303356612657_o-940x400.jpg 940w\" sizes=\"(max-width: 620px) 100vw, 620px\" \/><\/a><\/p>\n<p><span style=\"font-weight: 400;\">Alan, 18 anos, antigo aluno do Mendes de Moraes, declarou que os estudantes ocupantes do edif\u00edcio da escola vinham se sentindo cada vez mais intimidados pelas tentativas de entrada do grupo \u201cdesocupa\u201d. Ao descrever os ataques ocorridos no dia 10 de maio, Alan contou que os estudantes \u201cpularam muros e quebraram os cadeados&#8221;.<\/span><\/p>\n<p><span style=\"font-weight: 400;\">&#8220;N\u00f3s decidimos nos recolher na sala de seguran\u00e7a, mas os alunos contra a ocupa\u00e7\u00e3o estavam muito fortes e eles queriam tirar a gente a qualquer custo&#8221;, disse ele. &#8220;Eles quebraram uma parte da porta e um peda\u00e7o de alum\u00ednio da porta cortou um estudante. Nesse cen\u00e1rio de confus\u00e3o, o pessoal s\u00f3 sabia chorar e proteger a porta&#8221;. <\/span><\/p>\n<p><span style=\"font-weight: 400;\">&#8220;Tiveram pessoas que tomaram socos, a gente n\u00e3o sabia o que ia acontecer. Decidimos desocupar para nossa pr\u00f3pria seguran\u00e7a. N\u00f3s n\u00e3o sab\u00edamos se eles iriam linchar a gente.&#8221;<\/span><\/p>\n<p><a href=\"http:\/\/rioonwatch.org.br\/wp-content\/uploads\/2016\/05\/Mendes-injuries.jpg\"><img decoding=\"async\" class=\"aligncenter wp-image-19923 size-content\" title=\"Alguns dos ferimentos sofridos por estudantes do Col\u00e9gio Mendes de Moraes durante a semana de ataques.\" src=\"http:\/\/rioonwatch.org.br\/wp-content\/uploads\/2016\/05\/Mendes-injuries-620x264.jpg\" alt=\"Mendes-injuries\" width=\"620\" height=\"264\" srcset=\"https:\/\/rioonwatch.org.br\/wp-content\/uploads\/2016\/05\/Mendes-injuries-620x264.jpg 620w, https:\/\/rioonwatch.org.br\/wp-content\/uploads\/2016\/05\/Mendes-injuries-940x400.jpg 940w\" sizes=\"(max-width: 620px) 100vw, 620px\" \/><\/a><\/p>\n<p><span style=\"font-weight: 400;\">Professores e estudantes relataram ataques mais prolongados e violentos no dia 13 de maio, afirmando que o grupo \u201cdesocupa\u201d jogou tijolos, garrafas de vidro e bombas para dentro da escola.<\/span><\/p>\n<p><span style=\"font-weight: 400;\">\u201cDepois de reocupar n\u00f3s fomos de novo amea\u00e7ados, e a tend\u00eancia \u00e9 da viol\u00eancia ser cada vez maior\u201d, disse Alan. Os estudantes do Col\u00e9gio Mendes de Moraes\u00a0decidiram desocupar e passar a apoiar outras escolas amea\u00e7adas na noite de 16 de maio.<\/span><\/p>\n<p><a href=\"http:\/\/rioonwatch.org.br\/wp-content\/uploads\/2016\/05\/13164480_275269676160385_4738035726307386113_n.jpg\"><img loading=\"lazy\" decoding=\"async\" class=\"aligncenter wp-image-19925 size-content\" title=\"Alguns dos tijolos atirados nas janelas do Col\u00e9gio Mendes de Moraes.\" src=\"http:\/\/rioonwatch.org.br\/wp-content\/uploads\/2016\/05\/13164480_275269676160385_4738035726307386113_n-620x264.jpg\" alt=\"13164480_275269676160385_4738035726307386113_n\" width=\"620\" height=\"264\" srcset=\"https:\/\/rioonwatch.org.br\/wp-content\/uploads\/2016\/05\/13164480_275269676160385_4738035726307386113_n-620x264.jpg 620w, https:\/\/rioonwatch.org.br\/wp-content\/uploads\/2016\/05\/13164480_275269676160385_4738035726307386113_n-940x400.jpg 940w\" sizes=\"(max-width: 620px) 100vw, 620px\" \/><\/a><\/p>\n<p><span style=\"font-weight: 400;\">Os estudantes contaram que a <\/span><span style=\"font-weight: 400;\"><a href=\"http:\/\/bit.ly\/1mtYvXK\" target=\"_blank\" rel=\"noopener\">Pol\u00edcia Militar<\/a>\u00a0<\/span><span style=\"font-weight: 400;\">ficou do lado de fora durante os ataques e em vez de proteger os estudantes, a pol\u00edcia se aproveitou de sua presen\u00e7a para impedir\u00a0que eles entrassem novamente na escola. Os professores do Col\u00e9gio Mendes de Moraes ficaram chocados com\u00a0<\/span><span style=\"font-weight: 400;\">a falta de interven\u00e7\u00e3o da pol\u00edcia na defesa da integridade f\u00edsica dos estudantes.<\/span><\/p>\n<p><span style=\"font-weight: 400;\">\u201cA situa\u00e7\u00e3o ficou insustent\u00e1vel aqui no Mendes\u201d, disse Adno Soares Ferreira Jr, um professor da escola, presente durante os ataques de 13 de maio.<\/span><\/p>\n<p><span style=\"font-weight: 400;\">&#8220;A Secretaria de Educa\u00e7\u00e3o aterrorizou pais e estudantes com mentiras, dizendo que eles perderiam o ano e tamb\u00e9m orientou a pol\u00edcia a n\u00e3o intervir nas incurs\u00f5es cada vez mais violentas dos \u2018desocupa\u2019&#8221;, disse ele.<\/span><\/p>\n<h3><b>Amea\u00e7as de grupos de \u201cdesocupa\u00e7\u00e3o\u201d<\/b><\/h3>\n<p><span style=\"font-weight: 400;\">A Mendes de Moraes \u00e9 uma das v\u00e1rias escolas recentemente amea\u00e7adas por grupos de desocupa\u00e7\u00e3o. Entre 9 e 13 de maio, surgiram nas redes sociais pedidos de apoio \u00e0s escolas ocupadas em <\/span><a href=\"http:\/\/bit.ly\/1FoejjP\" target=\"_blank\" rel=\"noopener\"><span style=\"font-weight: 400;\">Bangu<\/span><\/a><span style=\"font-weight: 400;\"> na <\/span><a href=\"http:\/\/bit.ly\/11tBmFR\" target=\"_blank\" rel=\"noopener\"><span style=\"font-weight: 400;\">Zona Oeste<\/span><\/a><span style=\"font-weight: 400;\"> e no <\/span><a href=\"http:\/\/bit.ly\/1qX7nZG\" target=\"_blank\" rel=\"noopener\"><span style=\"font-weight: 400;\">Centro<\/span><\/a><span style=\"font-weight: 400;\"> que v\u00eam sofrendo amea\u00e7as de grupos de desocupa\u00e7\u00e3o.<\/span><\/p>\n<p><span style=\"font-weight: 400;\">Leonardo, estudante do Col\u00e9gio Amaro Cavalcanti no Largo do Machado na <\/span><a href=\"http:\/\/bit.ly\/1mNsDyk\" target=\"_blank\" rel=\"noopener\"><span style=\"font-weight: 400;\">Zona Sul<\/span><\/a><span style=\"font-weight: 400;\">, disse que n\u00e3o se surpreendia que escolas fora da Zona Sul sofressem com maiores amea\u00e7as que a sua.<\/span><\/p>\n<p><span style=\"font-weight: 400;\">&#8220;O Mendes de Moraes est\u00e1 sendo mais amea\u00e7ado pelo fato de ser o primeiro col\u00e9gio que iniciou a ideia de ocupa\u00e7\u00e3o&#8221;, disse Leonardo. &#8220;Este \u00e9 um col\u00e9gio que estava em condi\u00e7\u00f5es muito prec\u00e1rias e com muita falta de materiais. \u00c9 um col\u00e9gio de sub\u00farbio que fica no Ilha do Governador e tem pouca visibilidade. \u00c9 mais f\u00e1cil atacar um col\u00e9gio com pouca visibilidade, do que atacar um col\u00e9gio na Zona Sul que tem muita visibilidade&#8221;.<\/span><\/p>\n<p><span style=\"font-weight: 400;\">Amaro Cavalcanti \u00e9 outra das v\u00e1rias escolas que enfrentam oposi\u00e7\u00e3o, com grupos contra a ocupa\u00e7\u00e3o organizados no Facebook. Os grupos de desocupa\u00e7\u00e3o come\u00e7aram a se organizar formalmente e ganharam f\u00f4lego quando algumas semanas atr\u00e1s, a Secretaria de Educa\u00e7\u00e3o do Estado do Rio (SEEDUC) enviou um tweet encorajando os estudantes a praticarem suas pr\u00f3prias a\u00e7\u00f5es.<\/span><\/p>\n<figure id=\"attachment_19927\" aria-describedby=\"caption-attachment-19927\" style=\"width: 620px\" class=\"wp-caption aligncenter\"><a href=\"http:\/\/rioonwatch.org.br\/wp-content\/uploads\/2016\/05\/13062061_264488840571802_8219135174607448154_n.jpg\"><img loading=\"lazy\" decoding=\"async\" class=\"wp-image-19927 size-content\" title=\"Tweets enviados pelo SEEDUC encorajadores protestos anti-ocupa\u00e7\u00e3o, que foram eliminados no in\u00edcio de maio.\" src=\"http:\/\/rioonwatch.org.br\/wp-content\/uploads\/2016\/05\/13062061_264488840571802_8219135174607448154_n-620x264.jpg\" alt=\"13062061_264488840571802_8219135174607448154_n\" width=\"620\" height=\"264\" \/><\/a><figcaption id=\"caption-attachment-19927\" class=\"wp-caption-text\">Tweets enviados pelo SEEDUC encorajadores protestos anti-ocupa\u00e7\u00e3o, que foram eliminados no in\u00edcio de maio.<\/figcaption><\/figure>\n<p><span style=\"font-weight: 400;\">O movimento de desocupa\u00e7\u00e3o \u00e9 menos popular: A p\u00e1gina do Facebook Desocupa Mendes <\/span><a href=\"http:\/\/bit.ly\/1TJb8dq\"><span style=\"font-weight: 400;\">tem 2,500 \u201ccurtidas\u201d<\/span><\/a><span style=\"font-weight: 400;\"> enquanto a Ocupa Mendes <\/span><a href=\"http:\/\/bit.ly\/1RzTT19\"><span style=\"font-weight: 400;\">tem 14,000<\/span><\/a><span style=\"font-weight: 400;\">. Apesar disso, alguns estudantes acreditam que o agora deletado tweet da SEEDUC (imagem acima) est\u00e1 na origem do aumento das amea\u00e7as e da viol\u00eancia.<\/span><\/p>\n<p><span style=\"font-weight: 400;\">Estudantes que ocupam o Col\u00e9gio Amaro Cavalcanti iniciaram o di\u00e1logo com os oponentes das ocupa\u00e7\u00f5es, que defendem que as condi\u00e7\u00f5es protestadas n\u00e3o se aplicam \u00e0 sua escola. <\/span><\/p>\n<p><span style=\"font-weight: 400;\">\u201cA ocupa\u00e7\u00e3o n\u00e3o \u00e9 s\u00f3 para mim&#8221;, diz Leonardo, que est\u00e1 no ultimo ano no Amaro Cavalcanti. \u201c<\/span><span style=\"font-weight: 400;\">Cada vez que nos encontramos aqui com os alunos do grupo contra a ocupa\u00e7\u00e3o, eles saem daqui do mesmo lado que n\u00f3s. Eles entendem que todo mundo aqui luta pelas mesmas coisas que eles, por uma educa\u00e7\u00e3o melhor.\u201d<\/span><\/p>\n<p><a href=\"http:\/\/rioonwatch.org.br\/wp-content\/uploads\/2016\/05\/13220549_10206818862965457_2386693313015050594_o.jpg\"><img loading=\"lazy\" decoding=\"async\" class=\"aligncenter wp-image-19928 size-content\" title=\"Os estudantes que ocupam o Col\u00e9gio Amaro Cavalcanti sentem que est\u00e3o em relativa seguran\u00e7a, devido \u00e0 localiza\u00e7\u00e3o do col\u00e9gio.\" src=\"http:\/\/rioonwatch.org.br\/wp-content\/uploads\/2016\/05\/13220549_10206818862965457_2386693313015050594_o-620x264.jpg\" alt=\"13220549_10206818862965457_2386693313015050594_o\" width=\"620\" height=\"264\" srcset=\"https:\/\/rioonwatch.org.br\/wp-content\/uploads\/2016\/05\/13220549_10206818862965457_2386693313015050594_o-620x264.jpg 620w, https:\/\/rioonwatch.org.br\/wp-content\/uploads\/2016\/05\/13220549_10206818862965457_2386693313015050594_o-940x400.jpg 940w\" sizes=\"(max-width: 620px) 100vw, 620px\" \/><\/a><\/p>\n<h3><strong><b>Negocia\u00e7\u00f5es\u00a0com o Estado<\/b><\/strong><\/h3>\n<p><span style=\"font-weight: 400;\">Apesar da ruptura de di\u00e1logo entre estudantes pr\u00f3 e contra as ocupa\u00e7\u00f5es, o governo do Estado do Rio anunciou que as\u00a0<\/span><a href=\"http:\/\/glo.bo\/1TEEOrP\"><span style=\"font-weight: 400;\">primeiras negocia\u00e7\u00f5es,\u00a0com estudantes pr\u00f3 ocupa\u00e7\u00f5es, foram bem sucedidas<\/span><\/a><span style=\"font-weight: 400;\">.<\/span><\/p>\n<p><span style=\"font-weight: 400;\">Os estudantes do ensino m\u00e9dio ir\u00e3o receber um Enem simulado, e pais e professores poder\u00e3o participar mais no processo de elei\u00e7\u00e3o dos diretores da escola. O sistema de avalia\u00e7\u00e3o introduzido recentemente, (SAERJ), ser\u00e1 extinto no final do ano escolar para conciliar com os cortes de or\u00e7amento, e os estudantes poder\u00e3o recarregar seus passes livres mensalmente em vez semanalmente.<\/span><\/p>\n<p><a href=\"http:\/\/rioonwatch.org.br\/wp-content\/uploads\/2016\/05\/13217075_937823856350_6938792273368566056_o.jpg\"><img loading=\"lazy\" decoding=\"async\" class=\"aligncenter wp-image-19931 size-content\" title=\"Os estudantes encontraram milhares de livros novos que n\u00e3o haviam sido distribu\u00eddos no Col\u00e9gio Amaro no Largo do Machado.\" src=\"http:\/\/rioonwatch.org.br\/wp-content\/uploads\/2016\/05\/13217075_937823856350_6938792273368566056_o-620x264.jpg\" alt=\"13217075_937823856350_6938792273368566056_o\" width=\"620\" height=\"264\" srcset=\"https:\/\/rioonwatch.org.br\/wp-content\/uploads\/2016\/05\/13217075_937823856350_6938792273368566056_o-620x264.jpg 620w, https:\/\/rioonwatch.org.br\/wp-content\/uploads\/2016\/05\/13217075_937823856350_6938792273368566056_o-940x400.jpg 940w\" sizes=\"(max-width: 620px) 100vw, 620px\" \/><\/a><\/p>\n<p><span style=\"font-weight: 400;\">Leonardo expressou ceticismo perante a declara\u00e7\u00e3o, dizendo que o SAERJ \u00e9 \u201cuma medida fict\u00edcia utilizada para produzir estat\u00edsticas e n\u00e3o uma educa\u00e7\u00e3o de qualidade&#8221;. Ele acha que as altera\u00e7\u00f5es feitas aos passes livres fazem pouca diferen\u00e7a na vida dos estudantes e questiona como um governo de Estado pode produzir uma r\u00e9plica do exame nacional, o Enem.<\/span><\/p>\n<p><span style=\"font-weight: 400;\">Ele tamb\u00e9m disse que os diretores escolhidos e imposto pelos governos, frequentemente, est\u00e3o ausentes. \u201cNunca vi o cara&#8221;, disse. \u201cN\u00e3o posso dizer se ele \u00e9 negro, se ele \u00e9 branco, n\u00e3o sei quem ele \u00e9, por\u00e9m ele \u00e9 o diretor da escola. \u00c9 uma pauta nossa conhecer o diretor, e queremos que ele esteja na escola&#8221;.<\/span><\/p>\n<p><a href=\"http:\/\/rioonwatch.org.br\/wp-content\/uploads\/2016\/05\/13115974_937823956150_4088536992678734331_o.jpg\"><img loading=\"lazy\" decoding=\"async\" class=\"aligncenter wp-image-19932 size-content\" title=\"Faixas na fachada do Col\u00e9gio Amaro, Largo do Machado, faz liga\u00e7\u00e3o entre os Jogos Ol\u00edmpicos e a falta de financiamento para as escolas p\u00fablicas: &quot;Tira das Olimp\u00edadas e Invista na Minha Escola&quot;.\" src=\"http:\/\/rioonwatch.org.br\/wp-content\/uploads\/2016\/05\/13115974_937823956150_4088536992678734331_o-620x264.jpg\" alt=\"13115974_937823956150_4088536992678734331_o\" width=\"620\" height=\"264\" srcset=\"https:\/\/rioonwatch.org.br\/wp-content\/uploads\/2016\/05\/13115974_937823956150_4088536992678734331_o-620x264.jpg 620w, https:\/\/rioonwatch.org.br\/wp-content\/uploads\/2016\/05\/13115974_937823956150_4088536992678734331_o-940x400.jpg 940w\" sizes=\"(max-width: 620px) 100vw, 620px\" \/><\/a><\/p>\n<p><span style=\"font-weight: 400;\">As negocia\u00e7\u00f5es ainda n\u00e3o tocaram nas quest\u00f5es iniciais levantadas pelos primeiros estudantes das ocupa\u00e7\u00f5es: a falta de infraestrutura e de reformas, cortes na infraestrutura existente, a falta de acesso a recursos, e demiss\u00f5es arbitr\u00e1rias de pessoal que dificultam o funcionamento da escola.<\/span><\/p>\n<p><span style=\"font-weight: 400;\">\u201cSe eles pensam que resolvendo pequenos probleminhas a gente desocupa, saibam ent\u00e3o que\u00a0a desocupa\u00e7\u00e3o n\u00e3o vai acontecer&#8221;, diz Leonardo, ironicamente. \u201cA ocupa\u00e7\u00e3o existe porque t\u00eam muitas coisas que precisam\u00a0mudar. N\u00f3s queremos que o governo fique muito ciente disso&#8221;.<\/span><\/p>\n<!-- AddThis Advanced Settings generic via filter on the_content --><!-- AddThis Share Buttons generic via filter on the_content -->","protected":false},"excerpt":{"rendered":"<div class=\"mh-excerpt\"><p>Click Here for English Os estudantes que ocupam as escolas p\u00fablicas secundaristas\u00a0em todo o Estado do Rio de Janeiro enfrentaram n\u00edveis crescentes de viol\u00eancia e abusos desde o dia 6 de maio, por parte de <a class=\"mh-excerpt-more\" href=\"https:\/\/rioonwatch.org.br\/?p=19915\" title=\"Estudantes Ocupantes S\u00e3o Amea\u00e7ados de Viol\u00eancia Enquanto Negociam com o Estado\">[&#8230;]<\/a><!-- AddThis Advanced Settings generic via filter on get_the_excerpt --><!-- AddThis Share Buttons generic via filter on get_the_excerpt --><\/p>\n<\/div>","protected":false},"author":129,"featured_media":19919,"comment_status":"closed","ping_status":"closed","sticky":false,"template":"","format":"standard","meta":{"_acf_changed":false,"_monsterinsights_skip_tracking":false,"_monsterinsights_sitenote_active":false,"_monsterinsights_sitenote_note":"","_monsterinsights_sitenote_category":0,"footnotes":""},"categories":[1618,1621,1626,344,1612],"tags":[235,259,88,316,113,1861,1240,1151,407,78,358,774,838,763,672,30,920,218,383],"writer":[1797],"translator":[1842],"source":[],"ilustrador":[],"fotografo":[],"class_list":{"0":"post-19915","1":"post","2":"type-post","3":"status-publish","4":"format-standard","5":"has-post-thumbnail","7":"category-olhonaparticipacao","8":"category-destaque","9":"category-por-observadores-internacionais","10":"category-politicas","11":"category-sociedade-civil","12":"tag-bangu","13":"tag-centro","14":"tag-direitos-humanos","15":"tag-educacao","16":"tag-juventude","17":"tag-largo-do-machado","18":"tag-megaeventos","19":"tag-organizacao","20":"tag-ocupacao","21":"tag-olimpiadas","22":"tag-organizacao-comunitaria","23":"tag-policia-militar","24":"tag-politica-publica","25":"tag-protesto","26":"tag-seguranca-publica","27":"tag-violencia","28":"tag-violencia-de-estado","29":"tag-zona-norte","30":"tag-zona-sul","31":"writer-ciara-long","32":"translator-manu-escrita"},"acf":[],"yoast_head":"<!-- This site is optimized with the Yoast SEO plugin v25.6 - https:\/\/yoast.com\/wordpress\/plugins\/seo\/ -->\n<title>Estudantes Ocupantes S\u00e3o Amea\u00e7ados de Viol\u00eancia Enquanto Negociam com o Estado - RioOnWatch<\/title>\n<meta name=\"robots\" content=\"index, follow, max-snippet:-1, max-image-preview:large, max-video-preview:-1\" \/>\n<link rel=\"canonical\" href=\"https:\/\/rioonwatch.org.br\/?p=19915\" \/>\n<meta property=\"og:locale\" content=\"pt_BR\" \/>\n<meta property=\"og:type\" content=\"article\" \/>\n<meta property=\"og:title\" content=\"Estudantes Ocupantes S\u00e3o Amea\u00e7ados de Viol\u00eancia Enquanto Negociam com o Estado - RioOnWatch\" \/>\n<meta property=\"og:description\" content=\"Click Here for English Os estudantes que ocupam as escolas p\u00fablicas secundaristas\u00a0em todo o Estado do Rio de Janeiro enfrentaram n\u00edveis crescentes de viol\u00eancia e abusos desde o dia 6 de maio, por parte de [...]\" \/>\n<meta property=\"og:url\" content=\"https:\/\/rioonwatch.org.br\/?p=19915\" \/>\n<meta property=\"og:site_name\" content=\"RioOnWatch\" \/>\n<meta property=\"article:published_time\" content=\"2016-05-24T10:18:11+00:00\" \/>\n<meta property=\"article:modified_time\" content=\"2024-06-20T19:27:12+00:00\" \/>\n<meta property=\"og:image\" content=\"https:\/\/rioonwatch.org.br\/wp-content\/uploads\/2016\/05\/13173454_272725576414795_5104838288798733974_o.jpg\" \/>\n\t<meta property=\"og:image:width\" content=\"2048\" \/>\n\t<meta property=\"og:image:height\" content=\"1150\" \/>\n\t<meta property=\"og:image:type\" content=\"image\/jpeg\" \/>\n<meta name=\"author\" content=\"Admin\" \/>\n<meta name=\"twitter:card\" content=\"summary_large_image\" \/>\n<meta name=\"twitter:label1\" content=\"Escrito por\" \/>\n\t<meta name=\"twitter:data1\" content=\"Admin\" \/>\n\t<meta name=\"twitter:label2\" content=\"Est. tempo de leitura\" \/>\n\t<meta name=\"twitter:data2\" content=\"6 minutos\" \/>\n<script type=\"application\/ld+json\" class=\"yoast-schema-graph\">{\"@context\":\"https:\/\/schema.org\",\"@graph\":[{\"@type\":\"Article\",\"@id\":\"https:\/\/rioonwatch.org.br\/?p=19915#article\",\"isPartOf\":{\"@id\":\"https:\/\/rioonwatch.org.br\/?p=19915\"},\"author\":{\"name\":\"Admin\",\"@id\":\"https:\/\/rioonwatch.org.br\/#\/schema\/person\/11d64c290506f9df50c71b850c473f68\"},\"headline\":\"Estudantes Ocupantes S\u00e3o Amea\u00e7ados de Viol\u00eancia Enquanto Negociam com o Estado\",\"datePublished\":\"2016-05-24T10:18:11+00:00\",\"dateModified\":\"2024-06-20T19:27:12+00:00\",\"mainEntityOfPage\":{\"@id\":\"https:\/\/rioonwatch.org.br\/?p=19915\"},\"wordCount\":1185,\"publisher\":{\"@id\":\"https:\/\/rioonwatch.org.br\/#organization\"},\"image\":{\"@id\":\"https:\/\/rioonwatch.org.br\/?p=19915#primaryimage\"},\"thumbnailUrl\":\"https:\/\/rioonwatch.org.br\/wp-content\/uploads\/2016\/05\/13173454_272725576414795_5104838288798733974_o.jpg\",\"keywords\":[\"Bangu\",\"Centro\",\"Direitos Humanos\",\"educa\u00e7\u00e3o\",\"juventude\",\"Largo do Machado\",\"Megaeventos\",\"mobiliza\u00e7\u00e3o\",\"Ocupa\u00e7\u00e3o\",\"Olimp\u00edadas\",\"organiza\u00e7\u00e3o comunit\u00e1ria\",\"Pol\u00edcia Militar\",\"pol\u00edtica p\u00fablica\",\"protesto\",\"seguran\u00e7a p\u00fablica\",\"viol\u00eancia\",\"viol\u00eancia de Estado\",\"Zona Norte\",\"Zona Sul\"],\"articleSection\":[\"#OlhoNaParticipa\u00e7\u00e3o\",\"*Destaque\",\"Escrito por Aliados\",\"Pol\u00edticas\",\"Sociedade Civil\"],\"inLanguage\":\"pt-BR\"},{\"@type\":\"WebPage\",\"@id\":\"https:\/\/rioonwatch.org.br\/?p=19915\",\"url\":\"https:\/\/rioonwatch.org.br\/?p=19915\",\"name\":\"Estudantes Ocupantes S\u00e3o Amea\u00e7ados de Viol\u00eancia Enquanto Negociam com o Estado - RioOnWatch\",\"isPartOf\":{\"@id\":\"https:\/\/rioonwatch.org.br\/#website\"},\"primaryImageOfPage\":{\"@id\":\"https:\/\/rioonwatch.org.br\/?p=19915#primaryimage\"},\"image\":{\"@id\":\"https:\/\/rioonwatch.org.br\/?p=19915#primaryimage\"},\"thumbnailUrl\":\"https:\/\/rioonwatch.org.br\/wp-content\/uploads\/2016\/05\/13173454_272725576414795_5104838288798733974_o.jpg\",\"datePublished\":\"2016-05-24T10:18:11+00:00\",\"dateModified\":\"2024-06-20T19:27:12+00:00\",\"breadcrumb\":{\"@id\":\"https:\/\/rioonwatch.org.br\/?p=19915#breadcrumb\"},\"inLanguage\":\"pt-BR\",\"potentialAction\":[{\"@type\":\"ReadAction\",\"target\":[\"https:\/\/rioonwatch.org.br\/?p=19915\"]}]},{\"@type\":\"ImageObject\",\"inLanguage\":\"pt-BR\",\"@id\":\"https:\/\/rioonwatch.org.br\/?p=19915#primaryimage\",\"url\":\"https:\/\/rioonwatch.org.br\/wp-content\/uploads\/2016\/05\/13173454_272725576414795_5104838288798733974_o.jpg\",\"contentUrl\":\"https:\/\/rioonwatch.org.br\/wp-content\/uploads\/2016\/05\/13173454_272725576414795_5104838288798733974_o.jpg\",\"width\":2048,\"height\":1150},{\"@type\":\"BreadcrumbList\",\"@id\":\"https:\/\/rioonwatch.org.br\/?p=19915#breadcrumb\",\"itemListElement\":[{\"@type\":\"ListItem\",\"position\":1,\"name\":\"In\u00edcio\",\"item\":\"https:\/\/rioonwatch.org.br\/\"},{\"@type\":\"ListItem\",\"position\":2,\"name\":\"Estudantes Ocupantes S\u00e3o Amea\u00e7ados de Viol\u00eancia Enquanto Negociam com o Estado\"}]},{\"@type\":\"WebSite\",\"@id\":\"https:\/\/rioonwatch.org.br\/#website\",\"url\":\"https:\/\/rioonwatch.org.br\/\",\"name\":\"RioOnWatch\",\"description\":\"relatos das favelas cariocas\",\"publisher\":{\"@id\":\"https:\/\/rioonwatch.org.br\/#organization\"},\"potentialAction\":[{\"@type\":\"SearchAction\",\"target\":{\"@type\":\"EntryPoint\",\"urlTemplate\":\"https:\/\/rioonwatch.org.br\/?s={search_term_string}\"},\"query-input\":{\"@type\":\"PropertyValueSpecification\",\"valueRequired\":true,\"valueName\":\"search_term_string\"}}],\"inLanguage\":\"pt-BR\"},{\"@type\":\"Organization\",\"@id\":\"https:\/\/rioonwatch.org.br\/#organization\",\"name\":\"RioOnWatch\",\"url\":\"https:\/\/rioonwatch.org.br\/\",\"logo\":{\"@type\":\"ImageObject\",\"inLanguage\":\"pt-BR\",\"@id\":\"https:\/\/rioonwatch.org.br\/#\/schema\/logo\/image\/\",\"url\":\"https:\/\/rioonwatch.org.br\/wp-content\/uploads\/2021\/06\/RioOnWatchcabecalhoPT11anos-2.png\",\"contentUrl\":\"https:\/\/rioonwatch.org.br\/wp-content\/uploads\/2021\/06\/RioOnWatchcabecalhoPT11anos-2.png\",\"width\":779,\"height\":277,\"caption\":\"RioOnWatch\"},\"image\":{\"@id\":\"https:\/\/rioonwatch.org.br\/#\/schema\/logo\/image\/\"}},{\"@type\":\"Person\",\"@id\":\"https:\/\/rioonwatch.org.br\/#\/schema\/person\/11d64c290506f9df50c71b850c473f68\",\"name\":\"Admin\",\"image\":{\"@type\":\"ImageObject\",\"inLanguage\":\"pt-BR\",\"@id\":\"https:\/\/rioonwatch.org.br\/#\/schema\/person\/image\/\",\"url\":\"https:\/\/secure.gravatar.com\/avatar\/56211ac74568383903349a1485e3c325?s=96&d=blank&r=g\",\"contentUrl\":\"https:\/\/secure.gravatar.com\/avatar\/56211ac74568383903349a1485e3c325?s=96&d=blank&r=g\",\"caption\":\"Admin\"},\"url\":\"https:\/\/rioonwatch.org.br\/?author=129\"}]}<\/script>\n<!-- \/ Yoast SEO plugin. -->","yoast_head_json":{"title":"Estudantes Ocupantes S\u00e3o Amea\u00e7ados de Viol\u00eancia Enquanto Negociam com o Estado - RioOnWatch","robots":{"index":"index","follow":"follow","max-snippet":"max-snippet:-1","max-image-preview":"max-image-preview:large","max-video-preview":"max-video-preview:-1"},"canonical":"https:\/\/rioonwatch.org.br\/?p=19915","og_locale":"pt_BR","og_type":"article","og_title":"Estudantes Ocupantes S\u00e3o Amea\u00e7ados de Viol\u00eancia Enquanto Negociam com o Estado - RioOnWatch","og_description":"Click Here for English Os estudantes que ocupam as escolas p\u00fablicas secundaristas\u00a0em todo o Estado do Rio de Janeiro enfrentaram n\u00edveis crescentes de viol\u00eancia e abusos desde o dia 6 de maio, por parte de [...]","og_url":"https:\/\/rioonwatch.org.br\/?p=19915","og_site_name":"RioOnWatch","article_published_time":"2016-05-24T10:18:11+00:00","article_modified_time":"2024-06-20T19:27:12+00:00","og_image":[{"width":2048,"height":1150,"url":"https:\/\/rioonwatch.org.br\/wp-content\/uploads\/2016\/05\/13173454_272725576414795_5104838288798733974_o.jpg","type":"image\/jpeg"}],"author":"Admin","twitter_card":"summary_large_image","twitter_misc":{"Escrito por":"Admin","Est. tempo de leitura":"6 minutos"},"schema":{"@context":"https:\/\/schema.org","@graph":[{"@type":"Article","@id":"https:\/\/rioonwatch.org.br\/?p=19915#article","isPartOf":{"@id":"https:\/\/rioonwatch.org.br\/?p=19915"},"author":{"name":"Admin","@id":"https:\/\/rioonwatch.org.br\/#\/schema\/person\/11d64c290506f9df50c71b850c473f68"},"headline":"Estudantes Ocupantes S\u00e3o Amea\u00e7ados de Viol\u00eancia Enquanto Negociam com o Estado","datePublished":"2016-05-24T10:18:11+00:00","dateModified":"2024-06-20T19:27:12+00:00","mainEntityOfPage":{"@id":"https:\/\/rioonwatch.org.br\/?p=19915"},"wordCount":1185,"publisher":{"@id":"https:\/\/rioonwatch.org.br\/#organization"},"image":{"@id":"https:\/\/rioonwatch.org.br\/?p=19915#primaryimage"},"thumbnailUrl":"https:\/\/rioonwatch.org.br\/wp-content\/uploads\/2016\/05\/13173454_272725576414795_5104838288798733974_o.jpg","keywords":["Bangu","Centro","Direitos Humanos","educa\u00e7\u00e3o","juventude","Largo do Machado","Megaeventos","mobiliza\u00e7\u00e3o","Ocupa\u00e7\u00e3o","Olimp\u00edadas","organiza\u00e7\u00e3o comunit\u00e1ria","Pol\u00edcia Militar","pol\u00edtica p\u00fablica","protesto","seguran\u00e7a p\u00fablica","viol\u00eancia","viol\u00eancia de Estado","Zona Norte","Zona Sul"],"articleSection":["#OlhoNaParticipa\u00e7\u00e3o","*Destaque","Escrito por Aliados","Pol\u00edticas","Sociedade Civil"],"inLanguage":"pt-BR"},{"@type":"WebPage","@id":"https:\/\/rioonwatch.org.br\/?p=19915","url":"https:\/\/rioonwatch.org.br\/?p=19915","name":"Estudantes Ocupantes S\u00e3o Amea\u00e7ados de Viol\u00eancia Enquanto Negociam com o Estado - RioOnWatch","isPartOf":{"@id":"https:\/\/rioonwatch.org.br\/#website"},"primaryImageOfPage":{"@id":"https:\/\/rioonwatch.org.br\/?p=19915#primaryimage"},"image":{"@id":"https:\/\/rioonwatch.org.br\/?p=19915#primaryimage"},"thumbnailUrl":"https:\/\/rioonwatch.org.br\/wp-content\/uploads\/2016\/05\/13173454_272725576414795_5104838288798733974_o.jpg","datePublished":"2016-05-24T10:18:11+00:00","dateModified":"2024-06-20T19:27:12+00:00","breadcrumb":{"@id":"https:\/\/rioonwatch.org.br\/?p=19915#breadcrumb"},"inLanguage":"pt-BR","potentialAction":[{"@type":"ReadAction","target":["https:\/\/rioonwatch.org.br\/?p=19915"]}]},{"@type":"ImageObject","inLanguage":"pt-BR","@id":"https:\/\/rioonwatch.org.br\/?p=19915#primaryimage","url":"https:\/\/rioonwatch.org.br\/wp-content\/uploads\/2016\/05\/13173454_272725576414795_5104838288798733974_o.jpg","contentUrl":"https:\/\/rioonwatch.org.br\/wp-content\/uploads\/2016\/05\/13173454_272725576414795_5104838288798733974_o.jpg","width":2048,"height":1150},{"@type":"BreadcrumbList","@id":"https:\/\/rioonwatch.org.br\/?p=19915#breadcrumb","itemListElement":[{"@type":"ListItem","position":1,"name":"In\u00edcio","item":"https:\/\/rioonwatch.org.br\/"},{"@type":"ListItem","position":2,"name":"Estudantes Ocupantes S\u00e3o Amea\u00e7ados de Viol\u00eancia Enquanto Negociam com o Estado"}]},{"@type":"WebSite","@id":"https:\/\/rioonwatch.org.br\/#website","url":"https:\/\/rioonwatch.org.br\/","name":"RioOnWatch","description":"relatos das favelas cariocas","publisher":{"@id":"https:\/\/rioonwatch.org.br\/#organization"},"potentialAction":[{"@type":"SearchAction","target":{"@type":"EntryPoint","urlTemplate":"https:\/\/rioonwatch.org.br\/?s={search_term_string}"},"query-input":{"@type":"PropertyValueSpecification","valueRequired":true,"valueName":"search_term_string"}}],"inLanguage":"pt-BR"},{"@type":"Organization","@id":"https:\/\/rioonwatch.org.br\/#organization","name":"RioOnWatch","url":"https:\/\/rioonwatch.org.br\/","logo":{"@type":"ImageObject","inLanguage":"pt-BR","@id":"https:\/\/rioonwatch.org.br\/#\/schema\/logo\/image\/","url":"https:\/\/rioonwatch.org.br\/wp-content\/uploads\/2021\/06\/RioOnWatchcabecalhoPT11anos-2.png","contentUrl":"https:\/\/rioonwatch.org.br\/wp-content\/uploads\/2021\/06\/RioOnWatchcabecalhoPT11anos-2.png","width":779,"height":277,"caption":"RioOnWatch"},"image":{"@id":"https:\/\/rioonwatch.org.br\/#\/schema\/logo\/image\/"}},{"@type":"Person","@id":"https:\/\/rioonwatch.org.br\/#\/schema\/person\/11d64c290506f9df50c71b850c473f68","name":"Admin","image":{"@type":"ImageObject","inLanguage":"pt-BR","@id":"https:\/\/rioonwatch.org.br\/#\/schema\/person\/image\/","url":"https:\/\/secure.gravatar.com\/avatar\/56211ac74568383903349a1485e3c325?s=96&d=blank&r=g","contentUrl":"https:\/\/secure.gravatar.com\/avatar\/56211ac74568383903349a1485e3c325?s=96&d=blank&r=g","caption":"Admin"},"url":"https:\/\/rioonwatch.org.br\/?author=129"}]}},"_links":{"self":[{"href":"https:\/\/rioonwatch.org.br\/index.php?rest_route=\/wp\/v2\/posts\/19915"}],"collection":[{"href":"https:\/\/rioonwatch.org.br\/index.php?rest_route=\/wp\/v2\/posts"}],"about":[{"href":"https:\/\/rioonwatch.org.br\/index.php?rest_route=\/wp\/v2\/types\/post"}],"author":[{"embeddable":true,"href":"https:\/\/rioonwatch.org.br\/index.php?rest_route=\/wp\/v2\/users\/129"}],"replies":[{"embeddable":true,"href":"https:\/\/rioonwatch.org.br\/index.php?rest_route=%2Fwp%2Fv2%2Fcomments&post=19915"}],"version-history":[{"count":14,"href":"https:\/\/rioonwatch.org.br\/index.php?rest_route=\/wp\/v2\/posts\/19915\/revisions"}],"predecessor-version":[{"id":74212,"href":"https:\/\/rioonwatch.org.br\/index.php?rest_route=\/wp\/v2\/posts\/19915\/revisions\/74212"}],"wp:featuredmedia":[{"embeddable":true,"href":"https:\/\/rioonwatch.org.br\/index.php?rest_route=\/wp\/v2\/media\/19919"}],"wp:attachment":[{"href":"https:\/\/rioonwatch.org.br\/index.php?rest_route=%2Fwp%2Fv2%2Fmedia&parent=19915"}],"wp:term":[{"taxonomy":"category","embeddable":true,"href":"https:\/\/rioonwatch.org.br\/index.php?rest_route=%2Fwp%2Fv2%2Fcategories&post=19915"},{"taxonomy":"post_tag","embeddable":true,"href":"https:\/\/rioonwatch.org.br\/index.php?rest_route=%2Fwp%2Fv2%2Ftags&post=19915"},{"taxonomy":"writer","embeddable":true,"href":"https:\/\/rioonwatch.org.br\/index.php?rest_route=%2Fwp%2Fv2%2Fwriter&post=19915"},{"taxonomy":"translator","embeddable":true,"href":"https:\/\/rioonwatch.org.br\/index.php?rest_route=%2Fwp%2Fv2%2Ftranslator&post=19915"},{"taxonomy":"source","embeddable":true,"href":"https:\/\/rioonwatch.org.br\/index.php?rest_route=%2Fwp%2Fv2%2Fsource&post=19915"},{"taxonomy":"ilustrador","embeddable":true,"href":"https:\/\/rioonwatch.org.br\/index.php?rest_route=%2Fwp%2Fv2%2Filustrador&post=19915"},{"taxonomy":"fotografo","embeddable":true,"href":"https:\/\/rioonwatch.org.br\/index.php?rest_route=%2Fwp%2Fv2%2Ffotografo&post=19915"}],"curies":[{"name":"wp","href":"https:\/\/api.w.org\/{rel}","templated":true}]}}