{"id":1995,"date":"2011-07-26T00:21:51","date_gmt":"2011-07-26T03:21:51","guid":{"rendered":"http:\/\/favela.info\/?p=1995"},"modified":"2016-05-19T08:50:39","modified_gmt":"2016-05-19T11:50:39","slug":"lamentos-versados","status":"publish","type":"post","link":"https:\/\/rioonwatch.org.br\/?p=1995","title":{"rendered":"Lamentos versados"},"content":{"rendered":"<p style=\"text-align: right;\"><em><strong><a href=\"http:\/\/bit.ly\/1sgLtTw\" target=\"_blank\">Click Here for English<img decoding=\"async\" width=\"20\" height=\"20\" class=\"alignright wp-image-15790\" src=\"http:\/\/rioonwatch.org.br\/wp-content\/uploads\/2012\/08\/EN-standard-e1439583104716.jpg\" alt=\"\" \/><\/a><\/strong><\/em><\/p>\n<p><img fetchpriority=\"high\" decoding=\"async\" class=\" size-full wp-image-15937 alignleft\" src=\"http:\/\/rioonwatch.org.br\/wp-content\/uploads\/2011\/07\/Seu-Mangara.jpg\" alt=\"Seu Mangar\u00e1\" width=\"298\" height=\"225\" srcset=\"https:\/\/rioonwatch.org.br\/wp-content\/uploads\/2011\/07\/Seu-Mangara.jpg 298w, https:\/\/rioonwatch.org.br\/wp-content\/uploads\/2011\/07\/Seu-Mangara-80x60.jpg 80w, https:\/\/rioonwatch.org.br\/wp-content\/uploads\/2011\/07\/Seu-Mangara-174x131.jpg 174w, https:\/\/rioonwatch.org.br\/wp-content\/uploads\/2011\/07\/Seu-Mangara-70x53.jpg 70w\" sizes=\"(max-width: 298px) 100vw, 298px\" \/>Na minha primeira visita ao morro da Provid\u00eancia, conheci o Seu Mangar\u00e1, Manga do forro, Manga verde ou Jos\u00e9 Pedro, que iniciou comigo uma conversa em lamentos versados, sobre o que a vida lhe proporcionara tempos atr\u00e1s. Tempos esses contados em anos, meses e dias. Fazia naquele dia 11 anos, 5 meses e 21 dias que sua esposa havia falecido.<\/p>\n<p>Jos\u00e9 Pedro, Mangar\u00e1, como era conhecido no meio em que frequentava, tocando forr\u00f3s e curtindo churrascos por toda a comunidade, mesmo quando havia as fac\u00e7\u00f5es, contou-me que chegou ao Rio de janeiro em 21 de maio de 1974 e morou durante 11 meses com o irm\u00e3o numa casa ao lado da qual vive hoje, a qual por sinal n\u00e3o est\u00e1 marcada para remo\u00e7\u00e3o, a casa atual do seu Mangar\u00e1 est\u00e1 marcada para a remo\u00e7\u00e3o. Na \u00e9poca, a casa era alugada pelo irm\u00e3o de Mangar\u00e1 que se chama Ant\u00f4nio Pedro e que agora tem uma casa pr\u00f3pria na comunidade. Seu irm\u00e3o n\u00e3o estava em casa, no momento da entrevista, porque trabalha com empreitadas e estava no meio a uma em Maca\u00e9 na Regi\u00e3o dos Lagos.<\/p>\n<p>Vindo do Cear\u00e1, onde vivem suas 4 irm\u00e3s, ele tem no Rio de Janeiro a presen\u00e7a de seu irm\u00e3o mestre de obras, e seus pr\u00f3prios filhos. O filho de seu Mangar\u00e1 mora na comunidade da Provid\u00eancia e a filha em S\u00e3o Conrado na comunidade Vila Canoas Zona Sul do Rio.<\/p>\n<p>Seu Mangar\u00e1 sofre de diabetes, que diz ter surgido em fun\u00e7\u00e3o do uso excessivo dos rem\u00e9dios que precisou tomar ap\u00f3s um acidente que sofrera em 2001 onde perdeu a vis\u00e3o do olho esquerdo. Mangar\u00e1 afirma: \u201ca diabete \u00e9 uma doen\u00e7a degenerativa\u201d e relata que tudo em seu corpo cresceu desde a cabe\u00e7a at\u00e9 o p\u00e9. Hoje n\u00e3o consegue mais andar e depende das crian\u00e7as da comunidade para comprar p\u00e3o, carne, etc.<\/p>\n<p>\u201c\u00c9 muito bom ter amigos\u201d, comenta ele sobre as crian\u00e7as e jovens que o conhecem e o respeitam, por\u00e9m sua vontade \u00e9 de voltar a sua cidade natal para l\u00e1 mesmo falecer ao lado de suas irm\u00e3s, que n\u00e3o v\u00ea desde a d\u00e9cada de 70. \u201cEu n\u00e3o quero mais dar trabalho a ningu\u00e9m s\u00f3 quero descansar\u201d conclui seu Mangar\u00e1.<\/p>\n<p>Durante nossa visita aparece um rapaz que quer saber se o Manga conserta ventiladores e ele responde positivamente ao mesmo dizendo: \u201cconserto sim pode levar, t\u00e1 tudo queimado\u201d e o rapaz sorri da brincadeira e diz a marca do ventilador e oferece o ventilador para seu Manga como doa\u00e7\u00e3o, ele agradece e o rapaz sai.<\/p>\n<p>Pergunto a ele h\u00e1 quanto tempo ele conserta ventiladores e ele me responde: \u201ceu nem conserto, eu dou um jeito\u201d aponta para uma pilha de telas e grades de ventilador e diz: \u201cisso a\u00ed foi tudo ventilador que se jogou fora porque n\u00e3o funcionava mais\u201d, e mostra uma raquete de matar mosquitos e diz que consertou e que o rapaz que lhe pediu que consertasse deu a raquete a ele.<\/p>\n<p>Mangar\u00e1 me conta: \u201ceu to querendo sair dessa casa, o que eu tinha eu gastei nessa casa comprando tijolo, pagando tudo essa laje a\u00ed n\u00e3o \u00e9 pr\u00e9-moldada \u00e9 uma laje maci\u00e7a, eu gastei tudo a\u00ed, essa laje tem 17 metros e s\u00e3o 51metros quadrados aqui em cima e embaixo, s\u00e3o mais de 100 metros quadrados contando tudo, e esse ch\u00e3o tamb\u00e9m foi comprado, a minha esposa que comprou, a minha velha\u201d.<\/p>\n<p>Indago se ele precisaria do papel da escritura para ter a indeniza\u00e7\u00e3o da prefeitura e ele disse: \u201cn\u00e3o porque aqui ningu\u00e9m tem nada, e querem tirar as casas, agora tem um detalhe, n\u00f3s somos um pa\u00eds democr\u00e1tico para me tirar daqui ou tem que me dar um dinheiro, ou ent\u00e3o me dar um lugar para eu morar, o que eu n\u00e3o quero, eu quero \u00e9 um dinheiro pra eu voltar pra minha terra\u201d.<\/p>\n<p>\u201ceu comprei j\u00e1 havia comprado uma casinha l\u00e1, mais minha irm\u00e3 n\u00e3o ficou bem ai eu dei pra ela, na rua do Jatob\u00e1 571\u201d nos conta.<\/p>\n<p>\u201cT\u00f4 com vontade de voltar a minha terra<br \/>\nRever meu p\u00e9 de serra e meu povo que eu deixei l\u00e1<br \/>\nN\u00e3o tem rem\u00e9dio que acabe a minha dor<br \/>\nMeu cora\u00e7\u00e3o ficou na rua do Jatob\u00e1.\u201d<\/p>\n<p>Esse \u00e9 um dos versos do Seu Mangar\u00e1.<br \/>\nConhe\u00e7a mais alguns versos do seu Mangar\u00e1 no v\u00eddeo abaixo.<br \/>\n<iframe src=\"http:\/\/www.youtube.com\/embed\/jv4cAQC38Lo\" width=\"425\" height=\"349\" frameborder=\"0\"><\/iframe><\/p>\n<!-- AddThis Advanced Settings generic via filter on the_content --><!-- AddThis Share Buttons generic via filter on the_content -->","protected":false},"excerpt":{"rendered":"<div class=\"mh-excerpt\"><p>Click Here for English Na minha primeira visita ao morro da Provid\u00eancia, conheci o Seu Mangar\u00e1, Manga do forro, Manga verde ou Jos\u00e9 Pedro, que iniciou comigo uma conversa em lamentos versados, sobre o que <a class=\"mh-excerpt-more\" href=\"https:\/\/rioonwatch.org.br\/?p=1995\" title=\"Lamentos versados\">[&#8230;]<\/a><!-- AddThis Advanced Settings generic via filter on get_the_excerpt --><!-- AddThis Share Buttons generic via filter on get_the_excerpt --><\/p>\n<\/div>","protected":false},"author":129,"featured_media":15937,"comment_status":"open","ping_status":"closed","sticky":false,"template":"","format":"standard","meta":{"_acf_changed":false,"_monsterinsights_skip_tracking":false,"_monsterinsights_sitenote_active":false,"_monsterinsights_sitenote_note":"","_monsterinsights_sitenote_category":0,"footnotes":""},"categories":[1614,344,1638],"tags":[259,264,257,265,14],"writer":[211],"translator":[],"source":[],"ilustrador":[],"fotografo":[],"class_list":{"0":"post-1995","1":"post","2":"type-post","3":"status-publish","4":"format-standard","5":"has-post-thumbnail","7":"category-olhonasremocoes","8":"category-politicas","9":"category-video","10":"tag-centro","11":"tag-forro","12":"tag-providencia","13":"tag-nordeste","14":"tag-remocao","15":"writer-valnei-succo"},"acf":[],"yoast_head":"<!-- This site is optimized with the Yoast SEO plugin v25.6 - https:\/\/yoast.com\/wordpress\/plugins\/seo\/ -->\n<title>Lamentos versados - RioOnWatch<\/title>\n<meta name=\"robots\" content=\"index, follow, max-snippet:-1, max-image-preview:large, max-video-preview:-1\" \/>\n<link rel=\"canonical\" href=\"https:\/\/rioonwatch.org.br\/?p=1995\" \/>\n<meta property=\"og:locale\" content=\"pt_BR\" \/>\n<meta property=\"og:type\" content=\"article\" \/>\n<meta property=\"og:title\" content=\"Lamentos versados - RioOnWatch\" \/>\n<meta property=\"og:description\" content=\"Click Here for English Na minha primeira visita ao morro da Provid\u00eancia, conheci o Seu Mangar\u00e1, Manga do forro, Manga verde ou Jos\u00e9 Pedro, que iniciou comigo uma conversa em lamentos versados, sobre o que [...]\" \/>\n<meta property=\"og:url\" content=\"https:\/\/rioonwatch.org.br\/?p=1995\" \/>\n<meta property=\"og:site_name\" content=\"RioOnWatch\" \/>\n<meta property=\"article:published_time\" content=\"2011-07-26T03:21:51+00:00\" \/>\n<meta property=\"article:modified_time\" content=\"2016-05-19T11:50:39+00:00\" \/>\n<meta property=\"og:image\" content=\"https:\/\/rioonwatch.org.br\/wp-content\/uploads\/2011\/07\/Seu-Mangara.jpg\" \/>\n\t<meta property=\"og:image:width\" content=\"298\" \/>\n\t<meta property=\"og:image:height\" content=\"225\" \/>\n\t<meta property=\"og:image:type\" content=\"image\/jpeg\" \/>\n<meta name=\"author\" content=\"Admin\" \/>\n<meta name=\"twitter:card\" content=\"summary_large_image\" \/>\n<meta name=\"twitter:label1\" content=\"Escrito por\" \/>\n\t<meta name=\"twitter:data1\" content=\"Admin\" \/>\n\t<meta name=\"twitter:label2\" content=\"Est. tempo de leitura\" \/>\n\t<meta name=\"twitter:data2\" content=\"4 minutos\" \/>\n<script type=\"application\/ld+json\" class=\"yoast-schema-graph\">{\"@context\":\"https:\/\/schema.org\",\"@graph\":[{\"@type\":\"Article\",\"@id\":\"https:\/\/rioonwatch.org.br\/?p=1995#article\",\"isPartOf\":{\"@id\":\"https:\/\/rioonwatch.org.br\/?p=1995\"},\"author\":{\"name\":\"Admin\",\"@id\":\"https:\/\/rioonwatch.org.br\/#\/schema\/person\/11d64c290506f9df50c71b850c473f68\"},\"headline\":\"Lamentos versados\",\"datePublished\":\"2011-07-26T03:21:51+00:00\",\"dateModified\":\"2016-05-19T11:50:39+00:00\",\"mainEntityOfPage\":{\"@id\":\"https:\/\/rioonwatch.org.br\/?p=1995\"},\"wordCount\":758,\"commentCount\":0,\"publisher\":{\"@id\":\"https:\/\/rioonwatch.org.br\/#organization\"},\"image\":{\"@id\":\"https:\/\/rioonwatch.org.br\/?p=1995#primaryimage\"},\"thumbnailUrl\":\"https:\/\/rioonwatch.org.br\/wp-content\/uploads\/2011\/07\/Seu-Mangara.jpg\",\"keywords\":[\"Centro\",\"forr\u00f3\",\"Morro da Provid\u00eancia\",\"Nordeste\",\"Remo\u00e7\u00e3o\"],\"articleSection\":[\"#OlhoNasRemo\u00e7\u00f5es\",\"Pol\u00edticas\",\"V\u00eddeo\"],\"inLanguage\":\"pt-BR\",\"potentialAction\":[{\"@type\":\"CommentAction\",\"name\":\"Comment\",\"target\":[\"https:\/\/rioonwatch.org.br\/?p=1995#respond\"]}]},{\"@type\":\"WebPage\",\"@id\":\"https:\/\/rioonwatch.org.br\/?p=1995\",\"url\":\"https:\/\/rioonwatch.org.br\/?p=1995\",\"name\":\"Lamentos versados - RioOnWatch\",\"isPartOf\":{\"@id\":\"https:\/\/rioonwatch.org.br\/#website\"},\"primaryImageOfPage\":{\"@id\":\"https:\/\/rioonwatch.org.br\/?p=1995#primaryimage\"},\"image\":{\"@id\":\"https:\/\/rioonwatch.org.br\/?p=1995#primaryimage\"},\"thumbnailUrl\":\"https:\/\/rioonwatch.org.br\/wp-content\/uploads\/2011\/07\/Seu-Mangara.jpg\",\"datePublished\":\"2011-07-26T03:21:51+00:00\",\"dateModified\":\"2016-05-19T11:50:39+00:00\",\"breadcrumb\":{\"@id\":\"https:\/\/rioonwatch.org.br\/?p=1995#breadcrumb\"},\"inLanguage\":\"pt-BR\",\"potentialAction\":[{\"@type\":\"ReadAction\",\"target\":[\"https:\/\/rioonwatch.org.br\/?p=1995\"]}]},{\"@type\":\"ImageObject\",\"inLanguage\":\"pt-BR\",\"@id\":\"https:\/\/rioonwatch.org.br\/?p=1995#primaryimage\",\"url\":\"https:\/\/rioonwatch.org.br\/wp-content\/uploads\/2011\/07\/Seu-Mangara.jpg\",\"contentUrl\":\"https:\/\/rioonwatch.org.br\/wp-content\/uploads\/2011\/07\/Seu-Mangara.jpg\",\"width\":298,\"height\":225},{\"@type\":\"BreadcrumbList\",\"@id\":\"https:\/\/rioonwatch.org.br\/?p=1995#breadcrumb\",\"itemListElement\":[{\"@type\":\"ListItem\",\"position\":1,\"name\":\"In\u00edcio\",\"item\":\"https:\/\/rioonwatch.org.br\/\"},{\"@type\":\"ListItem\",\"position\":2,\"name\":\"Lamentos versados\"}]},{\"@type\":\"WebSite\",\"@id\":\"https:\/\/rioonwatch.org.br\/#website\",\"url\":\"https:\/\/rioonwatch.org.br\/\",\"name\":\"RioOnWatch\",\"description\":\"relatos das favelas cariocas\",\"publisher\":{\"@id\":\"https:\/\/rioonwatch.org.br\/#organization\"},\"potentialAction\":[{\"@type\":\"SearchAction\",\"target\":{\"@type\":\"EntryPoint\",\"urlTemplate\":\"https:\/\/rioonwatch.org.br\/?s={search_term_string}\"},\"query-input\":{\"@type\":\"PropertyValueSpecification\",\"valueRequired\":true,\"valueName\":\"search_term_string\"}}],\"inLanguage\":\"pt-BR\"},{\"@type\":\"Organization\",\"@id\":\"https:\/\/rioonwatch.org.br\/#organization\",\"name\":\"RioOnWatch\",\"url\":\"https:\/\/rioonwatch.org.br\/\",\"logo\":{\"@type\":\"ImageObject\",\"inLanguage\":\"pt-BR\",\"@id\":\"https:\/\/rioonwatch.org.br\/#\/schema\/logo\/image\/\",\"url\":\"https:\/\/rioonwatch.org.br\/wp-content\/uploads\/2021\/06\/RioOnWatchcabecalhoPT11anos-2.png\",\"contentUrl\":\"https:\/\/rioonwatch.org.br\/wp-content\/uploads\/2021\/06\/RioOnWatchcabecalhoPT11anos-2.png\",\"width\":779,\"height\":277,\"caption\":\"RioOnWatch\"},\"image\":{\"@id\":\"https:\/\/rioonwatch.org.br\/#\/schema\/logo\/image\/\"}},{\"@type\":\"Person\",\"@id\":\"https:\/\/rioonwatch.org.br\/#\/schema\/person\/11d64c290506f9df50c71b850c473f68\",\"name\":\"Admin\",\"image\":{\"@type\":\"ImageObject\",\"inLanguage\":\"pt-BR\",\"@id\":\"https:\/\/rioonwatch.org.br\/#\/schema\/person\/image\/\",\"url\":\"https:\/\/secure.gravatar.com\/avatar\/56211ac74568383903349a1485e3c325?s=96&d=blank&r=g\",\"contentUrl\":\"https:\/\/secure.gravatar.com\/avatar\/56211ac74568383903349a1485e3c325?s=96&d=blank&r=g\",\"caption\":\"Admin\"},\"url\":\"https:\/\/rioonwatch.org.br\/?author=129\"}]}<\/script>\n<!-- \/ Yoast SEO plugin. -->","yoast_head_json":{"title":"Lamentos versados - RioOnWatch","robots":{"index":"index","follow":"follow","max-snippet":"max-snippet:-1","max-image-preview":"max-image-preview:large","max-video-preview":"max-video-preview:-1"},"canonical":"https:\/\/rioonwatch.org.br\/?p=1995","og_locale":"pt_BR","og_type":"article","og_title":"Lamentos versados - RioOnWatch","og_description":"Click Here for English Na minha primeira visita ao morro da Provid\u00eancia, conheci o Seu Mangar\u00e1, Manga do forro, Manga verde ou Jos\u00e9 Pedro, que iniciou comigo uma conversa em lamentos versados, sobre o que [...]","og_url":"https:\/\/rioonwatch.org.br\/?p=1995","og_site_name":"RioOnWatch","article_published_time":"2011-07-26T03:21:51+00:00","article_modified_time":"2016-05-19T11:50:39+00:00","og_image":[{"width":298,"height":225,"url":"https:\/\/rioonwatch.org.br\/wp-content\/uploads\/2011\/07\/Seu-Mangara.jpg","type":"image\/jpeg"}],"author":"Admin","twitter_card":"summary_large_image","twitter_misc":{"Escrito por":"Admin","Est. tempo de leitura":"4 minutos"},"schema":{"@context":"https:\/\/schema.org","@graph":[{"@type":"Article","@id":"https:\/\/rioonwatch.org.br\/?p=1995#article","isPartOf":{"@id":"https:\/\/rioonwatch.org.br\/?p=1995"},"author":{"name":"Admin","@id":"https:\/\/rioonwatch.org.br\/#\/schema\/person\/11d64c290506f9df50c71b850c473f68"},"headline":"Lamentos versados","datePublished":"2011-07-26T03:21:51+00:00","dateModified":"2016-05-19T11:50:39+00:00","mainEntityOfPage":{"@id":"https:\/\/rioonwatch.org.br\/?p=1995"},"wordCount":758,"commentCount":0,"publisher":{"@id":"https:\/\/rioonwatch.org.br\/#organization"},"image":{"@id":"https:\/\/rioonwatch.org.br\/?p=1995#primaryimage"},"thumbnailUrl":"https:\/\/rioonwatch.org.br\/wp-content\/uploads\/2011\/07\/Seu-Mangara.jpg","keywords":["Centro","forr\u00f3","Morro da Provid\u00eancia","Nordeste","Remo\u00e7\u00e3o"],"articleSection":["#OlhoNasRemo\u00e7\u00f5es","Pol\u00edticas","V\u00eddeo"],"inLanguage":"pt-BR","potentialAction":[{"@type":"CommentAction","name":"Comment","target":["https:\/\/rioonwatch.org.br\/?p=1995#respond"]}]},{"@type":"WebPage","@id":"https:\/\/rioonwatch.org.br\/?p=1995","url":"https:\/\/rioonwatch.org.br\/?p=1995","name":"Lamentos versados - RioOnWatch","isPartOf":{"@id":"https:\/\/rioonwatch.org.br\/#website"},"primaryImageOfPage":{"@id":"https:\/\/rioonwatch.org.br\/?p=1995#primaryimage"},"image":{"@id":"https:\/\/rioonwatch.org.br\/?p=1995#primaryimage"},"thumbnailUrl":"https:\/\/rioonwatch.org.br\/wp-content\/uploads\/2011\/07\/Seu-Mangara.jpg","datePublished":"2011-07-26T03:21:51+00:00","dateModified":"2016-05-19T11:50:39+00:00","breadcrumb":{"@id":"https:\/\/rioonwatch.org.br\/?p=1995#breadcrumb"},"inLanguage":"pt-BR","potentialAction":[{"@type":"ReadAction","target":["https:\/\/rioonwatch.org.br\/?p=1995"]}]},{"@type":"ImageObject","inLanguage":"pt-BR","@id":"https:\/\/rioonwatch.org.br\/?p=1995#primaryimage","url":"https:\/\/rioonwatch.org.br\/wp-content\/uploads\/2011\/07\/Seu-Mangara.jpg","contentUrl":"https:\/\/rioonwatch.org.br\/wp-content\/uploads\/2011\/07\/Seu-Mangara.jpg","width":298,"height":225},{"@type":"BreadcrumbList","@id":"https:\/\/rioonwatch.org.br\/?p=1995#breadcrumb","itemListElement":[{"@type":"ListItem","position":1,"name":"In\u00edcio","item":"https:\/\/rioonwatch.org.br\/"},{"@type":"ListItem","position":2,"name":"Lamentos versados"}]},{"@type":"WebSite","@id":"https:\/\/rioonwatch.org.br\/#website","url":"https:\/\/rioonwatch.org.br\/","name":"RioOnWatch","description":"relatos das favelas cariocas","publisher":{"@id":"https:\/\/rioonwatch.org.br\/#organization"},"potentialAction":[{"@type":"SearchAction","target":{"@type":"EntryPoint","urlTemplate":"https:\/\/rioonwatch.org.br\/?s={search_term_string}"},"query-input":{"@type":"PropertyValueSpecification","valueRequired":true,"valueName":"search_term_string"}}],"inLanguage":"pt-BR"},{"@type":"Organization","@id":"https:\/\/rioonwatch.org.br\/#organization","name":"RioOnWatch","url":"https:\/\/rioonwatch.org.br\/","logo":{"@type":"ImageObject","inLanguage":"pt-BR","@id":"https:\/\/rioonwatch.org.br\/#\/schema\/logo\/image\/","url":"https:\/\/rioonwatch.org.br\/wp-content\/uploads\/2021\/06\/RioOnWatchcabecalhoPT11anos-2.png","contentUrl":"https:\/\/rioonwatch.org.br\/wp-content\/uploads\/2021\/06\/RioOnWatchcabecalhoPT11anos-2.png","width":779,"height":277,"caption":"RioOnWatch"},"image":{"@id":"https:\/\/rioonwatch.org.br\/#\/schema\/logo\/image\/"}},{"@type":"Person","@id":"https:\/\/rioonwatch.org.br\/#\/schema\/person\/11d64c290506f9df50c71b850c473f68","name":"Admin","image":{"@type":"ImageObject","inLanguage":"pt-BR","@id":"https:\/\/rioonwatch.org.br\/#\/schema\/person\/image\/","url":"https:\/\/secure.gravatar.com\/avatar\/56211ac74568383903349a1485e3c325?s=96&d=blank&r=g","contentUrl":"https:\/\/secure.gravatar.com\/avatar\/56211ac74568383903349a1485e3c325?s=96&d=blank&r=g","caption":"Admin"},"url":"https:\/\/rioonwatch.org.br\/?author=129"}]}},"_links":{"self":[{"href":"https:\/\/rioonwatch.org.br\/index.php?rest_route=\/wp\/v2\/posts\/1995"}],"collection":[{"href":"https:\/\/rioonwatch.org.br\/index.php?rest_route=\/wp\/v2\/posts"}],"about":[{"href":"https:\/\/rioonwatch.org.br\/index.php?rest_route=\/wp\/v2\/types\/post"}],"author":[{"embeddable":true,"href":"https:\/\/rioonwatch.org.br\/index.php?rest_route=\/wp\/v2\/users\/129"}],"replies":[{"embeddable":true,"href":"https:\/\/rioonwatch.org.br\/index.php?rest_route=%2Fwp%2Fv2%2Fcomments&post=1995"}],"version-history":[{"count":14,"href":"https:\/\/rioonwatch.org.br\/index.php?rest_route=\/wp\/v2\/posts\/1995\/revisions"}],"predecessor-version":[{"id":19866,"href":"https:\/\/rioonwatch.org.br\/index.php?rest_route=\/wp\/v2\/posts\/1995\/revisions\/19866"}],"wp:featuredmedia":[{"embeddable":true,"href":"https:\/\/rioonwatch.org.br\/index.php?rest_route=\/wp\/v2\/media\/15937"}],"wp:attachment":[{"href":"https:\/\/rioonwatch.org.br\/index.php?rest_route=%2Fwp%2Fv2%2Fmedia&parent=1995"}],"wp:term":[{"taxonomy":"category","embeddable":true,"href":"https:\/\/rioonwatch.org.br\/index.php?rest_route=%2Fwp%2Fv2%2Fcategories&post=1995"},{"taxonomy":"post_tag","embeddable":true,"href":"https:\/\/rioonwatch.org.br\/index.php?rest_route=%2Fwp%2Fv2%2Ftags&post=1995"},{"taxonomy":"writer","embeddable":true,"href":"https:\/\/rioonwatch.org.br\/index.php?rest_route=%2Fwp%2Fv2%2Fwriter&post=1995"},{"taxonomy":"translator","embeddable":true,"href":"https:\/\/rioonwatch.org.br\/index.php?rest_route=%2Fwp%2Fv2%2Ftranslator&post=1995"},{"taxonomy":"source","embeddable":true,"href":"https:\/\/rioonwatch.org.br\/index.php?rest_route=%2Fwp%2Fv2%2Fsource&post=1995"},{"taxonomy":"ilustrador","embeddable":true,"href":"https:\/\/rioonwatch.org.br\/index.php?rest_route=%2Fwp%2Fv2%2Filustrador&post=1995"},{"taxonomy":"fotografo","embeddable":true,"href":"https:\/\/rioonwatch.org.br\/index.php?rest_route=%2Fwp%2Fv2%2Ffotografo&post=1995"}],"curies":[{"name":"wp","href":"https:\/\/api.w.org\/{rel}","templated":true}]}}