{"id":19969,"date":"2016-05-26T12:00:25","date_gmt":"2016-05-26T15:00:25","guid":{"rendered":"http:\/\/rioonwatch.org.br\/?p=19969"},"modified":"2016-05-26T14:12:16","modified_gmt":"2016-05-26T17:12:16","slug":"novos-ministros-anunciam-cortes-severos-aos-principais-programas-sociais","status":"publish","type":"post","link":"https:\/\/rioonwatch.org.br\/?p=19969","title":{"rendered":"Novos Ministros Anunciam Cortes Severos aos Principais Programas Sociais"},"content":{"rendered":"<p style=\"text-align: right;\"><em><strong><a href=\"http:\/\/bit.ly\/1Ttl1P2\" target=\"_blank\">Click Here for English<img decoding=\"async\" width=\"20\" height=\"20\" class=\"alignright wp-image-15790\" src=\"http:\/\/rioonwatch.org.br\/wp-content\/uploads\/2012\/08\/EN-standard-e1439583104716.jpg\" alt=\"\" \/><\/a><\/strong><\/em><\/p>\n<p>Em suas primeiras semanas no gabinete, os <a href=\"http:\/\/bit.ly\/1TurJWe\" target=\"_blank\">novos ministros indicados<\/a> pelo presidente interino Michel Temer anunciaram mudan\u00e7as pol\u00edticas radicais. Esses an\u00fancios incluem cortes consider\u00e1veis em pol\u00edticas sociais que objetivam auxiliar os brasileiros de classe baixa, levando a um golpe devastador aos programas consagrados das administra\u00e7\u00f5es de Lula e Dilma Rousseff.<\/p>\n<h3>Minha Casa Minha Vida<\/h3>\n<p>O Ministro das Cidades, Bruno Ara\u00fajo, nomeado pelo presidente interino Michel Temer na \u00faltima quinta-feira, anunciou no in\u00edcio da semana que ele <a href=\"http:\/\/bit.ly\/1svjAGx\" target=\"_blank\">revogou<\/a> o decreto que autorizava a expans\u00e3o do programa <a href=\"http:\/\/bit.ly\/1kmbrP9\" target=\"_blank\">Minha Casa Minha Vida-Entidades (MCMV-En)<\/a>, um programa complementar do <a href=\"http:\/\/bit.ly\/Y4U9oJ\" target=\"_blank\">Minha Casa Minha Vida<\/a>. A expans\u00e3o procurava assegurar o financiamento da constru\u00e7\u00e3o de 11.250 unidades para movimentos sociais auto organizados que requereram assist\u00eancia habitacional para o governo federal. A medida havia sido autorizada no dia 11 de maio, um dia antes do Senado votar por suspender a Presidente Dilma Rousseff do gabinete, deixando a medida em uma posi\u00e7\u00e3o prec\u00e1ria na administra\u00e7\u00e3o do presidente interino.<\/p>\n<div class=\"_4tdt\">\n<div class=\"_4tdv\">\n<div class=\"_5wd4 _1nc7 direction_ltr\">\n<div class=\"_5wd9\">\n<div class=\"_5wde _n4o\">\n<div class=\"_5w1r _3_om _5wdf\">\n<div class=\"_4gx_\">\n<div class=\"_d97\"><span class=\"_5yl5\">Bruno Ara\u00fajo citou a gravidade da crise econ\u00f4mica como a principal motiva\u00e7\u00e3o para os cortes, <a href=\"http:\/\/glo.bo\/1Tm7Y1V\" target=\"_blank\">explicando<\/a> que \u201ch\u00e1 tanto margens burocr\u00e1ticas como margens ideol\u00f3gicas que precisam ser solucionadas para se fazer mais com menos\u201d. O programa Entidades, apesar de financiado pelo Minha Casa Minha Vida, subsidia iniciativas (geralmente cooperativas ou ocupa\u00e7\u00f5es) ao inv\u00e9s de indiv\u00edduos ou empresas, e foi anunciado como <a href=\"http:\/\/bit.ly\/1kmbrP9\" target=\"_blank\">modelo de solu\u00e7\u00e3o de moradia participativa<\/a>.<\/span><\/div>\n<\/div>\n<\/div>\n<\/div>\n<\/div>\n<\/div>\n<\/div>\n<\/div>\n<p>Em seguida, na sexta-feira, Temer declarou a suspens\u00e3o de qualquer novo contrato de moradia do Minha Casa Minha Vida em geral, <a href=\"http:\/\/bit.ly\/1U4gQsM\" target=\"_blank\">colocando um fim a 2 milh\u00f5es de novas casas<\/a> previstas para serem constru\u00eddas pelo governo Rousseff at\u00e9 2018.<\/p>\n<p>Minha Casa Minha Vida \u00e9 a maior iniciativa habitacional federal na hist\u00f3ria do Brasil, subsidiando a constru\u00e7\u00e3o de mais de 2.6 milh\u00f5es de moradias de baixa renda desde 2009. Tamb\u00e9m \u00e9 fortemente associada com o PT, visto que tanto o Presidente Lula quanto a Presidente Dilma Roussef apoiaram o programa como uma prova de seu compromisso de proporcionar moradia para trabalhadores de baixa renda.<\/p>\n<h3>Programa de Acelera\u00e7\u00e3o do Crescimento (PAC)<\/h3>\n<p>A reorganiza\u00e7\u00e3o dentro do Minist\u00e9rio de Planejamento tamb\u00e9m levantou questionamentos quanto ao futuro do <a href=\"http:\/\/bit.ly\/NnSmIP\" target=\"_blank\">PAC<\/a>. O novo (e j\u00e1 exonerado) Ministro de Planejamento, Romero Juc\u00e1, anunciou que o departamento do PAC foi extinto, fundindo-o com o Departamento de Desenvolvimento e Infraestrutura.<\/p>\n<p>Enquanto a administra\u00e7\u00e3o Temer se recusou a dizer se esse movimento \u00e9 parte de um plano para dar descontinuidade ao programa, o presidente interino anunciou a cria\u00e7\u00e3o de uma nova iniciativa de infraestrutura, o <a href=\"http:\/\/bit.ly\/1Rddpvj\" target=\"_blank\">Crescer, Programa de Crescimento e Gera\u00e7\u00e3o de Emprego e Renda<\/a>.\u00a0Relat\u00f3rios sugerem que o Crescer se difere do PAC em sua prioriza\u00e7\u00e3o do setor de emprego formal criado em cada projeto. Ainda n\u00e3o \u00e9 claro se os projetos de infraestrutura programados para receber os fundos do PAC ser\u00e3o financiados pelo Crescer. Temer tamb\u00e9m anunciou a cria\u00e7\u00e3o do <a href=\"http:\/\/glo.bo\/1qyDXRS\" target=\"_blank\">Programa de Parcerias de Investimento (PPI)<\/a>, que visa facilitar o investimento do setor privado em projetos p\u00fablicos.<\/p>\n<h3>Bolsa Fam\u00edlia<\/h3>\n<p>Ap\u00f3s a fus\u00e3o dos Minist\u00e9rios de Desenvolvimento Social e Desenvolvimento Agr\u00e1rio no que agora \u00e9 o Minist\u00e9rio de Desenvolvimento Social e Agr\u00e1rio, o novo Ministro, Osmar Terra, anunciou que o programa de bem estar social, o\u00a0<a href=\"http:\/\/bit.ly\/1bVmvbP\" target=\"_blank\">Bolsa Fam\u00edlia<\/a>, ser\u00e1 <a href=\"http:\/\/glo.bo\/1TouQeJ\" target=\"_blank\">cortado em 10%<\/a>. Aproximadamente <a href=\"http:\/\/bit.ly\/1TuudUw\" target=\"_blank\">13.9 milh\u00f5es<\/a> de fam\u00edlias se beneficiam atualmente do Bolsa Fam\u00edlia, sendo o maior programa de transfer\u00eancia de renda no mundo e em grande parte respons\u00e1vel pelo Brasil sair de \u00faltimo lugar na lista de desigualdade social mundial.<\/p>\n<h3>Direitos Humanos e Cultura<\/h3>\n<p>Alexandre de Moraes, o novo Ministro da Justi\u00e7a e Cidadania&#8211;Minist\u00e9rio criado pela fus\u00e3o entre o Minist\u00e9rio da Justi\u00e7a com o Minist\u00e9rio das Mulheres, da Igualdade Social e dos Direitos Humanos, alegou considerar a <a href=\"http:\/\/bit.ly\/1OQpv3s\" target=\"_blank\">reintegra\u00e7\u00e3o de posse sem a necessidade de ordem judicial<\/a> para remover ocupa\u00e7\u00f5es urbanas de edif\u00edcios p\u00fablicos. Alexandre de Moraes j\u00e1 chamou previamente as a\u00e7\u00f5es dos movimentos sociais \u201c<a href=\"http:\/\/bit.ly\/1VdUKGW\" target=\"_blank\">atos de guerrilha<\/a>\u201d e quando foi Secret\u00e1rio de Seguran\u00e7a em S\u00e3o Paulo, ele\u00a0foi acusado de usar viol\u00eancia policial para suprimir manifesta\u00e7\u00f5es e ocultar dados de crimes.<\/p>\n<p>Outras controv\u00e9rsias incluem a dissolu\u00e7\u00e3o do Minist\u00e9rio da Cultura, integrando-o ao Minist\u00e9rio da Educa\u00e7\u00e3o, o que causou <a href=\"http:\/\/glo.bo\/1Z1nr8Y\" target=\"_blank\">protestos gerais<\/a> entre artistas, m\u00fasicos e produtores culturais. Por\u00e9m, esse Minist\u00e9rio <a href=\"http:\/\/glo.bo\/1sQUxyH\" target=\"_blank\">j\u00e1 foi recriado<\/a>. O novo Ministro da Educa\u00e7\u00e3o, Mendon\u00e7a Filho, havia indicado a ado\u00e7\u00e3o de cobran\u00e7a de mensalidade para universidades p\u00fablicas, mas ap\u00f3s isso <a href=\"http:\/\/bit.ly\/22i7y01\" target=\"_blank\">negou essa a\u00e7\u00e3o<\/a>. Similarmente, o novo Ministro da Sa\u00fade, Ricardo Barros, deu uma <a href=\"http:\/\/bit.ly\/23ZLy9r\" target=\"_blank\">entrevista<\/a> em que dizia que \u201cfaltam recursos&#8221; para manter o sistema de <a href=\"http:\/\/bit.ly\/153NNhk\" target=\"_blank\">sa\u00fade p\u00fablica<\/a>. Desde ent\u00e3o ele <a href=\"http:\/\/glo.bo\/1TrKY1x\" target=\"_blank\">assegurou<\/a> que n\u00e3o haver\u00e1 cortes ao servi\u00e7o, mas que precisa ser \u201cmelhor administrado\u201d.<\/p>\n<!-- AddThis Advanced Settings generic via filter on the_content --><!-- AddThis Share Buttons generic via filter on the_content -->","protected":false},"excerpt":{"rendered":"<div class=\"mh-excerpt\"><p>Click Here for English Em suas primeiras semanas no gabinete, os novos ministros indicados pelo presidente interino Michel Temer anunciaram mudan\u00e7as pol\u00edticas radicais. Esses an\u00fancios incluem cortes consider\u00e1veis em pol\u00edticas sociais que objetivam auxiliar os <a class=\"mh-excerpt-more\" href=\"https:\/\/rioonwatch.org.br\/?p=19969\" title=\"Novos Ministros Anunciam Cortes Severos aos Principais Programas Sociais\">[&#8230;]<\/a><!-- AddThis Advanced Settings generic via filter on get_the_excerpt --><!-- AddThis Share Buttons generic via filter on get_the_excerpt --><\/p>\n<\/div>","protected":false},"author":129,"featured_media":19971,"comment_status":"closed","ping_status":"closed","sticky":false,"template":"","format":"standard","meta":{"_acf_changed":false,"_monsterinsights_skip_tracking":false,"_monsterinsights_sitenote_active":false,"_monsterinsights_sitenote_note":"","_monsterinsights_sitenote_category":0,"footnotes":""},"categories":[1626,344],"tags":[893,81,1162,1837,1833,246,988,1773,1037,797,407,36,763,294,782],"writer":[1744],"translator":[1281],"source":[],"ilustrador":[],"fotografo":[],"class_list":{"0":"post-19969","1":"post","2":"type-post","3":"status-publish","4":"format-standard","5":"has-post-thumbnail","7":"category-por-observadores-internacionais","8":"category-politicas","9":"tag-bolsa-familia","10":"tag-cultura","11":"tag-governo-federal","12":"tag-impeachment","13":"tag-michel-temer","14":"tag-minha-casa-minha-vida","15":"tag-minha-casa-minha-vida-entidades","16":"tag-ministerio-das-cidades","17":"tag-moradia","18":"tag-movimentos-sociais","19":"tag-ocupacao","20":"tag-pac","21":"tag-protesto","22":"tag-saude","23":"tag-sus","24":"writer-meg-healy","25":"translator-luiza-villela"},"acf":[],"yoast_head":"<!-- This site is optimized with the Yoast SEO plugin v25.6 - https:\/\/yoast.com\/wordpress\/plugins\/seo\/ -->\n<title>Novos Ministros Anunciam Cortes Severos aos Principais Programas Sociais - RioOnWatch<\/title>\n<meta name=\"robots\" content=\"index, follow, max-snippet:-1, max-image-preview:large, max-video-preview:-1\" \/>\n<link rel=\"canonical\" href=\"https:\/\/rioonwatch.org.br\/?p=19969\" \/>\n<meta property=\"og:locale\" content=\"pt_BR\" \/>\n<meta property=\"og:type\" content=\"article\" \/>\n<meta property=\"og:title\" content=\"Novos Ministros Anunciam Cortes Severos aos Principais Programas Sociais - RioOnWatch\" \/>\n<meta property=\"og:description\" content=\"Click Here for English Em suas primeiras semanas no gabinete, os novos ministros indicados pelo presidente interino Michel Temer anunciaram mudan\u00e7as pol\u00edticas radicais. Esses an\u00fancios incluem cortes consider\u00e1veis em pol\u00edticas sociais que objetivam auxiliar os [...]\" \/>\n<meta property=\"og:url\" content=\"https:\/\/rioonwatch.org.br\/?p=19969\" \/>\n<meta property=\"og:site_name\" content=\"RioOnWatch\" \/>\n<meta property=\"article:published_time\" content=\"2016-05-26T15:00:25+00:00\" \/>\n<meta property=\"article:modified_time\" content=\"2016-05-26T17:12:16+00:00\" \/>\n<meta property=\"og:image\" content=\"https:\/\/rioonwatch.org.br\/wp-content\/uploads\/2016\/05\/MC_Temer_posse_Foto_Marcello_Casal00405122016-scaled.jpg\" \/>\n\t<meta property=\"og:image:width\" content=\"2560\" \/>\n\t<meta property=\"og:image:height\" content=\"1708\" \/>\n\t<meta property=\"og:image:type\" content=\"image\/jpeg\" \/>\n<meta name=\"author\" content=\"Admin\" \/>\n<meta name=\"twitter:card\" content=\"summary_large_image\" \/>\n<meta name=\"twitter:label1\" content=\"Escrito por\" \/>\n\t<meta name=\"twitter:data1\" content=\"Admin\" \/>\n\t<meta name=\"twitter:label2\" content=\"Est. tempo de leitura\" \/>\n\t<meta name=\"twitter:data2\" content=\"4 minutos\" \/>\n<script type=\"application\/ld+json\" class=\"yoast-schema-graph\">{\"@context\":\"https:\/\/schema.org\",\"@graph\":[{\"@type\":\"Article\",\"@id\":\"https:\/\/rioonwatch.org.br\/?p=19969#article\",\"isPartOf\":{\"@id\":\"https:\/\/rioonwatch.org.br\/?p=19969\"},\"author\":{\"name\":\"Admin\",\"@id\":\"https:\/\/rioonwatch.org.br\/#\/schema\/person\/11d64c290506f9df50c71b850c473f68\"},\"headline\":\"Novos Ministros Anunciam Cortes Severos aos Principais Programas Sociais\",\"datePublished\":\"2016-05-26T15:00:25+00:00\",\"dateModified\":\"2016-05-26T17:12:16+00:00\",\"mainEntityOfPage\":{\"@id\":\"https:\/\/rioonwatch.org.br\/?p=19969\"},\"wordCount\":846,\"publisher\":{\"@id\":\"https:\/\/rioonwatch.org.br\/#organization\"},\"image\":{\"@id\":\"https:\/\/rioonwatch.org.br\/?p=19969#primaryimage\"},\"thumbnailUrl\":\"https:\/\/rioonwatch.org.br\/wp-content\/uploads\/2016\/05\/MC_Temer_posse_Foto_Marcello_Casal00405122016-scaled.jpg\",\"keywords\":[\"Bolsa Fam\u00edlia\",\"cultura\",\"Governo Federal\",\"impeachment\",\"Michel Temer\",\"Minha Casa Minha Vida\",\"Minha Casa Minha Vida-Entidades\",\"Minist\u00e9rio das Cidades\",\"moradia\",\"movimentos sociais\",\"Ocupa\u00e7\u00e3o\",\"PAC\",\"protesto\",\"sa\u00fade\",\"SUS\"],\"articleSection\":[\"Escrito por Aliados\",\"Pol\u00edticas\"],\"inLanguage\":\"pt-BR\"},{\"@type\":\"WebPage\",\"@id\":\"https:\/\/rioonwatch.org.br\/?p=19969\",\"url\":\"https:\/\/rioonwatch.org.br\/?p=19969\",\"name\":\"Novos Ministros Anunciam Cortes Severos aos Principais Programas Sociais - RioOnWatch\",\"isPartOf\":{\"@id\":\"https:\/\/rioonwatch.org.br\/#website\"},\"primaryImageOfPage\":{\"@id\":\"https:\/\/rioonwatch.org.br\/?p=19969#primaryimage\"},\"image\":{\"@id\":\"https:\/\/rioonwatch.org.br\/?p=19969#primaryimage\"},\"thumbnailUrl\":\"https:\/\/rioonwatch.org.br\/wp-content\/uploads\/2016\/05\/MC_Temer_posse_Foto_Marcello_Casal00405122016-scaled.jpg\",\"datePublished\":\"2016-05-26T15:00:25+00:00\",\"dateModified\":\"2016-05-26T17:12:16+00:00\",\"breadcrumb\":{\"@id\":\"https:\/\/rioonwatch.org.br\/?p=19969#breadcrumb\"},\"inLanguage\":\"pt-BR\",\"potentialAction\":[{\"@type\":\"ReadAction\",\"target\":[\"https:\/\/rioonwatch.org.br\/?p=19969\"]}]},{\"@type\":\"ImageObject\",\"inLanguage\":\"pt-BR\",\"@id\":\"https:\/\/rioonwatch.org.br\/?p=19969#primaryimage\",\"url\":\"https:\/\/rioonwatch.org.br\/wp-content\/uploads\/2016\/05\/MC_Temer_posse_Foto_Marcello_Casal00405122016-scaled.jpg\",\"contentUrl\":\"https:\/\/rioonwatch.org.br\/wp-content\/uploads\/2016\/05\/MC_Temer_posse_Foto_Marcello_Casal00405122016-scaled.jpg\",\"width\":2560,\"height\":1708},{\"@type\":\"BreadcrumbList\",\"@id\":\"https:\/\/rioonwatch.org.br\/?p=19969#breadcrumb\",\"itemListElement\":[{\"@type\":\"ListItem\",\"position\":1,\"name\":\"In\u00edcio\",\"item\":\"https:\/\/rioonwatch.org.br\/\"},{\"@type\":\"ListItem\",\"position\":2,\"name\":\"Novos Ministros Anunciam Cortes Severos aos Principais Programas Sociais\"}]},{\"@type\":\"WebSite\",\"@id\":\"https:\/\/rioonwatch.org.br\/#website\",\"url\":\"https:\/\/rioonwatch.org.br\/\",\"name\":\"RioOnWatch\",\"description\":\"relatos das favelas cariocas\",\"publisher\":{\"@id\":\"https:\/\/rioonwatch.org.br\/#organization\"},\"potentialAction\":[{\"@type\":\"SearchAction\",\"target\":{\"@type\":\"EntryPoint\",\"urlTemplate\":\"https:\/\/rioonwatch.org.br\/?s={search_term_string}\"},\"query-input\":{\"@type\":\"PropertyValueSpecification\",\"valueRequired\":true,\"valueName\":\"search_term_string\"}}],\"inLanguage\":\"pt-BR\"},{\"@type\":\"Organization\",\"@id\":\"https:\/\/rioonwatch.org.br\/#organization\",\"name\":\"RioOnWatch\",\"url\":\"https:\/\/rioonwatch.org.br\/\",\"logo\":{\"@type\":\"ImageObject\",\"inLanguage\":\"pt-BR\",\"@id\":\"https:\/\/rioonwatch.org.br\/#\/schema\/logo\/image\/\",\"url\":\"https:\/\/rioonwatch.org.br\/wp-content\/uploads\/2021\/06\/RioOnWatchcabecalhoPT11anos-2.png\",\"contentUrl\":\"https:\/\/rioonwatch.org.br\/wp-content\/uploads\/2021\/06\/RioOnWatchcabecalhoPT11anos-2.png\",\"width\":779,\"height\":277,\"caption\":\"RioOnWatch\"},\"image\":{\"@id\":\"https:\/\/rioonwatch.org.br\/#\/schema\/logo\/image\/\"}},{\"@type\":\"Person\",\"@id\":\"https:\/\/rioonwatch.org.br\/#\/schema\/person\/11d64c290506f9df50c71b850c473f68\",\"name\":\"Admin\",\"image\":{\"@type\":\"ImageObject\",\"inLanguage\":\"pt-BR\",\"@id\":\"https:\/\/rioonwatch.org.br\/#\/schema\/person\/image\/\",\"url\":\"https:\/\/secure.gravatar.com\/avatar\/56211ac74568383903349a1485e3c325?s=96&d=blank&r=g\",\"contentUrl\":\"https:\/\/secure.gravatar.com\/avatar\/56211ac74568383903349a1485e3c325?s=96&d=blank&r=g\",\"caption\":\"Admin\"},\"url\":\"https:\/\/rioonwatch.org.br\/?author=129\"}]}<\/script>\n<!-- \/ Yoast SEO plugin. -->","yoast_head_json":{"title":"Novos Ministros Anunciam Cortes Severos aos Principais Programas Sociais - RioOnWatch","robots":{"index":"index","follow":"follow","max-snippet":"max-snippet:-1","max-image-preview":"max-image-preview:large","max-video-preview":"max-video-preview:-1"},"canonical":"https:\/\/rioonwatch.org.br\/?p=19969","og_locale":"pt_BR","og_type":"article","og_title":"Novos Ministros Anunciam Cortes Severos aos Principais Programas Sociais - RioOnWatch","og_description":"Click Here for English Em suas primeiras semanas no gabinete, os novos ministros indicados pelo presidente interino Michel Temer anunciaram mudan\u00e7as pol\u00edticas radicais. Esses an\u00fancios incluem cortes consider\u00e1veis em pol\u00edticas sociais que objetivam auxiliar os [...]","og_url":"https:\/\/rioonwatch.org.br\/?p=19969","og_site_name":"RioOnWatch","article_published_time":"2016-05-26T15:00:25+00:00","article_modified_time":"2016-05-26T17:12:16+00:00","og_image":[{"width":2560,"height":1708,"url":"https:\/\/rioonwatch.org.br\/wp-content\/uploads\/2016\/05\/MC_Temer_posse_Foto_Marcello_Casal00405122016-scaled.jpg","type":"image\/jpeg"}],"author":"Admin","twitter_card":"summary_large_image","twitter_misc":{"Escrito por":"Admin","Est. tempo de leitura":"4 minutos"},"schema":{"@context":"https:\/\/schema.org","@graph":[{"@type":"Article","@id":"https:\/\/rioonwatch.org.br\/?p=19969#article","isPartOf":{"@id":"https:\/\/rioonwatch.org.br\/?p=19969"},"author":{"name":"Admin","@id":"https:\/\/rioonwatch.org.br\/#\/schema\/person\/11d64c290506f9df50c71b850c473f68"},"headline":"Novos Ministros Anunciam Cortes Severos aos Principais Programas Sociais","datePublished":"2016-05-26T15:00:25+00:00","dateModified":"2016-05-26T17:12:16+00:00","mainEntityOfPage":{"@id":"https:\/\/rioonwatch.org.br\/?p=19969"},"wordCount":846,"publisher":{"@id":"https:\/\/rioonwatch.org.br\/#organization"},"image":{"@id":"https:\/\/rioonwatch.org.br\/?p=19969#primaryimage"},"thumbnailUrl":"https:\/\/rioonwatch.org.br\/wp-content\/uploads\/2016\/05\/MC_Temer_posse_Foto_Marcello_Casal00405122016-scaled.jpg","keywords":["Bolsa Fam\u00edlia","cultura","Governo Federal","impeachment","Michel Temer","Minha Casa Minha Vida","Minha Casa Minha Vida-Entidades","Minist\u00e9rio das Cidades","moradia","movimentos sociais","Ocupa\u00e7\u00e3o","PAC","protesto","sa\u00fade","SUS"],"articleSection":["Escrito por Aliados","Pol\u00edticas"],"inLanguage":"pt-BR"},{"@type":"WebPage","@id":"https:\/\/rioonwatch.org.br\/?p=19969","url":"https:\/\/rioonwatch.org.br\/?p=19969","name":"Novos Ministros Anunciam Cortes Severos aos Principais Programas Sociais - RioOnWatch","isPartOf":{"@id":"https:\/\/rioonwatch.org.br\/#website"},"primaryImageOfPage":{"@id":"https:\/\/rioonwatch.org.br\/?p=19969#primaryimage"},"image":{"@id":"https:\/\/rioonwatch.org.br\/?p=19969#primaryimage"},"thumbnailUrl":"https:\/\/rioonwatch.org.br\/wp-content\/uploads\/2016\/05\/MC_Temer_posse_Foto_Marcello_Casal00405122016-scaled.jpg","datePublished":"2016-05-26T15:00:25+00:00","dateModified":"2016-05-26T17:12:16+00:00","breadcrumb":{"@id":"https:\/\/rioonwatch.org.br\/?p=19969#breadcrumb"},"inLanguage":"pt-BR","potentialAction":[{"@type":"ReadAction","target":["https:\/\/rioonwatch.org.br\/?p=19969"]}]},{"@type":"ImageObject","inLanguage":"pt-BR","@id":"https:\/\/rioonwatch.org.br\/?p=19969#primaryimage","url":"https:\/\/rioonwatch.org.br\/wp-content\/uploads\/2016\/05\/MC_Temer_posse_Foto_Marcello_Casal00405122016-scaled.jpg","contentUrl":"https:\/\/rioonwatch.org.br\/wp-content\/uploads\/2016\/05\/MC_Temer_posse_Foto_Marcello_Casal00405122016-scaled.jpg","width":2560,"height":1708},{"@type":"BreadcrumbList","@id":"https:\/\/rioonwatch.org.br\/?p=19969#breadcrumb","itemListElement":[{"@type":"ListItem","position":1,"name":"In\u00edcio","item":"https:\/\/rioonwatch.org.br\/"},{"@type":"ListItem","position":2,"name":"Novos Ministros Anunciam Cortes Severos aos Principais Programas Sociais"}]},{"@type":"WebSite","@id":"https:\/\/rioonwatch.org.br\/#website","url":"https:\/\/rioonwatch.org.br\/","name":"RioOnWatch","description":"relatos das favelas cariocas","publisher":{"@id":"https:\/\/rioonwatch.org.br\/#organization"},"potentialAction":[{"@type":"SearchAction","target":{"@type":"EntryPoint","urlTemplate":"https:\/\/rioonwatch.org.br\/?s={search_term_string}"},"query-input":{"@type":"PropertyValueSpecification","valueRequired":true,"valueName":"search_term_string"}}],"inLanguage":"pt-BR"},{"@type":"Organization","@id":"https:\/\/rioonwatch.org.br\/#organization","name":"RioOnWatch","url":"https:\/\/rioonwatch.org.br\/","logo":{"@type":"ImageObject","inLanguage":"pt-BR","@id":"https:\/\/rioonwatch.org.br\/#\/schema\/logo\/image\/","url":"https:\/\/rioonwatch.org.br\/wp-content\/uploads\/2021\/06\/RioOnWatchcabecalhoPT11anos-2.png","contentUrl":"https:\/\/rioonwatch.org.br\/wp-content\/uploads\/2021\/06\/RioOnWatchcabecalhoPT11anos-2.png","width":779,"height":277,"caption":"RioOnWatch"},"image":{"@id":"https:\/\/rioonwatch.org.br\/#\/schema\/logo\/image\/"}},{"@type":"Person","@id":"https:\/\/rioonwatch.org.br\/#\/schema\/person\/11d64c290506f9df50c71b850c473f68","name":"Admin","image":{"@type":"ImageObject","inLanguage":"pt-BR","@id":"https:\/\/rioonwatch.org.br\/#\/schema\/person\/image\/","url":"https:\/\/secure.gravatar.com\/avatar\/56211ac74568383903349a1485e3c325?s=96&d=blank&r=g","contentUrl":"https:\/\/secure.gravatar.com\/avatar\/56211ac74568383903349a1485e3c325?s=96&d=blank&r=g","caption":"Admin"},"url":"https:\/\/rioonwatch.org.br\/?author=129"}]}},"_links":{"self":[{"href":"https:\/\/rioonwatch.org.br\/index.php?rest_route=\/wp\/v2\/posts\/19969"}],"collection":[{"href":"https:\/\/rioonwatch.org.br\/index.php?rest_route=\/wp\/v2\/posts"}],"about":[{"href":"https:\/\/rioonwatch.org.br\/index.php?rest_route=\/wp\/v2\/types\/post"}],"author":[{"embeddable":true,"href":"https:\/\/rioonwatch.org.br\/index.php?rest_route=\/wp\/v2\/users\/129"}],"replies":[{"embeddable":true,"href":"https:\/\/rioonwatch.org.br\/index.php?rest_route=%2Fwp%2Fv2%2Fcomments&post=19969"}],"version-history":[{"count":9,"href":"https:\/\/rioonwatch.org.br\/index.php?rest_route=\/wp\/v2\/posts\/19969\/revisions"}],"predecessor-version":[{"id":20022,"href":"https:\/\/rioonwatch.org.br\/index.php?rest_route=\/wp\/v2\/posts\/19969\/revisions\/20022"}],"wp:featuredmedia":[{"embeddable":true,"href":"https:\/\/rioonwatch.org.br\/index.php?rest_route=\/wp\/v2\/media\/19971"}],"wp:attachment":[{"href":"https:\/\/rioonwatch.org.br\/index.php?rest_route=%2Fwp%2Fv2%2Fmedia&parent=19969"}],"wp:term":[{"taxonomy":"category","embeddable":true,"href":"https:\/\/rioonwatch.org.br\/index.php?rest_route=%2Fwp%2Fv2%2Fcategories&post=19969"},{"taxonomy":"post_tag","embeddable":true,"href":"https:\/\/rioonwatch.org.br\/index.php?rest_route=%2Fwp%2Fv2%2Ftags&post=19969"},{"taxonomy":"writer","embeddable":true,"href":"https:\/\/rioonwatch.org.br\/index.php?rest_route=%2Fwp%2Fv2%2Fwriter&post=19969"},{"taxonomy":"translator","embeddable":true,"href":"https:\/\/rioonwatch.org.br\/index.php?rest_route=%2Fwp%2Fv2%2Ftranslator&post=19969"},{"taxonomy":"source","embeddable":true,"href":"https:\/\/rioonwatch.org.br\/index.php?rest_route=%2Fwp%2Fv2%2Fsource&post=19969"},{"taxonomy":"ilustrador","embeddable":true,"href":"https:\/\/rioonwatch.org.br\/index.php?rest_route=%2Fwp%2Fv2%2Filustrador&post=19969"},{"taxonomy":"fotografo","embeddable":true,"href":"https:\/\/rioonwatch.org.br\/index.php?rest_route=%2Fwp%2Fv2%2Ffotografo&post=19969"}],"curies":[{"name":"wp","href":"https:\/\/api.w.org\/{rel}","templated":true}]}}