{"id":19973,"date":"2017-01-04T11:06:20","date_gmt":"2017-01-04T14:06:20","guid":{"rendered":"http:\/\/rioonwatch.org.br\/?p=19973"},"modified":"2024-06-20T12:45:41","modified_gmt":"2024-06-20T15:45:41","slug":"o-que-as-leis-brasileiras-dizem-sobre-o-direito-a-habitacao","status":"publish","type":"post","link":"https:\/\/rioonwatch.org.br\/?p=19973","title":{"rendered":"O Que as Leis Brasileiras Dizem Sobre o Direito \u00e0 Moradia? [REFER\u00caNCIA]"},"content":{"rendered":"<p style=\"text-align: right;\"><em><strong><a href=\"http:\/\/bit.ly\/1OzrB24\" target=\"_blank\" rel=\"noopener\">Click Here for English<img decoding=\"async\" width=\"20\" height=\"20\" class=\"alignright wp-image-15790\" src=\"http:\/\/rioonwatch.org.br\/wp-content\/uploads\/2012\/08\/EN-standard-e1439583104716.jpg\" alt=\"\" \/><\/a><\/strong><\/em><\/p>\n<p><em>Esta \u00e9 a primeira mat\u00e9ria de uma <a href=\"http:\/\/bit.ly\/2opOmPA\" target=\"_blank\" rel=\"noopener\">s\u00e9rie de tr\u00eas<\/a>\u00a0que resume relat\u00f3rios sobre leis habitacionais no Brasil, organizados pelo Cyrus R. Vance Center for International Justice (Cyrus R. Vance Centro para Justi\u00e7a Internacional) a pedido da <a href=\"http:\/\/bit.ly\/1aIQgif\" target=\"_blank\" rel=\"noopener\">Comunidades Catalisadoras<\/a>. A primeira pesquisa, resumida abaixo, foi produzida por <a href=\"http:\/\/bit.ly\/1QrncCy\" target=\"_blank\" rel=\"noopener\">Mattos Filho Advogados<\/a>. Para ler a pesquisa\u00a0original em ingl\u00eas, <a href=\"http:\/\/bit.ly\/22fuEUN\" target=\"_blank\" rel=\"noopener\">clique aqui<\/a>.<\/em><\/p>\n<h3>Hist\u00f3rico<\/h3>\n<p>Habita\u00e7\u00e3o acess\u00edvel continua sendo um assunto muito contestado no mundo de hoje. No Rio de Janeiro, n\u00e3o \u00e9 diferente. Em 2011 o <a href=\"http:\/\/bit.ly\/1qJG2L9\" target=\"_blank\" rel=\"noopener\">Instituto Pereira Passos<\/a> reportou que o Rio tinha um d\u00e9ficit habitacional de <a href=\"http:\/\/bit.ly\/1kmbrP9\" target=\"_blank\" rel=\"noopener\">148.000<\/a> unidades a pre\u00e7os acess\u00edveis, enquanto o governo federal estimava que a car\u00eancia em 2010 era <a href=\"http:\/\/bit.ly\/1qioBzn\" target=\"_blank\" rel=\"noopener\">220.774 casas<\/a>. O Rio de Janeiro enfrenta uma batalha dif\u00edcil para completar as demandas da sua popula\u00e7\u00e3o de baixa renda; a popula\u00e7\u00e3o das favelas da cidade <a href=\"http:\/\/bit.ly\/1U8FIwP\" target=\"_blank\" rel=\"noopener\">cresceu 28%<\/a> na primeira d\u00e9cada do s\u00e9culo 21, comparado com um grau de crescimento total de 3,4% no Rio. Hoje 1,4 milh\u00e3o de cariocas mora em, aproximadamente, 1000 favelas da cidade.<\/p>\n<p><span style=\"font-weight: 400;\">Durante os \u00faltimos 60 anos, houveram <a href=\"http:\/\/bit.ly\/25hBSJY\" target=\"_blank\" rel=\"noopener\">tentativas de urbanizar as favelas<\/a> atrav\u00e9s de v\u00e1rias pol\u00edticas p\u00fablicas com objetivos ambiciosos e nunca alcan\u00e7ados. Seus n\u00edveis de sucesso variavam,\u00a0mas todos foram apoiados por fortes prote\u00e7\u00f5es legais. Tanto o governo federal, quanto o governo estadual e municipal apoiam\u00a0habita\u00e7\u00e3o de interesse social\u00a0em algum contexto, seja explicitamente ou atrav\u00e9s de pol\u00edticas p\u00fablicas. Na verdade, <a href=\"http:\/\/bit.ly\/1OIavAB\" target=\"_blank\" rel=\"noopener\">depois de quase 120 anos<\/a>\u00a0sendo permitido, como consequ\u00eancia da neglig\u00eancia do estado, o desenvolvimento de favelas como o principal ve\u00edculo de\u00a0habita\u00e7\u00e3o de interesse social no Brasil, o pa\u00eds estabeleceu leis de usucapi\u00e3o bastante fortes <a href=\"http:\/\/bit.ly\/1Qy2n7N\" target=\"_blank\" rel=\"noopener\">em termos internacionais<\/a> como forma de proteger este patrim\u00f4nio. Mesmo assim, o Brasil carrega a fama de ser um dos pa\u00edses com a pior <a href=\"http:\/\/bit.ly\/25hD6Vu\" target=\"_blank\" rel=\"noopener\">desigualdade de terra<\/a> do mundo. A pergunta continua sendo: se h\u00e1 disposi\u00e7\u00f5es legais t\u00e3o fortes, por que tantos moradores de favelas correm o risco de <a href=\"http:\/\/bit.ly\/X51Qvb\" target=\"_blank\" rel=\"noopener\">remo\u00e7\u00e3o<\/a>? E por que ainda existe um <a href=\"http:\/\/bit.ly\/1RWB8mt\" target=\"_blank\" rel=\"noopener\">d\u00e9ficit<\/a> t\u00e3o grande (e cada vez maior) habitacional?<\/span><\/p>\n<p>Em vez de, especificamente,\u00a0<a href=\"http:\/\/bit.ly\/1WqoZLQ\" target=\"_blank\" rel=\"noopener\">analisar programas de pol\u00edticas<\/a> p\u00fablicas ou a <a href=\"http:\/\/bit.ly\/25hBSJY\" target=\"_blank\" rel=\"noopener\">hist\u00f3ria de urbaniza\u00e7\u00e3o das favelas<\/a>, que j\u00e1 foi feito em outras mat\u00e9rias nesse site, esse artigo foca especificamente em elaborar e explicar algumas das leis codificadas no n\u00edvel local, estadual, e federal que protegem os interesses das favelas e dos projetos de habita\u00e7\u00e3o acess\u00edvel no Rio de Janeiro, que a pesquisa de Mattos Filhos descreve.<\/p>\n<p><a href=\"http:\/\/rioonwatch.org.br\/wp-content\/uploads\/2016\/05\/1.png\"><img fetchpriority=\"high\" decoding=\"async\" class=\"aligncenter wp-image-19978 size-content\" title=\"Cantagalo. Foto por Martin Lazarev\" src=\"http:\/\/rioonwatch.org.br\/wp-content\/uploads\/2016\/05\/1-620x264.png\" alt=\"1\" width=\"620\" height=\"264\" srcset=\"https:\/\/rioonwatch.org.br\/wp-content\/uploads\/2016\/05\/1-620x264.png 620w, https:\/\/rioonwatch.org.br\/wp-content\/uploads\/2016\/05\/1-940x400.png 940w\" sizes=\"(max-width: 620px) 100vw, 620px\" \/><\/a><\/p>\n<h3><strong>Constitui\u00e7\u00e3o Federal: Terra Precisa Cumprir sua Fun\u00e7\u00e3o Social<\/strong><\/h3>\n<p>A <a href=\"http:\/\/bit.ly\/1U1R5XF\" target=\"_blank\" rel=\"noopener\">Constitui\u00e7\u00e3o Brasileira<\/a> ratificada em 1988 tem fortes disposi\u00e7\u00f5es para que a terra cumpra uma fun\u00e7\u00e3o social. As <strong>clausulas 22 e 23 no Artigo 5<\/strong> estabelecem o direito a propriedade, e afirmam que a propriedade tem que cumprir uma fun\u00e7\u00e3o social. Embora n\u00e3o especificamente explicada na Constitui\u00e7\u00e3o, a <a href=\"http:\/\/bit.ly\/1MEvQvm\" target=\"_blank\" rel=\"noopener\">fun\u00e7\u00e3o social da terra<\/a> pode ser entendida no sentido de que a legisla\u00e7\u00e3o relativa a aloca\u00e7\u00e3o de terra deve resultar em terras mais equitativamente distribu\u00eddas e distribuir os \u201cbenef\u00edcios e desvantagens de urbaniza\u00e7\u00e3o\u201d de modo justo. Isto tamb\u00e9m\u00a0significa que as pol\u00edticas urbanas devem promover o interesse p\u00fablico.<\/p>\n<p><span style=\"font-weight: 400;\"><strong>As Clausulas 24 e 25 do Artigo 5<\/strong> permitem que o governo possa se apropriar de terras para \u201cnecessidades p\u00fablicas\u201d ou para interesse social desde que uma quantia justa de dinheiro seja fornecida como indeniza\u00e7\u00e3o\u00a0antes da tomada de terras. Mais especificamente, a Clausula 25 permite que o governo possa tomar uma propriedade privada no caso de perigo p\u00fablico, desde que o governo forne\u00e7a compensa\u00e7\u00e3o adequada.<\/span><\/p>\n<p><strong>O artigo 6<\/strong> da Constitui\u00e7\u00e3o reafirma o <a href=\"http:\/\/bit.ly\/1g73xCv\" target=\"_blank\" rel=\"noopener\">direito social \u00e0 habita\u00e7\u00e3o<\/a>, juntamente com a <a href=\"http:\/\/bit.ly\/1kzUmMv\" target=\"_blank\" rel=\"noopener\">sa\u00fade<\/a>, alimenta\u00e7\u00e3o, <a href=\"http:\/\/bit.ly\/1acNApR\" target=\"_blank\" rel=\"noopener\">educa\u00e7\u00e3o<\/a>, <a href=\"http:\/\/bit.ly\/1ikC58E\" target=\"_blank\" rel=\"noopener\">seguran\u00e7a<\/a>, prote\u00e7\u00e3o \u00e0 maternidade e \u00e0 inf\u00e2ncia e a assist\u00eancia para as pessoas em situa\u00e7\u00e3o de <a href=\"http:\/\/bit.ly\/1SFheig\" target=\"_blank\" rel=\"noopener\">pobreza<\/a>.<\/p>\n<p>Al\u00e9m disso na Constitui\u00e7\u00e3o, no <strong>Artigo 21 Cl\u00e1usula 20<\/strong>, o governo federal n\u00e3o s\u00f3\u00a0garante a habita\u00e7\u00e3o como um direito, mas tamb\u00e9m identifica o governo federal como o respons\u00e1vel\u00a0pelo desenvolvimento urbano, classificado como <a href=\"http:\/\/bit.ly\/1rKFP6K\" target=\"_blank\" rel=\"noopener\">habita\u00e7\u00e3o<\/a>, <a href=\"http:\/\/bit.ly\/14lMZGK\" target=\"_blank\" rel=\"noopener\">saneamento<\/a> e <a href=\"http:\/\/bit.ly\/1yzeVVK\" target=\"_blank\" rel=\"noopener\">transporte<\/a> urbano. <strong>No Artigo 23 Cl\u00e1usula 9<\/strong>, a Constitui\u00e7\u00e3o diz que os governos federais, estaduais e municipais t\u00eam o poder de promover programas de constru\u00e7\u00e3o e melhorias de habita\u00e7\u00e3o.<\/p>\n<p><span style=\"font-weight: 400;\"><strong>O Artigo 170<\/strong> da Constitui\u00e7\u00e3o afirma que a ordem econ\u00f4mica do pa\u00eds \u00e9 baseada no \u201cvaloriza\u00e7\u00e3o do trabalho humano e na livre iniciativa&#8221;, mas tamb\u00e9m em concord\u00e2ncia com justi\u00e7a social. Em rela\u00e7\u00e3o \u00e0s pol\u00edticas federais de habita\u00e7\u00e3o, a Constitui\u00e7\u00e3o enumera a fun\u00e7\u00e3o social de propriedade privada\u00a0como um dos principais meios para alcan\u00e7ar esta justi\u00e7a social.<\/span><\/p>\n<p><span style=\"font-weight: 400;\"><strong>Os Artigos 182 e 183<\/strong>\u00a0designam que pol\u00edticas urbanas devem ser cumpridas pelo governo municipal. Al\u00e9m de garantir que as cidades tenham um plano diretor, que as terras urbanas cumpram sua fun\u00e7\u00e3o social, que compensa\u00e7\u00e3o pr\u00e9via e justa pelas terras seja garantida, e que terras inutilizadas sejam usadas para cumprir o seu pleno potencial social, o Artigo 183 especificamente permite o <a href=\"http:\/\/bit.ly\/1XDCiYp\" target=\"_blank\" rel=\"noopener\">usucapi\u00e3o<\/a> de terras. Usucapi\u00e3o \u00e9 quando um indiv\u00edduo que ocupa uma \u00e1rea por um per\u00edodo (normalmente entre 10 e 15 anos) tem a permiss\u00e3o de se apresentar para adquirir aquela terra. Isso s\u00f3 pode acontecer se a terra for utilizada sem interrup\u00e7\u00e3o ou contesta\u00e7\u00e3o e se a terra for utilizada como lar para uma fam\u00edlia, ent\u00e3o servindo sua\u00a0fun\u00e7\u00e3o social. A Constitui\u00e7\u00e3o Brasileira estipula 5 anos para o usucapi\u00e3o em \u00e1reas urbanas de at\u00e9 250 metros quadrados.<\/span><\/p>\n<h3><strong>A Constitui\u00e7\u00e3o do Estado<\/strong><\/h3>\n<p><strong>O artigo 230<\/strong> da <a href=\"http:\/\/bit.ly\/20PzWXE\" target=\"_blank\" rel=\"noopener\">Constitui\u00e7\u00e3o do Estado do Rio de Janeiro<\/a> apresenta uma lista de ferramentas que o Estado pode usar para garantir que a constitucional <em>fun\u00e7\u00e3o social<\/em> de cidades e de propriedades seja mantida. Algumas destas ferramentas incluem:<\/p>\n<ul>\n<li><a href=\"http:\/\/bit.ly\/2fhyVEk\" target=\"_blank\" rel=\"noopener\">Tributa\u00e7\u00e3o progressiva<\/a><\/li>\n<li>Taxas\u00a0por zona<\/li>\n<li>Taxas e encargos relativos aos servi\u00e7os p\u00fablicos<\/li>\n<li>Fundos de desenvolvimento urbano<\/li>\n<li>Parcelamento ou edifica\u00e7\u00e3o\u00a0compuls\u00f3rias (empreiteiros\u00a0devem criar dentro de certos requisitos estabelecidos pelo Estado)<\/li>\n<li>Discrimina\u00e7\u00e3o de terras p\u00fablicas<\/li>\n<li>Servid\u00f5es administrativas (limita\u00e7\u00f5es sobre uso ou ao\u00a0desenvolvimento de terras em m\u00e3os de particulares)<\/li>\n<li>Declara\u00e7\u00e3o de \u00e1rea de preserva\u00e7\u00e3o<\/li>\n<li>Cess\u00e3o<\/li>\n<\/ul>\n<p><a href=\"http:\/\/rioonwatch.org.br\/wp-content\/uploads\/2016\/05\/@Natasha-Medeiros.png\"><img decoding=\"async\" class=\"aligncenter wp-image-19979 size-content\" title=\"Pr\u00e9dios Pintados no Santa Marta. Foto por Natasha Medeiros\" src=\"http:\/\/rioonwatch.org.br\/wp-content\/uploads\/2016\/05\/@Natasha-Medeiros-620x264.png\" alt=\"@Natasha-Medeiros\" width=\"620\" height=\"264\" srcset=\"https:\/\/rioonwatch.org.br\/wp-content\/uploads\/2016\/05\/@Natasha-Medeiros-620x264.png 620w, https:\/\/rioonwatch.org.br\/wp-content\/uploads\/2016\/05\/@Natasha-Medeiros-940x400.png 940w\" sizes=\"(max-width: 620px) 100vw, 620px\" \/><\/a><\/p>\n<h3><b>Habita\u00e7\u00e3o Social no C\u00f3digo Legal Municipal<\/b><\/h3>\n<h4><strong>Lei Org\u00e2nica, 1990<\/strong><span style=\"font-weight: 400;\">\u00a0<\/span><\/h4>\n<p>Junto com os regulamentos estaduais e federais, o munic\u00edpio do Rio de Janeiro tem leis que regem a habita\u00e7\u00e3o a pre\u00e7os acess\u00edveis e o desenvolvimento urbano. A lei principal que rege o desenvolvimento urbano no Rio \u00e9 a <a href=\"http:\/\/bit.ly\/1TroKPy\" target=\"_blank\" rel=\"noopener\">Lei Org\u00e2nica<\/a>, aprovada em 1990. Essencialmente, \u00e9 o c\u00f3digo legal b\u00e1sico que o munic\u00edpio utiliza para fazer novas leis; ele cont\u00e9m cerca de 500 artigos. A fun\u00e7\u00e3o b\u00e1sica da presente lei \u00e9 tra\u00e7ar claramente como o munic\u00edpio vai apoiar o trabalho do governo federal, mas tamb\u00e9m garantir prote\u00e7\u00f5es para os cidad\u00e3os. No entanto, partes significativas da lei mencionam especificamente as responsabilidades da Prefeitura em fornecer servi\u00e7os como <a href=\"http:\/\/bit.ly\/14lMZGK\" target=\"_blank\" rel=\"noopener\">saneamento<\/a>, ilumina\u00e7\u00e3o p\u00fablica, estradas, drenagem e delimita\u00e7\u00e3o de\u00a0terrenos espec\u00edficos.<\/p>\n<p>A lei municipal tamb\u00e9m ampara com clareza o fornecimento de habita\u00e7\u00e3o. Dentro da primeira se\u00e7\u00e3o da lei no <strong>Artigo 12<\/strong>, h\u00e1 o requerimento de que as crian\u00e7as, adolescentes e idosos devem ter o direito \u00e0 moradia, alimenta\u00e7\u00e3o, dignidade, fam\u00edlia e uma vida comunit\u00e1ria. Al\u00e9m disso, no <strong>Artigo 234<\/strong>, existem disposi\u00e7\u00f5es que exigem que a habita\u00e7\u00e3o seja inclu\u00edda nos planos or\u00e7ament\u00e1rios anuais.<\/p>\n<p>O <strong>Artigo 422<\/strong> fornece uma confirma\u00e7\u00e3o de que a terra deve ser utilizada de uma forma social, garantindo o direito \u00e0 moradia, a <a href=\"http:\/\/bit.ly\/1GyyKkX\" target=\"_blank\" rel=\"noopener\">\u00e1gua<\/a>\u00a0pot\u00e1vel, servi\u00e7os de limpeza urbana, ilumina\u00e7\u00e3o p\u00fablica, sa\u00fade, educa\u00e7\u00e3o e energia el\u00e9trica.<\/p>\n<p>Pouco depois, no <strong>Artigo 429<\/strong>, a lei assegura que os moradores das favelas n\u00e3o podem ser legalmente removidos a menos que haja um <a href=\"http:\/\/bit.ly\/184DRpn\" target=\"_blank\" rel=\"noopener\">risco de vida<\/a>\u00a0direto. Mesmo se houver um risco f\u00edsico direto, os moradores devem receber ajuda t\u00e9cnica nas negocia\u00e7\u00f5es e haver plena <a href=\"http:\/\/bit.ly\/1rOePGu\" target=\"_blank\" rel=\"noopener\">participa\u00e7\u00e3o<\/a> das partes interessadas. Finalmente, se eles forem removidos, eles devem ser reassentados\u00a0dentro de \u00e1reas pr\u00f3ximas perto de postos de trabalho e de habita\u00e7\u00e3o existente. Este artigo ainda permite que o governo municipal tenha a capacidade de criar \u00c1reas de Especial Interesse para uso urbano, social ou ambiental.<\/p>\n<p>A Lei Org\u00e2nica torna a Prefeitura respons\u00e1vel pela implementa\u00e7\u00e3o e cria\u00e7\u00e3o de programas de <a href=\"http:\/\/bit.ly\/11akTLK\" target=\"_blank\" rel=\"noopener\">habita\u00e7\u00e3o p\u00fablica<\/a>, bem como a manuten\u00e7\u00e3o de infraestrutura atual. O <strong>Artigo 440<\/strong> diz que para fazer isso, o governo deve apoiar a forma\u00e7\u00e3o de cooperativas e outras organiza\u00e7\u00f5es sem fins lucrativos que apoiem estas constru\u00e7\u00f5es, a investiga\u00e7\u00e3o das solu\u00e7\u00f5es t\u00e9cnicas e urbanas adequadas dispon\u00edveis, e fornecer recursos adequados e obrigat\u00f3rios para financiar estas habita\u00e7\u00f5es.<\/p>\n<p>Os<strong> Artigos 458 e 459<\/strong> da Lei Org\u00e2nica exige que o governo garanta que os cidad\u00e3os sejam informados sobre todas as iniciativas de pol\u00edticas urbanas.<\/p>\n<h4><b>O Plano Diretor, 2011<\/b><\/h4>\n<p>Embora a Lei Org\u00e2nica seja a principal lei que governa a cidade, uma lei complementar foi adicionada em 2011, o\u00a0<a href=\"http:\/\/bit.ly\/1VvqM0E\" target=\"_blank\" rel=\"noopener\">Plano Diretor<\/a>, que especifica de forma mais clara como o munic\u00edpio pode e deve lidar com as terras e quest\u00f5es urbanas.<span style=\"font-weight: 400;\">\u00a0<\/span><\/p>\n<p>No <strong>Artigo 2<\/strong> desta lei, h\u00e1 uma reafirma\u00e7\u00e3o de que as terras dentro da cidade ser\u00e3o usadas em prol de\u00a0sua fun\u00e7\u00e3o social e que todos os cidad\u00e3os ter\u00e3o acesso aos servi\u00e7os urbanos. Este Artigo tamb\u00e9m confirma a import\u00e2ncia de pr\u00e1ticas de planejamento com &#8220;ampla participa\u00e7\u00e3o social&#8221;\u00a0e a coordena\u00e7\u00e3o de muitos \u00f3rg\u00e3os p\u00fablicos e do setor privado para garantir que o Plano Diretor seja executado em conformidade com a fun\u00e7\u00e3o social da terra.<span style=\"font-weight: 400;\">\u00a0\u00a0<\/span><\/p>\n<p>No <strong>Artigo 3<\/strong>, a lei tra\u00e7a as diretrizes para a cria\u00e7\u00e3o de pol\u00edticas urbanas, que incluem a requisi\u00e7\u00e3o da urbaniza\u00e7\u00e3o das favelas, fornecendo infraestrutura e servi\u00e7os e ao mesmo tempo limitando a sua expans\u00e3o. Esta cl\u00e1usula tamb\u00e9m diz que uma pol\u00edtica urbana deve ser feita\u00a0com o objetivo de reduzir as situa\u00e7\u00f5es de habita\u00e7\u00e3o informais, proporcionando alternativas vi\u00e1veis como a habita\u00e7\u00e3o\u00a0de interesse social, <a href=\"http:\/\/bit.ly\/1mAUeBN\" target=\"_blank\" rel=\"noopener\">espa\u00e7os p\u00fablicos<\/a> e promover o uso de terrenos\u00a0<a href=\"http:\/\/bit.ly\/1KQzinO\" target=\"_blank\" rel=\"noopener\">subutilizados ou ociosos<\/a>.<span style=\"font-weight: 400;\">\u00a0<\/span><\/p>\n<p>O <strong>Artigo 70<\/strong> desta lei mostra como a Prefeitura pode criar <a href=\"http:\/\/bit.ly\/2izP6C1\" target=\"_blank\" rel=\"noopener\">\u00c1reas de Especial Interesse Social (AIES)<\/a>, que pode ser baseada em quest\u00f5es ambientais, econ\u00f4micas ou relativo ao\u00a0<a href=\"http:\/\/bit.ly\/1J8PPxt\" target=\"_blank\" rel=\"noopener\">turismo<\/a>. Para <a href=\"http:\/\/bit.ly\/1qQIxv5\" target=\"_blank\" rel=\"noopener\">AIES<\/a>, que estejam apontadas para o Programa de Habita\u00e7\u00e3o de Interesse Social, os benefici\u00e1rios devem ter um rendimento igual ou inferior a seis vezes o sal\u00e1rio m\u00ednimo. Dentro disto, uma AEIS 1 \u00e9 uma \u00e1rea que tem uma favela ou loteamento\u00a0irregular\u00a0ou que poderia ser usado para a habita\u00e7\u00e3o social.<span style=\"font-weight: 400;\">\u00a0<\/span><\/p>\n<p>O <strong>Artigo 77<\/strong> fornece as raz\u00f5es pelas quais o governo est\u00e1 autorizado a tomar terras, o que inclui a regulariza\u00e7\u00e3o fundi\u00e1ria, o ordenamento\u00a0da expans\u00e3o urbana, implanta\u00e7\u00e3o de equipamentos\u00a0urbanos, projetos\u00a0habitacionais de interesse social, espa\u00e7os de lazer e medidas de prote\u00e7\u00e3o do meio ambiente.<\/p>\n<p>Para cada \u00c1rea de Especial Interesse Social, um plano de urbaniza\u00e7\u00e3o \u00fanico deve ser criado. O <strong>Artigo 207<\/strong> da Lei do Plano Diretor lista os regulamentos, que devem incluir uma an\u00e1lise f\u00edsico-ambiental e planos para <a href=\"http:\/\/bit.ly\/1TpORFB\" target=\"_blank\" rel=\"noopener\">esgoto<\/a>, <a href=\"http:\/\/bit.ly\/1qpPRhD\" target=\"_blank\" rel=\"noopener\">\u00e1guas pluviais<\/a>, ilumina\u00e7\u00e3o p\u00fablica, lixo, estabiliza\u00e7\u00e3o de taludes\u00a0e margens de c\u00f3rregos. Este Artigo tamb\u00e9m exige que haja um plano para a implementa\u00e7\u00e3o de\u00a0atividades de gera\u00e7\u00e3o de renda.<span style=\"font-weight: 400;\">\u00a0<\/span><\/p>\n<p><strong>O Artigo 230<\/strong> prev\u00ea objetivos espec\u00edficos do Programa de Regulariza\u00e7\u00e3o Fundi\u00e1ria Urbana. Em primeiro lugar, o objetivo \u00e9 regularizar os assentamentos informais como alternativa complementar \u00e0 produ\u00e7\u00e3o de habita\u00e7\u00f5es de baixa renda. Em segundo lugar, a regulariza\u00e7\u00e3o de \u00e1reas informais deve ajudar os moradores na\u00a0inser\u00e7\u00e3o no cadastro imobili\u00e1rio e no planejamento urbano municipal. Finalmente, h\u00e1 um objetivo concreto no aux\u00edlio na titula\u00e7\u00e3o da terra.<\/p>\n<h3>Autoridades Locais S\u00e3o Respons\u00e1veis pela Execu\u00e7\u00e3o<\/h3>\n<p>Em 2005, a Lei Federal 1112 fornecida para o Sistema Nacional de Habita\u00e7\u00e3o de Interesse Social (SNHIS) criou o Fundo Nacional de Habita\u00e7\u00e3o (FNHIS). O <strong>Artigo 2<\/strong> da presente lei estabelece que o SNHIS deve proporcionar aos brasileiros de baixa renda habita\u00e7\u00e3o sustent\u00e1vel, a pre\u00e7os acess\u00edveis em \u00e1reas urbanas.<\/p>\n<p>Outro \u00f3rg\u00e3o federal respons\u00e1vel pela implementa\u00e7\u00e3o da Pol\u00edtica Nacional de Habita\u00e7\u00e3o \u00e9 o <a href=\"http:\/\/bit.ly\/LMlxSK\" target=\"_blank\" rel=\"noopener\">Minist\u00e9rio das Cidades<\/a>, que foi criado em 2003. As responsabilidades deste \u00f3rg\u00e3o incluem avalia\u00e7\u00e3o, consulta e implementa\u00e7\u00e3o da pol\u00edtica nacional de habita\u00e7\u00e3o.<\/p>\n<p>A cidade do Rio de Janeiro t\u00eam duas principais entidades que regulam quest\u00f5es habitacionais e urbanas, bem como uma s\u00e9rie de pol\u00edticas para o desenvolvimento urbano. S\u00e3o a <a href=\"http:\/\/bit.ly\/O1FJbG\" target=\"_blank\" rel=\"noopener\">Secretaria Municipal de Habita\u00e7\u00e3o (SMH)<\/a> e o Conselho de Gest\u00e3o do Fundo Municipal de Habita\u00e7\u00e3o de Interesse Social (FMHIS).<\/p>\n<p>A SMH assegura que favelas est\u00e3o cumprindo com as leis de propriedade locais e \u00e9 respons\u00e1vel pela sua <a href=\"http:\/\/bit.ly\/1aRkVxr\" target=\"_blank\" rel=\"noopener\">urbaniza\u00e7\u00e3o<\/a> e <a href=\"http:\/\/bit.ly\/1lk6OHJ\" target=\"_blank\" rel=\"noopener\">integra\u00e7\u00e3o<\/a> na cidade formal. As principais responsabilidades desta Secret\u00e1ria s\u00e3o: i) melhorar a habita\u00e7\u00e3o em favelas, ii) construir 50.000 unidades de habita\u00e7\u00e3o de baixa renda em conformidade com as leis locais, e iii) executar todos os projetos de habita\u00e7\u00e3o da Prefeitura (incluindo o programa de urbaniza\u00e7\u00e3o de favelas\u00a0Morar Carioca&#8211;agora <a href=\"http:\/\/bit.ly\/1muQwLu\" target=\"_blank\" rel=\"noopener\">em grande parte abandonado<\/a>).<\/p>\n<p>O Conselho de Gestor do Fundo Municipal de Habita\u00e7\u00e3o de Interesse Social (FMHIS) cria diretrizes e recursos para o FMHIS e \u00e9 composto por dez servidores p\u00fablicos e dez membros de organiza\u00e7\u00f5es da sociedade civil. Ele aprova todos os or\u00e7amentos, planos e metas para os recursos FMHIS.<\/p>\n<p><a href=\"http:\/\/rioonwatch.org.br\/wp-content\/uploads\/2016\/05\/A-View-From-Vidigal.png\"><img loading=\"lazy\" decoding=\"async\" class=\"aligncenter wp-image-19981 size-content\" title=\"Vista do Vidigal\" src=\"http:\/\/rioonwatch.org.br\/wp-content\/uploads\/2016\/05\/A-View-From-Vidigal-620x264.png\" alt=\"A-View-From-Vidigal\" width=\"620\" height=\"264\" srcset=\"https:\/\/rioonwatch.org.br\/wp-content\/uploads\/2016\/05\/A-View-From-Vidigal-620x264.png 620w, https:\/\/rioonwatch.org.br\/wp-content\/uploads\/2016\/05\/A-View-From-Vidigal-940x400.png 940w\" sizes=\"(max-width: 620px) 100vw, 620px\" \/><\/a><\/p>\n<h3>Conclus\u00e3o<\/h3>\n<p>A legisla\u00e7\u00e3o brasileira em diferentes n\u00edveis de governo prev\u00ea o reconhecimento dos direitos da favela e estabelece a necessidade de justi\u00e7a da habita\u00e7\u00e3o, bem como o estabelecimento de \u00f3rg\u00e3os governamentais dedicados a implementar essas pol\u00edticas. A grave escassez cont\u00ednua de casas a pre\u00e7os acess\u00edveis em locais que promovam a justi\u00e7a social, demonstra que a execu\u00e7\u00e3o e <a href=\"http:\/\/bit.ly\/1FM0mN6\" target=\"_blank\" rel=\"noopener\">implementa\u00e7\u00e3o<\/a> destes programas de pol\u00edticas p\u00fablicas, no entanto, <a href=\"http:\/\/bit.ly\/1FM0mN6\" target=\"_blank\" rel=\"noopener\">n\u00e3o respondem aos requisitos da legisla\u00e7\u00e3o em vigor<\/a>. Como a necessidade de habita\u00e7\u00e3o a pre\u00e7os acess\u00edveis cresce e as press\u00f5es sobre os governos locais para fornec\u00ea-la continuam subindo, os moradores de comunidades de baixa renda, l\u00edderes de <a href=\"http:\/\/bit.ly\/1XjdXct\" target=\"_blank\" rel=\"noopener\">movimentos sociais<\/a> e acad\u00eamicos est\u00e3o <a href=\"http:\/\/bit.ly\/1R4qlao\" target=\"_blank\" rel=\"noopener\">colocando uma press\u00e3o crescente<\/a> sobre o governo para cumprir suas obriga\u00e7\u00f5es frente a lei.<\/p>\n<p>Gostou desta\u00a0mat\u00e9ria? Leia tamb\u00e9m &#8220;<a href=\"http:\/\/bit.ly\/1FM0mN6\" target=\"_blank\" rel=\"noopener\">\u00c9 para o Ingl\u00eas Ver<\/a>&#8220;, &#8220;<a href=\"http:\/\/bit.ly\/2gYyj8m\" target=\"_blank\" rel=\"noopener\">Semin\u00e1rio Urb Favelas Defende a Urbaniza\u00e7\u00e3o das Favelas e Levanta Quest\u00f5es de Representatividade<\/a>&#8220;,\u00a0a &#8220;<a href=\"http:\/\/bit.ly\/2hcmfU5\" target=\"_blank\" rel=\"noopener\">S\u00e9rie: Hist\u00f3ria das Urbaniza\u00e7\u00e3o de Favelas<\/a>&#8220;.<\/p>\n<hr \/>\n<h3><em>S\u00e9rie Completa: <a href=\"http:\/\/bit.ly\/2opOmPA\" target=\"_blank\" rel=\"noopener\">Leis Habitacionais\u00a0no Brasil<\/a><\/em><\/h3>\n<p>Parte 1: <a href=\"http:\/\/bit.ly\/2gQ5jz4\" target=\"_blank\" rel=\"noopener\">O Que as Leis Brasileiras Dizem Sobre o Direito \u00e0 Habita\u00e7\u00e3o?<\/a><br \/>\nParte 2: <a href=\"http:\/\/bit.ly\/2hq7gD6\" target=\"_blank\" rel=\"noopener\">A Favela como Fundo de Posse Coletiva: Uma Solu\u00e7\u00e3o para Evitar a Remo\u00e7\u00e3o e a Gentrifica\u00e7\u00e3o?<\/a><br \/>\nParte 3: <a href=\"http:\/\/bit.ly\/2neFgYb\" target=\"_blank\" rel=\"noopener\">Modelos de Fundo de Posse Coletiva e Cooperativas Habitacionais do Mundo Todo<\/a><\/p>\n<!-- AddThis Advanced Settings generic via filter on the_content --><!-- AddThis Share Buttons generic via filter on the_content -->","protected":false},"excerpt":{"rendered":"<div class=\"mh-excerpt\"><p>Click Here for English Esta \u00e9 a primeira mat\u00e9ria de uma s\u00e9rie de tr\u00eas\u00a0que resume relat\u00f3rios sobre leis habitacionais no Brasil, organizados pelo Cyrus R. Vance Center for International Justice (Cyrus R. Vance Centro para <a class=\"mh-excerpt-more\" href=\"https:\/\/rioonwatch.org.br\/?p=19973\" title=\"O Que as Leis Brasileiras Dizem Sobre o Direito \u00e0 Moradia? [REFER\u00caNCIA]\">[&#8230;]<\/a><!-- AddThis Advanced Settings generic via filter on get_the_excerpt --><!-- AddThis Share Buttons generic via filter on get_the_excerpt --><\/p>\n<\/div>","protected":false},"author":129,"featured_media":19976,"comment_status":"closed","ping_status":"closed","sticky":false,"template":"","format":"standard","meta":{"_acf_changed":false,"_monsterinsights_skip_tracking":false,"_monsterinsights_sitenote_active":false,"_monsterinsights_sitenote_note":"","_monsterinsights_sitenote_category":0,"footnotes":""},"categories":[1618,1614,1857,1632,1631,1626,344],"tags":[2056,656,1226,338,831,424,811,994,723,755,1956,1637,1037,358,304,82,258,2105,1211,476,493,339],"writer":[1667],"translator":[1863],"source":[],"ilustrador":[],"fotografo":[],"class_list":{"0":"post-19973","1":"post","2":"type-post","3":"status-publish","4":"format-standard","5":"has-post-thumbnail","7":"category-olhonaparticipacao","8":"category-olhonasremocoes","9":"category-olhonaurbanizacao","10":"category-pesquisa-e-analise","11":"category-entendendo-o-rio","12":"category-por-observadores-internacionais","13":"category-politicas","14":"tag-aeis-zeis","15":"tag-concessao-de-uso","16":"tag-constituicao","17":"tag-direito","18":"tag-direito-a-cidade","19":"tag-direito-a-moradia","20":"tag-espaco-publico","21":"tag-habitacao-publica","22":"tag-investimento-publico","23":"tag-lei","24":"tag-lei-organica-do-municipio","25":"tag-referencia","26":"tag-moradia","27":"tag-organizacao-comunitaria","28":"tag-participacao","29":"tag-regularizacao-fundiaria","30":"tag-smh","31":"tag-serie-leis-habitacionais","32":"tag-servicos-publicos","33":"tag-solucao-comunitaria","34":"tag-urbanizacao","35":"tag-usucapiao","36":"writer-david-robertson","37":"translator-meg-young"},"acf":[],"yoast_head":"<!-- This site is optimized with the Yoast SEO plugin v25.6 - https:\/\/yoast.com\/wordpress\/plugins\/seo\/ -->\n<title>O Que as Leis Brasileiras Dizem Sobre o Direito \u00e0 Moradia? [REFER\u00caNCIA] - RioOnWatch<\/title>\n<meta name=\"robots\" content=\"index, follow, max-snippet:-1, max-image-preview:large, max-video-preview:-1\" \/>\n<link rel=\"canonical\" href=\"https:\/\/rioonwatch.org.br\/?p=19973\" \/>\n<meta property=\"og:locale\" content=\"pt_BR\" \/>\n<meta property=\"og:type\" content=\"article\" \/>\n<meta property=\"og:title\" content=\"O Que as Leis Brasileiras Dizem Sobre o Direito \u00e0 Moradia? [REFER\u00caNCIA] - RioOnWatch\" \/>\n<meta property=\"og:description\" content=\"Click Here for English Esta \u00e9 a primeira mat\u00e9ria de uma s\u00e9rie de tr\u00eas\u00a0que resume relat\u00f3rios sobre leis habitacionais no Brasil, organizados pelo Cyrus R. Vance Center for International Justice (Cyrus R. Vance Centro para [...]\" \/>\n<meta property=\"og:url\" content=\"https:\/\/rioonwatch.org.br\/?p=19973\" \/>\n<meta property=\"og:site_name\" content=\"RioOnWatch\" \/>\n<meta property=\"article:published_time\" content=\"2017-01-04T14:06:20+00:00\" \/>\n<meta property=\"article:modified_time\" content=\"2024-06-20T15:45:41+00:00\" \/>\n<meta property=\"og:image\" content=\"https:\/\/rioonwatch.org.br\/wp-content\/uploads\/2016\/05\/maxresdefault-1.jpg\" \/>\n\t<meta property=\"og:image:width\" content=\"1280\" \/>\n\t<meta property=\"og:image:height\" content=\"720\" \/>\n\t<meta property=\"og:image:type\" content=\"image\/jpeg\" \/>\n<meta name=\"author\" content=\"Admin\" \/>\n<meta name=\"twitter:card\" content=\"summary_large_image\" \/>\n<meta name=\"twitter:label1\" content=\"Escrito por\" \/>\n\t<meta name=\"twitter:data1\" content=\"Admin\" \/>\n\t<meta name=\"twitter:label2\" content=\"Est. tempo de leitura\" \/>\n\t<meta name=\"twitter:data2\" content=\"14 minutos\" \/>\n<script type=\"application\/ld+json\" class=\"yoast-schema-graph\">{\"@context\":\"https:\/\/schema.org\",\"@graph\":[{\"@type\":\"Article\",\"@id\":\"https:\/\/rioonwatch.org.br\/?p=19973#article\",\"isPartOf\":{\"@id\":\"https:\/\/rioonwatch.org.br\/?p=19973\"},\"author\":{\"name\":\"Admin\",\"@id\":\"https:\/\/rioonwatch.org.br\/#\/schema\/person\/11d64c290506f9df50c71b850c473f68\"},\"headline\":\"O Que as Leis Brasileiras Dizem Sobre o Direito \u00e0 Moradia? [REFER\u00caNCIA]\",\"datePublished\":\"2017-01-04T14:06:20+00:00\",\"dateModified\":\"2024-06-20T15:45:41+00:00\",\"mainEntityOfPage\":{\"@id\":\"https:\/\/rioonwatch.org.br\/?p=19973\"},\"wordCount\":2575,\"publisher\":{\"@id\":\"https:\/\/rioonwatch.org.br\/#organization\"},\"image\":{\"@id\":\"https:\/\/rioonwatch.org.br\/?p=19973#primaryimage\"},\"thumbnailUrl\":\"https:\/\/rioonwatch.org.br\/wp-content\/uploads\/2016\/05\/maxresdefault-1.jpg\",\"keywords\":[\"AEIS \/ ZEIS\",\"concess\u00e3o de uso\",\"constitui\u00e7\u00e3o\",\"direito\",\"Direito \u00e0 Cidade\",\"Direito \u00e0 Moradia\",\"espa\u00e7o p\u00fablico\",\"habita\u00e7\u00e3o p\u00fablica\",\"investimento p\u00fablico\",\"lei\",\"Lei Org\u00e2nica do Munic\u00edpio\",\"Mat\u00e9rias de Refer\u00eancia\",\"moradia\",\"organiza\u00e7\u00e3o comunit\u00e1ria\",\"participa\u00e7\u00e3o\",\"regulariza\u00e7\u00e3o fundi\u00e1ria\",\"Secretaria Municipal de Habita\u00e7\u00e3o (SMH)\",\"S\u00e9rie: Leis Habitacionais\",\"servi\u00e7os p\u00fablicos\",\"solu\u00e7\u00e3o comunit\u00e1ria\",\"urbaniza\u00e7\u00e3o\",\"usucapi\u00e3o\"],\"articleSection\":[\"#OlhoNaParticipa\u00e7\u00e3o\",\"#OlhoNasRemo\u00e7\u00f5es\",\"#OlhoNaUrbaniza\u00e7\u00e3o\",\"Dados e Pesquisa\",\"Entendendo o Rio\",\"Escrito por Aliados\",\"Pol\u00edticas\"],\"inLanguage\":\"pt-BR\"},{\"@type\":\"WebPage\",\"@id\":\"https:\/\/rioonwatch.org.br\/?p=19973\",\"url\":\"https:\/\/rioonwatch.org.br\/?p=19973\",\"name\":\"O Que as Leis Brasileiras Dizem Sobre o Direito \u00e0 Moradia? [REFER\u00caNCIA] - RioOnWatch\",\"isPartOf\":{\"@id\":\"https:\/\/rioonwatch.org.br\/#website\"},\"primaryImageOfPage\":{\"@id\":\"https:\/\/rioonwatch.org.br\/?p=19973#primaryimage\"},\"image\":{\"@id\":\"https:\/\/rioonwatch.org.br\/?p=19973#primaryimage\"},\"thumbnailUrl\":\"https:\/\/rioonwatch.org.br\/wp-content\/uploads\/2016\/05\/maxresdefault-1.jpg\",\"datePublished\":\"2017-01-04T14:06:20+00:00\",\"dateModified\":\"2024-06-20T15:45:41+00:00\",\"breadcrumb\":{\"@id\":\"https:\/\/rioonwatch.org.br\/?p=19973#breadcrumb\"},\"inLanguage\":\"pt-BR\",\"potentialAction\":[{\"@type\":\"ReadAction\",\"target\":[\"https:\/\/rioonwatch.org.br\/?p=19973\"]}]},{\"@type\":\"ImageObject\",\"inLanguage\":\"pt-BR\",\"@id\":\"https:\/\/rioonwatch.org.br\/?p=19973#primaryimage\",\"url\":\"https:\/\/rioonwatch.org.br\/wp-content\/uploads\/2016\/05\/maxresdefault-1.jpg\",\"contentUrl\":\"https:\/\/rioonwatch.org.br\/wp-content\/uploads\/2016\/05\/maxresdefault-1.jpg\",\"width\":1280,\"height\":720},{\"@type\":\"BreadcrumbList\",\"@id\":\"https:\/\/rioonwatch.org.br\/?p=19973#breadcrumb\",\"itemListElement\":[{\"@type\":\"ListItem\",\"position\":1,\"name\":\"In\u00edcio\",\"item\":\"https:\/\/rioonwatch.org.br\/\"},{\"@type\":\"ListItem\",\"position\":2,\"name\":\"O Que as Leis Brasileiras Dizem Sobre o Direito \u00e0 Moradia? [REFER\u00caNCIA]\"}]},{\"@type\":\"WebSite\",\"@id\":\"https:\/\/rioonwatch.org.br\/#website\",\"url\":\"https:\/\/rioonwatch.org.br\/\",\"name\":\"RioOnWatch\",\"description\":\"relatos das favelas cariocas\",\"publisher\":{\"@id\":\"https:\/\/rioonwatch.org.br\/#organization\"},\"potentialAction\":[{\"@type\":\"SearchAction\",\"target\":{\"@type\":\"EntryPoint\",\"urlTemplate\":\"https:\/\/rioonwatch.org.br\/?s={search_term_string}\"},\"query-input\":{\"@type\":\"PropertyValueSpecification\",\"valueRequired\":true,\"valueName\":\"search_term_string\"}}],\"inLanguage\":\"pt-BR\"},{\"@type\":\"Organization\",\"@id\":\"https:\/\/rioonwatch.org.br\/#organization\",\"name\":\"RioOnWatch\",\"url\":\"https:\/\/rioonwatch.org.br\/\",\"logo\":{\"@type\":\"ImageObject\",\"inLanguage\":\"pt-BR\",\"@id\":\"https:\/\/rioonwatch.org.br\/#\/schema\/logo\/image\/\",\"url\":\"https:\/\/rioonwatch.org.br\/wp-content\/uploads\/2021\/06\/RioOnWatchcabecalhoPT11anos-2.png\",\"contentUrl\":\"https:\/\/rioonwatch.org.br\/wp-content\/uploads\/2021\/06\/RioOnWatchcabecalhoPT11anos-2.png\",\"width\":779,\"height\":277,\"caption\":\"RioOnWatch\"},\"image\":{\"@id\":\"https:\/\/rioonwatch.org.br\/#\/schema\/logo\/image\/\"}},{\"@type\":\"Person\",\"@id\":\"https:\/\/rioonwatch.org.br\/#\/schema\/person\/11d64c290506f9df50c71b850c473f68\",\"name\":\"Admin\",\"image\":{\"@type\":\"ImageObject\",\"inLanguage\":\"pt-BR\",\"@id\":\"https:\/\/rioonwatch.org.br\/#\/schema\/person\/image\/\",\"url\":\"https:\/\/secure.gravatar.com\/avatar\/56211ac74568383903349a1485e3c325?s=96&d=blank&r=g\",\"contentUrl\":\"https:\/\/secure.gravatar.com\/avatar\/56211ac74568383903349a1485e3c325?s=96&d=blank&r=g\",\"caption\":\"Admin\"},\"url\":\"https:\/\/rioonwatch.org.br\/?author=129\"}]}<\/script>\n<!-- \/ Yoast SEO plugin. -->","yoast_head_json":{"title":"O Que as Leis Brasileiras Dizem Sobre o Direito \u00e0 Moradia? [REFER\u00caNCIA] - RioOnWatch","robots":{"index":"index","follow":"follow","max-snippet":"max-snippet:-1","max-image-preview":"max-image-preview:large","max-video-preview":"max-video-preview:-1"},"canonical":"https:\/\/rioonwatch.org.br\/?p=19973","og_locale":"pt_BR","og_type":"article","og_title":"O Que as Leis Brasileiras Dizem Sobre o Direito \u00e0 Moradia? [REFER\u00caNCIA] - RioOnWatch","og_description":"Click Here for English Esta \u00e9 a primeira mat\u00e9ria de uma s\u00e9rie de tr\u00eas\u00a0que resume relat\u00f3rios sobre leis habitacionais no Brasil, organizados pelo Cyrus R. Vance Center for International Justice (Cyrus R. Vance Centro para [...]","og_url":"https:\/\/rioonwatch.org.br\/?p=19973","og_site_name":"RioOnWatch","article_published_time":"2017-01-04T14:06:20+00:00","article_modified_time":"2024-06-20T15:45:41+00:00","og_image":[{"width":1280,"height":720,"url":"https:\/\/rioonwatch.org.br\/wp-content\/uploads\/2016\/05\/maxresdefault-1.jpg","type":"image\/jpeg"}],"author":"Admin","twitter_card":"summary_large_image","twitter_misc":{"Escrito por":"Admin","Est. tempo de leitura":"14 minutos"},"schema":{"@context":"https:\/\/schema.org","@graph":[{"@type":"Article","@id":"https:\/\/rioonwatch.org.br\/?p=19973#article","isPartOf":{"@id":"https:\/\/rioonwatch.org.br\/?p=19973"},"author":{"name":"Admin","@id":"https:\/\/rioonwatch.org.br\/#\/schema\/person\/11d64c290506f9df50c71b850c473f68"},"headline":"O Que as Leis Brasileiras Dizem Sobre o Direito \u00e0 Moradia? [REFER\u00caNCIA]","datePublished":"2017-01-04T14:06:20+00:00","dateModified":"2024-06-20T15:45:41+00:00","mainEntityOfPage":{"@id":"https:\/\/rioonwatch.org.br\/?p=19973"},"wordCount":2575,"publisher":{"@id":"https:\/\/rioonwatch.org.br\/#organization"},"image":{"@id":"https:\/\/rioonwatch.org.br\/?p=19973#primaryimage"},"thumbnailUrl":"https:\/\/rioonwatch.org.br\/wp-content\/uploads\/2016\/05\/maxresdefault-1.jpg","keywords":["AEIS \/ ZEIS","concess\u00e3o de uso","constitui\u00e7\u00e3o","direito","Direito \u00e0 Cidade","Direito \u00e0 Moradia","espa\u00e7o p\u00fablico","habita\u00e7\u00e3o p\u00fablica","investimento p\u00fablico","lei","Lei Org\u00e2nica do Munic\u00edpio","Mat\u00e9rias de Refer\u00eancia","moradia","organiza\u00e7\u00e3o comunit\u00e1ria","participa\u00e7\u00e3o","regulariza\u00e7\u00e3o fundi\u00e1ria","Secretaria Municipal de Habita\u00e7\u00e3o (SMH)","S\u00e9rie: Leis Habitacionais","servi\u00e7os p\u00fablicos","solu\u00e7\u00e3o comunit\u00e1ria","urbaniza\u00e7\u00e3o","usucapi\u00e3o"],"articleSection":["#OlhoNaParticipa\u00e7\u00e3o","#OlhoNasRemo\u00e7\u00f5es","#OlhoNaUrbaniza\u00e7\u00e3o","Dados e Pesquisa","Entendendo o Rio","Escrito por Aliados","Pol\u00edticas"],"inLanguage":"pt-BR"},{"@type":"WebPage","@id":"https:\/\/rioonwatch.org.br\/?p=19973","url":"https:\/\/rioonwatch.org.br\/?p=19973","name":"O Que as Leis Brasileiras Dizem Sobre o Direito \u00e0 Moradia? [REFER\u00caNCIA] - RioOnWatch","isPartOf":{"@id":"https:\/\/rioonwatch.org.br\/#website"},"primaryImageOfPage":{"@id":"https:\/\/rioonwatch.org.br\/?p=19973#primaryimage"},"image":{"@id":"https:\/\/rioonwatch.org.br\/?p=19973#primaryimage"},"thumbnailUrl":"https:\/\/rioonwatch.org.br\/wp-content\/uploads\/2016\/05\/maxresdefault-1.jpg","datePublished":"2017-01-04T14:06:20+00:00","dateModified":"2024-06-20T15:45:41+00:00","breadcrumb":{"@id":"https:\/\/rioonwatch.org.br\/?p=19973#breadcrumb"},"inLanguage":"pt-BR","potentialAction":[{"@type":"ReadAction","target":["https:\/\/rioonwatch.org.br\/?p=19973"]}]},{"@type":"ImageObject","inLanguage":"pt-BR","@id":"https:\/\/rioonwatch.org.br\/?p=19973#primaryimage","url":"https:\/\/rioonwatch.org.br\/wp-content\/uploads\/2016\/05\/maxresdefault-1.jpg","contentUrl":"https:\/\/rioonwatch.org.br\/wp-content\/uploads\/2016\/05\/maxresdefault-1.jpg","width":1280,"height":720},{"@type":"BreadcrumbList","@id":"https:\/\/rioonwatch.org.br\/?p=19973#breadcrumb","itemListElement":[{"@type":"ListItem","position":1,"name":"In\u00edcio","item":"https:\/\/rioonwatch.org.br\/"},{"@type":"ListItem","position":2,"name":"O Que as Leis Brasileiras Dizem Sobre o Direito \u00e0 Moradia? [REFER\u00caNCIA]"}]},{"@type":"WebSite","@id":"https:\/\/rioonwatch.org.br\/#website","url":"https:\/\/rioonwatch.org.br\/","name":"RioOnWatch","description":"relatos das favelas cariocas","publisher":{"@id":"https:\/\/rioonwatch.org.br\/#organization"},"potentialAction":[{"@type":"SearchAction","target":{"@type":"EntryPoint","urlTemplate":"https:\/\/rioonwatch.org.br\/?s={search_term_string}"},"query-input":{"@type":"PropertyValueSpecification","valueRequired":true,"valueName":"search_term_string"}}],"inLanguage":"pt-BR"},{"@type":"Organization","@id":"https:\/\/rioonwatch.org.br\/#organization","name":"RioOnWatch","url":"https:\/\/rioonwatch.org.br\/","logo":{"@type":"ImageObject","inLanguage":"pt-BR","@id":"https:\/\/rioonwatch.org.br\/#\/schema\/logo\/image\/","url":"https:\/\/rioonwatch.org.br\/wp-content\/uploads\/2021\/06\/RioOnWatchcabecalhoPT11anos-2.png","contentUrl":"https:\/\/rioonwatch.org.br\/wp-content\/uploads\/2021\/06\/RioOnWatchcabecalhoPT11anos-2.png","width":779,"height":277,"caption":"RioOnWatch"},"image":{"@id":"https:\/\/rioonwatch.org.br\/#\/schema\/logo\/image\/"}},{"@type":"Person","@id":"https:\/\/rioonwatch.org.br\/#\/schema\/person\/11d64c290506f9df50c71b850c473f68","name":"Admin","image":{"@type":"ImageObject","inLanguage":"pt-BR","@id":"https:\/\/rioonwatch.org.br\/#\/schema\/person\/image\/","url":"https:\/\/secure.gravatar.com\/avatar\/56211ac74568383903349a1485e3c325?s=96&d=blank&r=g","contentUrl":"https:\/\/secure.gravatar.com\/avatar\/56211ac74568383903349a1485e3c325?s=96&d=blank&r=g","caption":"Admin"},"url":"https:\/\/rioonwatch.org.br\/?author=129"}]}},"_links":{"self":[{"href":"https:\/\/rioonwatch.org.br\/index.php?rest_route=\/wp\/v2\/posts\/19973"}],"collection":[{"href":"https:\/\/rioonwatch.org.br\/index.php?rest_route=\/wp\/v2\/posts"}],"about":[{"href":"https:\/\/rioonwatch.org.br\/index.php?rest_route=\/wp\/v2\/types\/post"}],"author":[{"embeddable":true,"href":"https:\/\/rioonwatch.org.br\/index.php?rest_route=\/wp\/v2\/users\/129"}],"replies":[{"embeddable":true,"href":"https:\/\/rioonwatch.org.br\/index.php?rest_route=%2Fwp%2Fv2%2Fcomments&post=19973"}],"version-history":[{"count":35,"href":"https:\/\/rioonwatch.org.br\/index.php?rest_route=\/wp\/v2\/posts\/19973\/revisions"}],"predecessor-version":[{"id":74119,"href":"https:\/\/rioonwatch.org.br\/index.php?rest_route=\/wp\/v2\/posts\/19973\/revisions\/74119"}],"wp:featuredmedia":[{"embeddable":true,"href":"https:\/\/rioonwatch.org.br\/index.php?rest_route=\/wp\/v2\/media\/19976"}],"wp:attachment":[{"href":"https:\/\/rioonwatch.org.br\/index.php?rest_route=%2Fwp%2Fv2%2Fmedia&parent=19973"}],"wp:term":[{"taxonomy":"category","embeddable":true,"href":"https:\/\/rioonwatch.org.br\/index.php?rest_route=%2Fwp%2Fv2%2Fcategories&post=19973"},{"taxonomy":"post_tag","embeddable":true,"href":"https:\/\/rioonwatch.org.br\/index.php?rest_route=%2Fwp%2Fv2%2Ftags&post=19973"},{"taxonomy":"writer","embeddable":true,"href":"https:\/\/rioonwatch.org.br\/index.php?rest_route=%2Fwp%2Fv2%2Fwriter&post=19973"},{"taxonomy":"translator","embeddable":true,"href":"https:\/\/rioonwatch.org.br\/index.php?rest_route=%2Fwp%2Fv2%2Ftranslator&post=19973"},{"taxonomy":"source","embeddable":true,"href":"https:\/\/rioonwatch.org.br\/index.php?rest_route=%2Fwp%2Fv2%2Fsource&post=19973"},{"taxonomy":"ilustrador","embeddable":true,"href":"https:\/\/rioonwatch.org.br\/index.php?rest_route=%2Fwp%2Fv2%2Filustrador&post=19973"},{"taxonomy":"fotografo","embeddable":true,"href":"https:\/\/rioonwatch.org.br\/index.php?rest_route=%2Fwp%2Fv2%2Ffotografo&post=19973"}],"curies":[{"name":"wp","href":"https:\/\/api.w.org\/{rel}","templated":true}]}}