{"id":20024,"date":"2016-05-27T19:10:10","date_gmt":"2016-05-27T22:10:10","guid":{"rendered":"http:\/\/rioonwatch.org.br\/?p=20024"},"modified":"2023-08-01T16:43:50","modified_gmt":"2023-08-01T19:43:50","slug":"redes-sociais-reagem-a-brutal-estupro-coletivo-de-adolescente-em-santa-cruz","status":"publish","type":"post","link":"https:\/\/rioonwatch.org.br\/?p=20024","title":{"rendered":"Redes Sociais Reagem a Brutal Estupro Coletivo de Adolescente em Santa Cruz"},"content":{"rendered":"<p style=\"text-align: right;\"><em><strong><a href=\"http:\/\/bit.ly\/1UascsF\" target=\"_blank\" rel=\"noopener\">Click Here for English<img decoding=\"async\" width=\"20\" height=\"20\" class=\"alignright wp-image-15790\" src=\"http:\/\/rioonwatch.org.br\/wp-content\/uploads\/2012\/08\/EN-standard-e1439583104716.jpg\" alt=\"\" \/><\/a><\/strong><\/em><\/p>\n<p>O <a href=\"http:\/\/bit.ly\/1UiHvCz\" target=\"_blank\" rel=\"noopener\">estupro brutal de uma menina de 16 anos por 33 homens<\/a> em uma favela em <a href=\"http:\/\/bit.ly\/1eH5Mym\" target=\"_blank\" rel=\"noopener\">Santa Cruz<\/a>, na <a href=\"http:\/\/bit.ly\/11tBmFR\" target=\"_blank\" rel=\"noopener\">Zona Oeste<\/a> do Rio de Janeiro tem gerado horror generalizado e indigna\u00e7\u00e3o. V\u00eddeos e fotos do calv\u00e1rio da menina foram publicados e compartilhados <a href=\"http:\/\/bit.ly\/1TERVdl\" target=\"_blank\" rel=\"noopener\">mais de 500 vezes<\/a> no Twitter com coment\u00e1rios comemorando o ataque antes que as contas foram suspensas. O Minist\u00e9rio P\u00fablico do Rio recebeu mais de 800 queixas ap\u00f3s a publica\u00e7\u00e3o do v\u00eddeo na quarta-feira de manh\u00e3. A pol\u00edcia est\u00e1\u00a0investigando o caso. Quatro dos atacantes <a href=\"http:\/\/glo.bo\/1XBQ6Ts\" target=\"_blank\" rel=\"noopener\">foram identificados<\/a>.<\/p>\n<p>O crime e a partilha do v\u00eddeo provocaram rea\u00e7\u00f5es intensas de organiza\u00e7\u00f5es pelos direitos das mulheres e comentaristas nas redes sociais. A entidade ONU Mulheres do Brasil\u00a0<a href=\"http:\/\/bit.ly\/1WZR0dU\" target=\"_blank\" rel=\"noopener\">publicou uma declara\u00e7\u00e3o<\/a> pedindo uma investiga\u00e7\u00e3o completa e apoio \u00e0 v\u00edtima e chamou a aten\u00e7\u00e3o para novas viola\u00e7\u00f5es que s\u00e3o cometidas ao publicar\u00a0e partilhar materiais que documentam o crime: &#8220;A revitimiza\u00e7\u00e3o acontece pela exposi\u00e7\u00e3o social da v\u00edtima e dos crimes, incluindo imagens e v\u00eddeos em redes sociais e demais meios de comunica\u00e7\u00e3o, em a\u00e7\u00f5es de viola\u00e7\u00e3o do respeito e da dignidade das v\u00edtimas, entre eles a falta de privacidade, a culpabiliza\u00e7\u00e3o e os julgamentos morais baseados em preconceitos e discrimina\u00e7\u00f5es sexistas&#8221;. O comunicado conclui: &#8220;A\u00a0ONU Mulheres pede toler\u00e2ncia zero a todas as formas de <a href=\"http:\/\/bit.ly\/1LmWUKm\" target=\"_blank\" rel=\"noopener\">viol\u00eancia contra as mulheres<\/a> e a sua banaliza\u00e7\u00e3o&#8221;.<\/p>\n<p><a href=\"http:\/\/rioonwatch.org.br\/wp-content\/uploads\/2016\/05\/13266073_607983176027356_7023641677671868898_n.jpg\"><img fetchpriority=\"high\" decoding=\"async\" class=\"aligncenter wp-image-20030 size-medium\" title=\"Ilustra\u00e7\u00e3o por Ribs\" src=\"http:\/\/rioonwatch.org.br\/wp-content\/uploads\/2016\/05\/13266073_607983176027356_7023641677671868898_n-620x465.jpg\" alt=\"Ilustra\u00e7\u00e3o por Ribs\" width=\"620\" height=\"465\" srcset=\"https:\/\/rioonwatch.org.br\/wp-content\/uploads\/2016\/05\/13266073_607983176027356_7023641677671868898_n-620x465.jpg 620w, https:\/\/rioonwatch.org.br\/wp-content\/uploads\/2016\/05\/13266073_607983176027356_7023641677671868898_n-352x264.jpg 352w, https:\/\/rioonwatch.org.br\/wp-content\/uploads\/2016\/05\/13266073_607983176027356_7023641677671868898_n-768x576.jpg 768w, https:\/\/rioonwatch.org.br\/wp-content\/uploads\/2016\/05\/13266073_607983176027356_7023641677671868898_n-174x131.jpg 174w, https:\/\/rioonwatch.org.br\/wp-content\/uploads\/2016\/05\/13266073_607983176027356_7023641677671868898_n-300x225.jpg 300w, https:\/\/rioonwatch.org.br\/wp-content\/uploads\/2016\/05\/13266073_607983176027356_7023641677671868898_n-70x53.jpg 70w, https:\/\/rioonwatch.org.br\/wp-content\/uploads\/2016\/05\/13266073_607983176027356_7023641677671868898_n.jpg 960w\" sizes=\"(max-width: 620px) 100vw, 620px\" \/><\/a><\/p>\n<p>A OAB-RJ publicou uma <a href=\"http:\/\/bit.ly\/1NRLl6v\" target=\"_blank\" rel=\"noopener\">declara\u00e7\u00e3o afirmando<\/a> que estava oferecendo apoio jur\u00eddico \u00e0 v\u00edtima e chamando o crime de um ato de &#8220;barb\u00e1rie&#8221;, que &#8220;demonstra, lamentavelmente, a cultura machista que ainda existe, em pleno S\u00e9culo 21&#8221;. A nota convida a sociedade a expressar sua &#8220;revolta e mobiliza\u00e7\u00e3o&#8221; e a combater o machismo cotidiano que permite a viol\u00eancia sexual.<\/p>\n<p>Estes sentimentos ecoaram em todas as m\u00eddias sociais com centenas expressando seu horror e indigna\u00e7\u00e3o com as hashtags <a href=\"http:\/\/bit.ly\/1U08aRH\" target=\"_blank\" rel=\"noopener\">#EstuproColetivo<\/a>, <a href=\"http:\/\/bit.ly\/1qOaKTo\" target=\"_blank\" rel=\"noopener\">#Estupro<\/a>\u00a0e <a href=\"http:\/\/bit.ly\/1WZUFsf\" target=\"_blank\" rel=\"noopener\">#UmDiaSemEstupro<\/a>\u00a0se espalhando no Twitter na quinta-feira. Coment\u00e1rios expressavam solidariedade com a v\u00edtima, chamando aten\u00e7\u00e3o para a predominante <a href=\"http:\/\/bit.ly\/1TFC3r7\" target=\"_blank\" rel=\"noopener\">culpabiliza\u00e7\u00e3o da v\u00edtima<\/a>, exigindo justi\u00e7a e total apoio para a v\u00edtima e pedindo um fim \u00e0 <a href=\"http:\/\/bit.ly\/1X1z7eA\" target=\"_blank\" rel=\"noopener\">cultura de estupro<\/a>.<\/p>\n<p><a href=\"http:\/\/rioonwatch.org.br\/wp-content\/uploads\/2016\/05\/13256448_714581958684297_6139332796565526612_n.jpg\"><img decoding=\"async\" class=\"aligncenter wp-image-20032 size-medium\" title=\"&quot;16 anos, mas j\u00e1 tem filho...&quot;, &quot;Parece que tava drogada...&quot;, &quot;tamb\u00e9m, com essas roupas...&quot;, &quot;Mereceu!&quot; Ilustra\u00e7\u00e3o po Vitor Teixeira.\" src=\"http:\/\/rioonwatch.org.br\/wp-content\/uploads\/2016\/05\/13256448_714581958684297_6139332796565526612_n-620x437.jpg\" alt=\"&quot;16 anos, mas j\u00e1 tem filho...&quot;, &quot;Parece que tava drogada...&quot;, &quot;tamb\u00e9m, com essas roupas...&quot;, &quot;Mereceu!&quot; Ilustra\u00e7\u00e3o po Vitor Teixeira.\" width=\"620\" height=\"437\" srcset=\"https:\/\/rioonwatch.org.br\/wp-content\/uploads\/2016\/05\/13256448_714581958684297_6139332796565526612_n-620x437.jpg 620w, https:\/\/rioonwatch.org.br\/wp-content\/uploads\/2016\/05\/13256448_714581958684297_6139332796565526612_n-375x264.jpg 375w, https:\/\/rioonwatch.org.br\/wp-content\/uploads\/2016\/05\/13256448_714581958684297_6139332796565526612_n-768x541.jpg 768w, https:\/\/rioonwatch.org.br\/wp-content\/uploads\/2016\/05\/13256448_714581958684297_6139332796565526612_n.jpg 900w\" sizes=\"(max-width: 620px) 100vw, 620px\" \/><\/a><\/p>\n<p>Usu\u00e1rios das redes sociais denunciaram aqueles que assistiram e compartilharam os v\u00eddeos e imagens que documentam o crime. A rep\u00f3rter do canal <em>SBT<\/em>, Juliana Maciel, <a href=\"http:\/\/bit.ly\/1VlsP85\" target=\"_blank\" rel=\"noopener\">tuitou<\/a>: &#8220;Quem divulga as imagens \u00e9 t\u00e3o criminoso quanto os estupradores&#8221;,\u00a0acrescentando,\u00a0&#8220;isso vale para n\u00f3s, jornalistas, tamb\u00e9m&#8221;.<\/p>\n<p>Muitos reagiram fortemente aos relatos do ataque, afirmando que tal viol\u00eancia sexual \u00e9 um ataque a todas as mulheres. A blogueira de S\u00e3o Paulo, Daniele Polis, <a href=\"http:\/\/bit.ly\/1Z5JED2\" target=\"_blank\" rel=\"noopener\">tuitou<\/a>:\u00a0&#8220;N\u00e3o importa se \u00e9 uma familiar, amiga ou completa desconhecida. Se voc\u00ea \u00e9 mulher, tem que saber que essa luta tamb\u00e9m \u00e9 sua&#8221;.<\/p>\n<p>Em um artigo comovente e amplamente compartilhado <a href=\"http:\/\/bit.ly\/1WpjXPW\" target=\"_blank\" rel=\"noopener\">publicado no <em>Bhaz<\/em><\/a>, a colunista Luara Colpa expressa solidariedade com a v\u00edtima e pediu para que todos denunciem os crimes: &#8220;Que cada uma de n\u00f3s seja porta voz do ocorrido. Se a grande m\u00eddia n\u00e3o denuncia a viol\u00eancia contra a mulher perif\u00e9rica, que nossas m\u00e3os sejam den\u00fancia&#8221;.<\/p>\n<p><a href=\"http:\/\/rioonwatch.org.br\/wp-content\/uploads\/2016\/05\/13267887_607990936026580_225060870723317771_n.jpg\"><img loading=\"lazy\" decoding=\"async\" class=\"aligncenter wp-image-20033\" title=\"Ilustra\u00e7\u00e3o por Ribs\" src=\"http:\/\/rioonwatch.org.br\/wp-content\/uploads\/2016\/05\/13267887_607990936026580_225060870723317771_n.jpg\" alt=\"Ilustra\u00e7\u00e3o por Ribs\" width=\"620\" height=\"827\" srcset=\"https:\/\/rioonwatch.org.br\/wp-content\/uploads\/2016\/05\/13267887_607990936026580_225060870723317771_n.jpg 720w, https:\/\/rioonwatch.org.br\/wp-content\/uploads\/2016\/05\/13267887_607990936026580_225060870723317771_n-198x264.jpg 198w, https:\/\/rioonwatch.org.br\/wp-content\/uploads\/2016\/05\/13267887_607990936026580_225060870723317771_n-465x620.jpg 465w\" sizes=\"(max-width: 620px) 100vw, 620px\" \/><\/a><\/p>\n<p>Muitos comentaristas publicaram reflex\u00f5es sobre como o combate \u00e0 viol\u00eancia sexual exige que os homens se recusem ativamente a participar com cumplicidade ao machismo\u00a0cotidiano. O fot\u00f3grafo e produtor cultural <a href=\"http:\/\/bit.ly\/1VmedFt\" target=\"_blank\" rel=\"noopener\">JV Santos<\/a> do coletivo cultural <a href=\"http:\/\/bit.ly\/19NvhvT\" target=\"_blank\" rel=\"noopener\">Norte Comum<\/a> <a href=\"http:\/\/bit.ly\/1WpmNEu\" target=\"_blank\" rel=\"noopener\">publicou no Facebook<\/a>:<\/p>\n<blockquote><p>\u201cQueria dar um papo direto e reto para os caras que eu conhe\u00e7o, e quem \u00e9 pra ouvir esse papo t\u00e1 ligado. As fotos e v\u00eddeos que voc\u00eas compartilham no grupo do zap depois de terem transado com as minas, as piadas, os apelidos, a explana\u00e7\u00e3o da intimidade da mina na rodinha dos camaradas, os xingamentos no tr\u00e2nsito, as gracinhas que fala pra elas quando passam na rua, as porradas por conta de ci\u00fames, enfim, toda a viol\u00eancia e utilitarismo que n\u00f3s homens fazemos do corpo feminino, n\u00e3o \u00e9 menor. Tudo faz parte do mesmo fluxo de rela\u00e7\u00f5es abusivas com as mulheres, que herdamos e, na maioria das vezes, n\u00e3o fazemos quest\u00e3o de nos questionar.<\/p>\n<p>\u00c9 de extrema import\u00e2ncia que troquemos ideia sobre isso em todos os espa\u00e7os. Chama aquele camarada que tu gosta, mas que tu sabe que \u00e9 violento e n\u00e3o respeita as minas, seja ela namorada, amiga, irm\u00e3, ou m\u00e3e, e d\u00e1 um papo reto nele. Mostra a not\u00edcia desse e de todos os outros estupros e viol\u00eancias que acontecem todos os dias, prop\u00f5e alteridade, mesmo que isso seja extremamente ut\u00f3pico. J\u00e1 passou da hora dos homens conversarem sobre viol\u00eancia contra mulheres com a mesma vontade que troca ideia sobre futebol.\u201d<\/p><\/blockquote>\n<p>A brutalidade e natureza chocante do crime levou muitos a marcar os autores como &#8220;monstros&#8221;. No entanto, alguns criticaram essa rea\u00e7\u00e3o e apontaram para os perigos de considerar os atacantes como &#8220;outros&#8221;. A antrop\u00f3loga Patr\u00edcia Lanes <a href=\"http:\/\/bit.ly\/1NRROOy\" target=\"_blank\" rel=\"noopener\">publicou no Facebook<\/a>:<\/p>\n<blockquote><p><i>&#8220;<\/i>N\u00e3o foram &#8216;monstros&#8217;, nem &#8216;doentes&#8217;. Foram homens achando que tinham o direito de violar, abusar, violentar o corpo de uma mulher. E, n\u00e3o esque\u00e7amos, al\u00e9m dos 30 estupradores, foram centenas, provavelmente milhares de pessoas (n\u00e3o s\u00f3 homens) que compartilharam imagens da mo\u00e7a desacordada sofrendo mais viol\u00eancia ap\u00f3s o estupro coletivo. Sabe pq eu estou falando isso? Pq se continuarmos achando que s\u00e3o &#8216;os outros&#8217; que fazem isso, nada muda. &#8216;N\u00f3s&#8217; fizemos. Todo mundo que se omite diante de uma viol\u00eancia, que ri junto de piada machista, que recebe fotos\/videos pelo whatsapp sem autoriza\u00e7\u00e3o da pessoa e n\u00e3o fala nada, que trata toda mulher que n\u00e3o \u00e9 sua parente como puta, vadia&#8230; Todo mundo conivente. E, coleguinhas homens, sim, a responsabilidade de vcs nessa baga\u00e7a \u00e9 maior do que a nossa.\u00a0Sinceramente, o que vcs t\u00eam feito pra mudar as rela\u00e7\u00f5es de g\u00eanero? Tem muita coisa a ser feita. E dizer como o movimento feminista deveria ser n\u00e3o \u00e9 uma delas. Por favor, conversem entre vcs, conven\u00e7am os amigos, n\u00e3o riam das piadas, nem compartilhem os v\u00eddeos. Melhorem, por favor, melhorem.<i>\u201d<\/i><\/p><\/blockquote>\n<p>De acordo com dados do Relat\u00f3rio de Seguran\u00e7a P\u00fablica de 2014, um estupro \u00e9 cometido a cada 11 minutos no Brasil. Os n\u00fameros do mesmo ano afirmam que 90,2% das mulheres brasileiras temem ser v\u00edtima de viol\u00eancia sexual. 47,646 estupros foram relatados em 2014. Estima-se que apenas 35% dos estupros no Brasil sejam relatados.<\/p>\n<p>Um protesto intitulado &#8220;<a href=\"http:\/\/bit.ly\/1NScC8K\" target=\"_blank\" rel=\"noopener\">N\u00c3O ao Estupro!<\/a>&#8221; foi organizado para hoje, sexta-feira 27 de maio, \u00e0s 18:00 do lado de fora da Assembl\u00e9ia Legislativa do Estado do Rio (Alerj). A <a href=\"http:\/\/bit.ly\/1NScC8K\" target=\"_blank\" rel=\"noopener\">descri\u00e7\u00e3o do evento no Facebook<\/a> convida os participantes: &#8220;Vamos para a porta da Alerj, de forma simb\u00f3lica e pac\u00edfica, reclamar investiga\u00e7\u00e3o, puni\u00e7\u00e3o, compromisso com a dignidade da mulher nessa sociedade! Na sociedade que vivemos!&#8221;<\/p>\n<!-- AddThis Advanced Settings generic via filter on the_content --><!-- AddThis Share Buttons generic via filter on the_content -->","protected":false},"excerpt":{"rendered":"<div class=\"mh-excerpt\"><p>Click Here for English O estupro brutal de uma menina de 16 anos por 33 homens em uma favela em Santa Cruz, na Zona Oeste do Rio de Janeiro tem gerado horror generalizado e indigna\u00e7\u00e3o. <a class=\"mh-excerpt-more\" href=\"https:\/\/rioonwatch.org.br\/?p=20024\" title=\"Redes Sociais Reagem a Brutal Estupro Coletivo de Adolescente em Santa Cruz\">[&#8230;]<\/a><!-- AddThis Advanced Settings generic via filter on get_the_excerpt --><!-- AddThis Share Buttons generic via filter on get_the_excerpt --><\/p>\n<\/div>","protected":false},"author":129,"featured_media":20026,"comment_status":"closed","ping_status":"closed","sticky":false,"template":"","format":"standard","meta":{"_acf_changed":false,"_monsterinsights_skip_tracking":false,"_monsterinsights_sitenote_active":false,"_monsterinsights_sitenote_note":"","_monsterinsights_sitenote_category":0,"footnotes":""},"categories":[1621,346,1631],"tags":[943,1852,677,1790,42,379,134,30,2387,1864,184],"writer":[402],"translator":[1500],"source":[],"ilustrador":[],"fotografo":[],"class_list":{"0":"post-20024","1":"post","2":"type-post","3":"status-publish","4":"format-standard","5":"has-post-thumbnail","7":"category-destaque","8":"category-denuncias","9":"category-entendendo-o-rio","10":"tag-oquedizemasredes","11":"tag-alerj","12":"tag-crime-sexual","13":"tag-feminismo","14":"tag-genero","15":"tag-midia-social","16":"tag-santa-cruz","17":"tag-violencia","18":"tag-violencia-contra-a-mulher","19":"tag-violencia-sexual","20":"tag-zona-oeste","21":"writer-felicity-clarke","22":"translator-pedro-mansur"},"acf":[],"yoast_head":"<!-- This site is optimized with the Yoast SEO plugin v25.6 - https:\/\/yoast.com\/wordpress\/plugins\/seo\/ -->\n<title>Redes Sociais Reagem a Brutal Estupro Coletivo de Adolescente em Santa Cruz - RioOnWatch<\/title>\n<meta name=\"robots\" content=\"index, follow, max-snippet:-1, max-image-preview:large, max-video-preview:-1\" \/>\n<link rel=\"canonical\" href=\"https:\/\/rioonwatch.org.br\/?p=20024\" \/>\n<meta property=\"og:locale\" content=\"pt_BR\" \/>\n<meta property=\"og:type\" content=\"article\" \/>\n<meta property=\"og:title\" content=\"Redes Sociais Reagem a Brutal Estupro Coletivo de Adolescente em Santa Cruz - RioOnWatch\" \/>\n<meta property=\"og:description\" content=\"Click Here for English O estupro brutal de uma menina de 16 anos por 33 homens em uma favela em Santa Cruz, na Zona Oeste do Rio de Janeiro tem gerado horror generalizado e indigna\u00e7\u00e3o. [...]\" \/>\n<meta property=\"og:url\" content=\"https:\/\/rioonwatch.org.br\/?p=20024\" \/>\n<meta property=\"og:site_name\" content=\"RioOnWatch\" \/>\n<meta property=\"article:published_time\" content=\"2016-05-27T22:10:10+00:00\" \/>\n<meta property=\"article:modified_time\" content=\"2023-08-01T19:43:50+00:00\" \/>\n<meta property=\"og:image\" content=\"https:\/\/rioonwatch.org.br\/wp-content\/uploads\/2016\/05\/estupro-reproducao-facebook-maria-fro.png\" \/>\n\t<meta property=\"og:image:width\" content=\"960\" \/>\n\t<meta property=\"og:image:height\" content=\"323\" \/>\n\t<meta property=\"og:image:type\" content=\"image\/png\" \/>\n<meta name=\"author\" content=\"Admin\" \/>\n<meta name=\"twitter:card\" content=\"summary_large_image\" \/>\n<meta name=\"twitter:label1\" content=\"Escrito por\" \/>\n\t<meta name=\"twitter:data1\" content=\"Admin\" \/>\n\t<meta name=\"twitter:label2\" content=\"Est. tempo de leitura\" \/>\n\t<meta name=\"twitter:data2\" content=\"6 minutos\" \/>\n<script type=\"application\/ld+json\" class=\"yoast-schema-graph\">{\"@context\":\"https:\/\/schema.org\",\"@graph\":[{\"@type\":\"Article\",\"@id\":\"https:\/\/rioonwatch.org.br\/?p=20024#article\",\"isPartOf\":{\"@id\":\"https:\/\/rioonwatch.org.br\/?p=20024\"},\"author\":{\"name\":\"Admin\",\"@id\":\"https:\/\/rioonwatch.org.br\/#\/schema\/person\/11d64c290506f9df50c71b850c473f68\"},\"headline\":\"Redes Sociais Reagem a Brutal Estupro Coletivo de Adolescente em Santa Cruz\",\"datePublished\":\"2016-05-27T22:10:10+00:00\",\"dateModified\":\"2023-08-01T19:43:50+00:00\",\"mainEntityOfPage\":{\"@id\":\"https:\/\/rioonwatch.org.br\/?p=20024\"},\"wordCount\":1176,\"publisher\":{\"@id\":\"https:\/\/rioonwatch.org.br\/#organization\"},\"image\":{\"@id\":\"https:\/\/rioonwatch.org.br\/?p=20024#primaryimage\"},\"thumbnailUrl\":\"https:\/\/rioonwatch.org.br\/wp-content\/uploads\/2016\/05\/estupro-reproducao-facebook-maria-fro.png\",\"keywords\":[\"#OQueDizemAsRedes\",\"Alerj\",\"crime sexual\",\"feminismo\",\"g\u00eanero\",\"m\u00eddia social\",\"Santa Cruz\",\"viol\u00eancia\",\"viol\u00eancia contra a mulher\",\"viol\u00eancia sexual\",\"Zona Oeste\"],\"articleSection\":[\"*Destaque\",\"Den\u00fancias\",\"Entendendo o Rio\"],\"inLanguage\":\"pt-BR\"},{\"@type\":\"WebPage\",\"@id\":\"https:\/\/rioonwatch.org.br\/?p=20024\",\"url\":\"https:\/\/rioonwatch.org.br\/?p=20024\",\"name\":\"Redes Sociais Reagem a Brutal Estupro Coletivo de Adolescente em Santa Cruz - RioOnWatch\",\"isPartOf\":{\"@id\":\"https:\/\/rioonwatch.org.br\/#website\"},\"primaryImageOfPage\":{\"@id\":\"https:\/\/rioonwatch.org.br\/?p=20024#primaryimage\"},\"image\":{\"@id\":\"https:\/\/rioonwatch.org.br\/?p=20024#primaryimage\"},\"thumbnailUrl\":\"https:\/\/rioonwatch.org.br\/wp-content\/uploads\/2016\/05\/estupro-reproducao-facebook-maria-fro.png\",\"datePublished\":\"2016-05-27T22:10:10+00:00\",\"dateModified\":\"2023-08-01T19:43:50+00:00\",\"breadcrumb\":{\"@id\":\"https:\/\/rioonwatch.org.br\/?p=20024#breadcrumb\"},\"inLanguage\":\"pt-BR\",\"potentialAction\":[{\"@type\":\"ReadAction\",\"target\":[\"https:\/\/rioonwatch.org.br\/?p=20024\"]}]},{\"@type\":\"ImageObject\",\"inLanguage\":\"pt-BR\",\"@id\":\"https:\/\/rioonwatch.org.br\/?p=20024#primaryimage\",\"url\":\"https:\/\/rioonwatch.org.br\/wp-content\/uploads\/2016\/05\/estupro-reproducao-facebook-maria-fro.png\",\"contentUrl\":\"https:\/\/rioonwatch.org.br\/wp-content\/uploads\/2016\/05\/estupro-reproducao-facebook-maria-fro.png\",\"width\":960,\"height\":323},{\"@type\":\"BreadcrumbList\",\"@id\":\"https:\/\/rioonwatch.org.br\/?p=20024#breadcrumb\",\"itemListElement\":[{\"@type\":\"ListItem\",\"position\":1,\"name\":\"In\u00edcio\",\"item\":\"https:\/\/rioonwatch.org.br\/\"},{\"@type\":\"ListItem\",\"position\":2,\"name\":\"Redes Sociais Reagem a Brutal Estupro Coletivo de Adolescente em Santa Cruz\"}]},{\"@type\":\"WebSite\",\"@id\":\"https:\/\/rioonwatch.org.br\/#website\",\"url\":\"https:\/\/rioonwatch.org.br\/\",\"name\":\"RioOnWatch\",\"description\":\"relatos das favelas cariocas\",\"publisher\":{\"@id\":\"https:\/\/rioonwatch.org.br\/#organization\"},\"potentialAction\":[{\"@type\":\"SearchAction\",\"target\":{\"@type\":\"EntryPoint\",\"urlTemplate\":\"https:\/\/rioonwatch.org.br\/?s={search_term_string}\"},\"query-input\":{\"@type\":\"PropertyValueSpecification\",\"valueRequired\":true,\"valueName\":\"search_term_string\"}}],\"inLanguage\":\"pt-BR\"},{\"@type\":\"Organization\",\"@id\":\"https:\/\/rioonwatch.org.br\/#organization\",\"name\":\"RioOnWatch\",\"url\":\"https:\/\/rioonwatch.org.br\/\",\"logo\":{\"@type\":\"ImageObject\",\"inLanguage\":\"pt-BR\",\"@id\":\"https:\/\/rioonwatch.org.br\/#\/schema\/logo\/image\/\",\"url\":\"https:\/\/rioonwatch.org.br\/wp-content\/uploads\/2021\/06\/RioOnWatchcabecalhoPT11anos-2.png\",\"contentUrl\":\"https:\/\/rioonwatch.org.br\/wp-content\/uploads\/2021\/06\/RioOnWatchcabecalhoPT11anos-2.png\",\"width\":779,\"height\":277,\"caption\":\"RioOnWatch\"},\"image\":{\"@id\":\"https:\/\/rioonwatch.org.br\/#\/schema\/logo\/image\/\"}},{\"@type\":\"Person\",\"@id\":\"https:\/\/rioonwatch.org.br\/#\/schema\/person\/11d64c290506f9df50c71b850c473f68\",\"name\":\"Admin\",\"image\":{\"@type\":\"ImageObject\",\"inLanguage\":\"pt-BR\",\"@id\":\"https:\/\/rioonwatch.org.br\/#\/schema\/person\/image\/\",\"url\":\"https:\/\/secure.gravatar.com\/avatar\/56211ac74568383903349a1485e3c325?s=96&d=blank&r=g\",\"contentUrl\":\"https:\/\/secure.gravatar.com\/avatar\/56211ac74568383903349a1485e3c325?s=96&d=blank&r=g\",\"caption\":\"Admin\"},\"url\":\"https:\/\/rioonwatch.org.br\/?author=129\"}]}<\/script>\n<!-- \/ Yoast SEO plugin. -->","yoast_head_json":{"title":"Redes Sociais Reagem a Brutal Estupro Coletivo de Adolescente em Santa Cruz - RioOnWatch","robots":{"index":"index","follow":"follow","max-snippet":"max-snippet:-1","max-image-preview":"max-image-preview:large","max-video-preview":"max-video-preview:-1"},"canonical":"https:\/\/rioonwatch.org.br\/?p=20024","og_locale":"pt_BR","og_type":"article","og_title":"Redes Sociais Reagem a Brutal Estupro Coletivo de Adolescente em Santa Cruz - RioOnWatch","og_description":"Click Here for English O estupro brutal de uma menina de 16 anos por 33 homens em uma favela em Santa Cruz, na Zona Oeste do Rio de Janeiro tem gerado horror generalizado e indigna\u00e7\u00e3o. [...]","og_url":"https:\/\/rioonwatch.org.br\/?p=20024","og_site_name":"RioOnWatch","article_published_time":"2016-05-27T22:10:10+00:00","article_modified_time":"2023-08-01T19:43:50+00:00","og_image":[{"width":960,"height":323,"url":"https:\/\/rioonwatch.org.br\/wp-content\/uploads\/2016\/05\/estupro-reproducao-facebook-maria-fro.png","type":"image\/png"}],"author":"Admin","twitter_card":"summary_large_image","twitter_misc":{"Escrito por":"Admin","Est. tempo de leitura":"6 minutos"},"schema":{"@context":"https:\/\/schema.org","@graph":[{"@type":"Article","@id":"https:\/\/rioonwatch.org.br\/?p=20024#article","isPartOf":{"@id":"https:\/\/rioonwatch.org.br\/?p=20024"},"author":{"name":"Admin","@id":"https:\/\/rioonwatch.org.br\/#\/schema\/person\/11d64c290506f9df50c71b850c473f68"},"headline":"Redes Sociais Reagem a Brutal Estupro Coletivo de Adolescente em Santa Cruz","datePublished":"2016-05-27T22:10:10+00:00","dateModified":"2023-08-01T19:43:50+00:00","mainEntityOfPage":{"@id":"https:\/\/rioonwatch.org.br\/?p=20024"},"wordCount":1176,"publisher":{"@id":"https:\/\/rioonwatch.org.br\/#organization"},"image":{"@id":"https:\/\/rioonwatch.org.br\/?p=20024#primaryimage"},"thumbnailUrl":"https:\/\/rioonwatch.org.br\/wp-content\/uploads\/2016\/05\/estupro-reproducao-facebook-maria-fro.png","keywords":["#OQueDizemAsRedes","Alerj","crime sexual","feminismo","g\u00eanero","m\u00eddia social","Santa Cruz","viol\u00eancia","viol\u00eancia contra a mulher","viol\u00eancia sexual","Zona Oeste"],"articleSection":["*Destaque","Den\u00fancias","Entendendo o Rio"],"inLanguage":"pt-BR"},{"@type":"WebPage","@id":"https:\/\/rioonwatch.org.br\/?p=20024","url":"https:\/\/rioonwatch.org.br\/?p=20024","name":"Redes Sociais Reagem a Brutal Estupro Coletivo de Adolescente em Santa Cruz - RioOnWatch","isPartOf":{"@id":"https:\/\/rioonwatch.org.br\/#website"},"primaryImageOfPage":{"@id":"https:\/\/rioonwatch.org.br\/?p=20024#primaryimage"},"image":{"@id":"https:\/\/rioonwatch.org.br\/?p=20024#primaryimage"},"thumbnailUrl":"https:\/\/rioonwatch.org.br\/wp-content\/uploads\/2016\/05\/estupro-reproducao-facebook-maria-fro.png","datePublished":"2016-05-27T22:10:10+00:00","dateModified":"2023-08-01T19:43:50+00:00","breadcrumb":{"@id":"https:\/\/rioonwatch.org.br\/?p=20024#breadcrumb"},"inLanguage":"pt-BR","potentialAction":[{"@type":"ReadAction","target":["https:\/\/rioonwatch.org.br\/?p=20024"]}]},{"@type":"ImageObject","inLanguage":"pt-BR","@id":"https:\/\/rioonwatch.org.br\/?p=20024#primaryimage","url":"https:\/\/rioonwatch.org.br\/wp-content\/uploads\/2016\/05\/estupro-reproducao-facebook-maria-fro.png","contentUrl":"https:\/\/rioonwatch.org.br\/wp-content\/uploads\/2016\/05\/estupro-reproducao-facebook-maria-fro.png","width":960,"height":323},{"@type":"BreadcrumbList","@id":"https:\/\/rioonwatch.org.br\/?p=20024#breadcrumb","itemListElement":[{"@type":"ListItem","position":1,"name":"In\u00edcio","item":"https:\/\/rioonwatch.org.br\/"},{"@type":"ListItem","position":2,"name":"Redes Sociais Reagem a Brutal Estupro Coletivo de Adolescente em Santa Cruz"}]},{"@type":"WebSite","@id":"https:\/\/rioonwatch.org.br\/#website","url":"https:\/\/rioonwatch.org.br\/","name":"RioOnWatch","description":"relatos das favelas cariocas","publisher":{"@id":"https:\/\/rioonwatch.org.br\/#organization"},"potentialAction":[{"@type":"SearchAction","target":{"@type":"EntryPoint","urlTemplate":"https:\/\/rioonwatch.org.br\/?s={search_term_string}"},"query-input":{"@type":"PropertyValueSpecification","valueRequired":true,"valueName":"search_term_string"}}],"inLanguage":"pt-BR"},{"@type":"Organization","@id":"https:\/\/rioonwatch.org.br\/#organization","name":"RioOnWatch","url":"https:\/\/rioonwatch.org.br\/","logo":{"@type":"ImageObject","inLanguage":"pt-BR","@id":"https:\/\/rioonwatch.org.br\/#\/schema\/logo\/image\/","url":"https:\/\/rioonwatch.org.br\/wp-content\/uploads\/2021\/06\/RioOnWatchcabecalhoPT11anos-2.png","contentUrl":"https:\/\/rioonwatch.org.br\/wp-content\/uploads\/2021\/06\/RioOnWatchcabecalhoPT11anos-2.png","width":779,"height":277,"caption":"RioOnWatch"},"image":{"@id":"https:\/\/rioonwatch.org.br\/#\/schema\/logo\/image\/"}},{"@type":"Person","@id":"https:\/\/rioonwatch.org.br\/#\/schema\/person\/11d64c290506f9df50c71b850c473f68","name":"Admin","image":{"@type":"ImageObject","inLanguage":"pt-BR","@id":"https:\/\/rioonwatch.org.br\/#\/schema\/person\/image\/","url":"https:\/\/secure.gravatar.com\/avatar\/56211ac74568383903349a1485e3c325?s=96&d=blank&r=g","contentUrl":"https:\/\/secure.gravatar.com\/avatar\/56211ac74568383903349a1485e3c325?s=96&d=blank&r=g","caption":"Admin"},"url":"https:\/\/rioonwatch.org.br\/?author=129"}]}},"_links":{"self":[{"href":"https:\/\/rioonwatch.org.br\/index.php?rest_route=\/wp\/v2\/posts\/20024"}],"collection":[{"href":"https:\/\/rioonwatch.org.br\/index.php?rest_route=\/wp\/v2\/posts"}],"about":[{"href":"https:\/\/rioonwatch.org.br\/index.php?rest_route=\/wp\/v2\/types\/post"}],"author":[{"embeddable":true,"href":"https:\/\/rioonwatch.org.br\/index.php?rest_route=\/wp\/v2\/users\/129"}],"replies":[{"embeddable":true,"href":"https:\/\/rioonwatch.org.br\/index.php?rest_route=%2Fwp%2Fv2%2Fcomments&post=20024"}],"version-history":[{"count":13,"href":"https:\/\/rioonwatch.org.br\/index.php?rest_route=\/wp\/v2\/posts\/20024\/revisions"}],"predecessor-version":[{"id":69878,"href":"https:\/\/rioonwatch.org.br\/index.php?rest_route=\/wp\/v2\/posts\/20024\/revisions\/69878"}],"wp:featuredmedia":[{"embeddable":true,"href":"https:\/\/rioonwatch.org.br\/index.php?rest_route=\/wp\/v2\/media\/20026"}],"wp:attachment":[{"href":"https:\/\/rioonwatch.org.br\/index.php?rest_route=%2Fwp%2Fv2%2Fmedia&parent=20024"}],"wp:term":[{"taxonomy":"category","embeddable":true,"href":"https:\/\/rioonwatch.org.br\/index.php?rest_route=%2Fwp%2Fv2%2Fcategories&post=20024"},{"taxonomy":"post_tag","embeddable":true,"href":"https:\/\/rioonwatch.org.br\/index.php?rest_route=%2Fwp%2Fv2%2Ftags&post=20024"},{"taxonomy":"writer","embeddable":true,"href":"https:\/\/rioonwatch.org.br\/index.php?rest_route=%2Fwp%2Fv2%2Fwriter&post=20024"},{"taxonomy":"translator","embeddable":true,"href":"https:\/\/rioonwatch.org.br\/index.php?rest_route=%2Fwp%2Fv2%2Ftranslator&post=20024"},{"taxonomy":"source","embeddable":true,"href":"https:\/\/rioonwatch.org.br\/index.php?rest_route=%2Fwp%2Fv2%2Fsource&post=20024"},{"taxonomy":"ilustrador","embeddable":true,"href":"https:\/\/rioonwatch.org.br\/index.php?rest_route=%2Fwp%2Fv2%2Filustrador&post=20024"},{"taxonomy":"fotografo","embeddable":true,"href":"https:\/\/rioonwatch.org.br\/index.php?rest_route=%2Fwp%2Fv2%2Ffotografo&post=20024"}],"curies":[{"name":"wp","href":"https:\/\/api.w.org\/{rel}","templated":true}]}}