{"id":20050,"date":"2016-06-01T08:32:37","date_gmt":"2016-06-01T11:32:37","guid":{"rendered":"http:\/\/rioonwatch.org.br\/?p=20050"},"modified":"2024-06-20T16:27:11","modified_gmt":"2024-06-20T19:27:11","slug":"as-arvores-tombadas-da-vila-autodromo-rio-derruba-legado-ambiental-dos-jogos-olimpicos","status":"publish","type":"post","link":"https:\/\/rioonwatch.org.br\/?p=20050","title":{"rendered":"As \u00c1rvores Tombadas da Vila Aut\u00f3dromo: Rio Derruba Legado Ambiental dos Jogos Ol\u00edmpicos"},"content":{"rendered":"<p style=\"text-align: right;\"><em><strong><a href=\"http:\/\/bit.ly\/1Ws6lDw\" target=\"_blank\" rel=\"noopener\">Click Here for English<img decoding=\"async\" width=\"20\" height=\"20\" class=\"alignright wp-image-15790\" src=\"http:\/\/rioonwatch.org.br\/wp-content\/uploads\/2012\/08\/EN-standard-e1439583104716.jpg\" alt=\"\" \/><\/a><\/strong><\/em><\/p>\n<blockquote><p>&#8220;Quando voc\u00ea est\u00e1 brigando por moradia e por tudo que \u00e9 mais b\u00e1sico, como seguran\u00e7a e sa\u00fade p\u00fablica, as \u00e1rvores ficam em segundo plano. Ao falar com a Prefeitura sobre essas \u00e1rvores&#8230; acabei deixando por \u00faltimo, e eu me senti de certa forma mal. Eu n\u00e3o deveria me sentir mal protestando pelas\u00a0\u00e1rvores, a<span style=\"font-weight: 400;\">s \u00e1rvores deveriam vir primeiro&#8230; O oxig\u00eanio \u00e9 a primeira necessidade, sem ele n\u00e3o existe nada&#8221;. &#8211;\u00a0<span style=\"font-weight: 400;\">Delmo Oliveira, morador da\u00a0<a href=\"http:\/\/bit.ly\/Nfddvg\" target=\"_blank\" rel=\"noopener\">Vila Aut\u00f3dromo<\/a>\u00a0<\/span><\/span><\/p><\/blockquote>\n<p>Depois de mais de cinco longos anos lutando contra a <a href=\"http:\/\/bit.ly\/X51Qvb\" target=\"_blank\" rel=\"noopener\">remo\u00e7\u00e3o<\/a> devido aos Jogos Ol\u00edmpicos, a comunidade da <a href=\"http:\/\/bit.ly\/Nfddvg\" target=\"_blank\" rel=\"noopener\">Vila Aut\u00f3dromo<\/a>, vizinha da principal instala\u00e7\u00e3o das <a href=\"http:\/\/bit.ly\/PkLXlQ\" target=\"_blank\" rel=\"noopener\">Olimp\u00edadas Rio 2016<\/a> na <a href=\"http:\/\/bit.ly\/19BBUhf\" target=\"_blank\" rel=\"noopener\">Barra da Tijuca<\/a>, <a href=\"http:\/\/bit.ly\/11tBmFR\" target=\"_blank\" rel=\"noopener\">Zona Oeste<\/a> do Rio de Janeiro, se esfor\u00e7a para manter o pouco que resta da comunidade. Da outrora comunidade pac\u00edfica com 700 fam\u00edlias, apenas 20 permaneceram, e <a href=\"http:\/\/bit.ly\/1XpfSbp\" target=\"_blank\" rel=\"noopener\">negociaram com a Prefeitura<\/a> para continuar vivendo no local, em <a href=\"http:\/\/bit.ly\/1OZJk8o\" target=\"_blank\" rel=\"noopener\">casas rec\u00e9m-constru\u00eddas<\/a>. Os moradores ainda se preocupam com o meio ambiente da comunidade, <a href=\"http:\/\/bit.ly\/1XP34x7\" target=\"_blank\" rel=\"noopener\">em especial as \u00e1rvores remanescentes<\/a>, algumas que estavam l\u00e1 muito antes dos moradores chegarem ao local, h\u00e1 40 anos. De acordo com <a href=\"http:\/\/bit.ly\/1THCRjN\" target=\"_blank\" rel=\"noopener\">Natalia Silva<\/a>, criada na Vila Aut\u00f3dromo, j\u00e1 havia uma quantidade de \u00e1rvores nativas na Vila Aut\u00f3dromo antes dos moradores chegarem, incluindo a esp\u00e9cie protegida Pau-Brasil.<\/p>\n<p>Hoje, assim como as casas da comunidade, muitas das \u00e1rvores restantes na Vila Aut\u00f3dromo foram marcadas <a href=\"http:\/\/bit.ly\/1XP34x7\" target=\"_blank\" rel=\"noopener\">e agora est\u00e3o sendo\u00a0derrubadas<\/a>. Quando os moradores perguntam por que, recebem respostas incertas dos representantes da prefeitura designados para marc\u00e1-las, que dissem n\u00e3o saber a raz\u00e3o.<\/p>\n<p><a href=\"http:\/\/rioonwatch.org.br\/wp-content\/uploads\/2016\/05\/3-trees-marked.jpg\"><img fetchpriority=\"high\" decoding=\"async\" class=\"wp-image-20060 size-content aligncenter\" title=\"Tr\u00eas \u00e1rvores marcadas na Vila Aut\u00f3dromo.\" src=\"http:\/\/rioonwatch.org.br\/wp-content\/uploads\/2016\/05\/3-trees-marked-620x264.jpg\" alt=\"3-trees-marked\" width=\"620\" height=\"264\" srcset=\"https:\/\/rioonwatch.org.br\/wp-content\/uploads\/2016\/05\/3-trees-marked-620x264.jpg 620w, https:\/\/rioonwatch.org.br\/wp-content\/uploads\/2016\/05\/3-trees-marked-940x400.jpg 940w\" sizes=\"(max-width: 620px) 100vw, 620px\" \/><\/a><\/p>\n<p>Durante as fases de <a href=\"http:\/\/bit.ly\/1l6Ykie\" target=\"_blank\" rel=\"noopener\">demoli\u00e7\u00e3o das casas na Vila Aut\u00f3dromo<\/a> e das <a href=\"http:\/\/bit.ly\/1nW4Dng\" target=\"_blank\" rel=\"noopener\">negocia\u00e7\u00f5es da Prefeitura com os moradores<\/a>, muitos foram for\u00e7ados a ir embora, e as fronteiras da comunidade diminu\u00edram. No processo, a comunidade viu o n\u00famero de \u00e1rvores reduzir-se significativamente. \u201cEu s\u00f3\u00a0posso dar uma estimativa\u201d, disse Nat\u00e1lia.\u00a0&#8220;Com certeza, eles conseguiram tirar mais de 500 \u00e1rvores&#8230;\u00a0A Prefeitura conseguiu uma licen\u00e7a para cortar de uma s\u00f3 vez 300 e poucas \u00e1rvores e depois outra licen\u00e7as para mais de 100&#8221;.<\/p>\n<h3>A Import\u00e2ncia das \u00e1rvores nas comunidades<\/h3>\n<p>As \u00e1rvores s\u00e3o uma parte essencial do ambiente natural e humano. Elas fornecem servi\u00e7os ecossist\u00eamicos em uma ampla escala, incluindo a purifica\u00e7\u00e3o da \u00e1gua e a redu\u00e7\u00e3o de CO2 atmosf\u00e9rico, atuando como um amortecedor natural das altera\u00e7\u00f5es clim\u00e1ticas. As \u00e1rvores tamb\u00e9m desempenham um papel importante em um n\u00edvel local. Suas ra\u00edzes <a href=\"http:\/\/bit.ly\/1jn5t06\" target=\"_blank\" rel=\"noopener\">estabilizam o solo, prevenindo deslizamentos<\/a>, e atuam no controle do clima local. A falta de \u00e1rvores contribui para um fen\u00f4meno conhecido como <a href=\"http:\/\/bit.ly\/1RiZS9W\" target=\"_blank\" rel=\"noopener\">ilhas de calor<\/a>, que <a href=\"http:\/\/bit.ly\/1h6jv2E\" target=\"_blank\" rel=\"noopener\">tende a ocorrer em \u00e1reas urbanas menos assistidas<\/a> e onde h\u00e1 <a href=\"http:\/\/bit.ly\/1SVNizp\" target=\"_blank\" rel=\"noopener\">menos \u00e1rvores<\/a> do que em \u00e1reas mais abastadas. Al\u00e9m disso, as ra\u00edzes das \u00e1rvores podem ser usadas para o tratamento de esgoto em biossistemas eco-amig\u00e1veis. \u00c1rvores fornecem alimento e podem desempenhar um papel em cerim\u00f4nias religiosas, como <a href=\"http:\/\/bit.ly\/1RkJ1SZ\" target=\"_blank\" rel=\"noopener\">as \u00e1rvores da pr\u00e1tica do Candombl\u00e9 de Heloisa Helena<\/a>, na Vila Aut\u00f3dromo.<\/p>\n<p><a href=\"http:\/\/rioonwatch.org.br\/wp-content\/uploads\/2016\/05\/Tree-in-Vila-marked.jpg\"><img decoding=\"async\" class=\"aligncenter wp-image-20061 size-content\" title=\"\u00c1rvore marcada em Vila Aut\u00f3dromo.\" src=\"http:\/\/rioonwatch.org.br\/wp-content\/uploads\/2016\/05\/Tree-in-Vila-marked-620x264.jpg\" alt=\"Tree-in-Vila-marked\" width=\"620\" height=\"264\" srcset=\"https:\/\/rioonwatch.org.br\/wp-content\/uploads\/2016\/05\/Tree-in-Vila-marked-620x264.jpg 620w, https:\/\/rioonwatch.org.br\/wp-content\/uploads\/2016\/05\/Tree-in-Vila-marked-940x400.jpg 940w\" sizes=\"(max-width: 620px) 100vw, 620px\" \/><\/a><\/p>\n<p>Delmo Oliveira viveu na Vila Aut\u00f3dromo por 26 anos e \u00e9 um autodidata em biologia vegetal e ecologia. Ele procurou ativamente criar um ecossistema natural positivo para sua comunidade, mas agora tem visto muitas das 7600 mudas que plantou com seu filho ao longo das fronteiras da comunidade e regi\u00f5es vizinhas serem derrubadas. Elas foram plantadas para assegurar que os moradores tivessem o conforto de andar at\u00e9 o ponto de \u00f4nibus na sombra. Levando quase tr\u00eas anos para finalizar duas ruas cheias de \u00e1rvores para ter sombra, Delmo disse ter sido um processo f\u00e1cil, que eles fizeram ao longo do tempo, coletando sementes, cavando buracos e plantando-as. \u201cNos finais de semana, n\u00f3s \u00edamos trabalhar (plantando \u00e1rvores) antes de ir para a cachoeira como um incentivo\u201d, ele acrescentou.<\/p>\n<p>Delmo afirma a necessidade b\u00e1sica das \u00e1rvores para a vida: &#8220;A gente n\u00e3o vive sem oxig\u00eanio. Ent\u00e3o essa \u00e9 uma preocupa\u00e7\u00e3o para tudo na vida. Como voc\u00ea poder\u00e1 criar uma nova gera\u00e7\u00e3o se n\u00e3o tiver as \u00e1rvores?\u00a0O oxig\u00eanio \u00e9 a primeira necessidade, sem ele n\u00e3o existe nada&#8221;.<\/p>\n<p>Delmo enfatiza que a Vila Aut\u00f3dromo tem vida e \u00e1rvores em abund\u00e2ncia, mas a prefeitura est\u00e1 \u201cgastando, queimando, arrancando\u201d as \u00e1rvores e, por sua vez, destruindo estes recursos.<\/p>\n<h3><a href=\"http:\/\/rioonwatch.org.br\/wp-content\/uploads\/2016\/05\/image-1.jpeg\"><img loading=\"lazy\" decoding=\"async\" class=\"aligncenter wp-image-20062 size-content\" title=\"Delmo Oliveira\" src=\"http:\/\/rioonwatch.org.br\/wp-content\/uploads\/2016\/05\/image-1-620x264.jpeg\" alt=\"image-1\" width=\"620\" height=\"264\" srcset=\"https:\/\/rioonwatch.org.br\/wp-content\/uploads\/2016\/05\/image-1-620x264.jpeg 620w, https:\/\/rioonwatch.org.br\/wp-content\/uploads\/2016\/05\/image-1-940x400.jpeg 940w\" sizes=\"(max-width: 620px) 100vw, 620px\" \/><\/a><\/h3>\n<h3>O legado ol\u00edmpico e a promessa de plantar 24 milh\u00f5es de \u00e1rvores<\/h3>\n<p>Uma das promessas mais not\u00e1veis das Olimp\u00edadas Rio 2016 era <a href=\"http:\/\/bit.ly\/1hTidqd\" target=\"_blank\" rel=\"noopener\">plantar mais de 24 milh\u00f5es de \u00e1rvores<\/a>, destinadas a compensar as emiss\u00f5es de g\u00e1s carb\u00f4nico relacionadas aos Jogos. Em setembro de 2014, Carlos Minc, Secret\u00e1rio Estadual de Meio Ambiente, aumentou esse n\u00famero para <a href=\"http:\/\/bit.ly\/XxH7zB\" target=\"_blank\" rel=\"noopener\">34 milh\u00f5es de \u00e1rvores<\/a> a serem plantadas at\u00e9 o fim de 2015, al\u00e9m da cria\u00e7\u00e3o de 5000 empregos no setor agr\u00edcola e a abertura de viveiros florestais por todo o Estado do Rio de Janeiro. Eles criaram um contador de \u00e1rvores que, em 2014, indicava que 5 milh\u00f5es de \u00e1rvores tinham sido plantadas, mas <a href=\"http:\/\/bit.ly\/1dpvaVM\" target=\"_blank\" rel=\"noopener\">o link<\/a> n\u00e3o existe mais.<\/p>\n<p>O <a href=\"http:\/\/bit.ly\/24QDt9f\" target=\"_blank\" rel=\"noopener\">Plano de Gest\u00e3o da Sustentabilidade dos Jogos Rio 2016<\/a> afirma que as iniciativas de sustentabilidade seriam o principal instrumento para compensar as emiss\u00f5es de carbono residual. O Plano inclui projetos na \u00e1rea da Barra da Tijuca, como \u201creflorestamento de \u00e1reas degradadas\u201d e \u201crecupera\u00e7\u00e3o ecol\u00f3gica e funcional do sistema lagunar de Jacarepagu\u00e1\u201d com \u201creflorestamento de mangue da faixa lindeira da lagoa&#8221;. N\u00e3o h\u00e1 nenhuma men\u00e7\u00e3o \u00e0 exist\u00eancia da Vila Aut\u00f3dromo no Plano. Al\u00e9m disso, o documento recorre ao uso de esp\u00e9cies nativas para paisagismo e reflorestamento das \u00e1reas degradadas, usando esp\u00e9cies nativas inclu\u00eddas na <a href=\"http:\/\/bit.ly\/255o0T3\" target=\"_blank\" rel=\"noopener\">Lista Vermelha de Esp\u00e9cies Amea\u00e7adas da IUCN<\/a>.<\/p>\n<p>O Plano lista iniciativas espec\u00edficas, tais como o programa Rio Capital Verde&#8211;uma continua\u00e7\u00e3o de um programa j\u00e1 existente, chamado Programa Mutir\u00e3o Reflorestamento&#8211;que usa subcontratados para plantar esp\u00e9cies da <a href=\"http:\/\/bit.ly\/22wgi2K\" target=\"_blank\" rel=\"noopener\">Mata Atl\u00e2ntica<\/a> nas encostas do Rio de Janeiro e criar capacidade de reflorestamento futuro, incluindo a constru\u00e7\u00e3o de novos viveiros de mudas na <a href=\"http:\/\/bit.ly\/1hmkvl5\" target=\"_blank\" rel=\"noopener\">Col\u00f4nia Juliano Moreira<\/a>. O projeto foi planejado para reflorestar 1600 hectares at\u00e9 2016. Em 2011, o Programa Mutir\u00e3o Reflorestamento\u00a0j\u00e1 havia plantado 5.250.000 mudas, abrangendo 2.509 hectares, provavelmente o n\u00famero contabilizado no agora deletado site de contagem de \u00e1rvores.<\/p>\n<p><a href=\"http:\/\/rioonwatch.org.br\/wp-content\/uploads\/2016\/05\/Delmo-Walking.jpg\"><img loading=\"lazy\" decoding=\"async\" class=\"aligncenter wp-image-20063 size-content\" title=\"Delmo plantou \u00e1rvores ao longo das fronteiras da Vila Aut\u00f3dromo.\" src=\"http:\/\/rioonwatch.org.br\/wp-content\/uploads\/2016\/05\/Delmo-Walking-620x264.jpg\" alt=\"Delmo-Walking\" width=\"620\" height=\"264\" srcset=\"https:\/\/rioonwatch.org.br\/wp-content\/uploads\/2016\/05\/Delmo-Walking-620x264.jpg 620w, https:\/\/rioonwatch.org.br\/wp-content\/uploads\/2016\/05\/Delmo-Walking-940x400.jpg 940w\" sizes=\"(max-width: 620px) 100vw, 620px\" \/><\/a><\/p>\n<p>Por\u00e9m, em mar\u00e7o de 2015, a <a href=\"http:\/\/bbc.in\/1T12Y5z\" target=\"_blank\" rel=\"noopener\">Prefeitura anunciou<\/a> que as 24 milh\u00f5es de \u00e1rvores n\u00e3o seriam plantadas e a Lagoa de Jacarepagu\u00e1 n\u00e3o seria limpa para o in\u00edcio dos Jogos, declarando que n\u00e3o teria tempo suficiente para limpar a lagoa. O Secret\u00e1rio de Meio Ambiente Carlos Minc disse que a promessa feita n\u00e3o contava, j\u00e1 que \u201cn\u00e3o havia refer\u00eancia confi\u00e1vel da pegada de carbono dos Jogos\u201d.<\/p>\n<p><a href=\"http:\/\/bit.ly\/1UDnMOQ\" target=\"_blank\" rel=\"noopener\">Em mar\u00e7o de 2016<\/a>, os contratos para a limpeza da Bacia de Jacarepagu\u00e1, incluindo a lagoa e os rios do entorno, foram oficialmente cancelados, significando que nenhum dos projetos ambientais prometidos na candidatura ol\u00edmpica ser\u00e3o conclu\u00eddos, incluindo a <a href=\"http:\/\/glo.bo\/1NaA0cf\" target=\"_blank\" rel=\"noopener\">limpeza da Ba\u00eda de Guanabara<\/a>.<\/p>\n<p>Delmo relembra as promessas de legado ambiental dos <a href=\"http:\/\/bit.ly\/1l7oExN\" target=\"_blank\" rel=\"noopener\">Jogos Pan-Americanos<\/a>, em 2007: \u201c[A Prefeitura] plantou realmente \u00e1rvores na avenida, mas ent\u00e3o acontece um megaevento como as Olimp\u00edadas e arrancam tudo\u201d. O mais not\u00e1vel na regi\u00e3o, ele diz, foram as \u00e1rvores <a href=\"http:\/\/bit.ly\/1sJwP6Q\" target=\"_blank\" rel=\"noopener\">derrubadas ao longo da Estrada dos Bandeirantes<\/a>&#8211;a estrada mais povoada de \u00e1rvores de Jacarepagu\u00e1&#8211;para alargar a estrada para o <a href=\"http:\/\/bit.ly\/19EtYAY\" target=\"_blank\" rel=\"noopener\">BRT<\/a> Transcarioca, via que faz parte do <a href=\"http:\/\/bit.ly\/1twPNag\" target=\"_blank\" rel=\"noopener\">legado Ol\u00edmpico de transportes<\/a>. \u201cO &#8216;progresso&#8217; destr\u00f3i essas coisas [naturais]\u201d, Delmo acrescenta.<\/p>\n<h3><strong>O legado ambiental na Vila Aut\u00f3dromo e al\u00e9m<\/strong><\/h3>\n<p>O <a href=\"http:\/\/bit.ly\/1R3RMAY\" target=\"_blank\" rel=\"noopener\">plano de urbaniza\u00e7\u00e3o da Prefeitura para a Vila Aut\u00f3dromo<\/a> inclui v\u00e1rias \u00e1rvores nas ruas planejadas. Entretanto, os moradores argumentam que essas \u00e1rvores s\u00e3o para fins est\u00e9ticos, n\u00e3o para o meio ambiente e as esp\u00e9cies que habitam a \u00e1rea. As \u00e1reas verdes ser\u00e3o criadas por paisagistas, n\u00e3o bi\u00f3logos ou os que est\u00e3o familiarizados com o ambiente local. Delmo argumenta \u201cVoc\u00ea tem que observar a regi\u00e3o por muitos anos para ser bem sucedido no reflorestamento dessa \u00e1rea&#8221;.<\/p>\n<p>Al\u00e9m das promessas p\u00fablicas, algumas iniciativas ambientais de cunho sem fins lucrativos inspiradas pelos Jogos est\u00e3o avan\u00e7ando. O World Land Trust, em parceria com a <a href=\"http:\/\/bit.ly\/1Z2nUIa\" target=\"_blank\" rel=\"noopener\">Reserva Ecol\u00f3gica de Guapia\u00e7u (REGUA)<\/a>, est\u00e1 atualmente angariando fundos para a aquisi\u00e7\u00e3o de um Fundo de Posse Coletiva chamado <a href=\"http:\/\/bit.ly\/1qyu7zJ\" target=\"_blank\" rel=\"noopener\">Olympic Forest Reserve<\/a>\u00a0(Reserva Florestal Ol\u00edmpica), uma parcela da Mata Atl\u00e2ntica no Estado do Rio de Janeiro.<\/p>\n<p>Al\u00e9m disso, o <a href=\"http:\/\/bit.ly\/1Ufh3tt\" target=\"_blank\" rel=\"noopener\">Plano de Resili\u00eancia da Prefeitura para 2017-2020<\/a>, o Rio Resiliente, criado e publicado como parte da iniciativa 100 <a href=\"http:\/\/bit.ly\/1NpOCcB\" target=\"_blank\" rel=\"noopener\">Cidades Resilientes<\/a>, da Funda\u00e7\u00e3o Rockfeller, tra\u00e7a planos para plantar 50.000 \u00e1rvores em pra\u00e7as p\u00fablicas, em grande parte nas Zonas Norte e Oeste da cidade, de modo que \u201ca maioria da popula\u00e7\u00e3o tenha acesso a uma \u00e1rea verde a 15 minutos de casa&#8221;. O Plano tamb\u00e9m descreve uma iniciativa de R$127 milh\u00f5es para reflorestar e proteger a Mata Atl\u00e2ntica da cidade. Contudo, se essas id\u00e9ias ambiciosas ser\u00e3o traduzidas em a\u00e7\u00e3o ou continuar\u00e3o meramente como <a href=\"http:\/\/bit.ly\/1T0EshR\" target=\"_blank\" rel=\"noopener\">planos anunciados para um p\u00fablico internacional<\/a>, resta esperar para ver.<\/p>\n<p>Todavia, como Delmo insiste, a quest\u00e3o \u00e9 de necessidade b\u00e1sica e urg\u00eancia. Ele diz:\u00a0&#8220;O ser humano n\u00e3o pode esquecer o meio ambiente, o oxig\u00eanio e os valores que temos. As \u00e1rvores t\u00eam que vir antes de tudo. Isto \u00e9 muito importante. Nossa clima est\u00e1 mudando muito por causa dessa falta de respeito com o meio ambiente&#8221;.<\/p>\n<!-- AddThis Advanced Settings generic via filter on the_content --><!-- AddThis Share Buttons generic via filter on the_content -->","protected":false},"excerpt":{"rendered":"<div class=\"mh-excerpt\"><p>Click Here for English &#8220;Quando voc\u00ea est\u00e1 brigando por moradia e por tudo que \u00e9 mais b\u00e1sico, como seguran\u00e7a e sa\u00fade p\u00fablica, as \u00e1rvores ficam em segundo plano. Ao falar com a Prefeitura sobre essas <a class=\"mh-excerpt-more\" href=\"https:\/\/rioonwatch.org.br\/?p=20050\" title=\"As \u00c1rvores Tombadas da Vila Aut\u00f3dromo: Rio Derruba Legado Ambiental dos Jogos Ol\u00edmpicos\">[&#8230;]<\/a><!-- AddThis Advanced Settings generic via filter on get_the_excerpt --><!-- AddThis Share Buttons generic via filter on get_the_excerpt --><\/p>\n<\/div>","protected":false},"author":129,"featured_media":20059,"comment_status":"closed","ping_status":"closed","sticky":false,"template":"","format":"standard","meta":{"_acf_changed":false,"_monsterinsights_skip_tracking":false,"_monsterinsights_sitenote_active":false,"_monsterinsights_sitenote_note":"","_monsterinsights_sitenote_category":0,"footnotes":""},"categories":[1614,1635,1621,1626,344,1639],"tags":[412,274,497,475,1148,447,722,1240,106,1021,78,298,297,14,432,404,711,122,55,184],"writer":[1708,1677],"translator":[1862],"source":[],"ilustrador":[],"fotografo":[],"class_list":{"0":"post-20050","1":"post","2":"type-post","3":"status-publish","4":"format-standard","5":"has-post-thumbnail","7":"category-olhonasremocoes","8":"category-1635","9":"category-destaque","10":"category-por-observadores-internacionais","11":"category-politicas","12":"category-sustentabilidade","13":"tag-arborizacao","14":"tag-barra-da-tijuca","15":"tag-brt","16":"tag-colonia-juliano-moreira","17":"tag-ilhas-de-calor","18":"tag-jacarepagua","19":"tag-legado","20":"tag-megaeventos","21":"tag-meio-ambiente","22":"tag-mito-do-legado","23":"tag-olimpiadas","24":"tag-perfil-de-lideranca","25":"tag-reflorestamento","26":"tag-remocao","27":"tag-resistencia","28":"tag-sustentabilidade","29":"tag-clt","30":"tag-transcarioca","31":"tag-vila-autodromo","32":"tag-zona-oeste","33":"writer-claire-lepercq","34":"writer-clare-huggins","35":"translator-caroline-quintanilha"},"acf":[],"yoast_head":"<!-- This site is optimized with the Yoast SEO plugin v25.6 - https:\/\/yoast.com\/wordpress\/plugins\/seo\/ -->\n<title>As \u00c1rvores Tombadas da Vila Aut\u00f3dromo: Rio Derruba Legado Ambiental dos Jogos Ol\u00edmpicos - RioOnWatch<\/title>\n<meta name=\"robots\" content=\"index, follow, max-snippet:-1, max-image-preview:large, max-video-preview:-1\" \/>\n<link rel=\"canonical\" href=\"https:\/\/rioonwatch.org.br\/?p=20050\" \/>\n<meta property=\"og:locale\" content=\"pt_BR\" \/>\n<meta property=\"og:type\" content=\"article\" \/>\n<meta property=\"og:title\" content=\"As \u00c1rvores Tombadas da Vila Aut\u00f3dromo: Rio Derruba Legado Ambiental dos Jogos Ol\u00edmpicos - RioOnWatch\" \/>\n<meta property=\"og:description\" content=\"Click Here for English &#8220;Quando voc\u00ea est\u00e1 brigando por moradia e por tudo que \u00e9 mais b\u00e1sico, como seguran\u00e7a e sa\u00fade p\u00fablica, as \u00e1rvores ficam em segundo plano. Ao falar com a Prefeitura sobre essas [...]\" \/>\n<meta property=\"og:url\" content=\"https:\/\/rioonwatch.org.br\/?p=20050\" \/>\n<meta property=\"og:site_name\" content=\"RioOnWatch\" \/>\n<meta property=\"article:published_time\" content=\"2016-06-01T11:32:37+00:00\" \/>\n<meta property=\"article:modified_time\" content=\"2024-06-20T19:27:11+00:00\" \/>\n<meta property=\"og:image\" content=\"https:\/\/rioonwatch.org.br\/wp-content\/uploads\/2016\/05\/image-3-scaled.jpeg\" \/>\n\t<meta property=\"og:image:width\" content=\"2560\" \/>\n\t<meta property=\"og:image:height\" content=\"1920\" \/>\n\t<meta property=\"og:image:type\" content=\"image\/jpeg\" \/>\n<meta name=\"author\" content=\"Admin\" \/>\n<meta name=\"twitter:card\" content=\"summary_large_image\" \/>\n<meta name=\"twitter:label1\" content=\"Escrito por\" \/>\n\t<meta name=\"twitter:data1\" content=\"Admin\" \/>\n\t<meta name=\"twitter:label2\" content=\"Est. tempo de leitura\" \/>\n\t<meta name=\"twitter:data2\" content=\"8 minutos\" \/>\n<script type=\"application\/ld+json\" class=\"yoast-schema-graph\">{\"@context\":\"https:\/\/schema.org\",\"@graph\":[{\"@type\":\"Article\",\"@id\":\"https:\/\/rioonwatch.org.br\/?p=20050#article\",\"isPartOf\":{\"@id\":\"https:\/\/rioonwatch.org.br\/?p=20050\"},\"author\":{\"name\":\"Admin\",\"@id\":\"https:\/\/rioonwatch.org.br\/#\/schema\/person\/11d64c290506f9df50c71b850c473f68\"},\"headline\":\"As \u00c1rvores Tombadas da Vila Aut\u00f3dromo: Rio Derruba Legado Ambiental dos Jogos Ol\u00edmpicos\",\"datePublished\":\"2016-06-01T11:32:37+00:00\",\"dateModified\":\"2024-06-20T19:27:11+00:00\",\"mainEntityOfPage\":{\"@id\":\"https:\/\/rioonwatch.org.br\/?p=20050\"},\"wordCount\":1630,\"publisher\":{\"@id\":\"https:\/\/rioonwatch.org.br\/#organization\"},\"image\":{\"@id\":\"https:\/\/rioonwatch.org.br\/?p=20050#primaryimage\"},\"thumbnailUrl\":\"https:\/\/rioonwatch.org.br\/wp-content\/uploads\/2016\/05\/image-3-scaled.jpeg\",\"keywords\":[\"arboriza\u00e7\u00e3o\",\"Barra da Tijuca\",\"BRT\",\"Col\u00f4nia Juliano Moreira\",\"Ilhas de Calor\",\"Jacarepagu\u00e1\",\"Legado Ol\u00edmpico\",\"Megaeventos\",\"meio ambiente\",\"mito do legado\",\"Olimp\u00edadas\",\"perfil de lideran\u00e7a\",\"reflorestamento\",\"Remo\u00e7\u00e3o\",\"resist\u00eancia\",\"sustentabilidade\",\"Termo Territorial Coletivo (TTC) \/ Community Land Trust (CLT)\",\"TransCarioca\",\"Vila Aut\u00f3dromo\",\"Zona Oeste\"],\"articleSection\":[\"#OlhoNasRemo\u00e7\u00f5es\",\"#Rio2016\",\"*Destaque\",\"Escrito por Aliados\",\"Pol\u00edticas\",\"Sustentabilidade\"],\"inLanguage\":\"pt-BR\"},{\"@type\":\"WebPage\",\"@id\":\"https:\/\/rioonwatch.org.br\/?p=20050\",\"url\":\"https:\/\/rioonwatch.org.br\/?p=20050\",\"name\":\"As \u00c1rvores Tombadas da Vila Aut\u00f3dromo: Rio Derruba Legado Ambiental dos Jogos Ol\u00edmpicos - RioOnWatch\",\"isPartOf\":{\"@id\":\"https:\/\/rioonwatch.org.br\/#website\"},\"primaryImageOfPage\":{\"@id\":\"https:\/\/rioonwatch.org.br\/?p=20050#primaryimage\"},\"image\":{\"@id\":\"https:\/\/rioonwatch.org.br\/?p=20050#primaryimage\"},\"thumbnailUrl\":\"https:\/\/rioonwatch.org.br\/wp-content\/uploads\/2016\/05\/image-3-scaled.jpeg\",\"datePublished\":\"2016-06-01T11:32:37+00:00\",\"dateModified\":\"2024-06-20T19:27:11+00:00\",\"breadcrumb\":{\"@id\":\"https:\/\/rioonwatch.org.br\/?p=20050#breadcrumb\"},\"inLanguage\":\"pt-BR\",\"potentialAction\":[{\"@type\":\"ReadAction\",\"target\":[\"https:\/\/rioonwatch.org.br\/?p=20050\"]}]},{\"@type\":\"ImageObject\",\"inLanguage\":\"pt-BR\",\"@id\":\"https:\/\/rioonwatch.org.br\/?p=20050#primaryimage\",\"url\":\"https:\/\/rioonwatch.org.br\/wp-content\/uploads\/2016\/05\/image-3-scaled.jpeg\",\"contentUrl\":\"https:\/\/rioonwatch.org.br\/wp-content\/uploads\/2016\/05\/image-3-scaled.jpeg\",\"width\":2560,\"height\":1920},{\"@type\":\"BreadcrumbList\",\"@id\":\"https:\/\/rioonwatch.org.br\/?p=20050#breadcrumb\",\"itemListElement\":[{\"@type\":\"ListItem\",\"position\":1,\"name\":\"In\u00edcio\",\"item\":\"https:\/\/rioonwatch.org.br\/\"},{\"@type\":\"ListItem\",\"position\":2,\"name\":\"As \u00c1rvores Tombadas da Vila Aut\u00f3dromo: Rio Derruba Legado Ambiental dos Jogos Ol\u00edmpicos\"}]},{\"@type\":\"WebSite\",\"@id\":\"https:\/\/rioonwatch.org.br\/#website\",\"url\":\"https:\/\/rioonwatch.org.br\/\",\"name\":\"RioOnWatch\",\"description\":\"relatos das favelas cariocas\",\"publisher\":{\"@id\":\"https:\/\/rioonwatch.org.br\/#organization\"},\"potentialAction\":[{\"@type\":\"SearchAction\",\"target\":{\"@type\":\"EntryPoint\",\"urlTemplate\":\"https:\/\/rioonwatch.org.br\/?s={search_term_string}\"},\"query-input\":{\"@type\":\"PropertyValueSpecification\",\"valueRequired\":true,\"valueName\":\"search_term_string\"}}],\"inLanguage\":\"pt-BR\"},{\"@type\":\"Organization\",\"@id\":\"https:\/\/rioonwatch.org.br\/#organization\",\"name\":\"RioOnWatch\",\"url\":\"https:\/\/rioonwatch.org.br\/\",\"logo\":{\"@type\":\"ImageObject\",\"inLanguage\":\"pt-BR\",\"@id\":\"https:\/\/rioonwatch.org.br\/#\/schema\/logo\/image\/\",\"url\":\"https:\/\/rioonwatch.org.br\/wp-content\/uploads\/2021\/06\/RioOnWatchcabecalhoPT11anos-2.png\",\"contentUrl\":\"https:\/\/rioonwatch.org.br\/wp-content\/uploads\/2021\/06\/RioOnWatchcabecalhoPT11anos-2.png\",\"width\":779,\"height\":277,\"caption\":\"RioOnWatch\"},\"image\":{\"@id\":\"https:\/\/rioonwatch.org.br\/#\/schema\/logo\/image\/\"}},{\"@type\":\"Person\",\"@id\":\"https:\/\/rioonwatch.org.br\/#\/schema\/person\/11d64c290506f9df50c71b850c473f68\",\"name\":\"Admin\",\"image\":{\"@type\":\"ImageObject\",\"inLanguage\":\"pt-BR\",\"@id\":\"https:\/\/rioonwatch.org.br\/#\/schema\/person\/image\/\",\"url\":\"https:\/\/secure.gravatar.com\/avatar\/56211ac74568383903349a1485e3c325?s=96&d=blank&r=g\",\"contentUrl\":\"https:\/\/secure.gravatar.com\/avatar\/56211ac74568383903349a1485e3c325?s=96&d=blank&r=g\",\"caption\":\"Admin\"},\"url\":\"https:\/\/rioonwatch.org.br\/?author=129\"}]}<\/script>\n<!-- \/ Yoast SEO plugin. -->","yoast_head_json":{"title":"As \u00c1rvores Tombadas da Vila Aut\u00f3dromo: Rio Derruba Legado Ambiental dos Jogos Ol\u00edmpicos - RioOnWatch","robots":{"index":"index","follow":"follow","max-snippet":"max-snippet:-1","max-image-preview":"max-image-preview:large","max-video-preview":"max-video-preview:-1"},"canonical":"https:\/\/rioonwatch.org.br\/?p=20050","og_locale":"pt_BR","og_type":"article","og_title":"As \u00c1rvores Tombadas da Vila Aut\u00f3dromo: Rio Derruba Legado Ambiental dos Jogos Ol\u00edmpicos - RioOnWatch","og_description":"Click Here for English &#8220;Quando voc\u00ea est\u00e1 brigando por moradia e por tudo que \u00e9 mais b\u00e1sico, como seguran\u00e7a e sa\u00fade p\u00fablica, as \u00e1rvores ficam em segundo plano. Ao falar com a Prefeitura sobre essas [...]","og_url":"https:\/\/rioonwatch.org.br\/?p=20050","og_site_name":"RioOnWatch","article_published_time":"2016-06-01T11:32:37+00:00","article_modified_time":"2024-06-20T19:27:11+00:00","og_image":[{"width":2560,"height":1920,"url":"https:\/\/rioonwatch.org.br\/wp-content\/uploads\/2016\/05\/image-3-scaled.jpeg","type":"image\/jpeg"}],"author":"Admin","twitter_card":"summary_large_image","twitter_misc":{"Escrito por":"Admin","Est. tempo de leitura":"8 minutos"},"schema":{"@context":"https:\/\/schema.org","@graph":[{"@type":"Article","@id":"https:\/\/rioonwatch.org.br\/?p=20050#article","isPartOf":{"@id":"https:\/\/rioonwatch.org.br\/?p=20050"},"author":{"name":"Admin","@id":"https:\/\/rioonwatch.org.br\/#\/schema\/person\/11d64c290506f9df50c71b850c473f68"},"headline":"As \u00c1rvores Tombadas da Vila Aut\u00f3dromo: Rio Derruba Legado Ambiental dos Jogos Ol\u00edmpicos","datePublished":"2016-06-01T11:32:37+00:00","dateModified":"2024-06-20T19:27:11+00:00","mainEntityOfPage":{"@id":"https:\/\/rioonwatch.org.br\/?p=20050"},"wordCount":1630,"publisher":{"@id":"https:\/\/rioonwatch.org.br\/#organization"},"image":{"@id":"https:\/\/rioonwatch.org.br\/?p=20050#primaryimage"},"thumbnailUrl":"https:\/\/rioonwatch.org.br\/wp-content\/uploads\/2016\/05\/image-3-scaled.jpeg","keywords":["arboriza\u00e7\u00e3o","Barra da Tijuca","BRT","Col\u00f4nia Juliano Moreira","Ilhas de Calor","Jacarepagu\u00e1","Legado Ol\u00edmpico","Megaeventos","meio ambiente","mito do legado","Olimp\u00edadas","perfil de lideran\u00e7a","reflorestamento","Remo\u00e7\u00e3o","resist\u00eancia","sustentabilidade","Termo Territorial Coletivo (TTC) \/ Community Land Trust (CLT)","TransCarioca","Vila Aut\u00f3dromo","Zona Oeste"],"articleSection":["#OlhoNasRemo\u00e7\u00f5es","#Rio2016","*Destaque","Escrito por Aliados","Pol\u00edticas","Sustentabilidade"],"inLanguage":"pt-BR"},{"@type":"WebPage","@id":"https:\/\/rioonwatch.org.br\/?p=20050","url":"https:\/\/rioonwatch.org.br\/?p=20050","name":"As \u00c1rvores Tombadas da Vila Aut\u00f3dromo: Rio Derruba Legado Ambiental dos Jogos Ol\u00edmpicos - RioOnWatch","isPartOf":{"@id":"https:\/\/rioonwatch.org.br\/#website"},"primaryImageOfPage":{"@id":"https:\/\/rioonwatch.org.br\/?p=20050#primaryimage"},"image":{"@id":"https:\/\/rioonwatch.org.br\/?p=20050#primaryimage"},"thumbnailUrl":"https:\/\/rioonwatch.org.br\/wp-content\/uploads\/2016\/05\/image-3-scaled.jpeg","datePublished":"2016-06-01T11:32:37+00:00","dateModified":"2024-06-20T19:27:11+00:00","breadcrumb":{"@id":"https:\/\/rioonwatch.org.br\/?p=20050#breadcrumb"},"inLanguage":"pt-BR","potentialAction":[{"@type":"ReadAction","target":["https:\/\/rioonwatch.org.br\/?p=20050"]}]},{"@type":"ImageObject","inLanguage":"pt-BR","@id":"https:\/\/rioonwatch.org.br\/?p=20050#primaryimage","url":"https:\/\/rioonwatch.org.br\/wp-content\/uploads\/2016\/05\/image-3-scaled.jpeg","contentUrl":"https:\/\/rioonwatch.org.br\/wp-content\/uploads\/2016\/05\/image-3-scaled.jpeg","width":2560,"height":1920},{"@type":"BreadcrumbList","@id":"https:\/\/rioonwatch.org.br\/?p=20050#breadcrumb","itemListElement":[{"@type":"ListItem","position":1,"name":"In\u00edcio","item":"https:\/\/rioonwatch.org.br\/"},{"@type":"ListItem","position":2,"name":"As \u00c1rvores Tombadas da Vila Aut\u00f3dromo: Rio Derruba Legado Ambiental dos Jogos Ol\u00edmpicos"}]},{"@type":"WebSite","@id":"https:\/\/rioonwatch.org.br\/#website","url":"https:\/\/rioonwatch.org.br\/","name":"RioOnWatch","description":"relatos das favelas cariocas","publisher":{"@id":"https:\/\/rioonwatch.org.br\/#organization"},"potentialAction":[{"@type":"SearchAction","target":{"@type":"EntryPoint","urlTemplate":"https:\/\/rioonwatch.org.br\/?s={search_term_string}"},"query-input":{"@type":"PropertyValueSpecification","valueRequired":true,"valueName":"search_term_string"}}],"inLanguage":"pt-BR"},{"@type":"Organization","@id":"https:\/\/rioonwatch.org.br\/#organization","name":"RioOnWatch","url":"https:\/\/rioonwatch.org.br\/","logo":{"@type":"ImageObject","inLanguage":"pt-BR","@id":"https:\/\/rioonwatch.org.br\/#\/schema\/logo\/image\/","url":"https:\/\/rioonwatch.org.br\/wp-content\/uploads\/2021\/06\/RioOnWatchcabecalhoPT11anos-2.png","contentUrl":"https:\/\/rioonwatch.org.br\/wp-content\/uploads\/2021\/06\/RioOnWatchcabecalhoPT11anos-2.png","width":779,"height":277,"caption":"RioOnWatch"},"image":{"@id":"https:\/\/rioonwatch.org.br\/#\/schema\/logo\/image\/"}},{"@type":"Person","@id":"https:\/\/rioonwatch.org.br\/#\/schema\/person\/11d64c290506f9df50c71b850c473f68","name":"Admin","image":{"@type":"ImageObject","inLanguage":"pt-BR","@id":"https:\/\/rioonwatch.org.br\/#\/schema\/person\/image\/","url":"https:\/\/secure.gravatar.com\/avatar\/56211ac74568383903349a1485e3c325?s=96&d=blank&r=g","contentUrl":"https:\/\/secure.gravatar.com\/avatar\/56211ac74568383903349a1485e3c325?s=96&d=blank&r=g","caption":"Admin"},"url":"https:\/\/rioonwatch.org.br\/?author=129"}]}},"_links":{"self":[{"href":"https:\/\/rioonwatch.org.br\/index.php?rest_route=\/wp\/v2\/posts\/20050"}],"collection":[{"href":"https:\/\/rioonwatch.org.br\/index.php?rest_route=\/wp\/v2\/posts"}],"about":[{"href":"https:\/\/rioonwatch.org.br\/index.php?rest_route=\/wp\/v2\/types\/post"}],"author":[{"embeddable":true,"href":"https:\/\/rioonwatch.org.br\/index.php?rest_route=\/wp\/v2\/users\/129"}],"replies":[{"embeddable":true,"href":"https:\/\/rioonwatch.org.br\/index.php?rest_route=%2Fwp%2Fv2%2Fcomments&post=20050"}],"version-history":[{"count":18,"href":"https:\/\/rioonwatch.org.br\/index.php?rest_route=\/wp\/v2\/posts\/20050\/revisions"}],"predecessor-version":[{"id":35346,"href":"https:\/\/rioonwatch.org.br\/index.php?rest_route=\/wp\/v2\/posts\/20050\/revisions\/35346"}],"wp:featuredmedia":[{"embeddable":true,"href":"https:\/\/rioonwatch.org.br\/index.php?rest_route=\/wp\/v2\/media\/20059"}],"wp:attachment":[{"href":"https:\/\/rioonwatch.org.br\/index.php?rest_route=%2Fwp%2Fv2%2Fmedia&parent=20050"}],"wp:term":[{"taxonomy":"category","embeddable":true,"href":"https:\/\/rioonwatch.org.br\/index.php?rest_route=%2Fwp%2Fv2%2Fcategories&post=20050"},{"taxonomy":"post_tag","embeddable":true,"href":"https:\/\/rioonwatch.org.br\/index.php?rest_route=%2Fwp%2Fv2%2Ftags&post=20050"},{"taxonomy":"writer","embeddable":true,"href":"https:\/\/rioonwatch.org.br\/index.php?rest_route=%2Fwp%2Fv2%2Fwriter&post=20050"},{"taxonomy":"translator","embeddable":true,"href":"https:\/\/rioonwatch.org.br\/index.php?rest_route=%2Fwp%2Fv2%2Ftranslator&post=20050"},{"taxonomy":"source","embeddable":true,"href":"https:\/\/rioonwatch.org.br\/index.php?rest_route=%2Fwp%2Fv2%2Fsource&post=20050"},{"taxonomy":"ilustrador","embeddable":true,"href":"https:\/\/rioonwatch.org.br\/index.php?rest_route=%2Fwp%2Fv2%2Filustrador&post=20050"},{"taxonomy":"fotografo","embeddable":true,"href":"https:\/\/rioonwatch.org.br\/index.php?rest_route=%2Fwp%2Fv2%2Ffotografo&post=20050"}],"curies":[{"name":"wp","href":"https:\/\/api.w.org\/{rel}","templated":true}]}}