{"id":20108,"date":"2016-06-08T12:49:17","date_gmt":"2016-06-08T15:49:17","guid":{"rendered":"http:\/\/rioonwatch.org.br\/?p=20108"},"modified":"2024-06-20T16:27:10","modified_gmt":"2024-06-20T19:27:10","slug":"moradores-do-parque-carioca-estao-descontentes-apos-mudanca-da-vila-autodromo-imagens","status":"publish","type":"post","link":"https:\/\/rioonwatch.org.br\/?p=20108","title":{"rendered":"A Realidade dos Moradores do Parque Carioca Ap\u00f3s Reassentamento da Vila Aut\u00f3dromo [IMAGENS]"},"content":{"rendered":"<p style=\"text-align: right;\"><em><strong><a href=\"http:\/\/bit.ly\/25xjkFu\" target=\"_blank\" rel=\"noopener\">Click Here for English<img decoding=\"async\" width=\"20\" height=\"20\" class=\"alignright wp-image-15790\" src=\"http:\/\/rioonwatch.org.br\/wp-content\/uploads\/2012\/08\/EN-standard-e1439583104716.jpg\" alt=\"\" \/><\/a><\/strong><\/em><\/p>\n<p><span style=\"font-weight: 400;\">Constru\u00eddo para acomodar os moradores <a href=\"http:\/\/bit.ly\/13xbIXo\" target=\"_blank\" rel=\"noopener\">removidos da Vila Aut\u00f3dromo<\/a>\u00a0e\u00a0<a href=\"http:\/\/bit.ly\/1Ub0goH\" target=\"_blank\" rel=\"noopener\">custando R$105 milh\u00f5es<\/a>, o\u00a0<a href=\"http:\/\/bit.ly\/1dpuC3i\" target=\"_blank\" rel=\"noopener\">Parque Carioca<\/a>\u00a0tem sido amplamente utilizado pela administra\u00e7\u00e3o do Prefeito Eduardo Paes como um modelo exemplar do\u00a0<a href=\"http:\/\/bit.ly\/Y4U9oJ\" target=\"_blank\" rel=\"noopener\">programa Minha Casa Minha Vida<\/a>. No entanto, muitos moradores da Vila Aut\u00f3dromo <a href=\"http:\/\/bit.ly\/13e0FNm\" target=\"_blank\" rel=\"noopener\">resistiram\u00a0durante muito tempo<\/a> ao transplante de sua comunidade para este complexo habitacional p\u00fablico e as <a href=\"http:\/\/bit.ly\/1B6hW1w\" target=\"_blank\" rel=\"noopener\">condi\u00e7\u00f5es<\/a>\u00a0n\u00e3o refletem a ret\u00f3rica da administra\u00e7\u00e3o municipal.<\/span><\/p>\n<p><span style=\"font-weight: 400;\">Ainda recentemente, o <a href=\"http:\/\/bit.ly\/1k4eA6c\" target=\"_blank\" rel=\"noopener\">Prefeito Eduardo Paes<\/a>\u00a0insistia que todos os moradores que deixaram\u00a0a <a href=\"http:\/\/bit.ly\/Nfddvg\" target=\"_blank\" rel=\"noopener\">Vila Aut\u00f3dromo<\/a><\/span> <span style=\"font-weight: 400;\">estavam felizes em partir e que as <a href=\"http:\/\/bit.ly\/21GSg4J\" target=\"_blank\" rel=\"noopener\">341 fam\u00edlias<\/a>\u00a0reassentadas\u00a0no Parque Carioca\u00a0estavam satisfeitas com a gest\u00e3o\u00a0das unidades habitacionais.\u00a0<a href=\"http:\/\/bit.ly\/1Rd3mGQ\" target=\"_blank\" rel=\"noopener\">Durante uma recente entrevista\u00a0reveladora<\/a> para o jornalista esportivo Dave Zirin, do\u00a0<\/span><i><span style=\"font-weight: 400;\">The Nation<\/span><\/i><span style=\"font-weight: 400;\">, Eduardo Paes disse, \u201cVamos at\u00e9 o condom\u00ednio para onde a maioria deles se mudou e voc\u00ea ver\u00e1 se sou popular por l\u00e1 ou n\u00e3o;\u00a0<a href=\"http:\/\/bit.ly\/1R3RMAY\" target=\"_blank\" rel=\"noopener\">se eles est\u00e3o felizes ou n\u00e3o<\/a>\u201d.<\/span><\/p>\n<figure id=\"attachment_20163\" aria-describedby=\"caption-attachment-20163\" style=\"width: 620px\" class=\"wp-caption aligncenter\"><a href=\"http:\/\/rioonwatch.org.br\/wp-content\/uploads\/2016\/06\/26872635251_626fcf938b_o-e1463154593864.jpg\"><img fetchpriority=\"high\" decoding=\"async\" class=\"wp-image-20163 size-medium\" title=\"Port\u00f5es fechados dos lotes para a rua principal do Parque Carioca.\" src=\"http:\/\/rioonwatch.org.br\/wp-content\/uploads\/2016\/06\/26872635251_626fcf938b_o-e1463154593864-620x465.jpg\" alt=\"26872635251_626fcf938b_o-e1463154593864\" width=\"620\" height=\"465\" srcset=\"https:\/\/rioonwatch.org.br\/wp-content\/uploads\/2016\/06\/26872635251_626fcf938b_o-e1463154593864-620x465.jpg 620w, https:\/\/rioonwatch.org.br\/wp-content\/uploads\/2016\/06\/26872635251_626fcf938b_o-e1463154593864-352x264.jpg 352w, https:\/\/rioonwatch.org.br\/wp-content\/uploads\/2016\/06\/26872635251_626fcf938b_o-e1463154593864-768x576.jpg 768w, https:\/\/rioonwatch.org.br\/wp-content\/uploads\/2016\/06\/26872635251_626fcf938b_o-e1463154593864-1024x768.jpg 1024w, https:\/\/rioonwatch.org.br\/wp-content\/uploads\/2016\/06\/26872635251_626fcf938b_o-e1463154593864-174x131.jpg 174w, https:\/\/rioonwatch.org.br\/wp-content\/uploads\/2016\/06\/26872635251_626fcf938b_o-e1463154593864-300x225.jpg 300w, https:\/\/rioonwatch.org.br\/wp-content\/uploads\/2016\/06\/26872635251_626fcf938b_o-e1463154593864-70x53.jpg 70w, https:\/\/rioonwatch.org.br\/wp-content\/uploads\/2016\/06\/26872635251_626fcf938b_o-e1463154593864.jpg 1800w\" sizes=\"(max-width: 620px) 100vw, 620px\" \/><\/a><figcaption id=\"caption-attachment-20163\" class=\"wp-caption-text\">Port\u00f5es fechados dos lotes para a rua principal do Parque Carioca.<\/figcaption><\/figure>\n<p><span style=\"font-weight: 400;\">Eduardo Paes afirma que as fam\u00edlias sa\u00edram por vontade pr\u00f3pria. Isso contradiz relatos dos moradores sobre a constante press\u00e3o para sa\u00edrem, com a Prefeitura for\u00e7ando lentamente as fam\u00edlias para fora, usando\u00a0<a href=\"http:\/\/bit.ly\/1QHprD5\" target=\"_blank\" rel=\"noopener\">medo, intimida\u00e7\u00e3o<\/a>\u00a0e<\/span>\u00a0<span style=\"font-weight: 400;\">alimentando a <a href=\"http:\/\/bit.ly\/1DNRvh2\" target=\"_blank\" rel=\"noopener\">desuni\u00e3o<\/a>.<\/span><\/p>\n<p><span style=\"font-weight: 400;\">A remo\u00e7\u00e3o para o Parque Carioca deveria fornecer casas atrav\u00e9s de uma \u201ctroca de chaves&#8221;, que significa a simples troca de uma casa por outra, com os mesmos direitos e sem pagamentos extras. Em vez disso, a Caixa Econ\u00f4mica Federal pagar\u00e1 120 parcelas mensais durante dez anos, o que significa que os moradores n\u00e3o podem realmente vender suas casas, e por consequ\u00eancia ter\u00e3o que permanecer no local sendo bom para eles ou n\u00e3o, at\u00e9 que os pagamentos tenham terminado. Al\u00e9m disso, a falta de fiscaliza\u00e7\u00e3o por parte do governo fez com que alguns dos problemas associados a <a href=\"http:\/\/bit.ly\/1K8LVUg\" target=\"_blank\" rel=\"noopener\">neglig\u00eancia do Estado<\/a>, que n\u00e3o existiam na Vila Aut\u00f3dromo devido \u00e0 forte estrutura social da comunidade, aparecessem no Parque Carioca, como o uso de drogas dentro dos condom\u00ednios.<\/span><\/p>\n<p><span style=\"font-weight: 400;\">Em um <a href=\"http:\/\/glo.bo\/1wii8Sq\" target=\"_blank\" rel=\"noopener\">artigo do<\/a>\u00a0<\/span><i><span style=\"font-weight: 400;\">O<\/span><\/i> <i><span style=\"font-weight: 400;\">Globo<\/span><\/i><span style=\"font-weight: 400;\"> de 2014, um morador explicou: \u201cN\u00f3s j\u00e1 temos moradores usando drogas nos corredores. O espa\u00e7o \u00e9 bonito, mas n\u00e3o \u00e9 bem administrado\u201d. Outro morador comentou \u201cAchei que poder\u00edamos fazer o que quis\u00e9ssemos com o apartamento. Agora estamos presos aqui por dez anos. Por enquanto est\u00e1 bom, mas tenho medo de que isso se torne uma segunda\u00a0<a href=\"http:\/\/bit.ly\/10BzE4e\" target=\"_blank\" rel=\"noopener\">Cidade de Deus<\/a>&#8220;.\u00a0\u00c9 importante observar que esse artigo de <\/span><i><span style=\"font-weight: 400;\">O<\/span><\/i> <i><span style=\"font-weight: 400;\">Globo\u00a0<\/span><\/i><span style=\"font-weight: 400;\">j\u00e1 tem quase um ano e meio; devido \u00e0 baixa qualidade da constru\u00e7\u00e3o, o complexo habitacional j\u00e1 n\u00e3o \u00e9 t\u00e3o \u201cbonito\u201d, sinais de degrada\u00e7\u00e3o est\u00e3o por toda parte.<\/span><\/p>\n<figure id=\"attachment_20164\" aria-describedby=\"caption-attachment-20164\" style=\"width: 620px\" class=\"wp-caption aligncenter\"><a href=\"http:\/\/rioonwatch.org.br\/wp-content\/uploads\/2016\/06\/26871795711_3130032138_o.jpg\"><img decoding=\"async\" class=\"wp-image-20164 size-medium\" title=\"Cercas separaram os terrenos. Para alguns se assemelham mais a pris\u00f5es do que casas.\" src=\"http:\/\/rioonwatch.org.br\/wp-content\/uploads\/2016\/06\/26871795711_3130032138_o-620x465.jpg\" alt=\"26871795711_3130032138_o\" width=\"620\" height=\"465\" srcset=\"https:\/\/rioonwatch.org.br\/wp-content\/uploads\/2016\/06\/26871795711_3130032138_o-620x465.jpg 620w, https:\/\/rioonwatch.org.br\/wp-content\/uploads\/2016\/06\/26871795711_3130032138_o-352x264.jpg 352w, https:\/\/rioonwatch.org.br\/wp-content\/uploads\/2016\/06\/26871795711_3130032138_o-768x576.jpg 768w, https:\/\/rioonwatch.org.br\/wp-content\/uploads\/2016\/06\/26871795711_3130032138_o-1024x768.jpg 1024w, https:\/\/rioonwatch.org.br\/wp-content\/uploads\/2016\/06\/26871795711_3130032138_o-174x131.jpg 174w, https:\/\/rioonwatch.org.br\/wp-content\/uploads\/2016\/06\/26871795711_3130032138_o-300x225.jpg 300w, https:\/\/rioonwatch.org.br\/wp-content\/uploads\/2016\/06\/26871795711_3130032138_o-70x53.jpg 70w\" sizes=\"(max-width: 620px) 100vw, 620px\" \/><\/a><figcaption id=\"caption-attachment-20164\" class=\"wp-caption-text\">Cercas separaram os lotes. Para alguns se assemelham mais a pris\u00f5es do que lares.<\/figcaption><\/figure>\n<p><span style=\"font-weight: 400;\">\u00c9 raro ter acesso a esses condom\u00ednios habitacionais p\u00fablicos. Frequentemente, os moradores ficam sens\u00edveis ao expor suas experi\u00eancias, pois n\u00e3o querem reviver a experi\u00eancia da remo\u00e7\u00e3o de suas comunidades ao falarem sobre ela, uma vez que j\u00e1 aconteceu e nada pode ser feito. Al\u00e9m do mais, muitos disseram ao <\/span><i><span style=\"font-weight: 400;\">RioOnWatch<\/span><\/i><span style=\"font-weight: 400;\">\u00a0que est\u00e3o relutantes em falar por temerem que a moradia p\u00fablica possa lhes ser tirada por vingan\u00e7a, ou at\u00e9 porque essas comunidades fechadas s\u00e3o frequentemente <a href=\"http:\/\/glo.bo\/1Mme6AX\" target=\"_blank\" rel=\"noopener\">controladas por mil\u00edcias<\/a>.<\/span><\/p>\n<p><span style=\"font-weight: 400;\">Aqui o<\/span><i><span style=\"font-weight: 400;\">\u00a0RioOnWatch<\/span><\/i><span style=\"font-weight: 400;\"> documenta algumas das preocupa\u00e7\u00f5es e experi\u00eancias expressadas por moradores do Parque Carioca em uma visita recente. Devido ao medo das pessoas de falarem publicamente sobre suas preocupa\u00e7\u00f5es, n\u00e3o estaremos atribuindo cita\u00e7\u00f5es a ningu\u00e9m diretamente, como uma forma de proteger identidades.<\/span><\/p>\n<figure id=\"attachment_20165\" aria-describedby=\"caption-attachment-20165\" style=\"width: 620px\" class=\"wp-caption aligncenter\"><a href=\"http:\/\/rioonwatch.org.br\/wp-content\/uploads\/2016\/06\/Screen-Shot-2016-04-14-at-1.29.23-PM.png\"><img loading=\"lazy\" decoding=\"async\" class=\"wp-image-20165 size-medium\" title=\"Cartaz na janela de um pr\u00e9dio do Parque Carioca - &quot;Quero meu dinheiro&quot;\" src=\"http:\/\/rioonwatch.org.br\/wp-content\/uploads\/2016\/06\/Screen-Shot-2016-04-14-at-1.29.23-PM-620x384.png\" alt=\"Cartaz na janela de um pr\u00e9dio do Parque Carioca - &quot;Quero meu dinheiro&quot;\" width=\"620\" height=\"384\" srcset=\"https:\/\/rioonwatch.org.br\/wp-content\/uploads\/2016\/06\/Screen-Shot-2016-04-14-at-1.29.23-PM-620x384.png 620w, https:\/\/rioonwatch.org.br\/wp-content\/uploads\/2016\/06\/Screen-Shot-2016-04-14-at-1.29.23-PM-426x264.png 426w, https:\/\/rioonwatch.org.br\/wp-content\/uploads\/2016\/06\/Screen-Shot-2016-04-14-at-1.29.23-PM.png 683w\" sizes=\"(max-width: 620px) 100vw, 620px\" \/><\/a><figcaption id=\"caption-attachment-20165\" class=\"wp-caption-text\">Cartaz na janela de um pr\u00e9dio do Parque Carioca &#8211; &#8220;Dinheiro, quero meu.&#8221;<\/figcaption><\/figure>\n<h3><b>Conhecendo os moradores<\/b><\/h3>\n<p><span style=\"font-weight: 400;\">O Parque Carioca \u00e9 dividido em quatro lotes separados e sem conex\u00e3o. Cada lote \u00e9 uma se\u00e7\u00e3o da comunidade rodeada por grandes cercas de arame com alguns pr\u00e9dios de condom\u00ednio dentro delas. Para entrar em um lote, os moradores usam dois port\u00f5es: um para carros e outro para pedestres. Do lado de fora, os condom\u00ednios parecem constru\u00e7\u00f5es simples, com cinco andares, janelas com bom tamanho e uma pequena varanda para cada apartamento. <\/span><\/p>\n<p><span style=\"font-weight: 400;\">Quase imediatamente ap\u00f3s entrar na comunidade, o\u00a0<\/span><i><span style=\"font-weight: 400;\">RioOnWatch<\/span><\/i><span style=\"font-weight: 400;\">\u00a0foi recebido por uma moradora cuja fam\u00edlia havia deixado a <a href=\"http:\/\/bit.ly\/Nfddvg\" target=\"_blank\" rel=\"noopener\">Vila Aut\u00f3dromo<\/a>\u00a0ap\u00f3s negociarem um pre\u00e7o por sua moradia. A moradora disse que apesar de ter procurado por outras op\u00e7\u00f5es, n\u00e3o foi capaz de encontrar moradia adequada com a indeniza\u00e7\u00e3o\u00a0que recebeu por sua casa na Vila Aut\u00f3dromo. Decidiu ent\u00e3o adquirir um apartamento de um parente no Parque Carioca, pois poderia manter seu filho na mesma escola onde estudava quando na Vila Aut\u00f3dromo. As ruas pavimentadas e a falta de lodo foram vistas como um aspecto positivo do complexo.<\/span><\/p>\n<p><span style=\"font-weight: 400;\">Essa moradora falou sobre a falta de manuten\u00e7\u00e3o dentro do complexo. O destaque do Parque Carioca \u00e9 uma grande piscina com um escorrega que \u00e9 usada frequentemente como material de<\/span><b>\u00a0<\/b><span style=\"font-weight: 400;\"><a href=\"http:\/\/bit.ly\/1TXCDG2\" target=\"_blank\" rel=\"noopener\">marketing do Parque Carioca<\/a>\u00a0<\/span><span style=\"font-weight: 400;\">juntamente com reportagens <a href=\"http:\/\/glo.bo\/24hLJNr\" target=\"_blank\" rel=\"noopener\">inicialmente publicadas no<\/a>\u00a0<\/span><i><span style=\"font-weight: 400;\">O Globo\u00a0<\/span><\/i><span style=\"font-weight: 400;\">que glamourizavam o condom\u00ednio. Agora, a piscina est\u00e1 cercada por fita isolante e a \u00e1gua tem um tom esverdeado. Foi dito aos moradores que se quisessem utilizar a piscina, eles mesmo deveriam fazer a manuten\u00e7\u00e3o.<\/span><\/p>\n<figure id=\"attachment_20187\" aria-describedby=\"caption-attachment-20187\" style=\"width: 620px\" class=\"wp-caption aligncenter\"><a href=\"http:\/\/rioonwatch.org.br\/wp-content\/uploads\/2016\/06\/Parque-piscina.jpg\"><img loading=\"lazy\" decoding=\"async\" class=\"wp-image-20187\" title=\"A piscina, comemorada frequentemente nos materiais de marketing, est\u00e1 repleta de algas ha muitos meses. Moradores foram informados que agora teriam que mant\u00ea-la eles mesmos.\" src=\"http:\/\/rioonwatch.org.br\/wp-content\/uploads\/2016\/06\/Parque-piscina.jpg\" alt=\"Parque piscina\" width=\"620\" height=\"465\" srcset=\"https:\/\/rioonwatch.org.br\/wp-content\/uploads\/2016\/06\/Parque-piscina.jpg 3264w, https:\/\/rioonwatch.org.br\/wp-content\/uploads\/2016\/06\/Parque-piscina-352x264.jpg 352w, https:\/\/rioonwatch.org.br\/wp-content\/uploads\/2016\/06\/Parque-piscina-620x465.jpg 620w, https:\/\/rioonwatch.org.br\/wp-content\/uploads\/2016\/06\/Parque-piscina-768x576.jpg 768w, https:\/\/rioonwatch.org.br\/wp-content\/uploads\/2016\/06\/Parque-piscina-1024x768.jpg 1024w, https:\/\/rioonwatch.org.br\/wp-content\/uploads\/2016\/06\/Parque-piscina-174x131.jpg 174w, https:\/\/rioonwatch.org.br\/wp-content\/uploads\/2016\/06\/Parque-piscina-300x225.jpg 300w, https:\/\/rioonwatch.org.br\/wp-content\/uploads\/2016\/06\/Parque-piscina-70x53.jpg 70w\" sizes=\"(max-width: 620px) 100vw, 620px\" \/><\/a><figcaption id=\"caption-attachment-20187\" class=\"wp-caption-text\">A piscina, comemorada frequentemente nos materiais de marketing, est\u00e1 repleta de algas ha muitos meses. Moradores foram informados que agora teriam que mant\u00ea-la eles mesmos.<\/figcaption><\/figure>\n<p><span style=\"font-weight: 400;\">Moradores mostraram-se\u00a0preocupados com a seguran\u00e7a e bem estar das pessoas no Parque Carioca. Alguns est\u00e3o profundamente insatisfeitos com a qualidade dos pr\u00e9dios constru\u00eddos em 2013. A <a href=\"http:\/\/bit.ly\/1UcE3Lg\" target=\"_blank\" rel=\"noopener\">Prefeitura descreve<\/a> o Parque Carioca\u00a0como\u00a0\u201cum empreendimento com padr\u00e3o classe m\u00e9dia&#8221;. Por\u00e9m moradores nos relataram casos de infiltra\u00e7\u00f5es e vazamentos.<\/span><\/p>\n<p><span style=\"font-weight: 400;\">Moradores tamb\u00e9m fizeram reclama\u00e7\u00f5es sobre altas temperaturas nos pr\u00e9dios j\u00e1 que <a href=\"http:\/\/bit.ly\/1RiZS9W\" target=\"_blank\" rel=\"noopener\">praticamente n\u00e3o h\u00e1 \u00e1rvores<\/a>\u00a0no complexo\u00a0e circula\u00e7\u00e3o de ar \u00e9 pouca. Apesar do material promocional do Parque Carioca citar a inexist\u00eancia de insetos e mosquitos, tubos de drenagem est\u00e3o abertos pr\u00f3ximos dos p\u00e1tios de alguns pr\u00e9dios, fazendo com que a \u00e1gua parada e os insetos sejam um problema. O Zika v\u00edrus <a href=\"http:\/\/bbc.in\/1Pg83Af\" target=\"_blank\" rel=\"noopener\">j\u00e1 era uma preocupa\u00e7\u00e3o<\/a> para os moradores da Vila Aut\u00f3dromo devido \u00e0s po\u00e7as de \u00e1gua parada geradas pela demoli\u00e7\u00e3o de casas e pela constru\u00e7\u00e3o do Parque Ol\u00edmpico, e ao que parece eles n\u00e3o foram capazes de escapar do problema ap\u00f3s a mudan\u00e7a.<\/span><\/p>\n<p><span style=\"font-weight: 400;\">Alguns moradores mostraram-se arrependidos da decis\u00e3o de mudar-se para o Parque Carioca e dizem que foram pressionados a isso. O Prefeito Eduardo Paes\u00a0<a href=\"http:\/\/bit.ly\/1UDBCjm\" target=\"_blank\" rel=\"noopener\">tem falado continuamente<\/a> que n\u00e3o for\u00e7ou ningu\u00e9m a sair e que qualquer pessoa que quisesse permanecer na comunidade poderia, mas os moradores dizem\u00a0que foram comunicados por agentes municipais que n\u00e3o teriam escolha e acabariam sendo for\u00e7ados a sair, portanto optaram pela mudan\u00e7a para reduzir o risco de maiores problemas. <\/span><\/p>\n<p><span style=\"font-weight: 400;\">Essa preocupa\u00e7\u00e3o \u00e9 confirmada em outras hist\u00f3rias como nessa <a href=\"http:\/\/bit.ly\/1UDBCjm\" target=\"_blank\" rel=\"noopener\">reportagem da\u00a0TV Record abaixo<\/a>, em que uma mulher fala sobre as falsas promessas do prefeito. Originalmente foi prometido aos moradores que eles n\u00e3o seriam obrigados a ficar e que seriam os donos de suas moradias, podendo vend\u00ea-las se assim quisessem, como eram capazes de vender suas antigas casas na Vila Aut\u00f3dromo. Na verdade, os moradores s\u00e3o obrigados a manter seus apartamentos por 10 anos antes que possam vend\u00ea-los legalmente. \u201cUma prisioneira em sua pr\u00f3pria casa\u201d, foi como V\u00e2nia foi descrita na reportagem:<\/span><\/p>\n<p><iframe src=\"https:\/\/www.youtube.com\/embed\/A5EsStxiQBg\" width=\"620\" height=\"465\" frameborder=\"0\" allowfullscreen=\"allowfullscreen\"><\/iframe><\/p>\n<p><span style=\"font-weight: 400;\">No geral, os moradores foram bastante receptivos e <a href=\"http:\/\/bit.ly\/1B6hW1w\" target=\"_blank\" rel=\"noopener\">abertos a falarem conosco anonimamente sobre diversas\u00a0armadilhas do complexo<\/a>, o que trouxe um forte contraste na forma com a qual a Prefeitura descreve as condi\u00e7\u00f5es do Parque Carioca.<\/span><\/p>\n<p><span style=\"font-weight: 400;\">Ao partirmos, no entanto, uma mulher surgiu e explicou que trabalhava para a s\u00edndica do complexo. Ela come\u00e7ou a gritar e disse que era proibido visitantes na \u00e1rea sem um guia adequado e que tamb\u00e9m era proibido tirar fotos sem permiss\u00e3o. Ela insistiu que os visitantes deveriam ser acompanhados at\u00e9 a sa\u00edda do complexo, para que n\u00e3o ficassem circulando por ali, e que visitantes que desobedecessem as regras do complexo deveriam se retirar sem questionamentos. Vizinhos do complexo nos disseram mais tarde que tais cargos s\u00e3o preenchidos por pessoas ligadas a Prefeitura, com o intuito de n\u00e3o deixar que as queixas e frustra\u00e7\u00f5es dos moradores saiam do complexo.<\/span><\/p>\n<h3><b>Problemas no Parque Carioca representam um descontentamento generalizado com pol\u00edticas fracassadas e falsas promessas<\/b><\/h3>\n<p><span style=\"font-weight: 400;\">Al\u00e9m das hist\u00f3rias individuais dos moradores, a situa\u00e7\u00e3o no Parque Carioca representa um problema muito maior, que \u00e9 a disparidade cont\u00ednua entre pol\u00edticas no papel e na implementa\u00e7\u00e3o. Os moradores da Vila Aut\u00f3dromo foram tirados de sua comunidade com a <a href=\"http:\/\/bit.ly\/1VkxAeJ\" target=\"_blank\" rel=\"noopener\">promessa de uma melhoria no padr\u00e3o de vida<\/a> a partir das moradias providenciadas pela administra\u00e7\u00e3o de Eduardo Paes. Os numerosos v\u00eddeos promocionais e as <a href=\"http:\/\/bit.ly\/1RXdNlC\" target=\"_blank\" rel=\"noopener\">visitas chamativas empreendidas pela Prefeitura para atrair os moradores<\/a> da Vila Aut\u00f3dromo n\u00e3o refletem a atual realidade no Parque Carioca&#8211;um complexo habitacional mal executado e mal mantido que reflete a falha de outras iniciativas pol\u00edticas como o <a href=\"http:\/\/bit.ly\/1NlpfbK\" target=\"_blank\" rel=\"noopener\">Morar Carioca<\/a>, a <a href=\"http:\/\/bit.ly\/1Hwcer6\" target=\"_blank\" rel=\"noopener\">UPP Social<\/a> e at\u00e9 o programa da <a href=\"http:\/\/bit.ly\/1SLz1kz\" target=\"_blank\" rel=\"noopener\">UPP<\/a>. De uma perspectiva pol\u00edtica e de planejamento urbano, h\u00e1 in\u00fameros erros gritantes na execu\u00e7\u00e3o do complexo habitacional al\u00e9m dos descritos pelos moradores acima.<\/span><\/p>\n<figure id=\"attachment_20167\" aria-describedby=\"caption-attachment-20167\" style=\"width: 620px\" class=\"wp-caption aligncenter\"><a href=\"http:\/\/rioonwatch.org.br\/wp-content\/uploads\/2016\/06\/26667043030_400771226d_o-2-768x576.jpg\"><img loading=\"lazy\" decoding=\"async\" class=\"wp-image-20167 size-medium\" title=\"No Parque Carioca falta a vibra\u00e7\u00e3o e o movimento nas ruas que \u00e9 caracter\u00edstico de comunidades informais.\" src=\"http:\/\/rioonwatch.org.br\/wp-content\/uploads\/2016\/06\/26667043030_400771226d_o-2-768x576-620x465.jpg\" alt=\"26667043030_400771226d_o-2-768x576\" width=\"620\" height=\"465\" srcset=\"https:\/\/rioonwatch.org.br\/wp-content\/uploads\/2016\/06\/26667043030_400771226d_o-2-768x576-620x465.jpg 620w, https:\/\/rioonwatch.org.br\/wp-content\/uploads\/2016\/06\/26667043030_400771226d_o-2-768x576-352x264.jpg 352w, https:\/\/rioonwatch.org.br\/wp-content\/uploads\/2016\/06\/26667043030_400771226d_o-2-768x576.jpg 768w, https:\/\/rioonwatch.org.br\/wp-content\/uploads\/2016\/06\/26667043030_400771226d_o-2-768x576-174x131.jpg 174w, https:\/\/rioonwatch.org.br\/wp-content\/uploads\/2016\/06\/26667043030_400771226d_o-2-768x576-300x225.jpg 300w, https:\/\/rioonwatch.org.br\/wp-content\/uploads\/2016\/06\/26667043030_400771226d_o-2-768x576-70x53.jpg 70w\" sizes=\"(max-width: 620px) 100vw, 620px\" \/><\/a><figcaption id=\"caption-attachment-20167\" class=\"wp-caption-text\">No Parque Carioca falta a vibra\u00e7\u00e3o e o movimento nas ruas que \u00e9 caracter\u00edstico de comunidades informais.<\/figcaption><\/figure>\n<p><span style=\"font-weight: 400;\">Primeiro, h\u00e1 uma <a href=\"http:\/\/bit.ly\/1uRzOcM\" target=\"_blank\" rel=\"noopener\">pobre conectividade entre os pr\u00e9dios do condom\u00ednio<\/a>. Embora tenha um amplo estacionamento para os moradores, o formato dificulta a circula\u00e7\u00e3o atrav\u00e9s do complexo e faz um n\u00edtido contraste com a comunidade densa, conectada e <a href=\"http:\/\/bit.ly\/1NB3l2b\" target=\"_blank\" rel=\"noopener\">vibrante que existia na Vila Aut\u00f3dromo<\/a>. Ao inv\u00e9s de fazer consertos e urbanizar a comunidade que representava tantas <a href=\"http:\/\/bit.ly\/1uRzOcM\" target=\"_blank\" rel=\"noopener\">qualidades urban\u00edsticas positivas<\/a>, a Prefeitura optou por lotes isolados orientados para carros, que dificultam o crescimento da comunidade e reprimem a intera\u00e7\u00e3o entre vizinhos.<\/span><\/p>\n<p><span style=\"font-weight: 400;\">Em segundo lugar, o formato do complexo tem muitas falhas e defeitos. Os parquinhos para crian\u00e7as j\u00e1 est\u00e3o todos em ru\u00ednas, cheios de equipamentos quebrados. Os equipamentos de metal ficam quentes demais para se brincar neles. E o problema n\u00e3o se limita as \u00e1reas de lazer. Os <a href=\"http:\/\/bit.ly\/1mAUeBN\" target=\"_blank\" rel=\"noopener\">espa\u00e7os comunit\u00e1rias<\/a> n\u00e3o est\u00e3o conectados; a falta de sombra \u00e9 opressiva; muitos bancos est\u00e3o quebrados, e ficou claro que os moradores n\u00e3o disp\u00f5em de liberdade para <a href=\"http:\/\/bit.ly\/1pDT9f1\" target=\"_blank\" rel=\"noopener\">interpretar os espa\u00e7os<\/a> de uma forma que d\u00ea a eles um prop\u00f3sito \u00fatil.<\/span><\/p>\n<figure id=\"attachment_20168\" aria-describedby=\"caption-attachment-20168\" style=\"width: 620px\" class=\"wp-caption aligncenter\"><a href=\"http:\/\/rioonwatch.org.br\/wp-content\/uploads\/2016\/06\/26872154571_e923d7efd9_o.jpg\"><img loading=\"lazy\" decoding=\"async\" class=\"wp-image-20168 size-medium\" title=\"Espa\u00e7o designado para carros, n\u00e3o para intera\u00e7\u00e3o entre moradores.\" src=\"http:\/\/rioonwatch.org.br\/wp-content\/uploads\/2016\/06\/26872154571_e923d7efd9_o-620x465.jpg\" alt=\"26872154571_e923d7efd9_o\" width=\"620\" height=\"465\" srcset=\"https:\/\/rioonwatch.org.br\/wp-content\/uploads\/2016\/06\/26872154571_e923d7efd9_o-620x465.jpg 620w, https:\/\/rioonwatch.org.br\/wp-content\/uploads\/2016\/06\/26872154571_e923d7efd9_o-352x264.jpg 352w, https:\/\/rioonwatch.org.br\/wp-content\/uploads\/2016\/06\/26872154571_e923d7efd9_o-768x576.jpg 768w, https:\/\/rioonwatch.org.br\/wp-content\/uploads\/2016\/06\/26872154571_e923d7efd9_o-1024x768.jpg 1024w, https:\/\/rioonwatch.org.br\/wp-content\/uploads\/2016\/06\/26872154571_e923d7efd9_o-174x131.jpg 174w, https:\/\/rioonwatch.org.br\/wp-content\/uploads\/2016\/06\/26872154571_e923d7efd9_o-300x225.jpg 300w, https:\/\/rioonwatch.org.br\/wp-content\/uploads\/2016\/06\/26872154571_e923d7efd9_o-70x53.jpg 70w\" sizes=\"(max-width: 620px) 100vw, 620px\" \/><\/a><figcaption id=\"caption-attachment-20168\" class=\"wp-caption-text\">Espa\u00e7o designado para carros, n\u00e3o para intera\u00e7\u00e3o entre moradores.<\/figcaption><\/figure>\n<p><span style=\"font-weight: 400;\">Al\u00e9m do mais, os cl\u00e1ssicos contentores de lixo laranjas da Comlurb\u00a0se encontravam pela metade&#8211;tampa sem recept\u00e1culo&#8211;no lote que visitamos, o que resultou em in\u00fameros montes de lixo atirados pelo complexo. Muitos moradores se mostraram preocupados com a baixa qualidade de servi\u00e7os urbanos que possuem dentro do Parque Carioca.<\/span><\/p>\n<p><span style=\"font-weight: 400;\">Tamb\u00e9m ficou claro que h\u00e1 uma estrutura de poder na comunidade que n\u00e3o representa seus moradores e \u00e9 usada para suprimir suas vozes. Em um per\u00edodo em que a\u00a0<a href=\"http:\/\/bit.ly\/1XpfSbp\" target=\"_blank\" rel=\"noopener\">futura urbaniza\u00e7\u00e3o da Vila Aut\u00f3dromo<\/a> permanece incerta, n\u00e3o s\u00e3o s\u00f3 as 20 fam\u00edlias que continuar\u00e3o morando na Vila Aut\u00f3dromo que precisar\u00e3o de aten\u00e7\u00e3o, mas tamb\u00e9m as centenas de fam\u00edlias que seguem sofrendo por causa de promessas n\u00e3o cumpridas.<\/span><\/p>\n<h3>Veja imagens do nosso dia no Parque Carioca (clique <a href=\"http:\/\/bit.ly\/1WDICAd\" target=\"_blank\" rel=\"noopener\">aqui para legendas):<\/a><\/h3>\n<p><iframe src=\"http:\/\/www.flickr.com\/slideShow\/index.gne?group_id=&amp;user_id=25093702@N00&amp;set_id=72157667955332662&amp;amp\" width=\"620\" height=\"450\" frameborder=\"0\" scrolling=\"no\" align=\"center\"><\/iframe><\/p>\n<!-- AddThis Advanced Settings generic via filter on the_content --><!-- AddThis Share Buttons generic via filter on the_content -->","protected":false},"excerpt":{"rendered":"<div class=\"mh-excerpt\"><p>Click Here for English Constru\u00eddo para acomodar os moradores removidos da Vila Aut\u00f3dromo\u00a0e\u00a0custando R$105 milh\u00f5es, o\u00a0Parque Carioca\u00a0tem sido amplamente utilizado pela administra\u00e7\u00e3o do Prefeito Eduardo Paes como um modelo exemplar do\u00a0programa Minha Casa Minha Vida. <a class=\"mh-excerpt-more\" href=\"https:\/\/rioonwatch.org.br\/?p=20108\" title=\"A Realidade dos Moradores do Parque Carioca Ap\u00f3s Reassentamento da Vila Aut\u00f3dromo [IMAGENS]\">[&#8230;]<\/a><!-- AddThis Advanced Settings generic via filter on get_the_excerpt --><!-- AddThis Share Buttons generic via filter on get_the_excerpt --><\/p>\n<\/div>","protected":false},"author":129,"featured_media":20161,"comment_status":"closed","ping_status":"closed","sticky":false,"template":"","format":"standard","meta":{"_acf_changed":false,"_monsterinsights_skip_tracking":false,"_monsterinsights_sitenote_active":false,"_monsterinsights_sitenote_note":"","_monsterinsights_sitenote_category":0,"footnotes":""},"categories":[1614,1635,1621,1633],"tags":[1386,424,88,484,994,1240,246,1037,417,78,680,359,729,55,184],"writer":[777],"translator":[1868],"source":[],"ilustrador":[],"fotografo":[],"class_list":{"0":"post-20108","1":"post","2":"type-post","3":"status-publish","4":"format-standard","5":"has-post-thumbnail","7":"category-olhonasremocoes","8":"category-1635","9":"category-destaque","10":"category-foto-reportagens","11":"tag-critica-a-politica","12":"tag-direito-a-moradia","13":"tag-direitos-humanos","14":"tag-prefeito-eduardo-paes","15":"tag-habitacao-publica","16":"tag-megaeventos","17":"tag-minha-casa-minha-vida","18":"tag-moradia","19":"tag-negligencia-do-estado","20":"tag-olimpiadas","21":"tag-parque-carioca","22":"tag-participacao-zero","23":"tag-vidas-que-nao-podem-ser-substituidas-em-habitacao-publica","24":"tag-vila-autodromo","25":"tag-zona-oeste","26":"writer-rioonwatch","27":"translator-igor-leoni"},"acf":[],"yoast_head":"<!-- This site is optimized with the Yoast SEO plugin v25.6 - https:\/\/yoast.com\/wordpress\/plugins\/seo\/ -->\n<title>A Realidade dos Moradores do Parque Carioca Ap\u00f3s Reassentamento da Vila Aut\u00f3dromo [IMAGENS] - RioOnWatch<\/title>\n<meta name=\"robots\" content=\"index, follow, max-snippet:-1, max-image-preview:large, max-video-preview:-1\" \/>\n<link rel=\"canonical\" href=\"https:\/\/rioonwatch.org.br\/?p=20108\" \/>\n<meta property=\"og:locale\" content=\"pt_BR\" \/>\n<meta property=\"og:type\" content=\"article\" \/>\n<meta property=\"og:title\" content=\"A Realidade dos Moradores do Parque Carioca Ap\u00f3s Reassentamento da Vila Aut\u00f3dromo [IMAGENS] - RioOnWatch\" \/>\n<meta property=\"og:description\" content=\"Click Here for English Constru\u00eddo para acomodar os moradores removidos da Vila Aut\u00f3dromo\u00a0e\u00a0custando R$105 milh\u00f5es, o\u00a0Parque Carioca\u00a0tem sido amplamente utilizado pela administra\u00e7\u00e3o do Prefeito Eduardo Paes como um modelo exemplar do\u00a0programa Minha Casa Minha Vida. [...]\" \/>\n<meta property=\"og:url\" content=\"https:\/\/rioonwatch.org.br\/?p=20108\" \/>\n<meta property=\"og:site_name\" content=\"RioOnWatch\" \/>\n<meta property=\"article:published_time\" content=\"2016-06-08T15:49:17+00:00\" \/>\n<meta property=\"article:modified_time\" content=\"2024-06-20T19:27:10+00:00\" \/>\n<meta property=\"og:image\" content=\"https:\/\/rioonwatch.org.br\/wp-content\/uploads\/2016\/06\/Parque-Carioca-entrance.jpg\" \/>\n\t<meta property=\"og:image:width\" content=\"2048\" \/>\n\t<meta property=\"og:image:height\" content=\"706\" \/>\n\t<meta property=\"og:image:type\" content=\"image\/jpeg\" \/>\n<meta name=\"author\" content=\"Admin\" \/>\n<meta name=\"twitter:card\" content=\"summary_large_image\" \/>\n<meta name=\"twitter:label1\" content=\"Escrito por\" \/>\n\t<meta name=\"twitter:data1\" content=\"Admin\" \/>\n\t<meta name=\"twitter:label2\" content=\"Est. tempo de leitura\" \/>\n\t<meta name=\"twitter:data2\" content=\"10 minutos\" \/>\n<script type=\"application\/ld+json\" class=\"yoast-schema-graph\">{\"@context\":\"https:\/\/schema.org\",\"@graph\":[{\"@type\":\"Article\",\"@id\":\"https:\/\/rioonwatch.org.br\/?p=20108#article\",\"isPartOf\":{\"@id\":\"https:\/\/rioonwatch.org.br\/?p=20108\"},\"author\":{\"name\":\"Admin\",\"@id\":\"https:\/\/rioonwatch.org.br\/#\/schema\/person\/11d64c290506f9df50c71b850c473f68\"},\"headline\":\"A Realidade dos Moradores do Parque Carioca Ap\u00f3s Reassentamento da Vila Aut\u00f3dromo [IMAGENS]\",\"datePublished\":\"2016-06-08T15:49:17+00:00\",\"dateModified\":\"2024-06-20T19:27:10+00:00\",\"mainEntityOfPage\":{\"@id\":\"https:\/\/rioonwatch.org.br\/?p=20108\"},\"wordCount\":2026,\"publisher\":{\"@id\":\"https:\/\/rioonwatch.org.br\/#organization\"},\"image\":{\"@id\":\"https:\/\/rioonwatch.org.br\/?p=20108#primaryimage\"},\"thumbnailUrl\":\"https:\/\/rioonwatch.org.br\/wp-content\/uploads\/2016\/06\/Parque-Carioca-entrance.jpg\",\"keywords\":[\"cr\u00edtica \u00e0 pol\u00edtica\",\"Direito \u00e0 Moradia\",\"Direitos Humanos\",\"Eduardo Paes\",\"habita\u00e7\u00e3o p\u00fablica\",\"Megaeventos\",\"Minha Casa Minha Vida\",\"moradia\",\"Neglig\u00eancia do Estado\",\"Olimp\u00edadas\",\"Parque Carioca\",\"participa\u00e7\u00e3o zero\",\"Vidas que n\u00e3o podem ser substitu\u00eddas em habita\u00e7\u00e3o p\u00fablica\",\"Vila Aut\u00f3dromo\",\"Zona Oeste\"],\"articleSection\":[\"#OlhoNasRemo\u00e7\u00f5es\",\"#Rio2016\",\"*Destaque\",\"Fotorreportagens\"],\"inLanguage\":\"pt-BR\"},{\"@type\":\"WebPage\",\"@id\":\"https:\/\/rioonwatch.org.br\/?p=20108\",\"url\":\"https:\/\/rioonwatch.org.br\/?p=20108\",\"name\":\"A Realidade dos Moradores do Parque Carioca Ap\u00f3s Reassentamento da Vila Aut\u00f3dromo [IMAGENS] - RioOnWatch\",\"isPartOf\":{\"@id\":\"https:\/\/rioonwatch.org.br\/#website\"},\"primaryImageOfPage\":{\"@id\":\"https:\/\/rioonwatch.org.br\/?p=20108#primaryimage\"},\"image\":{\"@id\":\"https:\/\/rioonwatch.org.br\/?p=20108#primaryimage\"},\"thumbnailUrl\":\"https:\/\/rioonwatch.org.br\/wp-content\/uploads\/2016\/06\/Parque-Carioca-entrance.jpg\",\"datePublished\":\"2016-06-08T15:49:17+00:00\",\"dateModified\":\"2024-06-20T19:27:10+00:00\",\"breadcrumb\":{\"@id\":\"https:\/\/rioonwatch.org.br\/?p=20108#breadcrumb\"},\"inLanguage\":\"pt-BR\",\"potentialAction\":[{\"@type\":\"ReadAction\",\"target\":[\"https:\/\/rioonwatch.org.br\/?p=20108\"]}]},{\"@type\":\"ImageObject\",\"inLanguage\":\"pt-BR\",\"@id\":\"https:\/\/rioonwatch.org.br\/?p=20108#primaryimage\",\"url\":\"https:\/\/rioonwatch.org.br\/wp-content\/uploads\/2016\/06\/Parque-Carioca-entrance.jpg\",\"contentUrl\":\"https:\/\/rioonwatch.org.br\/wp-content\/uploads\/2016\/06\/Parque-Carioca-entrance.jpg\",\"width\":2048,\"height\":706},{\"@type\":\"BreadcrumbList\",\"@id\":\"https:\/\/rioonwatch.org.br\/?p=20108#breadcrumb\",\"itemListElement\":[{\"@type\":\"ListItem\",\"position\":1,\"name\":\"In\u00edcio\",\"item\":\"https:\/\/rioonwatch.org.br\/\"},{\"@type\":\"ListItem\",\"position\":2,\"name\":\"A Realidade dos Moradores do Parque Carioca Ap\u00f3s Reassentamento da Vila Aut\u00f3dromo [IMAGENS]\"}]},{\"@type\":\"WebSite\",\"@id\":\"https:\/\/rioonwatch.org.br\/#website\",\"url\":\"https:\/\/rioonwatch.org.br\/\",\"name\":\"RioOnWatch\",\"description\":\"relatos das favelas cariocas\",\"publisher\":{\"@id\":\"https:\/\/rioonwatch.org.br\/#organization\"},\"potentialAction\":[{\"@type\":\"SearchAction\",\"target\":{\"@type\":\"EntryPoint\",\"urlTemplate\":\"https:\/\/rioonwatch.org.br\/?s={search_term_string}\"},\"query-input\":{\"@type\":\"PropertyValueSpecification\",\"valueRequired\":true,\"valueName\":\"search_term_string\"}}],\"inLanguage\":\"pt-BR\"},{\"@type\":\"Organization\",\"@id\":\"https:\/\/rioonwatch.org.br\/#organization\",\"name\":\"RioOnWatch\",\"url\":\"https:\/\/rioonwatch.org.br\/\",\"logo\":{\"@type\":\"ImageObject\",\"inLanguage\":\"pt-BR\",\"@id\":\"https:\/\/rioonwatch.org.br\/#\/schema\/logo\/image\/\",\"url\":\"https:\/\/rioonwatch.org.br\/wp-content\/uploads\/2021\/06\/RioOnWatchcabecalhoPT11anos-2.png\",\"contentUrl\":\"https:\/\/rioonwatch.org.br\/wp-content\/uploads\/2021\/06\/RioOnWatchcabecalhoPT11anos-2.png\",\"width\":779,\"height\":277,\"caption\":\"RioOnWatch\"},\"image\":{\"@id\":\"https:\/\/rioonwatch.org.br\/#\/schema\/logo\/image\/\"}},{\"@type\":\"Person\",\"@id\":\"https:\/\/rioonwatch.org.br\/#\/schema\/person\/11d64c290506f9df50c71b850c473f68\",\"name\":\"Admin\",\"image\":{\"@type\":\"ImageObject\",\"inLanguage\":\"pt-BR\",\"@id\":\"https:\/\/rioonwatch.org.br\/#\/schema\/person\/image\/\",\"url\":\"https:\/\/secure.gravatar.com\/avatar\/56211ac74568383903349a1485e3c325?s=96&d=blank&r=g\",\"contentUrl\":\"https:\/\/secure.gravatar.com\/avatar\/56211ac74568383903349a1485e3c325?s=96&d=blank&r=g\",\"caption\":\"Admin\"},\"url\":\"https:\/\/rioonwatch.org.br\/?author=129\"}]}<\/script>\n<!-- \/ Yoast SEO plugin. -->","yoast_head_json":{"title":"A Realidade dos Moradores do Parque Carioca Ap\u00f3s Reassentamento da Vila Aut\u00f3dromo [IMAGENS] - RioOnWatch","robots":{"index":"index","follow":"follow","max-snippet":"max-snippet:-1","max-image-preview":"max-image-preview:large","max-video-preview":"max-video-preview:-1"},"canonical":"https:\/\/rioonwatch.org.br\/?p=20108","og_locale":"pt_BR","og_type":"article","og_title":"A Realidade dos Moradores do Parque Carioca Ap\u00f3s Reassentamento da Vila Aut\u00f3dromo [IMAGENS] - RioOnWatch","og_description":"Click Here for English Constru\u00eddo para acomodar os moradores removidos da Vila Aut\u00f3dromo\u00a0e\u00a0custando R$105 milh\u00f5es, o\u00a0Parque Carioca\u00a0tem sido amplamente utilizado pela administra\u00e7\u00e3o do Prefeito Eduardo Paes como um modelo exemplar do\u00a0programa Minha Casa Minha Vida. [...]","og_url":"https:\/\/rioonwatch.org.br\/?p=20108","og_site_name":"RioOnWatch","article_published_time":"2016-06-08T15:49:17+00:00","article_modified_time":"2024-06-20T19:27:10+00:00","og_image":[{"width":2048,"height":706,"url":"https:\/\/rioonwatch.org.br\/wp-content\/uploads\/2016\/06\/Parque-Carioca-entrance.jpg","type":"image\/jpeg"}],"author":"Admin","twitter_card":"summary_large_image","twitter_misc":{"Escrito por":"Admin","Est. tempo de leitura":"10 minutos"},"schema":{"@context":"https:\/\/schema.org","@graph":[{"@type":"Article","@id":"https:\/\/rioonwatch.org.br\/?p=20108#article","isPartOf":{"@id":"https:\/\/rioonwatch.org.br\/?p=20108"},"author":{"name":"Admin","@id":"https:\/\/rioonwatch.org.br\/#\/schema\/person\/11d64c290506f9df50c71b850c473f68"},"headline":"A Realidade dos Moradores do Parque Carioca Ap\u00f3s Reassentamento da Vila Aut\u00f3dromo [IMAGENS]","datePublished":"2016-06-08T15:49:17+00:00","dateModified":"2024-06-20T19:27:10+00:00","mainEntityOfPage":{"@id":"https:\/\/rioonwatch.org.br\/?p=20108"},"wordCount":2026,"publisher":{"@id":"https:\/\/rioonwatch.org.br\/#organization"},"image":{"@id":"https:\/\/rioonwatch.org.br\/?p=20108#primaryimage"},"thumbnailUrl":"https:\/\/rioonwatch.org.br\/wp-content\/uploads\/2016\/06\/Parque-Carioca-entrance.jpg","keywords":["cr\u00edtica \u00e0 pol\u00edtica","Direito \u00e0 Moradia","Direitos Humanos","Eduardo Paes","habita\u00e7\u00e3o p\u00fablica","Megaeventos","Minha Casa Minha Vida","moradia","Neglig\u00eancia do Estado","Olimp\u00edadas","Parque Carioca","participa\u00e7\u00e3o zero","Vidas que n\u00e3o podem ser substitu\u00eddas em habita\u00e7\u00e3o p\u00fablica","Vila Aut\u00f3dromo","Zona Oeste"],"articleSection":["#OlhoNasRemo\u00e7\u00f5es","#Rio2016","*Destaque","Fotorreportagens"],"inLanguage":"pt-BR"},{"@type":"WebPage","@id":"https:\/\/rioonwatch.org.br\/?p=20108","url":"https:\/\/rioonwatch.org.br\/?p=20108","name":"A Realidade dos Moradores do Parque Carioca Ap\u00f3s Reassentamento da Vila Aut\u00f3dromo [IMAGENS] - RioOnWatch","isPartOf":{"@id":"https:\/\/rioonwatch.org.br\/#website"},"primaryImageOfPage":{"@id":"https:\/\/rioonwatch.org.br\/?p=20108#primaryimage"},"image":{"@id":"https:\/\/rioonwatch.org.br\/?p=20108#primaryimage"},"thumbnailUrl":"https:\/\/rioonwatch.org.br\/wp-content\/uploads\/2016\/06\/Parque-Carioca-entrance.jpg","datePublished":"2016-06-08T15:49:17+00:00","dateModified":"2024-06-20T19:27:10+00:00","breadcrumb":{"@id":"https:\/\/rioonwatch.org.br\/?p=20108#breadcrumb"},"inLanguage":"pt-BR","potentialAction":[{"@type":"ReadAction","target":["https:\/\/rioonwatch.org.br\/?p=20108"]}]},{"@type":"ImageObject","inLanguage":"pt-BR","@id":"https:\/\/rioonwatch.org.br\/?p=20108#primaryimage","url":"https:\/\/rioonwatch.org.br\/wp-content\/uploads\/2016\/06\/Parque-Carioca-entrance.jpg","contentUrl":"https:\/\/rioonwatch.org.br\/wp-content\/uploads\/2016\/06\/Parque-Carioca-entrance.jpg","width":2048,"height":706},{"@type":"BreadcrumbList","@id":"https:\/\/rioonwatch.org.br\/?p=20108#breadcrumb","itemListElement":[{"@type":"ListItem","position":1,"name":"In\u00edcio","item":"https:\/\/rioonwatch.org.br\/"},{"@type":"ListItem","position":2,"name":"A Realidade dos Moradores do Parque Carioca Ap\u00f3s Reassentamento da Vila Aut\u00f3dromo [IMAGENS]"}]},{"@type":"WebSite","@id":"https:\/\/rioonwatch.org.br\/#website","url":"https:\/\/rioonwatch.org.br\/","name":"RioOnWatch","description":"relatos das favelas cariocas","publisher":{"@id":"https:\/\/rioonwatch.org.br\/#organization"},"potentialAction":[{"@type":"SearchAction","target":{"@type":"EntryPoint","urlTemplate":"https:\/\/rioonwatch.org.br\/?s={search_term_string}"},"query-input":{"@type":"PropertyValueSpecification","valueRequired":true,"valueName":"search_term_string"}}],"inLanguage":"pt-BR"},{"@type":"Organization","@id":"https:\/\/rioonwatch.org.br\/#organization","name":"RioOnWatch","url":"https:\/\/rioonwatch.org.br\/","logo":{"@type":"ImageObject","inLanguage":"pt-BR","@id":"https:\/\/rioonwatch.org.br\/#\/schema\/logo\/image\/","url":"https:\/\/rioonwatch.org.br\/wp-content\/uploads\/2021\/06\/RioOnWatchcabecalhoPT11anos-2.png","contentUrl":"https:\/\/rioonwatch.org.br\/wp-content\/uploads\/2021\/06\/RioOnWatchcabecalhoPT11anos-2.png","width":779,"height":277,"caption":"RioOnWatch"},"image":{"@id":"https:\/\/rioonwatch.org.br\/#\/schema\/logo\/image\/"}},{"@type":"Person","@id":"https:\/\/rioonwatch.org.br\/#\/schema\/person\/11d64c290506f9df50c71b850c473f68","name":"Admin","image":{"@type":"ImageObject","inLanguage":"pt-BR","@id":"https:\/\/rioonwatch.org.br\/#\/schema\/person\/image\/","url":"https:\/\/secure.gravatar.com\/avatar\/56211ac74568383903349a1485e3c325?s=96&d=blank&r=g","contentUrl":"https:\/\/secure.gravatar.com\/avatar\/56211ac74568383903349a1485e3c325?s=96&d=blank&r=g","caption":"Admin"},"url":"https:\/\/rioonwatch.org.br\/?author=129"}]}},"_links":{"self":[{"href":"https:\/\/rioonwatch.org.br\/index.php?rest_route=\/wp\/v2\/posts\/20108"}],"collection":[{"href":"https:\/\/rioonwatch.org.br\/index.php?rest_route=\/wp\/v2\/posts"}],"about":[{"href":"https:\/\/rioonwatch.org.br\/index.php?rest_route=\/wp\/v2\/types\/post"}],"author":[{"embeddable":true,"href":"https:\/\/rioonwatch.org.br\/index.php?rest_route=\/wp\/v2\/users\/129"}],"replies":[{"embeddable":true,"href":"https:\/\/rioonwatch.org.br\/index.php?rest_route=%2Fwp%2Fv2%2Fcomments&post=20108"}],"version-history":[{"count":20,"href":"https:\/\/rioonwatch.org.br\/index.php?rest_route=\/wp\/v2\/posts\/20108\/revisions"}],"predecessor-version":[{"id":74210,"href":"https:\/\/rioonwatch.org.br\/index.php?rest_route=\/wp\/v2\/posts\/20108\/revisions\/74210"}],"wp:featuredmedia":[{"embeddable":true,"href":"https:\/\/rioonwatch.org.br\/index.php?rest_route=\/wp\/v2\/media\/20161"}],"wp:attachment":[{"href":"https:\/\/rioonwatch.org.br\/index.php?rest_route=%2Fwp%2Fv2%2Fmedia&parent=20108"}],"wp:term":[{"taxonomy":"category","embeddable":true,"href":"https:\/\/rioonwatch.org.br\/index.php?rest_route=%2Fwp%2Fv2%2Fcategories&post=20108"},{"taxonomy":"post_tag","embeddable":true,"href":"https:\/\/rioonwatch.org.br\/index.php?rest_route=%2Fwp%2Fv2%2Ftags&post=20108"},{"taxonomy":"writer","embeddable":true,"href":"https:\/\/rioonwatch.org.br\/index.php?rest_route=%2Fwp%2Fv2%2Fwriter&post=20108"},{"taxonomy":"translator","embeddable":true,"href":"https:\/\/rioonwatch.org.br\/index.php?rest_route=%2Fwp%2Fv2%2Ftranslator&post=20108"},{"taxonomy":"source","embeddable":true,"href":"https:\/\/rioonwatch.org.br\/index.php?rest_route=%2Fwp%2Fv2%2Fsource&post=20108"},{"taxonomy":"ilustrador","embeddable":true,"href":"https:\/\/rioonwatch.org.br\/index.php?rest_route=%2Fwp%2Fv2%2Filustrador&post=20108"},{"taxonomy":"fotografo","embeddable":true,"href":"https:\/\/rioonwatch.org.br\/index.php?rest_route=%2Fwp%2Fv2%2Ffotografo&post=20108"}],"curies":[{"name":"wp","href":"https:\/\/api.w.org\/{rel}","templated":true}]}}