{"id":20172,"date":"2016-07-11T10:56:14","date_gmt":"2016-07-11T13:56:14","guid":{"rendered":"http:\/\/rioonwatch.org.br\/?p=20172"},"modified":"2016-07-11T10:59:50","modified_gmt":"2016-07-11T13:59:50","slug":"a-historia-pouco-conhecida-da-pequena-africa-na-zona-portuaria-do-rio-de-janeiro","status":"publish","type":"post","link":"https:\/\/rioonwatch.org.br\/?p=20172","title":{"rendered":"A Hist\u00f3ria Pouco Conhecida da Pequena \u00c1frica na Zona Portu\u00e1ria do Rio de Janeiro"},"content":{"rendered":"<p style=\"text-align: right;\"><em><strong><a href=\"http:\/\/bit.ly\/1ZjGsnr\" target=\"_blank\">Click Here for English<img decoding=\"async\" width=\"20\" height=\"20\" class=\"alignright wp-image-15790\" src=\"http:\/\/rioonwatch.org.br\/wp-content\/uploads\/2012\/08\/EN-standard-e1439583104716.jpg\" alt=\"\" \/><\/a><\/strong><\/em><\/p>\n<p><span style=\"font-weight: 400;\">A Pequena \u00c1frica \u00e9 o lar hist\u00f3rico da comunidade afro-brasileira na <\/span><a href=\"http:\/\/bit.ly\/1cVBDvL\"><span style=\"font-weight: 400;\">Regi\u00e3o Portu\u00e1ria<\/span><\/a><span style=\"font-weight: 400;\"> do Rio de Janeiro. A regi\u00e3o ficou conhecida como Pequena \u00c1frica depois que o <\/span><a href=\"http:\/\/bit.ly\/1S9AAtc\"><span style=\"font-weight: 400;\">com\u00e9rcio de escravos<\/span><\/a><span style=\"font-weight: 400;\"> se tornou ilegal no Brasil em 1831 (ainda que a aboli\u00e7\u00e3o da <\/span><a href=\"http:\/\/bit.ly\/1Hg4Zj3\"><span style=\"font-weight: 400;\">escravatura<\/span><\/a><span style=\"font-weight: 400;\">\u00a0s\u00f3 viesse a acontecer 50 anos depois). Entre 1850 e 1920, escravos libertos permaneceram trabalhando na regi\u00e3o. Negros e africanos libertos da Bahia ou do interior viajaram para a Pequena \u00c1frica a procura de trabalho e de um senso de comunidade. A Pequena \u00c1frica frequentemente acolheu negros de todo o pa\u00eds, onde se ergueram casas, locais de conv\u00edvio cotidiano e centros religiosos.<\/span><\/p>\n<p><span style=\"font-weight: 400;\">Apesar dessa rica hist\u00f3ria, a\u00a0heran\u00e7a\u00a0africana do Rio e a longa hist\u00f3ria\u00a0da escravid\u00e3o s\u00e3o muitas vezes <\/span><a href=\"http:\/\/bit.ly\/1TqohfM\"><span style=\"font-weight: 400;\">negligenciadas<\/span><\/a><span style=\"font-weight: 400;\">. Mesmo com a renova\u00e7\u00e3o da Regi\u00e3o Portu\u00e1ria com o <\/span><a href=\"http:\/\/bit.ly\/UR7rn7\"><span style=\"font-weight: 400;\">Porto Maravilha<\/span><\/a><span style=\"font-weight: 400;\"> e da <\/span><span style=\"font-weight: 400;\"><a href=\"http:\/\/bit.ly\/1Nj0PfK\">cria\u00e7\u00e3o de<\/a>\u00a0um <a href=\"http:\/\/bit.ly\/24hEyVw\" target=\"_blank\">Circuito de Heran\u00e7a Africana<\/a><\/span><span style=\"font-weight: 400;\">, a hist\u00f3ria negra dos locais permanece amplamente desconhecida.<\/span><\/p>\n<h3><a href=\"http:\/\/rioonwatch.org.br\/wp-content\/uploads\/2016\/06\/Pedra-do-Sal.jpg\"><img fetchpriority=\"high\" decoding=\"async\" class=\"aligncenter wp-image-20195 size-content\" title=\"Pedra do Sal\" src=\"http:\/\/rioonwatch.org.br\/wp-content\/uploads\/2016\/06\/Pedra-do-Sal-620x264.jpg\" alt=\"Pedra-do-Sal\" width=\"620\" height=\"264\" srcset=\"https:\/\/rioonwatch.org.br\/wp-content\/uploads\/2016\/06\/Pedra-do-Sal-620x264.jpg 620w, https:\/\/rioonwatch.org.br\/wp-content\/uploads\/2016\/06\/Pedra-do-Sal-940x400.jpg 940w\" sizes=\"(max-width: 620px) 100vw, 620px\" \/><\/a><\/h3>\n<h3><b>Pedra do Sal<\/b><\/h3>\n<p><span style=\"font-weight: 400;\">Um local popular de samba para locais e turistas, <\/span><a href=\"http:\/\/bit.ly\/VVrdp9\"><span style=\"font-weight: 400;\">Pedra do Sal<\/span><\/a><span style=\"font-weight: 400;\"> \u00e9 o mais antigo bairro negro continuamente habitado no Rio. A comunidade foi oficialmente <a href=\"http:\/\/bit.ly\/1qNF1ux\" target=\"_blank\">reconhecida<\/a> como um <a href=\"http:\/\/bit.ly\/1ykJIW4\" target=\"_blank\">quilombo<\/a> em dezembro de 2005, e \u00e9 uma forte fonte de <a href=\"http:\/\/bit.ly\/1ruUDso\" target=\"_blank\">cultura afro-brasileira<\/a>.<\/span><span style=\"font-weight: 400;\">\u00a0A Pedra do Sal \u00e9 reconhecida como o local de nascimento do samba e do <\/span><a href=\"http:\/\/bit.ly\/1O9OJZW\"><span style=\"font-weight: 400;\">carnaval<\/span><\/a><span style=\"font-weight: 400;\">. O lugar recebeu seu nome devido a pedra enorme que se encontra no local, usada para secar e vender o sal na \u00e9poca em que as \u00e1guas da ba\u00eda ainda alcan\u00e7avam as suas margens. <\/span><\/p>\n<p><span style=\"font-weight: 400;\">A Pedra do Sal pode ter sido o primeiro local a praticar a democracia no Brasil. A historiadora <\/span><a href=\"http:\/\/bit.ly\/1VvcDRy\"><span style=\"font-weight: 400;\">Sadakne Baroudi<\/span><\/a><span style=\"font-weight: 400;\"> afirma que a comunidade da Pedra do Sal formou seu pr\u00f3prio governo e votava em seus reis, rainhas e tribunais. Esta estrutura tornou-se o que hoje s\u00e3o as escolas de samba do Rio contempor\u00e2neo. <\/span><\/p>\n<p><span style=\"font-weight: 400;\">A mem\u00f3ria da Pedra do Sal \u00e9 preservada pelos moradores da comunidade, onde as tradi\u00e7\u00f5es de influ\u00eancia africana como o <\/span><a href=\"http:\/\/bit.ly\/1O3659r\"><span style=\"font-weight: 400;\">Candombl\u00e9<\/span><\/a><span style=\"font-weight: 400;\"> e a m\u00fasica seguem firmes.<\/span><\/p>\n<p><a href=\"http:\/\/rioonwatch.org.br\/wp-content\/uploads\/2016\/06\/IMG_4309.jpg\"><img decoding=\"async\" class=\"aligncenter wp-image-20197 size-content\" title=\"Jardins suspensos do Valongo\" src=\"http:\/\/rioonwatch.org.br\/wp-content\/uploads\/2016\/06\/IMG_4309-620x264.jpg\" alt=\"IMG_4309\" width=\"620\" height=\"264\" srcset=\"https:\/\/rioonwatch.org.br\/wp-content\/uploads\/2016\/06\/IMG_4309-620x264.jpg 620w, https:\/\/rioonwatch.org.br\/wp-content\/uploads\/2016\/06\/IMG_4309-940x400.jpg 940w\" sizes=\"(max-width: 620px) 100vw, 620px\" \/><\/a><\/p>\n<h3><b>Rua do Valongo<\/b><\/h3>\n<p><span style=\"font-weight: 400;\">Abaixo da primeira favela do Brasil, a\u00a0<a href=\"http:\/\/bit.ly\/PeCavl\" target=\"_blank\">Provid\u00eancia<\/a>, a Rua do Valongo \u00e9 a estrada que seguia para o Largo do Dep\u00f3sito, onde africanos escravizados trazidos para o Brasil, via Rio, eram mantidos em casas de engorda, para aumentar seus pre\u00e7os no mercado, at\u00e9 que eles estivessem prontos para serem vendidos no <a href=\"http:\/\/bit.ly\/1UELPfx\" target=\"_blank\">mercado de escravos do Valongo<\/a>. Casas e lojas ao longo dessa via tamb\u00e9m foram usadas para vender escravos e abrig\u00e1-los at\u00e9 que fossem vendidos. Arque\u00f3logos descobriram uma riqueza de artefatos de uso dom\u00e9stico em torno da \u00e1rea, que falam da vida di\u00e1ria ao longo da estrada.<\/span><\/p>\n<p><span style=\"font-weight: 400;\">Em 1906, um <a href=\"http:\/\/bit.ly\/24A69kT\" target=\"_blank\">jardim suspenso<\/a> foi projetado pelo arquiteto Luis Rei e constru\u00eddo onde antes ficava a estrada, em uma tentativa de remodelar e \u201cembelezar\u201d a cidade. Ele foi projetado para imitar a imagem de espa\u00e7os similares em metr\u00f3poles europeias, e at\u00e9 hoje mant\u00e9m est\u00e1tuas cl\u00e1ssicas com apar\u00eancia da tradi\u00e7\u00e3o grega ou romana, ignorando e <a href=\"http:\/\/bit.ly\/1p2voxl\" target=\"_blank\">embranquecendo a hist\u00f3ria<\/a> de opress\u00e3o e viol\u00eancia que l\u00e1 ocorreu<\/span>.<\/p>\n<p><span style=\"font-weight: 400;\">O jardim suspenso foi recentemente renovado pela Prefeitura como parte do projeto Porto Maravilha, e com um quadro de informa\u00e7\u00e3o registrando a sua hist\u00f3ria. Entretanto, muitos veem isso como um testamento inadequado da brutalidade que ocorreu ali.<\/span><\/p>\n<h3><a href=\"http:\/\/rioonwatch.org.br\/wp-content\/uploads\/2016\/06\/41233277.jpg\"><img loading=\"lazy\" decoding=\"async\" class=\"aligncenter wp-image-20200 size-medium\" title=\"Igreja de Nossa Senhora do Ros\u00e1rio e S\u00e3o Benedito no Centro do Rio\" src=\"http:\/\/rioonwatch.org.br\/wp-content\/uploads\/2016\/06\/41233277-620x465.jpg\" alt=\"41233277\" width=\"620\" height=\"465\" srcset=\"https:\/\/rioonwatch.org.br\/wp-content\/uploads\/2016\/06\/41233277-620x465.jpg 620w, https:\/\/rioonwatch.org.br\/wp-content\/uploads\/2016\/06\/41233277-352x264.jpg 352w, https:\/\/rioonwatch.org.br\/wp-content\/uploads\/2016\/06\/41233277-768x576.jpg 768w, https:\/\/rioonwatch.org.br\/wp-content\/uploads\/2016\/06\/41233277.jpg 1024w, https:\/\/rioonwatch.org.br\/wp-content\/uploads\/2016\/06\/41233277-174x131.jpg 174w, https:\/\/rioonwatch.org.br\/wp-content\/uploads\/2016\/06\/41233277-300x225.jpg 300w, https:\/\/rioonwatch.org.br\/wp-content\/uploads\/2016\/06\/41233277-70x53.jpg 70w\" sizes=\"(max-width: 620px) 100vw, 620px\" \/><\/a><\/h3>\n<h3><b>A Igreja Negra<\/b><\/h3>\n<p><span style=\"font-weight: 400;\">A constru\u00e7\u00e3o da <a href=\"http:\/\/bit.ly\/1WPmUXk\" target=\"_blank\">Igreja Negra<\/a>, a Igreja de Nossa Senhora do Ros\u00e1rio e S\u00e3o Benedito, come\u00e7ou em 1700 e terminou em 1737. A igreja \u00e9 um importante centro de religi\u00e3o, pol\u00edtica e da vida social afro-brasileira. Ela foi o local do primeiro protesto pol\u00edtico no Brasil, em 1822.<\/span><\/p>\n<p><span style=\"font-weight: 400;\">Em 1967, a Igreja Negra e Museu alojado dentro da igreja\u00a0foram devastados por um inc\u00eandio. A constru\u00e7\u00e3o ainda permanece e \u00e9 aberta ao p\u00fablico, embora ela esteja parcamente decorada.<\/span><\/p>\n<p><span style=\"font-weight: 400;\">Dizem que muitos personagens afro-brasileiros importantes foram enterrados na Igreja, incluindo <a href=\"http:\/\/bit.ly\/1rdjOBa\" target=\"_blank\">Anast\u00e1cia<\/a>, uma escrava popularmente reconhecida como uma santa. Embora a Igreja Cat\u00f3lica negue a exist\u00eancia de Anast\u00e1cia e afirma que n\u00e3o encontraram vest\u00edgios dela no local durante a reforma posterior ao inc\u00eandio, em seguida removendo sua imagem de todas as propriedades possu\u00eddas pela Igreja, ela permanece uma importante personagem de adora\u00e7\u00e3o de cat\u00f3licos brasileiros e seguidores de religi\u00f5es afro-brasileiras, tais como <a href=\"http:\/\/bit.ly\/1PhEXjR\" target=\"_blank\">Umbanda<\/a>.<\/span><\/p>\n<h3><a href=\"http:\/\/rioonwatch.org.br\/wp-content\/uploads\/2016\/06\/b9bdc93a49b2a2808989dad69535d4e5.jpg\"><img loading=\"lazy\" decoding=\"async\" class=\"aligncenter wp-image-20202 size-medium\" title=\"Largo do Dep\u00f3sito\" src=\"http:\/\/rioonwatch.org.br\/wp-content\/uploads\/2016\/06\/b9bdc93a49b2a2808989dad69535d4e5-620x414.jpg\" alt=\"b9bdc93a49b2a2808989dad69535d4e5\" width=\"620\" height=\"414\" srcset=\"https:\/\/rioonwatch.org.br\/wp-content\/uploads\/2016\/06\/b9bdc93a49b2a2808989dad69535d4e5-620x414.jpg 620w, https:\/\/rioonwatch.org.br\/wp-content\/uploads\/2016\/06\/b9bdc93a49b2a2808989dad69535d4e5-396x264.jpg 396w, https:\/\/rioonwatch.org.br\/wp-content\/uploads\/2016\/06\/b9bdc93a49b2a2808989dad69535d4e5-768x512.jpg 768w, https:\/\/rioonwatch.org.br\/wp-content\/uploads\/2016\/06\/b9bdc93a49b2a2808989dad69535d4e5.jpg 1024w\" sizes=\"(max-width: 620px) 100vw, 620px\" \/><\/a><\/h3>\n<h3><b>Largo do Dep\u00f3sito<\/b><\/h3>\n<p><span style=\"font-weight: 400;\">Quando os africanos escravizados chegavam no Rio depois da <\/span><a href=\"http:\/\/bit.ly\/1OW0VNx\"><span style=\"font-weight: 400;\">travessia<\/span><\/a><span style=\"font-weight: 400;\"> do Atl\u00e2ntico, eles geralmente se encontravam desnutridos, doentes e feridos. Por n\u00e3o poderem ser vendidos nessas condi\u00e7\u00f5es, eles eram mantidos em \u201ccasas de engorda\u201d para aumentar seus valores de mercado. Hoje conhecida como a Pra\u00e7a dos Estivadores, o Largo do Dep\u00f3sito era o centro das \u201ccasas de engorda\u201d onde escravos eram mantidos, engordados e preparados para serem vendidos. Hoje, o Largo do Dep\u00f3sito \u00e9 uma parada do tour\u00a0de heran\u00e7a\u00a0do Porto Maravilha.<\/span><\/p>\n<p><a href=\"http:\/\/rioonwatch.org.br\/wp-content\/uploads\/2016\/06\/Valongo-from-above.jpg\"><img loading=\"lazy\" decoding=\"async\" class=\"aligncenter size-medium wp-image-20203\" src=\"http:\/\/rioonwatch.org.br\/wp-content\/uploads\/2016\/06\/Valongo-from-above-620x456.jpg\" alt=\"Valongo visto de cima\" width=\"620\" height=\"456\" srcset=\"https:\/\/rioonwatch.org.br\/wp-content\/uploads\/2016\/06\/Valongo-from-above-620x456.jpg 620w, https:\/\/rioonwatch.org.br\/wp-content\/uploads\/2016\/06\/Valongo-from-above-359x264.jpg 359w, https:\/\/rioonwatch.org.br\/wp-content\/uploads\/2016\/06\/Valongo-from-above-768x565.jpg 768w, https:\/\/rioonwatch.org.br\/wp-content\/uploads\/2016\/06\/Valongo-from-above.jpg 1000w\" sizes=\"(max-width: 620px) 100vw, 620px\" \/><\/a><\/p>\n<h3><b>Cais do Valongo<\/b><\/h3>\n<p><span style=\"font-weight: 400;\">Os vest\u00edgios arqueol\u00f3gicos do <\/span><a href=\"http:\/\/bit.ly\/24Aaogh\"><span style=\"font-weight: 400;\">Cais do Valongo<\/span><\/a><span style=\"font-weight: 400;\">, localizado\u00a0no centro da Pequena \u00c1frica, marcam o local\u00a0onde se encontrava o mais ativo\u00a0mercado de escravos do Rio de Janeiro. Durante sua opera\u00e7\u00e3o entre 1774 e 1831, um n\u00famero estimado de 500.000 a 700.000 africanos escravizados e capturados foram for\u00e7ados a atravessar o oceano Atl\u00e2ntico e desembarcar no Cais do Valongo.\u00a0<\/span><\/p>\n<p><span style=\"font-weight: 400;\">O mercado transatl\u00e2ntico de escravos tornou-se proibido em 1831 e o Cais do Valongo encerrou as suas atividades. O <\/span><a href=\"http:\/\/bit.ly\/1S9AAtc\"><span style=\"font-weight: 400;\">com\u00e9rcio de escravos continuou operando ilegalmente<\/span><\/a><span style=\"font-weight: 400;\"> at\u00e9 que a escravid\u00e3o foi oficialmente abolida em 1888.<\/span><\/p>\n<p><span style=\"font-weight: 400;\">Desde a sua constru\u00e7\u00e3o, o Cais do Valongo tamb\u00e9m servia o prop\u00f3sito de esconder o mercado de escravos das elites do Rio de Janeiro, a qual estava preocupada em n\u00e3o contrair doen\u00e7as e tamb\u00e9m em n\u00e3o ter que encarar a feiura do mercado.\u00a0No s\u00e9culo XVIII, a maioria dos homens, mulheres e crian\u00e7as escravizadas foi levada para o <\/span><a href=\"http:\/\/bit.ly\/1p2voxl\"><span style=\"font-weight: 400;\">centro comercial da cidade<\/span><\/a><span style=\"font-weight: 400;\"> do Rio de Janeiro pr\u00f3ximo ao que hoje \u00e9 a Pra\u00e7a XV. Em 1774, depois de anos de reclama\u00e7\u00f5es das elites, o ponto de desembarque do mercado de escravos\u00a0mudou-se para a regi\u00e3o do Valongo na Pequena \u00c1frica.<\/span><\/p>\n<p><span style=\"font-weight: 400;\">Em 1843, a Prefeitura do Rio de Janeiro construiu uma estrutura por cima do Cais de Valongo a fim de <\/span><a href=\"http:\/\/bit.ly\/25MIS1G\"><span style=\"font-weight: 400;\">apagar da mem\u00f3ria o mercado de escravos<\/span><\/a><span style=\"font-weight: 400;\">\u00a0e criar um novo porto de entrada para a chegada da princesa italiana Tereza Cristina de Bourbon, a esposa do Dom Pedro II. O nome da rua mudou de Rua do Valongo para a Rua da Imperatriz. Entre 1904 e 1910, a Prefeitura construiu um aterro por cima do Cais do Valongo, enterrando mais ainda a hist\u00f3ria do mercado escravo do Rio. O aterro fazia parte da Regi\u00e3o Portu\u00e1ria onde hoje \u00e9 a <\/span><a href=\"http:\/\/bit.ly\/1QR4XGc\"><span style=\"font-weight: 400;\">Pra\u00e7a Mau\u00e1<\/span><\/a><span style=\"font-weight: 400;\">.<\/span><\/p>\n<p><span style=\"font-weight: 400;\">Quando o projeto de redesenvolvimento do Porto Maravilha come\u00e7ou em 2009, o Instituto do Patrim\u00f4nio Hist\u00f3rico e Art\u00edstico Nacional (IPHAN) foi aprovado para conduzir um estudo de pesquisa arqueol\u00f3gica na regi\u00e3o do Cais do Valongo. Em 2011, o projeto revelou as diversas camadas do Cais do Valongo e os <\/span><a href=\"http:\/\/bit.ly\/24Aaogh\"><span style=\"font-weight: 400;\">v\u00e1rios artefatos trazidos pelos africanos escravizados<\/span><\/a><span style=\"font-weight: 400;\">.<\/span><\/p>\n<p><a href=\"http:\/\/bit.ly\/25Al8RG\"><span style=\"font-weight: 400;\">Tania Andrade Lima<\/span><\/a><span style=\"font-weight: 400;\">, arque\u00f3loga do Museu Nacional da UFRJ declarou: \u201cO Valongo cheira a uma extrema opress\u00e3o, racismo, intoler\u00e2ncia, desigualdade e marginaliza\u00e7\u00e3o. Isso evoca a um passado pesado e opressivo, cujas consequ\u00eancias s\u00e3o sentidas atualmente e ser\u00e3o sentidas por um bom tempo ainda no Brasil.<\/span><\/p>\n<p><span style=\"font-weight: 400;\">\u201cNossa inten\u00e7\u00e3o em trazer isso de volta e em evid\u00eancia foi a de retomar para os escravos do Valongo&#8211;ignorados ou esquecidos pelas narrativas dominantes e que permaneceram nas sombras por s\u00e9culos&#8211;o direito deles de serem lembrados. N\u00f3s devemos lembrar, lembrar sempre e em todas as circunst\u00e2ncias.\u201d<\/span><\/p>\n<p><a href=\"http:\/\/rioonwatch.org.br\/wp-content\/uploads\/2016\/06\/IMG_0870.jpg\"><img loading=\"lazy\" decoding=\"async\" class=\"aligncenter wp-image-20205 size-content\" title=\"Cemit\u00e9rio dos Pretos Novos\" src=\"http:\/\/rioonwatch.org.br\/wp-content\/uploads\/2016\/06\/IMG_0870-620x264.jpg\" alt=\"IMG_0870\" width=\"620\" height=\"264\" srcset=\"https:\/\/rioonwatch.org.br\/wp-content\/uploads\/2016\/06\/IMG_0870-620x264.jpg 620w, https:\/\/rioonwatch.org.br\/wp-content\/uploads\/2016\/06\/IMG_0870-940x400.jpg 940w\" sizes=\"(max-width: 620px) 100vw, 620px\" \/><\/a><\/p>\n<h3><b>Cemit\u00e9rio dos Pretos Novos<\/b><\/h3>\n<p><span style=\"font-weight: 400;\">Muito pr\u00f3ximo ao Cais do Valongo est\u00e1 o <a href=\"http:\/\/bit.ly\/1wVlMlM\" target=\"_blank\">Cemit\u00e9rio dos Pretos Novos<\/a><\/span><span style=\"font-weight: 400;\">, onde foram enterrados entre\u00a0<\/span><a href=\"http:\/\/bit.ly\/25MJYuf\" target=\"_blank\"><span style=\"font-weight: 400;\">20.000 a 30.000<\/span><\/a><span style=\"font-weight: 400;\"> homens e mulheres capturados e escravizados, que n\u00e3o sobreviveram a viagem for\u00e7ada da \u00c1frica para o Rio de Janeiro ou que morreram logo ap\u00f3s a chegada.\u00a0Muitos corpos foram esmagados e jogados em uma vala comum junto a objetos de cer\u00e2mica ou ossos de galinha.<\/span><\/p>\n<p><span style=\"font-weight: 400;\">O <\/span><a href=\"http:\/\/bit.ly\/1DhHrsS\" target=\"_blank\"><span style=\"font-weight: 400;\">Cemit\u00e9rio dos Pretos Novos<\/span><\/a><span style=\"font-weight: 400;\"> \u00e9 considerado o maior cemit\u00e9rio de escravos nas Am\u00e9ricas. O cemit\u00e9rio j\u00e1 era\u00a0exibido em mapas que datam de 1791. O cemit\u00e9rio\u00a0foi fechado em 1831, quando o com\u00e9rcio de escravos foi oficialmente\u00a0extinguido\u00a0no Brasil. Similar ao caso do Cais do Valongo, constru\u00e7\u00f5es foram feitas em cima do cemit\u00e9rio, encobrindo-o\u00a0por moradias e pelo desenvolvimento urbano durante os anos. Somente em\u00a01996 o cemit\u00e9rio foi <\/span><a href=\"http:\/\/bit.ly\/q1jZP9\" target=\"_blank\"><span style=\"font-weight: 400;\">redescoberto<\/span><\/a><span style=\"font-weight: 400;\"> quando <a href=\"http:\/\/bit.ly\/1G0pp5a\" target=\"_blank\">um casal que estava restaurando sua casa descobriu<\/a> ossos humanos debaixo da casa. Ap\u00f3s essa descoberta, o IPHAN conduziu a pesquisa arqueol\u00f3gica na \u00e1rea e um <\/span><a href=\"http:\/\/bit.ly\/1UpPqNs\" target=\"_blank\"><span style=\"font-weight: 400;\">instituto de pesquisa<\/span><\/a><span style=\"font-weight: 400;\"> importante foi estabelecido pelo casal no local.<\/span><\/p>\n<p><em><a href=\"http:\/\/bit.ly\/1G0pp5a\" target=\"_blank\">Para explorar o Porto e a Pequena \u00c1frica do Rio, leia mais aqui e fa\u00e7a um\u00a0Afro-Rio Walking Tour<\/a>.<\/em><\/p>\n<!-- AddThis Advanced Settings generic via filter on the_content --><!-- AddThis Share Buttons generic via filter on the_content -->","protected":false},"excerpt":{"rendered":"<div class=\"mh-excerpt\"><p>Click Here for English A Pequena \u00c1frica \u00e9 o lar hist\u00f3rico da comunidade afro-brasileira na Regi\u00e3o Portu\u00e1ria do Rio de Janeiro. A regi\u00e3o ficou conhecida como Pequena \u00c1frica depois que o com\u00e9rcio de escravos se <a class=\"mh-excerpt-more\" href=\"https:\/\/rioonwatch.org.br\/?p=20172\" title=\"A Hist\u00f3ria Pouco Conhecida da Pequena \u00c1frica na Zona Portu\u00e1ria do Rio de Janeiro\">[&#8230;]<\/a><!-- AddThis Advanced Settings generic via filter on get_the_excerpt --><!-- AddThis Share Buttons generic via filter on get_the_excerpt --><\/p>\n<\/div>","protected":false},"author":129,"featured_media":20191,"comment_status":"closed","ping_status":"closed","sticky":false,"template":"","format":"standard","meta":{"_acf_changed":false,"_monsterinsights_skip_tracking":false,"_monsterinsights_sitenote_active":false,"_monsterinsights_sitenote_note":"","_monsterinsights_sitenote_category":0,"footnotes":""},"categories":[1617,1621,1631,1626],"tags":[1693,259,81,513,421,514,128,469,1844,433,1748,1297,1194,1228,494,650,1694,383],"writer":[1825,1798],"translator":[1870],"source":[],"ilustrador":[],"fotografo":[],"class_list":{"0":"post-20172","1":"post","2":"type-post","3":"status-publish","4":"format-standard","5":"has-post-thumbnail","7":"category-olhonagentrificacao","8":"category-destaque","9":"category-entendendo-o-rio","10":"category-por-observadores-internacionais","11":"tag-cais-do-valongo","12":"tag-centro","13":"tag-cultura","14":"tag-cultura-afro-brasileira","15":"tag-cultura-da-favela","16":"tag-escravidao","17":"tag-historia","18":"tag-memoria","19":"tag-pedra-do-sal","20":"tag-porto-maravilha","21":"tag-praca-maua","22":"tag-preservacao-historica","23":"tag-pretos-novos","24":"tag-quilombo-da-pedra-do-sal","25":"tag-regiao-do-porto","26":"tag-samba","27":"tag-valongo","28":"tag-zona-sul","29":"writer-mariah-barber","30":"writer-rhona-mackay","31":"translator-halina-machado"},"acf":[],"yoast_head":"<!-- This site is optimized with the Yoast SEO plugin v25.6 - https:\/\/yoast.com\/wordpress\/plugins\/seo\/ -->\n<title>A Hist\u00f3ria Pouco Conhecida da Pequena \u00c1frica na Zona Portu\u00e1ria do Rio de Janeiro - RioOnWatch<\/title>\n<meta name=\"robots\" content=\"index, follow, max-snippet:-1, max-image-preview:large, max-video-preview:-1\" \/>\n<link rel=\"canonical\" href=\"https:\/\/rioonwatch.org.br\/?p=20172\" \/>\n<meta property=\"og:locale\" content=\"pt_BR\" \/>\n<meta property=\"og:type\" content=\"article\" \/>\n<meta property=\"og:title\" content=\"A Hist\u00f3ria Pouco Conhecida da Pequena \u00c1frica na Zona Portu\u00e1ria do Rio de Janeiro - RioOnWatch\" \/>\n<meta property=\"og:description\" content=\"Click Here for English A Pequena \u00c1frica \u00e9 o lar hist\u00f3rico da comunidade afro-brasileira na Regi\u00e3o Portu\u00e1ria do Rio de Janeiro. A regi\u00e3o ficou conhecida como Pequena \u00c1frica depois que o com\u00e9rcio de escravos se [...]\" \/>\n<meta property=\"og:url\" content=\"https:\/\/rioonwatch.org.br\/?p=20172\" \/>\n<meta property=\"og:site_name\" content=\"RioOnWatch\" \/>\n<meta property=\"article:published_time\" content=\"2016-07-11T13:56:14+00:00\" \/>\n<meta property=\"article:modified_time\" content=\"2016-07-11T13:59:50+00:00\" \/>\n<meta property=\"og:image\" content=\"https:\/\/rioonwatch.org.br\/wp-content\/uploads\/2016\/06\/rsz_veja-pontos-turisticos-e-historicos-da-cidade-do-rio-de-janeiro-foto-tomaz-silva-agencia-brasil0014.jpg\" \/>\n\t<meta property=\"og:image:width\" content=\"1024\" \/>\n\t<meta property=\"og:image:height\" content=\"681\" \/>\n\t<meta property=\"og:image:type\" content=\"image\/jpeg\" \/>\n<meta name=\"author\" content=\"Admin\" \/>\n<meta name=\"twitter:card\" content=\"summary_large_image\" \/>\n<meta name=\"twitter:label1\" content=\"Escrito por\" \/>\n\t<meta name=\"twitter:data1\" content=\"Admin\" \/>\n\t<meta name=\"twitter:label2\" content=\"Est. tempo de leitura\" \/>\n\t<meta name=\"twitter:data2\" content=\"8 minutos\" \/>\n<script type=\"application\/ld+json\" class=\"yoast-schema-graph\">{\"@context\":\"https:\/\/schema.org\",\"@graph\":[{\"@type\":\"Article\",\"@id\":\"https:\/\/rioonwatch.org.br\/?p=20172#article\",\"isPartOf\":{\"@id\":\"https:\/\/rioonwatch.org.br\/?p=20172\"},\"author\":{\"name\":\"Admin\",\"@id\":\"https:\/\/rioonwatch.org.br\/#\/schema\/person\/11d64c290506f9df50c71b850c473f68\"},\"headline\":\"A Hist\u00f3ria Pouco Conhecida da Pequena \u00c1frica na Zona Portu\u00e1ria do Rio de Janeiro\",\"datePublished\":\"2016-07-11T13:56:14+00:00\",\"dateModified\":\"2016-07-11T13:59:50+00:00\",\"mainEntityOfPage\":{\"@id\":\"https:\/\/rioonwatch.org.br\/?p=20172\"},\"wordCount\":1536,\"publisher\":{\"@id\":\"https:\/\/rioonwatch.org.br\/#organization\"},\"image\":{\"@id\":\"https:\/\/rioonwatch.org.br\/?p=20172#primaryimage\"},\"thumbnailUrl\":\"https:\/\/rioonwatch.org.br\/wp-content\/uploads\/2016\/06\/rsz_veja-pontos-turisticos-e-historicos-da-cidade-do-rio-de-janeiro-foto-tomaz-silva-agencia-brasil0014.jpg\",\"keywords\":[\"Cais do Valongo\",\"Centro\",\"cultura\",\"Cultura Afro-brasileira\",\"cultura da favela\",\"escravid\u00e3o\",\"hist\u00f3ria\",\"Mem\u00f3rias Faveladas\",\"Pedra do Sal\",\"Porto Maravilha\",\"Pra\u00e7a Mau\u00e1\",\"preserva\u00e7\u00e3o hist\u00f3rica\",\"Pretos Novos\",\"Quilombo da Pedra do Sal\",\"Regi\u00e3o do Porto\",\"samba\",\"Valongo\",\"Zona Sul\"],\"articleSection\":[\"#OlhoNaGentrifica\u00e7\u00e3o\",\"*Destaque\",\"Entendendo o Rio\",\"Escrito por Aliados\"],\"inLanguage\":\"pt-BR\"},{\"@type\":\"WebPage\",\"@id\":\"https:\/\/rioonwatch.org.br\/?p=20172\",\"url\":\"https:\/\/rioonwatch.org.br\/?p=20172\",\"name\":\"A Hist\u00f3ria Pouco Conhecida da Pequena \u00c1frica na Zona Portu\u00e1ria do Rio de Janeiro - RioOnWatch\",\"isPartOf\":{\"@id\":\"https:\/\/rioonwatch.org.br\/#website\"},\"primaryImageOfPage\":{\"@id\":\"https:\/\/rioonwatch.org.br\/?p=20172#primaryimage\"},\"image\":{\"@id\":\"https:\/\/rioonwatch.org.br\/?p=20172#primaryimage\"},\"thumbnailUrl\":\"https:\/\/rioonwatch.org.br\/wp-content\/uploads\/2016\/06\/rsz_veja-pontos-turisticos-e-historicos-da-cidade-do-rio-de-janeiro-foto-tomaz-silva-agencia-brasil0014.jpg\",\"datePublished\":\"2016-07-11T13:56:14+00:00\",\"dateModified\":\"2016-07-11T13:59:50+00:00\",\"breadcrumb\":{\"@id\":\"https:\/\/rioonwatch.org.br\/?p=20172#breadcrumb\"},\"inLanguage\":\"pt-BR\",\"potentialAction\":[{\"@type\":\"ReadAction\",\"target\":[\"https:\/\/rioonwatch.org.br\/?p=20172\"]}]},{\"@type\":\"ImageObject\",\"inLanguage\":\"pt-BR\",\"@id\":\"https:\/\/rioonwatch.org.br\/?p=20172#primaryimage\",\"url\":\"https:\/\/rioonwatch.org.br\/wp-content\/uploads\/2016\/06\/rsz_veja-pontos-turisticos-e-historicos-da-cidade-do-rio-de-janeiro-foto-tomaz-silva-agencia-brasil0014.jpg\",\"contentUrl\":\"https:\/\/rioonwatch.org.br\/wp-content\/uploads\/2016\/06\/rsz_veja-pontos-turisticos-e-historicos-da-cidade-do-rio-de-janeiro-foto-tomaz-silva-agencia-brasil0014.jpg\",\"width\":1024,\"height\":681},{\"@type\":\"BreadcrumbList\",\"@id\":\"https:\/\/rioonwatch.org.br\/?p=20172#breadcrumb\",\"itemListElement\":[{\"@type\":\"ListItem\",\"position\":1,\"name\":\"In\u00edcio\",\"item\":\"https:\/\/rioonwatch.org.br\/\"},{\"@type\":\"ListItem\",\"position\":2,\"name\":\"A Hist\u00f3ria Pouco Conhecida da Pequena \u00c1frica na Zona Portu\u00e1ria do Rio de Janeiro\"}]},{\"@type\":\"WebSite\",\"@id\":\"https:\/\/rioonwatch.org.br\/#website\",\"url\":\"https:\/\/rioonwatch.org.br\/\",\"name\":\"RioOnWatch\",\"description\":\"relatos das favelas cariocas\",\"publisher\":{\"@id\":\"https:\/\/rioonwatch.org.br\/#organization\"},\"potentialAction\":[{\"@type\":\"SearchAction\",\"target\":{\"@type\":\"EntryPoint\",\"urlTemplate\":\"https:\/\/rioonwatch.org.br\/?s={search_term_string}\"},\"query-input\":{\"@type\":\"PropertyValueSpecification\",\"valueRequired\":true,\"valueName\":\"search_term_string\"}}],\"inLanguage\":\"pt-BR\"},{\"@type\":\"Organization\",\"@id\":\"https:\/\/rioonwatch.org.br\/#organization\",\"name\":\"RioOnWatch\",\"url\":\"https:\/\/rioonwatch.org.br\/\",\"logo\":{\"@type\":\"ImageObject\",\"inLanguage\":\"pt-BR\",\"@id\":\"https:\/\/rioonwatch.org.br\/#\/schema\/logo\/image\/\",\"url\":\"https:\/\/rioonwatch.org.br\/wp-content\/uploads\/2021\/06\/RioOnWatchcabecalhoPT11anos-2.png\",\"contentUrl\":\"https:\/\/rioonwatch.org.br\/wp-content\/uploads\/2021\/06\/RioOnWatchcabecalhoPT11anos-2.png\",\"width\":779,\"height\":277,\"caption\":\"RioOnWatch\"},\"image\":{\"@id\":\"https:\/\/rioonwatch.org.br\/#\/schema\/logo\/image\/\"}},{\"@type\":\"Person\",\"@id\":\"https:\/\/rioonwatch.org.br\/#\/schema\/person\/11d64c290506f9df50c71b850c473f68\",\"name\":\"Admin\",\"image\":{\"@type\":\"ImageObject\",\"inLanguage\":\"pt-BR\",\"@id\":\"https:\/\/rioonwatch.org.br\/#\/schema\/person\/image\/\",\"url\":\"https:\/\/secure.gravatar.com\/avatar\/56211ac74568383903349a1485e3c325?s=96&d=blank&r=g\",\"contentUrl\":\"https:\/\/secure.gravatar.com\/avatar\/56211ac74568383903349a1485e3c325?s=96&d=blank&r=g\",\"caption\":\"Admin\"},\"url\":\"https:\/\/rioonwatch.org.br\/?author=129\"}]}<\/script>\n<!-- \/ Yoast SEO plugin. -->","yoast_head_json":{"title":"A Hist\u00f3ria Pouco Conhecida da Pequena \u00c1frica na Zona Portu\u00e1ria do Rio de Janeiro - RioOnWatch","robots":{"index":"index","follow":"follow","max-snippet":"max-snippet:-1","max-image-preview":"max-image-preview:large","max-video-preview":"max-video-preview:-1"},"canonical":"https:\/\/rioonwatch.org.br\/?p=20172","og_locale":"pt_BR","og_type":"article","og_title":"A Hist\u00f3ria Pouco Conhecida da Pequena \u00c1frica na Zona Portu\u00e1ria do Rio de Janeiro - RioOnWatch","og_description":"Click Here for English A Pequena \u00c1frica \u00e9 o lar hist\u00f3rico da comunidade afro-brasileira na Regi\u00e3o Portu\u00e1ria do Rio de Janeiro. A regi\u00e3o ficou conhecida como Pequena \u00c1frica depois que o com\u00e9rcio de escravos se [...]","og_url":"https:\/\/rioonwatch.org.br\/?p=20172","og_site_name":"RioOnWatch","article_published_time":"2016-07-11T13:56:14+00:00","article_modified_time":"2016-07-11T13:59:50+00:00","og_image":[{"width":1024,"height":681,"url":"https:\/\/rioonwatch.org.br\/wp-content\/uploads\/2016\/06\/rsz_veja-pontos-turisticos-e-historicos-da-cidade-do-rio-de-janeiro-foto-tomaz-silva-agencia-brasil0014.jpg","type":"image\/jpeg"}],"author":"Admin","twitter_card":"summary_large_image","twitter_misc":{"Escrito por":"Admin","Est. tempo de leitura":"8 minutos"},"schema":{"@context":"https:\/\/schema.org","@graph":[{"@type":"Article","@id":"https:\/\/rioonwatch.org.br\/?p=20172#article","isPartOf":{"@id":"https:\/\/rioonwatch.org.br\/?p=20172"},"author":{"name":"Admin","@id":"https:\/\/rioonwatch.org.br\/#\/schema\/person\/11d64c290506f9df50c71b850c473f68"},"headline":"A Hist\u00f3ria Pouco Conhecida da Pequena \u00c1frica na Zona Portu\u00e1ria do Rio de Janeiro","datePublished":"2016-07-11T13:56:14+00:00","dateModified":"2016-07-11T13:59:50+00:00","mainEntityOfPage":{"@id":"https:\/\/rioonwatch.org.br\/?p=20172"},"wordCount":1536,"publisher":{"@id":"https:\/\/rioonwatch.org.br\/#organization"},"image":{"@id":"https:\/\/rioonwatch.org.br\/?p=20172#primaryimage"},"thumbnailUrl":"https:\/\/rioonwatch.org.br\/wp-content\/uploads\/2016\/06\/rsz_veja-pontos-turisticos-e-historicos-da-cidade-do-rio-de-janeiro-foto-tomaz-silva-agencia-brasil0014.jpg","keywords":["Cais do Valongo","Centro","cultura","Cultura Afro-brasileira","cultura da favela","escravid\u00e3o","hist\u00f3ria","Mem\u00f3rias Faveladas","Pedra do Sal","Porto Maravilha","Pra\u00e7a Mau\u00e1","preserva\u00e7\u00e3o hist\u00f3rica","Pretos Novos","Quilombo da Pedra do Sal","Regi\u00e3o do Porto","samba","Valongo","Zona Sul"],"articleSection":["#OlhoNaGentrifica\u00e7\u00e3o","*Destaque","Entendendo o Rio","Escrito por Aliados"],"inLanguage":"pt-BR"},{"@type":"WebPage","@id":"https:\/\/rioonwatch.org.br\/?p=20172","url":"https:\/\/rioonwatch.org.br\/?p=20172","name":"A Hist\u00f3ria Pouco Conhecida da Pequena \u00c1frica na Zona Portu\u00e1ria do Rio de Janeiro - RioOnWatch","isPartOf":{"@id":"https:\/\/rioonwatch.org.br\/#website"},"primaryImageOfPage":{"@id":"https:\/\/rioonwatch.org.br\/?p=20172#primaryimage"},"image":{"@id":"https:\/\/rioonwatch.org.br\/?p=20172#primaryimage"},"thumbnailUrl":"https:\/\/rioonwatch.org.br\/wp-content\/uploads\/2016\/06\/rsz_veja-pontos-turisticos-e-historicos-da-cidade-do-rio-de-janeiro-foto-tomaz-silva-agencia-brasil0014.jpg","datePublished":"2016-07-11T13:56:14+00:00","dateModified":"2016-07-11T13:59:50+00:00","breadcrumb":{"@id":"https:\/\/rioonwatch.org.br\/?p=20172#breadcrumb"},"inLanguage":"pt-BR","potentialAction":[{"@type":"ReadAction","target":["https:\/\/rioonwatch.org.br\/?p=20172"]}]},{"@type":"ImageObject","inLanguage":"pt-BR","@id":"https:\/\/rioonwatch.org.br\/?p=20172#primaryimage","url":"https:\/\/rioonwatch.org.br\/wp-content\/uploads\/2016\/06\/rsz_veja-pontos-turisticos-e-historicos-da-cidade-do-rio-de-janeiro-foto-tomaz-silva-agencia-brasil0014.jpg","contentUrl":"https:\/\/rioonwatch.org.br\/wp-content\/uploads\/2016\/06\/rsz_veja-pontos-turisticos-e-historicos-da-cidade-do-rio-de-janeiro-foto-tomaz-silva-agencia-brasil0014.jpg","width":1024,"height":681},{"@type":"BreadcrumbList","@id":"https:\/\/rioonwatch.org.br\/?p=20172#breadcrumb","itemListElement":[{"@type":"ListItem","position":1,"name":"In\u00edcio","item":"https:\/\/rioonwatch.org.br\/"},{"@type":"ListItem","position":2,"name":"A Hist\u00f3ria Pouco Conhecida da Pequena \u00c1frica na Zona Portu\u00e1ria do Rio de Janeiro"}]},{"@type":"WebSite","@id":"https:\/\/rioonwatch.org.br\/#website","url":"https:\/\/rioonwatch.org.br\/","name":"RioOnWatch","description":"relatos das favelas cariocas","publisher":{"@id":"https:\/\/rioonwatch.org.br\/#organization"},"potentialAction":[{"@type":"SearchAction","target":{"@type":"EntryPoint","urlTemplate":"https:\/\/rioonwatch.org.br\/?s={search_term_string}"},"query-input":{"@type":"PropertyValueSpecification","valueRequired":true,"valueName":"search_term_string"}}],"inLanguage":"pt-BR"},{"@type":"Organization","@id":"https:\/\/rioonwatch.org.br\/#organization","name":"RioOnWatch","url":"https:\/\/rioonwatch.org.br\/","logo":{"@type":"ImageObject","inLanguage":"pt-BR","@id":"https:\/\/rioonwatch.org.br\/#\/schema\/logo\/image\/","url":"https:\/\/rioonwatch.org.br\/wp-content\/uploads\/2021\/06\/RioOnWatchcabecalhoPT11anos-2.png","contentUrl":"https:\/\/rioonwatch.org.br\/wp-content\/uploads\/2021\/06\/RioOnWatchcabecalhoPT11anos-2.png","width":779,"height":277,"caption":"RioOnWatch"},"image":{"@id":"https:\/\/rioonwatch.org.br\/#\/schema\/logo\/image\/"}},{"@type":"Person","@id":"https:\/\/rioonwatch.org.br\/#\/schema\/person\/11d64c290506f9df50c71b850c473f68","name":"Admin","image":{"@type":"ImageObject","inLanguage":"pt-BR","@id":"https:\/\/rioonwatch.org.br\/#\/schema\/person\/image\/","url":"https:\/\/secure.gravatar.com\/avatar\/56211ac74568383903349a1485e3c325?s=96&d=blank&r=g","contentUrl":"https:\/\/secure.gravatar.com\/avatar\/56211ac74568383903349a1485e3c325?s=96&d=blank&r=g","caption":"Admin"},"url":"https:\/\/rioonwatch.org.br\/?author=129"}]}},"_links":{"self":[{"href":"https:\/\/rioonwatch.org.br\/index.php?rest_route=\/wp\/v2\/posts\/20172"}],"collection":[{"href":"https:\/\/rioonwatch.org.br\/index.php?rest_route=\/wp\/v2\/posts"}],"about":[{"href":"https:\/\/rioonwatch.org.br\/index.php?rest_route=\/wp\/v2\/types\/post"}],"author":[{"embeddable":true,"href":"https:\/\/rioonwatch.org.br\/index.php?rest_route=\/wp\/v2\/users\/129"}],"replies":[{"embeddable":true,"href":"https:\/\/rioonwatch.org.br\/index.php?rest_route=%2Fwp%2Fv2%2Fcomments&post=20172"}],"version-history":[{"count":22,"href":"https:\/\/rioonwatch.org.br\/index.php?rest_route=\/wp\/v2\/posts\/20172\/revisions"}],"predecessor-version":[{"id":20725,"href":"https:\/\/rioonwatch.org.br\/index.php?rest_route=\/wp\/v2\/posts\/20172\/revisions\/20725"}],"wp:featuredmedia":[{"embeddable":true,"href":"https:\/\/rioonwatch.org.br\/index.php?rest_route=\/wp\/v2\/media\/20191"}],"wp:attachment":[{"href":"https:\/\/rioonwatch.org.br\/index.php?rest_route=%2Fwp%2Fv2%2Fmedia&parent=20172"}],"wp:term":[{"taxonomy":"category","embeddable":true,"href":"https:\/\/rioonwatch.org.br\/index.php?rest_route=%2Fwp%2Fv2%2Fcategories&post=20172"},{"taxonomy":"post_tag","embeddable":true,"href":"https:\/\/rioonwatch.org.br\/index.php?rest_route=%2Fwp%2Fv2%2Ftags&post=20172"},{"taxonomy":"writer","embeddable":true,"href":"https:\/\/rioonwatch.org.br\/index.php?rest_route=%2Fwp%2Fv2%2Fwriter&post=20172"},{"taxonomy":"translator","embeddable":true,"href":"https:\/\/rioonwatch.org.br\/index.php?rest_route=%2Fwp%2Fv2%2Ftranslator&post=20172"},{"taxonomy":"source","embeddable":true,"href":"https:\/\/rioonwatch.org.br\/index.php?rest_route=%2Fwp%2Fv2%2Fsource&post=20172"},{"taxonomy":"ilustrador","embeddable":true,"href":"https:\/\/rioonwatch.org.br\/index.php?rest_route=%2Fwp%2Fv2%2Filustrador&post=20172"},{"taxonomy":"fotografo","embeddable":true,"href":"https:\/\/rioonwatch.org.br\/index.php?rest_route=%2Fwp%2Fv2%2Ffotografo&post=20172"}],"curies":[{"name":"wp","href":"https:\/\/api.w.org\/{rel}","templated":true}]}}