{"id":20181,"date":"2016-06-09T13:19:23","date_gmt":"2016-06-09T16:19:23","guid":{"rendered":"http:\/\/rioonwatch.org.br\/?p=20181"},"modified":"2016-06-21T13:58:56","modified_gmt":"2016-06-21T16:58:56","slug":"complexo-do-chapadao-inspira-com-sua-1a-festa-literaria-na-biblioteca-comunitaria-paulo-freire","status":"publish","type":"post","link":"https:\/\/rioonwatch.org.br\/?p=20181","title":{"rendered":"Complexo do Chapad\u00e3o Inspira com Sua 1\u00aa Festa Liter\u00e1ria na Biblioteca Comunit\u00e1ria Paulo Freire"},"content":{"rendered":"<p style=\"text-align: right;\"><em><strong><a href=\"http:\/\/bit.ly\/28Lucuz\" target=\"_blank\">Click Here for English<img decoding=\"async\" width=\"20\" height=\"20\" class=\"alignright wp-image-15790\" src=\"http:\/\/rioonwatch.org.br\/wp-content\/uploads\/2012\/08\/EN-standard-e1439583104716.jpg\" \/><\/a><\/strong><\/em><\/p>\n<p>Era in\u00edcio da d\u00e9cada de 90 e o pa\u00eds passava por incertezas. A infla\u00e7\u00e3o tirava o sono de todos, o presidente acabara de renunciar ap\u00f3s um processo de impeachment e o governo rec\u00e9m-empossado tentava implantar mudan\u00e7as na economia com uma nova moeda, o real. No Rio de Janeiro, especificamente na <a href=\"http:\/\/bit.ly\/WximDf\" target=\"_blank\">Zona Norte<\/a> da capital, fam\u00edlias de bairros como <a href=\"http:\/\/bit.ly\/21tKRUF\" target=\"_blank\">Pavuna<\/a>, Guadalupe e <a href=\"http:\/\/bit.ly\/1m8dV2m\" target=\"_blank\">Costa Barros<\/a> resolveram construir um novo futuro. Estavam cansadas dos alugu\u00e9is, da falta de perspectivas e de amparo. Viram no conjunto de morros de barro amarelado, onde crian\u00e7as brincavam de tobog\u00e3, o seu peda\u00e7o de ch\u00e3o. Homens, mulheres e crian\u00e7as munidos de cordas e arames se ajudavam na demarca\u00e7\u00e3o dos terrenos. Os familiares, por muitas vezes, se revezavam na vigil\u00e2ncia do local para que o t\u00e3o sonhado lote n\u00e3o fosse ocupado por outros moradores. As constru\u00e7\u00f5es improvisadas de madeira, aos poucos foram sendo substitu\u00eddas por alvenaria e hoje, quase trinta anos depois, o <a href=\"http:\/\/bit.ly\/1X9tkmF\" target=\"_blank\">Complexo do Chapad\u00e3o<\/a>, sonho de futuro melhor desse povo, \u00e9 visto como um dos mais problem\u00e1ticos conjuntos de favelas do Estado, no que diz respeito \u00e0 <a href=\"http:\/\/bit.ly\/1fRNcBs\" target=\"_blank\">seguran\u00e7a p\u00fablica<\/a>.<\/p>\n<p>Formado por dezesseis favelas e localizado na Zona Norte, o complexo \u00e9 figurinha carimbada nas p\u00e1ginas policiais. Segundo especialistas em seguran\u00e7a, atualmente, o local \u00e9 considerado o <a href=\"http:\/\/glo.bo\/1U6EYLY\" target=\"_blank\">quartel general da fac\u00e7\u00e3o criminosa mais antiga<\/a> do Rio. Tal fato teria ocorrido ap\u00f3s a ocupa\u00e7\u00e3o pelo Ex\u00e9rcito e em consequ\u00eancia da instala\u00e7\u00e3o da <a href=\"http:\/\/bit.ly\/R5ueio\" target=\"_blank\">UPP<\/a> no <a href=\"http:\/\/bit.ly\/U0MiGm\" target=\"_blank\">Complexo do Alem\u00e3o<\/a>, at\u00e9 ent\u00e3o, o QG do crime organizado.<\/p>\n<p>Entre os casos de viol\u00eancia ocorridos no Complexo do Chapad\u00e3o que ganharam grande repercuss\u00e3o recentemente, est\u00e1 a <a href=\"http:\/\/bit.ly\/22NNCCi\" target=\"_blank\">morte do taxista Jorge Fernando Souza<\/a>. De acordo com a pol\u00edcia, a v\u00edtima, que era militar do Ex\u00e9rcito, teria sido confundido com um informante da pol\u00edcia. O rapaz foi torturado antes de ter a morte decretada.<\/p>\n<p>Dados do Instituto de Seguran\u00e7a P\u00fablica (ISP-RJ) mostram que a viol\u00eancia na cidade que em agosto sediar\u00e1 os Jogos Ol\u00edmpicos s\u00f3 aumenta.\u00a0Em 2015, o estado viveu o pior dos \u00faltimos 23 anos no que diz respeito \u00e0 roubo de cargas e, em 2016, a situa\u00e7\u00e3o caminha para superar essa marca. S\u00f3 no primeiro trimestre deste ano, foi registrado um n\u00famero 11% superior que o do mesmo per\u00edodo do ano passado nessa modalidade. Foram registrados 1.988 roubos de carga, contra 1.790 casos nos tr\u00eas primeiros meses de 2015. Quando falamos sobre casos de mortes violentas, os n\u00fameros assustam ainda mais. Em 2015, cerca de 75% dos homens mortos pela pol\u00edcia na cidade do Rio de Janeiro eram negros ou pardos. Das 232 v\u00edtimas de homic\u00eddio decorrente de suposto confronto, cerca de 25% tinham entre 18 e 29 anos.\u00a0Na capital, quase metade das v\u00edtimas eram pardas (48,5%). Do total dos mortos em supostos confrontos, cerca de 28% eram negros.\u00a0Entre as mais de 600 mortes oficialmente causadas pela pol\u00edcia em todo o Estado, quase 30 eram de menores de idade.<\/p>\n<p>Em todas essas estat\u00edsticas, a regi\u00e3o figura como a com maior n\u00famero de ocorr\u00eancias dos chamados autos de resist\u00eancia. No ano passado, foram 48 mortes. O n\u00famero \u00e9 bem diferente quando comparado com a <a href=\"http:\/\/bit.ly\/1mNsDyk\" target=\"_blank\">Zona Sul<\/a> da capital fluminense, onde durante todo o ano de 2015, somente uma pessoa foi morta em suposto confronto com a pol\u00edcia.<\/p>\n<p>Com uma crise econ\u00f4mica que vai afundando o Estado a cada dia e com a <a href=\"http:\/\/bit.ly\/1K8LVUg\" target=\"_blank\">falta de pol\u00edticas p\u00fablicas<\/a>, resta a popula\u00e7\u00e3o contar com o apoio dos moradores que sonham um dia em poder vivenciar uma realidade diferente da do atual momento. Na contram\u00e3o deste cen\u00e1rio chocante, s\u00e3o pessoas com o mesmo perfil das v\u00edtimas assassinadas por a\u00e7\u00f5es do Estado\u00a0que v\u00eam fazendo a diferen\u00e7a na regi\u00e3o. Elas n\u00e3o medem esfor\u00e7os para dar um novo rumo ao Complexo do Chapad\u00e3o e, por muitas vezes, acabam ocupando o lugar que o governo deveria ocupar.<\/p>\n<p>Entre esses benfeitores est\u00e1 <a href=\"http:\/\/bit.ly\/1ZwcRY2\" target=\"_blank\">Jocemir Moura dos Reis<\/a>. Apesar de ter passado dos 30 anos, poderia facilmente ser enquadrado no perfil de v\u00edtima. Jocemir Reis tem como grande ferramenta de inclus\u00e3o o incentivo \u00e0 literatura para ajudar na forma\u00e7\u00e3o e informa\u00e7\u00e3o de quem vive no conjunto de favelas. Fil\u00f3sofo e produtor cultural, Jocemir sempre foi apegado a leitura. Seu pai, que trazia livros para serem restaurados em sua casa, acabou sendo a ponte. Com apenas 11 anos, o livro <em>A Rep\u00fablica<\/em>, obra de Plat\u00e3o, era o primeiro de muitos outros que o levaram ao caminho atual. <a href=\"http:\/\/glo.bo\/1TUzSQy\" target=\"_blank\">Ganhador do Pr\u00eamio Extraordin\u00e1rio 2014<\/a>, na categoria Educa\u00e7\u00e3o, Jocemir foi reconhecido por realizar a Biblioteca Comunit\u00e1ria Paulo Freire, em Anchieta. O pr\u00eamio reconhece a\u00e7\u00f5es que t\u00eam como objetivo a melhoria da sociedade.<\/p>\n<p><a href=\"http:\/\/bit.ly\/1UygKXT\" target=\"_blank\">A\u00a0Biblioteca Comunit\u00e1ria Paulo Freire<\/a>\u00a0completa uma d\u00e9cada de atua\u00e7\u00e3o em um territ\u00f3rio completamente ignorado pelo poder p\u00fablico. Em comemora\u00e7\u00e3o \u00e0 data, Jocemir criou a 1\u00b0 <a href=\"http:\/\/bit.ly\/28iYlIX\" target=\"_blank\">FLICC<\/a> \u2013 Festa Liter\u00e1ria do Complexo do Chapad\u00e3o, que aconteceu nos dias 03, 04 e 05 \u00a0deste m\u00eas, na pr\u00f3pria biblioteca.<\/p>\n<p><a href=\"http:\/\/rioonwatch.org.br\/wp-content\/uploads\/2016\/06\/flicc3-1-1.jpg\"><img fetchpriority=\"high\" decoding=\"async\" class=\"aligncenter wp-image-20211 size-medium\" title=\"Abertura da I FLICC, tudo pronto! Foto por Diogo Bardu\" src=\"http:\/\/rioonwatch.org.br\/wp-content\/uploads\/2016\/06\/flicc3-1-1-620x496.jpg\" alt=\"flicc3 (1)\" width=\"620\" height=\"496\" srcset=\"https:\/\/rioonwatch.org.br\/wp-content\/uploads\/2016\/06\/flicc3-1-1-620x496.jpg 620w, https:\/\/rioonwatch.org.br\/wp-content\/uploads\/2016\/06\/flicc3-1-1-330x264.jpg 330w, https:\/\/rioonwatch.org.br\/wp-content\/uploads\/2016\/06\/flicc3-1-1-768x614.jpg 768w, https:\/\/rioonwatch.org.br\/wp-content\/uploads\/2016\/06\/flicc3-1-1.jpg 960w\" sizes=\"(max-width: 620px) 100vw, 620px\" \/><\/a><\/p>\n<p>Um dos beneficiados \u00e9 Diogo Oliveira, de 25 anos. Fruto do extinto projeto Luz, C\u00e2mera e A\u00e7\u00e3o, escola de cinema que funcionou por 5 anos tamb\u00e9m em Costa Barros, o jovem viu de perto a funda\u00e7\u00e3o da biblioteca. Frequentador ass\u00edduo naquela \u00e9poca, agora ele ajuda na coordena\u00e7\u00e3o da Paulo Freire. &#8220;No in\u00edcio, n\u00e3o fazia parte da equipe, mas participava das oficinas e debates que aconteciam semanalmente\u201d.<\/p>\n<p>A vontade de proporcionar cultura e educa\u00e7\u00e3o aos seus vizinhos n\u00e3o \u00e9 pequena: &#8220;Tocamos o barco sem nenhum recurso p\u00fablico e por mais que o trabalho seja em prol da comunidade, ainda enfrentamos muitos desafios. Nossa equipe \u00e9 pequena, o que torna tudo mais dif\u00edcil&#8221;. No entanto, Diogo n\u00e3o desanima e acredita que cada vez mais a popula\u00e7\u00e3o local vem acreditando e participando de forma mais ativa dos projetos: &#8220;Com todos os problemas e dificuldades, a gente n\u00e3o perde o prazer pelo trabalho. O p\u00fablico vem aumentando. Adotamos uma estrat\u00e9gia de sempre criar eventos, como sarau, cine clube e exposi\u00e7\u00f5es. A antiga casa contava com um grupo maior de artistas e produtores locais, o que ajudava a fomentar um p\u00fablico maior, mas creio que a nova casa j\u00e1 registra um n\u00famero superior de visitantes&#8221;.<\/p>\n<p>O jovem admite que no primeiro ciclo da biblioteca, estava muito presente, mas n\u00e3o recorda de ter lido mais de cinco livros naquela \u00e9poca. Na sua vis\u00e3o, estudar n\u00e3o era seu forte, mas as boas influ\u00eancias que teve foram fundamentais para que hoje ele n\u00e3o esteja nas p\u00e1ginas policiais. Segundo ele, a vontade que sentiu ao voltar aos estudos foi a chave que o fez redescobrir a biblioteca. &#8220;Reencontrei o Jocemir depois de alguns anos e ele me contou que estava criando um grupo de estudos que tinha como foco ajudar aos jovens a entrar em uma universidade p\u00fablica. N\u00e3o tinha nenhuma pretens\u00e3o, achava imposs\u00edvel cursar uma universidade, at\u00e9 que decidi participar. Assimilei bem ao programa e em 2015 passei para a Universidade Estadual do Rio de Janeiro, para o curso de artes visuais&#8221;.<\/p>\n<p>Neste momento, Diogo tornava-se o primeiro de sua fam\u00edlia a entrar em uma faculdade.<\/p>\n<p>Durante a FLICC, alguns moradores que t\u00eam papel fundamental na transforma\u00e7\u00e3o cultural local participaram das mesas de debate. Foi uma excelente oportunidade de evidenciar e afirmar a atua\u00e7\u00e3o na regi\u00e3o.<\/p>\n<p><a href=\"http:\/\/rioonwatch.org.br\/wp-content\/uploads\/2016\/06\/flicc12.jpg\"><img decoding=\"async\" class=\"aligncenter wp-image-20212 size-content\" title=\"Livro como forma de ataque, assunto discutido em uma das mesas da FLICC.Foto por Diogo Bardu\" src=\"http:\/\/rioonwatch.org.br\/wp-content\/uploads\/2016\/06\/flicc12-620x264.jpg\" alt=\"flicc12\" width=\"620\" height=\"264\" srcset=\"https:\/\/rioonwatch.org.br\/wp-content\/uploads\/2016\/06\/flicc12-620x264.jpg 620w, https:\/\/rioonwatch.org.br\/wp-content\/uploads\/2016\/06\/flicc12-940x400.jpg 940w\" sizes=\"(max-width: 620px) 100vw, 620px\" \/><\/a><\/p>\n<p>Jorge Wallace, de 23 anos, foi um deles. Comunicativo e sonhador, &#8220;Mais Um&#8221; como \u00e9 conhecido, \u00e9 organizador de uma batalha de rimas e de uma roda de brincadeiras paras as crian\u00e7as. Tudo acontece em seu bairro, a <a href=\"http:\/\/bit.ly\/21tKRUF\" target=\"_blank\">Pavuna<\/a>, vizinha ao <a href=\"http:\/\/bit.ly\/1UDZiEb\" target=\"_blank\">Complexo do Chapad\u00e3o<\/a>. Wallace, assim como outros jovens que participaram da FLICC, poderia ter sido\u00a0mais uma nas p\u00e1ginas policiais. Talvez nem estivesse vivo se n\u00e3o fossem os projetos sociais. O jovem falou sobre a apropria\u00e7\u00e3o da <a href=\"http:\/\/bit.ly\/1acNApR\" target=\"_blank\">educa\u00e7\u00e3o<\/a> e <a href=\"http:\/\/bit.ly\/1NzHxSq\" target=\"_blank\">cultura<\/a> como ferramentas em prol do crescimento pessoal e comunit\u00e1rio. \u201cO m\u00e9todo de ensino utilizado no Brasil \u00e9 muito antigo, e isso afasta, mas mesmo assim temos que absorver o m\u00e1ximo \u00e0s coisas boas nas escolas. Por mais que alguns temas sejam desestimulantes, os livros continuam sendo uma sa\u00edda\u201d.<\/p>\n<p>Para Jocemir, a principal proposta da festa \u00e9 projetar o territ\u00f3rio como um grande <a href=\"http:\/\/bit.ly\/1a1M6kK\" target=\"_blank\">centro de produ\u00e7\u00e3o cultural<\/a> que \u00e9 <a href=\"http:\/\/bit.ly\/1MhLewt\" target=\"_blank\">excessivamente abafado<\/a> pela <a href=\"http:\/\/bit.ly\/1n71CIt\" target=\"_blank\">prefer\u00eancia da grande m\u00eddia<\/a> em <a href=\"http:\/\/bit.ly\/P4itK0\" target=\"_blank\">divulgar temas que se refiram apenas \u00e0 viol\u00eancia<\/a>. Quanto a realidade local, o fil\u00f3sofo chama aten\u00e7\u00e3o: &#8220;Nossa maior dificuldade \u00e9 o fato de que a popula\u00e7\u00e3o de um modo geral n\u00e3o consegue se ver enquanto territ\u00f3rio de cultura e n\u00e3o assume este modo de viver. Assim, a sensa\u00e7\u00e3o \u00e9 de que musica, artes pl\u00e1sticas, poesia, livros n\u00e3o fazem parte do horizonte do nosso povo, da nossa gente ou territ\u00f3rio&#8221;.<\/p>\n<p>Segundo a pesquisa <a href=\"http:\/\/bit.ly\/1UyieRZ\" target=\"_blank\">Retratos da Leitura no Brasil<\/a>, formulada pelo Instituto Pr\u00f3-Livro, a m\u00e9dia da popula\u00e7\u00e3o brasileira, em 2015, foi ler 2,54 livros inteiros ou em partes. Se formos al\u00e9m, cada leitor leu 1,06 livro inteiro e 1,47 em partes. A regi\u00e3o Sudeste foi a que teve a maior m\u00e9dia, maior inclusive que a m\u00e9dia nacional, com 2,98 livros. Sobre a percep\u00e7\u00e3o da popula\u00e7\u00e3o brasileira em rela\u00e7\u00e3o \u00e0s bibliotecas do pa\u00eds, o estudou mostrou que a Biblioteca \u00e9 muito associada ao espa\u00e7o para estudo e pesquisa. Embora sejam mais frequentadas por estudantes, cerca de 37% do p\u00fablico \u00e9 formado por n\u00e3o estudantes. Entre outros dados, a pesquisa concluiu que o n\u00famero de pessoas que afirmam saber existir uma biblioteca em seu bairro ou cidade caiu de 67% em 2011, para 55%, em 2015. Os entrevistados foram questionados se conheciam alguma biblioteca comunit\u00e1ria mantida por estabelecimentos ou moradores. Somente 15% deles confirmaram saber da exist\u00eancia. Deste total, apenas 4% disse frequentar uma biblioteca comunit\u00e1ria.<\/p>\n<p>Durante a FLICC, foi poss\u00edvel perceber a pesquisa de forma pr\u00e1tica e como a inten\u00e7\u00e3o da festa deu certo. Robson Soares, de 20 anos, \u00e9 filho de uma diretora de escola p\u00fablica e apesar de residir na mesma rua da Paulo Freire, esta foi a primeira vez que ele fez uma visita ao espa\u00e7o. \u201cN\u00e3o sabia da exist\u00eancia da biblioteca, apesar de morar pr\u00f3ximo, mas agora vou fazer da biblioteca meu segundo lar. Quero estar presente e ajudar no que for necess\u00e1rio para que o local receba cada vez mais visitantes\u201d. Robson ficou sabendo do evento atrav\u00e9s de um cartaz dentro de um \u00f4nibus que circula dentro do complexo.<\/p>\n<p><a href=\"http:\/\/rioonwatch.org.br\/wp-content\/uploads\/2016\/06\/flicc11.jpg\"><img loading=\"lazy\" decoding=\"async\" class=\"aligncenter wp-image-20214 size-medium\" title=\"Sanderson Barros participou da FLICC e aproveitou para levar um dos exemplares. Foto por Diogo Bardu\" src=\"http:\/\/rioonwatch.org.br\/wp-content\/uploads\/2016\/06\/flicc11-620x543.jpg\" alt=\"flicc11\" width=\"620\" height=\"543\" srcset=\"https:\/\/rioonwatch.org.br\/wp-content\/uploads\/2016\/06\/flicc11-620x543.jpg 620w, https:\/\/rioonwatch.org.br\/wp-content\/uploads\/2016\/06\/flicc11-302x264.jpg 302w, https:\/\/rioonwatch.org.br\/wp-content\/uploads\/2016\/06\/flicc11-768x672.jpg 768w, https:\/\/rioonwatch.org.br\/wp-content\/uploads\/2016\/06\/flicc11.jpg 960w\" sizes=\"(max-width: 620px) 100vw, 620px\" \/><\/a><\/p>\n<p>Atualmente, o acervo da Paulo Freire conta com mais de 3.500 livros e atende algo em torno de 150 pessoas por m\u00eas. Os t\u00edtulos v\u00e3o desde Cam\u00f5es a <a href=\"http:\/\/bit.ly\/1ZwfPeY\" target=\"_blank\">Julio Ludemir<\/a>, escritor carioca que tem as favelas como pano de fundo para suas obras.<\/p>\n<p>Ludemir, criador da Festa Liter\u00e1ria das Periferias &#8211; <a href=\"http:\/\/bit.ly\/1W2uxwn\" target=\"_blank\">FLUPP<\/a>, reconhece a import\u00e2ncia do evento.\u00a0\u201cA FLICC \u00e9 mais uma a\u00e7\u00e3o de democratiza\u00e7\u00e3o da leitura e tem o papel de criar um di\u00e1logo com toda a cidade. N\u00e3o \u00e9 porque o territ\u00f3rio \u00e9 perigoso que as outras pessoas devam evit\u00e1-lo. Al\u00e9m disso, esses festivais s\u00e3o esfor\u00e7os para forma\u00e7\u00e3o de novos leitores, que por sua vez, est\u00e3o justamente nas periferias\u201d.<\/p>\n<p>A FLUPP foi <a href=\"http:\/\/bit.ly\/1UE1awO\" target=\"_blank\">premiada\u00a0com o\u00a0<em>London Book Fair International Excellence Awards 2016<\/em><\/a>\u00a0na categoria &#8220;Festival Liter\u00e1rio&#8221;, concorrendo com outros tr\u00eas festivais, um deles foi a FLIP &#8211; Festa Liter\u00e1ria Internacional de Paraty, que tamb\u00e9m ocorre no Estado do Rio de Janeiro.<\/p>\n<p>Sobre os frequentadores da Paulo Freire, Jocemir diz que s\u00e3o alunos da regi\u00e3o, principalmente da rede p\u00fablica. Contudo, professores, universit\u00e1rios e idosos tamb\u00e9m utilizam o acervo. Ali\u00e1s, a biblioteca proporciona momentos emocionantes. Uma vez, uma senhora chegou trazendo um menino para ter aulas de refor\u00e7o escolar. Ela tinha uns 65 anos e era av\u00f3 do garoto. Quando entrou no espa\u00e7o, a senhora come\u00e7ou a chorar. Ela dizia que jamais havia visto tantos livros juntos e achou o m\u00e1ximo poder estar ali dentro.<\/p>\n<p>Atualmente, o Complexo do Chapad\u00e3o trava uma guerra de fac\u00e7\u00f5es com outro conjunto de favelas, o <a href=\"http:\/\/bit.ly\/1SQMf3o\" target=\"_blank\">Complexo da Pedreira<\/a>, dominado por bandidos rivais. N\u00e3o \u00e9 s\u00f3 est\u00e1 guerra que interrompe o avan\u00e7o educacional e cultural ali. As opera\u00e7\u00f5es policiais, que s\u00e3o necess\u00e1rias para coibir as constantes investidas do tr\u00e1fico geram o mesmo preju\u00edzo. As escolas fecham suas portas no primeiro som de tiro. Pais e filhos retornam para casa, sem ter com quem deixar as crian\u00e7as, seus respons\u00e1veis acabam perdendo o dia de trabalho tamb\u00e9m. Na \u00faltima opera\u00e7\u00e3o, pelo menos 2.000 crian\u00e7as ficaram sem aula.<\/p>\n<p>A batalha de Jocemir e agora da FLICC \u00e9 justamente essa, ser uma extens\u00e3o da escola, ser uma alternativa. Mas com tantos problemas \u00e9 dif\u00edcil dizer que estar\u00e3o sempre ali.<\/p>\n<p><em>Renan Schuindt,\u00a0nascido e criado em Costa Barros, atualmente trabalha como produtor de jornalismo da TV Band e coordena\u00a0o Cineclube Cine Costa Barros. Renan j\u00e1\u00a0realizou trabalhos jornal\u00edsticos para a CUFA, Viva Favela, entre outros.<\/em><\/p>\n<p><em>Colabora\u00e7\u00e3o\u00a0Thiago Tiara.<\/em><\/p>\n<!-- AddThis Advanced Settings generic via filter on the_content --><!-- AddThis Share Buttons generic via filter on the_content -->","protected":false},"excerpt":{"rendered":"<div class=\"mh-excerpt\"><p>Click Here for English Era in\u00edcio da d\u00e9cada de 90 e o pa\u00eds passava por incertezas. A infla\u00e7\u00e3o tirava o sono de todos, o presidente acabara de renunciar ap\u00f3s um processo de impeachment e o <a class=\"mh-excerpt-more\" href=\"https:\/\/rioonwatch.org.br\/?p=20181\" title=\"Complexo do Chapad\u00e3o Inspira com Sua 1\u00aa Festa Liter\u00e1ria na Biblioteca Comunit\u00e1ria Paulo Freire\">[&#8230;]<\/a><!-- AddThis Advanced Settings generic via filter on get_the_excerpt --><!-- AddThis Share Buttons generic via filter on get_the_excerpt --><\/p>\n<\/div>","protected":false},"author":129,"featured_media":20210,"comment_status":"closed","ping_status":"closed","sticky":false,"template":"","format":"standard","meta":{"_acf_changed":false,"_monsterinsights_skip_tracking":false,"_monsterinsights_sitenote_active":false,"_monsterinsights_sitenote_note":"","_monsterinsights_sitenote_category":0,"footnotes":""},"categories":[1621,1615,1625,1388,1616,1612,342],"tags":[386,1800,1736,575,81,316,417,358,1360,672,1347,476,562,30,218],"writer":[577],"translator":[],"source":[],"ilustrador":[],"fotografo":[],"class_list":{"0":"post-20181","1":"post","2":"type-post","3":"status-publish","4":"format-standard","5":"has-post-thumbnail","7":"category-destaque","8":"category-cultura-da-favela","9":"category-por-correspondentes-comunitarios","10":"category-formas-de-apoiar","11":"category-qualidades-da-favela","12":"category-sociedade-civil","13":"category-solucoes","14":"tag-estigma","15":"tag-chapadao","16":"tag-complexo-da-pedreira","17":"tag-costa-barros","18":"tag-cultura","19":"tag-educacao","20":"tag-negligencia-do-estado","21":"tag-organizacao-comunitaria","22":"tag-pavuna","23":"tag-seguranca-publica","24":"tag-solucao","25":"tag-solucao-comunitaria","26":"tag-trafico-de-drogas","27":"tag-violencia","28":"tag-zona-norte","29":"writer-renan-schuindt"},"acf":[],"yoast_head":"<!-- This site is optimized with the Yoast SEO plugin v25.6 - https:\/\/yoast.com\/wordpress\/plugins\/seo\/ -->\n<title>Complexo do Chapad\u00e3o Inspira com Sua 1\u00aa Festa Liter\u00e1ria na Biblioteca Comunit\u00e1ria Paulo Freire - RioOnWatch<\/title>\n<meta name=\"robots\" content=\"index, follow, max-snippet:-1, max-image-preview:large, max-video-preview:-1\" \/>\n<link rel=\"canonical\" href=\"https:\/\/rioonwatch.org.br\/?p=20181\" \/>\n<meta property=\"og:locale\" content=\"pt_BR\" \/>\n<meta property=\"og:type\" content=\"article\" \/>\n<meta property=\"og:title\" content=\"Complexo do Chapad\u00e3o Inspira com Sua 1\u00aa Festa Liter\u00e1ria na Biblioteca Comunit\u00e1ria Paulo Freire - RioOnWatch\" \/>\n<meta property=\"og:description\" content=\"Click Here for English Era in\u00edcio da d\u00e9cada de 90 e o pa\u00eds passava por incertezas. A infla\u00e7\u00e3o tirava o sono de todos, o presidente acabara de renunciar ap\u00f3s um processo de impeachment e o [...]\" \/>\n<meta property=\"og:url\" content=\"https:\/\/rioonwatch.org.br\/?p=20181\" \/>\n<meta property=\"og:site_name\" content=\"RioOnWatch\" \/>\n<meta property=\"article:published_time\" content=\"2016-06-09T16:19:23+00:00\" \/>\n<meta property=\"article:modified_time\" content=\"2016-06-21T16:58:56+00:00\" \/>\n<meta property=\"og:image\" content=\"https:\/\/rioonwatch.org.br\/wp-content\/uploads\/2016\/06\/flicc4.jpg\" \/>\n\t<meta property=\"og:image:width\" content=\"960\" \/>\n\t<meta property=\"og:image:height\" content=\"610\" \/>\n\t<meta property=\"og:image:type\" content=\"image\/jpeg\" \/>\n<meta name=\"author\" content=\"Admin\" \/>\n<meta name=\"twitter:card\" content=\"summary_large_image\" \/>\n<meta name=\"twitter:label1\" content=\"Escrito por\" \/>\n\t<meta name=\"twitter:data1\" content=\"Admin\" \/>\n\t<meta name=\"twitter:label2\" content=\"Est. tempo de leitura\" \/>\n\t<meta name=\"twitter:data2\" content=\"11 minutos\" \/>\n<script type=\"application\/ld+json\" class=\"yoast-schema-graph\">{\"@context\":\"https:\/\/schema.org\",\"@graph\":[{\"@type\":\"Article\",\"@id\":\"https:\/\/rioonwatch.org.br\/?p=20181#article\",\"isPartOf\":{\"@id\":\"https:\/\/rioonwatch.org.br\/?p=20181\"},\"author\":{\"name\":\"Admin\",\"@id\":\"https:\/\/rioonwatch.org.br\/#\/schema\/person\/11d64c290506f9df50c71b850c473f68\"},\"headline\":\"Complexo do Chapad\u00e3o Inspira com Sua 1\u00aa Festa Liter\u00e1ria na Biblioteca Comunit\u00e1ria Paulo Freire\",\"datePublished\":\"2016-06-09T16:19:23+00:00\",\"dateModified\":\"2016-06-21T16:58:56+00:00\",\"mainEntityOfPage\":{\"@id\":\"https:\/\/rioonwatch.org.br\/?p=20181\"},\"wordCount\":2258,\"publisher\":{\"@id\":\"https:\/\/rioonwatch.org.br\/#organization\"},\"image\":{\"@id\":\"https:\/\/rioonwatch.org.br\/?p=20181#primaryimage\"},\"thumbnailUrl\":\"https:\/\/rioonwatch.org.br\/wp-content\/uploads\/2016\/06\/flicc4.jpg\",\"keywords\":[\"#StopFavelaStigma\",\"Chapad\u00e3o\",\"Complexo da Pedreira\",\"Costa Barros\",\"cultura\",\"educa\u00e7\u00e3o\",\"Neglig\u00eancia do Estado\",\"organiza\u00e7\u00e3o comunit\u00e1ria\",\"Pavuna\",\"seguran\u00e7a p\u00fablica\",\"solu\u00e7\u00e3o\",\"solu\u00e7\u00e3o comunit\u00e1ria\",\"tr\u00e1fico de drogas\",\"viol\u00eancia\",\"Zona Norte\"],\"articleSection\":[\"*Destaque\",\"Cultura da Favela\",\"Escrito por Comunicadores Populares\",\"Formas de Apoiar\",\"Qualidades da Favela\",\"Sociedade Civil\",\"Solu\u00e7\u00f5es\"],\"inLanguage\":\"pt-BR\"},{\"@type\":\"WebPage\",\"@id\":\"https:\/\/rioonwatch.org.br\/?p=20181\",\"url\":\"https:\/\/rioonwatch.org.br\/?p=20181\",\"name\":\"Complexo do Chapad\u00e3o Inspira com Sua 1\u00aa Festa Liter\u00e1ria na Biblioteca Comunit\u00e1ria Paulo Freire - RioOnWatch\",\"isPartOf\":{\"@id\":\"https:\/\/rioonwatch.org.br\/#website\"},\"primaryImageOfPage\":{\"@id\":\"https:\/\/rioonwatch.org.br\/?p=20181#primaryimage\"},\"image\":{\"@id\":\"https:\/\/rioonwatch.org.br\/?p=20181#primaryimage\"},\"thumbnailUrl\":\"https:\/\/rioonwatch.org.br\/wp-content\/uploads\/2016\/06\/flicc4.jpg\",\"datePublished\":\"2016-06-09T16:19:23+00:00\",\"dateModified\":\"2016-06-21T16:58:56+00:00\",\"breadcrumb\":{\"@id\":\"https:\/\/rioonwatch.org.br\/?p=20181#breadcrumb\"},\"inLanguage\":\"pt-BR\",\"potentialAction\":[{\"@type\":\"ReadAction\",\"target\":[\"https:\/\/rioonwatch.org.br\/?p=20181\"]}]},{\"@type\":\"ImageObject\",\"inLanguage\":\"pt-BR\",\"@id\":\"https:\/\/rioonwatch.org.br\/?p=20181#primaryimage\",\"url\":\"https:\/\/rioonwatch.org.br\/wp-content\/uploads\/2016\/06\/flicc4.jpg\",\"contentUrl\":\"https:\/\/rioonwatch.org.br\/wp-content\/uploads\/2016\/06\/flicc4.jpg\",\"width\":960,\"height\":610},{\"@type\":\"BreadcrumbList\",\"@id\":\"https:\/\/rioonwatch.org.br\/?p=20181#breadcrumb\",\"itemListElement\":[{\"@type\":\"ListItem\",\"position\":1,\"name\":\"In\u00edcio\",\"item\":\"https:\/\/rioonwatch.org.br\/\"},{\"@type\":\"ListItem\",\"position\":2,\"name\":\"Complexo do Chapad\u00e3o Inspira com Sua 1\u00aa Festa Liter\u00e1ria na Biblioteca Comunit\u00e1ria Paulo Freire\"}]},{\"@type\":\"WebSite\",\"@id\":\"https:\/\/rioonwatch.org.br\/#website\",\"url\":\"https:\/\/rioonwatch.org.br\/\",\"name\":\"RioOnWatch\",\"description\":\"relatos das favelas cariocas\",\"publisher\":{\"@id\":\"https:\/\/rioonwatch.org.br\/#organization\"},\"potentialAction\":[{\"@type\":\"SearchAction\",\"target\":{\"@type\":\"EntryPoint\",\"urlTemplate\":\"https:\/\/rioonwatch.org.br\/?s={search_term_string}\"},\"query-input\":{\"@type\":\"PropertyValueSpecification\",\"valueRequired\":true,\"valueName\":\"search_term_string\"}}],\"inLanguage\":\"pt-BR\"},{\"@type\":\"Organization\",\"@id\":\"https:\/\/rioonwatch.org.br\/#organization\",\"name\":\"RioOnWatch\",\"url\":\"https:\/\/rioonwatch.org.br\/\",\"logo\":{\"@type\":\"ImageObject\",\"inLanguage\":\"pt-BR\",\"@id\":\"https:\/\/rioonwatch.org.br\/#\/schema\/logo\/image\/\",\"url\":\"https:\/\/rioonwatch.org.br\/wp-content\/uploads\/2021\/06\/RioOnWatchcabecalhoPT11anos-2.png\",\"contentUrl\":\"https:\/\/rioonwatch.org.br\/wp-content\/uploads\/2021\/06\/RioOnWatchcabecalhoPT11anos-2.png\",\"width\":779,\"height\":277,\"caption\":\"RioOnWatch\"},\"image\":{\"@id\":\"https:\/\/rioonwatch.org.br\/#\/schema\/logo\/image\/\"}},{\"@type\":\"Person\",\"@id\":\"https:\/\/rioonwatch.org.br\/#\/schema\/person\/11d64c290506f9df50c71b850c473f68\",\"name\":\"Admin\",\"image\":{\"@type\":\"ImageObject\",\"inLanguage\":\"pt-BR\",\"@id\":\"https:\/\/rioonwatch.org.br\/#\/schema\/person\/image\/\",\"url\":\"https:\/\/secure.gravatar.com\/avatar\/56211ac74568383903349a1485e3c325?s=96&d=blank&r=g\",\"contentUrl\":\"https:\/\/secure.gravatar.com\/avatar\/56211ac74568383903349a1485e3c325?s=96&d=blank&r=g\",\"caption\":\"Admin\"},\"url\":\"https:\/\/rioonwatch.org.br\/?author=129\"}]}<\/script>\n<!-- \/ Yoast SEO plugin. -->","yoast_head_json":{"title":"Complexo do Chapad\u00e3o Inspira com Sua 1\u00aa Festa Liter\u00e1ria na Biblioteca Comunit\u00e1ria Paulo Freire - RioOnWatch","robots":{"index":"index","follow":"follow","max-snippet":"max-snippet:-1","max-image-preview":"max-image-preview:large","max-video-preview":"max-video-preview:-1"},"canonical":"https:\/\/rioonwatch.org.br\/?p=20181","og_locale":"pt_BR","og_type":"article","og_title":"Complexo do Chapad\u00e3o Inspira com Sua 1\u00aa Festa Liter\u00e1ria na Biblioteca Comunit\u00e1ria Paulo Freire - RioOnWatch","og_description":"Click Here for English Era in\u00edcio da d\u00e9cada de 90 e o pa\u00eds passava por incertezas. A infla\u00e7\u00e3o tirava o sono de todos, o presidente acabara de renunciar ap\u00f3s um processo de impeachment e o [...]","og_url":"https:\/\/rioonwatch.org.br\/?p=20181","og_site_name":"RioOnWatch","article_published_time":"2016-06-09T16:19:23+00:00","article_modified_time":"2016-06-21T16:58:56+00:00","og_image":[{"width":960,"height":610,"url":"https:\/\/rioonwatch.org.br\/wp-content\/uploads\/2016\/06\/flicc4.jpg","type":"image\/jpeg"}],"author":"Admin","twitter_card":"summary_large_image","twitter_misc":{"Escrito por":"Admin","Est. tempo de leitura":"11 minutos"},"schema":{"@context":"https:\/\/schema.org","@graph":[{"@type":"Article","@id":"https:\/\/rioonwatch.org.br\/?p=20181#article","isPartOf":{"@id":"https:\/\/rioonwatch.org.br\/?p=20181"},"author":{"name":"Admin","@id":"https:\/\/rioonwatch.org.br\/#\/schema\/person\/11d64c290506f9df50c71b850c473f68"},"headline":"Complexo do Chapad\u00e3o Inspira com Sua 1\u00aa Festa Liter\u00e1ria na Biblioteca Comunit\u00e1ria Paulo Freire","datePublished":"2016-06-09T16:19:23+00:00","dateModified":"2016-06-21T16:58:56+00:00","mainEntityOfPage":{"@id":"https:\/\/rioonwatch.org.br\/?p=20181"},"wordCount":2258,"publisher":{"@id":"https:\/\/rioonwatch.org.br\/#organization"},"image":{"@id":"https:\/\/rioonwatch.org.br\/?p=20181#primaryimage"},"thumbnailUrl":"https:\/\/rioonwatch.org.br\/wp-content\/uploads\/2016\/06\/flicc4.jpg","keywords":["#StopFavelaStigma","Chapad\u00e3o","Complexo da Pedreira","Costa Barros","cultura","educa\u00e7\u00e3o","Neglig\u00eancia do Estado","organiza\u00e7\u00e3o comunit\u00e1ria","Pavuna","seguran\u00e7a p\u00fablica","solu\u00e7\u00e3o","solu\u00e7\u00e3o comunit\u00e1ria","tr\u00e1fico de drogas","viol\u00eancia","Zona Norte"],"articleSection":["*Destaque","Cultura da Favela","Escrito por Comunicadores Populares","Formas de Apoiar","Qualidades da Favela","Sociedade Civil","Solu\u00e7\u00f5es"],"inLanguage":"pt-BR"},{"@type":"WebPage","@id":"https:\/\/rioonwatch.org.br\/?p=20181","url":"https:\/\/rioonwatch.org.br\/?p=20181","name":"Complexo do Chapad\u00e3o Inspira com Sua 1\u00aa Festa Liter\u00e1ria na Biblioteca Comunit\u00e1ria Paulo Freire - RioOnWatch","isPartOf":{"@id":"https:\/\/rioonwatch.org.br\/#website"},"primaryImageOfPage":{"@id":"https:\/\/rioonwatch.org.br\/?p=20181#primaryimage"},"image":{"@id":"https:\/\/rioonwatch.org.br\/?p=20181#primaryimage"},"thumbnailUrl":"https:\/\/rioonwatch.org.br\/wp-content\/uploads\/2016\/06\/flicc4.jpg","datePublished":"2016-06-09T16:19:23+00:00","dateModified":"2016-06-21T16:58:56+00:00","breadcrumb":{"@id":"https:\/\/rioonwatch.org.br\/?p=20181#breadcrumb"},"inLanguage":"pt-BR","potentialAction":[{"@type":"ReadAction","target":["https:\/\/rioonwatch.org.br\/?p=20181"]}]},{"@type":"ImageObject","inLanguage":"pt-BR","@id":"https:\/\/rioonwatch.org.br\/?p=20181#primaryimage","url":"https:\/\/rioonwatch.org.br\/wp-content\/uploads\/2016\/06\/flicc4.jpg","contentUrl":"https:\/\/rioonwatch.org.br\/wp-content\/uploads\/2016\/06\/flicc4.jpg","width":960,"height":610},{"@type":"BreadcrumbList","@id":"https:\/\/rioonwatch.org.br\/?p=20181#breadcrumb","itemListElement":[{"@type":"ListItem","position":1,"name":"In\u00edcio","item":"https:\/\/rioonwatch.org.br\/"},{"@type":"ListItem","position":2,"name":"Complexo do Chapad\u00e3o Inspira com Sua 1\u00aa Festa Liter\u00e1ria na Biblioteca Comunit\u00e1ria Paulo Freire"}]},{"@type":"WebSite","@id":"https:\/\/rioonwatch.org.br\/#website","url":"https:\/\/rioonwatch.org.br\/","name":"RioOnWatch","description":"relatos das favelas cariocas","publisher":{"@id":"https:\/\/rioonwatch.org.br\/#organization"},"potentialAction":[{"@type":"SearchAction","target":{"@type":"EntryPoint","urlTemplate":"https:\/\/rioonwatch.org.br\/?s={search_term_string}"},"query-input":{"@type":"PropertyValueSpecification","valueRequired":true,"valueName":"search_term_string"}}],"inLanguage":"pt-BR"},{"@type":"Organization","@id":"https:\/\/rioonwatch.org.br\/#organization","name":"RioOnWatch","url":"https:\/\/rioonwatch.org.br\/","logo":{"@type":"ImageObject","inLanguage":"pt-BR","@id":"https:\/\/rioonwatch.org.br\/#\/schema\/logo\/image\/","url":"https:\/\/rioonwatch.org.br\/wp-content\/uploads\/2021\/06\/RioOnWatchcabecalhoPT11anos-2.png","contentUrl":"https:\/\/rioonwatch.org.br\/wp-content\/uploads\/2021\/06\/RioOnWatchcabecalhoPT11anos-2.png","width":779,"height":277,"caption":"RioOnWatch"},"image":{"@id":"https:\/\/rioonwatch.org.br\/#\/schema\/logo\/image\/"}},{"@type":"Person","@id":"https:\/\/rioonwatch.org.br\/#\/schema\/person\/11d64c290506f9df50c71b850c473f68","name":"Admin","image":{"@type":"ImageObject","inLanguage":"pt-BR","@id":"https:\/\/rioonwatch.org.br\/#\/schema\/person\/image\/","url":"https:\/\/secure.gravatar.com\/avatar\/56211ac74568383903349a1485e3c325?s=96&d=blank&r=g","contentUrl":"https:\/\/secure.gravatar.com\/avatar\/56211ac74568383903349a1485e3c325?s=96&d=blank&r=g","caption":"Admin"},"url":"https:\/\/rioonwatch.org.br\/?author=129"}]}},"_links":{"self":[{"href":"https:\/\/rioonwatch.org.br\/index.php?rest_route=\/wp\/v2\/posts\/20181"}],"collection":[{"href":"https:\/\/rioonwatch.org.br\/index.php?rest_route=\/wp\/v2\/posts"}],"about":[{"href":"https:\/\/rioonwatch.org.br\/index.php?rest_route=\/wp\/v2\/types\/post"}],"author":[{"embeddable":true,"href":"https:\/\/rioonwatch.org.br\/index.php?rest_route=\/wp\/v2\/users\/129"}],"replies":[{"embeddable":true,"href":"https:\/\/rioonwatch.org.br\/index.php?rest_route=%2Fwp%2Fv2%2Fcomments&post=20181"}],"version-history":[{"count":14,"href":"https:\/\/rioonwatch.org.br\/index.php?rest_route=\/wp\/v2\/posts\/20181\/revisions"}],"predecessor-version":[{"id":20402,"href":"https:\/\/rioonwatch.org.br\/index.php?rest_route=\/wp\/v2\/posts\/20181\/revisions\/20402"}],"wp:featuredmedia":[{"embeddable":true,"href":"https:\/\/rioonwatch.org.br\/index.php?rest_route=\/wp\/v2\/media\/20210"}],"wp:attachment":[{"href":"https:\/\/rioonwatch.org.br\/index.php?rest_route=%2Fwp%2Fv2%2Fmedia&parent=20181"}],"wp:term":[{"taxonomy":"category","embeddable":true,"href":"https:\/\/rioonwatch.org.br\/index.php?rest_route=%2Fwp%2Fv2%2Fcategories&post=20181"},{"taxonomy":"post_tag","embeddable":true,"href":"https:\/\/rioonwatch.org.br\/index.php?rest_route=%2Fwp%2Fv2%2Ftags&post=20181"},{"taxonomy":"writer","embeddable":true,"href":"https:\/\/rioonwatch.org.br\/index.php?rest_route=%2Fwp%2Fv2%2Fwriter&post=20181"},{"taxonomy":"translator","embeddable":true,"href":"https:\/\/rioonwatch.org.br\/index.php?rest_route=%2Fwp%2Fv2%2Ftranslator&post=20181"},{"taxonomy":"source","embeddable":true,"href":"https:\/\/rioonwatch.org.br\/index.php?rest_route=%2Fwp%2Fv2%2Fsource&post=20181"},{"taxonomy":"ilustrador","embeddable":true,"href":"https:\/\/rioonwatch.org.br\/index.php?rest_route=%2Fwp%2Fv2%2Filustrador&post=20181"},{"taxonomy":"fotografo","embeddable":true,"href":"https:\/\/rioonwatch.org.br\/index.php?rest_route=%2Fwp%2Fv2%2Ffotografo&post=20181"}],"curies":[{"name":"wp","href":"https:\/\/api.w.org\/{rel}","templated":true}]}}