{"id":20302,"date":"2016-06-16T10:22:55","date_gmt":"2016-06-16T13:22:55","guid":{"rendered":"http:\/\/rioonwatch.org.br\/?p=20302"},"modified":"2024-06-20T16:27:10","modified_gmt":"2024-06-20T19:27:10","slug":"no-alemao-apos-5-anos-moradores-removidos-da-favela-da-skol-continuam-na-espera-por-moradia-e-podem-ficar-sem-aluguel-social","status":"publish","type":"post","link":"https:\/\/rioonwatch.org.br\/?p=20302","title":{"rendered":"Moradores Removidos da Favela da Skol Continuam Esperando Moradia e Podem Perder Aluguel Social"},"content":{"rendered":"<p style=\"text-align: right;\"><em><strong><a href=\"http:\/\/bit.ly\/1UR0dhT\" target=\"_blank\" rel=\"noopener\">Click Here for English<img decoding=\"async\" width=\"20\" height=\"20\" class=\"alignright wp-image-15790\" src=\"http:\/\/rioonwatch.org.br\/wp-content\/uploads\/2012\/08\/EN-standard-e1439583104716.jpg\" alt=\"\" \/><\/a><\/strong><\/em><\/p>\n<p><span style=\"font-weight: 400;\">Quase um ano depois de manifestar sua preocupa\u00e7\u00e3o \u00e0 <a href=\"http:\/\/bit.ly\/1G5nutD\" target=\"_blank\" rel=\"noopener\">Defensoria P\u00fablica e ao governo estadual<\/a>\u00a0do Rio de Janeiro quanto ao cen\u00e1rio prec\u00e1rio que se seguiu ao processo de\u00a0<a href=\"http:\/\/bit.ly\/X51Qvb\" target=\"_blank\" rel=\"noopener\">remo\u00e7\u00e3o<\/a>, a comunidade da <a href=\"http:\/\/bit.ly\/1Hr116e\" target=\"_blank\" rel=\"noopener\">Favela da Skol<\/a>, localizada no <a href=\"http:\/\/bit.ly\/U0MiGm\" target=\"_blank\" rel=\"noopener\">Complexo do Alem\u00e3o<\/a>,\u00a0<a href=\"http:\/\/bit.ly\/WximDf\" target=\"_blank\" rel=\"noopener\">Zona Norte<\/a> do Rio, reuniu-se novamente para\u00a0chamar aten\u00e7\u00e3o para a situa\u00e7\u00e3o ap\u00f3s crises or\u00e7amentais do governo do estado que reduziu os repasses do <a href=\"http:\/\/bit.ly\/UBbISE\" target=\"_blank\" rel=\"noopener\">aluguel social<\/a> aos moradores removidos que o recebiam.<\/span><\/p>\n<p><span style=\"font-weight: 400;\">A comunidade foi nomeada em refer\u00eancia \u00e0 f\u00e1brica da Skol, habitada pelos moradores, que ficava no local. A \u00e1rea onde se encontra a favela foi alvo de remo\u00e7\u00e3o ap\u00f3s ser\u00a0<a href=\"http:\/\/bit.ly\/171nQjb\" target=\"_blank\" rel=\"noopener\">designada como \u201c\u00e1rea de risco\u201d<\/a>, sendo completamente desocupada ap\u00f3s a sa\u00edda dos \u00faltimos moradores do local em setembro de 2010. Originalmente, o governo prometeu que os desabrigados seriam levados para apartamentos do programa <a href=\"http:\/\/bit.ly\/Y4U9oJ\" target=\"_blank\" rel=\"noopener\">Minha Casa Minha Vida<\/a>; contudo, em junho de 2015, um ano ap\u00f3s a <a href=\"http:\/\/bit.ly\/1HJhdWx\" target=\"_blank\" rel=\"noopener\">comunidade ter se reunido para expor a situa\u00e7\u00e3o e cobrar as autoridades<\/a>, essa promessa ainda n\u00e3o tinha sido cumprida e as moradias ainda n\u00e3o haviam sido disponibilizadas. <\/span><\/p>\n<p><span style=\"font-weight: 400;\">Nessa \u00e9poca, os moradores recebiam aluguel social com validade de um ano, prazo final do reassentamento. Contudo, segundo eles, a situa\u00e7\u00e3o atual tem se tornado urgente em virtude da dr\u00e1stica redu\u00e7\u00e3o nos fundos p\u00fablicos, a qual reflete uma tend\u00eancia crescente do governo do estado afetado por uma crise financeira.<\/span><\/p>\n<p><a href=\"http:\/\/rioonwatch.org.br\/wp-content\/uploads\/2016\/06\/13410612_806496896118646_260833418_o.jpg\"><img fetchpriority=\"high\" decoding=\"async\" class=\"aligncenter wp-image-20312 size-medium\" title=\"&quot;Queremos Casa&quot; - Moradores removidos em passeata at\u00e9 o Pal\u00e1cio da Guanabara\" src=\"http:\/\/rioonwatch.org.br\/wp-content\/uploads\/2016\/06\/13410612_806496896118646_260833418_o-620x349.jpg\" alt=\"13410612_806496896118646_260833418_o\" width=\"620\" height=\"349\" srcset=\"https:\/\/rioonwatch.org.br\/wp-content\/uploads\/2016\/06\/13410612_806496896118646_260833418_o-620x349.jpg 620w, https:\/\/rioonwatch.org.br\/wp-content\/uploads\/2016\/06\/13410612_806496896118646_260833418_o-469x264.jpg 469w, https:\/\/rioonwatch.org.br\/wp-content\/uploads\/2016\/06\/13410612_806496896118646_260833418_o-768x432.jpg 768w, https:\/\/rioonwatch.org.br\/wp-content\/uploads\/2016\/06\/13410612_806496896118646_260833418_o-1024x576.jpg 1024w, https:\/\/rioonwatch.org.br\/wp-content\/uploads\/2016\/06\/13410612_806496896118646_260833418_o-580x326.jpg 580w, https:\/\/rioonwatch.org.br\/wp-content\/uploads\/2016\/06\/13410612_806496896118646_260833418_o-174x98.jpg 174w, https:\/\/rioonwatch.org.br\/wp-content\/uploads\/2016\/06\/13410612_806496896118646_260833418_o.jpg 1334w\" sizes=\"(max-width: 620px) 100vw, 620px\" \/><\/a><\/p>\n<p><span style=\"font-weight: 400;\">\u201cA situa\u00e7\u00e3o no momento \u00e9 desesperadora. Estamos sem o aluguel social e as chances de ficarmos sem moradia s\u00f3 aumentam&#8221;, declara Camila Santos, membro ativo na luta por moradia e integrante do <a href=\"http:\/\/bit.ly\/1XeR06j\" target=\"_blank\" rel=\"noopener\">Coletivo Papo Reto<\/a>\u00a0do Complexo do Alem\u00e3o.<\/span><\/p>\n<p>&#8220;Nosso maior desafio \u00e9 que estamos nas m\u00e3os do estado. E o mesmo est\u00e1 falido. Eles nos informam que o aluguel social n\u00e3o acabou, mas n\u00e3o h\u00e1 verba para fazer os pagamentos ou dar in\u00edcio as obras. O aluguel n\u00e3o foi suspenso ainda. S\u00f3 n\u00e3o tem verba.&#8221;<\/p>\n<p><span style=\"font-weight: 400;\">At\u00e9 o momento j\u00e1 s\u00e3o 523 fam\u00edlias afetadas por essa situa\u00e7\u00e3o. Elas trabalham duro organizando-se para conscientizar o p\u00fablico\u00a0e garantir que o governo cumpra suas promessas. Na sexta-feira, 3 de junho, moradores manifestaram-se em frente ao Pal\u00e1cio Guanabara e encontraram-se com o Secret\u00e1rio do Desenvolvimento Murilo Leal. A resposta do secret\u00e1rio n\u00e3o satisfez os manifestantes ao dizer vagamente que buscaria maneiras de ajud\u00e1-los. At\u00e9 agora a comunidade espera uma resposta.<\/span><\/p>\n<p><span style=\"font-weight: 400;\">Os moradores enfatizam que n\u00e3o escolheram viver em uma \u00e1rea de risco, mas nasceram nela. Eles se mostraram envergonhados e zangados com a quebra da promessa do\u00a0Governador.<\/span><\/p>\n<p>&#8220;\u00c9 uma vergonha a cidade ol\u00edmpica ter investido tanto dinheiro em <a href=\"http:\/\/bit.ly\/1T0EshR\" target=\"_blank\" rel=\"noopener\">obras para &#8216;gringo&#8217;<\/a>\u00a0ver e n\u00e3o cumprir o compromisso com 12 mil fam\u00edlias que dependem do aluguel social&#8221;,\u00a0observou Santos.<\/p>\n<p><span style=\"font-weight: 400;\">No domingo, dia 12 de junho, por meio das plataformas de m\u00eddia da comunidade, moradores convocaram aqueles que foram afetados a se reunirem e criarem um v\u00eddeo document\u00e1rio para expressar sua luta. Cerca de 80 pessoas compareceram ao evento para discutir poss\u00edveis a\u00e7\u00f5es a serem tomadas pelos moradores removidos. Nos v\u00eddeos postados na <a href=\"http:\/\/bit.ly\/1tlZuis\" target=\"_blank\" rel=\"noopener\">p\u00e1gina do Facebook do Coletivo Papo Reto<\/a> \u00e9 poss\u00edvel ver viaturas policiais passando pelos organizadores, fato que, segundo os moradores que aparecem no v\u00eddeo, ocorreu pelo menos duas vezes e acredita-se ter sido uma tentativa de intimida\u00e7\u00e3o.<\/span><\/p>\n<p><span style=\"font-weight: 400;\">Os moradores, que h\u00e1 cinco anos esperam pelos apartamentos prometidos pelo <a href=\"http:\/\/bit.ly\/1R3CDy8\" target=\"_blank\" rel=\"noopener\">Governador Luiz Pez\u00e3o<\/a>, agora se perguntam o que acontecer\u00e1 com eles sem o aluguel social, que, para come\u00e7o de conversa, nunca deveria ser considerado como uma solu\u00e7\u00e3o de longo prazo. <\/span><\/p>\n<!-- AddThis Advanced Settings generic via filter on the_content --><!-- AddThis Share Buttons generic via filter on the_content -->","protected":false},"excerpt":{"rendered":"<div class=\"mh-excerpt\"><p>Click Here for English Quase um ano depois de manifestar sua preocupa\u00e7\u00e3o \u00e0 Defensoria P\u00fablica e ao governo estadual\u00a0do Rio de Janeiro quanto ao cen\u00e1rio prec\u00e1rio que se seguiu ao processo de\u00a0remo\u00e7\u00e3o, a comunidade da <a class=\"mh-excerpt-more\" href=\"https:\/\/rioonwatch.org.br\/?p=20302\" title=\"Moradores Removidos da Favela da Skol Continuam Esperando Moradia e Podem Perder Aluguel Social\">[&#8230;]<\/a><!-- AddThis Advanced Settings generic via filter on get_the_excerpt --><!-- AddThis Share Buttons generic via filter on get_the_excerpt --><\/p>\n<\/div>","protected":false},"author":129,"featured_media":20310,"comment_status":"closed","ping_status":"closed","sticky":false,"template":"","format":"standard","meta":{"_acf_changed":false,"_monsterinsights_skip_tracking":false,"_monsterinsights_sitenote_active":false,"_monsterinsights_sitenote_note":"","_monsterinsights_sitenote_category":0,"footnotes":""},"categories":[1614,346,1626,1613,1612],"tags":[17,217,424,1527,1512,994,1024,1240,246,1151,1037,78,358,304,763,218],"writer":[1667],"translator":[1876],"source":[],"ilustrador":[],"fotografo":[],"class_list":{"0":"post-20302","1":"post","2":"type-post","3":"status-publish","4":"format-standard","5":"has-post-thumbnail","7":"category-olhonasremocoes","8":"category-denuncias","9":"category-por-observadores-internacionais","10":"category-midia-comunitaria","11":"category-sociedade-civil","12":"tag-aluguel-social","13":"tag-complexo-do-alemao","14":"tag-direito-a-moradia","15":"tag-favela-da-skol","16":"tag-governador-pezao","17":"tag-habitacao-publica","18":"tag-intimidacao-policial","19":"tag-megaeventos","20":"tag-minha-casa-minha-vida","21":"tag-organizacao","22":"tag-moradia","23":"tag-olimpiadas","24":"tag-organizacao-comunitaria","25":"tag-participacao","26":"tag-protesto","27":"tag-zona-norte","28":"writer-david-robertson","29":"translator-wendel-castanho"},"acf":[],"yoast_head":"<!-- This site is optimized with the Yoast SEO plugin v25.6 - https:\/\/yoast.com\/wordpress\/plugins\/seo\/ -->\n<title>Moradores Removidos da Favela da Skol Continuam Esperando Moradia e Podem Perder Aluguel Social - RioOnWatch<\/title>\n<meta name=\"robots\" content=\"index, follow, max-snippet:-1, max-image-preview:large, max-video-preview:-1\" \/>\n<link rel=\"canonical\" href=\"https:\/\/rioonwatch.org.br\/?p=20302\" \/>\n<meta property=\"og:locale\" content=\"pt_BR\" \/>\n<meta property=\"og:type\" content=\"article\" \/>\n<meta property=\"og:title\" content=\"Moradores Removidos da Favela da Skol Continuam Esperando Moradia e Podem Perder Aluguel Social - RioOnWatch\" \/>\n<meta property=\"og:description\" content=\"Click Here for English Quase um ano depois de manifestar sua preocupa\u00e7\u00e3o \u00e0 Defensoria P\u00fablica e ao governo estadual\u00a0do Rio de Janeiro quanto ao cen\u00e1rio prec\u00e1rio que se seguiu ao processo de\u00a0remo\u00e7\u00e3o, a comunidade da [...]\" \/>\n<meta property=\"og:url\" content=\"https:\/\/rioonwatch.org.br\/?p=20302\" \/>\n<meta property=\"og:site_name\" content=\"RioOnWatch\" \/>\n<meta property=\"article:published_time\" content=\"2016-06-16T13:22:55+00:00\" \/>\n<meta property=\"article:modified_time\" content=\"2024-06-20T19:27:10+00:00\" \/>\n<meta property=\"og:image\" content=\"https:\/\/rioonwatch.org.br\/wp-content\/uploads\/2016\/06\/13389002_806496819451987_1955234823_o.jpg\" \/>\n\t<meta property=\"og:image:width\" content=\"1080\" \/>\n\t<meta property=\"og:image:height\" content=\"608\" \/>\n\t<meta property=\"og:image:type\" content=\"image\/jpeg\" \/>\n<meta name=\"author\" content=\"Admin\" \/>\n<meta name=\"twitter:card\" content=\"summary_large_image\" \/>\n<meta name=\"twitter:label1\" content=\"Escrito por\" \/>\n\t<meta name=\"twitter:data1\" content=\"Admin\" \/>\n\t<meta name=\"twitter:label2\" content=\"Est. tempo de leitura\" \/>\n\t<meta name=\"twitter:data2\" content=\"3 minutos\" \/>\n<script type=\"application\/ld+json\" class=\"yoast-schema-graph\">{\"@context\":\"https:\/\/schema.org\",\"@graph\":[{\"@type\":\"Article\",\"@id\":\"https:\/\/rioonwatch.org.br\/?p=20302#article\",\"isPartOf\":{\"@id\":\"https:\/\/rioonwatch.org.br\/?p=20302\"},\"author\":{\"name\":\"Admin\",\"@id\":\"https:\/\/rioonwatch.org.br\/#\/schema\/person\/11d64c290506f9df50c71b850c473f68\"},\"headline\":\"Moradores Removidos da Favela da Skol Continuam Esperando Moradia e Podem Perder Aluguel Social\",\"datePublished\":\"2016-06-16T13:22:55+00:00\",\"dateModified\":\"2024-06-20T19:27:10+00:00\",\"mainEntityOfPage\":{\"@id\":\"https:\/\/rioonwatch.org.br\/?p=20302\"},\"wordCount\":636,\"publisher\":{\"@id\":\"https:\/\/rioonwatch.org.br\/#organization\"},\"image\":{\"@id\":\"https:\/\/rioonwatch.org.br\/?p=20302#primaryimage\"},\"thumbnailUrl\":\"https:\/\/rioonwatch.org.br\/wp-content\/uploads\/2016\/06\/13389002_806496819451987_1955234823_o.jpg\",\"keywords\":[\"Aluguel social\",\"Complexo do Alem\u00e3o\",\"Direito \u00e0 Moradia\",\"Favela da Skol\",\"Governador Pez\u00e3o\",\"habita\u00e7\u00e3o p\u00fablica\",\"intimida\u00e7\u00e3o policial\",\"Megaeventos\",\"Minha Casa Minha Vida\",\"mobiliza\u00e7\u00e3o\",\"moradia\",\"Olimp\u00edadas\",\"organiza\u00e7\u00e3o comunit\u00e1ria\",\"participa\u00e7\u00e3o\",\"protesto\",\"Zona Norte\"],\"articleSection\":[\"#OlhoNasRemo\u00e7\u00f5es\",\"Den\u00fancias\",\"Escrito por Aliados\",\"M\u00eddia Comunit\u00e1ria\",\"Sociedade Civil\"],\"inLanguage\":\"pt-BR\"},{\"@type\":\"WebPage\",\"@id\":\"https:\/\/rioonwatch.org.br\/?p=20302\",\"url\":\"https:\/\/rioonwatch.org.br\/?p=20302\",\"name\":\"Moradores Removidos da Favela da Skol Continuam Esperando Moradia e Podem Perder Aluguel Social - RioOnWatch\",\"isPartOf\":{\"@id\":\"https:\/\/rioonwatch.org.br\/#website\"},\"primaryImageOfPage\":{\"@id\":\"https:\/\/rioonwatch.org.br\/?p=20302#primaryimage\"},\"image\":{\"@id\":\"https:\/\/rioonwatch.org.br\/?p=20302#primaryimage\"},\"thumbnailUrl\":\"https:\/\/rioonwatch.org.br\/wp-content\/uploads\/2016\/06\/13389002_806496819451987_1955234823_o.jpg\",\"datePublished\":\"2016-06-16T13:22:55+00:00\",\"dateModified\":\"2024-06-20T19:27:10+00:00\",\"breadcrumb\":{\"@id\":\"https:\/\/rioonwatch.org.br\/?p=20302#breadcrumb\"},\"inLanguage\":\"pt-BR\",\"potentialAction\":[{\"@type\":\"ReadAction\",\"target\":[\"https:\/\/rioonwatch.org.br\/?p=20302\"]}]},{\"@type\":\"ImageObject\",\"inLanguage\":\"pt-BR\",\"@id\":\"https:\/\/rioonwatch.org.br\/?p=20302#primaryimage\",\"url\":\"https:\/\/rioonwatch.org.br\/wp-content\/uploads\/2016\/06\/13389002_806496819451987_1955234823_o.jpg\",\"contentUrl\":\"https:\/\/rioonwatch.org.br\/wp-content\/uploads\/2016\/06\/13389002_806496819451987_1955234823_o.jpg\",\"width\":1080,\"height\":608},{\"@type\":\"BreadcrumbList\",\"@id\":\"https:\/\/rioonwatch.org.br\/?p=20302#breadcrumb\",\"itemListElement\":[{\"@type\":\"ListItem\",\"position\":1,\"name\":\"In\u00edcio\",\"item\":\"https:\/\/rioonwatch.org.br\/\"},{\"@type\":\"ListItem\",\"position\":2,\"name\":\"Moradores Removidos da Favela da Skol Continuam Esperando Moradia e Podem Perder Aluguel Social\"}]},{\"@type\":\"WebSite\",\"@id\":\"https:\/\/rioonwatch.org.br\/#website\",\"url\":\"https:\/\/rioonwatch.org.br\/\",\"name\":\"RioOnWatch\",\"description\":\"relatos das favelas cariocas\",\"publisher\":{\"@id\":\"https:\/\/rioonwatch.org.br\/#organization\"},\"potentialAction\":[{\"@type\":\"SearchAction\",\"target\":{\"@type\":\"EntryPoint\",\"urlTemplate\":\"https:\/\/rioonwatch.org.br\/?s={search_term_string}\"},\"query-input\":{\"@type\":\"PropertyValueSpecification\",\"valueRequired\":true,\"valueName\":\"search_term_string\"}}],\"inLanguage\":\"pt-BR\"},{\"@type\":\"Organization\",\"@id\":\"https:\/\/rioonwatch.org.br\/#organization\",\"name\":\"RioOnWatch\",\"url\":\"https:\/\/rioonwatch.org.br\/\",\"logo\":{\"@type\":\"ImageObject\",\"inLanguage\":\"pt-BR\",\"@id\":\"https:\/\/rioonwatch.org.br\/#\/schema\/logo\/image\/\",\"url\":\"https:\/\/rioonwatch.org.br\/wp-content\/uploads\/2021\/06\/RioOnWatchcabecalhoPT11anos-2.png\",\"contentUrl\":\"https:\/\/rioonwatch.org.br\/wp-content\/uploads\/2021\/06\/RioOnWatchcabecalhoPT11anos-2.png\",\"width\":779,\"height\":277,\"caption\":\"RioOnWatch\"},\"image\":{\"@id\":\"https:\/\/rioonwatch.org.br\/#\/schema\/logo\/image\/\"}},{\"@type\":\"Person\",\"@id\":\"https:\/\/rioonwatch.org.br\/#\/schema\/person\/11d64c290506f9df50c71b850c473f68\",\"name\":\"Admin\",\"image\":{\"@type\":\"ImageObject\",\"inLanguage\":\"pt-BR\",\"@id\":\"https:\/\/rioonwatch.org.br\/#\/schema\/person\/image\/\",\"url\":\"https:\/\/secure.gravatar.com\/avatar\/56211ac74568383903349a1485e3c325?s=96&d=blank&r=g\",\"contentUrl\":\"https:\/\/secure.gravatar.com\/avatar\/56211ac74568383903349a1485e3c325?s=96&d=blank&r=g\",\"caption\":\"Admin\"},\"url\":\"https:\/\/rioonwatch.org.br\/?author=129\"}]}<\/script>\n<!-- \/ Yoast SEO plugin. -->","yoast_head_json":{"title":"Moradores Removidos da Favela da Skol Continuam Esperando Moradia e Podem Perder Aluguel Social - RioOnWatch","robots":{"index":"index","follow":"follow","max-snippet":"max-snippet:-1","max-image-preview":"max-image-preview:large","max-video-preview":"max-video-preview:-1"},"canonical":"https:\/\/rioonwatch.org.br\/?p=20302","og_locale":"pt_BR","og_type":"article","og_title":"Moradores Removidos da Favela da Skol Continuam Esperando Moradia e Podem Perder Aluguel Social - RioOnWatch","og_description":"Click Here for English Quase um ano depois de manifestar sua preocupa\u00e7\u00e3o \u00e0 Defensoria P\u00fablica e ao governo estadual\u00a0do Rio de Janeiro quanto ao cen\u00e1rio prec\u00e1rio que se seguiu ao processo de\u00a0remo\u00e7\u00e3o, a comunidade da [...]","og_url":"https:\/\/rioonwatch.org.br\/?p=20302","og_site_name":"RioOnWatch","article_published_time":"2016-06-16T13:22:55+00:00","article_modified_time":"2024-06-20T19:27:10+00:00","og_image":[{"width":1080,"height":608,"url":"https:\/\/rioonwatch.org.br\/wp-content\/uploads\/2016\/06\/13389002_806496819451987_1955234823_o.jpg","type":"image\/jpeg"}],"author":"Admin","twitter_card":"summary_large_image","twitter_misc":{"Escrito por":"Admin","Est. tempo de leitura":"3 minutos"},"schema":{"@context":"https:\/\/schema.org","@graph":[{"@type":"Article","@id":"https:\/\/rioonwatch.org.br\/?p=20302#article","isPartOf":{"@id":"https:\/\/rioonwatch.org.br\/?p=20302"},"author":{"name":"Admin","@id":"https:\/\/rioonwatch.org.br\/#\/schema\/person\/11d64c290506f9df50c71b850c473f68"},"headline":"Moradores Removidos da Favela da Skol Continuam Esperando Moradia e Podem Perder Aluguel Social","datePublished":"2016-06-16T13:22:55+00:00","dateModified":"2024-06-20T19:27:10+00:00","mainEntityOfPage":{"@id":"https:\/\/rioonwatch.org.br\/?p=20302"},"wordCount":636,"publisher":{"@id":"https:\/\/rioonwatch.org.br\/#organization"},"image":{"@id":"https:\/\/rioonwatch.org.br\/?p=20302#primaryimage"},"thumbnailUrl":"https:\/\/rioonwatch.org.br\/wp-content\/uploads\/2016\/06\/13389002_806496819451987_1955234823_o.jpg","keywords":["Aluguel social","Complexo do Alem\u00e3o","Direito \u00e0 Moradia","Favela da Skol","Governador Pez\u00e3o","habita\u00e7\u00e3o p\u00fablica","intimida\u00e7\u00e3o policial","Megaeventos","Minha Casa Minha Vida","mobiliza\u00e7\u00e3o","moradia","Olimp\u00edadas","organiza\u00e7\u00e3o comunit\u00e1ria","participa\u00e7\u00e3o","protesto","Zona Norte"],"articleSection":["#OlhoNasRemo\u00e7\u00f5es","Den\u00fancias","Escrito por Aliados","M\u00eddia Comunit\u00e1ria","Sociedade Civil"],"inLanguage":"pt-BR"},{"@type":"WebPage","@id":"https:\/\/rioonwatch.org.br\/?p=20302","url":"https:\/\/rioonwatch.org.br\/?p=20302","name":"Moradores Removidos da Favela da Skol Continuam Esperando Moradia e Podem Perder Aluguel Social - RioOnWatch","isPartOf":{"@id":"https:\/\/rioonwatch.org.br\/#website"},"primaryImageOfPage":{"@id":"https:\/\/rioonwatch.org.br\/?p=20302#primaryimage"},"image":{"@id":"https:\/\/rioonwatch.org.br\/?p=20302#primaryimage"},"thumbnailUrl":"https:\/\/rioonwatch.org.br\/wp-content\/uploads\/2016\/06\/13389002_806496819451987_1955234823_o.jpg","datePublished":"2016-06-16T13:22:55+00:00","dateModified":"2024-06-20T19:27:10+00:00","breadcrumb":{"@id":"https:\/\/rioonwatch.org.br\/?p=20302#breadcrumb"},"inLanguage":"pt-BR","potentialAction":[{"@type":"ReadAction","target":["https:\/\/rioonwatch.org.br\/?p=20302"]}]},{"@type":"ImageObject","inLanguage":"pt-BR","@id":"https:\/\/rioonwatch.org.br\/?p=20302#primaryimage","url":"https:\/\/rioonwatch.org.br\/wp-content\/uploads\/2016\/06\/13389002_806496819451987_1955234823_o.jpg","contentUrl":"https:\/\/rioonwatch.org.br\/wp-content\/uploads\/2016\/06\/13389002_806496819451987_1955234823_o.jpg","width":1080,"height":608},{"@type":"BreadcrumbList","@id":"https:\/\/rioonwatch.org.br\/?p=20302#breadcrumb","itemListElement":[{"@type":"ListItem","position":1,"name":"In\u00edcio","item":"https:\/\/rioonwatch.org.br\/"},{"@type":"ListItem","position":2,"name":"Moradores Removidos da Favela da Skol Continuam Esperando Moradia e Podem Perder Aluguel Social"}]},{"@type":"WebSite","@id":"https:\/\/rioonwatch.org.br\/#website","url":"https:\/\/rioonwatch.org.br\/","name":"RioOnWatch","description":"relatos das favelas cariocas","publisher":{"@id":"https:\/\/rioonwatch.org.br\/#organization"},"potentialAction":[{"@type":"SearchAction","target":{"@type":"EntryPoint","urlTemplate":"https:\/\/rioonwatch.org.br\/?s={search_term_string}"},"query-input":{"@type":"PropertyValueSpecification","valueRequired":true,"valueName":"search_term_string"}}],"inLanguage":"pt-BR"},{"@type":"Organization","@id":"https:\/\/rioonwatch.org.br\/#organization","name":"RioOnWatch","url":"https:\/\/rioonwatch.org.br\/","logo":{"@type":"ImageObject","inLanguage":"pt-BR","@id":"https:\/\/rioonwatch.org.br\/#\/schema\/logo\/image\/","url":"https:\/\/rioonwatch.org.br\/wp-content\/uploads\/2021\/06\/RioOnWatchcabecalhoPT11anos-2.png","contentUrl":"https:\/\/rioonwatch.org.br\/wp-content\/uploads\/2021\/06\/RioOnWatchcabecalhoPT11anos-2.png","width":779,"height":277,"caption":"RioOnWatch"},"image":{"@id":"https:\/\/rioonwatch.org.br\/#\/schema\/logo\/image\/"}},{"@type":"Person","@id":"https:\/\/rioonwatch.org.br\/#\/schema\/person\/11d64c290506f9df50c71b850c473f68","name":"Admin","image":{"@type":"ImageObject","inLanguage":"pt-BR","@id":"https:\/\/rioonwatch.org.br\/#\/schema\/person\/image\/","url":"https:\/\/secure.gravatar.com\/avatar\/56211ac74568383903349a1485e3c325?s=96&d=blank&r=g","contentUrl":"https:\/\/secure.gravatar.com\/avatar\/56211ac74568383903349a1485e3c325?s=96&d=blank&r=g","caption":"Admin"},"url":"https:\/\/rioonwatch.org.br\/?author=129"}]}},"_links":{"self":[{"href":"https:\/\/rioonwatch.org.br\/index.php?rest_route=\/wp\/v2\/posts\/20302"}],"collection":[{"href":"https:\/\/rioonwatch.org.br\/index.php?rest_route=\/wp\/v2\/posts"}],"about":[{"href":"https:\/\/rioonwatch.org.br\/index.php?rest_route=\/wp\/v2\/types\/post"}],"author":[{"embeddable":true,"href":"https:\/\/rioonwatch.org.br\/index.php?rest_route=\/wp\/v2\/users\/129"}],"replies":[{"embeddable":true,"href":"https:\/\/rioonwatch.org.br\/index.php?rest_route=%2Fwp%2Fv2%2Fcomments&post=20302"}],"version-history":[{"count":20,"href":"https:\/\/rioonwatch.org.br\/index.php?rest_route=\/wp\/v2\/posts\/20302\/revisions"}],"predecessor-version":[{"id":74360,"href":"https:\/\/rioonwatch.org.br\/index.php?rest_route=\/wp\/v2\/posts\/20302\/revisions\/74360"}],"wp:featuredmedia":[{"embeddable":true,"href":"https:\/\/rioonwatch.org.br\/index.php?rest_route=\/wp\/v2\/media\/20310"}],"wp:attachment":[{"href":"https:\/\/rioonwatch.org.br\/index.php?rest_route=%2Fwp%2Fv2%2Fmedia&parent=20302"}],"wp:term":[{"taxonomy":"category","embeddable":true,"href":"https:\/\/rioonwatch.org.br\/index.php?rest_route=%2Fwp%2Fv2%2Fcategories&post=20302"},{"taxonomy":"post_tag","embeddable":true,"href":"https:\/\/rioonwatch.org.br\/index.php?rest_route=%2Fwp%2Fv2%2Ftags&post=20302"},{"taxonomy":"writer","embeddable":true,"href":"https:\/\/rioonwatch.org.br\/index.php?rest_route=%2Fwp%2Fv2%2Fwriter&post=20302"},{"taxonomy":"translator","embeddable":true,"href":"https:\/\/rioonwatch.org.br\/index.php?rest_route=%2Fwp%2Fv2%2Ftranslator&post=20302"},{"taxonomy":"source","embeddable":true,"href":"https:\/\/rioonwatch.org.br\/index.php?rest_route=%2Fwp%2Fv2%2Fsource&post=20302"},{"taxonomy":"ilustrador","embeddable":true,"href":"https:\/\/rioonwatch.org.br\/index.php?rest_route=%2Fwp%2Fv2%2Filustrador&post=20302"},{"taxonomy":"fotografo","embeddable":true,"href":"https:\/\/rioonwatch.org.br\/index.php?rest_route=%2Fwp%2Fv2%2Ffotografo&post=20302"}],"curies":[{"name":"wp","href":"https:\/\/api.w.org\/{rel}","templated":true}]}}