{"id":20327,"date":"2016-06-17T05:52:40","date_gmt":"2016-06-17T08:52:40","guid":{"rendered":"http:\/\/rioonwatch.org.br\/?p=20327"},"modified":"2024-06-20T16:27:10","modified_gmt":"2024-06-20T19:27:10","slug":"a-50-dias-do-inicio-das-olimpiadas-campanha-do-comite-popular-destaca-100-violacoes-de-direitos-no-rio","status":"publish","type":"post","link":"https:\/\/rioonwatch.org.br\/?p=20327","title":{"rendered":"A 50 Dias do In\u00edcio das Olimp\u00edadas: Campanha Destaca 100 Viola\u00e7\u00f5es de Direitos no Rio"},"content":{"rendered":"<p style=\"text-align: right;\"><em><strong><a href=\"http:\/\/bit.ly\/23e0EZY\" target=\"_blank\" rel=\"noopener\">Click Here for English<img decoding=\"async\" width=\"20\" height=\"20\" class=\"alignright wp-image-15790\" src=\"http:\/\/rioonwatch.org.br\/wp-content\/uploads\/2012\/08\/EN-standard-e1439583104716.jpg\" alt=\"\" \/><\/a><\/strong><\/em><\/p>\n<p><a href=\"http:\/\/bit.ly\/1cSGbhy\" target=\"_blank\" rel=\"noopener\">O Comit\u00ea Popular Rio Copa e Olimp\u00edadas<\/a>\u00a0vem marcando os \u00faltimos 100 dias antes da abertura das\u00a0<u><a href=\"http:\/\/bit.ly\/PkLXlQ\" target=\"_blank\" rel=\"noopener\">Olimp\u00edadas Rio 2016<\/a><\/u>\u00a0com uma campanha de m\u00eddia social, <a href=\"http:\/\/bit.ly\/21q3Z6H\" target=\"_blank\" rel=\"noopener\">#CemDiasSemDireitos<\/a>, destacando as 100 viola\u00e7\u00f5es de direitos humanos relacionadas aos Jogos Ol\u00edmpicos.<\/p>\n<p>Com in\u00edcio no dia 27 de abril, o <a href=\"http:\/\/on.fb.me\/1jPQj4M\">Comit\u00ea Popular tem postado<\/a>\u00a0no Facebook e Twitter um exemplo di\u00e1rio de viola\u00e7\u00e3o dos direitos nos pr\u00e9-jogos Ol\u00edmpicos Rio 2016. As 50 viola\u00e7\u00f5es identificadas at\u00e9 o momento incluem, entre outras: a\u00a0<a href=\"http:\/\/bit.ly\/X51Qvb\" target=\"_blank\" rel=\"noopener\">remo\u00e7\u00e3o<\/a>\u00a0de toda ou partes de comunidades, quebra das <a href=\"http:\/\/bit.ly\/1rReNPT\" target=\"_blank\" rel=\"noopener\">promessas de legado<\/a>\u00a0socioambiental, e viol\u00eancia cometida pela pol\u00edcia contra <a href=\"http:\/\/bit.ly\/1nbaAlp\" target=\"_blank\" rel=\"noopener\">manifestantes<\/a>\u00a0e <a href=\"http:\/\/bit.ly\/1PDrYLE\" target=\"_blank\" rel=\"noopener\">outros civis<\/a>. Um consider\u00e1vel n\u00famero de viola\u00e7\u00f5es destaca as concess\u00f5es em benef\u00edcio dos interesses empresariais, que v\u00e3o desde a\u00a0<a href=\"http:\/\/bit.ly\/1QgtWUy\" target=\"_blank\" rel=\"noopener\">privatiza\u00e7\u00e3o<\/a> de \u00e1reas p\u00fablicas em geral, at\u00e9 a \u201c<span style=\"font-weight: 400;\">mudan\u00e7a na lei para favorecer a Cyrela na Reserva Marapend<\/span>i\u201d, onde o campo de golfe Ol\u00edmpico <a href=\"http:\/\/bit.ly\/18ZZtHE\" target=\"_blank\" rel=\"noopener\">foi constru\u00eddo em \u00e1rea de prote\u00e7\u00e3o ambiental<\/a>. Outras viola\u00e7\u00f5es destacam o aparente descaso da Prefeitura e do Comit\u00ea Ol\u00edmpico Internacional para aqueles que n\u00e3o pertencem a elite, tais como: gastos com infraestrutura ol\u00edmpica ao passo que declara\u00a0<a href=\"http:\/\/bit.ly\/22eNWbv\" target=\"_blank\" rel=\"noopener\"><u>falta de verbas para educa\u00e7\u00e3o p\u00fablica<\/u><\/a>, <a href=\"http:\/\/bit.ly\/1OCTTu5\" target=\"_blank\" rel=\"noopener\">restri\u00e7\u00e3o \u00e0s licen\u00e7as dos camel\u00f4s<\/a> e o fim dos setores populares no\u00a0<a href=\"http:\/\/bit.ly\/1lgN2VO\" target=\"_blank\" rel=\"noopener\">est\u00e1dio do Maracan\u00e3<\/a>.<\/p>\n<p><a href=\"http:\/\/rioonwatch.org.br\/wp-content\/uploads\/2016\/06\/13087419_1056496051077109_5086412291830320055_n-e1466094879116.png\"><img fetchpriority=\"high\" decoding=\"async\" class=\"alignright wp-image-20333\" title=\"100 - Fechamento do Est\u00e1dio de Atletismo C\u00e9lio de Barros\" src=\"http:\/\/rioonwatch.org.br\/wp-content\/uploads\/2016\/06\/13087419_1056496051077109_5086412291830320055_n-e1466094879116.png\" alt=\"13087419_1056496051077109_5086412291830320055_n\" width=\"300\" height=\"300\" \/><\/a><\/p>\n<p>Cada artigo postado no Facebook cont\u00e9m uma explana\u00e7\u00e3o dos assuntos destacados e do motivo pelo qual o Comit\u00ea Popular encara isso como uma \u201cviola\u00e7\u00e3o\u201d. O t\u00edtulo do\u00a0<a href=\"http:\/\/bit.ly\/1XX4IyN\">Artigo 52<\/a>, por exemplo, \u00e9 \u201c<a href=\"http:\/\/bit.ly\/1PHlaNC\" target=\"_blank\" rel=\"noopener\">Racionaliza\u00e7\u00e3o dos \u00d4nibus<\/a>&#8220;, referindo-se \u00e0 mobiliza\u00e7\u00e3o da Prefeitura para eliminar e remanejar v\u00e1rias linhas de \u00f4nibus, em um esfor\u00e7o para reduzir inefici\u00eancias e otimizar a circula\u00e7\u00e3o do transporte coletivo. O Comit\u00ea Popular argumenta que as mudan\u00e7as implementadas refletiram uma \u201c<span style=\"font-weight: 400;\">l\u00f3gica empresarial de aumento da lucratividade das companhias de \u00f4nibus e n\u00e3o as reais necessidades da popula\u00e7\u00e3o da cidade<\/span>\u201d. O resultado s\u00e3o \u201c<span style=\"font-weight: 400;\">linhas cada vez mais fragmentadas, for\u00e7ando um aumento no n\u00famero de baldea\u00e7\u00f5es que n\u00e3o s\u00e3o totalmente cobertas pelo Bilhete \u00danico<\/span>\u201d, e a &#8220;e<span style=\"font-weight: 400;\">xtin\u00e7\u00e3o de linhas que faziam liga\u00e7\u00e3o direta entre os bairros do sub\u00farbio e as praias da <a href=\"http:\/\/bit.ly\/1mNsDyk\" target=\"_blank\" rel=\"noopener\">Zona Sul<\/a> da cidade, fortalecendo os controles espaciais, financeiros e policiais das &#8216;\u00e1reas protegidas&#8217; para o <a href=\"http:\/\/bit.ly\/18lJFqY\" target=\"_blank\" rel=\"noopener\">turismo<\/a> e para as classes afluentes da cidade&#8221;.\u00a0<\/span>Em resumo, a postagem do Facebook argumenta que o resultado \u00e9 uma \u201c<span style=\"font-weight: 400;\">\u202a<\/span><span style=\"font-weight: 400;\">Cidade Ol\u00edmpica<\/span><a href=\"https:\/\/www.facebook.com\/hashtag\/cidadeol%C3%ADmpica?source=feed_text&amp;story_id=1084603974932983\"><span style=\"font-weight: 400;\">\u202c<\/span><\/a><span style=\"font-weight: 400;\"> cada vez mais <a href=\"http:\/\/bit.ly\/1hvVsxW\" target=\"_blank\" rel=\"noopener\">apartada e desigual<\/a><\/span>\u201d.<\/p>\n<p>A mais recente apresenta\u00e7\u00e3o sintetizada das viola\u00e7\u00f5es dos direitos humanos se fundamenta na s\u00e9rie de\u00a0<a href=\"http:\/\/bit.ly\/1Nup7Qs\" target=\"_blank\" rel=\"noopener\">extensos dossi\u00eas<\/a>\u00a0do Comit\u00ea Popular, publicados entre o per\u00edodo da Copa do Mundo de 2014 e as Olimp\u00edadas Rio 2016. Isso representa mais uma contribui\u00e7\u00e3o cr\u00edtica para um conjunto crescente de evid\u00eancias do \u201c<a href=\"http:\/\/bit.ly\/1uhXW3g\" target=\"_blank\" rel=\"noopener\">estado de exce\u00e7\u00e3o<\/a>\u201d, ocasionado pelos megaeventos esportivos, nos quais \u201cinconveni\u00eancias\u201d exigidas por lei, como a <a href=\"http:\/\/bit.ly\/1rOePGu\" target=\"_blank\" rel=\"noopener\">consulta popular<\/a>\u00a0e a\u00a0<a href=\"http:\/\/bit.ly\/24Ua8ZK\" target=\"_blank\" rel=\"noopener\">transpar\u00eancia<\/a>\u00a0do governo, foram deixadas de lado para a entrega de um evento de padr\u00e3o internacional dentro do prazo.<\/p>\n<h3><strong>Leia a lista \u201cCem Dias Sem Direitos\u201d, divulgada at\u00e9 o momento pelo Comit\u00ea Popular:<\/strong><\/h3>\n<p><a href=\"http:\/\/rioonwatch.org.br\/wp-content\/uploads\/2016\/06\/13403839_1083658108360903_8764326798986525134_o.jpg\"><img decoding=\"async\" class=\"aligncenter wp-image-20334 size-content\" title=\"Telef\u00e9rico Para Quem? Foto do Comit\u00ea Popular\" src=\"http:\/\/rioonwatch.org.br\/wp-content\/uploads\/2016\/06\/13403839_1083658108360903_8764326798986525134_o-620x264.jpg\" alt=\"13403839_1083658108360903_8764326798986525134_o\" width=\"620\" height=\"264\" srcset=\"https:\/\/rioonwatch.org.br\/wp-content\/uploads\/2016\/06\/13403839_1083658108360903_8764326798986525134_o-620x264.jpg 620w, https:\/\/rioonwatch.org.br\/wp-content\/uploads\/2016\/06\/13403839_1083658108360903_8764326798986525134_o-940x400.jpg 940w\" sizes=\"(max-width: 620px) 100vw, 620px\" \/><\/a><\/p>\n<p>100. Fechamento do <u><a href=\"http:\/\/bit.ly\/1UbkwHs\" target=\"_blank\" rel=\"noopener\">Est\u00e1dio de Atletismo C\u00e9lia de Barros<\/a><\/u>\u00a0[<a href=\"http:\/\/bit.ly\/1YtQnZo\" target=\"_blank\" rel=\"noopener\">Postagem<\/a>\u00a0completa]<br \/>\n99.\u00a0<a href=\"http:\/\/bit.ly\/1UzJ10H\">Remo\u00e7\u00e3o Vila Recreio II<\/a>\u00a0[<a href=\"http:\/\/bit.ly\/21ohrrQ\" target=\"_blank\" rel=\"noopener\">Postagem<\/a>\u00a0completa]<br \/>\n98. Fracasso do projeto de <a href=\"http:\/\/bit.ly\/1kSyBzh\" target=\"_blank\" rel=\"noopener\">despolui\u00e7\u00e3o da Ba\u00eda de Guanabara<\/a>\u00a0[<a href=\"http:\/\/bit.ly\/1UQnL9n\" target=\"_blank\" rel=\"noopener\">Postagem<\/a>\u00a0completa]<br \/>\n97. Falta de seguran\u00e7a e mortes no\u00a0<a href=\"http:\/\/bit.ly\/1twPNag\" target=\"_blank\" rel=\"noopener\">BRTs<\/a>\u00a0[<a href=\"http:\/\/bit.ly\/1UX0RdY\" target=\"_blank\" rel=\"noopener\">Postagem<\/a>\u00a0completa]<br \/>\n96. Lei Ol\u00edmpica\u00a0<a href=\"http:\/\/bit.ly\/1UbjYS6\" target=\"_blank\" rel=\"noopener\">criminaliza manifesta\u00e7\u00f5es<\/a>\u00a0[<a href=\"http:\/\/bit.ly\/265eC23\" target=\"_blank\" rel=\"noopener\">Postagem<\/a>\u00a0completa]<br \/>\n95.\u00a0<a href=\"http:\/\/bit.ly\/1QfYu5I\" target=\"_blank\" rel=\"noopener\">Restri\u00e7\u00e3o \u00e0 licen\u00e7a dos camel\u00f4s<\/a>\u00a0em locais tradicionais da cidade\u00a0[<a href=\"http:\/\/bit.ly\/1rrR7Rf\" target=\"_blank\" rel=\"noopener\">Postagem<\/a>\u00a0completa]<br \/>\n94.\u00a0<a href=\"http:\/\/bit.ly\/WClMpp\" target=\"_blank\" rel=\"noopener\">Viola\u00e7\u00e3o do direito \u00e0 participa\u00e7\u00e3o<\/a>\u00a0nos projetos urbanos\u00a0[<a href=\"http:\/\/bit.ly\/1WOGi9D\" target=\"_blank\" rel=\"noopener\">Postagem<\/a>\u00a0completa]<br \/>\n93.\u00a0<a href=\"http:\/\/bit.ly\/16guVJ1\" target=\"_blank\" rel=\"noopener\">Remo\u00e7\u00f5es na Provid\u00eancia<\/a>\u00a0[<a href=\"http:\/\/bit.ly\/1WOFNfY\" target=\"_blank\" rel=\"noopener\">Postagem<\/a>\u00a0completa]<br \/>\n92. Greves no Parque Ol\u00edmpico\u00a0[<a href=\"http:\/\/bit.ly\/1Uxuhn5\" target=\"_blank\" rel=\"noopener\">Postagem<\/a>\u00a0completa]<br \/>\n91.\u00a0<a href=\"http:\/\/bit.ly\/TYbrGh\" target=\"_blank\" rel=\"noopener\">Abandono do Museu do \u00cdndio<\/a>\u00a0[<a href=\"http:\/\/bit.ly\/21oitUA\" target=\"_blank\" rel=\"noopener\">Postagem<\/a>\u00a0completa]<br \/>\n90. Remo\u00e7\u00e3o da\u00a0<a href=\"http:\/\/bit.ly\/1W0ving\">Vila das Torres<\/a>\u00a0[<a href=\"http:\/\/bit.ly\/1ZTFPRB\" target=\"_blank\" rel=\"noopener\">Postagem<\/a>\u00a0completa]<br \/>\n89. Proibi\u00e7\u00e3o do Som das Artes no Largo da Prainha\u00a0[<a href=\"http:\/\/bit.ly\/24SHCYk\" target=\"_blank\" rel=\"noopener\">Postagem<\/a>\u00a0completa]<br \/>\n88. Destrui\u00e7\u00e3o do Vel\u00f3dromo\u00a0[<a href=\"http:\/\/bit.ly\/1rrTaok\" target=\"_blank\" rel=\"noopener\">Postagem<\/a>\u00a0completa]<br \/>\n87.\u00a0<a href=\"http:\/\/bit.ly\/18ZZtHE\" target=\"_blank\" rel=\"noopener\">Mudan\u00e7as na lei<\/a>\u00a0para favorecer a Cyrelana Reserv aMarapendi\u00a0\u00a0[<a href=\"http:\/\/bit.ly\/1XYkQzZ\" target=\"_blank\" rel=\"noopener\">Postagem<\/a>\u00a0completa]<br \/>\n86.\u00a0<a href=\"http:\/\/bit.ly\/SKMHnN\">Remo\u00e7\u00e3o do Largo do Campinho<\/a>\u00a0[<a href=\"http:\/\/bit.ly\/1Uxvwm0\" target=\"_blank\" rel=\"noopener\">Postagem<\/a>\u00a0completa]<br \/>\n85.\u00a0<a href=\"http:\/\/bit.ly\/1ZrpHZ8\" target=\"_blank\" rel=\"noopener\">Recolhimento de Jovens<\/a> da Periferia por querer ir \u00e0 praia\u00a0[<a href=\"http:\/\/bit.ly\/1OrNBlc\" target=\"_blank\" rel=\"noopener\">Postagem<\/a>\u00a0completa]<br \/>\n84.\u00a0<a href=\"http:\/\/bit.ly\/1lgN2VO\" target=\"_blank\" rel=\"noopener\">Fim dos setores populares<\/a>\u00a0do Maracan\u00e3\u00a0[<a href=\"http:\/\/bit.ly\/1Q7PBzy\" target=\"_blank\" rel=\"noopener\">Postagem<\/a>\u00a0completa]<br \/>\n83. Reten\u00e7\u00e3o de rem\u00e9dios para unidades de sa\u00fade\u00a0[<a href=\"http:\/\/bit.ly\/1UQouYj\" target=\"_blank\" rel=\"noopener\">Postagem<\/a>\u00a0completa]<br \/>\n82. Viola\u00e7\u00f5es da Lei de Acesso \u00e0 Informa\u00e7\u00e3o\u00a0[<a href=\"http:\/\/bit.ly\/24SI3Ss\" target=\"_blank\" rel=\"noopener\">Postagem<\/a>\u00a0completa]<br \/>\n81.<a href=\"http:\/\/bit.ly\/1YutzZw\" target=\"_blank\" rel=\"noopener\">Superfaturamento, atraso e mudan\u00e7a<\/a>\u00a0do projeto da Linha 4 do Metr\u00f4\u00a0[<a href=\"http:\/\/bit.ly\/1UaYk02\" target=\"_blank\" rel=\"noopener\">Postagem<\/a>\u00a0completa]<br \/>\n80. Remo\u00e7\u00e3o Casar\u00e3o Azul\u00a0[<a href=\"http:\/\/bit.ly\/1YtToZt\" target=\"_blank\" rel=\"noopener\">Postagem<\/a>\u00a0completa]<br \/>\n79.\u00a0<a href=\"http:\/\/bit.ly\/YItIeK\" target=\"_blank\" rel=\"noopener\">Abandono do parque aqu\u00e1tico Maria Lenk<\/a>\u00a0[<a href=\"http:\/\/bit.ly\/1UAHuHy\" target=\"_blank\" rel=\"noopener\">Postagem<\/a>\u00a0completa]<br \/>\n78. Aus\u00eancia de estudo de impacto ambiental para a <a href=\"http:\/\/bit.ly\/TPHnbi\" target=\"_blank\" rel=\"noopener\">Transcarioca<\/a>\u00a0[<a href=\"http:\/\/bit.ly\/24SHMiu\" target=\"_blank\" rel=\"noopener\">Postagem<\/a>\u00a0completa]<br \/>\n77. Remo\u00e7\u00e3o\u00a0<a href=\"http:\/\/bit.ly\/UKOXUX\" target=\"_blank\" rel=\"noopener\">Asa Branca<\/a> \/ Curicica\u00a0[<a href=\"http:\/\/bit.ly\/1YtUK6s\" target=\"_blank\" rel=\"noopener\">Postagem<\/a>\u00a0completa]<br \/>\n76.\u00a0Falta de seguran\u00e7a e <a href=\"http:\/\/bit.ly\/21oPHTS\" target=\"_blank\" rel=\"noopener\">acidentes de trabalho com mortes<\/a> nas obras ol\u00edmpicas\u00a0[<a href=\"http:\/\/bit.ly\/1UQoGa1\" target=\"_blank\" rel=\"noopener\">Postagem<\/a>\u00a0completa]<br \/>\n75.\u00a0<a href=\"http:\/\/bit.ly\/NWiZ6e\" target=\"_blank\" rel=\"noopener\">Remo\u00e7\u00e3o Rua Qu\u00e1xima<\/a>\u00a0\/ Madureira\u00a0[<a href=\"http:\/\/bit.ly\/1UX4r7P\" target=\"_blank\" rel=\"noopener\">Postagem<\/a>\u00a0completa]<br \/>\n74. Tem recursos para as Olimp\u00edadas, mas <a href=\"http:\/\/bit.ly\/22eNWbv\" target=\"_blank\" rel=\"noopener\">n\u00e3o para educa\u00e7\u00e3o<\/a>\u00a0[<a href=\"http:\/\/bit.ly\/1UxveeV\" target=\"_blank\" rel=\"noopener\">Postagem<\/a>\u00a0completa]<br \/>\n73.\u00a0<a href=\"http:\/\/bit.ly\/WClMpp\" target=\"_blank\" rel=\"noopener\">Viola\u00e7\u00e3o do direito \u00e0 participa\u00e7\u00e3o<\/a>\u00a0das comunidades impactadas pelas obras ol\u00edmpicas [<a href=\"http:\/\/bit.ly\/1W15718\" target=\"_blank\" rel=\"noopener\">Postagem<\/a>\u00a0completa]<br \/>\n72. Remo\u00e7\u00e3o\u00a0<a href=\"http:\/\/bit.ly\/153tSzO\" target=\"_blank\" rel=\"noopener\">Col\u00f4nia Juliano Moreira<\/a>\u00a0[<a href=\"http:\/\/bit.ly\/1tsNkVe\" target=\"_blank\" rel=\"noopener\">Postagem<\/a>\u00a0completa]<br \/>\n71. Desrespeito pela dignidade humana\u00a0[<a href=\"http:\/\/bit.ly\/1Os3Gay\" target=\"_blank\" rel=\"noopener\">Postagem<\/a>\u00a0completa]<br \/>\n70. Fechamento do Aut\u00f3dromo de Jacarepagu\u00e1\u00a0[<a href=\"http:\/\/bit.ly\/1Os3Gay\" target=\"_blank\" rel=\"noopener\">Postagem<\/a>\u00a0completa]<br \/>\n69. Remo\u00e7\u00e3o Notredame \/\u00a0<a href=\"http:\/\/bit.ly\/17z5mlO\" target=\"_blank\" rel=\"noopener\">Recreio<\/a>\u00a0[<a href=\"http:\/\/bit.ly\/1UAGPpN\" target=\"_blank\" rel=\"noopener\">Postagem<\/a>\u00a0completa]<br \/>\n68.\u00a0<a href=\"http:\/\/bit.ly\/18ZZtHE\" target=\"_blank\" rel=\"noopener\">Destrui\u00e7\u00e3o ambiental<\/a>\u00a0para constru\u00e7\u00e3o do campo de golfe ol\u00edmpico\u00a0[<a href=\"http:\/\/bit.ly\/23dQcSc\" target=\"_blank\" rel=\"noopener\">Postagem<\/a>\u00a0completa]<br \/>\n67. Remo\u00e7\u00e3o da Ocupa\u00e7\u00e3o Flor do Asfalto\u00a0[<a href=\"http:\/\/bit.ly\/24SIsnY\" target=\"_blank\" rel=\"noopener\">Postagem<\/a>\u00a0completa]<br \/>\n66. Privatiza\u00e7\u00e3o do Est\u00e1dio de Remo da Lagoa\u00a0[<a href=\"http:\/\/bit.ly\/1Xrn6Pa\" target=\"_blank\" rel=\"noopener\">Postagem<\/a>\u00a0completa]<br \/>\n65.\u00a0<a href=\"http:\/\/bit.ly\/1TbcpQ3\" target=\"_blank\" rel=\"noopener\"><u>Obras bilion\u00e1rias<\/u><\/a>\u00a0para e precariza\u00e7\u00e3o dos trens da Supervia\u00a0[<a href=\"http:\/\/bit.ly\/1UQoSGj\" target=\"_blank\" rel=\"noopener\">Postagem<\/a>\u00a0completa]<br \/>\n64.\u00a0<a href=\"http:\/\/bit.ly\/1ZRYtcB\">Remo\u00e7\u00e3o Favela do Samb\u00f3dromo<\/a>\u00a0[<a href=\"http:\/\/bit.ly\/25ZO1qC\" target=\"_blank\" rel=\"noopener\">Postagem<\/a>\u00a0completa]<br \/>\n63. Fechamento do\u00a0<u><a href=\"http:\/\/bit.ly\/1FV75Ko\" target=\"_blank\" rel=\"noopener\">parque aqu\u00e1tico J\u00falio Delamare<\/a><\/u>\u00a0[<a href=\"http:\/\/bit.ly\/1S6XmQg\" target=\"_blank\" rel=\"noopener\">Postagem<\/a>\u00a0completa]<br \/>\n62. 2,500 pessoas\u00a0<a href=\"http:\/\/bit.ly\/1ZfYIC1\" target=\"_blank\" rel=\"noopener\">assassinadas pela pol\u00edcia<\/a>\u00a0[<a href=\"http:\/\/bit.ly\/23dPpAU\" target=\"_blank\" rel=\"noopener\">Postagem<\/a>\u00a0completa]<br \/>\n61. Remo\u00e7\u00e3o Vila Amoedo \/\u00a0<a href=\"http:\/\/bit.ly\/17z5mlO\" target=\"_blank\" rel=\"noopener\">Recreio<\/a>\u00a0[<a href=\"http:\/\/bit.ly\/21oiNCV\" target=\"_blank\" rel=\"noopener\">Postagem<\/a>\u00a0completa]<br \/>\n60.\u00a0<a href=\"http:\/\/bit.ly\/1QfYu5I\" target=\"_blank\" rel=\"noopener\">Proibi\u00e7\u00e3o de com\u00e9rcio de rua<\/a>\u00a0durante os Jogos [<a href=\"http:\/\/bit.ly\/1Ulb9Hw\" target=\"_blank\" rel=\"noopener\">Postagem<\/a>\u00a0completa]<br \/>\n59. Abuso no\u00a0<a href=\"http:\/\/bit.ly\/1nbaAlp\" target=\"_blank\" rel=\"noopener\">uso de armas \u201cmenos letais\u201d contra manifesta\u00e7\u00f5es<\/a>\u00a0[<a href=\"http:\/\/bit.ly\/1Q7RJr2\" target=\"_blank\" rel=\"noopener\">Postagem<\/a>\u00a0completa]<br \/>\n58. Remo\u00e7\u00e3o da ocupa\u00e7\u00e3o\u00a0<a href=\"http:\/\/bit.ly\/1hmeCo1\" target=\"_blank\" rel=\"noopener\">Quilombo das Guerreiras<\/a>\u00a0[<a href=\"http:\/\/bit.ly\/1W16xbW\" target=\"_blank\" rel=\"noopener\">Postagem<\/a>\u00a0completa]<br \/>\n57. N\u00e3o realiza\u00e7\u00e3o do <a href=\"http:\/\/bit.ly\/1KQzinO\" target=\"_blank\" rel=\"noopener\">Plano de Habita\u00e7\u00e3o Popular<\/a>\u00a0no Porto Maravilha\u00a0[<a href=\"http:\/\/bit.ly\/1sHKHP5\" target=\"_blank\" rel=\"noopener\">Postagem<\/a>\u00a0completa]<br \/>\n56. Fortes ind\u00edcios de cartel nas obras ol\u00edmpicas\u00a0[<a href=\"http:\/\/bit.ly\/1UezBxt\" target=\"_blank\" rel=\"noopener\">Postagem<\/a>\u00a0completa]<br \/>\n55. Falta de seguran\u00e7a e acidentes de trabalho com mortes nas obras ol\u00edmpicas\u00a0[<a href=\"http:\/\/bit.ly\/1Osl9zu\" target=\"_blank\" rel=\"noopener\">Postagem<\/a>\u00a0completa]<br \/>\n54. Remo\u00e7\u00e3o da\u00a0<a href=\"http:\/\/bit.ly\/1bW4D6u\" target=\"_blank\" rel=\"noopener\">Vila Harmonia<\/a>\u00a0[<a href=\"http:\/\/bit.ly\/23dPF2O\" target=\"_blank\" rel=\"noopener\">Postagem<\/a>\u00a0completa]<br \/>\n53. Constru\u00e7\u00e3o de <a href=\"http:\/\/bit.ly\/1pH4P0S\">telef\u00e9rico<\/a> \u201celefante branco\u201d <a href=\"http:\/\/bit.ly\/TNLBI7\" target=\"_blank\" rel=\"noopener\">na Provid\u00eancia<\/a>\u00a0[<a href=\"http:\/\/bit.ly\/1XX4IyN\" target=\"_blank\" rel=\"noopener\">Postagem<\/a>\u00a0completa]<br \/>\n52.\u00a0<a href=\"http:\/\/bit.ly\/1PHlaNC\" target=\"_blank\" rel=\"noopener\">Racionaliza\u00e7\u00e3o dos \u00f4nibus<\/a>: l\u00f3gica empresarial e segrega\u00e7\u00e3o social\u00a0[<a href=\"http:\/\/bit.ly\/1XX4IyN\" target=\"_blank\" rel=\"noopener\">Postagem<\/a>\u00a0completa]<br \/>\n51. Descaso com a Universidade do Estado do Rio de Janeiro (UERJ)\u00a0[<a href=\"http:\/\/bit.ly\/1Uez9PK\" target=\"_blank\" rel=\"noopener\">Postagem<\/a>\u00a0completa]<br \/>\n50.\u00a0<span style=\"font-weight: 400;\">Criminaliza\u00e7\u00e3o e repress\u00e3o \u00e0 prostitui\u00e7\u00e3o\u00a0[<a href=\"http:\/\/bit.ly\/1OslUsp\" target=\"_blank\" rel=\"noopener\">Postagem<\/a>\u00a0completa]<\/span><\/p>\n<!-- AddThis Advanced Settings generic via filter on the_content --><!-- AddThis Share Buttons generic via filter on the_content -->","protected":false},"excerpt":{"rendered":"<div class=\"mh-excerpt\"><p>Click Here for English O Comit\u00ea Popular Rio Copa e Olimp\u00edadas\u00a0vem marcando os \u00faltimos 100 dias antes da abertura das\u00a0Olimp\u00edadas Rio 2016\u00a0com uma campanha de m\u00eddia social, #CemDiasSemDireitos, destacando as 100 viola\u00e7\u00f5es de direitos humanos <a class=\"mh-excerpt-more\" href=\"https:\/\/rioonwatch.org.br\/?p=20327\" title=\"A 50 Dias do In\u00edcio das Olimp\u00edadas: Campanha Destaca 100 Viola\u00e7\u00f5es de Direitos no Rio\">[&#8230;]<\/a><!-- AddThis Advanced Settings generic via filter on get_the_excerpt --><!-- AddThis Share Buttons generic via filter on get_the_excerpt --><\/p>\n<\/div>","protected":false},"author":129,"featured_media":20331,"comment_status":"closed","ping_status":"closed","sticky":false,"template":"","format":"standard","meta":{"_acf_changed":false,"_monsterinsights_skip_tracking":false,"_monsterinsights_sitenote_active":false,"_monsterinsights_sitenote_note":"","_monsterinsights_sitenote_category":0,"footnotes":""},"categories":[1635,1621,346,1631,1626],"tags":[745,88,977,722,1240,379,1021,78,359,1164,14,814,52],"writer":[1199],"translator":[1872],"source":[],"ilustrador":[],"fotografo":[],"class_list":{"0":"post-20327","1":"post","2":"type-post","3":"status-publish","4":"format-standard","5":"has-post-thumbnail","7":"category-1635","8":"category-destaque","9":"category-denuncias","10":"category-entendendo-o-rio","11":"category-por-observadores-internacionais","12":"tag-comite-popular","13":"tag-direitos-humanos","14":"tag-estado-de-excecao","15":"tag-legado","16":"tag-megaeventos","17":"tag-midia-social","18":"tag-mito-do-legado","19":"tag-olimpiadas","20":"tag-participacao-zero","21":"tag-privatizacao","22":"tag-remocao","23":"tag-segregacao","24":"tag-violencia-policial","25":"writer-cerianne-robertson","26":"translator-ligia-ribeiro"},"acf":[],"yoast_head":"<!-- This site is optimized with the Yoast SEO plugin v25.6 - https:\/\/yoast.com\/wordpress\/plugins\/seo\/ -->\n<title>A 50 Dias do In\u00edcio das Olimp\u00edadas: Campanha Destaca 100 Viola\u00e7\u00f5es de Direitos no Rio - RioOnWatch<\/title>\n<meta name=\"robots\" content=\"index, follow, max-snippet:-1, max-image-preview:large, max-video-preview:-1\" \/>\n<link rel=\"canonical\" href=\"https:\/\/rioonwatch.org.br\/?p=20327\" \/>\n<meta property=\"og:locale\" content=\"pt_BR\" \/>\n<meta property=\"og:type\" content=\"article\" \/>\n<meta property=\"og:title\" content=\"A 50 Dias do In\u00edcio das Olimp\u00edadas: Campanha Destaca 100 Viola\u00e7\u00f5es de Direitos no Rio - RioOnWatch\" \/>\n<meta property=\"og:description\" content=\"Click Here for English O Comit\u00ea Popular Rio Copa e Olimp\u00edadas\u00a0vem marcando os \u00faltimos 100 dias antes da abertura das\u00a0Olimp\u00edadas Rio 2016\u00a0com uma campanha de m\u00eddia social, #CemDiasSemDireitos, destacando as 100 viola\u00e7\u00f5es de direitos humanos [...]\" \/>\n<meta property=\"og:url\" content=\"https:\/\/rioonwatch.org.br\/?p=20327\" \/>\n<meta property=\"og:site_name\" content=\"RioOnWatch\" \/>\n<meta property=\"article:published_time\" content=\"2016-06-17T08:52:40+00:00\" \/>\n<meta property=\"article:modified_time\" content=\"2024-06-20T19:27:10+00:00\" \/>\n<meta property=\"og:image\" content=\"https:\/\/rioonwatch.org.br\/wp-content\/uploads\/2016\/06\/13332780_1076347399091974_7063234959653421015_n.jpg\" \/>\n\t<meta property=\"og:image:width\" content=\"1000\" \/>\n\t<meta property=\"og:image:height\" content=\"618\" \/>\n\t<meta property=\"og:image:type\" content=\"image\/jpeg\" \/>\n<meta name=\"author\" content=\"Admin\" \/>\n<meta name=\"twitter:card\" content=\"summary_large_image\" \/>\n<meta name=\"twitter:label1\" content=\"Escrito por\" \/>\n\t<meta name=\"twitter:data1\" content=\"Admin\" \/>\n\t<meta name=\"twitter:label2\" content=\"Est. tempo de leitura\" \/>\n\t<meta name=\"twitter:data2\" content=\"5 minutos\" \/>\n<script type=\"application\/ld+json\" class=\"yoast-schema-graph\">{\"@context\":\"https:\/\/schema.org\",\"@graph\":[{\"@type\":\"Article\",\"@id\":\"https:\/\/rioonwatch.org.br\/?p=20327#article\",\"isPartOf\":{\"@id\":\"https:\/\/rioonwatch.org.br\/?p=20327\"},\"author\":{\"name\":\"Admin\",\"@id\":\"https:\/\/rioonwatch.org.br\/#\/schema\/person\/11d64c290506f9df50c71b850c473f68\"},\"headline\":\"A 50 Dias do In\u00edcio das Olimp\u00edadas: Campanha Destaca 100 Viola\u00e7\u00f5es de Direitos no Rio\",\"datePublished\":\"2016-06-17T08:52:40+00:00\",\"dateModified\":\"2024-06-20T19:27:10+00:00\",\"mainEntityOfPage\":{\"@id\":\"https:\/\/rioonwatch.org.br\/?p=20327\"},\"wordCount\":1079,\"publisher\":{\"@id\":\"https:\/\/rioonwatch.org.br\/#organization\"},\"image\":{\"@id\":\"https:\/\/rioonwatch.org.br\/?p=20327#primaryimage\"},\"thumbnailUrl\":\"https:\/\/rioonwatch.org.br\/wp-content\/uploads\/2016\/06\/13332780_1076347399091974_7063234959653421015_n.jpg\",\"keywords\":[\"Comit\u00ea Popular\",\"Direitos Humanos\",\"estado de exce\u00e7\u00e3o\",\"Legado Ol\u00edmpico\",\"Megaeventos\",\"m\u00eddia social\",\"mito do legado\",\"Olimp\u00edadas\",\"participa\u00e7\u00e3o zero\",\"privatiza\u00e7\u00e3o\",\"Remo\u00e7\u00e3o\",\"segrega\u00e7\u00e3o\",\"viol\u00eancia policial\"],\"articleSection\":[\"#Rio2016\",\"*Destaque\",\"Den\u00fancias\",\"Entendendo o Rio\",\"Escrito por Aliados\"],\"inLanguage\":\"pt-BR\"},{\"@type\":\"WebPage\",\"@id\":\"https:\/\/rioonwatch.org.br\/?p=20327\",\"url\":\"https:\/\/rioonwatch.org.br\/?p=20327\",\"name\":\"A 50 Dias do In\u00edcio das Olimp\u00edadas: Campanha Destaca 100 Viola\u00e7\u00f5es de Direitos no Rio - RioOnWatch\",\"isPartOf\":{\"@id\":\"https:\/\/rioonwatch.org.br\/#website\"},\"primaryImageOfPage\":{\"@id\":\"https:\/\/rioonwatch.org.br\/?p=20327#primaryimage\"},\"image\":{\"@id\":\"https:\/\/rioonwatch.org.br\/?p=20327#primaryimage\"},\"thumbnailUrl\":\"https:\/\/rioonwatch.org.br\/wp-content\/uploads\/2016\/06\/13332780_1076347399091974_7063234959653421015_n.jpg\",\"datePublished\":\"2016-06-17T08:52:40+00:00\",\"dateModified\":\"2024-06-20T19:27:10+00:00\",\"breadcrumb\":{\"@id\":\"https:\/\/rioonwatch.org.br\/?p=20327#breadcrumb\"},\"inLanguage\":\"pt-BR\",\"potentialAction\":[{\"@type\":\"ReadAction\",\"target\":[\"https:\/\/rioonwatch.org.br\/?p=20327\"]}]},{\"@type\":\"ImageObject\",\"inLanguage\":\"pt-BR\",\"@id\":\"https:\/\/rioonwatch.org.br\/?p=20327#primaryimage\",\"url\":\"https:\/\/rioonwatch.org.br\/wp-content\/uploads\/2016\/06\/13332780_1076347399091974_7063234959653421015_n.jpg\",\"contentUrl\":\"https:\/\/rioonwatch.org.br\/wp-content\/uploads\/2016\/06\/13332780_1076347399091974_7063234959653421015_n.jpg\",\"width\":1000,\"height\":618},{\"@type\":\"BreadcrumbList\",\"@id\":\"https:\/\/rioonwatch.org.br\/?p=20327#breadcrumb\",\"itemListElement\":[{\"@type\":\"ListItem\",\"position\":1,\"name\":\"In\u00edcio\",\"item\":\"https:\/\/rioonwatch.org.br\/\"},{\"@type\":\"ListItem\",\"position\":2,\"name\":\"A 50 Dias do In\u00edcio das Olimp\u00edadas: Campanha Destaca 100 Viola\u00e7\u00f5es de Direitos no Rio\"}]},{\"@type\":\"WebSite\",\"@id\":\"https:\/\/rioonwatch.org.br\/#website\",\"url\":\"https:\/\/rioonwatch.org.br\/\",\"name\":\"RioOnWatch\",\"description\":\"relatos das favelas cariocas\",\"publisher\":{\"@id\":\"https:\/\/rioonwatch.org.br\/#organization\"},\"potentialAction\":[{\"@type\":\"SearchAction\",\"target\":{\"@type\":\"EntryPoint\",\"urlTemplate\":\"https:\/\/rioonwatch.org.br\/?s={search_term_string}\"},\"query-input\":{\"@type\":\"PropertyValueSpecification\",\"valueRequired\":true,\"valueName\":\"search_term_string\"}}],\"inLanguage\":\"pt-BR\"},{\"@type\":\"Organization\",\"@id\":\"https:\/\/rioonwatch.org.br\/#organization\",\"name\":\"RioOnWatch\",\"url\":\"https:\/\/rioonwatch.org.br\/\",\"logo\":{\"@type\":\"ImageObject\",\"inLanguage\":\"pt-BR\",\"@id\":\"https:\/\/rioonwatch.org.br\/#\/schema\/logo\/image\/\",\"url\":\"https:\/\/rioonwatch.org.br\/wp-content\/uploads\/2021\/06\/RioOnWatchcabecalhoPT11anos-2.png\",\"contentUrl\":\"https:\/\/rioonwatch.org.br\/wp-content\/uploads\/2021\/06\/RioOnWatchcabecalhoPT11anos-2.png\",\"width\":779,\"height\":277,\"caption\":\"RioOnWatch\"},\"image\":{\"@id\":\"https:\/\/rioonwatch.org.br\/#\/schema\/logo\/image\/\"}},{\"@type\":\"Person\",\"@id\":\"https:\/\/rioonwatch.org.br\/#\/schema\/person\/11d64c290506f9df50c71b850c473f68\",\"name\":\"Admin\",\"image\":{\"@type\":\"ImageObject\",\"inLanguage\":\"pt-BR\",\"@id\":\"https:\/\/rioonwatch.org.br\/#\/schema\/person\/image\/\",\"url\":\"https:\/\/secure.gravatar.com\/avatar\/56211ac74568383903349a1485e3c325?s=96&d=blank&r=g\",\"contentUrl\":\"https:\/\/secure.gravatar.com\/avatar\/56211ac74568383903349a1485e3c325?s=96&d=blank&r=g\",\"caption\":\"Admin\"},\"url\":\"https:\/\/rioonwatch.org.br\/?author=129\"}]}<\/script>\n<!-- \/ Yoast SEO plugin. -->","yoast_head_json":{"title":"A 50 Dias do In\u00edcio das Olimp\u00edadas: Campanha Destaca 100 Viola\u00e7\u00f5es de Direitos no Rio - RioOnWatch","robots":{"index":"index","follow":"follow","max-snippet":"max-snippet:-1","max-image-preview":"max-image-preview:large","max-video-preview":"max-video-preview:-1"},"canonical":"https:\/\/rioonwatch.org.br\/?p=20327","og_locale":"pt_BR","og_type":"article","og_title":"A 50 Dias do In\u00edcio das Olimp\u00edadas: Campanha Destaca 100 Viola\u00e7\u00f5es de Direitos no Rio - RioOnWatch","og_description":"Click Here for English O Comit\u00ea Popular Rio Copa e Olimp\u00edadas\u00a0vem marcando os \u00faltimos 100 dias antes da abertura das\u00a0Olimp\u00edadas Rio 2016\u00a0com uma campanha de m\u00eddia social, #CemDiasSemDireitos, destacando as 100 viola\u00e7\u00f5es de direitos humanos [...]","og_url":"https:\/\/rioonwatch.org.br\/?p=20327","og_site_name":"RioOnWatch","article_published_time":"2016-06-17T08:52:40+00:00","article_modified_time":"2024-06-20T19:27:10+00:00","og_image":[{"width":1000,"height":618,"url":"https:\/\/rioonwatch.org.br\/wp-content\/uploads\/2016\/06\/13332780_1076347399091974_7063234959653421015_n.jpg","type":"image\/jpeg"}],"author":"Admin","twitter_card":"summary_large_image","twitter_misc":{"Escrito por":"Admin","Est. tempo de leitura":"5 minutos"},"schema":{"@context":"https:\/\/schema.org","@graph":[{"@type":"Article","@id":"https:\/\/rioonwatch.org.br\/?p=20327#article","isPartOf":{"@id":"https:\/\/rioonwatch.org.br\/?p=20327"},"author":{"name":"Admin","@id":"https:\/\/rioonwatch.org.br\/#\/schema\/person\/11d64c290506f9df50c71b850c473f68"},"headline":"A 50 Dias do In\u00edcio das Olimp\u00edadas: Campanha Destaca 100 Viola\u00e7\u00f5es de Direitos no Rio","datePublished":"2016-06-17T08:52:40+00:00","dateModified":"2024-06-20T19:27:10+00:00","mainEntityOfPage":{"@id":"https:\/\/rioonwatch.org.br\/?p=20327"},"wordCount":1079,"publisher":{"@id":"https:\/\/rioonwatch.org.br\/#organization"},"image":{"@id":"https:\/\/rioonwatch.org.br\/?p=20327#primaryimage"},"thumbnailUrl":"https:\/\/rioonwatch.org.br\/wp-content\/uploads\/2016\/06\/13332780_1076347399091974_7063234959653421015_n.jpg","keywords":["Comit\u00ea Popular","Direitos Humanos","estado de exce\u00e7\u00e3o","Legado Ol\u00edmpico","Megaeventos","m\u00eddia social","mito do legado","Olimp\u00edadas","participa\u00e7\u00e3o zero","privatiza\u00e7\u00e3o","Remo\u00e7\u00e3o","segrega\u00e7\u00e3o","viol\u00eancia policial"],"articleSection":["#Rio2016","*Destaque","Den\u00fancias","Entendendo o Rio","Escrito por Aliados"],"inLanguage":"pt-BR"},{"@type":"WebPage","@id":"https:\/\/rioonwatch.org.br\/?p=20327","url":"https:\/\/rioonwatch.org.br\/?p=20327","name":"A 50 Dias do In\u00edcio das Olimp\u00edadas: Campanha Destaca 100 Viola\u00e7\u00f5es de Direitos no Rio - RioOnWatch","isPartOf":{"@id":"https:\/\/rioonwatch.org.br\/#website"},"primaryImageOfPage":{"@id":"https:\/\/rioonwatch.org.br\/?p=20327#primaryimage"},"image":{"@id":"https:\/\/rioonwatch.org.br\/?p=20327#primaryimage"},"thumbnailUrl":"https:\/\/rioonwatch.org.br\/wp-content\/uploads\/2016\/06\/13332780_1076347399091974_7063234959653421015_n.jpg","datePublished":"2016-06-17T08:52:40+00:00","dateModified":"2024-06-20T19:27:10+00:00","breadcrumb":{"@id":"https:\/\/rioonwatch.org.br\/?p=20327#breadcrumb"},"inLanguage":"pt-BR","potentialAction":[{"@type":"ReadAction","target":["https:\/\/rioonwatch.org.br\/?p=20327"]}]},{"@type":"ImageObject","inLanguage":"pt-BR","@id":"https:\/\/rioonwatch.org.br\/?p=20327#primaryimage","url":"https:\/\/rioonwatch.org.br\/wp-content\/uploads\/2016\/06\/13332780_1076347399091974_7063234959653421015_n.jpg","contentUrl":"https:\/\/rioonwatch.org.br\/wp-content\/uploads\/2016\/06\/13332780_1076347399091974_7063234959653421015_n.jpg","width":1000,"height":618},{"@type":"BreadcrumbList","@id":"https:\/\/rioonwatch.org.br\/?p=20327#breadcrumb","itemListElement":[{"@type":"ListItem","position":1,"name":"In\u00edcio","item":"https:\/\/rioonwatch.org.br\/"},{"@type":"ListItem","position":2,"name":"A 50 Dias do In\u00edcio das Olimp\u00edadas: Campanha Destaca 100 Viola\u00e7\u00f5es de Direitos no Rio"}]},{"@type":"WebSite","@id":"https:\/\/rioonwatch.org.br\/#website","url":"https:\/\/rioonwatch.org.br\/","name":"RioOnWatch","description":"relatos das favelas cariocas","publisher":{"@id":"https:\/\/rioonwatch.org.br\/#organization"},"potentialAction":[{"@type":"SearchAction","target":{"@type":"EntryPoint","urlTemplate":"https:\/\/rioonwatch.org.br\/?s={search_term_string}"},"query-input":{"@type":"PropertyValueSpecification","valueRequired":true,"valueName":"search_term_string"}}],"inLanguage":"pt-BR"},{"@type":"Organization","@id":"https:\/\/rioonwatch.org.br\/#organization","name":"RioOnWatch","url":"https:\/\/rioonwatch.org.br\/","logo":{"@type":"ImageObject","inLanguage":"pt-BR","@id":"https:\/\/rioonwatch.org.br\/#\/schema\/logo\/image\/","url":"https:\/\/rioonwatch.org.br\/wp-content\/uploads\/2021\/06\/RioOnWatchcabecalhoPT11anos-2.png","contentUrl":"https:\/\/rioonwatch.org.br\/wp-content\/uploads\/2021\/06\/RioOnWatchcabecalhoPT11anos-2.png","width":779,"height":277,"caption":"RioOnWatch"},"image":{"@id":"https:\/\/rioonwatch.org.br\/#\/schema\/logo\/image\/"}},{"@type":"Person","@id":"https:\/\/rioonwatch.org.br\/#\/schema\/person\/11d64c290506f9df50c71b850c473f68","name":"Admin","image":{"@type":"ImageObject","inLanguage":"pt-BR","@id":"https:\/\/rioonwatch.org.br\/#\/schema\/person\/image\/","url":"https:\/\/secure.gravatar.com\/avatar\/56211ac74568383903349a1485e3c325?s=96&d=blank&r=g","contentUrl":"https:\/\/secure.gravatar.com\/avatar\/56211ac74568383903349a1485e3c325?s=96&d=blank&r=g","caption":"Admin"},"url":"https:\/\/rioonwatch.org.br\/?author=129"}]}},"_links":{"self":[{"href":"https:\/\/rioonwatch.org.br\/index.php?rest_route=\/wp\/v2\/posts\/20327"}],"collection":[{"href":"https:\/\/rioonwatch.org.br\/index.php?rest_route=\/wp\/v2\/posts"}],"about":[{"href":"https:\/\/rioonwatch.org.br\/index.php?rest_route=\/wp\/v2\/types\/post"}],"author":[{"embeddable":true,"href":"https:\/\/rioonwatch.org.br\/index.php?rest_route=\/wp\/v2\/users\/129"}],"replies":[{"embeddable":true,"href":"https:\/\/rioonwatch.org.br\/index.php?rest_route=%2Fwp%2Fv2%2Fcomments&post=20327"}],"version-history":[{"count":15,"href":"https:\/\/rioonwatch.org.br\/index.php?rest_route=\/wp\/v2\/posts\/20327\/revisions"}],"predecessor-version":[{"id":74359,"href":"https:\/\/rioonwatch.org.br\/index.php?rest_route=\/wp\/v2\/posts\/20327\/revisions\/74359"}],"wp:featuredmedia":[{"embeddable":true,"href":"https:\/\/rioonwatch.org.br\/index.php?rest_route=\/wp\/v2\/media\/20331"}],"wp:attachment":[{"href":"https:\/\/rioonwatch.org.br\/index.php?rest_route=%2Fwp%2Fv2%2Fmedia&parent=20327"}],"wp:term":[{"taxonomy":"category","embeddable":true,"href":"https:\/\/rioonwatch.org.br\/index.php?rest_route=%2Fwp%2Fv2%2Fcategories&post=20327"},{"taxonomy":"post_tag","embeddable":true,"href":"https:\/\/rioonwatch.org.br\/index.php?rest_route=%2Fwp%2Fv2%2Ftags&post=20327"},{"taxonomy":"writer","embeddable":true,"href":"https:\/\/rioonwatch.org.br\/index.php?rest_route=%2Fwp%2Fv2%2Fwriter&post=20327"},{"taxonomy":"translator","embeddable":true,"href":"https:\/\/rioonwatch.org.br\/index.php?rest_route=%2Fwp%2Fv2%2Ftranslator&post=20327"},{"taxonomy":"source","embeddable":true,"href":"https:\/\/rioonwatch.org.br\/index.php?rest_route=%2Fwp%2Fv2%2Fsource&post=20327"},{"taxonomy":"ilustrador","embeddable":true,"href":"https:\/\/rioonwatch.org.br\/index.php?rest_route=%2Fwp%2Fv2%2Filustrador&post=20327"},{"taxonomy":"fotografo","embeddable":true,"href":"https:\/\/rioonwatch.org.br\/index.php?rest_route=%2Fwp%2Fv2%2Ffotografo&post=20327"}],"curies":[{"name":"wp","href":"https:\/\/api.w.org\/{rel}","templated":true}]}}