{"id":20369,"date":"2016-06-18T09:00:42","date_gmt":"2016-06-18T12:00:42","guid":{"rendered":"http:\/\/rioonwatch.org.br\/?p=20369"},"modified":"2016-06-18T00:45:54","modified_gmt":"2016-06-18T03:45:54","slug":"debate-apresenta-ocandidatos-a-presidencia-do-vidigal-antes-da-eleicao-de-domingo","status":"publish","type":"post","link":"https:\/\/rioonwatch.org.br\/?p=20369","title":{"rendered":"Debate Apresenta Candidatos \u00e0 Presid\u00eancia do Vidigal Antes da Elei\u00e7\u00e3o de Domingo"},"content":{"rendered":"<p style=\"text-align: right;\"><em><strong><a href=\"http:\/\/bit.ly\/1UdxIvC\" target=\"_blank\">Click Here for English<img decoding=\"async\" width=\"20\" height=\"20\" class=\"alignright wp-image-15790\" src=\"http:\/\/rioonwatch.org.br\/wp-content\/uploads\/2012\/08\/EN-standard-e1439583104716.jpg\" alt=\"\" \/><\/a><\/strong><\/em><\/p>\n<p><span style=\"font-weight: 400;\">Na noite de quinta-feira, 16 de junho, os moradores do <\/span><span style=\"font-weight: 400;\"><a href=\"http:\/\/bit.ly\/XuDNKV\" target=\"_blank\">Vidigal<\/a>,\u00a0na\u00a0<a href=\"http:\/\/bit.ly\/1mNsDyk\" target=\"_blank\"><span style=\"font-weight: 400;\">Zona Sul<\/span><\/a><span style=\"font-weight: 400;\"> do Rio,<\/span><\/span><span style=\"font-weight: 400;\"> reuniram-se na pracinha de entrada da comunidade<\/span><span style=\"font-weight: 400;\">, para escutar os candidatos a presidente da <\/span><a href=\"http:\/\/bit.ly\/1yiwr0i\" target=\"_blank\"><span style=\"font-weight: 400;\">Associa\u00e7\u00e3o de Moradores<\/span><\/a><span style=\"font-weight: 400;\">. \u00c9 a segunda elei\u00e7\u00e3o para presidente na comunidade <\/span><a href=\"http:\/\/bit.ly\/1D2x5P9\" target=\"_blank\"><span style=\"font-weight: 400;\">ap\u00f3s a chegada da UPP em 2012<\/span><\/a><span style=\"font-weight: 400;\"> e acontece em um momento cr\u00edtico em que a favela lida com press\u00f5es crescentes, causadas pela <\/span><a href=\"http:\/\/bit.ly\/1UBuN1F\" target=\"_blank\"><span style=\"font-weight: 400;\">especula\u00e7\u00e3o imobili\u00e1ria<\/span><\/a><span style=\"font-weight: 400;\">\u00a0e <\/span><a href=\"http:\/\/bit.ly\/1dxH2fv\" target=\"_blank\"><span style=\"font-weight: 400;\">gentrifica\u00e7\u00e3o<\/span><\/a><span style=\"font-weight: 400;\">.\u00a0<\/span><\/p>\n<p><span style=\"font-weight: 400;\">O debate decorreu em quatro partes: apresenta\u00e7\u00f5es, perguntas de candidato a candidato, perguntas de morador a candidato e discurso de encerramento.<\/span><\/p>\n<p><span style=\"font-weight: 400;\">A elei\u00e7\u00e3o para presidente da <a href=\"http:\/\/bit.ly\/1Un1BvJ\" target=\"_blank\">Associa\u00e7\u00e3o de\u00a0Moradores da Vila do Vidigal<\/a> ocorrer\u00e1 este domingo, 19 de junho, e est\u00e1 sendo disputada por sete chapas. Os eleitores tiveram\u00a0sua \u00faltima oportunidade de ouvir a plataforma de cada chapa no debate final ontem a noite, no dia 17 de junho.<\/span><\/p>\n<p><span style=\"font-weight: 400;\">\u201cAs pessoas n\u00e3o d\u00e3o import\u00e2ncia ao processo democr\u00e1tico, mas \u00e9 exatamente nisto que elas devem prestar aten\u00e7\u00e3o, devido ao impacto direto que isto gera no cotidiano de todos&#8221;, disse Andr\u00e9 Mauricio Gosi, diretor social e cultural da atual Associa\u00e7\u00e3o de Moradores.<\/span><\/p>\n<p><span style=\"font-weight: 400;\">Todos os candidatos concordaram que os tr\u00eas assuntos mais prementes s\u00e3o a falta de <\/span><a href=\"http:\/\/bit.ly\/1yzeVVK\" target=\"_blank\"><span style=\"font-weight: 400;\">transporte<\/span><\/a><span style=\"font-weight: 400;\">, a necessidade de uma <\/span><a href=\"http:\/\/bit.ly\/1acNApR\" target=\"_blank\"><span style=\"font-weight: 400;\">educa\u00e7\u00e3o<\/span><\/a><span style=\"font-weight: 400;\"> melhor e melhorias na Cl\u00ednica da Fam\u00edlia, mas cada um apresentou diferentes abordagens.<\/span><\/p>\n<p><a href=\"http:\/\/rioonwatch.org.br\/wp-content\/uploads\/2016\/06\/rsz_dsc_0981-2.jpg\"><img fetchpriority=\"high\" decoding=\"async\" class=\"aligncenter wp-image-20375 size-content\" title=\"Moradores no debate de quinta-feira no Vidigal. Foto por Mathilde Mouton\" src=\"http:\/\/rioonwatch.org.br\/wp-content\/uploads\/2016\/06\/rsz_dsc_0981-2-620x264.jpg\" alt=\"rsz_dsc_0981-2\" width=\"620\" height=\"264\" srcset=\"https:\/\/rioonwatch.org.br\/wp-content\/uploads\/2016\/06\/rsz_dsc_0981-2-620x264.jpg 620w, https:\/\/rioonwatch.org.br\/wp-content\/uploads\/2016\/06\/rsz_dsc_0981-2-940x400.jpg 940w\" sizes=\"(max-width: 620px) 100vw, 620px\" \/><\/a><\/p>\n<p><span style=\"font-weight: 400;\">Os candidatos da Chapa 1 s\u00e3o Romilson Vidigal para presidente e Ros\u00e2ngela Reis para vice-presidente. \u201cN\u00e3o vamos trabalhar sozinhos, n\u00e3o queremos trabalhar sozinhos&#8221;, disse Ros\u00e2ngela Reis. Tanto Romilson\u00a0Vidigal quanto Ros\u00e2ngela Reis manifestaram uma forte alian\u00e7a com a organiza\u00e7\u00e3o <\/span><a href=\"http:\/\/bit.ly\/23g156g\"><span style=\"font-weight: 400;\">Grupo Novos Desafios<\/span><\/a><span style=\"font-weight: 400;\">.<\/span><\/p>\n<p><span style=\"font-weight: 400;\">A Chapa 1 declarou que seu plano para trazer progresso ao Vidigal garantir\u00e1 que as vozes dos moradores sejam ouvidas e que todas as ideias da comunidade ser\u00e3o agregadas.<\/span><\/p>\n<p><span style=\"font-weight: 400;\">Os candidatos da Chapa 2 s\u00e3o Deley Ferreira para presidente e Beto da Igreja para vice-presidente.\u00a0<\/span><span style=\"font-weight: 400;\">\u201cA Chapa 2 \u00e9 a \u00fanica cujos diretores j\u00e1 fizeram parte da diretoria da Associa\u00e7\u00e3o de Moradores&#8221;, disse Beto da Igreja. Deley Ferreira e Beto da Igreja explicaram\u00a0que pretendem providenciar atividades extracurriculares para os jovens da comunidade al\u00e9m das que j\u00e1 ocorrem na\u00a0<\/span><a href=\"http:\/\/bit.ly\/1rth2In\"><span style=\"font-weight: 400;\">Vila Ol\u00edmpica<\/span><\/a><span style=\"font-weight: 400;\">. Eles acreditam que a Cl\u00ednica da Fam\u00edlia deve ser expandida e pretendem atender a demanda dos moradores por creches<\/span>.<\/p>\n<p><span style=\"font-weight: 400;\">A candidata a presidente da Chapa 3 \u00e9 Marta Alves, fundadora da <\/span><a href=\"http:\/\/bit.ly\/28K8L4D\"><span style=\"font-weight: 400;\">TV Comunit\u00e1ria VDG<\/span><\/a><span style=\"font-weight: 400;\">. Ela anunciou que o slogan da sua chapa \u00e9 \u201cValorizando Tradi\u00e7\u00f5es\u201d e tem como foco a <a href=\"http:\/\/bit.ly\/1N7w66v\" target=\"_blank\">arte<\/a> e a <a href=\"http:\/\/bit.ly\/1NzHxSq\" target=\"_blank\">cultura<\/a> da comunidade atrav\u00e9s da revitaliza\u00e7\u00e3o de um centro cultural abandonado. Sob a lideran\u00e7a da Chapa 3, a Associa\u00e7\u00e3o de Moradores \u201ctrabalhar\u00e1 sempre junto e com as portas abertas&#8221;, disse Marta. A Chapa 3 quer ainda aumentar o n\u00famero de cursos pr\u00e9-vestibulares, criar uma feira para ado\u00e7\u00e3o de animais na pra\u00e7a principal do Vidigal e formar parcerias com organiza\u00e7\u00f5es que ofere\u00e7am programas de castra\u00e7\u00e3o para animais.<\/span><\/p>\n<p><span style=\"font-weight: 400;\">O candidato da Chapa 4 \u00e9 Jonas Barcelos, ou JB, que est\u00e1 envolvido com a Associa\u00e7\u00e3o h\u00e1 anos. \u201cO objetivo de se ter um presidente da Associa\u00e7\u00e3o de Moradores \u00e9 ter algu\u00e9m para gerir a comunidade&#8221;, diz Barcelos. \u201cPrometo trabalhar.&#8221;<\/span><\/p>\n<p><span style=\"font-weight: 400;\">Sebasti\u00e3o Aleluia, o atual vice-presidente da Associa\u00e7\u00e3o, \u00e9 o candidato a presidente da Chapa 5 que representa a continua\u00e7\u00e3o da\u00a0Associa\u00e7\u00e3o atual, com os mesmos diretores com exce\u00e7\u00e3o do atual presidente, Marcelo da Silva, que deixa\u00a0o cargo para estar mais presente para sua fam\u00edlia. \u201cTemos de ter a humildade de admitir que n\u00e3o fizemos tudo, mas avan\u00e7amos bastante. Se n\u00e3o fosse assim, como eu teria coragem de olhar no fundo dos olhos de voc\u00eas e concorrer a esta posi\u00e7\u00e3o?\u201d perguntou Sebasti\u00e3o. Ele t\u00eam tr\u00eas objetivos: <a href=\"http:\/\/bit.ly\/1lqbsRD\" target=\"_blank\">eletricidade<\/a>, <a href=\"http:\/\/bit.ly\/1de5jWM\" target=\"_blank\">lixo<\/a> e planejamento de tr\u00e2nsito.<\/span><\/p>\n<p><span style=\"font-weight: 400;\">Neguinho do Gelo, concorrente da Chapa 7 acredita que \u201ctrabalho e uni\u00e3o\u201d ir\u00e3o trazer mudan\u00e7as ao Vidigal e quer ver a auto-sufici\u00eancia econ\u00f4mica da comunidade \u201csem depender dos servi\u00e7os p\u00fablicos&#8221;. Neguinho \u00e9 propriet\u00e1rio de uma f\u00e1brica de gelo, restaurantes e hostels dentro da comunidade, e pretende criar mais emprego no Vidigal.<\/span><\/p>\n<p><span style=\"font-weight: 400;\">A candidata a presidente concorrendo na Chapa 6, Carlene Gomes, n\u00e3o p\u00f4de estar presente no debate de quinta-feira, por\u00e9m esteve presente no de 17 de junho.<\/span><\/p>\n<p><span style=\"font-weight: 400;\">Ap\u00f3s o debate, a moradora Juliana Pereira elogiou o evento pela boa organiza\u00e7\u00e3o e disse: \u201cPermitiu que a gente formasse uma ideia do que \u00e9 importante para cada candidato\u2026 Foi bom, pois geralmente a gente s\u00f3 conhece os candidatos das \u00e1reas onde moramos&#8221;.<\/span><\/p>\n<p><span style=\"font-weight: 400;\">A elei\u00e7\u00e3o acontecer\u00e1 no domingo, 19 de junho, entre a 9h e \u00e0s 17h na Escola Almirante Tamandar\u00e9 no Vidigal.<\/span><\/p>\n<!-- AddThis Advanced Settings generic via filter on the_content --><!-- AddThis Share Buttons generic via filter on the_content -->","protected":false},"excerpt":{"rendered":"<div class=\"mh-excerpt\"><p>Click Here for English Na noite de quinta-feira, 16 de junho, os moradores do Vidigal,\u00a0na\u00a0Zona Sul do Rio, reuniram-se na pracinha de entrada da comunidade, para escutar os candidatos a presidente da Associa\u00e7\u00e3o de Moradores. <a class=\"mh-excerpt-more\" href=\"https:\/\/rioonwatch.org.br\/?p=20369\" title=\"Debate Apresenta Candidatos \u00e0 Presid\u00eancia do Vidigal Antes da Elei\u00e7\u00e3o de Domingo\">[&#8230;]<\/a><!-- AddThis Advanced Settings generic via filter on get_the_excerpt --><!-- AddThis Share Buttons generic via filter on get_the_excerpt --><\/p>\n<\/div>","protected":false},"author":129,"featured_media":20370,"comment_status":"closed","ping_status":"closed","sticky":false,"template":"","format":"standard","meta":{"_acf_changed":false,"_monsterinsights_skip_tracking":false,"_monsterinsights_sitenote_active":false,"_monsterinsights_sitenote_note":"","_monsterinsights_sitenote_category":0,"footnotes":""},"categories":[1618,1621,1627,1626,1612],"tags":[655,81,479,457,396,395,635,360,358,764,354,383],"writer":[1880,1881],"translator":[1842],"source":[],"ilustrador":[],"fotografo":[],"class_list":{"0":"post-20369","1":"post","2":"type-post","3":"status-publish","4":"format-standard","5":"has-post-thumbnail","7":"category-olhonaparticipacao","8":"category-destaque","9":"category-relato-de-evento","10":"category-por-observadores-internacionais","11":"category-sociedade-civil","12":"tag-associacao-de-moradores","13":"tag-cultura","14":"tag-democracia","15":"tag-eleicoes","16":"tag-especulacao-imobiliaria","17":"tag-gentrificacao-remocao-branca","18":"tag-light","19":"tag-lixo","20":"tag-organizacao-comunitaria","21":"tag-transporte","22":"tag-vidigal","23":"tag-zona-sul","24":"writer-alejandra-oconnell","25":"writer-juliana-ritter","26":"translator-manu-escrita"},"acf":[],"yoast_head":"<!-- This site is optimized with the Yoast SEO plugin v25.6 - https:\/\/yoast.com\/wordpress\/plugins\/seo\/ -->\n<title>Debate Apresenta Candidatos \u00e0 Presid\u00eancia do Vidigal Antes da Elei\u00e7\u00e3o de Domingo - RioOnWatch<\/title>\n<meta name=\"robots\" content=\"index, follow, max-snippet:-1, max-image-preview:large, max-video-preview:-1\" \/>\n<link rel=\"canonical\" href=\"https:\/\/rioonwatch.org.br\/?p=20369\" \/>\n<meta property=\"og:locale\" content=\"pt_BR\" \/>\n<meta property=\"og:type\" content=\"article\" \/>\n<meta property=\"og:title\" content=\"Debate Apresenta Candidatos \u00e0 Presid\u00eancia do Vidigal Antes da Elei\u00e7\u00e3o de Domingo - RioOnWatch\" \/>\n<meta property=\"og:description\" content=\"Click Here for English Na noite de quinta-feira, 16 de junho, os moradores do Vidigal,\u00a0na\u00a0Zona Sul do Rio, reuniram-se na pracinha de entrada da comunidade, para escutar os candidatos a presidente da Associa\u00e7\u00e3o de Moradores. [...]\" \/>\n<meta property=\"og:url\" content=\"https:\/\/rioonwatch.org.br\/?p=20369\" \/>\n<meta property=\"og:site_name\" content=\"RioOnWatch\" \/>\n<meta property=\"article:published_time\" content=\"2016-06-18T12:00:42+00:00\" \/>\n<meta property=\"og:image\" content=\"https:\/\/rioonwatch.org.br\/wp-content\/uploads\/2016\/06\/rsz_dsc_0996-2.jpg\" \/>\n\t<meta property=\"og:image:width\" content=\"1024\" \/>\n\t<meta property=\"og:image:height\" content=\"683\" \/>\n\t<meta property=\"og:image:type\" content=\"image\/jpeg\" \/>\n<meta name=\"author\" content=\"Admin\" \/>\n<meta name=\"twitter:card\" content=\"summary_large_image\" \/>\n<meta name=\"twitter:label1\" content=\"Escrito por\" \/>\n\t<meta name=\"twitter:data1\" content=\"Admin\" \/>\n\t<meta name=\"twitter:label2\" content=\"Est. tempo de leitura\" \/>\n\t<meta name=\"twitter:data2\" content=\"4 minutos\" \/>\n<script type=\"application\/ld+json\" class=\"yoast-schema-graph\">{\"@context\":\"https:\/\/schema.org\",\"@graph\":[{\"@type\":\"Article\",\"@id\":\"https:\/\/rioonwatch.org.br\/?p=20369#article\",\"isPartOf\":{\"@id\":\"https:\/\/rioonwatch.org.br\/?p=20369\"},\"author\":{\"name\":\"Admin\",\"@id\":\"https:\/\/rioonwatch.org.br\/#\/schema\/person\/11d64c290506f9df50c71b850c473f68\"},\"headline\":\"Debate Apresenta Candidatos \u00e0 Presid\u00eancia do Vidigal Antes da Elei\u00e7\u00e3o de Domingo\",\"datePublished\":\"2016-06-18T12:00:42+00:00\",\"mainEntityOfPage\":{\"@id\":\"https:\/\/rioonwatch.org.br\/?p=20369\"},\"wordCount\":809,\"publisher\":{\"@id\":\"https:\/\/rioonwatch.org.br\/#organization\"},\"image\":{\"@id\":\"https:\/\/rioonwatch.org.br\/?p=20369#primaryimage\"},\"thumbnailUrl\":\"https:\/\/rioonwatch.org.br\/wp-content\/uploads\/2016\/06\/rsz_dsc_0996-2.jpg\",\"keywords\":[\"Associa\u00e7\u00e3o de Moradores\",\"cultura\",\"Democracia\",\"Elei\u00e7\u00f5es\",\"especula\u00e7\u00e3o imobili\u00e1ria\",\"gentrifica\u00e7\u00e3o\",\"Light\",\"lixo\",\"organiza\u00e7\u00e3o comunit\u00e1ria\",\"transporte\",\"Vidigal\",\"Zona Sul\"],\"articleSection\":[\"#OlhoNaParticipa\u00e7\u00e3o\",\"*Destaque\",\"Cobertura de Eventos\",\"Escrito por Aliados\",\"Sociedade Civil\"],\"inLanguage\":\"pt-BR\"},{\"@type\":\"WebPage\",\"@id\":\"https:\/\/rioonwatch.org.br\/?p=20369\",\"url\":\"https:\/\/rioonwatch.org.br\/?p=20369\",\"name\":\"Debate Apresenta Candidatos \u00e0 Presid\u00eancia do Vidigal Antes da Elei\u00e7\u00e3o de Domingo - RioOnWatch\",\"isPartOf\":{\"@id\":\"https:\/\/rioonwatch.org.br\/#website\"},\"primaryImageOfPage\":{\"@id\":\"https:\/\/rioonwatch.org.br\/?p=20369#primaryimage\"},\"image\":{\"@id\":\"https:\/\/rioonwatch.org.br\/?p=20369#primaryimage\"},\"thumbnailUrl\":\"https:\/\/rioonwatch.org.br\/wp-content\/uploads\/2016\/06\/rsz_dsc_0996-2.jpg\",\"datePublished\":\"2016-06-18T12:00:42+00:00\",\"breadcrumb\":{\"@id\":\"https:\/\/rioonwatch.org.br\/?p=20369#breadcrumb\"},\"inLanguage\":\"pt-BR\",\"potentialAction\":[{\"@type\":\"ReadAction\",\"target\":[\"https:\/\/rioonwatch.org.br\/?p=20369\"]}]},{\"@type\":\"ImageObject\",\"inLanguage\":\"pt-BR\",\"@id\":\"https:\/\/rioonwatch.org.br\/?p=20369#primaryimage\",\"url\":\"https:\/\/rioonwatch.org.br\/wp-content\/uploads\/2016\/06\/rsz_dsc_0996-2.jpg\",\"contentUrl\":\"https:\/\/rioonwatch.org.br\/wp-content\/uploads\/2016\/06\/rsz_dsc_0996-2.jpg\",\"width\":1024,\"height\":683},{\"@type\":\"BreadcrumbList\",\"@id\":\"https:\/\/rioonwatch.org.br\/?p=20369#breadcrumb\",\"itemListElement\":[{\"@type\":\"ListItem\",\"position\":1,\"name\":\"In\u00edcio\",\"item\":\"https:\/\/rioonwatch.org.br\/\"},{\"@type\":\"ListItem\",\"position\":2,\"name\":\"Debate Apresenta Candidatos \u00e0 Presid\u00eancia do Vidigal Antes da Elei\u00e7\u00e3o de Domingo\"}]},{\"@type\":\"WebSite\",\"@id\":\"https:\/\/rioonwatch.org.br\/#website\",\"url\":\"https:\/\/rioonwatch.org.br\/\",\"name\":\"RioOnWatch\",\"description\":\"relatos das favelas cariocas\",\"publisher\":{\"@id\":\"https:\/\/rioonwatch.org.br\/#organization\"},\"potentialAction\":[{\"@type\":\"SearchAction\",\"target\":{\"@type\":\"EntryPoint\",\"urlTemplate\":\"https:\/\/rioonwatch.org.br\/?s={search_term_string}\"},\"query-input\":{\"@type\":\"PropertyValueSpecification\",\"valueRequired\":true,\"valueName\":\"search_term_string\"}}],\"inLanguage\":\"pt-BR\"},{\"@type\":\"Organization\",\"@id\":\"https:\/\/rioonwatch.org.br\/#organization\",\"name\":\"RioOnWatch\",\"url\":\"https:\/\/rioonwatch.org.br\/\",\"logo\":{\"@type\":\"ImageObject\",\"inLanguage\":\"pt-BR\",\"@id\":\"https:\/\/rioonwatch.org.br\/#\/schema\/logo\/image\/\",\"url\":\"https:\/\/rioonwatch.org.br\/wp-content\/uploads\/2021\/06\/RioOnWatchcabecalhoPT11anos-2.png\",\"contentUrl\":\"https:\/\/rioonwatch.org.br\/wp-content\/uploads\/2021\/06\/RioOnWatchcabecalhoPT11anos-2.png\",\"width\":779,\"height\":277,\"caption\":\"RioOnWatch\"},\"image\":{\"@id\":\"https:\/\/rioonwatch.org.br\/#\/schema\/logo\/image\/\"}},{\"@type\":\"Person\",\"@id\":\"https:\/\/rioonwatch.org.br\/#\/schema\/person\/11d64c290506f9df50c71b850c473f68\",\"name\":\"Admin\",\"image\":{\"@type\":\"ImageObject\",\"inLanguage\":\"pt-BR\",\"@id\":\"https:\/\/rioonwatch.org.br\/#\/schema\/person\/image\/\",\"url\":\"https:\/\/secure.gravatar.com\/avatar\/56211ac74568383903349a1485e3c325?s=96&d=blank&r=g\",\"contentUrl\":\"https:\/\/secure.gravatar.com\/avatar\/56211ac74568383903349a1485e3c325?s=96&d=blank&r=g\",\"caption\":\"Admin\"},\"url\":\"https:\/\/rioonwatch.org.br\/?author=129\"}]}<\/script>\n<!-- \/ Yoast SEO plugin. -->","yoast_head_json":{"title":"Debate Apresenta Candidatos \u00e0 Presid\u00eancia do Vidigal Antes da Elei\u00e7\u00e3o de Domingo - RioOnWatch","robots":{"index":"index","follow":"follow","max-snippet":"max-snippet:-1","max-image-preview":"max-image-preview:large","max-video-preview":"max-video-preview:-1"},"canonical":"https:\/\/rioonwatch.org.br\/?p=20369","og_locale":"pt_BR","og_type":"article","og_title":"Debate Apresenta Candidatos \u00e0 Presid\u00eancia do Vidigal Antes da Elei\u00e7\u00e3o de Domingo - RioOnWatch","og_description":"Click Here for English Na noite de quinta-feira, 16 de junho, os moradores do Vidigal,\u00a0na\u00a0Zona Sul do Rio, reuniram-se na pracinha de entrada da comunidade, para escutar os candidatos a presidente da Associa\u00e7\u00e3o de Moradores. [...]","og_url":"https:\/\/rioonwatch.org.br\/?p=20369","og_site_name":"RioOnWatch","article_published_time":"2016-06-18T12:00:42+00:00","og_image":[{"width":1024,"height":683,"url":"https:\/\/rioonwatch.org.br\/wp-content\/uploads\/2016\/06\/rsz_dsc_0996-2.jpg","type":"image\/jpeg"}],"author":"Admin","twitter_card":"summary_large_image","twitter_misc":{"Escrito por":"Admin","Est. tempo de leitura":"4 minutos"},"schema":{"@context":"https:\/\/schema.org","@graph":[{"@type":"Article","@id":"https:\/\/rioonwatch.org.br\/?p=20369#article","isPartOf":{"@id":"https:\/\/rioonwatch.org.br\/?p=20369"},"author":{"name":"Admin","@id":"https:\/\/rioonwatch.org.br\/#\/schema\/person\/11d64c290506f9df50c71b850c473f68"},"headline":"Debate Apresenta Candidatos \u00e0 Presid\u00eancia do Vidigal Antes da Elei\u00e7\u00e3o de Domingo","datePublished":"2016-06-18T12:00:42+00:00","mainEntityOfPage":{"@id":"https:\/\/rioonwatch.org.br\/?p=20369"},"wordCount":809,"publisher":{"@id":"https:\/\/rioonwatch.org.br\/#organization"},"image":{"@id":"https:\/\/rioonwatch.org.br\/?p=20369#primaryimage"},"thumbnailUrl":"https:\/\/rioonwatch.org.br\/wp-content\/uploads\/2016\/06\/rsz_dsc_0996-2.jpg","keywords":["Associa\u00e7\u00e3o de Moradores","cultura","Democracia","Elei\u00e7\u00f5es","especula\u00e7\u00e3o imobili\u00e1ria","gentrifica\u00e7\u00e3o","Light","lixo","organiza\u00e7\u00e3o comunit\u00e1ria","transporte","Vidigal","Zona Sul"],"articleSection":["#OlhoNaParticipa\u00e7\u00e3o","*Destaque","Cobertura de Eventos","Escrito por Aliados","Sociedade Civil"],"inLanguage":"pt-BR"},{"@type":"WebPage","@id":"https:\/\/rioonwatch.org.br\/?p=20369","url":"https:\/\/rioonwatch.org.br\/?p=20369","name":"Debate Apresenta Candidatos \u00e0 Presid\u00eancia do Vidigal Antes da Elei\u00e7\u00e3o de Domingo - RioOnWatch","isPartOf":{"@id":"https:\/\/rioonwatch.org.br\/#website"},"primaryImageOfPage":{"@id":"https:\/\/rioonwatch.org.br\/?p=20369#primaryimage"},"image":{"@id":"https:\/\/rioonwatch.org.br\/?p=20369#primaryimage"},"thumbnailUrl":"https:\/\/rioonwatch.org.br\/wp-content\/uploads\/2016\/06\/rsz_dsc_0996-2.jpg","datePublished":"2016-06-18T12:00:42+00:00","breadcrumb":{"@id":"https:\/\/rioonwatch.org.br\/?p=20369#breadcrumb"},"inLanguage":"pt-BR","potentialAction":[{"@type":"ReadAction","target":["https:\/\/rioonwatch.org.br\/?p=20369"]}]},{"@type":"ImageObject","inLanguage":"pt-BR","@id":"https:\/\/rioonwatch.org.br\/?p=20369#primaryimage","url":"https:\/\/rioonwatch.org.br\/wp-content\/uploads\/2016\/06\/rsz_dsc_0996-2.jpg","contentUrl":"https:\/\/rioonwatch.org.br\/wp-content\/uploads\/2016\/06\/rsz_dsc_0996-2.jpg","width":1024,"height":683},{"@type":"BreadcrumbList","@id":"https:\/\/rioonwatch.org.br\/?p=20369#breadcrumb","itemListElement":[{"@type":"ListItem","position":1,"name":"In\u00edcio","item":"https:\/\/rioonwatch.org.br\/"},{"@type":"ListItem","position":2,"name":"Debate Apresenta Candidatos \u00e0 Presid\u00eancia do Vidigal Antes da Elei\u00e7\u00e3o de Domingo"}]},{"@type":"WebSite","@id":"https:\/\/rioonwatch.org.br\/#website","url":"https:\/\/rioonwatch.org.br\/","name":"RioOnWatch","description":"relatos das favelas cariocas","publisher":{"@id":"https:\/\/rioonwatch.org.br\/#organization"},"potentialAction":[{"@type":"SearchAction","target":{"@type":"EntryPoint","urlTemplate":"https:\/\/rioonwatch.org.br\/?s={search_term_string}"},"query-input":{"@type":"PropertyValueSpecification","valueRequired":true,"valueName":"search_term_string"}}],"inLanguage":"pt-BR"},{"@type":"Organization","@id":"https:\/\/rioonwatch.org.br\/#organization","name":"RioOnWatch","url":"https:\/\/rioonwatch.org.br\/","logo":{"@type":"ImageObject","inLanguage":"pt-BR","@id":"https:\/\/rioonwatch.org.br\/#\/schema\/logo\/image\/","url":"https:\/\/rioonwatch.org.br\/wp-content\/uploads\/2021\/06\/RioOnWatchcabecalhoPT11anos-2.png","contentUrl":"https:\/\/rioonwatch.org.br\/wp-content\/uploads\/2021\/06\/RioOnWatchcabecalhoPT11anos-2.png","width":779,"height":277,"caption":"RioOnWatch"},"image":{"@id":"https:\/\/rioonwatch.org.br\/#\/schema\/logo\/image\/"}},{"@type":"Person","@id":"https:\/\/rioonwatch.org.br\/#\/schema\/person\/11d64c290506f9df50c71b850c473f68","name":"Admin","image":{"@type":"ImageObject","inLanguage":"pt-BR","@id":"https:\/\/rioonwatch.org.br\/#\/schema\/person\/image\/","url":"https:\/\/secure.gravatar.com\/avatar\/56211ac74568383903349a1485e3c325?s=96&d=blank&r=g","contentUrl":"https:\/\/secure.gravatar.com\/avatar\/56211ac74568383903349a1485e3c325?s=96&d=blank&r=g","caption":"Admin"},"url":"https:\/\/rioonwatch.org.br\/?author=129"}]}},"_links":{"self":[{"href":"https:\/\/rioonwatch.org.br\/index.php?rest_route=\/wp\/v2\/posts\/20369"}],"collection":[{"href":"https:\/\/rioonwatch.org.br\/index.php?rest_route=\/wp\/v2\/posts"}],"about":[{"href":"https:\/\/rioonwatch.org.br\/index.php?rest_route=\/wp\/v2\/types\/post"}],"author":[{"embeddable":true,"href":"https:\/\/rioonwatch.org.br\/index.php?rest_route=\/wp\/v2\/users\/129"}],"replies":[{"embeddable":true,"href":"https:\/\/rioonwatch.org.br\/index.php?rest_route=%2Fwp%2Fv2%2Fcomments&post=20369"}],"version-history":[{"count":14,"href":"https:\/\/rioonwatch.org.br\/index.php?rest_route=\/wp\/v2\/posts\/20369\/revisions"}],"predecessor-version":[{"id":20386,"href":"https:\/\/rioonwatch.org.br\/index.php?rest_route=\/wp\/v2\/posts\/20369\/revisions\/20386"}],"wp:featuredmedia":[{"embeddable":true,"href":"https:\/\/rioonwatch.org.br\/index.php?rest_route=\/wp\/v2\/media\/20370"}],"wp:attachment":[{"href":"https:\/\/rioonwatch.org.br\/index.php?rest_route=%2Fwp%2Fv2%2Fmedia&parent=20369"}],"wp:term":[{"taxonomy":"category","embeddable":true,"href":"https:\/\/rioonwatch.org.br\/index.php?rest_route=%2Fwp%2Fv2%2Fcategories&post=20369"},{"taxonomy":"post_tag","embeddable":true,"href":"https:\/\/rioonwatch.org.br\/index.php?rest_route=%2Fwp%2Fv2%2Ftags&post=20369"},{"taxonomy":"writer","embeddable":true,"href":"https:\/\/rioonwatch.org.br\/index.php?rest_route=%2Fwp%2Fv2%2Fwriter&post=20369"},{"taxonomy":"translator","embeddable":true,"href":"https:\/\/rioonwatch.org.br\/index.php?rest_route=%2Fwp%2Fv2%2Ftranslator&post=20369"},{"taxonomy":"source","embeddable":true,"href":"https:\/\/rioonwatch.org.br\/index.php?rest_route=%2Fwp%2Fv2%2Fsource&post=20369"},{"taxonomy":"ilustrador","embeddable":true,"href":"https:\/\/rioonwatch.org.br\/index.php?rest_route=%2Fwp%2Fv2%2Filustrador&post=20369"},{"taxonomy":"fotografo","embeddable":true,"href":"https:\/\/rioonwatch.org.br\/index.php?rest_route=%2Fwp%2Fv2%2Ffotografo&post=20369"}],"curies":[{"name":"wp","href":"https:\/\/api.w.org\/{rel}","templated":true}]}}