{"id":20453,"date":"2016-06-24T19:46:34","date_gmt":"2016-06-24T22:46:34","guid":{"rendered":"http:\/\/rioonwatch.org.br\/?p=20453"},"modified":"2018-06-27T09:17:40","modified_gmt":"2018-06-27T12:17:40","slug":"tradicional-comunidade-de-zacarias-realiza-arraial-de-resistencia-em-resposta-a-violacoes-de-direitos-humanos","status":"publish","type":"post","link":"https:\/\/rioonwatch.org.br\/?p=20453","title":{"rendered":"Zacarias Realiza Arraial de Resist\u00eancia em Resposta \u00e0 Viola\u00e7\u00f5es de Direitos Humanos [IMAGENS]"},"content":{"rendered":"<p style=\"text-align: right;\"><em><strong><a href=\"http:\/\/bit.ly\/28PZ2Rj\" target=\"_blank\" rel=\"noopener\">Click Here for English<img decoding=\"async\" width=\"20\" height=\"20\" class=\"alignright wp-image-15790\" src=\"http:\/\/rioonwatch.org.br\/wp-content\/uploads\/2012\/08\/EN-standard-e1439583104716.jpg\" alt=\"\" \/><\/a><\/strong><\/em><\/p>\n<p>Membros da tradicional comunidade de pescadores de\u00a0<a href=\"http:\/\/bit.ly\/28SsRSG\" target=\"_blank\" rel=\"noopener\">Zacarias<\/a> localizada no munic\u00edpio de <a href=\"http:\/\/bit.ly\/28SFTN9\" target=\"_blank\" rel=\"noopener\">Maric\u00e1<\/a> no estado do Rio de Janeiro e membros da ALERJ se <a href=\"http:\/\/bit.ly\/28Wt0om\" target=\"_blank\" rel=\"noopener\">reuniram na comunidade\u00a0no dia 18 de junho<\/a> em um Arraial de Resist\u00eancia. A tradicional festa junina com a tem\u00e1tica da resist\u00eancia foi realizada em resposta \u00e0s\u00a0<a href=\"http:\/\/bit.ly\/1MsmVsX\" target=\"_blank\" rel=\"noopener\">viola\u00e7\u00f5es de direitos humanos<\/a> relacionadas \u00e0 constru\u00e7\u00e3o de um <a href=\"http:\/\/bit.ly\/28SsRSG\" target=\"_blank\" rel=\"noopener\">resort de luxo na \u00e1rea da comunidade<\/a>. No evento, representantes do governo apresentaram oficialmente um novo relat\u00f3rio sobre as viola\u00e7\u00f5es na comunidade de Zacarias.<\/p>\n<p><a href=\"http:\/\/rioonwatch.org.br\/wp-content\/uploads\/2016\/06\/Canoe-race.jpg\"><img fetchpriority=\"high\" decoding=\"async\" class=\"aligncenter wp-image-20465 size-content\" title=\"Corrida de canoa em Zacarias\" src=\"http:\/\/rioonwatch.org.br\/wp-content\/uploads\/2016\/06\/Canoe-race-620x264.jpg\" alt=\"Canoe-race\" width=\"620\" height=\"264\" srcset=\"https:\/\/rioonwatch.org.br\/wp-content\/uploads\/2016\/06\/Canoe-race-620x264.jpg 620w, https:\/\/rioonwatch.org.br\/wp-content\/uploads\/2016\/06\/Canoe-race-940x400.jpg 940w\" sizes=\"(max-width: 620px) 100vw, 620px\" \/><\/a><\/p>\n<p>O <a href=\"http:\/\/bit.ly\/28Uj7YW\" target=\"_blank\" rel=\"noopener\">Arraial<\/a>\u00a0celebrou a <a href=\"http:\/\/bit.ly\/1piRAgk\" target=\"_blank\" rel=\"noopener\">resist\u00eancia<\/a> da comunidade de Zacarias contra os empres\u00e1rios do setor imobili\u00e1rio que desejam remover os moradores de l\u00e1 para construir um resort. O evento foi constitu\u00eddo de diversas atividades durante as quais os moradores\u00a0da comunidade e simpatizantes se uniram para jogar futebol no campo, participarem de oficinas de confec\u00e7\u00e3o de mandalas, corrida de canoa e assistirem a um document\u00e1rio sobre a resist\u00eancia da comunidade. O dia terminou com uma noite de forr\u00f3 tradicional e quadrilha em comemora\u00e7\u00e3o \u00e0 longa hist\u00f3ria da comunidade e sua cultura vibrante.<\/p>\n<p><a href=\"http:\/\/rioonwatch.org.br\/wp-content\/uploads\/2016\/06\/e1b69153-8f9a-4c4b-a21e-f55076c53a0e.jpg\"><img decoding=\"async\" class=\"aligncenter wp-image-20466 size-content\" title=\"Moradores de Zacarias\" src=\"http:\/\/rioonwatch.org.br\/wp-content\/uploads\/2016\/06\/e1b69153-8f9a-4c4b-a21e-f55076c53a0e-620x264.jpg\" alt=\"e1b69153-8f9a-4c4b-a21e-f55076c53a0e\" width=\"620\" height=\"264\" srcset=\"https:\/\/rioonwatch.org.br\/wp-content\/uploads\/2016\/06\/e1b69153-8f9a-4c4b-a21e-f55076c53a0e-620x264.jpg 620w, https:\/\/rioonwatch.org.br\/wp-content\/uploads\/2016\/06\/e1b69153-8f9a-4c4b-a21e-f55076c53a0e-940x400.jpg 940w\" sizes=\"(max-width: 620px) 100vw, 620px\" \/><\/a><\/p>\n<p>Zacarias \u00e9 uma comunidade de pescadores tradicional de aproximadamente 150 fam\u00edlias que prosperou na costa da Reserva da Restinga, localizada a 60km a leste do Centro do Rio de Janeiro, pelos \u00faltimos 200 anos, com as primeiras apari\u00e7\u00f5es em mapas em 1790. A popula\u00e7\u00e3o de Zacarias tem lutado contra a amea\u00e7a de <a href=\"http:\/\/bit.ly\/X51Qvb\" target=\"_blank\" rel=\"noopener\">remo\u00e7\u00e3o<\/a>\u00a0ao longo dos \u00faltimos 73 anos. As mais recentes viola\u00e7\u00f5es na \u00e1rea t\u00eam sido por parte da companhia imobili\u00e1ria privada IDB Brasil, um grupo que pertence \u00e0 firma espanhola Cetya.<\/p>\n<p><a href=\"http:\/\/rioonwatch.org.br\/wp-content\/uploads\/2016\/06\/Deputado-Serafini.jpg\"><img loading=\"lazy\" decoding=\"async\" class=\"aligncenter wp-image-20467 size-content\" title=\"Representante do governo do Estado Fl\u00e1vio Serafim\" src=\"http:\/\/rioonwatch.org.br\/wp-content\/uploads\/2016\/06\/Deputado-Serafini-620x264.jpg\" alt=\"Deputado-Serafini\" width=\"620\" height=\"264\" srcset=\"https:\/\/rioonwatch.org.br\/wp-content\/uploads\/2016\/06\/Deputado-Serafini-620x264.jpg 620w, https:\/\/rioonwatch.org.br\/wp-content\/uploads\/2016\/06\/Deputado-Serafini-940x400.jpg 940w\" sizes=\"(max-width: 620px) 100vw, 620px\" \/><\/a><\/p>\n<p>No encontro de resist\u00eancia, o l\u00edder da Associa\u00e7\u00e3o de Moradores Vilson Correa afirmou: \u201cN\u00f3s somos fortes. N\u00f3s estamos resistindo&#8221;.<\/p>\n<p>O evento tamb\u00e9m foi uma oportunidade para representantes do governo apresentarem oficialmente o <a href=\"http:\/\/bit.ly\/28T2aey\" target=\"_blank\" rel=\"noopener\">relat\u00f3rio de viola\u00e7\u00f5es de direitos humanos na comunidade tradicional de Zacarias<\/a>, viola\u00e7\u00f5es estas cometidas\u00a0pelos empres\u00e1rios do setor imobili\u00e1rio que receberam licen\u00e7as ambientais especiais. O relat\u00f3rio foi compilado por Cecilia Vieira de Melo e pelo Deputado Estadual Fl\u00e1vio Serafini, de <a href=\"http:\/\/bit.ly\/1xpT8yS\" target=\"_blank\" rel=\"noopener\">Niter\u00f3i<\/a>, da Comiss\u00e3o de Defesa dos Direitos Humanos e Cidadania do Estado. O relat\u00f3rio foi <a href=\"http:\/\/bit.ly\/26ZOJCj\" target=\"_blank\" rel=\"noopener\">apresentado no dia 30 de abril na ALERJ<\/a>. Fl\u00e1vio Serafini falou no evento de 18 de junho, afirmando: \u201cNosso mandato n\u00e3o pensa que as pessoas que viveram por centenas de anos no mesmo local devem ser removidas assim que algu\u00e9m com dinheiro deseja expropriar suas terras&#8221;.<\/p>\n<p>O relat\u00f3rio alega que a licen\u00e7a ambiental para construir na \u00e1rea \u201ccoloca a\u00a0comunidade tradicional pesqueira em situa\u00e7\u00e3o de vulnerabilidade, press\u00e3o e potencial viol\u00eancia&#8221;. A intimida\u00e7\u00e3o e a presen\u00e7a de representantes da IDB Brasil em Zacarias antes que qualquer licen\u00e7a ambiental fosse emitida fragmentou a comunidade e bloqueou rotas de acesso dos barcos dos pescadores ao oceano.<\/p>\n<p><a href=\"http:\/\/rioonwatch.org.br\/wp-content\/uploads\/2016\/06\/Crown-Zacarias.jpg\"><img loading=\"lazy\" decoding=\"async\" class=\"aligncenter wp-image-20469 size-content\" title=\"Festa no dia 18 de junho em Zacarias\" src=\"http:\/\/rioonwatch.org.br\/wp-content\/uploads\/2016\/06\/Crown-Zacarias-620x264.jpg\" alt=\"Crown-Zacarias\" width=\"620\" height=\"264\" srcset=\"https:\/\/rioonwatch.org.br\/wp-content\/uploads\/2016\/06\/Crown-Zacarias-620x264.jpg 620w, https:\/\/rioonwatch.org.br\/wp-content\/uploads\/2016\/06\/Crown-Zacarias-940x400.jpg 940w\" sizes=\"(max-width: 620px) 100vw, 620px\" \/><\/a><\/p>\n<p>Fl\u00e1vio Serafini tamb\u00e9m afirmou que Zacarias n\u00e3o \u00e9 a \u00fanica comunidade tradicional de pescadores com risco de ser removida por conta da\u00a0<a href=\"http:\/\/bit.ly\/11tBtBo\" target=\"_blank\" rel=\"noopener\">especula\u00e7\u00e3o imobili\u00e1ria<\/a>. No in\u00edcio deste m\u00eas, um <a href=\"http:\/\/glo.bo\/28Tw7MS\" target=\"_blank\" rel=\"noopener\">homem de 23 anos foi morto<\/a> em sua casa em Trindade, Paraty, no Estado do Rio de Janeiro, por uma disputa de terras entre os empres\u00e1rios imobili\u00e1rios e moradores tradicionais que lutam para permanecer. Al\u00e9m disso, exce\u00e7\u00f5es e viola\u00e7\u00f5es de leis ambientais s\u00e3o altamente negligenciadas na regi\u00e3o da Costa Verde no Estado do Rio, com propriet\u00e1rios ricos comumente <a href=\"http:\/\/bit.ly\/28WDIxc\" target=\"_blank\" rel=\"noopener\">construindo casas em \u00e1reas de prote\u00e7\u00e3o<\/a>.<\/p>\n<h3>Veja a galera de fotos (<a href=\"http:\/\/bit.ly\/29Myq7w\" target=\"_blank\" rel=\"noopener\">clique aqui para album no Flickr<\/a>):<\/h3>\n<p><iframe src=\"http:\/\/www.flickr.com\/slideShow\/index.gne?group_id=&amp;user_id=25093702@N00&amp;set_id=72157670794903225&amp;amp\" width=\"620\" height=\"450\" frameborder=\"0\" scrolling=\"no\" align=\"center\"><\/iframe><\/p>\n<!-- AddThis Advanced Settings generic via filter on the_content --><!-- AddThis Share Buttons generic via filter on the_content -->","protected":false},"excerpt":{"rendered":"<div class=\"mh-excerpt\"><p>Click Here for English Membros da tradicional comunidade de pescadores de\u00a0Zacarias localizada no munic\u00edpio de Maric\u00e1 no estado do Rio de Janeiro e membros da ALERJ se reuniram na comunidade\u00a0no dia 18 de junho em <a class=\"mh-excerpt-more\" href=\"https:\/\/rioonwatch.org.br\/?p=20453\" title=\"Zacarias Realiza Arraial de Resist\u00eancia em Resposta \u00e0 Viola\u00e7\u00f5es de Direitos Humanos [IMAGENS]\">[&#8230;]<\/a><!-- AddThis Advanced Settings generic via filter on get_the_excerpt --><!-- AddThis Share Buttons generic via filter on get_the_excerpt --><\/p>\n<\/div>","protected":false},"author":129,"featured_media":20464,"comment_status":"closed","ping_status":"closed","sticky":false,"template":"","format":"standard","meta":{"_acf_changed":false,"_monsterinsights_skip_tracking":false,"_monsterinsights_sitenote_active":false,"_monsterinsights_sitenote_note":"","_monsterinsights_sitenote_category":0,"footnotes":""},"categories":[1614,1627,346,1626,1633],"tags":[738,1515,81,88,396,2396,638,1372,1585,14,432,1364,1851],"writer":[1708,1825],"translator":[1862],"source":[],"ilustrador":[],"fotografo":[],"class_list":{"0":"post-20453","1":"post","2":"type-post","3":"status-publish","4":"format-standard","5":"has-post-thumbnail","7":"category-olhonasremocoes","8":"category-relato-de-evento","9":"category-denuncias","10":"category-por-observadores-internacionais","11":"category-foto-reportagens","12":"tag-colonia-de-pescadores","13":"tag-comissao-de-direitos-humanos-alerj","14":"tag-cultura","15":"tag-direitos-humanos","16":"tag-especulacao-imobiliaria","17":"tag-flavio-serafini","18":"tag-governo-do-estado","19":"tag-grande-rio","20":"tag-marica","21":"tag-remocao","22":"tag-resistencia","23":"tag-violacoes","24":"tag-zacarias","25":"writer-claire-lepercq","26":"writer-mariah-barber","27":"translator-caroline-quintanilha"},"acf":[],"yoast_head":"<!-- This site is optimized with the Yoast SEO plugin v25.6 - https:\/\/yoast.com\/wordpress\/plugins\/seo\/ -->\n<title>Zacarias Realiza Arraial de Resist\u00eancia em Resposta \u00e0 Viola\u00e7\u00f5es de Direitos Humanos [IMAGENS] - RioOnWatch<\/title>\n<meta name=\"robots\" content=\"index, follow, max-snippet:-1, max-image-preview:large, max-video-preview:-1\" \/>\n<link rel=\"canonical\" href=\"https:\/\/rioonwatch.org.br\/?p=20453\" \/>\n<meta property=\"og:locale\" content=\"pt_BR\" \/>\n<meta property=\"og:type\" content=\"article\" \/>\n<meta property=\"og:title\" content=\"Zacarias Realiza Arraial de Resist\u00eancia em Resposta \u00e0 Viola\u00e7\u00f5es de Direitos Humanos [IMAGENS] - RioOnWatch\" \/>\n<meta property=\"og:description\" content=\"Click Here for English Membros da tradicional comunidade de pescadores de\u00a0Zacarias localizada no munic\u00edpio de Maric\u00e1 no estado do Rio de Janeiro e membros da ALERJ se reuniram na comunidade\u00a0no dia 18 de junho em [...]\" \/>\n<meta property=\"og:url\" content=\"https:\/\/rioonwatch.org.br\/?p=20453\" \/>\n<meta property=\"og:site_name\" content=\"RioOnWatch\" \/>\n<meta property=\"article:published_time\" content=\"2016-06-24T22:46:34+00:00\" \/>\n<meta property=\"article:modified_time\" content=\"2018-06-27T12:17:40+00:00\" \/>\n<meta property=\"og:image\" content=\"https:\/\/rioonwatch.org.br\/wp-content\/uploads\/2016\/06\/Festa-junina-decorations-featured.jpg\" \/>\n\t<meta property=\"og:image:width\" content=\"923\" \/>\n\t<meta property=\"og:image:height\" content=\"522\" \/>\n\t<meta property=\"og:image:type\" content=\"image\/jpeg\" \/>\n<meta name=\"author\" content=\"Admin\" \/>\n<meta name=\"twitter:card\" content=\"summary_large_image\" \/>\n<meta name=\"twitter:label1\" content=\"Escrito por\" \/>\n\t<meta name=\"twitter:data1\" content=\"Admin\" \/>\n\t<meta name=\"twitter:label2\" content=\"Est. tempo de leitura\" \/>\n\t<meta name=\"twitter:data2\" content=\"3 minutos\" \/>\n<script type=\"application\/ld+json\" class=\"yoast-schema-graph\">{\"@context\":\"https:\/\/schema.org\",\"@graph\":[{\"@type\":\"Article\",\"@id\":\"https:\/\/rioonwatch.org.br\/?p=20453#article\",\"isPartOf\":{\"@id\":\"https:\/\/rioonwatch.org.br\/?p=20453\"},\"author\":{\"name\":\"Admin\",\"@id\":\"https:\/\/rioonwatch.org.br\/#\/schema\/person\/11d64c290506f9df50c71b850c473f68\"},\"headline\":\"Zacarias Realiza Arraial de Resist\u00eancia em Resposta \u00e0 Viola\u00e7\u00f5es de Direitos Humanos [IMAGENS]\",\"datePublished\":\"2016-06-24T22:46:34+00:00\",\"dateModified\":\"2018-06-27T12:17:40+00:00\",\"mainEntityOfPage\":{\"@id\":\"https:\/\/rioonwatch.org.br\/?p=20453\"},\"wordCount\":626,\"publisher\":{\"@id\":\"https:\/\/rioonwatch.org.br\/#organization\"},\"image\":{\"@id\":\"https:\/\/rioonwatch.org.br\/?p=20453#primaryimage\"},\"thumbnailUrl\":\"https:\/\/rioonwatch.org.br\/wp-content\/uploads\/2016\/06\/Festa-junina-decorations-featured.jpg\",\"keywords\":[\"col\u00f4nia de pescadores\",\"Comiss\u00e3o de Direitos Humanos - Alerj\",\"cultura\",\"Direitos Humanos\",\"especula\u00e7\u00e3o imobili\u00e1ria\",\"Fl\u00e1vio Serafini\",\"Governo do Estado\",\"Grande Rio\",\"Maric\u00e1\",\"Remo\u00e7\u00e3o\",\"resist\u00eancia\",\"viola\u00e7\u00f5es\",\"Zacarias\"],\"articleSection\":[\"#OlhoNasRemo\u00e7\u00f5es\",\"Cobertura de Eventos\",\"Den\u00fancias\",\"Escrito por Aliados\",\"Fotorreportagens\"],\"inLanguage\":\"pt-BR\"},{\"@type\":\"WebPage\",\"@id\":\"https:\/\/rioonwatch.org.br\/?p=20453\",\"url\":\"https:\/\/rioonwatch.org.br\/?p=20453\",\"name\":\"Zacarias Realiza Arraial de Resist\u00eancia em Resposta \u00e0 Viola\u00e7\u00f5es de Direitos Humanos [IMAGENS] - RioOnWatch\",\"isPartOf\":{\"@id\":\"https:\/\/rioonwatch.org.br\/#website\"},\"primaryImageOfPage\":{\"@id\":\"https:\/\/rioonwatch.org.br\/?p=20453#primaryimage\"},\"image\":{\"@id\":\"https:\/\/rioonwatch.org.br\/?p=20453#primaryimage\"},\"thumbnailUrl\":\"https:\/\/rioonwatch.org.br\/wp-content\/uploads\/2016\/06\/Festa-junina-decorations-featured.jpg\",\"datePublished\":\"2016-06-24T22:46:34+00:00\",\"dateModified\":\"2018-06-27T12:17:40+00:00\",\"breadcrumb\":{\"@id\":\"https:\/\/rioonwatch.org.br\/?p=20453#breadcrumb\"},\"inLanguage\":\"pt-BR\",\"potentialAction\":[{\"@type\":\"ReadAction\",\"target\":[\"https:\/\/rioonwatch.org.br\/?p=20453\"]}]},{\"@type\":\"ImageObject\",\"inLanguage\":\"pt-BR\",\"@id\":\"https:\/\/rioonwatch.org.br\/?p=20453#primaryimage\",\"url\":\"https:\/\/rioonwatch.org.br\/wp-content\/uploads\/2016\/06\/Festa-junina-decorations-featured.jpg\",\"contentUrl\":\"https:\/\/rioonwatch.org.br\/wp-content\/uploads\/2016\/06\/Festa-junina-decorations-featured.jpg\",\"width\":923,\"height\":522},{\"@type\":\"BreadcrumbList\",\"@id\":\"https:\/\/rioonwatch.org.br\/?p=20453#breadcrumb\",\"itemListElement\":[{\"@type\":\"ListItem\",\"position\":1,\"name\":\"In\u00edcio\",\"item\":\"https:\/\/rioonwatch.org.br\/\"},{\"@type\":\"ListItem\",\"position\":2,\"name\":\"Zacarias Realiza Arraial de Resist\u00eancia em Resposta \u00e0 Viola\u00e7\u00f5es de Direitos Humanos [IMAGENS]\"}]},{\"@type\":\"WebSite\",\"@id\":\"https:\/\/rioonwatch.org.br\/#website\",\"url\":\"https:\/\/rioonwatch.org.br\/\",\"name\":\"RioOnWatch\",\"description\":\"relatos das favelas cariocas\",\"publisher\":{\"@id\":\"https:\/\/rioonwatch.org.br\/#organization\"},\"potentialAction\":[{\"@type\":\"SearchAction\",\"target\":{\"@type\":\"EntryPoint\",\"urlTemplate\":\"https:\/\/rioonwatch.org.br\/?s={search_term_string}\"},\"query-input\":{\"@type\":\"PropertyValueSpecification\",\"valueRequired\":true,\"valueName\":\"search_term_string\"}}],\"inLanguage\":\"pt-BR\"},{\"@type\":\"Organization\",\"@id\":\"https:\/\/rioonwatch.org.br\/#organization\",\"name\":\"RioOnWatch\",\"url\":\"https:\/\/rioonwatch.org.br\/\",\"logo\":{\"@type\":\"ImageObject\",\"inLanguage\":\"pt-BR\",\"@id\":\"https:\/\/rioonwatch.org.br\/#\/schema\/logo\/image\/\",\"url\":\"https:\/\/rioonwatch.org.br\/wp-content\/uploads\/2021\/06\/RioOnWatchcabecalhoPT11anos-2.png\",\"contentUrl\":\"https:\/\/rioonwatch.org.br\/wp-content\/uploads\/2021\/06\/RioOnWatchcabecalhoPT11anos-2.png\",\"width\":779,\"height\":277,\"caption\":\"RioOnWatch\"},\"image\":{\"@id\":\"https:\/\/rioonwatch.org.br\/#\/schema\/logo\/image\/\"}},{\"@type\":\"Person\",\"@id\":\"https:\/\/rioonwatch.org.br\/#\/schema\/person\/11d64c290506f9df50c71b850c473f68\",\"name\":\"Admin\",\"image\":{\"@type\":\"ImageObject\",\"inLanguage\":\"pt-BR\",\"@id\":\"https:\/\/rioonwatch.org.br\/#\/schema\/person\/image\/\",\"url\":\"https:\/\/secure.gravatar.com\/avatar\/56211ac74568383903349a1485e3c325?s=96&d=blank&r=g\",\"contentUrl\":\"https:\/\/secure.gravatar.com\/avatar\/56211ac74568383903349a1485e3c325?s=96&d=blank&r=g\",\"caption\":\"Admin\"},\"url\":\"https:\/\/rioonwatch.org.br\/?author=129\"}]}<\/script>\n<!-- \/ Yoast SEO plugin. -->","yoast_head_json":{"title":"Zacarias Realiza Arraial de Resist\u00eancia em Resposta \u00e0 Viola\u00e7\u00f5es de Direitos Humanos [IMAGENS] - RioOnWatch","robots":{"index":"index","follow":"follow","max-snippet":"max-snippet:-1","max-image-preview":"max-image-preview:large","max-video-preview":"max-video-preview:-1"},"canonical":"https:\/\/rioonwatch.org.br\/?p=20453","og_locale":"pt_BR","og_type":"article","og_title":"Zacarias Realiza Arraial de Resist\u00eancia em Resposta \u00e0 Viola\u00e7\u00f5es de Direitos Humanos [IMAGENS] - RioOnWatch","og_description":"Click Here for English Membros da tradicional comunidade de pescadores de\u00a0Zacarias localizada no munic\u00edpio de Maric\u00e1 no estado do Rio de Janeiro e membros da ALERJ se reuniram na comunidade\u00a0no dia 18 de junho em [...]","og_url":"https:\/\/rioonwatch.org.br\/?p=20453","og_site_name":"RioOnWatch","article_published_time":"2016-06-24T22:46:34+00:00","article_modified_time":"2018-06-27T12:17:40+00:00","og_image":[{"width":923,"height":522,"url":"https:\/\/rioonwatch.org.br\/wp-content\/uploads\/2016\/06\/Festa-junina-decorations-featured.jpg","type":"image\/jpeg"}],"author":"Admin","twitter_card":"summary_large_image","twitter_misc":{"Escrito por":"Admin","Est. tempo de leitura":"3 minutos"},"schema":{"@context":"https:\/\/schema.org","@graph":[{"@type":"Article","@id":"https:\/\/rioonwatch.org.br\/?p=20453#article","isPartOf":{"@id":"https:\/\/rioonwatch.org.br\/?p=20453"},"author":{"name":"Admin","@id":"https:\/\/rioonwatch.org.br\/#\/schema\/person\/11d64c290506f9df50c71b850c473f68"},"headline":"Zacarias Realiza Arraial de Resist\u00eancia em Resposta \u00e0 Viola\u00e7\u00f5es de Direitos Humanos [IMAGENS]","datePublished":"2016-06-24T22:46:34+00:00","dateModified":"2018-06-27T12:17:40+00:00","mainEntityOfPage":{"@id":"https:\/\/rioonwatch.org.br\/?p=20453"},"wordCount":626,"publisher":{"@id":"https:\/\/rioonwatch.org.br\/#organization"},"image":{"@id":"https:\/\/rioonwatch.org.br\/?p=20453#primaryimage"},"thumbnailUrl":"https:\/\/rioonwatch.org.br\/wp-content\/uploads\/2016\/06\/Festa-junina-decorations-featured.jpg","keywords":["col\u00f4nia de pescadores","Comiss\u00e3o de Direitos Humanos - Alerj","cultura","Direitos Humanos","especula\u00e7\u00e3o imobili\u00e1ria","Fl\u00e1vio Serafini","Governo do Estado","Grande Rio","Maric\u00e1","Remo\u00e7\u00e3o","resist\u00eancia","viola\u00e7\u00f5es","Zacarias"],"articleSection":["#OlhoNasRemo\u00e7\u00f5es","Cobertura de Eventos","Den\u00fancias","Escrito por Aliados","Fotorreportagens"],"inLanguage":"pt-BR"},{"@type":"WebPage","@id":"https:\/\/rioonwatch.org.br\/?p=20453","url":"https:\/\/rioonwatch.org.br\/?p=20453","name":"Zacarias Realiza Arraial de Resist\u00eancia em Resposta \u00e0 Viola\u00e7\u00f5es de Direitos Humanos [IMAGENS] - RioOnWatch","isPartOf":{"@id":"https:\/\/rioonwatch.org.br\/#website"},"primaryImageOfPage":{"@id":"https:\/\/rioonwatch.org.br\/?p=20453#primaryimage"},"image":{"@id":"https:\/\/rioonwatch.org.br\/?p=20453#primaryimage"},"thumbnailUrl":"https:\/\/rioonwatch.org.br\/wp-content\/uploads\/2016\/06\/Festa-junina-decorations-featured.jpg","datePublished":"2016-06-24T22:46:34+00:00","dateModified":"2018-06-27T12:17:40+00:00","breadcrumb":{"@id":"https:\/\/rioonwatch.org.br\/?p=20453#breadcrumb"},"inLanguage":"pt-BR","potentialAction":[{"@type":"ReadAction","target":["https:\/\/rioonwatch.org.br\/?p=20453"]}]},{"@type":"ImageObject","inLanguage":"pt-BR","@id":"https:\/\/rioonwatch.org.br\/?p=20453#primaryimage","url":"https:\/\/rioonwatch.org.br\/wp-content\/uploads\/2016\/06\/Festa-junina-decorations-featured.jpg","contentUrl":"https:\/\/rioonwatch.org.br\/wp-content\/uploads\/2016\/06\/Festa-junina-decorations-featured.jpg","width":923,"height":522},{"@type":"BreadcrumbList","@id":"https:\/\/rioonwatch.org.br\/?p=20453#breadcrumb","itemListElement":[{"@type":"ListItem","position":1,"name":"In\u00edcio","item":"https:\/\/rioonwatch.org.br\/"},{"@type":"ListItem","position":2,"name":"Zacarias Realiza Arraial de Resist\u00eancia em Resposta \u00e0 Viola\u00e7\u00f5es de Direitos Humanos [IMAGENS]"}]},{"@type":"WebSite","@id":"https:\/\/rioonwatch.org.br\/#website","url":"https:\/\/rioonwatch.org.br\/","name":"RioOnWatch","description":"relatos das favelas cariocas","publisher":{"@id":"https:\/\/rioonwatch.org.br\/#organization"},"potentialAction":[{"@type":"SearchAction","target":{"@type":"EntryPoint","urlTemplate":"https:\/\/rioonwatch.org.br\/?s={search_term_string}"},"query-input":{"@type":"PropertyValueSpecification","valueRequired":true,"valueName":"search_term_string"}}],"inLanguage":"pt-BR"},{"@type":"Organization","@id":"https:\/\/rioonwatch.org.br\/#organization","name":"RioOnWatch","url":"https:\/\/rioonwatch.org.br\/","logo":{"@type":"ImageObject","inLanguage":"pt-BR","@id":"https:\/\/rioonwatch.org.br\/#\/schema\/logo\/image\/","url":"https:\/\/rioonwatch.org.br\/wp-content\/uploads\/2021\/06\/RioOnWatchcabecalhoPT11anos-2.png","contentUrl":"https:\/\/rioonwatch.org.br\/wp-content\/uploads\/2021\/06\/RioOnWatchcabecalhoPT11anos-2.png","width":779,"height":277,"caption":"RioOnWatch"},"image":{"@id":"https:\/\/rioonwatch.org.br\/#\/schema\/logo\/image\/"}},{"@type":"Person","@id":"https:\/\/rioonwatch.org.br\/#\/schema\/person\/11d64c290506f9df50c71b850c473f68","name":"Admin","image":{"@type":"ImageObject","inLanguage":"pt-BR","@id":"https:\/\/rioonwatch.org.br\/#\/schema\/person\/image\/","url":"https:\/\/secure.gravatar.com\/avatar\/56211ac74568383903349a1485e3c325?s=96&d=blank&r=g","contentUrl":"https:\/\/secure.gravatar.com\/avatar\/56211ac74568383903349a1485e3c325?s=96&d=blank&r=g","caption":"Admin"},"url":"https:\/\/rioonwatch.org.br\/?author=129"}]}},"_links":{"self":[{"href":"https:\/\/rioonwatch.org.br\/index.php?rest_route=\/wp\/v2\/posts\/20453"}],"collection":[{"href":"https:\/\/rioonwatch.org.br\/index.php?rest_route=\/wp\/v2\/posts"}],"about":[{"href":"https:\/\/rioonwatch.org.br\/index.php?rest_route=\/wp\/v2\/types\/post"}],"author":[{"embeddable":true,"href":"https:\/\/rioonwatch.org.br\/index.php?rest_route=\/wp\/v2\/users\/129"}],"replies":[{"embeddable":true,"href":"https:\/\/rioonwatch.org.br\/index.php?rest_route=%2Fwp%2Fv2%2Fcomments&post=20453"}],"version-history":[{"count":15,"href":"https:\/\/rioonwatch.org.br\/index.php?rest_route=\/wp\/v2\/posts\/20453\/revisions"}],"predecessor-version":[{"id":34315,"href":"https:\/\/rioonwatch.org.br\/index.php?rest_route=\/wp\/v2\/posts\/20453\/revisions\/34315"}],"wp:featuredmedia":[{"embeddable":true,"href":"https:\/\/rioonwatch.org.br\/index.php?rest_route=\/wp\/v2\/media\/20464"}],"wp:attachment":[{"href":"https:\/\/rioonwatch.org.br\/index.php?rest_route=%2Fwp%2Fv2%2Fmedia&parent=20453"}],"wp:term":[{"taxonomy":"category","embeddable":true,"href":"https:\/\/rioonwatch.org.br\/index.php?rest_route=%2Fwp%2Fv2%2Fcategories&post=20453"},{"taxonomy":"post_tag","embeddable":true,"href":"https:\/\/rioonwatch.org.br\/index.php?rest_route=%2Fwp%2Fv2%2Ftags&post=20453"},{"taxonomy":"writer","embeddable":true,"href":"https:\/\/rioonwatch.org.br\/index.php?rest_route=%2Fwp%2Fv2%2Fwriter&post=20453"},{"taxonomy":"translator","embeddable":true,"href":"https:\/\/rioonwatch.org.br\/index.php?rest_route=%2Fwp%2Fv2%2Ftranslator&post=20453"},{"taxonomy":"source","embeddable":true,"href":"https:\/\/rioonwatch.org.br\/index.php?rest_route=%2Fwp%2Fv2%2Fsource&post=20453"},{"taxonomy":"ilustrador","embeddable":true,"href":"https:\/\/rioonwatch.org.br\/index.php?rest_route=%2Fwp%2Fv2%2Filustrador&post=20453"},{"taxonomy":"fotografo","embeddable":true,"href":"https:\/\/rioonwatch.org.br\/index.php?rest_route=%2Fwp%2Fv2%2Ffotografo&post=20453"}],"curies":[{"name":"wp","href":"https:\/\/api.w.org\/{rel}","templated":true}]}}