{"id":2054,"date":"2011-08-27T00:01:26","date_gmt":"2011-08-27T03:01:26","guid":{"rendered":"http:\/\/favela.info\/?p=2054"},"modified":"2024-06-20T16:31:28","modified_gmt":"2024-06-20T19:31:28","slug":"asa-branca-se-prepara-para-olimpiadas","status":"publish","type":"post","link":"https:\/\/rioonwatch.org.br\/?p=2054","title":{"rendered":"Asa Branca se prepara para as Olimp\u00edadas"},"content":{"rendered":"<p style=\"text-align: right;\"><em><strong><a href=\"http:\/\/bit.ly\/27aNctg\" target=\"_blank\" rel=\"noopener\">Click Here for English<img decoding=\"async\" width=\"20\" height=\"20\" class=\"alignright wp-image-15790\" src=\"http:\/\/rioonwatch.org.br\/wp-content\/uploads\/2012\/08\/EN-standard-e1439583104716.jpg\" alt=\"\" \/><\/a><\/strong><\/em><\/p>\n<p>Debates sobre pol\u00edtica urbana tendem a ser basicamente te\u00f3rico: quem ganha, quem perde, e o porqu\u00ea ou ent\u00e3o t\u00e9cnico: regulamentos, subs\u00eddios, se o processo \u00e9 legal, qual \u00e9 a fonte de financiamento; mas Carlos Alberto &#8220;Bezerra&#8221; Costa, Presidente da Associa\u00e7\u00e3o de Moradores da comunidade da Asa Branca, \u00e9 um lembrete do quanto o desenvolvimento urbano pode ser direcionada, n\u00e3o por teoria ou pol\u00edtica, mas pela personalidade.<\/p>\n<p>Como lideran\u00e7a de uma comunidade auto-constru\u00edda e auto-suficiente em uma plan\u00edcie em Jacarepagu\u00e1, Bezerra \u00e9 o capit\u00e3o de um navio abalado pelas primeiras ondas dos Jogos Ol\u00edmpicos, &#8220;\u00e1guas turbulentas\u201d. O Parque Ol\u00edmpico est\u00e1 planejado para ser constru\u00eddo a uma curta caminhada para o sul da comunidade, e est\u00e1 previsto a erradica\u00e7\u00e3o completa das casas da comunidade vizinha <a href=\"http:\/\/bit.ly\/pQhcEG\" target=\"_blank\" rel=\"noopener\">Vila Aut\u00f3dromo<\/a>. J\u00e1 a oeste, do outro lado da Avenida Salvador Allende, se pode ver as torres da Morada dos Passarinhos, mais um empreendimento de condom\u00ednio fechado na Zona Oeste. E subindo a Avenida Salvador Allende, ao longo da borda noroeste da comunidade, est\u00e3o os planos para o corredor de \u00f4nibus (BRT) , que ligar\u00e1 o Parque Ol\u00edmpico, com outro centro das Olimp\u00edadas em Deodoro, na regi\u00e3o norte.<\/p>\n<p><a href=\"http:\/\/rioonwatch.org\/wp-content\/uploads\/2011\/08\/AsaBrancaMap_500x400.jpg\"><img fetchpriority=\"high\" decoding=\"async\" class=\"aligncenter size-full wp-image-1403\" title=\"Mapa da Asa Branca\" src=\"http:\/\/rioonwatch.org\/wp-content\/uploads\/2011\/08\/AsaBrancaMap_500x400.jpg\" alt=\"\" width=\"500\" height=\"400\" \/><\/a><\/p>\n<p>Com os olhos arregalados\u00a0 e afabilidade quase infantil que suaviza seu porte imponente,\u00a0Bezerra est\u00e1 em uma encruzilhada de duas das ruas residenciais da Asa Branca, e em uma encruzilhada do futuro do bairro, e periodicamente, faz uma pausa ao falar\u00a0para deixar um menino passar em sua bicicleta e para acenar alegremente pra um trauseunte idoso, enquanto reflete sobre algumas das mudan\u00e7as recentes e iminente da comunidade. A prefeitura da cidade informou a comunidade que cerca de trinta resid\u00eancias ser\u00e3o demolidas para abrir caminho para a rota BRT. (A raz\u00e3o exata para estes despejos \u00e9 dif\u00edcil de definir. Um <a href=\"http:\/\/bit.ly\/r5KuJV\" target=\"_blank\" rel=\"noopener\">video promocional<\/a> mostra o corredor do BRT raspar parte do territ\u00f3rio ao norte da Asa Branca, a rota atualmente exibido no <a href=\"http:\/\/bit.ly\/pyCiDL\" target=\"_blank\" rel=\"noopener\"> site oficial<\/a> para o desenvolvimento das\u00a0Olimp\u00edadas n\u00e3o mostra nenhuma intrus\u00e3o.) Qualquer que seja o resultado final, Bezerra est\u00e1 trabalhando para manter os residentes amea\u00e7ados de remo\u00e7\u00e3o, reassentados para dentro da pr\u00f3pria comunidade. Ele \u00e9 pragm\u00e1tico em suas rela\u00e7\u00f5es com a prefeitura da cidade: estrategicamente combativo quando ele acha que pode obter concess\u00f5es; cooperativo quando ele est\u00e1 resignado com a sua posi\u00e7\u00e3o.<\/p>\n<p>Al\u00e9m de uma via de transporte de massa a ser lan\u00e7ada \u00e0 sua porta, outras mudan\u00e7as est\u00e3o em obras para Asa Branca. Devido \u00e0 sua proximidade com um o centro dos Jogos Ol\u00edmpicos da Barra, a comunidade tem sido priorizada para a urbaniza\u00e7\u00e3o atrav\u00e9s do programa <a href=\"http:\/\/bit.ly\/nLHQ8Z\" target=\"_blank\" rel=\"noopener\">Morar Carioca<\/a>. Est\u00e3o nos planos do programa para a comunidade: cl\u00ednicas de sa\u00fade, titula\u00e7\u00e3o de terras, e melhorias no sistema de esgotos. At\u00e9 agora, a comunidade tem tido pouca contribui\u00e7\u00e3o para a formula\u00e7\u00e3o desses projetos, e a postura de Bezerra teve que ser essencialmente reativa. Ele pretende negociar com a prefeitura para que o centro de sa\u00fade seja constru\u00eddo fora do plano original, vizando minimizar deslocaliza\u00e7\u00f5es de moradores.<\/p>\n<p><a href=\"http:\/\/rioonwatch.org\/wp-content\/uploads\/2011\/08\/AsaBrancaKids_300x353.jpg\"><img decoding=\"async\" class=\"alignleft size-full wp-image-1403\" title=\"Crian\u00e7as brincando na Asa Branca\" src=\"http:\/\/rioonwatch.org\/wp-content\/uploads\/2011\/08\/AsaBrancaKids_300x353.jpg\" alt=\"\" width=\"300\" height=\"353\" \/><\/a>O Morar Carioca vai melhorar a qualidade de vida na comunidade Asa Branca, mas estas melhorias poderiam ser uma b\u00ean\u00e7\u00e3o mista. Com a urbaniza\u00e7\u00e3o e melhores servi\u00e7os, a comunidade se torna mais prop\u00edcio para o desenvolvimento formal. Com locais pr\u00f3ximos de esportes e infra-estrutura de transporte, torna-se atraente para as fam\u00edlias de classe m\u00e9dia. E com titula\u00e7\u00e3o de terras, torna-se f\u00e1cil para os propriet\u00e1rios do im\u00f3vel para vender no mercado aberto. Juntos, estes ingredientes constituem uma receita para a gentrifica\u00e7\u00e3o, o deslocamento de fam\u00edlias de baixa renda, e a reparti\u00e7\u00e3o de coes\u00e3o da comunidade e seu car\u00e1ter.<\/p>\n<p>J\u00e1 h\u00e1 sinais de que a comunidade est\u00e1 se tornando menos comunit\u00e1ria e mais transacional. Um exemplo disso \u00e9 o decl\u00ednio da pr\u00e1tica do <em>mutir\u00e3o<\/em>. <em>Mutir\u00e3o <\/em>\u00e9 o esfor\u00e7o coletivo de constru\u00e7\u00e3o, onde os moradores se juntam, sem qualquer compensa\u00e7\u00e3o monet\u00e1ria, para construir habita\u00e7\u00f5es e locais de obras p\u00fablicas. Na comunidade Asa Branca, muitas das estruturas originais, bem como o sistema de esgoto foram constru\u00eddas por <em>mutir\u00e3o<\/em>, que hoje \u00e9 cada vez menos populares, j\u00e1 que a comunidade est\u00e1 mais est\u00e1vel e os moradores preferem pagar por servi\u00e7o prestado ao melhorar suas propriedades. Os residentes t\u00eam contribu\u00eddo menos para a manuten\u00e7\u00e3o do sistema de esgoto, o que gera resultados negativos para o mesmo.<\/p>\n<p><a href=\"http:\/\/rioonwatch.org\/wp-content\/uploads\/2011\/08\/KitchenetteBuilding_225x300.jpg\"><img loading=\"lazy\" decoding=\"async\" class=\"alignleft size-full wp-image-1403\" title=\"Kitinetes\" src=\"http:\/\/rioonwatch.org\/wp-content\/uploads\/2011\/08\/KitchenetteBuilding_225x300.jpg\" alt=\"\" width=\"225\" height=\"300\" \/><\/a>Uma segunda tend\u00eancia que sugere um decl\u00ednio na coes\u00e3o da comunidade, Bezerra descreve a crescente incid\u00eancia de locat\u00e1rios &#8211; especificamente do tipo de habita\u00e7\u00e3o &#8220;kitinete&#8221;, onde um propriet\u00e1rio constro\u00ed apartamentos projetados para uma pessoa. At\u00e9 20 kitinetes podem se encaixar em um pr\u00e9dio de tr\u00eas andares em um lote de tamanho padr\u00e3o, e muitas dessas unidades s\u00e3o alugadas aos trabalhadores que chegaram de fora do Rio para construir o condom\u00ednio nas proximidades.<\/p>\n<p>Bezerra est\u00e1 tentando arrecadar dinheiro para melhorar a Associa\u00e7\u00e3o de Moradores, atrav\u00e9s de festa com churrasco, e \u00e9 dif\u00edcil que os locat\u00e1rios tempor\u00e1rios se juntem aos antigos moradores.<\/p>\n<p>Ainda assim, Bezerra tem orgulho do que resta de uma forte identidade na comunidade. Ele cumprimenta os moradores que est\u00e3o jogando cartas ao longo do principal corredor comercial e promove um pe\u00e7a teatral que ser\u00e1 encenado por uma trupe local. Em seu caminho para visitar o ensaio da trupe, ele atravessa a Av. Salvador Allende, que hoje \u00e9 casa para cavalos que bebem \u00e1gua em po\u00e7as ao longo da estrada, e amanh\u00e3 ser\u00e1 o lar de um dos principais corredores de transporte do Rio de Janeiro. No meio da avenida, Bezerra p\u00e1ra de repente no meio da frase, e sua aten\u00e7\u00e3o voltar-se para uma grande po\u00e7a de \u00e1gua em um buraco cavado no ch\u00e3o. Antes de voltar para o seu caminho, Bezerra se agacha, coloca as m\u00e3os no buraco e ajusta a v\u00e1lvula. Em vista da sua posi\u00e7\u00e3o prec\u00e1ria de prote\u00e7\u00e3o da Asa Branca do turbilh\u00e3o das Olimp\u00edadas, um toque humana ser\u00e1 tudo que \u00e9 preciso.<\/p>\n<!-- AddThis Advanced Settings generic via filter on the_content --><!-- AddThis Share Buttons generic via filter on the_content -->","protected":false},"excerpt":{"rendered":"<div class=\"mh-excerpt\"><p>Click Here for English Debates sobre pol\u00edtica urbana tendem a ser basicamente te\u00f3rico: quem ganha, quem perde, e o porqu\u00ea ou ent\u00e3o t\u00e9cnico: regulamentos, subs\u00eddios, se o processo \u00e9 legal, qual \u00e9 a fonte de <a class=\"mh-excerpt-more\" href=\"https:\/\/rioonwatch.org.br\/?p=2054\" title=\"Asa Branca se prepara para as Olimp\u00edadas\">[&#8230;]<\/a><!-- AddThis Advanced Settings generic via filter on get_the_excerpt --><!-- AddThis Share Buttons generic via filter on get_the_excerpt --><\/p>\n<\/div>","protected":false},"author":129,"featured_media":2057,"comment_status":"open","ping_status":"closed","sticky":false,"template":"","format":"standard","meta":{"_acf_changed":false,"_monsterinsights_skip_tracking":false,"_monsterinsights_sitenote_active":false,"_monsterinsights_sitenote_note":"","_monsterinsights_sitenote_category":0,"footnotes":""},"categories":[1635],"tags":[274,1240,270,276,78,132,55,184],"writer":[269],"translator":[273],"source":[],"ilustrador":[],"fotografo":[],"class_list":{"0":"post-2054","1":"post","2":"type-post","3":"status-publish","4":"format-standard","5":"has-post-thumbnail","7":"category-1635","8":"tag-barra-da-tijuca","9":"tag-megaeventos","10":"tag-morar-carioca","11":"tag-mutirao","12":"tag-olimpiadas","13":"tag-transoeste","14":"tag-vila-autodromo","15":"tag-zona-oeste","16":"writer-jake-cummings","17":"translator-roseli-franco"},"acf":[],"yoast_head":"<!-- This site is optimized with the Yoast SEO plugin v25.6 - https:\/\/yoast.com\/wordpress\/plugins\/seo\/ -->\n<title>Asa Branca se prepara para as Olimp\u00edadas - RioOnWatch<\/title>\n<meta name=\"robots\" content=\"index, follow, max-snippet:-1, max-image-preview:large, max-video-preview:-1\" \/>\n<link rel=\"canonical\" href=\"https:\/\/rioonwatch.org.br\/?p=2054\" \/>\n<meta property=\"og:locale\" content=\"pt_BR\" \/>\n<meta property=\"og:type\" content=\"article\" \/>\n<meta property=\"og:title\" content=\"Asa Branca se prepara para as Olimp\u00edadas - RioOnWatch\" \/>\n<meta property=\"og:description\" content=\"Click Here for English Debates sobre pol\u00edtica urbana tendem a ser basicamente te\u00f3rico: quem ganha, quem perde, e o porqu\u00ea ou ent\u00e3o t\u00e9cnico: regulamentos, subs\u00eddios, se o processo \u00e9 legal, qual \u00e9 a fonte de [...]\" \/>\n<meta property=\"og:url\" content=\"https:\/\/rioonwatch.org.br\/?p=2054\" \/>\n<meta property=\"og:site_name\" content=\"RioOnWatch\" \/>\n<meta property=\"article:published_time\" content=\"2011-08-27T03:01:26+00:00\" \/>\n<meta property=\"article:modified_time\" content=\"2024-06-20T19:31:28+00:00\" \/>\n<meta property=\"og:image\" content=\"https:\/\/rioonwatch.org.br\/wp-content\/uploads\/2011\/08\/Bezerra.jpg\" \/>\n\t<meta property=\"og:image:width\" content=\"300\" \/>\n\t<meta property=\"og:image:height\" content=\"225\" \/>\n\t<meta property=\"og:image:type\" content=\"image\/jpeg\" \/>\n<meta name=\"author\" content=\"Admin\" \/>\n<meta name=\"twitter:card\" content=\"summary_large_image\" \/>\n<meta name=\"twitter:label1\" content=\"Escrito por\" \/>\n\t<meta name=\"twitter:data1\" content=\"Admin\" \/>\n\t<meta name=\"twitter:label2\" content=\"Est. tempo de leitura\" \/>\n\t<meta name=\"twitter:data2\" content=\"5 minutos\" \/>\n<script type=\"application\/ld+json\" class=\"yoast-schema-graph\">{\"@context\":\"https:\/\/schema.org\",\"@graph\":[{\"@type\":\"Article\",\"@id\":\"https:\/\/rioonwatch.org.br\/?p=2054#article\",\"isPartOf\":{\"@id\":\"https:\/\/rioonwatch.org.br\/?p=2054\"},\"author\":{\"name\":\"Admin\",\"@id\":\"https:\/\/rioonwatch.org.br\/#\/schema\/person\/11d64c290506f9df50c71b850c473f68\"},\"headline\":\"Asa Branca se prepara para as Olimp\u00edadas\",\"datePublished\":\"2011-08-27T03:01:26+00:00\",\"dateModified\":\"2024-06-20T19:31:28+00:00\",\"mainEntityOfPage\":{\"@id\":\"https:\/\/rioonwatch.org.br\/?p=2054\"},\"wordCount\":1070,\"commentCount\":1,\"publisher\":{\"@id\":\"https:\/\/rioonwatch.org.br\/#organization\"},\"image\":{\"@id\":\"https:\/\/rioonwatch.org.br\/?p=2054#primaryimage\"},\"thumbnailUrl\":\"https:\/\/rioonwatch.org.br\/wp-content\/uploads\/2011\/08\/Bezerra.jpg\",\"keywords\":[\"Barra da Tijuca\",\"Megaeventos\",\"Morar Carioca\",\"mutir\u00e3o\",\"Olimp\u00edadas\",\"TransOeste\",\"Vila Aut\u00f3dromo\",\"Zona Oeste\"],\"articleSection\":[\"#Rio2016\"],\"inLanguage\":\"pt-BR\",\"potentialAction\":[{\"@type\":\"CommentAction\",\"name\":\"Comment\",\"target\":[\"https:\/\/rioonwatch.org.br\/?p=2054#respond\"]}]},{\"@type\":\"WebPage\",\"@id\":\"https:\/\/rioonwatch.org.br\/?p=2054\",\"url\":\"https:\/\/rioonwatch.org.br\/?p=2054\",\"name\":\"Asa Branca se prepara para as Olimp\u00edadas - RioOnWatch\",\"isPartOf\":{\"@id\":\"https:\/\/rioonwatch.org.br\/#website\"},\"primaryImageOfPage\":{\"@id\":\"https:\/\/rioonwatch.org.br\/?p=2054#primaryimage\"},\"image\":{\"@id\":\"https:\/\/rioonwatch.org.br\/?p=2054#primaryimage\"},\"thumbnailUrl\":\"https:\/\/rioonwatch.org.br\/wp-content\/uploads\/2011\/08\/Bezerra.jpg\",\"datePublished\":\"2011-08-27T03:01:26+00:00\",\"dateModified\":\"2024-06-20T19:31:28+00:00\",\"breadcrumb\":{\"@id\":\"https:\/\/rioonwatch.org.br\/?p=2054#breadcrumb\"},\"inLanguage\":\"pt-BR\",\"potentialAction\":[{\"@type\":\"ReadAction\",\"target\":[\"https:\/\/rioonwatch.org.br\/?p=2054\"]}]},{\"@type\":\"ImageObject\",\"inLanguage\":\"pt-BR\",\"@id\":\"https:\/\/rioonwatch.org.br\/?p=2054#primaryimage\",\"url\":\"https:\/\/rioonwatch.org.br\/wp-content\/uploads\/2011\/08\/Bezerra.jpg\",\"contentUrl\":\"https:\/\/rioonwatch.org.br\/wp-content\/uploads\/2011\/08\/Bezerra.jpg\",\"width\":300,\"height\":225},{\"@type\":\"BreadcrumbList\",\"@id\":\"https:\/\/rioonwatch.org.br\/?p=2054#breadcrumb\",\"itemListElement\":[{\"@type\":\"ListItem\",\"position\":1,\"name\":\"In\u00edcio\",\"item\":\"https:\/\/rioonwatch.org.br\/\"},{\"@type\":\"ListItem\",\"position\":2,\"name\":\"Asa Branca se prepara para as Olimp\u00edadas\"}]},{\"@type\":\"WebSite\",\"@id\":\"https:\/\/rioonwatch.org.br\/#website\",\"url\":\"https:\/\/rioonwatch.org.br\/\",\"name\":\"RioOnWatch\",\"description\":\"relatos das favelas cariocas\",\"publisher\":{\"@id\":\"https:\/\/rioonwatch.org.br\/#organization\"},\"potentialAction\":[{\"@type\":\"SearchAction\",\"target\":{\"@type\":\"EntryPoint\",\"urlTemplate\":\"https:\/\/rioonwatch.org.br\/?s={search_term_string}\"},\"query-input\":{\"@type\":\"PropertyValueSpecification\",\"valueRequired\":true,\"valueName\":\"search_term_string\"}}],\"inLanguage\":\"pt-BR\"},{\"@type\":\"Organization\",\"@id\":\"https:\/\/rioonwatch.org.br\/#organization\",\"name\":\"RioOnWatch\",\"url\":\"https:\/\/rioonwatch.org.br\/\",\"logo\":{\"@type\":\"ImageObject\",\"inLanguage\":\"pt-BR\",\"@id\":\"https:\/\/rioonwatch.org.br\/#\/schema\/logo\/image\/\",\"url\":\"https:\/\/rioonwatch.org.br\/wp-content\/uploads\/2021\/06\/RioOnWatchcabecalhoPT11anos-2.png\",\"contentUrl\":\"https:\/\/rioonwatch.org.br\/wp-content\/uploads\/2021\/06\/RioOnWatchcabecalhoPT11anos-2.png\",\"width\":779,\"height\":277,\"caption\":\"RioOnWatch\"},\"image\":{\"@id\":\"https:\/\/rioonwatch.org.br\/#\/schema\/logo\/image\/\"}},{\"@type\":\"Person\",\"@id\":\"https:\/\/rioonwatch.org.br\/#\/schema\/person\/11d64c290506f9df50c71b850c473f68\",\"name\":\"Admin\",\"image\":{\"@type\":\"ImageObject\",\"inLanguage\":\"pt-BR\",\"@id\":\"https:\/\/rioonwatch.org.br\/#\/schema\/person\/image\/\",\"url\":\"https:\/\/secure.gravatar.com\/avatar\/56211ac74568383903349a1485e3c325?s=96&d=blank&r=g\",\"contentUrl\":\"https:\/\/secure.gravatar.com\/avatar\/56211ac74568383903349a1485e3c325?s=96&d=blank&r=g\",\"caption\":\"Admin\"},\"url\":\"https:\/\/rioonwatch.org.br\/?author=129\"}]}<\/script>\n<!-- \/ Yoast SEO plugin. -->","yoast_head_json":{"title":"Asa Branca se prepara para as Olimp\u00edadas - RioOnWatch","robots":{"index":"index","follow":"follow","max-snippet":"max-snippet:-1","max-image-preview":"max-image-preview:large","max-video-preview":"max-video-preview:-1"},"canonical":"https:\/\/rioonwatch.org.br\/?p=2054","og_locale":"pt_BR","og_type":"article","og_title":"Asa Branca se prepara para as Olimp\u00edadas - RioOnWatch","og_description":"Click Here for English Debates sobre pol\u00edtica urbana tendem a ser basicamente te\u00f3rico: quem ganha, quem perde, e o porqu\u00ea ou ent\u00e3o t\u00e9cnico: regulamentos, subs\u00eddios, se o processo \u00e9 legal, qual \u00e9 a fonte de [...]","og_url":"https:\/\/rioonwatch.org.br\/?p=2054","og_site_name":"RioOnWatch","article_published_time":"2011-08-27T03:01:26+00:00","article_modified_time":"2024-06-20T19:31:28+00:00","og_image":[{"width":300,"height":225,"url":"https:\/\/rioonwatch.org.br\/wp-content\/uploads\/2011\/08\/Bezerra.jpg","type":"image\/jpeg"}],"author":"Admin","twitter_card":"summary_large_image","twitter_misc":{"Escrito por":"Admin","Est. tempo de leitura":"5 minutos"},"schema":{"@context":"https:\/\/schema.org","@graph":[{"@type":"Article","@id":"https:\/\/rioonwatch.org.br\/?p=2054#article","isPartOf":{"@id":"https:\/\/rioonwatch.org.br\/?p=2054"},"author":{"name":"Admin","@id":"https:\/\/rioonwatch.org.br\/#\/schema\/person\/11d64c290506f9df50c71b850c473f68"},"headline":"Asa Branca se prepara para as Olimp\u00edadas","datePublished":"2011-08-27T03:01:26+00:00","dateModified":"2024-06-20T19:31:28+00:00","mainEntityOfPage":{"@id":"https:\/\/rioonwatch.org.br\/?p=2054"},"wordCount":1070,"commentCount":1,"publisher":{"@id":"https:\/\/rioonwatch.org.br\/#organization"},"image":{"@id":"https:\/\/rioonwatch.org.br\/?p=2054#primaryimage"},"thumbnailUrl":"https:\/\/rioonwatch.org.br\/wp-content\/uploads\/2011\/08\/Bezerra.jpg","keywords":["Barra da Tijuca","Megaeventos","Morar Carioca","mutir\u00e3o","Olimp\u00edadas","TransOeste","Vila Aut\u00f3dromo","Zona Oeste"],"articleSection":["#Rio2016"],"inLanguage":"pt-BR","potentialAction":[{"@type":"CommentAction","name":"Comment","target":["https:\/\/rioonwatch.org.br\/?p=2054#respond"]}]},{"@type":"WebPage","@id":"https:\/\/rioonwatch.org.br\/?p=2054","url":"https:\/\/rioonwatch.org.br\/?p=2054","name":"Asa Branca se prepara para as Olimp\u00edadas - RioOnWatch","isPartOf":{"@id":"https:\/\/rioonwatch.org.br\/#website"},"primaryImageOfPage":{"@id":"https:\/\/rioonwatch.org.br\/?p=2054#primaryimage"},"image":{"@id":"https:\/\/rioonwatch.org.br\/?p=2054#primaryimage"},"thumbnailUrl":"https:\/\/rioonwatch.org.br\/wp-content\/uploads\/2011\/08\/Bezerra.jpg","datePublished":"2011-08-27T03:01:26+00:00","dateModified":"2024-06-20T19:31:28+00:00","breadcrumb":{"@id":"https:\/\/rioonwatch.org.br\/?p=2054#breadcrumb"},"inLanguage":"pt-BR","potentialAction":[{"@type":"ReadAction","target":["https:\/\/rioonwatch.org.br\/?p=2054"]}]},{"@type":"ImageObject","inLanguage":"pt-BR","@id":"https:\/\/rioonwatch.org.br\/?p=2054#primaryimage","url":"https:\/\/rioonwatch.org.br\/wp-content\/uploads\/2011\/08\/Bezerra.jpg","contentUrl":"https:\/\/rioonwatch.org.br\/wp-content\/uploads\/2011\/08\/Bezerra.jpg","width":300,"height":225},{"@type":"BreadcrumbList","@id":"https:\/\/rioonwatch.org.br\/?p=2054#breadcrumb","itemListElement":[{"@type":"ListItem","position":1,"name":"In\u00edcio","item":"https:\/\/rioonwatch.org.br\/"},{"@type":"ListItem","position":2,"name":"Asa Branca se prepara para as Olimp\u00edadas"}]},{"@type":"WebSite","@id":"https:\/\/rioonwatch.org.br\/#website","url":"https:\/\/rioonwatch.org.br\/","name":"RioOnWatch","description":"relatos das favelas cariocas","publisher":{"@id":"https:\/\/rioonwatch.org.br\/#organization"},"potentialAction":[{"@type":"SearchAction","target":{"@type":"EntryPoint","urlTemplate":"https:\/\/rioonwatch.org.br\/?s={search_term_string}"},"query-input":{"@type":"PropertyValueSpecification","valueRequired":true,"valueName":"search_term_string"}}],"inLanguage":"pt-BR"},{"@type":"Organization","@id":"https:\/\/rioonwatch.org.br\/#organization","name":"RioOnWatch","url":"https:\/\/rioonwatch.org.br\/","logo":{"@type":"ImageObject","inLanguage":"pt-BR","@id":"https:\/\/rioonwatch.org.br\/#\/schema\/logo\/image\/","url":"https:\/\/rioonwatch.org.br\/wp-content\/uploads\/2021\/06\/RioOnWatchcabecalhoPT11anos-2.png","contentUrl":"https:\/\/rioonwatch.org.br\/wp-content\/uploads\/2021\/06\/RioOnWatchcabecalhoPT11anos-2.png","width":779,"height":277,"caption":"RioOnWatch"},"image":{"@id":"https:\/\/rioonwatch.org.br\/#\/schema\/logo\/image\/"}},{"@type":"Person","@id":"https:\/\/rioonwatch.org.br\/#\/schema\/person\/11d64c290506f9df50c71b850c473f68","name":"Admin","image":{"@type":"ImageObject","inLanguage":"pt-BR","@id":"https:\/\/rioonwatch.org.br\/#\/schema\/person\/image\/","url":"https:\/\/secure.gravatar.com\/avatar\/56211ac74568383903349a1485e3c325?s=96&d=blank&r=g","contentUrl":"https:\/\/secure.gravatar.com\/avatar\/56211ac74568383903349a1485e3c325?s=96&d=blank&r=g","caption":"Admin"},"url":"https:\/\/rioonwatch.org.br\/?author=129"}]}},"_links":{"self":[{"href":"https:\/\/rioonwatch.org.br\/index.php?rest_route=\/wp\/v2\/posts\/2054"}],"collection":[{"href":"https:\/\/rioonwatch.org.br\/index.php?rest_route=\/wp\/v2\/posts"}],"about":[{"href":"https:\/\/rioonwatch.org.br\/index.php?rest_route=\/wp\/v2\/types\/post"}],"author":[{"embeddable":true,"href":"https:\/\/rioonwatch.org.br\/index.php?rest_route=\/wp\/v2\/users\/129"}],"replies":[{"embeddable":true,"href":"https:\/\/rioonwatch.org.br\/index.php?rest_route=%2Fwp%2Fv2%2Fcomments&post=2054"}],"version-history":[{"count":18,"href":"https:\/\/rioonwatch.org.br\/index.php?rest_route=\/wp\/v2\/posts\/2054\/revisions"}],"predecessor-version":[{"id":74386,"href":"https:\/\/rioonwatch.org.br\/index.php?rest_route=\/wp\/v2\/posts\/2054\/revisions\/74386"}],"wp:featuredmedia":[{"embeddable":true,"href":"https:\/\/rioonwatch.org.br\/index.php?rest_route=\/wp\/v2\/media\/2057"}],"wp:attachment":[{"href":"https:\/\/rioonwatch.org.br\/index.php?rest_route=%2Fwp%2Fv2%2Fmedia&parent=2054"}],"wp:term":[{"taxonomy":"category","embeddable":true,"href":"https:\/\/rioonwatch.org.br\/index.php?rest_route=%2Fwp%2Fv2%2Fcategories&post=2054"},{"taxonomy":"post_tag","embeddable":true,"href":"https:\/\/rioonwatch.org.br\/index.php?rest_route=%2Fwp%2Fv2%2Ftags&post=2054"},{"taxonomy":"writer","embeddable":true,"href":"https:\/\/rioonwatch.org.br\/index.php?rest_route=%2Fwp%2Fv2%2Fwriter&post=2054"},{"taxonomy":"translator","embeddable":true,"href":"https:\/\/rioonwatch.org.br\/index.php?rest_route=%2Fwp%2Fv2%2Ftranslator&post=2054"},{"taxonomy":"source","embeddable":true,"href":"https:\/\/rioonwatch.org.br\/index.php?rest_route=%2Fwp%2Fv2%2Fsource&post=2054"},{"taxonomy":"ilustrador","embeddable":true,"href":"https:\/\/rioonwatch.org.br\/index.php?rest_route=%2Fwp%2Fv2%2Filustrador&post=2054"},{"taxonomy":"fotografo","embeddable":true,"href":"https:\/\/rioonwatch.org.br\/index.php?rest_route=%2Fwp%2Fv2%2Ffotografo&post=2054"}],"curies":[{"name":"wp","href":"https:\/\/api.w.org\/{rel}","templated":true}]}}