{"id":20543,"date":"2016-07-10T12:17:42","date_gmt":"2016-07-10T15:17:42","guid":{"rendered":"http:\/\/rioonwatch.org.br\/?p=20543"},"modified":"2016-07-10T12:41:11","modified_gmt":"2016-07-10T15:41:11","slug":"historia-cultura-e-organizacao-em-julio-otoni","status":"publish","type":"post","link":"https:\/\/rioonwatch.org.br\/?p=20543","title":{"rendered":"Hist\u00f3ria, Cultura e Mobiliza\u00e7\u00e3o em Julio Otoni"},"content":{"rendered":"<p style=\"text-align: right;\"><em><strong><a href=\"http:\/\/bit.ly\/1TxWsna\" target=\"_blank\">Click Here for English<img decoding=\"async\" width=\"20\" height=\"20\" class=\"alignright wp-image-15790\" src=\"http:\/\/rioonwatch.org.br\/wp-content\/uploads\/2012\/08\/EN-standard-e1439583104716.jpg\" alt=\"\" \/><\/a><\/strong><\/em><\/p>\n<p>A comunidade\u00a0<a href=\"http:\/\/bit.ly\/29p5Ea8\" target=\"_blank\">Julio Otoni<\/a> em <a href=\"http:\/\/bit.ly\/1EsSJzx\" target=\"_blank\">Santa Teresa<\/a> fica em um dos v\u00e1rios morros do Rio que est\u00e3o de frente para a Ba\u00eda de Guanabara. De cima da favela, se tem uma incr\u00edvel vis\u00e3o panor\u00e2mica do\u00a0o P\u00e3o de A\u00e7\u00facar e o Cristo Redentor. A comunidade \u00e9 lar de 400 fam\u00edlias, mais de 2000 pessoas no total.<\/p>\n<p>As primeiras fam\u00edlias se instalaram na \u00e1rea que se tornaria a\u00a0Julio Otoni nos anos 40. Os pais do l\u00edder comunit\u00e1rio,\u00a0<a href=\"http:\/\/bit.ly\/1IOjW1Z\" target=\"_blank\">Sizenaldo Marinho<\/a>, chegaram ali do nordeste nos anos 50, em busca de trabalho.<\/p>\n<p>\u201cEu tenho 47 anos, eu nasci aqui na comunidade. Meus pais moram aqui h\u00e1 mais de 50 anos. Quando eles chegaram era uma comunidade muito pequena, s\u00f3 tinha 16 fam\u00edlias, mas ao longo dos anos a popula\u00e7\u00e3o cresceu. Algumas fam\u00edlias ampliaram suas casas e alugaram quartos para pessoas morarem. Normalmente, as pessoas que vieram para morar em quartos alugados, acabaram ficando e construindo suas pr\u00f3prias casas.&#8221;<\/p>\n<p><a href=\"http:\/\/rioonwatch.org.br\/wp-content\/uploads\/2016\/07\/IMG_4187-1.jpg\"><img fetchpriority=\"high\" decoding=\"async\" class=\"aligncenter wp-image-20632 size-content\" title=\"Parquinho em Julio Otoni\" src=\"http:\/\/rioonwatch.org.br\/wp-content\/uploads\/2016\/07\/IMG_4187-1-620x264.jpg\" alt=\"IMG_4187-1\" width=\"620\" height=\"264\" srcset=\"https:\/\/rioonwatch.org.br\/wp-content\/uploads\/2016\/07\/IMG_4187-1-620x264.jpg 620w, https:\/\/rioonwatch.org.br\/wp-content\/uploads\/2016\/07\/IMG_4187-1-940x400.jpg 940w\" sizes=\"(max-width: 620px) 100vw, 620px\" \/><\/a><\/p>\n<p>\u201cMinhas primeiras mem\u00f3rias daqui, de quando eu era crian\u00e7a, era que tinha muita fruta, muitas \u00e1rvores. Quando eu era jovem eu vivia dentro da mata, colhendo frutas. Goiaba, manga, banana, abacate&#8230; Bem pr\u00f3ximo tinha um pomar, era gigante, ent\u00e3o n\u00f3s brinc\u00e1vamos l\u00e1 e \u00edamos l\u00e1 para pegar fruta. Eu quase nunca comia em casa, eu comia na rua ou com as fam\u00edlias dos meus amigos. As fam\u00edlias eram mais unidas naquela \u00e9poca&#8230;&#8221;<\/p>\n<p>&#8220;As mem\u00f3rias que eu tenho daquela \u00e9poca s\u00e3o de muito espa\u00e7o. Brinc\u00e1vamos com brincadeiras que as crian\u00e7as de hoje n\u00e3o brincam muito, como pular corda, pi\u00e3o, futebol e pipa. De noite, peg\u00e1vamos lenha e faz\u00edamos fogueiras e os adultos nos contavam hist\u00f3rias&#8230; Eu tinha muita liberdade, ficava na rua at\u00e9 tarde, descal\u00e7o com meus amigos. Naquela \u00e9poca as pessoas se juntavam com mais frequ\u00eancia, eles se abra\u00e7avam mais. Essa\u00a0\u00e9 a mem\u00f3ria que eu tenho da inf\u00e2ncia aqui.&#8221;<\/p>\n<p><a href=\"http:\/\/rioonwatch.org.br\/wp-content\/uploads\/2016\/07\/IMG_4204-1.jpg\"><img decoding=\"async\" class=\"aligncenter wp-image-20633 size-content\" title=\"Julio Otoni \u00e9 cercada por uma floresta densa\" src=\"http:\/\/rioonwatch.org.br\/wp-content\/uploads\/2016\/07\/IMG_4204-1-620x264.jpg\" alt=\"IMG_4204-1\" width=\"620\" height=\"264\" srcset=\"https:\/\/rioonwatch.org.br\/wp-content\/uploads\/2016\/07\/IMG_4204-1-620x264.jpg 620w, https:\/\/rioonwatch.org.br\/wp-content\/uploads\/2016\/07\/IMG_4204-1-940x400.jpg 940w\" sizes=\"(max-width: 620px) 100vw, 620px\" \/><\/a><\/p>\n<p>A m\u00e3e de Sizenaldo, Maria de Lourdes, tem uma mem\u00f3ria diferente de como era a comunidade quando ela chegou. Nascida no Recife, ela se mudou para Julio Otoni 52 anos atr\u00e1s. \u201cN\u00e3o t\u00ednhamos \u00e1gua corrente, n\u00e3o t\u00ednhamos energia. A mata era muito densa naquela \u00e9poca, ningu\u00e9m podia cortar porque tinham guardas florestais que cuidavam das \u00e1rvores. Minha casa era a \u00faltima na comunidade, do lado da mata&#8221;.<\/p>\n<p>&#8220;Todo dia \u00e0s 5 horas da tarde eu descia e esperava meu esposo voltar do trabalho, porque eu tinha medo de ter algu\u00e9m escondido na mata. Por isso, eu comecei criar muitos cachorros. N\u00f3s t\u00ednhamos sete cachorros para guardar a casa. Eu ficava sozinha em casa e meu filho era muito pequeno ainda.\u201d<\/p>\n<p><a href=\"http:\/\/rioonwatch.org.br\/wp-content\/uploads\/2016\/07\/IMG_4220.jpg\"><img loading=\"lazy\" decoding=\"async\" class=\"aligncenter wp-image-20634 size-content\" title=\"Em Julio Otoni\" src=\"http:\/\/rioonwatch.org.br\/wp-content\/uploads\/2016\/07\/IMG_4220-620x264.jpg\" alt=\"IMG_4220\" width=\"620\" height=\"264\" srcset=\"https:\/\/rioonwatch.org.br\/wp-content\/uploads\/2016\/07\/IMG_4220-620x264.jpg 620w, https:\/\/rioonwatch.org.br\/wp-content\/uploads\/2016\/07\/IMG_4220-940x400.jpg 940w\" sizes=\"(max-width: 620px) 100vw, 620px\" \/><\/a><\/p>\n<p>Muitas coisas mudaram desde aquela \u00e9poca. A casa da m\u00e3e de Sizenaldo n\u00e3o \u00e9 mais a \u00faltima na comunidade, e a mata foi cortada at\u00e9 mais acima. Casas foram constru\u00eddas mais acima da ladeira com o crescimento da comunidade.<\/p>\n<p>A comunidade cresceu durante os anos 90. Durante esse per\u00edodo Julio Otoni foi ocupada por <a href=\"http:\/\/bit.ly\/NRIxaP\" target=\"_blank\">traficantes<\/a>\u00a0que encorajaram o influxo de pessoas. \u201cQuanto maior a favela, melhor para os traficantes. Assim, eles tinham mais rotas de fuga, eles tinham mais clientes, eles tinham mais lugares onde podiam se esconder&#8230; Para eles era bom que a favela crescesse&#8221;, diz Sizenaldo. Em 2013, Julio Otoni recebeu a\u00a0<a href=\"http:\/\/bit.ly\/R5ueio\" target=\"_blank\">UPP<\/a> junto com a comunidade\u00a0<a href=\"http:\/\/bit.ly\/1IIwrcP\" target=\"_blank\">Cerro-Cor\u00e1<\/a> que fica do lado, mas embora haja a presen\u00e7a policial, outros servi\u00e7os p\u00fablicos como <a href=\"http:\/\/bit.ly\/14lMZGK\" target=\"_blank\">saneamento<\/a>, <a href=\"http:\/\/bit.ly\/1acNApR\" target=\"_blank\">educa\u00e7\u00e3o<\/a> e <a href=\"http:\/\/bit.ly\/1kzUmMv\" target=\"_blank\">sa\u00fade<\/a> n\u00e3o melhoraram.<\/p>\n<p>A comunidade tem tradi\u00e7\u00f5es culturais fortes, como por exemplo a realiza\u00e7\u00e3o de uma festa anual para o <a href=\"http:\/\/bit.ly\/HQ9VTK\" target=\"_blank\">Dia da Consci\u00eancia Negra<\/a>. \u201c\u00c9 o dia do <a href=\"http:\/\/bit.ly\/1V9EbMg\" target=\"_blank\">Zumbi dos Palmares<\/a>, um dos nossos primeiros her\u00f3is negros. Organizamos um evento na comunidade. Sempre fica \u00f3timo! Os moradores da minha rua me ajudam. Sempre fazemos um evento grande para comemorar Zumbi que foi muito importante&#8221;, diz Sizenaldo.<\/p>\n<p><a href=\"http:\/\/rioonwatch.org.br\/wp-content\/uploads\/2016\/07\/Naldo-Julio-Otoni-1.jpg\"><img loading=\"lazy\" decoding=\"async\" class=\"aligncenter wp-image-20635 size-content\" title=\"Sizenaldo Marinho\" src=\"http:\/\/rioonwatch.org.br\/wp-content\/uploads\/2016\/07\/Naldo-Julio-Otoni-1-620x264.jpg\" alt=\"Naldo-Julio-Otoni (1)\" width=\"620\" height=\"264\" srcset=\"https:\/\/rioonwatch.org.br\/wp-content\/uploads\/2016\/07\/Naldo-Julio-Otoni-1-620x264.jpg 620w, https:\/\/rioonwatch.org.br\/wp-content\/uploads\/2016\/07\/Naldo-Julio-Otoni-1-940x400.jpg 940w\" sizes=\"(max-width: 620px) 100vw, 620px\" \/><\/a><\/p>\n<p>Sizenaldo tamb\u00e9m fala da demanda para educa\u00e7\u00e3o para adultos na comunidade e sua iniciativa para cumprir essa car\u00eancia. Ele abriu um centro comunit\u00e1rio em setembro de 2004 e come\u00e7ou um programa de alfabetiza\u00e7\u00e3o de adultos para membros da comunidade: \u201cAlgu\u00e9m chegou para mim e falou: \u2018Voc\u00ea sabia que t\u00eam muitas pessoas aqui que n\u00e3o sabem ler?\u2019 Eu fiquei chocado. Naquela \u00e9poca eles tinham que descer a ladeira para aprender a ler, e poucas pessoas desciam porque eles voltavam do trabalho cansados&#8230; Tendo as aulas aqui na comunidade, ficou muito mais f\u00e1cil. Ent\u00e3o a primeira coisa que eu fiz no centro comunit\u00e1rio, foi oferecer aulas de alfabetiza\u00e7\u00e3o para adultos&#8221;.<\/p>\n<p>\u201cT\u00ednhamos 26 adultos, e n\u00f3s juntamos com um outro curso com 18 adultos que n\u00e3o sabiam nem ler nem escrever&#8230; Eu falei para meus amigos e contei para eles o que eu queria fazer. Eu fui at\u00e9 a Universidade C\u00e2ndido Mendes e consegui cadeiras, mesas, doa\u00e7\u00f5es de livros para fazer uma biblioteca e materiais pedag\u00f3gicos, todos de gra\u00e7a para os alunos adultos. E foi incr\u00edvel.&#8221;<\/p>\n<p>\u201cQuando as aulas acabaram eu chorei. Chorei porque entrevistamos eles e perguntamos porque eles queriam aprender a ler. Eles falaram: \u2018quando vou no supermercado eu n\u00e3o sei o que estou comprando. Eu n\u00e3o sei se \u00e9 um produto bom, qual \u00e9 a marca e quero saber&#8217;; \u2018meus filhos v\u00e3o para escola e as vezes eles me perguntam alguma coisa e eu n\u00e3o sei como responder a meu filho\u2019; e \u2018eu dirijo, mas eu n\u00e3o sei os nomes das ruas, e isto \u00e9 muito importante&#8217;.\u201d<\/p>\n<p>Sizenaldo afirma que ainda t\u00eam muitas demandas para o governo cumprir na comunidade: \u201cHoje em dia tem <a href=\"http:\/\/bit.ly\/11tBtBo\" target=\"_blank\">especula\u00e7\u00e3o<\/a> e <a href=\"http:\/\/bit.ly\/184FqS4\" target=\"_blank\">gentrifica\u00e7\u00e3o<\/a> em algumas favelas. Mas isso est\u00e1 muito longe [de Julio Otoni]. A realidade aqui \u00e9 muito diferente. A quest\u00e3o aqui, \u00e9 que o governo nunca olha para a favela. S\u00f3 durante a \u00e9poca da elei\u00e7\u00e3o, para ganhar votos. As vezes eu digo\u00a0que no Rio de Janeiro numa mesma rua, a uma esquina, a uma quadra pode existir duas realidades totalmente diferentes. Isto \u00e9 incr\u00edvel&#8221;.<\/p>\n<!-- AddThis Advanced Settings generic via filter on the_content --><!-- AddThis Share Buttons generic via filter on the_content -->","protected":false},"excerpt":{"rendered":"<div class=\"mh-excerpt\"><p>Click Here for English A comunidade\u00a0Julio Otoni em Santa Teresa fica em um dos v\u00e1rios morros do Rio que est\u00e3o de frente para a Ba\u00eda de Guanabara. De cima da favela, se tem uma incr\u00edvel <a class=\"mh-excerpt-more\" href=\"https:\/\/rioonwatch.org.br\/?p=20543\" title=\"Hist\u00f3ria, Cultura e Mobiliza\u00e7\u00e3o em Julio Otoni\">[&#8230;]<\/a><!-- AddThis Advanced Settings generic via filter on get_the_excerpt --><!-- AddThis Share Buttons generic via filter on get_the_excerpt --><\/p>\n<\/div>","protected":false},"author":129,"featured_media":20546,"comment_status":"closed","ping_status":"closed","sticky":false,"template":"","format":"standard","meta":{"_acf_changed":false,"_monsterinsights_skip_tracking":false,"_monsterinsights_sitenote_active":false,"_monsterinsights_sitenote_note":"","_monsterinsights_sitenote_category":0,"footnotes":""},"categories":[1629,1626],"tags":[1905,1014,81,421,316,128,1600,448,1795,1151,358,492,35,294,562,92,383],"writer":[1798],"translator":[1863],"source":[],"ilustrador":[],"fotografo":[],"class_list":{"0":"post-20543","1":"post","2":"type-post","3":"status-publish","4":"format-standard","5":"has-post-thumbnail","7":"category-entrevistas-e-perfis","8":"category-por-observadores-internacionais","9":"tag-alfabetizacao","10":"tag-cerro-cora","11":"tag-cultura","12":"tag-cultura-da-favela","13":"tag-educacao","14":"tag-historia","15":"tag-julio-otoni","16":"tag-lideranca","17":"tag-lideranca-comunitaria","18":"tag-organizacao","19":"tag-organizacao-comunitaria","20":"tag-saneamento","21":"tag-santa-teresa","22":"tag-saude","23":"tag-trafico-de-drogas","24":"tag-upp","25":"tag-zona-sul","26":"writer-rhona-mackay","27":"translator-meg-young"},"acf":[],"yoast_head":"<!-- This site is optimized with the Yoast SEO plugin v25.6 - https:\/\/yoast.com\/wordpress\/plugins\/seo\/ -->\n<title>Hist\u00f3ria, Cultura e Mobiliza\u00e7\u00e3o em Julio Otoni - RioOnWatch<\/title>\n<meta name=\"robots\" content=\"index, follow, max-snippet:-1, max-image-preview:large, max-video-preview:-1\" \/>\n<link rel=\"canonical\" href=\"https:\/\/rioonwatch.org.br\/?p=20543\" \/>\n<meta property=\"og:locale\" content=\"pt_BR\" \/>\n<meta property=\"og:type\" content=\"article\" \/>\n<meta property=\"og:title\" content=\"Hist\u00f3ria, Cultura e Mobiliza\u00e7\u00e3o em Julio Otoni - RioOnWatch\" \/>\n<meta property=\"og:description\" content=\"Click Here for English A comunidade\u00a0Julio Otoni em Santa Teresa fica em um dos v\u00e1rios morros do Rio que est\u00e3o de frente para a Ba\u00eda de Guanabara. De cima da favela, se tem uma incr\u00edvel [...]\" \/>\n<meta property=\"og:url\" content=\"https:\/\/rioonwatch.org.br\/?p=20543\" \/>\n<meta property=\"og:site_name\" content=\"RioOnWatch\" \/>\n<meta property=\"article:published_time\" content=\"2016-07-10T15:17:42+00:00\" \/>\n<meta property=\"article:modified_time\" content=\"2016-07-10T15:41:11+00:00\" \/>\n<meta property=\"og:image\" content=\"https:\/\/rioonwatch.org.br\/wp-content\/uploads\/2016\/06\/IMG_4202-scaled.jpg\" \/>\n\t<meta property=\"og:image:width\" content=\"2560\" \/>\n\t<meta property=\"og:image:height\" content=\"1920\" \/>\n\t<meta property=\"og:image:type\" content=\"image\/jpeg\" \/>\n<meta name=\"author\" content=\"Admin\" \/>\n<meta name=\"twitter:card\" content=\"summary_large_image\" \/>\n<meta name=\"twitter:label1\" content=\"Escrito por\" \/>\n\t<meta name=\"twitter:data1\" content=\"Admin\" \/>\n\t<meta name=\"twitter:label2\" content=\"Est. tempo de leitura\" \/>\n\t<meta name=\"twitter:data2\" content=\"5 minutos\" \/>\n<script type=\"application\/ld+json\" class=\"yoast-schema-graph\">{\"@context\":\"https:\/\/schema.org\",\"@graph\":[{\"@type\":\"Article\",\"@id\":\"https:\/\/rioonwatch.org.br\/?p=20543#article\",\"isPartOf\":{\"@id\":\"https:\/\/rioonwatch.org.br\/?p=20543\"},\"author\":{\"name\":\"Admin\",\"@id\":\"https:\/\/rioonwatch.org.br\/#\/schema\/person\/11d64c290506f9df50c71b850c473f68\"},\"headline\":\"Hist\u00f3ria, Cultura e Mobiliza\u00e7\u00e3o em Julio Otoni\",\"datePublished\":\"2016-07-10T15:17:42+00:00\",\"dateModified\":\"2016-07-10T15:41:11+00:00\",\"mainEntityOfPage\":{\"@id\":\"https:\/\/rioonwatch.org.br\/?p=20543\"},\"wordCount\":1046,\"publisher\":{\"@id\":\"https:\/\/rioonwatch.org.br\/#organization\"},\"image\":{\"@id\":\"https:\/\/rioonwatch.org.br\/?p=20543#primaryimage\"},\"thumbnailUrl\":\"https:\/\/rioonwatch.org.br\/wp-content\/uploads\/2016\/06\/IMG_4202-scaled.jpg\",\"keywords\":[\"alfabetiza\u00e7\u00e3o\",\"Cerro Cor\u00e1\",\"cultura\",\"cultura da favela\",\"educa\u00e7\u00e3o\",\"hist\u00f3ria\",\"Julio Otoni\",\"lideran\u00e7a\",\"lideran\u00e7a comunit\u00e1ria\",\"mobiliza\u00e7\u00e3o\",\"organiza\u00e7\u00e3o comunit\u00e1ria\",\"saneamento\",\"Santa Teresa\",\"sa\u00fade\",\"tr\u00e1fico de drogas\",\"UPP\",\"Zona Sul\"],\"articleSection\":[\"Entrevistas e Perfis\",\"Escrito por Aliados\"],\"inLanguage\":\"pt-BR\"},{\"@type\":\"WebPage\",\"@id\":\"https:\/\/rioonwatch.org.br\/?p=20543\",\"url\":\"https:\/\/rioonwatch.org.br\/?p=20543\",\"name\":\"Hist\u00f3ria, Cultura e Mobiliza\u00e7\u00e3o em Julio Otoni - RioOnWatch\",\"isPartOf\":{\"@id\":\"https:\/\/rioonwatch.org.br\/#website\"},\"primaryImageOfPage\":{\"@id\":\"https:\/\/rioonwatch.org.br\/?p=20543#primaryimage\"},\"image\":{\"@id\":\"https:\/\/rioonwatch.org.br\/?p=20543#primaryimage\"},\"thumbnailUrl\":\"https:\/\/rioonwatch.org.br\/wp-content\/uploads\/2016\/06\/IMG_4202-scaled.jpg\",\"datePublished\":\"2016-07-10T15:17:42+00:00\",\"dateModified\":\"2016-07-10T15:41:11+00:00\",\"breadcrumb\":{\"@id\":\"https:\/\/rioonwatch.org.br\/?p=20543#breadcrumb\"},\"inLanguage\":\"pt-BR\",\"potentialAction\":[{\"@type\":\"ReadAction\",\"target\":[\"https:\/\/rioonwatch.org.br\/?p=20543\"]}]},{\"@type\":\"ImageObject\",\"inLanguage\":\"pt-BR\",\"@id\":\"https:\/\/rioonwatch.org.br\/?p=20543#primaryimage\",\"url\":\"https:\/\/rioonwatch.org.br\/wp-content\/uploads\/2016\/06\/IMG_4202-scaled.jpg\",\"contentUrl\":\"https:\/\/rioonwatch.org.br\/wp-content\/uploads\/2016\/06\/IMG_4202-scaled.jpg\",\"width\":2560,\"height\":1920},{\"@type\":\"BreadcrumbList\",\"@id\":\"https:\/\/rioonwatch.org.br\/?p=20543#breadcrumb\",\"itemListElement\":[{\"@type\":\"ListItem\",\"position\":1,\"name\":\"In\u00edcio\",\"item\":\"https:\/\/rioonwatch.org.br\/\"},{\"@type\":\"ListItem\",\"position\":2,\"name\":\"Hist\u00f3ria, Cultura e Mobiliza\u00e7\u00e3o em Julio Otoni\"}]},{\"@type\":\"WebSite\",\"@id\":\"https:\/\/rioonwatch.org.br\/#website\",\"url\":\"https:\/\/rioonwatch.org.br\/\",\"name\":\"RioOnWatch\",\"description\":\"relatos das favelas cariocas\",\"publisher\":{\"@id\":\"https:\/\/rioonwatch.org.br\/#organization\"},\"potentialAction\":[{\"@type\":\"SearchAction\",\"target\":{\"@type\":\"EntryPoint\",\"urlTemplate\":\"https:\/\/rioonwatch.org.br\/?s={search_term_string}\"},\"query-input\":{\"@type\":\"PropertyValueSpecification\",\"valueRequired\":true,\"valueName\":\"search_term_string\"}}],\"inLanguage\":\"pt-BR\"},{\"@type\":\"Organization\",\"@id\":\"https:\/\/rioonwatch.org.br\/#organization\",\"name\":\"RioOnWatch\",\"url\":\"https:\/\/rioonwatch.org.br\/\",\"logo\":{\"@type\":\"ImageObject\",\"inLanguage\":\"pt-BR\",\"@id\":\"https:\/\/rioonwatch.org.br\/#\/schema\/logo\/image\/\",\"url\":\"https:\/\/rioonwatch.org.br\/wp-content\/uploads\/2021\/06\/RioOnWatchcabecalhoPT11anos-2.png\",\"contentUrl\":\"https:\/\/rioonwatch.org.br\/wp-content\/uploads\/2021\/06\/RioOnWatchcabecalhoPT11anos-2.png\",\"width\":779,\"height\":277,\"caption\":\"RioOnWatch\"},\"image\":{\"@id\":\"https:\/\/rioonwatch.org.br\/#\/schema\/logo\/image\/\"}},{\"@type\":\"Person\",\"@id\":\"https:\/\/rioonwatch.org.br\/#\/schema\/person\/11d64c290506f9df50c71b850c473f68\",\"name\":\"Admin\",\"image\":{\"@type\":\"ImageObject\",\"inLanguage\":\"pt-BR\",\"@id\":\"https:\/\/rioonwatch.org.br\/#\/schema\/person\/image\/\",\"url\":\"https:\/\/secure.gravatar.com\/avatar\/56211ac74568383903349a1485e3c325?s=96&d=blank&r=g\",\"contentUrl\":\"https:\/\/secure.gravatar.com\/avatar\/56211ac74568383903349a1485e3c325?s=96&d=blank&r=g\",\"caption\":\"Admin\"},\"url\":\"https:\/\/rioonwatch.org.br\/?author=129\"}]}<\/script>\n<!-- \/ Yoast SEO plugin. -->","yoast_head_json":{"title":"Hist\u00f3ria, Cultura e Mobiliza\u00e7\u00e3o em Julio Otoni - RioOnWatch","robots":{"index":"index","follow":"follow","max-snippet":"max-snippet:-1","max-image-preview":"max-image-preview:large","max-video-preview":"max-video-preview:-1"},"canonical":"https:\/\/rioonwatch.org.br\/?p=20543","og_locale":"pt_BR","og_type":"article","og_title":"Hist\u00f3ria, Cultura e Mobiliza\u00e7\u00e3o em Julio Otoni - RioOnWatch","og_description":"Click Here for English A comunidade\u00a0Julio Otoni em Santa Teresa fica em um dos v\u00e1rios morros do Rio que est\u00e3o de frente para a Ba\u00eda de Guanabara. De cima da favela, se tem uma incr\u00edvel [...]","og_url":"https:\/\/rioonwatch.org.br\/?p=20543","og_site_name":"RioOnWatch","article_published_time":"2016-07-10T15:17:42+00:00","article_modified_time":"2016-07-10T15:41:11+00:00","og_image":[{"width":2560,"height":1920,"url":"https:\/\/rioonwatch.org.br\/wp-content\/uploads\/2016\/06\/IMG_4202-scaled.jpg","type":"image\/jpeg"}],"author":"Admin","twitter_card":"summary_large_image","twitter_misc":{"Escrito por":"Admin","Est. tempo de leitura":"5 minutos"},"schema":{"@context":"https:\/\/schema.org","@graph":[{"@type":"Article","@id":"https:\/\/rioonwatch.org.br\/?p=20543#article","isPartOf":{"@id":"https:\/\/rioonwatch.org.br\/?p=20543"},"author":{"name":"Admin","@id":"https:\/\/rioonwatch.org.br\/#\/schema\/person\/11d64c290506f9df50c71b850c473f68"},"headline":"Hist\u00f3ria, Cultura e Mobiliza\u00e7\u00e3o em Julio Otoni","datePublished":"2016-07-10T15:17:42+00:00","dateModified":"2016-07-10T15:41:11+00:00","mainEntityOfPage":{"@id":"https:\/\/rioonwatch.org.br\/?p=20543"},"wordCount":1046,"publisher":{"@id":"https:\/\/rioonwatch.org.br\/#organization"},"image":{"@id":"https:\/\/rioonwatch.org.br\/?p=20543#primaryimage"},"thumbnailUrl":"https:\/\/rioonwatch.org.br\/wp-content\/uploads\/2016\/06\/IMG_4202-scaled.jpg","keywords":["alfabetiza\u00e7\u00e3o","Cerro Cor\u00e1","cultura","cultura da favela","educa\u00e7\u00e3o","hist\u00f3ria","Julio Otoni","lideran\u00e7a","lideran\u00e7a comunit\u00e1ria","mobiliza\u00e7\u00e3o","organiza\u00e7\u00e3o comunit\u00e1ria","saneamento","Santa Teresa","sa\u00fade","tr\u00e1fico de drogas","UPP","Zona Sul"],"articleSection":["Entrevistas e Perfis","Escrito por Aliados"],"inLanguage":"pt-BR"},{"@type":"WebPage","@id":"https:\/\/rioonwatch.org.br\/?p=20543","url":"https:\/\/rioonwatch.org.br\/?p=20543","name":"Hist\u00f3ria, Cultura e Mobiliza\u00e7\u00e3o em Julio Otoni - RioOnWatch","isPartOf":{"@id":"https:\/\/rioonwatch.org.br\/#website"},"primaryImageOfPage":{"@id":"https:\/\/rioonwatch.org.br\/?p=20543#primaryimage"},"image":{"@id":"https:\/\/rioonwatch.org.br\/?p=20543#primaryimage"},"thumbnailUrl":"https:\/\/rioonwatch.org.br\/wp-content\/uploads\/2016\/06\/IMG_4202-scaled.jpg","datePublished":"2016-07-10T15:17:42+00:00","dateModified":"2016-07-10T15:41:11+00:00","breadcrumb":{"@id":"https:\/\/rioonwatch.org.br\/?p=20543#breadcrumb"},"inLanguage":"pt-BR","potentialAction":[{"@type":"ReadAction","target":["https:\/\/rioonwatch.org.br\/?p=20543"]}]},{"@type":"ImageObject","inLanguage":"pt-BR","@id":"https:\/\/rioonwatch.org.br\/?p=20543#primaryimage","url":"https:\/\/rioonwatch.org.br\/wp-content\/uploads\/2016\/06\/IMG_4202-scaled.jpg","contentUrl":"https:\/\/rioonwatch.org.br\/wp-content\/uploads\/2016\/06\/IMG_4202-scaled.jpg","width":2560,"height":1920},{"@type":"BreadcrumbList","@id":"https:\/\/rioonwatch.org.br\/?p=20543#breadcrumb","itemListElement":[{"@type":"ListItem","position":1,"name":"In\u00edcio","item":"https:\/\/rioonwatch.org.br\/"},{"@type":"ListItem","position":2,"name":"Hist\u00f3ria, Cultura e Mobiliza\u00e7\u00e3o em Julio Otoni"}]},{"@type":"WebSite","@id":"https:\/\/rioonwatch.org.br\/#website","url":"https:\/\/rioonwatch.org.br\/","name":"RioOnWatch","description":"relatos das favelas cariocas","publisher":{"@id":"https:\/\/rioonwatch.org.br\/#organization"},"potentialAction":[{"@type":"SearchAction","target":{"@type":"EntryPoint","urlTemplate":"https:\/\/rioonwatch.org.br\/?s={search_term_string}"},"query-input":{"@type":"PropertyValueSpecification","valueRequired":true,"valueName":"search_term_string"}}],"inLanguage":"pt-BR"},{"@type":"Organization","@id":"https:\/\/rioonwatch.org.br\/#organization","name":"RioOnWatch","url":"https:\/\/rioonwatch.org.br\/","logo":{"@type":"ImageObject","inLanguage":"pt-BR","@id":"https:\/\/rioonwatch.org.br\/#\/schema\/logo\/image\/","url":"https:\/\/rioonwatch.org.br\/wp-content\/uploads\/2021\/06\/RioOnWatchcabecalhoPT11anos-2.png","contentUrl":"https:\/\/rioonwatch.org.br\/wp-content\/uploads\/2021\/06\/RioOnWatchcabecalhoPT11anos-2.png","width":779,"height":277,"caption":"RioOnWatch"},"image":{"@id":"https:\/\/rioonwatch.org.br\/#\/schema\/logo\/image\/"}},{"@type":"Person","@id":"https:\/\/rioonwatch.org.br\/#\/schema\/person\/11d64c290506f9df50c71b850c473f68","name":"Admin","image":{"@type":"ImageObject","inLanguage":"pt-BR","@id":"https:\/\/rioonwatch.org.br\/#\/schema\/person\/image\/","url":"https:\/\/secure.gravatar.com\/avatar\/56211ac74568383903349a1485e3c325?s=96&d=blank&r=g","contentUrl":"https:\/\/secure.gravatar.com\/avatar\/56211ac74568383903349a1485e3c325?s=96&d=blank&r=g","caption":"Admin"},"url":"https:\/\/rioonwatch.org.br\/?author=129"}]}},"_links":{"self":[{"href":"https:\/\/rioonwatch.org.br\/index.php?rest_route=\/wp\/v2\/posts\/20543"}],"collection":[{"href":"https:\/\/rioonwatch.org.br\/index.php?rest_route=\/wp\/v2\/posts"}],"about":[{"href":"https:\/\/rioonwatch.org.br\/index.php?rest_route=\/wp\/v2\/types\/post"}],"author":[{"embeddable":true,"href":"https:\/\/rioonwatch.org.br\/index.php?rest_route=\/wp\/v2\/users\/129"}],"replies":[{"embeddable":true,"href":"https:\/\/rioonwatch.org.br\/index.php?rest_route=%2Fwp%2Fv2%2Fcomments&post=20543"}],"version-history":[{"count":11,"href":"https:\/\/rioonwatch.org.br\/index.php?rest_route=\/wp\/v2\/posts\/20543\/revisions"}],"predecessor-version":[{"id":20718,"href":"https:\/\/rioonwatch.org.br\/index.php?rest_route=\/wp\/v2\/posts\/20543\/revisions\/20718"}],"wp:featuredmedia":[{"embeddable":true,"href":"https:\/\/rioonwatch.org.br\/index.php?rest_route=\/wp\/v2\/media\/20546"}],"wp:attachment":[{"href":"https:\/\/rioonwatch.org.br\/index.php?rest_route=%2Fwp%2Fv2%2Fmedia&parent=20543"}],"wp:term":[{"taxonomy":"category","embeddable":true,"href":"https:\/\/rioonwatch.org.br\/index.php?rest_route=%2Fwp%2Fv2%2Fcategories&post=20543"},{"taxonomy":"post_tag","embeddable":true,"href":"https:\/\/rioonwatch.org.br\/index.php?rest_route=%2Fwp%2Fv2%2Ftags&post=20543"},{"taxonomy":"writer","embeddable":true,"href":"https:\/\/rioonwatch.org.br\/index.php?rest_route=%2Fwp%2Fv2%2Fwriter&post=20543"},{"taxonomy":"translator","embeddable":true,"href":"https:\/\/rioonwatch.org.br\/index.php?rest_route=%2Fwp%2Fv2%2Ftranslator&post=20543"},{"taxonomy":"source","embeddable":true,"href":"https:\/\/rioonwatch.org.br\/index.php?rest_route=%2Fwp%2Fv2%2Fsource&post=20543"},{"taxonomy":"ilustrador","embeddable":true,"href":"https:\/\/rioonwatch.org.br\/index.php?rest_route=%2Fwp%2Fv2%2Filustrador&post=20543"},{"taxonomy":"fotografo","embeddable":true,"href":"https:\/\/rioonwatch.org.br\/index.php?rest_route=%2Fwp%2Fv2%2Ffotografo&post=20543"}],"curies":[{"name":"wp","href":"https:\/\/api.w.org\/{rel}","templated":true}]}}