{"id":20552,"date":"2016-07-02T09:00:24","date_gmt":"2016-07-02T12:00:24","guid":{"rendered":"http:\/\/rioonwatch.org.br\/?p=20552"},"modified":"2024-06-20T16:27:08","modified_gmt":"2024-06-20T19:27:08","slug":"memoria-e-esperanca-foram-os-temas-da-festa-junina-na-vila-autodromo","status":"publish","type":"post","link":"https:\/\/rioonwatch.org.br\/?p=20552","title":{"rendered":"Mem\u00f3ria e Esperan\u00e7a Foram os Temas da Festa Junina na Vila Aut\u00f3dromo"},"content":{"rendered":"<p style=\"text-align: right;\"><em><strong><a href=\"http:\/\/bit.ly\/298eivv\" target=\"_blank\" rel=\"noopener\">Click Here for English<img decoding=\"async\" width=\"20\" height=\"20\" class=\"alignright wp-image-15790\" src=\"http:\/\/rioonwatch.org.br\/wp-content\/uploads\/2012\/08\/EN-standard-e1439583104716.jpg\" alt=\"\" \/><\/a><\/strong><\/em><\/p>\n<p>Assim como v\u00e1rias favelas do Rio, a <a href=\"http:\/\/bit.ly\/Nfddvg\" target=\"_blank\" rel=\"noopener\">Vila Aut\u00f3dromo<\/a> realizou o seu pr\u00f3prio Arrai\u00e1. Contrastando com festas juninas tradicionais, a da Vila Aut\u00f3dromo destacou, acima de tudo, mensagens de esperan\u00e7a, <a href=\"http:\/\/bit.ly\/1OcSEDn\" target=\"_blank\" rel=\"noopener\">mem\u00f3ria<\/a> e <a href=\"http:\/\/bit.ly\/1piRAgk\" target=\"_blank\" rel=\"noopener\">resist\u00eancia<\/a>.<\/p>\n<p>No dia 25 de junho, cerca de 80 membros da comunidade (moradores atuais e ex-moradores), ativistas locais e apoiadores se reuniram na Vila Aut\u00f3dromo para comemorar anos de <a href=\"http:\/\/bit.ly\/1piRAgk\" target=\"_blank\" rel=\"noopener\">resist\u00eancia<\/a>\u00a0e luta pelos seus direitos. A festa teve m\u00fasica, comida e dan\u00e7a.<\/p>\n<p>A comunidade, localizada na <a href=\"http:\/\/bit.ly\/19BBUhf\" target=\"_blank\" rel=\"noopener\">Barra da Tijuca<\/a>, <a href=\"http:\/\/bit.ly\/11tBmFR\" target=\"_blank\" rel=\"noopener\">Zona Oeste<\/a> do Rio, passou mais de cinco anos lutando contra a\u00a0<a href=\"http:\/\/bit.ly\/X51Qvb\" target=\"_blank\" rel=\"noopener\">remo\u00e7\u00e3o<\/a>\u00a0associada ao desenvolvimento da principal instala\u00e7\u00e3o <a href=\"http:\/\/bit.ly\/PkLXlQ\" target=\"_blank\" rel=\"noopener\">Ol\u00edmpica<\/a>, que fica na divisa com o seu territ\u00f3rio. A <a href=\"http:\/\/glo.bo\/1KQFwo5\" target=\"_blank\" rel=\"noopener\">luta foi longa e dolorosa<\/a>. Apenas 20 fam\u00edlias, das 700 que residiam na comunidade, ficaram no local. Estes moradores <a href=\"http:\/\/bit.ly\/1XpfSbp\" target=\"_blank\" rel=\"noopener\">negociaram, recentemente, com a Prefeitura<\/a> a constru\u00e7\u00e3o de novas casas para eles nas suas terras. A obra est\u00e1 prevista para terminar no m\u00eas que vem, apenas alguns dias antes do in\u00edcio dos Jogos Ol\u00edmpicos que acontecer\u00e3o ao lado.<\/p>\n<p>Sob bandeiras coloridas e l\u00e2mpadas amarradas a uma tenda na entrada da \u00fanica rua restante na comunidade, os moradores de todas as idades comeram, dan\u00e7aram e conversaram at\u00e9 tarde da noite. As crian\u00e7as estavam vestidas com seus vestidos xadrez, cal\u00e7as com remendos e chap\u00e9us de palha, roupas t\u00edpicas da celebra\u00e7\u00e3o junina. As crian\u00e7as brincavam, riam e corriam atr\u00e1s de seus amigos.<\/p>\n<p><a href=\"http:\/\/rioonwatch.org.br\/wp-content\/uploads\/2016\/07\/Vila-Autodromo-containers.jpg\"><img fetchpriority=\"high\" decoding=\"async\" class=\"aligncenter wp-image-20558 size-content\" title=\"O alojamento tempor\u00e1rio na Villa Aut\u00f3dromo, onde os moradores vivem atualmente, enquanto esperam a conclus\u00e3o da constru\u00e7\u00e3o dos seus novos lares.\" src=\"http:\/\/rioonwatch.org.br\/wp-content\/uploads\/2016\/07\/Vila-Autodromo-containers-620x264.jpg\" alt=\"Vila-Autodromo-containers\" width=\"620\" height=\"264\" srcset=\"https:\/\/rioonwatch.org.br\/wp-content\/uploads\/2016\/07\/Vila-Autodromo-containers-620x264.jpg 620w, https:\/\/rioonwatch.org.br\/wp-content\/uploads\/2016\/07\/Vila-Autodromo-containers-940x400.jpg 940w\" sizes=\"(max-width: 620px) 100vw, 620px\" \/><\/a><\/p>\n<p><a href=\"http:\/\/bit.ly\/1H9MoEq\" target=\"_blank\" rel=\"noopener\">Dona Dalva<\/a>, 82, sentou-se com uma amiga em cadeiras de pl\u00e1stico, perto da mesa onde os moradores ofereciam bolo e caipirinhas aos participantes. Dalva, uma das moradoras mais antigos da comunidade e um <a href=\"http:\/\/bit.ly\/1H9MoEq\" target=\"_blank\" rel=\"noopener\">poderoso exemplo de resist\u00eancia<\/a>, sorria, enquanto observava as crian\u00e7as e c\u00e3es brincando sob a tenda.<\/p>\n<p>\u201cTodo mundo tem esperan\u00e7a de que agora as coisas estar\u00e3o bem\u201d, disse ela. \u201cDepois de tanto sofrimento as pessoas aqui merecem [comemorar]\u201d, completou Dona Dalva.<\/p>\n<p>Ela ainda falou sobre a import\u00e2ncia do evento como uma oportunidade para a comunidade \u201crecuperar os seus direitos\u201d e expressou a esperan\u00e7a de que outros possam seguir o exemplo da Vila Aut\u00f3dromo.<\/p>\n<p>Esperan\u00e7a e direito ao territ\u00f3rio foram o tema principal do dia no Arrai\u00e1.<\/p>\n<p>Larrisa Lacerda, membro do <a href=\"http:\/\/bit.ly\/1cSGbhy\" target=\"_blank\" rel=\"noopener\">Comit\u00ea Popular Rio Copa e Olimp\u00edadas<\/a>, passou dois anos trabalhando com a comunidade Vila Aut\u00f3dromo.<\/p>\n<p>\u201cEste evento \u00e9 uma reafirma\u00e7\u00e3o do territ\u00f3rio, da preserva\u00e7\u00e3o da mem\u00f3ria, onde os moradores e seus apoiadores podem se encontrar\u201d, concluiu ela.<\/p>\n<p>Ela descreveu que eventos como o Arrai\u00e1 ajudam na constru\u00e7\u00e3o cont\u00ednua de mem\u00f3ria, assim como o projeto <a href=\"http:\/\/bit.ly\/261kUDv\" target=\"_blank\" rel=\"noopener\">Museu das Remo\u00e7\u00f5es<\/a>, que \u00e9 uma forma de mudar a narrativa sobre a comunidade, desafiando a hist\u00f3ria contada pela Prefeitura sobre a Vila Aut\u00f3dromo e v\u00e1rias comunidades do Rio que sofreram <a href=\"http:\/\/bit.ly\/X51Qvb\" target=\"_blank\" rel=\"noopener\">remo\u00e7\u00f5es<\/a>.<\/p>\n<p>\u00c9 uma outra maneira de contar a hist\u00f3ria\u201d, disse ela.<\/p>\n<p><a href=\"http:\/\/rioonwatch.org.br\/wp-content\/uploads\/2016\/07\/Vila-Autodromo-exhibit-1.jpg\"><img decoding=\"async\" class=\"aligncenter wp-image-20560 size-content\" title=\"Uma das exposi\u00e7\u00f5es do Museu das Remo\u00e7\u00f5es da comunidade.\" src=\"http:\/\/rioonwatch.org.br\/wp-content\/uploads\/2016\/07\/Vila-Autodromo-exhibit-1-620x264.jpg\" alt=\"Vila-Autodromo-exhibit\" width=\"620\" height=\"264\" srcset=\"https:\/\/rioonwatch.org.br\/wp-content\/uploads\/2016\/07\/Vila-Autodromo-exhibit-1-620x264.jpg 620w, https:\/\/rioonwatch.org.br\/wp-content\/uploads\/2016\/07\/Vila-Autodromo-exhibit-1-940x400.jpg 940w\" sizes=\"(max-width: 620px) 100vw, 620px\" \/><\/a><\/p>\n<p>\u00c0s 19h, depois de v\u00e1rias horas de m\u00fasica e socializa\u00e7\u00e3o, os participantes se reuniram na tenda para assistir a uma s\u00e9rie de curtas-metragens documentais sobre remo\u00e7\u00f5es e favelas do Rio.<\/p>\n<p>O primeiro filme <a href=\"http:\/\/bit.ly\/290fYDd\" target=\"_blank\" rel=\"noopener\"><em>Remo\u00e7\u00f5es<\/em><\/a>\u00a0foi apresentado pelo diretor, Luis Carlos de Alencar. O filme de 26 minutos, produzido pela produtora <a href=\"http:\/\/bit.ly\/29knkTk\" target=\"_blank\" rel=\"noopener\">Couro de Rato<\/a>\u00a0e pela ONG de direitos humanos <a href=\"http:\/\/bit.ly\/298vrkY\" target=\"_blank\" rel=\"noopener\">Justi\u00e7a Global<\/a>, \u00e9 parte de uma miniss\u00e9rie chamada Contagem Regressiva que tem como objetivo mostrar alguns dos impactos sociais dos Jogos Ol\u00edmpicos no Rio. <em>Remo\u00e7\u00f5es<\/em>\u00a0destaca entrevistas com moradores de favelas de toda a cidade, inclusive da Vila Aut\u00f3dromo, e imagens fortes da destrui\u00e7\u00e3o de casas nas comunidades.<\/p>\n<p>O filme \u201cMuseu da Mar\u00e9\u201d foi o segundo a ser exibido. O filme&#8211;que foi realizado por um grupo de estudantes de Arquitetura e Urbanismo da Universidade Anhanguera&#8211;apresentou uma vis\u00e3o geral do <a href=\"http:\/\/bit.ly\/1qhz1JJ\" target=\"_blank\" rel=\"noopener\">\u00fanico museu da Mar\u00e9<\/a> e dos v\u00e1rios projetos dele. O Museu criado em 2006 por um grupo de moradores do <a href=\"http:\/\/bit.ly\/10BvARw\" target=\"_blank\" rel=\"noopener\">Complexo da Mar\u00e9<\/a>, <a href=\"http:\/\/bit.ly\/WximDf\" target=\"_blank\" rel=\"noopener\">Zona Norte<\/a> do Rio, est\u00e1 comprometido com a preserva\u00e7\u00e3o da mem\u00f3ria da favela e foi <a href=\"http:\/\/glo.bo\/1yVaG4Z\" target=\"_blank\" rel=\"noopener\">reconhecido como uma atra\u00e7\u00e3o tur\u00edstica pelo Estado do Rio de Janeiro<\/a> em 2014.<\/p>\n<p>O \u00faltimo curta apresentado foi <em><a href=\"http:\/\/bit.ly\/295iU6p\" target=\"_blank\" rel=\"noopener\">Irm\u00e3o do Morro<\/a>\u00a0<\/em>produzido pelo <a href=\"http:\/\/bit.ly\/10GWBTg\" target=\"_blank\" rel=\"noopener\">N\u00facleo Piratininga de Comunica\u00e7\u00e3o<\/a>. O filme contou a hist\u00f3ria da rela\u00e7\u00e3o entre a comunidade de S\u00e3o Jos\u00e9 Oper\u00e1rio, na <a href=\"http:\/\/bit.ly\/25aJiiZ\" target=\"_blank\" rel=\"noopener\">Pra\u00e7a Seca<\/a>, Zona Oeste do Rio com o Padre Frank, um holand\u00eas que se uniu a comunidade no processo de mobiliza\u00e7\u00e3o\u00a0pol\u00edtica na luta pela afirma\u00e7\u00e3o do <a href=\"http:\/\/bit.ly\/1g73xCv\" target=\"_blank\" rel=\"noopener\">direito \u00e0 moradia<\/a>.<\/p>\n<p><a href=\"http:\/\/rioonwatch.org.br\/wp-content\/uploads\/2016\/07\/Vila-Autodromo-hotel.jpg\"><img loading=\"lazy\" decoding=\"async\" class=\"aligncenter wp-image-20561 size-content\" title=\"Constru\u00e7\u00e3o de hot\u00e9is e outros edif\u00edcios como parte do complexo Ol\u00edmpico ao lado da Vila Aut\u00f3dromo.\" src=\"http:\/\/rioonwatch.org.br\/wp-content\/uploads\/2016\/07\/Vila-Autodromo-hotel-620x264.jpg\" alt=\"Vila-Autodromo-hotel\" width=\"620\" height=\"264\" srcset=\"https:\/\/rioonwatch.org.br\/wp-content\/uploads\/2016\/07\/Vila-Autodromo-hotel-620x264.jpg 620w, https:\/\/rioonwatch.org.br\/wp-content\/uploads\/2016\/07\/Vila-Autodromo-hotel-940x400.jpg 940w\" sizes=\"(max-width: 620px) 100vw, 620px\" \/><\/a><\/p>\n<p>O evento tamb\u00e9m contou com uma exposi\u00e7\u00e3o de fotos do <a href=\"http:\/\/bit.ly\/290OCxx\" target=\"_blank\" rel=\"noopener\">pr\u00eamio de Fotografia Revela\u00e7\u00f5es Ol\u00edmpicas<\/a>, uma competi\u00e7\u00e3o patrocinada pelo Comit\u00ea Popular e <a href=\"http:\/\/bit.ly\/29bzoYe\" target=\"_blank\" rel=\"noopener\">Observat\u00f3rio de Conflitos Urbanos<\/a> da UFRJ. As impressionantes fotografias, exibidas na entrada da Vila Aut\u00f3dromo, ofereceram uma vis\u00e3o diversa do impacto e viola\u00e7\u00e3o de direitos das comunidades durante os preparativos dos jogos ol\u00edmpicos.<\/p>\n<p>O Arrai\u00e1 da Vila Aut\u00f3dromo \u00e9 o mais recente\u00a0de uma s\u00e9rie de eventos no \u00e2mbito da campanha <a href=\"http:\/\/bit.ly\/1NB3l2b\" target=\"_blank\" rel=\"noopener\">Ocupa Vila Aut\u00f3dromo<\/a>. Durante a campanha v\u00e1rios eventos foram realizados na comunidade para mostrar ao mundo que um forte esp\u00edrito de comunidade ainda permanece na favela, e tamb\u00e9m para demonstrar o apoio aos moradores remanescentes. Estes eventos inclu\u00edram <a href=\"http:\/\/bit.ly\/1NB3l2b\" target=\"_blank\" rel=\"noopener\">festivais culturais<\/a>, <a href=\"http:\/\/bit.ly\/1RnpVy1\" target=\"_blank\" rel=\"noopener\">torneios de futebol<\/a> e <a href=\"http:\/\/bit.ly\/1XkzywK\" target=\"_blank\" rel=\"noopener\">lan\u00e7amentos de livros<\/a>.<\/p>\n<p>Ao fundo deste \u00faltimo evento, as novas casas para os moradores estavam em constru\u00e7\u00e3o. Em um <a href=\"http:\/\/bit.ly\/1XpfSbp\" target=\"_blank\" rel=\"noopener\">acordo hist\u00f3rico com o prefeito<\/a>&#8211;o primeiro acordo de reassentamento\u00a0assinado coletivamente na hist\u00f3ria das\u00a0favelas&#8211;os moradores que ficaram receber\u00e3o uma nova casa constru\u00edda na comunidade. A vit\u00f3ria <a href=\"http:\/\/bit.ly\/1RidCRh\" target=\"_blank\" rel=\"noopener\">continua bastante imperfeita<\/a>, pois alguns moradores que haviam sido removidos e queriam voltar para a comunidade n\u00e3o poder\u00e3o, e muitos que sa\u00edram da comunidade <a href=\"http:\/\/bit.ly\/1rd8iG1\" target=\"_blank\" rel=\"noopener\">se sentem em desvantagem<\/a>. Mas\u00a0aqueles que permanecem est\u00e3o satisfeitos com o progresso das suas novas casas, que devem ficar prontas para as Olimp\u00edadas. Eles pretendem manter a comunidade como um local de mobiliza\u00e7\u00e3o\u00a0para al\u00e9m dos Jogos.<\/p>\n<p><a href=\"http:\/\/rioonwatch.org.br\/wp-content\/uploads\/2016\/07\/VA-arraia-night.jpg\"><img loading=\"lazy\" decoding=\"async\" class=\"aligncenter wp-image-20562 size-content\" title=\"Festa junina na Vila Aut\u00f3dromo\" src=\"http:\/\/rioonwatch.org.br\/wp-content\/uploads\/2016\/07\/VA-arraia-night-620x264.jpg\" alt=\"VA-arraia-night\" width=\"620\" height=\"264\" srcset=\"https:\/\/rioonwatch.org.br\/wp-content\/uploads\/2016\/07\/VA-arraia-night-620x264.jpg 620w, https:\/\/rioonwatch.org.br\/wp-content\/uploads\/2016\/07\/VA-arraia-night-940x400.jpg 940w\" sizes=\"(max-width: 620px) 100vw, 620px\" \/><\/a><\/p>\n<!-- AddThis Advanced Settings generic via filter on the_content --><!-- AddThis Share Buttons generic via filter on the_content -->","protected":false},"excerpt":{"rendered":"<div class=\"mh-excerpt\"><p>Click Here for English Assim como v\u00e1rias favelas do Rio, a Vila Aut\u00f3dromo realizou o seu pr\u00f3prio Arrai\u00e1. Contrastando com festas juninas tradicionais, a da Vila Aut\u00f3dromo destacou, acima de tudo, mensagens de esperan\u00e7a, mem\u00f3ria <a class=\"mh-excerpt-more\" href=\"https:\/\/rioonwatch.org.br\/?p=20552\" title=\"Mem\u00f3ria e Esperan\u00e7a Foram os Temas da Festa Junina na Vila Aut\u00f3dromo\">[&#8230;]<\/a><!-- AddThis Advanced Settings generic via filter on get_the_excerpt --><!-- AddThis Share Buttons generic via filter on get_the_excerpt --><\/p>\n<\/div>","protected":false},"author":129,"featured_media":20557,"comment_status":"closed","ping_status":"closed","sticky":false,"template":"","format":"standard","meta":{"_acf_changed":false,"_monsterinsights_skip_tracking":false,"_monsterinsights_sitenote_active":false,"_monsterinsights_sitenote_note":"","_monsterinsights_sitenote_category":0,"footnotes":""},"categories":[1614,1621,1627,1615,1626,1612],"tags":[274,421,424,1893,1240,78,14,432,55,184],"writer":[1892],"translator":[1879],"source":[],"ilustrador":[],"fotografo":[],"class_list":{"0":"post-20552","1":"post","2":"type-post","3":"status-publish","4":"format-standard","5":"has-post-thumbnail","7":"category-olhonasremocoes","8":"category-destaque","9":"category-relato-de-evento","10":"category-cultura-da-favela","11":"category-por-observadores-internacionais","12":"category-sociedade-civil","13":"tag-barra-da-tijuca","14":"tag-cultura-da-favela","15":"tag-direito-a-moradia","16":"tag-festa-junina","17":"tag-megaeventos","18":"tag-olimpiadas","19":"tag-remocao","20":"tag-resistencia","21":"tag-vila-autodromo","22":"tag-zona-oeste","23":"writer-natalie-southwick","24":"translator-leonardo-braga-nobre"},"acf":[],"yoast_head":"<!-- This site is optimized with the Yoast SEO plugin v25.6 - https:\/\/yoast.com\/wordpress\/plugins\/seo\/ -->\n<title>Mem\u00f3ria e Esperan\u00e7a Foram os Temas da Festa Junina na Vila Aut\u00f3dromo - RioOnWatch<\/title>\n<meta name=\"robots\" content=\"index, follow, max-snippet:-1, max-image-preview:large, max-video-preview:-1\" \/>\n<link rel=\"canonical\" href=\"https:\/\/rioonwatch.org.br\/?p=20552\" \/>\n<meta property=\"og:locale\" content=\"pt_BR\" \/>\n<meta property=\"og:type\" content=\"article\" \/>\n<meta property=\"og:title\" content=\"Mem\u00f3ria e Esperan\u00e7a Foram os Temas da Festa Junina na Vila Aut\u00f3dromo - RioOnWatch\" \/>\n<meta property=\"og:description\" content=\"Click Here for English Assim como v\u00e1rias favelas do Rio, a Vila Aut\u00f3dromo realizou o seu pr\u00f3prio Arrai\u00e1. Contrastando com festas juninas tradicionais, a da Vila Aut\u00f3dromo destacou, acima de tudo, mensagens de esperan\u00e7a, mem\u00f3ria [...]\" \/>\n<meta property=\"og:url\" content=\"https:\/\/rioonwatch.org.br\/?p=20552\" \/>\n<meta property=\"og:site_name\" content=\"RioOnWatch\" \/>\n<meta property=\"article:published_time\" content=\"2016-07-02T12:00:24+00:00\" \/>\n<meta property=\"article:modified_time\" content=\"2024-06-20T19:27:08+00:00\" \/>\n<meta property=\"og:image\" content=\"https:\/\/rioonwatch.org.br\/wp-content\/uploads\/2016\/07\/Vila-Autodromo-arraia.jpg\" \/>\n\t<meta property=\"og:image:width\" content=\"1000\" \/>\n\t<meta property=\"og:image:height\" content=\"667\" \/>\n\t<meta property=\"og:image:type\" content=\"image\/jpeg\" \/>\n<meta name=\"author\" content=\"Admin\" \/>\n<meta name=\"twitter:card\" content=\"summary_large_image\" \/>\n<meta name=\"twitter:label1\" content=\"Escrito por\" \/>\n\t<meta name=\"twitter:data1\" content=\"Admin\" \/>\n\t<meta name=\"twitter:label2\" content=\"Est. tempo de leitura\" \/>\n\t<meta name=\"twitter:data2\" content=\"5 minutos\" \/>\n<script type=\"application\/ld+json\" class=\"yoast-schema-graph\">{\"@context\":\"https:\/\/schema.org\",\"@graph\":[{\"@type\":\"Article\",\"@id\":\"https:\/\/rioonwatch.org.br\/?p=20552#article\",\"isPartOf\":{\"@id\":\"https:\/\/rioonwatch.org.br\/?p=20552\"},\"author\":{\"name\":\"Admin\",\"@id\":\"https:\/\/rioonwatch.org.br\/#\/schema\/person\/11d64c290506f9df50c71b850c473f68\"},\"headline\":\"Mem\u00f3ria e Esperan\u00e7a Foram os Temas da Festa Junina na Vila Aut\u00f3dromo\",\"datePublished\":\"2016-07-02T12:00:24+00:00\",\"dateModified\":\"2024-06-20T19:27:08+00:00\",\"mainEntityOfPage\":{\"@id\":\"https:\/\/rioonwatch.org.br\/?p=20552\"},\"wordCount\":1042,\"publisher\":{\"@id\":\"https:\/\/rioonwatch.org.br\/#organization\"},\"image\":{\"@id\":\"https:\/\/rioonwatch.org.br\/?p=20552#primaryimage\"},\"thumbnailUrl\":\"https:\/\/rioonwatch.org.br\/wp-content\/uploads\/2016\/07\/Vila-Autodromo-arraia.jpg\",\"keywords\":[\"Barra da Tijuca\",\"cultura da favela\",\"Direito \u00e0 Moradia\",\"festa junina\",\"Megaeventos\",\"Olimp\u00edadas\",\"Remo\u00e7\u00e3o\",\"resist\u00eancia\",\"Vila Aut\u00f3dromo\",\"Zona Oeste\"],\"articleSection\":[\"#OlhoNasRemo\u00e7\u00f5es\",\"*Destaque\",\"Cobertura de Eventos\",\"Cultura da Favela\",\"Escrito por Aliados\",\"Sociedade Civil\"],\"inLanguage\":\"pt-BR\"},{\"@type\":\"WebPage\",\"@id\":\"https:\/\/rioonwatch.org.br\/?p=20552\",\"url\":\"https:\/\/rioonwatch.org.br\/?p=20552\",\"name\":\"Mem\u00f3ria e Esperan\u00e7a Foram os Temas da Festa Junina na Vila Aut\u00f3dromo - RioOnWatch\",\"isPartOf\":{\"@id\":\"https:\/\/rioonwatch.org.br\/#website\"},\"primaryImageOfPage\":{\"@id\":\"https:\/\/rioonwatch.org.br\/?p=20552#primaryimage\"},\"image\":{\"@id\":\"https:\/\/rioonwatch.org.br\/?p=20552#primaryimage\"},\"thumbnailUrl\":\"https:\/\/rioonwatch.org.br\/wp-content\/uploads\/2016\/07\/Vila-Autodromo-arraia.jpg\",\"datePublished\":\"2016-07-02T12:00:24+00:00\",\"dateModified\":\"2024-06-20T19:27:08+00:00\",\"breadcrumb\":{\"@id\":\"https:\/\/rioonwatch.org.br\/?p=20552#breadcrumb\"},\"inLanguage\":\"pt-BR\",\"potentialAction\":[{\"@type\":\"ReadAction\",\"target\":[\"https:\/\/rioonwatch.org.br\/?p=20552\"]}]},{\"@type\":\"ImageObject\",\"inLanguage\":\"pt-BR\",\"@id\":\"https:\/\/rioonwatch.org.br\/?p=20552#primaryimage\",\"url\":\"https:\/\/rioonwatch.org.br\/wp-content\/uploads\/2016\/07\/Vila-Autodromo-arraia.jpg\",\"contentUrl\":\"https:\/\/rioonwatch.org.br\/wp-content\/uploads\/2016\/07\/Vila-Autodromo-arraia.jpg\",\"width\":1000,\"height\":667},{\"@type\":\"BreadcrumbList\",\"@id\":\"https:\/\/rioonwatch.org.br\/?p=20552#breadcrumb\",\"itemListElement\":[{\"@type\":\"ListItem\",\"position\":1,\"name\":\"In\u00edcio\",\"item\":\"https:\/\/rioonwatch.org.br\/\"},{\"@type\":\"ListItem\",\"position\":2,\"name\":\"Mem\u00f3ria e Esperan\u00e7a Foram os Temas da Festa Junina na Vila Aut\u00f3dromo\"}]},{\"@type\":\"WebSite\",\"@id\":\"https:\/\/rioonwatch.org.br\/#website\",\"url\":\"https:\/\/rioonwatch.org.br\/\",\"name\":\"RioOnWatch\",\"description\":\"relatos das favelas cariocas\",\"publisher\":{\"@id\":\"https:\/\/rioonwatch.org.br\/#organization\"},\"potentialAction\":[{\"@type\":\"SearchAction\",\"target\":{\"@type\":\"EntryPoint\",\"urlTemplate\":\"https:\/\/rioonwatch.org.br\/?s={search_term_string}\"},\"query-input\":{\"@type\":\"PropertyValueSpecification\",\"valueRequired\":true,\"valueName\":\"search_term_string\"}}],\"inLanguage\":\"pt-BR\"},{\"@type\":\"Organization\",\"@id\":\"https:\/\/rioonwatch.org.br\/#organization\",\"name\":\"RioOnWatch\",\"url\":\"https:\/\/rioonwatch.org.br\/\",\"logo\":{\"@type\":\"ImageObject\",\"inLanguage\":\"pt-BR\",\"@id\":\"https:\/\/rioonwatch.org.br\/#\/schema\/logo\/image\/\",\"url\":\"https:\/\/rioonwatch.org.br\/wp-content\/uploads\/2021\/06\/RioOnWatchcabecalhoPT11anos-2.png\",\"contentUrl\":\"https:\/\/rioonwatch.org.br\/wp-content\/uploads\/2021\/06\/RioOnWatchcabecalhoPT11anos-2.png\",\"width\":779,\"height\":277,\"caption\":\"RioOnWatch\"},\"image\":{\"@id\":\"https:\/\/rioonwatch.org.br\/#\/schema\/logo\/image\/\"}},{\"@type\":\"Person\",\"@id\":\"https:\/\/rioonwatch.org.br\/#\/schema\/person\/11d64c290506f9df50c71b850c473f68\",\"name\":\"Admin\",\"image\":{\"@type\":\"ImageObject\",\"inLanguage\":\"pt-BR\",\"@id\":\"https:\/\/rioonwatch.org.br\/#\/schema\/person\/image\/\",\"url\":\"https:\/\/secure.gravatar.com\/avatar\/56211ac74568383903349a1485e3c325?s=96&d=blank&r=g\",\"contentUrl\":\"https:\/\/secure.gravatar.com\/avatar\/56211ac74568383903349a1485e3c325?s=96&d=blank&r=g\",\"caption\":\"Admin\"},\"url\":\"https:\/\/rioonwatch.org.br\/?author=129\"}]}<\/script>\n<!-- \/ Yoast SEO plugin. -->","yoast_head_json":{"title":"Mem\u00f3ria e Esperan\u00e7a Foram os Temas da Festa Junina na Vila Aut\u00f3dromo - RioOnWatch","robots":{"index":"index","follow":"follow","max-snippet":"max-snippet:-1","max-image-preview":"max-image-preview:large","max-video-preview":"max-video-preview:-1"},"canonical":"https:\/\/rioonwatch.org.br\/?p=20552","og_locale":"pt_BR","og_type":"article","og_title":"Mem\u00f3ria e Esperan\u00e7a Foram os Temas da Festa Junina na Vila Aut\u00f3dromo - RioOnWatch","og_description":"Click Here for English Assim como v\u00e1rias favelas do Rio, a Vila Aut\u00f3dromo realizou o seu pr\u00f3prio Arrai\u00e1. Contrastando com festas juninas tradicionais, a da Vila Aut\u00f3dromo destacou, acima de tudo, mensagens de esperan\u00e7a, mem\u00f3ria [...]","og_url":"https:\/\/rioonwatch.org.br\/?p=20552","og_site_name":"RioOnWatch","article_published_time":"2016-07-02T12:00:24+00:00","article_modified_time":"2024-06-20T19:27:08+00:00","og_image":[{"width":1000,"height":667,"url":"https:\/\/rioonwatch.org.br\/wp-content\/uploads\/2016\/07\/Vila-Autodromo-arraia.jpg","type":"image\/jpeg"}],"author":"Admin","twitter_card":"summary_large_image","twitter_misc":{"Escrito por":"Admin","Est. tempo de leitura":"5 minutos"},"schema":{"@context":"https:\/\/schema.org","@graph":[{"@type":"Article","@id":"https:\/\/rioonwatch.org.br\/?p=20552#article","isPartOf":{"@id":"https:\/\/rioonwatch.org.br\/?p=20552"},"author":{"name":"Admin","@id":"https:\/\/rioonwatch.org.br\/#\/schema\/person\/11d64c290506f9df50c71b850c473f68"},"headline":"Mem\u00f3ria e Esperan\u00e7a Foram os Temas da Festa Junina na Vila Aut\u00f3dromo","datePublished":"2016-07-02T12:00:24+00:00","dateModified":"2024-06-20T19:27:08+00:00","mainEntityOfPage":{"@id":"https:\/\/rioonwatch.org.br\/?p=20552"},"wordCount":1042,"publisher":{"@id":"https:\/\/rioonwatch.org.br\/#organization"},"image":{"@id":"https:\/\/rioonwatch.org.br\/?p=20552#primaryimage"},"thumbnailUrl":"https:\/\/rioonwatch.org.br\/wp-content\/uploads\/2016\/07\/Vila-Autodromo-arraia.jpg","keywords":["Barra da Tijuca","cultura da favela","Direito \u00e0 Moradia","festa junina","Megaeventos","Olimp\u00edadas","Remo\u00e7\u00e3o","resist\u00eancia","Vila Aut\u00f3dromo","Zona Oeste"],"articleSection":["#OlhoNasRemo\u00e7\u00f5es","*Destaque","Cobertura de Eventos","Cultura da Favela","Escrito por Aliados","Sociedade Civil"],"inLanguage":"pt-BR"},{"@type":"WebPage","@id":"https:\/\/rioonwatch.org.br\/?p=20552","url":"https:\/\/rioonwatch.org.br\/?p=20552","name":"Mem\u00f3ria e Esperan\u00e7a Foram os Temas da Festa Junina na Vila Aut\u00f3dromo - RioOnWatch","isPartOf":{"@id":"https:\/\/rioonwatch.org.br\/#website"},"primaryImageOfPage":{"@id":"https:\/\/rioonwatch.org.br\/?p=20552#primaryimage"},"image":{"@id":"https:\/\/rioonwatch.org.br\/?p=20552#primaryimage"},"thumbnailUrl":"https:\/\/rioonwatch.org.br\/wp-content\/uploads\/2016\/07\/Vila-Autodromo-arraia.jpg","datePublished":"2016-07-02T12:00:24+00:00","dateModified":"2024-06-20T19:27:08+00:00","breadcrumb":{"@id":"https:\/\/rioonwatch.org.br\/?p=20552#breadcrumb"},"inLanguage":"pt-BR","potentialAction":[{"@type":"ReadAction","target":["https:\/\/rioonwatch.org.br\/?p=20552"]}]},{"@type":"ImageObject","inLanguage":"pt-BR","@id":"https:\/\/rioonwatch.org.br\/?p=20552#primaryimage","url":"https:\/\/rioonwatch.org.br\/wp-content\/uploads\/2016\/07\/Vila-Autodromo-arraia.jpg","contentUrl":"https:\/\/rioonwatch.org.br\/wp-content\/uploads\/2016\/07\/Vila-Autodromo-arraia.jpg","width":1000,"height":667},{"@type":"BreadcrumbList","@id":"https:\/\/rioonwatch.org.br\/?p=20552#breadcrumb","itemListElement":[{"@type":"ListItem","position":1,"name":"In\u00edcio","item":"https:\/\/rioonwatch.org.br\/"},{"@type":"ListItem","position":2,"name":"Mem\u00f3ria e Esperan\u00e7a Foram os Temas da Festa Junina na Vila Aut\u00f3dromo"}]},{"@type":"WebSite","@id":"https:\/\/rioonwatch.org.br\/#website","url":"https:\/\/rioonwatch.org.br\/","name":"RioOnWatch","description":"relatos das favelas cariocas","publisher":{"@id":"https:\/\/rioonwatch.org.br\/#organization"},"potentialAction":[{"@type":"SearchAction","target":{"@type":"EntryPoint","urlTemplate":"https:\/\/rioonwatch.org.br\/?s={search_term_string}"},"query-input":{"@type":"PropertyValueSpecification","valueRequired":true,"valueName":"search_term_string"}}],"inLanguage":"pt-BR"},{"@type":"Organization","@id":"https:\/\/rioonwatch.org.br\/#organization","name":"RioOnWatch","url":"https:\/\/rioonwatch.org.br\/","logo":{"@type":"ImageObject","inLanguage":"pt-BR","@id":"https:\/\/rioonwatch.org.br\/#\/schema\/logo\/image\/","url":"https:\/\/rioonwatch.org.br\/wp-content\/uploads\/2021\/06\/RioOnWatchcabecalhoPT11anos-2.png","contentUrl":"https:\/\/rioonwatch.org.br\/wp-content\/uploads\/2021\/06\/RioOnWatchcabecalhoPT11anos-2.png","width":779,"height":277,"caption":"RioOnWatch"},"image":{"@id":"https:\/\/rioonwatch.org.br\/#\/schema\/logo\/image\/"}},{"@type":"Person","@id":"https:\/\/rioonwatch.org.br\/#\/schema\/person\/11d64c290506f9df50c71b850c473f68","name":"Admin","image":{"@type":"ImageObject","inLanguage":"pt-BR","@id":"https:\/\/rioonwatch.org.br\/#\/schema\/person\/image\/","url":"https:\/\/secure.gravatar.com\/avatar\/56211ac74568383903349a1485e3c325?s=96&d=blank&r=g","contentUrl":"https:\/\/secure.gravatar.com\/avatar\/56211ac74568383903349a1485e3c325?s=96&d=blank&r=g","caption":"Admin"},"url":"https:\/\/rioonwatch.org.br\/?author=129"}]}},"_links":{"self":[{"href":"https:\/\/rioonwatch.org.br\/index.php?rest_route=\/wp\/v2\/posts\/20552"}],"collection":[{"href":"https:\/\/rioonwatch.org.br\/index.php?rest_route=\/wp\/v2\/posts"}],"about":[{"href":"https:\/\/rioonwatch.org.br\/index.php?rest_route=\/wp\/v2\/types\/post"}],"author":[{"embeddable":true,"href":"https:\/\/rioonwatch.org.br\/index.php?rest_route=\/wp\/v2\/users\/129"}],"replies":[{"embeddable":true,"href":"https:\/\/rioonwatch.org.br\/index.php?rest_route=%2Fwp%2Fv2%2Fcomments&post=20552"}],"version-history":[{"count":14,"href":"https:\/\/rioonwatch.org.br\/index.php?rest_route=\/wp\/v2\/posts\/20552\/revisions"}],"predecessor-version":[{"id":74208,"href":"https:\/\/rioonwatch.org.br\/index.php?rest_route=\/wp\/v2\/posts\/20552\/revisions\/74208"}],"wp:featuredmedia":[{"embeddable":true,"href":"https:\/\/rioonwatch.org.br\/index.php?rest_route=\/wp\/v2\/media\/20557"}],"wp:attachment":[{"href":"https:\/\/rioonwatch.org.br\/index.php?rest_route=%2Fwp%2Fv2%2Fmedia&parent=20552"}],"wp:term":[{"taxonomy":"category","embeddable":true,"href":"https:\/\/rioonwatch.org.br\/index.php?rest_route=%2Fwp%2Fv2%2Fcategories&post=20552"},{"taxonomy":"post_tag","embeddable":true,"href":"https:\/\/rioonwatch.org.br\/index.php?rest_route=%2Fwp%2Fv2%2Ftags&post=20552"},{"taxonomy":"writer","embeddable":true,"href":"https:\/\/rioonwatch.org.br\/index.php?rest_route=%2Fwp%2Fv2%2Fwriter&post=20552"},{"taxonomy":"translator","embeddable":true,"href":"https:\/\/rioonwatch.org.br\/index.php?rest_route=%2Fwp%2Fv2%2Ftranslator&post=20552"},{"taxonomy":"source","embeddable":true,"href":"https:\/\/rioonwatch.org.br\/index.php?rest_route=%2Fwp%2Fv2%2Fsource&post=20552"},{"taxonomy":"ilustrador","embeddable":true,"href":"https:\/\/rioonwatch.org.br\/index.php?rest_route=%2Fwp%2Fv2%2Filustrador&post=20552"},{"taxonomy":"fotografo","embeddable":true,"href":"https:\/\/rioonwatch.org.br\/index.php?rest_route=%2Fwp%2Fv2%2Ffotografo&post=20552"}],"curies":[{"name":"wp","href":"https:\/\/api.w.org\/{rel}","templated":true}]}}