{"id":20570,"date":"2016-07-03T11:14:20","date_gmt":"2016-07-03T14:14:20","guid":{"rendered":"http:\/\/rioonwatch.org.br\/?p=20570"},"modified":"2016-07-03T11:15:56","modified_gmt":"2016-07-03T14:15:56","slug":"rocinha-sem-fronteira-debate-o-papel-da-midia-comunitaria","status":"publish","type":"post","link":"https:\/\/rioonwatch.org.br\/?p=20570","title":{"rendered":"Rocinha Sem Fronteiras Debate Papel da M\u00eddia Comunit\u00e1ria"},"content":{"rendered":"<p style=\"text-align: right;\"><em><strong><a href=\"http:\/\/bit.ly\/295QKnr\" target=\"_blank\">Click Here for English<img decoding=\"async\" width=\"20\" height=\"20\" class=\"alignright wp-image-15790\" src=\"http:\/\/rioonwatch.org.br\/wp-content\/uploads\/2012\/08\/EN-standard-e1439583104716.jpg\" alt=\"\" \/><\/a><\/strong><\/em><\/p>\n<p>No dia 25 de junho, em uma pequena igreja na favela da <a href=\"http:\/\/bit.ly\/16w2zz1\" target=\"_blank\">Rocinha<\/a> na <a href=\"http:\/\/bit.ly\/1mNsDyk\" target=\"_blank\">Zona Sul<\/a> do Rio, um grupo de cerca de 25 pessoas debateu o papel da\u00a0<a href=\"http:\/\/bit.ly\/1jEgxaJ\" target=\"_blank\">m\u00eddia comunit\u00e1ria<\/a>. <a href=\"http:\/\/bit.ly\/1UxJWhC\" target=\"_blank\">Rocinha Sem Fronteiras<\/a>, um grupo da comunidade que se re\u00fane uma vez ao m\u00eas para debater\u00a0diferentes t\u00f3picos relativos \u00e0 favela, sediou a discuss\u00e3o com os jornalistas dos canais de comunica\u00e7\u00e3o da comunidade <a href=\"http:\/\/bit.ly\/209cc33\" target=\"_blank\"><em>Jornal Fala Ro\u00e7a<\/em><\/a>, <a href=\"http:\/\/bit.ly\/1eZcxj2\" target=\"_blank\"><em>Viva Rocinha<\/em><\/a>, <a href=\"http:\/\/bit.ly\/295k7tW\" target=\"_blank\"><em>TV Tagalera<\/em><\/a>\u00a0e <em><a href=\"http:\/\/bit.ly\/295kpku\" target=\"_blank\">FavelaDaRocinha.com<\/a><\/em>.<\/p>\n<p>\u201cA nossa ideologia \u00e9 enfatizar para que as pessoas fa\u00e7am a diferen\u00e7a aqui&#8230; nosso foco sempre foi a <a href=\"http:\/\/bit.ly\/1YpIkga\" target=\"_blank\">comunica\u00e7\u00e3o na comunidade<\/a>\u201d, disse Leandro Lima, morador e jornalista do\u00a0<em>FavelaDaRocinha.com<\/em>. Muitas das reportagens feitas pela <a href=\"http:\/\/bit.ly\/29bLzEO\" target=\"_blank\">m\u00eddia alternativa<\/a> nas favelas est\u00e3o relacionadas \u00e0s <a href=\"http:\/\/bit.ly\/1a1M6kK\" target=\"_blank\">artes<\/a> e as quest\u00f5es de <a href=\"http:\/\/bit.ly\/14lMZGK\" target=\"_blank\">saneamento<\/a>, <a href=\"http:\/\/bit.ly\/1acNApR\" target=\"_blank\">educa\u00e7\u00e3o<\/a> e necessidades b\u00e1sicas de <a href=\"http:\/\/bit.ly\/1kzUmMv\" target=\"_blank\">sa\u00fade<\/a>. Esses s\u00e3o t\u00f3picos que a m\u00eddia tradicional do Rio tende a negligenciar. Ao inv\u00e9s disso, a <a href=\"http:\/\/bit.ly\/1VVj5Ae\" target=\"_blank\">grande m\u00eddia<\/a> <a href=\"http:\/\/bit.ly\/1ZVXkRS\" target=\"_blank\">foca na viol\u00eancia e nos crimes<\/a>.<\/p>\n<p><a href=\"http:\/\/rioonwatch.org.br\/wp-content\/uploads\/2016\/07\/Rocinha-Sem-Fronteiras-3.jpg\"><img fetchpriority=\"high\" decoding=\"async\" class=\"aligncenter wp-image-20577 size-medium\" title=\"Rocinha Sem Fronteiras debate o papel da m\u00eddia comunit\u00e1ria\" src=\"http:\/\/rioonwatch.org.br\/wp-content\/uploads\/2016\/07\/Rocinha-Sem-Fronteiras-3-620x413.jpg\" alt=\"Rocinha-Sem-Fronteiras-3\" width=\"620\" height=\"413\" srcset=\"https:\/\/rioonwatch.org.br\/wp-content\/uploads\/2016\/07\/Rocinha-Sem-Fronteiras-3-620x413.jpg 620w, https:\/\/rioonwatch.org.br\/wp-content\/uploads\/2016\/07\/Rocinha-Sem-Fronteiras-3-396x264.jpg 396w, https:\/\/rioonwatch.org.br\/wp-content\/uploads\/2016\/07\/Rocinha-Sem-Fronteiras-3-768x512.jpg 768w, https:\/\/rioonwatch.org.br\/wp-content\/uploads\/2016\/07\/Rocinha-Sem-Fronteiras-3-1024x683.jpg 1024w\" sizes=\"(max-width: 620px) 100vw, 620px\" \/><\/a><\/p>\n<p><span style=\"font-weight: 400;\">No debate, alguns moradores da Rocinha disseram que eles gostariam de ler mais sobre not\u00edcias pol\u00edticas e nacionais em seus jornais locais. Eles tamb\u00e9m questionaram o porqu\u00ea da m\u00eddia local ter optado por n\u00e3o relatar os aspectos negativos da vida na Rocinha. <\/span><\/p>\n<p><span style=\"font-weight: 400;\">\u201cEu acho que \u00e9 muito importante falar sobre o que \u00e9 positivo\u201d, disse\u00a0Francisca Oliveira&#8211;moradora de muitos anos da Rocinha e autora&#8211;acrescentando que gostaria que a m\u00eddia local falasse tamb\u00e9m sobre problemas mais profundos da comunidade. <\/span><\/p>\n<p><span style=\"font-weight: 400;\">Outro morador da Rocinha, Roberto Lucena, concordou com Francisca e mencionou que h\u00e1 um sil\u00eancio jornal\u00edstico entre os jornais da comunidade quando se trata de alguns assuntos, como crimes. Lucena perguntou se os jornalistas da Rocinha temem retalia\u00e7\u00f5es, caso eles contassem mais hist\u00f3rias sobre estes assuntos. <\/span><\/p>\n<p><span style=\"font-weight: 400;\">\u201cN\u00f3s tentamos n\u00e3o reproduzir o argumento dos principais jornais de que a favela \u00e9 um lugar de problemas, um lugar de mortes. N\u00f3s tentamos falar sobre outro tipo de viol\u00eancia, como a\u00a0<a href=\"http:\/\/bit.ly\/1diQ7Xa\" target=\"_blank\">falta de saneamento b\u00e1sico<\/a>&#8230; n\u00f3s estamos tentando ressaltar a cultura e mostrar o que temos de valor aqui dentro [da favela], o que n\u00f3s constru\u00edmos \u00e0s margens da sociedade, o que n\u00f3s somos capazes de fazer de<\/span><span style=\"line-height: 1.5;\">\u00a0bom\u201d, disse Cleber Araujo, jornalista e consultor de comunica\u00e7\u00e3o da TV Tagalera.<\/span><\/p>\n<p><a href=\"http:\/\/rioonwatch.org.br\/wp-content\/uploads\/2016\/07\/Rocinha-Sem-Fronteiras-2.jpg\"><img decoding=\"async\" class=\"aligncenter wp-image-20578 size-medium\" title=\"Rocinha Sem Fronteiras debates sobre as m\u00eddias comunit\u00e1rias\" src=\"http:\/\/rioonwatch.org.br\/wp-content\/uploads\/2016\/07\/Rocinha-Sem-Fronteiras-2-620x413.jpg\" alt=\"Rocinha-Sem-Fronteiras-2\" width=\"620\" height=\"413\" srcset=\"https:\/\/rioonwatch.org.br\/wp-content\/uploads\/2016\/07\/Rocinha-Sem-Fronteiras-2-620x413.jpg 620w, https:\/\/rioonwatch.org.br\/wp-content\/uploads\/2016\/07\/Rocinha-Sem-Fronteiras-2-396x264.jpg 396w, https:\/\/rioonwatch.org.br\/wp-content\/uploads\/2016\/07\/Rocinha-Sem-Fronteiras-2-768x512.jpg 768w, https:\/\/rioonwatch.org.br\/wp-content\/uploads\/2016\/07\/Rocinha-Sem-Fronteiras-2-1024x683.jpg 1024w\" sizes=\"(max-width: 620px) 100vw, 620px\" \/><\/a><\/p>\n<p><span style=\"font-weight: 400;\">Os jornalistas discutiram como os leitores s\u00e3o bombardeados com hist\u00f3rias sobre o\u00a0<a href=\"http:\/\/bit.ly\/NRIxaP\" target=\"_blank\">tr\u00e1fico de drogas<\/a> nas favelas e como a m\u00eddia alternativa na Rocinha quer mudar a <a href=\"http:\/\/bit.ly\/1ZVXkRS\" target=\"_blank\">narrativa sensacionalista da grande m\u00eddia<\/a>. Mas seu objetivo principal \u00e9 divulgar not\u00edcias relevantes aos moradores da Rocinha. <\/span><\/p>\n<p><span style=\"font-weight: 400;\">\u201cAs pessoas querem saber o que a grande m\u00eddia n\u00e3o mostra\u201d, disse Leandro Lima. Todos os jornalistas concordaram que eles t\u00eam trabalhado para produzir hist\u00f3rias profundas e detalhadas para retratar plenamente suas comunidades. <\/span><\/p>\n<p><span style=\"font-weight: 400;\">\u201cN\u00f3s n\u00e3o vamos ser como a m\u00eddia de massa e tocar em um t\u00f3pico e depois deixar para l\u00e1. N\u00f3s fazemos as coisas de outro modo\u201d, disse Cleber. <\/span><\/p>\n<!-- AddThis Advanced Settings generic via filter on the_content --><!-- AddThis Share Buttons generic via filter on the_content -->","protected":false},"excerpt":{"rendered":"<div class=\"mh-excerpt\"><p>Click Here for English No dia 25 de junho, em uma pequena igreja na favela da Rocinha na Zona Sul do Rio, um grupo de cerca de 25 pessoas debateu o papel da\u00a0m\u00eddia comunit\u00e1ria. Rocinha <a class=\"mh-excerpt-more\" href=\"https:\/\/rioonwatch.org.br\/?p=20570\" title=\"Rocinha Sem Fronteiras Debate Papel da M\u00eddia Comunit\u00e1ria\">[&#8230;]<\/a><!-- AddThis Advanced Settings generic via filter on get_the_excerpt --><!-- AddThis Share Buttons generic via filter on get_the_excerpt --><\/p>\n<\/div>","protected":false},"author":129,"featured_media":20576,"comment_status":"closed","ping_status":"closed","sticky":false,"template":"","format":"standard","meta":{"_acf_changed":false,"_monsterinsights_skip_tracking":false,"_monsterinsights_sitenote_active":false,"_monsterinsights_sitenote_note":"","_monsterinsights_sitenote_category":0,"footnotes":""},"categories":[1627,1615,1626,1613,1612,342],"tags":[1530,81,421,1167,1166,1760,358,16,492,562,1144,383],"writer":[1880],"translator":[1862],"source":[],"ilustrador":[],"fotografo":[],"class_list":{"0":"post-20570","1":"post","2":"type-post","3":"status-publish","4":"format-standard","5":"has-post-thumbnail","7":"category-relato-de-evento","8":"category-cultura-da-favela","9":"category-por-observadores-internacionais","10":"category-midia-comunitaria","11":"category-sociedade-civil","12":"category-solucoes","13":"tag-midia-comunitaria","14":"tag-cultura","15":"tag-cultura-da-favela","16":"tag-grande-midia","17":"tag-jornalismo","18":"tag-narrativa-midiatica","19":"tag-organizacao-comunitaria","20":"tag-rocinha","21":"tag-saneamento","22":"tag-trafico-de-drogas","23":"tag-violencia-urbana","24":"tag-zona-sul","25":"writer-alejandra-oconnell","26":"translator-caroline-quintanilha"},"acf":[],"yoast_head":"<!-- This site is optimized with the Yoast SEO plugin v25.6 - https:\/\/yoast.com\/wordpress\/plugins\/seo\/ -->\n<title>Rocinha Sem Fronteiras Debate Papel da M\u00eddia Comunit\u00e1ria - RioOnWatch<\/title>\n<meta name=\"robots\" content=\"index, follow, max-snippet:-1, max-image-preview:large, max-video-preview:-1\" \/>\n<link rel=\"canonical\" href=\"https:\/\/rioonwatch.org.br\/?p=20570\" \/>\n<meta property=\"og:locale\" content=\"pt_BR\" \/>\n<meta property=\"og:type\" content=\"article\" \/>\n<meta property=\"og:title\" content=\"Rocinha Sem Fronteiras Debate Papel da M\u00eddia Comunit\u00e1ria - RioOnWatch\" \/>\n<meta property=\"og:description\" content=\"Click Here for English No dia 25 de junho, em uma pequena igreja na favela da Rocinha na Zona Sul do Rio, um grupo de cerca de 25 pessoas debateu o papel da\u00a0m\u00eddia comunit\u00e1ria. Rocinha [...]\" \/>\n<meta property=\"og:url\" content=\"https:\/\/rioonwatch.org.br\/?p=20570\" \/>\n<meta property=\"og:site_name\" content=\"RioOnWatch\" \/>\n<meta property=\"article:published_time\" content=\"2016-07-03T14:14:20+00:00\" \/>\n<meta property=\"article:modified_time\" content=\"2016-07-03T14:15:56+00:00\" \/>\n<meta property=\"og:image\" content=\"https:\/\/rioonwatch.org.br\/wp-content\/uploads\/2016\/07\/Rocinha-sem-Fronteiras-1-scaled.jpg\" \/>\n\t<meta property=\"og:image:width\" content=\"2560\" \/>\n\t<meta property=\"og:image:height\" content=\"1706\" \/>\n\t<meta property=\"og:image:type\" content=\"image\/jpeg\" \/>\n<meta name=\"author\" content=\"Admin\" \/>\n<meta name=\"twitter:card\" content=\"summary_large_image\" \/>\n<meta name=\"twitter:label1\" content=\"Escrito por\" \/>\n\t<meta name=\"twitter:data1\" content=\"Admin\" \/>\n\t<meta name=\"twitter:label2\" content=\"Est. tempo de leitura\" \/>\n\t<meta name=\"twitter:data2\" content=\"3 minutos\" \/>\n<script type=\"application\/ld+json\" class=\"yoast-schema-graph\">{\"@context\":\"https:\/\/schema.org\",\"@graph\":[{\"@type\":\"Article\",\"@id\":\"https:\/\/rioonwatch.org.br\/?p=20570#article\",\"isPartOf\":{\"@id\":\"https:\/\/rioonwatch.org.br\/?p=20570\"},\"author\":{\"name\":\"Admin\",\"@id\":\"https:\/\/rioonwatch.org.br\/#\/schema\/person\/11d64c290506f9df50c71b850c473f68\"},\"headline\":\"Rocinha Sem Fronteiras Debate Papel da M\u00eddia Comunit\u00e1ria\",\"datePublished\":\"2016-07-03T14:14:20+00:00\",\"dateModified\":\"2016-07-03T14:15:56+00:00\",\"mainEntityOfPage\":{\"@id\":\"https:\/\/rioonwatch.org.br\/?p=20570\"},\"wordCount\":527,\"publisher\":{\"@id\":\"https:\/\/rioonwatch.org.br\/#organization\"},\"image\":{\"@id\":\"https:\/\/rioonwatch.org.br\/?p=20570#primaryimage\"},\"thumbnailUrl\":\"https:\/\/rioonwatch.org.br\/wp-content\/uploads\/2016\/07\/Rocinha-sem-Fronteiras-1-scaled.jpg\",\"keywords\":[\"Comunica\u00e7\u00e3o Comunit\u00e1ria\",\"cultura\",\"cultura da favela\",\"grande m\u00eddia\",\"jornalismo\",\"narrativa midi\u00e1tica\",\"organiza\u00e7\u00e3o comunit\u00e1ria\",\"Rocinha\",\"saneamento\",\"tr\u00e1fico de drogas\",\"viol\u00eancia urbana\",\"Zona Sul\"],\"articleSection\":[\"Cobertura de Eventos\",\"Cultura da Favela\",\"Escrito por Aliados\",\"M\u00eddia Comunit\u00e1ria\",\"Sociedade Civil\",\"Solu\u00e7\u00f5es\"],\"inLanguage\":\"pt-BR\"},{\"@type\":\"WebPage\",\"@id\":\"https:\/\/rioonwatch.org.br\/?p=20570\",\"url\":\"https:\/\/rioonwatch.org.br\/?p=20570\",\"name\":\"Rocinha Sem Fronteiras Debate Papel da M\u00eddia Comunit\u00e1ria - RioOnWatch\",\"isPartOf\":{\"@id\":\"https:\/\/rioonwatch.org.br\/#website\"},\"primaryImageOfPage\":{\"@id\":\"https:\/\/rioonwatch.org.br\/?p=20570#primaryimage\"},\"image\":{\"@id\":\"https:\/\/rioonwatch.org.br\/?p=20570#primaryimage\"},\"thumbnailUrl\":\"https:\/\/rioonwatch.org.br\/wp-content\/uploads\/2016\/07\/Rocinha-sem-Fronteiras-1-scaled.jpg\",\"datePublished\":\"2016-07-03T14:14:20+00:00\",\"dateModified\":\"2016-07-03T14:15:56+00:00\",\"breadcrumb\":{\"@id\":\"https:\/\/rioonwatch.org.br\/?p=20570#breadcrumb\"},\"inLanguage\":\"pt-BR\",\"potentialAction\":[{\"@type\":\"ReadAction\",\"target\":[\"https:\/\/rioonwatch.org.br\/?p=20570\"]}]},{\"@type\":\"ImageObject\",\"inLanguage\":\"pt-BR\",\"@id\":\"https:\/\/rioonwatch.org.br\/?p=20570#primaryimage\",\"url\":\"https:\/\/rioonwatch.org.br\/wp-content\/uploads\/2016\/07\/Rocinha-sem-Fronteiras-1-scaled.jpg\",\"contentUrl\":\"https:\/\/rioonwatch.org.br\/wp-content\/uploads\/2016\/07\/Rocinha-sem-Fronteiras-1-scaled.jpg\",\"width\":2560,\"height\":1706},{\"@type\":\"BreadcrumbList\",\"@id\":\"https:\/\/rioonwatch.org.br\/?p=20570#breadcrumb\",\"itemListElement\":[{\"@type\":\"ListItem\",\"position\":1,\"name\":\"In\u00edcio\",\"item\":\"https:\/\/rioonwatch.org.br\/\"},{\"@type\":\"ListItem\",\"position\":2,\"name\":\"Rocinha Sem Fronteiras Debate Papel da M\u00eddia Comunit\u00e1ria\"}]},{\"@type\":\"WebSite\",\"@id\":\"https:\/\/rioonwatch.org.br\/#website\",\"url\":\"https:\/\/rioonwatch.org.br\/\",\"name\":\"RioOnWatch\",\"description\":\"relatos das favelas cariocas\",\"publisher\":{\"@id\":\"https:\/\/rioonwatch.org.br\/#organization\"},\"potentialAction\":[{\"@type\":\"SearchAction\",\"target\":{\"@type\":\"EntryPoint\",\"urlTemplate\":\"https:\/\/rioonwatch.org.br\/?s={search_term_string}\"},\"query-input\":{\"@type\":\"PropertyValueSpecification\",\"valueRequired\":true,\"valueName\":\"search_term_string\"}}],\"inLanguage\":\"pt-BR\"},{\"@type\":\"Organization\",\"@id\":\"https:\/\/rioonwatch.org.br\/#organization\",\"name\":\"RioOnWatch\",\"url\":\"https:\/\/rioonwatch.org.br\/\",\"logo\":{\"@type\":\"ImageObject\",\"inLanguage\":\"pt-BR\",\"@id\":\"https:\/\/rioonwatch.org.br\/#\/schema\/logo\/image\/\",\"url\":\"https:\/\/rioonwatch.org.br\/wp-content\/uploads\/2021\/06\/RioOnWatchcabecalhoPT11anos-2.png\",\"contentUrl\":\"https:\/\/rioonwatch.org.br\/wp-content\/uploads\/2021\/06\/RioOnWatchcabecalhoPT11anos-2.png\",\"width\":779,\"height\":277,\"caption\":\"RioOnWatch\"},\"image\":{\"@id\":\"https:\/\/rioonwatch.org.br\/#\/schema\/logo\/image\/\"}},{\"@type\":\"Person\",\"@id\":\"https:\/\/rioonwatch.org.br\/#\/schema\/person\/11d64c290506f9df50c71b850c473f68\",\"name\":\"Admin\",\"image\":{\"@type\":\"ImageObject\",\"inLanguage\":\"pt-BR\",\"@id\":\"https:\/\/rioonwatch.org.br\/#\/schema\/person\/image\/\",\"url\":\"https:\/\/secure.gravatar.com\/avatar\/56211ac74568383903349a1485e3c325?s=96&d=blank&r=g\",\"contentUrl\":\"https:\/\/secure.gravatar.com\/avatar\/56211ac74568383903349a1485e3c325?s=96&d=blank&r=g\",\"caption\":\"Admin\"},\"url\":\"https:\/\/rioonwatch.org.br\/?author=129\"}]}<\/script>\n<!-- \/ Yoast SEO plugin. -->","yoast_head_json":{"title":"Rocinha Sem Fronteiras Debate Papel da M\u00eddia Comunit\u00e1ria - RioOnWatch","robots":{"index":"index","follow":"follow","max-snippet":"max-snippet:-1","max-image-preview":"max-image-preview:large","max-video-preview":"max-video-preview:-1"},"canonical":"https:\/\/rioonwatch.org.br\/?p=20570","og_locale":"pt_BR","og_type":"article","og_title":"Rocinha Sem Fronteiras Debate Papel da M\u00eddia Comunit\u00e1ria - RioOnWatch","og_description":"Click Here for English No dia 25 de junho, em uma pequena igreja na favela da Rocinha na Zona Sul do Rio, um grupo de cerca de 25 pessoas debateu o papel da\u00a0m\u00eddia comunit\u00e1ria. Rocinha [...]","og_url":"https:\/\/rioonwatch.org.br\/?p=20570","og_site_name":"RioOnWatch","article_published_time":"2016-07-03T14:14:20+00:00","article_modified_time":"2016-07-03T14:15:56+00:00","og_image":[{"width":2560,"height":1706,"url":"https:\/\/rioonwatch.org.br\/wp-content\/uploads\/2016\/07\/Rocinha-sem-Fronteiras-1-scaled.jpg","type":"image\/jpeg"}],"author":"Admin","twitter_card":"summary_large_image","twitter_misc":{"Escrito por":"Admin","Est. tempo de leitura":"3 minutos"},"schema":{"@context":"https:\/\/schema.org","@graph":[{"@type":"Article","@id":"https:\/\/rioonwatch.org.br\/?p=20570#article","isPartOf":{"@id":"https:\/\/rioonwatch.org.br\/?p=20570"},"author":{"name":"Admin","@id":"https:\/\/rioonwatch.org.br\/#\/schema\/person\/11d64c290506f9df50c71b850c473f68"},"headline":"Rocinha Sem Fronteiras Debate Papel da M\u00eddia Comunit\u00e1ria","datePublished":"2016-07-03T14:14:20+00:00","dateModified":"2016-07-03T14:15:56+00:00","mainEntityOfPage":{"@id":"https:\/\/rioonwatch.org.br\/?p=20570"},"wordCount":527,"publisher":{"@id":"https:\/\/rioonwatch.org.br\/#organization"},"image":{"@id":"https:\/\/rioonwatch.org.br\/?p=20570#primaryimage"},"thumbnailUrl":"https:\/\/rioonwatch.org.br\/wp-content\/uploads\/2016\/07\/Rocinha-sem-Fronteiras-1-scaled.jpg","keywords":["Comunica\u00e7\u00e3o Comunit\u00e1ria","cultura","cultura da favela","grande m\u00eddia","jornalismo","narrativa midi\u00e1tica","organiza\u00e7\u00e3o comunit\u00e1ria","Rocinha","saneamento","tr\u00e1fico de drogas","viol\u00eancia urbana","Zona Sul"],"articleSection":["Cobertura de Eventos","Cultura da Favela","Escrito por Aliados","M\u00eddia Comunit\u00e1ria","Sociedade Civil","Solu\u00e7\u00f5es"],"inLanguage":"pt-BR"},{"@type":"WebPage","@id":"https:\/\/rioonwatch.org.br\/?p=20570","url":"https:\/\/rioonwatch.org.br\/?p=20570","name":"Rocinha Sem Fronteiras Debate Papel da M\u00eddia Comunit\u00e1ria - RioOnWatch","isPartOf":{"@id":"https:\/\/rioonwatch.org.br\/#website"},"primaryImageOfPage":{"@id":"https:\/\/rioonwatch.org.br\/?p=20570#primaryimage"},"image":{"@id":"https:\/\/rioonwatch.org.br\/?p=20570#primaryimage"},"thumbnailUrl":"https:\/\/rioonwatch.org.br\/wp-content\/uploads\/2016\/07\/Rocinha-sem-Fronteiras-1-scaled.jpg","datePublished":"2016-07-03T14:14:20+00:00","dateModified":"2016-07-03T14:15:56+00:00","breadcrumb":{"@id":"https:\/\/rioonwatch.org.br\/?p=20570#breadcrumb"},"inLanguage":"pt-BR","potentialAction":[{"@type":"ReadAction","target":["https:\/\/rioonwatch.org.br\/?p=20570"]}]},{"@type":"ImageObject","inLanguage":"pt-BR","@id":"https:\/\/rioonwatch.org.br\/?p=20570#primaryimage","url":"https:\/\/rioonwatch.org.br\/wp-content\/uploads\/2016\/07\/Rocinha-sem-Fronteiras-1-scaled.jpg","contentUrl":"https:\/\/rioonwatch.org.br\/wp-content\/uploads\/2016\/07\/Rocinha-sem-Fronteiras-1-scaled.jpg","width":2560,"height":1706},{"@type":"BreadcrumbList","@id":"https:\/\/rioonwatch.org.br\/?p=20570#breadcrumb","itemListElement":[{"@type":"ListItem","position":1,"name":"In\u00edcio","item":"https:\/\/rioonwatch.org.br\/"},{"@type":"ListItem","position":2,"name":"Rocinha Sem Fronteiras Debate Papel da M\u00eddia Comunit\u00e1ria"}]},{"@type":"WebSite","@id":"https:\/\/rioonwatch.org.br\/#website","url":"https:\/\/rioonwatch.org.br\/","name":"RioOnWatch","description":"relatos das favelas cariocas","publisher":{"@id":"https:\/\/rioonwatch.org.br\/#organization"},"potentialAction":[{"@type":"SearchAction","target":{"@type":"EntryPoint","urlTemplate":"https:\/\/rioonwatch.org.br\/?s={search_term_string}"},"query-input":{"@type":"PropertyValueSpecification","valueRequired":true,"valueName":"search_term_string"}}],"inLanguage":"pt-BR"},{"@type":"Organization","@id":"https:\/\/rioonwatch.org.br\/#organization","name":"RioOnWatch","url":"https:\/\/rioonwatch.org.br\/","logo":{"@type":"ImageObject","inLanguage":"pt-BR","@id":"https:\/\/rioonwatch.org.br\/#\/schema\/logo\/image\/","url":"https:\/\/rioonwatch.org.br\/wp-content\/uploads\/2021\/06\/RioOnWatchcabecalhoPT11anos-2.png","contentUrl":"https:\/\/rioonwatch.org.br\/wp-content\/uploads\/2021\/06\/RioOnWatchcabecalhoPT11anos-2.png","width":779,"height":277,"caption":"RioOnWatch"},"image":{"@id":"https:\/\/rioonwatch.org.br\/#\/schema\/logo\/image\/"}},{"@type":"Person","@id":"https:\/\/rioonwatch.org.br\/#\/schema\/person\/11d64c290506f9df50c71b850c473f68","name":"Admin","image":{"@type":"ImageObject","inLanguage":"pt-BR","@id":"https:\/\/rioonwatch.org.br\/#\/schema\/person\/image\/","url":"https:\/\/secure.gravatar.com\/avatar\/56211ac74568383903349a1485e3c325?s=96&d=blank&r=g","contentUrl":"https:\/\/secure.gravatar.com\/avatar\/56211ac74568383903349a1485e3c325?s=96&d=blank&r=g","caption":"Admin"},"url":"https:\/\/rioonwatch.org.br\/?author=129"}]}},"_links":{"self":[{"href":"https:\/\/rioonwatch.org.br\/index.php?rest_route=\/wp\/v2\/posts\/20570"}],"collection":[{"href":"https:\/\/rioonwatch.org.br\/index.php?rest_route=\/wp\/v2\/posts"}],"about":[{"href":"https:\/\/rioonwatch.org.br\/index.php?rest_route=\/wp\/v2\/types\/post"}],"author":[{"embeddable":true,"href":"https:\/\/rioonwatch.org.br\/index.php?rest_route=\/wp\/v2\/users\/129"}],"replies":[{"embeddable":true,"href":"https:\/\/rioonwatch.org.br\/index.php?rest_route=%2Fwp%2Fv2%2Fcomments&post=20570"}],"version-history":[{"count":13,"href":"https:\/\/rioonwatch.org.br\/index.php?rest_route=\/wp\/v2\/posts\/20570\/revisions"}],"predecessor-version":[{"id":20594,"href":"https:\/\/rioonwatch.org.br\/index.php?rest_route=\/wp\/v2\/posts\/20570\/revisions\/20594"}],"wp:featuredmedia":[{"embeddable":true,"href":"https:\/\/rioonwatch.org.br\/index.php?rest_route=\/wp\/v2\/media\/20576"}],"wp:attachment":[{"href":"https:\/\/rioonwatch.org.br\/index.php?rest_route=%2Fwp%2Fv2%2Fmedia&parent=20570"}],"wp:term":[{"taxonomy":"category","embeddable":true,"href":"https:\/\/rioonwatch.org.br\/index.php?rest_route=%2Fwp%2Fv2%2Fcategories&post=20570"},{"taxonomy":"post_tag","embeddable":true,"href":"https:\/\/rioonwatch.org.br\/index.php?rest_route=%2Fwp%2Fv2%2Ftags&post=20570"},{"taxonomy":"writer","embeddable":true,"href":"https:\/\/rioonwatch.org.br\/index.php?rest_route=%2Fwp%2Fv2%2Fwriter&post=20570"},{"taxonomy":"translator","embeddable":true,"href":"https:\/\/rioonwatch.org.br\/index.php?rest_route=%2Fwp%2Fv2%2Ftranslator&post=20570"},{"taxonomy":"source","embeddable":true,"href":"https:\/\/rioonwatch.org.br\/index.php?rest_route=%2Fwp%2Fv2%2Fsource&post=20570"},{"taxonomy":"ilustrador","embeddable":true,"href":"https:\/\/rioonwatch.org.br\/index.php?rest_route=%2Fwp%2Fv2%2Filustrador&post=20570"},{"taxonomy":"fotografo","embeddable":true,"href":"https:\/\/rioonwatch.org.br\/index.php?rest_route=%2Fwp%2Fv2%2Ffotografo&post=20570"}],"curies":[{"name":"wp","href":"https:\/\/api.w.org\/{rel}","templated":true}]}}