{"id":20595,"date":"2016-07-04T09:57:17","date_gmt":"2016-07-04T12:57:17","guid":{"rendered":"http:\/\/rioonwatch.org.br\/?p=20595"},"modified":"2024-06-20T16:27:08","modified_gmt":"2024-06-20T19:27:08","slug":"professores-resistem-e-protestos-continuam-em-meio-a-calamidade-no-rio-de-janeiro","status":"publish","type":"post","link":"https:\/\/rioonwatch.org.br\/?p=20595","title":{"rendered":"Professores Resistem e Protestos Continuam em Meio \u00e0 Calamidade no Rio de Janeiro"},"content":{"rendered":"<p style=\"text-align: right;\"><em><strong><a href=\"http:\/\/bit.ly\/29hj0Xm\" target=\"_blank\" rel=\"noopener\">Click Here for English<img decoding=\"async\" width=\"20\" height=\"20\" class=\"alignright wp-image-15790\" src=\"http:\/\/rioonwatch.org.br\/wp-content\/uploads\/2012\/08\/EN-standard-e1439583104716.jpg\" alt=\"\" \/><\/a><\/strong><\/em><\/p>\n<p>No dia 29 de junho, depois de quatro meses em greve,\u00a0a maioria esmagadora dos professores do Estado do Rio de Janeiro\u00a0votaram pela continuidade da paralisa\u00e7\u00e3o em reuni\u00e3o de assembleia geral, no Sindicato Estadual dos Profissionais da Educa\u00e7\u00e3o (<a href=\"http:\/\/bit.ly\/29eoOkF\">SEPE<\/a>). O sindicato declara que o governo ainda n\u00e3o respondeu satisfatoriamente \u00e0s suas demandas.<\/p>\n<p><a href=\"http:\/\/bit.ly\/1U3CJLD\">A greve come\u00e7ou em 2 de mar\u00e7o<\/a>,\u00a0para exigir o aumento salarial atrasado, garantido por lei. Profissionais da <a href=\"http:\/\/bit.ly\/1yHzFH2\">educa\u00e7\u00e3o<\/a>\u00a0n\u00e3o recebem corre\u00e7\u00e3o em seus pagamentos desde 2014, apesar da\u00a0<a href=\"http:\/\/abr.ai\/29evDQ5\" target=\"_blank\" rel=\"noopener\">infla\u00e7\u00e3o<\/a>\u00a0e da\u00a0<a href=\"http:\/\/bit.ly\/29tkpZT\" target=\"_blank\" rel=\"noopener\">crise econ\u00f4mica<\/a>.<\/p>\n<p>Um professor de\u00a0<a href=\"http:\/\/bit.ly\/1xgiXjq\" target=\"_blank\" rel=\"noopener\">Nova Igua\u00e7u<\/a>, na\u00a0<a href=\"http:\/\/bit.ly\/NjmYR6\" target=\"_blank\" rel=\"noopener\">Baixada Fluminense<\/a>, citou o gasto com\u00a0<a href=\"http:\/\/bit.ly\/1MUX0u9\" target=\"_blank\" rel=\"noopener\">transporte<\/a>\u00a0como um exemplo da necessidade de aumento dos sal\u00e1rios. Ele explicou que o custo mensal de suas viagens de \u00f4nibus passou de R$800 para R$1.000 em dois anos.<\/p>\n<p>A frustra\u00e7\u00e3o em torno da estagna\u00e7\u00e3o dos pagamentos cresceu ainda mais em resposta ao estado de \u201c<a href=\"http:\/\/bit.ly\/29lfHgr\" target=\"_blank\" rel=\"noopener\">calamidade<\/a>\u201d financeira anunciado em junho, quando o <a href=\"http:\/\/bit.ly\/29sAXE9\" target=\"_blank\" rel=\"noopener\">governo do Estado declarou<\/a> que a crise financeira poderia levar ao &#8220;total colapso na seguran\u00e7a p\u00fablica, sa\u00fade, educa\u00e7\u00e3o, mobilidade e gest\u00e3o ambiental&#8221;. O sindicato dos professores apontou que, apesar da &#8220;calamidade&#8221;, outros trabalhadores do setor p\u00fablico receberam aumentos e\u00a0<a href=\"http:\/\/bit.ly\/29eMlTm\" target=\"_blank\" rel=\"noopener\">bilh\u00f5es de d\u00f3lares est\u00e3o sendo investidos nos Jogos Ol\u00edmpicos<\/a>. De fato, o Estado solicitou fundos emergenciais dos cofres federais para garantir a seguran\u00e7a Ol\u00edmpica. Em outras palavras, a declara\u00e7\u00e3o de calamidade \u00e9 a admiss\u00e3o do Estado que as Olimp\u00edadas geraram um\u00a0<a href=\"http:\/\/bit.ly\/1Eq6I8i\" target=\"_blank\" rel=\"noopener\">estado de exce\u00e7\u00e3o<\/a>. De acordo com Dorotea Frota Santana, coordenadora do SEPE, setores &#8220;essenciais&#8221; como a educa\u00e7\u00e3o e a sa\u00fade est\u00e3o &#8220;abandonados&#8221; por causa dos mega-eventos.<\/p>\n<p><a href=\"http:\/\/rioonwatch.org.br\/wp-content\/uploads\/2016\/07\/SEPE-general-assembly.jpg\"><img fetchpriority=\"high\" decoding=\"async\" class=\"aligncenter wp-image-20602 size-content\" title=\"Dorotea Frota Santana, coordenador do sindicato dos professores do Rio de Janeiro, fala na reuni\u00e3o do dia 29 de Junho, de 2016.\" src=\"http:\/\/rioonwatch.org.br\/wp-content\/uploads\/2016\/07\/SEPE-general-assembly-620x264.jpg\" alt=\"SEPE-general-assembly\" width=\"620\" height=\"264\" srcset=\"https:\/\/rioonwatch.org.br\/wp-content\/uploads\/2016\/07\/SEPE-general-assembly-620x264.jpg 620w, https:\/\/rioonwatch.org.br\/wp-content\/uploads\/2016\/07\/SEPE-general-assembly-940x400.jpg 940w\" sizes=\"(max-width: 620px) 100vw, 620px\" \/><\/a><\/p>\n<p>Desde mar\u00e7o, a greve evoluiu e passou a abranger outras quest\u00f5es enfrentadas pelos professores, incluindo um retorno \u00e0 antiga agenda de pagamento. Anteriormente, os sal\u00e1rios para os profissionais da educa\u00e7\u00e3o eram pagos no in\u00edcio do m\u00eas. O pagamento foi empurrado para o dia 10, levando alguns professores a ficarem sujeitos a multas por atraso em despesas mensais, como eletricidade, g\u00e1s e faturas do cart\u00e3o de cr\u00e9dito.<\/p>\n<p>Outras demandas incluem: elei\u00e7\u00f5es de diretores escolares realizadas pela comunidade, a volta de porteiros que vigiem as escolas e investimento na infraestrutura das escolas p\u00fablicas do Rio. Em entrevista concedida antes da vota\u00e7\u00e3o, Dorotea Santana disse que tamb\u00e9m gostaria de ver a constru\u00e7\u00e3o de novas escolas para aliviar o grande n\u00famero de alunos por sala.<\/p>\n<figure id=\"attachment_20603\" aria-describedby=\"caption-attachment-20603\" style=\"width: 620px\" class=\"wp-caption aligncenter\"><a href=\"http:\/\/rioonwatch.org.br\/wp-content\/uploads\/2016\/07\/SEPE-sign.jpg\"><img decoding=\"async\" class=\"wp-image-20603 size-medium\" src=\"http:\/\/rioonwatch.org.br\/wp-content\/uploads\/2016\/07\/SEPE-sign-620x465.jpg\" alt=\"SEPE-sign\" width=\"620\" height=\"465\" srcset=\"https:\/\/rioonwatch.org.br\/wp-content\/uploads\/2016\/07\/SEPE-sign-620x465.jpg 620w, https:\/\/rioonwatch.org.br\/wp-content\/uploads\/2016\/07\/SEPE-sign-352x264.jpg 352w, https:\/\/rioonwatch.org.br\/wp-content\/uploads\/2016\/07\/SEPE-sign-768x576.jpg 768w, https:\/\/rioonwatch.org.br\/wp-content\/uploads\/2016\/07\/SEPE-sign-1024x768.jpg 1024w, https:\/\/rioonwatch.org.br\/wp-content\/uploads\/2016\/07\/SEPE-sign-174x131.jpg 174w, https:\/\/rioonwatch.org.br\/wp-content\/uploads\/2016\/07\/SEPE-sign-300x225.jpg 300w, https:\/\/rioonwatch.org.br\/wp-content\/uploads\/2016\/07\/SEPE-sign-70x53.jpg 70w\" sizes=\"(max-width: 620px) 100vw, 620px\" \/><\/a><figcaption id=\"caption-attachment-20603\" class=\"wp-caption-text\">&#8220;Os trabalhadores de escolas p\u00fablicas recebem uma banana por hora&#8221;. Cartaz no escrit\u00f3rio do SEPE denunciando os baixos sal\u00e1rios para os profissionais de educa\u00e7\u00e3o.<\/figcaption><\/figure>\n<p>Apesar de uma clara maioria dos professores ter votado pela continuidade da greve, com apenas 18 contr\u00e1rios, alguns membros do SEPE argumentaram sobre v\u00e1rias raz\u00f5es para suspender a paralisa\u00e7\u00e3o. Desde que a greve come\u00e7ou, em mar\u00e7o, o n\u00famero de participantes diminuiu. Isso tem enfraquecido a efic\u00e1cia do protesto, de acordo com os proponentes da suspens\u00e3o, que tamb\u00e9m fizeram refer\u00eancia a uma tend\u00eancia similar durante as\u00a0<a href=\"http:\/\/bit.ly\/1WXwMjn\" target=\"_blank\" rel=\"noopener\">ocupa\u00e7\u00f5es das escolas<\/a>. Algumas demandas, como a implementa\u00e7\u00e3o de 30 horas por semana de trabalho para funcion\u00e1rios administrativos e a interrup\u00e7\u00e3o do exame estadual SAERJ, que avalia os estudantes em matem\u00e1tica e portugu\u00eas, foram atendidas.<\/p>\n<p>Dorotea Santana descreveu um dos desafios que os professores enfrentam: &#8220;O professor realmente trabalha sozinho&#8221;, uma vez que as escolas foram &#8220;abandonadas&#8221; pelas autoridades e falta investimento. &#8220;H\u00e1 falta de materiais\u00a0dentro das escolas, papel, caneta para escrever no quadro branco. Muitos professores est\u00e3o pagando estes materiais do pr\u00f3prio bolso&#8221;.<\/p>\n<p><a href=\"http:\/\/rioonwatch.org.br\/wp-content\/uploads\/2016\/07\/Police-at-education-protest.jpg\"><img loading=\"lazy\" decoding=\"async\" class=\"aligncenter wp-image-20604 size-content\" title=\"Policiais no protesto pela educa\u00e7\u00e3o no Rio de Janeiro.\" src=\"http:\/\/rioonwatch.org.br\/wp-content\/uploads\/2016\/07\/Police-at-education-protest-620x264.jpg\" alt=\"Police-at-education-protest\" width=\"620\" height=\"264\" srcset=\"https:\/\/rioonwatch.org.br\/wp-content\/uploads\/2016\/07\/Police-at-education-protest-620x264.jpg 620w, https:\/\/rioonwatch.org.br\/wp-content\/uploads\/2016\/07\/Police-at-education-protest-940x400.jpg 940w\" sizes=\"(max-width: 620px) 100vw, 620px\" \/><\/a><\/p>\n<p>Essa greve coincide com outros protestos pela cidade que se prepara para as\u00a0<a href=\"http:\/\/bit.ly\/PkLXlQ\" target=\"_blank\" rel=\"noopener\">Olimp\u00edadas<\/a>, incluindo a\u00a0<a href=\"http:\/\/bit.ly\/22eNWbv\" target=\"_blank\" rel=\"noopener\">ocupa\u00e7\u00e3o de mais de 45 escolas no Rio por alunos<\/a>\u00a0e protestos ap\u00f3s uma <a href=\"http:\/\/bit.ly\/1NSVeR8\" target=\"_blank\" rel=\"noopener\">jovem ter sofrido estupro coletivo em maio<\/a>. Estudantes das escolas ocupadas estavam presentes na assembleia geral e confirmaram a solidariedade aos professores.<\/p>\n<p>Depois da vota\u00e7\u00e3o, milhares de professores protestaram no Tribunal de Justi\u00e7a, onde sua movimenta\u00e7\u00e3o pac\u00edfica foi recebida pela <a href=\"http:\/\/bit.ly\/1mtYvXK\" target=\"_blank\" rel=\"noopener\">Pol\u00edcia Militar<\/a>.\u00a0<a href=\"http:\/\/bit.ly\/2980Gyh\">G\u00e1s lacrimog\u00eaneo, spray de pimenta e cassetetes<\/a> foram usados, e a cena se tornou ca\u00f3tica. De acordo com o SEPE, v\u00e1rios de seus membros foram levados \u00e0 emerg\u00eancia do Hospital Souza Aguiar.<\/p>\n<p>Em uma declara\u00e7\u00e3o feita ap\u00f3s o evento, o SEPE &#8220;denunciou, veementemente, a forma como [os professores] foram tratados pelas tropas, que s\u00e3o em teoria encarregados de cuidar da seguran\u00e7a da cidade durante os Jogos Ol\u00edmpicos em agosto, quando milhares de turistas brasileiros e estrangeiros estar\u00e3o no Rio de Janeiro&#8221;. Esse incidente \u00e9 mais um na lista de repress\u00f5es pelas for\u00e7as de seguran\u00e7a na prepara\u00e7\u00e3o para as Olimp\u00edadas. A\u00e7\u00f5es similares foram tomadas contra\u00a0<a href=\"http:\/\/bit.ly\/1TwvRl2\" target=\"_blank\" rel=\"noopener\">estudantes que ocuparam<\/a> escolas, for\u00e7ando alguns deles a retornarem \u00e0s salas. No dia seguinte ao ocorrido, atuais profissionais da educa\u00e7\u00e3o, aposentados e membros executivos do SEPE <a href=\"http:\/\/bit.ly\/29doGTx\">organizaram um<\/a>\u00a0protesto contra a Prefeitura, para denunciar o corte de pens\u00f5es a professores aposentados sem notifica\u00e7\u00e3o pr\u00e9via.<\/p>\n<p>O SEPE continua suas negocia\u00e7\u00f5es com a Secretaria de Educa\u00e7\u00e3o do Estado e com membros da Assembleia Legislativa do Estado do Rio de Janeiro (Alerj). Enquanto isso, os protestos continuam. O pr\u00f3ximo acontecer\u00e1 em 6 de julho, \u00e0s 15 horas, no Centro do Rio.<\/p>\n<!-- AddThis Advanced Settings generic via filter on the_content --><!-- AddThis Share Buttons generic via filter on the_content -->","protected":false},"excerpt":{"rendered":"<div class=\"mh-excerpt\"><p>Click Here for English No dia 29 de junho, depois de quatro meses em greve,\u00a0a maioria esmagadora dos professores do Estado do Rio de Janeiro\u00a0votaram pela continuidade da paralisa\u00e7\u00e3o em reuni\u00e3o de assembleia geral, no <a class=\"mh-excerpt-more\" href=\"https:\/\/rioonwatch.org.br\/?p=20595\" title=\"Professores Resistem e Protestos Continuam em Meio \u00e0 Calamidade no Rio de Janeiro\">[&#8230;]<\/a><!-- AddThis Advanced Settings generic via filter on get_the_excerpt --><!-- AddThis Share Buttons generic via filter on get_the_excerpt --><\/p>\n<\/div>","protected":false},"author":129,"featured_media":20597,"comment_status":"closed","ping_status":"closed","sticky":false,"template":"","format":"standard","meta":{"_acf_changed":false,"_monsterinsights_skip_tracking":false,"_monsterinsights_sitenote_active":false,"_monsterinsights_sitenote_note":"","_monsterinsights_sitenote_category":0,"footnotes":""},"categories":[1635,1621,1627,1626,1612],"tags":[316,1896,886,1240,78,774,763,52],"writer":[1894],"translator":[1895],"source":[],"ilustrador":[],"fotografo":[],"class_list":{"0":"post-20595","1":"post","2":"type-post","3":"status-publish","4":"format-standard","5":"has-post-thumbnail","7":"category-1635","8":"category-destaque","9":"category-relato-de-evento","10":"category-por-observadores-internacionais","11":"category-sociedade-civil","12":"tag-educacao","13":"tag-greve","14":"tag-greve-dos-professores","15":"tag-megaeventos","16":"tag-olimpiadas","17":"tag-policia-militar","18":"tag-protesto","19":"tag-violencia-policial","20":"writer-raven-hayes","21":"translator-francine-oliveira"},"acf":[],"yoast_head":"<!-- This site is optimized with the Yoast SEO plugin v25.6 - https:\/\/yoast.com\/wordpress\/plugins\/seo\/ -->\n<title>Professores Resistem e Protestos Continuam em Meio \u00e0 Calamidade no Rio de Janeiro - RioOnWatch<\/title>\n<meta name=\"robots\" content=\"index, follow, max-snippet:-1, max-image-preview:large, max-video-preview:-1\" \/>\n<link rel=\"canonical\" href=\"https:\/\/rioonwatch.org.br\/?p=20595\" \/>\n<meta property=\"og:locale\" content=\"pt_BR\" \/>\n<meta property=\"og:type\" content=\"article\" \/>\n<meta property=\"og:title\" content=\"Professores Resistem e Protestos Continuam em Meio \u00e0 Calamidade no Rio de Janeiro - RioOnWatch\" \/>\n<meta property=\"og:description\" content=\"Click Here for English No dia 29 de junho, depois de quatro meses em greve,\u00a0a maioria esmagadora dos professores do Estado do Rio de Janeiro\u00a0votaram pela continuidade da paralisa\u00e7\u00e3o em reuni\u00e3o de assembleia geral, no [...]\" \/>\n<meta property=\"og:url\" content=\"https:\/\/rioonwatch.org.br\/?p=20595\" \/>\n<meta property=\"og:site_name\" content=\"RioOnWatch\" \/>\n<meta property=\"article:published_time\" content=\"2016-07-04T12:57:17+00:00\" \/>\n<meta property=\"article:modified_time\" content=\"2024-06-20T19:27:08+00:00\" \/>\n<meta property=\"og:image\" content=\"https:\/\/rioonwatch.org.br\/wp-content\/uploads\/2016\/07\/ed3.jpg\" \/>\n\t<meta property=\"og:image:width\" content=\"640\" \/>\n\t<meta property=\"og:image:height\" content=\"360\" \/>\n\t<meta property=\"og:image:type\" content=\"image\/jpeg\" \/>\n<meta name=\"author\" content=\"Admin\" \/>\n<meta name=\"twitter:card\" content=\"summary_large_image\" \/>\n<meta name=\"twitter:label1\" content=\"Escrito por\" \/>\n\t<meta name=\"twitter:data1\" content=\"Admin\" \/>\n\t<meta name=\"twitter:label2\" content=\"Est. tempo de leitura\" \/>\n\t<meta name=\"twitter:data2\" content=\"5 minutos\" \/>\n<script type=\"application\/ld+json\" class=\"yoast-schema-graph\">{\"@context\":\"https:\/\/schema.org\",\"@graph\":[{\"@type\":\"Article\",\"@id\":\"https:\/\/rioonwatch.org.br\/?p=20595#article\",\"isPartOf\":{\"@id\":\"https:\/\/rioonwatch.org.br\/?p=20595\"},\"author\":{\"name\":\"Admin\",\"@id\":\"https:\/\/rioonwatch.org.br\/#\/schema\/person\/11d64c290506f9df50c71b850c473f68\"},\"headline\":\"Professores Resistem e Protestos Continuam em Meio \u00e0 Calamidade no Rio de Janeiro\",\"datePublished\":\"2016-07-04T12:57:17+00:00\",\"dateModified\":\"2024-06-20T19:27:08+00:00\",\"mainEntityOfPage\":{\"@id\":\"https:\/\/rioonwatch.org.br\/?p=20595\"},\"wordCount\":932,\"publisher\":{\"@id\":\"https:\/\/rioonwatch.org.br\/#organization\"},\"image\":{\"@id\":\"https:\/\/rioonwatch.org.br\/?p=20595#primaryimage\"},\"thumbnailUrl\":\"https:\/\/rioonwatch.org.br\/wp-content\/uploads\/2016\/07\/ed3.jpg\",\"keywords\":[\"educa\u00e7\u00e3o\",\"greve\",\"greve dos professores\",\"Megaeventos\",\"Olimp\u00edadas\",\"Pol\u00edcia Militar\",\"protesto\",\"viol\u00eancia policial\"],\"articleSection\":[\"#Rio2016\",\"*Destaque\",\"Cobertura de Eventos\",\"Escrito por Aliados\",\"Sociedade Civil\"],\"inLanguage\":\"pt-BR\"},{\"@type\":\"WebPage\",\"@id\":\"https:\/\/rioonwatch.org.br\/?p=20595\",\"url\":\"https:\/\/rioonwatch.org.br\/?p=20595\",\"name\":\"Professores Resistem e Protestos Continuam em Meio \u00e0 Calamidade no Rio de Janeiro - RioOnWatch\",\"isPartOf\":{\"@id\":\"https:\/\/rioonwatch.org.br\/#website\"},\"primaryImageOfPage\":{\"@id\":\"https:\/\/rioonwatch.org.br\/?p=20595#primaryimage\"},\"image\":{\"@id\":\"https:\/\/rioonwatch.org.br\/?p=20595#primaryimage\"},\"thumbnailUrl\":\"https:\/\/rioonwatch.org.br\/wp-content\/uploads\/2016\/07\/ed3.jpg\",\"datePublished\":\"2016-07-04T12:57:17+00:00\",\"dateModified\":\"2024-06-20T19:27:08+00:00\",\"breadcrumb\":{\"@id\":\"https:\/\/rioonwatch.org.br\/?p=20595#breadcrumb\"},\"inLanguage\":\"pt-BR\",\"potentialAction\":[{\"@type\":\"ReadAction\",\"target\":[\"https:\/\/rioonwatch.org.br\/?p=20595\"]}]},{\"@type\":\"ImageObject\",\"inLanguage\":\"pt-BR\",\"@id\":\"https:\/\/rioonwatch.org.br\/?p=20595#primaryimage\",\"url\":\"https:\/\/rioonwatch.org.br\/wp-content\/uploads\/2016\/07\/ed3.jpg\",\"contentUrl\":\"https:\/\/rioonwatch.org.br\/wp-content\/uploads\/2016\/07\/ed3.jpg\",\"width\":640,\"height\":360},{\"@type\":\"BreadcrumbList\",\"@id\":\"https:\/\/rioonwatch.org.br\/?p=20595#breadcrumb\",\"itemListElement\":[{\"@type\":\"ListItem\",\"position\":1,\"name\":\"In\u00edcio\",\"item\":\"https:\/\/rioonwatch.org.br\/\"},{\"@type\":\"ListItem\",\"position\":2,\"name\":\"Professores Resistem e Protestos Continuam em Meio \u00e0 Calamidade no Rio de Janeiro\"}]},{\"@type\":\"WebSite\",\"@id\":\"https:\/\/rioonwatch.org.br\/#website\",\"url\":\"https:\/\/rioonwatch.org.br\/\",\"name\":\"RioOnWatch\",\"description\":\"relatos das favelas cariocas\",\"publisher\":{\"@id\":\"https:\/\/rioonwatch.org.br\/#organization\"},\"potentialAction\":[{\"@type\":\"SearchAction\",\"target\":{\"@type\":\"EntryPoint\",\"urlTemplate\":\"https:\/\/rioonwatch.org.br\/?s={search_term_string}\"},\"query-input\":{\"@type\":\"PropertyValueSpecification\",\"valueRequired\":true,\"valueName\":\"search_term_string\"}}],\"inLanguage\":\"pt-BR\"},{\"@type\":\"Organization\",\"@id\":\"https:\/\/rioonwatch.org.br\/#organization\",\"name\":\"RioOnWatch\",\"url\":\"https:\/\/rioonwatch.org.br\/\",\"logo\":{\"@type\":\"ImageObject\",\"inLanguage\":\"pt-BR\",\"@id\":\"https:\/\/rioonwatch.org.br\/#\/schema\/logo\/image\/\",\"url\":\"https:\/\/rioonwatch.org.br\/wp-content\/uploads\/2021\/06\/RioOnWatchcabecalhoPT11anos-2.png\",\"contentUrl\":\"https:\/\/rioonwatch.org.br\/wp-content\/uploads\/2021\/06\/RioOnWatchcabecalhoPT11anos-2.png\",\"width\":779,\"height\":277,\"caption\":\"RioOnWatch\"},\"image\":{\"@id\":\"https:\/\/rioonwatch.org.br\/#\/schema\/logo\/image\/\"}},{\"@type\":\"Person\",\"@id\":\"https:\/\/rioonwatch.org.br\/#\/schema\/person\/11d64c290506f9df50c71b850c473f68\",\"name\":\"Admin\",\"image\":{\"@type\":\"ImageObject\",\"inLanguage\":\"pt-BR\",\"@id\":\"https:\/\/rioonwatch.org.br\/#\/schema\/person\/image\/\",\"url\":\"https:\/\/secure.gravatar.com\/avatar\/56211ac74568383903349a1485e3c325?s=96&d=blank&r=g\",\"contentUrl\":\"https:\/\/secure.gravatar.com\/avatar\/56211ac74568383903349a1485e3c325?s=96&d=blank&r=g\",\"caption\":\"Admin\"},\"url\":\"https:\/\/rioonwatch.org.br\/?author=129\"}]}<\/script>\n<!-- \/ Yoast SEO plugin. -->","yoast_head_json":{"title":"Professores Resistem e Protestos Continuam em Meio \u00e0 Calamidade no Rio de Janeiro - RioOnWatch","robots":{"index":"index","follow":"follow","max-snippet":"max-snippet:-1","max-image-preview":"max-image-preview:large","max-video-preview":"max-video-preview:-1"},"canonical":"https:\/\/rioonwatch.org.br\/?p=20595","og_locale":"pt_BR","og_type":"article","og_title":"Professores Resistem e Protestos Continuam em Meio \u00e0 Calamidade no Rio de Janeiro - RioOnWatch","og_description":"Click Here for English No dia 29 de junho, depois de quatro meses em greve,\u00a0a maioria esmagadora dos professores do Estado do Rio de Janeiro\u00a0votaram pela continuidade da paralisa\u00e7\u00e3o em reuni\u00e3o de assembleia geral, no [...]","og_url":"https:\/\/rioonwatch.org.br\/?p=20595","og_site_name":"RioOnWatch","article_published_time":"2016-07-04T12:57:17+00:00","article_modified_time":"2024-06-20T19:27:08+00:00","og_image":[{"width":640,"height":360,"url":"https:\/\/rioonwatch.org.br\/wp-content\/uploads\/2016\/07\/ed3.jpg","type":"image\/jpeg"}],"author":"Admin","twitter_card":"summary_large_image","twitter_misc":{"Escrito por":"Admin","Est. tempo de leitura":"5 minutos"},"schema":{"@context":"https:\/\/schema.org","@graph":[{"@type":"Article","@id":"https:\/\/rioonwatch.org.br\/?p=20595#article","isPartOf":{"@id":"https:\/\/rioonwatch.org.br\/?p=20595"},"author":{"name":"Admin","@id":"https:\/\/rioonwatch.org.br\/#\/schema\/person\/11d64c290506f9df50c71b850c473f68"},"headline":"Professores Resistem e Protestos Continuam em Meio \u00e0 Calamidade no Rio de Janeiro","datePublished":"2016-07-04T12:57:17+00:00","dateModified":"2024-06-20T19:27:08+00:00","mainEntityOfPage":{"@id":"https:\/\/rioonwatch.org.br\/?p=20595"},"wordCount":932,"publisher":{"@id":"https:\/\/rioonwatch.org.br\/#organization"},"image":{"@id":"https:\/\/rioonwatch.org.br\/?p=20595#primaryimage"},"thumbnailUrl":"https:\/\/rioonwatch.org.br\/wp-content\/uploads\/2016\/07\/ed3.jpg","keywords":["educa\u00e7\u00e3o","greve","greve dos professores","Megaeventos","Olimp\u00edadas","Pol\u00edcia Militar","protesto","viol\u00eancia policial"],"articleSection":["#Rio2016","*Destaque","Cobertura de Eventos","Escrito por Aliados","Sociedade Civil"],"inLanguage":"pt-BR"},{"@type":"WebPage","@id":"https:\/\/rioonwatch.org.br\/?p=20595","url":"https:\/\/rioonwatch.org.br\/?p=20595","name":"Professores Resistem e Protestos Continuam em Meio \u00e0 Calamidade no Rio de Janeiro - RioOnWatch","isPartOf":{"@id":"https:\/\/rioonwatch.org.br\/#website"},"primaryImageOfPage":{"@id":"https:\/\/rioonwatch.org.br\/?p=20595#primaryimage"},"image":{"@id":"https:\/\/rioonwatch.org.br\/?p=20595#primaryimage"},"thumbnailUrl":"https:\/\/rioonwatch.org.br\/wp-content\/uploads\/2016\/07\/ed3.jpg","datePublished":"2016-07-04T12:57:17+00:00","dateModified":"2024-06-20T19:27:08+00:00","breadcrumb":{"@id":"https:\/\/rioonwatch.org.br\/?p=20595#breadcrumb"},"inLanguage":"pt-BR","potentialAction":[{"@type":"ReadAction","target":["https:\/\/rioonwatch.org.br\/?p=20595"]}]},{"@type":"ImageObject","inLanguage":"pt-BR","@id":"https:\/\/rioonwatch.org.br\/?p=20595#primaryimage","url":"https:\/\/rioonwatch.org.br\/wp-content\/uploads\/2016\/07\/ed3.jpg","contentUrl":"https:\/\/rioonwatch.org.br\/wp-content\/uploads\/2016\/07\/ed3.jpg","width":640,"height":360},{"@type":"BreadcrumbList","@id":"https:\/\/rioonwatch.org.br\/?p=20595#breadcrumb","itemListElement":[{"@type":"ListItem","position":1,"name":"In\u00edcio","item":"https:\/\/rioonwatch.org.br\/"},{"@type":"ListItem","position":2,"name":"Professores Resistem e Protestos Continuam em Meio \u00e0 Calamidade no Rio de Janeiro"}]},{"@type":"WebSite","@id":"https:\/\/rioonwatch.org.br\/#website","url":"https:\/\/rioonwatch.org.br\/","name":"RioOnWatch","description":"relatos das favelas cariocas","publisher":{"@id":"https:\/\/rioonwatch.org.br\/#organization"},"potentialAction":[{"@type":"SearchAction","target":{"@type":"EntryPoint","urlTemplate":"https:\/\/rioonwatch.org.br\/?s={search_term_string}"},"query-input":{"@type":"PropertyValueSpecification","valueRequired":true,"valueName":"search_term_string"}}],"inLanguage":"pt-BR"},{"@type":"Organization","@id":"https:\/\/rioonwatch.org.br\/#organization","name":"RioOnWatch","url":"https:\/\/rioonwatch.org.br\/","logo":{"@type":"ImageObject","inLanguage":"pt-BR","@id":"https:\/\/rioonwatch.org.br\/#\/schema\/logo\/image\/","url":"https:\/\/rioonwatch.org.br\/wp-content\/uploads\/2021\/06\/RioOnWatchcabecalhoPT11anos-2.png","contentUrl":"https:\/\/rioonwatch.org.br\/wp-content\/uploads\/2021\/06\/RioOnWatchcabecalhoPT11anos-2.png","width":779,"height":277,"caption":"RioOnWatch"},"image":{"@id":"https:\/\/rioonwatch.org.br\/#\/schema\/logo\/image\/"}},{"@type":"Person","@id":"https:\/\/rioonwatch.org.br\/#\/schema\/person\/11d64c290506f9df50c71b850c473f68","name":"Admin","image":{"@type":"ImageObject","inLanguage":"pt-BR","@id":"https:\/\/rioonwatch.org.br\/#\/schema\/person\/image\/","url":"https:\/\/secure.gravatar.com\/avatar\/56211ac74568383903349a1485e3c325?s=96&d=blank&r=g","contentUrl":"https:\/\/secure.gravatar.com\/avatar\/56211ac74568383903349a1485e3c325?s=96&d=blank&r=g","caption":"Admin"},"url":"https:\/\/rioonwatch.org.br\/?author=129"}]}},"_links":{"self":[{"href":"https:\/\/rioonwatch.org.br\/index.php?rest_route=\/wp\/v2\/posts\/20595"}],"collection":[{"href":"https:\/\/rioonwatch.org.br\/index.php?rest_route=\/wp\/v2\/posts"}],"about":[{"href":"https:\/\/rioonwatch.org.br\/index.php?rest_route=\/wp\/v2\/types\/post"}],"author":[{"embeddable":true,"href":"https:\/\/rioonwatch.org.br\/index.php?rest_route=\/wp\/v2\/users\/129"}],"replies":[{"embeddable":true,"href":"https:\/\/rioonwatch.org.br\/index.php?rest_route=%2Fwp%2Fv2%2Fcomments&post=20595"}],"version-history":[{"count":11,"href":"https:\/\/rioonwatch.org.br\/index.php?rest_route=\/wp\/v2\/posts\/20595\/revisions"}],"predecessor-version":[{"id":74207,"href":"https:\/\/rioonwatch.org.br\/index.php?rest_route=\/wp\/v2\/posts\/20595\/revisions\/74207"}],"wp:featuredmedia":[{"embeddable":true,"href":"https:\/\/rioonwatch.org.br\/index.php?rest_route=\/wp\/v2\/media\/20597"}],"wp:attachment":[{"href":"https:\/\/rioonwatch.org.br\/index.php?rest_route=%2Fwp%2Fv2%2Fmedia&parent=20595"}],"wp:term":[{"taxonomy":"category","embeddable":true,"href":"https:\/\/rioonwatch.org.br\/index.php?rest_route=%2Fwp%2Fv2%2Fcategories&post=20595"},{"taxonomy":"post_tag","embeddable":true,"href":"https:\/\/rioonwatch.org.br\/index.php?rest_route=%2Fwp%2Fv2%2Ftags&post=20595"},{"taxonomy":"writer","embeddable":true,"href":"https:\/\/rioonwatch.org.br\/index.php?rest_route=%2Fwp%2Fv2%2Fwriter&post=20595"},{"taxonomy":"translator","embeddable":true,"href":"https:\/\/rioonwatch.org.br\/index.php?rest_route=%2Fwp%2Fv2%2Ftranslator&post=20595"},{"taxonomy":"source","embeddable":true,"href":"https:\/\/rioonwatch.org.br\/index.php?rest_route=%2Fwp%2Fv2%2Fsource&post=20595"},{"taxonomy":"ilustrador","embeddable":true,"href":"https:\/\/rioonwatch.org.br\/index.php?rest_route=%2Fwp%2Fv2%2Filustrador&post=20595"},{"taxonomy":"fotografo","embeddable":true,"href":"https:\/\/rioonwatch.org.br\/index.php?rest_route=%2Fwp%2Fv2%2Ffotografo&post=20595"}],"curies":[{"name":"wp","href":"https:\/\/api.w.org\/{rel}","templated":true}]}}