{"id":20622,"date":"2016-07-30T14:57:26","date_gmt":"2016-07-30T17:57:26","guid":{"rendered":"http:\/\/rioonwatch.org.br\/?p=20622"},"modified":"2017-02-27T10:36:02","modified_gmt":"2017-02-27T13:36:02","slug":"ilhados-na-propria-cidade-a-vida-em-condominios-fechados-na-barra-da-tijuca","status":"publish","type":"post","link":"https:\/\/rioonwatch.org.br\/?p=20622","title":{"rendered":"Ilhados na Pr\u00f3pria Cidade: A Vida em Condom\u00ednios Fechados na Barra da Tijuca"},"content":{"rendered":"<p style=\"text-align: right;\"><em><strong><a href=\"http:\/\/bit.ly\/2952dpZ\" target=\"_blank\">Click Here for English<img decoding=\"async\" width=\"20\" height=\"20\" class=\"alignright wp-image-15790\" src=\"http:\/\/rioonwatch.org.br\/wp-content\/uploads\/2012\/08\/EN-standard-e1439583104716.jpg\" alt=\"\" \/><\/a><\/strong><\/em><\/p>\n<p><span style=\"font-weight: 400;\">O\u00a0<a href=\"http:\/\/bit.ly\/1pgsdwY\" target=\"_blank\">condom\u00ednio fechado<\/a> \u00e9 um fen\u00f4meno bem conhecido em todas as Am\u00e9ricas. O modelo ganhou popularidade nos Estados Unidos antes dos pa\u00edses da Am\u00e9rica do Sul adotarem esse estilo de arquitetura na d\u00e9cada de 70. Corpora\u00e7\u00f5es imobili\u00e1rias criaram e comercializaram espa\u00e7os privados isolados, com uma l\u00f3gica interna de seguran\u00e7a e exclusividade que, desde ent\u00e3o, faz parte das cidades brasileiras.<\/span><\/p>\n<p><span style=\"font-weight: 400;\">A <a href=\"http:\/\/bit.ly\/WfaiMR\" target=\"_blank\">Copa do Mundo de 2014<\/a> e os Jogos <a href=\"http:\/\/bit.ly\/PkLXlQ\" target=\"_blank\">Ol\u00edmpicos de 2016<\/a> <a href=\"http:\/\/bit.ly\/29Song2\" target=\"_blank\">estimularam ainda mais esses projetos<\/a>, com v\u00e1rios complexos de apartamentos caros constru\u00eddos nos \u00faltimos anos. O projeto Ol\u00edmpico <a href=\"http:\/\/bit.ly\/1OSYF94\" target=\"_blank\">Ilha Pura<\/a>, a Vila dos Atletas que ser\u00e1 transformada em apartamentos de luxo, tem atra\u00eddo an\u00e1lises sobre esses complexos, mas h\u00e1 exemplos de condom\u00ednios fechados em todo o Rio de Janeiro.<\/span><\/p>\n<p><span style=\"font-weight: 400;\">O surgimento da <a href=\"http:\/\/bit.ly\/1TbcpQ3\" target=\"_blank\">constru\u00e7\u00e3o de uma cidade elitizada e desigual<\/a> encontra justificativa na teoria econ\u00f4mica da <a href=\"http:\/\/bit.ly\/29SpxIi\" target=\"_blank\">curva de Kuznet<\/a>: segundo este racioc\u00ednio, no progresso econ\u00f4mico, a <a href=\"http:\/\/bit.ly\/1owRf9p\" target=\"_blank\">desigualdade<\/a> cresce antes das pessoas terem lucro. Seus defensores argumentam que as moradias de luxo dispon\u00edveis devem atrair pessoas que podem pagar para viver nelas a se mudarem para o Rio, trazendo os seus gastos com eles. Estes empreendimentos gerar\u00e3o empregos na constru\u00e7\u00e3o civil e na presta\u00e7\u00e3o de servi\u00e7os e lucro para toda a cidade com a riqueza e trabalho trazidos por via de um efeito cascata (<em><a href=\"http:\/\/bit.ly\/29Amq54\" target=\"_blank\">trickle down<\/a><\/em>) decorrentes dos seus gastos.<\/span><\/p>\n<p><span style=\"font-weight: 400;\">No entanto, uma vis\u00e3o t\u00e3o simplista encobre caracter\u00edsticas irreais, antidemocr\u00e1ticas e socialmente insustent\u00e1veis da privatiza\u00e7\u00e3o dos bairros. Esta tend\u00eancia imobili\u00e1ria marginaliza ainda mais os pobres, impedindo a mobilidade f\u00edsica e social, mas aqueles que podem pagar continuar\u00e3o a desejar esses locais de condom\u00ednios fechados, j\u00e1 que o governo falha na garantia de servi\u00e7os p\u00fablicos de qualidade, inclusive seguran\u00e7a.<\/span><\/p>\n<p><a href=\"http:\/\/rioonwatch.org.br\/wp-content\/uploads\/2016\/07\/ilha-pura-odebrecht-carvalho-hosken-apartamentos-a-venda-na-barra-da-tijuca-vila-dos-atletas-2002.jpg\"><img fetchpriority=\"high\" decoding=\"async\" class=\"aligncenter wp-image-20818 size-content\" title=\"Projeto Ilha Pura na Barra da Tijuca\" src=\"http:\/\/rioonwatch.org.br\/wp-content\/uploads\/2016\/07\/ilha-pura-odebrecht-carvalho-hosken-apartamentos-a-venda-na-barra-da-tijuca-vila-dos-atletas-2002-620x264.jpg\" alt=\"ilha-pura-odebrecht-carvalho-hosken-apartamentos-a-venda-na-barra-da-tijuca-vila-dos-atletas-2002\" width=\"620\" height=\"264\" \/><\/a><\/p>\n<p><span style=\"font-weight: 400;\">Para este artigo, entrevistei moradores de v\u00e1rios condom\u00ednios fechados da <a href=\"http:\/\/bit.ly\/19BBUhf\" target=\"_blank\">Barra da Tijuca<\/a>, perguntando os motivos que os levaram a viver l\u00e1 e o que pensam sobre estes bairros. Entrevistei: Ana e Pedro, um jovem casal que moram juntos no Via Barra; Vinicius, de 35 anos, que mora com sua esposa (m\u00e9dica), tamb\u00e9m no Via Barra; Felipe, casado, com um filho, e que mora no condom\u00ednio Pen\u00ednsula desde que nasceu; e Marcelo, solteiro, 30 anos, que voltou a morar na casa dos pais no Atl\u00e2ntico Sul, ap\u00f3s morar no\u00a0exterior\u00a0por um per\u00edodo.* Todos esses condom\u00ednios apresentam um pacote semelhante ao de um hotel de luxo: \u00e1reas de lazer, creches infantis, espa\u00e7os de trabalho, piscinas, saunas, academias, quadra de futebol ou t\u00eanis, caf\u00e9s e sal\u00f5es sociais.<\/span><\/p>\n<h3><b>Entendendo a demanda<\/b><\/h3>\n<p><span style=\"font-weight: 400;\">O monop\u00f3lio da viol\u00eancia do governo do Estado do Rio\u00a0est\u00e1\u00a0<a href=\"http:\/\/bit.ly\/29GQFfv\" target=\"_blank\">comprometido<\/a> por &#8220;grupos poderosos de <a href=\"http:\/\/bit.ly\/1fQqGHL\" target=\"_blank\">mil\u00edcias<\/a>, esquadr\u00f5es da morte, vigilantes, empresas privadas de seguran\u00e7a [que] buscam seguran\u00e7a pol\u00edtica ou econ\u00f4mica&#8221;. A falta de um contrato social est\u00e1vel entre as pessoas e um governo de confian\u00e7a, com institui\u00e7\u00f5es de seguran\u00e7a honestas, contribuiu para uma situa\u00e7\u00e3o de inseguran\u00e7a real e vis\u00edvel que leva as pessoas a buscar um porto seguro.<\/span><\/p>\n<p><span style=\"font-weight: 400;\">Todos os entrevistados mencionaram a <a href=\"http:\/\/bit.ly\/1ikC58E\" target=\"_blank\">seguran\u00e7a<\/a> como uma das raz\u00f5es para viver em um condom\u00ednio fechado. Pedro destaca que: &#8220;Esta forma de vida s\u00f3 existe por causa da <a href=\"http:\/\/bit.ly\/1wLR1Ef\" target=\"_blank\">viol\u00eancia<\/a>&#8220;. Todos descreveram uma sensa\u00e7\u00e3o de seguran\u00e7a dentro de seus par\u00e2metros, dando alguns exemplos como n\u00e3o ter preocupa\u00e7\u00e3o com as crian\u00e7as brincando nas ruas e a tranquilidade de fazer uma corrida depois do anoitecer.<\/span><\/p>\n<p><span style=\"font-weight: 400;\">Ainda assim, o medo n\u00e3o seria o suficiente para erguer um bairro com tantos condom\u00ednios fechados como a Barra da Tijuca. O conforto de ter uma sauna, academia ou piscina a poucos andares da sua casa tamb\u00e9m s\u00e3o recursos atraentes.<\/span><\/p>\n<p><a href=\"http:\/\/rioonwatch.org.br\/wp-content\/uploads\/2016\/07\/estrelas-full-condominium-vista-geral-do-empreendimento.jpg\"><img decoding=\"async\" class=\"aligncenter wp-image-20819 size-content\" title=\"Condom\u00ednios chegam na Barra com um pacote completo de recursos e espa\u00e7os.\" src=\"http:\/\/rioonwatch.org.br\/wp-content\/uploads\/2016\/07\/estrelas-full-condominium-vista-geral-do-empreendimento-620x264.jpg\" alt=\"estrelas-full-condominium-vista-geral-do-empreendimento\" width=\"620\" height=\"264\" \/><\/a><\/p>\n<p><span style=\"font-weight: 400;\">Felipe descreveu uma tend\u00eancia das pessoas se deslocarem&#8211;devido aos pre\u00e7os imobili\u00e1rios exorbitantes na <a href=\"http:\/\/bit.ly\/1mNsDyk\" target=\"_blank\">Zona Sul<\/a> do Rio&#8211;para im\u00f3veis relativamente mais baratos na Barra. Uma op\u00e7\u00e3o era mudar para os bairros da <a href=\"http:\/\/bit.ly\/WximDf\" target=\"_blank\">Zona Norte<\/a>, ele explica, mas &#8220;estamos mais acostumados a morar pr\u00f3ximo a pessoas com os mesmos h\u00e1bitos, cultura e os mesmos gostos&#8221;. Isto descreve uma outra dimens\u00e3o da seguran\u00e7a e conforto que \u00e9 uma caracter\u00edstica humana com base na identidade e n\u00e3o f\u00edsica de &#8220;ficar preso ao que voc\u00ea conhece&#8221;. O coment\u00e1rio de Felipe tamb\u00e9m mostra a preval\u00eancia das diferen\u00e7as gritantes observadas entre as diversas regi\u00f5es da cidade e as pessoas que ali vivem.<\/span><\/p>\n<p><span style=\"font-weight: 400;\">O desejo por espa\u00e7o \u00e9 outro fator importante para a maioria dos entrevistados: &#8220;\u00c9 mito dizer que quem mora na Barra da Tijuca \u00e9 rico&#8221;, diz Vinicius. &#8220;H\u00e1 muitas pessoas trabalhadoras que s\u00f3 querem viver em um lugar espa\u00e7oso e menos movimentado do que a [Zona Sul] e o <a href=\"http:\/\/bit.ly\/1qX7nZG\" target=\"_blank\">Centro<\/a> do Rio&#8221;. Ele acha que muitos moradores t\u00eam uma rela\u00e7\u00e3o de amor e \u00f3dio com o bairro, j\u00e1 que oferece espa\u00e7os para respirar, mas com o custo de ser longe das muitas facilidades e encantos que a cidade tem para oferecer.<\/span><\/p>\n<h3><b>Espa\u00e7o antidemocr\u00e1tico como um novo centro de vida cotidiana<\/b><\/h3>\n<p><span style=\"font-weight: 400;\">Existe uma desvantagem neste conforto f\u00edsico e social que \u00e9 enfatizado na literatura acad\u00eamica sobre os condom\u00ednios fechados. Os Jogos Ol\u00edmpicos de 2016 abriram o caminho para grandes projetos de <a href=\"http:\/\/bit.ly\/1Rq1j7H\" target=\"_blank\">investimento p\u00fablico-privado<\/a> que procuram dar \u00e0 Barra da Tijuca um papel mais central na cidade. Em sua <a href=\"http:\/\/bit.ly\/1SJMiJI\" target=\"_blank\">tese de mestrado<\/a> sobre a Barra da Tijuca e o Projeto Ol\u00edmpico, o urbanista Renato Cosentino descreve um processo de relocaliza\u00e7\u00e3o por classe social, devido ao forte fator de mercado que desvia a riqueza para esta \u00e1rea Oeste da cidade.<\/span><\/p>\n<p><span style=\"font-weight: 400;\">Vinicius chama a aten\u00e7\u00e3o que seguir cegamente essa l\u00f3gica de mercado n\u00e3o vale a pena: &#8220;As pessoas n\u00e3o param de chegar e comprar, apesar de n\u00e3o haver planos para elas. O <a href=\"http:\/\/bit.ly\/1diQ7Xa\" target=\"_blank\">sistema de esgoto n\u00e3o \u00e9 conectado<\/a> e o tr\u00e2nsito\u00a0\u00e9 sempre intenso. H\u00e1 um crescimento extremo sem um <a href=\"http:\/\/www.bit.ly\/FavelaModelo\" target=\"_blank\">modelo sustent\u00e1vel<\/a>\u201d.<\/span><\/p>\n<p><span style=\"font-weight: 400;\">Al\u00e9m disso, a consolida\u00e7\u00e3o de muitas instala\u00e7\u00f5es no interior de uma propriedade privada, ou a privatiza\u00e7\u00e3o da esfera p\u00fablica, cria um espa\u00e7o antidemocr\u00e1tico que limita a intera\u00e7\u00e3o social e aumenta as diferen\u00e7as sociais. Marcelo diz que ele faz parte do &#8220;grupo da academia das 7 da manh\u00e3&#8221;, um grupo de moradores do complexo de apartamentos que interagem diariamente enquanto se exercitam antes do trabalho. Ele conta que as crian\u00e7as fazem aulas de esportes na piscina ou quadras de esporte, sua m\u00e3e faz parte de um grupo de estudos b\u00edblicos no sexto andar, h\u00e1 pr\u00e1ticas esportivas depois do jantar, festas do condom\u00ednio nos feriados nacionais e pessoas mais velhas que jogam bocha.<\/span><\/p>\n<p><span style=\"font-weight: 400;\">A <a href=\"http:\/\/bit.ly\/1mAUeBN\" target=\"_blank\">import\u00e2ncia desses tipo de espa\u00e7os<\/a> para mais intera\u00e7\u00f5es entre classe n\u00e3o deve ser subestimada, uma vez que permitem as pessoas a se relacionarem e socializarem com aqueles que n\u00e3o encontrariam em outros contextos. A academia, a igreja ou times de futebol s\u00e3o espa\u00e7os em que novas conex\u00f5es sociais e relacionamentos podem ser constru\u00eddos. Muitas vezes, s\u00e3o parcialmente segregados por sua localiza\u00e7\u00e3o e rela\u00e7\u00f5es dos participantes, mas na sua forma tradicional de atender um condom\u00ednio n\u00e3o fechado ainda deixam margem para a intera\u00e7\u00e3o plural. Em condom\u00ednios fechados, essas atividades sociais acontecem em um espa\u00e7o privado e exclusivo, onde at\u00e9 a pol\u00edcia precisa de uma autoriza\u00e7\u00e3o para entrar.\u00a0<\/span><span style=\"font-weight: 400;\">Essa limita\u00e7\u00e3o na intera\u00e7\u00e3o a um seleto grupo de pessoas com uma faixa de renda especificada legitima uma esfera antidemocr\u00e1tica e estabelece a segrega\u00e7\u00e3o como o modus operandi para as centenas de milhares de cariocas que vivem agora em tais condom\u00ednios.<\/span><\/p>\n<p><a href=\"http:\/\/rioonwatch.org.br\/wp-content\/uploads\/2016\/07\/Riviera_hoje-768x514.jpg\"><img loading=\"lazy\" decoding=\"async\" class=\"aligncenter wp-image-20820 size-medium\" title=\"Condom\u00ednios fechados na Barra da Tijuca\" src=\"http:\/\/rioonwatch.org.br\/wp-content\/uploads\/2016\/07\/Riviera_hoje-768x514-620x415.jpg\" alt=\"Riviera_hoje-768x514\" width=\"620\" height=\"415\" srcset=\"https:\/\/rioonwatch.org.br\/wp-content\/uploads\/2016\/07\/Riviera_hoje-768x514-620x415.jpg 620w, https:\/\/rioonwatch.org.br\/wp-content\/uploads\/2016\/07\/Riviera_hoje-768x514-394x264.jpg 394w, https:\/\/rioonwatch.org.br\/wp-content\/uploads\/2016\/07\/Riviera_hoje-768x514.jpg 768w\" sizes=\"(max-width: 620px) 100vw, 620px\" \/><\/a><\/p>\n<p><span style=\"font-weight: 400;\">Muitas vezes, por causa do medo, os moradores se sentem for\u00e7ados a permanecer dentro do seu condom\u00ednio e quase todas as mini-intera\u00e7\u00f5es sociais de um bairro normal s\u00e3o feitas em um ambiente homog\u00eaneo de uma comunidade murada. N\u00e3o \u00e9 s\u00f3 a prote\u00e7\u00e3o f\u00edsica: a seguran\u00e7a parece parte de uma cultura de um modo de vida que surgiu com a normaliza\u00e7\u00e3o desses condom\u00ednios. Vinicius explica: &#8220;As pessoas n\u00e3o confiam mais no mundo fora desses muros. Os pais pedem para os filhos brincarem dentro dos condom\u00ednios, porque assim n\u00e3o t\u00eam com o que se preocupar. Mas, desta forma, voc\u00ea tamb\u00e9m ensina as crian\u00e7as a ter medo, enquanto que, em outras comunidades, as pessoas conhecem seus vizinhos e podem confiar que eles fiquem de olho tamb\u00e9m&#8221;. Assim, s\u00e3o for\u00e7ados a se trancarem nos condom\u00ednios, o que cria uma limita\u00e7\u00e3o s\u00e9ria com rela\u00e7\u00e3o \u00e0 mobilidade.<\/span><\/p>\n<p><span style=\"font-weight: 400;\">Dentro desse tipo de comunidade, &#8216;outras partes da sociedade&#8217; continua a ser um conceito vago. Marcelo comenta: &#8220;Para mim, as favelas geram muitas d\u00favidas. Eu sempre ouvi duas hist\u00f3rias: dos traficantes e da viol\u00eancia&#8221; e &#8220;das pessoas de bem que buscam encontrar um sorriso&#8221;. \u201cEstou curioso para saber das nuances das hist\u00f3rias, mas, por outro lado, me sinto desconfort\u00e1vel, sendo um garoto rico na favela. \u00c9 uma bandeira que n\u00e3o fico feliz de carregar&#8221;. Este sentimento n\u00e3o pode ser limitado a condom\u00ednios fechados do Rio de Janeiro, j\u00e1 que muitos cariocas de classe m\u00e9dia alta nunca visitaram uma favela. Ainda assim, erguer barreiras f\u00edsicas n\u00e3o apenas de uma casa, mas do condom\u00ednio, mostra que os moradores est\u00e3o menos propensos a cruzar com os moradores das favelas, exceto com aqueles que s\u00e3o contratados para trabalhar dentro desses condom\u00ednios.<\/span><\/p>\n<h3><b>Moradores do condom\u00ednio fechado como cidad\u00e3os<\/b><\/h3>\n<p><span style=\"font-weight: 400;\">Conforme a humaniza\u00e7\u00e3o entre classes diminui, fica menos claro que os problemas do &#8220;lado de fora&#8221; s\u00e3o relevantes. A privatiza\u00e7\u00e3o da seguran\u00e7a \u00e9 combinada com solu\u00e7\u00f5es privadas para outros servi\u00e7os do governo, como sa\u00fade e educa\u00e7\u00e3o, o que cria uma sensa\u00e7\u00e3o de n\u00e3o reciprocidade em rela\u00e7\u00e3o ao Estado. Ao ser questionada sobre o que faz ela se sentir cidad\u00e3 brasileira, Ana respondeu: &#8220;Simplesmente por ter nascido aqui. O Estado n\u00e3o faz nada para n\u00f3s. Vinte e cinco por cento da nossa renda vai para os impostos e trinta por cento para institui\u00e7\u00f5es privadas que funcionam e n\u00e3o recebemos nenhum servi\u00e7o em troca&#8221;. \u00c9 esta percep\u00e7\u00e3o de falta de um contrato social eficaz que aliena os moradores das quest\u00f5es do governo e da sociedade.<\/span><\/p>\n<p><span style=\"font-weight: 400;\">&#8220;N\u00f3s pagamos duas vezes&#8221;, comenta Vinicius, &#8220;pagamos impostos para a sa\u00fade, mas ainda pagamos pelos nossos pr\u00f3prios planos\u00a0de sa\u00fade&#8221;. \u00c9 claro que esse problema \u00e9 sentido pelos cidad\u00e3os que moram fora dos condom\u00ednios fechados tamb\u00e9m. A falta de legitimidade do governo cria a sensa\u00e7\u00e3o de que &#8220;temos de cuidar de n\u00f3s mesmos&#8221; e legitima os muros, os guardas de seguran\u00e7a e c\u00e2meras.<\/span><\/p>\n<p><span style=\"font-weight: 400;\">Mesmo que a literatura acad\u00eamica sobre condom\u00ednios fechados enfatize os problemas de <a href=\"http:\/\/bit.ly\/1hvVsxW\" target=\"_blank\">segrega\u00e7\u00e3o<\/a>, consolida\u00e7\u00e3o da classe e desumaniza\u00e7\u00e3o, essas entrevistas destacam que os moradores est\u00e3o apenas respondendo aos desejos b\u00e1sicos de viver suas vidas com menos preocupa\u00e7\u00f5es. Eles pagam seus impostos e tamb\u00e9m pagam para receber servi\u00e7os de qualidade e vivem em um ambiente que oferece mais seguran\u00e7a do que o governo pode oferecer.<\/span><\/p>\n<p><a href=\"http:\/\/rioonwatch.org.br\/wp-content\/uploads\/2016\/07\/BarradaTijuca5.jpg\"><img loading=\"lazy\" decoding=\"async\" class=\"aligncenter wp-image-20821 size-medium\" title=\"Barra da Tijuca \u00e9 projetado para o transporte de carro,\" src=\"http:\/\/rioonwatch.org.br\/wp-content\/uploads\/2016\/07\/BarradaTijuca5-620x390.jpg\" alt=\"BarradaTijuca5\" width=\"620\" height=\"390\" srcset=\"https:\/\/rioonwatch.org.br\/wp-content\/uploads\/2016\/07\/BarradaTijuca5-620x390.jpg 620w, https:\/\/rioonwatch.org.br\/wp-content\/uploads\/2016\/07\/BarradaTijuca5-420x264.jpg 420w, https:\/\/rioonwatch.org.br\/wp-content\/uploads\/2016\/07\/BarradaTijuca5-768x483.jpg 768w, https:\/\/rioonwatch.org.br\/wp-content\/uploads\/2016\/07\/BarradaTijuca5.jpg 888w\" sizes=\"(max-width: 620px) 100vw, 620px\" \/><\/a><\/p>\n<h3><b>Mobilidade<\/b><span style=\"font-weight: 400;\"><span style=\"font-weight: 400;\"><span style=\"font-weight: 400;\">\u00a0<\/span><\/span><span style=\"font-weight: 400;\"><br \/>\n<\/span><\/span><\/h3>\n<p><span style=\"font-weight: 400;\">Em um <a href=\"http:\/\/bit.ly\/20XpV9e\" target=\"_blank\">evento no Studio-X<\/a> que abordou a mobilidade e a metr\u00f3pole moderna, o professor de urbanismo\u00a0da UFF Vin\u00edcius Netto descreveu como o condom\u00ednio fechado \u00e9 distanciado das ruas p\u00fablicas, o que desencoraja o uso de qualquer transporte que n\u00e3o esteja indo direto para ele. Este \u00e9<\/span><span style=\"font-weight: 400;\">\u00a0um contraste gritante com as favelas, por exemplo, onde as <a href=\"http:\/\/bit.ly\/1uRzOcM\" target=\"_blank\">constru\u00e7\u00f5es baixas e de multiuso<\/a>, geralmente em ruas estreitas, convidam os <a href=\"http:\/\/bit.ly\/1pDT9f1\" target=\"_blank\">moradores a se reunirem no espa\u00e7o p\u00fablico e andarem a p\u00e9<\/a>.<\/span><\/p>\n<p><span style=\"font-weight: 400;\">Este \u00e9,\u00a0especialmente, um problema nas partes menos diversificadas da Barra da Tijuca, j\u00e1 que n\u00e3o h\u00e1 praticamente nenhuma varia\u00e7\u00e3o no tipo de habita\u00e7\u00e3o ou espa\u00e7o para microempresas na forma de lojas e espa\u00e7os de trabalho: todo mundo precisa de carro para chegar ao seu destino. Com o progn\u00f3stico de que o n\u00famero de carros ir\u00e1 dobrar nos pr\u00f3ximos 15 anos, isso contribui para um composto paralisante. Al\u00e9m disso, os &#8220;jardins&#8221; privados e murados que ficam entre a rua e os complexos de apartamentos bloqueiam o tr\u00e2nsito\u00a0de rotas mais curtas. Netto adverte que existem menos apartamentos e mais tr\u00e2nsito\u00a0por metro nas ruas.<\/span><\/p>\n<p><span style=\"font-weight: 400;\">Netto enfatiza que os moradores tendem a usar as vias p\u00fablicas de forma ineficiente, o que contribui para o problema: &#8220;As pessoas se recusam a usar transportes p\u00fablicos. Olhando ao redor: h\u00e1 uma pessoa por carro por todos os lados\u201d.<\/span><\/p>\n<p><span style=\"font-weight: 400;\">O uso ineficiente das vias p\u00fablicas e o tr\u00e2nsito\u00a0n\u00e3o \u00e9 apenas um problema para os moradores de condom\u00ednios fechados, mas tamb\u00e9m impacta, principalmente, os cariocas de baixa renda que vivem na <a href=\"http:\/\/bit.ly\/11tBmFR\" target=\"_blank\">Zona Oeste<\/a>, depois da Barra da Tijuca, pois suas rotas de trabalho para o Centro da cidade passam pelas regi\u00f5es dominadas por complexos de apartamentos. J\u00e1 que mais de <a href=\"http:\/\/bit.ly\/1TCUopn\" target=\"_blank\">77.000 pessoas<\/a> removidas de suas casas desde 2009 foram reassentadas\u00a0em moradias p\u00fablicas do <a href=\"http:\/\/bit.ly\/Y4U9oJ\" target=\"_blank\">Minha Casa Minha Vida<\/a>, a maioria\u00a0na Zona Oeste, as <a href=\"http:\/\/glo.bo\/10RimrL\" target=\"_blank\">barreiras f\u00edsicas \u00e0 mobilidade<\/a> ajudaram a marginalizar ainda mais esta popula\u00e7\u00e3o deslocada.<\/span><\/p>\n<p><a href=\"http:\/\/rioonwatch.org.br\/wp-content\/uploads\/2016\/07\/2014120299705.jpg\"><img loading=\"lazy\" decoding=\"async\" class=\"aligncenter wp-image-20822 size-content\" title=\"Tr\u00e2nsito intenso na Barra da Tijuca. Foto por Angelo Antonio Duarte \/ Ag\u00eancia O Globo\" src=\"http:\/\/rioonwatch.org.br\/wp-content\/uploads\/2016\/07\/2014120299705-620x264.jpg\" alt=\"2014120299705\" width=\"620\" height=\"264\" \/><\/a><\/p>\n<p><span style=\"font-weight: 400;\">As caracter\u00edsticas exclusivas e invariabilidade da arquitetura da Barra n\u00e3o beneficiam os moradores. Felipe descreve o bairro como &#8220;uma ilha onde voc\u00ea n\u00e3o pode chegar em nenhum lugar a p\u00e9. A Barra da Tijuca \u00e9 longe de tudo e os \u00f4nibus est\u00e3o sempre muito lotados&#8221;.<\/span><\/p>\n<p><span style=\"font-weight: 400;\">Marcelo mencionou a palavra &#8220;ilha&#8221; tamb\u00e9m: &#8220;A Barra est\u00e1 longe do estere\u00f3tipo do Rio, com suas praias e mulheres bonitas, de um lado, e a viol\u00eancia, do outro. \u00c9 uma esp\u00e9cie de ilha isolada e individual. Adoro ir ao cinema e o melhor deles \u00e9 em Botafogo, mas fica muito longe para ir com facilidade\u201d.<\/span><\/p>\n<h3><b>Redefini\u00e7\u00e3o de seguran\u00e7a<\/b><\/h3>\n<p><span style=\"font-weight: 400;\">Embora o projeto de condom\u00ednio fechado tenha caracter\u00edsticas antidemocr\u00e1ticas inerentes que s\u00f3 s\u00e3o agravadas pelo projeto mon\u00f3tono da Barra da Tijuca, os moradores mostram uma necessidade de seguran\u00e7a e t\u00eam o direito de estabelecer uma comunidade onde a sua necessidade seja satisfeita. Um problema surge \u00e0 medida que esse isolamento cria uma profecia autorrealiz\u00e1vel, porque os muros desumanizam o exterior e refor\u00e7am o medo a um novo n\u00edvel abstrato, aumentando as tens\u00f5es sociais e as desigualdades e gerando mais viol\u00eancia. Um ciclo vicioso.<\/span><\/p>\n<p><span style=\"font-weight: 400;\">Como Vin\u00edcius Netto apresentou no evento no Studio-X, a prefeitura do Rio deve investir em mais projetos diversificados para o bairro que facilitem a intera\u00e7\u00e3o com a rua e estimulem outras op\u00e7\u00f5es de transporte p\u00fablico. Seguir cegamente a l\u00f3gica do mercado atual causar\u00e1 uma infraestrutura ineficiente, bairros mon\u00f3tonos e relocaliza\u00e7\u00e3o de classe. O mercado s\u00f3 vai mudar o rumo quando for tarde demais: quando as pessoas come\u00e7arem a reclamar sobre o aumento desses problemas e a imagem da Barra estiver em decl\u00ednio. A sensa\u00e7\u00e3o de seguran\u00e7a n\u00e3o deve apenas vir dos guardas e port\u00f5es, mas de estar familiarizado e confort\u00e1vel com os diferentes grupos e classes de cidad\u00e3os da sua cidade.<\/span><\/p>\n<p>Nunca \u00e9 tarde demais para mudar de dire\u00e7\u00e3o. Netto observa que &#8220;embora haja um forte sentido de proteger &#8216;o que \u00e9 meu&#8217; no Brasil, todos ainda conversam entre si&#8221;. Na sua opini\u00e3o, ricos e pobres, negros e brancos, s\u00e3o socialmente abertos a conversa\u00e7\u00e3o. Revertendo esse processo de se tornar um turista em uma &#8220;ilha&#8221; na sua pr\u00f3pria comunidade, a cidade vai parecer mais com um lar novamente e esse lar dever\u00e1 se parecer menos com um para\u00edso de f\u00e9rias.<\/p>\n<p><i><span style=\"font-weight: 400;\">Christian Kuitert est\u00e1 pleitando um mestrado em \u201cConflito, Territ\u00f3rios e Identidade\u201d na Universidade de Radboud, Holanda, com foco em cidadania comparativa entre as favelas do Rio e os condom\u00edni<\/span><\/i><span style=\"font-weight: 400;\">os <em>fechados<\/em>.<\/span><\/p>\n<p><i><span style=\"font-weight: 400;\">*Todos os nomes de moradores foram trocados.<\/span><\/i><\/p>\n<!-- AddThis Advanced Settings generic via filter on the_content --><!-- AddThis Share Buttons generic via filter on the_content -->","protected":false},"excerpt":{"rendered":"<div class=\"mh-excerpt\"><p>Click Here for English O\u00a0condom\u00ednio fechado \u00e9 um fen\u00f4meno bem conhecido em todas as Am\u00e9ricas. O modelo ganhou popularidade nos Estados Unidos antes dos pa\u00edses da Am\u00e9rica do Sul adotarem esse estilo de arquitetura na <a class=\"mh-excerpt-more\" href=\"https:\/\/rioonwatch.org.br\/?p=20622\" title=\"Ilhados na Pr\u00f3pria Cidade: A Vida em Condom\u00ednios Fechados na Barra da Tijuca\">[&#8230;]<\/a><!-- AddThis Advanced Settings generic via filter on get_the_excerpt --><!-- AddThis Share Buttons generic via filter on get_the_excerpt --><\/p>\n<\/div>","protected":false},"author":129,"featured_media":20813,"comment_status":"closed","ping_status":"closed","sticky":false,"template":"","format":"standard","meta":{"_acf_changed":false,"_monsterinsights_skip_tracking":false,"_monsterinsights_sitenote_active":false,"_monsterinsights_sitenote_note":"","_monsterinsights_sitenote_category":0,"footnotes":""},"categories":[1621,1632,1629,1626],"tags":[1931,1102,274,1783,496,813,413,811,1606,560,1037,1164,814,279,530,764,184],"writer":[1878],"translator":[1908],"source":[],"ilustrador":[],"fotografo":[],"class_list":{"0":"post-20622","1":"post","2":"type-post","3":"status-publish","4":"format-standard","5":"has-post-thumbnail","7":"category-destaque","8":"category-pesquisa-e-analise","9":"category-entrevistas-e-perfis","10":"category-por-observadores-internacionais","11":"tag-alerta","12":"tag-arquitetura-da-favela","13":"tag-barra-da-tijuca","14":"tag-carvalho-hosken","15":"tag-cidade-partida","16":"tag-condominios-fechados","17":"tag-desigualdade","18":"tag-espaco-publico","19":"tag-ilha-pura","20":"tag-mobilidade","21":"tag-moradia","22":"tag-privatizacao","23":"tag-segregacao","24":"tag-seguranca","25":"tag-studio-x","26":"tag-transporte","27":"tag-zona-oeste","28":"writer-christian-kuitert","29":"translator-luciana-frias"},"acf":[],"yoast_head":"<!-- This site is optimized with the Yoast SEO plugin v25.6 - https:\/\/yoast.com\/wordpress\/plugins\/seo\/ -->\n<title>Ilhados na Pr\u00f3pria Cidade: A Vida em Condom\u00ednios Fechados na Barra da Tijuca - RioOnWatch<\/title>\n<meta name=\"robots\" content=\"index, follow, max-snippet:-1, max-image-preview:large, max-video-preview:-1\" \/>\n<link rel=\"canonical\" href=\"https:\/\/rioonwatch.org.br\/?p=20622\" \/>\n<meta property=\"og:locale\" content=\"pt_BR\" \/>\n<meta property=\"og:type\" content=\"article\" \/>\n<meta property=\"og:title\" content=\"Ilhados na Pr\u00f3pria Cidade: A Vida em Condom\u00ednios Fechados na Barra da Tijuca - RioOnWatch\" \/>\n<meta property=\"og:description\" content=\"Click Here for English O\u00a0condom\u00ednio fechado \u00e9 um fen\u00f4meno bem conhecido em todas as Am\u00e9ricas. O modelo ganhou popularidade nos Estados Unidos antes dos pa\u00edses da Am\u00e9rica do Sul adotarem esse estilo de arquitetura na [...]\" \/>\n<meta property=\"og:url\" content=\"https:\/\/rioonwatch.org.br\/?p=20622\" \/>\n<meta property=\"og:site_name\" content=\"RioOnWatch\" \/>\n<meta property=\"article:published_time\" content=\"2016-07-30T17:57:26+00:00\" \/>\n<meta property=\"article:modified_time\" content=\"2017-02-27T13:36:02+00:00\" \/>\n<meta property=\"og:image\" content=\"https:\/\/rioonwatch.org.br\/wp-content\/uploads\/2016\/07\/2014-748982733-2014090535456.jpg_20140905.jpg\" \/>\n\t<meta property=\"og:image:width\" content=\"1265\" \/>\n\t<meta property=\"og:image:height\" content=\"550\" \/>\n\t<meta property=\"og:image:type\" content=\"image\/jpeg\" \/>\n<meta name=\"author\" content=\"Admin\" \/>\n<meta name=\"twitter:card\" content=\"summary_large_image\" \/>\n<meta name=\"twitter:label1\" content=\"Escrito por\" \/>\n\t<meta name=\"twitter:data1\" content=\"Admin\" \/>\n\t<meta name=\"twitter:label2\" content=\"Est. tempo de leitura\" \/>\n\t<meta name=\"twitter:data2\" content=\"14 minutos\" \/>\n<script type=\"application\/ld+json\" class=\"yoast-schema-graph\">{\"@context\":\"https:\/\/schema.org\",\"@graph\":[{\"@type\":\"Article\",\"@id\":\"https:\/\/rioonwatch.org.br\/?p=20622#article\",\"isPartOf\":{\"@id\":\"https:\/\/rioonwatch.org.br\/?p=20622\"},\"author\":{\"name\":\"Admin\",\"@id\":\"https:\/\/rioonwatch.org.br\/#\/schema\/person\/11d64c290506f9df50c71b850c473f68\"},\"headline\":\"Ilhados na Pr\u00f3pria Cidade: A Vida em Condom\u00ednios Fechados na Barra da Tijuca\",\"datePublished\":\"2016-07-30T17:57:26+00:00\",\"dateModified\":\"2017-02-27T13:36:02+00:00\",\"mainEntityOfPage\":{\"@id\":\"https:\/\/rioonwatch.org.br\/?p=20622\"},\"wordCount\":2750,\"publisher\":{\"@id\":\"https:\/\/rioonwatch.org.br\/#organization\"},\"image\":{\"@id\":\"https:\/\/rioonwatch.org.br\/?p=20622#primaryimage\"},\"thumbnailUrl\":\"https:\/\/rioonwatch.org.br\/wp-content\/uploads\/2016\/07\/2014-748982733-2014090535456.jpg_20140905.jpg\",\"keywords\":[\"Alerta\",\"arquitetura da favela\",\"Barra da Tijuca\",\"Carvalho Hosken\",\"cidade partida\",\"condom\u00ednios fechados\",\"desigualdade\",\"espa\u00e7o p\u00fablico\",\"Ilha Pura\",\"mobilidade\",\"moradia\",\"privatiza\u00e7\u00e3o\",\"segrega\u00e7\u00e3o\",\"seguran\u00e7a\",\"Studio X\",\"transporte\",\"Zona Oeste\"],\"articleSection\":[\"*Destaque\",\"Dados e Pesquisa\",\"Entrevistas e Perfis\",\"Escrito por Aliados\"],\"inLanguage\":\"pt-BR\"},{\"@type\":\"WebPage\",\"@id\":\"https:\/\/rioonwatch.org.br\/?p=20622\",\"url\":\"https:\/\/rioonwatch.org.br\/?p=20622\",\"name\":\"Ilhados na Pr\u00f3pria Cidade: A Vida em Condom\u00ednios Fechados na Barra da Tijuca - RioOnWatch\",\"isPartOf\":{\"@id\":\"https:\/\/rioonwatch.org.br\/#website\"},\"primaryImageOfPage\":{\"@id\":\"https:\/\/rioonwatch.org.br\/?p=20622#primaryimage\"},\"image\":{\"@id\":\"https:\/\/rioonwatch.org.br\/?p=20622#primaryimage\"},\"thumbnailUrl\":\"https:\/\/rioonwatch.org.br\/wp-content\/uploads\/2016\/07\/2014-748982733-2014090535456.jpg_20140905.jpg\",\"datePublished\":\"2016-07-30T17:57:26+00:00\",\"dateModified\":\"2017-02-27T13:36:02+00:00\",\"breadcrumb\":{\"@id\":\"https:\/\/rioonwatch.org.br\/?p=20622#breadcrumb\"},\"inLanguage\":\"pt-BR\",\"potentialAction\":[{\"@type\":\"ReadAction\",\"target\":[\"https:\/\/rioonwatch.org.br\/?p=20622\"]}]},{\"@type\":\"ImageObject\",\"inLanguage\":\"pt-BR\",\"@id\":\"https:\/\/rioonwatch.org.br\/?p=20622#primaryimage\",\"url\":\"https:\/\/rioonwatch.org.br\/wp-content\/uploads\/2016\/07\/2014-748982733-2014090535456.jpg_20140905.jpg\",\"contentUrl\":\"https:\/\/rioonwatch.org.br\/wp-content\/uploads\/2016\/07\/2014-748982733-2014090535456.jpg_20140905.jpg\",\"width\":1265,\"height\":550},{\"@type\":\"BreadcrumbList\",\"@id\":\"https:\/\/rioonwatch.org.br\/?p=20622#breadcrumb\",\"itemListElement\":[{\"@type\":\"ListItem\",\"position\":1,\"name\":\"In\u00edcio\",\"item\":\"https:\/\/rioonwatch.org.br\/\"},{\"@type\":\"ListItem\",\"position\":2,\"name\":\"Ilhados na Pr\u00f3pria Cidade: A Vida em Condom\u00ednios Fechados na Barra da Tijuca\"}]},{\"@type\":\"WebSite\",\"@id\":\"https:\/\/rioonwatch.org.br\/#website\",\"url\":\"https:\/\/rioonwatch.org.br\/\",\"name\":\"RioOnWatch\",\"description\":\"relatos das favelas cariocas\",\"publisher\":{\"@id\":\"https:\/\/rioonwatch.org.br\/#organization\"},\"potentialAction\":[{\"@type\":\"SearchAction\",\"target\":{\"@type\":\"EntryPoint\",\"urlTemplate\":\"https:\/\/rioonwatch.org.br\/?s={search_term_string}\"},\"query-input\":{\"@type\":\"PropertyValueSpecification\",\"valueRequired\":true,\"valueName\":\"search_term_string\"}}],\"inLanguage\":\"pt-BR\"},{\"@type\":\"Organization\",\"@id\":\"https:\/\/rioonwatch.org.br\/#organization\",\"name\":\"RioOnWatch\",\"url\":\"https:\/\/rioonwatch.org.br\/\",\"logo\":{\"@type\":\"ImageObject\",\"inLanguage\":\"pt-BR\",\"@id\":\"https:\/\/rioonwatch.org.br\/#\/schema\/logo\/image\/\",\"url\":\"https:\/\/rioonwatch.org.br\/wp-content\/uploads\/2021\/06\/RioOnWatchcabecalhoPT11anos-2.png\",\"contentUrl\":\"https:\/\/rioonwatch.org.br\/wp-content\/uploads\/2021\/06\/RioOnWatchcabecalhoPT11anos-2.png\",\"width\":779,\"height\":277,\"caption\":\"RioOnWatch\"},\"image\":{\"@id\":\"https:\/\/rioonwatch.org.br\/#\/schema\/logo\/image\/\"}},{\"@type\":\"Person\",\"@id\":\"https:\/\/rioonwatch.org.br\/#\/schema\/person\/11d64c290506f9df50c71b850c473f68\",\"name\":\"Admin\",\"image\":{\"@type\":\"ImageObject\",\"inLanguage\":\"pt-BR\",\"@id\":\"https:\/\/rioonwatch.org.br\/#\/schema\/person\/image\/\",\"url\":\"https:\/\/secure.gravatar.com\/avatar\/56211ac74568383903349a1485e3c325?s=96&d=blank&r=g\",\"contentUrl\":\"https:\/\/secure.gravatar.com\/avatar\/56211ac74568383903349a1485e3c325?s=96&d=blank&r=g\",\"caption\":\"Admin\"},\"url\":\"https:\/\/rioonwatch.org.br\/?author=129\"}]}<\/script>\n<!-- \/ Yoast SEO plugin. -->","yoast_head_json":{"title":"Ilhados na Pr\u00f3pria Cidade: A Vida em Condom\u00ednios Fechados na Barra da Tijuca - RioOnWatch","robots":{"index":"index","follow":"follow","max-snippet":"max-snippet:-1","max-image-preview":"max-image-preview:large","max-video-preview":"max-video-preview:-1"},"canonical":"https:\/\/rioonwatch.org.br\/?p=20622","og_locale":"pt_BR","og_type":"article","og_title":"Ilhados na Pr\u00f3pria Cidade: A Vida em Condom\u00ednios Fechados na Barra da Tijuca - RioOnWatch","og_description":"Click Here for English O\u00a0condom\u00ednio fechado \u00e9 um fen\u00f4meno bem conhecido em todas as Am\u00e9ricas. O modelo ganhou popularidade nos Estados Unidos antes dos pa\u00edses da Am\u00e9rica do Sul adotarem esse estilo de arquitetura na [...]","og_url":"https:\/\/rioonwatch.org.br\/?p=20622","og_site_name":"RioOnWatch","article_published_time":"2016-07-30T17:57:26+00:00","article_modified_time":"2017-02-27T13:36:02+00:00","og_image":[{"width":1265,"height":550,"url":"https:\/\/rioonwatch.org.br\/wp-content\/uploads\/2016\/07\/2014-748982733-2014090535456.jpg_20140905.jpg","type":"image\/jpeg"}],"author":"Admin","twitter_card":"summary_large_image","twitter_misc":{"Escrito por":"Admin","Est. tempo de leitura":"14 minutos"},"schema":{"@context":"https:\/\/schema.org","@graph":[{"@type":"Article","@id":"https:\/\/rioonwatch.org.br\/?p=20622#article","isPartOf":{"@id":"https:\/\/rioonwatch.org.br\/?p=20622"},"author":{"name":"Admin","@id":"https:\/\/rioonwatch.org.br\/#\/schema\/person\/11d64c290506f9df50c71b850c473f68"},"headline":"Ilhados na Pr\u00f3pria Cidade: A Vida em Condom\u00ednios Fechados na Barra da Tijuca","datePublished":"2016-07-30T17:57:26+00:00","dateModified":"2017-02-27T13:36:02+00:00","mainEntityOfPage":{"@id":"https:\/\/rioonwatch.org.br\/?p=20622"},"wordCount":2750,"publisher":{"@id":"https:\/\/rioonwatch.org.br\/#organization"},"image":{"@id":"https:\/\/rioonwatch.org.br\/?p=20622#primaryimage"},"thumbnailUrl":"https:\/\/rioonwatch.org.br\/wp-content\/uploads\/2016\/07\/2014-748982733-2014090535456.jpg_20140905.jpg","keywords":["Alerta","arquitetura da favela","Barra da Tijuca","Carvalho Hosken","cidade partida","condom\u00ednios fechados","desigualdade","espa\u00e7o p\u00fablico","Ilha Pura","mobilidade","moradia","privatiza\u00e7\u00e3o","segrega\u00e7\u00e3o","seguran\u00e7a","Studio X","transporte","Zona Oeste"],"articleSection":["*Destaque","Dados e Pesquisa","Entrevistas e Perfis","Escrito por Aliados"],"inLanguage":"pt-BR"},{"@type":"WebPage","@id":"https:\/\/rioonwatch.org.br\/?p=20622","url":"https:\/\/rioonwatch.org.br\/?p=20622","name":"Ilhados na Pr\u00f3pria Cidade: A Vida em Condom\u00ednios Fechados na Barra da Tijuca - RioOnWatch","isPartOf":{"@id":"https:\/\/rioonwatch.org.br\/#website"},"primaryImageOfPage":{"@id":"https:\/\/rioonwatch.org.br\/?p=20622#primaryimage"},"image":{"@id":"https:\/\/rioonwatch.org.br\/?p=20622#primaryimage"},"thumbnailUrl":"https:\/\/rioonwatch.org.br\/wp-content\/uploads\/2016\/07\/2014-748982733-2014090535456.jpg_20140905.jpg","datePublished":"2016-07-30T17:57:26+00:00","dateModified":"2017-02-27T13:36:02+00:00","breadcrumb":{"@id":"https:\/\/rioonwatch.org.br\/?p=20622#breadcrumb"},"inLanguage":"pt-BR","potentialAction":[{"@type":"ReadAction","target":["https:\/\/rioonwatch.org.br\/?p=20622"]}]},{"@type":"ImageObject","inLanguage":"pt-BR","@id":"https:\/\/rioonwatch.org.br\/?p=20622#primaryimage","url":"https:\/\/rioonwatch.org.br\/wp-content\/uploads\/2016\/07\/2014-748982733-2014090535456.jpg_20140905.jpg","contentUrl":"https:\/\/rioonwatch.org.br\/wp-content\/uploads\/2016\/07\/2014-748982733-2014090535456.jpg_20140905.jpg","width":1265,"height":550},{"@type":"BreadcrumbList","@id":"https:\/\/rioonwatch.org.br\/?p=20622#breadcrumb","itemListElement":[{"@type":"ListItem","position":1,"name":"In\u00edcio","item":"https:\/\/rioonwatch.org.br\/"},{"@type":"ListItem","position":2,"name":"Ilhados na Pr\u00f3pria Cidade: A Vida em Condom\u00ednios Fechados na Barra da Tijuca"}]},{"@type":"WebSite","@id":"https:\/\/rioonwatch.org.br\/#website","url":"https:\/\/rioonwatch.org.br\/","name":"RioOnWatch","description":"relatos das favelas cariocas","publisher":{"@id":"https:\/\/rioonwatch.org.br\/#organization"},"potentialAction":[{"@type":"SearchAction","target":{"@type":"EntryPoint","urlTemplate":"https:\/\/rioonwatch.org.br\/?s={search_term_string}"},"query-input":{"@type":"PropertyValueSpecification","valueRequired":true,"valueName":"search_term_string"}}],"inLanguage":"pt-BR"},{"@type":"Organization","@id":"https:\/\/rioonwatch.org.br\/#organization","name":"RioOnWatch","url":"https:\/\/rioonwatch.org.br\/","logo":{"@type":"ImageObject","inLanguage":"pt-BR","@id":"https:\/\/rioonwatch.org.br\/#\/schema\/logo\/image\/","url":"https:\/\/rioonwatch.org.br\/wp-content\/uploads\/2021\/06\/RioOnWatchcabecalhoPT11anos-2.png","contentUrl":"https:\/\/rioonwatch.org.br\/wp-content\/uploads\/2021\/06\/RioOnWatchcabecalhoPT11anos-2.png","width":779,"height":277,"caption":"RioOnWatch"},"image":{"@id":"https:\/\/rioonwatch.org.br\/#\/schema\/logo\/image\/"}},{"@type":"Person","@id":"https:\/\/rioonwatch.org.br\/#\/schema\/person\/11d64c290506f9df50c71b850c473f68","name":"Admin","image":{"@type":"ImageObject","inLanguage":"pt-BR","@id":"https:\/\/rioonwatch.org.br\/#\/schema\/person\/image\/","url":"https:\/\/secure.gravatar.com\/avatar\/56211ac74568383903349a1485e3c325?s=96&d=blank&r=g","contentUrl":"https:\/\/secure.gravatar.com\/avatar\/56211ac74568383903349a1485e3c325?s=96&d=blank&r=g","caption":"Admin"},"url":"https:\/\/rioonwatch.org.br\/?author=129"}]}},"_links":{"self":[{"href":"https:\/\/rioonwatch.org.br\/index.php?rest_route=\/wp\/v2\/posts\/20622"}],"collection":[{"href":"https:\/\/rioonwatch.org.br\/index.php?rest_route=\/wp\/v2\/posts"}],"about":[{"href":"https:\/\/rioonwatch.org.br\/index.php?rest_route=\/wp\/v2\/types\/post"}],"author":[{"embeddable":true,"href":"https:\/\/rioonwatch.org.br\/index.php?rest_route=\/wp\/v2\/users\/129"}],"replies":[{"embeddable":true,"href":"https:\/\/rioonwatch.org.br\/index.php?rest_route=%2Fwp%2Fv2%2Fcomments&post=20622"}],"version-history":[{"count":16,"href":"https:\/\/rioonwatch.org.br\/index.php?rest_route=\/wp\/v2\/posts\/20622\/revisions"}],"predecessor-version":[{"id":21268,"href":"https:\/\/rioonwatch.org.br\/index.php?rest_route=\/wp\/v2\/posts\/20622\/revisions\/21268"}],"wp:featuredmedia":[{"embeddable":true,"href":"https:\/\/rioonwatch.org.br\/index.php?rest_route=\/wp\/v2\/media\/20813"}],"wp:attachment":[{"href":"https:\/\/rioonwatch.org.br\/index.php?rest_route=%2Fwp%2Fv2%2Fmedia&parent=20622"}],"wp:term":[{"taxonomy":"category","embeddable":true,"href":"https:\/\/rioonwatch.org.br\/index.php?rest_route=%2Fwp%2Fv2%2Fcategories&post=20622"},{"taxonomy":"post_tag","embeddable":true,"href":"https:\/\/rioonwatch.org.br\/index.php?rest_route=%2Fwp%2Fv2%2Ftags&post=20622"},{"taxonomy":"writer","embeddable":true,"href":"https:\/\/rioonwatch.org.br\/index.php?rest_route=%2Fwp%2Fv2%2Fwriter&post=20622"},{"taxonomy":"translator","embeddable":true,"href":"https:\/\/rioonwatch.org.br\/index.php?rest_route=%2Fwp%2Fv2%2Ftranslator&post=20622"},{"taxonomy":"source","embeddable":true,"href":"https:\/\/rioonwatch.org.br\/index.php?rest_route=%2Fwp%2Fv2%2Fsource&post=20622"},{"taxonomy":"ilustrador","embeddable":true,"href":"https:\/\/rioonwatch.org.br\/index.php?rest_route=%2Fwp%2Fv2%2Filustrador&post=20622"},{"taxonomy":"fotografo","embeddable":true,"href":"https:\/\/rioonwatch.org.br\/index.php?rest_route=%2Fwp%2Fv2%2Ffotografo&post=20622"}],"curies":[{"name":"wp","href":"https:\/\/api.w.org\/{rel}","templated":true}]}}