{"id":20655,"date":"2016-07-07T12:00:48","date_gmt":"2016-07-07T15:00:48","guid":{"rendered":"http:\/\/rioonwatch.org.br\/?p=20655"},"modified":"2024-06-20T16:27:07","modified_gmt":"2024-06-20T19:27:07","slug":"corte-de-verbas-interrompe-obras-de-ciclovia-na-mare","status":"publish","type":"post","link":"https:\/\/rioonwatch.org.br\/?p=20655","title":{"rendered":"Corte de Verbas Interrompe Obras de Ciclovia na Mar\u00e9"},"content":{"rendered":"<p style=\"text-align: right;\"><em><strong><a href=\"http:\/\/bit.ly\/2a2lmb0\" target=\"_blank\" rel=\"noopener\">Click Here for English<img decoding=\"async\" width=\"20\" height=\"20\" class=\"alignright wp-image-15790\" src=\"http:\/\/rioonwatch.org.br\/wp-content\/uploads\/2012\/08\/EN-standard-e1439583104716.jpg\" alt=\"\" \/><\/a><\/strong><\/em><\/p>\n<p>O programa <a href=\"http:\/\/bit.ly\/29j4zmB\" target=\"_blank\" rel=\"noopener\">Rio Capital da Bicicleta<\/a>, que incentiva o ciclismo na cidade, chegou pela primeira vez a um conjunto de favelas: a <a href=\"http:\/\/bit.ly\/10BvARw\" target=\"_blank\" rel=\"noopener\">Mar\u00e9<\/a>. Em parceria com a Associa\u00e7\u00e3o de Moradores do Parque Mar\u00e9, a Prefeitura garantiu a <a href=\"http:\/\/bit.ly\/29ob7in\" target=\"_blank\" rel=\"noopener\">implanta\u00e7\u00e3o de uma ciclovia de 22km<\/a> com faixa compartilhada. Essa \u00e9 uma das obras divulgadas em meio a um conjunto de promessas pr\u00e9-ol\u00edmpicas.<\/p>\n<p><a href=\"http:\/\/rioonwatch.org.br\/wp-content\/uploads\/2016\/07\/Foto-3_Rota-da-Ciclovia-da-Mar\u00e9_Reprodu\u00e7\u00e3o.jpg\"><img fetchpriority=\"high\" decoding=\"async\" class=\"alignright wp-image-20665\" title=\"Rota de Ciclovia foi projetada e divulgada antes do in\u00edcio das obras. Foto: Reprodu\u00e7\u00e3o\" src=\"http:\/\/rioonwatch.org.br\/wp-content\/uploads\/2016\/07\/Foto-3_Rota-da-Ciclovia-da-Mar\u00e9_Reprodu\u00e7\u00e3o-370x620.jpg\" alt=\"Foto 3_Rota da Ciclovia da Mar\u00e9_Reprodu\u00e7\u00e3o\" width=\"250\" height=\"418\" srcset=\"https:\/\/rioonwatch.org.br\/wp-content\/uploads\/2016\/07\/Foto-3_Rota-da-Ciclovia-da-Mar\u00e9_Reprodu\u00e7\u00e3o-370x620.jpg 370w, https:\/\/rioonwatch.org.br\/wp-content\/uploads\/2016\/07\/Foto-3_Rota-da-Ciclovia-da-Mar\u00e9_Reprodu\u00e7\u00e3o-158x264.jpg 158w, https:\/\/rioonwatch.org.br\/wp-content\/uploads\/2016\/07\/Foto-3_Rota-da-Ciclovia-da-Mar\u00e9_Reprodu\u00e7\u00e3o.jpg 460w\" sizes=\"(max-width: 250px) 100vw, 250px\" \/><\/a>A respons\u00e1vel pela execu\u00e7\u00e3o do projeto, a Secretaria Municipal do Meio Ambiente (SMAC) afirma que na Mar\u00e9 j\u00e1 foram realizados 18km de ciclofaixas e faixas compartilhadas e instalados 620 vagas. As obras restantes est\u00e3o paralisadas desde janeiro de 2016.<\/p>\n<p>Questionada sobre as falhas no programa&#8211;como falta de pintura, placas quebradas e pista esburacada&#8211;a assessoria de imprensa da SMAC afirmou por e-mail que todas as falhas ser\u00e3o corrigidas antes da aceita\u00e7\u00e3o das obras, e o custo total da obra foi reduzido para cerca de R$5 milh\u00f5es.<\/p>\n<p>Os moradores lembram: as obras come\u00e7aram em mar\u00e7o de 2015. <a href=\"http:\/\/bit.ly\/29xUoLY\" target=\"_blank\" rel=\"noopener\">Com o or\u00e7amento inicial de R$7 milh\u00f5es<\/a>, o objetivo era integrar todas as comunidades da Mar\u00e9 \u00e0s esta\u00e7\u00f5es do <a href=\"http:\/\/bit.ly\/19EtYAY\" target=\"_blank\" rel=\"noopener\">BRT<\/a>\u00a0at\u00e9 o <a href=\"http:\/\/bit.ly\/1qX7nZG\" target=\"_blank\" rel=\"noopener\">Centro<\/a> da cidade e tamb\u00e9m ao <a href=\"http:\/\/bit.ly\/U0MiGm\" target=\"_blank\" rel=\"noopener\">Alem\u00e3o<\/a>, Fund\u00e3o e Bonsucesso.<\/p>\n<p>A implanta\u00e7\u00e3o dos primeiros trechos de rota ciclovi\u00e1ria foi um desafio. Nas ruas largas, por exemplo, a ciclovia \u00e9 compartilhada e os ve\u00edculos trafegam juntos. Os 6km de faixas exclusivas s\u00e3o para bicicletas e motos. Antes mesmo da sua conclus\u00e3o, as faixas j\u00e1 precisam de manuten\u00e7\u00e3o.<\/p>\n<p><a href=\"http:\/\/rioonwatch.org.br\/wp-content\/uploads\/2016\/07\/Foto-1_Tha\u00eds-Cavalcanteok3.jpg\"><img decoding=\"async\" class=\"aligncenter size-content wp-image-20662\" src=\"http:\/\/rioonwatch.org.br\/wp-content\/uploads\/2016\/07\/Foto-1_Tha\u00eds-Cavalcanteok3-620x264.jpg\" alt=\"Foto 1_Tha\u00eds Cavalcanteok3\" width=\"620\" height=\"264\" \/><\/a><\/p>\n<p>H\u00e1 meses a pintura n\u00e3o \u00e9 mais vis\u00edvel em partes do asfalto, pois est\u00e1 gasta ou coberta de cimento por conta de obras do Programa <a href=\"http:\/\/glo.bo\/29k9XCf\" target=\"_blank\" rel=\"noopener\">Escolas do Amanh\u00e3<\/a>. Apesar de todo o planejamento ser bem estruturado no que rege as leis, ele n\u00e3o se aplica \u00e0s ruas da Mar\u00e9: ambulantes instalados nas cal\u00e7adas e na lateral da pista, motos, carros e at\u00e9 pequenos caminh\u00f5es circulam em todo o espa\u00e7o, inclusive na pista compartilhada com ciclistas.<\/p>\n<p>Para o\u00a0morador Uesley dos Santos, 23 anos, as prioridades para o uso da bicicleta s\u00e3o a rapidez e facilidade. Quanto \u00e0 <a href=\"http:\/\/bit.ly\/29A3hBG\" target=\"_blank\" rel=\"noopener\">ciclovia<\/a>, ele n\u00e3o est\u00e1 satisfeito: \u201cO projeto est\u00e1 mal arquitetado. Por exemplo, na favela <a href=\"http:\/\/bit.ly\/1sscKdX\" target=\"_blank\" rel=\"noopener\">Nova Holanda<\/a>, a ciclovia passa pela rua mais movimentada da comunidade que \u00e9 a Teixeira Ribeiro, uma rua de grande fluxo de ve\u00edculos e pedestres, a rua do com\u00e9rcio e da feira\u201d, reclama.<\/p>\n<p><a href=\"http:\/\/rioonwatch.org.br\/wp-content\/uploads\/2016\/07\/placa-1.jpg\"><img loading=\"lazy\" decoding=\"async\" class=\"aligncenter wp-image-20668 size-content\" title=\"Placas verticais sinalizam de quem \u00e9 a prioridade na pista. Foto: F\u00e1bio Teixeira\" src=\"http:\/\/rioonwatch.org.br\/wp-content\/uploads\/2016\/07\/placa-1-620x264.jpg\" alt=\"placa\" width=\"620\" height=\"264\" \/><\/a><\/p>\n<p>N\u00e3o h\u00e1 prazo para a retomada das obras e as empresas envolvidas n\u00e3o s\u00e3o contratadas pela Prefeitura do Rio, e sim por outra empresa que n\u00e3o foi divulgada. Assim que ocorrer a vistoria final do projeto, as obras t\u00eam garantia de cinco anos. A inaugura\u00e7\u00e3o oficial da via estava prevista para o primeiro semestre deste ano.<\/p>\n<p>A ideia de implantar alternativas de mobilidade urbana em territ\u00f3rios com grande circula\u00e7\u00e3o de pessoas, \u00e9 gerar mais qualidade de vida e reduzir a emiss\u00e3o de C02. Mas quando o trabalho n\u00e3o \u00e9 conclu\u00eddo e os moradores n\u00e3o recebem nenhuma satisfa\u00e7\u00e3o a respeito, a divulga\u00e7\u00e3o de que o Rio \u00e9 hoje, a Capital da Bicicleta, com quase 440km de ciclovias, n\u00e3o significa muita coisa.<\/p>\n<p><em>Tha\u00eds Cavalcante tem 21 anos, \u00e9 comunicadora comunit\u00e1ria desde 2012 no Complexo\u00a0da Mar\u00e9, lugar onde foi nascida e criada.\u00a0Cursa faculdade de Jornalismo e colabora no Jornal <a href=\"http:\/\/bit.ly\/1mk1XUj\" target=\"_blank\" rel=\"noopener\">O Cidad\u00e3o<\/a> e\u00a0<a href=\"http:\/\/bit.ly\/2406ySD\" target=\"_blank\" rel=\"noopener\">The Guardian<\/a>.<\/em><\/p>\n<p><em>Carolina Vaz \u00e9 jornalista por forma\u00e7\u00e3o, e comunicadora por paix\u00e3o e voca\u00e7\u00e3o. Trabalha como volunt\u00e1ria na ONG Pipa Social e no jornal O Cidad\u00e3o.<\/em><\/p>\n<!-- AddThis Advanced Settings generic via filter on the_content --><!-- AddThis Share Buttons generic via filter on the_content -->","protected":false},"excerpt":{"rendered":"<div class=\"mh-excerpt\"><p>Click Here for English O programa Rio Capital da Bicicleta, que incentiva o ciclismo na cidade, chegou pela primeira vez a um conjunto de favelas: a Mar\u00e9. Em parceria com a Associa\u00e7\u00e3o de Moradores do <a class=\"mh-excerpt-more\" href=\"https:\/\/rioonwatch.org.br\/?p=20655\" title=\"Corte de Verbas Interrompe Obras de Ciclovia na Mar\u00e9\">[&#8230;]<\/a><!-- AddThis Advanced Settings generic via filter on get_the_excerpt --><!-- AddThis Share Buttons generic via filter on get_the_excerpt --><\/p>\n<\/div>","protected":false},"author":129,"featured_media":20659,"comment_status":"closed","ping_status":"closed","sticky":false,"template":"","format":"standard","meta":{"_acf_changed":false,"_monsterinsights_skip_tracking":false,"_monsterinsights_sitenote_active":false,"_monsterinsights_sitenote_note":"","_monsterinsights_sitenote_category":0,"footnotes":""},"categories":[1857,1635,1621,1625,1639,1726],"tags":[1853,217,722,1240,560,78,404,493],"writer":[1899,1294],"translator":[],"source":[],"ilustrador":[],"fotografo":[],"class_list":{"0":"post-20655","1":"post","2":"type-post","3":"status-publish","4":"format-standard","5":"has-post-thumbnail","7":"category-olhonaurbanizacao","8":"category-1635","9":"category-destaque","10":"category-por-correspondentes-comunitarios","11":"category-sustentabilidade","12":"category-transporte","13":"tag-ciclovia","14":"tag-complexo-do-alemao","15":"tag-legado","16":"tag-megaeventos","17":"tag-mobilidade","18":"tag-olimpiadas","19":"tag-sustentabilidade","20":"tag-urbanizacao","21":"writer-carolina-vaz","22":"writer-thais-cavalcante"},"acf":[],"yoast_head":"<!-- This site is optimized with the Yoast SEO plugin v25.6 - https:\/\/yoast.com\/wordpress\/plugins\/seo\/ -->\n<title>Corte de Verbas Interrompe Obras de Ciclovia na Mar\u00e9 - RioOnWatch<\/title>\n<meta name=\"robots\" content=\"index, follow, max-snippet:-1, max-image-preview:large, max-video-preview:-1\" \/>\n<link rel=\"canonical\" href=\"https:\/\/rioonwatch.org.br\/?p=20655\" \/>\n<meta property=\"og:locale\" content=\"pt_BR\" \/>\n<meta property=\"og:type\" content=\"article\" \/>\n<meta property=\"og:title\" content=\"Corte de Verbas Interrompe Obras de Ciclovia na Mar\u00e9 - RioOnWatch\" \/>\n<meta property=\"og:description\" content=\"Click Here for English O programa Rio Capital da Bicicleta, que incentiva o ciclismo na cidade, chegou pela primeira vez a um conjunto de favelas: a Mar\u00e9. Em parceria com a Associa\u00e7\u00e3o de Moradores do [...]\" \/>\n<meta property=\"og:url\" content=\"https:\/\/rioonwatch.org.br\/?p=20655\" \/>\n<meta property=\"og:site_name\" content=\"RioOnWatch\" \/>\n<meta property=\"article:published_time\" content=\"2016-07-07T15:00:48+00:00\" \/>\n<meta property=\"article:modified_time\" content=\"2024-06-20T19:27:07+00:00\" \/>\n<meta property=\"og:image\" content=\"https:\/\/rioonwatch.org.br\/wp-content\/uploads\/2016\/07\/Foto-2_Tha\u00eds-Cavalcanteok.jpg\" \/>\n\t<meta property=\"og:image:width\" content=\"720\" \/>\n\t<meta property=\"og:image:height\" content=\"590\" \/>\n\t<meta property=\"og:image:type\" content=\"image\/jpeg\" \/>\n<meta name=\"author\" content=\"Admin\" \/>\n<meta name=\"twitter:card\" content=\"summary_large_image\" \/>\n<meta name=\"twitter:label1\" content=\"Escrito por\" \/>\n\t<meta name=\"twitter:data1\" content=\"Admin\" \/>\n\t<meta name=\"twitter:label2\" content=\"Est. tempo de leitura\" \/>\n\t<meta name=\"twitter:data2\" content=\"3 minutos\" \/>\n<script type=\"application\/ld+json\" class=\"yoast-schema-graph\">{\"@context\":\"https:\/\/schema.org\",\"@graph\":[{\"@type\":\"Article\",\"@id\":\"https:\/\/rioonwatch.org.br\/?p=20655#article\",\"isPartOf\":{\"@id\":\"https:\/\/rioonwatch.org.br\/?p=20655\"},\"author\":{\"name\":\"Admin\",\"@id\":\"https:\/\/rioonwatch.org.br\/#\/schema\/person\/11d64c290506f9df50c71b850c473f68\"},\"headline\":\"Corte de Verbas Interrompe Obras de Ciclovia na Mar\u00e9\",\"datePublished\":\"2016-07-07T15:00:48+00:00\",\"dateModified\":\"2024-06-20T19:27:07+00:00\",\"mainEntityOfPage\":{\"@id\":\"https:\/\/rioonwatch.org.br\/?p=20655\"},\"wordCount\":608,\"publisher\":{\"@id\":\"https:\/\/rioonwatch.org.br\/#organization\"},\"image\":{\"@id\":\"https:\/\/rioonwatch.org.br\/?p=20655#primaryimage\"},\"thumbnailUrl\":\"https:\/\/rioonwatch.org.br\/wp-content\/uploads\/2016\/07\/Foto-2_Tha\u00eds-Cavalcanteok.jpg\",\"keywords\":[\"ciclovia\",\"Complexo do Alem\u00e3o\",\"Legado Ol\u00edmpico\",\"Megaeventos\",\"mobilidade\",\"Olimp\u00edadas\",\"sustentabilidade\",\"urbaniza\u00e7\u00e3o\"],\"articleSection\":[\"#OlhoNaUrbaniza\u00e7\u00e3o\",\"#Rio2016\",\"*Destaque\",\"Escrito por Comunicadores Populares\",\"Sustentabilidade\",\"Transporte\"],\"inLanguage\":\"pt-BR\"},{\"@type\":\"WebPage\",\"@id\":\"https:\/\/rioonwatch.org.br\/?p=20655\",\"url\":\"https:\/\/rioonwatch.org.br\/?p=20655\",\"name\":\"Corte de Verbas Interrompe Obras de Ciclovia na Mar\u00e9 - RioOnWatch\",\"isPartOf\":{\"@id\":\"https:\/\/rioonwatch.org.br\/#website\"},\"primaryImageOfPage\":{\"@id\":\"https:\/\/rioonwatch.org.br\/?p=20655#primaryimage\"},\"image\":{\"@id\":\"https:\/\/rioonwatch.org.br\/?p=20655#primaryimage\"},\"thumbnailUrl\":\"https:\/\/rioonwatch.org.br\/wp-content\/uploads\/2016\/07\/Foto-2_Tha\u00eds-Cavalcanteok.jpg\",\"datePublished\":\"2016-07-07T15:00:48+00:00\",\"dateModified\":\"2024-06-20T19:27:07+00:00\",\"breadcrumb\":{\"@id\":\"https:\/\/rioonwatch.org.br\/?p=20655#breadcrumb\"},\"inLanguage\":\"pt-BR\",\"potentialAction\":[{\"@type\":\"ReadAction\",\"target\":[\"https:\/\/rioonwatch.org.br\/?p=20655\"]}]},{\"@type\":\"ImageObject\",\"inLanguage\":\"pt-BR\",\"@id\":\"https:\/\/rioonwatch.org.br\/?p=20655#primaryimage\",\"url\":\"https:\/\/rioonwatch.org.br\/wp-content\/uploads\/2016\/07\/Foto-2_Tha\u00eds-Cavalcanteok.jpg\",\"contentUrl\":\"https:\/\/rioonwatch.org.br\/wp-content\/uploads\/2016\/07\/Foto-2_Tha\u00eds-Cavalcanteok.jpg\",\"width\":720,\"height\":590},{\"@type\":\"BreadcrumbList\",\"@id\":\"https:\/\/rioonwatch.org.br\/?p=20655#breadcrumb\",\"itemListElement\":[{\"@type\":\"ListItem\",\"position\":1,\"name\":\"In\u00edcio\",\"item\":\"https:\/\/rioonwatch.org.br\/\"},{\"@type\":\"ListItem\",\"position\":2,\"name\":\"Corte de Verbas Interrompe Obras de Ciclovia na Mar\u00e9\"}]},{\"@type\":\"WebSite\",\"@id\":\"https:\/\/rioonwatch.org.br\/#website\",\"url\":\"https:\/\/rioonwatch.org.br\/\",\"name\":\"RioOnWatch\",\"description\":\"relatos das favelas cariocas\",\"publisher\":{\"@id\":\"https:\/\/rioonwatch.org.br\/#organization\"},\"potentialAction\":[{\"@type\":\"SearchAction\",\"target\":{\"@type\":\"EntryPoint\",\"urlTemplate\":\"https:\/\/rioonwatch.org.br\/?s={search_term_string}\"},\"query-input\":{\"@type\":\"PropertyValueSpecification\",\"valueRequired\":true,\"valueName\":\"search_term_string\"}}],\"inLanguage\":\"pt-BR\"},{\"@type\":\"Organization\",\"@id\":\"https:\/\/rioonwatch.org.br\/#organization\",\"name\":\"RioOnWatch\",\"url\":\"https:\/\/rioonwatch.org.br\/\",\"logo\":{\"@type\":\"ImageObject\",\"inLanguage\":\"pt-BR\",\"@id\":\"https:\/\/rioonwatch.org.br\/#\/schema\/logo\/image\/\",\"url\":\"https:\/\/rioonwatch.org.br\/wp-content\/uploads\/2021\/06\/RioOnWatchcabecalhoPT11anos-2.png\",\"contentUrl\":\"https:\/\/rioonwatch.org.br\/wp-content\/uploads\/2021\/06\/RioOnWatchcabecalhoPT11anos-2.png\",\"width\":779,\"height\":277,\"caption\":\"RioOnWatch\"},\"image\":{\"@id\":\"https:\/\/rioonwatch.org.br\/#\/schema\/logo\/image\/\"}},{\"@type\":\"Person\",\"@id\":\"https:\/\/rioonwatch.org.br\/#\/schema\/person\/11d64c290506f9df50c71b850c473f68\",\"name\":\"Admin\",\"image\":{\"@type\":\"ImageObject\",\"inLanguage\":\"pt-BR\",\"@id\":\"https:\/\/rioonwatch.org.br\/#\/schema\/person\/image\/\",\"url\":\"https:\/\/secure.gravatar.com\/avatar\/56211ac74568383903349a1485e3c325?s=96&d=blank&r=g\",\"contentUrl\":\"https:\/\/secure.gravatar.com\/avatar\/56211ac74568383903349a1485e3c325?s=96&d=blank&r=g\",\"caption\":\"Admin\"},\"url\":\"https:\/\/rioonwatch.org.br\/?author=129\"}]}<\/script>\n<!-- \/ Yoast SEO plugin. -->","yoast_head_json":{"title":"Corte de Verbas Interrompe Obras de Ciclovia na Mar\u00e9 - RioOnWatch","robots":{"index":"index","follow":"follow","max-snippet":"max-snippet:-1","max-image-preview":"max-image-preview:large","max-video-preview":"max-video-preview:-1"},"canonical":"https:\/\/rioonwatch.org.br\/?p=20655","og_locale":"pt_BR","og_type":"article","og_title":"Corte de Verbas Interrompe Obras de Ciclovia na Mar\u00e9 - RioOnWatch","og_description":"Click Here for English O programa Rio Capital da Bicicleta, que incentiva o ciclismo na cidade, chegou pela primeira vez a um conjunto de favelas: a Mar\u00e9. Em parceria com a Associa\u00e7\u00e3o de Moradores do [...]","og_url":"https:\/\/rioonwatch.org.br\/?p=20655","og_site_name":"RioOnWatch","article_published_time":"2016-07-07T15:00:48+00:00","article_modified_time":"2024-06-20T19:27:07+00:00","og_image":[{"width":720,"height":590,"url":"https:\/\/rioonwatch.org.br\/wp-content\/uploads\/2016\/07\/Foto-2_Tha\u00eds-Cavalcanteok.jpg","type":"image\/jpeg"}],"author":"Admin","twitter_card":"summary_large_image","twitter_misc":{"Escrito por":"Admin","Est. tempo de leitura":"3 minutos"},"schema":{"@context":"https:\/\/schema.org","@graph":[{"@type":"Article","@id":"https:\/\/rioonwatch.org.br\/?p=20655#article","isPartOf":{"@id":"https:\/\/rioonwatch.org.br\/?p=20655"},"author":{"name":"Admin","@id":"https:\/\/rioonwatch.org.br\/#\/schema\/person\/11d64c290506f9df50c71b850c473f68"},"headline":"Corte de Verbas Interrompe Obras de Ciclovia na Mar\u00e9","datePublished":"2016-07-07T15:00:48+00:00","dateModified":"2024-06-20T19:27:07+00:00","mainEntityOfPage":{"@id":"https:\/\/rioonwatch.org.br\/?p=20655"},"wordCount":608,"publisher":{"@id":"https:\/\/rioonwatch.org.br\/#organization"},"image":{"@id":"https:\/\/rioonwatch.org.br\/?p=20655#primaryimage"},"thumbnailUrl":"https:\/\/rioonwatch.org.br\/wp-content\/uploads\/2016\/07\/Foto-2_Tha\u00eds-Cavalcanteok.jpg","keywords":["ciclovia","Complexo do Alem\u00e3o","Legado Ol\u00edmpico","Megaeventos","mobilidade","Olimp\u00edadas","sustentabilidade","urbaniza\u00e7\u00e3o"],"articleSection":["#OlhoNaUrbaniza\u00e7\u00e3o","#Rio2016","*Destaque","Escrito por Comunicadores Populares","Sustentabilidade","Transporte"],"inLanguage":"pt-BR"},{"@type":"WebPage","@id":"https:\/\/rioonwatch.org.br\/?p=20655","url":"https:\/\/rioonwatch.org.br\/?p=20655","name":"Corte de Verbas Interrompe Obras de Ciclovia na Mar\u00e9 - RioOnWatch","isPartOf":{"@id":"https:\/\/rioonwatch.org.br\/#website"},"primaryImageOfPage":{"@id":"https:\/\/rioonwatch.org.br\/?p=20655#primaryimage"},"image":{"@id":"https:\/\/rioonwatch.org.br\/?p=20655#primaryimage"},"thumbnailUrl":"https:\/\/rioonwatch.org.br\/wp-content\/uploads\/2016\/07\/Foto-2_Tha\u00eds-Cavalcanteok.jpg","datePublished":"2016-07-07T15:00:48+00:00","dateModified":"2024-06-20T19:27:07+00:00","breadcrumb":{"@id":"https:\/\/rioonwatch.org.br\/?p=20655#breadcrumb"},"inLanguage":"pt-BR","potentialAction":[{"@type":"ReadAction","target":["https:\/\/rioonwatch.org.br\/?p=20655"]}]},{"@type":"ImageObject","inLanguage":"pt-BR","@id":"https:\/\/rioonwatch.org.br\/?p=20655#primaryimage","url":"https:\/\/rioonwatch.org.br\/wp-content\/uploads\/2016\/07\/Foto-2_Tha\u00eds-Cavalcanteok.jpg","contentUrl":"https:\/\/rioonwatch.org.br\/wp-content\/uploads\/2016\/07\/Foto-2_Tha\u00eds-Cavalcanteok.jpg","width":720,"height":590},{"@type":"BreadcrumbList","@id":"https:\/\/rioonwatch.org.br\/?p=20655#breadcrumb","itemListElement":[{"@type":"ListItem","position":1,"name":"In\u00edcio","item":"https:\/\/rioonwatch.org.br\/"},{"@type":"ListItem","position":2,"name":"Corte de Verbas Interrompe Obras de Ciclovia na Mar\u00e9"}]},{"@type":"WebSite","@id":"https:\/\/rioonwatch.org.br\/#website","url":"https:\/\/rioonwatch.org.br\/","name":"RioOnWatch","description":"relatos das favelas cariocas","publisher":{"@id":"https:\/\/rioonwatch.org.br\/#organization"},"potentialAction":[{"@type":"SearchAction","target":{"@type":"EntryPoint","urlTemplate":"https:\/\/rioonwatch.org.br\/?s={search_term_string}"},"query-input":{"@type":"PropertyValueSpecification","valueRequired":true,"valueName":"search_term_string"}}],"inLanguage":"pt-BR"},{"@type":"Organization","@id":"https:\/\/rioonwatch.org.br\/#organization","name":"RioOnWatch","url":"https:\/\/rioonwatch.org.br\/","logo":{"@type":"ImageObject","inLanguage":"pt-BR","@id":"https:\/\/rioonwatch.org.br\/#\/schema\/logo\/image\/","url":"https:\/\/rioonwatch.org.br\/wp-content\/uploads\/2021\/06\/RioOnWatchcabecalhoPT11anos-2.png","contentUrl":"https:\/\/rioonwatch.org.br\/wp-content\/uploads\/2021\/06\/RioOnWatchcabecalhoPT11anos-2.png","width":779,"height":277,"caption":"RioOnWatch"},"image":{"@id":"https:\/\/rioonwatch.org.br\/#\/schema\/logo\/image\/"}},{"@type":"Person","@id":"https:\/\/rioonwatch.org.br\/#\/schema\/person\/11d64c290506f9df50c71b850c473f68","name":"Admin","image":{"@type":"ImageObject","inLanguage":"pt-BR","@id":"https:\/\/rioonwatch.org.br\/#\/schema\/person\/image\/","url":"https:\/\/secure.gravatar.com\/avatar\/56211ac74568383903349a1485e3c325?s=96&d=blank&r=g","contentUrl":"https:\/\/secure.gravatar.com\/avatar\/56211ac74568383903349a1485e3c325?s=96&d=blank&r=g","caption":"Admin"},"url":"https:\/\/rioonwatch.org.br\/?author=129"}]}},"_links":{"self":[{"href":"https:\/\/rioonwatch.org.br\/index.php?rest_route=\/wp\/v2\/posts\/20655"}],"collection":[{"href":"https:\/\/rioonwatch.org.br\/index.php?rest_route=\/wp\/v2\/posts"}],"about":[{"href":"https:\/\/rioonwatch.org.br\/index.php?rest_route=\/wp\/v2\/types\/post"}],"author":[{"embeddable":true,"href":"https:\/\/rioonwatch.org.br\/index.php?rest_route=\/wp\/v2\/users\/129"}],"replies":[{"embeddable":true,"href":"https:\/\/rioonwatch.org.br\/index.php?rest_route=%2Fwp%2Fv2%2Fcomments&post=20655"}],"version-history":[{"count":12,"href":"https:\/\/rioonwatch.org.br\/index.php?rest_route=\/wp\/v2\/posts\/20655\/revisions"}],"predecessor-version":[{"id":74205,"href":"https:\/\/rioonwatch.org.br\/index.php?rest_route=\/wp\/v2\/posts\/20655\/revisions\/74205"}],"wp:featuredmedia":[{"embeddable":true,"href":"https:\/\/rioonwatch.org.br\/index.php?rest_route=\/wp\/v2\/media\/20659"}],"wp:attachment":[{"href":"https:\/\/rioonwatch.org.br\/index.php?rest_route=%2Fwp%2Fv2%2Fmedia&parent=20655"}],"wp:term":[{"taxonomy":"category","embeddable":true,"href":"https:\/\/rioonwatch.org.br\/index.php?rest_route=%2Fwp%2Fv2%2Fcategories&post=20655"},{"taxonomy":"post_tag","embeddable":true,"href":"https:\/\/rioonwatch.org.br\/index.php?rest_route=%2Fwp%2Fv2%2Ftags&post=20655"},{"taxonomy":"writer","embeddable":true,"href":"https:\/\/rioonwatch.org.br\/index.php?rest_route=%2Fwp%2Fv2%2Fwriter&post=20655"},{"taxonomy":"translator","embeddable":true,"href":"https:\/\/rioonwatch.org.br\/index.php?rest_route=%2Fwp%2Fv2%2Ftranslator&post=20655"},{"taxonomy":"source","embeddable":true,"href":"https:\/\/rioonwatch.org.br\/index.php?rest_route=%2Fwp%2Fv2%2Fsource&post=20655"},{"taxonomy":"ilustrador","embeddable":true,"href":"https:\/\/rioonwatch.org.br\/index.php?rest_route=%2Fwp%2Fv2%2Filustrador&post=20655"},{"taxonomy":"fotografo","embeddable":true,"href":"https:\/\/rioonwatch.org.br\/index.php?rest_route=%2Fwp%2Fv2%2Ffotografo&post=20655"}],"curies":[{"name":"wp","href":"https:\/\/api.w.org\/{rel}","templated":true}]}}