{"id":20726,"date":"2016-07-13T08:38:59","date_gmt":"2016-07-13T11:38:59","guid":{"rendered":"http:\/\/rioonwatch.org.br\/?p=20726"},"modified":"2024-06-20T16:26:44","modified_gmt":"2024-06-20T19:26:44","slug":"quilombo-do-camorim-uma-historia-de-preservacao-e-resistencia","status":"publish","type":"post","link":"https:\/\/rioonwatch.org.br\/?p=20726","title":{"rendered":"Quilombo do Camorim: Uma Hist\u00f3ria de Preserva\u00e7\u00e3o e Resist\u00eancia"},"content":{"rendered":"<p style=\"text-align: right;\"><em><strong><a href=\"http:\/\/bit.ly\/29ewVKy\" target=\"_blank\" rel=\"noopener\">Click Here for English<img decoding=\"async\" width=\"20\" height=\"20\" class=\"alignright wp-image-15790\" src=\"http:\/\/rioonwatch.org.br\/wp-content\/uploads\/2012\/08\/EN-standard-e1439583104716.jpg\" alt=\"\" \/><\/a><\/strong><\/em><\/p>\n<p><span style=\"font-weight: 400;\">\u201c\u00c9ramos um quilombo rural que virou um quilombo urbano\u201d, Adilson Batista Almeida explica como ele descreve o\u00a0<\/span><a href=\"http:\/\/bit.ly\/1SIHdD8\" target=\"_blank\" rel=\"noopener\"><span style=\"font-weight: 400;\">Quilombo do Camorim do Maci\u00e7o da Pedra Branca<\/span><\/a><span style=\"font-weight: 400;\">, em <\/span><a href=\"http:\/\/bit.ly\/1HgPTzq\" target=\"_blank\" rel=\"noopener\"><span style=\"font-weight: 400;\">Jacarepagu\u00e1<\/span><\/a><span style=\"font-weight: 400;\">, uma \u00e1rea na<\/span> <a href=\"http:\/\/bit.ly\/11tBmFR\" target=\"_blank\" rel=\"noopener\"><span style=\"font-weight: 400;\">Zona Oeste<\/span><\/a><span style=\"font-weight: 400;\"> do Rio, pr\u00f3xima ao<\/span> <a href=\"http:\/\/bit.ly\/PkLXlQ\" target=\"_blank\" rel=\"noopener\"><span style=\"font-weight: 400;\">Parque Ol\u00edmpico<\/span><\/a><span style=\"font-weight: 400;\">.<\/span><\/p>\n<p><span style=\"font-weight: 400;\">Adilson Batista Almeida\u00a0\u00e9 o fundador, presidente e diretor da <\/span><a href=\"http:\/\/bit.ly\/28Gb5cM\" target=\"_blank\" rel=\"noopener\"><span style=\"font-weight: 400;\">Associa\u00e7\u00e3o Cultural do Camorim<\/span><\/a><span style=\"font-weight: 400;\"> (ACUCA), uma organiza\u00e7\u00e3o comunit\u00e1ria que representa as reivindica\u00e7\u00f5es dos moradores do Camorim pelo t\u00edtulo coletivo da terra, no intuito de preservar a hist\u00f3ria do territ\u00f3rio como um <\/span><span style=\"font-weight: 400;\"><a href=\"http:\/\/bit.ly\/1ykJIW4\" target=\"_blank\" rel=\"noopener\">quilombo<\/a><\/span><span style=\"font-weight: 400;\">. Assim como sua vizinha <\/span><a href=\"http:\/\/bit.ly\/Nfddvg\" target=\"_blank\" rel=\"noopener\"><span style=\"font-weight: 400;\">Vila Aut\u00f3dromo<\/span><\/a><span style=\"font-weight: 400;\">, o Quilombo do Camorim tem sido amea\u00e7ado pela<\/span> <a href=\"http:\/\/bit.ly\/11tBtBo\" target=\"_blank\" rel=\"noopener\"><span style=\"font-weight: 400;\">especula\u00e7\u00e3o imobili\u00e1ri<\/span><span style=\"font-weight: 400;\">a<\/span><\/a><span style=\"font-weight: 400;\"> na <\/span><a href=\"http:\/\/bit.ly\/19BBUhf\" target=\"_blank\" rel=\"noopener\"><span style=\"font-weight: 400;\">Barra da Tijuca<\/span><\/a><span style=\"font-weight: 400;\">,<\/span><span style=\"font-weight: 400;\"> que come\u00e7ou na d\u00e9cada de 1980 e se acelerou nos \u00faltimos anos <\/span><span style=\"font-weight: 400;\">devido aos Jogos Ol\u00edmpicos Rio 2016<\/span><span style=\"font-weight: 400;\">. Parte do territ\u00f3rio reivindicado pelo Quilombo do Camorim foi\u00a0<\/span><a href=\"http:\/\/glo.bo\/1cees27\"><span style=\"font-weight: 400;\">desmatado para dar lugar a condom\u00ednios recentemente constru\u00eddos<\/span><\/a><span style=\"font-weight: 400;\">,<\/span><span style=\"font-weight: 400;\">\u00a0que abrigar\u00e3o jornalistas estrangeiros que cobrem os Jogos. Mais de mil \u00e1rvores da Mata Atl\u00e2ntica foram derrubadas para o empreendimento.<\/span><\/p>\n<p><span style=\"font-weight: 400;\">\u201cDentro de nossa hist\u00f3ria, temos tanto conhecimento cultural, ambiental e hist\u00f3rico\u201d, declara Adilson, detalhando a hist\u00f3ria do quilombo em frente ao reservat\u00f3rio de abastecimento de \u00e1gua da\u00a0<\/span><a href=\"http:\/\/bit.ly\/14mlkmP\" target=\"_blank\" rel=\"noopener\"><span style=\"font-weight: 400;\">CEDAE<\/span><\/a><span style=\"font-weight: 400;\">, constru\u00eddo na\u00a0virada do s\u00e9culo 20 por\u00a0moradores do parque estadual. Confrontado com os condom\u00ednios constru\u00eddos e com as tens\u00f5es dentro da comunidade, o Quilombo do Camorim est\u00e1 atualmente lutando para conservar esse conhecimento e modo de vida.<\/span><\/p>\n<p><a href=\"http:\/\/rioonwatch.org.br\/wp-content\/uploads\/2016\/07\/resevoir.jpg\"><img fetchpriority=\"high\" decoding=\"async\" class=\"aligncenter wp-image-20730 size-content\" title=\"Reservat\u00f3rio no Camorim\" src=\"http:\/\/rioonwatch.org.br\/wp-content\/uploads\/2016\/07\/resevoir-620x264.jpg\" alt=\"resevoir\" width=\"620\" height=\"264\" srcset=\"https:\/\/rioonwatch.org.br\/wp-content\/uploads\/2016\/07\/resevoir-620x264.jpg 620w, https:\/\/rioonwatch.org.br\/wp-content\/uploads\/2016\/07\/resevoir-940x400.jpg 940w\" sizes=\"(max-width: 620px) 100vw, 620px\" \/><\/a><\/p>\n<h3><b>Conhecimento ambiental como resist\u00eancia<\/b><\/h3>\n<p><span style=\"font-weight: 400;\">Situado junto \u00e0 entrada do\u00a0<\/span><a href=\"http:\/\/bit.ly\/21o85wk\"><span style=\"font-weight: 400;\">Parque Estadual da Pedra Branca<\/span><\/a>&#8212;<span style=\"font-weight: 400;\">parte da maior floresta urbana do mundo e um importante local para conserva\u00e7\u00e3o da biodiversidade da Mata Atl\u00e2ntica, que se estende ao longo de grande parte do que \u00e9 atualmente a Barra da Tijuca&#8211;a\u00a0<\/span><a href=\"http:\/\/bit.ly\/1Q7MWWB\"><span style=\"font-weight: 400;\">hist\u00f3ria do Camorim remonta \u00e0 \u00e9poca dos \u00edndios Tupi-Guarani<\/span><\/a><span style=\"font-weight: 400;\">, que habitavam a regi\u00e3o antes da coloniza\u00e7\u00e3o portuguesa no Brasil. O nome Camorim vem de um peixe que os habitantes locais capturavam na Lagoa de Jacarepagu\u00e1. Quando Salvador Correia de S\u00e1, o Velho, primo do governador colonial Mem de S\u00e1, reivindicou a \u00e1rea para sua planta\u00e7\u00e3o e engenho de cana de a\u00e7\u00facar, ele manteve o nome ind\u00edgena local.<\/span><\/p>\n<p><span style=\"font-weight: 400;\">Embora a estrada que leva ao Quilombo do Camorim esteja agora repleta de <\/span><a href=\"http:\/\/bit.ly\/1NY9pmq\" target=\"_blank\" rel=\"noopener\"><span style=\"font-weight: 400;\">condom\u00ednios fechados<\/span><\/a><span style=\"font-weight: 400;\">, uma das\u00a0<\/span><a href=\"http:\/\/bit.ly\/1Um2nsS\"><span style=\"font-weight: 400;\">j\u00f3ias menos conhecidas da arquitetura colonial do Rio<\/span><\/a><span style=\"font-weight: 400;\">, a Igreja de S\u00e3o Gon\u00e7alo do Amarante, d\u00e1 boas-vindas aos visitantes assim que entram na comunidade. Constru\u00edda por\u00a0africanos escravizados em 1625 e conservando muito de sua estrutura original, a igreja branca e azul celeste \u00e9 uma prova da cont\u00ednua produ\u00e7\u00e3o cultural e ocupa\u00e7\u00e3o da comunidade por afrodescendentes. Em 1965, o Instituto Estadual do Patrim\u00f4nio Cultural do Rio de Janeiro reconheceu a igreja como marco hist\u00f3rico, sendo a mesma recentemente restaurada em 2000. O anexo e a pra\u00e7a ao lado da igreja tamb\u00e9m s\u00e3o espa\u00e7os importantes para as atividades culturais&#8211;capoeira, jongo, maculel\u00ea&#8211;e ambientais da ACUCA, uma vez que o quilombo carece de um centro comunit\u00e1rio.<\/span><\/p>\n<p><a href=\"http:\/\/rioonwatch.org.br\/wp-content\/uploads\/2016\/07\/Interior.jpg\"><img decoding=\"async\" class=\"aligncenter wp-image-20731 size-content\" title=\"Interior da capela do Camorim\" src=\"http:\/\/rioonwatch.org.br\/wp-content\/uploads\/2016\/07\/Interior-620x264.jpg\" alt=\"Interior\" width=\"620\" height=\"264\" srcset=\"https:\/\/rioonwatch.org.br\/wp-content\/uploads\/2016\/07\/Interior-620x264.jpg 620w, https:\/\/rioonwatch.org.br\/wp-content\/uploads\/2016\/07\/Interior-940x400.jpg 940w\" sizes=\"(max-width: 620px) 100vw, 620px\" \/><\/a><\/p>\n<p><span style=\"font-weight: 400;\">De acordo com Adilson, o territ\u00f3rio tamb\u00e9m possui importantes s\u00edtios arqueol\u00f3gicos. A senzala original localizada perto da igreja ainda conserva um pouco de sua estrutura original, apesar de ter sido significantemente alterada pelos moradores ao longo dos anos. Trilhas que agora fazem\u00a0parte do parque estadual refazem os passos daqueles que fugiram e resistiram \u00e0<\/span> <a href=\"http:\/\/bit.ly\/1Hg4Zj3\" target=\"_blank\" rel=\"noopener\"><span style=\"font-weight: 400;\">escravid\u00e3o<\/span><\/a><span style=\"font-weight: 400;\">. Os vest\u00edgios de seus esconderijos&#8211;pequenas cavernas, forma\u00e7\u00f5es rochosas e casas de pau a pique&#8211;podem ser encontrados por toda a floresta no caminho para a Pedra do Quilombo, um pico que servia como importante ponto de vigia para os quilombolas. \u201cEles eram conhecedores dessa floresta\u201d, afirma Adilson, e foi esse conhecimento do ambiente natural que possibilitou a resist\u00eancia quilombola na regi\u00e3o.<\/span><\/p>\n<p><a href=\"http:\/\/rioonwatch.org.br\/wp-content\/uploads\/2016\/07\/Hideout.jpg\"><img loading=\"lazy\" decoding=\"async\" class=\"aligncenter wp-image-20732 size-content\" title=\"Esconderijos no Camorim\" src=\"http:\/\/rioonwatch.org.br\/wp-content\/uploads\/2016\/07\/Hideout-620x264.jpg\" alt=\"Hideout\" width=\"620\" height=\"264\" srcset=\"https:\/\/rioonwatch.org.br\/wp-content\/uploads\/2016\/07\/Hideout-620x264.jpg 620w, https:\/\/rioonwatch.org.br\/wp-content\/uploads\/2016\/07\/Hideout-940x400.jpg 940w\" sizes=\"(max-width: 620px) 100vw, 620px\" \/><\/a><\/p>\n<p><span style=\"font-weight: 400;\">Adilson e a ACUCA continuam essa hist\u00f3ria de compet\u00eancia ambiental oferecendo visitas guiadas \u00e0 comunidade e ao parque estadual. Adilson insiste que os visitantes respeitem a reserva natural, e ele tem incont\u00e1veis hist\u00f3rias de pessoas desacompanhadas de guia contaminando o abastecimento de \u00e1gua e nadando no reservat\u00f3rio, ou de pretensos desbravadores precisando ser resgatados por ele e por outros membros da comunidade quando se aventuram fora das trilhas de mais de 12.500 hectares do parque. Como administradores das terras de seus ancestrais, a ACUCA regularmente sedia eventos de reflorestamento e limpeza do parque, o mais recente dos quais ocorreu em 5 de junho, em comemora\u00e7\u00e3o ao Dia Mundial do Meio Ambiente.<\/span><\/p>\n<p><span style=\"font-weight: 400;\">Camorim e Adilson s\u00e3o exemplos da complexidade da hist\u00f3ria da escravid\u00e3o, <\/span><a href=\"http:\/\/bit.ly\/1uqz3CW\" target=\"_blank\" rel=\"noopener\"><span style=\"font-weight: 400;\">ra\u00e7a<\/span><\/a><span style=\"font-weight: 400;\"> e<\/span><a href=\"http:\/\/bit.ly\/1KiFeTl\" target=\"_blank\" rel=\"noopener\"> <span style=\"font-weight: 400;\">racismo<\/span><\/a><span style=\"font-weight: 400;\"> no Brasil. Embora lamente intensamente o fato, Adilson n\u00e3o esconde que \u00e9 descendente de um <\/span><span style=\"font-weight: 400;\">capit\u00e3o do mato<\/span><span style=\"font-weight: 400;\">, frequentemente um homem negro ou mesti\u00e7o, encarregado de encontrar e devolver escravos fugidos. O bisav\u00f4 de Adilson, Caetano de Camorim, foi inclusive mencionado nas cr\u00f4nicas de Magalh\u00e3es Corr\u00eaa do in\u00edcio do s\u00e9culo 20, sobre as remotas Jacarepagu\u00e1 e Barra, <\/span><a href=\"http:\/\/bit.ly\/21o5Usr\"><i><span style=\"font-weight: 400;\">O Sert\u00e3o Carioca<\/span><\/i><\/a><span style=\"font-weight: 400;\">. \u201cInfelizmente, eu n\u00e3o gosto de falar sobre isso, mas est\u00e1 dentro da hist\u00f3ria, porque \u00e9 o negro que captura seu pr\u00f3prio irm\u00e3o pra ser a\u00e7oitado, mas infelizmente est\u00e1 na hist\u00f3ria. Ent\u00e3o hoje eu procuro mudar esse conceito, t\u00e1 dentro da minha hist\u00f3ria mas n\u00e3o faz parte da minha hist\u00f3ria esse conto&#8221;.\u00a0<\/span><\/p>\n<p><a href=\"http:\/\/rioonwatch.org.br\/wp-content\/uploads\/2016\/07\/Adilson.jpg\"><img loading=\"lazy\" decoding=\"async\" class=\"aligncenter wp-image-20733 size-medium\" title=\"Adilson Almeida do Camorim. Foto cedida por Adilson Almeida\" src=\"http:\/\/rioonwatch.org.br\/wp-content\/uploads\/2016\/07\/Adilson-620x615.jpg\" alt=\"Adilson\" width=\"620\" height=\"615\" srcset=\"https:\/\/rioonwatch.org.br\/wp-content\/uploads\/2016\/07\/Adilson-620x615.jpg 620w, https:\/\/rioonwatch.org.br\/wp-content\/uploads\/2016\/07\/Adilson-266x264.jpg 266w, https:\/\/rioonwatch.org.br\/wp-content\/uploads\/2016\/07\/Adilson-768x762.jpg 768w, https:\/\/rioonwatch.org.br\/wp-content\/uploads\/2016\/07\/Adilson.jpg 1000w\" sizes=\"(max-width: 620px) 100vw, 620px\" \/><\/a><\/p>\n<h3><b>Lutas atuais: burocracia<\/b><\/h3>\n<p><span style=\"font-weight: 400;\">Apesar dessa profunda conex\u00e3o hist\u00f3rica, cultural e ambiental com o territ\u00f3rio&#8211;todos elementos fortemente levados em conta para a determina\u00e7\u00e3o do status de quilombo&#8211;o Quilombo do Camorim ainda precisa obter o t\u00edtulo coletivo de suas terras. Em 2004, membros do Camorim solicitaram o reconhecimento como quilombo atrav\u00e9s do <\/span><a href=\"http:\/\/bit.ly\/1CjwG9S\"><span style=\"font-weight: 400;\">Instituto Nacional de Coloniza\u00e7\u00e3o e Reforma Agr\u00e1ria<\/span><\/a><span style=\"font-weight: 400;\"> (INCRA). \u201cO processo com o INCRA tem sido muito dif\u00edcil. Eu fui buscar informa\u00e7\u00e3o, e n\u00e3o havia muita orienta\u00e7\u00e3o\u201d, explica\u00a0Adilson Almeida.<\/span><\/p>\n<p><span style=\"font-weight: 400;\">Em 2003, um decreto presidencial dividiu o processo de reconhecimento do quilombo em duas etapas, envolvendo dois org\u00e3os governamentais independentes. Primeiramente, a <\/span><a href=\"http:\/\/bit.ly\/1lvai9x\" target=\"_blank\" rel=\"noopener\"><span style=\"font-weight: 400;\">Funda\u00e7\u00e3o Cultural Palmares<\/span><\/a><span style=\"font-weight: 400;\"> (FCP) deve registrar e reconhecer a autoidentifica\u00e7\u00e3o da comunidade como um quilombo. Em seguida, a comunidade inicia um longo processo junto ao INCRA para demarcar oficialmente a comunidade e o territ\u00f3rio, atrav\u00e9s de um relat\u00f3rio t\u00e9cnico conduzido por um antrop\u00f3logo, que pode levar de dois a mais de cinco anos para ser elaborado. Uma vez que o INCRA tenha verificado seus registros e aprovado a terra demarcada, o instituto inicia as negocia\u00e7\u00f5es para reaver a propriedade dos detentores privados que n\u00e3o se identificam com a comunidade quilombola.<\/span><\/p>\n<p><span style=\"font-weight: 400;\">Embora a ACUCA tenha ido diretamente ao INCRA em 2004, eles n\u00e3o estavam cientes de que precisavam primeiro obter o registro com a FCP, \u00a0em virtude de mudan\u00e7a burocr\u00e1tica e, por isso, o caso foi arquivado em 2009. A ACUCA s\u00f3 obteve o reconhecimento de quilombo pela FCP em 2014 e seu processo original de 2004 no INCRA foi recentemente reaberto, mas isso significa que dez anos se passaram antes que as reivindica\u00e7\u00f5es de Camorim fossem efetivamente acatadas pelo governo, devido \u00e0 falta de informa\u00e7\u00e3o acess\u00edvel e \u00e0 m\u00e1 gest\u00e3o.<\/span><\/p>\n<p><span style=\"font-weight: 400;\">Ainda que o INCRA tenha recentemente tomado medidas para informar melhor as comunidades quilombolas sobre seus direitos, mudan\u00e7as ministeriais no governo Michel Temer&#8211;como o fato de\u00a0parte do processo\u00a0de demarca\u00e7\u00e3o dos quilombos e processos de titula\u00e7\u00e3o terem sido\u00a0recentemente\u00a0<a href=\"http:\/\/bit.ly\/1OrEkcQ\">re-designados para a Casa Civil\u00a0em parceria com o INCRA<\/a>, e mudan\u00e7as no Minist\u00e9rio de Educa\u00e7\u00e3o que <a href=\"http:\/\/bit.ly\/1Xr8JdL\">poderiam afetar o j\u00e1 mal implementado ensino da hist\u00f3ria e cultura afro-brasileira<\/a>\u00a0nas escolas&#8211;<\/span><span style=\"font-weight: 400;\">deixaram muitos temerosos de que esses ganhos para a popula\u00e7\u00e3o negra no Brasil possam parar devido a uma burocracia confusa, ou de haver um retrocesso por a\u00e7\u00e3o de poderosos lobistas do setor agr\u00edcola e membros do governo interino, que se op\u00f5em ativamente aos direitos territoriais do quilombo.<\/span><\/p>\n<p><span style=\"font-weight: 400;\">Tempo \u00e9 essencial para as comunidades quilombolas, que enfrentam press\u00e3o externa e interna. Pouco tempo depois do Quilombo do Camorim ser reconhecido pela FCP em 2014, a\u00a0<\/span><span style=\"font-weight: 400;\">Living<\/span><span style=\"font-weight: 400;\">, uma subsidi\u00e1ria do grupo de constru\u00e7\u00e3o<\/span> <a href=\"http:\/\/bit.ly\/29Mdsoe\" target=\"_blank\" rel=\"noopener\"><span style=\"font-weight: 400;\">Cyrela<\/span><\/a><span style=\"font-weight: 400;\">, iniciou constru\u00e7\u00f5es na terra reivindicada pela comunidade. Os condom\u00ednios quase acabados abrigar\u00e3o os jornalistas internacionais durante a cobertura dos Jogos Ol\u00edmpicos do Rio 2016, antes de fazerem parte de um mercado imobili\u00e1rio que antecipou um aumento de aproximadamente 224% nos pre\u00e7os das casas na regi\u00e3o,\u00a0<\/span><a href=\"http:\/\/bit.ly\/1Yu7mdU\"><span style=\"font-weight: 400;\">conforme pesquisa<\/span><\/a><span style=\"font-weight: 400;\"> feita pelo <\/span><a href=\"http:\/\/bit.ly\/1Y51qWE\"><span style=\"font-weight: 400;\">Observat\u00f3rio das Metr\u00f3poles<\/span><\/a><span style=\"font-weight: 400;\">. Adilson admite que tentar nesse momento reivindicar o territ\u00f3rio seria uma \u00e1rdua batalha jur\u00eddica. Ao contr\u00e1rio, ele espera que o grupo Cyrela reconhe\u00e7a o quilombo e, de prefer\u00eancia, ofere\u00e7a um centro comunit\u00e1rio para as atividades e eventos da ACUCA, uma solicita\u00e7\u00e3o que a ACUCA fez ao Prefeito em fevereiro de 2014.<\/span><\/p>\n<p><a href=\"http:\/\/rioonwatch.org.br\/wp-content\/uploads\/2016\/07\/condos.jpg\"><img loading=\"lazy\" decoding=\"async\" class=\"aligncenter wp-image-20734 size-content\" title=\"Condom\u00ednio Camorim\" src=\"http:\/\/rioonwatch.org.br\/wp-content\/uploads\/2016\/07\/condos-620x264.jpg\" alt=\"condos\" width=\"620\" height=\"264\" srcset=\"https:\/\/rioonwatch.org.br\/wp-content\/uploads\/2016\/07\/condos-620x264.jpg 620w, https:\/\/rioonwatch.org.br\/wp-content\/uploads\/2016\/07\/condos-940x400.jpg 940w\" sizes=\"(max-width: 620px) 100vw, 620px\" \/><\/a><\/p>\n<p><span style=\"font-weight: 400;\">De fato, nenhum dos quilombos dentro do munic\u00edpio do Rio de Janeiro reconhecido pela Funda\u00e7\u00e3o Cultural Palmares&#8211;<\/span><a href=\"http:\/\/bit.ly\/VVrdp9\" target=\"_blank\" rel=\"noopener\"><span style=\"font-weight: 400;\">Quilombo Pedra do Sal<\/span><\/a><span style=\"font-weight: 400;\"> na\u00a0<\/span><a href=\"http:\/\/bit.ly\/1cVBDvL\" target=\"_blank\" rel=\"noopener\"><span style=\"font-weight: 400;\">Regi\u00e3o do Porto<\/span><\/a><span style=\"font-weight: 400;\">,\u00a0<\/span><a href=\"http:\/\/bit.ly\/1UkCFVs\"><span style=\"font-weight: 400;\">Quilombo Cafund\u00e1 Astrogilda<\/span><\/a><span style=\"font-weight: 400;\"> tamb\u00e9m no parque estadual Pedra Branca, pr\u00f3ximo \u00e0 Vargem Grande, e o<\/span> <a href=\"http:\/\/bit.ly\/1tBIocY\" target=\"_blank\" rel=\"noopener\"><span style=\"font-weight: 400;\">Quilombo Sacop\u00e3<\/span><\/a><span style=\"font-weight: 400;\"> na Lagoa,\u00a0<\/span><a href=\"http:\/\/bit.ly\/1mNsDyk\" target=\"_blank\" rel=\"noopener\"><span style=\"font-weight: 400;\">Zona Sul<\/span><\/a>&#8212;<span style=\"font-weight: 400;\">recebeu o t\u00edtulo coletivo integral para suas terras. Somente cerca de\u00a0<\/span><a href=\"http:\/\/bit.ly\/1UXBCrK\"><span style=\"font-weight: 400;\">10% dos mais de 2.800 quilombos reconhecidos<\/span><\/a><span style=\"font-weight: 400;\"> receberam a titula\u00e7\u00e3o completa. Aqueles que possuem o t\u00edtulo coletivo integral s\u00e3o predominantemente quilombos rurais, em parte devido \u00e0 percep\u00e7\u00e3o, que afeta tanto os grupos ind\u00edgenas como os afrodescendentes, de que o que \u00e9 tradicional \u00e9 necessariamente rural.<\/span><\/p>\n<p><span style=\"font-weight: 400;\">Devido ao semelhante esfor\u00e7o para obter reconhecimento de seus direitos, meios de subsist\u00eancia e sentido de pertencimento territorial, o Quilombo do Camorim tem apoiado a luta da Vila Aut\u00f3dromo contra\u00a0<\/span><a href=\"http:\/\/bit.ly\/X51Qvb\" target=\"_blank\" rel=\"noopener\"><span style=\"font-weight: 400;\">remo\u00e7\u00f5es<\/span><\/a><span style=\"font-weight: 400;\">\u00a0face \u00e0 constru\u00e7\u00e3o do Parque Ol\u00edmpico. Membros do grupo de capoeira do Camorim participaram da\u00a0<\/span><a href=\"http:\/\/bit.ly\/1NB3l2b\" target=\"_blank\" rel=\"noopener\"><span style=\"font-weight: 400;\">ocupa\u00e7\u00e3o cultural da Vila Aut\u00f3dromo<\/span><\/a><span style=\"font-weight: 400;\">,<\/span><span style=\"font-weight: 400;\"> em novembro de 2015.<\/span><\/p>\n<p><a href=\"http:\/\/rioonwatch.org.br\/wp-content\/uploads\/2016\/07\/Vila-capoeira.jpg\"><img loading=\"lazy\" decoding=\"async\" class=\"aligncenter wp-image-20735 size-content\" title=\"Capoeira por membros do Quilombo Camorim\" src=\"http:\/\/rioonwatch.org.br\/wp-content\/uploads\/2016\/07\/Vila-capoeira-620x264.jpg\" alt=\"Vila-capoeira\" width=\"620\" height=\"264\" srcset=\"https:\/\/rioonwatch.org.br\/wp-content\/uploads\/2016\/07\/Vila-capoeira-620x264.jpg 620w, https:\/\/rioonwatch.org.br\/wp-content\/uploads\/2016\/07\/Vila-capoeira-940x400.jpg 940w\" sizes=\"(max-width: 620px) 100vw, 620px\" \/><\/a><\/p>\n<p><span style=\"font-weight: 400;\">Adilson entende o senso de pertencimento territorial que muitos na Vila Aut\u00f3dromo tinham: \u201cO nosso pr\u00f3prio prefeito ao inv\u00e9s de preservar as estruturas que j\u00e1 existem, fez a remo\u00e7\u00e3o, e os levou para um local [<a href=\"http:\/\/bit.ly\/1rd8iG1\" target=\"_blank\" rel=\"noopener\">Parque Carioca<\/a>, habita\u00e7\u00e3o p\u00fablica pr\u00f3xima ao Camorim] totalmente distinto da realidade daquelas pessoas. Para n\u00f3s, representantes do Quilombo do Camorim, eles s\u00e3o irm\u00e3os e est\u00e3o dentro do nosso territ\u00f3rio. A gente tem que unir forcas pra lutar pela mesma proposta&#8221;.<\/span><span style=\"font-weight: 400;\"><br \/>\n<\/span><\/p>\n<h3><b>Futuro fragmentado<\/b><\/h3>\n<p><span style=\"font-weight: 400;\">A constru\u00e7\u00e3o de condom\u00ednios na \u00e1rea n\u00e3o \u00e9 um desenvolvimento recente. O crescimento de Jacarepagu\u00e1 e Barra da Tijuca, impulsionado pela especula\u00e7\u00e3o imobili\u00e1ria ao longo das \u00faltimas d\u00e9cadas, trouxe o estabelecimento de pessoas de fora do quilombo no cora\u00e7\u00e3o do quilombo, ao redor da igreja e nas \u00e1reas circundantes em condom\u00ednios fechados.<\/span><\/p>\n<p><span style=\"font-weight: 400;\">Esse crescimento, entretanto, trouxe novos protagonistas sociais como as igrejas evang\u00e9licas que <\/span><a href=\"http:\/\/glo.bo\/29uI9yZ\" target=\"_blank\" rel=\"noopener\"><span style=\"font-weight: 400;\">criaram divis\u00f5es<\/span><\/a><span style=\"font-weight: 400;\"> dentro da comunidade. Nos dias 28 e 29 de maio, a ACUCA realizou um evento convidando professores universit\u00e1rios, membros da comunidade e da igreja evang\u00e9lica&#8211;nenhum l\u00edder da igreja cat\u00f3lica participou, apesar de terem sido convidados&#8211;para discutir as tens\u00f5es na comunidade e as possibilidades de di\u00e1logo inter-religioso. Muitos quilombolas lamentaram que seus vizinhos e familiares tivessem se desassociado da\u00a0<\/span><a href=\"http:\/\/bit.ly\/1yrpObS\"><span style=\"font-weight: 400;\">i<\/span><\/a><a href=\"http:\/\/bit.ly\/1ruUDso\" target=\"_blank\" rel=\"noopener\"><span style=\"font-weight: 400;\">dentidade afro-brasileira<\/span><\/a><span style=\"font-weight: 400;\"> devido \u00e0 ideia de que a capoeira e o <\/span><a href=\"http:\/\/bit.ly\/1GeUJJE\"><span style=\"font-weight: 400;\">Candombl\u00e9<\/span><\/a><span style=\"font-weight: 400;\"> s\u00e3o \u201cmacumbas\u201d ou \u201cbruxarias\u201d.<\/span> <a href=\"http:\/\/bit.ly\/1UOUNIr\" target=\"_blank\" rel=\"noopener\"><span style=\"font-weight: 400;\">Heloisa Helena Costa Berto<\/span><\/a><span style=\"font-weight: 400;\">, uma praticante do Candombl\u00e9 cuja <\/span><a href=\"http:\/\/bit.ly\/1WLtygo\" target=\"_blank\" rel=\"noopener\"><span style=\"font-weight: 400;\">casa e centro espiritual na Vila Aut\u00f3dromo foram demolidos<\/span><\/a><span style=\"font-weight: 400;\">, participou do evento e externou o sentimento de estar no ostracismo na regi\u00e3o, devido ao seu papel de l\u00edder espiritual, e<\/span> <a href=\"http:\/\/bit.ly\/1sAPmCV\" target=\"_blank\" rel=\"noopener\"><span style=\"font-weight: 400;\">defendeu a moradia e os direitos religiosos dos afro-brasileiros<\/span><\/a><span style=\"font-weight: 400;\">.<\/span><\/p>\n<p><span style=\"font-weight: 400;\">De acordo com Adilson, aqueles que participam das atividades e eventos culturais da ACUCA, normalmente, s\u00e3o mais de condom\u00ednios pr\u00f3ximos do que da pr\u00f3pria comunidade. Adilson estima que somente\u00a0<\/span><a href=\"http:\/\/glo.bo\/1cees27\"><span style=\"font-weight: 400;\">20 a 30 fam\u00edlias<\/span><\/a>\u00a0<span style=\"font-weight: 400;\">dentro do territ\u00f3rio do quilombo se identificam como quilombola. Rosilane, filha de Adilson, que tamb\u00e9m atua como vice-presidente da ACUCA, reconhece o papel de seu pai como uma enciclop\u00e9dia viva para a comunidade: \u201cEu preciso aprender mais. Ele sabe tudo e \u00e9 importante para a comunidade aprender a nossa hist\u00f3ria\u201d.<\/span><span style=\"font-weight: 400;\"><br \/>\n<\/span><\/p>\n<p><span style=\"font-weight: 400;\">Adilson\u00a0entende sua miss\u00e3o como sendo um dos que podem deixar um legado de resist\u00eancia hist\u00f3rica e cultural afro-brasileira para a juventude, n\u00e3o s\u00f3 do Quilombo do Camorim, mas do Rio e do Brasil:<\/span><\/p>\n<blockquote><p>\u201c<span style=\"font-weight: 400;\">N\u00f3s criamos uma coreografia e a nomeamos sankofa. Sankofa \u00e9 um p\u00e1ssaro [que significa\/representa] voltar ao passado, buscar as origens, aprender as coisas boas e trazer para o presente, construir um futuro melhor&#8230; esse legado \u00e9 para as crian\u00e7as, elas t\u00eam que conhecer a pr\u00f3pria origem, porque faz parte do descobrimento do Brasil. Nessa parte da floresta, que a gente v\u00ea aqui, existe um povo que realmente lutou para preservar, que sofreram, muitos morreram a\u00e7oitados, e hoje n\u00f3s temos esse \u00edcone da cultural ambiental.&#8221;\u00a0<\/span><\/p><\/blockquote>\n<p><span style=\"font-weight: 400;\">Apesar de um centro cultural n\u00e3o restaurar o territ\u00f3rio que aquela comunidade j\u00e1 perdeu, ele pode servir para preservar a riqueza hist\u00f3rica, cultural, ambiental e pol\u00edtica que o Quilombo do Camorim tem cultivado por gera\u00e7\u00f5es.<\/span><\/p>\n<p><i><span style=\"font-weight: 400;\">Stephanie Reist est\u00e1 pleiteando um Mestrado em Pol\u00edticas P\u00fablicas e um doutorado em Estudos Latino-Americanos na Universidade de Duke, EUA. Sua pesquisa analisa a din\u00e2mica centro-periferia, pertencimento, cidadania e direitos sobre a terra em favelas e quilombos do Rio de Janeiro.<\/span><\/i><\/p>\n<!-- AddThis Advanced Settings generic via filter on the_content --><!-- AddThis Share Buttons generic via filter on the_content -->","protected":false},"excerpt":{"rendered":"<div class=\"mh-excerpt\"><p>Click Here for English \u201c\u00c9ramos um quilombo rural que virou um quilombo urbano\u201d, Adilson Batista Almeida explica como ele descreve o\u00a0Quilombo do Camorim do Maci\u00e7o da Pedra Branca, em Jacarepagu\u00e1, uma \u00e1rea na Zona Oeste <a class=\"mh-excerpt-more\" href=\"https:\/\/rioonwatch.org.br\/?p=20726\" title=\"Quilombo do Camorim: Uma Hist\u00f3ria de Preserva\u00e7\u00e3o e Resist\u00eancia\">[&#8230;]<\/a><!-- AddThis Advanced Settings generic via filter on get_the_excerpt --><!-- AddThis Share Buttons generic via filter on get_the_excerpt --><\/p>\n<\/div>","protected":false},"author":129,"featured_media":20728,"comment_status":"closed","ping_status":"closed","sticky":false,"template":"","format":"standard","meta":{"_acf_changed":false,"_monsterinsights_skip_tracking":false,"_monsterinsights_sitenote_active":false,"_monsterinsights_sitenote_note":"","_monsterinsights_sitenote_category":0,"footnotes":""},"categories":[1617,1621,1629,1626,344,1612,1639],"tags":[127,274,921,81,513,424,363,514,396,1447,128,447,296,1240,106,78,567,1740,432,184],"writer":[1577],"translator":[1872],"source":[],"ilustrador":[],"fotografo":[],"class_list":{"0":"post-20726","1":"post","2":"type-post","3":"status-publish","4":"format-standard","5":"has-post-thumbnail","7":"category-olhonagentrificacao","8":"category-destaque","9":"category-entrevistas-e-perfis","10":"category-por-observadores-internacionais","11":"category-politicas","12":"category-sociedade-civil","13":"category-sustentabilidade","14":"tag-alto-camorim","15":"tag-barra-da-tijuca","16":"tag-capoeira","17":"tag-cultura","18":"tag-cultura-afro-brasileira","19":"tag-direito-a-moradia","20":"tag-educacao-ambiental","21":"tag-escravidao","22":"tag-especulacao-imobiliaria","23":"tag-favela-tour","24":"tag-historia","25":"tag-jacarepagua","26":"tag-mata-atlantica","27":"tag-megaeventos","28":"tag-meio-ambiente","29":"tag-olimpiadas","30":"tag-quilombo","31":"tag-quilombo-do-camorim","32":"tag-resistencia","33":"tag-zona-oeste","34":"writer-stephanie-reist","35":"translator-ligia-ribeiro"},"acf":[],"yoast_head":"<!-- This site is optimized with the Yoast SEO plugin v25.6 - https:\/\/yoast.com\/wordpress\/plugins\/seo\/ -->\n<title>Quilombo do Camorim: Uma Hist\u00f3ria de Preserva\u00e7\u00e3o e Resist\u00eancia - RioOnWatch<\/title>\n<meta name=\"robots\" content=\"index, follow, max-snippet:-1, max-image-preview:large, max-video-preview:-1\" \/>\n<link rel=\"canonical\" href=\"https:\/\/rioonwatch.org.br\/?p=20726\" \/>\n<meta property=\"og:locale\" content=\"pt_BR\" \/>\n<meta property=\"og:type\" content=\"article\" \/>\n<meta property=\"og:title\" content=\"Quilombo do Camorim: Uma Hist\u00f3ria de Preserva\u00e7\u00e3o e Resist\u00eancia - RioOnWatch\" \/>\n<meta property=\"og:description\" content=\"Click Here for English \u201c\u00c9ramos um quilombo rural que virou um quilombo urbano\u201d, Adilson Batista Almeida explica como ele descreve o\u00a0Quilombo do Camorim do Maci\u00e7o da Pedra Branca, em Jacarepagu\u00e1, uma \u00e1rea na Zona Oeste [...]\" \/>\n<meta property=\"og:url\" content=\"https:\/\/rioonwatch.org.br\/?p=20726\" \/>\n<meta property=\"og:site_name\" content=\"RioOnWatch\" \/>\n<meta property=\"article:published_time\" content=\"2016-07-13T11:38:59+00:00\" \/>\n<meta property=\"article:modified_time\" content=\"2024-06-20T19:26:44+00:00\" \/>\n<meta property=\"og:image\" content=\"https:\/\/rioonwatch.org.br\/wp-content\/uploads\/2016\/07\/Sankofa.jpg\" \/>\n\t<meta property=\"og:image:width\" content=\"2000\" \/>\n\t<meta property=\"og:image:height\" content=\"1333\" \/>\n\t<meta property=\"og:image:type\" content=\"image\/jpeg\" \/>\n<meta name=\"author\" content=\"Admin\" \/>\n<meta name=\"twitter:card\" content=\"summary_large_image\" \/>\n<meta name=\"twitter:label1\" content=\"Escrito por\" \/>\n\t<meta name=\"twitter:data1\" content=\"Admin\" \/>\n\t<meta name=\"twitter:label2\" content=\"Est. tempo de leitura\" \/>\n\t<meta name=\"twitter:data2\" content=\"11 minutos\" \/>\n<script type=\"application\/ld+json\" class=\"yoast-schema-graph\">{\"@context\":\"https:\/\/schema.org\",\"@graph\":[{\"@type\":\"Article\",\"@id\":\"https:\/\/rioonwatch.org.br\/?p=20726#article\",\"isPartOf\":{\"@id\":\"https:\/\/rioonwatch.org.br\/?p=20726\"},\"author\":{\"name\":\"Admin\",\"@id\":\"https:\/\/rioonwatch.org.br\/#\/schema\/person\/11d64c290506f9df50c71b850c473f68\"},\"headline\":\"Quilombo do Camorim: Uma Hist\u00f3ria de Preserva\u00e7\u00e3o e Resist\u00eancia\",\"datePublished\":\"2016-07-13T11:38:59+00:00\",\"dateModified\":\"2024-06-20T19:26:44+00:00\",\"mainEntityOfPage\":{\"@id\":\"https:\/\/rioonwatch.org.br\/?p=20726\"},\"wordCount\":2258,\"publisher\":{\"@id\":\"https:\/\/rioonwatch.org.br\/#organization\"},\"image\":{\"@id\":\"https:\/\/rioonwatch.org.br\/?p=20726#primaryimage\"},\"thumbnailUrl\":\"https:\/\/rioonwatch.org.br\/wp-content\/uploads\/2016\/07\/Sankofa.jpg\",\"keywords\":[\"Alto Camorim\",\"Barra da Tijuca\",\"capoeira\",\"cultura\",\"Cultura Afro-brasileira\",\"Direito \u00e0 Moradia\",\"educa\u00e7\u00e3o ambiental\",\"escravid\u00e3o\",\"especula\u00e7\u00e3o imobili\u00e1ria\",\"Favela Tours Comunit\u00e1rios\",\"hist\u00f3ria\",\"Jacarepagu\u00e1\",\"Mata Atl\u00e2ntica\",\"Megaeventos\",\"meio ambiente\",\"Olimp\u00edadas\",\"Quilombo\",\"Quilombo do Camorim\",\"resist\u00eancia\",\"Zona Oeste\"],\"articleSection\":[\"#OlhoNaGentrifica\u00e7\u00e3o\",\"*Destaque\",\"Entrevistas e Perfis\",\"Escrito por Aliados\",\"Pol\u00edticas\",\"Sociedade Civil\",\"Sustentabilidade\"],\"inLanguage\":\"pt-BR\"},{\"@type\":\"WebPage\",\"@id\":\"https:\/\/rioonwatch.org.br\/?p=20726\",\"url\":\"https:\/\/rioonwatch.org.br\/?p=20726\",\"name\":\"Quilombo do Camorim: Uma Hist\u00f3ria de Preserva\u00e7\u00e3o e Resist\u00eancia - RioOnWatch\",\"isPartOf\":{\"@id\":\"https:\/\/rioonwatch.org.br\/#website\"},\"primaryImageOfPage\":{\"@id\":\"https:\/\/rioonwatch.org.br\/?p=20726#primaryimage\"},\"image\":{\"@id\":\"https:\/\/rioonwatch.org.br\/?p=20726#primaryimage\"},\"thumbnailUrl\":\"https:\/\/rioonwatch.org.br\/wp-content\/uploads\/2016\/07\/Sankofa.jpg\",\"datePublished\":\"2016-07-13T11:38:59+00:00\",\"dateModified\":\"2024-06-20T19:26:44+00:00\",\"breadcrumb\":{\"@id\":\"https:\/\/rioonwatch.org.br\/?p=20726#breadcrumb\"},\"inLanguage\":\"pt-BR\",\"potentialAction\":[{\"@type\":\"ReadAction\",\"target\":[\"https:\/\/rioonwatch.org.br\/?p=20726\"]}]},{\"@type\":\"ImageObject\",\"inLanguage\":\"pt-BR\",\"@id\":\"https:\/\/rioonwatch.org.br\/?p=20726#primaryimage\",\"url\":\"https:\/\/rioonwatch.org.br\/wp-content\/uploads\/2016\/07\/Sankofa.jpg\",\"contentUrl\":\"https:\/\/rioonwatch.org.br\/wp-content\/uploads\/2016\/07\/Sankofa.jpg\",\"width\":2000,\"height\":1333},{\"@type\":\"BreadcrumbList\",\"@id\":\"https:\/\/rioonwatch.org.br\/?p=20726#breadcrumb\",\"itemListElement\":[{\"@type\":\"ListItem\",\"position\":1,\"name\":\"In\u00edcio\",\"item\":\"https:\/\/rioonwatch.org.br\/\"},{\"@type\":\"ListItem\",\"position\":2,\"name\":\"Quilombo do Camorim: Uma Hist\u00f3ria de Preserva\u00e7\u00e3o e Resist\u00eancia\"}]},{\"@type\":\"WebSite\",\"@id\":\"https:\/\/rioonwatch.org.br\/#website\",\"url\":\"https:\/\/rioonwatch.org.br\/\",\"name\":\"RioOnWatch\",\"description\":\"relatos das favelas cariocas\",\"publisher\":{\"@id\":\"https:\/\/rioonwatch.org.br\/#organization\"},\"potentialAction\":[{\"@type\":\"SearchAction\",\"target\":{\"@type\":\"EntryPoint\",\"urlTemplate\":\"https:\/\/rioonwatch.org.br\/?s={search_term_string}\"},\"query-input\":{\"@type\":\"PropertyValueSpecification\",\"valueRequired\":true,\"valueName\":\"search_term_string\"}}],\"inLanguage\":\"pt-BR\"},{\"@type\":\"Organization\",\"@id\":\"https:\/\/rioonwatch.org.br\/#organization\",\"name\":\"RioOnWatch\",\"url\":\"https:\/\/rioonwatch.org.br\/\",\"logo\":{\"@type\":\"ImageObject\",\"inLanguage\":\"pt-BR\",\"@id\":\"https:\/\/rioonwatch.org.br\/#\/schema\/logo\/image\/\",\"url\":\"https:\/\/rioonwatch.org.br\/wp-content\/uploads\/2021\/06\/RioOnWatchcabecalhoPT11anos-2.png\",\"contentUrl\":\"https:\/\/rioonwatch.org.br\/wp-content\/uploads\/2021\/06\/RioOnWatchcabecalhoPT11anos-2.png\",\"width\":779,\"height\":277,\"caption\":\"RioOnWatch\"},\"image\":{\"@id\":\"https:\/\/rioonwatch.org.br\/#\/schema\/logo\/image\/\"}},{\"@type\":\"Person\",\"@id\":\"https:\/\/rioonwatch.org.br\/#\/schema\/person\/11d64c290506f9df50c71b850c473f68\",\"name\":\"Admin\",\"image\":{\"@type\":\"ImageObject\",\"inLanguage\":\"pt-BR\",\"@id\":\"https:\/\/rioonwatch.org.br\/#\/schema\/person\/image\/\",\"url\":\"https:\/\/secure.gravatar.com\/avatar\/56211ac74568383903349a1485e3c325?s=96&d=blank&r=g\",\"contentUrl\":\"https:\/\/secure.gravatar.com\/avatar\/56211ac74568383903349a1485e3c325?s=96&d=blank&r=g\",\"caption\":\"Admin\"},\"url\":\"https:\/\/rioonwatch.org.br\/?author=129\"}]}<\/script>\n<!-- \/ Yoast SEO plugin. -->","yoast_head_json":{"title":"Quilombo do Camorim: Uma Hist\u00f3ria de Preserva\u00e7\u00e3o e Resist\u00eancia - RioOnWatch","robots":{"index":"index","follow":"follow","max-snippet":"max-snippet:-1","max-image-preview":"max-image-preview:large","max-video-preview":"max-video-preview:-1"},"canonical":"https:\/\/rioonwatch.org.br\/?p=20726","og_locale":"pt_BR","og_type":"article","og_title":"Quilombo do Camorim: Uma Hist\u00f3ria de Preserva\u00e7\u00e3o e Resist\u00eancia - RioOnWatch","og_description":"Click Here for English \u201c\u00c9ramos um quilombo rural que virou um quilombo urbano\u201d, Adilson Batista Almeida explica como ele descreve o\u00a0Quilombo do Camorim do Maci\u00e7o da Pedra Branca, em Jacarepagu\u00e1, uma \u00e1rea na Zona Oeste [...]","og_url":"https:\/\/rioonwatch.org.br\/?p=20726","og_site_name":"RioOnWatch","article_published_time":"2016-07-13T11:38:59+00:00","article_modified_time":"2024-06-20T19:26:44+00:00","og_image":[{"width":2000,"height":1333,"url":"https:\/\/rioonwatch.org.br\/wp-content\/uploads\/2016\/07\/Sankofa.jpg","type":"image\/jpeg"}],"author":"Admin","twitter_card":"summary_large_image","twitter_misc":{"Escrito por":"Admin","Est. tempo de leitura":"11 minutos"},"schema":{"@context":"https:\/\/schema.org","@graph":[{"@type":"Article","@id":"https:\/\/rioonwatch.org.br\/?p=20726#article","isPartOf":{"@id":"https:\/\/rioonwatch.org.br\/?p=20726"},"author":{"name":"Admin","@id":"https:\/\/rioonwatch.org.br\/#\/schema\/person\/11d64c290506f9df50c71b850c473f68"},"headline":"Quilombo do Camorim: Uma Hist\u00f3ria de Preserva\u00e7\u00e3o e Resist\u00eancia","datePublished":"2016-07-13T11:38:59+00:00","dateModified":"2024-06-20T19:26:44+00:00","mainEntityOfPage":{"@id":"https:\/\/rioonwatch.org.br\/?p=20726"},"wordCount":2258,"publisher":{"@id":"https:\/\/rioonwatch.org.br\/#organization"},"image":{"@id":"https:\/\/rioonwatch.org.br\/?p=20726#primaryimage"},"thumbnailUrl":"https:\/\/rioonwatch.org.br\/wp-content\/uploads\/2016\/07\/Sankofa.jpg","keywords":["Alto Camorim","Barra da Tijuca","capoeira","cultura","Cultura Afro-brasileira","Direito \u00e0 Moradia","educa\u00e7\u00e3o ambiental","escravid\u00e3o","especula\u00e7\u00e3o imobili\u00e1ria","Favela Tours Comunit\u00e1rios","hist\u00f3ria","Jacarepagu\u00e1","Mata Atl\u00e2ntica","Megaeventos","meio ambiente","Olimp\u00edadas","Quilombo","Quilombo do Camorim","resist\u00eancia","Zona Oeste"],"articleSection":["#OlhoNaGentrifica\u00e7\u00e3o","*Destaque","Entrevistas e Perfis","Escrito por Aliados","Pol\u00edticas","Sociedade Civil","Sustentabilidade"],"inLanguage":"pt-BR"},{"@type":"WebPage","@id":"https:\/\/rioonwatch.org.br\/?p=20726","url":"https:\/\/rioonwatch.org.br\/?p=20726","name":"Quilombo do Camorim: Uma Hist\u00f3ria de Preserva\u00e7\u00e3o e Resist\u00eancia - RioOnWatch","isPartOf":{"@id":"https:\/\/rioonwatch.org.br\/#website"},"primaryImageOfPage":{"@id":"https:\/\/rioonwatch.org.br\/?p=20726#primaryimage"},"image":{"@id":"https:\/\/rioonwatch.org.br\/?p=20726#primaryimage"},"thumbnailUrl":"https:\/\/rioonwatch.org.br\/wp-content\/uploads\/2016\/07\/Sankofa.jpg","datePublished":"2016-07-13T11:38:59+00:00","dateModified":"2024-06-20T19:26:44+00:00","breadcrumb":{"@id":"https:\/\/rioonwatch.org.br\/?p=20726#breadcrumb"},"inLanguage":"pt-BR","potentialAction":[{"@type":"ReadAction","target":["https:\/\/rioonwatch.org.br\/?p=20726"]}]},{"@type":"ImageObject","inLanguage":"pt-BR","@id":"https:\/\/rioonwatch.org.br\/?p=20726#primaryimage","url":"https:\/\/rioonwatch.org.br\/wp-content\/uploads\/2016\/07\/Sankofa.jpg","contentUrl":"https:\/\/rioonwatch.org.br\/wp-content\/uploads\/2016\/07\/Sankofa.jpg","width":2000,"height":1333},{"@type":"BreadcrumbList","@id":"https:\/\/rioonwatch.org.br\/?p=20726#breadcrumb","itemListElement":[{"@type":"ListItem","position":1,"name":"In\u00edcio","item":"https:\/\/rioonwatch.org.br\/"},{"@type":"ListItem","position":2,"name":"Quilombo do Camorim: Uma Hist\u00f3ria de Preserva\u00e7\u00e3o e Resist\u00eancia"}]},{"@type":"WebSite","@id":"https:\/\/rioonwatch.org.br\/#website","url":"https:\/\/rioonwatch.org.br\/","name":"RioOnWatch","description":"relatos das favelas cariocas","publisher":{"@id":"https:\/\/rioonwatch.org.br\/#organization"},"potentialAction":[{"@type":"SearchAction","target":{"@type":"EntryPoint","urlTemplate":"https:\/\/rioonwatch.org.br\/?s={search_term_string}"},"query-input":{"@type":"PropertyValueSpecification","valueRequired":true,"valueName":"search_term_string"}}],"inLanguage":"pt-BR"},{"@type":"Organization","@id":"https:\/\/rioonwatch.org.br\/#organization","name":"RioOnWatch","url":"https:\/\/rioonwatch.org.br\/","logo":{"@type":"ImageObject","inLanguage":"pt-BR","@id":"https:\/\/rioonwatch.org.br\/#\/schema\/logo\/image\/","url":"https:\/\/rioonwatch.org.br\/wp-content\/uploads\/2021\/06\/RioOnWatchcabecalhoPT11anos-2.png","contentUrl":"https:\/\/rioonwatch.org.br\/wp-content\/uploads\/2021\/06\/RioOnWatchcabecalhoPT11anos-2.png","width":779,"height":277,"caption":"RioOnWatch"},"image":{"@id":"https:\/\/rioonwatch.org.br\/#\/schema\/logo\/image\/"}},{"@type":"Person","@id":"https:\/\/rioonwatch.org.br\/#\/schema\/person\/11d64c290506f9df50c71b850c473f68","name":"Admin","image":{"@type":"ImageObject","inLanguage":"pt-BR","@id":"https:\/\/rioonwatch.org.br\/#\/schema\/person\/image\/","url":"https:\/\/secure.gravatar.com\/avatar\/56211ac74568383903349a1485e3c325?s=96&d=blank&r=g","contentUrl":"https:\/\/secure.gravatar.com\/avatar\/56211ac74568383903349a1485e3c325?s=96&d=blank&r=g","caption":"Admin"},"url":"https:\/\/rioonwatch.org.br\/?author=129"}]}},"_links":{"self":[{"href":"https:\/\/rioonwatch.org.br\/index.php?rest_route=\/wp\/v2\/posts\/20726"}],"collection":[{"href":"https:\/\/rioonwatch.org.br\/index.php?rest_route=\/wp\/v2\/posts"}],"about":[{"href":"https:\/\/rioonwatch.org.br\/index.php?rest_route=\/wp\/v2\/types\/post"}],"author":[{"embeddable":true,"href":"https:\/\/rioonwatch.org.br\/index.php?rest_route=\/wp\/v2\/users\/129"}],"replies":[{"embeddable":true,"href":"https:\/\/rioonwatch.org.br\/index.php?rest_route=%2Fwp%2Fv2%2Fcomments&post=20726"}],"version-history":[{"count":12,"href":"https:\/\/rioonwatch.org.br\/index.php?rest_route=\/wp\/v2\/posts\/20726\/revisions"}],"predecessor-version":[{"id":74356,"href":"https:\/\/rioonwatch.org.br\/index.php?rest_route=\/wp\/v2\/posts\/20726\/revisions\/74356"}],"wp:featuredmedia":[{"embeddable":true,"href":"https:\/\/rioonwatch.org.br\/index.php?rest_route=\/wp\/v2\/media\/20728"}],"wp:attachment":[{"href":"https:\/\/rioonwatch.org.br\/index.php?rest_route=%2Fwp%2Fv2%2Fmedia&parent=20726"}],"wp:term":[{"taxonomy":"category","embeddable":true,"href":"https:\/\/rioonwatch.org.br\/index.php?rest_route=%2Fwp%2Fv2%2Fcategories&post=20726"},{"taxonomy":"post_tag","embeddable":true,"href":"https:\/\/rioonwatch.org.br\/index.php?rest_route=%2Fwp%2Fv2%2Ftags&post=20726"},{"taxonomy":"writer","embeddable":true,"href":"https:\/\/rioonwatch.org.br\/index.php?rest_route=%2Fwp%2Fv2%2Fwriter&post=20726"},{"taxonomy":"translator","embeddable":true,"href":"https:\/\/rioonwatch.org.br\/index.php?rest_route=%2Fwp%2Fv2%2Ftranslator&post=20726"},{"taxonomy":"source","embeddable":true,"href":"https:\/\/rioonwatch.org.br\/index.php?rest_route=%2Fwp%2Fv2%2Fsource&post=20726"},{"taxonomy":"ilustrador","embeddable":true,"href":"https:\/\/rioonwatch.org.br\/index.php?rest_route=%2Fwp%2Fv2%2Filustrador&post=20726"},{"taxonomy":"fotografo","embeddable":true,"href":"https:\/\/rioonwatch.org.br\/index.php?rest_route=%2Fwp%2Fv2%2Ffotografo&post=20726"}],"curies":[{"name":"wp","href":"https:\/\/api.w.org\/{rel}","templated":true}]}}