{"id":20761,"date":"2016-07-14T10:00:33","date_gmt":"2016-07-14T13:00:33","guid":{"rendered":"http:\/\/rioonwatch.org.br\/?p=20761"},"modified":"2024-05-24T12:41:02","modified_gmt":"2024-05-24T15:41:02","slug":"no-brasil-como-nos-eua-homens-negros-sao-mortos-e-mulheres-negras-lutam-contra-a-violencia-policial","status":"publish","type":"post","link":"https:\/\/rioonwatch.org.br\/?p=20761","title":{"rendered":"No Brasil e EUA: Homens Negros S\u00e3o Mortos e Mulheres Negras Lutam Contra Viol\u00eancia Policial"},"content":{"rendered":"<p style=\"text-align: right;\"><em><strong><a href=\"http:\/\/bit.ly\/29tM7HQ\" target=\"_blank\" rel=\"noopener\">Click Here for English<img decoding=\"async\" width=\"20\" height=\"20\" class=\"alignright wp-image-15790\" src=\"http:\/\/rioonwatch.org.br\/wp-content\/uploads\/2012\/08\/EN-standard-e1439583104716.jpg\" alt=\"\" \/><\/a><\/strong><\/em><\/p>\n<p>Nas favelas do Rio de Janeiro, a pol\u00edcia n\u00e3o precisa alegar que suas v\u00edtimas possuem armas para justificar as execu\u00e7\u00f5es extrajudiciais, em sua maioria de pobres e negros. Jhonata Dalber Matos Alves de 16 anos nascido na favela do <a href=\"http:\/\/bit.ly\/ZKW86Q\" target=\"_blank\" rel=\"noopener\">Borel<\/a> na <a href=\"http:\/\/bit.ly\/WximDf\" target=\"_blank\" rel=\"noopener\">Zona Norte<\/a> do Rio <a href=\"http:\/\/glo.bo\/29IgwDe\" target=\"_blank\" rel=\"noopener\">foi baleado na cabe\u00e7a pela Pol\u00edcia Militar<\/a>\u00a0no dia 30 de junho por, supostamente, estar segurando uma sacola com drogas. Eles n\u00e3o alegaram que ele estava armado, apenas que possu\u00eda drogas. Fam\u00edlia e amigos contestam essa alega\u00e7\u00e3o, e no funeral o <a href=\"http:\/\/glo.bo\/29ykgYx\" target=\"_blank\" rel=\"noopener\">av\u00f4 de Jhonata jogou um saco de pipoca<\/a> no caix\u00e3o em um ato po\u00e9tico de desafio e luto: \u201cAqui est\u00e3o as drogas que meu neto usou&#8221;.<\/p>\n<p>De acordo com um ditado popular: \u201cSe voc\u00ea quer saber quem \u00e9 negro, pergunte a um porteiro ou a um policial&#8221;. <a href=\"http:\/\/bit.ly\/1T41p1g\" target=\"_blank\" rel=\"noopener\">A miscigena\u00e7\u00e3o racial e a falta de leis expl\u00edcitas de apartheid<\/a> t\u00eam permitido que as elites brasileiras promovam o <a href=\"http:\/\/bit.ly\/1OOlg7r\" target=\"_blank\" rel=\"noopener\">mito da democracia racial<\/a>. <a href=\"http:\/\/bit.ly\/29HMyhG\" target=\"_blank\" rel=\"noopener\">A\u00e7\u00f5es afirmativas<\/a> e pol\u00edticas anti-discrimina\u00e7\u00e3o, apesar de serem mantidas pela Suprema Corte Brasileira, s\u00e3o muitas vezes pintadas como uma importa\u00e7\u00e3o americana inclinada a incitar a desconfian\u00e7a racial e a <a href=\"http:\/\/bit.ly\/1wLR1Ef\" target=\"_blank\" rel=\"noopener\">viol\u00eancia<\/a>. Embora as fronteiras entre <a href=\"http:\/\/bit.ly\/1syt64v\" target=\"_blank\" rel=\"noopener\">brancos e negros<\/a> <a href=\"http:\/\/bit.ly\/1W1XupZ\" target=\"_blank\" rel=\"noopener\">n\u00e3o sejam t\u00e3o claras<\/a> como s\u00e3o nos EUA, a pol\u00edcia brasileira mata mais de <a href=\"http:\/\/bit.ly\/29Q4NQl\" target=\"_blank\" rel=\"noopener\">2000 pessoas por ano<\/a>, cuja maioria s\u00e3o pobres e negros. Devido aos altos \u00edndices&#8211;os quais testemunhas e moradores locais acreditam ser de <a href=\"http:\/\/bit.ly\/29qGdEO\" target=\"_blank\" rel=\"noopener\">execu\u00e7\u00f5es sum\u00e1rias<\/a>&#8211;muitos chamam a viol\u00eancia policial contra os pobres e negros brasileiros de <a href=\"http:\/\/bit.ly\/29zAAs7\" target=\"_blank\" rel=\"noopener\">genoc\u00eddio<\/a>. Grupos defensores dos <a href=\"http:\/\/bit.ly\/29xUrrq\" target=\"_blank\" rel=\"noopener\">direitos humanos<\/a> e <a href=\"http:\/\/bit.ly\/28LnLJF\" target=\"_blank\" rel=\"noopener\">ativistas<\/a> est\u00e3o atualmente documentando que a prepara\u00e7\u00e3o para as <a href=\"http:\/\/bit.ly\/PkLXlQ\" target=\"_blank\" rel=\"noopener\">Olimp\u00edadas<\/a>&#8211;que est\u00e1 a menos de um m\u00eas de dist\u00e2ncia&#8211;<a href=\"http:\/\/bit.ly\/29Dz2x9\" target=\"_blank\" rel=\"noopener\">estimula ainda mais a viol\u00eancia policial<\/a> nas favelas do Rio, devido \u00e0 tentativa das autoridades de seguran\u00e7a p\u00fablica de tornar os Jogos seguros para os turistas, em um Estado que j\u00e1 possui uma das <a href=\"http:\/\/glo.bo\/29KRvEz\" target=\"_blank\" rel=\"noopener\">taxas mais altas de mortes por policiais<\/a>.<\/p>\n<p><span style=\"font-weight: 400;\">As mortes causadas por policiais no Brasil superam as nos EUA, apesar de, dos <a href=\"http:\/\/bit.ly\/29JtL4y\" target=\"_blank\" rel=\"noopener\">990 mortos pela pol\u00edcia nos EUA em 2015<\/a>, homens negros desarmados <a href=\"http:\/\/wapo.st\/2a3BSau\" target=\"_blank\" rel=\"noopener\">corresponderam a cerca de 40% das v\u00edtimas<\/a> e, considerando a popula\u00e7\u00e3o, foram sete vezes mais propensos do que os homens brancos desarmados a serem fatalmente baleados pela pol\u00edcia. <\/span><\/p>\n<p><span style=\"font-weight: 400;\">A pol\u00edcia <a href=\"http:\/\/bit.ly\/1NST6ag\" target=\"_blank\" rel=\"noopener\">brasileira<\/a>\u00a0e a <a href=\"http:\/\/bit.ly\/29CXSLI\" target=\"_blank\" rel=\"noopener\">norte-americana<\/a> t\u00eam muito em comum. <a href=\"http:\/\/bit.ly\/29Ovo1z\" target=\"_blank\" rel=\"noopener\">Ambas est\u00e3o travando uma guerra cada vez mais militarizada<\/a> <a href=\"http:\/\/bit.ly\/1TkAKCu\" target=\"_blank\" rel=\"noopener\">contra as drogas<\/a> que, apesar do n\u00edvel semelhante de uso entre as ra\u00e7as, <a href=\"http:\/\/bit.ly\/29EgGXp\" target=\"_blank\" rel=\"noopener\">aprisiona<\/a> e <a href=\"http:\/\/bit.ly\/29DfNCm\" target=\"_blank\" rel=\"noopener\">mata em grande parte jovens negros<\/a>. E em ambos os pa\u00edses a cultura de impunidade da pol\u00edcia levou a altos n\u00edveis de desconfian\u00e7a entre a pol\u00edcia e comunidades predominantemente negras. Um relat\u00f3rio recente da Human Rights Watch sobre o Rio, <a href=\"http:\/\/bit.ly\/29qGdEO\" target=\"_blank\" rel=\"noopener\">O Bom Policial Tem Medo<\/a>, constatou que de 3441 mortes por policiais registradas entre 2010 e 2015, o Procurador-Geral apresentou queixas em apenas 15 casos. Da mesma forma, entre\u00a02005 e janeiro de 2016, <a href=\"http:\/\/huff.to\/29JDLwN\" target=\"_blank\" rel=\"noopener\">apenas 13 policiais nos EUA<\/a> foram condenados por assassinato ou homic\u00eddio culposo em tiroteios em servi\u00e7o. \u00a0<\/span><\/p>\n<p><a href=\"http:\/\/rioonwatch.org.br\/wp-content\/uploads\/2016\/07\/9200237033_dd557277d6_c.jpg\"><img fetchpriority=\"high\" decoding=\"async\" class=\"aligncenter wp-image-20773 size-content\" title=\"Moradores seguram cartazes, &quot;Queremos a paz na Mar\u00e9&quot; e &quot;Sem viol\u00eancia&quot;. Foto por Carla Shah\" src=\"http:\/\/rioonwatch.org.br\/wp-content\/uploads\/2016\/07\/9200237033_dd557277d6_c-620x264.jpg\" alt=\"9200237033_dd557277d6_c\" width=\"620\" height=\"264\" \/><\/a><\/p>\n<p><span style=\"font-weight: 400;\">No dia 10 de julho, <a href=\"http:\/\/bit.ly\/29JvCIH\" target=\"_blank\" rel=\"noopener\">Alva Braziel<\/a> se tornou a mais recente v\u00edtima negra da viol\u00eancia policial nos EUA. A pol\u00edcia de Houston alega que Braziel estava apontando uma arma para cima e, quando solicitado a abaix\u00e1-la, Braziel foi acusado de ter apontado-a diretamente para eles. Ent\u00e3o a pol\u00edcia atirou em Braziel dez vezes. Embora os detalhes do tiroteio ainda n\u00e3o estejam claros, <a href=\"http:\/\/bit.ly\/29EhVJ4\" target=\"_blank\" rel=\"noopener\">um v\u00eddeo de seguran\u00e7a de um posto de gasolina<\/a> que est\u00e1 circulando na m\u00eddia mostra um homem que muitos afirmam ser Braziel sendo baleado com suas m\u00e3os para cima. <\/span><\/p>\n<p><span style=\"font-weight: 400;\">Se Braziel estava com uma arma, a pol\u00edcia certamente possu\u00eda o direito de temer pela sua vida. A quest\u00e3o \u00e9 se eles precisavam mat\u00e1-lo, especialmente quando h\u00e1 outras maneiras dispon\u00edveis de controlar a situa\u00e7\u00e3o, como \u00e9 evidente com o uso de <a href=\"http:\/\/bit.ly\/29PWKoY\" target=\"_blank\" rel=\"noopener\">g\u00e1s e de negociadores da SWAT<\/a> para prender um homem branco que havia disparado sete vezes contra policiais durante um impasse em outra parte de Houston no dia anterior. Por que uma arma n\u00e3o disparada foi muito mais amea\u00e7adora nas m\u00e3os de um homem negro? <\/span><\/p>\n<p><span style=\"font-weight: 400;\">O recente homic\u00eddio de <a href=\"http:\/\/bit.ly\/29JxW2z\" target=\"_blank\" rel=\"noopener\">Philando Castile<\/a> pela pol\u00edcia em um ponto de \u00f4nibus no sub\u00farbio de St. Paul, Minnesota, refor\u00e7a esse medo generalizado das m\u00e3os negras e seu potencial, imaginado ou n\u00e3o, de estar armada e ser mais mortal do que as m\u00e3os brancas. Philando Castile possu\u00eda uma licen\u00e7a de posse de arma de fogo e comunicou isso aos policiais&#8211;de acordo com sua namorada <a href=\"http:\/\/glo.bo\/29OxzCg\" target=\"_blank\" rel=\"noopener\">Diamond Reynolds que transmitiu ao vivo as consequ\u00eancias do assassinato no Facebook<\/a>&#8211;antes de pegar sua carteira e sua identidade. Da mesma forma, <a href=\"http:\/\/bit.ly\/29EgI2W\" target=\"_blank\" rel=\"noopener\">Alton Sterling<\/a> foi baleado no peito do lado de fora de uma loja de conveni\u00eancia em Baton Rouge, Louisiana, enquanto estava sendo preso por oficiais que temiam que ele ainda fosse capaz de alcan\u00e7ar uma arma que supostamente estava em seu bolso.<\/span><\/p>\n<p><span style=\"font-weight: 400;\">Muitas organiza\u00e7\u00f5es brasileiras de direitos humanos com base no Rio, como o <a href=\"http:\/\/bit.ly\/1CLd514\" target=\"_blank\" rel=\"noopener\">Coletivo Papo Reto<\/a> e o <a href=\"http:\/\/bit.ly\/1pK8M6N\" target=\"_blank\" rel=\"noopener\">F\u00f3rum de Juventudes do Rio de Janeiro<\/a>, demonstraram solidariedade a Castile, Sterling e movimentos como o <\/span><span style=\"font-weight: 400;\">Black Lives Matter<\/span><span style=\"font-weight: 400;\"> atrav\u00e9s das redes sociais. <\/span><\/p>\n<p><span style=\"font-weight: 400;\">Como Jhonata, muitos jovens negros tanto nos EUA como no Brasil t\u00eam sido\u00a0baleados por causa daquilo que a pol\u00edcia temia que eles pudessem estar carregando. Em novembro de 2014, <a href=\"http:\/\/nyti.ms\/29IxzDx\" target=\"_blank\" rel=\"noopener\">Tamir Rice<\/a> de doze anos foi morto em alguns segundos pela pol\u00edcia de Cleveland por supostamente ter tentado alcan\u00e7ar uma arma, o qual o operador do 911 foi informado que era provavelmente um brinquedo em sua cintura. Quase um ano depois, a Pol\u00edcia Militar do Rio <a href=\"http:\/\/bit.ly\/1NOiCyP\" target=\"_blank\" rel=\"noopener\">atirou 111 vezes contra um carro<\/a> em <a href=\"http:\/\/bit.ly\/1WB5tLw\" target=\"_blank\" rel=\"noopener\">Costa Barros matando cinco jovens<\/a>: Roberto de Souza Penha de 16 anos, Carlos Eduardo da Silva de 16 anos, Cleiton Correa de Souza de 18 anos, Wilton Esteves Domingos Junior de 20 anos e Wesley Castro Rodrigues de 25 anos. A <a href=\"http:\/\/glo.bo\/21syXNB\" target=\"_blank\" rel=\"noopener\">pol\u00edcia alegou que tiros foram disparados do carro<\/a>, enquanto a fam\u00edlia e amigos afirmam que os jovens haviam simplesmente sa\u00eddo para comemorar o primeiro sal\u00e1rio de Roberto. <\/span><\/p>\n<p style=\"text-align: left;\"><a href=\"http:\/\/rioonwatch.org.br\/wp-content\/uploads\/2016\/07\/201511301648013275.jpg\"><img decoding=\"async\" class=\"aligncenter wp-image-20774 size-content\" title=\"A m\u00e3e de Cleiton Costa Barros morto no massacre, no funeral de seu filho.\" src=\"http:\/\/rioonwatch.org.br\/wp-content\/uploads\/2016\/07\/201511301648013275-620x264.jpg\" alt=\"201511301648013275\" width=\"620\" height=\"264\" \/><\/a><\/p>\n<p style=\"text-align: left;\"><span style=\"font-weight: 400;\">Pelas mulheres negras serem frequentemente deixadas <a href=\"http:\/\/bit.ly\/1USvsNF\" target=\"_blank\" rel=\"noopener\">em luto pela perda<\/a> de seus filhos, namorados, maridos e irm\u00e3os, em ambos os pa\u00edses elas s\u00e3o as principais fundadoras e sustentadoras de movimentos sociais que lutam contra a <a href=\"http:\/\/bit.ly\/1i0t9Hc\" target=\"_blank\" rel=\"noopener\">viol\u00eancia policial<\/a> para que outras n\u00e3o tenham que suportar a dor de perder entes queridos nas m\u00e3os do Estado. <\/span><\/p>\n<p><span style=\"font-weight: 400;\">Mulheres negras homosexuais,\u00a0<\/span><span style=\"font-weight: 400;\">Alicia Garza e Patrisse Cullors, em conjunto com a\u00a0negra feminista transnacional Opal Tometi, fundaram o movimento <\/span><a href=\"http:\/\/bit.ly\/29EjKmu\" target=\"_blank\" rel=\"noopener\"><span style=\"font-weight: 400;\">Black Lives Matter<\/span><\/a><span style=\"font-weight: 400;\">\u00a0(As Vidas Negras Importam) e ajudaram o movimento a crescer pelas cidades dos EUA. A filha de Eric Garner, Erica, se tornou uma <a href=\"http:\/\/bit.ly\/29ymaTM\" target=\"_blank\" rel=\"noopener\">ativista declarada<\/a> ap\u00f3s a morte de seu pai por um policial de Nova York que o estrangulou, apesar dele ter dito repetidamente \u201ceu n\u00e3o consigo respirar\u201d. <\/span><\/p>\n<p><span style=\"font-weight: 400;\"><a href=\"http:\/\/bit.ly\/29t21xY\" target=\"_blank\" rel=\"noopener\">Ana Paula Oliveira<\/a>, que perdeu <a href=\"http:\/\/bit.ly\/29OAril\" target=\"_blank\" rel=\"noopener\">seu filho Jonatha<\/a> quando ele foi baleado nas costas enquanto fugia de uma briga entre moradores de <a href=\"http:\/\/bit.ly\/ZC9b6z\" target=\"_blank\" rel=\"noopener\">Manguinhos<\/a> e os policiais da <a href=\"http:\/\/bit.ly\/R5ueio\" target=\"_blank\" rel=\"noopener\">UPP<\/a> local, foi recentemente para Genebra, na Su\u00ed\u00e7a, com <a href=\"http:\/\/bit.ly\/1pcDODu\" target=\"_blank\" rel=\"noopener\">Maria da Penha<\/a> da <a href=\"http:\/\/bit.ly\/Nfddvg\" target=\"_blank\" rel=\"noopener\">Vila Aut\u00f3dromo<\/a> para participar do debate \u201c<a href=\"http:\/\/bit.ly\/29yfsm1\" target=\"_blank\" rel=\"noopener\">O Legado de Direitos Humanos em Eventos Esportivos<\/a>\u201d no 32\u00ba Conselho de Direitos Humanos das Na\u00e7\u00f5es Unidas. A rede <a href=\"http:\/\/bit.ly\/1syJQ3k\" target=\"_blank\" rel=\"noopener\">M\u00e3es de Maio<\/a>\u00a0foi formada em 2006 por <a href=\"http:\/\/bit.ly\/29Ly4v3\" target=\"_blank\" rel=\"noopener\">D\u00e9bora Maria da Silva<\/a>\u00a0depois que ela perdeu seu filho durante um m\u00eas brutal de viol\u00eancia policial contra membros da gangue <a href=\"http:\/\/bit.ly\/29xnyGC\" target=\"_blank\" rel=\"noopener\">Primeiro Comando da Capital<\/a> (PCC) em <a href=\"http:\/\/bit.ly\/1ublIlF\" target=\"_blank\" rel=\"noopener\">S\u00e3o Paulo<\/a> que deixou 564 pessoas mortas. Mas a falta de justi\u00e7a e a mudan\u00e7a sist\u00eamica podem ser demais para suportar, como no caso de Joselita de Souza, m\u00e3e de Roberto de Souza Penha, que faleceu de \u201ctristeza\u201d na quinta-feira apenas alguns meses ap\u00f3s o processo de libera\u00e7\u00e3o dos policiais envolvidos no massacre de Costa Barros. <\/span><\/p>\n<p><span style=\"font-weight: 400;\">De <a href=\"http:\/\/nydn.us\/29S0JSa\" target=\"_blank\" rel=\"noopener\">carteiras<\/a> \u00e0 telefones <a href=\"http:\/\/bit.ly\/1zL1XFQ\" target=\"_blank\" rel=\"noopener\">celulares<\/a> \u00e0 <a href=\"http:\/\/bit.ly\/29gNsRn\" target=\"_blank\" rel=\"noopener\">sacos de pipoca<\/a>, as pol\u00edcias brasileira e norte-americana confundem repetidamente objetos com armas ou drogas il\u00edcitas para justificar assassinatos, especialmente de jovens negros. O Brasil j\u00e1 se comprometeu a implantar 85.000 agentes de seguran\u00e7a no Rio para os Jogos Ol\u00edmpicos e uma <a href=\"http:\/\/bit.ly\/29PW6Wr\" target=\"_blank\" rel=\"noopener\">mudan\u00e7a legislativa recente<\/a> estabelece\u00a0que aqueles que ferirem ou matarem civis durante as Olimp\u00edadas sejam julgados pelo <a href=\"http:\/\/glo.bo\/29rmmYz\" target=\"_blank\" rel=\"noopener\">tribunal militar em vez do civil<\/a>, com os cr\u00edticos afirmando que isso vai permitir mais viol\u00eancia e impunidade. <\/span><\/p>\n<p><span style=\"font-weight: 400;\">Tanto o <a href=\"http:\/\/bit.ly\/29HZyDM\" target=\"_blank\" rel=\"noopener\">tiroteio em massa de 7 de julho em Dallas<\/a> que resultou na morte de 5 policiais pelo negro veterano do ex\u00e9rcito Micah Johnson quanto as <a href=\"http:\/\/bit.ly\/29yM2B6\" target=\"_blank\" rel=\"noopener\">altas taxas de morte entre os policiais brasileiros<\/a> ser\u00e3o utilizados para justificar o temor de\u00a0homens negros potencialmente armados. No entanto, ativistas como os afiliados ao movimento <\/span><span style=\"font-weight: 400;\">Black Lives Matter<\/span><span style=\"font-weight: 400;\"> em cidades ao redor dos EUA e <a href=\"http:\/\/bit.ly\/1USvsNF\" target=\"_blank\" rel=\"noopener\">Rede de Comunidades e Movimentos Contra a Viol\u00eancia<\/a> no Rio e em outras cidades brasileiras est\u00e3o <a href=\"http:\/\/bit.ly\/29xoefb\" target=\"_blank\" rel=\"noopener\">reconhecendo e lutando contra&#8211;o similar nos dois pa\u00edses<\/a>&#8212; hist\u00f3rico de\u00a0<a href=\"http:\/\/bit.ly\/1Hg4Zj3\" target=\"_blank\" rel=\"noopener\">escravid\u00e3o<\/a>\u00a0e o presente <a href=\"http:\/\/bit.ly\/1KiFeTl\" target=\"_blank\" rel=\"noopener\">racismo<\/a> e excesso de policiamento dos espa\u00e7os e dos corpos de negros em ambos os pa\u00edses.<\/span><\/p>\n<p><span style=\"font-weight: 400;\">A comunica\u00e7\u00e3o e colabora\u00e7\u00e3o entre os movimentos dos dois pa\u00edses fortalecer\u00e1 estes esfor\u00e7os. De 20 a 23 de julho ativistas do <a href=\"http:\/\/bit.ly\/29xoefb\" target=\"_blank\" rel=\"noopener\">movimento<\/a>\u00a0<\/span><span style=\"font-weight: 400;\">Black Lives Matter e o\u00a0<\/span><span class=\"title\">Brazil Police Watch\u00a0<\/span><span style=\"font-weight: 400;\">estar\u00e3o no Rio em solidariedade, e encontrar\u00e3o com ativistas e v\u00edtimas de viol\u00eancia policial. Os ativistas norte-americanos se encontrar\u00e3o com o Coletivo Papo Reto, as M\u00e3es de Maio, a Rede de Comunidades e Movimentos Contra a Viol\u00eancia e o F\u00f3rum de Juventudes do Rio de Janeiro para compartilhar experi\u00eancias e ideias e \u201cafirmarem que as vidas negras importam em qualquer lugar&#8221;.<\/span><\/p>\n<p><i>Stephanie Reist est\u00e1 pleiteando um Mestrado em Pol\u00edticas P\u00fablicas e um doutorado em Estudos Latino-Americanos na Universidade de Duke, EUA. Sua pesquisa analisa a din\u00e2mica centro-periferia, pertencimento, cidadania e direitos sobre a terra em favelas e quilombos do Rio de Janeiro.<\/i><\/p>\n<!-- AddThis Advanced Settings generic via filter on the_content --><!-- AddThis Share Buttons generic via filter on the_content -->","protected":false},"excerpt":{"rendered":"<div class=\"mh-excerpt\"><p>Click Here for English Nas favelas do Rio de Janeiro, a pol\u00edcia n\u00e3o precisa alegar que suas v\u00edtimas possuem armas para justificar as execu\u00e7\u00f5es extrajudiciais, em sua maioria de pobres e negros. Jhonata Dalber Matos <a class=\"mh-excerpt-more\" href=\"https:\/\/rioonwatch.org.br\/?p=20761\" title=\"No Brasil e EUA: Homens Negros S\u00e3o Mortos e Mulheres Negras Lutam Contra Viol\u00eancia Policial\">[&#8230;]<\/a><!-- AddThis Advanced Settings generic via filter on get_the_excerpt --><!-- AddThis Share Buttons generic via filter on get_the_excerpt --><\/p>\n<\/div>","protected":false},"author":129,"featured_media":20763,"comment_status":"closed","ping_status":"closed","sticky":false,"template":"","format":"standard","meta":{"_acf_changed":false,"_monsterinsights_skip_tracking":false,"_monsterinsights_sitenote_active":false,"_monsterinsights_sitenote_note":"","_monsterinsights_sitenote_category":0,"footnotes":""},"categories":[1635,1621,346,1626,1620],"tags":[3253,309,2159,759,575,88,818,662,1418,636,774,763,936,283,92,920,52,218],"writer":[1577],"translator":[1862],"source":[],"ilustrador":[],"fotografo":[],"class_list":{"0":"post-20761","1":"post","2":"type-post","3":"status-publish","4":"format-standard","5":"has-post-thumbnail","7":"category-1635","8":"category-destaque","9":"category-denuncias","10":"category-por-observadores-internacionais","11":"category-olhonaupp","12":"tag-antirracismo","13":"tag-ativismo","14":"tag-black-lives-matter","15":"tag-comparacao-internacional","16":"tag-costa-barros","17":"tag-direitos-humanos","18":"tag-eua","19":"tag-forum-de-juventude-do-rio-de-janeiro","20":"tag-coletivo-papo-reto","21":"tag-manguinhos","22":"tag-policia-militar","23":"tag-protesto","24":"tag-raca","25":"tag-rede-contra-violencia","26":"tag-upp","27":"tag-violencia-de-estado","28":"tag-violencia-policial","29":"tag-zona-norte","30":"writer-stephanie-reist","31":"translator-caroline-quintanilha"},"acf":[],"yoast_head":"<!-- This site is optimized with the Yoast SEO plugin v25.6 - https:\/\/yoast.com\/wordpress\/plugins\/seo\/ -->\n<title>No Brasil e EUA: Homens Negros S\u00e3o Mortos e Mulheres Negras Lutam Contra Viol\u00eancia Policial - RioOnWatch<\/title>\n<meta name=\"robots\" content=\"index, follow, max-snippet:-1, max-image-preview:large, max-video-preview:-1\" \/>\n<link rel=\"canonical\" href=\"https:\/\/rioonwatch.org.br\/?p=20761\" \/>\n<meta property=\"og:locale\" content=\"pt_BR\" \/>\n<meta property=\"og:type\" content=\"article\" \/>\n<meta property=\"og:title\" content=\"No Brasil e EUA: Homens Negros S\u00e3o Mortos e Mulheres Negras Lutam Contra Viol\u00eancia Policial - RioOnWatch\" \/>\n<meta property=\"og:description\" content=\"Click Here for English Nas favelas do Rio de Janeiro, a pol\u00edcia n\u00e3o precisa alegar que suas v\u00edtimas possuem armas para justificar as execu\u00e7\u00f5es extrajudiciais, em sua maioria de pobres e negros. Jhonata Dalber Matos [...]\" \/>\n<meta property=\"og:url\" content=\"https:\/\/rioonwatch.org.br\/?p=20761\" \/>\n<meta property=\"og:site_name\" content=\"RioOnWatch\" \/>\n<meta property=\"article:published_time\" content=\"2016-07-14T13:00:33+00:00\" \/>\n<meta property=\"article:modified_time\" content=\"2024-05-24T15:41:02+00:00\" \/>\n<meta property=\"og:image\" content=\"https:\/\/rioonwatch.org.br\/wp-content\/uploads\/2016\/07\/Mothers.jpg\" \/>\n\t<meta property=\"og:image:width\" content=\"2000\" \/>\n\t<meta property=\"og:image:height\" content=\"1000\" \/>\n\t<meta property=\"og:image:type\" content=\"image\/jpeg\" \/>\n<meta name=\"author\" content=\"Admin\" \/>\n<meta name=\"twitter:card\" content=\"summary_large_image\" \/>\n<meta name=\"twitter:label1\" content=\"Escrito por\" \/>\n\t<meta name=\"twitter:data1\" content=\"Admin\" \/>\n\t<meta name=\"twitter:label2\" content=\"Est. tempo de leitura\" \/>\n\t<meta name=\"twitter:data2\" content=\"9 minutos\" \/>\n<script type=\"application\/ld+json\" class=\"yoast-schema-graph\">{\"@context\":\"https:\/\/schema.org\",\"@graph\":[{\"@type\":\"Article\",\"@id\":\"https:\/\/rioonwatch.org.br\/?p=20761#article\",\"isPartOf\":{\"@id\":\"https:\/\/rioonwatch.org.br\/?p=20761\"},\"author\":{\"name\":\"Admin\",\"@id\":\"https:\/\/rioonwatch.org.br\/#\/schema\/person\/11d64c290506f9df50c71b850c473f68\"},\"headline\":\"No Brasil e EUA: Homens Negros S\u00e3o Mortos e Mulheres Negras Lutam Contra Viol\u00eancia Policial\",\"datePublished\":\"2016-07-14T13:00:33+00:00\",\"dateModified\":\"2024-05-24T15:41:02+00:00\",\"mainEntityOfPage\":{\"@id\":\"https:\/\/rioonwatch.org.br\/?p=20761\"},\"wordCount\":1730,\"publisher\":{\"@id\":\"https:\/\/rioonwatch.org.br\/#organization\"},\"image\":{\"@id\":\"https:\/\/rioonwatch.org.br\/?p=20761#primaryimage\"},\"thumbnailUrl\":\"https:\/\/rioonwatch.org.br\/wp-content\/uploads\/2016\/07\/Mothers.jpg\",\"keywords\":[\"Antirracismo\",\"ativismo\",\"Black Lives Matter\",\"compara\u00e7\u00e3o internacional\",\"Costa Barros\",\"Direitos Humanos\",\"EUA\",\"Forum de Juventudes do Rio de Janeiro\",\"Instituto Papo Reto\",\"Manguinhos\",\"Pol\u00edcia Militar\",\"protesto\",\"ra\u00e7a\",\"Rede Contra Viol\u00eancia\",\"UPP\",\"viol\u00eancia de Estado\",\"viol\u00eancia policial\",\"Zona Norte\"],\"articleSection\":[\"#Rio2016\",\"*Destaque\",\"Den\u00fancias\",\"Escrito por Aliados\",\"Seguran\u00e7a P\u00fablica\"],\"inLanguage\":\"pt-BR\"},{\"@type\":\"WebPage\",\"@id\":\"https:\/\/rioonwatch.org.br\/?p=20761\",\"url\":\"https:\/\/rioonwatch.org.br\/?p=20761\",\"name\":\"No Brasil e EUA: Homens Negros S\u00e3o Mortos e Mulheres Negras Lutam Contra Viol\u00eancia Policial - RioOnWatch\",\"isPartOf\":{\"@id\":\"https:\/\/rioonwatch.org.br\/#website\"},\"primaryImageOfPage\":{\"@id\":\"https:\/\/rioonwatch.org.br\/?p=20761#primaryimage\"},\"image\":{\"@id\":\"https:\/\/rioonwatch.org.br\/?p=20761#primaryimage\"},\"thumbnailUrl\":\"https:\/\/rioonwatch.org.br\/wp-content\/uploads\/2016\/07\/Mothers.jpg\",\"datePublished\":\"2016-07-14T13:00:33+00:00\",\"dateModified\":\"2024-05-24T15:41:02+00:00\",\"breadcrumb\":{\"@id\":\"https:\/\/rioonwatch.org.br\/?p=20761#breadcrumb\"},\"inLanguage\":\"pt-BR\",\"potentialAction\":[{\"@type\":\"ReadAction\",\"target\":[\"https:\/\/rioonwatch.org.br\/?p=20761\"]}]},{\"@type\":\"ImageObject\",\"inLanguage\":\"pt-BR\",\"@id\":\"https:\/\/rioonwatch.org.br\/?p=20761#primaryimage\",\"url\":\"https:\/\/rioonwatch.org.br\/wp-content\/uploads\/2016\/07\/Mothers.jpg\",\"contentUrl\":\"https:\/\/rioonwatch.org.br\/wp-content\/uploads\/2016\/07\/Mothers.jpg\",\"width\":2000,\"height\":1000},{\"@type\":\"BreadcrumbList\",\"@id\":\"https:\/\/rioonwatch.org.br\/?p=20761#breadcrumb\",\"itemListElement\":[{\"@type\":\"ListItem\",\"position\":1,\"name\":\"In\u00edcio\",\"item\":\"https:\/\/rioonwatch.org.br\/\"},{\"@type\":\"ListItem\",\"position\":2,\"name\":\"No Brasil e EUA: Homens Negros S\u00e3o Mortos e Mulheres Negras Lutam Contra Viol\u00eancia Policial\"}]},{\"@type\":\"WebSite\",\"@id\":\"https:\/\/rioonwatch.org.br\/#website\",\"url\":\"https:\/\/rioonwatch.org.br\/\",\"name\":\"RioOnWatch\",\"description\":\"relatos das favelas cariocas\",\"publisher\":{\"@id\":\"https:\/\/rioonwatch.org.br\/#organization\"},\"potentialAction\":[{\"@type\":\"SearchAction\",\"target\":{\"@type\":\"EntryPoint\",\"urlTemplate\":\"https:\/\/rioonwatch.org.br\/?s={search_term_string}\"},\"query-input\":{\"@type\":\"PropertyValueSpecification\",\"valueRequired\":true,\"valueName\":\"search_term_string\"}}],\"inLanguage\":\"pt-BR\"},{\"@type\":\"Organization\",\"@id\":\"https:\/\/rioonwatch.org.br\/#organization\",\"name\":\"RioOnWatch\",\"url\":\"https:\/\/rioonwatch.org.br\/\",\"logo\":{\"@type\":\"ImageObject\",\"inLanguage\":\"pt-BR\",\"@id\":\"https:\/\/rioonwatch.org.br\/#\/schema\/logo\/image\/\",\"url\":\"https:\/\/rioonwatch.org.br\/wp-content\/uploads\/2021\/06\/RioOnWatchcabecalhoPT11anos-2.png\",\"contentUrl\":\"https:\/\/rioonwatch.org.br\/wp-content\/uploads\/2021\/06\/RioOnWatchcabecalhoPT11anos-2.png\",\"width\":779,\"height\":277,\"caption\":\"RioOnWatch\"},\"image\":{\"@id\":\"https:\/\/rioonwatch.org.br\/#\/schema\/logo\/image\/\"}},{\"@type\":\"Person\",\"@id\":\"https:\/\/rioonwatch.org.br\/#\/schema\/person\/11d64c290506f9df50c71b850c473f68\",\"name\":\"Admin\",\"image\":{\"@type\":\"ImageObject\",\"inLanguage\":\"pt-BR\",\"@id\":\"https:\/\/rioonwatch.org.br\/#\/schema\/person\/image\/\",\"url\":\"https:\/\/secure.gravatar.com\/avatar\/56211ac74568383903349a1485e3c325?s=96&d=blank&r=g\",\"contentUrl\":\"https:\/\/secure.gravatar.com\/avatar\/56211ac74568383903349a1485e3c325?s=96&d=blank&r=g\",\"caption\":\"Admin\"},\"url\":\"https:\/\/rioonwatch.org.br\/?author=129\"}]}<\/script>\n<!-- \/ Yoast SEO plugin. -->","yoast_head_json":{"title":"No Brasil e EUA: Homens Negros S\u00e3o Mortos e Mulheres Negras Lutam Contra Viol\u00eancia Policial - RioOnWatch","robots":{"index":"index","follow":"follow","max-snippet":"max-snippet:-1","max-image-preview":"max-image-preview:large","max-video-preview":"max-video-preview:-1"},"canonical":"https:\/\/rioonwatch.org.br\/?p=20761","og_locale":"pt_BR","og_type":"article","og_title":"No Brasil e EUA: Homens Negros S\u00e3o Mortos e Mulheres Negras Lutam Contra Viol\u00eancia Policial - RioOnWatch","og_description":"Click Here for English Nas favelas do Rio de Janeiro, a pol\u00edcia n\u00e3o precisa alegar que suas v\u00edtimas possuem armas para justificar as execu\u00e7\u00f5es extrajudiciais, em sua maioria de pobres e negros. Jhonata Dalber Matos [...]","og_url":"https:\/\/rioonwatch.org.br\/?p=20761","og_site_name":"RioOnWatch","article_published_time":"2016-07-14T13:00:33+00:00","article_modified_time":"2024-05-24T15:41:02+00:00","og_image":[{"width":2000,"height":1000,"url":"https:\/\/rioonwatch.org.br\/wp-content\/uploads\/2016\/07\/Mothers.jpg","type":"image\/jpeg"}],"author":"Admin","twitter_card":"summary_large_image","twitter_misc":{"Escrito por":"Admin","Est. tempo de leitura":"9 minutos"},"schema":{"@context":"https:\/\/schema.org","@graph":[{"@type":"Article","@id":"https:\/\/rioonwatch.org.br\/?p=20761#article","isPartOf":{"@id":"https:\/\/rioonwatch.org.br\/?p=20761"},"author":{"name":"Admin","@id":"https:\/\/rioonwatch.org.br\/#\/schema\/person\/11d64c290506f9df50c71b850c473f68"},"headline":"No Brasil e EUA: Homens Negros S\u00e3o Mortos e Mulheres Negras Lutam Contra Viol\u00eancia Policial","datePublished":"2016-07-14T13:00:33+00:00","dateModified":"2024-05-24T15:41:02+00:00","mainEntityOfPage":{"@id":"https:\/\/rioonwatch.org.br\/?p=20761"},"wordCount":1730,"publisher":{"@id":"https:\/\/rioonwatch.org.br\/#organization"},"image":{"@id":"https:\/\/rioonwatch.org.br\/?p=20761#primaryimage"},"thumbnailUrl":"https:\/\/rioonwatch.org.br\/wp-content\/uploads\/2016\/07\/Mothers.jpg","keywords":["Antirracismo","ativismo","Black Lives Matter","compara\u00e7\u00e3o internacional","Costa Barros","Direitos Humanos","EUA","Forum de Juventudes do Rio de Janeiro","Instituto Papo Reto","Manguinhos","Pol\u00edcia Militar","protesto","ra\u00e7a","Rede Contra Viol\u00eancia","UPP","viol\u00eancia de Estado","viol\u00eancia policial","Zona Norte"],"articleSection":["#Rio2016","*Destaque","Den\u00fancias","Escrito por Aliados","Seguran\u00e7a P\u00fablica"],"inLanguage":"pt-BR"},{"@type":"WebPage","@id":"https:\/\/rioonwatch.org.br\/?p=20761","url":"https:\/\/rioonwatch.org.br\/?p=20761","name":"No Brasil e EUA: Homens Negros S\u00e3o Mortos e Mulheres Negras Lutam Contra Viol\u00eancia Policial - RioOnWatch","isPartOf":{"@id":"https:\/\/rioonwatch.org.br\/#website"},"primaryImageOfPage":{"@id":"https:\/\/rioonwatch.org.br\/?p=20761#primaryimage"},"image":{"@id":"https:\/\/rioonwatch.org.br\/?p=20761#primaryimage"},"thumbnailUrl":"https:\/\/rioonwatch.org.br\/wp-content\/uploads\/2016\/07\/Mothers.jpg","datePublished":"2016-07-14T13:00:33+00:00","dateModified":"2024-05-24T15:41:02+00:00","breadcrumb":{"@id":"https:\/\/rioonwatch.org.br\/?p=20761#breadcrumb"},"inLanguage":"pt-BR","potentialAction":[{"@type":"ReadAction","target":["https:\/\/rioonwatch.org.br\/?p=20761"]}]},{"@type":"ImageObject","inLanguage":"pt-BR","@id":"https:\/\/rioonwatch.org.br\/?p=20761#primaryimage","url":"https:\/\/rioonwatch.org.br\/wp-content\/uploads\/2016\/07\/Mothers.jpg","contentUrl":"https:\/\/rioonwatch.org.br\/wp-content\/uploads\/2016\/07\/Mothers.jpg","width":2000,"height":1000},{"@type":"BreadcrumbList","@id":"https:\/\/rioonwatch.org.br\/?p=20761#breadcrumb","itemListElement":[{"@type":"ListItem","position":1,"name":"In\u00edcio","item":"https:\/\/rioonwatch.org.br\/"},{"@type":"ListItem","position":2,"name":"No Brasil e EUA: Homens Negros S\u00e3o Mortos e Mulheres Negras Lutam Contra Viol\u00eancia Policial"}]},{"@type":"WebSite","@id":"https:\/\/rioonwatch.org.br\/#website","url":"https:\/\/rioonwatch.org.br\/","name":"RioOnWatch","description":"relatos das favelas cariocas","publisher":{"@id":"https:\/\/rioonwatch.org.br\/#organization"},"potentialAction":[{"@type":"SearchAction","target":{"@type":"EntryPoint","urlTemplate":"https:\/\/rioonwatch.org.br\/?s={search_term_string}"},"query-input":{"@type":"PropertyValueSpecification","valueRequired":true,"valueName":"search_term_string"}}],"inLanguage":"pt-BR"},{"@type":"Organization","@id":"https:\/\/rioonwatch.org.br\/#organization","name":"RioOnWatch","url":"https:\/\/rioonwatch.org.br\/","logo":{"@type":"ImageObject","inLanguage":"pt-BR","@id":"https:\/\/rioonwatch.org.br\/#\/schema\/logo\/image\/","url":"https:\/\/rioonwatch.org.br\/wp-content\/uploads\/2021\/06\/RioOnWatchcabecalhoPT11anos-2.png","contentUrl":"https:\/\/rioonwatch.org.br\/wp-content\/uploads\/2021\/06\/RioOnWatchcabecalhoPT11anos-2.png","width":779,"height":277,"caption":"RioOnWatch"},"image":{"@id":"https:\/\/rioonwatch.org.br\/#\/schema\/logo\/image\/"}},{"@type":"Person","@id":"https:\/\/rioonwatch.org.br\/#\/schema\/person\/11d64c290506f9df50c71b850c473f68","name":"Admin","image":{"@type":"ImageObject","inLanguage":"pt-BR","@id":"https:\/\/rioonwatch.org.br\/#\/schema\/person\/image\/","url":"https:\/\/secure.gravatar.com\/avatar\/56211ac74568383903349a1485e3c325?s=96&d=blank&r=g","contentUrl":"https:\/\/secure.gravatar.com\/avatar\/56211ac74568383903349a1485e3c325?s=96&d=blank&r=g","caption":"Admin"},"url":"https:\/\/rioonwatch.org.br\/?author=129"}]}},"_links":{"self":[{"href":"https:\/\/rioonwatch.org.br\/index.php?rest_route=\/wp\/v2\/posts\/20761"}],"collection":[{"href":"https:\/\/rioonwatch.org.br\/index.php?rest_route=\/wp\/v2\/posts"}],"about":[{"href":"https:\/\/rioonwatch.org.br\/index.php?rest_route=\/wp\/v2\/types\/post"}],"author":[{"embeddable":true,"href":"https:\/\/rioonwatch.org.br\/index.php?rest_route=\/wp\/v2\/users\/129"}],"replies":[{"embeddable":true,"href":"https:\/\/rioonwatch.org.br\/index.php?rest_route=%2Fwp%2Fv2%2Fcomments&post=20761"}],"version-history":[{"count":18,"href":"https:\/\/rioonwatch.org.br\/index.php?rest_route=\/wp\/v2\/posts\/20761\/revisions"}],"predecessor-version":[{"id":27034,"href":"https:\/\/rioonwatch.org.br\/index.php?rest_route=\/wp\/v2\/posts\/20761\/revisions\/27034"}],"wp:featuredmedia":[{"embeddable":true,"href":"https:\/\/rioonwatch.org.br\/index.php?rest_route=\/wp\/v2\/media\/20763"}],"wp:attachment":[{"href":"https:\/\/rioonwatch.org.br\/index.php?rest_route=%2Fwp%2Fv2%2Fmedia&parent=20761"}],"wp:term":[{"taxonomy":"category","embeddable":true,"href":"https:\/\/rioonwatch.org.br\/index.php?rest_route=%2Fwp%2Fv2%2Fcategories&post=20761"},{"taxonomy":"post_tag","embeddable":true,"href":"https:\/\/rioonwatch.org.br\/index.php?rest_route=%2Fwp%2Fv2%2Ftags&post=20761"},{"taxonomy":"writer","embeddable":true,"href":"https:\/\/rioonwatch.org.br\/index.php?rest_route=%2Fwp%2Fv2%2Fwriter&post=20761"},{"taxonomy":"translator","embeddable":true,"href":"https:\/\/rioonwatch.org.br\/index.php?rest_route=%2Fwp%2Fv2%2Ftranslator&post=20761"},{"taxonomy":"source","embeddable":true,"href":"https:\/\/rioonwatch.org.br\/index.php?rest_route=%2Fwp%2Fv2%2Fsource&post=20761"},{"taxonomy":"ilustrador","embeddable":true,"href":"https:\/\/rioonwatch.org.br\/index.php?rest_route=%2Fwp%2Fv2%2Filustrador&post=20761"},{"taxonomy":"fotografo","embeddable":true,"href":"https:\/\/rioonwatch.org.br\/index.php?rest_route=%2Fwp%2Fv2%2Ffotografo&post=20761"}],"curies":[{"name":"wp","href":"https:\/\/api.w.org\/{rel}","templated":true}]}}