{"id":20778,"date":"2016-07-12T08:37:41","date_gmt":"2016-07-12T11:37:41","guid":{"rendered":"http:\/\/rioonwatch.org.br\/?p=20778"},"modified":"2024-06-20T16:26:44","modified_gmt":"2024-06-20T19:26:44","slug":"protestos-anti-olimpiadas-ganham-ritmo-no-rio","status":"publish","type":"post","link":"https:\/\/rioonwatch.org.br\/?p=20778","title":{"rendered":"Protestos Anti-Olimp\u00edadas Ganham Ritmo no Rio"},"content":{"rendered":"<p style=\"text-align: right;\"><em><strong><a href=\"http:\/\/bit.ly\/29NJdLU\" target=\"_blank\" rel=\"noopener\">Click Here for English<img decoding=\"async\" width=\"20\" height=\"20\" class=\"alignright wp-image-15790\" src=\"http:\/\/rioonwatch.org.br\/wp-content\/uploads\/2012\/08\/EN-standard-e1439583104716.jpg\" alt=\"\" \/><\/a><\/strong><\/em><\/p>\n<h4><strong>Com a proximidade dos Jogos, in\u00fameros protestos contra as Olimp\u00edadas j\u00e1 ocorreram e outros est\u00e3o sendo organizados no Rio de Janeiro<\/strong><\/h4>\n<p>Na noite do dia 5 de julho, centenas de pessoas reuniram-se em frente \u00e0 Alerj para protestarem contra <a href=\"http:\/\/bit.ly\/1MsmVsX\" target=\"_blank\" rel=\"noopener\">viola\u00e7\u00f5es de direitos humanos<\/a> relacionadas aos Jogos Ol\u00edmpicos. <a href=\"http:\/\/bit.ly\/29sPFG9\" target=\"_blank\" rel=\"noopener\">Povo Sem Medo<\/a>\u00a0e <a href=\"http:\/\/bit.ly\/29suWmB\" target=\"_blank\" rel=\"noopener\">Rio 2016 &#8211; Os Jogos da Exclus\u00e3o<\/a>\u00a0organizaram o evento chamado \u201c<a href=\"http:\/\/bit.ly\/29H9HjH\" target=\"_blank\" rel=\"noopener\">Calamidade Ol\u00edmpica &#8211; 30 dias para os Jogos da Exclus\u00e3o<\/a>\u201d. De acordo com a descri\u00e7\u00e3o do evento no Facebook: \u201cTem dinheiro para financiar megaevento, enquanto atrasa sal\u00e1rios de servidores e corta servi\u00e7os b\u00e1sicos para a popula\u00e7\u00e3o. <a href=\"http:\/\/bit.ly\/29lfHgr\" target=\"_blank\" rel=\"noopener\">[O Estado] est\u00e1 em crise<\/a>, mas vai receber bilh\u00f5es do governo Temer s\u00f3 para <a href=\"http:\/\/bit.ly\/29NZNKZ\" target=\"_blank\" rel=\"noopener\">repress\u00e3o<\/a>\u201d.<\/p>\n<p>\u201cEu queria que o Comit\u00ea Ol\u00edmpico Internacional (COI) reparasse e reconhecesse todas as viola\u00e7\u00f5es dos direitos humanos ocorridas no \u00e2mbito dos <a href=\"http:\/\/bit.ly\/PkLXlQ\" target=\"_blank\" rel=\"noopener\">Jogos Ol\u00edmpico<\/a>s\u201d, declarou Lara Martins, estudante de 24 anos do curso de rela\u00e7\u00f5es internacionais da UFRJ, presente no protesto.<\/p>\n<p>Lara n\u00e3o quer o cancelamento dos Jogos, mas sim que o COI elabore um pacto internacional restringindo onde os futuros Jogos Ol\u00edmpicos possam ser realizados: em \u00e1reas que respeitem os direitos humanos e nas quais a competi\u00e7\u00e3o n\u00e3o piore as vidas da popula\u00e7\u00e3o local.<\/p>\n<p><a href=\"http:\/\/bit.ly\/X51Qvb\" target=\"_blank\" rel=\"noopener\">Remo\u00e7\u00f5es<\/a> de favelas, condi\u00e7\u00f5es de trabalho prec\u00e1rias para os trabalhadores e <a href=\"http:\/\/bit.ly\/1i0t9Hc\" target=\"_blank\" rel=\"noopener\">viol\u00eancia policial<\/a> s\u00e3o alguns dos problemas ligados ao evento esportivo. Ap\u00f3s o protesto pac\u00edfico ocorreu um incidente de <a href=\"http:\/\/bit.ly\/29sQGhc\" target=\"_blank\" rel=\"noopener\">viol\u00eancia policial na esta\u00e7\u00e3o do metr\u00f4 Uruguaiana<\/a>, no qual jornalistas e civis foram estrangulados e jogados ao ch\u00e3o.<\/p>\n<p><a href=\"http:\/\/rioonwatch.org.br\/wp-content\/uploads\/2016\/07\/13567429_359233174200264_4203930357647977908_n.jpg\"><img fetchpriority=\"high\" decoding=\"async\" class=\"aligncenter wp-image-20786 size-medium\" title=\"Foto da p\u00e1gina Rio 2016 - Os Jogos da Exclus\u00e3o no Facebook\" src=\"http:\/\/rioonwatch.org.br\/wp-content\/uploads\/2016\/07\/13567429_359233174200264_4203930357647977908_n-620x465.jpg\" alt=\"13567429_359233174200264_4203930357647977908_n\" width=\"620\" height=\"465\" srcset=\"https:\/\/rioonwatch.org.br\/wp-content\/uploads\/2016\/07\/13567429_359233174200264_4203930357647977908_n-620x465.jpg 620w, https:\/\/rioonwatch.org.br\/wp-content\/uploads\/2016\/07\/13567429_359233174200264_4203930357647977908_n-352x264.jpg 352w, https:\/\/rioonwatch.org.br\/wp-content\/uploads\/2016\/07\/13567429_359233174200264_4203930357647977908_n-768x576.jpg 768w, https:\/\/rioonwatch.org.br\/wp-content\/uploads\/2016\/07\/13567429_359233174200264_4203930357647977908_n-174x131.jpg 174w, https:\/\/rioonwatch.org.br\/wp-content\/uploads\/2016\/07\/13567429_359233174200264_4203930357647977908_n-300x225.jpg 300w, https:\/\/rioonwatch.org.br\/wp-content\/uploads\/2016\/07\/13567429_359233174200264_4203930357647977908_n-70x53.jpg 70w, https:\/\/rioonwatch.org.br\/wp-content\/uploads\/2016\/07\/13567429_359233174200264_4203930357647977908_n.jpg 960w\" sizes=\"(max-width: 620px) 100vw, 620px\" \/><\/a><\/p>\n<p>Uma segunda manifesta\u00e7\u00e3o p\u00fablica contra os problemas relacionados \u00e0s Olimp\u00edadas e aos cortes na <a href=\"http:\/\/bit.ly\/1kzUmMv\" target=\"_blank\" rel=\"noopener\">sa\u00fade<\/a> e na <a href=\"http:\/\/bit.ly\/1acNApR\" target=\"_blank\" rel=\"noopener\">educa\u00e7\u00e3o<\/a> foi realizada na quarta-feira, 6 de julho, no Centro, com a presen\u00e7a de servidores p\u00fablicos, entre eles <a href=\"http:\/\/bit.ly\/29heFj6\" target=\"_blank\" rel=\"noopener\">professores atualmente em greve<\/a> por melhores sal\u00e1rios e condi\u00e7\u00f5es de trabalho.<\/p>\n<p>Na quinta-feira, 17 de julho, um <a href=\"http:\/\/bit.ly\/29PpOgC\" target=\"_blank\" rel=\"noopener\">protesto e um debate contra as Olimp\u00edadas<\/a> e os problemas a ela relacionados ocorreram na UERJ, localizada pr\u00f3xima ao <a href=\"http:\/\/bit.ly\/1nid1lU\" target=\"_blank\" rel=\"noopener\">Est\u00e1dio do Maracan\u00e3<\/a>, <a href=\"http:\/\/bit.ly\/WximDf\" target=\"_blank\" rel=\"noopener\">Zona Norte<\/a> da cidade. Cerca de 80 pessoas participaram da passeata e compareceram ao debate cujos temas foram os cortes nos servi\u00e7os p\u00fablicos essenciais e as viola\u00e7\u00f5es relacionadas aos Jogos. O painel contou com a presen\u00e7a do advogado e professor <a href=\"http:\/\/bit.ly\/29Gofym\" target=\"_blank\" rel=\"noopener\">Alexandre Ferreira Magalh\u00e3es<\/a> e de Inalva Mendes, moradora removida da <a href=\"http:\/\/bit.ly\/Nfddvg\" target=\"_blank\" rel=\"noopener\">Vila Aut\u00f3dromo<\/a> convidada e membro do <a href=\"http:\/\/bit.ly\/1cSGbhy\" target=\"_blank\" rel=\"noopener\">Comit\u00ea Popular da Copa do Mundo e das Olimp\u00edadas<\/a>.<\/p>\n<p>Para as pr\u00f3ximas semanas outros protestos e eventos est\u00e3o sendo organizados, incluindo manifesta\u00e7\u00f5es p\u00fablicas centralizadas na cidade e protestos organizados pelas comunidades nas favelas afetadas pelos Jogos.<\/p>\n<p>No dia 16 de julho, o <a href=\"http:\/\/bit.ly\/1CLd514\" target=\"_blank\" rel=\"noopener\">Coletivo Papo Reto<\/a> e o jornal comunit\u00e1rio <a href=\"http:\/\/bit.ly\/29wblW9\" target=\"_blank\" rel=\"noopener\">Voz das Comunidades<\/a> far\u00e3o um protesto no <a href=\"http:\/\/bit.ly\/U0MiGm\" target=\"_blank\" rel=\"noopener\">Complexo do Alem\u00e3o<\/a> chamado de \u201c<a href=\"http:\/\/bit.ly\/29xUrrq\" target=\"_blank\" rel=\"noopener\">A Nossa Tocha Ol\u00edmpica<\/a>\u201d: \u201cDiante da situa\u00e7\u00e3o complexa que tem acontecido no Rio de Janeiro, por conta das Olimp\u00edadas 2016, onde parte da cidade festeja e outra sangra, como a nossa favela &#8211; o Complexo do Alem\u00e3o &#8211; e tantas outras&#8221;.<\/p>\n<p>Manifesta\u00e7\u00f5es j\u00e1 est\u00e3o sendo organizadas para a semana da Cerim\u00f4nia de Abertura dos Jogos Ol\u00edmpicos, com <a href=\"http:\/\/bit.ly\/29I3OEA\" target=\"_blank\" rel=\"noopener\">cinco dias de ativismo<\/a> programados para o per\u00edodo de 1 a 5 de agosto. O evento do Facebook denominado \u201c<a href=\"http:\/\/bit.ly\/29xWprJ\" target=\"_blank\" rel=\"noopener\">Vamos Apagar a Tocha no Rio!<\/a>\u201d, marcado para o dia 2 de agosto, j\u00e1 espera contar com mais de 15.000 participantes. Uma grande manifesta\u00e7\u00e3o est\u00e1 sendo organizada para o dia da Cerim\u00f4nia de Abertura, a qual unir\u00e1 v\u00e1rios eventos do Facebook e potencialmente contar\u00e1 com milhares de manifestantes. Segundo a descri\u00e7\u00e3o do evento <a href=\"http:\/\/bit.ly\/29rnMCJ\" target=\"_blank\" rel=\"noopener\">Rio 2016 &#8211; Os Jogos da Exclus\u00e3o<\/a>: \u201cEm uma cidade onde o abismo da <a href=\"http:\/\/bit.ly\/1owRf9p\" target=\"_blank\" rel=\"noopener\">desigualdade<\/a> cresce cada vez mais, a base de tratores, tiros e bombas, \u00e9 fundamental prosseguir e avan\u00e7ar na luta pelo <a href=\"http:\/\/bit.ly\/GRb6lx\" target=\"_blank\" rel=\"noopener\">direito \u00e0 cidade<\/a>, pela democracia e pela justi\u00e7a social&#8221;.<\/p>\n<!-- AddThis Advanced Settings generic via filter on the_content --><!-- AddThis Share Buttons generic via filter on the_content -->","protected":false},"excerpt":{"rendered":"<div class=\"mh-excerpt\"><p>Click Here for English Com a proximidade dos Jogos, in\u00fameros protestos contra as Olimp\u00edadas j\u00e1 ocorreram e outros est\u00e3o sendo organizados no Rio de Janeiro Na noite do dia 5 de julho, centenas de pessoas <a class=\"mh-excerpt-more\" href=\"https:\/\/rioonwatch.org.br\/?p=20778\" title=\"Protestos Anti-Olimp\u00edadas Ganham Ritmo no Rio\">[&#8230;]<\/a><!-- AddThis Advanced Settings generic via filter on get_the_excerpt --><!-- AddThis Share Buttons generic via filter on get_the_excerpt --><\/p>\n<\/div>","protected":false},"author":129,"featured_media":20782,"comment_status":"closed","ping_status":"closed","sticky":false,"template":"","format":"standard","meta":{"_acf_changed":false,"_monsterinsights_skip_tracking":false,"_monsterinsights_sitenote_active":false,"_monsterinsights_sitenote_note":"","_monsterinsights_sitenote_category":0,"footnotes":""},"categories":[1635,1627,346,1626,1612],"tags":[309,259,745,217,88,1418,1240,78,763,14,432,1364,920,52,218],"writer":[1880],"translator":[1876],"source":[],"ilustrador":[],"fotografo":[],"class_list":{"0":"post-20778","1":"post","2":"type-post","3":"status-publish","4":"format-standard","5":"has-post-thumbnail","7":"category-1635","8":"category-relato-de-evento","9":"category-denuncias","10":"category-por-observadores-internacionais","11":"category-sociedade-civil","12":"tag-ativismo","13":"tag-centro","14":"tag-comite-popular","15":"tag-complexo-do-alemao","16":"tag-direitos-humanos","17":"tag-coletivo-papo-reto","18":"tag-megaeventos","19":"tag-olimpiadas","20":"tag-protesto","21":"tag-remocao","22":"tag-resistencia","23":"tag-violacoes","24":"tag-violencia-de-estado","25":"tag-violencia-policial","26":"tag-zona-norte","27":"writer-alejandra-oconnell","28":"translator-wendel-castanho"},"acf":[],"yoast_head":"<!-- This site is optimized with the Yoast SEO plugin v25.6 - https:\/\/yoast.com\/wordpress\/plugins\/seo\/ -->\n<title>Protestos Anti-Olimp\u00edadas Ganham Ritmo no Rio - RioOnWatch<\/title>\n<meta name=\"robots\" content=\"index, follow, max-snippet:-1, max-image-preview:large, max-video-preview:-1\" \/>\n<link rel=\"canonical\" href=\"https:\/\/rioonwatch.org.br\/?p=20778\" \/>\n<meta property=\"og:locale\" content=\"pt_BR\" \/>\n<meta property=\"og:type\" content=\"article\" \/>\n<meta property=\"og:title\" content=\"Protestos Anti-Olimp\u00edadas Ganham Ritmo no Rio - RioOnWatch\" \/>\n<meta property=\"og:description\" content=\"Click Here for English Com a proximidade dos Jogos, in\u00fameros protestos contra as Olimp\u00edadas j\u00e1 ocorreram e outros est\u00e3o sendo organizados no Rio de Janeiro Na noite do dia 5 de julho, centenas de pessoas [...]\" \/>\n<meta property=\"og:url\" content=\"https:\/\/rioonwatch.org.br\/?p=20778\" \/>\n<meta property=\"og:site_name\" content=\"RioOnWatch\" \/>\n<meta property=\"article:published_time\" content=\"2016-07-12T11:37:41+00:00\" \/>\n<meta property=\"article:modified_time\" content=\"2024-06-20T19:26:44+00:00\" \/>\n<meta property=\"og:image\" content=\"https:\/\/rioonwatch.org.br\/wp-content\/uploads\/2016\/07\/13620123_359243817532533_7900675623025136359_n.jpg\" \/>\n\t<meta property=\"og:image:width\" content=\"960\" \/>\n\t<meta property=\"og:image:height\" content=\"720\" \/>\n\t<meta property=\"og:image:type\" content=\"image\/jpeg\" \/>\n<meta name=\"author\" content=\"Admin\" \/>\n<meta name=\"twitter:card\" content=\"summary_large_image\" \/>\n<meta name=\"twitter:label1\" content=\"Escrito por\" \/>\n\t<meta name=\"twitter:data1\" content=\"Admin\" \/>\n\t<meta name=\"twitter:label2\" content=\"Est. tempo de leitura\" \/>\n\t<meta name=\"twitter:data2\" content=\"3 minutos\" \/>\n<script type=\"application\/ld+json\" class=\"yoast-schema-graph\">{\"@context\":\"https:\/\/schema.org\",\"@graph\":[{\"@type\":\"Article\",\"@id\":\"https:\/\/rioonwatch.org.br\/?p=20778#article\",\"isPartOf\":{\"@id\":\"https:\/\/rioonwatch.org.br\/?p=20778\"},\"author\":{\"name\":\"Admin\",\"@id\":\"https:\/\/rioonwatch.org.br\/#\/schema\/person\/11d64c290506f9df50c71b850c473f68\"},\"headline\":\"Protestos Anti-Olimp\u00edadas Ganham Ritmo no Rio\",\"datePublished\":\"2016-07-12T11:37:41+00:00\",\"dateModified\":\"2024-06-20T19:26:44+00:00\",\"mainEntityOfPage\":{\"@id\":\"https:\/\/rioonwatch.org.br\/?p=20778\"},\"wordCount\":677,\"publisher\":{\"@id\":\"https:\/\/rioonwatch.org.br\/#organization\"},\"image\":{\"@id\":\"https:\/\/rioonwatch.org.br\/?p=20778#primaryimage\"},\"thumbnailUrl\":\"https:\/\/rioonwatch.org.br\/wp-content\/uploads\/2016\/07\/13620123_359243817532533_7900675623025136359_n.jpg\",\"keywords\":[\"ativismo\",\"Centro\",\"Comit\u00ea Popular\",\"Complexo do Alem\u00e3o\",\"Direitos Humanos\",\"Instituto Papo Reto\",\"Megaeventos\",\"Olimp\u00edadas\",\"protesto\",\"Remo\u00e7\u00e3o\",\"resist\u00eancia\",\"viola\u00e7\u00f5es\",\"viol\u00eancia de Estado\",\"viol\u00eancia policial\",\"Zona Norte\"],\"articleSection\":[\"#Rio2016\",\"Cobertura de Eventos\",\"Den\u00fancias\",\"Escrito por Aliados\",\"Sociedade Civil\"],\"inLanguage\":\"pt-BR\"},{\"@type\":\"WebPage\",\"@id\":\"https:\/\/rioonwatch.org.br\/?p=20778\",\"url\":\"https:\/\/rioonwatch.org.br\/?p=20778\",\"name\":\"Protestos Anti-Olimp\u00edadas Ganham Ritmo no Rio - RioOnWatch\",\"isPartOf\":{\"@id\":\"https:\/\/rioonwatch.org.br\/#website\"},\"primaryImageOfPage\":{\"@id\":\"https:\/\/rioonwatch.org.br\/?p=20778#primaryimage\"},\"image\":{\"@id\":\"https:\/\/rioonwatch.org.br\/?p=20778#primaryimage\"},\"thumbnailUrl\":\"https:\/\/rioonwatch.org.br\/wp-content\/uploads\/2016\/07\/13620123_359243817532533_7900675623025136359_n.jpg\",\"datePublished\":\"2016-07-12T11:37:41+00:00\",\"dateModified\":\"2024-06-20T19:26:44+00:00\",\"breadcrumb\":{\"@id\":\"https:\/\/rioonwatch.org.br\/?p=20778#breadcrumb\"},\"inLanguage\":\"pt-BR\",\"potentialAction\":[{\"@type\":\"ReadAction\",\"target\":[\"https:\/\/rioonwatch.org.br\/?p=20778\"]}]},{\"@type\":\"ImageObject\",\"inLanguage\":\"pt-BR\",\"@id\":\"https:\/\/rioonwatch.org.br\/?p=20778#primaryimage\",\"url\":\"https:\/\/rioonwatch.org.br\/wp-content\/uploads\/2016\/07\/13620123_359243817532533_7900675623025136359_n.jpg\",\"contentUrl\":\"https:\/\/rioonwatch.org.br\/wp-content\/uploads\/2016\/07\/13620123_359243817532533_7900675623025136359_n.jpg\",\"width\":960,\"height\":720},{\"@type\":\"BreadcrumbList\",\"@id\":\"https:\/\/rioonwatch.org.br\/?p=20778#breadcrumb\",\"itemListElement\":[{\"@type\":\"ListItem\",\"position\":1,\"name\":\"In\u00edcio\",\"item\":\"https:\/\/rioonwatch.org.br\/\"},{\"@type\":\"ListItem\",\"position\":2,\"name\":\"Protestos Anti-Olimp\u00edadas Ganham Ritmo no Rio\"}]},{\"@type\":\"WebSite\",\"@id\":\"https:\/\/rioonwatch.org.br\/#website\",\"url\":\"https:\/\/rioonwatch.org.br\/\",\"name\":\"RioOnWatch\",\"description\":\"relatos das favelas cariocas\",\"publisher\":{\"@id\":\"https:\/\/rioonwatch.org.br\/#organization\"},\"potentialAction\":[{\"@type\":\"SearchAction\",\"target\":{\"@type\":\"EntryPoint\",\"urlTemplate\":\"https:\/\/rioonwatch.org.br\/?s={search_term_string}\"},\"query-input\":{\"@type\":\"PropertyValueSpecification\",\"valueRequired\":true,\"valueName\":\"search_term_string\"}}],\"inLanguage\":\"pt-BR\"},{\"@type\":\"Organization\",\"@id\":\"https:\/\/rioonwatch.org.br\/#organization\",\"name\":\"RioOnWatch\",\"url\":\"https:\/\/rioonwatch.org.br\/\",\"logo\":{\"@type\":\"ImageObject\",\"inLanguage\":\"pt-BR\",\"@id\":\"https:\/\/rioonwatch.org.br\/#\/schema\/logo\/image\/\",\"url\":\"https:\/\/rioonwatch.org.br\/wp-content\/uploads\/2021\/06\/RioOnWatchcabecalhoPT11anos-2.png\",\"contentUrl\":\"https:\/\/rioonwatch.org.br\/wp-content\/uploads\/2021\/06\/RioOnWatchcabecalhoPT11anos-2.png\",\"width\":779,\"height\":277,\"caption\":\"RioOnWatch\"},\"image\":{\"@id\":\"https:\/\/rioonwatch.org.br\/#\/schema\/logo\/image\/\"}},{\"@type\":\"Person\",\"@id\":\"https:\/\/rioonwatch.org.br\/#\/schema\/person\/11d64c290506f9df50c71b850c473f68\",\"name\":\"Admin\",\"image\":{\"@type\":\"ImageObject\",\"inLanguage\":\"pt-BR\",\"@id\":\"https:\/\/rioonwatch.org.br\/#\/schema\/person\/image\/\",\"url\":\"https:\/\/secure.gravatar.com\/avatar\/56211ac74568383903349a1485e3c325?s=96&d=blank&r=g\",\"contentUrl\":\"https:\/\/secure.gravatar.com\/avatar\/56211ac74568383903349a1485e3c325?s=96&d=blank&r=g\",\"caption\":\"Admin\"},\"url\":\"https:\/\/rioonwatch.org.br\/?author=129\"}]}<\/script>\n<!-- \/ Yoast SEO plugin. -->","yoast_head_json":{"title":"Protestos Anti-Olimp\u00edadas Ganham Ritmo no Rio - RioOnWatch","robots":{"index":"index","follow":"follow","max-snippet":"max-snippet:-1","max-image-preview":"max-image-preview:large","max-video-preview":"max-video-preview:-1"},"canonical":"https:\/\/rioonwatch.org.br\/?p=20778","og_locale":"pt_BR","og_type":"article","og_title":"Protestos Anti-Olimp\u00edadas Ganham Ritmo no Rio - RioOnWatch","og_description":"Click Here for English Com a proximidade dos Jogos, in\u00fameros protestos contra as Olimp\u00edadas j\u00e1 ocorreram e outros est\u00e3o sendo organizados no Rio de Janeiro Na noite do dia 5 de julho, centenas de pessoas [...]","og_url":"https:\/\/rioonwatch.org.br\/?p=20778","og_site_name":"RioOnWatch","article_published_time":"2016-07-12T11:37:41+00:00","article_modified_time":"2024-06-20T19:26:44+00:00","og_image":[{"width":960,"height":720,"url":"https:\/\/rioonwatch.org.br\/wp-content\/uploads\/2016\/07\/13620123_359243817532533_7900675623025136359_n.jpg","type":"image\/jpeg"}],"author":"Admin","twitter_card":"summary_large_image","twitter_misc":{"Escrito por":"Admin","Est. tempo de leitura":"3 minutos"},"schema":{"@context":"https:\/\/schema.org","@graph":[{"@type":"Article","@id":"https:\/\/rioonwatch.org.br\/?p=20778#article","isPartOf":{"@id":"https:\/\/rioonwatch.org.br\/?p=20778"},"author":{"name":"Admin","@id":"https:\/\/rioonwatch.org.br\/#\/schema\/person\/11d64c290506f9df50c71b850c473f68"},"headline":"Protestos Anti-Olimp\u00edadas Ganham Ritmo no Rio","datePublished":"2016-07-12T11:37:41+00:00","dateModified":"2024-06-20T19:26:44+00:00","mainEntityOfPage":{"@id":"https:\/\/rioonwatch.org.br\/?p=20778"},"wordCount":677,"publisher":{"@id":"https:\/\/rioonwatch.org.br\/#organization"},"image":{"@id":"https:\/\/rioonwatch.org.br\/?p=20778#primaryimage"},"thumbnailUrl":"https:\/\/rioonwatch.org.br\/wp-content\/uploads\/2016\/07\/13620123_359243817532533_7900675623025136359_n.jpg","keywords":["ativismo","Centro","Comit\u00ea Popular","Complexo do Alem\u00e3o","Direitos Humanos","Instituto Papo Reto","Megaeventos","Olimp\u00edadas","protesto","Remo\u00e7\u00e3o","resist\u00eancia","viola\u00e7\u00f5es","viol\u00eancia de Estado","viol\u00eancia policial","Zona Norte"],"articleSection":["#Rio2016","Cobertura de Eventos","Den\u00fancias","Escrito por Aliados","Sociedade Civil"],"inLanguage":"pt-BR"},{"@type":"WebPage","@id":"https:\/\/rioonwatch.org.br\/?p=20778","url":"https:\/\/rioonwatch.org.br\/?p=20778","name":"Protestos Anti-Olimp\u00edadas Ganham Ritmo no Rio - RioOnWatch","isPartOf":{"@id":"https:\/\/rioonwatch.org.br\/#website"},"primaryImageOfPage":{"@id":"https:\/\/rioonwatch.org.br\/?p=20778#primaryimage"},"image":{"@id":"https:\/\/rioonwatch.org.br\/?p=20778#primaryimage"},"thumbnailUrl":"https:\/\/rioonwatch.org.br\/wp-content\/uploads\/2016\/07\/13620123_359243817532533_7900675623025136359_n.jpg","datePublished":"2016-07-12T11:37:41+00:00","dateModified":"2024-06-20T19:26:44+00:00","breadcrumb":{"@id":"https:\/\/rioonwatch.org.br\/?p=20778#breadcrumb"},"inLanguage":"pt-BR","potentialAction":[{"@type":"ReadAction","target":["https:\/\/rioonwatch.org.br\/?p=20778"]}]},{"@type":"ImageObject","inLanguage":"pt-BR","@id":"https:\/\/rioonwatch.org.br\/?p=20778#primaryimage","url":"https:\/\/rioonwatch.org.br\/wp-content\/uploads\/2016\/07\/13620123_359243817532533_7900675623025136359_n.jpg","contentUrl":"https:\/\/rioonwatch.org.br\/wp-content\/uploads\/2016\/07\/13620123_359243817532533_7900675623025136359_n.jpg","width":960,"height":720},{"@type":"BreadcrumbList","@id":"https:\/\/rioonwatch.org.br\/?p=20778#breadcrumb","itemListElement":[{"@type":"ListItem","position":1,"name":"In\u00edcio","item":"https:\/\/rioonwatch.org.br\/"},{"@type":"ListItem","position":2,"name":"Protestos Anti-Olimp\u00edadas Ganham Ritmo no Rio"}]},{"@type":"WebSite","@id":"https:\/\/rioonwatch.org.br\/#website","url":"https:\/\/rioonwatch.org.br\/","name":"RioOnWatch","description":"relatos das favelas cariocas","publisher":{"@id":"https:\/\/rioonwatch.org.br\/#organization"},"potentialAction":[{"@type":"SearchAction","target":{"@type":"EntryPoint","urlTemplate":"https:\/\/rioonwatch.org.br\/?s={search_term_string}"},"query-input":{"@type":"PropertyValueSpecification","valueRequired":true,"valueName":"search_term_string"}}],"inLanguage":"pt-BR"},{"@type":"Organization","@id":"https:\/\/rioonwatch.org.br\/#organization","name":"RioOnWatch","url":"https:\/\/rioonwatch.org.br\/","logo":{"@type":"ImageObject","inLanguage":"pt-BR","@id":"https:\/\/rioonwatch.org.br\/#\/schema\/logo\/image\/","url":"https:\/\/rioonwatch.org.br\/wp-content\/uploads\/2021\/06\/RioOnWatchcabecalhoPT11anos-2.png","contentUrl":"https:\/\/rioonwatch.org.br\/wp-content\/uploads\/2021\/06\/RioOnWatchcabecalhoPT11anos-2.png","width":779,"height":277,"caption":"RioOnWatch"},"image":{"@id":"https:\/\/rioonwatch.org.br\/#\/schema\/logo\/image\/"}},{"@type":"Person","@id":"https:\/\/rioonwatch.org.br\/#\/schema\/person\/11d64c290506f9df50c71b850c473f68","name":"Admin","image":{"@type":"ImageObject","inLanguage":"pt-BR","@id":"https:\/\/rioonwatch.org.br\/#\/schema\/person\/image\/","url":"https:\/\/secure.gravatar.com\/avatar\/56211ac74568383903349a1485e3c325?s=96&d=blank&r=g","contentUrl":"https:\/\/secure.gravatar.com\/avatar\/56211ac74568383903349a1485e3c325?s=96&d=blank&r=g","caption":"Admin"},"url":"https:\/\/rioonwatch.org.br\/?author=129"}]}},"_links":{"self":[{"href":"https:\/\/rioonwatch.org.br\/index.php?rest_route=\/wp\/v2\/posts\/20778"}],"collection":[{"href":"https:\/\/rioonwatch.org.br\/index.php?rest_route=\/wp\/v2\/posts"}],"about":[{"href":"https:\/\/rioonwatch.org.br\/index.php?rest_route=\/wp\/v2\/types\/post"}],"author":[{"embeddable":true,"href":"https:\/\/rioonwatch.org.br\/index.php?rest_route=\/wp\/v2\/users\/129"}],"replies":[{"embeddable":true,"href":"https:\/\/rioonwatch.org.br\/index.php?rest_route=%2Fwp%2Fv2%2Fcomments&post=20778"}],"version-history":[{"count":11,"href":"https:\/\/rioonwatch.org.br\/index.php?rest_route=\/wp\/v2\/posts\/20778\/revisions"}],"predecessor-version":[{"id":74203,"href":"https:\/\/rioonwatch.org.br\/index.php?rest_route=\/wp\/v2\/posts\/20778\/revisions\/74203"}],"wp:featuredmedia":[{"embeddable":true,"href":"https:\/\/rioonwatch.org.br\/index.php?rest_route=\/wp\/v2\/media\/20782"}],"wp:attachment":[{"href":"https:\/\/rioonwatch.org.br\/index.php?rest_route=%2Fwp%2Fv2%2Fmedia&parent=20778"}],"wp:term":[{"taxonomy":"category","embeddable":true,"href":"https:\/\/rioonwatch.org.br\/index.php?rest_route=%2Fwp%2Fv2%2Fcategories&post=20778"},{"taxonomy":"post_tag","embeddable":true,"href":"https:\/\/rioonwatch.org.br\/index.php?rest_route=%2Fwp%2Fv2%2Ftags&post=20778"},{"taxonomy":"writer","embeddable":true,"href":"https:\/\/rioonwatch.org.br\/index.php?rest_route=%2Fwp%2Fv2%2Fwriter&post=20778"},{"taxonomy":"translator","embeddable":true,"href":"https:\/\/rioonwatch.org.br\/index.php?rest_route=%2Fwp%2Fv2%2Ftranslator&post=20778"},{"taxonomy":"source","embeddable":true,"href":"https:\/\/rioonwatch.org.br\/index.php?rest_route=%2Fwp%2Fv2%2Fsource&post=20778"},{"taxonomy":"ilustrador","embeddable":true,"href":"https:\/\/rioonwatch.org.br\/index.php?rest_route=%2Fwp%2Fv2%2Filustrador&post=20778"},{"taxonomy":"fotografo","embeddable":true,"href":"https:\/\/rioonwatch.org.br\/index.php?rest_route=%2Fwp%2Fv2%2Ffotografo&post=20778"}],"curies":[{"name":"wp","href":"https:\/\/api.w.org\/{rel}","templated":true}]}}