{"id":20794,"date":"2016-07-15T09:45:45","date_gmt":"2016-07-15T12:45:45","guid":{"rendered":"http:\/\/rioonwatch.org.br\/?p=20794"},"modified":"2024-06-20T16:26:44","modified_gmt":"2024-06-20T19:26:44","slug":"as-obras-olimpicas-e-a-destruicao-ramos-deixado-sem-areas-de-lazer-calcadas-arvores-e-muito-mais","status":"publish","type":"post","link":"https:\/\/rioonwatch.org.br\/?p=20794","title":{"rendered":"As Obras Ol\u00edmpicas e a Destrui\u00e7\u00e3o: Ramos deixado sem \u00e1reas de lazer, cal\u00e7adas, \u00e1rvores e muito mais"},"content":{"rendered":"<p style=\"text-align: right;\"><em><strong><a href=\"http:\/\/bit.ly\/2afyEmR\" target=\"_blank\" rel=\"noopener\">Click Here for English<img decoding=\"async\" width=\"20\" height=\"20\" class=\"alignright wp-image-15790\" src=\"http:\/\/rioonwatch.org.br\/wp-content\/uploads\/2012\/08\/EN-standard-e1439583104716.jpg\" alt=\"\" \/><\/a><\/strong><\/em><i><span style=\"font-weight: 400;\">\u00a0\u00a0<\/span><\/i><\/p>\n<p>Obra Ol\u00edmpica j\u00e1 inaugurada h\u00e1 dois anos, o <a href=\"http:\/\/bit.ly\/1ssUF4R\" target=\"_blank\" rel=\"noopener\">BRT TransCarioca<\/a> deixou um rastro de destrui\u00e7\u00e3o e abandono no tradicional bairro de Ramos na <a href=\"http:\/\/bit.ly\/29ymZ2T\" target=\"_blank\" rel=\"noopener\">Zona da Leopoldina<\/a>. Este corredor vi\u00e1rio de \u00f4nibus considerado essencial para receber os turistas vindos do Aeroporto Gale\u00e3o para a <a href=\"http:\/\/bit.ly\/WfaiMR\" target=\"_blank\" rel=\"noopener\">Copa 2014<\/a> e para as <a href=\"http:\/\/bit.ly\/PkLXlQ\" target=\"_blank\" rel=\"noopener\">Olimp\u00edadas Rio 2016<\/a> acabou, em sua constru\u00e7\u00e3o, ignorando o Relat\u00f3rio Ambiental Simplificado para sua <a href=\"http:\/\/bit.ly\/29Gy6mg\" target=\"_blank\" rel=\"noopener\">implanta\u00e7\u00e3o em cima da hora<\/a>. Agora moradores questionam: Olimp\u00edadas para quem?<\/p>\n<h3>Impacto Ambiental<\/h3>\n<figure id=\"attachment_20809\" aria-describedby=\"caption-attachment-20809\" style=\"width: 301px\" class=\"wp-caption alignright\"><a href=\"http:\/\/rioonwatch.org.br\/wp-content\/uploads\/2016\/07\/arvore2-1.jpg\"><img fetchpriority=\"high\" decoding=\"async\" class=\"wp-image-20809\" title=\"\u00c1rvores foram cortadas para a implanta\u00e7\u00e3o do BRT Transcarioca.\" src=\"http:\/\/rioonwatch.org.br\/wp-content\/uploads\/2016\/07\/arvore2-1-452x264.jpg\" alt=\"\u00c1rvores foram cortadas para a implanta\u00e7\u00e3o do BRT Transcarioca.\" width=\"301\" height=\"179\" srcset=\"https:\/\/rioonwatch.org.br\/wp-content\/uploads\/2016\/07\/arvore2-1-444x264.jpg 444w, https:\/\/rioonwatch.org.br\/wp-content\/uploads\/2016\/07\/arvore2-1.jpg 452w\" sizes=\"(max-width: 301px) 100vw, 301px\" \/><\/a><figcaption id=\"caption-attachment-20809\" class=\"wp-caption-text\">\u00c1rvores foram cortadas para a implanta\u00e7\u00e3o do BRT TransCarioca.<\/figcaption><\/figure>\n<p>A regi\u00e3o de <a href=\"http:\/\/bit.ly\/29ynUjZ\" target=\"_blank\" rel=\"noopener\">Ramos<\/a> \u00e9 uma das <a href=\"http:\/\/bit.ly\/1mPdgHl\" target=\"_blank\" rel=\"noopener\">mais atingidas pela Ilha de Calor<\/a>\u00a0que avassala a <a href=\"http:\/\/bit.ly\/WximDf\" target=\"_blank\" rel=\"noopener\">Zona Norte<\/a> do Rio e registrou uma grande perda de cobertura vegetal em suas ruas.<\/p>\n<p>As poucas pra\u00e7as tamb\u00e9m arborizadas que existiam antes das obras do \u201c<a href=\"http:\/\/bit.ly\/1ps41Xf\" target=\"_blank\" rel=\"noopener\">Legado Ol\u00edmpico<\/a>\u201d foram originalmente diagnosticadas como insuficientes pela pr\u00f3pria Prefeitura do Rio, atrav\u00e9s do RAS\u2013<a href=\"http:\/\/bit.ly\/29Gi9C1\" target=\"_blank\" rel=\"noopener\">Relat\u00f3rio Ambiental Simplificado do BRT TransCarioca<\/a>, Lote 2:<\/p>\n<blockquote><p>&#8220;As pra\u00e7as, segundo os dados do IPP, s\u00e3o o tipo de espa\u00e7o p\u00fablico mais comum nos bairros estudados, nas quais a popula\u00e7\u00e3o pode encontrar brinquedos infantis, quadras de esporte, bem como realizar atividades de comunh\u00e3o social. A aus\u00eancia de parques em todos os bairros e a aus\u00eancia de jardins em\u00a0Ramos, Olaria e Penha&#8211;bairros densamente habitados&#8211;nos revela que as pra\u00e7as s\u00e3o os espa\u00e7os fornecidos pelo Estado para a socializa\u00e7\u00e3o. No entanto, essas ainda\u00a0se mostram em quantidade insuficiente, considerando as necessidades locais.&#8221;<\/p>\n<p>&#8211;\u00a0Secretaria Municipal de Obras Coordenadoria Geral de Obras 5\u00aa Ger\u00eancia de Obras<\/p><\/blockquote>\n<figure id=\"attachment_20799\" aria-describedby=\"caption-attachment-20799\" style=\"width: 620px\" class=\"wp-caption aligncenter\"><a href=\"http:\/\/rioonwatch.org.br\/wp-content\/uploads\/2016\/07\/20150127_144250-1.jpg\"><img decoding=\"async\" class=\"wp-image-20799 size-medium\" title=\"Ruas residenciais, antes arborizadas, viraram estufas de calor irradiado de concreto sem cal\u00e7adas. No canto superior a direita, a placa informa uma zona 20km\/h, indicando a possibilidade de crian\u00e7as na pista do BRT.\" src=\"http:\/\/rioonwatch.org.br\/wp-content\/uploads\/2016\/07\/20150127_144250-1-620x349.jpg\" alt=\"20150127_144250 (1)\" width=\"620\" height=\"349\" srcset=\"https:\/\/rioonwatch.org.br\/wp-content\/uploads\/2016\/07\/20150127_144250-1-620x349.jpg 620w, https:\/\/rioonwatch.org.br\/wp-content\/uploads\/2016\/07\/20150127_144250-1-469x264.jpg 469w, https:\/\/rioonwatch.org.br\/wp-content\/uploads\/2016\/07\/20150127_144250-1-768x432.jpg 768w, https:\/\/rioonwatch.org.br\/wp-content\/uploads\/2016\/07\/20150127_144250-1-1024x576.jpg 1024w, https:\/\/rioonwatch.org.br\/wp-content\/uploads\/2016\/07\/20150127_144250-1-580x326.jpg 580w, https:\/\/rioonwatch.org.br\/wp-content\/uploads\/2016\/07\/20150127_144250-1-174x98.jpg 174w\" sizes=\"(max-width: 620px) 100vw, 620px\" \/><\/a><figcaption id=\"caption-attachment-20799\" class=\"wp-caption-text\">Ruas residenciais, antes arborizadas, viraram estufas de calor irradiado de concreto sem cal\u00e7adas. No canto superior a direita, a placa informa uma zona 20km\/h, indicando a possibilidade de crian\u00e7as na pista do BRT.<\/figcaption><\/figure>\n<p>Mas a Prefeitura do Rio n\u00e3o teve aten\u00e7\u00e3o a este item do Relat\u00f3rio e conseguiu, com o trajeto do <a href=\"http:\/\/bit.ly\/19EtYAY\" target=\"_blank\" rel=\"noopener\">BRT<\/a>, <a href=\"http:\/\/glo.bo\/29zy1kz\" target=\"_blank\" rel=\"noopener\">eliminar tamb\u00e9m as poucas \u00e1reas<\/a> de <a href=\"http:\/\/bit.ly\/1wcf1Pv\" target=\"_blank\" rel=\"noopener\">esporte<\/a> e <a href=\"http:\/\/bit.ly\/1jBZRw0\" target=\"_blank\" rel=\"noopener\">lazer p\u00fablicos<\/a> da regi\u00e3o,\u00a0<a href=\"http:\/\/glo.bo\/1MNxyam\" target=\"_blank\" rel=\"noopener\">destruindo quatro pra\u00e7as do bairro<\/a>\u00a0e deixando toda uma regi\u00e3o da Cidade Ol\u00edmpica <a href=\"http:\/\/glo.bo\/2a16NaT\" target=\"_blank\" rel=\"noopener\">sem op\u00e7\u00f5es de \u00e1reas verdes, lazer e esporte<\/a>, contr\u00e1rio a tudo que uma Olimp\u00edada moderna deveria se propor a prover para cidade que a sedia.<\/p>\n<h3>Obra n\u00e3o conclu\u00edda<\/h3>\n<p>Al\u00e9m de constar, no RAS do BRT TransCarioca, a quantidade insuficiente de \u00e1reas verdes e de lazer e esporte na regi\u00e3o, outro item disposto no RAS tamb\u00e9m n\u00e3o ganhou aten\u00e7\u00e3o necess\u00e1ria para a conclus\u00e3o da obra:<\/p>\n<blockquote><p>\u201cReurbaniza\u00e7\u00e3o da \u00e1rea de influ\u00eancia direta da obra, com melhorias das vias, de nova sinaliza\u00e7\u00e3o e um sistema de ilumina\u00e7\u00e3o mais moderno, al\u00e9m da cria\u00e7\u00e3o de novas \u00e1reas verdes e de lazer.\u201d<\/p><\/blockquote>\n<figure id=\"attachment_20801\" aria-describedby=\"caption-attachment-20801\" style=\"width: 620px\" class=\"wp-caption aligncenter\"><a href=\"http:\/\/rioonwatch.org.br\/wp-content\/uploads\/2016\/07\/20150217_085645.jpg\"><img loading=\"lazy\" decoding=\"async\" class=\"wp-image-20801 size-content\" title=\"Arruamento paralelo ao BRT n\u00e3o foi cal\u00e7ado.\" src=\"http:\/\/rioonwatch.org.br\/wp-content\/uploads\/2016\/07\/20150217_085645-620x264.jpg\" alt=\"20150217_085645\" width=\"620\" height=\"264\" srcset=\"https:\/\/rioonwatch.org.br\/wp-content\/uploads\/2016\/07\/20150217_085645-620x264.jpg 620w, https:\/\/rioonwatch.org.br\/wp-content\/uploads\/2016\/07\/20150217_085645-940x400.jpg 940w\" sizes=\"(max-width: 620px) 100vw, 620px\" \/><\/a><figcaption id=\"caption-attachment-20801\" class=\"wp-caption-text\">Arruamento paralelo ao BRT n\u00e3o foi cal\u00e7ado.<\/figcaption><\/figure>\n<p>Na realidade, as vias do entorno n\u00e3o receberam melhorias, e em alguns casos, foram simplesmente abandonadas. A <a href=\"http:\/\/bit.ly\/2a17z7Y\" target=\"_blank\" rel=\"noopener\">mobilidade na regi\u00e3o foi comprometida<\/a> pela obra\u00a0e a <a href=\"http:\/\/bit.ly\/2acXAsH\" target=\"_blank\" rel=\"noopener\">reconstru\u00e7\u00e3o ignorada<\/a>.<\/p>\n<figure id=\"attachment_20800\" aria-describedby=\"caption-attachment-20800\" style=\"width: 620px\" class=\"wp-caption aligncenter\"><a href=\"http:\/\/rioonwatch.org.br\/wp-content\/uploads\/2016\/07\/20150217_090744.jpg\"><img loading=\"lazy\" decoding=\"async\" class=\"wp-image-20800 size-content\" title=\"Passarela deixada pela metade ap\u00f3s inaugura\u00e7\u00e3o do BRT Transcarioca.\" src=\"http:\/\/rioonwatch.org.br\/wp-content\/uploads\/2016\/07\/20150217_090744-620x264.jpg\" alt=\"20150217_090744\" width=\"620\" height=\"264\" srcset=\"https:\/\/rioonwatch.org.br\/wp-content\/uploads\/2016\/07\/20150217_090744-620x264.jpg 620w, https:\/\/rioonwatch.org.br\/wp-content\/uploads\/2016\/07\/20150217_090744-940x400.jpg 940w\" sizes=\"(max-width: 620px) 100vw, 620px\" \/><\/a><figcaption id=\"caption-attachment-20800\" class=\"wp-caption-text\">Passarela deixada pela metade ap\u00f3s inaugura\u00e7\u00e3o do BRT TransCarioca.<\/figcaption><\/figure>\n<p>Com tr\u00eas semanas para\u00a0as Olimp\u00edadas, esta situa\u00e7\u00e3o se mant\u00e9m e os moradores de Ramos se veem <a href=\"http:\/\/bit.ly\/1Y4mr4h\" target=\"_blank\" rel=\"noopener\">bem distantes<\/a> do prometido\u00a0<a href=\"http:\/\/bit.ly\/1ohImlp\" target=\"_blank\" rel=\"noopener\">Legado Ol\u00edmpico do Rio<\/a>, da declarada \u201cCidade Ol\u00edmpica\u201d.<\/p>\n<p><a href=\"http:\/\/rioonwatch.org.br\/wp-content\/uploads\/2016\/07\/Comp_Legado.jpg\"><img loading=\"lazy\" decoding=\"async\" class=\"aligncenter size-medium wp-image-20802\" src=\"http:\/\/rioonwatch.org.br\/wp-content\/uploads\/2016\/07\/Comp_Legado-620x349.jpg\" alt=\"Comp_Legado\" width=\"620\" height=\"349\" srcset=\"https:\/\/rioonwatch.org.br\/wp-content\/uploads\/2016\/07\/Comp_Legado-620x349.jpg 620w, https:\/\/rioonwatch.org.br\/wp-content\/uploads\/2016\/07\/Comp_Legado-469x264.jpg 469w, https:\/\/rioonwatch.org.br\/wp-content\/uploads\/2016\/07\/Comp_Legado-768x432.jpg 768w, https:\/\/rioonwatch.org.br\/wp-content\/uploads\/2016\/07\/Comp_Legado-1024x576.jpg 1024w, https:\/\/rioonwatch.org.br\/wp-content\/uploads\/2016\/07\/Comp_Legado-580x326.jpg 580w, https:\/\/rioonwatch.org.br\/wp-content\/uploads\/2016\/07\/Comp_Legado-174x98.jpg 174w, https:\/\/rioonwatch.org.br\/wp-content\/uploads\/2016\/07\/Comp_Legado.jpg 1280w\" sizes=\"(max-width: 620px) 100vw, 620px\" \/><\/a><\/p>\n<p>Vanio Korrea, morador de Ramos h\u00e1 40 anos, deixa clara sua indigna\u00e7\u00e3o:<\/p>\n<blockquote><p><em>&#8220;A Zona da Leopoldina foi tratada apenas como uma \u00e1rea de passagem entre o Gale\u00e3o e a Barra da Tijuca nas obras ol\u00edmpicas, sempre foi preterida em investimentos municipais e estaduais e quando finalmente a Prefeitura interv\u00e9m na regi\u00e3o, n\u00e3o melhora a qualidade de vida dos moradores nos seus bairros. Pelo contr\u00e1rio, piora.<\/em><\/p>\n<p><em>J\u00e1 n\u00e3o t\u00ednhamos <a href=\"http:\/\/bit.ly\/1jZVyaS\" target=\"_blank\" rel=\"noopener\">\u00e1reas p\u00fablicas de lazer<\/a> e o pouco que t\u00ednhamos foi destru\u00eddo, nada foi reposto ou compensado. Um bairro, como Ramos, com uma enorme \u00e1rea residencial como a nossa, deveria contar com uma grande \u00e1rea de lazer, mas agora, nem sequer pracinhas t\u00eam e as crian\u00e7as brincam nas calhas do BRT correndo risco de morte. Os projetos culturais planejados para o resgate dos antigos cinemas, fechados desde a d\u00e9cada de 80, n\u00e3o avan\u00e7am e n\u00e3o ganham novas roupagens, como centros de educa\u00e7\u00e3o e forma\u00e7\u00e3o ou culturais. A acessibilidade \u00e9 um conceito que passa longe de Olaria e Ramos e de outros bairros da Zona da Leopoldina, j\u00e1 que como bairros cortados pela linha f\u00e9rrea, precisam de rampas e passarela. Mas na contram\u00e3o disso, perdemos mais uma passarela.<\/em><\/p>\n<p><em>Parece incoerente o Prefeito alegar que o viaduto da Perimetral deixava a cidade feia, mas constr\u00f3i mais um em um bairro residencial para a passagem do BRT. Ficamos com a n\u00edtida impress\u00e3o que somos apenas isto, um lugar para o BRT passar, onde n\u00e3o moram cariocas com o mesmo direito de acesso ao lazer, esportes e cultura do resto da cidade! At\u00e9 mesmo sair de nossa regi\u00e3o para buscar a cidade em outros bairros nos foi dificultado com os <a href=\"http:\/\/bit.ly\/1PHlaNC\" target=\"_blank\" rel=\"noopener\">cortes de linhas de \u00f4nibus<\/a>: Ganhamos uma declarada obra de <a href=\"http:\/\/bit.ly\/1WkJojx\" target=\"_blank\" rel=\"noopener\">mobilidade<\/a> e perdemos a mesma! Queremos tamb\u00e9m <a href=\"http:\/\/bit.ly\/1FKOexi\" target=\"_blank\" rel=\"noopener\">direito a cidade<\/a> e a cidadania.&#8221;<\/em><\/p><\/blockquote>\n<figure id=\"attachment_20804\" aria-describedby=\"caption-attachment-20804\" style=\"width: 620px\" class=\"wp-caption aligncenter\"><a href=\"http:\/\/rioonwatch.org.br\/wp-content\/uploads\/2016\/07\/20150121_113442.jpg\"><img loading=\"lazy\" decoding=\"async\" class=\"wp-image-20804 size-content\" title=\"\u00c1rea abandonada ap\u00f3s as obras, sem funcionalidade urbana.\" src=\"http:\/\/rioonwatch.org.br\/wp-content\/uploads\/2016\/07\/20150121_113442-620x264.jpg\" alt=\"20150121_113442\" width=\"620\" height=\"264\" srcset=\"https:\/\/rioonwatch.org.br\/wp-content\/uploads\/2016\/07\/20150121_113442-620x264.jpg 620w, https:\/\/rioonwatch.org.br\/wp-content\/uploads\/2016\/07\/20150121_113442-940x400.jpg 940w\" sizes=\"(max-width: 620px) 100vw, 620px\" \/><\/a><figcaption id=\"caption-attachment-20804\" class=\"wp-caption-text\">\u00c1rea abandonada ap\u00f3s as obras, sem funcionalidade urbana.<\/figcaption><\/figure>\n<h3>O prefeito &#8220;n\u00fa&#8221;<\/h3>\n<p>Baseado no cl\u00e1ssico conto do dinamarqu\u00eas <a href=\"http:\/\/bit.ly\/29REx9w\" target=\"_blank\" rel=\"noopener\">Hans Christian Andersen<\/a>, o Prefeito Eduardo <a href=\"http:\/\/bit.ly\/29Tj7KJ\" target=\"_blank\" rel=\"noopener\">Paes e a Prefeitura do Rio fazem declara\u00e7\u00f5es<\/a> que ningu\u00e9m na regi\u00e3o consegue enxergar:<\/p>\n<blockquote><p>&#8220;Posso dizer que esta obra \u00e9 uma esp\u00e9cie de declara\u00e7\u00e3o de amor ao Rio de Janeiro.\u00a0Seu sub\u00farbio viveu mais de 49 anos de um abandono em alto grau. Quando entregamos a TransCarioca, n\u00e3o falamos apenas de mobilidade, mas da\u00a0recupera\u00e7\u00e3o dos bairros do sub\u00farbio carioca, que \u00e9 a alma dessa cidade. O BRT vai permitir que o Rio de Janeiro se encontre e redescubra sua verdadeira identidade.&#8221;<\/p><\/blockquote>\n<p><a href=\"http:\/\/glo.bo\/29SWZgJ\" target=\"_blank\" rel=\"noopener\">Paes refor\u00e7ou que a implanta\u00e7\u00e3o ser\u00e1 gradual<\/a> e levar\u00e1 benef\u00edcios \u00e0 popula\u00e7\u00e3o local. &#8220;Uma \u00e1rea inacess\u00edvel, detonada, degradada da cidade\u00a0foi transformada em um lugar onde a mobilidade est\u00e1 totalmente facilitada. N\u00e3o se faz s\u00f3 a implanta\u00e7\u00e3o das esta\u00e7\u00f5es do BRT. Faz drenagem, qualifica, faz cal\u00e7adas,\u00a0implanta pra\u00e7as, \u00e1rea de lazer&#8221;, disse.<\/p>\n<blockquote><p>&#8220;Com 39km de extens\u00e3o e 47 esta\u00e7\u00f5es, a TransCarioca passa por 27 bairros que ganharam, como consequ\u00eancia das obras do corredor, uma verdadeira transforma\u00e7\u00e3o.\u00a0Cal\u00e7adas e pavimenta\u00e7\u00e3o novas, reestrutura\u00e7\u00e3o no sistema de drenagem,\u00a0melhoria na ilumina\u00e7\u00e3o,\u00a0passarelas\u00a0e novos sem\u00e1foros foram algumas das mudan\u00e7as em bairros como Vicente de Carvalho, Vaz Lobo, Madureira, Campinho, Jacarepagu\u00e1, Penha e\u00a0Ramos.&#8221; &#8211; <a href=\"http:\/\/bit.ly\/29zIQDc\" target=\"_blank\" rel=\"noopener\">Site Cidade Ol\u00edmpica<\/a><\/p><\/blockquote>\n<p>Mas as declara\u00e7\u00f5es das ruas, todos conseguem ver:<\/p>\n<figure id=\"attachment_20805\" aria-describedby=\"caption-attachment-20805\" style=\"width: 620px\" class=\"wp-caption aligncenter\"><a href=\"http:\/\/rioonwatch.org.br\/wp-content\/uploads\/2016\/07\/20150802_094326.jpg\"><img loading=\"lazy\" decoding=\"async\" class=\"wp-image-20805 size-content\" title=\"Uns tem conforto, outros BRT, diz a mensagem em na Rua Emilio Zaluar, onde pessoas tem que caminhar pela rua ou pela calha do BRT.\" src=\"http:\/\/rioonwatch.org.br\/wp-content\/uploads\/2016\/07\/20150802_094326-620x264.jpg\" alt=\"20150802_094326\" width=\"620\" height=\"264\" srcset=\"https:\/\/rioonwatch.org.br\/wp-content\/uploads\/2016\/07\/20150802_094326-620x264.jpg 620w, https:\/\/rioonwatch.org.br\/wp-content\/uploads\/2016\/07\/20150802_094326-940x400.jpg 940w\" sizes=\"(max-width: 620px) 100vw, 620px\" \/><\/a><figcaption id=\"caption-attachment-20805\" class=\"wp-caption-text\">Uns tem conforto, outros BRT, diz a mensagem na Rua Emilio Zaluar, onde pessoas t\u00eam que caminhar pela rua ou pela calha do BRT.<\/figcaption><\/figure>\n<p><em>Hugo Costa tem 41 anos, formado em Geografia pela UFF, aspirante a blogueiro e morador do bairro de Ramos.<\/em><\/p>\n<!-- AddThis Advanced Settings generic via filter on the_content --><!-- AddThis Share Buttons generic via filter on the_content -->","protected":false},"excerpt":{"rendered":"<div class=\"mh-excerpt\"><p>Click Here for English\u00a0\u00a0 Obra Ol\u00edmpica j\u00e1 inaugurada h\u00e1 dois anos, o BRT TransCarioca deixou um rastro de destrui\u00e7\u00e3o e abandono no tradicional bairro de Ramos na Zona da Leopoldina. Este corredor vi\u00e1rio de \u00f4nibus <a class=\"mh-excerpt-more\" href=\"https:\/\/rioonwatch.org.br\/?p=20794\" title=\"As Obras Ol\u00edmpicas e a Destrui\u00e7\u00e3o: Ramos deixado sem \u00e1reas de lazer, cal\u00e7adas, \u00e1rvores e muito mais\">[&#8230;]<\/a><!-- AddThis Advanced Settings generic via filter on get_the_excerpt --><!-- AddThis Share Buttons generic via filter on get_the_excerpt --><\/p>\n<\/div>","protected":false},"author":129,"featured_media":20806,"comment_status":"closed","ping_status":"closed","sticky":false,"template":"","format":"standard","meta":{"_acf_changed":false,"_monsterinsights_skip_tracking":false,"_monsterinsights_sitenote_active":false,"_monsterinsights_sitenote_note":"","_monsterinsights_sitenote_category":0,"footnotes":""},"categories":[1857,1635,346,1625,1639,1726],"tags":[531,497,484,1148,722,1240,106,1021,560,78,415,122,764,370,493,218],"writer":[1907],"translator":[],"source":[],"ilustrador":[],"fotografo":[],"class_list":{"0":"post-20794","1":"post","2":"type-post","3":"status-publish","4":"format-standard","5":"has-post-thumbnail","7":"category-olhonaurbanizacao","8":"category-1635","9":"category-denuncias","10":"category-por-correspondentes-comunitarios","11":"category-sustentabilidade","12":"category-transporte","13":"tag-area-de-lazer","14":"tag-brt","15":"tag-prefeito-eduardo-paes","16":"tag-ilhas-de-calor","17":"tag-legado","18":"tag-megaeventos","19":"tag-meio-ambiente","20":"tag-mito-do-legado","21":"tag-mobilidade","22":"tag-olimpiadas","23":"tag-qualidade-de-vida","24":"tag-transcarioca","25":"tag-transporte","26":"tag-transporte-publico","27":"tag-urbanizacao","28":"tag-zona-norte","29":"writer-hugo-costa"},"acf":[],"yoast_head":"<!-- This site is optimized with the Yoast SEO plugin v25.6 - https:\/\/yoast.com\/wordpress\/plugins\/seo\/ -->\n<title>As Obras Ol\u00edmpicas e a Destrui\u00e7\u00e3o: Ramos deixado sem \u00e1reas de lazer, cal\u00e7adas, \u00e1rvores e muito mais - RioOnWatch<\/title>\n<meta name=\"robots\" content=\"index, follow, max-snippet:-1, max-image-preview:large, max-video-preview:-1\" \/>\n<link rel=\"canonical\" href=\"https:\/\/rioonwatch.org.br\/?p=20794\" \/>\n<meta property=\"og:locale\" content=\"pt_BR\" \/>\n<meta property=\"og:type\" content=\"article\" \/>\n<meta property=\"og:title\" content=\"As Obras Ol\u00edmpicas e a Destrui\u00e7\u00e3o: Ramos deixado sem \u00e1reas de lazer, cal\u00e7adas, \u00e1rvores e muito mais - RioOnWatch\" \/>\n<meta property=\"og:description\" content=\"Click Here for English\u00a0\u00a0 Obra Ol\u00edmpica j\u00e1 inaugurada h\u00e1 dois anos, o BRT TransCarioca deixou um rastro de destrui\u00e7\u00e3o e abandono no tradicional bairro de Ramos na Zona da Leopoldina. Este corredor vi\u00e1rio de \u00f4nibus [...]\" \/>\n<meta property=\"og:url\" content=\"https:\/\/rioonwatch.org.br\/?p=20794\" \/>\n<meta property=\"og:site_name\" content=\"RioOnWatch\" \/>\n<meta property=\"article:published_time\" content=\"2016-07-15T12:45:45+00:00\" \/>\n<meta property=\"article:modified_time\" content=\"2024-06-20T19:26:44+00:00\" \/>\n<meta property=\"og:image\" content=\"https:\/\/rioonwatch.org.br\/wp-content\/uploads\/2016\/07\/20141130_103504.jpg\" \/>\n\t<meta property=\"og:image:width\" content=\"2048\" \/>\n\t<meta property=\"og:image:height\" content=\"1152\" \/>\n\t<meta property=\"og:image:type\" content=\"image\/jpeg\" \/>\n<meta name=\"author\" content=\"Admin\" \/>\n<meta name=\"twitter:card\" content=\"summary_large_image\" \/>\n<meta name=\"twitter:label1\" content=\"Escrito por\" \/>\n\t<meta name=\"twitter:data1\" content=\"Admin\" \/>\n\t<meta name=\"twitter:label2\" content=\"Est. tempo de leitura\" \/>\n\t<meta name=\"twitter:data2\" content=\"6 minutos\" \/>\n<script type=\"application\/ld+json\" class=\"yoast-schema-graph\">{\"@context\":\"https:\/\/schema.org\",\"@graph\":[{\"@type\":\"Article\",\"@id\":\"https:\/\/rioonwatch.org.br\/?p=20794#article\",\"isPartOf\":{\"@id\":\"https:\/\/rioonwatch.org.br\/?p=20794\"},\"author\":{\"name\":\"Admin\",\"@id\":\"https:\/\/rioonwatch.org.br\/#\/schema\/person\/11d64c290506f9df50c71b850c473f68\"},\"headline\":\"As Obras Ol\u00edmpicas e a Destrui\u00e7\u00e3o: Ramos deixado sem \u00e1reas de lazer, cal\u00e7adas, \u00e1rvores e muito mais\",\"datePublished\":\"2016-07-15T12:45:45+00:00\",\"dateModified\":\"2024-06-20T19:26:44+00:00\",\"mainEntityOfPage\":{\"@id\":\"https:\/\/rioonwatch.org.br\/?p=20794\"},\"wordCount\":1244,\"publisher\":{\"@id\":\"https:\/\/rioonwatch.org.br\/#organization\"},\"image\":{\"@id\":\"https:\/\/rioonwatch.org.br\/?p=20794#primaryimage\"},\"thumbnailUrl\":\"https:\/\/rioonwatch.org.br\/wp-content\/uploads\/2016\/07\/20141130_103504.jpg\",\"keywords\":[\"\u00e1rea de lazer\",\"BRT\",\"Eduardo Paes\",\"Ilhas de Calor\",\"Legado Ol\u00edmpico\",\"Megaeventos\",\"meio ambiente\",\"mito do legado\",\"mobilidade\",\"Olimp\u00edadas\",\"qualidade de vida\",\"TransCarioca\",\"transporte\",\"transporte p\u00fablico\",\"urbaniza\u00e7\u00e3o\",\"Zona Norte\"],\"articleSection\":[\"#OlhoNaUrbaniza\u00e7\u00e3o\",\"#Rio2016\",\"Den\u00fancias\",\"Escrito por Comunicadores Populares\",\"Sustentabilidade\",\"Transporte\"],\"inLanguage\":\"pt-BR\"},{\"@type\":\"WebPage\",\"@id\":\"https:\/\/rioonwatch.org.br\/?p=20794\",\"url\":\"https:\/\/rioonwatch.org.br\/?p=20794\",\"name\":\"As Obras Ol\u00edmpicas e a Destrui\u00e7\u00e3o: Ramos deixado sem \u00e1reas de lazer, cal\u00e7adas, \u00e1rvores e muito mais - RioOnWatch\",\"isPartOf\":{\"@id\":\"https:\/\/rioonwatch.org.br\/#website\"},\"primaryImageOfPage\":{\"@id\":\"https:\/\/rioonwatch.org.br\/?p=20794#primaryimage\"},\"image\":{\"@id\":\"https:\/\/rioonwatch.org.br\/?p=20794#primaryimage\"},\"thumbnailUrl\":\"https:\/\/rioonwatch.org.br\/wp-content\/uploads\/2016\/07\/20141130_103504.jpg\",\"datePublished\":\"2016-07-15T12:45:45+00:00\",\"dateModified\":\"2024-06-20T19:26:44+00:00\",\"breadcrumb\":{\"@id\":\"https:\/\/rioonwatch.org.br\/?p=20794#breadcrumb\"},\"inLanguage\":\"pt-BR\",\"potentialAction\":[{\"@type\":\"ReadAction\",\"target\":[\"https:\/\/rioonwatch.org.br\/?p=20794\"]}]},{\"@type\":\"ImageObject\",\"inLanguage\":\"pt-BR\",\"@id\":\"https:\/\/rioonwatch.org.br\/?p=20794#primaryimage\",\"url\":\"https:\/\/rioonwatch.org.br\/wp-content\/uploads\/2016\/07\/20141130_103504.jpg\",\"contentUrl\":\"https:\/\/rioonwatch.org.br\/wp-content\/uploads\/2016\/07\/20141130_103504.jpg\",\"width\":2048,\"height\":1152},{\"@type\":\"BreadcrumbList\",\"@id\":\"https:\/\/rioonwatch.org.br\/?p=20794#breadcrumb\",\"itemListElement\":[{\"@type\":\"ListItem\",\"position\":1,\"name\":\"In\u00edcio\",\"item\":\"https:\/\/rioonwatch.org.br\/\"},{\"@type\":\"ListItem\",\"position\":2,\"name\":\"As Obras Ol\u00edmpicas e a Destrui\u00e7\u00e3o: Ramos deixado sem \u00e1reas de lazer, cal\u00e7adas, \u00e1rvores e muito mais\"}]},{\"@type\":\"WebSite\",\"@id\":\"https:\/\/rioonwatch.org.br\/#website\",\"url\":\"https:\/\/rioonwatch.org.br\/\",\"name\":\"RioOnWatch\",\"description\":\"relatos das favelas cariocas\",\"publisher\":{\"@id\":\"https:\/\/rioonwatch.org.br\/#organization\"},\"potentialAction\":[{\"@type\":\"SearchAction\",\"target\":{\"@type\":\"EntryPoint\",\"urlTemplate\":\"https:\/\/rioonwatch.org.br\/?s={search_term_string}\"},\"query-input\":{\"@type\":\"PropertyValueSpecification\",\"valueRequired\":true,\"valueName\":\"search_term_string\"}}],\"inLanguage\":\"pt-BR\"},{\"@type\":\"Organization\",\"@id\":\"https:\/\/rioonwatch.org.br\/#organization\",\"name\":\"RioOnWatch\",\"url\":\"https:\/\/rioonwatch.org.br\/\",\"logo\":{\"@type\":\"ImageObject\",\"inLanguage\":\"pt-BR\",\"@id\":\"https:\/\/rioonwatch.org.br\/#\/schema\/logo\/image\/\",\"url\":\"https:\/\/rioonwatch.org.br\/wp-content\/uploads\/2021\/06\/RioOnWatchcabecalhoPT11anos-2.png\",\"contentUrl\":\"https:\/\/rioonwatch.org.br\/wp-content\/uploads\/2021\/06\/RioOnWatchcabecalhoPT11anos-2.png\",\"width\":779,\"height\":277,\"caption\":\"RioOnWatch\"},\"image\":{\"@id\":\"https:\/\/rioonwatch.org.br\/#\/schema\/logo\/image\/\"}},{\"@type\":\"Person\",\"@id\":\"https:\/\/rioonwatch.org.br\/#\/schema\/person\/11d64c290506f9df50c71b850c473f68\",\"name\":\"Admin\",\"image\":{\"@type\":\"ImageObject\",\"inLanguage\":\"pt-BR\",\"@id\":\"https:\/\/rioonwatch.org.br\/#\/schema\/person\/image\/\",\"url\":\"https:\/\/secure.gravatar.com\/avatar\/56211ac74568383903349a1485e3c325?s=96&d=blank&r=g\",\"contentUrl\":\"https:\/\/secure.gravatar.com\/avatar\/56211ac74568383903349a1485e3c325?s=96&d=blank&r=g\",\"caption\":\"Admin\"},\"url\":\"https:\/\/rioonwatch.org.br\/?author=129\"}]}<\/script>\n<!-- \/ Yoast SEO plugin. -->","yoast_head_json":{"title":"As Obras Ol\u00edmpicas e a Destrui\u00e7\u00e3o: Ramos deixado sem \u00e1reas de lazer, cal\u00e7adas, \u00e1rvores e muito mais - RioOnWatch","robots":{"index":"index","follow":"follow","max-snippet":"max-snippet:-1","max-image-preview":"max-image-preview:large","max-video-preview":"max-video-preview:-1"},"canonical":"https:\/\/rioonwatch.org.br\/?p=20794","og_locale":"pt_BR","og_type":"article","og_title":"As Obras Ol\u00edmpicas e a Destrui\u00e7\u00e3o: Ramos deixado sem \u00e1reas de lazer, cal\u00e7adas, \u00e1rvores e muito mais - RioOnWatch","og_description":"Click Here for English\u00a0\u00a0 Obra Ol\u00edmpica j\u00e1 inaugurada h\u00e1 dois anos, o BRT TransCarioca deixou um rastro de destrui\u00e7\u00e3o e abandono no tradicional bairro de Ramos na Zona da Leopoldina. Este corredor vi\u00e1rio de \u00f4nibus [...]","og_url":"https:\/\/rioonwatch.org.br\/?p=20794","og_site_name":"RioOnWatch","article_published_time":"2016-07-15T12:45:45+00:00","article_modified_time":"2024-06-20T19:26:44+00:00","og_image":[{"width":2048,"height":1152,"url":"https:\/\/rioonwatch.org.br\/wp-content\/uploads\/2016\/07\/20141130_103504.jpg","type":"image\/jpeg"}],"author":"Admin","twitter_card":"summary_large_image","twitter_misc":{"Escrito por":"Admin","Est. tempo de leitura":"6 minutos"},"schema":{"@context":"https:\/\/schema.org","@graph":[{"@type":"Article","@id":"https:\/\/rioonwatch.org.br\/?p=20794#article","isPartOf":{"@id":"https:\/\/rioonwatch.org.br\/?p=20794"},"author":{"name":"Admin","@id":"https:\/\/rioonwatch.org.br\/#\/schema\/person\/11d64c290506f9df50c71b850c473f68"},"headline":"As Obras Ol\u00edmpicas e a Destrui\u00e7\u00e3o: Ramos deixado sem \u00e1reas de lazer, cal\u00e7adas, \u00e1rvores e muito mais","datePublished":"2016-07-15T12:45:45+00:00","dateModified":"2024-06-20T19:26:44+00:00","mainEntityOfPage":{"@id":"https:\/\/rioonwatch.org.br\/?p=20794"},"wordCount":1244,"publisher":{"@id":"https:\/\/rioonwatch.org.br\/#organization"},"image":{"@id":"https:\/\/rioonwatch.org.br\/?p=20794#primaryimage"},"thumbnailUrl":"https:\/\/rioonwatch.org.br\/wp-content\/uploads\/2016\/07\/20141130_103504.jpg","keywords":["\u00e1rea de lazer","BRT","Eduardo Paes","Ilhas de Calor","Legado Ol\u00edmpico","Megaeventos","meio ambiente","mito do legado","mobilidade","Olimp\u00edadas","qualidade de vida","TransCarioca","transporte","transporte p\u00fablico","urbaniza\u00e7\u00e3o","Zona Norte"],"articleSection":["#OlhoNaUrbaniza\u00e7\u00e3o","#Rio2016","Den\u00fancias","Escrito por Comunicadores Populares","Sustentabilidade","Transporte"],"inLanguage":"pt-BR"},{"@type":"WebPage","@id":"https:\/\/rioonwatch.org.br\/?p=20794","url":"https:\/\/rioonwatch.org.br\/?p=20794","name":"As Obras Ol\u00edmpicas e a Destrui\u00e7\u00e3o: Ramos deixado sem \u00e1reas de lazer, cal\u00e7adas, \u00e1rvores e muito mais - RioOnWatch","isPartOf":{"@id":"https:\/\/rioonwatch.org.br\/#website"},"primaryImageOfPage":{"@id":"https:\/\/rioonwatch.org.br\/?p=20794#primaryimage"},"image":{"@id":"https:\/\/rioonwatch.org.br\/?p=20794#primaryimage"},"thumbnailUrl":"https:\/\/rioonwatch.org.br\/wp-content\/uploads\/2016\/07\/20141130_103504.jpg","datePublished":"2016-07-15T12:45:45+00:00","dateModified":"2024-06-20T19:26:44+00:00","breadcrumb":{"@id":"https:\/\/rioonwatch.org.br\/?p=20794#breadcrumb"},"inLanguage":"pt-BR","potentialAction":[{"@type":"ReadAction","target":["https:\/\/rioonwatch.org.br\/?p=20794"]}]},{"@type":"ImageObject","inLanguage":"pt-BR","@id":"https:\/\/rioonwatch.org.br\/?p=20794#primaryimage","url":"https:\/\/rioonwatch.org.br\/wp-content\/uploads\/2016\/07\/20141130_103504.jpg","contentUrl":"https:\/\/rioonwatch.org.br\/wp-content\/uploads\/2016\/07\/20141130_103504.jpg","width":2048,"height":1152},{"@type":"BreadcrumbList","@id":"https:\/\/rioonwatch.org.br\/?p=20794#breadcrumb","itemListElement":[{"@type":"ListItem","position":1,"name":"In\u00edcio","item":"https:\/\/rioonwatch.org.br\/"},{"@type":"ListItem","position":2,"name":"As Obras Ol\u00edmpicas e a Destrui\u00e7\u00e3o: Ramos deixado sem \u00e1reas de lazer, cal\u00e7adas, \u00e1rvores e muito mais"}]},{"@type":"WebSite","@id":"https:\/\/rioonwatch.org.br\/#website","url":"https:\/\/rioonwatch.org.br\/","name":"RioOnWatch","description":"relatos das favelas cariocas","publisher":{"@id":"https:\/\/rioonwatch.org.br\/#organization"},"potentialAction":[{"@type":"SearchAction","target":{"@type":"EntryPoint","urlTemplate":"https:\/\/rioonwatch.org.br\/?s={search_term_string}"},"query-input":{"@type":"PropertyValueSpecification","valueRequired":true,"valueName":"search_term_string"}}],"inLanguage":"pt-BR"},{"@type":"Organization","@id":"https:\/\/rioonwatch.org.br\/#organization","name":"RioOnWatch","url":"https:\/\/rioonwatch.org.br\/","logo":{"@type":"ImageObject","inLanguage":"pt-BR","@id":"https:\/\/rioonwatch.org.br\/#\/schema\/logo\/image\/","url":"https:\/\/rioonwatch.org.br\/wp-content\/uploads\/2021\/06\/RioOnWatchcabecalhoPT11anos-2.png","contentUrl":"https:\/\/rioonwatch.org.br\/wp-content\/uploads\/2021\/06\/RioOnWatchcabecalhoPT11anos-2.png","width":779,"height":277,"caption":"RioOnWatch"},"image":{"@id":"https:\/\/rioonwatch.org.br\/#\/schema\/logo\/image\/"}},{"@type":"Person","@id":"https:\/\/rioonwatch.org.br\/#\/schema\/person\/11d64c290506f9df50c71b850c473f68","name":"Admin","image":{"@type":"ImageObject","inLanguage":"pt-BR","@id":"https:\/\/rioonwatch.org.br\/#\/schema\/person\/image\/","url":"https:\/\/secure.gravatar.com\/avatar\/56211ac74568383903349a1485e3c325?s=96&d=blank&r=g","contentUrl":"https:\/\/secure.gravatar.com\/avatar\/56211ac74568383903349a1485e3c325?s=96&d=blank&r=g","caption":"Admin"},"url":"https:\/\/rioonwatch.org.br\/?author=129"}]}},"_links":{"self":[{"href":"https:\/\/rioonwatch.org.br\/index.php?rest_route=\/wp\/v2\/posts\/20794"}],"collection":[{"href":"https:\/\/rioonwatch.org.br\/index.php?rest_route=\/wp\/v2\/posts"}],"about":[{"href":"https:\/\/rioonwatch.org.br\/index.php?rest_route=\/wp\/v2\/types\/post"}],"author":[{"embeddable":true,"href":"https:\/\/rioonwatch.org.br\/index.php?rest_route=\/wp\/v2\/users\/129"}],"replies":[{"embeddable":true,"href":"https:\/\/rioonwatch.org.br\/index.php?rest_route=%2Fwp%2Fv2%2Fcomments&post=20794"}],"version-history":[{"count":17,"href":"https:\/\/rioonwatch.org.br\/index.php?rest_route=\/wp\/v2\/posts\/20794\/revisions"}],"predecessor-version":[{"id":74202,"href":"https:\/\/rioonwatch.org.br\/index.php?rest_route=\/wp\/v2\/posts\/20794\/revisions\/74202"}],"wp:featuredmedia":[{"embeddable":true,"href":"https:\/\/rioonwatch.org.br\/index.php?rest_route=\/wp\/v2\/media\/20806"}],"wp:attachment":[{"href":"https:\/\/rioonwatch.org.br\/index.php?rest_route=%2Fwp%2Fv2%2Fmedia&parent=20794"}],"wp:term":[{"taxonomy":"category","embeddable":true,"href":"https:\/\/rioonwatch.org.br\/index.php?rest_route=%2Fwp%2Fv2%2Fcategories&post=20794"},{"taxonomy":"post_tag","embeddable":true,"href":"https:\/\/rioonwatch.org.br\/index.php?rest_route=%2Fwp%2Fv2%2Ftags&post=20794"},{"taxonomy":"writer","embeddable":true,"href":"https:\/\/rioonwatch.org.br\/index.php?rest_route=%2Fwp%2Fv2%2Fwriter&post=20794"},{"taxonomy":"translator","embeddable":true,"href":"https:\/\/rioonwatch.org.br\/index.php?rest_route=%2Fwp%2Fv2%2Ftranslator&post=20794"},{"taxonomy":"source","embeddable":true,"href":"https:\/\/rioonwatch.org.br\/index.php?rest_route=%2Fwp%2Fv2%2Fsource&post=20794"},{"taxonomy":"ilustrador","embeddable":true,"href":"https:\/\/rioonwatch.org.br\/index.php?rest_route=%2Fwp%2Fv2%2Filustrador&post=20794"},{"taxonomy":"fotografo","embeddable":true,"href":"https:\/\/rioonwatch.org.br\/index.php?rest_route=%2Fwp%2Fv2%2Ffotografo&post=20794"}],"curies":[{"name":"wp","href":"https:\/\/api.w.org\/{rel}","templated":true}]}}