{"id":20899,"date":"2016-07-19T09:35:03","date_gmt":"2016-07-19T12:35:03","guid":{"rendered":"http:\/\/rioonwatch.org.br\/?p=20899"},"modified":"2024-06-20T16:26:43","modified_gmt":"2024-06-20T19:26:43","slug":"vila-da-midia-para-as-olimpiadas-foi-construida-com-trabalho-escravo-sobre-um-cemiterio-de-escravos","status":"publish","type":"post","link":"https:\/\/rioonwatch.org.br\/?p=20899","title":{"rendered":"Vila da M\u00eddia para as Olimp\u00edadas Constru\u00edda com Trabalho Escravo Sobre Cemit\u00e9rio de Escravos"},"content":{"rendered":"<p style=\"text-align: right;\"><em><strong><a href=\"http:\/\/bit.ly\/29FHgzT\" target=\"_blank\" rel=\"noopener\">Click Here for English<img decoding=\"async\" width=\"20\" height=\"20\" class=\"alignright wp-image-15790\" src=\"http:\/\/rioonwatch.org.br\/wp-content\/uploads\/2012\/08\/EN-standard-e1439583104716.jpg\" alt=\"\" \/><\/a><\/strong><\/em><\/p>\n<p>Os blocos de apartamentos que alojar\u00e3o jornalistas durante os <a href=\"http:\/\/bit.ly\/PkLXlQ\" target=\"_blank\" rel=\"noopener\">Jogos Ol\u00edmpicos de 2016<\/a>\u00a0foram constru\u00eddos usando &#8220;trabalho em condi\u00e7\u00f5es an\u00e1logas \u00e0 escravid\u00e3o&#8221; e foram erguidos em um cemit\u00e9rio de escravos em um terreno reivindicado por um <a href=\"http:\/\/bit.ly\/1ykJIW4\" target=\"_blank\" rel=\"noopener\">quilombo<\/a>\u00a0reconhecido pelo governo federal.<\/p>\n<p>O complexo de apartamentos, chamado <a href=\"http:\/\/bit.ly\/2a3jGRL\" target=\"_blank\" rel=\"noopener\">oficialmente de Barra Media Village 3<\/a>\u00a0(Vila da M\u00eddia 3), foi constru\u00eddo no <a href=\"http:\/\/bit.ly\/1SIHdD8\" target=\"_blank\" rel=\"noopener\">Quilombo do Camorim<\/a>, uma comunidade perto de v\u00e1rias instala\u00e7\u00f5es ol\u00edmpicas na <a href=\"http:\/\/bit.ly\/11tBmFR\" target=\"_blank\" rel=\"noopener\">Zona Oeste<\/a>\u00a0do Rio. <a href=\"http:\/\/bit.ly\/29R58Su\" target=\"_blank\" rel=\"noopener\">A comunidade foi fundada no s\u00e9culo 19<\/a>, quando a \u00e1rea ainda n\u00e3o fazia parte\u00a0da cidade do Rio. Era uma comunidade rural perif\u00e9rica.<\/p>\n<p>O projeto de constru\u00e7\u00e3o pela incorporadora <a href=\"http:\/\/bit.ly\/29Mdsoe\" target=\"_blank\" rel=\"noopener\">Cyrela<\/a>\u00a0se destina inicialmente a alojar jornalistas internacionais durante os Jogos no pr\u00f3ximo m\u00eas e \u00e9 a fonte de uma s\u00e9rie de controv\u00e9rsias, que incluem pessoas trabalhando em &#8220;<a href=\"http:\/\/bit.ly\/29V4vI9\" target=\"_blank\" rel=\"noopener\">condi\u00e7\u00f5es an\u00e1logas \u00e0 escravid\u00e3o<\/a>&#8220;; constru\u00e7\u00e3o em um terreno <a href=\"http:\/\/bit.ly\/29R58Su\" target=\"_blank\" rel=\"noopener\">reivindicado pela comunidade do Quilombo do Camorim<\/a>&#8211;onde\u00a0est\u00e1 sendo realizado sobre um cemit\u00e9rio coletivo de escravos e em uma \u00e1rea de preserva\u00e7\u00e3o ambiental; a remo\u00e7\u00e3o de mais de 1.000 \u00e1rvores nativas e instala\u00e7\u00f5es comunit\u00e1rias, afetando drasticamente o abastecimento de \u00e1gua da regi\u00e3o.<\/p>\n<p>Moradores resistiram fortemente \u00e0 constru\u00e7\u00e3o do complexo de apartamentos e atualmente est\u00e3o em campanha para construir um centro comunit\u00e1rio em uma parte adjacente ao terreno, pouco urbanizada, que foi doada pela Cyrela para a Prefeitura.<\/p>\n<p>O centro comunit\u00e1rio pretende fornecer n\u00e3o somente uma \u00e1rea de lazer, mas tamb\u00e9m se\u00a0prop\u00f5e<em>\u00a0<\/em>a<em>\u00a0<\/em><a href=\"http:\/\/bit.ly\/29HflyR\" target=\"_blank\" rel=\"noopener\">ajudar a preservar a rica heran\u00e7a ambiental e hist\u00f3rica da regi\u00e3o transmitida por afro-brasileiros<\/a>.<\/p>\n<p>&#8220;Eu falo de cora\u00e7\u00e3o, eu sou quilombola e tenho muito orgulho&#8221;, disse Adilson Almeida, l\u00edder comunit\u00e1rio do Quilombo do Camorim. &#8220;A <a href=\"http:\/\/bit.ly\/1Hg4Zj3\" target=\"_blank\" rel=\"noopener\">escravid\u00e3o<\/a>\u00a0foi uma \u00e9poca de grande sofrimento para os nossos antepassados, mas n\u00f3s lembramos deles n\u00e3o pelo sofrimento, e sim\u00a0pela luta e resist\u00eancia que eles atravessaram para erguer este pa\u00eds&#8221;.<\/p>\n<h3><a href=\"http:\/\/www.rioonwatch.org\/wp-content\/uploads\/2016\/07\/Condo-2.jpg\"><img fetchpriority=\"high\" decoding=\"async\" class=\"aligncenter wp-image-30495 size-large\" title=\"Condom\u00ednio Vila da M\u00eddia no Camorim\" src=\"http:\/\/www.rioonwatch.org\/wp-content\/uploads\/2016\/07\/Condo-2-1024x765.jpg\" alt=\"Media village condominium in Camorim\" width=\"620\" height=\"463\" \/><\/a><\/h3>\n<h3>Trabalhadores em &#8220;condi\u00e7\u00f5es an\u00e1logas \u00e0 escravid\u00e3o&#8221;<\/h3>\n<p>Em novembro de 2015, o Minist\u00e9rio P\u00fablico do Trabalho do Rio resgatou 11 trabalhadores que trabalhavam na constru\u00e7\u00e3o da Vila da M\u00eddia, trabalhando em <a href=\"http:\/\/bit.ly\/29V4vI9\" target=\"_blank\" rel=\"noopener\">condi\u00e7\u00f5es degradantes<\/a>, as quais de acordo com o c\u00f3digo penal brasileiro s\u00e3o classificadas como &#8220;trabalho an\u00e1logo \u00e0 escravid\u00e3o&#8221;.<\/p>\n<p>O alojamento fornecido para os 11 trabalhadores n\u00e3o tinha \u00e1gua pot\u00e1vel, estava <a href=\"http:\/\/bbc.in\/29IkoQX\" target=\"_blank\" rel=\"noopener\">coberto de baratas e mofo<\/a>, no \u00fanico banheiro n\u00e3o havia chuveiro e tinha um vaso sanit\u00e1rio que n\u00e3o funcionava.<\/p>\n<p>Cyrela &#8220;terceirizou e at\u00e9 quarteirizou as atividades principais da empresa, de forma irregular, com o objetivo de sonegar direitos trabalhistas para baratear os custos com m\u00e3o de obra&#8221;, de <a href=\"http:\/\/bit.ly\/29V4vI9\" target=\"_blank\" rel=\"noopener\">acordo com a promotora Guadalupe Couto<\/a>.<\/p>\n<p>As empresas de constru\u00e7\u00e3o que trabalham na Vila da M\u00eddia tiveram de pagar R$20.000 de indeniza\u00e7\u00e3o para cada um dos 11 trabalhadores, al\u00e9m de outras multas. O Minist\u00e9rio P\u00fablico tamb\u00e9m indicou que abriria um processo judicial contra a incorporadora para &#8220;exigir danos morais coletivos por danos causados \u00e0 sociedade pelo uso de trabalho escravo&#8221;.<\/p>\n<h3><strong>Reivindica\u00e7\u00e3o de terras do Quilombo do Camorim<\/strong><\/h3>\n<p>Camorim, que \u00e9 oficialmente reconhecido pelo governo federal como um quilombo, h\u00e1 v\u00e1rios anos fez a requisi\u00e7\u00e3o de um t\u00edtulo de posse coletivo\u00a0do local, de uma antiga fazenda de cana de a\u00e7\u00facar, um importante marco da hist\u00f3ria da escravid\u00e3o na regi\u00e3o. O quilombo queria preservar as caracter\u00edsticas hist\u00f3ricas e ambientais da \u00e1rea e construir um centro comunit\u00e1rio para atividades culturais.<\/p>\n<p>Em 2004, a comunidade enviou um requerimento ao governo federal para adquirir a posse da terra que inclui o local da Vila da M\u00eddia; por\u00e9m, devido a <a href=\"http:\/\/bit.ly\/29R58Su\" target=\"_blank\" rel=\"noopener\">dificuldades burocr\u00e1ticas<\/a>, o processo ainda est\u00e1 em curso.<\/p>\n<p>No come\u00e7o de 2013, a <a href=\"http:\/\/glo.bo\/1cees27\" target=\"_blank\" rel=\"noopener\">Cyrela adquiriu a terra<\/a> reivindicada pelo quilombo, removeu os campos de futebol da comunidade, desmatou a \u00e1rea e come\u00e7ou a constru\u00e7\u00e3o do complexo de apartamentos.<\/p>\n<p>&#8220;N\u00f3s sofremos muito com isso&#8221;, disse H\u00e9rick Santos, um jardineiro e morador do Quilombo do Camorim. &#8220;A gente jogava futebol, nadava no rio e brincava [na floresta]. Era a a nossa inf\u00e2ncia&#8221;.<\/p>\n<p>Um relat\u00f3rio do INCRA de\u00a02009 delineou a extensa hist\u00f3ria de escravos da regi\u00e3o e indicou que os moradores de quilombos &#8220;em princ\u00edpio reivindicam um terreno que fica ao lado da pra\u00e7a da capela, para finalidades culturais&#8221;. \u00a0Este foi o terreno usado para a constru\u00e7\u00e3o da Vila da M\u00eddia, de acordo com moradores.<\/p>\n<p>&#8220;H\u00e1 dez anos a comunidade vem pleiteando um espa\u00e7o para desenvolvimento cultural das nossas tradi\u00e7\u00f5es\u00a0exatamente onde ocorreu a devasta\u00e7\u00e3o das \u00e1rvores pelas empreiteiras&#8221;, de acordo com uma <a href=\"http:\/\/bit.ly\/29Dd87r\" target=\"_blank\" rel=\"noopener\">postagem em um blog<\/a> escrito por moradores do Camorim em mar\u00e7o de 2014. &#8220;Percebemos que a derrubada parou bem pr\u00f3ximo \u00e0 Igreja.&#8221;<\/p>\n<p>A Cyrela concluiu recentemente a constru\u00e7\u00e3o e entregou o pr\u00e9dio ao Comit\u00ea Ol\u00edmpico Brasileiro. A Vila da M\u00eddia foi aberta para jornalistas em 5 de julho, de acordo com o <a href=\"http:\/\/bit.ly\/2a3jGRL\" target=\"_blank\" rel=\"noopener\">Guia de Alojamento da Imprensa \u2013 Rio 2016<\/a>.<\/p>\n<h3><strong>Destrui\u00e7\u00e3o ambiental<\/strong><\/h3>\n<p>O complexo de apartamentos foi constru\u00eddo em uma zona neutra de prote\u00e7\u00e3o ambiental que rodeia o Parque Estadual da Pedra Branca, a maior floresta urbana do mundo, de acordo com um <a href=\"http:\/\/bit.ly\/WaWVbO\" target=\"_blank\" rel=\"noopener\">plano de gest\u00e3o do Parque Estadual<\/a>. Nesta \u00e1rea, licen\u00e7as especiais baseadas em estudos de impacto ambiental s\u00e3o necess\u00e1rias para que projetos de constru\u00e7\u00e3o prossigam.<\/p>\n<p>A Cyrela <a href=\"http:\/\/glo.bo\/1cees27\" target=\"_blank\" rel=\"noopener\">cortou mais de 1.000 \u00e1rvores nativas<\/a> no local para abrir caminho para a Vila da M\u00eddia.<\/p>\n<p>&#8220;Um domingo de manh\u00e3 uma motosserra veio e devastou tudo. Eram \u00e1rvores centen\u00e1rias&#8221;, disse Adilson Almeida.<\/p>\n<p>O complexo de apartamentos tamb\u00e9m foi constru\u00eddo em uma \u00c1rea de Especial\u00a0Interesse Ambiental, que foi criada por decreto <a href=\"http:\/\/bit.ly\/29IrhBM\" target=\"_blank\" rel=\"noopener\">municipal em novembro de 2013<\/a> para proteger os ecossistemas naturais e infraestrutura prec\u00e1ria da regi\u00e3o. O decreto congelou as concess\u00f5es de licen\u00e7as ou projetos de constru\u00e7\u00e3o no Camorim e em outros bairros ao redor do Parque Estadual da Pedra Branca. No entanto, ele continha uma brecha isentando todos os projetos de constru\u00e7\u00e3o direta ou indiretamente relacionados com os Jogos Ol\u00edmpicos.<\/p>\n<p>A Cyrela afirmou que eles tinham todas as licen\u00e7as necess\u00e1rias para a constru\u00e7\u00e3o.<\/p>\n<p><a href=\"http:\/\/rioonwatch.org.br\/wp-content\/uploads\/2016\/07\/church.jpg\"><img decoding=\"async\" class=\"aligncenter wp-image-20908 size-medium\" title=\"Igreja S\u00e3o Gon\u00e7alo do Amarante Igreja constru\u00edda por escravos em 1625.\" src=\"http:\/\/rioonwatch.org.br\/wp-content\/uploads\/2016\/07\/church-620x465.jpg\" alt=\"church\" width=\"620\" height=\"465\" srcset=\"https:\/\/rioonwatch.org.br\/wp-content\/uploads\/2016\/07\/church-620x465.jpg 620w, https:\/\/rioonwatch.org.br\/wp-content\/uploads\/2016\/07\/church-352x264.jpg 352w, https:\/\/rioonwatch.org.br\/wp-content\/uploads\/2016\/07\/church-768x576.jpg 768w, https:\/\/rioonwatch.org.br\/wp-content\/uploads\/2016\/07\/church-1024x768.jpg 1024w, https:\/\/rioonwatch.org.br\/wp-content\/uploads\/2016\/07\/church-174x131.jpg 174w, https:\/\/rioonwatch.org.br\/wp-content\/uploads\/2016\/07\/church-300x225.jpg 300w, https:\/\/rioonwatch.org.br\/wp-content\/uploads\/2016\/07\/church-70x53.jpg 70w\" sizes=\"(max-width: 620px) 100vw, 620px\" \/><\/a><\/p>\n<h3><strong>Destrui\u00e7\u00e3o arqueol\u00f3gica do cemit\u00e9rio de escravos de Camorim<\/strong><\/h3>\n<p>Adilson Almeida estava particularmente aborrecido pela localiza\u00e7\u00e3o da Vila da M\u00eddia porque ele diz que foi constru\u00edda no local de um grande cemit\u00e9rio de escravos.<\/p>\n<p>&#8220;Para mim \u00e9\u00a0sagrado porque \u00e9 um solo aonde foram enterrados os meus antepassados&#8221;, disse Adilson Almeida. &#8220;Qualquer terreno onde \u00e9 poss\u00edvel encontrar artefatos, vest\u00edgios de ossos humanos ou mesmo animais pr\u00e9-hist\u00f3ricos torna-se um solo sagrado e deve ser protegido pela lei.&#8221;<\/p>\n<p>Adilson Almeida lembra que por volta de 1990 era poss\u00edvel ver ossos no ch\u00e3o depois de per\u00edodos de chuva forte. &#8220;Vimos adolescentes e crian\u00e7as pegarem os ossos&#8230; e enterr\u00e1-los novamente&#8221;, disse ele.<\/p>\n<p>A constru\u00e7\u00e3o tamb\u00e9m destruiu o que restava da casa do senhor de escravos e o antigo engenho de a\u00e7\u00facar da \u00e9poca da escravatura, de acordo com Adilson Almeida.<\/p>\n<p>Durante uma escava\u00e7\u00e3o do terreno da igreja de Camorim em 2000,\u00a0<a href=\"http:\/\/bit.ly\/29Dd87r\" target=\"_blank\" rel=\"noopener\">um grande n\u00famero de ossos humanos foi descoberto<\/a>, os quais se acreditava serem de escravos.<\/p>\n<p>Rog\u00e9rio Ribeiro de Oliveira, professor de geografia da PUC do Rio de Janeiro, que publicou um livro sobre a hist\u00f3ria da regi\u00e3o, criticou o projeto de constru\u00e7\u00e3o por n\u00e3o conduzir um estudo arqueol\u00f3gico no local. Ele argumenta que \u00e9 muito prov\u00e1vel que escravos estivessem enterrados l\u00e1 por causa da proximidade com a igreja.<\/p>\n<p>&#8220;Geralmente os escravos eram enterrados nas proximidades da igreja; portanto, a chance \u00e9 alta de que houvesse um cemit\u00e9rio no atual condom\u00ednio [Vila da M\u00eddia]&#8221;, disse Oliveira. &#8220;\u00c9 muito grande a chance de ter havido a destrui\u00e7\u00e3o de vest\u00edgios [arqueol\u00f3gicos], n\u00e3o s\u00f3 do per\u00edodo do engenho de a\u00e7\u00facar, mas tamb\u00e9m de antes, do per\u00edodo pr\u00e9-colonial&#8221;.<\/p>\n<h3><strong>Desvio de \u00e1gua<\/strong><\/h3>\n<p>A constru\u00e7\u00e3o do complexo de apartamentos desviou a \u00e1gua da comunidade do Quilombo do Camorim, deixando os moradores com acesso extremamente restrito \u00e0 \u00e1gua encanada.<\/p>\n<p>&#8220;Antes nunca faltou \u00e1gua aqui&#8221;, disse H\u00e9rick Santos. &#8220;Depois que eles come\u00e7aram as obras, eles desviaram a \u00e1gua que vinha para c\u00e1 para l\u00e1 [o terreno da Vila da M\u00eddia]. N\u00f3s ficamos sem \u00e1gua e temos de ligar as bombas de \u00e1gua de madrugada, porque durante o dia n\u00e3o tem \u00e1gua.&#8221;<\/p>\n<p>Os moradores dizem que, enquanto eles sofrem uma escassez severa de \u00e1gua, o condom\u00ednio\u00a0tem acesso a \u00e1gua 24 horas por dia.<\/p>\n<p>&#8220;N\u00f3s achamos estranho que [aqueles que trabalham na Vila da M\u00eddia] tenham \u00e1gua 24 horas por dia, enquanto s\u00f3 temos \u00e1gua depois das duas da manh\u00e3&#8221;, acrescentou Santos. &#8220;Isso causou um impacto enorme&#8221;.<\/p>\n<h3><strong>A Cyrela \u00e9 uma das principais doadoras para a campanha do Prefeito Eduardo Paes<\/strong><\/h3>\n<p>Cyrela, a incorporadora respons\u00e1vel pelo projeto, foi uma das <a href=\"http:\/\/glo.bo\/29IKwum\" target=\"_blank\" rel=\"noopener\">principais doadoras para a campanha de reelei\u00e7\u00e3o de Paes. Em 2012<\/a>, a empresa doou R$500.000 para seu partido pol\u00edtico, dos quais 75% foram para a campanha do prefeito.<\/p>\n<p>Este n\u00e3o \u00e9 o primeiro projeto de constru\u00e7\u00e3o controverso da Olimp\u00edada envolvendo a Cyrela e a Prefeitura. Em dezembro de 2012, <a href=\"http:\/\/bit.ly\/1k4eA6c\" target=\"_blank\" rel=\"noopener\">Paes<\/a> fez um acordo controverso com a Cyrela para construir um <a href=\"http:\/\/bit.ly\/18ZZtHE\" target=\"_blank\" rel=\"noopener\">campo de golfe ol\u00edmpico em uma reserva ambiental protegida<\/a>. A Prefeitura da cidade forneceu \u00e0 Cyrela amplos direitos para construir 23 novos condom\u00ednios de alto luxo no local, em troca de arcar com os custos do campo de golfe.<\/p>\n<h3><strong>Campanha para construir um centro comunit\u00e1rio<\/strong><\/h3>\n<p>Os moradores do Quilombo do Camorim resistiram fortemente \u00e0 constru\u00e7\u00e3o do complexo de apartamentos, que agora est\u00e1 completa. No entanto, o quilombo continua determinado a defender sua vis\u00e3o de construir um centro comunit\u00e1rio.<\/p>\n<p>A Cyrela doou um peda\u00e7o de terra n\u00e3o urbanizada adjacente \u00e0 Vila da M\u00eddia para a Prefeitura e o quilombo est\u00e1 em forte campanha para que uma parte desse terreno seja reservada para um centro comunit\u00e1rio.<\/p>\n<p>Quando o Prefeito Eduardo Paes visitou o bairro no in\u00edcio de 2014, ele &#8220;falou que teria como intervir com a Cyrela para que uma parte [do terreno] fosse doada ao Quilombo do Camorim para fins sociais&#8221;, segundo Adilson Almeida. Poucos dias depois, Adilson enviou um of\u00edcio para o prefeito, solicitando que uma parte do terreno fosse utilizada para o centro comunit\u00e1rio. O quilombo nunca recebeu uma resposta.<\/p>\n<p>O dano causado pela constru\u00e7\u00e3o s\u00f3 refor\u00e7ou a <a href=\"http:\/\/bit.ly\/29HflyR\" target=\"_blank\" rel=\"noopener\">determina\u00e7\u00e3o da comunidade em\u00a0preservar<\/a>\u00a0o rico patrim\u00f4nio hist\u00f3rico e ambiental da \u00e1rea. No entanto, ela \u00e9 impedida pelo fato de n\u00e3o ter um espa\u00e7o dedicado a isto. O quilombo organiza atividades para <a href=\"http:\/\/bit.ly\/29HflyR\" target=\"_blank\" rel=\"noopener\">preservar a floresta do entorno<\/a> e celebrar o mosaico de m\u00fasica, dan\u00e7a, artes marciais e religi\u00e3o que foi transmitido de seus antepassados escravizados.<\/p>\n<p>Quilombos s\u00e3o uma lembran\u00e7a viva do <a href=\"http:\/\/bit.ly\/1S9AAtc\" target=\"_blank\" rel=\"noopener\">cap\u00edtulo longo e sombrio<\/a> da hist\u00f3ria do pa\u00eds que muitos\u00a0<a href=\"http:\/\/bit.ly\/1p2voxl\" target=\"_blank\" rel=\"noopener\">gostariam de esquecer<\/a>. No entanto, para os membros do Quilombo do Camorim, a conex\u00e3o com seus antepassados \u00e9 uma fonte de for\u00e7a e inspira\u00e7\u00e3o.<\/p>\n<p>&#8220;Queremos manter viva a mem\u00f3ria dos nossos antepassados, porque eles ainda existem em esp\u00edrito, olhando e orientando todos n\u00f3s&#8221;, disse Adilson Almeida. &#8220;N\u00e3o quero que o sangue deles tenha sido derramado em v\u00e3o. Queremos lutar pelo nosso espa\u00e7o, nossos direitos e nossas tradi\u00e7\u00f5es, de forma que os nossos antepassados l\u00e1 de tr\u00e1s, possam olhar e ver que hoje estamos vivendo em um lugar melhor.&#8221;<\/p>\n<!-- AddThis Advanced Settings generic via filter on the_content --><!-- AddThis Share Buttons generic via filter on the_content -->","protected":false},"excerpt":{"rendered":"<div class=\"mh-excerpt\"><p>Click Here for English Os blocos de apartamentos que alojar\u00e3o jornalistas durante os Jogos Ol\u00edmpicos de 2016\u00a0foram constru\u00eddos usando &#8220;trabalho em condi\u00e7\u00f5es an\u00e1logas \u00e0 escravid\u00e3o&#8221; e foram erguidos em um cemit\u00e9rio de escravos em um <a class=\"mh-excerpt-more\" href=\"https:\/\/rioonwatch.org.br\/?p=20899\" title=\"Vila da M\u00eddia para as Olimp\u00edadas Constru\u00edda com Trabalho Escravo Sobre Cemit\u00e9rio de Escravos\">[&#8230;]<\/a><!-- AddThis Advanced Settings generic via filter on get_the_excerpt --><!-- AddThis Share Buttons generic via filter on get_the_excerpt --><\/p>\n<\/div>","protected":false},"author":129,"featured_media":20905,"comment_status":"closed","ping_status":"closed","sticky":false,"template":"","format":"standard","meta":{"_acf_changed":false,"_monsterinsights_skip_tracking":false,"_monsterinsights_sitenote_active":false,"_monsterinsights_sitenote_note":"","_monsterinsights_sitenote_category":0,"footnotes":""},"categories":[1617,1635,1621,346,1631,344],"tags":[127,1232,513,88,484,514,396,977,128,447,1240,106,469,78,1297,567,1740,297,432,1364,184],"writer":[1914],"translator":[683],"source":[],"ilustrador":[],"fotografo":[],"class_list":{"0":"post-20899","1":"post","2":"type-post","3":"status-publish","4":"format-standard","5":"has-post-thumbnail","7":"category-olhonagentrificacao","8":"category-1635","9":"category-destaque","10":"category-denuncias","11":"category-entendendo-o-rio","12":"category-politicas","13":"tag-alto-camorim","14":"tag-area-de-protecao-ambiental","15":"tag-cultura-afro-brasileira","16":"tag-direitos-humanos","17":"tag-prefeito-eduardo-paes","18":"tag-escravidao","19":"tag-especulacao-imobiliaria","20":"tag-estado-de-excecao","21":"tag-historia","22":"tag-jacarepagua","23":"tag-megaeventos","24":"tag-meio-ambiente","25":"tag-memoria","26":"tag-olimpiadas","27":"tag-preservacao-historica","28":"tag-quilombo","29":"tag-quilombo-do-camorim","30":"tag-reflorestamento","31":"tag-resistencia","32":"tag-violacoes","33":"tag-zona-oeste","34":"writer-daniel-gross","35":"translator-thais-rosa-pinheiro"},"acf":[],"yoast_head":"<!-- This site is optimized with the Yoast SEO plugin v25.6 - https:\/\/yoast.com\/wordpress\/plugins\/seo\/ -->\n<title>Vila da M\u00eddia para as Olimp\u00edadas Constru\u00edda com Trabalho Escravo Sobre Cemit\u00e9rio de Escravos - RioOnWatch<\/title>\n<meta name=\"robots\" content=\"index, follow, max-snippet:-1, max-image-preview:large, max-video-preview:-1\" \/>\n<link rel=\"canonical\" href=\"https:\/\/rioonwatch.org.br\/?p=20899\" \/>\n<meta property=\"og:locale\" content=\"pt_BR\" \/>\n<meta property=\"og:type\" content=\"article\" \/>\n<meta property=\"og:title\" content=\"Vila da M\u00eddia para as Olimp\u00edadas Constru\u00edda com Trabalho Escravo Sobre Cemit\u00e9rio de Escravos - RioOnWatch\" \/>\n<meta property=\"og:description\" content=\"Click Here for English Os blocos de apartamentos que alojar\u00e3o jornalistas durante os Jogos Ol\u00edmpicos de 2016\u00a0foram constru\u00eddos usando &#8220;trabalho em condi\u00e7\u00f5es an\u00e1logas \u00e0 escravid\u00e3o&#8221; e foram erguidos em um cemit\u00e9rio de escravos em um [...]\" \/>\n<meta property=\"og:url\" content=\"https:\/\/rioonwatch.org.br\/?p=20899\" \/>\n<meta property=\"og:site_name\" content=\"RioOnWatch\" \/>\n<meta property=\"article:published_time\" content=\"2016-07-19T12:35:03+00:00\" \/>\n<meta property=\"article:modified_time\" content=\"2024-06-20T19:26:43+00:00\" \/>\n<meta property=\"og:image\" content=\"https:\/\/rioonwatch.org.br\/wp-content\/uploads\/2016\/07\/Garnd-Club-Verdant.jpg\" \/>\n\t<meta property=\"og:image:width\" content=\"640\" \/>\n\t<meta property=\"og:image:height\" content=\"408\" \/>\n\t<meta property=\"og:image:type\" content=\"image\/jpeg\" \/>\n<meta name=\"author\" content=\"Admin\" \/>\n<meta name=\"twitter:card\" content=\"summary_large_image\" \/>\n<meta name=\"twitter:label1\" content=\"Escrito por\" \/>\n\t<meta name=\"twitter:data1\" content=\"Admin\" \/>\n\t<meta name=\"twitter:label2\" content=\"Est. tempo de leitura\" \/>\n\t<meta name=\"twitter:data2\" content=\"10 minutos\" \/>\n<script type=\"application\/ld+json\" class=\"yoast-schema-graph\">{\"@context\":\"https:\/\/schema.org\",\"@graph\":[{\"@type\":\"Article\",\"@id\":\"https:\/\/rioonwatch.org.br\/?p=20899#article\",\"isPartOf\":{\"@id\":\"https:\/\/rioonwatch.org.br\/?p=20899\"},\"author\":{\"name\":\"Admin\",\"@id\":\"https:\/\/rioonwatch.org.br\/#\/schema\/person\/11d64c290506f9df50c71b850c473f68\"},\"headline\":\"Vila da M\u00eddia para as Olimp\u00edadas Constru\u00edda com Trabalho Escravo Sobre Cemit\u00e9rio de Escravos\",\"datePublished\":\"2016-07-19T12:35:03+00:00\",\"dateModified\":\"2024-06-20T19:26:43+00:00\",\"mainEntityOfPage\":{\"@id\":\"https:\/\/rioonwatch.org.br\/?p=20899\"},\"wordCount\":1987,\"publisher\":{\"@id\":\"https:\/\/rioonwatch.org.br\/#organization\"},\"image\":{\"@id\":\"https:\/\/rioonwatch.org.br\/?p=20899#primaryimage\"},\"thumbnailUrl\":\"https:\/\/rioonwatch.org.br\/wp-content\/uploads\/2016\/07\/Garnd-Club-Verdant.jpg\",\"keywords\":[\"Alto Camorim\",\"\u00c1rea de Prote\u00e7\u00e3o Ambiental\",\"Cultura Afro-brasileira\",\"Direitos Humanos\",\"Eduardo Paes\",\"escravid\u00e3o\",\"especula\u00e7\u00e3o imobili\u00e1ria\",\"estado de exce\u00e7\u00e3o\",\"hist\u00f3ria\",\"Jacarepagu\u00e1\",\"Megaeventos\",\"meio ambiente\",\"Mem\u00f3rias Faveladas\",\"Olimp\u00edadas\",\"preserva\u00e7\u00e3o hist\u00f3rica\",\"Quilombo\",\"Quilombo do Camorim\",\"reflorestamento\",\"resist\u00eancia\",\"viola\u00e7\u00f5es\",\"Zona Oeste\"],\"articleSection\":[\"#OlhoNaGentrifica\u00e7\u00e3o\",\"#Rio2016\",\"*Destaque\",\"Den\u00fancias\",\"Entendendo o Rio\",\"Pol\u00edticas\"],\"inLanguage\":\"pt-BR\"},{\"@type\":\"WebPage\",\"@id\":\"https:\/\/rioonwatch.org.br\/?p=20899\",\"url\":\"https:\/\/rioonwatch.org.br\/?p=20899\",\"name\":\"Vila da M\u00eddia para as Olimp\u00edadas Constru\u00edda com Trabalho Escravo Sobre Cemit\u00e9rio de Escravos - RioOnWatch\",\"isPartOf\":{\"@id\":\"https:\/\/rioonwatch.org.br\/#website\"},\"primaryImageOfPage\":{\"@id\":\"https:\/\/rioonwatch.org.br\/?p=20899#primaryimage\"},\"image\":{\"@id\":\"https:\/\/rioonwatch.org.br\/?p=20899#primaryimage\"},\"thumbnailUrl\":\"https:\/\/rioonwatch.org.br\/wp-content\/uploads\/2016\/07\/Garnd-Club-Verdant.jpg\",\"datePublished\":\"2016-07-19T12:35:03+00:00\",\"dateModified\":\"2024-06-20T19:26:43+00:00\",\"breadcrumb\":{\"@id\":\"https:\/\/rioonwatch.org.br\/?p=20899#breadcrumb\"},\"inLanguage\":\"pt-BR\",\"potentialAction\":[{\"@type\":\"ReadAction\",\"target\":[\"https:\/\/rioonwatch.org.br\/?p=20899\"]}]},{\"@type\":\"ImageObject\",\"inLanguage\":\"pt-BR\",\"@id\":\"https:\/\/rioonwatch.org.br\/?p=20899#primaryimage\",\"url\":\"https:\/\/rioonwatch.org.br\/wp-content\/uploads\/2016\/07\/Garnd-Club-Verdant.jpg\",\"contentUrl\":\"https:\/\/rioonwatch.org.br\/wp-content\/uploads\/2016\/07\/Garnd-Club-Verdant.jpg\",\"width\":640,\"height\":408},{\"@type\":\"BreadcrumbList\",\"@id\":\"https:\/\/rioonwatch.org.br\/?p=20899#breadcrumb\",\"itemListElement\":[{\"@type\":\"ListItem\",\"position\":1,\"name\":\"In\u00edcio\",\"item\":\"https:\/\/rioonwatch.org.br\/\"},{\"@type\":\"ListItem\",\"position\":2,\"name\":\"Vila da M\u00eddia para as Olimp\u00edadas Constru\u00edda com Trabalho Escravo Sobre Cemit\u00e9rio de Escravos\"}]},{\"@type\":\"WebSite\",\"@id\":\"https:\/\/rioonwatch.org.br\/#website\",\"url\":\"https:\/\/rioonwatch.org.br\/\",\"name\":\"RioOnWatch\",\"description\":\"relatos das favelas cariocas\",\"publisher\":{\"@id\":\"https:\/\/rioonwatch.org.br\/#organization\"},\"potentialAction\":[{\"@type\":\"SearchAction\",\"target\":{\"@type\":\"EntryPoint\",\"urlTemplate\":\"https:\/\/rioonwatch.org.br\/?s={search_term_string}\"},\"query-input\":{\"@type\":\"PropertyValueSpecification\",\"valueRequired\":true,\"valueName\":\"search_term_string\"}}],\"inLanguage\":\"pt-BR\"},{\"@type\":\"Organization\",\"@id\":\"https:\/\/rioonwatch.org.br\/#organization\",\"name\":\"RioOnWatch\",\"url\":\"https:\/\/rioonwatch.org.br\/\",\"logo\":{\"@type\":\"ImageObject\",\"inLanguage\":\"pt-BR\",\"@id\":\"https:\/\/rioonwatch.org.br\/#\/schema\/logo\/image\/\",\"url\":\"https:\/\/rioonwatch.org.br\/wp-content\/uploads\/2021\/06\/RioOnWatchcabecalhoPT11anos-2.png\",\"contentUrl\":\"https:\/\/rioonwatch.org.br\/wp-content\/uploads\/2021\/06\/RioOnWatchcabecalhoPT11anos-2.png\",\"width\":779,\"height\":277,\"caption\":\"RioOnWatch\"},\"image\":{\"@id\":\"https:\/\/rioonwatch.org.br\/#\/schema\/logo\/image\/\"}},{\"@type\":\"Person\",\"@id\":\"https:\/\/rioonwatch.org.br\/#\/schema\/person\/11d64c290506f9df50c71b850c473f68\",\"name\":\"Admin\",\"image\":{\"@type\":\"ImageObject\",\"inLanguage\":\"pt-BR\",\"@id\":\"https:\/\/rioonwatch.org.br\/#\/schema\/person\/image\/\",\"url\":\"https:\/\/secure.gravatar.com\/avatar\/56211ac74568383903349a1485e3c325?s=96&d=blank&r=g\",\"contentUrl\":\"https:\/\/secure.gravatar.com\/avatar\/56211ac74568383903349a1485e3c325?s=96&d=blank&r=g\",\"caption\":\"Admin\"},\"url\":\"https:\/\/rioonwatch.org.br\/?author=129\"}]}<\/script>\n<!-- \/ Yoast SEO plugin. -->","yoast_head_json":{"title":"Vila da M\u00eddia para as Olimp\u00edadas Constru\u00edda com Trabalho Escravo Sobre Cemit\u00e9rio de Escravos - RioOnWatch","robots":{"index":"index","follow":"follow","max-snippet":"max-snippet:-1","max-image-preview":"max-image-preview:large","max-video-preview":"max-video-preview:-1"},"canonical":"https:\/\/rioonwatch.org.br\/?p=20899","og_locale":"pt_BR","og_type":"article","og_title":"Vila da M\u00eddia para as Olimp\u00edadas Constru\u00edda com Trabalho Escravo Sobre Cemit\u00e9rio de Escravos - RioOnWatch","og_description":"Click Here for English Os blocos de apartamentos que alojar\u00e3o jornalistas durante os Jogos Ol\u00edmpicos de 2016\u00a0foram constru\u00eddos usando &#8220;trabalho em condi\u00e7\u00f5es an\u00e1logas \u00e0 escravid\u00e3o&#8221; e foram erguidos em um cemit\u00e9rio de escravos em um [...]","og_url":"https:\/\/rioonwatch.org.br\/?p=20899","og_site_name":"RioOnWatch","article_published_time":"2016-07-19T12:35:03+00:00","article_modified_time":"2024-06-20T19:26:43+00:00","og_image":[{"width":640,"height":408,"url":"https:\/\/rioonwatch.org.br\/wp-content\/uploads\/2016\/07\/Garnd-Club-Verdant.jpg","type":"image\/jpeg"}],"author":"Admin","twitter_card":"summary_large_image","twitter_misc":{"Escrito por":"Admin","Est. tempo de leitura":"10 minutos"},"schema":{"@context":"https:\/\/schema.org","@graph":[{"@type":"Article","@id":"https:\/\/rioonwatch.org.br\/?p=20899#article","isPartOf":{"@id":"https:\/\/rioonwatch.org.br\/?p=20899"},"author":{"name":"Admin","@id":"https:\/\/rioonwatch.org.br\/#\/schema\/person\/11d64c290506f9df50c71b850c473f68"},"headline":"Vila da M\u00eddia para as Olimp\u00edadas Constru\u00edda com Trabalho Escravo Sobre Cemit\u00e9rio de Escravos","datePublished":"2016-07-19T12:35:03+00:00","dateModified":"2024-06-20T19:26:43+00:00","mainEntityOfPage":{"@id":"https:\/\/rioonwatch.org.br\/?p=20899"},"wordCount":1987,"publisher":{"@id":"https:\/\/rioonwatch.org.br\/#organization"},"image":{"@id":"https:\/\/rioonwatch.org.br\/?p=20899#primaryimage"},"thumbnailUrl":"https:\/\/rioonwatch.org.br\/wp-content\/uploads\/2016\/07\/Garnd-Club-Verdant.jpg","keywords":["Alto Camorim","\u00c1rea de Prote\u00e7\u00e3o Ambiental","Cultura Afro-brasileira","Direitos Humanos","Eduardo Paes","escravid\u00e3o","especula\u00e7\u00e3o imobili\u00e1ria","estado de exce\u00e7\u00e3o","hist\u00f3ria","Jacarepagu\u00e1","Megaeventos","meio ambiente","Mem\u00f3rias Faveladas","Olimp\u00edadas","preserva\u00e7\u00e3o hist\u00f3rica","Quilombo","Quilombo do Camorim","reflorestamento","resist\u00eancia","viola\u00e7\u00f5es","Zona Oeste"],"articleSection":["#OlhoNaGentrifica\u00e7\u00e3o","#Rio2016","*Destaque","Den\u00fancias","Entendendo o Rio","Pol\u00edticas"],"inLanguage":"pt-BR"},{"@type":"WebPage","@id":"https:\/\/rioonwatch.org.br\/?p=20899","url":"https:\/\/rioonwatch.org.br\/?p=20899","name":"Vila da M\u00eddia para as Olimp\u00edadas Constru\u00edda com Trabalho Escravo Sobre Cemit\u00e9rio de Escravos - RioOnWatch","isPartOf":{"@id":"https:\/\/rioonwatch.org.br\/#website"},"primaryImageOfPage":{"@id":"https:\/\/rioonwatch.org.br\/?p=20899#primaryimage"},"image":{"@id":"https:\/\/rioonwatch.org.br\/?p=20899#primaryimage"},"thumbnailUrl":"https:\/\/rioonwatch.org.br\/wp-content\/uploads\/2016\/07\/Garnd-Club-Verdant.jpg","datePublished":"2016-07-19T12:35:03+00:00","dateModified":"2024-06-20T19:26:43+00:00","breadcrumb":{"@id":"https:\/\/rioonwatch.org.br\/?p=20899#breadcrumb"},"inLanguage":"pt-BR","potentialAction":[{"@type":"ReadAction","target":["https:\/\/rioonwatch.org.br\/?p=20899"]}]},{"@type":"ImageObject","inLanguage":"pt-BR","@id":"https:\/\/rioonwatch.org.br\/?p=20899#primaryimage","url":"https:\/\/rioonwatch.org.br\/wp-content\/uploads\/2016\/07\/Garnd-Club-Verdant.jpg","contentUrl":"https:\/\/rioonwatch.org.br\/wp-content\/uploads\/2016\/07\/Garnd-Club-Verdant.jpg","width":640,"height":408},{"@type":"BreadcrumbList","@id":"https:\/\/rioonwatch.org.br\/?p=20899#breadcrumb","itemListElement":[{"@type":"ListItem","position":1,"name":"In\u00edcio","item":"https:\/\/rioonwatch.org.br\/"},{"@type":"ListItem","position":2,"name":"Vila da M\u00eddia para as Olimp\u00edadas Constru\u00edda com Trabalho Escravo Sobre Cemit\u00e9rio de Escravos"}]},{"@type":"WebSite","@id":"https:\/\/rioonwatch.org.br\/#website","url":"https:\/\/rioonwatch.org.br\/","name":"RioOnWatch","description":"relatos das favelas cariocas","publisher":{"@id":"https:\/\/rioonwatch.org.br\/#organization"},"potentialAction":[{"@type":"SearchAction","target":{"@type":"EntryPoint","urlTemplate":"https:\/\/rioonwatch.org.br\/?s={search_term_string}"},"query-input":{"@type":"PropertyValueSpecification","valueRequired":true,"valueName":"search_term_string"}}],"inLanguage":"pt-BR"},{"@type":"Organization","@id":"https:\/\/rioonwatch.org.br\/#organization","name":"RioOnWatch","url":"https:\/\/rioonwatch.org.br\/","logo":{"@type":"ImageObject","inLanguage":"pt-BR","@id":"https:\/\/rioonwatch.org.br\/#\/schema\/logo\/image\/","url":"https:\/\/rioonwatch.org.br\/wp-content\/uploads\/2021\/06\/RioOnWatchcabecalhoPT11anos-2.png","contentUrl":"https:\/\/rioonwatch.org.br\/wp-content\/uploads\/2021\/06\/RioOnWatchcabecalhoPT11anos-2.png","width":779,"height":277,"caption":"RioOnWatch"},"image":{"@id":"https:\/\/rioonwatch.org.br\/#\/schema\/logo\/image\/"}},{"@type":"Person","@id":"https:\/\/rioonwatch.org.br\/#\/schema\/person\/11d64c290506f9df50c71b850c473f68","name":"Admin","image":{"@type":"ImageObject","inLanguage":"pt-BR","@id":"https:\/\/rioonwatch.org.br\/#\/schema\/person\/image\/","url":"https:\/\/secure.gravatar.com\/avatar\/56211ac74568383903349a1485e3c325?s=96&d=blank&r=g","contentUrl":"https:\/\/secure.gravatar.com\/avatar\/56211ac74568383903349a1485e3c325?s=96&d=blank&r=g","caption":"Admin"},"url":"https:\/\/rioonwatch.org.br\/?author=129"}]}},"_links":{"self":[{"href":"https:\/\/rioonwatch.org.br\/index.php?rest_route=\/wp\/v2\/posts\/20899"}],"collection":[{"href":"https:\/\/rioonwatch.org.br\/index.php?rest_route=\/wp\/v2\/posts"}],"about":[{"href":"https:\/\/rioonwatch.org.br\/index.php?rest_route=\/wp\/v2\/types\/post"}],"author":[{"embeddable":true,"href":"https:\/\/rioonwatch.org.br\/index.php?rest_route=\/wp\/v2\/users\/129"}],"replies":[{"embeddable":true,"href":"https:\/\/rioonwatch.org.br\/index.php?rest_route=%2Fwp%2Fv2%2Fcomments&post=20899"}],"version-history":[{"count":24,"href":"https:\/\/rioonwatch.org.br\/index.php?rest_route=\/wp\/v2\/posts\/20899\/revisions"}],"predecessor-version":[{"id":74201,"href":"https:\/\/rioonwatch.org.br\/index.php?rest_route=\/wp\/v2\/posts\/20899\/revisions\/74201"}],"wp:featuredmedia":[{"embeddable":true,"href":"https:\/\/rioonwatch.org.br\/index.php?rest_route=\/wp\/v2\/media\/20905"}],"wp:attachment":[{"href":"https:\/\/rioonwatch.org.br\/index.php?rest_route=%2Fwp%2Fv2%2Fmedia&parent=20899"}],"wp:term":[{"taxonomy":"category","embeddable":true,"href":"https:\/\/rioonwatch.org.br\/index.php?rest_route=%2Fwp%2Fv2%2Fcategories&post=20899"},{"taxonomy":"post_tag","embeddable":true,"href":"https:\/\/rioonwatch.org.br\/index.php?rest_route=%2Fwp%2Fv2%2Ftags&post=20899"},{"taxonomy":"writer","embeddable":true,"href":"https:\/\/rioonwatch.org.br\/index.php?rest_route=%2Fwp%2Fv2%2Fwriter&post=20899"},{"taxonomy":"translator","embeddable":true,"href":"https:\/\/rioonwatch.org.br\/index.php?rest_route=%2Fwp%2Fv2%2Ftranslator&post=20899"},{"taxonomy":"source","embeddable":true,"href":"https:\/\/rioonwatch.org.br\/index.php?rest_route=%2Fwp%2Fv2%2Fsource&post=20899"},{"taxonomy":"ilustrador","embeddable":true,"href":"https:\/\/rioonwatch.org.br\/index.php?rest_route=%2Fwp%2Fv2%2Filustrador&post=20899"},{"taxonomy":"fotografo","embeddable":true,"href":"https:\/\/rioonwatch.org.br\/index.php?rest_route=%2Fwp%2Fv2%2Ffotografo&post=20899"}],"curies":[{"name":"wp","href":"https:\/\/api.w.org\/{rel}","templated":true}]}}