{"id":20928,"date":"2016-07-20T11:24:43","date_gmt":"2016-07-20T14:24:43","guid":{"rendered":"http:\/\/rioonwatch.org.br\/?p=20928"},"modified":"2024-06-20T16:26:43","modified_gmt":"2024-06-20T19:26:43","slug":"as-melhores-e-piores-reportagens-pre-olimpicas-sobre-as-favelas-do-rio","status":"publish","type":"post","link":"https:\/\/rioonwatch.org.br\/?p=20928","title":{"rendered":"As Melhores e Piores Reportagens Pr\u00e9-Ol\u00edmpicas sobre as Favelas do Rio"},"content":{"rendered":"<p style=\"text-align: right;\"><em><strong><a href=\"http:\/\/bit.ly\/29Tennj\" target=\"_blank\" rel=\"noopener\">Click Here for English<img decoding=\"async\" width=\"20\" height=\"20\" class=\"alignright wp-image-15790\" src=\"http:\/\/rioonwatch.org.br\/wp-content\/uploads\/2012\/08\/EN-standard-e1439583104716.jpg\" alt=\"\" \/><\/a><\/strong><\/em><\/p>\n<p><i><span style=\"font-weight: 400;\">Esta \u00e9 a mais recente\u00a0mat\u00e9ria da nossa s\u00e9rie sobre as\u00a0<a href=\"http:\/\/bit.ly\/22UReDO\" target=\"_blank\" rel=\"noopener\">Melhores e Piores Reportagens Internacionais sobre Favelas do Rio<\/a>, que faz\u00a0<em>parte do atual debate do RioOnWatch sobre a <a href=\"http:\/\/bit.ly\/1ZVXkRS\" target=\"_blank\" rel=\"noopener\">narrativa<\/a> e os\u00a0<a href=\"http:\/\/bit.ly\/1OKE065\" target=\"_blank\" rel=\"noopener\">retratos midi\u00e1ticos<\/a> acerca das favelas cariocas<\/em>.<\/span><\/i><\/p>\n<p><span style=\"font-weight: 400;\">Com menos de tr\u00eas semanas para o in\u00edcio dos <a href=\"http:\/\/bit.ly\/PkLXlQ\" target=\"_blank\" rel=\"noopener\">Jogos Ol\u00edmpicos de 2016<\/a>, o Rio e suas favelas est\u00e3o recebendo mais aten\u00e7\u00e3o da m\u00eddia\u00a0do que nunca. Esta \u00e9 uma oportunidade sem precedentes para alterar a narrativa <a href=\"http:\/\/bit.ly\/1MhLewt\" target=\"_blank\" rel=\"noopener\">historicamente estigmatizante em rela\u00e7\u00e3o \u00e0s favelas<\/a>, mas ela tamb\u00e9m traz o risco de <a href=\"http:\/\/bit.ly\/VucFh6\" target=\"_blank\" rel=\"noopener\">consolidar ainda mais os estigmas<\/a> na mente de um p\u00fablico global.<\/span><\/p>\n<p><span style=\"font-weight: 400;\">Aqui n\u00f3s analisamos as melhores e piores reportagens\u00a0sobre as favelas no per\u00edodo que antecede os Jogos. Na pr\u00f3xima s\u00e9rie, logo ap\u00f3s os Jogos, examinaremos o melhor e o pior que foi produzido durante as Olimp\u00edadas.<\/span><\/p>\n<h3>Os Piores<\/h3>\n<p><b>I<b>nfelizmente, o\u00a0<\/b><\/b><i><b>Daily Mail<\/b><strong>\u00a0que\u00a0<\/strong><\/i><b>aparece com frequ\u00eancia na nossa lista das Piores Reportagens, <\/b><span style=\"font-weight: 400;\">se superou este ano com suas manchetes e linguagem fortemente estigmatizantes. Em tr\u00eas artigos, o <\/span><a href=\"http:\/\/bit.ly\/10BvARw\" target=\"_blank\" rel=\"noopener\"><span style=\"font-weight: 400;\">Complexo da Mar\u00e9<\/span><\/a><span style=\"font-weight: 400;\"> \u00e9 chamado de \u201cfavela fedorenta\u201d, \u201cfavela aterrorizante\u201d e \u201czona proibida e perigosa\u201d. <a href=\"http:\/\/dailym.ai\/1PKUVGB\" target=\"_blank\" rel=\"noopener\">Um artigo<\/a> se aproveitando da histeria devido a Zika cita um profissional de sa\u00fade descrevendo o complexo como um \u201ccriadouro gigante\u201d para a doen\u00e7a. Em <a href=\"http:\/\/dailym.ai\/1UcOhK5\" target=\"_blank\" rel=\"noopener\">outro artigo<\/a>, os garotos da Mar\u00e9 que fazem coleta de recicl\u00e1veis no lixo s\u00e3o chamados de \u201ccrian\u00e7as-ratos\u201d. \u00c9 isso mesmo, em pleno 2016, o <\/span><i><span style=\"font-weight: 400;\">Daily Mail<\/span><\/i><span style=\"font-weight: 400;\"> se referiu a seres humanos como \u201ccrian\u00e7as-ratos\u201d. Um <a href=\"http:\/\/dailym.ai\/28OTeaj\" target=\"_blank\" rel=\"noopener\">terceiro artigo<\/a> explica os tiroteios, roubos de carros e sequestros na Avenida Brasil, \u201ca estrada do terror\u201d, como \u201cviol\u00eancia aterrorizante\u201d que \u201cse espalhou para fora das favelas\u201d. O foco do <\/span><i><span style=\"font-weight: 400;\">Daily Mail<\/span><\/i><span style=\"font-weight: 400;\"> dedicado \u00e0 mis\u00e9ria e medo deturpa, fundamentalmente, a vida di\u00e1ria da maioria dos <a href=\"http:\/\/bit.ly\/29Urk1R\" target=\"_blank\" rel=\"noopener\">moradores da Mar\u00e9<\/a>. Al\u00e9m disso, a aparente preocupa\u00e7\u00e3o com os moradores da Mar\u00e9 \u00e9 diminu\u00edda pela frase: \u201cE o mais alarmante&#8230; o atirador [na Avenida Brasil] e seu armamento pesado ainda poder\u00e3o estar l\u00e1, quando os VIPs e estrelas do esporte come\u00e7arem a chegar para os Jogos&#8221;&#8211;o autor, portanto, deixa expl\u00edcita sua vis\u00e3o de que as vidas dos moradores da Mar\u00e9 n\u00e3o t\u00eam o mesmo valor dos \u201cVIPs\u201d das Olimp\u00edadas. Com um dos maiores n\u00fameros de leitores online no mundo, o <\/span><i><span style=\"font-weight: 400;\">Daily Mail<\/span><\/i><span style=\"font-weight: 400;\">\u00a0tem que fazer um trabalho melhor.<\/span><\/p>\n<p><a href=\"http:\/\/rioonwatch.org.br\/wp-content\/uploads\/2016\/07\/DailyMailMare\u0301Map-e1468690231697-620x264.jpg\"><img fetchpriority=\"high\" decoding=\"async\" class=\"aligncenter wp-image-20934 size-full\" title=\"O Daily Mail ressalta que a Mar\u00e9 \u00e9 um &quot;terreno f\u00e9rtil&quot; para Zika e est\u00e1 apenasa 2,5 km do aeroporto, onde os visitantes internacionais chegar\u00e3o. Imagem do Daily Mail\" src=\"http:\/\/rioonwatch.org.br\/wp-content\/uploads\/2016\/07\/DailyMailMare\u0301Map-e1468690231697-620x264.jpg\" alt=\"DailyMailMare\u0301Map-e1468690231697-620x264\" width=\"620\" height=\"264\" \/><\/a><\/p>\n<p><span style=\"font-weight: 400;\">Apesar de duas\u00a0perspectivas de\u00a0moradores de favelas aparecerem\u00a0na discuss\u00e3o crucial de quem se beneficiar\u00e1 das Olimp\u00edadas,\u00a0<a href=\"http:\/\/cnn.it\/1P9SutK\" target=\"_blank\" rel=\"noopener\"><strong>este v\u00eddeo da<em> CNN<\/em><\/strong><\/a><\/span><b> retrata o Rio e, particularmente suas favelas, como uma zona de guerra<\/b><span style=\"font-weight: 400;\">. Este v\u00eddeo descreve as favelas universalmente como \u201cas\u00a0<em>hilltop slums<\/em> (\u00e1reas tempor\u00e1rias de moradias altamente prec\u00e1rias no alto do morro) onde\u00a0traficantes altamente armados dominam ha muitos anos\u201d, casualmente ignorando <a href=\"http:\/\/bit.ly\/1uRzOcM\" target=\"_blank\" rel=\"noopener\">os fatos<\/a> de que a maioria das\u00a0favelas <a href=\"http:\/\/bit.ly\/1Ir1zOL\" target=\"_blank\" rel=\"noopener\">n\u00e3o \u00e9 <em>slum<\/em><\/a>\u00a0(\u00e1reas tempor\u00e1rias de moradias altamente prec\u00e1rias), a maioria n\u00e3o est\u00e1 em morros e a maioria n\u00e3o \u00e9 controlada pelo tr\u00e1fico. Defini\u00e7\u00f5es simplistas e gen\u00e9ricas como estas <a href=\"http:\/\/bit.ly\/29WtgFd\" target=\"_blank\" rel=\"noopener\">contradizem a diversidade<\/a> encontrada dentro e entre cada favela do Rio. Para entrevistar um membro do tr\u00e1fico, a <\/span><i><span style=\"font-weight: 400;\">CNN<\/span><\/i><span style=\"font-weight: 400;\"> relata que, \u201csob o manto da escurid\u00e3o\u201d, sua equipe \u201cse aventurou em uma favela\u201d na <a href=\"http:\/\/bit.ly\/1mNsDyk\" target=\"_blank\" rel=\"noopener\">Zona Sul<\/a>.\u00a0Moradores, turistas e outros jornalistas n\u00e3o t\u00eam muitos problemas em \u201cse aventurar\u201d nas favelas da Zona Sul durante o dia, ent\u00e3o n\u00e3o ficou claro por que a <\/span><i><span style=\"font-weight: 400;\">CNN<\/span><\/i><span style=\"font-weight: 400;\"> buscou o \u201cmanto da escurid\u00e3o\u201d. Relatar a cobertura desta forma sensacionalista, sem explica\u00e7\u00e3o ou ressalva, \u00e9 problem\u00e1tico porque d\u00e1 aos leitores uma sensa\u00e7\u00e3o gravemente exagerada da experi\u00eancia di\u00e1ria de conflito nas favelas do Rio. E <a href=\"http:\/\/bit.ly\/2ajroUw\" target=\"_blank\" rel=\"noopener\">a perpetua\u00e7\u00e3o de tal estigma produz pol\u00edticas mortais que matam moradores inocentes<\/a>. Moradora da Mar\u00e9 e jornalista, Thais Cavalcante disse ao programa <a href=\"http:\/\/bit.ly\/2ajroUw\" target=\"_blank\" rel=\"noopener\">On the Media da<\/a>\u00a0<\/span><i><span style=\"font-weight: 400;\">NPR<\/span><\/i><span style=\"font-weight: 400;\"> na semana passada que \u201ceste tipo de cobertura\u201d, mencionando especificamente as manchetes sensacionalistas, \u201c\u00e9 usada para afirmar determinadas pol\u00edticas do Estado relacionadas a n\u00f3s, e frequentemente justifica a viol\u00eancia policial\u201d.<\/span><\/p>\n<p><span style=\"font-weight: 400;\">A <\/span><b>aten\u00e7\u00e3o \u00e0s remo\u00e7\u00f5es\u00a0<\/b><strong><a href=\"http:\/\/bit.ly\/1qvKoGg\" target=\"_blank\" rel=\"noopener\">deste artigo da <em>Gizmodo<\/em><\/a><\/strong><span style=\"font-weight: 400;\"> e o <\/span><span style=\"font-weight: 400;\">argumento de que \u201cas \u00e1reas mais pobres do Rio aguentar\u00e3o o peso\u201d dos impactos negativos das Olimp\u00edadas s\u00e3o valiosos, mas o artigo cont\u00e9m inexatid\u00f5es significativas que perpetuam <a href=\"http:\/\/bit.ly\/1qvKoGg\" target=\"_blank\" rel=\"noopener\">mitos sobre o desenvolvimento urbano impulsionado pelas Olimp\u00edadas<\/a>. O autor escreve que \u201cmuitas\u201d das centenas de favelas do Rio agora t\u00eam <a href=\"http:\/\/bit.ly\/Sh0wXv\" target=\"_blank\" rel=\"noopener\">telef\u00e9ricos<\/a> gra\u00e7as \u00e0s transforma\u00e7\u00f5es das Olimp\u00edadas. Isto simplesmente n\u00e3o \u00e9 verdade&#8211;apenas dois (controversos) telef\u00e9ricos existem atualmente nas favelas da cidade e duas delas <a href=\"http:\/\/bit.ly\/16D453L\" target=\"_blank\" rel=\"noopener\">brigaram ativamente na justi\u00e7a contra<\/a> os telef\u00e9ricos. Ele argumenta que o <a href=\"http:\/\/bit.ly\/1hFhVJX\" target=\"_blank\" rel=\"noopener\">turismo de estrangeiros na favela<\/a> alavancado pelos Jogos criou \u201calguma estabilidade econ\u00f4mica\u201d, mas n\u00e3o h\u00e1 evid\u00eancia no Rio ou em cidades anfitri\u00e3s anteriores de Olimp\u00edadas de que os megaeventos tenham um efeito positivo em longo prazo no turismo ou na economia. (O turismo cresceu nas favelas nos \u00faltimos anos no contexto do aumento da seguran\u00e7a percebida e relativa estabilidade econ\u00f4mica; ambas desabaram antes das Olimp\u00edadas). O autor diz que \u201co futuro do Rio\u201d depende dos gastos dos turistas durante os Jogos Ol\u00edmpicos, mas qualquer inje\u00e7\u00e3o de dinheiro em curto prazo n\u00e3o resolver\u00e1 os problemas sist\u00eamicos do Rio. Estas inexatid\u00f5es alimentam e perpetuam a narrativa da Prefeitura sobre o potencial transformador dos Jogos e projetos de desenvolvimento pr\u00e9-Ol\u00edmpico, muitos dos quais t\u00eam bem pouco impacto e em alguns casos s\u00e3o mais destrutivos do que as\u00a0<a href=\"http:\/\/bit.ly\/1T0EshR\" target=\"_blank\" rel=\"noopener\">propagandas sugerem<\/a>.<\/span><\/p>\n<p><a href=\"http:\/\/rioonwatch.org.br\/wp-content\/uploads\/2016\/07\/353893FE00000578-3646384-image-a-55_1466157096089-620x264.jpg\"><img decoding=\"async\" class=\"aligncenter wp-image-20935 size-full\" title=\"Imagem Daily Mail de uma &quot;estrada que passa sobre uma favela&quot; onde se v\u00ea uma pilha de lixo.\" src=\"http:\/\/rioonwatch.org.br\/wp-content\/uploads\/2016\/07\/353893FE00000578-3646384-image-a-55_1466157096089-620x264.jpg\" alt=\"353893FE00000578-3646384-image-a-55_1466157096089-620x264\" width=\"620\" height=\"264\" \/><\/a><\/p>\n<p><b>Um <a href=\"http:\/\/bit.ly\/2aruBBz\" target=\"_blank\" rel=\"noopener\">artigo recente da<\/a>\u00a0<\/b><b><i>CityLab<\/i><\/b><b> merece uma men\u00e7\u00e3o<\/b><span style=\"font-weight: 400;\"> por combinar um t\u00edtulo que diz que a \u201cVila Ol\u00edmpica Alimentar\u00e1 as Favelas\u201d com um artigo que sugere que os restos de comida ser\u00e3o direcionados aos \u201cmoradores necessitados\u201d da Lapa&#8211;que n\u00e3o \u00e9 uma favela. Mais \u00e0 frente o artigo confunde a <a href=\"http:\/\/bit.ly\/1i0t9Hc\" target=\"_blank\" rel=\"noopener\">viol\u00eancia policial<\/a> e <a href=\"http:\/\/bit.ly\/X51Qvb\" target=\"_blank\" rel=\"noopener\">remo\u00e7\u00f5es<\/a> vivenciados em algumas favelas com as pessoas que recebem o sop\u00e3o solid\u00e1rio, arriscando levar os leitores a associar de maneira acr\u00edtica as favelas de trabalhadores e de classe m\u00e9dia com fome e pobreza. <\/span><b><i>O Herald Sun<\/i><\/b><b>, em sua constante cobertura<\/b> sobre a proibi\u00e7\u00e3o dos\u00a0<span style=\"font-weight: 400;\">atletas australianos <a href=\"http:\/\/abr.ai\/29RSSVu\" target=\"_blank\" rel=\"noopener\">visitarem as favelas<\/a>,<a href=\"http:\/\/bit.ly\/29vCJAX\" target=\"_blank\" rel=\"noopener\"> agora informou<\/a> ao p\u00fablico australiano que 75% dos moradores do Rio vivem nestes bairros&#8211;um incr\u00edvel aumento em rela\u00e7\u00e3o ao n\u00famero real\u00a0de\u00a0cerca de 24%. Por fim, os artigos que focam na lista de problemas das Olimp\u00edadas no Rio frequentemente perdem a oportunidade de destacar quest\u00f5es que fizeram um enorme estrago a longo prazo nas comunidades do Rio: remo\u00e7\u00f5es, aumento da viol\u00eancia policial, deslocamentos atrav\u00e9s de <a href=\"http:\/\/bit.ly\/184FqS4\" target=\"_blank\" rel=\"noopener\">gentrifica\u00e7\u00e3o<\/a>, <a href=\"http:\/\/bit.ly\/29T9kjb\" target=\"_blank\" rel=\"noopener\">prioridades de gastos mal direcionados<\/a>, e <a href=\"http:\/\/bit.ly\/1rReNPT\" target=\"_blank\" rel=\"noopener\">promessas n\u00e3o cumpridas do legado<\/a>, entre outros.<\/span><\/p>\n<h3>As Melhores<\/h3>\n<p><b>O <a href=\"http:\/\/n.pr\/1tAE025\" target=\"_blank\" rel=\"noopener\">artigo de Lulu Garcia-Navarro desconstruindo o mito das liga\u00e7\u00f5es entre pobreza e o v\u00edrus da Zika<\/a> para a <\/b><b><i>NPR<\/i><\/b><span style=\"font-weight: 400;\"> \u00e9 uma importante an\u00e1lise equilibrada em resposta \u00e0 advert\u00eancia da Organiza\u00e7\u00e3o Mundial da Sa\u00fade para os visitantes \u201cevitarem visitar \u00e1reas pobres e superlotadas\u201d durante as Olimp\u00edadas no Rio. Garcia-Navarro destaca a <a href=\"http:\/\/bit.ly\/P4itK0\" target=\"_blank\" rel=\"noopener\">estigmatiza\u00e7\u00e3o<\/a> na advert\u00eancia e prossegue fazendo um desafio minucioso \u00e0 afirma\u00e7\u00e3o com base em estudos cient\u00edficos sobre doen\u00e7as transmitidas por mosquitos e entrevistas com pesquisadores da \u00e1rea. O artigo argumenta com sucesso que visitar as favelas n\u00e3o traz maior risco \u00e0 sa\u00fade relacionado ao mosquito do que em qualquer outra \u00e1rea da cidade, e conclui com a perspectiva de um morador da <a href=\"http:\/\/bit.ly\/16w2zz1\" target=\"_blank\" rel=\"noopener\">Rocinha<\/a> sobre as informa\u00e7\u00f5es inexatas e negativas promovidas sobre as favelas e a <a href=\"http:\/\/bit.ly\/25Y9Reh\" target=\"_blank\" rel=\"noopener\">necessidade das pessoas conhecerem a realidade em vez disso<\/a>. Apoiado pela pesquisa cient\u00edfica relevante e ampla, e pela valiosa perspectiva da comunidade, o artigo de Garcia-Navarro \u00e9 uma refuta\u00e7\u00e3o ponderada e persuasiva do conselho equivocado da OMS.<\/span><\/p>\n<p><b>O excelente curta-metragem de Johnny Harris \u201c<a href=\"http:\/\/bit.ly\/28XpirY\" target=\"_blank\" rel=\"noopener\">As Olimp\u00edadas 2016: O Que o Rio N\u00e3o Quer Que o Mundo Veja<\/a>\u201d para a <\/b><b><i>Vox<\/i><\/b><span style=\"font-weight: 400;\"> fornece uma vis\u00e3o geral abrangente do projeto da Cidade Ol\u00edmpica do Rio e seu impacto nas favelas e na cidade como um todo. Combinando gr\u00e1ficos, mapas e cenas impressionantes da cidade, Harris exp\u00f5e o projeto de <a href=\"http:\/\/bit.ly\/1ZvxO5p\" target=\"_blank\" rel=\"noopener\">higieniza\u00e7\u00e3o social<\/a> e remodelagem urbana no Rio, que abrangem o muro erguido para esconder a Mar\u00e9, <a href=\"http:\/\/bit.ly\/1PHlaNC\" target=\"_blank\" rel=\"noopener\">altera\u00e7\u00f5es nos itiner\u00e1rios dos \u00f4nibus<\/a> que impedem o acesso, <a href=\"http:\/\/bit.ly\/11tBtBo\" target=\"_blank\" rel=\"noopener\">especula\u00e7\u00e3o imobili\u00e1ria<\/a>, e remo\u00e7\u00f5es na <\/span><a href=\"http:\/\/bit.ly\/19BBUhf\" target=\"_blank\" rel=\"noopener\"><span style=\"font-weight: 400;\">Barra da Tijuca<\/span><\/a><span style=\"font-weight: 400;\">, com foco na <\/span><a href=\"http:\/\/bit.ly\/Nfddvg\" target=\"_blank\" rel=\"noopener\"><span style=\"font-weight: 400;\">Vila Aut\u00f3dromo<\/span><\/a><span style=\"font-weight: 400;\">. Apresentando entrevistas com moradores da favela e especialistas t\u00e9cnicos, o v\u00eddeo \u00e9 uma forte den\u00fancia do projeto da cidade Ol\u00edmpica no Rio e de como o megaevento est\u00e1 sendo usado para remodelar a cidade para o benef\u00edcio de visitantes tempor\u00e1rios e investidores ricos.<\/span><\/p>\n<p><iframe src=\"https:\/\/www.youtube.com\/embed\/1W_zM7koJy8\" width=\"620\" height=\"349\" frameborder=\"0\" allowfullscreen=\"allowfullscreen\"><\/iframe><\/p>\n<p><b>O artigo de Ben Whitford \u201c<a href=\"http:\/\/bit.ly\/29bzOQB\" target=\"_blank\" rel=\"noopener\">Acompanhando os Passos: os Moradores do Rio Lutando para Manter Suas Comunidades<\/a>\u201d para o <\/b><b><i>Positive News<\/i><\/b><span style=\"font-weight: 400;\"> \u00e9 um encorajamento a todos os esfor\u00e7os inspiradores, atividades de <a href=\"http:\/\/bit.ly\/1piRAgk\" target=\"_blank\" rel=\"noopener\">resist\u00eancia<\/a> e movimentos criativos e solu\u00e7\u00f5es comunit\u00e1rias no Rio hoje. Em contraste direto ao retrato sensacionalista e desempoderador das favelas como violentas, indigentes e esqu\u00e1lidas, Whitford enfatiza o <a href=\"http:\/\/bit.ly\/18XWyPf\" target=\"_blank\" rel=\"noopener\">orgulho comunit\u00e1rio<\/a> que impulsionou a campanha de resist\u00eancia da Vila Aut\u00f3dromo, as <a href=\"http:\/\/bit.ly\/29ML2tw\" target=\"_blank\" rel=\"noopener\">mobiliza\u00e7\u00f5es criativas<\/a> na cidade e as <a href=\"http:\/\/bit.ly\/2aegPFT\" target=\"_blank\" rel=\"noopener\">solu\u00e7\u00f5es<\/a> de base. O ativismo elevado, envolvimento c\u00edvico, <a href=\"http:\/\/bit.ly\/11VbppF\" target=\"_blank\" rel=\"noopener\">jornalismo comunit\u00e1rio<\/a> e o crescimento das redes de resist\u00eancia no Rio nos \u00faltimos anos s\u00e3o desenvolvimentos importantes que s\u00e3o pouco relatados e frequentemente desprezados em favor de narrativas inexatas e ativamente prejudiciais das favelas. Focando no volume positivo dos movimentos empoderados, <a href=\"http:\/\/bit.ly\/1oJgeOG\" target=\"_blank\" rel=\"noopener\">conectados<\/a> e criativos no Rio, o artigo de Whitford questiona a vis\u00e3o estigmatizante das favelas como locais passivos de escassez, viol\u00eancia e necessidade, e documenta os movimentos vibrantes, din\u00e2micos e empoderados em busca de remodelar a cidade.<\/span><\/p>\n<p><a href=\"http:\/\/rioonwatch.org.br\/wp-content\/uploads\/2016\/07\/7589178222_bd92328e50_c.jpg\"><img loading=\"lazy\" decoding=\"async\" class=\"aligncenter wp-image-20936 size-medium\" title=\"Fotografia do final do s\u00e9culo 19 a partir da primeira favela do Rio de Janeiro, o Morro da Provid\u00eancia.\" src=\"http:\/\/rioonwatch.org.br\/wp-content\/uploads\/2016\/07\/7589178222_bd92328e50_c-620x450.jpg\" alt=\"7589178222_bd92328e50_c\" width=\"620\" height=\"450\" srcset=\"https:\/\/rioonwatch.org.br\/wp-content\/uploads\/2016\/07\/7589178222_bd92328e50_c-620x450.jpg 620w, https:\/\/rioonwatch.org.br\/wp-content\/uploads\/2016\/07\/7589178222_bd92328e50_c-364x264.jpg 364w, https:\/\/rioonwatch.org.br\/wp-content\/uploads\/2016\/07\/7589178222_bd92328e50_c-768x557.jpg 768w, https:\/\/rioonwatch.org.br\/wp-content\/uploads\/2016\/07\/7589178222_bd92328e50_c.jpg 800w\" sizes=\"(max-width: 620px) 100vw, 620px\" \/><\/a><\/p>\n<p><b>Publicado como parte da s\u00e9rie de Hist\u00f3ria das Cidades do <\/b><b><i>The<\/i><\/b> <b><i>Guardian<\/i><\/b><b>, a <a href=\"http:\/\/bit.ly\/2a9OZb5\" target=\"_blank\" rel=\"noopener\">hist\u00f3ria da Provid\u00eancia<\/a> de Bruce Douglas <\/b><span style=\"font-weight: 400;\">\u00e9<\/span> <span style=\"font-weight: 400;\">um mergulho fascinante na situa\u00e7\u00e3o passada e presente da primeira favela. Infelizmente, o artigo tem um t\u00edtulo enganador, \u201ca ascens\u00e3o e ru\u00edna da primeira favela do Rio de Janeiro&#8221;. N\u00e3o \u00e9 retratada nenhuma ascens\u00e3o e queda; em vez disso, Douglas reconta o in\u00edcio da Provid\u00eancia e, mais importante, os estigmas prevalecentes no in\u00edcio do s\u00e9culo XX, antes de examinar os desafios dos dias de hoje com base nas entrevistas dos moradores. Evid\u00eancias dos estigmas hist\u00f3ricos relacionados \u00e0 favela fornecem um contexto valioso: o relat\u00f3rio policial de 1900 que lamentava a impossibilidade de policiamento da \u00e1rea, o desenho de 1904 mostrando os moradores da favela sendo retirados por um pente dos cabelos de uma cabe\u00e7a que simbolizava o Rio, e o projeto\u00a0de remo\u00e7\u00e3o da <a href=\"http:\/\/bit.ly\/UBMUVJ\" target=\"_blank\" rel=\"noopener\">Provid\u00eancia<\/a>\u00a0do urbanista\u00a0franc\u00eas Alfred Agache. Estas hist\u00f3rias preparam o palco para a investiga\u00e7\u00e3o por Douglas das interven\u00e7\u00f5es recentes e n\u00e3o participativas, como o <a href=\"http:\/\/bit.ly\/Sh0wXv\" target=\"_blank\" rel=\"noopener\">telef\u00e9rico<\/a>, descrito e desafiado pelos moradores na segunda parte do artigo. Com uma pesquisa detalhada e hist\u00f3rias dos moradores, o artigo fornece uma vis\u00e3o significativa da hist\u00f3ria da Provid\u00eancia e alguns dos preconceitos e percep\u00e7\u00f5es que a moldaram.<\/span><\/p>\n<p><b>Por fim, <a href=\"http:\/\/bit.ly\/2ajroUw\" target=\"_blank\" rel=\"noopener\">o programa \u2018On the Media\u2019 da NPR produziu uma mat\u00e9ria imperd\u00edvel<\/a><\/b><span style=\"font-weight: 400;\"> para todos os jornalistas correspondentes do Rio sobre os desafios para as reportagens sobre as favelas na m\u00eddia nacional e internacional. Devido \u00e0 \u00eanfase sobre a viol\u00eancia nas favelas na TV e em manchetes dram\u00e1ticas, a jornalista da Mar\u00e9, Tha\u00eds Cavalcante diz no programa: \u201cAntes de trabalhar [no <em>Jornal O Cidad\u00e3o<\/em> da Mar\u00e9], eu mentia para as pessoas e dizia que n\u00e3o morava na Mar\u00e9. Eu tinha vergonha de morar na favela\u201d. Este sentimento de vergonha pessoal, combinado com o poder da m\u00eddia de influenciar as percep\u00e7\u00f5es e justificar as pol\u00edticas danosas s\u00e3o evid\u00eancia de que as narrativas de hist\u00f3rias carrega o risco de marginalizar ainda mais as <a href=\"http:\/\/www.bit.ly\/QueEFavela\" target=\"_blank\" rel=\"noopener\">comunidades j\u00e1 historicamente marginalizadas<\/a>. Ao mesmo tempo, o programa <em>On the Media<\/em> sugere que o jornalismo que desafia as narrativas dominantes ou que empodera os ativistas como Maria da Penha da Vila Aut\u00f3dromo&#8211;que tamb\u00e9m aparece no programa&#8211;pode ser transformador. O artigo tamb\u00e9m destaca os <a href=\"http:\/\/bit.ly\/1PJhFSP\" target=\"_blank\" rel=\"noopener\">recursos dispon\u00edveis na <em>RioOnWatch<\/em><\/a> para apoiar jornalistas na produ\u00e7\u00e3o de reportagens nuan\u00e7adas.<\/span><\/p>\n<p><span style=\"font-weight: 400;\">A boa not\u00edcia \u00e9 que h\u00e1 tantos relatos esclarecidos, nuan\u00e7ados e fant\u00e1sticos do Rio e das favelas acontecendo na prepara\u00e7\u00e3o para as\u00a0Olimp\u00edadas que n\u00e3o cabem aqui! Uma men\u00e7\u00e3o especial vai para a s\u00e9rie atual do <\/span><i><span style=\"font-weight: 400;\">The Guardian<\/span><\/i><span style=\"font-weight: 400;\">, a <a href=\"http:\/\/bit.ly\/29ZlNn5\" target=\"_blank\" rel=\"noopener\">Vis\u00e3o das Favelas<\/a>, que est\u00e1 dando aos jornalistas comunit\u00e1rios, incluindo <a href=\"http:\/\/bit.ly\/2aaRNb8\" target=\"_blank\" rel=\"noopener\">Tha\u00eds Cavalcante<\/a> da Mar\u00e9, <a href=\"http:\/\/bit.ly\/2a8KEX3\" target=\"_blank\" rel=\"noopener\">Daiene Mendes<\/a> do Complexo do Alem\u00e3o e <a href=\"http:\/\/bit.ly\/29Nj3HN\" target=\"_blank\" rel=\"noopener\">Michel Silva<\/a> da Rocinha, uma plataforma internacional para verbalizar suas vis\u00f5es e contar as hist\u00f3rias de suas comunidades. A <a href=\"http:\/\/til.ink\/1rpDaDx\" target=\"_blank\" rel=\"noopener\">breve reportagem<\/a>\u00a0do<\/span><i><span style=\"font-weight: 400;\">Tech Insider<\/span><\/i><span style=\"font-weight: 400;\"> sobre a Rocinha ter seu pr\u00f3prio provedor de Wi-Fi \u00e9 uma vis\u00e3o desconstrutora do estigma das favelas, que t\u00eam seus pr\u00f3prios neg\u00f3cios comunit\u00e1rios e infraestrutura tecnol\u00f3gica. Por fim, Jules Boykoff, autor de\u00a0<em><a href=\"http:\/\/bbc.in\/29wFlNW\" target=\"_blank\" rel=\"noopener\">Power Games: A Political History of the Olympics<\/a><\/em>\u00a0(Jogos de Poder: Uma Hist\u00f3ria Pol\u00edtica das Olimp\u00edadas)<\/span><span style=\"font-weight: 400;\">, fornece uma <a href=\"http:\/\/bit.ly\/1SlK5t0\" target=\"_blank\" rel=\"noopener\">an\u00e1lise profunda, criteriosa e detalhada das Olimp\u00edadas do Rio<\/a> no <em>FromBrazil<\/em>\u00a0da <\/span><i><span style=\"font-weight: 400;\">Folha de S\u00e3o Paulo<\/span><\/i><span style=\"font-weight: 400;\">. <\/span><\/p>\n<!-- AddThis Advanced Settings generic via filter on the_content --><!-- AddThis Share Buttons generic via filter on the_content -->","protected":false},"excerpt":{"rendered":"<div class=\"mh-excerpt\"><p>Click Here for English Esta \u00e9 a mais recente\u00a0mat\u00e9ria da nossa s\u00e9rie sobre as\u00a0Melhores e Piores Reportagens Internacionais sobre Favelas do Rio, que faz\u00a0parte do atual debate do RioOnWatch sobre a narrativa e os\u00a0retratos midi\u00e1ticos <a class=\"mh-excerpt-more\" href=\"https:\/\/rioonwatch.org.br\/?p=20928\" title=\"As Melhores e Piores Reportagens Pr\u00e9-Ol\u00edmpicas sobre as Favelas do Rio\">[&#8230;]<\/a><!-- AddThis Advanced Settings generic via filter on get_the_excerpt --><!-- AddThis Share Buttons generic via filter on get_the_excerpt --><\/p>\n<\/div>","protected":false},"author":129,"featured_media":20932,"comment_status":"closed","ping_status":"closed","sticky":false,"template":"","format":"standard","meta":{"_acf_changed":false,"_monsterinsights_skip_tracking":false,"_monsterinsights_sitenote_active":false,"_monsterinsights_sitenote_note":"","_monsterinsights_sitenote_category":0,"footnotes":""},"categories":[1635,1621],"tags":[386,1676,274,332,1530,396,1167,128,1240,1021,78,839,14,16,1759,262,825,55],"writer":[777],"translator":[1915],"source":[],"ilustrador":[],"fotografo":[],"class_list":{"0":"post-20928","1":"post","2":"type-post","3":"status-publish","4":"format-standard","5":"has-post-thumbnail","7":"category-1635","8":"category-destaque","9":"tag-estigma","10":"tag-analise-cobertura-de-favelas","11":"tag-barra-da-tijuca","12":"tag-complexo-da-mare","13":"tag-midia-comunitaria","14":"tag-especulacao-imobiliaria","15":"tag-grande-midia","16":"tag-historia","17":"tag-megaeventos","18":"tag-mito-do-legado","19":"tag-olimpiadas","20":"tag-prioridades-publicas-equivocadas","21":"tag-remocao","22":"tag-rocinha","23":"tag-serie-melhores-e-piores-reportagens","24":"tag-teleferico","25":"tag-turismo","26":"tag-vila-autodromo","27":"writer-rioonwatch","28":"translator-kris-bruscatto"},"acf":[],"yoast_head":"<!-- This site is optimized with the Yoast SEO plugin v25.6 - https:\/\/yoast.com\/wordpress\/plugins\/seo\/ -->\n<title>As Melhores e Piores Reportagens Pr\u00e9-Ol\u00edmpicas sobre as Favelas do Rio - RioOnWatch<\/title>\n<meta name=\"robots\" content=\"index, follow, max-snippet:-1, max-image-preview:large, max-video-preview:-1\" \/>\n<link rel=\"canonical\" href=\"https:\/\/rioonwatch.org.br\/?p=20928\" \/>\n<meta property=\"og:locale\" content=\"pt_BR\" \/>\n<meta property=\"og:type\" content=\"article\" \/>\n<meta property=\"og:title\" content=\"As Melhores e Piores Reportagens Pr\u00e9-Ol\u00edmpicas sobre as Favelas do Rio - RioOnWatch\" \/>\n<meta property=\"og:description\" content=\"Click Here for English Esta \u00e9 a mais recente\u00a0mat\u00e9ria da nossa s\u00e9rie sobre as\u00a0Melhores e Piores Reportagens Internacionais sobre Favelas do Rio, que faz\u00a0parte do atual debate do RioOnWatch sobre a narrativa e os\u00a0retratos midi\u00e1ticos [...]\" \/>\n<meta property=\"og:url\" content=\"https:\/\/rioonwatch.org.br\/?p=20928\" \/>\n<meta property=\"og:site_name\" content=\"RioOnWatch\" \/>\n<meta property=\"article:published_time\" content=\"2016-07-20T14:24:43+00:00\" \/>\n<meta property=\"article:modified_time\" content=\"2024-06-20T19:26:43+00:00\" \/>\n<meta property=\"og:image\" content=\"https:\/\/rioonwatch.org.br\/wp-content\/uploads\/2016\/07\/20768490310_38dc3a5af1_z.jpg\" \/>\n\t<meta property=\"og:image:width\" content=\"640\" \/>\n\t<meta property=\"og:image:height\" content=\"480\" \/>\n\t<meta property=\"og:image:type\" content=\"image\/jpeg\" \/>\n<meta name=\"author\" content=\"Admin\" \/>\n<meta name=\"twitter:card\" content=\"summary_large_image\" \/>\n<meta name=\"twitter:label1\" content=\"Escrito por\" \/>\n\t<meta name=\"twitter:data1\" content=\"Admin\" \/>\n\t<meta name=\"twitter:label2\" content=\"Est. tempo de leitura\" \/>\n\t<meta name=\"twitter:data2\" content=\"11 minutos\" \/>\n<script type=\"application\/ld+json\" class=\"yoast-schema-graph\">{\"@context\":\"https:\/\/schema.org\",\"@graph\":[{\"@type\":\"Article\",\"@id\":\"https:\/\/rioonwatch.org.br\/?p=20928#article\",\"isPartOf\":{\"@id\":\"https:\/\/rioonwatch.org.br\/?p=20928\"},\"author\":{\"name\":\"Admin\",\"@id\":\"https:\/\/rioonwatch.org.br\/#\/schema\/person\/11d64c290506f9df50c71b850c473f68\"},\"headline\":\"As Melhores e Piores Reportagens Pr\u00e9-Ol\u00edmpicas sobre as Favelas do Rio\",\"datePublished\":\"2016-07-20T14:24:43+00:00\",\"dateModified\":\"2024-06-20T19:26:43+00:00\",\"mainEntityOfPage\":{\"@id\":\"https:\/\/rioonwatch.org.br\/?p=20928\"},\"wordCount\":2287,\"publisher\":{\"@id\":\"https:\/\/rioonwatch.org.br\/#organization\"},\"image\":{\"@id\":\"https:\/\/rioonwatch.org.br\/?p=20928#primaryimage\"},\"thumbnailUrl\":\"https:\/\/rioonwatch.org.br\/wp-content\/uploads\/2016\/07\/20768490310_38dc3a5af1_z.jpg\",\"keywords\":[\"#StopFavelaStigma\",\"an\u00e1lise cobertura de favelas\",\"Barra da Tijuca\",\"Complexo da Mar\u00e9\",\"Comunica\u00e7\u00e3o Comunit\u00e1ria\",\"especula\u00e7\u00e3o imobili\u00e1ria\",\"grande m\u00eddia\",\"hist\u00f3ria\",\"Megaeventos\",\"mito do legado\",\"Olimp\u00edadas\",\"prioridades p\u00fablicas equivocadas\",\"Remo\u00e7\u00e3o\",\"Rocinha\",\"S\u00e9rie: Melhores e Piores Reportagens\",\"telef\u00e9rico\",\"turismo\",\"Vila Aut\u00f3dromo\"],\"articleSection\":[\"#Rio2016\",\"*Destaque\"],\"inLanguage\":\"pt-BR\"},{\"@type\":\"WebPage\",\"@id\":\"https:\/\/rioonwatch.org.br\/?p=20928\",\"url\":\"https:\/\/rioonwatch.org.br\/?p=20928\",\"name\":\"As Melhores e Piores Reportagens Pr\u00e9-Ol\u00edmpicas sobre as Favelas do Rio - RioOnWatch\",\"isPartOf\":{\"@id\":\"https:\/\/rioonwatch.org.br\/#website\"},\"primaryImageOfPage\":{\"@id\":\"https:\/\/rioonwatch.org.br\/?p=20928#primaryimage\"},\"image\":{\"@id\":\"https:\/\/rioonwatch.org.br\/?p=20928#primaryimage\"},\"thumbnailUrl\":\"https:\/\/rioonwatch.org.br\/wp-content\/uploads\/2016\/07\/20768490310_38dc3a5af1_z.jpg\",\"datePublished\":\"2016-07-20T14:24:43+00:00\",\"dateModified\":\"2024-06-20T19:26:43+00:00\",\"breadcrumb\":{\"@id\":\"https:\/\/rioonwatch.org.br\/?p=20928#breadcrumb\"},\"inLanguage\":\"pt-BR\",\"potentialAction\":[{\"@type\":\"ReadAction\",\"target\":[\"https:\/\/rioonwatch.org.br\/?p=20928\"]}]},{\"@type\":\"ImageObject\",\"inLanguage\":\"pt-BR\",\"@id\":\"https:\/\/rioonwatch.org.br\/?p=20928#primaryimage\",\"url\":\"https:\/\/rioonwatch.org.br\/wp-content\/uploads\/2016\/07\/20768490310_38dc3a5af1_z.jpg\",\"contentUrl\":\"https:\/\/rioonwatch.org.br\/wp-content\/uploads\/2016\/07\/20768490310_38dc3a5af1_z.jpg\",\"width\":640,\"height\":480},{\"@type\":\"BreadcrumbList\",\"@id\":\"https:\/\/rioonwatch.org.br\/?p=20928#breadcrumb\",\"itemListElement\":[{\"@type\":\"ListItem\",\"position\":1,\"name\":\"In\u00edcio\",\"item\":\"https:\/\/rioonwatch.org.br\/\"},{\"@type\":\"ListItem\",\"position\":2,\"name\":\"As Melhores e Piores Reportagens Pr\u00e9-Ol\u00edmpicas sobre as Favelas do Rio\"}]},{\"@type\":\"WebSite\",\"@id\":\"https:\/\/rioonwatch.org.br\/#website\",\"url\":\"https:\/\/rioonwatch.org.br\/\",\"name\":\"RioOnWatch\",\"description\":\"relatos das favelas cariocas\",\"publisher\":{\"@id\":\"https:\/\/rioonwatch.org.br\/#organization\"},\"potentialAction\":[{\"@type\":\"SearchAction\",\"target\":{\"@type\":\"EntryPoint\",\"urlTemplate\":\"https:\/\/rioonwatch.org.br\/?s={search_term_string}\"},\"query-input\":{\"@type\":\"PropertyValueSpecification\",\"valueRequired\":true,\"valueName\":\"search_term_string\"}}],\"inLanguage\":\"pt-BR\"},{\"@type\":\"Organization\",\"@id\":\"https:\/\/rioonwatch.org.br\/#organization\",\"name\":\"RioOnWatch\",\"url\":\"https:\/\/rioonwatch.org.br\/\",\"logo\":{\"@type\":\"ImageObject\",\"inLanguage\":\"pt-BR\",\"@id\":\"https:\/\/rioonwatch.org.br\/#\/schema\/logo\/image\/\",\"url\":\"https:\/\/rioonwatch.org.br\/wp-content\/uploads\/2021\/06\/RioOnWatchcabecalhoPT11anos-2.png\",\"contentUrl\":\"https:\/\/rioonwatch.org.br\/wp-content\/uploads\/2021\/06\/RioOnWatchcabecalhoPT11anos-2.png\",\"width\":779,\"height\":277,\"caption\":\"RioOnWatch\"},\"image\":{\"@id\":\"https:\/\/rioonwatch.org.br\/#\/schema\/logo\/image\/\"}},{\"@type\":\"Person\",\"@id\":\"https:\/\/rioonwatch.org.br\/#\/schema\/person\/11d64c290506f9df50c71b850c473f68\",\"name\":\"Admin\",\"image\":{\"@type\":\"ImageObject\",\"inLanguage\":\"pt-BR\",\"@id\":\"https:\/\/rioonwatch.org.br\/#\/schema\/person\/image\/\",\"url\":\"https:\/\/secure.gravatar.com\/avatar\/56211ac74568383903349a1485e3c325?s=96&d=blank&r=g\",\"contentUrl\":\"https:\/\/secure.gravatar.com\/avatar\/56211ac74568383903349a1485e3c325?s=96&d=blank&r=g\",\"caption\":\"Admin\"},\"url\":\"https:\/\/rioonwatch.org.br\/?author=129\"}]}<\/script>\n<!-- \/ Yoast SEO plugin. -->","yoast_head_json":{"title":"As Melhores e Piores Reportagens Pr\u00e9-Ol\u00edmpicas sobre as Favelas do Rio - RioOnWatch","robots":{"index":"index","follow":"follow","max-snippet":"max-snippet:-1","max-image-preview":"max-image-preview:large","max-video-preview":"max-video-preview:-1"},"canonical":"https:\/\/rioonwatch.org.br\/?p=20928","og_locale":"pt_BR","og_type":"article","og_title":"As Melhores e Piores Reportagens Pr\u00e9-Ol\u00edmpicas sobre as Favelas do Rio - RioOnWatch","og_description":"Click Here for English Esta \u00e9 a mais recente\u00a0mat\u00e9ria da nossa s\u00e9rie sobre as\u00a0Melhores e Piores Reportagens Internacionais sobre Favelas do Rio, que faz\u00a0parte do atual debate do RioOnWatch sobre a narrativa e os\u00a0retratos midi\u00e1ticos [...]","og_url":"https:\/\/rioonwatch.org.br\/?p=20928","og_site_name":"RioOnWatch","article_published_time":"2016-07-20T14:24:43+00:00","article_modified_time":"2024-06-20T19:26:43+00:00","og_image":[{"width":640,"height":480,"url":"https:\/\/rioonwatch.org.br\/wp-content\/uploads\/2016\/07\/20768490310_38dc3a5af1_z.jpg","type":"image\/jpeg"}],"author":"Admin","twitter_card":"summary_large_image","twitter_misc":{"Escrito por":"Admin","Est. tempo de leitura":"11 minutos"},"schema":{"@context":"https:\/\/schema.org","@graph":[{"@type":"Article","@id":"https:\/\/rioonwatch.org.br\/?p=20928#article","isPartOf":{"@id":"https:\/\/rioonwatch.org.br\/?p=20928"},"author":{"name":"Admin","@id":"https:\/\/rioonwatch.org.br\/#\/schema\/person\/11d64c290506f9df50c71b850c473f68"},"headline":"As Melhores e Piores Reportagens Pr\u00e9-Ol\u00edmpicas sobre as Favelas do Rio","datePublished":"2016-07-20T14:24:43+00:00","dateModified":"2024-06-20T19:26:43+00:00","mainEntityOfPage":{"@id":"https:\/\/rioonwatch.org.br\/?p=20928"},"wordCount":2287,"publisher":{"@id":"https:\/\/rioonwatch.org.br\/#organization"},"image":{"@id":"https:\/\/rioonwatch.org.br\/?p=20928#primaryimage"},"thumbnailUrl":"https:\/\/rioonwatch.org.br\/wp-content\/uploads\/2016\/07\/20768490310_38dc3a5af1_z.jpg","keywords":["#StopFavelaStigma","an\u00e1lise cobertura de favelas","Barra da Tijuca","Complexo da Mar\u00e9","Comunica\u00e7\u00e3o Comunit\u00e1ria","especula\u00e7\u00e3o imobili\u00e1ria","grande m\u00eddia","hist\u00f3ria","Megaeventos","mito do legado","Olimp\u00edadas","prioridades p\u00fablicas equivocadas","Remo\u00e7\u00e3o","Rocinha","S\u00e9rie: Melhores e Piores Reportagens","telef\u00e9rico","turismo","Vila Aut\u00f3dromo"],"articleSection":["#Rio2016","*Destaque"],"inLanguage":"pt-BR"},{"@type":"WebPage","@id":"https:\/\/rioonwatch.org.br\/?p=20928","url":"https:\/\/rioonwatch.org.br\/?p=20928","name":"As Melhores e Piores Reportagens Pr\u00e9-Ol\u00edmpicas sobre as Favelas do Rio - RioOnWatch","isPartOf":{"@id":"https:\/\/rioonwatch.org.br\/#website"},"primaryImageOfPage":{"@id":"https:\/\/rioonwatch.org.br\/?p=20928#primaryimage"},"image":{"@id":"https:\/\/rioonwatch.org.br\/?p=20928#primaryimage"},"thumbnailUrl":"https:\/\/rioonwatch.org.br\/wp-content\/uploads\/2016\/07\/20768490310_38dc3a5af1_z.jpg","datePublished":"2016-07-20T14:24:43+00:00","dateModified":"2024-06-20T19:26:43+00:00","breadcrumb":{"@id":"https:\/\/rioonwatch.org.br\/?p=20928#breadcrumb"},"inLanguage":"pt-BR","potentialAction":[{"@type":"ReadAction","target":["https:\/\/rioonwatch.org.br\/?p=20928"]}]},{"@type":"ImageObject","inLanguage":"pt-BR","@id":"https:\/\/rioonwatch.org.br\/?p=20928#primaryimage","url":"https:\/\/rioonwatch.org.br\/wp-content\/uploads\/2016\/07\/20768490310_38dc3a5af1_z.jpg","contentUrl":"https:\/\/rioonwatch.org.br\/wp-content\/uploads\/2016\/07\/20768490310_38dc3a5af1_z.jpg","width":640,"height":480},{"@type":"BreadcrumbList","@id":"https:\/\/rioonwatch.org.br\/?p=20928#breadcrumb","itemListElement":[{"@type":"ListItem","position":1,"name":"In\u00edcio","item":"https:\/\/rioonwatch.org.br\/"},{"@type":"ListItem","position":2,"name":"As Melhores e Piores Reportagens Pr\u00e9-Ol\u00edmpicas sobre as Favelas do Rio"}]},{"@type":"WebSite","@id":"https:\/\/rioonwatch.org.br\/#website","url":"https:\/\/rioonwatch.org.br\/","name":"RioOnWatch","description":"relatos das favelas cariocas","publisher":{"@id":"https:\/\/rioonwatch.org.br\/#organization"},"potentialAction":[{"@type":"SearchAction","target":{"@type":"EntryPoint","urlTemplate":"https:\/\/rioonwatch.org.br\/?s={search_term_string}"},"query-input":{"@type":"PropertyValueSpecification","valueRequired":true,"valueName":"search_term_string"}}],"inLanguage":"pt-BR"},{"@type":"Organization","@id":"https:\/\/rioonwatch.org.br\/#organization","name":"RioOnWatch","url":"https:\/\/rioonwatch.org.br\/","logo":{"@type":"ImageObject","inLanguage":"pt-BR","@id":"https:\/\/rioonwatch.org.br\/#\/schema\/logo\/image\/","url":"https:\/\/rioonwatch.org.br\/wp-content\/uploads\/2021\/06\/RioOnWatchcabecalhoPT11anos-2.png","contentUrl":"https:\/\/rioonwatch.org.br\/wp-content\/uploads\/2021\/06\/RioOnWatchcabecalhoPT11anos-2.png","width":779,"height":277,"caption":"RioOnWatch"},"image":{"@id":"https:\/\/rioonwatch.org.br\/#\/schema\/logo\/image\/"}},{"@type":"Person","@id":"https:\/\/rioonwatch.org.br\/#\/schema\/person\/11d64c290506f9df50c71b850c473f68","name":"Admin","image":{"@type":"ImageObject","inLanguage":"pt-BR","@id":"https:\/\/rioonwatch.org.br\/#\/schema\/person\/image\/","url":"https:\/\/secure.gravatar.com\/avatar\/56211ac74568383903349a1485e3c325?s=96&d=blank&r=g","contentUrl":"https:\/\/secure.gravatar.com\/avatar\/56211ac74568383903349a1485e3c325?s=96&d=blank&r=g","caption":"Admin"},"url":"https:\/\/rioonwatch.org.br\/?author=129"}]}},"_links":{"self":[{"href":"https:\/\/rioonwatch.org.br\/index.php?rest_route=\/wp\/v2\/posts\/20928"}],"collection":[{"href":"https:\/\/rioonwatch.org.br\/index.php?rest_route=\/wp\/v2\/posts"}],"about":[{"href":"https:\/\/rioonwatch.org.br\/index.php?rest_route=\/wp\/v2\/types\/post"}],"author":[{"embeddable":true,"href":"https:\/\/rioonwatch.org.br\/index.php?rest_route=\/wp\/v2\/users\/129"}],"replies":[{"embeddable":true,"href":"https:\/\/rioonwatch.org.br\/index.php?rest_route=%2Fwp%2Fv2%2Fcomments&post=20928"}],"version-history":[{"count":16,"href":"https:\/\/rioonwatch.org.br\/index.php?rest_route=\/wp\/v2\/posts\/20928\/revisions"}],"predecessor-version":[{"id":74355,"href":"https:\/\/rioonwatch.org.br\/index.php?rest_route=\/wp\/v2\/posts\/20928\/revisions\/74355"}],"wp:featuredmedia":[{"embeddable":true,"href":"https:\/\/rioonwatch.org.br\/index.php?rest_route=\/wp\/v2\/media\/20932"}],"wp:attachment":[{"href":"https:\/\/rioonwatch.org.br\/index.php?rest_route=%2Fwp%2Fv2%2Fmedia&parent=20928"}],"wp:term":[{"taxonomy":"category","embeddable":true,"href":"https:\/\/rioonwatch.org.br\/index.php?rest_route=%2Fwp%2Fv2%2Fcategories&post=20928"},{"taxonomy":"post_tag","embeddable":true,"href":"https:\/\/rioonwatch.org.br\/index.php?rest_route=%2Fwp%2Fv2%2Ftags&post=20928"},{"taxonomy":"writer","embeddable":true,"href":"https:\/\/rioonwatch.org.br\/index.php?rest_route=%2Fwp%2Fv2%2Fwriter&post=20928"},{"taxonomy":"translator","embeddable":true,"href":"https:\/\/rioonwatch.org.br\/index.php?rest_route=%2Fwp%2Fv2%2Ftranslator&post=20928"},{"taxonomy":"source","embeddable":true,"href":"https:\/\/rioonwatch.org.br\/index.php?rest_route=%2Fwp%2Fv2%2Fsource&post=20928"},{"taxonomy":"ilustrador","embeddable":true,"href":"https:\/\/rioonwatch.org.br\/index.php?rest_route=%2Fwp%2Fv2%2Filustrador&post=20928"},{"taxonomy":"fotografo","embeddable":true,"href":"https:\/\/rioonwatch.org.br\/index.php?rest_route=%2Fwp%2Fv2%2Ffotografo&post=20928"}],"curies":[{"name":"wp","href":"https:\/\/api.w.org\/{rel}","templated":true}]}}