{"id":21021,"date":"2016-07-22T10:25:04","date_gmt":"2016-07-22T13:25:04","guid":{"rendered":"http:\/\/rioonwatch.org.br\/?p=21021"},"modified":"2018-03-10T13:34:12","modified_gmt":"2018-03-10T16:34:12","slug":"sextas-de-funk-serie-debate-o-empoderamento-das-mulheres-no-funk","status":"publish","type":"post","link":"https:\/\/rioonwatch.org.br\/?p=21021","title":{"rendered":"&#8216;Sextas de Funk&#8217; S\u00e9rie Debate o Empoderamento das Mulheres no Funk [IMAGENS]"},"content":{"rendered":"<p style=\"text-align: right;\"><em><strong><a href=\"http:\/\/bit.ly\/29QWdyi\" target=\"_blank\" rel=\"noopener\">Click Here for English<img decoding=\"async\" width=\"20\" height=\"20\" class=\"alignright wp-image-15790\" src=\"http:\/\/rioonwatch.org.br\/wp-content\/uploads\/2012\/08\/EN-standard-e1439583104716.jpg\" alt=\"\" \/><\/a><\/strong><\/em><i><span style=\"font-weight: 400;\">\u00a0\u00a0<\/span><\/i><\/p>\n<p>No dia 15 de julho, um grupo de cerca de 70 membros da comunidade e artistas se reuniram na <a href=\"http:\/\/bit.ly\/2a1aI4G\" target=\"_blank\" rel=\"noopener\">Arena Carioca Dicr\u00f3<\/a>\u00a0na <a href=\"http:\/\/bit.ly\/1rX07t8\" target=\"_blank\" rel=\"noopener\">Penha<\/a>, na <a href=\"http:\/\/bit.ly\/WximDf\" target=\"_blank\" rel=\"noopener\">Zona Norte<\/a> do Rio, para discutir e reconhecer as contribui\u00e7\u00f5es das mulheres na cultura do <a href=\"http:\/\/bit.ly\/1T4oOng\" target=\"_blank\" rel=\"noopener\">funk<\/a>. O evento, que teve um painel de debate e um show, foi a segunda das quatro partes da s\u00e9rie \u201cSextas do Funk\u201d, realizadas na Arena Carioca Dicr\u00f3 em parceria com a <a href=\"http:\/\/bit.ly\/29HKxlV\" target=\"_blank\" rel=\"noopener\">Expo Passinho Carioca<\/a>\u00a0para promover um foco na cultura urbana e independente do Rio.<\/p>\n<p>A tarde come\u00e7ou com um debate sobre o papel das mulheres no funk com as artistas Taisa Machado, membro fundadora do <a href=\"http:\/\/bit.ly\/29RHDGh\" target=\"_blank\" rel=\"noopener\">AfroFunk\u00a0Rio<\/a>\u00a0do <a href=\"http:\/\/bit.ly\/1X9tkmF\" target=\"_blank\" rel=\"noopener\">Complexo do Chapad\u00e3o<\/a>, Caroline Felix, tamb\u00e9m conhecida como <a href=\"http:\/\/bit.ly\/2aiMcvc\" target=\"_blank\" rel=\"noopener\">MC Carolzinha<\/a>\u00a0da <a href=\"http:\/\/bit.ly\/2a0AdRW\" target=\"_blank\" rel=\"noopener\">Cidade Alta<\/a>, Mayara Rodrigues do <a href=\"http:\/\/bit.ly\/29Kmf68\" target=\"_blank\" rel=\"noopener\">Art Black<\/a>, e a dan\u00e7arina, cantora e estrela de reality show Yani de Simone, popularmente conhecida como <a href=\"http:\/\/bit.ly\/29Ljty6\" target=\"_blank\" rel=\"noopener\">Mulher Fil\u00e9<\/a>\u00a0da Vila da Penha. O debate foi moderado por Ana Paula Lisboa, coordenadora da\u00a0<a href=\"http:\/\/bit.ly\/29MbsLS\" target=\"_blank\" rel=\"noopener\">Ag\u00eancia de Redes Para Juventude<\/a>, <a href=\"http:\/\/glo.bo\/29MYJr8\" target=\"_blank\" rel=\"noopener\">colunista do Globo<\/a> e DJ.<\/p>\n<p><a href=\"http:\/\/rioonwatch.org.br\/wp-content\/uploads\/2016\/07\/sophia2-620x264.jpg\"><img fetchpriority=\"high\" decoding=\"async\" class=\"aligncenter wp-image-21028 size-medium\" title=\"Painel de debate sobre o papel das mulheres no funk. Foto por Sophia Zaia\" src=\"http:\/\/rioonwatch.org.br\/wp-content\/uploads\/2016\/07\/sophia2-620x264-620x264.jpg\" alt=\"sophia2-620x264\" width=\"620\" height=\"264\" \/><\/a><\/p>\n<p>Desde sua concep\u00e7\u00e3o nos <a href=\"http:\/\/bit.ly\/2azrWFN\" target=\"_blank\" rel=\"noopener\">anos 80<\/a>, o funk passou por diversas fases, desde a <a href=\"http:\/\/bit.ly\/2a3wOpp\" target=\"_blank\" rel=\"noopener\">criminaliza\u00e7\u00e3o<\/a> e <a href=\"http:\/\/bit.ly\/29PveI7\" target=\"_blank\" rel=\"noopener\">proibi\u00e7\u00e3o<\/a> at\u00e9 o reconhecimento oficial como \u201cmovimento cultural e musical\u201d e <a href=\"http:\/\/bit.ly\/2aftqJf\" target=\"_blank\" rel=\"noopener\">fen\u00f4meno internacional<\/a>. Por toda parte o funk se estabeleceu como uma ind\u00fastria dominada principalmente pelo sexo masculino. Agora, mais e <a href=\"http:\/\/bit.ly\/2a60gMv\" target=\"_blank\" rel=\"noopener\">mais mulheres est\u00e3o emergindo na cena do funk<\/a>, utilizando esse g\u00eanero musical para afirmar sua pr\u00f3pria individualidade art\u00edstica.<\/p>\n<p>Ana Paula Lisboa foi compelida a entrar na cena do funk depois dela ir a um show no <a href=\"http:\/\/bit.ly\/10BvARw\" target=\"_blank\" rel=\"noopener\">Complexo da Mar\u00e9<\/a> e perceber que o conjunto de m\u00fasica era praticamente dominado por DJs masculinos.<\/p>\n<p><span style=\"font-weight: 400;\">&#8220;Eu pensei: &#8216;cara, tem algum coisa errada, e eu sou daquelas que n\u00e3o traz reclama\u00e7\u00e3o, eu trago solu\u00e7\u00e3o e a minha solu\u00e7\u00e3o foi virar DJ&#8221;.<\/span><\/p>\n<p><a href=\"http:\/\/rioonwatch.org.br\/wp-content\/uploads\/2016\/07\/Sophia10-620x264.jpg\"><img decoding=\"async\" class=\"aligncenter wp-image-21029 size-medium\" title=\"Yani de Simone compartilha a sua opini\u00e3o durante o painel. Foto por Sophia Zaia\" src=\"http:\/\/rioonwatch.org.br\/wp-content\/uploads\/2016\/07\/Sophia10-620x264-620x264.jpg\" alt=\"Sophia10-620x264\" width=\"620\" height=\"264\" \/><\/a><\/p>\n<p>Para Yani de Simone essa luta para ganhar representa\u00e7\u00e3o no mundo do funk \u00e9 parte de um problema maior de desigualdade&#8211;um problema para o qual existem diversas solu\u00e7\u00f5es criativas. Ela argumenta que quando mulheres usam a mesma linguagem expl\u00edcita do homem, elas est\u00e3o pedindo igualdade.<\/p>\n<p><span style=\"font-weight: 400;\">&#8220;Os palavr\u00e3os que a gente diz sobre a sexualidade, isso ajuda a quebrar barreiras. Porque o cara pode falar palavr\u00e3o, e n\u00f3s n\u00e3o podemos?&#8221;.<\/span><\/p>\n<p>Taisa Machado\u00a0<a href=\"http:\/\/bit.ly\/2anvbju\" target=\"_blank\" rel=\"noopener\">empodera as mulheres atrav\u00e9s do AfroFunk<\/a>, mas quer ser conhecida pela qualidade do trabalho que ela faz e n\u00e3o pelo r\u00f3tulo de \u201cfeminista\u201d.<\/p>\n<p class=\"p1\"><a href=\"http:\/\/rioonwatch.org.br\/wp-content\/uploads\/2016\/07\/Sophia1-620x264.jpg\"><img loading=\"lazy\" decoding=\"async\" class=\"aligncenter wp-image-21030 size-medium\" title=\"Taisa Machado do AfroFunk. Foto por Sophia Zaia\" src=\"http:\/\/rioonwatch.org.br\/wp-content\/uploads\/2016\/07\/Sophia1-620x264-620x264.jpg\" alt=\"Sophia1-620x264\" width=\"620\" height=\"264\" \/><\/a><\/p>\n<p><span style=\"font-weight: 400;\">&#8220;Eu j\u00e1 sou mulher, n\u00e3o tenho como fugir disso, ent\u00e3o n\u00e3o \u00e9 isso que a gente quer que seja a primeira coisa que se fale da gente&#8221;, disse Taisa Machado.<\/span><\/p>\n<p>Caroline Felix relatou que ela j\u00e1 vivenciou muita discrimina\u00e7\u00e3o quando ela come\u00e7ou a dan\u00e7ar <a href=\"http:\/\/bit.ly\/29ZXjL5\" target=\"_blank\" rel=\"noopener\">passinho<\/a>. Mulheres n\u00e3o eram permitidas nas rodas de passinho e homens n\u00e3o podiam perder para mulheres nas batalhas da dan\u00e7a. Ela teve que lutar para ganhar reconhecimento como dan\u00e7arina, e mais tarde como MC, tudo isso enquanto tamb\u00e9m criava quatro crian\u00e7as e fazia gradua\u00e7\u00e3o em jornalismo. Agora, ela se orgulha do seu papel na comunidade do funk.<\/p>\n<p><a href=\"http:\/\/rioonwatch.org.br\/wp-content\/uploads\/2016\/07\/Sophia5-620x264.jpg\"><img loading=\"lazy\" decoding=\"async\" class=\"aligncenter wp-image-21031 size-medium\" title=\"Caroline Felix (MC Carolzinha). Foto por Sophia Zaia\" src=\"http:\/\/rioonwatch.org.br\/wp-content\/uploads\/2016\/07\/Sophia5-620x264-620x264.jpg\" alt=\"Sophia5-620x264\" width=\"620\" height=\"264\" \/><\/a><\/p>\n<p><span style=\"font-weight: 400;\">&#8220;O funk merece aplausos eternos, porque a minha vida \u00e9 funk. Eu defendo essa bandeira, automaticamente e mesmo sem querer&#8221;, disse\u00a0Caroline Felix.<\/span><\/p>\n<p>O funk \u00e9 empoderamento em muitos n\u00edveis para Taisa Machado, que inicialmente estava hesitante em contar as pessoas sobre o seu envolvimento no funk com medo de se deparar com o <a href=\"http:\/\/bit.ly\/P4itK0\" target=\"_blank\" rel=\"noopener\">estigma<\/a> que existe contra as formas de arte africanas no Brasil.<\/p>\n<p><span style=\"font-weight: 400;\">&#8220;Funk \u00e9 um janela, uma porta de passagem para ser preto e poderoso&#8221;, disse Taisa Machado.<\/span><\/p>\n<p><a href=\"http:\/\/rioonwatch.org.br\/wp-content\/uploads\/2016\/07\/natalie2-620x264.jpg\"><img loading=\"lazy\" decoding=\"async\" class=\"aligncenter wp-image-21032 size-medium\" title=\" Mayara Rodrigues do Art Black. Foto por Natalie Southwick\" src=\"http:\/\/rioonwatch.org.br\/wp-content\/uploads\/2016\/07\/natalie2-620x264-620x264.jpg\" alt=\"natalie2-620x264\" width=\"620\" height=\"264\" \/><\/a><\/p>\n<p>Apesar disso, como a Mayara Rodrigues explicou, tem muito a ser feito antes do funk ser considerado verdadeiramente um igualador. Muitas mulheres no painel tiveram experi\u00eancias, em suas apresenta\u00e7\u00f5es, de membros masculinos da plateia as assediaram verbalmente depois da performance.<\/p>\n<p><a href=\"http:\/\/rioonwatch.org.br\/wp-content\/uploads\/2016\/07\/IMG_2409-620x264.jpg\"><img loading=\"lazy\" decoding=\"async\" class=\"aligncenter wp-image-21033 size-medium\" title=\"Yani de Simone compartilha a sua opini\u00e3o durante o painel. Foto por Natalie Southwick\" src=\"http:\/\/rioonwatch.org.br\/wp-content\/uploads\/2016\/07\/IMG_2409-620x264-620x264.jpg\" alt=\"IMG_2409-620x264\" width=\"620\" height=\"264\" \/><\/a><\/p>\n<p><span style=\"font-weight: 400;\">&#8220;Eu entendo que quando v\u00eam a mulher dan\u00e7ando funk, dan\u00e7ando afro, dan\u00e7ando qualquer coisa, ela sempre \u00e9 vista [como corpo]&#8221;, disse Mayara Rodrigues. &#8220;A gente tem que lutar muito para mudar essa imposi\u00e7\u00e3o da sociedade machista&#8221;.<\/span><\/p>\n<p><a href=\"http:\/\/rioonwatch.org.br\/wp-content\/uploads\/2016\/07\/sophia3-620x264.jpg\"><img loading=\"lazy\" decoding=\"async\" class=\"aligncenter wp-image-21034 size-medium\" title=\"Encerramento do debate, da esquerda para a direita: Taisa Machado, Mayara Rodrigues, Ana Paula Lisboa, Caroline Felix, e Yani de Simone. Foto por Sophia Zaia\" src=\"http:\/\/rioonwatch.org.br\/wp-content\/uploads\/2016\/07\/sophia3-620x264-620x264.jpg\" alt=\"sophia3-620x264\" width=\"620\" height=\"264\" \/><\/a><\/p>\n<p>Um tema recorrente da tarde foi a import\u00e2ncia de unir as mulheres com a comunidade do funk. Yani de Simone salientou que isso \u00e9 necess\u00e1rio para suspender o julgamento de um em rela\u00e7\u00e3o ao outro, para engajar nos \u201catos di\u00e1rios de conscientiza\u00e7\u00e3o\u201d em vez de rivalidade.<\/p>\n<p>Yani de Simone pediu a audi\u00eancia que entendessem que os artistas do funk, como os atores, t\u00eam \u201cmuitas faces\u201d e que o que \u00e9 apresentado no palco em termos de sexualidade n\u00e3o deve ser tomado como um indicador de quem o artista \u00e9.<\/p>\n<p><span style=\"font-weight: 400;\">&#8220;N\u00e3o necessariamente, as mulheres do funk t\u00eam que usar roupa curta para poder fazer sucesso. Eu acho que voc\u00ea tem que se sentir bem e mostrar sua personalidade, tem gente que vende sexualidade. Eu comecei vendendo sexualidade porque eu comecei como dan\u00e7arina. Ent\u00e3o quando eu virei MC e comecei tocar certas m\u00fasicas, precisei saber o que eu queria vender. Eu vendo m\u00fasica. Eu vendo atitude.&#8221;\u00a0<\/span><\/p>\n<p>&#8220;Vamos fazer a diferen\u00e7a&#8221;, Yani de Simone invocou. &#8220;O microfone \u00e9 uma grande arma.&#8221;<\/p>\n<p>Seguindo o debate, cada artista <a href=\"http:\/\/bit.ly\/2afuuNj\" target=\"_blank\" rel=\"noopener\">foi ao palco<\/a> e apresentou sua arte para a plat\u00e9ia.<\/p>\n<p><a href=\"http:\/\/rioonwatch.org.br\/wp-content\/uploads\/2016\/07\/Sophia6-620x264.jpg\"><img loading=\"lazy\" decoding=\"async\" class=\"aligncenter wp-image-21035 size-medium\" title=\"Yani de Simone, Mulher Fil\u00e9 sobe ao palco e chama o p\u00fablico para dan\u00e7ar. Foto por Sophia \u00c9lan\" src=\"http:\/\/rioonwatch.org.br\/wp-content\/uploads\/2016\/07\/Sophia6-620x264-620x264.jpg\" alt=\"Sophia6-620x264\" width=\"620\" height=\"264\" \/><\/a><\/p>\n<p>MC Carolzinha foi a \u00faltima a se <a href=\"http:\/\/bit.ly\/2agYK7e\" target=\"_blank\" rel=\"noopener\">apresentar<\/a>, fechando a tarde com uma m\u00fasica original que fala do otimismo com o funk que essas mulheres partilham:<\/p>\n<p style=\"text-align: center;\">&#8220;O movimento est\u00e1 crescendo em todo lugar<br \/>\nExposi\u00e7\u00e3o correndo o mundo para retratar<br \/>\nCom humildade disciplina eu vou te falar<br \/>\nO passinho carioca veio para demonstrar.&#8221;<\/p>\n<p>O pr\u00f3ximo evento \u201cSextas de Funk\u201d acontecer\u00e1 nesta sexta, 22 de julho das 19h at\u00e9 as 23h na Arena Carioca Dicr\u00f3. Veja mais informa\u00e7\u00f5es sobre o evento <a href=\"http:\/\/bit.ly\/29NVRKm\" target=\"_blank\" rel=\"noopener\">aqui<\/a>.<br \/>\n<script src=\"\/\/embedr.flickr.com\/assets\/client-code.js\" async=\"\" charset=\"utf-8\"><\/script><\/p>\n<h3>Confira\u00a0nossas fotos do evento (<a href=\"http:\/\/bit.ly\/2a3Ajfq\" target=\"_blank\" rel=\"noopener\">clique aqui para o \u00e1lbum no Flickr<\/a>):<\/h3>\n<p><iframe src=\"http:\/\/www.flickr.com\/slideShow\/index.gne?group_id=&amp;user_id=25093702@N00&amp;set_id=72157671281284635&amp;amp\" width=\"620\" height=\"450\" frameborder=\"0\" scrolling=\"no\" align=\"center\"><\/iframe><\/p>\n<!-- AddThis Advanced Settings generic via filter on the_content --><!-- AddThis Share Buttons generic via filter on the_content -->","protected":false},"excerpt":{"rendered":"<div class=\"mh-excerpt\"><p>Click Here for English\u00a0\u00a0 No dia 15 de julho, um grupo de cerca de 70 membros da comunidade e artistas se reuniram na Arena Carioca Dicr\u00f3\u00a0na Penha, na Zona Norte do Rio, para discutir e <a class=\"mh-excerpt-more\" href=\"https:\/\/rioonwatch.org.br\/?p=21021\" title=\"&#8216;Sextas de Funk&#8217; S\u00e9rie Debate o Empoderamento das Mulheres no Funk [IMAGENS]\">[&#8230;]<\/a><!-- AddThis Advanced Settings generic via filter on get_the_excerpt --><!-- AddThis Share Buttons generic via filter on get_the_excerpt --><\/p>\n<\/div>","protected":false},"author":129,"featured_media":21027,"comment_status":"closed","ping_status":"closed","sticky":false,"template":"","format":"standard","meta":{"_acf_changed":false,"_monsterinsights_skip_tracking":false,"_monsterinsights_sitenote_active":false,"_monsterinsights_sitenote_note":"","_monsterinsights_sitenote_category":0,"footnotes":""},"categories":[1627,1615,1626,1633],"tags":[386,1117,1800,369,332,368,81,513,421,336,922,1790,502,42,20,498,1412,1921,218],"writer":[1919],"translator":[1737],"source":[],"ilustrador":[],"fotografo":[],"class_list":{"0":"post-21021","1":"post","2":"type-post","3":"status-publish","4":"format-standard","5":"has-post-thumbnail","7":"category-relato-de-evento","8":"category-cultura-da-favela","9":"category-por-observadores-internacionais","10":"category-foto-reportagens","11":"tag-estigma","12":"tag-agencia-de-redes-para-juventude","13":"tag-chapadao","14":"tag-cidade-alta","15":"tag-complexo-da-mare","16":"tag-cordovil","17":"tag-cultura","18":"tag-cultura-afro-brasileira","19":"tag-cultura-da-favela","20":"tag-danca","21":"tag-evento","22":"tag-feminismo","23":"tag-funk","24":"tag-genero","25":"tag-musica","26":"tag-penha","27":"tag-producao-cultural","28":"tag-vila-da-penha","29":"tag-zona-norte","30":"writer-sarah-cronin","31":"translator-fabricio-salles"},"acf":[],"yoast_head":"<!-- This site is optimized with the Yoast SEO plugin v25.6 - https:\/\/yoast.com\/wordpress\/plugins\/seo\/ -->\n<title>&#039;Sextas de Funk&#039; S\u00e9rie Debate o Empoderamento das Mulheres no Funk [IMAGENS] - RioOnWatch<\/title>\n<meta name=\"robots\" content=\"index, follow, max-snippet:-1, max-image-preview:large, max-video-preview:-1\" \/>\n<link rel=\"canonical\" href=\"https:\/\/rioonwatch.org.br\/?p=21021\" \/>\n<meta property=\"og:locale\" content=\"pt_BR\" \/>\n<meta property=\"og:type\" content=\"article\" \/>\n<meta property=\"og:title\" content=\"&#039;Sextas de Funk&#039; S\u00e9rie Debate o Empoderamento das Mulheres no Funk [IMAGENS] - RioOnWatch\" \/>\n<meta property=\"og:description\" content=\"Click Here for English\u00a0\u00a0 No dia 15 de julho, um grupo de cerca de 70 membros da comunidade e artistas se reuniram na Arena Carioca Dicr\u00f3\u00a0na Penha, na Zona Norte do Rio, para discutir e [...]\" \/>\n<meta property=\"og:url\" content=\"https:\/\/rioonwatch.org.br\/?p=21021\" \/>\n<meta property=\"og:site_name\" content=\"RioOnWatch\" \/>\n<meta property=\"article:published_time\" content=\"2016-07-22T13:25:04+00:00\" \/>\n<meta property=\"article:modified_time\" content=\"2018-03-10T16:34:12+00:00\" \/>\n<meta property=\"og:image\" content=\"https:\/\/rioonwatch.org.br\/wp-content\/uploads\/2016\/07\/Natalie1.jpg\" \/>\n\t<meta property=\"og:image:width\" content=\"2000\" \/>\n\t<meta property=\"og:image:height\" content=\"1000\" \/>\n\t<meta property=\"og:image:type\" content=\"image\/jpeg\" \/>\n<meta name=\"author\" content=\"Admin\" \/>\n<meta name=\"twitter:card\" content=\"summary_large_image\" \/>\n<meta name=\"twitter:label1\" content=\"Escrito por\" \/>\n\t<meta name=\"twitter:data1\" content=\"Admin\" \/>\n\t<meta name=\"twitter:label2\" content=\"Est. tempo de leitura\" \/>\n\t<meta name=\"twitter:data2\" content=\"5 minutos\" \/>\n<script type=\"application\/ld+json\" class=\"yoast-schema-graph\">{\"@context\":\"https:\/\/schema.org\",\"@graph\":[{\"@type\":\"Article\",\"@id\":\"https:\/\/rioonwatch.org.br\/?p=21021#article\",\"isPartOf\":{\"@id\":\"https:\/\/rioonwatch.org.br\/?p=21021\"},\"author\":{\"name\":\"Admin\",\"@id\":\"https:\/\/rioonwatch.org.br\/#\/schema\/person\/11d64c290506f9df50c71b850c473f68\"},\"headline\":\"&#8216;Sextas de Funk&#8217; S\u00e9rie Debate o Empoderamento das Mulheres no Funk [IMAGENS]\",\"datePublished\":\"2016-07-22T13:25:04+00:00\",\"dateModified\":\"2018-03-10T16:34:12+00:00\",\"mainEntityOfPage\":{\"@id\":\"https:\/\/rioonwatch.org.br\/?p=21021\"},\"wordCount\":996,\"publisher\":{\"@id\":\"https:\/\/rioonwatch.org.br\/#organization\"},\"image\":{\"@id\":\"https:\/\/rioonwatch.org.br\/?p=21021#primaryimage\"},\"thumbnailUrl\":\"https:\/\/rioonwatch.org.br\/wp-content\/uploads\/2016\/07\/Natalie1.jpg\",\"keywords\":[\"#StopFavelaStigma\",\"Ag\u00eancia de Redes para Juventude\",\"Chapad\u00e3o\",\"Cidade Alta\",\"Complexo da Mar\u00e9\",\"Cordovil\",\"cultura\",\"Cultura Afro-brasileira\",\"cultura da favela\",\"dan\u00e7a\",\"evento\",\"feminismo\",\"funk\",\"g\u00eanero\",\"m\u00fasica\",\"Penha\",\"produ\u00e7\u00e3o cultural\",\"Vila da Penha\",\"Zona Norte\"],\"articleSection\":[\"Cobertura de Eventos\",\"Cultura da Favela\",\"Escrito por Aliados\",\"Fotorreportagens\"],\"inLanguage\":\"pt-BR\"},{\"@type\":\"WebPage\",\"@id\":\"https:\/\/rioonwatch.org.br\/?p=21021\",\"url\":\"https:\/\/rioonwatch.org.br\/?p=21021\",\"name\":\"'Sextas de Funk' S\u00e9rie Debate o Empoderamento das Mulheres no Funk [IMAGENS] - RioOnWatch\",\"isPartOf\":{\"@id\":\"https:\/\/rioonwatch.org.br\/#website\"},\"primaryImageOfPage\":{\"@id\":\"https:\/\/rioonwatch.org.br\/?p=21021#primaryimage\"},\"image\":{\"@id\":\"https:\/\/rioonwatch.org.br\/?p=21021#primaryimage\"},\"thumbnailUrl\":\"https:\/\/rioonwatch.org.br\/wp-content\/uploads\/2016\/07\/Natalie1.jpg\",\"datePublished\":\"2016-07-22T13:25:04+00:00\",\"dateModified\":\"2018-03-10T16:34:12+00:00\",\"breadcrumb\":{\"@id\":\"https:\/\/rioonwatch.org.br\/?p=21021#breadcrumb\"},\"inLanguage\":\"pt-BR\",\"potentialAction\":[{\"@type\":\"ReadAction\",\"target\":[\"https:\/\/rioonwatch.org.br\/?p=21021\"]}]},{\"@type\":\"ImageObject\",\"inLanguage\":\"pt-BR\",\"@id\":\"https:\/\/rioonwatch.org.br\/?p=21021#primaryimage\",\"url\":\"https:\/\/rioonwatch.org.br\/wp-content\/uploads\/2016\/07\/Natalie1.jpg\",\"contentUrl\":\"https:\/\/rioonwatch.org.br\/wp-content\/uploads\/2016\/07\/Natalie1.jpg\",\"width\":2000,\"height\":1000},{\"@type\":\"BreadcrumbList\",\"@id\":\"https:\/\/rioonwatch.org.br\/?p=21021#breadcrumb\",\"itemListElement\":[{\"@type\":\"ListItem\",\"position\":1,\"name\":\"In\u00edcio\",\"item\":\"https:\/\/rioonwatch.org.br\/\"},{\"@type\":\"ListItem\",\"position\":2,\"name\":\"&#8216;Sextas de Funk&#8217; S\u00e9rie Debate o Empoderamento das Mulheres no Funk [IMAGENS]\"}]},{\"@type\":\"WebSite\",\"@id\":\"https:\/\/rioonwatch.org.br\/#website\",\"url\":\"https:\/\/rioonwatch.org.br\/\",\"name\":\"RioOnWatch\",\"description\":\"relatos das favelas cariocas\",\"publisher\":{\"@id\":\"https:\/\/rioonwatch.org.br\/#organization\"},\"potentialAction\":[{\"@type\":\"SearchAction\",\"target\":{\"@type\":\"EntryPoint\",\"urlTemplate\":\"https:\/\/rioonwatch.org.br\/?s={search_term_string}\"},\"query-input\":{\"@type\":\"PropertyValueSpecification\",\"valueRequired\":true,\"valueName\":\"search_term_string\"}}],\"inLanguage\":\"pt-BR\"},{\"@type\":\"Organization\",\"@id\":\"https:\/\/rioonwatch.org.br\/#organization\",\"name\":\"RioOnWatch\",\"url\":\"https:\/\/rioonwatch.org.br\/\",\"logo\":{\"@type\":\"ImageObject\",\"inLanguage\":\"pt-BR\",\"@id\":\"https:\/\/rioonwatch.org.br\/#\/schema\/logo\/image\/\",\"url\":\"https:\/\/rioonwatch.org.br\/wp-content\/uploads\/2021\/06\/RioOnWatchcabecalhoPT11anos-2.png\",\"contentUrl\":\"https:\/\/rioonwatch.org.br\/wp-content\/uploads\/2021\/06\/RioOnWatchcabecalhoPT11anos-2.png\",\"width\":779,\"height\":277,\"caption\":\"RioOnWatch\"},\"image\":{\"@id\":\"https:\/\/rioonwatch.org.br\/#\/schema\/logo\/image\/\"}},{\"@type\":\"Person\",\"@id\":\"https:\/\/rioonwatch.org.br\/#\/schema\/person\/11d64c290506f9df50c71b850c473f68\",\"name\":\"Admin\",\"image\":{\"@type\":\"ImageObject\",\"inLanguage\":\"pt-BR\",\"@id\":\"https:\/\/rioonwatch.org.br\/#\/schema\/person\/image\/\",\"url\":\"https:\/\/secure.gravatar.com\/avatar\/56211ac74568383903349a1485e3c325?s=96&d=blank&r=g\",\"contentUrl\":\"https:\/\/secure.gravatar.com\/avatar\/56211ac74568383903349a1485e3c325?s=96&d=blank&r=g\",\"caption\":\"Admin\"},\"url\":\"https:\/\/rioonwatch.org.br\/?author=129\"}]}<\/script>\n<!-- \/ Yoast SEO plugin. -->","yoast_head_json":{"title":"'Sextas de Funk' S\u00e9rie Debate o Empoderamento das Mulheres no Funk [IMAGENS] - RioOnWatch","robots":{"index":"index","follow":"follow","max-snippet":"max-snippet:-1","max-image-preview":"max-image-preview:large","max-video-preview":"max-video-preview:-1"},"canonical":"https:\/\/rioonwatch.org.br\/?p=21021","og_locale":"pt_BR","og_type":"article","og_title":"'Sextas de Funk' S\u00e9rie Debate o Empoderamento das Mulheres no Funk [IMAGENS] - RioOnWatch","og_description":"Click Here for English\u00a0\u00a0 No dia 15 de julho, um grupo de cerca de 70 membros da comunidade e artistas se reuniram na Arena Carioca Dicr\u00f3\u00a0na Penha, na Zona Norte do Rio, para discutir e [...]","og_url":"https:\/\/rioonwatch.org.br\/?p=21021","og_site_name":"RioOnWatch","article_published_time":"2016-07-22T13:25:04+00:00","article_modified_time":"2018-03-10T16:34:12+00:00","og_image":[{"width":2000,"height":1000,"url":"https:\/\/rioonwatch.org.br\/wp-content\/uploads\/2016\/07\/Natalie1.jpg","type":"image\/jpeg"}],"author":"Admin","twitter_card":"summary_large_image","twitter_misc":{"Escrito por":"Admin","Est. tempo de leitura":"5 minutos"},"schema":{"@context":"https:\/\/schema.org","@graph":[{"@type":"Article","@id":"https:\/\/rioonwatch.org.br\/?p=21021#article","isPartOf":{"@id":"https:\/\/rioonwatch.org.br\/?p=21021"},"author":{"name":"Admin","@id":"https:\/\/rioonwatch.org.br\/#\/schema\/person\/11d64c290506f9df50c71b850c473f68"},"headline":"&#8216;Sextas de Funk&#8217; S\u00e9rie Debate o Empoderamento das Mulheres no Funk [IMAGENS]","datePublished":"2016-07-22T13:25:04+00:00","dateModified":"2018-03-10T16:34:12+00:00","mainEntityOfPage":{"@id":"https:\/\/rioonwatch.org.br\/?p=21021"},"wordCount":996,"publisher":{"@id":"https:\/\/rioonwatch.org.br\/#organization"},"image":{"@id":"https:\/\/rioonwatch.org.br\/?p=21021#primaryimage"},"thumbnailUrl":"https:\/\/rioonwatch.org.br\/wp-content\/uploads\/2016\/07\/Natalie1.jpg","keywords":["#StopFavelaStigma","Ag\u00eancia de Redes para Juventude","Chapad\u00e3o","Cidade Alta","Complexo da Mar\u00e9","Cordovil","cultura","Cultura Afro-brasileira","cultura da favela","dan\u00e7a","evento","feminismo","funk","g\u00eanero","m\u00fasica","Penha","produ\u00e7\u00e3o cultural","Vila da Penha","Zona Norte"],"articleSection":["Cobertura de Eventos","Cultura da Favela","Escrito por Aliados","Fotorreportagens"],"inLanguage":"pt-BR"},{"@type":"WebPage","@id":"https:\/\/rioonwatch.org.br\/?p=21021","url":"https:\/\/rioonwatch.org.br\/?p=21021","name":"'Sextas de Funk' S\u00e9rie Debate o Empoderamento das Mulheres no Funk [IMAGENS] - RioOnWatch","isPartOf":{"@id":"https:\/\/rioonwatch.org.br\/#website"},"primaryImageOfPage":{"@id":"https:\/\/rioonwatch.org.br\/?p=21021#primaryimage"},"image":{"@id":"https:\/\/rioonwatch.org.br\/?p=21021#primaryimage"},"thumbnailUrl":"https:\/\/rioonwatch.org.br\/wp-content\/uploads\/2016\/07\/Natalie1.jpg","datePublished":"2016-07-22T13:25:04+00:00","dateModified":"2018-03-10T16:34:12+00:00","breadcrumb":{"@id":"https:\/\/rioonwatch.org.br\/?p=21021#breadcrumb"},"inLanguage":"pt-BR","potentialAction":[{"@type":"ReadAction","target":["https:\/\/rioonwatch.org.br\/?p=21021"]}]},{"@type":"ImageObject","inLanguage":"pt-BR","@id":"https:\/\/rioonwatch.org.br\/?p=21021#primaryimage","url":"https:\/\/rioonwatch.org.br\/wp-content\/uploads\/2016\/07\/Natalie1.jpg","contentUrl":"https:\/\/rioonwatch.org.br\/wp-content\/uploads\/2016\/07\/Natalie1.jpg","width":2000,"height":1000},{"@type":"BreadcrumbList","@id":"https:\/\/rioonwatch.org.br\/?p=21021#breadcrumb","itemListElement":[{"@type":"ListItem","position":1,"name":"In\u00edcio","item":"https:\/\/rioonwatch.org.br\/"},{"@type":"ListItem","position":2,"name":"&#8216;Sextas de Funk&#8217; S\u00e9rie Debate o Empoderamento das Mulheres no Funk [IMAGENS]"}]},{"@type":"WebSite","@id":"https:\/\/rioonwatch.org.br\/#website","url":"https:\/\/rioonwatch.org.br\/","name":"RioOnWatch","description":"relatos das favelas cariocas","publisher":{"@id":"https:\/\/rioonwatch.org.br\/#organization"},"potentialAction":[{"@type":"SearchAction","target":{"@type":"EntryPoint","urlTemplate":"https:\/\/rioonwatch.org.br\/?s={search_term_string}"},"query-input":{"@type":"PropertyValueSpecification","valueRequired":true,"valueName":"search_term_string"}}],"inLanguage":"pt-BR"},{"@type":"Organization","@id":"https:\/\/rioonwatch.org.br\/#organization","name":"RioOnWatch","url":"https:\/\/rioonwatch.org.br\/","logo":{"@type":"ImageObject","inLanguage":"pt-BR","@id":"https:\/\/rioonwatch.org.br\/#\/schema\/logo\/image\/","url":"https:\/\/rioonwatch.org.br\/wp-content\/uploads\/2021\/06\/RioOnWatchcabecalhoPT11anos-2.png","contentUrl":"https:\/\/rioonwatch.org.br\/wp-content\/uploads\/2021\/06\/RioOnWatchcabecalhoPT11anos-2.png","width":779,"height":277,"caption":"RioOnWatch"},"image":{"@id":"https:\/\/rioonwatch.org.br\/#\/schema\/logo\/image\/"}},{"@type":"Person","@id":"https:\/\/rioonwatch.org.br\/#\/schema\/person\/11d64c290506f9df50c71b850c473f68","name":"Admin","image":{"@type":"ImageObject","inLanguage":"pt-BR","@id":"https:\/\/rioonwatch.org.br\/#\/schema\/person\/image\/","url":"https:\/\/secure.gravatar.com\/avatar\/56211ac74568383903349a1485e3c325?s=96&d=blank&r=g","contentUrl":"https:\/\/secure.gravatar.com\/avatar\/56211ac74568383903349a1485e3c325?s=96&d=blank&r=g","caption":"Admin"},"url":"https:\/\/rioonwatch.org.br\/?author=129"}]}},"_links":{"self":[{"href":"https:\/\/rioonwatch.org.br\/index.php?rest_route=\/wp\/v2\/posts\/21021"}],"collection":[{"href":"https:\/\/rioonwatch.org.br\/index.php?rest_route=\/wp\/v2\/posts"}],"about":[{"href":"https:\/\/rioonwatch.org.br\/index.php?rest_route=\/wp\/v2\/types\/post"}],"author":[{"embeddable":true,"href":"https:\/\/rioonwatch.org.br\/index.php?rest_route=\/wp\/v2\/users\/129"}],"replies":[{"embeddable":true,"href":"https:\/\/rioonwatch.org.br\/index.php?rest_route=%2Fwp%2Fv2%2Fcomments&post=21021"}],"version-history":[{"count":9,"href":"https:\/\/rioonwatch.org.br\/index.php?rest_route=\/wp\/v2\/posts\/21021\/revisions"}],"predecessor-version":[{"id":31743,"href":"https:\/\/rioonwatch.org.br\/index.php?rest_route=\/wp\/v2\/posts\/21021\/revisions\/31743"}],"wp:featuredmedia":[{"embeddable":true,"href":"https:\/\/rioonwatch.org.br\/index.php?rest_route=\/wp\/v2\/media\/21027"}],"wp:attachment":[{"href":"https:\/\/rioonwatch.org.br\/index.php?rest_route=%2Fwp%2Fv2%2Fmedia&parent=21021"}],"wp:term":[{"taxonomy":"category","embeddable":true,"href":"https:\/\/rioonwatch.org.br\/index.php?rest_route=%2Fwp%2Fv2%2Fcategories&post=21021"},{"taxonomy":"post_tag","embeddable":true,"href":"https:\/\/rioonwatch.org.br\/index.php?rest_route=%2Fwp%2Fv2%2Ftags&post=21021"},{"taxonomy":"writer","embeddable":true,"href":"https:\/\/rioonwatch.org.br\/index.php?rest_route=%2Fwp%2Fv2%2Fwriter&post=21021"},{"taxonomy":"translator","embeddable":true,"href":"https:\/\/rioonwatch.org.br\/index.php?rest_route=%2Fwp%2Fv2%2Ftranslator&post=21021"},{"taxonomy":"source","embeddable":true,"href":"https:\/\/rioonwatch.org.br\/index.php?rest_route=%2Fwp%2Fv2%2Fsource&post=21021"},{"taxonomy":"ilustrador","embeddable":true,"href":"https:\/\/rioonwatch.org.br\/index.php?rest_route=%2Fwp%2Fv2%2Filustrador&post=21021"},{"taxonomy":"fotografo","embeddable":true,"href":"https:\/\/rioonwatch.org.br\/index.php?rest_route=%2Fwp%2Fv2%2Ffotografo&post=21021"}],"curies":[{"name":"wp","href":"https:\/\/api.w.org\/{rel}","templated":true}]}}