{"id":21124,"date":"2016-07-27T17:00:02","date_gmt":"2016-07-27T20:00:02","guid":{"rendered":"http:\/\/rioonwatch.org.br\/?p=21124"},"modified":"2023-08-01T16:43:49","modified_gmt":"2023-08-01T19:43:49","slug":"nao-convencional-e-inspirador-aulas-de-danca-em-rio-das-pedras-empoderam-mulheres","status":"publish","type":"post","link":"https:\/\/rioonwatch.org.br\/?p=21124","title":{"rendered":"Aulas de Dan\u00e7a&#8211;N\u00e3o Convencionais e Inspiradoras&#8211;Empoderam Mulheres em Rio das Pedras"},"content":{"rendered":"<p style=\"text-align: right;\"><em><strong><a href=\"http:\/\/bit.ly\/29Rbyoi\" target=\"_blank\" rel=\"noopener\">Click Here for English<img decoding=\"async\" width=\"20\" height=\"20\" class=\"alignright wp-image-15790\" src=\"http:\/\/rioonwatch.org.br\/wp-content\/uploads\/2012\/08\/EN-standard-e1439583104716.jpg\" alt=\"\" \/><\/a><\/strong><\/em><\/p>\n<p>\u201cAs mulheres aqui s\u00e3o guerreiras&#8221;, dizem in\u00fameros moradores de <a href=\"http:\/\/bit.ly\/1HgPoFM\" target=\"_blank\" rel=\"noopener\">Rio das Pedras<\/a>, na <a href=\"http:\/\/bit.ly\/11tBmFR\" target=\"_blank\" rel=\"noopener\">Zona Oeste<\/a> do Rio. A aula de <a href=\"http:\/\/bit.ly\/2aFXVEg\" target=\"_blank\" rel=\"noopener\">dan\u00e7a<\/a> de Flavio Moraes \u00e9 um dos poucos espa\u00e7os onde as mulheres podem ser reconhecidas simplesmente como mulheres. Duas vezes por semana mais de 30 mulheres ocupam uma sala da Start Academia para receberem muito mais que um treino: elas ganham auto-empoderamento e a solidariedade de outras mulheres.<\/p>\n<p>Fl\u00e1vio, morador da favela vizinha,\u00a0<a href=\"http:\/\/bit.ly\/10BzE4e\" target=\"_blank\" rel=\"noopener\">Cidade de Deus<\/a>, conduz aulas de dan\u00e7a h\u00e1 mais de 32 anos. Com tr\u00eas anos de idade, Fl\u00e1vio foi matriculado em aulas de teatro e bal\u00e9. Seguiu uma carreira como bailarino cl\u00e1ssico e ator profissional. Seu trabalho com bal\u00e9 e teatro, os quais ele continua at\u00e9 hoje, levou Fl\u00e1vio a dar aulas de dan\u00e7a em uma academia em Rio das Pedras, uma das maiores favelas do Rio, e na Freguesia, um bairro da classe m\u00e9dia na Zona Oeste.<\/p>\n<p><a href=\"http:\/\/rioonwatch.org.br\/wp-content\/uploads\/2016\/07\/12493556_10207284829951694_2428300392400282289_o1_Easy-Resize.com_.jpg\"><img fetchpriority=\"high\" decoding=\"async\" class=\"aligncenter wp-image-21127 size-content\" title=\"Aula de dan\u00e7a de Flavio Moraes em Rio das Pedras\" src=\"http:\/\/rioonwatch.org.br\/wp-content\/uploads\/2016\/07\/12493556_10207284829951694_2428300392400282289_o1_Easy-Resize.com_-620x264.jpg\" alt=\"12493556_10207284829951694_2428300392400282289_o1_Easy-Resize.com_\" width=\"620\" height=\"264\" srcset=\"https:\/\/rioonwatch.org.br\/wp-content\/uploads\/2016\/07\/12493556_10207284829951694_2428300392400282289_o1_Easy-Resize.com_-620x264.jpg 620w, https:\/\/rioonwatch.org.br\/wp-content\/uploads\/2016\/07\/12493556_10207284829951694_2428300392400282289_o1_Easy-Resize.com_-940x400.jpg 940w\" sizes=\"(max-width: 620px) 100vw, 620px\" \/><\/a><\/p>\n<p>O trabalho de Fl\u00e1vio com a dan\u00e7a, como forma de empoderamento feminino, come\u00e7ou quando percebeu a obsess\u00e3o das academias com a ideia de perder peso.&#8221;Eu comecei a perceber que dentro das academias existe um machismo muito grande dos pr\u00f3prios profissionais&#8221;, explica ele. Fl\u00e1vio percebeu que frases comuns ouvidas nas academias, como &#8220;o ver\u00e3o est\u00e1 a\u00ed&#8221; e &#8220;voc\u00ea tem que estar gostosa&#8221;, podem impedir uma mulher de aceitar a si mesma se ela estiver fora dos padr\u00f5es de beleza e desejabilidade impostos pelos homens.<\/p>\n<p>Em vez disso, as aulas de Fl\u00e1vio tornaram-se uma forma de terapia de grupo. Dentre \u00e0s mulheres que frequentam suas aulas, Fl\u00e1vio diz: &#8220;H\u00e1\u00a0muitas mulheres que s\u00e3o v\u00edtimas de <a href=\"http:\/\/bit.ly\/1TKaCRA\" target=\"_blank\" rel=\"noopener\">viol\u00eancia dom\u00e9stica<\/a>, e outras mulheres que n\u00e3o s\u00e3o vitimas de viol\u00eancia dom\u00e9stica, mas s\u00e3o escravas do trabalho dom\u00e9stico, trabalham fora e ainda t\u00eam que cuidar de filhos e de marido&#8221;. As mulheres se identificam com as hist\u00f3rias umas das outra criando um v\u00ednculo, como parte de um mesmo grupo social. Desta forma \u201cas aulas come\u00e7aram a romper as barreiras de uma aula de dan\u00e7a&#8221;<span style=\"font-weight: 400;\">.<\/span><\/p>\n<p><a href=\"http:\/\/rioonwatch.org.br\/wp-content\/uploads\/2016\/07\/375559_507145442640009_321828238_n_Easy-Resize.com_.jpg\"><img decoding=\"async\" class=\"aligncenter wp-image-21128 size-medium\" title=\"Flavio Moraes conduz uma aula de dan\u00e7a em Rio das Pedras.\" src=\"http:\/\/rioonwatch.org.br\/wp-content\/uploads\/2016\/07\/375559_507145442640009_321828238_n_Easy-Resize.com_-620x465.jpg\" alt=\"375559_507145442640009_321828238_n_Easy-Resize.com_\" width=\"620\" height=\"465\" srcset=\"https:\/\/rioonwatch.org.br\/wp-content\/uploads\/2016\/07\/375559_507145442640009_321828238_n_Easy-Resize.com_-620x465.jpg 620w, https:\/\/rioonwatch.org.br\/wp-content\/uploads\/2016\/07\/375559_507145442640009_321828238_n_Easy-Resize.com_-352x264.jpg 352w, https:\/\/rioonwatch.org.br\/wp-content\/uploads\/2016\/07\/375559_507145442640009_321828238_n_Easy-Resize.com_-768x576.jpg 768w, https:\/\/rioonwatch.org.br\/wp-content\/uploads\/2016\/07\/375559_507145442640009_321828238_n_Easy-Resize.com_-1024x768.jpg 1024w, https:\/\/rioonwatch.org.br\/wp-content\/uploads\/2016\/07\/375559_507145442640009_321828238_n_Easy-Resize.com_-174x131.jpg 174w, https:\/\/rioonwatch.org.br\/wp-content\/uploads\/2016\/07\/375559_507145442640009_321828238_n_Easy-Resize.com_-300x225.jpg 300w, https:\/\/rioonwatch.org.br\/wp-content\/uploads\/2016\/07\/375559_507145442640009_321828238_n_Easy-Resize.com_-70x53.jpg 70w, https:\/\/rioonwatch.org.br\/wp-content\/uploads\/2016\/07\/375559_507145442640009_321828238_n_Easy-Resize.com_.jpg 1600w\" sizes=\"(max-width: 620px) 100vw, 620px\" \/><\/a><\/p>\n<p>\u201cEu acho que as vezes os profissionais na academia esquecem que somos n\u00f3s que temos que ser instrumentos de mudan\u00e7a dessas pessoas&#8221;, diz Fl\u00e1vio, que acredita no uso do seu espa\u00e7o de professor de dan\u00e7a como uma oportunidade para a educa\u00e7\u00e3o. Ao trazer textos para a aula e divulgar mensagens de autoconfian\u00e7a, Fl\u00e1vio espera que aqueles que assistem a sua aula &#8220;a<span style=\"font-weight: 400;\">prendam a se respeitar, aprendam a respeitar sua liberdade&#8221;. Ele diz, &#8220;uma coisa que eu sempre falo para elas quando acabo a aula: &#8216;Voc\u00ea tem que se amar mais que qualquer pessoa'&#8221;.<\/span><\/p>\n<p>As roupas que ele usa e a escolha estrat\u00e9gica da m\u00fasica fazem parte do trabalho para fazer as mulheres sentirem-se seguras e capazes de se soltar dentro de cada aula. Muitas vezes ele se maquia, usa salto e vestido curto para fazer os olhos se voltarem para ele, em vez de ca\u00edrem sobre quaisquer movimentos de dan\u00e7a errados das suas alunas. Com rela\u00e7\u00e3o \u00e0 m\u00fasica, Fl\u00e1vio declara: &#8220;Eu s\u00f3\u00a0<span style=\"font-weight: 400;\">alongo com m\u00fasica brasileira, por que quando ela est\u00e1 se alongando ela pensa: &#8216;Eu me identifico com isso'&#8221;.\u00a0<\/span>Fl\u00e1vio evita <a href=\"http:\/\/bit.ly\/1kKdVRX\" target=\"_blank\" rel=\"noopener\">funk<\/a> e <a href=\"http:\/\/bit.ly\/1luCNFo\" target=\"_blank\" rel=\"noopener\">pagode<\/a> nas aulas, que muitas vezes t\u00eam &#8220;<span style=\"font-weight: 400;\">letras que soam machistas<\/span>&#8220;.<\/p>\n<p><script>\/\/ <![CDATA[\n(function(d, s, id) { var js, fjs = d.getElementsByTagName(s)[0]; if (d.getElementById(id)) return; js = d.createElement(s); js.id = id; js.src = \"\/\/connect.facebook.net\/en_US\/sdk.js#xfbml=1&#038;version=v2.6&#038;appId=1407776759470584\"; fjs.parentNode.insertBefore(js, fjs); }(document, 'script', 'facebook-jssdk'));\n\/\/ ]]><\/script><\/p>\n<p>A moradora de Rio das Pedras e participante das aulas, Jeanne Brand\u00e3o da Cruz, diz que a aula do Fl\u00e1vio \u00e9 mais do que apenas um exerc\u00edcio para ela: &#8220;Eu vou, por muitas raz\u00f5es, uma delas \u00e9 pelo exerc\u00edcio, mas \u00e9 tamb\u00e9m para liberar a energia e porque a aula tem uma energia t\u00e3o positiva. Depois das aulas, eu me sinto aliviada. Eu saio me sentindo mais extrovertida, e eu n\u00e3o consigo parar de falar sobre a aula dele, pois \u00e9 t\u00e3o boa&#8221;, diz ela.<\/p>\n<p>Seus alunos n\u00e3o s\u00e3o os \u00fanicos a se beneficiarem das\u00a0suas aulas, Fl\u00e1vio mesmo diz: &#8220;A cada aula que eu vejo as meninas, eu vou conhecendo lados do Fl\u00e1vio que eu n\u00e3o conhecia, que estavam adormecidos, ou que n\u00e3o existiam, ou que passaram a existir atrav\u00e9s delas&#8221;. Ele diz que \u00e9 atrav\u00e9s de suas alunas que ele est\u00e1 constantemente reaprendendo a respeitar as mulheres, a valoriz\u00e1-las. Deste modo, ele permiti que elas moldem o curso de suas aulas.<\/p>\n<p>As aulas de dan\u00e7a de Fl\u00e1vio ultrapassam a ideia de que o empoderamento feminino s\u00f3 ocorre em espa\u00e7os formais. Quando cada aula termina com a mensagem de que &#8220;ningu\u00e9m pode te amar mais do que voc\u00ea a si mesma&#8221;, faz com que as mulheres deixam a academia todos os dias sentindo-se confiantes. \u201cEsta mensagem, talvez, n\u00e3o chegaria a essas mulheres, se n\u00e3o fosse compartilhada por meio da academia, todos os dias na comunidade Rio das Pedras. Aqui, as pessoas t\u00eam solidariedade, aqui as pessoas se tornam mais humanos&#8221;, resume Fl\u00e1vio.<\/p>\n<!-- AddThis Advanced Settings generic via filter on the_content --><!-- AddThis Share Buttons generic via filter on the_content -->","protected":false},"excerpt":{"rendered":"<div class=\"mh-excerpt\"><p>Click Here for English \u201cAs mulheres aqui s\u00e3o guerreiras&#8221;, dizem in\u00fameros moradores de Rio das Pedras, na Zona Oeste do Rio. A aula de dan\u00e7a de Flavio Moraes \u00e9 um dos poucos espa\u00e7os onde as <a class=\"mh-excerpt-more\" href=\"https:\/\/rioonwatch.org.br\/?p=21124\" title=\"Aulas de Dan\u00e7a&#8211;N\u00e3o Convencionais e Inspiradoras&#8211;Empoderam Mulheres em Rio das Pedras\">[&#8230;]<\/a><!-- AddThis Advanced Settings generic via filter on get_the_excerpt --><!-- AddThis Share Buttons generic via filter on get_the_excerpt --><\/p>\n<\/div>","protected":false},"author":129,"featured_media":21126,"comment_status":"closed","ping_status":"closed","sticky":false,"template":"","format":"standard","meta":{"_acf_changed":false,"_monsterinsights_skip_tracking":false,"_monsterinsights_sitenote_active":false,"_monsterinsights_sitenote_note":"","_monsterinsights_sitenote_category":0,"footnotes":""},"categories":[1615,1629,1626,342],"tags":[554,81,421,336,688,1790,42,1393,294,476,2387,184],"writer":[1881],"translator":[1922],"source":[],"ilustrador":[],"fotografo":[],"class_list":{"0":"post-21124","1":"post","2":"type-post","3":"status-publish","4":"format-standard","5":"has-post-thumbnail","7":"category-cultura-da-favela","8":"category-entrevistas-e-perfis","9":"category-por-observadores-internacionais","10":"category-solucoes","11":"tag-cidade-de-deus","12":"tag-cultura","13":"tag-cultura-da-favela","14":"tag-danca","15":"tag-empoderamento","16":"tag-feminismo","17":"tag-genero","18":"tag-rio-das-pedras","19":"tag-saude","20":"tag-solucao-comunitaria","21":"tag-violencia-contra-a-mulher","22":"tag-zona-oeste","23":"writer-juliana-ritter","24":"translator-andrea-goodall"},"acf":[],"yoast_head":"<!-- This site is optimized with the Yoast SEO plugin v25.6 - https:\/\/yoast.com\/wordpress\/plugins\/seo\/ -->\n<title>Aulas de Dan\u00e7a-N\u00e3o Convencionais e Inspiradoras-Empoderam Mulheres em Rio das Pedras - RioOnWatch<\/title>\n<meta name=\"robots\" content=\"index, follow, max-snippet:-1, max-image-preview:large, max-video-preview:-1\" \/>\n<link rel=\"canonical\" href=\"https:\/\/rioonwatch.org.br\/?p=21124\" \/>\n<meta property=\"og:locale\" content=\"pt_BR\" \/>\n<meta property=\"og:type\" content=\"article\" \/>\n<meta property=\"og:title\" content=\"Aulas de Dan\u00e7a-N\u00e3o Convencionais e Inspiradoras-Empoderam Mulheres em Rio das Pedras - RioOnWatch\" \/>\n<meta property=\"og:description\" content=\"Click Here for English \u201cAs mulheres aqui s\u00e3o guerreiras&#8221;, dizem in\u00fameros moradores de Rio das Pedras, na Zona Oeste do Rio. A aula de dan\u00e7a de Flavio Moraes \u00e9 um dos poucos espa\u00e7os onde as [...]\" \/>\n<meta property=\"og:url\" content=\"https:\/\/rioonwatch.org.br\/?p=21124\" \/>\n<meta property=\"og:site_name\" content=\"RioOnWatch\" \/>\n<meta property=\"article:published_time\" content=\"2016-07-27T20:00:02+00:00\" \/>\n<meta property=\"article:modified_time\" content=\"2023-08-01T19:43:49+00:00\" \/>\n<meta property=\"og:image\" content=\"https:\/\/rioonwatch.org.br\/wp-content\/uploads\/2016\/07\/FlavioMoraesdanceclass.jpg\" \/>\n\t<meta property=\"og:image:width\" content=\"620\" \/>\n\t<meta property=\"og:image:height\" content=\"264\" \/>\n\t<meta property=\"og:image:type\" content=\"image\/jpeg\" \/>\n<meta name=\"author\" content=\"Admin\" \/>\n<meta name=\"twitter:card\" content=\"summary_large_image\" \/>\n<meta name=\"twitter:label1\" content=\"Escrito por\" \/>\n\t<meta name=\"twitter:data1\" content=\"Admin\" \/>\n\t<meta name=\"twitter:label2\" content=\"Est. tempo de leitura\" \/>\n\t<meta name=\"twitter:data2\" content=\"4 minutos\" \/>\n<script type=\"application\/ld+json\" class=\"yoast-schema-graph\">{\"@context\":\"https:\/\/schema.org\",\"@graph\":[{\"@type\":\"Article\",\"@id\":\"https:\/\/rioonwatch.org.br\/?p=21124#article\",\"isPartOf\":{\"@id\":\"https:\/\/rioonwatch.org.br\/?p=21124\"},\"author\":{\"name\":\"Admin\",\"@id\":\"https:\/\/rioonwatch.org.br\/#\/schema\/person\/11d64c290506f9df50c71b850c473f68\"},\"headline\":\"Aulas de Dan\u00e7a&#8211;N\u00e3o Convencionais e Inspiradoras&#8211;Empoderam Mulheres em Rio das Pedras\",\"datePublished\":\"2016-07-27T20:00:02+00:00\",\"dateModified\":\"2023-08-01T19:43:49+00:00\",\"mainEntityOfPage\":{\"@id\":\"https:\/\/rioonwatch.org.br\/?p=21124\"},\"wordCount\":866,\"publisher\":{\"@id\":\"https:\/\/rioonwatch.org.br\/#organization\"},\"image\":{\"@id\":\"https:\/\/rioonwatch.org.br\/?p=21124#primaryimage\"},\"thumbnailUrl\":\"https:\/\/rioonwatch.org.br\/wp-content\/uploads\/2016\/07\/FlavioMoraesdanceclass.jpg\",\"keywords\":[\"Cidade de Deus\",\"cultura\",\"cultura da favela\",\"dan\u00e7a\",\"empoderamento\",\"feminismo\",\"g\u00eanero\",\"Rio das Pedras\",\"sa\u00fade\",\"solu\u00e7\u00e3o comunit\u00e1ria\",\"viol\u00eancia contra a mulher\",\"Zona Oeste\"],\"articleSection\":[\"Cultura da Favela\",\"Entrevistas e Perfis\",\"Escrito por Aliados\",\"Solu\u00e7\u00f5es\"],\"inLanguage\":\"pt-BR\"},{\"@type\":\"WebPage\",\"@id\":\"https:\/\/rioonwatch.org.br\/?p=21124\",\"url\":\"https:\/\/rioonwatch.org.br\/?p=21124\",\"name\":\"Aulas de Dan\u00e7a-N\u00e3o Convencionais e Inspiradoras-Empoderam Mulheres em Rio das Pedras - RioOnWatch\",\"isPartOf\":{\"@id\":\"https:\/\/rioonwatch.org.br\/#website\"},\"primaryImageOfPage\":{\"@id\":\"https:\/\/rioonwatch.org.br\/?p=21124#primaryimage\"},\"image\":{\"@id\":\"https:\/\/rioonwatch.org.br\/?p=21124#primaryimage\"},\"thumbnailUrl\":\"https:\/\/rioonwatch.org.br\/wp-content\/uploads\/2016\/07\/FlavioMoraesdanceclass.jpg\",\"datePublished\":\"2016-07-27T20:00:02+00:00\",\"dateModified\":\"2023-08-01T19:43:49+00:00\",\"breadcrumb\":{\"@id\":\"https:\/\/rioonwatch.org.br\/?p=21124#breadcrumb\"},\"inLanguage\":\"pt-BR\",\"potentialAction\":[{\"@type\":\"ReadAction\",\"target\":[\"https:\/\/rioonwatch.org.br\/?p=21124\"]}]},{\"@type\":\"ImageObject\",\"inLanguage\":\"pt-BR\",\"@id\":\"https:\/\/rioonwatch.org.br\/?p=21124#primaryimage\",\"url\":\"https:\/\/rioonwatch.org.br\/wp-content\/uploads\/2016\/07\/FlavioMoraesdanceclass.jpg\",\"contentUrl\":\"https:\/\/rioonwatch.org.br\/wp-content\/uploads\/2016\/07\/FlavioMoraesdanceclass.jpg\",\"width\":620,\"height\":264},{\"@type\":\"BreadcrumbList\",\"@id\":\"https:\/\/rioonwatch.org.br\/?p=21124#breadcrumb\",\"itemListElement\":[{\"@type\":\"ListItem\",\"position\":1,\"name\":\"In\u00edcio\",\"item\":\"https:\/\/rioonwatch.org.br\/\"},{\"@type\":\"ListItem\",\"position\":2,\"name\":\"Aulas de Dan\u00e7a&#8211;N\u00e3o Convencionais e Inspiradoras&#8211;Empoderam Mulheres em Rio das Pedras\"}]},{\"@type\":\"WebSite\",\"@id\":\"https:\/\/rioonwatch.org.br\/#website\",\"url\":\"https:\/\/rioonwatch.org.br\/\",\"name\":\"RioOnWatch\",\"description\":\"relatos das favelas cariocas\",\"publisher\":{\"@id\":\"https:\/\/rioonwatch.org.br\/#organization\"},\"potentialAction\":[{\"@type\":\"SearchAction\",\"target\":{\"@type\":\"EntryPoint\",\"urlTemplate\":\"https:\/\/rioonwatch.org.br\/?s={search_term_string}\"},\"query-input\":{\"@type\":\"PropertyValueSpecification\",\"valueRequired\":true,\"valueName\":\"search_term_string\"}}],\"inLanguage\":\"pt-BR\"},{\"@type\":\"Organization\",\"@id\":\"https:\/\/rioonwatch.org.br\/#organization\",\"name\":\"RioOnWatch\",\"url\":\"https:\/\/rioonwatch.org.br\/\",\"logo\":{\"@type\":\"ImageObject\",\"inLanguage\":\"pt-BR\",\"@id\":\"https:\/\/rioonwatch.org.br\/#\/schema\/logo\/image\/\",\"url\":\"https:\/\/rioonwatch.org.br\/wp-content\/uploads\/2021\/06\/RioOnWatchcabecalhoPT11anos-2.png\",\"contentUrl\":\"https:\/\/rioonwatch.org.br\/wp-content\/uploads\/2021\/06\/RioOnWatchcabecalhoPT11anos-2.png\",\"width\":779,\"height\":277,\"caption\":\"RioOnWatch\"},\"image\":{\"@id\":\"https:\/\/rioonwatch.org.br\/#\/schema\/logo\/image\/\"}},{\"@type\":\"Person\",\"@id\":\"https:\/\/rioonwatch.org.br\/#\/schema\/person\/11d64c290506f9df50c71b850c473f68\",\"name\":\"Admin\",\"image\":{\"@type\":\"ImageObject\",\"inLanguage\":\"pt-BR\",\"@id\":\"https:\/\/rioonwatch.org.br\/#\/schema\/person\/image\/\",\"url\":\"https:\/\/secure.gravatar.com\/avatar\/56211ac74568383903349a1485e3c325?s=96&d=blank&r=g\",\"contentUrl\":\"https:\/\/secure.gravatar.com\/avatar\/56211ac74568383903349a1485e3c325?s=96&d=blank&r=g\",\"caption\":\"Admin\"},\"url\":\"https:\/\/rioonwatch.org.br\/?author=129\"}]}<\/script>\n<!-- \/ Yoast SEO plugin. -->","yoast_head_json":{"title":"Aulas de Dan\u00e7a-N\u00e3o Convencionais e Inspiradoras-Empoderam Mulheres em Rio das Pedras - RioOnWatch","robots":{"index":"index","follow":"follow","max-snippet":"max-snippet:-1","max-image-preview":"max-image-preview:large","max-video-preview":"max-video-preview:-1"},"canonical":"https:\/\/rioonwatch.org.br\/?p=21124","og_locale":"pt_BR","og_type":"article","og_title":"Aulas de Dan\u00e7a-N\u00e3o Convencionais e Inspiradoras-Empoderam Mulheres em Rio das Pedras - RioOnWatch","og_description":"Click Here for English \u201cAs mulheres aqui s\u00e3o guerreiras&#8221;, dizem in\u00fameros moradores de Rio das Pedras, na Zona Oeste do Rio. A aula de dan\u00e7a de Flavio Moraes \u00e9 um dos poucos espa\u00e7os onde as [...]","og_url":"https:\/\/rioonwatch.org.br\/?p=21124","og_site_name":"RioOnWatch","article_published_time":"2016-07-27T20:00:02+00:00","article_modified_time":"2023-08-01T19:43:49+00:00","og_image":[{"width":620,"height":264,"url":"https:\/\/rioonwatch.org.br\/wp-content\/uploads\/2016\/07\/FlavioMoraesdanceclass.jpg","type":"image\/jpeg"}],"author":"Admin","twitter_card":"summary_large_image","twitter_misc":{"Escrito por":"Admin","Est. tempo de leitura":"4 minutos"},"schema":{"@context":"https:\/\/schema.org","@graph":[{"@type":"Article","@id":"https:\/\/rioonwatch.org.br\/?p=21124#article","isPartOf":{"@id":"https:\/\/rioonwatch.org.br\/?p=21124"},"author":{"name":"Admin","@id":"https:\/\/rioonwatch.org.br\/#\/schema\/person\/11d64c290506f9df50c71b850c473f68"},"headline":"Aulas de Dan\u00e7a&#8211;N\u00e3o Convencionais e Inspiradoras&#8211;Empoderam Mulheres em Rio das Pedras","datePublished":"2016-07-27T20:00:02+00:00","dateModified":"2023-08-01T19:43:49+00:00","mainEntityOfPage":{"@id":"https:\/\/rioonwatch.org.br\/?p=21124"},"wordCount":866,"publisher":{"@id":"https:\/\/rioonwatch.org.br\/#organization"},"image":{"@id":"https:\/\/rioonwatch.org.br\/?p=21124#primaryimage"},"thumbnailUrl":"https:\/\/rioonwatch.org.br\/wp-content\/uploads\/2016\/07\/FlavioMoraesdanceclass.jpg","keywords":["Cidade de Deus","cultura","cultura da favela","dan\u00e7a","empoderamento","feminismo","g\u00eanero","Rio das Pedras","sa\u00fade","solu\u00e7\u00e3o comunit\u00e1ria","viol\u00eancia contra a mulher","Zona Oeste"],"articleSection":["Cultura da Favela","Entrevistas e Perfis","Escrito por Aliados","Solu\u00e7\u00f5es"],"inLanguage":"pt-BR"},{"@type":"WebPage","@id":"https:\/\/rioonwatch.org.br\/?p=21124","url":"https:\/\/rioonwatch.org.br\/?p=21124","name":"Aulas de Dan\u00e7a-N\u00e3o Convencionais e Inspiradoras-Empoderam Mulheres em Rio das Pedras - RioOnWatch","isPartOf":{"@id":"https:\/\/rioonwatch.org.br\/#website"},"primaryImageOfPage":{"@id":"https:\/\/rioonwatch.org.br\/?p=21124#primaryimage"},"image":{"@id":"https:\/\/rioonwatch.org.br\/?p=21124#primaryimage"},"thumbnailUrl":"https:\/\/rioonwatch.org.br\/wp-content\/uploads\/2016\/07\/FlavioMoraesdanceclass.jpg","datePublished":"2016-07-27T20:00:02+00:00","dateModified":"2023-08-01T19:43:49+00:00","breadcrumb":{"@id":"https:\/\/rioonwatch.org.br\/?p=21124#breadcrumb"},"inLanguage":"pt-BR","potentialAction":[{"@type":"ReadAction","target":["https:\/\/rioonwatch.org.br\/?p=21124"]}]},{"@type":"ImageObject","inLanguage":"pt-BR","@id":"https:\/\/rioonwatch.org.br\/?p=21124#primaryimage","url":"https:\/\/rioonwatch.org.br\/wp-content\/uploads\/2016\/07\/FlavioMoraesdanceclass.jpg","contentUrl":"https:\/\/rioonwatch.org.br\/wp-content\/uploads\/2016\/07\/FlavioMoraesdanceclass.jpg","width":620,"height":264},{"@type":"BreadcrumbList","@id":"https:\/\/rioonwatch.org.br\/?p=21124#breadcrumb","itemListElement":[{"@type":"ListItem","position":1,"name":"In\u00edcio","item":"https:\/\/rioonwatch.org.br\/"},{"@type":"ListItem","position":2,"name":"Aulas de Dan\u00e7a&#8211;N\u00e3o Convencionais e Inspiradoras&#8211;Empoderam Mulheres em Rio das Pedras"}]},{"@type":"WebSite","@id":"https:\/\/rioonwatch.org.br\/#website","url":"https:\/\/rioonwatch.org.br\/","name":"RioOnWatch","description":"relatos das favelas cariocas","publisher":{"@id":"https:\/\/rioonwatch.org.br\/#organization"},"potentialAction":[{"@type":"SearchAction","target":{"@type":"EntryPoint","urlTemplate":"https:\/\/rioonwatch.org.br\/?s={search_term_string}"},"query-input":{"@type":"PropertyValueSpecification","valueRequired":true,"valueName":"search_term_string"}}],"inLanguage":"pt-BR"},{"@type":"Organization","@id":"https:\/\/rioonwatch.org.br\/#organization","name":"RioOnWatch","url":"https:\/\/rioonwatch.org.br\/","logo":{"@type":"ImageObject","inLanguage":"pt-BR","@id":"https:\/\/rioonwatch.org.br\/#\/schema\/logo\/image\/","url":"https:\/\/rioonwatch.org.br\/wp-content\/uploads\/2021\/06\/RioOnWatchcabecalhoPT11anos-2.png","contentUrl":"https:\/\/rioonwatch.org.br\/wp-content\/uploads\/2021\/06\/RioOnWatchcabecalhoPT11anos-2.png","width":779,"height":277,"caption":"RioOnWatch"},"image":{"@id":"https:\/\/rioonwatch.org.br\/#\/schema\/logo\/image\/"}},{"@type":"Person","@id":"https:\/\/rioonwatch.org.br\/#\/schema\/person\/11d64c290506f9df50c71b850c473f68","name":"Admin","image":{"@type":"ImageObject","inLanguage":"pt-BR","@id":"https:\/\/rioonwatch.org.br\/#\/schema\/person\/image\/","url":"https:\/\/secure.gravatar.com\/avatar\/56211ac74568383903349a1485e3c325?s=96&d=blank&r=g","contentUrl":"https:\/\/secure.gravatar.com\/avatar\/56211ac74568383903349a1485e3c325?s=96&d=blank&r=g","caption":"Admin"},"url":"https:\/\/rioonwatch.org.br\/?author=129"}]}},"_links":{"self":[{"href":"https:\/\/rioonwatch.org.br\/index.php?rest_route=\/wp\/v2\/posts\/21124"}],"collection":[{"href":"https:\/\/rioonwatch.org.br\/index.php?rest_route=\/wp\/v2\/posts"}],"about":[{"href":"https:\/\/rioonwatch.org.br\/index.php?rest_route=\/wp\/v2\/types\/post"}],"author":[{"embeddable":true,"href":"https:\/\/rioonwatch.org.br\/index.php?rest_route=\/wp\/v2\/users\/129"}],"replies":[{"embeddable":true,"href":"https:\/\/rioonwatch.org.br\/index.php?rest_route=%2Fwp%2Fv2%2Fcomments&post=21124"}],"version-history":[{"count":12,"href":"https:\/\/rioonwatch.org.br\/index.php?rest_route=\/wp\/v2\/posts\/21124\/revisions"}],"predecessor-version":[{"id":69876,"href":"https:\/\/rioonwatch.org.br\/index.php?rest_route=\/wp\/v2\/posts\/21124\/revisions\/69876"}],"wp:featuredmedia":[{"embeddable":true,"href":"https:\/\/rioonwatch.org.br\/index.php?rest_route=\/wp\/v2\/media\/21126"}],"wp:attachment":[{"href":"https:\/\/rioonwatch.org.br\/index.php?rest_route=%2Fwp%2Fv2%2Fmedia&parent=21124"}],"wp:term":[{"taxonomy":"category","embeddable":true,"href":"https:\/\/rioonwatch.org.br\/index.php?rest_route=%2Fwp%2Fv2%2Fcategories&post=21124"},{"taxonomy":"post_tag","embeddable":true,"href":"https:\/\/rioonwatch.org.br\/index.php?rest_route=%2Fwp%2Fv2%2Ftags&post=21124"},{"taxonomy":"writer","embeddable":true,"href":"https:\/\/rioonwatch.org.br\/index.php?rest_route=%2Fwp%2Fv2%2Fwriter&post=21124"},{"taxonomy":"translator","embeddable":true,"href":"https:\/\/rioonwatch.org.br\/index.php?rest_route=%2Fwp%2Fv2%2Ftranslator&post=21124"},{"taxonomy":"source","embeddable":true,"href":"https:\/\/rioonwatch.org.br\/index.php?rest_route=%2Fwp%2Fv2%2Fsource&post=21124"},{"taxonomy":"ilustrador","embeddable":true,"href":"https:\/\/rioonwatch.org.br\/index.php?rest_route=%2Fwp%2Fv2%2Filustrador&post=21124"},{"taxonomy":"fotografo","embeddable":true,"href":"https:\/\/rioonwatch.org.br\/index.php?rest_route=%2Fwp%2Fv2%2Ffotografo&post=21124"}],"curies":[{"name":"wp","href":"https:\/\/api.w.org\/{rel}","templated":true}]}}