{"id":2117,"date":"2011-09-26T15:18:03","date_gmt":"2011-09-26T18:18:03","guid":{"rendered":"http:\/\/favela.info\/?p=2117"},"modified":"2022-01-21T19:53:42","modified_gmt":"2022-01-21T22:53:42","slug":"reescrevendo-o-futuro-uma-entrevista-com-neuza-nascimento","status":"publish","type":"post","link":"https:\/\/rioonwatch.org.br\/?p=2117","title":{"rendered":"Reescrevendo o Futuro: Uma Entrevista com Neuza Nascimento"},"content":{"rendered":"<p style=\"text-align: right;\"><em><strong><a href=\"http:\/\/bit.ly\/1wWXlYV\" target=\"_blank\" rel=\"noopener\">Click Here for English<\/a><a href=\"http:\/\/bit.ly\/1wWXlYV\" target=\"_blank\" rel=\"noopener\"><img decoding=\"async\" class=\"alignright wp-image-15790\" src=\"http:\/\/rioonwatch.org.br\/wp-content\/uploads\/2012\/08\/EN-standard-e1439583104716.jpg\" alt=\"\" width=\"20\" height=\"20\" \/><\/a><\/strong><\/em><\/p>\n<p><img decoding=\"async\" class=\"alignleft size-full wp-image-1403\" title=\"Neuza Nascimento\" src=\"http:\/\/rioonwatch.org\/wp-content\/uploads\/2011\/09\/Neuza1.jpg\" alt=\"\" width=\"174\" height=\"172\" \/>No m\u00eas de setembro de 2011 o Centro Integrado de Apoio \u00e0s Crian\u00e7as e Adolescentes da Comunidade <a href=\"http:\/\/www.ciacac.org\/apresentacao.php?id=1\">(CIACAC<\/a>) comemorou o seu 10 \u00ba anivers\u00e1rio. O CIACAC \u00e9 uma organiza\u00e7\u00e3o comunit\u00e1ria sediada na favela Parque Jardim Beira Mar, que fica em Parada de Lucas, na Zona Norte do Rio de Janeiro. As comunidades de Parada de Lucas s\u00e3o h\u00e1 anos conhecidas pelas disputas entre fac\u00e7\u00f5es do narcotr\u00e1fico com as comunidades vizinhas de Vig\u00e1rio Geral. Nestas comunidaedes n\u00e3o h\u00e1 alternativas para um processo sadio de socializa\u00e7\u00e3o para os adolescentes dentro das comunidades. Foi neste contexto que <a href=\"http:\/\/on.fb.me\/nizVcH\">Neuza <\/a><a href=\"http:\/\/on.fb.me\/nizVcH\">Nascimento<\/a>, que na ocasi\u00e3o era uma m\u00e3e de um pr\u00e9 adolescente, amante de literatura e ao mesmo tempo faxineira de casas de fam\u00edlia; decidiu criar um projeto para levar as crian\u00e7as e os adolescentes da comunidade para conhecer outras realidades, indo a teatros, museus, praias e etc. O projeto\u00a0 foi batizado de \u201cUm Olhar Sobre Outras Coisas\u201d, e assim nasceu o CIACAC que trabalha para que as crian\u00e7as da comunidade tenham uma rela\u00e7\u00e3o com o mundo diferente daquela, que em\u00a0um caminho l\u00f3gico, estaria &#8220;escrita para elas.&#8221; Por essa raz\u00e3o, Neuza Nascimento \u00e9 a primeira lideran\u00e7a a ser entrevistada para o <a href=\"http:\/\/www.rioonwatch.org\">rioonwatch.org<\/a> e<a href=\"http:\/\/www.favela.info\"> favela.info<\/a>, em homenagem as suas fant\u00e1sticas realiza\u00e7\u00f5es ao longo desses dez anos, e a sua hist\u00f3ria vale como inspira\u00e7\u00e3o para muitos de n\u00f3s.<\/p>\n<p style=\"text-align: center;\">______________________________<\/p>\n<h4><strong>RioOnWatch: Onde voc\u00ea nasceu? Quais foram as caracter\u00edsticas mais marcantes da sua inf\u00e2ncia e adolesc\u00eancia?\u00a0<\/strong><\/h4>\n<p><strong><img fetchpriority=\"high\" decoding=\"async\" class=\"alignleft size-full wp-image-1403\" title=\"Neuza Nascimento\" src=\"http:\/\/rioonwatch.org\/wp-content\/uploads\/2011\/09\/Neuza.jpg\" alt=\"\" width=\"225\" height=\"243\" \/>Neuza:<\/strong> Nasci na cidade de Santos Dumont, em Minas Gerais. \u00c9ramos muitos pobres e mor\u00e1vamos muito longe da cidade. O que marcou minha inf\u00e2ncia foram alguns anivers\u00e1rios comemorados com lata de goiabada e tamb\u00e9m minha Primeira Comunh\u00e3o que foi quando minha irm\u00e3 levou do Rio uma Havaiana branca com correias azuis e minha m\u00e3e comprou um vestido branco, j\u00e1 usado, para eu ir para a igreja. Andei quase por meia hora, era o tempo que se levava a p\u00e9 at\u00e9 a igreja, com todo o cuidado do mundo para n\u00e3o sujar minhas sand\u00e1lias novas de poeira. Nessa \u00e9poca eu acho que eu tinha uns 8 ou noves anos e era a primeira vez que eu andava cal\u00e7ada. Pelo menos que eu me lembre. Estava me sentindo linda e n\u00e3o parava de olhar para os meus p\u00e9s. Minha adolesc\u00eancia foi marcada por trabalho sempre, bailes Soul, muitos namorados, Natais em e P\u00e1scoas em fam\u00edlia, gravidez aos 17 anos.<\/p>\n<h4><strong>RioOnWatch: Qual foi sua primeira profiss\u00e3o?<\/strong><\/h4>\n<p><strong><strong>Neuza<\/strong>:<\/strong> Nunca tive profiss\u00e3o no sentido formal da palavra, mas fui empregada dom\u00e9stica ou, como disse a Rose, recuperadora de ambientes dos 08 aos 47 anos. E hoje ainda n\u00e3o sei se tenho uma profiss\u00e3o. Mas me considero gestora social comunit\u00e1ria.<\/p>\n<h4><strong><strong>RioOnWatch<\/strong>: Quais s\u00e3o suas maiores paix\u00f5es?<\/strong><\/h4>\n<p><strong>Neuza<\/strong>: Leitura e escrita.<\/p>\n<p><img loading=\"lazy\" decoding=\"async\" class=\"alignleft size-full wp-image-1403\" title=\"Reuni\u00e3o com os pais\" src=\"http:\/\/rioonwatch.org\/wp-content\/uploads\/2011\/09\/Meeting_with_Parents.jpg\" alt=\"\" width=\"300\" height=\"229\" \/><\/p>\n<h4><strong><strong>RioOnWatch<\/strong>: Quais s\u00e3o seus maiores talentos?<\/strong><\/h4>\n<p><strong><strong>Neuza<\/strong>:<\/strong> Escrever, fazer amizade f\u00e1cil, e dar colo para todo mundo que precisa sem nunca gastar. Falo muito, sempre tenho hist\u00f3rias para contar, mas n\u00e3o sei se isso \u00e9 um talento exatamente.<\/p>\n<h4><strong><strong>RioOnWatch<\/strong>: Como aprendeu a ler?<\/strong><\/h4>\n<p><strong>Neuza<\/strong>: N\u00e3o me lembro exatamente quando aprendi a ler, a \u00fanica lembran\u00e7a que eu tenho da escola em Minas \u00e9 a vacina que tomei. Muitos anos depois eu soube que era BCG. Quando fui trazida para o Rio s\u00f3 ingressei numa escola muito tempo depois. Comecei a ter consci\u00eancia da leitura j\u00e1 com 13,14 anos, na 5\u00aa s\u00e9rie. Eu tinha acesso \u00e0 gibis da filha da pessoa para quem eu trabalhava e tamb\u00e9m lia os textos dos livros de portugu\u00eas da escola.<\/p>\n<h4><strong><strong>RioOnWatch<\/strong>: Quando voc\u00ea realizou a sua primeira a\u00e7\u00e3o &#8220;coletiva?&#8221;<\/strong><\/h4>\n<p><strong><strong>Neuza<\/strong>:<\/strong> Organizei uma reuni\u00e3o com algumas mulheres da comunidade para pensar e fazer algo para mudar a realidade das crian\u00e7as moradoras da mesma. Convidei umas 30 ou 40 mulheres, mas nenhuma compareceu.<\/p>\n<h4><img loading=\"lazy\" decoding=\"async\" class=\"alignleft size-full wp-image-1403\" title=\" Passeio na Quinta da Boa Vista\" src=\"http:\/\/rioonwatch.org\/wp-content\/uploads\/2011\/09\/Quinta-da-Boa-Vista_sm.jpg\" alt=\"\" width=\"300\" height=\"225\" \/><strong><strong>RioOnWatch<\/strong>: O que te levou para tomar este primeiro passo? <\/strong><\/h4>\n<p><strong>Neuza<\/strong>: O fato de as crian\u00e7as da comunidade onde moro n\u00e3o terem outra op\u00e7\u00e3o de lazer e cultura a n\u00e3o ser o baile que acontece semanalmente. Eu quis que elas conhecessem outras realidades com a esperan\u00e7a que nascesse em cada uma a ambi\u00e7\u00e3o de uma vida e futuro diferente daquele que est\u00e1 escrito para quase todas as crian\u00e7as que nascem e crescem em comunidades pobres.<\/p>\n<h4><strong><strong>RioOnWatch<\/strong>: Quando se viu como lideran\u00e7a pela primeira vez?\u00a0 Em que momento\/sentido\/situa\u00e7\u00e3o? Qual foi o passo que voc\u00ea tomou ap\u00f3s este momento?<\/strong><\/h4>\n<p><strong>Neuza<\/strong>: N\u00e3o consigo me ver como lideran\u00e7a.<\/p>\n<h4><strong><strong>RioOnWatch<\/strong>: O que te levou a criar o CIACAC? No in\u00edcio, qual era a sua inten\u00e7\u00e3o\/miss\u00e3o com este projeto?<\/strong><\/h4>\n<p><strong><strong>Neuza<\/strong>:<\/strong> Eu n\u00e3o criei o CIACAC, ele foi acontecendo sem eu perceber. Mas no inicio minha \u00fanica inten\u00e7\u00e3o era tirar as crian\u00e7as da comunidade para ver outras coisas. E ainda continuo essa inten\u00e7\u00e3o.<\/p>\n<h4><img loading=\"lazy\" decoding=\"async\" class=\"alignleft size-full wp-image-1403\" title=\"Apoio escolar\" src=\"http:\/\/rioonwatch.org\/wp-content\/uploads\/2011\/09\/tutoring.jpg\" alt=\"\" width=\"250\" height=\"333\" \/><strong>RioOnWatch<\/strong>: <strong>Qual foi o trajeto que o CIACAC tomou?\u00a0 Os 5 &#8220;maiores momentos?&#8221;<\/strong><\/h4>\n<p><strong><strong>Neuza<\/strong>:<\/strong> Os maiores momentos foram um pouco mais de 5. Quando me senti muito cansada em 2003, por n\u00e3o ter o apoio da comunidade e dos respons\u00e1veis e fiz uma reuni\u00e3o com as crian\u00e7as que participavam na \u00e9poca e disse que se eles n\u00e3o me ajudassem, o trabalho ia acabar porque eu n\u00e3o tinha mais condi\u00e7\u00f5es de continuar sozinha.<\/p>\n<p>Nesse dia foi formada a Diretoria Infanto Juvenil e ent\u00e3o eu percebi que meu trabalho era importante para eles; o primeiro passeio no qual participaram 45 crian\u00e7as e adolescentes; aquisi\u00e7\u00e3o de um espa\u00e7o pr\u00f3prio; aquisi\u00e7\u00e3o do CNPJ, e depois do Alvar\u00e1 de Funcionamento; o inicio da chegada de volunt\u00e1rios estrangeiros; publica\u00e7\u00e3o do site <a href=\"http:\/\/www.ciacac.org\">www.ciacac.org<\/a>; a Festa de 7 anos; montagem da sala de inform\u00e1tica, ter o primeiro projeto parcialmente aprovado atrav\u00e9s de um edital, completar 10 anos em a\u00e7\u00e3o, parceria com uma outra ONG de dentro da comunidade e com duas institui\u00e7\u00f5es europ\u00e9ias, o Departamento de Estudos no Exterior da University of Nottingham e AIPC Pandora, e ser Semifinalista no 9\u00ba Pr\u00eamio Ita\u00fa\/UNICEF.<\/p>\n<h4><strong><strong>RioOnWatch<\/strong>: Quais foram os 5 momentos mais fr\u00e1geis, frustrantes ou preocupantes do CIACAC?<\/strong><\/h4>\n<p><strong>Neuza<\/strong>: No passado minha maior frustra\u00e7\u00e3o era n\u00e3o conseguir convencer a comunidade a participar e acreditar numa mudan\u00e7a; e, acima de tudo a comunidade n\u00e3o acreditar que ela \u00e9 capaz ( ainda hoje \u00e9 assim) de fazer essa mudan\u00e7a; falta de apoio financiamento cont\u00ednuo.<\/p>\n<p>Hoje o que me frustra \u00e9 o Poder P\u00fablico que d\u00e1 mais import\u00e2ncia a pap\u00e9is do que ao trabalho desenvolvido em si, a burocracia em geral, a falta de funcion\u00e1rios e vulnerabilidade de, n\u00e3o de uma ONG, mas de um trabalho social dentro de uma comunidade, seja ela qual for.<\/p>\n<h4><a href=\"http:\/\/rioonwatch.org\/wp-content\/uploads\/2011\/09\/viol\u00e3o.jpg\"><img loading=\"lazy\" decoding=\"async\" class=\"alignleft size-full wp-image-1403\" title=\"Aulas de viol\u00e3o\" src=\"http:\/\/rioonwatch.org\/wp-content\/uploads\/2011\/09\/viol\u00e3o.jpg\" alt=\"\" width=\"300\" height=\"228\" \/><\/a><strong><strong>RioOnWatch<\/strong>: O que \u00e9 o CIACAC hoje?<\/strong><\/h4>\n<p><strong><strong>Neuza<\/strong>:<\/strong> Hoje o CIACAC \u00e9 uma institui\u00e7\u00e3o conhecida e reconhecida dentro da comunidade e em v\u00e1rios pa\u00edses.<\/p>\n<h4><strong><strong>RioOnWatch<\/strong>: O que ele representa para voc\u00ea e sua vida?<\/strong><\/h4>\n<p><strong>Neuza<\/strong>: Supera\u00e7\u00e3o.<\/p>\n<h4><strong><strong>RioOnWatch<\/strong>: O que ele representa para a comunidade?<\/strong><\/h4>\n<p><strong>Neuza<\/strong>: O que ele representa para a comunidade, eu ainda n\u00e3o sei. Para as crian\u00e7as ele representa um espa\u00e7o para brincadeiras, descobertas, aprendizado, liberdade. Um espa\u00e7o que elas aprenderam a considerar seu, e onde tem uma mulher que insiste em proibir que a chamem de tia.<\/p>\n<h4><strong><strong>RioOnWatch:\u00a0<\/strong>Lista, por favor, as diversas atividades que o CIACAC teve ao longo dos anos.<\/strong><\/h4>\n<p><strong>Neuza<\/strong>: Mais de 60 visitas e passeios para fora da comunidade, oficinas de cidadania, reda\u00e7\u00e3o, desenho e direitos, aulas de ingl\u00eas, basquete, capoeira, artes, inform\u00e1tica e hoje temos aulas de viol\u00e3o e apoio escolar. Tudo depende de disponibilidade de volunt\u00e1rios.<\/p>\n<h4><img loading=\"lazy\" decoding=\"async\" class=\"alignleft size-full wp-image-1403\" title=\"Visita ao Museu da Marinha\" src=\"http:\/\/rioonwatch.org\/wp-content\/uploads\/2011\/09\/Museu-da-Marinha.jpg\" alt=\"\" width=\"300\" height=\"225\" \/><strong><strong>RioOnWatch:\u00a0<\/strong>Qual \u00e9 o futuro do CIACAC? O pr\u00f3ximo grande projeto?<\/strong><\/h4>\n<p><strong>Neuza<\/strong>: O projeto que estamos elaborando agora \u00e9 a constru\u00e7\u00e3o de alojamento e, atrav\u00e9s de um programa de voluntariado internacional, conseguir dar um pouco de autonomia para financiar \u00e0 institui\u00e7\u00e3o.<\/p>\n<h4><strong><strong>RioOnWatch:\u00a0<\/strong>E daqui\u00a0a 5 anos?<\/strong><\/h4>\n<p><strong>Neuza<\/strong>: S\u00f3 consigo visualizar at\u00e9 dezembro, quando pretendemos dar uma grande festa para comemorar 10 anos de exist\u00eancia. \u00c9 imposs\u00edvel ver t\u00e3o longe. J\u00e1 \u00e9 dif\u00edcil organizar o dia seguinte.<\/p>\n<h4><strong><strong>RioOnWatch<\/strong>: O que voc\u00ea esta sentindo agora, ao completar 10 anos?<\/strong><\/h4>\n<p><strong><strong>Neuza<\/strong>:<\/strong> Que n\u00e3o basta pensar e querer. \u00c9 preciso fazer.<\/p>\n<h4><strong><strong>RioOnWatch<\/strong>: O que voc\u00ea acha, entre os seus talentos, foi o mais importante para que o CIACAC chegasse at\u00e9 aqui? Percep\u00e7\u00e3o do entorno. E outros fatores?<\/strong><\/h4>\n<p><strong><strong>Neuza<\/strong>:<\/strong> A participa\u00e7\u00e3o efetiva e o envolvimento das crian\u00e7as e o querer delas.<\/p>\n<h4><img loading=\"lazy\" decoding=\"async\" class=\"alignleft size-full wp-image-1403\" title=\"Volunt\u00e1rios espanh\u00f3is Agosto de 2011\" src=\"http:\/\/rioonwatch.org\/wp-content\/uploads\/2011\/09\/volunt\u00e1rios_espanhois.jpg\" alt=\"\" width=\"300\" height=\"200\" \/><strong><strong>RioOnWatch<\/strong>: O projeto \u00e9 tocado principalmente por voc\u00ea?<\/strong><\/h4>\n<p><strong><strong>Neuza<\/strong>:<\/strong> A administra\u00e7\u00e3o \u00e9 realizada por mim e \u00e0s vezes tenho a colabora\u00e7\u00e3o de volunt\u00e1rios estrangeiros. A elabora\u00e7\u00e3o das atividades e realiza\u00e7\u00e3o das mesmas t\u00eam a apoio dos pais e volunt\u00e1rios.<\/p>\n<h4><strong><strong>RioOnWatch<\/strong>: E seu filho, anda fazendo o que hoje?<\/strong><\/h4>\n<p><strong>Neuza<\/strong>: Estuda e trabalha numa Faculdade.<\/p>\n<h4><strong><strong>RioOnWatch<\/strong>: O que ele acha da m\u00e3e e do CIACAC?<\/strong><\/h4>\n<p><strong>Neuza<\/strong>: Est\u00e1 acreditando um pouco mais no meu potencial, no que eu fa\u00e7o e continua pensando que sou louca por fazer o que fa\u00e7o.<\/p>\n<h4><strong><strong>RioOnWatch<\/strong>: Voc\u00ea j\u00e1 teve a experi\u00eancia de pensar em abandonar a iniciativa, como \u00e9 t\u00e3o comum no terceiro setor por quest\u00e3o de todas as dificuldades inerentes em montar e manter um projeto?\u00a0 Se sim, qual foi o motivo do seu caso?<\/strong><\/h4>\n<p><strong><strong>Neuza<\/strong>:<\/strong> O motivo na \u00e9poca foi pelo fato de a comunidade n\u00e3o acreditar e n\u00e3o se envolver com os problemas que s\u00e3o comuns a todos que moramos aqui.<\/p>\n<h4><a href=\"http:\/\/rioonwatch.org\/wp-content\/uploads\/2011\/09\/ParqueJardimBeiraMar.jpg\"><img loading=\"lazy\" decoding=\"async\" class=\"alignleft size-full wp-image-1403\" title=\"Parque Jardim Beira Mar\" src=\"http:\/\/rioonwatch.org\/wp-content\/uploads\/2011\/09\/ParqueJardimBeiraMar.jpg\" alt=\"\" width=\"300\" height=\"211\" \/><\/a><strong><strong>RioOnWatch<\/strong>: De que forma todas as transforma\u00e7\u00f5es acontecendo hoje na cidade est\u00e3o afetando Parada de Lucas?<\/strong><\/h4>\n<p><strong>Neuza<\/strong>: A comunidade Parque Jardim Beira Mar, que fica no bairro de Parada de Lucas \u00e9 uma comunidade fechada onde as informa\u00e7\u00f5es n\u00e3o circulam ou quando circulam, vem em forma de boato. Por ser uma comunidade de porte m\u00e9dio e n\u00e3o estar em nenhuma \u00e1rea nobre ou que chame a aten\u00e7\u00e3o, n\u00e3o est\u00e1 sofrendo afeta\u00e7\u00e3o nenhuma.<\/p>\n<h4><strong><strong>RioOnWatch<\/strong>: Qual \u00e9 o seu maior medo para a comunidade ao longo dos pr\u00f3ximos 2-10 anos?<\/strong><\/h4>\n<p><strong><strong>Neuza<\/strong>:<\/strong> N\u00e3o saber nada do que vai acontecer.<\/p>\n<h4><strong><strong>RioOnWatch<\/strong>: Qual \u00e9 a sua maior esperan\u00e7a para a comunidade ao longo dos pr\u00f3ximos 2-10 anos?<\/strong><\/h4>\n<p><strong><strong>Neuza<\/strong>:<\/strong> Minha esperan\u00e7a \u00e9 que a comunidade pare de sofrer obras de maquiagem e seja urbanizada realmente.<\/p>\n<!-- AddThis Advanced Settings generic via filter on the_content --><!-- AddThis Share Buttons generic via filter on the_content -->","protected":false},"excerpt":{"rendered":"<div class=\"mh-excerpt\"><p>Click Here for English No m\u00eas de setembro de 2011 o Centro Integrado de Apoio \u00e0s Crian\u00e7as e Adolescentes da Comunidade (CIACAC) comemorou o seu 10 \u00ba anivers\u00e1rio. O CIACAC \u00e9 uma organiza\u00e7\u00e3o comunit\u00e1ria sediada <a class=\"mh-excerpt-more\" href=\"https:\/\/rioonwatch.org.br\/?p=2117\" title=\"Reescrevendo o Futuro: Uma Entrevista com Neuza Nascimento\">[&#8230;]<\/a><!-- AddThis Advanced Settings generic via filter on get_the_excerpt --><!-- AddThis Share Buttons generic via filter on get_the_excerpt --><\/p>\n<\/div>","protected":false},"author":129,"featured_media":2148,"comment_status":"open","ping_status":"closed","sticky":false,"template":"","format":"standard","meta":{"_acf_changed":false,"_monsterinsights_skip_tracking":false,"_monsterinsights_sitenote_active":false,"_monsterinsights_sitenote_note":"","_monsterinsights_sitenote_category":0,"footnotes":""},"categories":[1621,1629,1626,1388,1616,1612,342],"tags":[113,358,285,287,476,218],"writer":[284],"translator":[],"source":[],"ilustrador":[],"fotografo":[],"class_list":{"0":"post-2117","1":"post","2":"type-post","3":"status-publish","4":"format-standard","5":"has-post-thumbnail","7":"category-destaque","8":"category-entrevistas-e-perfis","9":"category-por-observadores-internacionais","10":"category-formas-de-apoiar","11":"category-qualidades-da-favela","12":"category-sociedade-civil","13":"category-solucoes","14":"tag-juventude","15":"tag-organizacao-comunitaria","16":"tag-parada-de-lucas","17":"tag-parque-jardim-beira-mar","18":"tag-solucao-comunitaria","19":"tag-zona-norte","20":"writer-theresa-williamson"},"acf":[],"yoast_head":"<!-- This site is optimized with the Yoast SEO plugin v25.6 - https:\/\/yoast.com\/wordpress\/plugins\/seo\/ -->\n<title>Reescrevendo o Futuro: Uma Entrevista com Neuza Nascimento - RioOnWatch<\/title>\n<meta name=\"robots\" content=\"index, follow, max-snippet:-1, max-image-preview:large, max-video-preview:-1\" \/>\n<link rel=\"canonical\" href=\"https:\/\/rioonwatch.org.br\/?p=2117\" \/>\n<meta property=\"og:locale\" content=\"pt_BR\" \/>\n<meta property=\"og:type\" content=\"article\" \/>\n<meta property=\"og:title\" content=\"Reescrevendo o Futuro: Uma Entrevista com Neuza Nascimento - RioOnWatch\" \/>\n<meta property=\"og:description\" content=\"Click Here for English No m\u00eas de setembro de 2011 o Centro Integrado de Apoio \u00e0s Crian\u00e7as e Adolescentes da Comunidade (CIACAC) comemorou o seu 10 \u00ba anivers\u00e1rio. O CIACAC \u00e9 uma organiza\u00e7\u00e3o comunit\u00e1ria sediada [...]\" \/>\n<meta property=\"og:url\" content=\"https:\/\/rioonwatch.org.br\/?p=2117\" \/>\n<meta property=\"og:site_name\" content=\"RioOnWatch\" \/>\n<meta property=\"article:published_time\" content=\"2011-09-26T18:18:03+00:00\" \/>\n<meta property=\"article:modified_time\" content=\"2022-01-21T22:53:42+00:00\" \/>\n<meta property=\"og:image\" content=\"https:\/\/rioonwatch.org.br\/wp-content\/uploads\/2011\/09\/CIACAC.jpg\" \/>\n\t<meta property=\"og:image:width\" content=\"300\" \/>\n\t<meta property=\"og:image:height\" content=\"211\" \/>\n\t<meta property=\"og:image:type\" content=\"image\/jpeg\" \/>\n<meta name=\"author\" content=\"Admin\" \/>\n<meta name=\"twitter:card\" content=\"summary_large_image\" \/>\n<meta name=\"twitter:label1\" content=\"Escrito por\" \/>\n\t<meta name=\"twitter:data1\" content=\"Admin\" \/>\n\t<meta name=\"twitter:label2\" content=\"Est. tempo de leitura\" \/>\n\t<meta name=\"twitter:data2\" content=\"10 minutos\" \/>\n<script type=\"application\/ld+json\" class=\"yoast-schema-graph\">{\"@context\":\"https:\/\/schema.org\",\"@graph\":[{\"@type\":\"Article\",\"@id\":\"https:\/\/rioonwatch.org.br\/?p=2117#article\",\"isPartOf\":{\"@id\":\"https:\/\/rioonwatch.org.br\/?p=2117\"},\"author\":{\"name\":\"Admin\",\"@id\":\"https:\/\/rioonwatch.org.br\/#\/schema\/person\/11d64c290506f9df50c71b850c473f68\"},\"headline\":\"Reescrevendo o Futuro: Uma Entrevista com Neuza Nascimento\",\"datePublished\":\"2011-09-26T18:18:03+00:00\",\"dateModified\":\"2022-01-21T22:53:42+00:00\",\"mainEntityOfPage\":{\"@id\":\"https:\/\/rioonwatch.org.br\/?p=2117\"},\"wordCount\":1775,\"commentCount\":0,\"publisher\":{\"@id\":\"https:\/\/rioonwatch.org.br\/#organization\"},\"image\":{\"@id\":\"https:\/\/rioonwatch.org.br\/?p=2117#primaryimage\"},\"thumbnailUrl\":\"https:\/\/rioonwatch.org.br\/wp-content\/uploads\/2011\/09\/CIACAC.jpg\",\"keywords\":[\"juventude\",\"organiza\u00e7\u00e3o comunit\u00e1ria\",\"Parada de Lucas\",\"Parque Jardim Beira Mar\",\"solu\u00e7\u00e3o comunit\u00e1ria\",\"Zona Norte\"],\"articleSection\":[\"*Destaque\",\"Entrevistas e Perfis\",\"Escrito por Aliados\",\"Formas de Apoiar\",\"Qualidades da Favela\",\"Sociedade Civil\",\"Solu\u00e7\u00f5es\"],\"inLanguage\":\"pt-BR\",\"potentialAction\":[{\"@type\":\"CommentAction\",\"name\":\"Comment\",\"target\":[\"https:\/\/rioonwatch.org.br\/?p=2117#respond\"]}]},{\"@type\":\"WebPage\",\"@id\":\"https:\/\/rioonwatch.org.br\/?p=2117\",\"url\":\"https:\/\/rioonwatch.org.br\/?p=2117\",\"name\":\"Reescrevendo o Futuro: Uma Entrevista com Neuza Nascimento - RioOnWatch\",\"isPartOf\":{\"@id\":\"https:\/\/rioonwatch.org.br\/#website\"},\"primaryImageOfPage\":{\"@id\":\"https:\/\/rioonwatch.org.br\/?p=2117#primaryimage\"},\"image\":{\"@id\":\"https:\/\/rioonwatch.org.br\/?p=2117#primaryimage\"},\"thumbnailUrl\":\"https:\/\/rioonwatch.org.br\/wp-content\/uploads\/2011\/09\/CIACAC.jpg\",\"datePublished\":\"2011-09-26T18:18:03+00:00\",\"dateModified\":\"2022-01-21T22:53:42+00:00\",\"breadcrumb\":{\"@id\":\"https:\/\/rioonwatch.org.br\/?p=2117#breadcrumb\"},\"inLanguage\":\"pt-BR\",\"potentialAction\":[{\"@type\":\"ReadAction\",\"target\":[\"https:\/\/rioonwatch.org.br\/?p=2117\"]}]},{\"@type\":\"ImageObject\",\"inLanguage\":\"pt-BR\",\"@id\":\"https:\/\/rioonwatch.org.br\/?p=2117#primaryimage\",\"url\":\"https:\/\/rioonwatch.org.br\/wp-content\/uploads\/2011\/09\/CIACAC.jpg\",\"contentUrl\":\"https:\/\/rioonwatch.org.br\/wp-content\/uploads\/2011\/09\/CIACAC.jpg\",\"width\":300,\"height\":211},{\"@type\":\"BreadcrumbList\",\"@id\":\"https:\/\/rioonwatch.org.br\/?p=2117#breadcrumb\",\"itemListElement\":[{\"@type\":\"ListItem\",\"position\":1,\"name\":\"In\u00edcio\",\"item\":\"https:\/\/rioonwatch.org.br\/\"},{\"@type\":\"ListItem\",\"position\":2,\"name\":\"Reescrevendo o Futuro: Uma Entrevista com Neuza Nascimento\"}]},{\"@type\":\"WebSite\",\"@id\":\"https:\/\/rioonwatch.org.br\/#website\",\"url\":\"https:\/\/rioonwatch.org.br\/\",\"name\":\"RioOnWatch\",\"description\":\"relatos das favelas cariocas\",\"publisher\":{\"@id\":\"https:\/\/rioonwatch.org.br\/#organization\"},\"potentialAction\":[{\"@type\":\"SearchAction\",\"target\":{\"@type\":\"EntryPoint\",\"urlTemplate\":\"https:\/\/rioonwatch.org.br\/?s={search_term_string}\"},\"query-input\":{\"@type\":\"PropertyValueSpecification\",\"valueRequired\":true,\"valueName\":\"search_term_string\"}}],\"inLanguage\":\"pt-BR\"},{\"@type\":\"Organization\",\"@id\":\"https:\/\/rioonwatch.org.br\/#organization\",\"name\":\"RioOnWatch\",\"url\":\"https:\/\/rioonwatch.org.br\/\",\"logo\":{\"@type\":\"ImageObject\",\"inLanguage\":\"pt-BR\",\"@id\":\"https:\/\/rioonwatch.org.br\/#\/schema\/logo\/image\/\",\"url\":\"https:\/\/rioonwatch.org.br\/wp-content\/uploads\/2021\/06\/RioOnWatchcabecalhoPT11anos-2.png\",\"contentUrl\":\"https:\/\/rioonwatch.org.br\/wp-content\/uploads\/2021\/06\/RioOnWatchcabecalhoPT11anos-2.png\",\"width\":779,\"height\":277,\"caption\":\"RioOnWatch\"},\"image\":{\"@id\":\"https:\/\/rioonwatch.org.br\/#\/schema\/logo\/image\/\"}},{\"@type\":\"Person\",\"@id\":\"https:\/\/rioonwatch.org.br\/#\/schema\/person\/11d64c290506f9df50c71b850c473f68\",\"name\":\"Admin\",\"image\":{\"@type\":\"ImageObject\",\"inLanguage\":\"pt-BR\",\"@id\":\"https:\/\/rioonwatch.org.br\/#\/schema\/person\/image\/\",\"url\":\"https:\/\/secure.gravatar.com\/avatar\/56211ac74568383903349a1485e3c325?s=96&d=blank&r=g\",\"contentUrl\":\"https:\/\/secure.gravatar.com\/avatar\/56211ac74568383903349a1485e3c325?s=96&d=blank&r=g\",\"caption\":\"Admin\"},\"url\":\"https:\/\/rioonwatch.org.br\/?author=129\"}]}<\/script>\n<!-- \/ Yoast SEO plugin. -->","yoast_head_json":{"title":"Reescrevendo o Futuro: Uma Entrevista com Neuza Nascimento - RioOnWatch","robots":{"index":"index","follow":"follow","max-snippet":"max-snippet:-1","max-image-preview":"max-image-preview:large","max-video-preview":"max-video-preview:-1"},"canonical":"https:\/\/rioonwatch.org.br\/?p=2117","og_locale":"pt_BR","og_type":"article","og_title":"Reescrevendo o Futuro: Uma Entrevista com Neuza Nascimento - RioOnWatch","og_description":"Click Here for English No m\u00eas de setembro de 2011 o Centro Integrado de Apoio \u00e0s Crian\u00e7as e Adolescentes da Comunidade (CIACAC) comemorou o seu 10 \u00ba anivers\u00e1rio. O CIACAC \u00e9 uma organiza\u00e7\u00e3o comunit\u00e1ria sediada [...]","og_url":"https:\/\/rioonwatch.org.br\/?p=2117","og_site_name":"RioOnWatch","article_published_time":"2011-09-26T18:18:03+00:00","article_modified_time":"2022-01-21T22:53:42+00:00","og_image":[{"width":300,"height":211,"url":"https:\/\/rioonwatch.org.br\/wp-content\/uploads\/2011\/09\/CIACAC.jpg","type":"image\/jpeg"}],"author":"Admin","twitter_card":"summary_large_image","twitter_misc":{"Escrito por":"Admin","Est. tempo de leitura":"10 minutos"},"schema":{"@context":"https:\/\/schema.org","@graph":[{"@type":"Article","@id":"https:\/\/rioonwatch.org.br\/?p=2117#article","isPartOf":{"@id":"https:\/\/rioonwatch.org.br\/?p=2117"},"author":{"name":"Admin","@id":"https:\/\/rioonwatch.org.br\/#\/schema\/person\/11d64c290506f9df50c71b850c473f68"},"headline":"Reescrevendo o Futuro: Uma Entrevista com Neuza Nascimento","datePublished":"2011-09-26T18:18:03+00:00","dateModified":"2022-01-21T22:53:42+00:00","mainEntityOfPage":{"@id":"https:\/\/rioonwatch.org.br\/?p=2117"},"wordCount":1775,"commentCount":0,"publisher":{"@id":"https:\/\/rioonwatch.org.br\/#organization"},"image":{"@id":"https:\/\/rioonwatch.org.br\/?p=2117#primaryimage"},"thumbnailUrl":"https:\/\/rioonwatch.org.br\/wp-content\/uploads\/2011\/09\/CIACAC.jpg","keywords":["juventude","organiza\u00e7\u00e3o comunit\u00e1ria","Parada de Lucas","Parque Jardim Beira Mar","solu\u00e7\u00e3o comunit\u00e1ria","Zona Norte"],"articleSection":["*Destaque","Entrevistas e Perfis","Escrito por Aliados","Formas de Apoiar","Qualidades da Favela","Sociedade Civil","Solu\u00e7\u00f5es"],"inLanguage":"pt-BR","potentialAction":[{"@type":"CommentAction","name":"Comment","target":["https:\/\/rioonwatch.org.br\/?p=2117#respond"]}]},{"@type":"WebPage","@id":"https:\/\/rioonwatch.org.br\/?p=2117","url":"https:\/\/rioonwatch.org.br\/?p=2117","name":"Reescrevendo o Futuro: Uma Entrevista com Neuza Nascimento - RioOnWatch","isPartOf":{"@id":"https:\/\/rioonwatch.org.br\/#website"},"primaryImageOfPage":{"@id":"https:\/\/rioonwatch.org.br\/?p=2117#primaryimage"},"image":{"@id":"https:\/\/rioonwatch.org.br\/?p=2117#primaryimage"},"thumbnailUrl":"https:\/\/rioonwatch.org.br\/wp-content\/uploads\/2011\/09\/CIACAC.jpg","datePublished":"2011-09-26T18:18:03+00:00","dateModified":"2022-01-21T22:53:42+00:00","breadcrumb":{"@id":"https:\/\/rioonwatch.org.br\/?p=2117#breadcrumb"},"inLanguage":"pt-BR","potentialAction":[{"@type":"ReadAction","target":["https:\/\/rioonwatch.org.br\/?p=2117"]}]},{"@type":"ImageObject","inLanguage":"pt-BR","@id":"https:\/\/rioonwatch.org.br\/?p=2117#primaryimage","url":"https:\/\/rioonwatch.org.br\/wp-content\/uploads\/2011\/09\/CIACAC.jpg","contentUrl":"https:\/\/rioonwatch.org.br\/wp-content\/uploads\/2011\/09\/CIACAC.jpg","width":300,"height":211},{"@type":"BreadcrumbList","@id":"https:\/\/rioonwatch.org.br\/?p=2117#breadcrumb","itemListElement":[{"@type":"ListItem","position":1,"name":"In\u00edcio","item":"https:\/\/rioonwatch.org.br\/"},{"@type":"ListItem","position":2,"name":"Reescrevendo o Futuro: Uma Entrevista com Neuza Nascimento"}]},{"@type":"WebSite","@id":"https:\/\/rioonwatch.org.br\/#website","url":"https:\/\/rioonwatch.org.br\/","name":"RioOnWatch","description":"relatos das favelas cariocas","publisher":{"@id":"https:\/\/rioonwatch.org.br\/#organization"},"potentialAction":[{"@type":"SearchAction","target":{"@type":"EntryPoint","urlTemplate":"https:\/\/rioonwatch.org.br\/?s={search_term_string}"},"query-input":{"@type":"PropertyValueSpecification","valueRequired":true,"valueName":"search_term_string"}}],"inLanguage":"pt-BR"},{"@type":"Organization","@id":"https:\/\/rioonwatch.org.br\/#organization","name":"RioOnWatch","url":"https:\/\/rioonwatch.org.br\/","logo":{"@type":"ImageObject","inLanguage":"pt-BR","@id":"https:\/\/rioonwatch.org.br\/#\/schema\/logo\/image\/","url":"https:\/\/rioonwatch.org.br\/wp-content\/uploads\/2021\/06\/RioOnWatchcabecalhoPT11anos-2.png","contentUrl":"https:\/\/rioonwatch.org.br\/wp-content\/uploads\/2021\/06\/RioOnWatchcabecalhoPT11anos-2.png","width":779,"height":277,"caption":"RioOnWatch"},"image":{"@id":"https:\/\/rioonwatch.org.br\/#\/schema\/logo\/image\/"}},{"@type":"Person","@id":"https:\/\/rioonwatch.org.br\/#\/schema\/person\/11d64c290506f9df50c71b850c473f68","name":"Admin","image":{"@type":"ImageObject","inLanguage":"pt-BR","@id":"https:\/\/rioonwatch.org.br\/#\/schema\/person\/image\/","url":"https:\/\/secure.gravatar.com\/avatar\/56211ac74568383903349a1485e3c325?s=96&d=blank&r=g","contentUrl":"https:\/\/secure.gravatar.com\/avatar\/56211ac74568383903349a1485e3c325?s=96&d=blank&r=g","caption":"Admin"},"url":"https:\/\/rioonwatch.org.br\/?author=129"}]}},"_links":{"self":[{"href":"https:\/\/rioonwatch.org.br\/index.php?rest_route=\/wp\/v2\/posts\/2117"}],"collection":[{"href":"https:\/\/rioonwatch.org.br\/index.php?rest_route=\/wp\/v2\/posts"}],"about":[{"href":"https:\/\/rioonwatch.org.br\/index.php?rest_route=\/wp\/v2\/types\/post"}],"author":[{"embeddable":true,"href":"https:\/\/rioonwatch.org.br\/index.php?rest_route=\/wp\/v2\/users\/129"}],"replies":[{"embeddable":true,"href":"https:\/\/rioonwatch.org.br\/index.php?rest_route=%2Fwp%2Fv2%2Fcomments&post=2117"}],"version-history":[{"count":44,"href":"https:\/\/rioonwatch.org.br\/index.php?rest_route=\/wp\/v2\/posts\/2117\/revisions"}],"predecessor-version":[{"id":60305,"href":"https:\/\/rioonwatch.org.br\/index.php?rest_route=\/wp\/v2\/posts\/2117\/revisions\/60305"}],"wp:featuredmedia":[{"embeddable":true,"href":"https:\/\/rioonwatch.org.br\/index.php?rest_route=\/wp\/v2\/media\/2148"}],"wp:attachment":[{"href":"https:\/\/rioonwatch.org.br\/index.php?rest_route=%2Fwp%2Fv2%2Fmedia&parent=2117"}],"wp:term":[{"taxonomy":"category","embeddable":true,"href":"https:\/\/rioonwatch.org.br\/index.php?rest_route=%2Fwp%2Fv2%2Fcategories&post=2117"},{"taxonomy":"post_tag","embeddable":true,"href":"https:\/\/rioonwatch.org.br\/index.php?rest_route=%2Fwp%2Fv2%2Ftags&post=2117"},{"taxonomy":"writer","embeddable":true,"href":"https:\/\/rioonwatch.org.br\/index.php?rest_route=%2Fwp%2Fv2%2Fwriter&post=2117"},{"taxonomy":"translator","embeddable":true,"href":"https:\/\/rioonwatch.org.br\/index.php?rest_route=%2Fwp%2Fv2%2Ftranslator&post=2117"},{"taxonomy":"source","embeddable":true,"href":"https:\/\/rioonwatch.org.br\/index.php?rest_route=%2Fwp%2Fv2%2Fsource&post=2117"},{"taxonomy":"ilustrador","embeddable":true,"href":"https:\/\/rioonwatch.org.br\/index.php?rest_route=%2Fwp%2Fv2%2Filustrador&post=2117"},{"taxonomy":"fotografo","embeddable":true,"href":"https:\/\/rioonwatch.org.br\/index.php?rest_route=%2Fwp%2Fv2%2Ffotografo&post=2117"}],"curies":[{"name":"wp","href":"https:\/\/api.w.org\/{rel}","templated":true}]}}