{"id":21207,"date":"2016-07-29T13:07:28","date_gmt":"2016-07-29T16:07:28","guid":{"rendered":"http:\/\/rioonwatch.org.br\/?p=21207"},"modified":"2016-07-29T13:20:31","modified_gmt":"2016-07-29T16:20:31","slug":"ocupacao-vito-giannotti-na-regiao-portuaria-ganha-direito-legal-de-permanencia","status":"publish","type":"post","link":"https:\/\/rioonwatch.org.br\/?p=21207","title":{"rendered":"Ocupa\u00e7\u00e3o Vito Giannotti na Regi\u00e3o Portu\u00e1ria Ganha Direito Legal de Perman\u00eancia"},"content":{"rendered":"<p style=\"text-align: right;\"><em><strong><a href=\"http:\/\/bit.ly\/2adAX6T\" target=\"_blank\">Click Here for English<img decoding=\"async\" width=\"20\" height=\"20\" class=\"alignright wp-image-15790\" src=\"http:\/\/rioonwatch.org.br\/wp-content\/uploads\/2012\/08\/EN-standard-e1439583104716.jpg\" alt=\"\" \/><\/a><\/strong><\/em><\/p>\n<p>No dia 27 de julho, <a href=\"http:\/\/bit.ly\/1WxRsfN\" target=\"_blank\">mais de seis meses<\/a> ap\u00f3s a ocupa\u00e7\u00e3o do hotel abandonado pelo INSS no Santo Cristo, na\u00a0<a href=\"http:\/\/bit.ly\/1cVBDvL\" target=\"_blank\">Regi\u00e3o Portu\u00e1ria<\/a> do Rio, a ocupa\u00e7\u00e3o Vito Giannotti conquistou uma grande vit\u00f3ria na justi\u00e7a. Moradores, l\u00edderes de movimentos sociais e apoiadores aguardaram do lado de fora do 2o Tribunal Federal Regional aguardando\u00a0ansiosamente o resultado\u00a0do julgamento que verificava se o <a href=\"http:\/\/bit.ly\/1OoXnic\" target=\"_blank\">INSS<\/a>\u00a0iria manter a propriedade do edif\u00edcio. Quando souberam que a decis\u00e3o foi revogada, autorizando a perman\u00eancia dos ocupantes, todos festejaram.<\/p>\n<p><a href=\"http:\/\/bit.ly\/22hVtrs\" target=\"_blank\">O julgamento decorreu de um recurso<\/a>, pois o veredito original foi dado por um juiz que determinou que o INSS deveria manter a propriedade do edif\u00edcio e os ocupantes deveriam ser for\u00e7ados a deixar o local. No entanto, os ocupantes e os seus apoiadores apresentaram um recurso, alegando que a decis\u00e3o original foi feita \u00e0s pressas e sem um entendimento completo da situa\u00e7\u00e3o.<\/p>\n<p>Moradores e apoiadores se reuniram em frente ao edif\u00edcio no <a href=\"http:\/\/bit.ly\/1qX7nZG\" target=\"_blank\">Centro<\/a>, distribuindo panfletos e usando um alto-falante para informar a situa\u00e7\u00e3o aos transeuntes. Muitos dos oradores discursavam sobre a prioridade dada aos ricos e turistas quando se trata da reurbaniza\u00e7\u00e3o da cidade, principalmente na <a href=\"http:\/\/bit.ly\/1cVBDvL\" target=\"_blank\">regi\u00e3o portu\u00e1ria<\/a>.<\/p>\n<p><a href=\"http:\/\/rioonwatch.org.br\/wp-content\/uploads\/2016\/07\/IMG_4813.jpg\"><img fetchpriority=\"high\" decoding=\"async\" class=\"aligncenter wp-image-21213 size-content\" title=\" Ocupa\u00e7\u00e3o Vito Giannotti no Centro\" src=\"http:\/\/rioonwatch.org.br\/wp-content\/uploads\/2016\/07\/IMG_4813-620x264.jpg\" alt=\"IMG_4813\" width=\"620\" height=\"264\" srcset=\"https:\/\/rioonwatch.org.br\/wp-content\/uploads\/2016\/07\/IMG_4813-620x264.jpg 620w, https:\/\/rioonwatch.org.br\/wp-content\/uploads\/2016\/07\/IMG_4813-940x400.jpg 940w\" sizes=\"(max-width: 620px) 100vw, 620px\" \/><\/a><\/p>\n<p>&#8220;Por isso que esse pr\u00e9dio est\u00e1 ocupado, para garantir um futuro melhor para essas fam\u00edlias&#8221;,\u00a0explicou um dos futuros moradores do edif\u00edcio \u00e0s pessoas que passavam por ali. &#8220;A cidade maravilhosa \u00e9 para turista ver, n\u00e3o maravilhosa para o povo&#8221;.<\/p>\n<p>Os tr\u00eas ju\u00edzes que revogaram a decis\u00e3o anterior por unanimidade foram favor\u00e1veis \u00e0 ocupa\u00e7\u00e3o. Com esta not\u00edcia, a ocupa\u00e7\u00e3o n\u00e3o tem a propriedade oficial, mas tem autoriza\u00e7\u00e3o para permanecer no pr\u00e9dio neste momento. A ocupa\u00e7\u00e3o vai <a href=\"http:\/\/bit.ly\/1RLkbJR\" target=\"_blank\">continuar trabalhando<\/a> em reformas para transformar o espa\u00e7o em <a href=\"http:\/\/bit.ly\/1WEkeyX\" target=\"_blank\">unidades de habita\u00e7\u00e3o a pre\u00e7os acess\u00edveis<\/a>.<\/p>\n<p>Os porta-vozes da ocupa\u00e7\u00e3o ficaram extremamente felizes com a not\u00edcia, pois o ocorrido poder\u00e1 criar um precedente para\u00a0outras ocupa\u00e7\u00f5es futuras.<\/p>\n<p>&#8220;Para al\u00e9m da luta da Vito, a situa\u00e7\u00e3o desse processo pode servir tamb\u00e9m para outros casos, n\u00e3o s\u00f3 no Rio, mas em qualquer outro lugar&#8221;,\u00a0disse Marcelo Edmundo do <a href=\"http:\/\/bit.ly\/2aOiEG6\" target=\"_blank\">Central de Movimentos Populares (CMP)<\/a>, um forte apoiador da ocupa\u00e7\u00e3o e ativo defensor do direito \u00e0 moradia.<\/p>\n<p><a href=\"http:\/\/rioonwatch.org.br\/wp-content\/uploads\/2016\/07\/IMG_4808.jpg\"><img decoding=\"async\" class=\"aligncenter wp-image-21214 size-content\" title=\"Ocupantes e apoiadores da Vito Giannotti no Centro\" src=\"http:\/\/rioonwatch.org.br\/wp-content\/uploads\/2016\/07\/IMG_4808-620x264.jpg\" alt=\"IMG_4808\" width=\"620\" height=\"264\" srcset=\"https:\/\/rioonwatch.org.br\/wp-content\/uploads\/2016\/07\/IMG_4808-620x264.jpg 620w, https:\/\/rioonwatch.org.br\/wp-content\/uploads\/2016\/07\/IMG_4808-940x400.jpg 940w\" sizes=\"(max-width: 620px) 100vw, 620px\" \/><\/a><\/p>\n<p>&#8220;Essa decis\u00e3o foi un\u00e2nime, isso significa que todos os atores foram a favor da moradia. Isso pode ser usado para todas as ocupa\u00e7\u00f5es que t\u00eam o mesmo direito. Isso significa que a Vito \u00e9 vitoriosa em v\u00e1rios sentidos&#8221;,\u00a0disse o advogado de defesa que representou a ocupa\u00e7\u00e3o no tribunal.<\/p>\n<p>Ainda assim, o objetivo final \u00e9 que a propriedade do edif\u00edcio seja transferida para uma entidade governamental que auxiliar\u00e1 na sua transforma\u00e7\u00e3o em habita\u00e7\u00e3o social atrav\u00e9s do programa <a href=\"http:\/\/bit.ly\/1xV2uDB\" target=\"_blank\">Minha Casa Minha Vida-Entidades<\/a>, o que tornar\u00e1 poss\u00edvel a ocupa\u00e7\u00e3o solicitar fundos para reformar o pr\u00e9dio.<\/p>\n<p>Embora animados com a vit\u00f3ria, os ocupantes e apoiadores est\u00e3o conscientes do trabalho que ainda t\u00eam pela frente.<\/p>\n<p>&#8220;N\u00f3s vamos seguir em frente porque n\u00f3s ainda temos muita luta a fazer&#8221;,\u00a0disse Juliete Pantoja, uma apoiadora da ocupa\u00e7\u00e3o e tamb\u00e9m do CMP.<\/p>\n<p>P\u00e2mela Sall, da equipe de comunica\u00e7\u00e3o da ocupa\u00e7\u00e3o informou, &#8220;a decis\u00e3o de hoje garante que n\u00e3o seremos expulsos nos pr\u00f3ximos dias. O que nos d\u00e1 um f\u00f4lego a mais para continuarmos&#8221;.<\/p>\n<!-- AddThis Advanced Settings generic via filter on the_content --><!-- AddThis Share Buttons generic via filter on the_content -->","protected":false},"excerpt":{"rendered":"<div class=\"mh-excerpt\"><p>Click Here for English No dia 27 de julho, mais de seis meses ap\u00f3s a ocupa\u00e7\u00e3o do hotel abandonado pelo INSS no Santo Cristo, na\u00a0Regi\u00e3o Portu\u00e1ria do Rio, a ocupa\u00e7\u00e3o Vito Giannotti conquistou uma grande <a class=\"mh-excerpt-more\" href=\"https:\/\/rioonwatch.org.br\/?p=21207\" title=\"Ocupa\u00e7\u00e3o Vito Giannotti na Regi\u00e3o Portu\u00e1ria Ganha Direito Legal de Perman\u00eancia\">[&#8230;]<\/a><!-- AddThis Advanced Settings generic via filter on get_the_excerpt --><!-- AddThis Share Buttons generic via filter on get_the_excerpt --><\/p>\n<\/div>","protected":false},"author":129,"featured_media":21211,"comment_status":"closed","ping_status":"closed","sticky":false,"template":"","format":"standard","meta":{"_acf_changed":false,"_monsterinsights_skip_tracking":false,"_monsterinsights_sitenote_active":false,"_monsterinsights_sitenote_note":"","_monsterinsights_sitenote_category":0,"footnotes":""},"categories":[1614,1626,1612,342],"tags":[259,1769,424,909,988,1037,797,407,1774,494],"writer":[1667],"translator":[1908],"source":[],"ilustrador":[],"fotografo":[],"class_list":{"0":"post-21207","1":"post","2":"type-post","3":"status-publish","4":"format-standard","5":"has-post-thumbnail","7":"category-olhonasremocoes","8":"category-por-observadores-internacionais","9":"category-sociedade-civil","10":"category-solucoes","11":"tag-centro","12":"tag-cmp","13":"tag-direito-a-moradia","14":"tag-habitacao-acessivel","15":"tag-minha-casa-minha-vida-entidades","16":"tag-moradia","17":"tag-movimentos-sociais","18":"tag-ocupacao","19":"tag-ocupacao-vito-gianotti","20":"tag-regiao-do-porto","21":"writer-david-robertson","22":"translator-luciana-frias"},"acf":[],"yoast_head":"<!-- This site is optimized with the Yoast SEO plugin v25.6 - https:\/\/yoast.com\/wordpress\/plugins\/seo\/ -->\n<title>Ocupa\u00e7\u00e3o Vito Giannotti na Regi\u00e3o Portu\u00e1ria Ganha Direito Legal de Perman\u00eancia - RioOnWatch<\/title>\n<meta name=\"robots\" content=\"index, follow, max-snippet:-1, max-image-preview:large, max-video-preview:-1\" \/>\n<link rel=\"canonical\" href=\"https:\/\/rioonwatch.org.br\/?p=21207\" \/>\n<meta property=\"og:locale\" content=\"pt_BR\" \/>\n<meta property=\"og:type\" content=\"article\" \/>\n<meta property=\"og:title\" content=\"Ocupa\u00e7\u00e3o Vito Giannotti na Regi\u00e3o Portu\u00e1ria Ganha Direito Legal de Perman\u00eancia - RioOnWatch\" \/>\n<meta property=\"og:description\" content=\"Click Here for English No dia 27 de julho, mais de seis meses ap\u00f3s a ocupa\u00e7\u00e3o do hotel abandonado pelo INSS no Santo Cristo, na\u00a0Regi\u00e3o Portu\u00e1ria do Rio, a ocupa\u00e7\u00e3o Vito Giannotti conquistou uma grande [...]\" \/>\n<meta property=\"og:url\" content=\"https:\/\/rioonwatch.org.br\/?p=21207\" \/>\n<meta property=\"og:site_name\" content=\"RioOnWatch\" \/>\n<meta property=\"article:published_time\" content=\"2016-07-29T16:07:28+00:00\" \/>\n<meta property=\"article:modified_time\" content=\"2016-07-29T16:20:31+00:00\" \/>\n<meta property=\"og:image\" content=\"https:\/\/rioonwatch.org.br\/wp-content\/uploads\/2016\/07\/IMG_4831.jpg\" \/>\n\t<meta property=\"og:image:width\" content=\"2200\" \/>\n\t<meta property=\"og:image:height\" content=\"1650\" \/>\n\t<meta property=\"og:image:type\" content=\"image\/jpeg\" \/>\n<meta name=\"author\" content=\"Admin\" \/>\n<meta name=\"twitter:card\" content=\"summary_large_image\" \/>\n<meta name=\"twitter:label1\" content=\"Escrito por\" \/>\n\t<meta name=\"twitter:data1\" content=\"Admin\" \/>\n\t<meta name=\"twitter:label2\" content=\"Est. tempo de leitura\" \/>\n\t<meta name=\"twitter:data2\" content=\"3 minutos\" \/>\n<script type=\"application\/ld+json\" class=\"yoast-schema-graph\">{\"@context\":\"https:\/\/schema.org\",\"@graph\":[{\"@type\":\"Article\",\"@id\":\"https:\/\/rioonwatch.org.br\/?p=21207#article\",\"isPartOf\":{\"@id\":\"https:\/\/rioonwatch.org.br\/?p=21207\"},\"author\":{\"name\":\"Admin\",\"@id\":\"https:\/\/rioonwatch.org.br\/#\/schema\/person\/11d64c290506f9df50c71b850c473f68\"},\"headline\":\"Ocupa\u00e7\u00e3o Vito Giannotti na Regi\u00e3o Portu\u00e1ria Ganha Direito Legal de Perman\u00eancia\",\"datePublished\":\"2016-07-29T16:07:28+00:00\",\"dateModified\":\"2016-07-29T16:20:31+00:00\",\"mainEntityOfPage\":{\"@id\":\"https:\/\/rioonwatch.org.br\/?p=21207\"},\"wordCount\":603,\"publisher\":{\"@id\":\"https:\/\/rioonwatch.org.br\/#organization\"},\"image\":{\"@id\":\"https:\/\/rioonwatch.org.br\/?p=21207#primaryimage\"},\"thumbnailUrl\":\"https:\/\/rioonwatch.org.br\/wp-content\/uploads\/2016\/07\/IMG_4831.jpg\",\"keywords\":[\"Centro\",\"CMP\",\"Direito \u00e0 Moradia\",\"habita\u00e7\u00e3o acess\u00edvel\",\"Minha Casa Minha Vida-Entidades\",\"moradia\",\"movimentos sociais\",\"Ocupa\u00e7\u00e3o\",\"Ocupa\u00e7\u00e3o Vito Giannotti\",\"Regi\u00e3o do Porto\"],\"articleSection\":[\"#OlhoNasRemo\u00e7\u00f5es\",\"Escrito por Aliados\",\"Sociedade Civil\",\"Solu\u00e7\u00f5es\"],\"inLanguage\":\"pt-BR\"},{\"@type\":\"WebPage\",\"@id\":\"https:\/\/rioonwatch.org.br\/?p=21207\",\"url\":\"https:\/\/rioonwatch.org.br\/?p=21207\",\"name\":\"Ocupa\u00e7\u00e3o Vito Giannotti na Regi\u00e3o Portu\u00e1ria Ganha Direito Legal de Perman\u00eancia - RioOnWatch\",\"isPartOf\":{\"@id\":\"https:\/\/rioonwatch.org.br\/#website\"},\"primaryImageOfPage\":{\"@id\":\"https:\/\/rioonwatch.org.br\/?p=21207#primaryimage\"},\"image\":{\"@id\":\"https:\/\/rioonwatch.org.br\/?p=21207#primaryimage\"},\"thumbnailUrl\":\"https:\/\/rioonwatch.org.br\/wp-content\/uploads\/2016\/07\/IMG_4831.jpg\",\"datePublished\":\"2016-07-29T16:07:28+00:00\",\"dateModified\":\"2016-07-29T16:20:31+00:00\",\"breadcrumb\":{\"@id\":\"https:\/\/rioonwatch.org.br\/?p=21207#breadcrumb\"},\"inLanguage\":\"pt-BR\",\"potentialAction\":[{\"@type\":\"ReadAction\",\"target\":[\"https:\/\/rioonwatch.org.br\/?p=21207\"]}]},{\"@type\":\"ImageObject\",\"inLanguage\":\"pt-BR\",\"@id\":\"https:\/\/rioonwatch.org.br\/?p=21207#primaryimage\",\"url\":\"https:\/\/rioonwatch.org.br\/wp-content\/uploads\/2016\/07\/IMG_4831.jpg\",\"contentUrl\":\"https:\/\/rioonwatch.org.br\/wp-content\/uploads\/2016\/07\/IMG_4831.jpg\",\"width\":2200,\"height\":1650},{\"@type\":\"BreadcrumbList\",\"@id\":\"https:\/\/rioonwatch.org.br\/?p=21207#breadcrumb\",\"itemListElement\":[{\"@type\":\"ListItem\",\"position\":1,\"name\":\"In\u00edcio\",\"item\":\"https:\/\/rioonwatch.org.br\/\"},{\"@type\":\"ListItem\",\"position\":2,\"name\":\"Ocupa\u00e7\u00e3o Vito Giannotti na Regi\u00e3o Portu\u00e1ria Ganha Direito Legal de Perman\u00eancia\"}]},{\"@type\":\"WebSite\",\"@id\":\"https:\/\/rioonwatch.org.br\/#website\",\"url\":\"https:\/\/rioonwatch.org.br\/\",\"name\":\"RioOnWatch\",\"description\":\"relatos das favelas cariocas\",\"publisher\":{\"@id\":\"https:\/\/rioonwatch.org.br\/#organization\"},\"potentialAction\":[{\"@type\":\"SearchAction\",\"target\":{\"@type\":\"EntryPoint\",\"urlTemplate\":\"https:\/\/rioonwatch.org.br\/?s={search_term_string}\"},\"query-input\":{\"@type\":\"PropertyValueSpecification\",\"valueRequired\":true,\"valueName\":\"search_term_string\"}}],\"inLanguage\":\"pt-BR\"},{\"@type\":\"Organization\",\"@id\":\"https:\/\/rioonwatch.org.br\/#organization\",\"name\":\"RioOnWatch\",\"url\":\"https:\/\/rioonwatch.org.br\/\",\"logo\":{\"@type\":\"ImageObject\",\"inLanguage\":\"pt-BR\",\"@id\":\"https:\/\/rioonwatch.org.br\/#\/schema\/logo\/image\/\",\"url\":\"https:\/\/rioonwatch.org.br\/wp-content\/uploads\/2021\/06\/RioOnWatchcabecalhoPT11anos-2.png\",\"contentUrl\":\"https:\/\/rioonwatch.org.br\/wp-content\/uploads\/2021\/06\/RioOnWatchcabecalhoPT11anos-2.png\",\"width\":779,\"height\":277,\"caption\":\"RioOnWatch\"},\"image\":{\"@id\":\"https:\/\/rioonwatch.org.br\/#\/schema\/logo\/image\/\"}},{\"@type\":\"Person\",\"@id\":\"https:\/\/rioonwatch.org.br\/#\/schema\/person\/11d64c290506f9df50c71b850c473f68\",\"name\":\"Admin\",\"image\":{\"@type\":\"ImageObject\",\"inLanguage\":\"pt-BR\",\"@id\":\"https:\/\/rioonwatch.org.br\/#\/schema\/person\/image\/\",\"url\":\"https:\/\/secure.gravatar.com\/avatar\/56211ac74568383903349a1485e3c325?s=96&d=blank&r=g\",\"contentUrl\":\"https:\/\/secure.gravatar.com\/avatar\/56211ac74568383903349a1485e3c325?s=96&d=blank&r=g\",\"caption\":\"Admin\"},\"url\":\"https:\/\/rioonwatch.org.br\/?author=129\"}]}<\/script>\n<!-- \/ Yoast SEO plugin. -->","yoast_head_json":{"title":"Ocupa\u00e7\u00e3o Vito Giannotti na Regi\u00e3o Portu\u00e1ria Ganha Direito Legal de Perman\u00eancia - RioOnWatch","robots":{"index":"index","follow":"follow","max-snippet":"max-snippet:-1","max-image-preview":"max-image-preview:large","max-video-preview":"max-video-preview:-1"},"canonical":"https:\/\/rioonwatch.org.br\/?p=21207","og_locale":"pt_BR","og_type":"article","og_title":"Ocupa\u00e7\u00e3o Vito Giannotti na Regi\u00e3o Portu\u00e1ria Ganha Direito Legal de Perman\u00eancia - RioOnWatch","og_description":"Click Here for English No dia 27 de julho, mais de seis meses ap\u00f3s a ocupa\u00e7\u00e3o do hotel abandonado pelo INSS no Santo Cristo, na\u00a0Regi\u00e3o Portu\u00e1ria do Rio, a ocupa\u00e7\u00e3o Vito Giannotti conquistou uma grande [...]","og_url":"https:\/\/rioonwatch.org.br\/?p=21207","og_site_name":"RioOnWatch","article_published_time":"2016-07-29T16:07:28+00:00","article_modified_time":"2016-07-29T16:20:31+00:00","og_image":[{"width":2200,"height":1650,"url":"https:\/\/rioonwatch.org.br\/wp-content\/uploads\/2016\/07\/IMG_4831.jpg","type":"image\/jpeg"}],"author":"Admin","twitter_card":"summary_large_image","twitter_misc":{"Escrito por":"Admin","Est. tempo de leitura":"3 minutos"},"schema":{"@context":"https:\/\/schema.org","@graph":[{"@type":"Article","@id":"https:\/\/rioonwatch.org.br\/?p=21207#article","isPartOf":{"@id":"https:\/\/rioonwatch.org.br\/?p=21207"},"author":{"name":"Admin","@id":"https:\/\/rioonwatch.org.br\/#\/schema\/person\/11d64c290506f9df50c71b850c473f68"},"headline":"Ocupa\u00e7\u00e3o Vito Giannotti na Regi\u00e3o Portu\u00e1ria Ganha Direito Legal de Perman\u00eancia","datePublished":"2016-07-29T16:07:28+00:00","dateModified":"2016-07-29T16:20:31+00:00","mainEntityOfPage":{"@id":"https:\/\/rioonwatch.org.br\/?p=21207"},"wordCount":603,"publisher":{"@id":"https:\/\/rioonwatch.org.br\/#organization"},"image":{"@id":"https:\/\/rioonwatch.org.br\/?p=21207#primaryimage"},"thumbnailUrl":"https:\/\/rioonwatch.org.br\/wp-content\/uploads\/2016\/07\/IMG_4831.jpg","keywords":["Centro","CMP","Direito \u00e0 Moradia","habita\u00e7\u00e3o acess\u00edvel","Minha Casa Minha Vida-Entidades","moradia","movimentos sociais","Ocupa\u00e7\u00e3o","Ocupa\u00e7\u00e3o Vito Giannotti","Regi\u00e3o do Porto"],"articleSection":["#OlhoNasRemo\u00e7\u00f5es","Escrito por Aliados","Sociedade Civil","Solu\u00e7\u00f5es"],"inLanguage":"pt-BR"},{"@type":"WebPage","@id":"https:\/\/rioonwatch.org.br\/?p=21207","url":"https:\/\/rioonwatch.org.br\/?p=21207","name":"Ocupa\u00e7\u00e3o Vito Giannotti na Regi\u00e3o Portu\u00e1ria Ganha Direito Legal de Perman\u00eancia - RioOnWatch","isPartOf":{"@id":"https:\/\/rioonwatch.org.br\/#website"},"primaryImageOfPage":{"@id":"https:\/\/rioonwatch.org.br\/?p=21207#primaryimage"},"image":{"@id":"https:\/\/rioonwatch.org.br\/?p=21207#primaryimage"},"thumbnailUrl":"https:\/\/rioonwatch.org.br\/wp-content\/uploads\/2016\/07\/IMG_4831.jpg","datePublished":"2016-07-29T16:07:28+00:00","dateModified":"2016-07-29T16:20:31+00:00","breadcrumb":{"@id":"https:\/\/rioonwatch.org.br\/?p=21207#breadcrumb"},"inLanguage":"pt-BR","potentialAction":[{"@type":"ReadAction","target":["https:\/\/rioonwatch.org.br\/?p=21207"]}]},{"@type":"ImageObject","inLanguage":"pt-BR","@id":"https:\/\/rioonwatch.org.br\/?p=21207#primaryimage","url":"https:\/\/rioonwatch.org.br\/wp-content\/uploads\/2016\/07\/IMG_4831.jpg","contentUrl":"https:\/\/rioonwatch.org.br\/wp-content\/uploads\/2016\/07\/IMG_4831.jpg","width":2200,"height":1650},{"@type":"BreadcrumbList","@id":"https:\/\/rioonwatch.org.br\/?p=21207#breadcrumb","itemListElement":[{"@type":"ListItem","position":1,"name":"In\u00edcio","item":"https:\/\/rioonwatch.org.br\/"},{"@type":"ListItem","position":2,"name":"Ocupa\u00e7\u00e3o Vito Giannotti na Regi\u00e3o Portu\u00e1ria Ganha Direito Legal de Perman\u00eancia"}]},{"@type":"WebSite","@id":"https:\/\/rioonwatch.org.br\/#website","url":"https:\/\/rioonwatch.org.br\/","name":"RioOnWatch","description":"relatos das favelas cariocas","publisher":{"@id":"https:\/\/rioonwatch.org.br\/#organization"},"potentialAction":[{"@type":"SearchAction","target":{"@type":"EntryPoint","urlTemplate":"https:\/\/rioonwatch.org.br\/?s={search_term_string}"},"query-input":{"@type":"PropertyValueSpecification","valueRequired":true,"valueName":"search_term_string"}}],"inLanguage":"pt-BR"},{"@type":"Organization","@id":"https:\/\/rioonwatch.org.br\/#organization","name":"RioOnWatch","url":"https:\/\/rioonwatch.org.br\/","logo":{"@type":"ImageObject","inLanguage":"pt-BR","@id":"https:\/\/rioonwatch.org.br\/#\/schema\/logo\/image\/","url":"https:\/\/rioonwatch.org.br\/wp-content\/uploads\/2021\/06\/RioOnWatchcabecalhoPT11anos-2.png","contentUrl":"https:\/\/rioonwatch.org.br\/wp-content\/uploads\/2021\/06\/RioOnWatchcabecalhoPT11anos-2.png","width":779,"height":277,"caption":"RioOnWatch"},"image":{"@id":"https:\/\/rioonwatch.org.br\/#\/schema\/logo\/image\/"}},{"@type":"Person","@id":"https:\/\/rioonwatch.org.br\/#\/schema\/person\/11d64c290506f9df50c71b850c473f68","name":"Admin","image":{"@type":"ImageObject","inLanguage":"pt-BR","@id":"https:\/\/rioonwatch.org.br\/#\/schema\/person\/image\/","url":"https:\/\/secure.gravatar.com\/avatar\/56211ac74568383903349a1485e3c325?s=96&d=blank&r=g","contentUrl":"https:\/\/secure.gravatar.com\/avatar\/56211ac74568383903349a1485e3c325?s=96&d=blank&r=g","caption":"Admin"},"url":"https:\/\/rioonwatch.org.br\/?author=129"}]}},"_links":{"self":[{"href":"https:\/\/rioonwatch.org.br\/index.php?rest_route=\/wp\/v2\/posts\/21207"}],"collection":[{"href":"https:\/\/rioonwatch.org.br\/index.php?rest_route=\/wp\/v2\/posts"}],"about":[{"href":"https:\/\/rioonwatch.org.br\/index.php?rest_route=\/wp\/v2\/types\/post"}],"author":[{"embeddable":true,"href":"https:\/\/rioonwatch.org.br\/index.php?rest_route=\/wp\/v2\/users\/129"}],"replies":[{"embeddable":true,"href":"https:\/\/rioonwatch.org.br\/index.php?rest_route=%2Fwp%2Fv2%2Fcomments&post=21207"}],"version-history":[{"count":11,"href":"https:\/\/rioonwatch.org.br\/index.php?rest_route=\/wp\/v2\/posts\/21207\/revisions"}],"predecessor-version":[{"id":21223,"href":"https:\/\/rioonwatch.org.br\/index.php?rest_route=\/wp\/v2\/posts\/21207\/revisions\/21223"}],"wp:featuredmedia":[{"embeddable":true,"href":"https:\/\/rioonwatch.org.br\/index.php?rest_route=\/wp\/v2\/media\/21211"}],"wp:attachment":[{"href":"https:\/\/rioonwatch.org.br\/index.php?rest_route=%2Fwp%2Fv2%2Fmedia&parent=21207"}],"wp:term":[{"taxonomy":"category","embeddable":true,"href":"https:\/\/rioonwatch.org.br\/index.php?rest_route=%2Fwp%2Fv2%2Fcategories&post=21207"},{"taxonomy":"post_tag","embeddable":true,"href":"https:\/\/rioonwatch.org.br\/index.php?rest_route=%2Fwp%2Fv2%2Ftags&post=21207"},{"taxonomy":"writer","embeddable":true,"href":"https:\/\/rioonwatch.org.br\/index.php?rest_route=%2Fwp%2Fv2%2Fwriter&post=21207"},{"taxonomy":"translator","embeddable":true,"href":"https:\/\/rioonwatch.org.br\/index.php?rest_route=%2Fwp%2Fv2%2Ftranslator&post=21207"},{"taxonomy":"source","embeddable":true,"href":"https:\/\/rioonwatch.org.br\/index.php?rest_route=%2Fwp%2Fv2%2Fsource&post=21207"},{"taxonomy":"ilustrador","embeddable":true,"href":"https:\/\/rioonwatch.org.br\/index.php?rest_route=%2Fwp%2Fv2%2Filustrador&post=21207"},{"taxonomy":"fotografo","embeddable":true,"href":"https:\/\/rioonwatch.org.br\/index.php?rest_route=%2Fwp%2Fv2%2Ffotografo&post=21207"}],"curies":[{"name":"wp","href":"https:\/\/api.w.org\/{rel}","templated":true}]}}