{"id":21290,"date":"2016-08-02T07:00:51","date_gmt":"2016-08-02T10:00:51","guid":{"rendered":"http:\/\/rioonwatch.org.br\/?p=21290"},"modified":"2024-06-20T16:26:40","modified_gmt":"2024-06-20T19:26:40","slug":"protestos-anti-olimpiadas-no-rio-na-vespera-dos-jogos-da-exclusao","status":"publish","type":"post","link":"https:\/\/rioonwatch.org.br\/?p=21290","title":{"rendered":"Protestos Anti-Olimp\u00edadas no Rio na V\u00e9spera dos &#8220;Jogos da Exclus\u00e3o&#8221;"},"content":{"rendered":"<p style=\"text-align: right;\"><em><strong><a href=\"http:\/\/bit.ly\/2aCn3il\" target=\"_blank\" rel=\"noopener\">Click Here for English<img decoding=\"async\" width=\"20\" height=\"20\" class=\"alignright wp-image-15790\" src=\"http:\/\/rioonwatch.org.br\/wp-content\/uploads\/2012\/08\/EN-standard-e1439583104716.jpg\" alt=\"\" \/><\/a><\/strong><\/em><\/p>\n<p>Ao longo da semana, uma s\u00e9rie de eventos protestando as\u00a0Olimp\u00edadas est\u00e3o ocorrendo\u00a0no Rio, culminando em uma grande manifesta\u00e7\u00e3o antes\u00a0da cerim\u00f4nia de abertura, no dia 5, sexta-feira. Sob o lema \u201c<a href=\"http:\/\/bit.ly\/29suWmB\" target=\"_blank\" rel=\"noopener\">Jogos da Exclus\u00e3o<\/a>\u201d, v\u00e1rios movimentos sociais e coletivos t\u00eam se reunido para organizar uma s\u00e9rie de eventos que destacam os problemas com a realiza\u00e7\u00e3o das <a href=\"http:\/\/bit.ly\/PkLXlQ\" target=\"_blank\" rel=\"noopener\">Olimp\u00edadas<\/a> na cidade.<\/p>\n<p>H\u00e1 muitos motivos para os moradores do Rio protestarem contra as Olimp\u00edadas. O projeto urban\u00edstico do <a href=\"http:\/\/bit.ly\/1k4eA6c\" target=\"_blank\" rel=\"noopener\">Prefeito Eduardo Paes<\/a>\u00a0mudou a cidade tornando-a mais\u00a0<a href=\"http:\/\/bit.ly\/1owRf9p\" target=\"_blank\" rel=\"noopener\">desigual<\/a>, <a href=\"http:\/\/bit.ly\/1hvVsxW\" target=\"_blank\" rel=\"noopener\">segregada<\/a> e <a href=\"http:\/\/bit.ly\/1Y4mr4h\" target=\"_blank\" rel=\"noopener\">dividida<\/a>. Em nome dos jogos mais de <a href=\"http:\/\/bit.ly\/1TCUopn\" target=\"_blank\" rel=\"noopener\">77 mil moradores de favela foram removidos<\/a> de suas casas e outros\u00a0moradores, tanto das favelas como da cidade formal, foram for\u00e7ados a sair de suas resid\u00eancias por causa do processo de <a href=\"http:\/\/bit.ly\/184FqS4\" target=\"_blank\" rel=\"noopener\">gentrifica\u00e7\u00e3o<\/a>. Cerca de<a href=\"http:\/\/bit.ly\/2amKuJE\" target=\"_blank\" rel=\"noopener\"> 2.500 cidad\u00e3os foram mortos pela pol\u00edcia na cidade<\/a>, desde que o Rio foi selecionado para\u00a0sediar os jogos em 2009. Todos os planos, considerados grandiosos, de <a href=\"http:\/\/bit.ly\/25y5Vx4\" target=\"_blank\" rel=\"noopener\">legados ambientais<\/a>, incluindo a limpeza dos canais da cidade, foram <a href=\"http:\/\/bit.ly\/1UDnMOQ\" target=\"_blank\" rel=\"noopener\">desfeitos<\/a>. Al\u00e9m de n\u00e3o ajudar o meio ambiente, os jogos ajudaram a danificar ainda mais a natureza, o <a href=\"http:\/\/bit.ly\/18ZZtHE\" target=\"_blank\" rel=\"noopener\">campo de golfe constru\u00eddo na Reserva\u00a0Municipal Marapendi<\/a>\u00a0sendo um exemplo desse preju\u00edzo ao meio ambiente.<\/p>\n<p>Apesar das alega\u00e7\u00f5es de que os Jogos Ol\u00edmpicos s\u00e3o para todos, <a href=\"http:\/\/bit.ly\/1FV75Ko\" target=\"_blank\" rel=\"noopener\">v\u00e1rias instala\u00e7\u00f5es desportivas comunit\u00e1rias da cidade foram fechadas<\/a> e foram substitu\u00eddas por instala\u00e7\u00f5es para a elite, excluindo a popula\u00e7\u00e3o local. A popula\u00e7\u00e3o ind\u00edgena da <a href=\"http:\/\/bit.ly\/15BSkDc\" target=\"_blank\" rel=\"noopener\">Aldeia Maracan\u00e3<\/a> foi <a href=\"http:\/\/bit.ly\/24XBovR\" target=\"_blank\" rel=\"noopener\">expulsa do seu museu<\/a> perto do <a href=\"http:\/\/bit.ly\/1nid1lU\" target=\"_blank\" rel=\"noopener\">est\u00e1dio do Maracan\u00e3<\/a> antes da <a href=\"http:\/\/bit.ly\/WfaiMR\" target=\"_blank\" rel=\"noopener\">Copa do Mundo<\/a>, e ainda n\u00e3o ouviram qualquer not\u00edcia sobre o museu que foi prometido pelo Comit\u00ea Ol\u00edmpico Brasileiro. A n\u00edvel nacional as Olimp\u00edadas ser\u00e3o lan\u00e7adas\u00a0por uma pessoa que <a href=\"http:\/\/bit.ly\/2asINMB\" target=\"_blank\" rel=\"noopener\">muitos veem como l\u00edder de um golpe<\/a> contra a presidente eleita democraticamente, Dilma Rousseff, que estar\u00e1 ausente dos Jogos Ol\u00edmpicos.<\/p>\n<figure id=\"attachment_21293\" aria-describedby=\"caption-attachment-21293\" style=\"width: 620px\" class=\"wp-caption aligncenter\"><a href=\"http:\/\/rioonwatch.org.br\/wp-content\/uploads\/2016\/08\/13716158_362316253891956_6102037249164530047_n.png\"><img fetchpriority=\"high\" decoding=\"async\" class=\"wp-image-21293 size-medium\" title=\"Mapa dos impactos Ol\u00edmpicos, incluindo as remo\u00e7\u00f5es, interven\u00e7\u00f5es urbanas, impactos ambientais e militariza\u00e7\u00e3o. Mapa Rio 2016 - Os Jogos da Exclus\u00e3o\" src=\"http:\/\/rioonwatch.org.br\/wp-content\/uploads\/2016\/08\/13716158_362316253891956_6102037249164530047_n-620x355.png\" alt=\"13716158_362316253891956_6102037249164530047_n\" width=\"620\" height=\"355\" srcset=\"https:\/\/rioonwatch.org.br\/wp-content\/uploads\/2016\/08\/13716158_362316253891956_6102037249164530047_n-620x355.png 620w, https:\/\/rioonwatch.org.br\/wp-content\/uploads\/2016\/08\/13716158_362316253891956_6102037249164530047_n-462x264.png 462w, https:\/\/rioonwatch.org.br\/wp-content\/uploads\/2016\/08\/13716158_362316253891956_6102037249164530047_n-768x439.png 768w, https:\/\/rioonwatch.org.br\/wp-content\/uploads\/2016\/08\/13716158_362316253891956_6102037249164530047_n.png 960w\" sizes=\"(max-width: 620px) 100vw, 620px\" \/><\/a><figcaption id=\"caption-attachment-21293\" class=\"wp-caption-text\">Mapa dos impactos Ol\u00edmpicos, incluindo as remo\u00e7\u00f5es, interven\u00e7\u00f5es urbanas, impactos ambientais e militariza\u00e7\u00e3o. Mapa Rio 2016 &#8211; Os Jogos da Exclus\u00e3o<\/figcaption><\/figure>\n<p>O custo m\u00ednimo\u00a0das Olimp\u00edadas foi, de forma conservadora,\u00a0<a href=\"http:\/\/bit.ly\/29eMlTm\" target=\"_blank\" rel=\"noopener\">estimado em cerca de R$40 bilh\u00f5es<\/a> (embora esse custo deve\u00a0aumentar ainda mais ap\u00f3s os jogos). Esse valor alto levou os servi\u00e7os p\u00fablicos a uma paralisa\u00e7\u00e3o. H\u00e1 pouco o Estado do Rio de Janeiro declarou um\u00a0<a href=\"http:\/\/bbc.in\/2aMzOoc\" target=\"_blank\" rel=\"noopener\">estado de calamidade<\/a>\u00a0para poder contar com\u00a0a libera\u00e7\u00e3o de financiamento federal adicional, uma vez que n\u00e3o podia pagar os funcion\u00e1rios p\u00fablicos, <a href=\"http:\/\/glo.bo\/2aKqPHF\" target=\"_blank\" rel=\"noopener\">incluindo a pol\u00edcia que trabalhar\u00e1 na seguran\u00e7a dos Jogos<\/a>. Por causa de gastos Ol\u00edmpicos, cortes na \u00e1rea da sa\u00fade e educa\u00e7\u00e3o levaram ao <a href=\"http:\/\/bbc.in\/2apF5jj\" target=\"_blank\" rel=\"noopener\">fechamento de hospitais<\/a> e a <a href=\"http:\/\/bit.ly\/29heFj6\" target=\"_blank\" rel=\"noopener\">greve dos professores<\/a>, apoiados por <a href=\"http:\/\/bit.ly\/22eNWbv\" target=\"_blank\" rel=\"noopener\">estudantes que ocuparam as suas escolas<\/a>.<\/p>\n<p>Uma parte significativa dos gastos Ol\u00edmpicas est\u00e1 sob investiga\u00e7\u00e3o&#8211;por parte da <a href=\"http:\/\/bit.ly\/2auCi9h\" target=\"_blank\" rel=\"noopener\">Opera\u00e7\u00e3o Lava Jato<\/a>&#8211;pois h\u00e1 <a href=\"http:\/\/glo.bo\/2aeavsL\" target=\"_blank\" rel=\"noopener\">ind\u00edcios de corrup\u00e7\u00e3o em seus contratos<\/a>. Enquanto a Prefeitura diz que a maior parte do <a href=\"http:\/\/bit.ly\/2aw5h1n\" target=\"_blank\" rel=\"noopener\">dinheiro para os Jogos Ol\u00edmpicos<\/a>\u00a0veio de fontes privadas, muitas contribui\u00e7\u00f5es para o or\u00e7amento Ol\u00edmpico vieram de\u00a0<a href=\"http:\/\/bit.ly\/1TbcpQ3\" target=\"_blank\" rel=\"noopener\">empreendedores imobili\u00e1rios<\/a>\u00a0que ganhar\u00e3o terras p\u00fablicas uma vez que os Jogos Ol\u00edmpicos tenham terminado. O dinheiro foi levantado com a venda sorrateira de bens p\u00fablicos a pre\u00e7os de saldos.<\/p>\n<p>Embora haja todas essas quest\u00f5es para protestar sobre os jogos, novas leis, introduzidas para os Jogos Ol\u00edmpicos, amea\u00e7am definir <a href=\"http:\/\/bit.ly\/1UbjYS6\" target=\"_blank\" rel=\"noopener\">protesto como terrorismo<\/a> legitimando, assim, a viol\u00eancia do Estado. Uma <a href=\"http:\/\/bit.ly\/29ihp4n\" target=\"_blank\" rel=\"noopener\">equipe de seguran\u00e7a do metr\u00f4 atacou manifestantes<\/a> e jornalistas quando eles <a href=\"http:\/\/bit.ly\/29QURY5\" target=\"_blank\" rel=\"noopener\">protestavam contra os Jogos Ol\u00edmpicos<\/a>, algumas semanas atr\u00e1s. A tudo isso deve se acrescentar a nega\u00e7\u00e3o do direito \u00e0 cidade a muitos cariocas. O Rio est\u00e1 sendo pensando e formatado como uma cidade onde pessoas investem seu dinheiro \u00e0s custas de quem vive nela.<\/p>\n<p>Os cariocas que protestam contra os Jogos Ol\u00edmpicos aderem a uma rica hist\u00f3ria de protestos contra os impactos locais dos Jogos. Desde <a href=\"http:\/\/bit.ly\/29WbhjU\" target=\"_blank\" rel=\"noopener\">1932 moradores t\u00eam protestado contra os gastos Ol\u00edmpicos<\/a> e nos \u00faltimos tempos as manifesta\u00e7\u00f5es anti-Ol\u00edmpica ganharam ritmo. Quer se trate de ativistas preocupados com a gentrifica\u00e7\u00e3o e segrega\u00e7\u00e3o racial em <a href=\"http:\/\/bit.ly\/1O7qqWp\" target=\"_blank\" rel=\"noopener\">Atlanta<\/a>, ind\u00edgenas e ambientalistas de <a href=\"http:\/\/bit.ly\/1mxsQax\" target=\"_blank\" rel=\"noopener\">Sydney<\/a>, defensores dos direitos humanos em <a href=\"http:\/\/bit.ly\/1YMgbyu\" target=\"_blank\" rel=\"noopener\">Pequim<\/a>; ativistas que lutam pelas liberdades civis, contra a gentrifica\u00e7\u00e3o e a defesa do meio ambiente em <a href=\"http:\/\/bit.ly\/2ac1ztU\" target=\"_blank\" rel=\"noopener\">Vancouver<\/a>\u00a0e\u00a0contra a militariza\u00e7\u00e3o em <a href=\"http:\/\/bit.ly\/2axt3ta\" target=\"_blank\" rel=\"noopener\">Londres<\/a>, os ativistas circassianos em <a href=\"http:\/\/bit.ly\/28Ps6GH\" target=\"_blank\" rel=\"noopener\">Sochi<\/a>\u00a0ou at\u00e9 mesmo os ativistas que lutam pelos direitos dos sem-teto em <a href=\"http:\/\/bit.ly\/1Usl8uk\" target=\"_blank\" rel=\"noopener\">T\u00f3quio<\/a>\u00a0(pr\u00f3xima cidade em sediar os Jogos Ol\u00edmpicos). Neste movimento, os ativistas do Rio v\u00e3o ser vistos, e apoiados, por pessoas do mundo todo, que sofreram impactos semelhantes em suas cidades. Os <a href=\"http:\/\/bit.ly\/2a9fSKM\" target=\"_blank\" rel=\"noopener\">Jogos Ol\u00edmpicos deixam um rastro de exclus\u00e3o, promessas n\u00e3o cumpridas e moradores irritados<\/a> onde quer que passe. A press\u00e3o do Rio vai ajudar a for\u00e7ar os <a href=\"http:\/\/bit.ly\/2aKemn1\" target=\"_blank\" rel=\"noopener\">Senhores dos An\u00e9is<\/a> a fazerem <a href=\"http:\/\/bit.ly\/29WbhjU\" target=\"_blank\" rel=\"noopener\">mudan\u00e7as<\/a>.<\/p>\n<p><a href=\"http:\/\/rioonwatch.org.br\/wp-content\/uploads\/2016\/08\/13669027_361306297326285_8369701320863542841_n.png\"><img decoding=\"async\" class=\"aligncenter wp-image-21294 size-content\" title=\"Semana de eventos e protestos anti-Olimp\u00edadas previstos de 1 a 5 de agosto\" src=\"http:\/\/rioonwatch.org.br\/wp-content\/uploads\/2016\/08\/13669027_361306297326285_8369701320863542841_n-620x264.png\" alt=\"13669027_361306297326285_8369701320863542841_n\" width=\"620\" height=\"264\" \/><\/a><\/p>\n<p>A <a href=\"http:\/\/bit.ly\/29I3OEA\" target=\"_blank\" rel=\"noopener\">semana de protestos<\/a> teve in\u00edcio nesta segunda, 1 de agosto, e vai at\u00e9 o dia 5 de agosto, sexta-feira. Ontem\u00a0teve uma <a href=\"http:\/\/bit.ly\/2aw8FsO\" target=\"_blank\" rel=\"noopener\">vig\u00edlia de dignidade<\/a> na <a href=\"http:\/\/bit.ly\/1XBoPPw\" target=\"_blank\" rel=\"noopener\">Cinel\u00e2ndia<\/a>, em resposta as a\u00e7\u00f5es que t\u00eam minado a igualdade entre as pessoas e a natureza. Do dia 2 a 4 de agosto v\u00e1rios eventos ser\u00e3o realizados no Instituto de Filosofia e Ci\u00eancias Sociais da UFRJ (IFCS\/UFRJ) no Centro do Rio. Cada dia ter\u00e1 tr\u00eas temas e atividades na parte da manh\u00e3, tarde e noite&#8211;incluindo oficinas, debates, exibi\u00e7\u00f5es de <a href=\"http:\/\/bit.ly\/2adNwmn\" target=\"_blank\" rel=\"noopener\">filmes<\/a> e exposi\u00e7\u00f5es&#8211;seguindo por uma a\u00e7\u00e3o na rua para terminar a atividade do dia. Durante a semana <a href=\"http:\/\/bit.ly\/2a58qj7\" target=\"_blank\" rel=\"noopener\">ser\u00e1 instalado no Largo de S\u00e3o Francisco<\/a>, do lado de fora do IFCS o <a href=\"http:\/\/bit.ly\/2aqOqdH\" target=\"_blank\" rel=\"noopener\">Museu das Remo\u00e7\u00f5es<\/a> com instala\u00e7\u00f5es criadas por moradores e apoiadores da <a href=\"http:\/\/bit.ly\/Nfddvg\" target=\"_blank\" rel=\"noopener\">Vila Aut\u00f3dromo<\/a>, com o intuito de preservar a mem\u00f3ria do local.<\/p>\n<p><strong>Ter\u00e7a-feira, 2 de agosto, temas:<\/strong><\/p>\n<ul>\n<li>Espa\u00e7o p\u00fablico e meio ambiente<\/li>\n<li>Servi\u00e7os p\u00fablicos e a calamidade Ol\u00edmpica<\/li>\n<li>A Militariza\u00e7\u00e3o e o racismo na Cidade Ol\u00edmpica<\/li>\n<\/ul>\n<p>Atividade final: Atletas e usu\u00e1rios dos equipamentos esportivos fechados e sucateados da \u201cCidade Ol\u00edmpica\u201d far\u00e3o uma <a href=\"http:\/\/bit.ly\/2aaeCqW\" target=\"_blank\" rel=\"noopener\">grande caminhada pelo Centro<\/a>. E <a href=\"http:\/\/bit.ly\/2adNwmn\" target=\"_blank\" rel=\"noopener\">exposi\u00e7\u00e3o p\u00fablica, na Cinel\u00e2ndia<\/a>, do f<a href=\"http:\/\/bit.ly\/2aYjYX8\" target=\"_blank\" rel=\"noopener\">ilme Olympia<\/a>.<\/p>\n<p><strong>Quarta-feira, 3 de agosto, temas:<\/strong><\/p>\n<ul>\n<li>Higieniza\u00e7\u00e3o dos espa\u00e7os p\u00fablicos<\/li>\n<li>Esporte: mercadoria ou direito?<\/li>\n<li>As Mulheres e o direito \u00e0 cidade<\/li>\n<\/ul>\n<p>Atividade final: Debate no Largo S\u00e3o Francisco de Paula sobre Cidade e Democracia, com debatedores do Rio e de outros estados e pa\u00edses.<\/p>\n<p><strong>Quinta-feira, 4 de agosto, temas:<\/strong><\/p>\n<ul>\n<li>Habita\u00e7\u00e3o e direito \u00e0 cidade<\/li>\n<li>Direito ao trabalho<\/li>\n<li>M\u00eddia, comunica\u00e7\u00e3o e megaeventos<\/li>\n<\/ul>\n<p>Atividade final: Grande painel dos Jogos da Exclus\u00e3o, com 16 atingidos pelas viola\u00e7\u00f5es causadas em nome dos megaeventos.<\/p>\n<p>No \u00faltimo dia, sexta-feira, 5 de agosto, haver\u00e1 uma <a href=\"http:\/\/bit.ly\/29rnMCJ\" target=\"_blank\" rel=\"noopener\">grande mobiliza\u00e7\u00e3o<\/a> na Pra\u00e7a Saens Pe\u00f1a, perto do est\u00e1dio do Maracan\u00e3, onde ocorrer\u00e1 a cerim\u00f4nia oficial de abertura dos Jogos Ol\u00edmpicos. Esses movimentos v\u00eam ecoando desde o\u00a0<a href=\"http:\/\/bit.ly\/1nbaAlp\" target=\"_blank\" rel=\"noopener\">protesto contra a Copa do Mundo<\/a>, quando foi organizado, no mesmo local, uma manifesta\u00e7\u00e3o no encerramento do evento. Na <a href=\"http:\/\/bit.ly\/29I3OEA\" target=\"_blank\" rel=\"noopener\">p\u00e1gina do Facebook do evento<\/a> est\u00e1 escrito a seguinte descri\u00e7\u00e3o \u201cEm uma cidade onde o abismo da desigualdade cresce cada vez mais, a base de tratores, tiros e bombas, \u00e9 fundamental prosseguir e avan\u00e7ar na luta pelo direito \u00e0 cidade, pela democracia e pela justi\u00e7a social. Vamos denunciar este projeto de cidade segregada, Rio Olimp\u00edada 2016: os Jogos da Exclus\u00e3o!\u201d.<\/p>\n<p><em>Adam Talbot \u00e9 um pesquisador de doutorado no Centro de Estudos de Esportes, Turismo e Lazer da Universidade de Brighton, no Reino Unido. Ele est\u00e1 realizando um projeto etnogr\u00e1fico com foco em movimentos sociais e ativismo nos Jogos Ol\u00edmpicos Rios 2016.<\/em><\/p>\n<!-- AddThis Advanced Settings generic via filter on the_content --><!-- AddThis Share Buttons generic via filter on the_content -->","protected":false},"excerpt":{"rendered":"<div class=\"mh-excerpt\"><p>Click Here for English Ao longo da semana, uma s\u00e9rie de eventos protestando as\u00a0Olimp\u00edadas est\u00e3o ocorrendo\u00a0no Rio, culminando em uma grande manifesta\u00e7\u00e3o antes\u00a0da cerim\u00f4nia de abertura, no dia 5, sexta-feira. Sob o lema \u201cJogos da <a class=\"mh-excerpt-more\" href=\"https:\/\/rioonwatch.org.br\/?p=21290\" title=\"Protestos Anti-Olimp\u00edadas no Rio na V\u00e9spera dos &#8220;Jogos da Exclus\u00e3o&#8221;\">[&#8230;]<\/a><!-- AddThis Advanced Settings generic via filter on get_the_excerpt --><!-- AddThis Share Buttons generic via filter on get_the_excerpt --><\/p>\n<\/div>","protected":false},"author":129,"featured_media":21292,"comment_status":"closed","ping_status":"closed","sticky":false,"template":"","format":"standard","meta":{"_acf_changed":false,"_monsterinsights_skip_tracking":false,"_monsterinsights_sitenote_active":false,"_monsterinsights_sitenote_note":"","_monsterinsights_sitenote_category":0,"footnotes":""},"categories":[1617,1618,1614,1635,1621,346,1626,1612],"tags":[259,759,310,424,88,484,316,396,395,722,466,1240,1021,78,763,14,432,294,672,52],"writer":[1762],"translator":[1879],"source":[],"ilustrador":[],"fotografo":[],"class_list":{"0":"post-21290","1":"post","2":"type-post","3":"status-publish","4":"format-standard","5":"has-post-thumbnail","7":"category-olhonagentrificacao","8":"category-olhonaparticipacao","9":"category-olhonasremocoes","10":"category-1635","11":"category-destaque","12":"category-denuncias","13":"category-por-observadores-internacionais","14":"category-sociedade-civil","15":"tag-centro","16":"tag-comparacao-internacional","17":"tag-corrupcao","18":"tag-direito-a-moradia","19":"tag-direitos-humanos","20":"tag-prefeito-eduardo-paes","21":"tag-educacao","22":"tag-especulacao-imobiliaria","23":"tag-gentrificacao-remocao-branca","24":"tag-legado","25":"tag-maracana","26":"tag-megaeventos","27":"tag-mito-do-legado","28":"tag-olimpiadas","29":"tag-protesto","30":"tag-remocao","31":"tag-resistencia","32":"tag-saude","33":"tag-seguranca-publica","34":"tag-violencia-policial","35":"writer-adam-talbot","36":"translator-leonardo-braga-nobre"},"acf":[],"yoast_head":"<!-- This site is optimized with the Yoast SEO plugin v25.6 - https:\/\/yoast.com\/wordpress\/plugins\/seo\/ -->\n<title>Protestos Anti-Olimp\u00edadas no Rio na V\u00e9spera dos &quot;Jogos da Exclus\u00e3o&quot; - RioOnWatch<\/title>\n<meta name=\"robots\" content=\"index, follow, max-snippet:-1, max-image-preview:large, max-video-preview:-1\" \/>\n<link rel=\"canonical\" href=\"https:\/\/rioonwatch.org.br\/?p=21290\" \/>\n<meta property=\"og:locale\" content=\"pt_BR\" \/>\n<meta property=\"og:type\" content=\"article\" \/>\n<meta property=\"og:title\" content=\"Protestos Anti-Olimp\u00edadas no Rio na V\u00e9spera dos &quot;Jogos da Exclus\u00e3o&quot; - RioOnWatch\" \/>\n<meta property=\"og:description\" content=\"Click Here for English Ao longo da semana, uma s\u00e9rie de eventos protestando as\u00a0Olimp\u00edadas est\u00e3o ocorrendo\u00a0no Rio, culminando em uma grande manifesta\u00e7\u00e3o antes\u00a0da cerim\u00f4nia de abertura, no dia 5, sexta-feira. Sob o lema \u201cJogos da [...]\" \/>\n<meta property=\"og:url\" content=\"https:\/\/rioonwatch.org.br\/?p=21290\" \/>\n<meta property=\"og:site_name\" content=\"RioOnWatch\" \/>\n<meta property=\"article:published_time\" content=\"2016-08-02T10:00:51+00:00\" \/>\n<meta property=\"article:modified_time\" content=\"2024-06-20T19:26:40+00:00\" \/>\n<meta property=\"og:image\" content=\"https:\/\/rioonwatch.org.br\/wp-content\/uploads\/2016\/08\/13718672_10157255733920268_7317599297217506133_n.jpg\" \/>\n\t<meta property=\"og:image:width\" content=\"960\" \/>\n\t<meta property=\"og:image:height\" content=\"640\" \/>\n\t<meta property=\"og:image:type\" content=\"image\/jpeg\" \/>\n<meta name=\"author\" content=\"Admin\" \/>\n<meta name=\"twitter:card\" content=\"summary_large_image\" \/>\n<meta name=\"twitter:label1\" content=\"Escrito por\" \/>\n\t<meta name=\"twitter:data1\" content=\"Admin\" \/>\n\t<meta name=\"twitter:label2\" content=\"Est. tempo de leitura\" \/>\n\t<meta name=\"twitter:data2\" content=\"7 minutos\" \/>\n<script type=\"application\/ld+json\" class=\"yoast-schema-graph\">{\"@context\":\"https:\/\/schema.org\",\"@graph\":[{\"@type\":\"Article\",\"@id\":\"https:\/\/rioonwatch.org.br\/?p=21290#article\",\"isPartOf\":{\"@id\":\"https:\/\/rioonwatch.org.br\/?p=21290\"},\"author\":{\"name\":\"Admin\",\"@id\":\"https:\/\/rioonwatch.org.br\/#\/schema\/person\/11d64c290506f9df50c71b850c473f68\"},\"headline\":\"Protestos Anti-Olimp\u00edadas no Rio na V\u00e9spera dos &#8220;Jogos da Exclus\u00e3o&#8221;\",\"datePublished\":\"2016-08-02T10:00:51+00:00\",\"dateModified\":\"2024-06-20T19:26:40+00:00\",\"mainEntityOfPage\":{\"@id\":\"https:\/\/rioonwatch.org.br\/?p=21290\"},\"wordCount\":1346,\"publisher\":{\"@id\":\"https:\/\/rioonwatch.org.br\/#organization\"},\"image\":{\"@id\":\"https:\/\/rioonwatch.org.br\/?p=21290#primaryimage\"},\"thumbnailUrl\":\"https:\/\/rioonwatch.org.br\/wp-content\/uploads\/2016\/08\/13718672_10157255733920268_7317599297217506133_n.jpg\",\"keywords\":[\"Centro\",\"compara\u00e7\u00e3o internacional\",\"corrup\u00e7\u00e3o\",\"Direito \u00e0 Moradia\",\"Direitos Humanos\",\"Eduardo Paes\",\"educa\u00e7\u00e3o\",\"especula\u00e7\u00e3o imobili\u00e1ria\",\"gentrifica\u00e7\u00e3o\",\"Legado Ol\u00edmpico\",\"Maracan\u00e3\",\"Megaeventos\",\"mito do legado\",\"Olimp\u00edadas\",\"protesto\",\"Remo\u00e7\u00e3o\",\"resist\u00eancia\",\"sa\u00fade\",\"seguran\u00e7a p\u00fablica\",\"viol\u00eancia policial\"],\"articleSection\":[\"#OlhoNaGentrifica\u00e7\u00e3o\",\"#OlhoNaParticipa\u00e7\u00e3o\",\"#OlhoNasRemo\u00e7\u00f5es\",\"#Rio2016\",\"*Destaque\",\"Den\u00fancias\",\"Escrito por Aliados\",\"Sociedade Civil\"],\"inLanguage\":\"pt-BR\"},{\"@type\":\"WebPage\",\"@id\":\"https:\/\/rioonwatch.org.br\/?p=21290\",\"url\":\"https:\/\/rioonwatch.org.br\/?p=21290\",\"name\":\"Protestos Anti-Olimp\u00edadas no Rio na V\u00e9spera dos \\\"Jogos da Exclus\u00e3o\\\" - RioOnWatch\",\"isPartOf\":{\"@id\":\"https:\/\/rioonwatch.org.br\/#website\"},\"primaryImageOfPage\":{\"@id\":\"https:\/\/rioonwatch.org.br\/?p=21290#primaryimage\"},\"image\":{\"@id\":\"https:\/\/rioonwatch.org.br\/?p=21290#primaryimage\"},\"thumbnailUrl\":\"https:\/\/rioonwatch.org.br\/wp-content\/uploads\/2016\/08\/13718672_10157255733920268_7317599297217506133_n.jpg\",\"datePublished\":\"2016-08-02T10:00:51+00:00\",\"dateModified\":\"2024-06-20T19:26:40+00:00\",\"breadcrumb\":{\"@id\":\"https:\/\/rioonwatch.org.br\/?p=21290#breadcrumb\"},\"inLanguage\":\"pt-BR\",\"potentialAction\":[{\"@type\":\"ReadAction\",\"target\":[\"https:\/\/rioonwatch.org.br\/?p=21290\"]}]},{\"@type\":\"ImageObject\",\"inLanguage\":\"pt-BR\",\"@id\":\"https:\/\/rioonwatch.org.br\/?p=21290#primaryimage\",\"url\":\"https:\/\/rioonwatch.org.br\/wp-content\/uploads\/2016\/08\/13718672_10157255733920268_7317599297217506133_n.jpg\",\"contentUrl\":\"https:\/\/rioonwatch.org.br\/wp-content\/uploads\/2016\/08\/13718672_10157255733920268_7317599297217506133_n.jpg\",\"width\":960,\"height\":640},{\"@type\":\"BreadcrumbList\",\"@id\":\"https:\/\/rioonwatch.org.br\/?p=21290#breadcrumb\",\"itemListElement\":[{\"@type\":\"ListItem\",\"position\":1,\"name\":\"In\u00edcio\",\"item\":\"https:\/\/rioonwatch.org.br\/\"},{\"@type\":\"ListItem\",\"position\":2,\"name\":\"Protestos Anti-Olimp\u00edadas no Rio na V\u00e9spera dos &#8220;Jogos da Exclus\u00e3o&#8221;\"}]},{\"@type\":\"WebSite\",\"@id\":\"https:\/\/rioonwatch.org.br\/#website\",\"url\":\"https:\/\/rioonwatch.org.br\/\",\"name\":\"RioOnWatch\",\"description\":\"relatos das favelas cariocas\",\"publisher\":{\"@id\":\"https:\/\/rioonwatch.org.br\/#organization\"},\"potentialAction\":[{\"@type\":\"SearchAction\",\"target\":{\"@type\":\"EntryPoint\",\"urlTemplate\":\"https:\/\/rioonwatch.org.br\/?s={search_term_string}\"},\"query-input\":{\"@type\":\"PropertyValueSpecification\",\"valueRequired\":true,\"valueName\":\"search_term_string\"}}],\"inLanguage\":\"pt-BR\"},{\"@type\":\"Organization\",\"@id\":\"https:\/\/rioonwatch.org.br\/#organization\",\"name\":\"RioOnWatch\",\"url\":\"https:\/\/rioonwatch.org.br\/\",\"logo\":{\"@type\":\"ImageObject\",\"inLanguage\":\"pt-BR\",\"@id\":\"https:\/\/rioonwatch.org.br\/#\/schema\/logo\/image\/\",\"url\":\"https:\/\/rioonwatch.org.br\/wp-content\/uploads\/2021\/06\/RioOnWatchcabecalhoPT11anos-2.png\",\"contentUrl\":\"https:\/\/rioonwatch.org.br\/wp-content\/uploads\/2021\/06\/RioOnWatchcabecalhoPT11anos-2.png\",\"width\":779,\"height\":277,\"caption\":\"RioOnWatch\"},\"image\":{\"@id\":\"https:\/\/rioonwatch.org.br\/#\/schema\/logo\/image\/\"}},{\"@type\":\"Person\",\"@id\":\"https:\/\/rioonwatch.org.br\/#\/schema\/person\/11d64c290506f9df50c71b850c473f68\",\"name\":\"Admin\",\"image\":{\"@type\":\"ImageObject\",\"inLanguage\":\"pt-BR\",\"@id\":\"https:\/\/rioonwatch.org.br\/#\/schema\/person\/image\/\",\"url\":\"https:\/\/secure.gravatar.com\/avatar\/56211ac74568383903349a1485e3c325?s=96&d=blank&r=g\",\"contentUrl\":\"https:\/\/secure.gravatar.com\/avatar\/56211ac74568383903349a1485e3c325?s=96&d=blank&r=g\",\"caption\":\"Admin\"},\"url\":\"https:\/\/rioonwatch.org.br\/?author=129\"}]}<\/script>\n<!-- \/ Yoast SEO plugin. -->","yoast_head_json":{"title":"Protestos Anti-Olimp\u00edadas no Rio na V\u00e9spera dos \"Jogos da Exclus\u00e3o\" - RioOnWatch","robots":{"index":"index","follow":"follow","max-snippet":"max-snippet:-1","max-image-preview":"max-image-preview:large","max-video-preview":"max-video-preview:-1"},"canonical":"https:\/\/rioonwatch.org.br\/?p=21290","og_locale":"pt_BR","og_type":"article","og_title":"Protestos Anti-Olimp\u00edadas no Rio na V\u00e9spera dos \"Jogos da Exclus\u00e3o\" - RioOnWatch","og_description":"Click Here for English Ao longo da semana, uma s\u00e9rie de eventos protestando as\u00a0Olimp\u00edadas est\u00e3o ocorrendo\u00a0no Rio, culminando em uma grande manifesta\u00e7\u00e3o antes\u00a0da cerim\u00f4nia de abertura, no dia 5, sexta-feira. Sob o lema \u201cJogos da [...]","og_url":"https:\/\/rioonwatch.org.br\/?p=21290","og_site_name":"RioOnWatch","article_published_time":"2016-08-02T10:00:51+00:00","article_modified_time":"2024-06-20T19:26:40+00:00","og_image":[{"width":960,"height":640,"url":"https:\/\/rioonwatch.org.br\/wp-content\/uploads\/2016\/08\/13718672_10157255733920268_7317599297217506133_n.jpg","type":"image\/jpeg"}],"author":"Admin","twitter_card":"summary_large_image","twitter_misc":{"Escrito por":"Admin","Est. tempo de leitura":"7 minutos"},"schema":{"@context":"https:\/\/schema.org","@graph":[{"@type":"Article","@id":"https:\/\/rioonwatch.org.br\/?p=21290#article","isPartOf":{"@id":"https:\/\/rioonwatch.org.br\/?p=21290"},"author":{"name":"Admin","@id":"https:\/\/rioonwatch.org.br\/#\/schema\/person\/11d64c290506f9df50c71b850c473f68"},"headline":"Protestos Anti-Olimp\u00edadas no Rio na V\u00e9spera dos &#8220;Jogos da Exclus\u00e3o&#8221;","datePublished":"2016-08-02T10:00:51+00:00","dateModified":"2024-06-20T19:26:40+00:00","mainEntityOfPage":{"@id":"https:\/\/rioonwatch.org.br\/?p=21290"},"wordCount":1346,"publisher":{"@id":"https:\/\/rioonwatch.org.br\/#organization"},"image":{"@id":"https:\/\/rioonwatch.org.br\/?p=21290#primaryimage"},"thumbnailUrl":"https:\/\/rioonwatch.org.br\/wp-content\/uploads\/2016\/08\/13718672_10157255733920268_7317599297217506133_n.jpg","keywords":["Centro","compara\u00e7\u00e3o internacional","corrup\u00e7\u00e3o","Direito \u00e0 Moradia","Direitos Humanos","Eduardo Paes","educa\u00e7\u00e3o","especula\u00e7\u00e3o imobili\u00e1ria","gentrifica\u00e7\u00e3o","Legado Ol\u00edmpico","Maracan\u00e3","Megaeventos","mito do legado","Olimp\u00edadas","protesto","Remo\u00e7\u00e3o","resist\u00eancia","sa\u00fade","seguran\u00e7a p\u00fablica","viol\u00eancia policial"],"articleSection":["#OlhoNaGentrifica\u00e7\u00e3o","#OlhoNaParticipa\u00e7\u00e3o","#OlhoNasRemo\u00e7\u00f5es","#Rio2016","*Destaque","Den\u00fancias","Escrito por Aliados","Sociedade Civil"],"inLanguage":"pt-BR"},{"@type":"WebPage","@id":"https:\/\/rioonwatch.org.br\/?p=21290","url":"https:\/\/rioonwatch.org.br\/?p=21290","name":"Protestos Anti-Olimp\u00edadas no Rio na V\u00e9spera dos \"Jogos da Exclus\u00e3o\" - RioOnWatch","isPartOf":{"@id":"https:\/\/rioonwatch.org.br\/#website"},"primaryImageOfPage":{"@id":"https:\/\/rioonwatch.org.br\/?p=21290#primaryimage"},"image":{"@id":"https:\/\/rioonwatch.org.br\/?p=21290#primaryimage"},"thumbnailUrl":"https:\/\/rioonwatch.org.br\/wp-content\/uploads\/2016\/08\/13718672_10157255733920268_7317599297217506133_n.jpg","datePublished":"2016-08-02T10:00:51+00:00","dateModified":"2024-06-20T19:26:40+00:00","breadcrumb":{"@id":"https:\/\/rioonwatch.org.br\/?p=21290#breadcrumb"},"inLanguage":"pt-BR","potentialAction":[{"@type":"ReadAction","target":["https:\/\/rioonwatch.org.br\/?p=21290"]}]},{"@type":"ImageObject","inLanguage":"pt-BR","@id":"https:\/\/rioonwatch.org.br\/?p=21290#primaryimage","url":"https:\/\/rioonwatch.org.br\/wp-content\/uploads\/2016\/08\/13718672_10157255733920268_7317599297217506133_n.jpg","contentUrl":"https:\/\/rioonwatch.org.br\/wp-content\/uploads\/2016\/08\/13718672_10157255733920268_7317599297217506133_n.jpg","width":960,"height":640},{"@type":"BreadcrumbList","@id":"https:\/\/rioonwatch.org.br\/?p=21290#breadcrumb","itemListElement":[{"@type":"ListItem","position":1,"name":"In\u00edcio","item":"https:\/\/rioonwatch.org.br\/"},{"@type":"ListItem","position":2,"name":"Protestos Anti-Olimp\u00edadas no Rio na V\u00e9spera dos &#8220;Jogos da Exclus\u00e3o&#8221;"}]},{"@type":"WebSite","@id":"https:\/\/rioonwatch.org.br\/#website","url":"https:\/\/rioonwatch.org.br\/","name":"RioOnWatch","description":"relatos das favelas cariocas","publisher":{"@id":"https:\/\/rioonwatch.org.br\/#organization"},"potentialAction":[{"@type":"SearchAction","target":{"@type":"EntryPoint","urlTemplate":"https:\/\/rioonwatch.org.br\/?s={search_term_string}"},"query-input":{"@type":"PropertyValueSpecification","valueRequired":true,"valueName":"search_term_string"}}],"inLanguage":"pt-BR"},{"@type":"Organization","@id":"https:\/\/rioonwatch.org.br\/#organization","name":"RioOnWatch","url":"https:\/\/rioonwatch.org.br\/","logo":{"@type":"ImageObject","inLanguage":"pt-BR","@id":"https:\/\/rioonwatch.org.br\/#\/schema\/logo\/image\/","url":"https:\/\/rioonwatch.org.br\/wp-content\/uploads\/2021\/06\/RioOnWatchcabecalhoPT11anos-2.png","contentUrl":"https:\/\/rioonwatch.org.br\/wp-content\/uploads\/2021\/06\/RioOnWatchcabecalhoPT11anos-2.png","width":779,"height":277,"caption":"RioOnWatch"},"image":{"@id":"https:\/\/rioonwatch.org.br\/#\/schema\/logo\/image\/"}},{"@type":"Person","@id":"https:\/\/rioonwatch.org.br\/#\/schema\/person\/11d64c290506f9df50c71b850c473f68","name":"Admin","image":{"@type":"ImageObject","inLanguage":"pt-BR","@id":"https:\/\/rioonwatch.org.br\/#\/schema\/person\/image\/","url":"https:\/\/secure.gravatar.com\/avatar\/56211ac74568383903349a1485e3c325?s=96&d=blank&r=g","contentUrl":"https:\/\/secure.gravatar.com\/avatar\/56211ac74568383903349a1485e3c325?s=96&d=blank&r=g","caption":"Admin"},"url":"https:\/\/rioonwatch.org.br\/?author=129"}]}},"_links":{"self":[{"href":"https:\/\/rioonwatch.org.br\/index.php?rest_route=\/wp\/v2\/posts\/21290"}],"collection":[{"href":"https:\/\/rioonwatch.org.br\/index.php?rest_route=\/wp\/v2\/posts"}],"about":[{"href":"https:\/\/rioonwatch.org.br\/index.php?rest_route=\/wp\/v2\/types\/post"}],"author":[{"embeddable":true,"href":"https:\/\/rioonwatch.org.br\/index.php?rest_route=\/wp\/v2\/users\/129"}],"replies":[{"embeddable":true,"href":"https:\/\/rioonwatch.org.br\/index.php?rest_route=%2Fwp%2Fv2%2Fcomments&post=21290"}],"version-history":[{"count":11,"href":"https:\/\/rioonwatch.org.br\/index.php?rest_route=\/wp\/v2\/posts\/21290\/revisions"}],"predecessor-version":[{"id":74353,"href":"https:\/\/rioonwatch.org.br\/index.php?rest_route=\/wp\/v2\/posts\/21290\/revisions\/74353"}],"wp:featuredmedia":[{"embeddable":true,"href":"https:\/\/rioonwatch.org.br\/index.php?rest_route=\/wp\/v2\/media\/21292"}],"wp:attachment":[{"href":"https:\/\/rioonwatch.org.br\/index.php?rest_route=%2Fwp%2Fv2%2Fmedia&parent=21290"}],"wp:term":[{"taxonomy":"category","embeddable":true,"href":"https:\/\/rioonwatch.org.br\/index.php?rest_route=%2Fwp%2Fv2%2Fcategories&post=21290"},{"taxonomy":"post_tag","embeddable":true,"href":"https:\/\/rioonwatch.org.br\/index.php?rest_route=%2Fwp%2Fv2%2Ftags&post=21290"},{"taxonomy":"writer","embeddable":true,"href":"https:\/\/rioonwatch.org.br\/index.php?rest_route=%2Fwp%2Fv2%2Fwriter&post=21290"},{"taxonomy":"translator","embeddable":true,"href":"https:\/\/rioonwatch.org.br\/index.php?rest_route=%2Fwp%2Fv2%2Ftranslator&post=21290"},{"taxonomy":"source","embeddable":true,"href":"https:\/\/rioonwatch.org.br\/index.php?rest_route=%2Fwp%2Fv2%2Fsource&post=21290"},{"taxonomy":"ilustrador","embeddable":true,"href":"https:\/\/rioonwatch.org.br\/index.php?rest_route=%2Fwp%2Fv2%2Filustrador&post=21290"},{"taxonomy":"fotografo","embeddable":true,"href":"https:\/\/rioonwatch.org.br\/index.php?rest_route=%2Fwp%2Fv2%2Ffotografo&post=21290"}],"curies":[{"name":"wp","href":"https:\/\/api.w.org\/{rel}","templated":true}]}}