{"id":21310,"date":"2016-08-07T08:00:30","date_gmt":"2016-08-07T11:00:30","guid":{"rendered":"http:\/\/rioonwatch.org.br\/?p=21310"},"modified":"2016-08-31T22:04:08","modified_gmt":"2016-09-01T01:04:08","slug":"providencia-bombando-realiza-festival-subindo-a-ladeira-com-capoeira-teatro-cineclube-e-acoes-ambientais","status":"publish","type":"post","link":"https:\/\/rioonwatch.org.br\/?p=21310","title":{"rendered":"Provid\u00eancia Realiza Festival &#8216;Subindo a Ladeira&#8217;: Capoeira, Teatro, Cineclube, A\u00e7\u00f5es Ambientais"},"content":{"rendered":"<p style=\"text-align: right;\"><em><strong><a href=\"http:\/\/bit.ly\/2bTyv8M\" target=\"_blank\">Click Here for English<img decoding=\"async\" width=\"20\" height=\"20\" class=\"alignright wp-image-15790\" src=\"http:\/\/rioonwatch.org.br\/wp-content\/uploads\/2012\/08\/EN-standard-e1439583104716.jpg\" alt=\"\" \/><\/a><\/strong><\/em><\/p>\n<p>No dia 23 de julho, o Largo do Cruzeiro no <a href=\"http:\/\/bit.ly\/UBMUVJ\" target=\"_blank\">Morro da Provid\u00eancia<\/a> recebeu o <a href=\"http:\/\/bit.ly\/2ascsBK\" target=\"_blank\">Festival Subindo a Ladeira<\/a> com a participa\u00e7\u00e3o de grupos de dentro e fora do morro. A programa\u00e7\u00e3o durou o dia inteiro e contou com apresenta\u00e7\u00f5es de teatro, performances, hip hop, capoeira, cineclube e a\u00e7\u00e3o ambiental. A pra\u00e7a em frente \u00e0 Igreja de Nossa Senhora da Penha foi ocupada pelo <a href=\"http:\/\/bit.ly\/2aMZ7t8\" target=\"_blank\">Bando Teatro Favela<\/a>, <a href=\"http:\/\/bit.ly\/2aKB4K9\" target=\"_blank\">N\u00facleo da Provid\u00eancia da Capoeira Ventre Livre<\/a>, <a href=\"http:\/\/bit.ly\/2avcVai\" target=\"_blank\">Efeito Urbano<\/a>, <a href=\"http:\/\/bit.ly\/2b05W76\" target=\"_blank\">Horta Inteligente<\/a>, e\u00a0<a href=\"http:\/\/bit.ly\/2aKz6Kr\" target=\"_blank\">Cine Provid\u00eancia<\/a>, entre outros. \u201cO festival surgiu depois que fizemos um curso de capacita\u00e7\u00e3o do <a href=\"http:\/\/bit.ly\/1F8qO64\" target=\"_blank\">Favela Criativa<\/a>\u201d, informou M\u00f4nica Saturnino, 41 anos, uma das organizadoras do evento.<\/p>\n<p>A atriz e moradora do morro, C\u00edntia Sant\u2019Anna, 30 anos, conta que ela e M\u00f4nica Saturnino realizam oficinas no morro h\u00e1 uns cinco anos, mas s\u00f3 no ano passado surgiu o <a href=\"http:\/\/bit.ly\/2aMZ7t8\" target=\"_blank\">Bando Teatro Favela<\/a> e montaram a pe\u00e7a Entre Becos e Vielas que tamb\u00e9m consta na programa\u00e7\u00e3o do festival. As duas atrizes fizeram parte do <a href=\"http:\/\/bit.ly\/2ayPqdJ\" target=\"_blank\">Grupo de Teatro T\u00e1 na Rua<\/a>, dirigido por Amir Haddad, na Lapa, e afirmam que vem dessa experi\u00eancia o desejo de ocupar a pra\u00e7a e dialogar mais diretamente com os moradores. \u201cUm dos nossos objetivos \u00e9 ocupar esse espa\u00e7o. A nossa ideia \u00e9 ocupar a pra\u00e7a\u201d, afirmou Cintia Sant\u2019Anna, uma das organizadoras do festival e atriz do Bando Teatro Favela.<\/p>\n<p><a href=\"http:\/\/rioonwatch.org.br\/wp-content\/uploads\/2016\/08\/Foto-2.jpg\"><img fetchpriority=\"high\" decoding=\"async\" class=\"aligncenter wp-image-21314 size-content\" title=\"Roda de capoeira se apresenta na pra\u00e7a. Foto: Miriane Peregrino\" src=\"http:\/\/rioonwatch.org.br\/wp-content\/uploads\/2016\/08\/Foto-2-620x264.jpg\" alt=\"Foto 2\" width=\"620\" height=\"264\" srcset=\"https:\/\/rioonwatch.org.br\/wp-content\/uploads\/2016\/08\/Foto-2-620x264.jpg 620w, https:\/\/rioonwatch.org.br\/wp-content\/uploads\/2016\/08\/Foto-2-940x400.jpg 940w\" sizes=\"(max-width: 620px) 100vw, 620px\" \/><\/a><\/p>\n<p>A roda de <a href=\"http:\/\/bit.ly\/1fCNKhk\" target=\"_blank\">capoeira<\/a> aconteceu por volta das 13h com a presen\u00e7a de v\u00e1rias crian\u00e7as do morro: \u201cPra mim \u00e9 incr\u00edvel participar dessa roda porque eu comecei aqui em 96, quando eu tinha 16 anos. E hoje estou com o mestre batata. \u00c9 muito satisfat\u00f3rio ver essa molecada brincando hoje, conhecendo a capoeira\u201d, disse o morador e professor de capoeira, Rog\u00e9rio Silva, 35 anos. O N\u00facleo Provid\u00eancia do\u00a0<a href=\"http:\/\/bit.ly\/2aKB4K9\" target=\"_blank\">Centro Cultural de Capoeira Ventre Livre<\/a>\u00a0funciona na Provid\u00eancia h\u00e1 mais de 20 anos.<\/p>\n<p>Juliana Melo, 27 anos, diretora e atriz do grupo <a href=\"http:\/\/bit.ly\/2avcVai\" target=\"_blank\">Efeito Urbano<\/a>, tamb\u00e9m gostou da iniciativa do festival e afirma: \u201c\u00c9 unindo for\u00e7as que a gente consegue chegar a algum lugar\u201d. O grupo Efeito Urbano foi criado em 2011 e \u00e9 formado por jovens moradores da Provid\u00eancia. Toda quarta-feira, realizam oficinas gratuitas no Galp\u00e3o Gamboa, entre 18h e 20h. Misturando hip hop, performance e teatro, o grupo vai estrear seu primeiro espet\u00e1culo, Funk &#8211; For\u00e7a Urbana Nacional Carioca, no dia 18 de setembro, na Arena Dicr\u00f3, na <a href=\"http:\/\/bit.ly\/1rX07t8\" target=\"_blank\">Penha<\/a>.<\/p>\n<p>\u201cEu acho que a arte \u00e9 uma arma do bem. Eu levo a minha dan\u00e7a como a minha arma do bem. Eu digo isso pra eles: &#8216;a dan\u00e7a \u00e9 um detalhe pra gente trabalhar conceitos como respeito, acabar com preconceito, quebrar tabu. A arte \u00e9 uma magia. N\u00f3s somos um pontinho luminoso na Provid\u00eancia, na regi\u00e3o, pra trocar conhecimento e trazer a galera pro palco&#8217;\u201d, nos conta Juliana Melo que come\u00e7ou a fazer dan\u00e7a em 2002.<\/p>\n<p><a href=\"http:\/\/rioonwatch.org.br\/wp-content\/uploads\/2016\/08\/Foto-ok.jpg\"><img decoding=\"async\" class=\"aligncenter wp-image-21316 size-content\" title=\"Jovens do Efeito Urbano se apresentam em frente \u00e0 Igreja Nossa Senhora da Penha. Foto: Miriane Peregrino\" src=\"http:\/\/rioonwatch.org.br\/wp-content\/uploads\/2016\/08\/Foto-ok-620x264.jpg\" alt=\"Foto ok\" width=\"620\" height=\"264\" srcset=\"https:\/\/rioonwatch.org.br\/wp-content\/uploads\/2016\/08\/Foto-ok-620x264.jpg 620w, https:\/\/rioonwatch.org.br\/wp-content\/uploads\/2016\/08\/Foto-ok-940x400.jpg 940w\" sizes=\"(max-width: 620px) 100vw, 620px\" \/><\/a><\/p>\n<p>A moradora do morro, Maria L\u00facia, 50 anos, assistiu atenta todas as apresenta\u00e7\u00f5es. Auxiliar de servi\u00e7os gerais na UFF, Maria L\u00facia atravessa a Ba\u00eda da Guanabara de segunda a sexta, e aproveita os fins de semana para ficar com o marido e encontrar os vizinhos na pra\u00e7a: \u201cEu gostei muito das apresenta\u00e7\u00f5es do hip hop, da capoeira, queria muito que tivesse sempre isso aqui no morro. Anima a gente\u201d, disse Maria L\u00facia.<\/p>\n<p><a href=\"http:\/\/rioonwatch.org.br\/wp-content\/uploads\/2016\/08\/Foto-4.jpg\"><img loading=\"lazy\" decoding=\"async\" class=\"aligncenter wp-image-21317 size-content\" title=\"Cine Provid\u00eancia apresenta curtas sobre o morro e zona portu\u00e1ria. Foto: Miriane Peregrino\" src=\"http:\/\/rioonwatch.org.br\/wp-content\/uploads\/2016\/08\/Foto-4-620x264.jpg\" alt=\"Foto 4\" width=\"620\" height=\"264\" srcset=\"https:\/\/rioonwatch.org.br\/wp-content\/uploads\/2016\/08\/Foto-4-620x264.jpg 620w, https:\/\/rioonwatch.org.br\/wp-content\/uploads\/2016\/08\/Foto-4-940x400.jpg 940w\" sizes=\"(max-width: 620px) 100vw, 620px\" \/><\/a><\/p>\n<p>A \u00faltima atividade do festival foi o Cine Provid\u00eancia com a apresenta\u00e7\u00e3o de 10 curtas sobre o Morro da Provid\u00eancia e a <a href=\"http:\/\/bit.ly\/1cVBDvL\" target=\"_blank\">Zona Portu\u00e1ria<\/a>. Os curtas exibidos foram lan\u00e7ados nas \u00faltimas edi\u00e7\u00f5es do <a href=\"http:\/\/bit.ly\/2aKD05G\" target=\"_blank\">Festival 72 Horas<\/a>. Alexandre Louren\u00e7o, 37 anos, morador da <a href=\"http:\/\/bit.ly\/2afWwY3\" target=\"_blank\">Cidade Nova<\/a>, foi o curador da mostra que abordou quest\u00f5es como <a href=\"http:\/\/bit.ly\/184FqS4\" target=\"_blank\">gentrifica\u00e7\u00e3o<\/a>, <a href=\"http:\/\/bit.ly\/1KiFeTl\" target=\"_blank\">racismo<\/a>, religi\u00e3o e inf\u00e2ncia na favela. O cine foi idealizado em 2014 e Alexandre atua no morro h\u00e1 dois anos: \u201cTemos um acervo de 120 curta-metragens produzidos s\u00f3 aqui na Zona Portu\u00e1ria. Somos itinerantes e fazemos interc\u00e2mbios com outras comunidades, como a <a href=\"http:\/\/bit.ly\/10BzE4e\" target=\"_blank\">Cidade de Deus<\/a>\u201d, informa Alexandre.<\/p>\n<p>O curta Olhares da Provid\u00eancia, produzido por Alexandre Louren\u00e7o, foi realizado no Festival 72 Horas deste ano: \u201cFoi bacana, tivemos que escrever e produzir em 3 dias e ele foi todo feito aqui na Provid\u00eancia\u201d. A exibi\u00e7\u00e3o dos curtas mexeu com os moradores que, muitas vezes, se reconheciam na tela de exibi\u00e7\u00e3o ou reconheciam vizinhos ou lugares do morro que foram utilizados como cen\u00e1rio. Muitas crian\u00e7as gritaram: \u201c\u00c9 a Vera! \u00c9 a Vera!\u201d. Era a imagem da moradora, Vera L\u00facia Ferreira, 48 anos, que aparecia na tela.<\/p>\n<p>\u201cE eu mesmo n\u00e3o me vi porque no instante em que passei eu estava atendendo um rapaz\u201d, disse Vera L\u00facia que mora e tem um bar em frente \u00e0 pra\u00e7a da igreja. \u201cDesde que nasci minha m\u00e3e sempre trabalhou com com\u00e9rcio. Nessa casa aqui eu estou h\u00e1 28 anos. Minha m\u00e3e faleceu, a\u00ed eu assumi o bar sozinha\u201d.<\/p>\n<p><a href=\"http:\/\/rioonwatch.org.br\/wp-content\/uploads\/2016\/08\/Foto-5-1.jpg\"><img loading=\"lazy\" decoding=\"async\" class=\"aligncenter wp-image-21318 size-content\" title=\"Vera L\u00facia em seu bar no Morro da Provid\u00eancia. Foto: Miriane Peregrino\" src=\"http:\/\/rioonwatch.org.br\/wp-content\/uploads\/2016\/08\/Foto-5-1-620x264.jpg\" alt=\"Foto 5 (1)\" width=\"620\" height=\"264\" srcset=\"https:\/\/rioonwatch.org.br\/wp-content\/uploads\/2016\/08\/Foto-5-1-620x264.jpg 620w, https:\/\/rioonwatch.org.br\/wp-content\/uploads\/2016\/08\/Foto-5-1-940x400.jpg 940w\" sizes=\"(max-width: 620px) 100vw, 620px\" \/><\/a><\/p>\n<p>Vera L\u00facia afirmou ter gostado da iniciativa e espera que tenha mais atividades assim no morro. C\u00edntia e M\u00f4nica informaram que preparam um novo espet\u00e1culo, dessa vez sobre mulheres: \u201cA gente entende que favela \u00e9 feminino. O mundo \u00e9 feminino\u201d, diz Cintia Sant\u2019Anna. \u201cEu fui fazer teatro por causa da minha autoestima, e a ideia \u00e9 que atrav\u00e9s do teatro a gente mostre outras possibilidades, outras op\u00e7\u00f5es. O teatro me mostrou outras op\u00e7\u00f5es, mostrou que eu poderia escolher\u201d, disse Cintia Sant\u2019Anna. \u201cEu sempre discuto com as pessoas que dizem \u2018ah, todo mundo tem op\u00e7\u00e3o\u2019. N\u00e3o. Eu n\u00e3o acredito nisso. Dentro desses lugares ter uma op\u00e7\u00e3o que conta muito&#8230; 90% \u00e9 voc\u00ea ser massacrado, precisar de grana e um cara te oferecer 100 reais pra fazer uma parada b\u00e1sica, sabe? A nossa inten\u00e7\u00e3o \u00e9 mostrar, \u2018olha, tamb\u00e9m d\u00e1 pra ir por aqui\u2019. A gente d\u00e1 o que a gente tem&#8211;teatro!\u201d.<\/p>\n<p>Al\u00e9m de organizar o festival e ser do Bando Teatro Favela, C\u00edntia Sant\u2019Anna criou com M\u00f4nica Saturnino a Associa\u00e7\u00e3o Cultural Colombina que funciona na sua casa, ali mesmo no Morro da Provid\u00eancia.<\/p>\n<!-- AddThis Advanced Settings generic via filter on the_content --><!-- AddThis Share Buttons generic via filter on the_content -->","protected":false},"excerpt":{"rendered":"<div class=\"mh-excerpt\"><p>Click Here for English No dia 23 de julho, o Largo do Cruzeiro no Morro da Provid\u00eancia recebeu o Festival Subindo a Ladeira com a participa\u00e7\u00e3o de grupos de dentro e fora do morro. A <a class=\"mh-excerpt-more\" href=\"https:\/\/rioonwatch.org.br\/?p=21310\" title=\"Provid\u00eancia Realiza Festival &#8216;Subindo a Ladeira&#8217;: Capoeira, Teatro, Cineclube, A\u00e7\u00f5es Ambientais\">[&#8230;]<\/a><!-- AddThis Advanced Settings generic via filter on get_the_excerpt --><!-- AddThis Share Buttons generic via filter on get_the_excerpt --><\/p>\n<\/div>","protected":false},"author":132,"featured_media":21312,"comment_status":"closed","ping_status":"closed","sticky":false,"template":"","format":"standard","meta":{"_acf_changed":false,"_monsterinsights_skip_tracking":false,"_monsterinsights_sitenote_active":false,"_monsterinsights_sitenote_note":"","_monsterinsights_sitenote_category":0,"footnotes":""},"categories":[1627,1615,1625],"tags":[334,921,259,50,81,421,336,922,1440,1368,257,1412,494,1347,476,335],"writer":[1932],"translator":[],"source":[],"ilustrador":[],"fotografo":[],"class_list":{"0":"post-21310","1":"post","2":"type-post","3":"status-publish","4":"format-standard","5":"has-post-thumbnail","7":"category-relato-de-evento","8":"category-cultura-da-favela","9":"category-por-correspondentes-comunitarios","10":"tag-arte","11":"tag-capoeira","12":"tag-centro","13":"tag-cinema","14":"tag-cultura","15":"tag-cultura-da-favela","16":"tag-danca","17":"tag-evento","18":"tag-favela-criativa","19":"tag-filme","20":"tag-providencia","21":"tag-producao-cultural","22":"tag-regiao-do-porto","23":"tag-solucao","24":"tag-solucao-comunitaria","25":"tag-teatro","26":"writer-miriane-pellegrino"},"acf":[],"yoast_head":"<!-- This site is optimized with the Yoast SEO plugin v25.6 - https:\/\/yoast.com\/wordpress\/plugins\/seo\/ -->\n<title>Provid\u00eancia Realiza Festival &#039;Subindo a Ladeira&#039;: Capoeira, Teatro, Cineclube, A\u00e7\u00f5es Ambientais - RioOnWatch<\/title>\n<meta name=\"robots\" content=\"index, follow, max-snippet:-1, max-image-preview:large, max-video-preview:-1\" \/>\n<link rel=\"canonical\" href=\"https:\/\/rioonwatch.org.br\/?p=21310\" \/>\n<meta property=\"og:locale\" content=\"pt_BR\" \/>\n<meta property=\"og:type\" content=\"article\" \/>\n<meta property=\"og:title\" content=\"Provid\u00eancia Realiza Festival &#039;Subindo a Ladeira&#039;: Capoeira, Teatro, Cineclube, A\u00e7\u00f5es Ambientais - RioOnWatch\" \/>\n<meta property=\"og:description\" content=\"Click Here for English No dia 23 de julho, o Largo do Cruzeiro no Morro da Provid\u00eancia recebeu o Festival Subindo a Ladeira com a participa\u00e7\u00e3o de grupos de dentro e fora do morro. A [...]\" \/>\n<meta property=\"og:url\" content=\"https:\/\/rioonwatch.org.br\/?p=21310\" \/>\n<meta property=\"og:site_name\" content=\"RioOnWatch\" \/>\n<meta property=\"article:published_time\" content=\"2016-08-07T11:00:30+00:00\" \/>\n<meta property=\"article:modified_time\" content=\"2016-09-01T01:04:08+00:00\" \/>\n<meta property=\"og:image\" content=\"https:\/\/rioonwatch.org.br\/wp-content\/uploads\/2016\/08\/Foto-1-scaled.jpg\" \/>\n\t<meta property=\"og:image:width\" content=\"2560\" \/>\n\t<meta property=\"og:image:height\" content=\"1707\" \/>\n\t<meta property=\"og:image:type\" content=\"image\/jpeg\" \/>\n<meta name=\"author\" content=\"Felicity\" \/>\n<meta name=\"twitter:card\" content=\"summary_large_image\" \/>\n<meta name=\"twitter:label1\" content=\"Escrito por\" \/>\n\t<meta name=\"twitter:data1\" content=\"Felicity\" \/>\n\t<meta name=\"twitter:label2\" content=\"Est. tempo de leitura\" \/>\n\t<meta name=\"twitter:data2\" content=\"5 minutos\" \/>\n<script type=\"application\/ld+json\" class=\"yoast-schema-graph\">{\"@context\":\"https:\/\/schema.org\",\"@graph\":[{\"@type\":\"Article\",\"@id\":\"https:\/\/rioonwatch.org.br\/?p=21310#article\",\"isPartOf\":{\"@id\":\"https:\/\/rioonwatch.org.br\/?p=21310\"},\"author\":{\"name\":\"Felicity\",\"@id\":\"https:\/\/rioonwatch.org.br\/#\/schema\/person\/4d05cf5053c358ab740b3edd75a173f2\"},\"headline\":\"Provid\u00eancia Realiza Festival &#8216;Subindo a Ladeira&#8217;: Capoeira, Teatro, Cineclube, A\u00e7\u00f5es Ambientais\",\"datePublished\":\"2016-08-07T11:00:30+00:00\",\"dateModified\":\"2016-09-01T01:04:08+00:00\",\"mainEntityOfPage\":{\"@id\":\"https:\/\/rioonwatch.org.br\/?p=21310\"},\"wordCount\":1042,\"publisher\":{\"@id\":\"https:\/\/rioonwatch.org.br\/#organization\"},\"image\":{\"@id\":\"https:\/\/rioonwatch.org.br\/?p=21310#primaryimage\"},\"thumbnailUrl\":\"https:\/\/rioonwatch.org.br\/wp-content\/uploads\/2016\/08\/Foto-1-scaled.jpg\",\"keywords\":[\"arte\",\"capoeira\",\"Centro\",\"cinema\",\"cultura\",\"cultura da favela\",\"dan\u00e7a\",\"evento\",\"Favela Criativa\",\"filme\",\"Morro da Provid\u00eancia\",\"produ\u00e7\u00e3o cultural\",\"Regi\u00e3o do Porto\",\"solu\u00e7\u00e3o\",\"solu\u00e7\u00e3o comunit\u00e1ria\",\"teatro\"],\"articleSection\":[\"Cobertura de Eventos\",\"Cultura da Favela\",\"Escrito por Comunicadores Populares\"],\"inLanguage\":\"pt-BR\"},{\"@type\":\"WebPage\",\"@id\":\"https:\/\/rioonwatch.org.br\/?p=21310\",\"url\":\"https:\/\/rioonwatch.org.br\/?p=21310\",\"name\":\"Provid\u00eancia Realiza Festival 'Subindo a Ladeira': Capoeira, Teatro, Cineclube, A\u00e7\u00f5es Ambientais - RioOnWatch\",\"isPartOf\":{\"@id\":\"https:\/\/rioonwatch.org.br\/#website\"},\"primaryImageOfPage\":{\"@id\":\"https:\/\/rioonwatch.org.br\/?p=21310#primaryimage\"},\"image\":{\"@id\":\"https:\/\/rioonwatch.org.br\/?p=21310#primaryimage\"},\"thumbnailUrl\":\"https:\/\/rioonwatch.org.br\/wp-content\/uploads\/2016\/08\/Foto-1-scaled.jpg\",\"datePublished\":\"2016-08-07T11:00:30+00:00\",\"dateModified\":\"2016-09-01T01:04:08+00:00\",\"breadcrumb\":{\"@id\":\"https:\/\/rioonwatch.org.br\/?p=21310#breadcrumb\"},\"inLanguage\":\"pt-BR\",\"potentialAction\":[{\"@type\":\"ReadAction\",\"target\":[\"https:\/\/rioonwatch.org.br\/?p=21310\"]}]},{\"@type\":\"ImageObject\",\"inLanguage\":\"pt-BR\",\"@id\":\"https:\/\/rioonwatch.org.br\/?p=21310#primaryimage\",\"url\":\"https:\/\/rioonwatch.org.br\/wp-content\/uploads\/2016\/08\/Foto-1-scaled.jpg\",\"contentUrl\":\"https:\/\/rioonwatch.org.br\/wp-content\/uploads\/2016\/08\/Foto-1-scaled.jpg\",\"width\":2560,\"height\":1707},{\"@type\":\"BreadcrumbList\",\"@id\":\"https:\/\/rioonwatch.org.br\/?p=21310#breadcrumb\",\"itemListElement\":[{\"@type\":\"ListItem\",\"position\":1,\"name\":\"In\u00edcio\",\"item\":\"https:\/\/rioonwatch.org.br\/\"},{\"@type\":\"ListItem\",\"position\":2,\"name\":\"Provid\u00eancia Realiza Festival &#8216;Subindo a Ladeira&#8217;: Capoeira, Teatro, Cineclube, A\u00e7\u00f5es Ambientais\"}]},{\"@type\":\"WebSite\",\"@id\":\"https:\/\/rioonwatch.org.br\/#website\",\"url\":\"https:\/\/rioonwatch.org.br\/\",\"name\":\"RioOnWatch\",\"description\":\"relatos das favelas cariocas\",\"publisher\":{\"@id\":\"https:\/\/rioonwatch.org.br\/#organization\"},\"potentialAction\":[{\"@type\":\"SearchAction\",\"target\":{\"@type\":\"EntryPoint\",\"urlTemplate\":\"https:\/\/rioonwatch.org.br\/?s={search_term_string}\"},\"query-input\":{\"@type\":\"PropertyValueSpecification\",\"valueRequired\":true,\"valueName\":\"search_term_string\"}}],\"inLanguage\":\"pt-BR\"},{\"@type\":\"Organization\",\"@id\":\"https:\/\/rioonwatch.org.br\/#organization\",\"name\":\"RioOnWatch\",\"url\":\"https:\/\/rioonwatch.org.br\/\",\"logo\":{\"@type\":\"ImageObject\",\"inLanguage\":\"pt-BR\",\"@id\":\"https:\/\/rioonwatch.org.br\/#\/schema\/logo\/image\/\",\"url\":\"https:\/\/rioonwatch.org.br\/wp-content\/uploads\/2021\/06\/RioOnWatchcabecalhoPT11anos-2.png\",\"contentUrl\":\"https:\/\/rioonwatch.org.br\/wp-content\/uploads\/2021\/06\/RioOnWatchcabecalhoPT11anos-2.png\",\"width\":779,\"height\":277,\"caption\":\"RioOnWatch\"},\"image\":{\"@id\":\"https:\/\/rioonwatch.org.br\/#\/schema\/logo\/image\/\"}},{\"@type\":\"Person\",\"@id\":\"https:\/\/rioonwatch.org.br\/#\/schema\/person\/4d05cf5053c358ab740b3edd75a173f2\",\"name\":\"Felicity\",\"image\":{\"@type\":\"ImageObject\",\"inLanguage\":\"pt-BR\",\"@id\":\"https:\/\/rioonwatch.org.br\/#\/schema\/person\/image\/\",\"url\":\"https:\/\/secure.gravatar.com\/avatar\/bfc904486dc0bba6015410a00fe3fc27?s=96&d=blank&r=g\",\"contentUrl\":\"https:\/\/secure.gravatar.com\/avatar\/bfc904486dc0bba6015410a00fe3fc27?s=96&d=blank&r=g\",\"caption\":\"Felicity\"},\"url\":\"https:\/\/rioonwatch.org.br\/?author=132\"}]}<\/script>\n<!-- \/ Yoast SEO plugin. -->","yoast_head_json":{"title":"Provid\u00eancia Realiza Festival 'Subindo a Ladeira': Capoeira, Teatro, Cineclube, A\u00e7\u00f5es Ambientais - RioOnWatch","robots":{"index":"index","follow":"follow","max-snippet":"max-snippet:-1","max-image-preview":"max-image-preview:large","max-video-preview":"max-video-preview:-1"},"canonical":"https:\/\/rioonwatch.org.br\/?p=21310","og_locale":"pt_BR","og_type":"article","og_title":"Provid\u00eancia Realiza Festival 'Subindo a Ladeira': Capoeira, Teatro, Cineclube, A\u00e7\u00f5es Ambientais - RioOnWatch","og_description":"Click Here for English No dia 23 de julho, o Largo do Cruzeiro no Morro da Provid\u00eancia recebeu o Festival Subindo a Ladeira com a participa\u00e7\u00e3o de grupos de dentro e fora do morro. A [...]","og_url":"https:\/\/rioonwatch.org.br\/?p=21310","og_site_name":"RioOnWatch","article_published_time":"2016-08-07T11:00:30+00:00","article_modified_time":"2016-09-01T01:04:08+00:00","og_image":[{"width":2560,"height":1707,"url":"https:\/\/rioonwatch.org.br\/wp-content\/uploads\/2016\/08\/Foto-1-scaled.jpg","type":"image\/jpeg"}],"author":"Felicity","twitter_card":"summary_large_image","twitter_misc":{"Escrito por":"Felicity","Est. tempo de leitura":"5 minutos"},"schema":{"@context":"https:\/\/schema.org","@graph":[{"@type":"Article","@id":"https:\/\/rioonwatch.org.br\/?p=21310#article","isPartOf":{"@id":"https:\/\/rioonwatch.org.br\/?p=21310"},"author":{"name":"Felicity","@id":"https:\/\/rioonwatch.org.br\/#\/schema\/person\/4d05cf5053c358ab740b3edd75a173f2"},"headline":"Provid\u00eancia Realiza Festival &#8216;Subindo a Ladeira&#8217;: Capoeira, Teatro, Cineclube, A\u00e7\u00f5es Ambientais","datePublished":"2016-08-07T11:00:30+00:00","dateModified":"2016-09-01T01:04:08+00:00","mainEntityOfPage":{"@id":"https:\/\/rioonwatch.org.br\/?p=21310"},"wordCount":1042,"publisher":{"@id":"https:\/\/rioonwatch.org.br\/#organization"},"image":{"@id":"https:\/\/rioonwatch.org.br\/?p=21310#primaryimage"},"thumbnailUrl":"https:\/\/rioonwatch.org.br\/wp-content\/uploads\/2016\/08\/Foto-1-scaled.jpg","keywords":["arte","capoeira","Centro","cinema","cultura","cultura da favela","dan\u00e7a","evento","Favela Criativa","filme","Morro da Provid\u00eancia","produ\u00e7\u00e3o cultural","Regi\u00e3o do Porto","solu\u00e7\u00e3o","solu\u00e7\u00e3o comunit\u00e1ria","teatro"],"articleSection":["Cobertura de Eventos","Cultura da Favela","Escrito por Comunicadores Populares"],"inLanguage":"pt-BR"},{"@type":"WebPage","@id":"https:\/\/rioonwatch.org.br\/?p=21310","url":"https:\/\/rioonwatch.org.br\/?p=21310","name":"Provid\u00eancia Realiza Festival 'Subindo a Ladeira': Capoeira, Teatro, Cineclube, A\u00e7\u00f5es Ambientais - RioOnWatch","isPartOf":{"@id":"https:\/\/rioonwatch.org.br\/#website"},"primaryImageOfPage":{"@id":"https:\/\/rioonwatch.org.br\/?p=21310#primaryimage"},"image":{"@id":"https:\/\/rioonwatch.org.br\/?p=21310#primaryimage"},"thumbnailUrl":"https:\/\/rioonwatch.org.br\/wp-content\/uploads\/2016\/08\/Foto-1-scaled.jpg","datePublished":"2016-08-07T11:00:30+00:00","dateModified":"2016-09-01T01:04:08+00:00","breadcrumb":{"@id":"https:\/\/rioonwatch.org.br\/?p=21310#breadcrumb"},"inLanguage":"pt-BR","potentialAction":[{"@type":"ReadAction","target":["https:\/\/rioonwatch.org.br\/?p=21310"]}]},{"@type":"ImageObject","inLanguage":"pt-BR","@id":"https:\/\/rioonwatch.org.br\/?p=21310#primaryimage","url":"https:\/\/rioonwatch.org.br\/wp-content\/uploads\/2016\/08\/Foto-1-scaled.jpg","contentUrl":"https:\/\/rioonwatch.org.br\/wp-content\/uploads\/2016\/08\/Foto-1-scaled.jpg","width":2560,"height":1707},{"@type":"BreadcrumbList","@id":"https:\/\/rioonwatch.org.br\/?p=21310#breadcrumb","itemListElement":[{"@type":"ListItem","position":1,"name":"In\u00edcio","item":"https:\/\/rioonwatch.org.br\/"},{"@type":"ListItem","position":2,"name":"Provid\u00eancia Realiza Festival &#8216;Subindo a Ladeira&#8217;: Capoeira, Teatro, Cineclube, A\u00e7\u00f5es Ambientais"}]},{"@type":"WebSite","@id":"https:\/\/rioonwatch.org.br\/#website","url":"https:\/\/rioonwatch.org.br\/","name":"RioOnWatch","description":"relatos das favelas cariocas","publisher":{"@id":"https:\/\/rioonwatch.org.br\/#organization"},"potentialAction":[{"@type":"SearchAction","target":{"@type":"EntryPoint","urlTemplate":"https:\/\/rioonwatch.org.br\/?s={search_term_string}"},"query-input":{"@type":"PropertyValueSpecification","valueRequired":true,"valueName":"search_term_string"}}],"inLanguage":"pt-BR"},{"@type":"Organization","@id":"https:\/\/rioonwatch.org.br\/#organization","name":"RioOnWatch","url":"https:\/\/rioonwatch.org.br\/","logo":{"@type":"ImageObject","inLanguage":"pt-BR","@id":"https:\/\/rioonwatch.org.br\/#\/schema\/logo\/image\/","url":"https:\/\/rioonwatch.org.br\/wp-content\/uploads\/2021\/06\/RioOnWatchcabecalhoPT11anos-2.png","contentUrl":"https:\/\/rioonwatch.org.br\/wp-content\/uploads\/2021\/06\/RioOnWatchcabecalhoPT11anos-2.png","width":779,"height":277,"caption":"RioOnWatch"},"image":{"@id":"https:\/\/rioonwatch.org.br\/#\/schema\/logo\/image\/"}},{"@type":"Person","@id":"https:\/\/rioonwatch.org.br\/#\/schema\/person\/4d05cf5053c358ab740b3edd75a173f2","name":"Felicity","image":{"@type":"ImageObject","inLanguage":"pt-BR","@id":"https:\/\/rioonwatch.org.br\/#\/schema\/person\/image\/","url":"https:\/\/secure.gravatar.com\/avatar\/bfc904486dc0bba6015410a00fe3fc27?s=96&d=blank&r=g","contentUrl":"https:\/\/secure.gravatar.com\/avatar\/bfc904486dc0bba6015410a00fe3fc27?s=96&d=blank&r=g","caption":"Felicity"},"url":"https:\/\/rioonwatch.org.br\/?author=132"}]}},"_links":{"self":[{"href":"https:\/\/rioonwatch.org.br\/index.php?rest_route=\/wp\/v2\/posts\/21310"}],"collection":[{"href":"https:\/\/rioonwatch.org.br\/index.php?rest_route=\/wp\/v2\/posts"}],"about":[{"href":"https:\/\/rioonwatch.org.br\/index.php?rest_route=\/wp\/v2\/types\/post"}],"author":[{"embeddable":true,"href":"https:\/\/rioonwatch.org.br\/index.php?rest_route=\/wp\/v2\/users\/132"}],"replies":[{"embeddable":true,"href":"https:\/\/rioonwatch.org.br\/index.php?rest_route=%2Fwp%2Fv2%2Fcomments&post=21310"}],"version-history":[{"count":10,"href":"https:\/\/rioonwatch.org.br\/index.php?rest_route=\/wp\/v2\/posts\/21310\/revisions"}],"predecessor-version":[{"id":22007,"href":"https:\/\/rioonwatch.org.br\/index.php?rest_route=\/wp\/v2\/posts\/21310\/revisions\/22007"}],"wp:featuredmedia":[{"embeddable":true,"href":"https:\/\/rioonwatch.org.br\/index.php?rest_route=\/wp\/v2\/media\/21312"}],"wp:attachment":[{"href":"https:\/\/rioonwatch.org.br\/index.php?rest_route=%2Fwp%2Fv2%2Fmedia&parent=21310"}],"wp:term":[{"taxonomy":"category","embeddable":true,"href":"https:\/\/rioonwatch.org.br\/index.php?rest_route=%2Fwp%2Fv2%2Fcategories&post=21310"},{"taxonomy":"post_tag","embeddable":true,"href":"https:\/\/rioonwatch.org.br\/index.php?rest_route=%2Fwp%2Fv2%2Ftags&post=21310"},{"taxonomy":"writer","embeddable":true,"href":"https:\/\/rioonwatch.org.br\/index.php?rest_route=%2Fwp%2Fv2%2Fwriter&post=21310"},{"taxonomy":"translator","embeddable":true,"href":"https:\/\/rioonwatch.org.br\/index.php?rest_route=%2Fwp%2Fv2%2Ftranslator&post=21310"},{"taxonomy":"source","embeddable":true,"href":"https:\/\/rioonwatch.org.br\/index.php?rest_route=%2Fwp%2Fv2%2Fsource&post=21310"},{"taxonomy":"ilustrador","embeddable":true,"href":"https:\/\/rioonwatch.org.br\/index.php?rest_route=%2Fwp%2Fv2%2Filustrador&post=21310"},{"taxonomy":"fotografo","embeddable":true,"href":"https:\/\/rioonwatch.org.br\/index.php?rest_route=%2Fwp%2Fv2%2Ffotografo&post=21310"}],"curies":[{"name":"wp","href":"https:\/\/api.w.org\/{rel}","templated":true}]}}