{"id":21331,"date":"2016-08-03T08:42:09","date_gmt":"2016-08-03T11:42:09","guid":{"rendered":"http:\/\/rioonwatch.org.br\/?p=21331"},"modified":"2024-05-24T12:41:02","modified_gmt":"2024-05-24T15:41:02","slug":"stopfavelastigma-jacarezinho-na-visao-de-quem-mora","status":"publish","type":"post","link":"https:\/\/rioonwatch.org.br\/?p=21331","title":{"rendered":"Jacarezinho na Vis\u00e3o de Quem Mora"},"content":{"rendered":"<p style=\"text-align: right;\"><em><strong><a href=\"http:\/\/bit.ly\/2aB4xD4\" target=\"_blank\" rel=\"noopener\">Click Here for English<img decoding=\"async\" width=\"20\" height=\"20\" class=\"alignright wp-image-15790\" src=\"http:\/\/rioonwatch.org.br\/wp-content\/uploads\/2012\/08\/EN-standard-e1439583104716.jpg\" \/><\/a><\/strong><\/em><\/p>\n<p><a href=\"http:\/\/bit.ly\/19t7wK0\">Jacarezinho<\/a>, favela da <a href=\"http:\/\/bit.ly\/WximDf\" target=\"_blank\" rel=\"noopener\">Zona Norte<\/a> carioca, surgiu no contexto da industrializa\u00e7\u00e3o da d\u00e9cada de 20, com a grande oferta de empregos, principal respons\u00e1vel pelo processo de populariza\u00e7\u00e3o do local. N\u00e3o diferente de outras favelas, o Jacarezinho sofreu amea\u00e7as de <a href=\"http:\/\/bit.ly\/X51Qvb\" target=\"_blank\" rel=\"noopener\">remo\u00e7\u00e3o<\/a>, mas mostrou-se resistente em rela\u00e7\u00e3o \u00e0 ocupa\u00e7\u00e3o do territ\u00f3rio. Estabeleceram-se na regi\u00e3o com apoio de sindicatos, associa\u00e7\u00f5es e demais grupos de moradores. Com a <a href=\"http:\/\/bit.ly\/2atqc5i\" target=\"_blank\" rel=\"noopener\">crise do Petr\u00f3leo<\/a> (1970-1990), diversas f\u00e1bricas deixaram o local ou faliram, largando \u00e0 \u201cpr\u00f3pria sorte\u201d os trabalhadores que ali permaneceram. Os galp\u00f5es que antes abrigavam as f\u00e1bricas, foram abandonados e passaram a ser moradia para as fam\u00edlias que n\u00e3o tinham como se manter diante do quadro de desemprego em massa e condi\u00e7\u00f5es de mis\u00e9ria.<\/p>\n<p>Hoje, Jacarezinho \u00e9 considerado bairro, inserido na <a href=\"http:\/\/bit.ly\/2awD5JB\" target=\"_blank\" rel=\"noopener\">XXVIII &#8211; R.A. Jacarezinho<\/a>, mas mant\u00e9m em seu complexo com cerca de 11 favelas, as caracter\u00edsticas consideradas informais para um bairro formalizado, como o adensamento de habita\u00e7\u00e3o, asfaltamento prec\u00e1rio, <a href=\"http:\/\/bit.ly\/14lMZGK\" target=\"_blank\" rel=\"noopener\">esgoto sem tratamento<\/a>, <a href=\"http:\/\/bit.ly\/1GyyKkX\" target=\"_blank\" rel=\"noopener\">abastecimento de \u00e1gua<\/a> e fornecimento de luz irregulares, al\u00e9m das quest\u00f5es de <a href=\"http:\/\/bit.ly\/1kzUmMv\" target=\"_blank\" rel=\"noopener\">sa\u00fade<\/a>, <a href=\"http:\/\/bit.ly\/1acNApR\" target=\"_blank\" rel=\"noopener\">educa\u00e7\u00e3o<\/a>, <a href=\"http:\/\/bit.ly\/1SFheig\" target=\"_blank\" rel=\"noopener\">pobreza<\/a> e <a href=\"http:\/\/bit.ly\/1wLR1Ef\" target=\"_blank\" rel=\"noopener\">viol\u00eancia<\/a>.<\/p>\n<p><a href=\"http:\/\/rioonwatch.org.br\/wp-content\/uploads\/2016\/08\/Falte-de-\u00e1gua-e-energia-Foto-de-L\u00e9o-Lima-.jpg\"><img fetchpriority=\"high\" decoding=\"async\" class=\"aligncenter wp-image-21339 size-content\" title=\"Crian\u00e7as improvisando uma banda no Jacarezinho. Foto por L\u00e9o Lima\" src=\"http:\/\/rioonwatch.org.br\/wp-content\/uploads\/2016\/08\/Falte-de-\u00e1gua-e-energia-Foto-de-L\u00e9o-Lima--620x264.jpg\" alt=\"Falte de \u00e1gua e energia - Foto de L\u00e9o Lima -\" width=\"620\" height=\"264\" srcset=\"https:\/\/rioonwatch.org.br\/wp-content\/uploads\/2016\/08\/Falte-de-\u00e1gua-e-energia-Foto-de-L\u00e9o-Lima--620x264.jpg 620w, https:\/\/rioonwatch.org.br\/wp-content\/uploads\/2016\/08\/Falte-de-\u00e1gua-e-energia-Foto-de-L\u00e9o-Lima--940x400.jpg 940w\" sizes=\"(max-width: 620px) 100vw, 620px\" \/><\/a><\/p>\n<p>Em rela\u00e7\u00e3o \u00e0 viol\u00eancia, a <a href=\"http:\/\/bit.ly\/1i0t9Hc\" target=\"_blank\" rel=\"noopener\">abordagem da pol\u00edcia na favela<\/a> \u00e9 completamente diferente da abordagem feita no asfalto. Al\u00e9m de portarem armas de grosso calibre utilizadas em guerras, esses policiais despreparados, promovem opera\u00e7\u00f5es a qualquer hora, atiram em transeuntes que figure um suspeito, e como sabemos o <a href=\"http:\/\/bit.ly\/1KiFeTl\" target=\"_blank\" rel=\"noopener\">racismo<\/a>\u00a0\u00e9 fator determinante na <a href=\"http:\/\/bit.ly\/1fGmPzz\" target=\"_blank\" rel=\"noopener\">execu\u00e7\u00e3o de negros, em sua maioria homens jovens<\/a>. Na l\u00f3gica cruel do Estado em que vivemos, o suspeito padr\u00e3o \u00e9 o negro, e a ordem acatada pela pol\u00edcia \u00e9 \u201catirar primeiro e perguntar depois\u201d. O auto de resist\u00eancia d\u00e1 respaldo para isso&#8211; <a href=\"http:\/\/bit.ly\/2auxnrm\" target=\"_blank\" rel=\"noopener\">recentemente maquiado com uma nova nomenclatura<\/a>, \u201cles\u00e3o corporal ou homic\u00eddio decorrente de oposi\u00e7\u00e3o \u00e0 interven\u00e7\u00e3o policial&#8221;&#8211;pois permanece justificando as a\u00e7\u00f5es de \u2018pena de morte\u2019 nas periferias urbanas. A covardia cometida por esses agentes autorizados a matar acontece em v\u00e1rias propor\u00e7\u00f5es: agress\u00f5es verbais, f\u00edsicas e psicol\u00f3gicas (terror), revistas vexat\u00f3rias, muitas vezes nas portas de nossas casas, invas\u00e3o de domic\u00edlio, estupros, torturas, desaparecimento e genoc\u00eddio da popula\u00e7\u00e3o negra, em maioria homens jovens.<\/p>\n<p>Sabemos que a pol\u00edcia n\u00e3o age sozinha nos casos de exterm\u00ednio, pois <a href=\"http:\/\/bit.ly\/1ImsVkJ\" target=\"_blank\" rel=\"noopener\">recebem apoio de delegados, promotores e ju\u00edzes, que em conjunto legitimam \u00e0s mortes<\/a>. N\u00e3o h\u00e1 investiga\u00e7\u00e3o nesses casos, e ao inv\u00e9s de se apurar como ocorreu o homic\u00eddio, os motivos da execu\u00e7\u00e3o s\u00e3o justificados a partir da biografia da v\u00edtima, especulando se o mesmo era trabalhador ou \u201cbandido\u201d, como se isso permitisse a execu\u00e7\u00e3o dos que est\u00e3o envolvidos com as vendas de drogas il\u00edcitas. <a href=\"http:\/\/bit.ly\/1USvsNF\" target=\"_blank\" rel=\"noopener\">As m\u00e3es desses jovens assassinados<\/a>, lutam por justi\u00e7a para provar que seu filho n\u00e3o tinha envolvimento com o \u201ctr\u00e1fico\u201d, sem qualquer amparo do Estado, que sempre entende como incontest\u00e1vel a a\u00e7\u00e3o da pol\u00edcia. <a href=\"http:\/\/bit.ly\/29GfPqt\">Essas m\u00e3es sofrem<\/a> amea\u00e7as, ficam em depress\u00e3o, t\u00eam doen\u00e7as cr\u00f4nicas agravadas, s\u00e3o desrespeitadas nas audi\u00eancias p\u00fablicas e ainda convivem com o pesadelo dos policias soltos, pois a maioria apenas \u00e9 transferido de posto. Fora as m\u00e3es que acreditam n\u00e3o terem o direito de provar que a pol\u00edcia errou, por acreditarem que os filhos envolvidos com as pr\u00e1ticas do &#8216;tr\u00e1fico&#8217;, merecessem morrer por estarem nessa vida.<\/p>\n<p>Al\u00e9m de promoverem o terror dentro das favelas a pol\u00edcia pro\u00edbe qualquer manifesta\u00e7\u00e3o cultural e\/ ou de entretenimento. Um dos lazeres da favela era o baile, mas desde a <a href=\"http:\/\/bit.ly\/1W0CgpA\" target=\"_blank\" rel=\"noopener\">chegada da UPP em 2012<\/a>, ele<a href=\"http:\/\/bit.ly\/15AHiil\" target=\"_blank\" rel=\"noopener\"> foi proibido<\/a>. Como de pr\u00e1xis, a pol\u00edcia atribui sua proibi\u00e7\u00e3o ao suposto v\u00ednculo do evento com a venda ilegal de drogas il\u00edcitas, ignorando o fato de que o baile movimentava o com\u00e9rcio, possibilitando o emprego de m\u00e3o de obra local, de pessoas que muitas vezes n\u00e3o conseguem acessar o mercado de trabalho por n\u00e3o cumprirem determinadas exig\u00eancias. Hoje, a quadra da GRES Unidos do Jacarezinho, que movimenta shows e eventos ao longo do ano para custear o desfile no carnaval, \u00e9 a op\u00e7\u00e3o de lazer, apesar de n\u00e3o contemplar todos os moradores, j\u00e1 que o acesso aos eventos s\u00e3o pagos.<\/p>\n<p>Mais uma vez a n\u00edtida dicotomia entre a <a href=\"http:\/\/bit.ly\/1Y4mr4h\">favela e o asfalto<\/a>, pois sabemos que o <a href=\"http:\/\/bit.ly\/1kKdVRX\" target=\"_blank\" rel=\"noopener\">Funk<\/a>, principal a\u00e7\u00e3o cultural oriunda de favelas, \u00e9 impossibilitado de ser promovido pelo morador, negro, ator local, que nasceu envolvido nas a\u00e7\u00f5es do movimento Funk, em contrapartida das festas que acontecem pela cidade, principalmente no <a href=\"http:\/\/bit.ly\/1qX7nZG\" target=\"_blank\" rel=\"noopener\">Centro<\/a> e na <a href=\"http:\/\/bit.ly\/1mNsDyk\" target=\"_blank\" rel=\"noopener\">Zona Sul<\/a>, lugares de privil\u00e9gio e privilegiados, que desfrutam do Batid\u00e3o, e ainda folclorizam e <a href=\"http:\/\/bit.ly\/2aRQOtw\" target=\"_blank\" rel=\"noopener\">estereotipam a realidade dura e resistente das favelas<\/a>, exibindo em suas decora\u00e7\u00f5es, caracter\u00edsticas da mis\u00e9ria e dificuldades dos moradores de favela, para estampar seus cen\u00e1rios.<\/p>\n<p>A famosa m\u00e1xima: \u201c\u00c9 som de preto, de favelado, mas quando toca ningu\u00e9m fica parado\u201d. Ou seja, para quem serve o Funk, se n\u00e3o para o funkeiro? Por que as festas tocadas e realizadas pelo produtor branco da elite pode ser Funk (disputa de mercado), mas os moradores das favelas n\u00e3o podem promover seus bailes, dentro das favelas para a favela? O racismo que mata o jovem negro, pobre, favelado, julgando-o como \u201cbandido\u201d, \u00e9 o mesmo que impede toda uma juventude de desenvolver e construir sua pr\u00f3pria <a href=\"http:\/\/bit.ly\/27bj6FX\" target=\"_blank\" rel=\"noopener\">identidade ancestral cultural<\/a>. Como j\u00e1 ouvi de um dan\u00e7arino de Funk, Cebolinha: \u201co Funk n\u00e3o \u00e9 somente um produto no mercado, ele salva vidas\u201d. Atrav\u00e9s do ritmo, os jovens tiverem sua <a href=\"http:\/\/bit.ly\/2a175MR\" target=\"_blank\" rel=\"noopener\">autoestima aumentada<\/a>, e puderam desenvolver-se em diferentes \u00e1reas que abrangem esse universo, como produtores, MCs, DJs, dan\u00e7arinos, t\u00e9cnico de som, fot\u00f3grafos, cineastas, entre outros.<\/p>\n<p><a href=\"http:\/\/rioonwatch.org.br\/wp-content\/uploads\/2016\/08\/Quadra-do-Talib\u00e3-Azul-Foto-de-L\u00e9o-Lima.jpg\"><img decoding=\"async\" class=\"aligncenter wp-image-21341 size-content\" title=\"Quadra do Talib\u00e3, Azul - Foto por L\u00e9o Lima\" src=\"http:\/\/rioonwatch.org.br\/wp-content\/uploads\/2016\/08\/Quadra-do-Talib\u00e3-Azul-Foto-de-L\u00e9o-Lima-620x264.jpg\" alt=\"Quadra do Talib\u00e3, Azul - Foto de L\u00e9o Lima\" width=\"620\" height=\"264\" srcset=\"https:\/\/rioonwatch.org.br\/wp-content\/uploads\/2016\/08\/Quadra-do-Talib\u00e3-Azul-Foto-de-L\u00e9o-Lima-620x264.jpg 620w, https:\/\/rioonwatch.org.br\/wp-content\/uploads\/2016\/08\/Quadra-do-Talib\u00e3-Azul-Foto-de-L\u00e9o-Lima-940x400.jpg 940w\" sizes=\"(max-width: 620px) 100vw, 620px\" \/><\/a><\/p>\n<p>Alguns exemplos da exist\u00eancia da pot\u00eancia cultural no solo favelado, s\u00e3o moradores do Jacarezinho que incomodados com o desamparo, resolveram fazer por eles mesmos. <a href=\"http:\/\/bit.ly\/ZBa7ui\" target=\"_blank\" rel=\"noopener\">L\u00e9o Lima<\/a>, cria do Azul (parte alta do Jacarezinho), fot\u00f3grafo, estudante de pedagogia, \u00e9 representante do <a href=\"http:\/\/bit.ly\/2b1zKR0\" target=\"_blank\" rel=\"noopener\">Coletivo Cafun\u00e9 na Laje<\/a>, movimento independente de arte educa\u00e7\u00e3o que atua no Rio, atribuindo arte e tecnologia a esse processo org\u00e2nico de troca entre indiv\u00edduos. Sendo um sucesso entra as crian\u00e7as e todos os moradores do entorno, as fotografias de L\u00e9o Lima trazem toda delicadeza e nuance dos sonhos de meninos, lembrando das brincadeiras, risadas e momentos felizes da favela.<\/p>\n<p><a href=\"http:\/\/rioonwatch.org.br\/wp-content\/uploads\/2016\/08\/Jacar\u00e9-\u00e9-Moda-Vidigal.png\"><img loading=\"lazy\" decoding=\"async\" class=\"aligncenter wp-image-21340 size-content\" title=\"Jacar\u00e9 \u00e9 Moda se apresenta no Vidigal\" src=\"http:\/\/rioonwatch.org.br\/wp-content\/uploads\/2016\/08\/Jacar\u00e9-\u00e9-Moda-Vidigal-620x264.png\" alt=\"Jacar\u00e9 \u00e9 Moda - Vidigal\" width=\"620\" height=\"264\" srcset=\"https:\/\/rioonwatch.org.br\/wp-content\/uploads\/2016\/08\/Jacar\u00e9-\u00e9-Moda-Vidigal-620x264.png 620w, https:\/\/rioonwatch.org.br\/wp-content\/uploads\/2016\/08\/Jacar\u00e9-\u00e9-Moda-Vidigal-940x400.png 940w\" sizes=\"(max-width: 620px) 100vw, 620px\" \/><\/a><\/p>\n<p>Inaugurada por J\u00falio Cesar, mais conhecido como <a href=\"http:\/\/glo.bo\/2atwja0\" target=\"_blank\" rel=\"noopener\">J\u00falio Moda<\/a>, a ag\u00eancia <a href=\"http:\/\/bit.ly\/2arBhQm\" target=\"_blank\" rel=\"noopener\">Jacar\u00e9 \u00e9 Moda<\/a> revela talentos de favelas e sub\u00farbios do Rio para o mundo. A iniciativa busca atrav\u00e9s da moda, empoderar os jovens e diminuir a dist\u00e2ncia entre a periferia e o mundo fashion. J\u00falio \u00e9 sobrinho da centen\u00e1ria Tia Dorinha, conhecida por ser a \u00faltima rezadeira no Jacarezinho e por ter cuidado de muitas crian\u00e7as para as m\u00e3es trabalharem, j\u00e1 que a mesma n\u00e3o teve filhos.<\/p>\n<p><a href=\"http:\/\/rioonwatch.org.br\/wp-content\/uploads\/2016\/08\/Tia-Dorinha-em-passeata-para-S\u00e3o-Sebasti\u00e3o-Foto-L\u00e9o-Lima.jpg\"><img loading=\"lazy\" decoding=\"async\" class=\"aligncenter wp-image-21342 size-content\" title=\"Tia Dorinha, em prociss\u00e3o para S\u00e3o Sebasti\u00e3o - Foto por L\u00e9o Lima\" src=\"http:\/\/rioonwatch.org.br\/wp-content\/uploads\/2016\/08\/Tia-Dorinha-em-passeata-para-S\u00e3o-Sebasti\u00e3o-Foto-L\u00e9o-Lima-620x264.jpg\" alt=\"Tia Dorinha, em passeata para S\u00e3o Sebasti\u00e3o - Foto L\u00e9o Lima\" width=\"620\" height=\"264\" srcset=\"https:\/\/rioonwatch.org.br\/wp-content\/uploads\/2016\/08\/Tia-Dorinha-em-passeata-para-S\u00e3o-Sebasti\u00e3o-Foto-L\u00e9o-Lima-620x264.jpg 620w, https:\/\/rioonwatch.org.br\/wp-content\/uploads\/2016\/08\/Tia-Dorinha-em-passeata-para-S\u00e3o-Sebasti\u00e3o-Foto-L\u00e9o-Lima-940x400.jpg 940w\" sizes=\"(max-width: 620px) 100vw, 620px\" \/><\/a><\/p>\n<p>Morar no Jaca significa sentar na porta de casa, a beira do rio Jacar\u00e9, colocar o lap top no colo e curtir um funk na brisa da tarde. Isso ilustra o lugar ideal, se pud\u00e9ssemos ficar na porta de casa, sem sermos revistados ou correr o risco de uma bala perdida, oriunda de conflitos armados promovidos pela Seguran\u00e7a P\u00fablica&#8211;PM, UPP; se o rio n\u00e3o fosse polu\u00eddo por falta de tratamento do esgoto; se a porta da minha casa n\u00e3o ficasse em um beco apertado onde outras pessoas precisam passar; e se na minha casa tivesse luz.<\/p>\n<p>Jacarezinho \u00e9 <a href=\"http:\/\/bit.ly\/1piRAgk\" target=\"_blank\" rel=\"noopener\">resist\u00eancia<\/a>!<\/p>\n<p><em>Diana Anast\u00e1cia \u00e9 cria da Mar\u00e9 e Jacarezinho, negra, favelada, funkeira, estudante de Filosofia (UERJ), e produtora cultural na <a href=\"http:\/\/bit.ly\/2aQYgIy\" target=\"_blank\" rel=\"noopener\">Fortaleceu Produ\u00e7\u00f5es<\/a>.<\/em><\/p>\n<!-- AddThis Advanced Settings generic via filter on the_content --><!-- AddThis Share Buttons generic via filter on the_content -->","protected":false},"excerpt":{"rendered":"<div class=\"mh-excerpt\"><p>Click Here for English Jacarezinho, favela da Zona Norte carioca, surgiu no contexto da industrializa\u00e7\u00e3o da d\u00e9cada de 20, com a grande oferta de empregos, principal respons\u00e1vel pelo processo de populariza\u00e7\u00e3o do local. N\u00e3o diferente <a class=\"mh-excerpt-more\" href=\"https:\/\/rioonwatch.org.br\/?p=21331\" title=\"Jacarezinho na Vis\u00e3o de Quem Mora\">[&#8230;]<\/a><!-- AddThis Advanced Settings generic via filter on get_the_excerpt --><!-- AddThis Share Buttons generic via filter on get_the_excerpt --><\/p>\n<\/div>","protected":false},"author":129,"featured_media":21338,"comment_status":"closed","ping_status":"closed","sticky":false,"template":"","format":"standard","meta":{"_acf_changed":false,"_monsterinsights_skip_tracking":false,"_monsterinsights_sitenote_active":false,"_monsterinsights_sitenote_note":"","_monsterinsights_sitenote_category":0,"footnotes":""},"categories":[1621,1615,346,1631,1625,345,1630,1616],"tags":[386,3253,1361,832,496,81,421,502,599,417,774,283,432,92,920,52,218],"writer":[1934],"translator":[],"source":[],"ilustrador":[],"fotografo":[],"class_list":{"0":"post-21331","1":"post","2":"type-post","3":"status-publish","4":"format-standard","5":"has-post-thumbnail","7":"category-destaque","8":"category-cultura-da-favela","9":"category-denuncias","10":"category-entendendo-o-rio","11":"category-por-correspondentes-comunitarios","12":"category-favela-e","13":"category-opiniao","14":"category-qualidades-da-favela","15":"tag-estigma","16":"tag-antirracismo","17":"tag-autoestima","18":"tag-cidadania","19":"tag-cidade-partida","20":"tag-cultura","21":"tag-cultura-da-favela","22":"tag-funk","23":"tag-jacarezinho","24":"tag-negligencia-do-estado","25":"tag-policia-militar","26":"tag-rede-contra-violencia","27":"tag-resistencia","28":"tag-upp","29":"tag-violencia-de-estado","30":"tag-violencia-policial","31":"tag-zona-norte","32":"writer-diana-anastacia"},"acf":[],"yoast_head":"<!-- This site is optimized with the Yoast SEO plugin v25.6 - https:\/\/yoast.com\/wordpress\/plugins\/seo\/ -->\n<title>Jacarezinho na Vis\u00e3o de Quem Mora - RioOnWatch<\/title>\n<meta name=\"robots\" content=\"index, follow, max-snippet:-1, max-image-preview:large, max-video-preview:-1\" \/>\n<link rel=\"canonical\" href=\"https:\/\/rioonwatch.org.br\/?p=21331\" \/>\n<meta property=\"og:locale\" content=\"pt_BR\" \/>\n<meta property=\"og:type\" content=\"article\" \/>\n<meta property=\"og:title\" content=\"Jacarezinho na Vis\u00e3o de Quem Mora - RioOnWatch\" \/>\n<meta property=\"og:description\" content=\"Click Here for English Jacarezinho, favela da Zona Norte carioca, surgiu no contexto da industrializa\u00e7\u00e3o da d\u00e9cada de 20, com a grande oferta de empregos, principal respons\u00e1vel pelo processo de populariza\u00e7\u00e3o do local. N\u00e3o diferente [...]\" \/>\n<meta property=\"og:url\" content=\"https:\/\/rioonwatch.org.br\/?p=21331\" \/>\n<meta property=\"og:site_name\" content=\"RioOnWatch\" \/>\n<meta property=\"article:published_time\" content=\"2016-08-03T11:42:09+00:00\" \/>\n<meta property=\"article:modified_time\" content=\"2024-05-24T15:41:02+00:00\" \/>\n<meta property=\"og:image\" content=\"https:\/\/rioonwatch.org.br\/wp-content\/uploads\/2016\/08\/Foto-L\u00e9o-Limaok.jpg\" \/>\n\t<meta property=\"og:image:width\" content=\"960\" \/>\n\t<meta property=\"og:image:height\" content=\"547\" \/>\n\t<meta property=\"og:image:type\" content=\"image\/jpeg\" \/>\n<meta name=\"author\" content=\"Admin\" \/>\n<meta name=\"twitter:card\" content=\"summary_large_image\" \/>\n<meta name=\"twitter:label1\" content=\"Escrito por\" \/>\n\t<meta name=\"twitter:data1\" content=\"Admin\" \/>\n\t<meta name=\"twitter:label2\" content=\"Est. tempo de leitura\" \/>\n\t<meta name=\"twitter:data2\" content=\"7 minutos\" \/>\n<script type=\"application\/ld+json\" class=\"yoast-schema-graph\">{\"@context\":\"https:\/\/schema.org\",\"@graph\":[{\"@type\":\"Article\",\"@id\":\"https:\/\/rioonwatch.org.br\/?p=21331#article\",\"isPartOf\":{\"@id\":\"https:\/\/rioonwatch.org.br\/?p=21331\"},\"author\":{\"name\":\"Admin\",\"@id\":\"https:\/\/rioonwatch.org.br\/#\/schema\/person\/11d64c290506f9df50c71b850c473f68\"},\"headline\":\"Jacarezinho na Vis\u00e3o de Quem Mora\",\"datePublished\":\"2016-08-03T11:42:09+00:00\",\"dateModified\":\"2024-05-24T15:41:02+00:00\",\"mainEntityOfPage\":{\"@id\":\"https:\/\/rioonwatch.org.br\/?p=21331\"},\"wordCount\":1328,\"publisher\":{\"@id\":\"https:\/\/rioonwatch.org.br\/#organization\"},\"image\":{\"@id\":\"https:\/\/rioonwatch.org.br\/?p=21331#primaryimage\"},\"thumbnailUrl\":\"https:\/\/rioonwatch.org.br\/wp-content\/uploads\/2016\/08\/Foto-L\u00e9o-Limaok.jpg\",\"keywords\":[\"#StopFavelaStigma\",\"Antirracismo\",\"autoestima\",\"cidadania\",\"cidade partida\",\"cultura\",\"cultura da favela\",\"funk\",\"Jacarezinho\",\"Neglig\u00eancia do Estado\",\"Pol\u00edcia Militar\",\"Rede Contra Viol\u00eancia\",\"resist\u00eancia\",\"UPP\",\"viol\u00eancia de Estado\",\"viol\u00eancia policial\",\"Zona Norte\"],\"articleSection\":[\"*Destaque\",\"Cultura da Favela\",\"Den\u00fancias\",\"Entendendo o Rio\",\"Escrito por Comunicadores Populares\",\"Favela \u00e9\",\"Opini\u00e3o\",\"Qualidades da Favela\"],\"inLanguage\":\"pt-BR\"},{\"@type\":\"WebPage\",\"@id\":\"https:\/\/rioonwatch.org.br\/?p=21331\",\"url\":\"https:\/\/rioonwatch.org.br\/?p=21331\",\"name\":\"Jacarezinho na Vis\u00e3o de Quem Mora - RioOnWatch\",\"isPartOf\":{\"@id\":\"https:\/\/rioonwatch.org.br\/#website\"},\"primaryImageOfPage\":{\"@id\":\"https:\/\/rioonwatch.org.br\/?p=21331#primaryimage\"},\"image\":{\"@id\":\"https:\/\/rioonwatch.org.br\/?p=21331#primaryimage\"},\"thumbnailUrl\":\"https:\/\/rioonwatch.org.br\/wp-content\/uploads\/2016\/08\/Foto-L\u00e9o-Limaok.jpg\",\"datePublished\":\"2016-08-03T11:42:09+00:00\",\"dateModified\":\"2024-05-24T15:41:02+00:00\",\"breadcrumb\":{\"@id\":\"https:\/\/rioonwatch.org.br\/?p=21331#breadcrumb\"},\"inLanguage\":\"pt-BR\",\"potentialAction\":[{\"@type\":\"ReadAction\",\"target\":[\"https:\/\/rioonwatch.org.br\/?p=21331\"]}]},{\"@type\":\"ImageObject\",\"inLanguage\":\"pt-BR\",\"@id\":\"https:\/\/rioonwatch.org.br\/?p=21331#primaryimage\",\"url\":\"https:\/\/rioonwatch.org.br\/wp-content\/uploads\/2016\/08\/Foto-L\u00e9o-Limaok.jpg\",\"contentUrl\":\"https:\/\/rioonwatch.org.br\/wp-content\/uploads\/2016\/08\/Foto-L\u00e9o-Limaok.jpg\",\"width\":960,\"height\":547},{\"@type\":\"BreadcrumbList\",\"@id\":\"https:\/\/rioonwatch.org.br\/?p=21331#breadcrumb\",\"itemListElement\":[{\"@type\":\"ListItem\",\"position\":1,\"name\":\"In\u00edcio\",\"item\":\"https:\/\/rioonwatch.org.br\/\"},{\"@type\":\"ListItem\",\"position\":2,\"name\":\"Jacarezinho na Vis\u00e3o de Quem Mora\"}]},{\"@type\":\"WebSite\",\"@id\":\"https:\/\/rioonwatch.org.br\/#website\",\"url\":\"https:\/\/rioonwatch.org.br\/\",\"name\":\"RioOnWatch\",\"description\":\"relatos das favelas cariocas\",\"publisher\":{\"@id\":\"https:\/\/rioonwatch.org.br\/#organization\"},\"potentialAction\":[{\"@type\":\"SearchAction\",\"target\":{\"@type\":\"EntryPoint\",\"urlTemplate\":\"https:\/\/rioonwatch.org.br\/?s={search_term_string}\"},\"query-input\":{\"@type\":\"PropertyValueSpecification\",\"valueRequired\":true,\"valueName\":\"search_term_string\"}}],\"inLanguage\":\"pt-BR\"},{\"@type\":\"Organization\",\"@id\":\"https:\/\/rioonwatch.org.br\/#organization\",\"name\":\"RioOnWatch\",\"url\":\"https:\/\/rioonwatch.org.br\/\",\"logo\":{\"@type\":\"ImageObject\",\"inLanguage\":\"pt-BR\",\"@id\":\"https:\/\/rioonwatch.org.br\/#\/schema\/logo\/image\/\",\"url\":\"https:\/\/rioonwatch.org.br\/wp-content\/uploads\/2021\/06\/RioOnWatchcabecalhoPT11anos-2.png\",\"contentUrl\":\"https:\/\/rioonwatch.org.br\/wp-content\/uploads\/2021\/06\/RioOnWatchcabecalhoPT11anos-2.png\",\"width\":779,\"height\":277,\"caption\":\"RioOnWatch\"},\"image\":{\"@id\":\"https:\/\/rioonwatch.org.br\/#\/schema\/logo\/image\/\"}},{\"@type\":\"Person\",\"@id\":\"https:\/\/rioonwatch.org.br\/#\/schema\/person\/11d64c290506f9df50c71b850c473f68\",\"name\":\"Admin\",\"image\":{\"@type\":\"ImageObject\",\"inLanguage\":\"pt-BR\",\"@id\":\"https:\/\/rioonwatch.org.br\/#\/schema\/person\/image\/\",\"url\":\"https:\/\/secure.gravatar.com\/avatar\/56211ac74568383903349a1485e3c325?s=96&d=blank&r=g\",\"contentUrl\":\"https:\/\/secure.gravatar.com\/avatar\/56211ac74568383903349a1485e3c325?s=96&d=blank&r=g\",\"caption\":\"Admin\"},\"url\":\"https:\/\/rioonwatch.org.br\/?author=129\"}]}<\/script>\n<!-- \/ Yoast SEO plugin. -->","yoast_head_json":{"title":"Jacarezinho na Vis\u00e3o de Quem Mora - RioOnWatch","robots":{"index":"index","follow":"follow","max-snippet":"max-snippet:-1","max-image-preview":"max-image-preview:large","max-video-preview":"max-video-preview:-1"},"canonical":"https:\/\/rioonwatch.org.br\/?p=21331","og_locale":"pt_BR","og_type":"article","og_title":"Jacarezinho na Vis\u00e3o de Quem Mora - RioOnWatch","og_description":"Click Here for English Jacarezinho, favela da Zona Norte carioca, surgiu no contexto da industrializa\u00e7\u00e3o da d\u00e9cada de 20, com a grande oferta de empregos, principal respons\u00e1vel pelo processo de populariza\u00e7\u00e3o do local. N\u00e3o diferente [...]","og_url":"https:\/\/rioonwatch.org.br\/?p=21331","og_site_name":"RioOnWatch","article_published_time":"2016-08-03T11:42:09+00:00","article_modified_time":"2024-05-24T15:41:02+00:00","og_image":[{"width":960,"height":547,"url":"https:\/\/rioonwatch.org.br\/wp-content\/uploads\/2016\/08\/Foto-L\u00e9o-Limaok.jpg","type":"image\/jpeg"}],"author":"Admin","twitter_card":"summary_large_image","twitter_misc":{"Escrito por":"Admin","Est. tempo de leitura":"7 minutos"},"schema":{"@context":"https:\/\/schema.org","@graph":[{"@type":"Article","@id":"https:\/\/rioonwatch.org.br\/?p=21331#article","isPartOf":{"@id":"https:\/\/rioonwatch.org.br\/?p=21331"},"author":{"name":"Admin","@id":"https:\/\/rioonwatch.org.br\/#\/schema\/person\/11d64c290506f9df50c71b850c473f68"},"headline":"Jacarezinho na Vis\u00e3o de Quem Mora","datePublished":"2016-08-03T11:42:09+00:00","dateModified":"2024-05-24T15:41:02+00:00","mainEntityOfPage":{"@id":"https:\/\/rioonwatch.org.br\/?p=21331"},"wordCount":1328,"publisher":{"@id":"https:\/\/rioonwatch.org.br\/#organization"},"image":{"@id":"https:\/\/rioonwatch.org.br\/?p=21331#primaryimage"},"thumbnailUrl":"https:\/\/rioonwatch.org.br\/wp-content\/uploads\/2016\/08\/Foto-L\u00e9o-Limaok.jpg","keywords":["#StopFavelaStigma","Antirracismo","autoestima","cidadania","cidade partida","cultura","cultura da favela","funk","Jacarezinho","Neglig\u00eancia do Estado","Pol\u00edcia Militar","Rede Contra Viol\u00eancia","resist\u00eancia","UPP","viol\u00eancia de Estado","viol\u00eancia policial","Zona Norte"],"articleSection":["*Destaque","Cultura da Favela","Den\u00fancias","Entendendo o Rio","Escrito por Comunicadores Populares","Favela \u00e9","Opini\u00e3o","Qualidades da Favela"],"inLanguage":"pt-BR"},{"@type":"WebPage","@id":"https:\/\/rioonwatch.org.br\/?p=21331","url":"https:\/\/rioonwatch.org.br\/?p=21331","name":"Jacarezinho na Vis\u00e3o de Quem Mora - RioOnWatch","isPartOf":{"@id":"https:\/\/rioonwatch.org.br\/#website"},"primaryImageOfPage":{"@id":"https:\/\/rioonwatch.org.br\/?p=21331#primaryimage"},"image":{"@id":"https:\/\/rioonwatch.org.br\/?p=21331#primaryimage"},"thumbnailUrl":"https:\/\/rioonwatch.org.br\/wp-content\/uploads\/2016\/08\/Foto-L\u00e9o-Limaok.jpg","datePublished":"2016-08-03T11:42:09+00:00","dateModified":"2024-05-24T15:41:02+00:00","breadcrumb":{"@id":"https:\/\/rioonwatch.org.br\/?p=21331#breadcrumb"},"inLanguage":"pt-BR","potentialAction":[{"@type":"ReadAction","target":["https:\/\/rioonwatch.org.br\/?p=21331"]}]},{"@type":"ImageObject","inLanguage":"pt-BR","@id":"https:\/\/rioonwatch.org.br\/?p=21331#primaryimage","url":"https:\/\/rioonwatch.org.br\/wp-content\/uploads\/2016\/08\/Foto-L\u00e9o-Limaok.jpg","contentUrl":"https:\/\/rioonwatch.org.br\/wp-content\/uploads\/2016\/08\/Foto-L\u00e9o-Limaok.jpg","width":960,"height":547},{"@type":"BreadcrumbList","@id":"https:\/\/rioonwatch.org.br\/?p=21331#breadcrumb","itemListElement":[{"@type":"ListItem","position":1,"name":"In\u00edcio","item":"https:\/\/rioonwatch.org.br\/"},{"@type":"ListItem","position":2,"name":"Jacarezinho na Vis\u00e3o de Quem Mora"}]},{"@type":"WebSite","@id":"https:\/\/rioonwatch.org.br\/#website","url":"https:\/\/rioonwatch.org.br\/","name":"RioOnWatch","description":"relatos das favelas cariocas","publisher":{"@id":"https:\/\/rioonwatch.org.br\/#organization"},"potentialAction":[{"@type":"SearchAction","target":{"@type":"EntryPoint","urlTemplate":"https:\/\/rioonwatch.org.br\/?s={search_term_string}"},"query-input":{"@type":"PropertyValueSpecification","valueRequired":true,"valueName":"search_term_string"}}],"inLanguage":"pt-BR"},{"@type":"Organization","@id":"https:\/\/rioonwatch.org.br\/#organization","name":"RioOnWatch","url":"https:\/\/rioonwatch.org.br\/","logo":{"@type":"ImageObject","inLanguage":"pt-BR","@id":"https:\/\/rioonwatch.org.br\/#\/schema\/logo\/image\/","url":"https:\/\/rioonwatch.org.br\/wp-content\/uploads\/2021\/06\/RioOnWatchcabecalhoPT11anos-2.png","contentUrl":"https:\/\/rioonwatch.org.br\/wp-content\/uploads\/2021\/06\/RioOnWatchcabecalhoPT11anos-2.png","width":779,"height":277,"caption":"RioOnWatch"},"image":{"@id":"https:\/\/rioonwatch.org.br\/#\/schema\/logo\/image\/"}},{"@type":"Person","@id":"https:\/\/rioonwatch.org.br\/#\/schema\/person\/11d64c290506f9df50c71b850c473f68","name":"Admin","image":{"@type":"ImageObject","inLanguage":"pt-BR","@id":"https:\/\/rioonwatch.org.br\/#\/schema\/person\/image\/","url":"https:\/\/secure.gravatar.com\/avatar\/56211ac74568383903349a1485e3c325?s=96&d=blank&r=g","contentUrl":"https:\/\/secure.gravatar.com\/avatar\/56211ac74568383903349a1485e3c325?s=96&d=blank&r=g","caption":"Admin"},"url":"https:\/\/rioonwatch.org.br\/?author=129"}]}},"_links":{"self":[{"href":"https:\/\/rioonwatch.org.br\/index.php?rest_route=\/wp\/v2\/posts\/21331"}],"collection":[{"href":"https:\/\/rioonwatch.org.br\/index.php?rest_route=\/wp\/v2\/posts"}],"about":[{"href":"https:\/\/rioonwatch.org.br\/index.php?rest_route=\/wp\/v2\/types\/post"}],"author":[{"embeddable":true,"href":"https:\/\/rioonwatch.org.br\/index.php?rest_route=\/wp\/v2\/users\/129"}],"replies":[{"embeddable":true,"href":"https:\/\/rioonwatch.org.br\/index.php?rest_route=%2Fwp%2Fv2%2Fcomments&post=21331"}],"version-history":[{"count":19,"href":"https:\/\/rioonwatch.org.br\/index.php?rest_route=\/wp\/v2\/posts\/21331\/revisions"}],"predecessor-version":[{"id":73554,"href":"https:\/\/rioonwatch.org.br\/index.php?rest_route=\/wp\/v2\/posts\/21331\/revisions\/73554"}],"wp:featuredmedia":[{"embeddable":true,"href":"https:\/\/rioonwatch.org.br\/index.php?rest_route=\/wp\/v2\/media\/21338"}],"wp:attachment":[{"href":"https:\/\/rioonwatch.org.br\/index.php?rest_route=%2Fwp%2Fv2%2Fmedia&parent=21331"}],"wp:term":[{"taxonomy":"category","embeddable":true,"href":"https:\/\/rioonwatch.org.br\/index.php?rest_route=%2Fwp%2Fv2%2Fcategories&post=21331"},{"taxonomy":"post_tag","embeddable":true,"href":"https:\/\/rioonwatch.org.br\/index.php?rest_route=%2Fwp%2Fv2%2Ftags&post=21331"},{"taxonomy":"writer","embeddable":true,"href":"https:\/\/rioonwatch.org.br\/index.php?rest_route=%2Fwp%2Fv2%2Fwriter&post=21331"},{"taxonomy":"translator","embeddable":true,"href":"https:\/\/rioonwatch.org.br\/index.php?rest_route=%2Fwp%2Fv2%2Ftranslator&post=21331"},{"taxonomy":"source","embeddable":true,"href":"https:\/\/rioonwatch.org.br\/index.php?rest_route=%2Fwp%2Fv2%2Fsource&post=21331"},{"taxonomy":"ilustrador","embeddable":true,"href":"https:\/\/rioonwatch.org.br\/index.php?rest_route=%2Fwp%2Fv2%2Filustrador&post=21331"},{"taxonomy":"fotografo","embeddable":true,"href":"https:\/\/rioonwatch.org.br\/index.php?rest_route=%2Fwp%2Fv2%2Ffotografo&post=21331"}],"curies":[{"name":"wp","href":"https:\/\/api.w.org\/{rel}","templated":true}]}}