{"id":21403,"date":"2016-08-05T13:03:52","date_gmt":"2016-08-05T16:03:52","guid":{"rendered":"http:\/\/rioonwatch.org.br\/?p=21403"},"modified":"2024-06-20T16:26:22","modified_gmt":"2024-06-20T19:26:22","slug":"aldeia-maracana-luta-pelo-museu-do-indio-proximo-a-cerimonia-de-abertura-das-olimpiadas","status":"publish","type":"post","link":"https:\/\/rioonwatch.org.br\/?p=21403","title":{"rendered":"Aldeia Maracan\u00e3 Luta pelo Museu do \u00cdndio Pr\u00f3ximo \u00e0 Cerim\u00f4nia de Abertura das Olimp\u00edadas"},"content":{"rendered":"<p style=\"text-align: right;\"><em><strong><a href=\"http:\/\/bit.ly\/2aQ8g2Y\" target=\"_blank\" rel=\"noopener\">Click Here for English<img decoding=\"async\" width=\"20\" height=\"20\" class=\"alignright wp-image-15790\" src=\"http:\/\/rioonwatch.org.br\/wp-content\/uploads\/2012\/08\/EN-standard-e1439583104716.jpg\" alt=\"\" \/><\/a><\/strong><\/em><\/p>\n<p>A comunidade ind\u00edgena urbana <a href=\"http:\/\/bit.ly\/15BSkDc\" target=\"_blank\" rel=\"noopener\">Aldeia Maracan\u00e3<\/a>\u00a0anteriormente ocupava o antigo Museu do \u00cdndio\u00a0pr\u00f3ximo ao <a href=\"http:\/\/bit.ly\/1nid1lU\" target=\"_blank\" rel=\"noopener\">est\u00e1dio do Maracan\u00e3<\/a>, onde a cerim\u00f4nia de abertura das <a href=\"http:\/\/bit.ly\/PkLXlQ\" target=\"_blank\" rel=\"noopener\">Olimp\u00edadas 2016<\/a> acontecer\u00e1 hoje.\u00a0O local foi o lar da comunidade de 2006 at\u00e9 a sua <a href=\"http:\/\/bit.ly\/X51Qvb\" target=\"_blank\" rel=\"noopener\">remo\u00e7\u00e3o<\/a> em <a href=\"http:\/\/bit.ly\/24XBovR\" target=\"_blank\" rel=\"noopener\">mar\u00e7o de 2013<\/a>, e na esteira\u00a0da remo\u00e7\u00e3o violenta, o governo do Estado anunciou que o edif\u00edcio seria transformado no Museu Ol\u00edmpico do\u00a0Comit\u00ea Ol\u00edmpico Brasileiro (COB). Por\u00e9m, segundo protestos, em\u00a0dezembro de 2014 foi decretado que o Centro de Refer\u00eancia da Cultura dos Povos Ind\u00edgenas seria estabelecido no local. A expectativa entre os antigos moradores era que o Centro de Refer\u00eancia estaria pronto at\u00e9 abril de 2016.<\/p>\n<p><a href=\"http:\/\/rioonwatch.org.br\/wp-content\/uploads\/2016\/08\/DSCF3395.jpg\"><img fetchpriority=\"high\" decoding=\"async\" class=\"aligncenter wp-image-21406 size-content\" title=\"O antigo Museu do \u00cdndio, local da Aldeia Maracan\u00e3\" src=\"http:\/\/rioonwatch.org.br\/wp-content\/uploads\/2016\/08\/DSCF3395-620x264.jpg\" alt=\"DSCF3395\" width=\"620\" height=\"264\" srcset=\"https:\/\/rioonwatch.org.br\/wp-content\/uploads\/2016\/08\/DSCF3395-620x264.jpg 620w, https:\/\/rioonwatch.org.br\/wp-content\/uploads\/2016\/08\/DSCF3395-940x400.jpg 940w\" sizes=\"(max-width: 620px) 100vw, 620px\" \/><\/a><\/p>\n<p>O governo federal era dono do edif\u00edcio at\u00e9 que ele foi vendido para o governo do Estado do Rio de Janeiro em 2012 por R$60 milh\u00f5es. Constru\u00eddo em 1862, ele j\u00e1 havia abrigado o Servi\u00e7o de Prote\u00e7\u00e3o Ind\u00edgena (SPI) e foi o primeiro museu dedicado \u00e0 cultura ind\u00edgena no Brasil, mas continuou abandonado e negligenciado at\u00e9 que foi ocupado pelas fam\u00edlias ind\u00edgenas em 2006. Chamada de Aldeia Maracan\u00e3, a ocupa\u00e7\u00e3o se estabeleceu como um ponto de refer\u00eancia cultural e organizou uma forte <a href=\"http:\/\/bit.ly\/2aV6yi7\" target=\"_blank\" rel=\"noopener\">resist\u00eancia<\/a> contra a <a href=\"http:\/\/bit.ly\/TYbrGh\" target=\"_blank\" rel=\"noopener\">remo\u00e7\u00e3o<\/a>. Embora n\u00e3o terem conseguido\u00a0resistir a remo\u00e7\u00e3o, os moradores conseguiram salvar o edif\u00edcio hist\u00f3rico da demoli\u00e7\u00e3o em 2013, e conseguiram a promessa de que o museu seria renovado e transformado em um centro de refer\u00eancia para a cultura ind\u00edgena.<\/p>\n<p>Contudo, desde ent\u00e3o nem o Comit\u00ea Ol\u00edmpico Brasileiro nem o governo do Estado realizaram qualquer obra para transformar o local em um museu e, atualmente, o espa\u00e7o sofre com a presen\u00e7a policial cont\u00ednua para evitar uma nova ocupa\u00e7\u00e3o. Nas pr\u00f3ximas semanas, a regi\u00e3o ao redor da antiga Aldeia Maracan\u00e3 receber\u00e1 milhares de pessoas nas cinco arenas Ol\u00edmpicas na regi\u00e3o do Maracan\u00e3.<\/p>\n<p><a href=\"http:\/\/rioonwatch.org.br\/wp-content\/uploads\/2016\/08\/DSCF3437.jpg\"><img decoding=\"async\" class=\"aligncenter wp-image-21407 size-content\" title=\"A presen\u00e7a da pol\u00edcia no local da Aldeia Maracan\u00e3\" src=\"http:\/\/rioonwatch.org.br\/wp-content\/uploads\/2016\/08\/DSCF3437-620x264.jpg\" alt=\"DSCF3437\" width=\"620\" height=\"264\" srcset=\"https:\/\/rioonwatch.org.br\/wp-content\/uploads\/2016\/08\/DSCF3437-620x264.jpg 620w, https:\/\/rioonwatch.org.br\/wp-content\/uploads\/2016\/08\/DSCF3437-940x400.jpg 940w\" sizes=\"(max-width: 620px) 100vw, 620px\" \/><\/a><\/p>\n<p>Retirados do ponto de refer\u00eancia que haviam estabelecido para a cultura ind\u00edgena no Rio de Janeiro, a maioria dos moradores da Aldeia Maracan\u00e3 foi inicialmente reassentada\u00a0em cont\u00eaineres\u00a0em <a href=\"http:\/\/bit.ly\/1HgPTzq\" target=\"_blank\" rel=\"noopener\">Jacarepagu\u00e1<\/a>, na <a href=\"http:\/\/bit.ly\/11tBmFR\" target=\"_blank\" rel=\"noopener\">Zona Oeste<\/a>, a mais de uma hora de dist\u00e2ncia, antes de serem reassentados\u00a0em pr\u00e9dios do\u00a0<a href=\"http:\/\/bit.ly\/Y4U9oJ\" target=\"_blank\" rel=\"noopener\">Minha Casa Minha Vida<\/a> no Est\u00e1cio, um bairro com localiza\u00e7\u00e3o central na <a href=\"http:\/\/bit.ly\/WximDf\" target=\"_blank\" rel=\"noopener\">Zona Norte<\/a>.<\/p>\n<p>Carlos Doethyr\u00f3 Tukano, presidente da Associa\u00e7\u00e3o Ind\u00edgena da Aldeia Maracan\u00e3, comenta sobre a disparidade entre os investimentos no complexo do Maracan\u00e3 e o museu, agora inabitado, que j\u00e1 foi seu lar. Ele diz: \u201cDe um lado est\u00e1 o Maracan\u00e3 que foi renovado com mais de R$1 bilh\u00e3o, e do outro est\u00e1 o pequeno espa\u00e7o do Museu do \u00cdndio\u00a0onde a renova\u00e7\u00e3o n\u00e3o passaria de R$7 milh\u00f5es para as reformas urgentes&#8221;.<\/p>\n<p>A comunidade e os apoiadores est\u00e3o lutando pelo restabelecimento de um centro ind\u00edgena no local da Aldeia Maracan\u00e3 e por um espa\u00e7o para retomar suas atividades culturais e modo de vida. Protestos pac\u00edficos foram realizados do lado de fora do edif\u00edcio e o grupo entrou com um a\u00e7\u00e3o para voltar \u00e0 ocupa\u00e7\u00e3o.<\/p>\n<p>Contudo, Carlos Doethyr\u00f3 Tukano acredita que nada vai acontecer ou progredir at\u00e9 depois das Olimp\u00edadas. \u201cEu acho que eles n\u00e3o v\u00e3o mexer em nada agora. Eles n\u00e3o far\u00e3o nada at\u00e9 setembro por causa das Olimp\u00edadas, que trar\u00e1 v\u00e1rias pessoas para aqui no Rio. A mesma coisa aconteceu com a <a href=\"http:\/\/bit.ly\/WfaiMR\" target=\"_blank\" rel=\"noopener\">Copa do Mundo<\/a>. Eles n\u00e3o v\u00e3o se importar conosco agora&#8221;.<\/p>\n<!-- AddThis Advanced Settings generic via filter on the_content --><!-- AddThis Share Buttons generic via filter on the_content -->","protected":false},"excerpt":{"rendered":"<div class=\"mh-excerpt\"><p>Click Here for English A comunidade ind\u00edgena urbana Aldeia Maracan\u00e3\u00a0anteriormente ocupava o antigo Museu do \u00cdndio\u00a0pr\u00f3ximo ao est\u00e1dio do Maracan\u00e3, onde a cerim\u00f4nia de abertura das Olimp\u00edadas 2016 acontecer\u00e1 hoje.\u00a0O local foi o lar da <a class=\"mh-excerpt-more\" href=\"https:\/\/rioonwatch.org.br\/?p=21403\" title=\"Aldeia Maracan\u00e3 Luta pelo Museu do \u00cdndio Pr\u00f3ximo \u00e0 Cerim\u00f4nia de Abertura das Olimp\u00edadas\">[&#8230;]<\/a><!-- AddThis Advanced Settings generic via filter on get_the_excerpt --><!-- AddThis Share Buttons generic via filter on get_the_excerpt --><\/p>\n<\/div>","protected":false},"author":129,"featured_media":21405,"comment_status":"closed","ping_status":"closed","sticky":false,"template":"","format":"standard","meta":{"_acf_changed":false,"_monsterinsights_skip_tracking":false,"_monsterinsights_sitenote_active":false,"_monsterinsights_sitenote_note":"","_monsterinsights_sitenote_category":0,"footnotes":""},"categories":[1617,1614,1635,1621,346,1626],"tags":[614,389,81,1574,466,1240,1111,78,14,432,218],"writer":[1937],"translator":[1898],"source":[],"ilustrador":[],"fotografo":[],"class_list":{"0":"post-21403","1":"post","2":"type-post","3":"status-publish","4":"format-standard","5":"has-post-thumbnail","7":"category-olhonagentrificacao","8":"category-olhonasremocoes","9":"category-1635","10":"category-destaque","11":"category-denuncias","12":"category-por-observadores-internacionais","13":"tag-aldeia-maracana","14":"tag-copa-do-mundo","15":"tag-cultura","16":"tag-indigenas","17":"tag-maracana","18":"tag-megaeventos","19":"tag-museu","20":"tag-olimpiadas","21":"tag-remocao","22":"tag-resistencia","23":"tag-zona-norte","24":"writer-luke-kon","25":"translator-lara-scheffer"},"acf":[],"yoast_head":"<!-- This site is optimized with the Yoast SEO plugin v25.6 - https:\/\/yoast.com\/wordpress\/plugins\/seo\/ -->\n<title>Aldeia Maracan\u00e3 Luta pelo Museu do \u00cdndio Pr\u00f3ximo \u00e0 Cerim\u00f4nia de Abertura das Olimp\u00edadas - RioOnWatch<\/title>\n<meta name=\"robots\" content=\"index, follow, max-snippet:-1, max-image-preview:large, max-video-preview:-1\" \/>\n<link rel=\"canonical\" href=\"https:\/\/rioonwatch.org.br\/?p=21403\" \/>\n<meta property=\"og:locale\" content=\"pt_BR\" \/>\n<meta property=\"og:type\" content=\"article\" \/>\n<meta property=\"og:title\" content=\"Aldeia Maracan\u00e3 Luta pelo Museu do \u00cdndio Pr\u00f3ximo \u00e0 Cerim\u00f4nia de Abertura das Olimp\u00edadas - RioOnWatch\" \/>\n<meta property=\"og:description\" content=\"Click Here for English A comunidade ind\u00edgena urbana Aldeia Maracan\u00e3\u00a0anteriormente ocupava o antigo Museu do \u00cdndio\u00a0pr\u00f3ximo ao est\u00e1dio do Maracan\u00e3, onde a cerim\u00f4nia de abertura das Olimp\u00edadas 2016 acontecer\u00e1 hoje.\u00a0O local foi o lar da [...]\" \/>\n<meta property=\"og:url\" content=\"https:\/\/rioonwatch.org.br\/?p=21403\" \/>\n<meta property=\"og:site_name\" content=\"RioOnWatch\" \/>\n<meta property=\"article:published_time\" content=\"2016-08-05T16:03:52+00:00\" \/>\n<meta property=\"article:modified_time\" content=\"2024-06-20T19:26:22+00:00\" \/>\n<meta property=\"og:image\" content=\"https:\/\/rioonwatch.org.br\/wp-content\/uploads\/2016\/08\/9654492635_b16bc4fb81_b.jpg\" \/>\n\t<meta property=\"og:image:width\" content=\"1024\" \/>\n\t<meta property=\"og:image:height\" content=\"683\" \/>\n\t<meta property=\"og:image:type\" content=\"image\/jpeg\" \/>\n<meta name=\"author\" content=\"Admin\" \/>\n<meta name=\"twitter:card\" content=\"summary_large_image\" \/>\n<meta name=\"twitter:label1\" content=\"Escrito por\" \/>\n\t<meta name=\"twitter:data1\" content=\"Admin\" \/>\n\t<meta name=\"twitter:label2\" content=\"Est. tempo de leitura\" \/>\n\t<meta name=\"twitter:data2\" content=\"3 minutos\" \/>\n<script type=\"application\/ld+json\" class=\"yoast-schema-graph\">{\"@context\":\"https:\/\/schema.org\",\"@graph\":[{\"@type\":\"Article\",\"@id\":\"https:\/\/rioonwatch.org.br\/?p=21403#article\",\"isPartOf\":{\"@id\":\"https:\/\/rioonwatch.org.br\/?p=21403\"},\"author\":{\"name\":\"Admin\",\"@id\":\"https:\/\/rioonwatch.org.br\/#\/schema\/person\/11d64c290506f9df50c71b850c473f68\"},\"headline\":\"Aldeia Maracan\u00e3 Luta pelo Museu do \u00cdndio Pr\u00f3ximo \u00e0 Cerim\u00f4nia de Abertura das Olimp\u00edadas\",\"datePublished\":\"2016-08-05T16:03:52+00:00\",\"dateModified\":\"2024-06-20T19:26:22+00:00\",\"mainEntityOfPage\":{\"@id\":\"https:\/\/rioonwatch.org.br\/?p=21403\"},\"wordCount\":622,\"publisher\":{\"@id\":\"https:\/\/rioonwatch.org.br\/#organization\"},\"image\":{\"@id\":\"https:\/\/rioonwatch.org.br\/?p=21403#primaryimage\"},\"thumbnailUrl\":\"https:\/\/rioonwatch.org.br\/wp-content\/uploads\/2016\/08\/9654492635_b16bc4fb81_b.jpg\",\"keywords\":[\"Aldeia Maracan\u00e3\",\"Copa do Mundo\",\"cultura\",\"ind\u00edgenas\",\"Maracan\u00e3\",\"Megaeventos\",\"museu\",\"Olimp\u00edadas\",\"Remo\u00e7\u00e3o\",\"resist\u00eancia\",\"Zona Norte\"],\"articleSection\":[\"#OlhoNaGentrifica\u00e7\u00e3o\",\"#OlhoNasRemo\u00e7\u00f5es\",\"#Rio2016\",\"*Destaque\",\"Den\u00fancias\",\"Escrito por Aliados\"],\"inLanguage\":\"pt-BR\"},{\"@type\":\"WebPage\",\"@id\":\"https:\/\/rioonwatch.org.br\/?p=21403\",\"url\":\"https:\/\/rioonwatch.org.br\/?p=21403\",\"name\":\"Aldeia Maracan\u00e3 Luta pelo Museu do \u00cdndio Pr\u00f3ximo \u00e0 Cerim\u00f4nia de Abertura das Olimp\u00edadas - RioOnWatch\",\"isPartOf\":{\"@id\":\"https:\/\/rioonwatch.org.br\/#website\"},\"primaryImageOfPage\":{\"@id\":\"https:\/\/rioonwatch.org.br\/?p=21403#primaryimage\"},\"image\":{\"@id\":\"https:\/\/rioonwatch.org.br\/?p=21403#primaryimage\"},\"thumbnailUrl\":\"https:\/\/rioonwatch.org.br\/wp-content\/uploads\/2016\/08\/9654492635_b16bc4fb81_b.jpg\",\"datePublished\":\"2016-08-05T16:03:52+00:00\",\"dateModified\":\"2024-06-20T19:26:22+00:00\",\"breadcrumb\":{\"@id\":\"https:\/\/rioonwatch.org.br\/?p=21403#breadcrumb\"},\"inLanguage\":\"pt-BR\",\"potentialAction\":[{\"@type\":\"ReadAction\",\"target\":[\"https:\/\/rioonwatch.org.br\/?p=21403\"]}]},{\"@type\":\"ImageObject\",\"inLanguage\":\"pt-BR\",\"@id\":\"https:\/\/rioonwatch.org.br\/?p=21403#primaryimage\",\"url\":\"https:\/\/rioonwatch.org.br\/wp-content\/uploads\/2016\/08\/9654492635_b16bc4fb81_b.jpg\",\"contentUrl\":\"https:\/\/rioonwatch.org.br\/wp-content\/uploads\/2016\/08\/9654492635_b16bc4fb81_b.jpg\",\"width\":1024,\"height\":683},{\"@type\":\"BreadcrumbList\",\"@id\":\"https:\/\/rioonwatch.org.br\/?p=21403#breadcrumb\",\"itemListElement\":[{\"@type\":\"ListItem\",\"position\":1,\"name\":\"In\u00edcio\",\"item\":\"https:\/\/rioonwatch.org.br\/\"},{\"@type\":\"ListItem\",\"position\":2,\"name\":\"Aldeia Maracan\u00e3 Luta pelo Museu do \u00cdndio Pr\u00f3ximo \u00e0 Cerim\u00f4nia de Abertura das Olimp\u00edadas\"}]},{\"@type\":\"WebSite\",\"@id\":\"https:\/\/rioonwatch.org.br\/#website\",\"url\":\"https:\/\/rioonwatch.org.br\/\",\"name\":\"RioOnWatch\",\"description\":\"relatos das favelas cariocas\",\"publisher\":{\"@id\":\"https:\/\/rioonwatch.org.br\/#organization\"},\"potentialAction\":[{\"@type\":\"SearchAction\",\"target\":{\"@type\":\"EntryPoint\",\"urlTemplate\":\"https:\/\/rioonwatch.org.br\/?s={search_term_string}\"},\"query-input\":{\"@type\":\"PropertyValueSpecification\",\"valueRequired\":true,\"valueName\":\"search_term_string\"}}],\"inLanguage\":\"pt-BR\"},{\"@type\":\"Organization\",\"@id\":\"https:\/\/rioonwatch.org.br\/#organization\",\"name\":\"RioOnWatch\",\"url\":\"https:\/\/rioonwatch.org.br\/\",\"logo\":{\"@type\":\"ImageObject\",\"inLanguage\":\"pt-BR\",\"@id\":\"https:\/\/rioonwatch.org.br\/#\/schema\/logo\/image\/\",\"url\":\"https:\/\/rioonwatch.org.br\/wp-content\/uploads\/2021\/06\/RioOnWatchcabecalhoPT11anos-2.png\",\"contentUrl\":\"https:\/\/rioonwatch.org.br\/wp-content\/uploads\/2021\/06\/RioOnWatchcabecalhoPT11anos-2.png\",\"width\":779,\"height\":277,\"caption\":\"RioOnWatch\"},\"image\":{\"@id\":\"https:\/\/rioonwatch.org.br\/#\/schema\/logo\/image\/\"}},{\"@type\":\"Person\",\"@id\":\"https:\/\/rioonwatch.org.br\/#\/schema\/person\/11d64c290506f9df50c71b850c473f68\",\"name\":\"Admin\",\"image\":{\"@type\":\"ImageObject\",\"inLanguage\":\"pt-BR\",\"@id\":\"https:\/\/rioonwatch.org.br\/#\/schema\/person\/image\/\",\"url\":\"https:\/\/secure.gravatar.com\/avatar\/56211ac74568383903349a1485e3c325?s=96&d=blank&r=g\",\"contentUrl\":\"https:\/\/secure.gravatar.com\/avatar\/56211ac74568383903349a1485e3c325?s=96&d=blank&r=g\",\"caption\":\"Admin\"},\"url\":\"https:\/\/rioonwatch.org.br\/?author=129\"}]}<\/script>\n<!-- \/ Yoast SEO plugin. -->","yoast_head_json":{"title":"Aldeia Maracan\u00e3 Luta pelo Museu do \u00cdndio Pr\u00f3ximo \u00e0 Cerim\u00f4nia de Abertura das Olimp\u00edadas - RioOnWatch","robots":{"index":"index","follow":"follow","max-snippet":"max-snippet:-1","max-image-preview":"max-image-preview:large","max-video-preview":"max-video-preview:-1"},"canonical":"https:\/\/rioonwatch.org.br\/?p=21403","og_locale":"pt_BR","og_type":"article","og_title":"Aldeia Maracan\u00e3 Luta pelo Museu do \u00cdndio Pr\u00f3ximo \u00e0 Cerim\u00f4nia de Abertura das Olimp\u00edadas - RioOnWatch","og_description":"Click Here for English A comunidade ind\u00edgena urbana Aldeia Maracan\u00e3\u00a0anteriormente ocupava o antigo Museu do \u00cdndio\u00a0pr\u00f3ximo ao est\u00e1dio do Maracan\u00e3, onde a cerim\u00f4nia de abertura das Olimp\u00edadas 2016 acontecer\u00e1 hoje.\u00a0O local foi o lar da [...]","og_url":"https:\/\/rioonwatch.org.br\/?p=21403","og_site_name":"RioOnWatch","article_published_time":"2016-08-05T16:03:52+00:00","article_modified_time":"2024-06-20T19:26:22+00:00","og_image":[{"width":1024,"height":683,"url":"https:\/\/rioonwatch.org.br\/wp-content\/uploads\/2016\/08\/9654492635_b16bc4fb81_b.jpg","type":"image\/jpeg"}],"author":"Admin","twitter_card":"summary_large_image","twitter_misc":{"Escrito por":"Admin","Est. tempo de leitura":"3 minutos"},"schema":{"@context":"https:\/\/schema.org","@graph":[{"@type":"Article","@id":"https:\/\/rioonwatch.org.br\/?p=21403#article","isPartOf":{"@id":"https:\/\/rioonwatch.org.br\/?p=21403"},"author":{"name":"Admin","@id":"https:\/\/rioonwatch.org.br\/#\/schema\/person\/11d64c290506f9df50c71b850c473f68"},"headline":"Aldeia Maracan\u00e3 Luta pelo Museu do \u00cdndio Pr\u00f3ximo \u00e0 Cerim\u00f4nia de Abertura das Olimp\u00edadas","datePublished":"2016-08-05T16:03:52+00:00","dateModified":"2024-06-20T19:26:22+00:00","mainEntityOfPage":{"@id":"https:\/\/rioonwatch.org.br\/?p=21403"},"wordCount":622,"publisher":{"@id":"https:\/\/rioonwatch.org.br\/#organization"},"image":{"@id":"https:\/\/rioonwatch.org.br\/?p=21403#primaryimage"},"thumbnailUrl":"https:\/\/rioonwatch.org.br\/wp-content\/uploads\/2016\/08\/9654492635_b16bc4fb81_b.jpg","keywords":["Aldeia Maracan\u00e3","Copa do Mundo","cultura","ind\u00edgenas","Maracan\u00e3","Megaeventos","museu","Olimp\u00edadas","Remo\u00e7\u00e3o","resist\u00eancia","Zona Norte"],"articleSection":["#OlhoNaGentrifica\u00e7\u00e3o","#OlhoNasRemo\u00e7\u00f5es","#Rio2016","*Destaque","Den\u00fancias","Escrito por Aliados"],"inLanguage":"pt-BR"},{"@type":"WebPage","@id":"https:\/\/rioonwatch.org.br\/?p=21403","url":"https:\/\/rioonwatch.org.br\/?p=21403","name":"Aldeia Maracan\u00e3 Luta pelo Museu do \u00cdndio Pr\u00f3ximo \u00e0 Cerim\u00f4nia de Abertura das Olimp\u00edadas - RioOnWatch","isPartOf":{"@id":"https:\/\/rioonwatch.org.br\/#website"},"primaryImageOfPage":{"@id":"https:\/\/rioonwatch.org.br\/?p=21403#primaryimage"},"image":{"@id":"https:\/\/rioonwatch.org.br\/?p=21403#primaryimage"},"thumbnailUrl":"https:\/\/rioonwatch.org.br\/wp-content\/uploads\/2016\/08\/9654492635_b16bc4fb81_b.jpg","datePublished":"2016-08-05T16:03:52+00:00","dateModified":"2024-06-20T19:26:22+00:00","breadcrumb":{"@id":"https:\/\/rioonwatch.org.br\/?p=21403#breadcrumb"},"inLanguage":"pt-BR","potentialAction":[{"@type":"ReadAction","target":["https:\/\/rioonwatch.org.br\/?p=21403"]}]},{"@type":"ImageObject","inLanguage":"pt-BR","@id":"https:\/\/rioonwatch.org.br\/?p=21403#primaryimage","url":"https:\/\/rioonwatch.org.br\/wp-content\/uploads\/2016\/08\/9654492635_b16bc4fb81_b.jpg","contentUrl":"https:\/\/rioonwatch.org.br\/wp-content\/uploads\/2016\/08\/9654492635_b16bc4fb81_b.jpg","width":1024,"height":683},{"@type":"BreadcrumbList","@id":"https:\/\/rioonwatch.org.br\/?p=21403#breadcrumb","itemListElement":[{"@type":"ListItem","position":1,"name":"In\u00edcio","item":"https:\/\/rioonwatch.org.br\/"},{"@type":"ListItem","position":2,"name":"Aldeia Maracan\u00e3 Luta pelo Museu do \u00cdndio Pr\u00f3ximo \u00e0 Cerim\u00f4nia de Abertura das Olimp\u00edadas"}]},{"@type":"WebSite","@id":"https:\/\/rioonwatch.org.br\/#website","url":"https:\/\/rioonwatch.org.br\/","name":"RioOnWatch","description":"relatos das favelas cariocas","publisher":{"@id":"https:\/\/rioonwatch.org.br\/#organization"},"potentialAction":[{"@type":"SearchAction","target":{"@type":"EntryPoint","urlTemplate":"https:\/\/rioonwatch.org.br\/?s={search_term_string}"},"query-input":{"@type":"PropertyValueSpecification","valueRequired":true,"valueName":"search_term_string"}}],"inLanguage":"pt-BR"},{"@type":"Organization","@id":"https:\/\/rioonwatch.org.br\/#organization","name":"RioOnWatch","url":"https:\/\/rioonwatch.org.br\/","logo":{"@type":"ImageObject","inLanguage":"pt-BR","@id":"https:\/\/rioonwatch.org.br\/#\/schema\/logo\/image\/","url":"https:\/\/rioonwatch.org.br\/wp-content\/uploads\/2021\/06\/RioOnWatchcabecalhoPT11anos-2.png","contentUrl":"https:\/\/rioonwatch.org.br\/wp-content\/uploads\/2021\/06\/RioOnWatchcabecalhoPT11anos-2.png","width":779,"height":277,"caption":"RioOnWatch"},"image":{"@id":"https:\/\/rioonwatch.org.br\/#\/schema\/logo\/image\/"}},{"@type":"Person","@id":"https:\/\/rioonwatch.org.br\/#\/schema\/person\/11d64c290506f9df50c71b850c473f68","name":"Admin","image":{"@type":"ImageObject","inLanguage":"pt-BR","@id":"https:\/\/rioonwatch.org.br\/#\/schema\/person\/image\/","url":"https:\/\/secure.gravatar.com\/avatar\/56211ac74568383903349a1485e3c325?s=96&d=blank&r=g","contentUrl":"https:\/\/secure.gravatar.com\/avatar\/56211ac74568383903349a1485e3c325?s=96&d=blank&r=g","caption":"Admin"},"url":"https:\/\/rioonwatch.org.br\/?author=129"}]}},"_links":{"self":[{"href":"https:\/\/rioonwatch.org.br\/index.php?rest_route=\/wp\/v2\/posts\/21403"}],"collection":[{"href":"https:\/\/rioonwatch.org.br\/index.php?rest_route=\/wp\/v2\/posts"}],"about":[{"href":"https:\/\/rioonwatch.org.br\/index.php?rest_route=\/wp\/v2\/types\/post"}],"author":[{"embeddable":true,"href":"https:\/\/rioonwatch.org.br\/index.php?rest_route=\/wp\/v2\/users\/129"}],"replies":[{"embeddable":true,"href":"https:\/\/rioonwatch.org.br\/index.php?rest_route=%2Fwp%2Fv2%2Fcomments&post=21403"}],"version-history":[{"count":6,"href":"https:\/\/rioonwatch.org.br\/index.php?rest_route=\/wp\/v2\/posts\/21403\/revisions"}],"predecessor-version":[{"id":27466,"href":"https:\/\/rioonwatch.org.br\/index.php?rest_route=\/wp\/v2\/posts\/21403\/revisions\/27466"}],"wp:featuredmedia":[{"embeddable":true,"href":"https:\/\/rioonwatch.org.br\/index.php?rest_route=\/wp\/v2\/media\/21405"}],"wp:attachment":[{"href":"https:\/\/rioonwatch.org.br\/index.php?rest_route=%2Fwp%2Fv2%2Fmedia&parent=21403"}],"wp:term":[{"taxonomy":"category","embeddable":true,"href":"https:\/\/rioonwatch.org.br\/index.php?rest_route=%2Fwp%2Fv2%2Fcategories&post=21403"},{"taxonomy":"post_tag","embeddable":true,"href":"https:\/\/rioonwatch.org.br\/index.php?rest_route=%2Fwp%2Fv2%2Ftags&post=21403"},{"taxonomy":"writer","embeddable":true,"href":"https:\/\/rioonwatch.org.br\/index.php?rest_route=%2Fwp%2Fv2%2Fwriter&post=21403"},{"taxonomy":"translator","embeddable":true,"href":"https:\/\/rioonwatch.org.br\/index.php?rest_route=%2Fwp%2Fv2%2Ftranslator&post=21403"},{"taxonomy":"source","embeddable":true,"href":"https:\/\/rioonwatch.org.br\/index.php?rest_route=%2Fwp%2Fv2%2Fsource&post=21403"},{"taxonomy":"ilustrador","embeddable":true,"href":"https:\/\/rioonwatch.org.br\/index.php?rest_route=%2Fwp%2Fv2%2Filustrador&post=21403"},{"taxonomy":"fotografo","embeddable":true,"href":"https:\/\/rioonwatch.org.br\/index.php?rest_route=%2Fwp%2Fv2%2Ffotografo&post=21403"}],"curies":[{"name":"wp","href":"https:\/\/api.w.org\/{rel}","templated":true}]}}