{"id":21429,"date":"2016-08-08T10:18:42","date_gmt":"2016-08-08T13:18:42","guid":{"rendered":"http:\/\/rioonwatch.org.br\/?p=21429"},"modified":"2024-06-20T16:26:22","modified_gmt":"2024-06-20T19:26:22","slug":"front-line-defenders-pede-fim-das-ameacas-contra-defensores-de-direitos-humanos-no-rio-video","status":"publish","type":"post","link":"https:\/\/rioonwatch.org.br\/?p=21429","title":{"rendered":"Front Line Defenders Pede Fim das Amea\u00e7as Contra Defensores de Direitos Humanos no Rio [V\u00cdDEO]"},"content":{"rendered":"<p style=\"text-align: right;\"><em><strong><a href=\"http:\/\/bit.ly\/2aoMXDH\" target=\"_blank\" rel=\"noopener\">Click Here for English<img decoding=\"async\" width=\"20\" height=\"20\" class=\"alignright wp-image-15790\" src=\"http:\/\/rioonwatch.org.br\/wp-content\/uploads\/2012\/08\/EN-standard-e1439583104716.jpg\" alt=\"\" \/><\/a><\/strong><\/em><\/p>\n<p>No dia 28 de julho,\u00a0<a href=\"http:\/\/bit.ly\/2aK42tk\" target=\"_blank\" rel=\"noopener\">Front Line Defenders<\/a>\u00a0(Defensores na Linha de Frente) organizou uma coletiva de imprensa com cinco defensores de direitos humanos cariocas. A coletiva foi parte de uma <a href=\"http:\/\/bit.ly\/2aCr6Lv\" target=\"_blank\" rel=\"noopener\">campanha<\/a> para trazer mais visibilidade ao aumento de intimida\u00e7\u00f5es, amea\u00e7as e formas de viol\u00eancia sofridas por v\u00e1rios defensores no per\u00edodo pr\u00e9-<a href=\"http:\/\/bit.ly\/PkLXlQ\" target=\"_blank\" rel=\"noopener\">Olimp\u00edadas<\/a>.<\/p>\n<p>O objetivo da Front Line Defenders&#8211;uma organiza\u00e7\u00e3o de origem irlandesa, mas com alcance mundial&#8211;\u00e9 de dar prote\u00e7\u00e3o aos defensores de direitos humanos de acordo com as necessidades de seguran\u00e7a explicitadas pelos pr\u00f3prios defensores. Os riscos s\u00e3o particularmente elevados para os defensores de direitos humanos no Brasil: o pa\u00eds est\u00e1 em primeiro lugar na lista mundial de defensores assassinados em 2016; <a href=\"http:\/\/bit.ly\/2asGr1e\" target=\"_blank\" rel=\"noopener\">foram 24<\/a> nos primeiros quatro meses de 2016. O fato de denunciar <a href=\"http:\/\/bit.ly\/1MsmVsX\" target=\"_blank\" rel=\"noopener\">viola\u00e7\u00f5es de direitos<\/a> humanos coloca essas pessoas e suas fam\u00edlias gravemente em perigo. Por isso, alguns <a href=\"http:\/\/bit.ly\/2aEVvWT\" target=\"_blank\" rel=\"noopener\">recursos dispon\u00edveis<\/a> para os defensores de direitos humanos, em risco, incluem oficinas de seguran\u00e7a pessoal, subs\u00eddios para seguran\u00e7a f\u00edsica e digital e para cobrir despesas jur\u00eddicas e m\u00e9dicas; e apoio de emerg\u00eancia (tais como transfer\u00eancia tempor\u00e1ria em caso de perigo iminente).<\/p>\n<p><span style=\"font-weight: 400;\">A coletiva iniciou com uma apresenta\u00e7\u00e3o introdut\u00f3ria por Adam Shapiro, Chefe de Campanhas do Front Line Defenders. Em seguida, houve um debate moderado por Ivi Oliveira, Coordenadora de Prote\u00e7\u00e3o para as Am\u00e9ricas com tr\u00eas defensores de direitos humanos presentes no painel: <a href=\"http:\/\/bit.ly\/1UOUNIr\" target=\"_blank\" rel=\"noopener\">Heloisa Helena Costa Berto<\/a>, <a href=\"http:\/\/bit.ly\/2aZzWmp\" target=\"_blank\" rel=\"noopener\">Raull Santiago<\/a> e <a href=\"http:\/\/bit.ly\/1USvsNF\" target=\"_blank\" rel=\"noopener\">M\u00f4nica Cunha<\/a>.*<\/span><\/p>\n<h3><strong>Heloisa Helena Costa Berto<\/strong><\/h3>\n<p><span style=\"font-weight: 400;\">Heloisa, m\u00e3e de santo do <a href=\"http:\/\/bit.ly\/1O3659r\" target=\"_blank\" rel=\"noopener\">Candombl\u00e9<\/a>, abriu o debate falando sobre a experi\u00eancia de ter sido <a href=\"http:\/\/bit.ly\/X51Qvb\" target=\"_blank\" rel=\"noopener\">removida<\/a> da sua casa, que tamb\u00e9m era um centro religioso, na <a href=\"http:\/\/bit.ly\/1LiYCRR\" target=\"_blank\" rel=\"noopener\">Vila Aut\u00f3dromo<\/a>: \u201c<\/span><span style=\"font-weight: 400;\">Para mim, estes tr\u00eas anos foram de <a href=\"http:\/\/bit.ly\/1LiYCRR\" target=\"_blank\" rel=\"noopener\">muito sofrimento<\/a>\u2026 Por causa do processo todo de remo\u00e7\u00e3o, eu tive que escolher entre lutar ou continuar com a minha casa, e eu tive que continuar lutando, e por isso, praticamente perdi meus filhos de santo, eu perdi minhas atividades&#8211;n\u00e3o podia fazer com regularidade&#8211;at\u00e9 o ponto em que a prefeitura cercou a minha casa, e a colocou <a href=\"http:\/\/bit.ly\/1ULhXNw\" target=\"_blank\" rel=\"noopener\">dentro do Parque Ol\u00edmpico<\/a>&#8220;.<\/span><\/p>\n<p><span style=\"font-weight: 400;\">Reconhecendo os fortes interesses pol\u00edticos e econ\u00f4micos que atuaram na retirada da comunidade Vila Aut\u00f3dromo, Heloisa relembrou: \u201cEu comecei a ver que, desculpe a express\u00e3o, \u2018o buraco \u00e9 mais em baixo'&#8221;.<\/span><\/p>\n<p><span style=\"font-weight: 400;\">Heloisa descreveu o processo de remo\u00e7\u00e3o como um \u201c<a href=\"http:\/\/bit.ly\/1brTfez\" target=\"_blank\" rel=\"noopener\">trauma psicol\u00f3gico<\/a>\u201d, pois a prefeitura usou t\u00e1ticas opressivas, tais como suspender servi\u00e7os p\u00fablicos e exigir um crach\u00e1 de acesso especial para que os moradores chegassem em suas casas. Como foi documentado por Heloisa numa <a href=\"http:\/\/bit.ly\/1RkJ1SZ\" target=\"_blank\" rel=\"noopener\">carta aberta<\/a> publicada pelo <\/span><i><span style=\"font-weight: 400;\">RioOnWatch<\/span><\/i><span style=\"font-weight: 400;\">, o processo de remo\u00e7\u00e3o se complicou ainda mais por conta de um inquilino que vivia na propriedade dela. Este inquilino interferiu em um longo processo de negocia\u00e7\u00e3o com a prefeitura que j\u00e1 vinha acontecendo h\u00e1 dois anos&#8211;os transtornos se intensificaram em janeiro de 2016, quando Heloisa recebeu <a href=\"http:\/\/bit.ly\/1RkJ1SZ\" target=\"_blank\" rel=\"noopener\">amea\u00e7as de morte<\/a>.<\/span><\/p>\n<p><span style=\"font-weight: 400;\">A\u00a0<a href=\"http:\/\/bit.ly\/1WLtygo\" target=\"_blank\" rel=\"noopener\">casa de Heloisa foi demolida<\/a> pela prefeitura em fevereiro de 2016. Seu ativismo e luta foram reconhecidos em duas ocasi\u00f5es, quando Heloisa recebeu a Medalha Pedro Ernesto, concedida pela C\u00e2mara de Vereadores do Rio, e o <a href=\"http:\/\/bit.ly\/1sAPmCV\" target=\"_blank\" rel=\"noopener\">Pr\u00eamio Dandara<\/a>, homenagem Assembl\u00e9ia Legislativa do Rio de Janeiro (Alerj).<\/span><\/p>\n<p><span style=\"font-weight: 400;\">Com a enxurrada de problemas que o Brasil vem enfrentando atualmente, Heloisa diz que tem \u201c<\/span><span style=\"font-weight: 400;\">uma vis\u00e3o muito ruim em rela\u00e7\u00e3o ao futuro. Eu acho que o pobre \u00e9 quem sofre mais infelizmente&#8221;.<\/span><\/p>\n<p><iframe title=\"Heloisa Helena - #AtRiskInRio\" width=\"500\" height=\"281\" src=\"https:\/\/www.youtube.com\/embed\/PF-Mgyw2FJo?feature=oembed\" frameborder=\"0\" allow=\"accelerometer; autoplay; clipboard-write; encrypted-media; gyroscope; picture-in-picture; web-share\" referrerpolicy=\"strict-origin-when-cross-origin\" allowfullscreen><\/iframe><\/p>\n<h3><strong>Raull Santiago<\/strong><\/h3>\n<p><span style=\"font-weight: 400;\">Raull \u00e9 membro do <a href=\"http:\/\/bit.ly\/1CLd514\" target=\"_blank\" rel=\"noopener\">Coletivo Papo Reto<\/a>, um coletivo de m\u00eddia independente formado em 2014 por moradores do <a href=\"http:\/\/bit.ly\/U0MiGm\" target=\"_blank\" rel=\"noopener\">Complexo do Alem\u00e3o<\/a>. Atrav\u00e9s de seu trabalho, expondo a realidade dos moradores da favela, documentando abusos e denunciando\u00a0<a href=\"http:\/\/bit.ly\/1zLJ2W9\" target=\"_blank\" rel=\"noopener\">viola\u00e7\u00f5es<\/a> cometidas pelas autoridades, Raull se tornou um ativista de muita express\u00e3o.<\/span><\/p>\n<p><span style=\"font-weight: 400;\">Na coletiva, ele explicou como a juventude negra e pobre da favela est\u00e1 sempre correndo risco de ser afetada pela viol\u00eancia armada:<\/span><\/p>\n<blockquote><p>&#8220;Na nossa realidade, o estado est\u00e1 matando as nossas crian\u00e7as. <a href=\"http:\/\/bit.ly\/19QHUcr\" target=\"_blank\" rel=\"noopener\">Eduardo de Jesus<\/a> tinha 10 anos e levou um tiro de fuzil 762 na cabe\u00e7a, estourando a cabe\u00e7a dele, porque ele estava sentado na escada de casa com o celular na m\u00e3o. Recentemente, um <a href=\"http:\/\/glo.bo\/29IgwDe\" target=\"_blank\" rel=\"noopener\">jovem morreu<\/a> por tiro de fuzil porque ele <a href=\"http:\/\/bit.ly\/29GfPqt\" target=\"_blank\" rel=\"noopener\">estava com saco de pipoca<\/a>, e a pol\u00edcia achava que era droga. No Jacar\u00e9, um menino morreu com uma moeda de 1 real na m\u00e3o&#8211;estava indo comprar bala. Ent\u00e3o a gente est\u00e1 sendo exterminado desde a raiz, desde crian\u00e7a&#8211;que n\u00e3o tem ainda a idade formada, o pensamento formado sobre a realidade e entendimento do que ela vive. Est\u00e3o morrendo de viol\u00eancia, est\u00e3o morrendo de tiro de fuzil, e a maioria deles morrendo por causa dessa chamada \u2018<a href=\"http:\/\/bit.ly\/1TkAKCu\" target=\"_blank\" rel=\"noopener\">guerra \u00e0s drogas<\/a>\u2019 que na verdade \u00e9 uma guerra ao pobre, uma <a href=\"http:\/\/bit.ly\/1mZ17i5\" target=\"_blank\" rel=\"noopener\">guerra ao preto<\/a>, \u00e9 uma guerra a esses espa\u00e7os da cidade.&#8221;<\/p><\/blockquote>\n<p><span style=\"font-weight: 400;\">Raull explicou a import\u00e2ncia do trabalho do Papo Reto diante dessa viol\u00eancia sist\u00eamica cometida contra a juventude favelada. Segurando o celular, Raull descreveu: \u201c<\/span><span style=\"font-weight: 400;\">O Coletivo Papo Reto usa essa ferramenta para tentar expor essa situa\u00e7\u00e3o porque a gente acredita que denunciar a viol\u00eancia institucional \u00e9 muito importante&#8211;\u00e9 um dever, \u00e9 uma presta\u00e7\u00e3o de servi\u00e7o para a cidade, a medida em que em vez de protegerem e servirem, s\u00e3o os principais violadores [de direitos]&#8221;.<\/span><\/p>\n<p>Em face a viol\u00eancia vivenciada quase diariamente no Complexo do Alem\u00e3o, o Papo Reto trabalha para:<\/p>\n<blockquote><p>&#8220;&#8230; questionar a atua\u00e7\u00e3o do estado, questionar a viol\u00eancia institucional, e expor da maneira que a gente consegue&#8211;que \u00e9 <a href=\"http:\/\/bit.ly\/1oJgeOG\" target=\"_blank\" rel=\"noopener\">usando redes sociais<\/a>, usando audiovisual&#8211;para minimamente poder mostrar que aquilo existe\u2026 Ent\u00e3o, o Papo Reto atua nessa frente: estando de fato em uma \u00e1rea de viol\u00eancia, confrontos, de guerra extrema, fazendo essa cobertura, <a href=\"http:\/\/bit.ly\/1MhLewt\" target=\"_blank\" rel=\"noopener\">disputando essa narrativa<\/a>, pensando em a\u00e7\u00f5es para poder de alguma forma transformar um pouco aquela realidade&#8221;.<\/p><\/blockquote>\n<p><iframe title=\"Raull Santiago - #AtRiskInRio\" width=\"500\" height=\"281\" src=\"https:\/\/www.youtube.com\/embed\/JDWUVPxSRF8?feature=oembed\" frameborder=\"0\" allow=\"accelerometer; autoplay; clipboard-write; encrypted-media; gyroscope; picture-in-picture; web-share\" referrerpolicy=\"strict-origin-when-cross-origin\" allowfullscreen><\/iframe><\/p>\n<h3><strong>M\u00f4nica Cunha<\/strong><\/h3>\n<p><span style=\"font-weight: 400;\">M\u00f4nica Cunha \u00e9 membro da <a href=\"http:\/\/bit.ly\/1On4Hwl\" target=\"_blank\" rel=\"noopener\">Rede de Comunidades e Movimentos contra a Viol\u00eancia<\/a>&#8211;uma rede de apoio e ativismo para m\u00e3es e fam\u00edlias que perderam entes queridos por conta da <a href=\"http:\/\/bit.ly\/1i0t9Hc\" target=\"_blank\" rel=\"noopener\">viol\u00eancia policial<\/a>&#8211;e cofundadora do <a href=\"http:\/\/on.fb.me\/1LbJlEx\" target=\"_blank\" rel=\"noopener\">Movimento Moleque<\/a>, um dos movimentos criados dentro da Rede.<\/span><\/p>\n<p><span style=\"font-weight: 400;\">M\u00f4nica falou sobre a desenfreada e sist\u00eamica viol\u00eancia do estado cometida contra jovens negros, que s\u00e3o v\u00edtimas de racismo e estereotipados como \u201cbandidos\u201d:<\/span><\/p>\n<blockquote><p>&#8220;Jovens negros s\u00e3o assassinados por esse sistema militarizado nesse estado, nesse pa\u00eds. Essas mulheres negras est\u00e3o adoecendo\u2026 perdendo seus filhos. Primeiro, \u00e9 mentira que eles sejam bandidos&#8211;eles n\u00e3o s\u00e3o bandidos. Porque se a gente vai falar de bandidos nesse pa\u00eds, a gente vai falar o qu\u00ea do Temer, do Cunha? A gente v\u00ea que essa \u00e9 apenas uma desculpe para continuar matando preto, para continuar enlouquecendo e padecendo essas mulheres negras.\u201d<\/p><\/blockquote>\n<p><span style=\"font-weight: 400;\">Envolvida com a Rede desde a funda\u00e7\u00e3o, em 2003, M\u00f4nica n\u00e3o esperava se tornar ela mesma uma m\u00e3e enlutada. O acontecimento se deu em 2006, quando o filho de 20 anos de M\u00f4nica, <a href=\"http:\/\/bit.ly\/1USvsNF\" target=\"_blank\" rel=\"noopener\">Rafael, foi morto pela pol\u00edcia no Riachuelo<\/a>, na <a href=\"http:\/\/bit.ly\/WximDf\" target=\"_blank\" rel=\"noopener\">Zona Norte<\/a> do Rio.<\/span><\/p>\n<blockquote><p>\u201cUma vertente [da Rede] \u00e9 de exigir justi\u00e7a&#8211;n\u00e3o \u00e9 vingan\u00e7a, justi\u00e7a. Eu pari e quero que meu filho continue vivo&#8211;n\u00e3o s\u00f3, ele pertence a esse estado, ele tem direito de ir e vir. Ent\u00e3o o estado e este pa\u00eds \u00e9 tanto dele quanto de qualquer outra pessoa. N\u00f3s negros, que somos a maior parte deste pa\u00eds, somos quem construiu este pa\u00eds. Ent\u00e3o temos ainda mais esse direito de estar neste pa\u00eds, de andar por todas as vielas deste pa\u00eds.&#8221;<\/p><\/blockquote>\n<p><span style=\"font-weight: 400;\">M\u00f4nica concluiu sua fala com uma afirma\u00e7\u00e3o empoderadora:\u00a0<\/span>&#8220;Ser defensor de direito hoje em dia \u00e9 resistir todos os dias\u2026 Eu quero ter o prazer de um dia falar, \u2018N\u00f3s ajudamos de fato e contribu\u00edmos para uma nova sociedade&#8217;. Porque n\u00f3s merecemos cada direito. Somos capazes. Eu me chamo M\u00f4nica Cunha, e quero continuar a viver. Sou defensora de direitos humanos com os meus parceiros, com muito orgulho&#8221;.<\/p>\n<p><iframe title=\"Monica Cunha - #AtRiskInRio\" width=\"500\" height=\"281\" src=\"https:\/\/www.youtube.com\/embed\/s0vUp8SL9eM?feature=oembed\" frameborder=\"0\" allow=\"accelerometer; autoplay; clipboard-write; encrypted-media; gyroscope; picture-in-picture; web-share\" referrerpolicy=\"strict-origin-when-cross-origin\" allowfullscreen><\/iframe><\/p>\n<p>Ap\u00f3s a fala de M\u00f4nica, o f\u00f3rum, em seguida, abriu para discuss\u00e3o e os painelistas responderam as perguntas de jornalistas e de outros participantes presentes.<\/p>\n<p><span style=\"font-weight: 400;\">*Tamb\u00e9m receberam o reconhecimento como defensores de Direitos Humanos no Rio <a href=\"http:\/\/bit.ly\/2a9pg4V\" target=\"_blank\" rel=\"noopener\">Vitor Ribeiro<\/a>, do projeto <a href=\"http:\/\/bit.ly\/2aEIe2z\" target=\"_blank\" rel=\"noopener\">Mutir\u00e3o Rio<\/a>\u00a0e <a href=\"http:\/\/bit.ly\/2aTZhM4\">Luiz Cl\u00e1udio Silva<\/a>, morador da Vila Aut\u00f3dromo e marido de Maria da Penha. Vitor e Luiz n\u00e3o participaram do painel de debate.<\/span><\/p>\n<!-- AddThis Advanced Settings generic via filter on the_content --><!-- AddThis Share Buttons generic via filter on the_content -->","protected":false},"excerpt":{"rendered":"<div class=\"mh-excerpt\"><p>Click Here for English No dia 28 de julho,\u00a0Front Line Defenders\u00a0(Defensores na Linha de Frente) organizou uma coletiva de imprensa com cinco defensores de direitos humanos cariocas. A coletiva foi parte de uma campanha para <a class=\"mh-excerpt-more\" href=\"https:\/\/rioonwatch.org.br\/?p=21429\" title=\"Front Line Defenders Pede Fim das Amea\u00e7as Contra Defensores de Direitos Humanos no Rio [V\u00cdDEO]\">[&#8230;]<\/a><!-- AddThis Advanced Settings generic via filter on get_the_excerpt --><!-- AddThis Share Buttons generic via filter on get_the_excerpt --><\/p>\n<\/div>","protected":false},"author":129,"featured_media":21431,"comment_status":"closed","ping_status":"closed","sticky":false,"template":"","format":"standard","meta":{"_acf_changed":false,"_monsterinsights_skip_tracking":false,"_monsterinsights_sitenote_active":false,"_monsterinsights_sitenote_note":"","_monsterinsights_sitenote_category":0,"footnotes":""},"categories":[1614,1635,1621,1627,346,1626,1613,1620],"tags":[217,709,88,1418,448,1240,3061,78,298,774,936,283,14,432,672,499,55,920,52,1144,218,184],"writer":[1599],"translator":[1940],"source":[],"ilustrador":[],"fotografo":[],"class_list":{"0":"post-21429","1":"post","2":"type-post","3":"status-publish","4":"format-standard","5":"has-post-thumbnail","7":"category-olhonasremocoes","8":"category-1635","9":"category-destaque","10":"category-relato-de-evento","11":"category-denuncias","12":"category-por-observadores-internacionais","13":"category-midia-comunitaria","14":"category-olhonaupp","15":"tag-complexo-do-alemao","16":"tag-debate","17":"tag-direitos-humanos","18":"tag-coletivo-papo-reto","19":"tag-lideranca","20":"tag-megaeventos","21":"tag-movimento-moleque","22":"tag-olimpiadas","23":"tag-perfil-de-lideranca","24":"tag-policia-militar","25":"tag-raca","26":"tag-rede-contra-violencia","27":"tag-remocao","28":"tag-resistencia","29":"tag-seguranca-publica","30":"tag-terror-psicologico","31":"tag-vila-autodromo","32":"tag-violencia-de-estado","33":"tag-violencia-policial","34":"tag-violencia-urbana","35":"tag-zona-norte","36":"tag-zona-oeste","37":"writer-ava-rose-hoffman","38":"translator-bruna-leoncio"},"acf":[],"yoast_head":"<!-- This site is optimized with the Yoast SEO plugin v25.6 - https:\/\/yoast.com\/wordpress\/plugins\/seo\/ -->\n<title>Front Line Defenders Pede Fim das Amea\u00e7as Contra Defensores de Direitos Humanos no Rio [V\u00cdDEO] - RioOnWatch<\/title>\n<meta name=\"robots\" content=\"index, follow, max-snippet:-1, max-image-preview:large, max-video-preview:-1\" \/>\n<link rel=\"canonical\" href=\"https:\/\/rioonwatch.org.br\/?p=21429\" \/>\n<meta property=\"og:locale\" content=\"pt_BR\" \/>\n<meta property=\"og:type\" content=\"article\" \/>\n<meta property=\"og:title\" content=\"Front Line Defenders Pede Fim das Amea\u00e7as Contra Defensores de Direitos Humanos no Rio [V\u00cdDEO] - RioOnWatch\" \/>\n<meta property=\"og:description\" content=\"Click Here for English No dia 28 de julho,\u00a0Front Line Defenders\u00a0(Defensores na Linha de Frente) organizou uma coletiva de imprensa com cinco defensores de direitos humanos cariocas. A coletiva foi parte de uma campanha para [...]\" \/>\n<meta property=\"og:url\" content=\"https:\/\/rioonwatch.org.br\/?p=21429\" \/>\n<meta property=\"og:site_name\" content=\"RioOnWatch\" \/>\n<meta property=\"article:published_time\" content=\"2016-08-08T13:18:42+00:00\" \/>\n<meta property=\"article:modified_time\" content=\"2024-06-20T19:26:22+00:00\" \/>\n<meta property=\"og:image\" content=\"https:\/\/rioonwatch.org.br\/wp-content\/uploads\/2016\/08\/FullSizeRender-4.jpg\" \/>\n\t<meta property=\"og:image:width\" content=\"624\" \/>\n\t<meta property=\"og:image:height\" content=\"264\" \/>\n\t<meta property=\"og:image:type\" content=\"image\/jpeg\" \/>\n<meta name=\"author\" content=\"Admin\" \/>\n<meta name=\"twitter:card\" content=\"summary_large_image\" \/>\n<meta name=\"twitter:label1\" content=\"Escrito por\" \/>\n\t<meta name=\"twitter:data1\" content=\"Admin\" \/>\n\t<meta name=\"twitter:label2\" content=\"Est. tempo de leitura\" \/>\n\t<meta name=\"twitter:data2\" content=\"7 minutos\" \/>\n<script type=\"application\/ld+json\" class=\"yoast-schema-graph\">{\"@context\":\"https:\/\/schema.org\",\"@graph\":[{\"@type\":\"Article\",\"@id\":\"https:\/\/rioonwatch.org.br\/?p=21429#article\",\"isPartOf\":{\"@id\":\"https:\/\/rioonwatch.org.br\/?p=21429\"},\"author\":{\"name\":\"Admin\",\"@id\":\"https:\/\/rioonwatch.org.br\/#\/schema\/person\/11d64c290506f9df50c71b850c473f68\"},\"headline\":\"Front Line Defenders Pede Fim das Amea\u00e7as Contra Defensores de Direitos Humanos no Rio [V\u00cdDEO]\",\"datePublished\":\"2016-08-08T13:18:42+00:00\",\"dateModified\":\"2024-06-20T19:26:22+00:00\",\"mainEntityOfPage\":{\"@id\":\"https:\/\/rioonwatch.org.br\/?p=21429\"},\"wordCount\":1480,\"publisher\":{\"@id\":\"https:\/\/rioonwatch.org.br\/#organization\"},\"image\":{\"@id\":\"https:\/\/rioonwatch.org.br\/?p=21429#primaryimage\"},\"thumbnailUrl\":\"https:\/\/rioonwatch.org.br\/wp-content\/uploads\/2016\/08\/FullSizeRender-4.jpg\",\"keywords\":[\"Complexo do Alem\u00e3o\",\"debate\",\"Direitos Humanos\",\"Instituto Papo Reto\",\"lideran\u00e7a\",\"Megaeventos\",\"Movimento Moleque\",\"Olimp\u00edadas\",\"perfil de lideran\u00e7a\",\"Pol\u00edcia Militar\",\"ra\u00e7a\",\"Rede Contra Viol\u00eancia\",\"Remo\u00e7\u00e3o\",\"resist\u00eancia\",\"seguran\u00e7a p\u00fablica\",\"terror psicol\u00f3gico\",\"Vila Aut\u00f3dromo\",\"viol\u00eancia de Estado\",\"viol\u00eancia policial\",\"viol\u00eancia urbana\",\"Zona Norte\",\"Zona Oeste\"],\"articleSection\":[\"#OlhoNasRemo\u00e7\u00f5es\",\"#Rio2016\",\"*Destaque\",\"Cobertura de Eventos\",\"Den\u00fancias\",\"Escrito por Aliados\",\"M\u00eddia Comunit\u00e1ria\",\"Seguran\u00e7a P\u00fablica\"],\"inLanguage\":\"pt-BR\"},{\"@type\":\"WebPage\",\"@id\":\"https:\/\/rioonwatch.org.br\/?p=21429\",\"url\":\"https:\/\/rioonwatch.org.br\/?p=21429\",\"name\":\"Front Line Defenders Pede Fim das Amea\u00e7as Contra Defensores de Direitos Humanos no Rio [V\u00cdDEO] - RioOnWatch\",\"isPartOf\":{\"@id\":\"https:\/\/rioonwatch.org.br\/#website\"},\"primaryImageOfPage\":{\"@id\":\"https:\/\/rioonwatch.org.br\/?p=21429#primaryimage\"},\"image\":{\"@id\":\"https:\/\/rioonwatch.org.br\/?p=21429#primaryimage\"},\"thumbnailUrl\":\"https:\/\/rioonwatch.org.br\/wp-content\/uploads\/2016\/08\/FullSizeRender-4.jpg\",\"datePublished\":\"2016-08-08T13:18:42+00:00\",\"dateModified\":\"2024-06-20T19:26:22+00:00\",\"breadcrumb\":{\"@id\":\"https:\/\/rioonwatch.org.br\/?p=21429#breadcrumb\"},\"inLanguage\":\"pt-BR\",\"potentialAction\":[{\"@type\":\"ReadAction\",\"target\":[\"https:\/\/rioonwatch.org.br\/?p=21429\"]}]},{\"@type\":\"ImageObject\",\"inLanguage\":\"pt-BR\",\"@id\":\"https:\/\/rioonwatch.org.br\/?p=21429#primaryimage\",\"url\":\"https:\/\/rioonwatch.org.br\/wp-content\/uploads\/2016\/08\/FullSizeRender-4.jpg\",\"contentUrl\":\"https:\/\/rioonwatch.org.br\/wp-content\/uploads\/2016\/08\/FullSizeRender-4.jpg\",\"width\":624,\"height\":264},{\"@type\":\"BreadcrumbList\",\"@id\":\"https:\/\/rioonwatch.org.br\/?p=21429#breadcrumb\",\"itemListElement\":[{\"@type\":\"ListItem\",\"position\":1,\"name\":\"In\u00edcio\",\"item\":\"https:\/\/rioonwatch.org.br\/\"},{\"@type\":\"ListItem\",\"position\":2,\"name\":\"Front Line Defenders Pede Fim das Amea\u00e7as Contra Defensores de Direitos Humanos no Rio [V\u00cdDEO]\"}]},{\"@type\":\"WebSite\",\"@id\":\"https:\/\/rioonwatch.org.br\/#website\",\"url\":\"https:\/\/rioonwatch.org.br\/\",\"name\":\"RioOnWatch\",\"description\":\"relatos das favelas cariocas\",\"publisher\":{\"@id\":\"https:\/\/rioonwatch.org.br\/#organization\"},\"potentialAction\":[{\"@type\":\"SearchAction\",\"target\":{\"@type\":\"EntryPoint\",\"urlTemplate\":\"https:\/\/rioonwatch.org.br\/?s={search_term_string}\"},\"query-input\":{\"@type\":\"PropertyValueSpecification\",\"valueRequired\":true,\"valueName\":\"search_term_string\"}}],\"inLanguage\":\"pt-BR\"},{\"@type\":\"Organization\",\"@id\":\"https:\/\/rioonwatch.org.br\/#organization\",\"name\":\"RioOnWatch\",\"url\":\"https:\/\/rioonwatch.org.br\/\",\"logo\":{\"@type\":\"ImageObject\",\"inLanguage\":\"pt-BR\",\"@id\":\"https:\/\/rioonwatch.org.br\/#\/schema\/logo\/image\/\",\"url\":\"https:\/\/rioonwatch.org.br\/wp-content\/uploads\/2021\/06\/RioOnWatchcabecalhoPT11anos-2.png\",\"contentUrl\":\"https:\/\/rioonwatch.org.br\/wp-content\/uploads\/2021\/06\/RioOnWatchcabecalhoPT11anos-2.png\",\"width\":779,\"height\":277,\"caption\":\"RioOnWatch\"},\"image\":{\"@id\":\"https:\/\/rioonwatch.org.br\/#\/schema\/logo\/image\/\"}},{\"@type\":\"Person\",\"@id\":\"https:\/\/rioonwatch.org.br\/#\/schema\/person\/11d64c290506f9df50c71b850c473f68\",\"name\":\"Admin\",\"image\":{\"@type\":\"ImageObject\",\"inLanguage\":\"pt-BR\",\"@id\":\"https:\/\/rioonwatch.org.br\/#\/schema\/person\/image\/\",\"url\":\"https:\/\/secure.gravatar.com\/avatar\/56211ac74568383903349a1485e3c325?s=96&d=blank&r=g\",\"contentUrl\":\"https:\/\/secure.gravatar.com\/avatar\/56211ac74568383903349a1485e3c325?s=96&d=blank&r=g\",\"caption\":\"Admin\"},\"url\":\"https:\/\/rioonwatch.org.br\/?author=129\"}]}<\/script>\n<!-- \/ Yoast SEO plugin. -->","yoast_head_json":{"title":"Front Line Defenders Pede Fim das Amea\u00e7as Contra Defensores de Direitos Humanos no Rio [V\u00cdDEO] - RioOnWatch","robots":{"index":"index","follow":"follow","max-snippet":"max-snippet:-1","max-image-preview":"max-image-preview:large","max-video-preview":"max-video-preview:-1"},"canonical":"https:\/\/rioonwatch.org.br\/?p=21429","og_locale":"pt_BR","og_type":"article","og_title":"Front Line Defenders Pede Fim das Amea\u00e7as Contra Defensores de Direitos Humanos no Rio [V\u00cdDEO] - RioOnWatch","og_description":"Click Here for English No dia 28 de julho,\u00a0Front Line Defenders\u00a0(Defensores na Linha de Frente) organizou uma coletiva de imprensa com cinco defensores de direitos humanos cariocas. A coletiva foi parte de uma campanha para [...]","og_url":"https:\/\/rioonwatch.org.br\/?p=21429","og_site_name":"RioOnWatch","article_published_time":"2016-08-08T13:18:42+00:00","article_modified_time":"2024-06-20T19:26:22+00:00","og_image":[{"width":624,"height":264,"url":"https:\/\/rioonwatch.org.br\/wp-content\/uploads\/2016\/08\/FullSizeRender-4.jpg","type":"image\/jpeg"}],"author":"Admin","twitter_card":"summary_large_image","twitter_misc":{"Escrito por":"Admin","Est. tempo de leitura":"7 minutos"},"schema":{"@context":"https:\/\/schema.org","@graph":[{"@type":"Article","@id":"https:\/\/rioonwatch.org.br\/?p=21429#article","isPartOf":{"@id":"https:\/\/rioonwatch.org.br\/?p=21429"},"author":{"name":"Admin","@id":"https:\/\/rioonwatch.org.br\/#\/schema\/person\/11d64c290506f9df50c71b850c473f68"},"headline":"Front Line Defenders Pede Fim das Amea\u00e7as Contra Defensores de Direitos Humanos no Rio [V\u00cdDEO]","datePublished":"2016-08-08T13:18:42+00:00","dateModified":"2024-06-20T19:26:22+00:00","mainEntityOfPage":{"@id":"https:\/\/rioonwatch.org.br\/?p=21429"},"wordCount":1480,"publisher":{"@id":"https:\/\/rioonwatch.org.br\/#organization"},"image":{"@id":"https:\/\/rioonwatch.org.br\/?p=21429#primaryimage"},"thumbnailUrl":"https:\/\/rioonwatch.org.br\/wp-content\/uploads\/2016\/08\/FullSizeRender-4.jpg","keywords":["Complexo do Alem\u00e3o","debate","Direitos Humanos","Instituto Papo Reto","lideran\u00e7a","Megaeventos","Movimento Moleque","Olimp\u00edadas","perfil de lideran\u00e7a","Pol\u00edcia Militar","ra\u00e7a","Rede Contra Viol\u00eancia","Remo\u00e7\u00e3o","resist\u00eancia","seguran\u00e7a p\u00fablica","terror psicol\u00f3gico","Vila Aut\u00f3dromo","viol\u00eancia de Estado","viol\u00eancia policial","viol\u00eancia urbana","Zona Norte","Zona Oeste"],"articleSection":["#OlhoNasRemo\u00e7\u00f5es","#Rio2016","*Destaque","Cobertura de Eventos","Den\u00fancias","Escrito por Aliados","M\u00eddia Comunit\u00e1ria","Seguran\u00e7a P\u00fablica"],"inLanguage":"pt-BR"},{"@type":"WebPage","@id":"https:\/\/rioonwatch.org.br\/?p=21429","url":"https:\/\/rioonwatch.org.br\/?p=21429","name":"Front Line Defenders Pede Fim das Amea\u00e7as Contra Defensores de Direitos Humanos no Rio [V\u00cdDEO] - RioOnWatch","isPartOf":{"@id":"https:\/\/rioonwatch.org.br\/#website"},"primaryImageOfPage":{"@id":"https:\/\/rioonwatch.org.br\/?p=21429#primaryimage"},"image":{"@id":"https:\/\/rioonwatch.org.br\/?p=21429#primaryimage"},"thumbnailUrl":"https:\/\/rioonwatch.org.br\/wp-content\/uploads\/2016\/08\/FullSizeRender-4.jpg","datePublished":"2016-08-08T13:18:42+00:00","dateModified":"2024-06-20T19:26:22+00:00","breadcrumb":{"@id":"https:\/\/rioonwatch.org.br\/?p=21429#breadcrumb"},"inLanguage":"pt-BR","potentialAction":[{"@type":"ReadAction","target":["https:\/\/rioonwatch.org.br\/?p=21429"]}]},{"@type":"ImageObject","inLanguage":"pt-BR","@id":"https:\/\/rioonwatch.org.br\/?p=21429#primaryimage","url":"https:\/\/rioonwatch.org.br\/wp-content\/uploads\/2016\/08\/FullSizeRender-4.jpg","contentUrl":"https:\/\/rioonwatch.org.br\/wp-content\/uploads\/2016\/08\/FullSizeRender-4.jpg","width":624,"height":264},{"@type":"BreadcrumbList","@id":"https:\/\/rioonwatch.org.br\/?p=21429#breadcrumb","itemListElement":[{"@type":"ListItem","position":1,"name":"In\u00edcio","item":"https:\/\/rioonwatch.org.br\/"},{"@type":"ListItem","position":2,"name":"Front Line Defenders Pede Fim das Amea\u00e7as Contra Defensores de Direitos Humanos no Rio [V\u00cdDEO]"}]},{"@type":"WebSite","@id":"https:\/\/rioonwatch.org.br\/#website","url":"https:\/\/rioonwatch.org.br\/","name":"RioOnWatch","description":"relatos das favelas cariocas","publisher":{"@id":"https:\/\/rioonwatch.org.br\/#organization"},"potentialAction":[{"@type":"SearchAction","target":{"@type":"EntryPoint","urlTemplate":"https:\/\/rioonwatch.org.br\/?s={search_term_string}"},"query-input":{"@type":"PropertyValueSpecification","valueRequired":true,"valueName":"search_term_string"}}],"inLanguage":"pt-BR"},{"@type":"Organization","@id":"https:\/\/rioonwatch.org.br\/#organization","name":"RioOnWatch","url":"https:\/\/rioonwatch.org.br\/","logo":{"@type":"ImageObject","inLanguage":"pt-BR","@id":"https:\/\/rioonwatch.org.br\/#\/schema\/logo\/image\/","url":"https:\/\/rioonwatch.org.br\/wp-content\/uploads\/2021\/06\/RioOnWatchcabecalhoPT11anos-2.png","contentUrl":"https:\/\/rioonwatch.org.br\/wp-content\/uploads\/2021\/06\/RioOnWatchcabecalhoPT11anos-2.png","width":779,"height":277,"caption":"RioOnWatch"},"image":{"@id":"https:\/\/rioonwatch.org.br\/#\/schema\/logo\/image\/"}},{"@type":"Person","@id":"https:\/\/rioonwatch.org.br\/#\/schema\/person\/11d64c290506f9df50c71b850c473f68","name":"Admin","image":{"@type":"ImageObject","inLanguage":"pt-BR","@id":"https:\/\/rioonwatch.org.br\/#\/schema\/person\/image\/","url":"https:\/\/secure.gravatar.com\/avatar\/56211ac74568383903349a1485e3c325?s=96&d=blank&r=g","contentUrl":"https:\/\/secure.gravatar.com\/avatar\/56211ac74568383903349a1485e3c325?s=96&d=blank&r=g","caption":"Admin"},"url":"https:\/\/rioonwatch.org.br\/?author=129"}]}},"_links":{"self":[{"href":"https:\/\/rioonwatch.org.br\/index.php?rest_route=\/wp\/v2\/posts\/21429"}],"collection":[{"href":"https:\/\/rioonwatch.org.br\/index.php?rest_route=\/wp\/v2\/posts"}],"about":[{"href":"https:\/\/rioonwatch.org.br\/index.php?rest_route=\/wp\/v2\/types\/post"}],"author":[{"embeddable":true,"href":"https:\/\/rioonwatch.org.br\/index.php?rest_route=\/wp\/v2\/users\/129"}],"replies":[{"embeddable":true,"href":"https:\/\/rioonwatch.org.br\/index.php?rest_route=%2Fwp%2Fv2%2Fcomments&post=21429"}],"version-history":[{"count":12,"href":"https:\/\/rioonwatch.org.br\/index.php?rest_route=\/wp\/v2\/posts\/21429\/revisions"}],"predecessor-version":[{"id":56535,"href":"https:\/\/rioonwatch.org.br\/index.php?rest_route=\/wp\/v2\/posts\/21429\/revisions\/56535"}],"wp:featuredmedia":[{"embeddable":true,"href":"https:\/\/rioonwatch.org.br\/index.php?rest_route=\/wp\/v2\/media\/21431"}],"wp:attachment":[{"href":"https:\/\/rioonwatch.org.br\/index.php?rest_route=%2Fwp%2Fv2%2Fmedia&parent=21429"}],"wp:term":[{"taxonomy":"category","embeddable":true,"href":"https:\/\/rioonwatch.org.br\/index.php?rest_route=%2Fwp%2Fv2%2Fcategories&post=21429"},{"taxonomy":"post_tag","embeddable":true,"href":"https:\/\/rioonwatch.org.br\/index.php?rest_route=%2Fwp%2Fv2%2Ftags&post=21429"},{"taxonomy":"writer","embeddable":true,"href":"https:\/\/rioonwatch.org.br\/index.php?rest_route=%2Fwp%2Fv2%2Fwriter&post=21429"},{"taxonomy":"translator","embeddable":true,"href":"https:\/\/rioonwatch.org.br\/index.php?rest_route=%2Fwp%2Fv2%2Ftranslator&post=21429"},{"taxonomy":"source","embeddable":true,"href":"https:\/\/rioonwatch.org.br\/index.php?rest_route=%2Fwp%2Fv2%2Fsource&post=21429"},{"taxonomy":"ilustrador","embeddable":true,"href":"https:\/\/rioonwatch.org.br\/index.php?rest_route=%2Fwp%2Fv2%2Filustrador&post=21429"},{"taxonomy":"fotografo","embeddable":true,"href":"https:\/\/rioonwatch.org.br\/index.php?rest_route=%2Fwp%2Fv2%2Ffotografo&post=21429"}],"curies":[{"name":"wp","href":"https:\/\/api.w.org\/{rel}","templated":true}]}}