{"id":21471,"date":"2016-08-10T18:00:17","date_gmt":"2016-08-10T21:00:17","guid":{"rendered":"http:\/\/rioonwatch.org.br\/?p=21471"},"modified":"2024-06-20T16:26:20","modified_gmt":"2024-06-20T19:26:20","slug":"cidade-de-deus-e-a-vitoria-de-rafaela-queremos-mais-ouro-e-menos-chumbo","status":"publish","type":"post","link":"https:\/\/rioonwatch.org.br\/?p=21471","title":{"rendered":"Cidade de Deus e a Vit\u00f3ria de Rafaela: Queremos Mais Ouro e Menos Chumbo"},"content":{"rendered":"<p style=\"text-align: right;\"><em><strong><a href=\"http:\/\/bit.ly\/2aNazBZ\" target=\"_blank\" rel=\"noopener\">Click Here for English<img decoding=\"async\" width=\"20\" height=\"20\" class=\"alignright wp-image-15790\" src=\"http:\/\/rioonwatch.org.br\/wp-content\/uploads\/2012\/08\/EN-standard-e1439583104716.jpg\" alt=\"\" \/><\/a><\/strong><\/em><\/p>\n<p dir=\"ltr\">A primeira medalha de ouro do Brasil nas <a href=\"http:\/\/bit.ly\/PkLXlQ\" target=\"_blank\" rel=\"noopener\">Olimp\u00edadas Rio 2016<\/a> foi conquistada por Rafaela Silva, judoca da <a href=\"http:\/\/bit.ly\/10BzE4e\" target=\"_blank\" rel=\"noopener\">Cidade de Deus<\/a>. <a href=\"http:\/\/bit.ly\/2aJGbts\" target=\"_blank\" rel=\"noopener\">Negra e favelada<\/a>, apesar de todos os obst\u00e1culos, foi a primeira mulher brasileira a ser campe\u00e3 mundial de jud\u00f4.\u00a0 Mas, infelizmente, moradores da comunidade em que Rafaela cresceu, n\u00e3o possuem tantos motivos assim para comemorar. A CDD \u00e9 uma favela onde h\u00e1 <a href=\"http:\/\/bit.ly\/28UpNn7\" target=\"_blank\" rel=\"noopener\">carta branca para a guerra<\/a> e tem vivido dias de terror. Na noite do \u00faltimo domingo (7), a Dona Zenilda e o Sr. Luiz Carlos, pais da Rafaela, antes de irem para a Arena Carioca 2&#8211;que fica a menos de tr\u00eas quil\u00f4metros da Cidade de Deus&#8211;assistir a filha ser campe\u00e3, viveram uma noite de guerra na porta de casa.<\/p>\n<p dir=\"ltr\"><a href=\"http:\/\/rioonwatch.org.br\/wp-content\/uploads\/2016\/08\/Tiros-de-fuzil-marcam-parede-de-com\u00e9cio-na-Cidade-de-Deus-1.jpg\"><img fetchpriority=\"high\" decoding=\"async\" class=\"aligncenter wp-image-21486 size-content\" title=\"Tiros de fuzil marcam parede de com\u00e9rcio na Cidade de Deus.\" src=\"http:\/\/rioonwatch.org.br\/wp-content\/uploads\/2016\/08\/Tiros-de-fuzil-marcam-parede-de-com\u00e9cio-na-Cidade-de-Deus-1-620x264.jpg\" width=\"620\" height=\"264\" srcset=\"https:\/\/rioonwatch.org.br\/wp-content\/uploads\/2016\/08\/Tiros-de-fuzil-marcam-parede-de-com\u00e9cio-na-Cidade-de-Deus-1-620x264.jpg 620w, https:\/\/rioonwatch.org.br\/wp-content\/uploads\/2016\/08\/Tiros-de-fuzil-marcam-parede-de-com\u00e9cio-na-Cidade-de-Deus-1-940x400.jpg 940w\" sizes=\"(max-width: 620px) 100vw, 620px\" \/><\/a><\/p>\n<p>Me orgulho em ver a Rafaela conquistar o ouro sendo uma mulher preta e favelada, gente como eu, mas n\u00e3o esque\u00e7o os tiros que ouvi de dentro de casa nesse domingo. O som de tiros de fuzil, que foram resultado de uma opera\u00e7\u00e3o policial, ecoam na minha mente e tiram o esp\u00edrito ol\u00edmpico. Festa na Favela pelo t\u00edtulo da Rafaela? N\u00e3o teve. Alguns moradores at\u00e9 queriam receber a nossa menina de ouro com festa, mas <a href=\"http:\/\/bit.ly\/2b4bNe5\" target=\"_blank\" rel=\"noopener\">teve opera\u00e7\u00e3o policial na favela<\/a> pelo terceiro dia seguido.<\/p>\n<p>\u00c9 muito contradit\u00f3rio ver uma festa de enorme propor\u00e7\u00e3o, v\u00e1rios turistas na Cidade e a gente aqui na periferia tendo os <a href=\"http:\/\/bit.ly\/1MsmVsX\" target=\"_blank\" rel=\"noopener\">direitos violados<\/a> dia a dia. O Rio j\u00e1 \u00e9 ouro em <a href=\"http:\/\/bit.ly\/1owRf9p\" target=\"_blank\" rel=\"noopener\">desigualdades<\/a>. Temos muitas Rafaelas que merecem t\u00edtulos, mas est\u00e3o na luta pela vida, contando moeda para pegar a condu\u00e7\u00e3o do dia, sobrevivendo diante da desvaloriza\u00e7\u00e3o e precariza\u00e7\u00e3o dos servi\u00e7os p\u00fablicos, como <a href=\"http:\/\/bit.ly\/1kzUmMv\" target=\"_blank\" rel=\"noopener\">sa\u00fade<\/a> e <a href=\"http:\/\/bit.ly\/1acNApR\" target=\"_blank\" rel=\"noopener\">educa\u00e7\u00e3o<\/a>.<\/p>\n<p><a href=\"http:\/\/rioonwatch.org.br\/wp-content\/uploads\/2016\/08\/Tiros-de-fuzil-destroem-carro-na-Cidade-de-Deus-1.jpg\"><img decoding=\"async\" class=\"aligncenter wp-image-21478 size-content\" title=\"Tiros de fuzil destroem carro na Cidade de Deus.\" src=\"http:\/\/rioonwatch.org.br\/wp-content\/uploads\/2016\/08\/Tiros-de-fuzil-destroem-carro-na-Cidade-de-Deus-1-620x264.jpg\" alt=\"Tiros de fuzil destroem carro na Cidade de Deus\" width=\"620\" height=\"264\" srcset=\"https:\/\/rioonwatch.org.br\/wp-content\/uploads\/2016\/08\/Tiros-de-fuzil-destroem-carro-na-Cidade-de-Deus-1-620x264.jpg 620w, https:\/\/rioonwatch.org.br\/wp-content\/uploads\/2016\/08\/Tiros-de-fuzil-destroem-carro-na-Cidade-de-Deus-1-940x400.jpg 940w\" sizes=\"(max-width: 620px) 100vw, 620px\" \/><\/a><\/p>\n<p>N\u00e3o existe legado ol\u00edmpico que supere os \u00faltimos dados do Instituto de Seguran\u00e7a P\u00fablica estadual, que revelam o <a href=\"http:\/\/bit.ly\/2aPEA5P\" target=\"_blank\" rel=\"noopener\">aumento de mais de 100% de assassinatos<\/a> causados pela pol\u00edcia na cidade do Rio de Janeiro (de abril a junho), em compara\u00e7\u00e3o ao mesmo per\u00edodo de 2015.<\/p>\n<p>N\u00e3o quero acabar com a festa de ningu\u00e9m, mas n\u00e3o podemos celebrar enquanto o <a href=\"http:\/\/bit.ly\/1rReNPT\" target=\"_blank\" rel=\"noopener\">maior legado<\/a> dos <a href=\"http:\/\/bit.ly\/PkLXlQ\" target=\"_blank\" rel=\"noopener\">Jogos Ol\u00edmpicos<\/a>, entre suas pol\u00eamicas obras inacabadas e falta de planejamento, tiver como campe\u00e3 a viola\u00e7\u00e3o de <a href=\"http:\/\/bit.ly\/1iqdzi3\" target=\"_blank\" rel=\"noopener\">direitos humanos<\/a>. Salve Rafaela! Para a favela queremos mais ouro e menos chumbo.<\/p>\n<p><em>Juliana Portella tem 25 anos, \u00e9 jornalista, redatora e trabalha com m\u00eddias sociais. Professora, Juliana tamb\u00e9m se dedica a dar aulas para jovens de um pr\u00e9-vestibular comunit\u00e1rio na anti-pen\u00faltima esta\u00e7\u00e3o de trem do Ramal Japeri: Queimados.<\/em><\/p>\n<!-- AddThis Advanced Settings generic via filter on the_content --><!-- AddThis Share Buttons generic via filter on the_content -->","protected":false},"excerpt":{"rendered":"<div class=\"mh-excerpt\"><p>Click Here for English A primeira medalha de ouro do Brasil nas Olimp\u00edadas Rio 2016 foi conquistada por Rafaela Silva, judoca da Cidade de Deus. Negra e favelada, apesar de todos os obst\u00e1culos, foi a <a class=\"mh-excerpt-more\" href=\"https:\/\/rioonwatch.org.br\/?p=21471\" title=\"Cidade de Deus e a Vit\u00f3ria de Rafaela: Queremos Mais Ouro e Menos Chumbo\">[&#8230;]<\/a><!-- AddThis Advanced Settings generic via filter on get_the_excerpt --><!-- AddThis Share Buttons generic via filter on get_the_excerpt --><\/p>\n<\/div>","protected":false},"author":129,"featured_media":21484,"comment_status":"closed","ping_status":"closed","sticky":false,"template":"","format":"standard","meta":{"_acf_changed":false,"_monsterinsights_skip_tracking":false,"_monsterinsights_sitenote_active":false,"_monsterinsights_sitenote_note":"","_monsterinsights_sitenote_category":0,"footnotes":""},"categories":[1635,1621,346,1631,1625,1630],"tags":[554,413,937,1240,78,307,562,30,920],"writer":[1290],"translator":[],"source":[],"ilustrador":[],"fotografo":[],"class_list":{"0":"post-21471","1":"post","2":"type-post","3":"status-publish","4":"format-standard","5":"has-post-thumbnail","7":"category-1635","8":"category-destaque","9":"category-denuncias","10":"category-entendendo-o-rio","11":"category-por-correspondentes-comunitarios","12":"category-opiniao","13":"tag-cidade-de-deus","14":"tag-desigualdade","15":"tag-direito-de-ir-e-vir","16":"tag-megaeventos","17":"tag-olimpiadas","18":"tag-opiniao","19":"tag-trafico-de-drogas","20":"tag-violencia","21":"tag-violencia-de-estado","22":"writer-juliana-portella"},"acf":[],"yoast_head":"<!-- This site is optimized with the Yoast SEO plugin v25.6 - https:\/\/yoast.com\/wordpress\/plugins\/seo\/ -->\n<title>Cidade de Deus e a Vit\u00f3ria de Rafaela: Queremos Mais Ouro e Menos Chumbo - RioOnWatch<\/title>\n<meta name=\"robots\" content=\"index, follow, max-snippet:-1, max-image-preview:large, max-video-preview:-1\" \/>\n<link rel=\"canonical\" href=\"https:\/\/rioonwatch.org.br\/?p=21471\" \/>\n<meta property=\"og:locale\" content=\"pt_BR\" \/>\n<meta property=\"og:type\" content=\"article\" \/>\n<meta property=\"og:title\" content=\"Cidade de Deus e a Vit\u00f3ria de Rafaela: Queremos Mais Ouro e Menos Chumbo - RioOnWatch\" \/>\n<meta property=\"og:description\" content=\"Click Here for English A primeira medalha de ouro do Brasil nas Olimp\u00edadas Rio 2016 foi conquistada por Rafaela Silva, judoca da Cidade de Deus. Negra e favelada, apesar de todos os obst\u00e1culos, foi a [...]\" \/>\n<meta property=\"og:url\" content=\"https:\/\/rioonwatch.org.br\/?p=21471\" \/>\n<meta property=\"og:site_name\" content=\"RioOnWatch\" \/>\n<meta property=\"article:published_time\" content=\"2016-08-10T21:00:17+00:00\" \/>\n<meta property=\"article:modified_time\" content=\"2024-06-20T19:26:20+00:00\" \/>\n<meta property=\"og:image\" content=\"https:\/\/rioonwatch.org.br\/wp-content\/uploads\/2016\/08\/Rafaela_Silva_medalha_ouro_08082016-6.jpg\" \/>\n\t<meta property=\"og:image:width\" content=\"2048\" \/>\n\t<meta property=\"og:image:height\" content=\"1365\" \/>\n\t<meta property=\"og:image:type\" content=\"image\/jpeg\" \/>\n<meta name=\"author\" content=\"Admin\" \/>\n<meta name=\"twitter:card\" content=\"summary_large_image\" \/>\n<meta name=\"twitter:label1\" content=\"Escrito por\" \/>\n\t<meta name=\"twitter:data1\" content=\"Admin\" \/>\n\t<meta name=\"twitter:label2\" content=\"Est. tempo de leitura\" \/>\n\t<meta name=\"twitter:data2\" content=\"2 minutos\" \/>\n<script type=\"application\/ld+json\" class=\"yoast-schema-graph\">{\"@context\":\"https:\/\/schema.org\",\"@graph\":[{\"@type\":\"Article\",\"@id\":\"https:\/\/rioonwatch.org.br\/?p=21471#article\",\"isPartOf\":{\"@id\":\"https:\/\/rioonwatch.org.br\/?p=21471\"},\"author\":{\"name\":\"Admin\",\"@id\":\"https:\/\/rioonwatch.org.br\/#\/schema\/person\/11d64c290506f9df50c71b850c473f68\"},\"headline\":\"Cidade de Deus e a Vit\u00f3ria de Rafaela: Queremos Mais Ouro e Menos Chumbo\",\"datePublished\":\"2016-08-10T21:00:17+00:00\",\"dateModified\":\"2024-06-20T19:26:20+00:00\",\"mainEntityOfPage\":{\"@id\":\"https:\/\/rioonwatch.org.br\/?p=21471\"},\"wordCount\":454,\"publisher\":{\"@id\":\"https:\/\/rioonwatch.org.br\/#organization\"},\"image\":{\"@id\":\"https:\/\/rioonwatch.org.br\/?p=21471#primaryimage\"},\"thumbnailUrl\":\"https:\/\/rioonwatch.org.br\/wp-content\/uploads\/2016\/08\/Rafaela_Silva_medalha_ouro_08082016-6.jpg\",\"keywords\":[\"Cidade de Deus\",\"desigualdade\",\"direito de ir e vir\",\"Megaeventos\",\"Olimp\u00edadas\",\"opini\u00e3o\",\"tr\u00e1fico de drogas\",\"viol\u00eancia\",\"viol\u00eancia de Estado\"],\"articleSection\":[\"#Rio2016\",\"*Destaque\",\"Den\u00fancias\",\"Entendendo o Rio\",\"Escrito por Comunicadores Populares\",\"Opini\u00e3o\"],\"inLanguage\":\"pt-BR\"},{\"@type\":\"WebPage\",\"@id\":\"https:\/\/rioonwatch.org.br\/?p=21471\",\"url\":\"https:\/\/rioonwatch.org.br\/?p=21471\",\"name\":\"Cidade de Deus e a Vit\u00f3ria de Rafaela: Queremos Mais Ouro e Menos Chumbo - RioOnWatch\",\"isPartOf\":{\"@id\":\"https:\/\/rioonwatch.org.br\/#website\"},\"primaryImageOfPage\":{\"@id\":\"https:\/\/rioonwatch.org.br\/?p=21471#primaryimage\"},\"image\":{\"@id\":\"https:\/\/rioonwatch.org.br\/?p=21471#primaryimage\"},\"thumbnailUrl\":\"https:\/\/rioonwatch.org.br\/wp-content\/uploads\/2016\/08\/Rafaela_Silva_medalha_ouro_08082016-6.jpg\",\"datePublished\":\"2016-08-10T21:00:17+00:00\",\"dateModified\":\"2024-06-20T19:26:20+00:00\",\"breadcrumb\":{\"@id\":\"https:\/\/rioonwatch.org.br\/?p=21471#breadcrumb\"},\"inLanguage\":\"pt-BR\",\"potentialAction\":[{\"@type\":\"ReadAction\",\"target\":[\"https:\/\/rioonwatch.org.br\/?p=21471\"]}]},{\"@type\":\"ImageObject\",\"inLanguage\":\"pt-BR\",\"@id\":\"https:\/\/rioonwatch.org.br\/?p=21471#primaryimage\",\"url\":\"https:\/\/rioonwatch.org.br\/wp-content\/uploads\/2016\/08\/Rafaela_Silva_medalha_ouro_08082016-6.jpg\",\"contentUrl\":\"https:\/\/rioonwatch.org.br\/wp-content\/uploads\/2016\/08\/Rafaela_Silva_medalha_ouro_08082016-6.jpg\",\"width\":2048,\"height\":1365},{\"@type\":\"BreadcrumbList\",\"@id\":\"https:\/\/rioonwatch.org.br\/?p=21471#breadcrumb\",\"itemListElement\":[{\"@type\":\"ListItem\",\"position\":1,\"name\":\"In\u00edcio\",\"item\":\"https:\/\/rioonwatch.org.br\/\"},{\"@type\":\"ListItem\",\"position\":2,\"name\":\"Cidade de Deus e a Vit\u00f3ria de Rafaela: Queremos Mais Ouro e Menos Chumbo\"}]},{\"@type\":\"WebSite\",\"@id\":\"https:\/\/rioonwatch.org.br\/#website\",\"url\":\"https:\/\/rioonwatch.org.br\/\",\"name\":\"RioOnWatch\",\"description\":\"relatos das favelas cariocas\",\"publisher\":{\"@id\":\"https:\/\/rioonwatch.org.br\/#organization\"},\"potentialAction\":[{\"@type\":\"SearchAction\",\"target\":{\"@type\":\"EntryPoint\",\"urlTemplate\":\"https:\/\/rioonwatch.org.br\/?s={search_term_string}\"},\"query-input\":{\"@type\":\"PropertyValueSpecification\",\"valueRequired\":true,\"valueName\":\"search_term_string\"}}],\"inLanguage\":\"pt-BR\"},{\"@type\":\"Organization\",\"@id\":\"https:\/\/rioonwatch.org.br\/#organization\",\"name\":\"RioOnWatch\",\"url\":\"https:\/\/rioonwatch.org.br\/\",\"logo\":{\"@type\":\"ImageObject\",\"inLanguage\":\"pt-BR\",\"@id\":\"https:\/\/rioonwatch.org.br\/#\/schema\/logo\/image\/\",\"url\":\"https:\/\/rioonwatch.org.br\/wp-content\/uploads\/2021\/06\/RioOnWatchcabecalhoPT11anos-2.png\",\"contentUrl\":\"https:\/\/rioonwatch.org.br\/wp-content\/uploads\/2021\/06\/RioOnWatchcabecalhoPT11anos-2.png\",\"width\":779,\"height\":277,\"caption\":\"RioOnWatch\"},\"image\":{\"@id\":\"https:\/\/rioonwatch.org.br\/#\/schema\/logo\/image\/\"}},{\"@type\":\"Person\",\"@id\":\"https:\/\/rioonwatch.org.br\/#\/schema\/person\/11d64c290506f9df50c71b850c473f68\",\"name\":\"Admin\",\"image\":{\"@type\":\"ImageObject\",\"inLanguage\":\"pt-BR\",\"@id\":\"https:\/\/rioonwatch.org.br\/#\/schema\/person\/image\/\",\"url\":\"https:\/\/secure.gravatar.com\/avatar\/56211ac74568383903349a1485e3c325?s=96&d=blank&r=g\",\"contentUrl\":\"https:\/\/secure.gravatar.com\/avatar\/56211ac74568383903349a1485e3c325?s=96&d=blank&r=g\",\"caption\":\"Admin\"},\"url\":\"https:\/\/rioonwatch.org.br\/?author=129\"}]}<\/script>\n<!-- \/ Yoast SEO plugin. -->","yoast_head_json":{"title":"Cidade de Deus e a Vit\u00f3ria de Rafaela: Queremos Mais Ouro e Menos Chumbo - RioOnWatch","robots":{"index":"index","follow":"follow","max-snippet":"max-snippet:-1","max-image-preview":"max-image-preview:large","max-video-preview":"max-video-preview:-1"},"canonical":"https:\/\/rioonwatch.org.br\/?p=21471","og_locale":"pt_BR","og_type":"article","og_title":"Cidade de Deus e a Vit\u00f3ria de Rafaela: Queremos Mais Ouro e Menos Chumbo - RioOnWatch","og_description":"Click Here for English A primeira medalha de ouro do Brasil nas Olimp\u00edadas Rio 2016 foi conquistada por Rafaela Silva, judoca da Cidade de Deus. Negra e favelada, apesar de todos os obst\u00e1culos, foi a [...]","og_url":"https:\/\/rioonwatch.org.br\/?p=21471","og_site_name":"RioOnWatch","article_published_time":"2016-08-10T21:00:17+00:00","article_modified_time":"2024-06-20T19:26:20+00:00","og_image":[{"width":2048,"height":1365,"url":"https:\/\/rioonwatch.org.br\/wp-content\/uploads\/2016\/08\/Rafaela_Silva_medalha_ouro_08082016-6.jpg","type":"image\/jpeg"}],"author":"Admin","twitter_card":"summary_large_image","twitter_misc":{"Escrito por":"Admin","Est. tempo de leitura":"2 minutos"},"schema":{"@context":"https:\/\/schema.org","@graph":[{"@type":"Article","@id":"https:\/\/rioonwatch.org.br\/?p=21471#article","isPartOf":{"@id":"https:\/\/rioonwatch.org.br\/?p=21471"},"author":{"name":"Admin","@id":"https:\/\/rioonwatch.org.br\/#\/schema\/person\/11d64c290506f9df50c71b850c473f68"},"headline":"Cidade de Deus e a Vit\u00f3ria de Rafaela: Queremos Mais Ouro e Menos Chumbo","datePublished":"2016-08-10T21:00:17+00:00","dateModified":"2024-06-20T19:26:20+00:00","mainEntityOfPage":{"@id":"https:\/\/rioonwatch.org.br\/?p=21471"},"wordCount":454,"publisher":{"@id":"https:\/\/rioonwatch.org.br\/#organization"},"image":{"@id":"https:\/\/rioonwatch.org.br\/?p=21471#primaryimage"},"thumbnailUrl":"https:\/\/rioonwatch.org.br\/wp-content\/uploads\/2016\/08\/Rafaela_Silva_medalha_ouro_08082016-6.jpg","keywords":["Cidade de Deus","desigualdade","direito de ir e vir","Megaeventos","Olimp\u00edadas","opini\u00e3o","tr\u00e1fico de drogas","viol\u00eancia","viol\u00eancia de Estado"],"articleSection":["#Rio2016","*Destaque","Den\u00fancias","Entendendo o Rio","Escrito por Comunicadores Populares","Opini\u00e3o"],"inLanguage":"pt-BR"},{"@type":"WebPage","@id":"https:\/\/rioonwatch.org.br\/?p=21471","url":"https:\/\/rioonwatch.org.br\/?p=21471","name":"Cidade de Deus e a Vit\u00f3ria de Rafaela: Queremos Mais Ouro e Menos Chumbo - RioOnWatch","isPartOf":{"@id":"https:\/\/rioonwatch.org.br\/#website"},"primaryImageOfPage":{"@id":"https:\/\/rioonwatch.org.br\/?p=21471#primaryimage"},"image":{"@id":"https:\/\/rioonwatch.org.br\/?p=21471#primaryimage"},"thumbnailUrl":"https:\/\/rioonwatch.org.br\/wp-content\/uploads\/2016\/08\/Rafaela_Silva_medalha_ouro_08082016-6.jpg","datePublished":"2016-08-10T21:00:17+00:00","dateModified":"2024-06-20T19:26:20+00:00","breadcrumb":{"@id":"https:\/\/rioonwatch.org.br\/?p=21471#breadcrumb"},"inLanguage":"pt-BR","potentialAction":[{"@type":"ReadAction","target":["https:\/\/rioonwatch.org.br\/?p=21471"]}]},{"@type":"ImageObject","inLanguage":"pt-BR","@id":"https:\/\/rioonwatch.org.br\/?p=21471#primaryimage","url":"https:\/\/rioonwatch.org.br\/wp-content\/uploads\/2016\/08\/Rafaela_Silva_medalha_ouro_08082016-6.jpg","contentUrl":"https:\/\/rioonwatch.org.br\/wp-content\/uploads\/2016\/08\/Rafaela_Silva_medalha_ouro_08082016-6.jpg","width":2048,"height":1365},{"@type":"BreadcrumbList","@id":"https:\/\/rioonwatch.org.br\/?p=21471#breadcrumb","itemListElement":[{"@type":"ListItem","position":1,"name":"In\u00edcio","item":"https:\/\/rioonwatch.org.br\/"},{"@type":"ListItem","position":2,"name":"Cidade de Deus e a Vit\u00f3ria de Rafaela: Queremos Mais Ouro e Menos Chumbo"}]},{"@type":"WebSite","@id":"https:\/\/rioonwatch.org.br\/#website","url":"https:\/\/rioonwatch.org.br\/","name":"RioOnWatch","description":"relatos das favelas cariocas","publisher":{"@id":"https:\/\/rioonwatch.org.br\/#organization"},"potentialAction":[{"@type":"SearchAction","target":{"@type":"EntryPoint","urlTemplate":"https:\/\/rioonwatch.org.br\/?s={search_term_string}"},"query-input":{"@type":"PropertyValueSpecification","valueRequired":true,"valueName":"search_term_string"}}],"inLanguage":"pt-BR"},{"@type":"Organization","@id":"https:\/\/rioonwatch.org.br\/#organization","name":"RioOnWatch","url":"https:\/\/rioonwatch.org.br\/","logo":{"@type":"ImageObject","inLanguage":"pt-BR","@id":"https:\/\/rioonwatch.org.br\/#\/schema\/logo\/image\/","url":"https:\/\/rioonwatch.org.br\/wp-content\/uploads\/2021\/06\/RioOnWatchcabecalhoPT11anos-2.png","contentUrl":"https:\/\/rioonwatch.org.br\/wp-content\/uploads\/2021\/06\/RioOnWatchcabecalhoPT11anos-2.png","width":779,"height":277,"caption":"RioOnWatch"},"image":{"@id":"https:\/\/rioonwatch.org.br\/#\/schema\/logo\/image\/"}},{"@type":"Person","@id":"https:\/\/rioonwatch.org.br\/#\/schema\/person\/11d64c290506f9df50c71b850c473f68","name":"Admin","image":{"@type":"ImageObject","inLanguage":"pt-BR","@id":"https:\/\/rioonwatch.org.br\/#\/schema\/person\/image\/","url":"https:\/\/secure.gravatar.com\/avatar\/56211ac74568383903349a1485e3c325?s=96&d=blank&r=g","contentUrl":"https:\/\/secure.gravatar.com\/avatar\/56211ac74568383903349a1485e3c325?s=96&d=blank&r=g","caption":"Admin"},"url":"https:\/\/rioonwatch.org.br\/?author=129"}]}},"_links":{"self":[{"href":"https:\/\/rioonwatch.org.br\/index.php?rest_route=\/wp\/v2\/posts\/21471"}],"collection":[{"href":"https:\/\/rioonwatch.org.br\/index.php?rest_route=\/wp\/v2\/posts"}],"about":[{"href":"https:\/\/rioonwatch.org.br\/index.php?rest_route=\/wp\/v2\/types\/post"}],"author":[{"embeddable":true,"href":"https:\/\/rioonwatch.org.br\/index.php?rest_route=\/wp\/v2\/users\/129"}],"replies":[{"embeddable":true,"href":"https:\/\/rioonwatch.org.br\/index.php?rest_route=%2Fwp%2Fv2%2Fcomments&post=21471"}],"version-history":[{"count":16,"href":"https:\/\/rioonwatch.org.br\/index.php?rest_route=\/wp\/v2\/posts\/21471\/revisions"}],"predecessor-version":[{"id":74190,"href":"https:\/\/rioonwatch.org.br\/index.php?rest_route=\/wp\/v2\/posts\/21471\/revisions\/74190"}],"wp:featuredmedia":[{"embeddable":true,"href":"https:\/\/rioonwatch.org.br\/index.php?rest_route=\/wp\/v2\/media\/21484"}],"wp:attachment":[{"href":"https:\/\/rioonwatch.org.br\/index.php?rest_route=%2Fwp%2Fv2%2Fmedia&parent=21471"}],"wp:term":[{"taxonomy":"category","embeddable":true,"href":"https:\/\/rioonwatch.org.br\/index.php?rest_route=%2Fwp%2Fv2%2Fcategories&post=21471"},{"taxonomy":"post_tag","embeddable":true,"href":"https:\/\/rioonwatch.org.br\/index.php?rest_route=%2Fwp%2Fv2%2Ftags&post=21471"},{"taxonomy":"writer","embeddable":true,"href":"https:\/\/rioonwatch.org.br\/index.php?rest_route=%2Fwp%2Fv2%2Fwriter&post=21471"},{"taxonomy":"translator","embeddable":true,"href":"https:\/\/rioonwatch.org.br\/index.php?rest_route=%2Fwp%2Fv2%2Ftranslator&post=21471"},{"taxonomy":"source","embeddable":true,"href":"https:\/\/rioonwatch.org.br\/index.php?rest_route=%2Fwp%2Fv2%2Fsource&post=21471"},{"taxonomy":"ilustrador","embeddable":true,"href":"https:\/\/rioonwatch.org.br\/index.php?rest_route=%2Fwp%2Fv2%2Filustrador&post=21471"},{"taxonomy":"fotografo","embeddable":true,"href":"https:\/\/rioonwatch.org.br\/index.php?rest_route=%2Fwp%2Fv2%2Ffotografo&post=21471"}],"curies":[{"name":"wp","href":"https:\/\/api.w.org\/{rel}","templated":true}]}}