{"id":21488,"date":"2016-08-10T12:00:25","date_gmt":"2016-08-10T15:00:25","guid":{"rendered":"http:\/\/rioonwatch.org.br\/?p=21488"},"modified":"2024-06-20T16:26:21","modified_gmt":"2024-06-20T19:26:21","slug":"manifestacao-jogos-da-exclusao-protesta-contra-os-impactos-das-olimpiadas-video-imagens","status":"publish","type":"post","link":"https:\/\/rioonwatch.org.br\/?p=21488","title":{"rendered":"Manifesta\u00e7\u00e3o \u201cJogos da Exclus\u00e3o\u201d Protesta Contra os Impactos das Olimp\u00edadas [V\u00cdDEO | IMAGENS]"},"content":{"rendered":"<p style=\"text-align: right;\"><em><strong><a href=\"http:\/\/bit.ly\/2aDaJKA\" target=\"_blank\" rel=\"noopener\">Click Here for English<img decoding=\"async\" width=\"20\" height=\"20\" class=\"alignright wp-image-15790\" src=\"http:\/\/rioonwatch.org.br\/wp-content\/uploads\/2012\/08\/EN-standard-e1439583104716.jpg\" alt=\"\" \/><\/a><\/strong><\/em><\/p>\n<p>Na \u00faltima sexta-feira, 5 de agosto, centenas de manifestantes se reuniram na Pra\u00e7a Saens Pe\u00f1a, na <a href=\"http:\/\/bit.ly\/1KFTsNJ\" target=\"_blank\" rel=\"noopener\">Tijuca<\/a>, poucas horas antes do in\u00edcio da cerim\u00f4nia de abertura dos Jogos Ol\u00edmpicos, no <a href=\"http:\/\/bit.ly\/1nid1lU\" target=\"_blank\" rel=\"noopener\">Est\u00e1dio do Maracan\u00e3<\/a>. <a href=\"http:\/\/bit.ly\/2aJxaze\" target=\"_blank\" rel=\"noopener\">Outras centenas juntaram-se<\/a> ao grupo ao longo da tarde \u00e0 medida que a manifesta\u00e7\u00e3o seguia em dire\u00e7\u00e3o \u00e0 Afonso Pena, totalizando aproximadamente mil pessoas. O protesto foi o ponto alto de uma <a href=\"http:\/\/bit.ly\/29QURY5\" target=\"_blank\" rel=\"noopener\">s\u00e9rie de eventos<\/a> que ocorreram ao longo da semana, organizados pelo\u00a0<a href=\"http:\/\/bit.ly\/1cSGbhy\" target=\"_blank\" rel=\"noopener\">Comit\u00ea Popular da Copa do Mundo e Olimp\u00edadas<\/a>.<\/p>\n<p><a href=\"http:\/\/rioonwatch.org.br\/wp-content\/uploads\/2016\/08\/beginning.jpg\"><img fetchpriority=\"high\" decoding=\"async\" class=\"aligncenter wp-image-21495 size-content\" title=\"In\u00edcio do protesto na Pra\u00e7a Saens Pe\u00f1a\" src=\"http:\/\/rioonwatch.org.br\/wp-content\/uploads\/2016\/08\/beginning-620x264.jpg\" alt=\"beginning\" width=\"620\" height=\"264\" srcset=\"https:\/\/rioonwatch.org.br\/wp-content\/uploads\/2016\/08\/beginning-620x264.jpg 620w, https:\/\/rioonwatch.org.br\/wp-content\/uploads\/2016\/08\/beginning-940x400.jpg 940w\" sizes=\"(max-width: 620px) 100vw, 620px\" \/><\/a><\/p>\n<p>A presen\u00e7a da <a href=\"http:\/\/bit.ly\/1mtYvXK\" target=\"_blank\" rel=\"noopener\">Pol\u00edcia Militar<\/a> foi intensa desde o in\u00edcio do evento, com policiais fortemente armados, helic\u00f3pteros, cavalaria e carros da pol\u00edcia. Inicialmente, o clima era pac\u00edfico, o Comit\u00ea Popular e a pol\u00edcia cooperavam para negociar e chegar a um acordo sobre mudan\u00e7as na rota da manifesta\u00e7\u00e3o. No entanto, em duas ocasi\u00f5es antes mesmo dos manifestantes sa\u00edrem da pra\u00e7a, dezenas de policiais cercaram alguns deles, sem que houvesse nenhuma evid\u00eancia clara de provoca\u00e7\u00e3o ou tens\u00e3o. Uma das pessoas disse que no momento da rea\u00e7\u00e3o da pol\u00edcia estava apenas usando um spray de tinta para fazer os cartazes, o que j\u00e1 estava fazendo h\u00e1 cerca de 15 minutos. Outro manifestante, que estava parado em uma plataforma, entregou sua mochila para sua namorada, que ent\u00e3o foi cercada pelos policiais.<\/p>\n<p><a href=\"http:\/\/rioonwatch.org.br\/wp-content\/uploads\/2016\/08\/heavy-armor.jpg\"><img decoding=\"async\" class=\"aligncenter wp-image-21496 size-content\" title=\"Centenas de policiais fortemente armados chegaram na manifesta\u00e7\u00e3o.\" src=\"http:\/\/rioonwatch.org.br\/wp-content\/uploads\/2016\/08\/heavy-armor-620x264.jpg\" alt=\"heavy-armor\" width=\"620\" height=\"264\" srcset=\"https:\/\/rioonwatch.org.br\/wp-content\/uploads\/2016\/08\/heavy-armor-620x264.jpg 620w, https:\/\/rioonwatch.org.br\/wp-content\/uploads\/2016\/08\/heavy-armor-940x400.jpg 940w\" sizes=\"(max-width: 620px) 100vw, 620px\" \/><\/a><\/p>\n<p>Os manifestantes protestavam contra uma s\u00e9rie de impactos negativos vivenciados por moradores do Rio por conta da realiza\u00e7\u00e3o das <a href=\"http:\/\/bit.ly\/PkLXlQ\" target=\"_blank\" rel=\"noopener\">Olimp\u00edadas<\/a>, como as <a href=\"http:\/\/bit.ly\/X51Qvb\" target=\"_blank\" rel=\"noopener\">remo\u00e7\u00f5es<\/a>, a <a href=\"http:\/\/bit.ly\/1i0t9Hc\" target=\"_blank\" rel=\"noopener\">viol\u00eancia policial<\/a>, o <a href=\"http:\/\/bit.ly\/25y5Vx4\" target=\"_blank\" rel=\"noopener\">legado ambiental<\/a> desastroso e a invers\u00e3o de <a href=\"http:\/\/bit.ly\/29T9kjb\" target=\"_blank\" rel=\"noopener\">prioridades do poder p\u00fablico<\/a> ao gastar bilh\u00f5es quando a prefeitura n\u00e3o atende \u00e0s necessidades b\u00e1sicas dos cidad\u00e3os. O protesto, denominado \u201cOs Jogos da Exclus\u00e3o\u201d, destacou como os moradores do Rio <a href=\"http:\/\/bit.ly\/WClMpp\" target=\"_blank\" rel=\"noopener\">t\u00eam sido sistematicamente exclu\u00eddos<\/a> e sofrido <a href=\"http:\/\/bit.ly\/1ZVGzpr\" target=\"_blank\" rel=\"noopener\">viola\u00e7\u00f5es de seus direitos<\/a> direta e indiretamente, atrav\u00e9s de cortes no or\u00e7amento p\u00fablico para <a href=\"http:\/\/bbc.in\/2apF5jj\" target=\"_blank\" rel=\"noopener\">sa\u00fade<\/a>, <a href=\"http:\/\/bit.ly\/29heFj6\" target=\"_blank\" rel=\"noopener\">educa\u00e7\u00e3o<\/a> e <a href=\"http:\/\/bit.ly\/14lMZGK\" target=\"_blank\" rel=\"noopener\">saneamento<\/a> b\u00e1sico, enquanto <a href=\"http:\/\/bit.ly\/29eMlTm\" target=\"_blank\" rel=\"noopener\">bilh\u00f5es t\u00eam sido gastos na constru\u00e7\u00e3o das instala\u00e7\u00f5es ol\u00edmpicas<\/a>.<\/p>\n<p><a href=\"http:\/\/rioonwatch.org.br\/wp-content\/uploads\/2016\/08\/protesters.jpg\"><img loading=\"lazy\" decoding=\"async\" class=\"aligncenter wp-image-21499 size-content\" title=\"Manifestantes\" src=\"http:\/\/rioonwatch.org.br\/wp-content\/uploads\/2016\/08\/protesters-620x264.jpg\" alt=\"protesters\" width=\"620\" height=\"264\" srcset=\"https:\/\/rioonwatch.org.br\/wp-content\/uploads\/2016\/08\/protesters-620x264.jpg 620w, https:\/\/rioonwatch.org.br\/wp-content\/uploads\/2016\/08\/protesters-940x400.jpg 940w\" sizes=\"(max-width: 620px) 100vw, 620px\" \/><\/a><\/p>\n<p>Jurema Gomes da Silva, uma professora de 72 anos, disse que uma vez que o Rio assumiu o compromisso de receber os Jogos <a href=\"http:\/\/bit.ly\/1l7oExN\" target=\"_blank\" rel=\"noopener\">Pan-Americanos em 2007<\/a> e foi escolhido para sediar a <a href=\"http:\/\/bit.ly\/WfaiMR\" target=\"_blank\" rel=\"noopener\">Copa do Mundo de 2014<\/a> e as Olimp\u00edadas de 2016, ela soube\u00a0que a cidade realizaria os eventos apesar do descontentamento dos moradores. \u201cSempre soubemos que ia acontecer\u201d, ela disse, \u201cmas agora, eu estou aqui porque sou contra a aus\u00eancia permanente de nossos servi\u00e7os p\u00fablicos. Nosso governo abandonou completamente os pobres, os negros, a popula\u00e7\u00e3o em geral\u201d.<\/p>\n<p><a href=\"http:\/\/rioonwatch.org.br\/wp-content\/uploads\/2016\/08\/Jurema.jpg\"><img loading=\"lazy\" decoding=\"async\" class=\"aligncenter wp-image-21500 size-content\" title=\"Jurema Gomes da Silva\" src=\"http:\/\/rioonwatch.org.br\/wp-content\/uploads\/2016\/08\/Jurema-620x264.jpg\" alt=\"Jurema\" width=\"620\" height=\"264\" srcset=\"https:\/\/rioonwatch.org.br\/wp-content\/uploads\/2016\/08\/Jurema-620x264.jpg 620w, https:\/\/rioonwatch.org.br\/wp-content\/uploads\/2016\/08\/Jurema-940x400.jpg 940w\" sizes=\"(max-width: 620px) 100vw, 620px\" \/><\/a><\/p>\n<p>Nina, uma estudante de 17 anos, disse que estava na manifesta\u00e7\u00e3o porque \u201cos Jogos Ol\u00edmpicos n\u00e3o s\u00e3o para as pessoas que vivem aqui\u201d. Ela tamb\u00e9m criticou as pol\u00edticas de gastos e o desenvolvimento que precederam os Jogos: \u201cNenhum morador tem algum retorno com este novo sistema de transporte projetado para os turistas. Eu n\u00e3o estou contente em dizer isso, mas estou contente em estar aqui hoje para demonstrar o meu descontentamento\u201d.<\/p>\n<p>Durante a manifesta\u00e7\u00e3o, <a href=\"http:\/\/bit.ly\/2b7diK3\" target=\"_blank\" rel=\"noopener\">alguns confrontos<\/a> ocorreram entre a Pol\u00edcia Militar e os membros do <a href=\"http:\/\/bit.ly\/2b7tYON\" target=\"_blank\" rel=\"noopener\">Black Bloc<\/a>, um grupo de anarquistas trajados de preto que surgiu no Brasil durante as <a href=\"http:\/\/bit.ly\/10AcuSq\" target=\"_blank\" rel=\"noopener\">manifesta\u00e7\u00f5es de 2013<\/a>. O grupo \u00e9 inspirado no movimento dos anos 80 que encorajava manifestantes a se defenderem contra a repress\u00e3o policial na Alemanha Oriental. O movimento brasileiro do s\u00e9culo 21 explicitamente tem como objetivo \u201ccausar dano a institui\u00e7\u00f5es opressivas\u201d, e seus participantes s\u00e3o frequentemente acusados pela m\u00eddia brasileira de serem \u201c<a href=\"http:\/\/bit.ly\/2aUajC6\" target=\"_blank\" rel=\"noopener\">guerrilheiros urbanos<\/a>\u201d, \u201c<a href=\"http:\/\/bit.ly\/2b2Q5bV\" target=\"_blank\" rel=\"noopener\">excessivamente violentos<\/a>\u201d e de \u201c<a href=\"http:\/\/glo.bo\/2aujTgT\" target=\"_blank\" rel=\"noopener\">provocarem a pol\u00edcia<\/a>\u201d.<\/p>\n<p><a href=\"http:\/\/rioonwatch.org.br\/wp-content\/uploads\/2016\/08\/standoff.jpg\"><img loading=\"lazy\" decoding=\"async\" class=\"aligncenter wp-image-21501 size-content\" title=\"Pol\u00edcia impede a passagem dos manifestantes, ao longo do trajeto, durante o protesto.\" src=\"http:\/\/rioonwatch.org.br\/wp-content\/uploads\/2016\/08\/standoff-620x264.jpg\" alt=\"standoff\" width=\"620\" height=\"264\" srcset=\"https:\/\/rioonwatch.org.br\/wp-content\/uploads\/2016\/08\/standoff-620x264.jpg 620w, https:\/\/rioonwatch.org.br\/wp-content\/uploads\/2016\/08\/standoff-940x400.jpg 940w\" sizes=\"(max-width: 620px) 100vw, 620px\" \/><\/a><\/p>\n<p>Os organizadores do evento ficaram satisfeitos com a diversidade dos participantes, que tinham diferentes origens e idades, e especialmente com a forma pac\u00edfica como eles agiram. \u201cFoi excelente\u201d, disse Larissa Lacerda, membro do Comit\u00ea Popular. \u201cClaro, houve momentos de tens\u00e3o, mas isso acontece em qualquer manifesta\u00e7\u00e3o\u201d.<\/p>\n<p><a href=\"http:\/\/rioonwatch.org.br\/wp-content\/uploads\/2016\/08\/sprayed.jpg\"><img loading=\"lazy\" decoding=\"async\" class=\"aligncenter wp-image-21502 size-medium\" title=\"Jovem pulverizado com spray de pimenta recebe tratamento da Cruz Vermelha.\" src=\"http:\/\/rioonwatch.org.br\/wp-content\/uploads\/2016\/08\/sprayed-620x348.jpg\" alt=\"sprayed\" width=\"620\" height=\"348\" srcset=\"https:\/\/rioonwatch.org.br\/wp-content\/uploads\/2016\/08\/sprayed-620x348.jpg 620w, https:\/\/rioonwatch.org.br\/wp-content\/uploads\/2016\/08\/sprayed-470x264.jpg 470w, https:\/\/rioonwatch.org.br\/wp-content\/uploads\/2016\/08\/sprayed-768x432.jpg 768w, https:\/\/rioonwatch.org.br\/wp-content\/uploads\/2016\/08\/sprayed-580x326.jpg 580w, https:\/\/rioonwatch.org.br\/wp-content\/uploads\/2016\/08\/sprayed-174x98.jpg 174w, https:\/\/rioonwatch.org.br\/wp-content\/uploads\/2016\/08\/sprayed.jpg 1000w\" sizes=\"(max-width: 620px) 100vw, 620px\" \/><\/a><\/p>\n<p>O protesto acabou um pouco depois das 6 da tarde. Na Pra\u00e7a Afonso Pena, participantes estavam reunidos conversando sobre como havia sido o evento quando, sem qualquer provoca\u00e7\u00e3o, a Pol\u00edcia Militar jogou uma <a href=\"http:\/\/bit.ly\/2b3KXBq\" target=\"_blank\" rel=\"noopener\">bomba de g\u00e1s lacrimog\u00eanio nas pessoas ainda presentes no local<\/a>, enquanto outros foram atingidos por spray de pimenta e tiveram que <a href=\"http:\/\/bit.ly\/2aSfy3b\" target=\"_blank\" rel=\"noopener\">receber socorro da Cruz Vermelha<\/a>. O uso de tais t\u00e1ticas para \u201c<a href=\"http:\/\/bit.ly\/2b7fMb2\" target=\"_blank\" rel=\"noopener\">dispersar manifestantes<\/a>\u201d \u00e9 comum na Pol\u00edcia Militar do Rio de Janeiro. Neste caso, o protesto j\u00e1 havia sido disperso. O resultado foi o fechamento de um espa\u00e7o p\u00fablico, pessoas amedrontadas correndo, manifestantes e aqueles que apenas passavam pelo local. Fam\u00edlias de moradores da regi\u00e3o estavam nos brinquedos da pra\u00e7a naquele momento. Duas horas depois, a uma dist\u00e2ncia de 15 minutos a p\u00e9, come\u00e7ava a <a href=\"http:\/\/bit.ly\/2b7TOC2\" target=\"_blank\" rel=\"noopener\">cerim\u00f4nia de abertura<\/a>\u00a0dos Jogos Ol\u00edmpicos.<\/p>\n<h3>Assista ao nosso v\u00eddeo do protesto <a href=\"http:\/\/bit.ly\/2b5GhxJ\" target=\"_blank\" rel=\"noopener\">aqui<\/a>:<\/h3>\n<p><iframe src=\"https:\/\/www.youtube.com\/embed\/QibDjbd_mEU\" width=\"620\" height=\"349\" frameborder=\"0\" allowfullscreen=\"allowfullscreen\"><\/iframe><\/p>\n<h3>Veja nossas fotos do protesto (<a href=\"http:\/\/bit.ly\/2aJxaze\" target=\"_blank\" rel=\"noopener\">clique aqui para o \u00e1lbum no Flickr<\/a>):<\/h3>\n<p><iframe src=\"http:\/\/www.flickr.com\/slideShow\/index.gne?group_id=&amp;user_id=25093702@N00&amp;set_id=72157671327524462&amp;amp\" width=\"620\" height=\"450\" frameborder=\"0\" scrolling=\"no\" align=\"center\"><\/iframe><\/p>\n<!-- AddThis Advanced Settings generic via filter on the_content --><!-- AddThis Share Buttons generic via filter on the_content -->","protected":false},"excerpt":{"rendered":"<div class=\"mh-excerpt\"><p>Click Here for English Na \u00faltima sexta-feira, 5 de agosto, centenas de manifestantes se reuniram na Pra\u00e7a Saens Pe\u00f1a, na Tijuca, poucas horas antes do in\u00edcio da cerim\u00f4nia de abertura dos Jogos Ol\u00edmpicos, no Est\u00e1dio <a class=\"mh-excerpt-more\" href=\"https:\/\/rioonwatch.org.br\/?p=21488\" title=\"Manifesta\u00e7\u00e3o \u201cJogos da Exclus\u00e3o\u201d Protesta Contra os Impactos das Olimp\u00edadas [V\u00cdDEO | IMAGENS]\">[&#8230;]<\/a><!-- AddThis Advanced Settings generic via filter on get_the_excerpt --><!-- AddThis Share Buttons generic via filter on get_the_excerpt --><\/p>\n<\/div>","protected":false},"author":129,"featured_media":21490,"comment_status":"closed","ping_status":"closed","sticky":false,"template":"","format":"standard","meta":{"_acf_changed":false,"_monsterinsights_skip_tracking":false,"_monsterinsights_sitenote_active":false,"_monsterinsights_sitenote_note":"","_monsterinsights_sitenote_category":0,"footnotes":""},"categories":[1635,1627,1625,1633,1612,1638],"tags":[389,424,88,60,466,1240,78,359,774,763,14,672,52],"writer":[1797,1892],"translator":[1943],"source":[],"ilustrador":[],"fotografo":[],"class_list":{"0":"post-21488","1":"post","2":"type-post","3":"status-publish","4":"format-standard","5":"has-post-thumbnail","7":"category-1635","8":"category-relato-de-evento","9":"category-por-correspondentes-comunitarios","10":"category-foto-reportagens","11":"category-sociedade-civil","12":"category-video","13":"tag-copa-do-mundo","14":"tag-direito-a-moradia","15":"tag-direitos-humanos","16":"tag-tijuca","17":"tag-maracana","18":"tag-megaeventos","19":"tag-olimpiadas","20":"tag-participacao-zero","21":"tag-policia-militar","22":"tag-protesto","23":"tag-remocao","24":"tag-seguranca-publica","25":"tag-violencia-policial","26":"writer-ciara-long","27":"writer-natalie-southwick","28":"translator-fernanda-lima"},"acf":[],"yoast_head":"<!-- This site is optimized with the Yoast SEO plugin v25.6 - https:\/\/yoast.com\/wordpress\/plugins\/seo\/ -->\n<title>Manifesta\u00e7\u00e3o \u201cJogos da Exclus\u00e3o\u201d Protesta Contra os Impactos das Olimp\u00edadas [V\u00cdDEO | IMAGENS] - RioOnWatch<\/title>\n<meta name=\"robots\" content=\"index, follow, max-snippet:-1, max-image-preview:large, max-video-preview:-1\" \/>\n<link rel=\"canonical\" href=\"https:\/\/rioonwatch.org.br\/?p=21488\" \/>\n<meta property=\"og:locale\" content=\"pt_BR\" \/>\n<meta property=\"og:type\" content=\"article\" \/>\n<meta property=\"og:title\" content=\"Manifesta\u00e7\u00e3o \u201cJogos da Exclus\u00e3o\u201d Protesta Contra os Impactos das Olimp\u00edadas [V\u00cdDEO | IMAGENS] - RioOnWatch\" \/>\n<meta property=\"og:description\" content=\"Click Here for English Na \u00faltima sexta-feira, 5 de agosto, centenas de manifestantes se reuniram na Pra\u00e7a Saens Pe\u00f1a, na Tijuca, poucas horas antes do in\u00edcio da cerim\u00f4nia de abertura dos Jogos Ol\u00edmpicos, no Est\u00e1dio [...]\" \/>\n<meta property=\"og:url\" content=\"https:\/\/rioonwatch.org.br\/?p=21488\" \/>\n<meta property=\"og:site_name\" content=\"RioOnWatch\" \/>\n<meta property=\"article:published_time\" content=\"2016-08-10T15:00:25+00:00\" \/>\n<meta property=\"article:modified_time\" content=\"2024-06-20T19:26:21+00:00\" \/>\n<meta property=\"og:image\" content=\"https:\/\/rioonwatch.org.br\/wp-content\/uploads\/2016\/08\/woman.jpg\" \/>\n\t<meta property=\"og:image:width\" content=\"1000\" \/>\n\t<meta property=\"og:image:height\" content=\"500\" \/>\n\t<meta property=\"og:image:type\" content=\"image\/jpeg\" \/>\n<meta name=\"author\" content=\"Admin\" \/>\n<meta name=\"twitter:card\" content=\"summary_large_image\" \/>\n<meta name=\"twitter:label1\" content=\"Escrito por\" \/>\n\t<meta name=\"twitter:data1\" content=\"Admin\" \/>\n\t<meta name=\"twitter:label2\" content=\"Est. tempo de leitura\" \/>\n\t<meta name=\"twitter:data2\" content=\"4 minutos\" \/>\n<script type=\"application\/ld+json\" class=\"yoast-schema-graph\">{\"@context\":\"https:\/\/schema.org\",\"@graph\":[{\"@type\":\"Article\",\"@id\":\"https:\/\/rioonwatch.org.br\/?p=21488#article\",\"isPartOf\":{\"@id\":\"https:\/\/rioonwatch.org.br\/?p=21488\"},\"author\":{\"name\":\"Admin\",\"@id\":\"https:\/\/rioonwatch.org.br\/#\/schema\/person\/11d64c290506f9df50c71b850c473f68\"},\"headline\":\"Manifesta\u00e7\u00e3o \u201cJogos da Exclus\u00e3o\u201d Protesta Contra os Impactos das Olimp\u00edadas [V\u00cdDEO | IMAGENS]\",\"datePublished\":\"2016-08-10T15:00:25+00:00\",\"dateModified\":\"2024-06-20T19:26:21+00:00\",\"mainEntityOfPage\":{\"@id\":\"https:\/\/rioonwatch.org.br\/?p=21488\"},\"wordCount\":858,\"publisher\":{\"@id\":\"https:\/\/rioonwatch.org.br\/#organization\"},\"image\":{\"@id\":\"https:\/\/rioonwatch.org.br\/?p=21488#primaryimage\"},\"thumbnailUrl\":\"https:\/\/rioonwatch.org.br\/wp-content\/uploads\/2016\/08\/woman.jpg\",\"keywords\":[\"Copa do Mundo\",\"Direito \u00e0 Moradia\",\"Direitos Humanos\",\"Grande Tijuca\",\"Maracan\u00e3\",\"Megaeventos\",\"Olimp\u00edadas\",\"participa\u00e7\u00e3o zero\",\"Pol\u00edcia Militar\",\"protesto\",\"Remo\u00e7\u00e3o\",\"seguran\u00e7a p\u00fablica\",\"viol\u00eancia policial\"],\"articleSection\":[\"#Rio2016\",\"Cobertura de Eventos\",\"Escrito por Comunicadores Populares\",\"Fotorreportagens\",\"Sociedade Civil\",\"V\u00eddeo\"],\"inLanguage\":\"pt-BR\"},{\"@type\":\"WebPage\",\"@id\":\"https:\/\/rioonwatch.org.br\/?p=21488\",\"url\":\"https:\/\/rioonwatch.org.br\/?p=21488\",\"name\":\"Manifesta\u00e7\u00e3o \u201cJogos da Exclus\u00e3o\u201d Protesta Contra os Impactos das Olimp\u00edadas [V\u00cdDEO | IMAGENS] - RioOnWatch\",\"isPartOf\":{\"@id\":\"https:\/\/rioonwatch.org.br\/#website\"},\"primaryImageOfPage\":{\"@id\":\"https:\/\/rioonwatch.org.br\/?p=21488#primaryimage\"},\"image\":{\"@id\":\"https:\/\/rioonwatch.org.br\/?p=21488#primaryimage\"},\"thumbnailUrl\":\"https:\/\/rioonwatch.org.br\/wp-content\/uploads\/2016\/08\/woman.jpg\",\"datePublished\":\"2016-08-10T15:00:25+00:00\",\"dateModified\":\"2024-06-20T19:26:21+00:00\",\"breadcrumb\":{\"@id\":\"https:\/\/rioonwatch.org.br\/?p=21488#breadcrumb\"},\"inLanguage\":\"pt-BR\",\"potentialAction\":[{\"@type\":\"ReadAction\",\"target\":[\"https:\/\/rioonwatch.org.br\/?p=21488\"]}]},{\"@type\":\"ImageObject\",\"inLanguage\":\"pt-BR\",\"@id\":\"https:\/\/rioonwatch.org.br\/?p=21488#primaryimage\",\"url\":\"https:\/\/rioonwatch.org.br\/wp-content\/uploads\/2016\/08\/woman.jpg\",\"contentUrl\":\"https:\/\/rioonwatch.org.br\/wp-content\/uploads\/2016\/08\/woman.jpg\",\"width\":1000,\"height\":500},{\"@type\":\"BreadcrumbList\",\"@id\":\"https:\/\/rioonwatch.org.br\/?p=21488#breadcrumb\",\"itemListElement\":[{\"@type\":\"ListItem\",\"position\":1,\"name\":\"In\u00edcio\",\"item\":\"https:\/\/rioonwatch.org.br\/\"},{\"@type\":\"ListItem\",\"position\":2,\"name\":\"Manifesta\u00e7\u00e3o \u201cJogos da Exclus\u00e3o\u201d Protesta Contra os Impactos das Olimp\u00edadas [V\u00cdDEO | IMAGENS]\"}]},{\"@type\":\"WebSite\",\"@id\":\"https:\/\/rioonwatch.org.br\/#website\",\"url\":\"https:\/\/rioonwatch.org.br\/\",\"name\":\"RioOnWatch\",\"description\":\"relatos das favelas cariocas\",\"publisher\":{\"@id\":\"https:\/\/rioonwatch.org.br\/#organization\"},\"potentialAction\":[{\"@type\":\"SearchAction\",\"target\":{\"@type\":\"EntryPoint\",\"urlTemplate\":\"https:\/\/rioonwatch.org.br\/?s={search_term_string}\"},\"query-input\":{\"@type\":\"PropertyValueSpecification\",\"valueRequired\":true,\"valueName\":\"search_term_string\"}}],\"inLanguage\":\"pt-BR\"},{\"@type\":\"Organization\",\"@id\":\"https:\/\/rioonwatch.org.br\/#organization\",\"name\":\"RioOnWatch\",\"url\":\"https:\/\/rioonwatch.org.br\/\",\"logo\":{\"@type\":\"ImageObject\",\"inLanguage\":\"pt-BR\",\"@id\":\"https:\/\/rioonwatch.org.br\/#\/schema\/logo\/image\/\",\"url\":\"https:\/\/rioonwatch.org.br\/wp-content\/uploads\/2021\/06\/RioOnWatchcabecalhoPT11anos-2.png\",\"contentUrl\":\"https:\/\/rioonwatch.org.br\/wp-content\/uploads\/2021\/06\/RioOnWatchcabecalhoPT11anos-2.png\",\"width\":779,\"height\":277,\"caption\":\"RioOnWatch\"},\"image\":{\"@id\":\"https:\/\/rioonwatch.org.br\/#\/schema\/logo\/image\/\"}},{\"@type\":\"Person\",\"@id\":\"https:\/\/rioonwatch.org.br\/#\/schema\/person\/11d64c290506f9df50c71b850c473f68\",\"name\":\"Admin\",\"image\":{\"@type\":\"ImageObject\",\"inLanguage\":\"pt-BR\",\"@id\":\"https:\/\/rioonwatch.org.br\/#\/schema\/person\/image\/\",\"url\":\"https:\/\/secure.gravatar.com\/avatar\/56211ac74568383903349a1485e3c325?s=96&d=blank&r=g\",\"contentUrl\":\"https:\/\/secure.gravatar.com\/avatar\/56211ac74568383903349a1485e3c325?s=96&d=blank&r=g\",\"caption\":\"Admin\"},\"url\":\"https:\/\/rioonwatch.org.br\/?author=129\"}]}<\/script>\n<!-- \/ Yoast SEO plugin. -->","yoast_head_json":{"title":"Manifesta\u00e7\u00e3o \u201cJogos da Exclus\u00e3o\u201d Protesta Contra os Impactos das Olimp\u00edadas [V\u00cdDEO | IMAGENS] - RioOnWatch","robots":{"index":"index","follow":"follow","max-snippet":"max-snippet:-1","max-image-preview":"max-image-preview:large","max-video-preview":"max-video-preview:-1"},"canonical":"https:\/\/rioonwatch.org.br\/?p=21488","og_locale":"pt_BR","og_type":"article","og_title":"Manifesta\u00e7\u00e3o \u201cJogos da Exclus\u00e3o\u201d Protesta Contra os Impactos das Olimp\u00edadas [V\u00cdDEO | IMAGENS] - RioOnWatch","og_description":"Click Here for English Na \u00faltima sexta-feira, 5 de agosto, centenas de manifestantes se reuniram na Pra\u00e7a Saens Pe\u00f1a, na Tijuca, poucas horas antes do in\u00edcio da cerim\u00f4nia de abertura dos Jogos Ol\u00edmpicos, no Est\u00e1dio [...]","og_url":"https:\/\/rioonwatch.org.br\/?p=21488","og_site_name":"RioOnWatch","article_published_time":"2016-08-10T15:00:25+00:00","article_modified_time":"2024-06-20T19:26:21+00:00","og_image":[{"width":1000,"height":500,"url":"https:\/\/rioonwatch.org.br\/wp-content\/uploads\/2016\/08\/woman.jpg","type":"image\/jpeg"}],"author":"Admin","twitter_card":"summary_large_image","twitter_misc":{"Escrito por":"Admin","Est. tempo de leitura":"4 minutos"},"schema":{"@context":"https:\/\/schema.org","@graph":[{"@type":"Article","@id":"https:\/\/rioonwatch.org.br\/?p=21488#article","isPartOf":{"@id":"https:\/\/rioonwatch.org.br\/?p=21488"},"author":{"name":"Admin","@id":"https:\/\/rioonwatch.org.br\/#\/schema\/person\/11d64c290506f9df50c71b850c473f68"},"headline":"Manifesta\u00e7\u00e3o \u201cJogos da Exclus\u00e3o\u201d Protesta Contra os Impactos das Olimp\u00edadas [V\u00cdDEO | IMAGENS]","datePublished":"2016-08-10T15:00:25+00:00","dateModified":"2024-06-20T19:26:21+00:00","mainEntityOfPage":{"@id":"https:\/\/rioonwatch.org.br\/?p=21488"},"wordCount":858,"publisher":{"@id":"https:\/\/rioonwatch.org.br\/#organization"},"image":{"@id":"https:\/\/rioonwatch.org.br\/?p=21488#primaryimage"},"thumbnailUrl":"https:\/\/rioonwatch.org.br\/wp-content\/uploads\/2016\/08\/woman.jpg","keywords":["Copa do Mundo","Direito \u00e0 Moradia","Direitos Humanos","Grande Tijuca","Maracan\u00e3","Megaeventos","Olimp\u00edadas","participa\u00e7\u00e3o zero","Pol\u00edcia Militar","protesto","Remo\u00e7\u00e3o","seguran\u00e7a p\u00fablica","viol\u00eancia policial"],"articleSection":["#Rio2016","Cobertura de Eventos","Escrito por Comunicadores Populares","Fotorreportagens","Sociedade Civil","V\u00eddeo"],"inLanguage":"pt-BR"},{"@type":"WebPage","@id":"https:\/\/rioonwatch.org.br\/?p=21488","url":"https:\/\/rioonwatch.org.br\/?p=21488","name":"Manifesta\u00e7\u00e3o \u201cJogos da Exclus\u00e3o\u201d Protesta Contra os Impactos das Olimp\u00edadas [V\u00cdDEO | IMAGENS] - RioOnWatch","isPartOf":{"@id":"https:\/\/rioonwatch.org.br\/#website"},"primaryImageOfPage":{"@id":"https:\/\/rioonwatch.org.br\/?p=21488#primaryimage"},"image":{"@id":"https:\/\/rioonwatch.org.br\/?p=21488#primaryimage"},"thumbnailUrl":"https:\/\/rioonwatch.org.br\/wp-content\/uploads\/2016\/08\/woman.jpg","datePublished":"2016-08-10T15:00:25+00:00","dateModified":"2024-06-20T19:26:21+00:00","breadcrumb":{"@id":"https:\/\/rioonwatch.org.br\/?p=21488#breadcrumb"},"inLanguage":"pt-BR","potentialAction":[{"@type":"ReadAction","target":["https:\/\/rioonwatch.org.br\/?p=21488"]}]},{"@type":"ImageObject","inLanguage":"pt-BR","@id":"https:\/\/rioonwatch.org.br\/?p=21488#primaryimage","url":"https:\/\/rioonwatch.org.br\/wp-content\/uploads\/2016\/08\/woman.jpg","contentUrl":"https:\/\/rioonwatch.org.br\/wp-content\/uploads\/2016\/08\/woman.jpg","width":1000,"height":500},{"@type":"BreadcrumbList","@id":"https:\/\/rioonwatch.org.br\/?p=21488#breadcrumb","itemListElement":[{"@type":"ListItem","position":1,"name":"In\u00edcio","item":"https:\/\/rioonwatch.org.br\/"},{"@type":"ListItem","position":2,"name":"Manifesta\u00e7\u00e3o \u201cJogos da Exclus\u00e3o\u201d Protesta Contra os Impactos das Olimp\u00edadas [V\u00cdDEO | IMAGENS]"}]},{"@type":"WebSite","@id":"https:\/\/rioonwatch.org.br\/#website","url":"https:\/\/rioonwatch.org.br\/","name":"RioOnWatch","description":"relatos das favelas cariocas","publisher":{"@id":"https:\/\/rioonwatch.org.br\/#organization"},"potentialAction":[{"@type":"SearchAction","target":{"@type":"EntryPoint","urlTemplate":"https:\/\/rioonwatch.org.br\/?s={search_term_string}"},"query-input":{"@type":"PropertyValueSpecification","valueRequired":true,"valueName":"search_term_string"}}],"inLanguage":"pt-BR"},{"@type":"Organization","@id":"https:\/\/rioonwatch.org.br\/#organization","name":"RioOnWatch","url":"https:\/\/rioonwatch.org.br\/","logo":{"@type":"ImageObject","inLanguage":"pt-BR","@id":"https:\/\/rioonwatch.org.br\/#\/schema\/logo\/image\/","url":"https:\/\/rioonwatch.org.br\/wp-content\/uploads\/2021\/06\/RioOnWatchcabecalhoPT11anos-2.png","contentUrl":"https:\/\/rioonwatch.org.br\/wp-content\/uploads\/2021\/06\/RioOnWatchcabecalhoPT11anos-2.png","width":779,"height":277,"caption":"RioOnWatch"},"image":{"@id":"https:\/\/rioonwatch.org.br\/#\/schema\/logo\/image\/"}},{"@type":"Person","@id":"https:\/\/rioonwatch.org.br\/#\/schema\/person\/11d64c290506f9df50c71b850c473f68","name":"Admin","image":{"@type":"ImageObject","inLanguage":"pt-BR","@id":"https:\/\/rioonwatch.org.br\/#\/schema\/person\/image\/","url":"https:\/\/secure.gravatar.com\/avatar\/56211ac74568383903349a1485e3c325?s=96&d=blank&r=g","contentUrl":"https:\/\/secure.gravatar.com\/avatar\/56211ac74568383903349a1485e3c325?s=96&d=blank&r=g","caption":"Admin"},"url":"https:\/\/rioonwatch.org.br\/?author=129"}]}},"_links":{"self":[{"href":"https:\/\/rioonwatch.org.br\/index.php?rest_route=\/wp\/v2\/posts\/21488"}],"collection":[{"href":"https:\/\/rioonwatch.org.br\/index.php?rest_route=\/wp\/v2\/posts"}],"about":[{"href":"https:\/\/rioonwatch.org.br\/index.php?rest_route=\/wp\/v2\/types\/post"}],"author":[{"embeddable":true,"href":"https:\/\/rioonwatch.org.br\/index.php?rest_route=\/wp\/v2\/users\/129"}],"replies":[{"embeddable":true,"href":"https:\/\/rioonwatch.org.br\/index.php?rest_route=%2Fwp%2Fv2%2Fcomments&post=21488"}],"version-history":[{"count":12,"href":"https:\/\/rioonwatch.org.br\/index.php?rest_route=\/wp\/v2\/posts\/21488\/revisions"}],"predecessor-version":[{"id":74191,"href":"https:\/\/rioonwatch.org.br\/index.php?rest_route=\/wp\/v2\/posts\/21488\/revisions\/74191"}],"wp:featuredmedia":[{"embeddable":true,"href":"https:\/\/rioonwatch.org.br\/index.php?rest_route=\/wp\/v2\/media\/21490"}],"wp:attachment":[{"href":"https:\/\/rioonwatch.org.br\/index.php?rest_route=%2Fwp%2Fv2%2Fmedia&parent=21488"}],"wp:term":[{"taxonomy":"category","embeddable":true,"href":"https:\/\/rioonwatch.org.br\/index.php?rest_route=%2Fwp%2Fv2%2Fcategories&post=21488"},{"taxonomy":"post_tag","embeddable":true,"href":"https:\/\/rioonwatch.org.br\/index.php?rest_route=%2Fwp%2Fv2%2Ftags&post=21488"},{"taxonomy":"writer","embeddable":true,"href":"https:\/\/rioonwatch.org.br\/index.php?rest_route=%2Fwp%2Fv2%2Fwriter&post=21488"},{"taxonomy":"translator","embeddable":true,"href":"https:\/\/rioonwatch.org.br\/index.php?rest_route=%2Fwp%2Fv2%2Ftranslator&post=21488"},{"taxonomy":"source","embeddable":true,"href":"https:\/\/rioonwatch.org.br\/index.php?rest_route=%2Fwp%2Fv2%2Fsource&post=21488"},{"taxonomy":"ilustrador","embeddable":true,"href":"https:\/\/rioonwatch.org.br\/index.php?rest_route=%2Fwp%2Fv2%2Filustrador&post=21488"},{"taxonomy":"fotografo","embeddable":true,"href":"https:\/\/rioonwatch.org.br\/index.php?rest_route=%2Fwp%2Fv2%2Ffotografo&post=21488"}],"curies":[{"name":"wp","href":"https:\/\/api.w.org\/{rel}","templated":true}]}}