{"id":21617,"date":"2016-08-17T08:00:50","date_gmt":"2016-08-17T11:00:50","guid":{"rendered":"http:\/\/rioonwatch.org.br\/?p=21617"},"modified":"2024-06-20T16:26:19","modified_gmt":"2024-06-20T19:26:19","slug":"a-outra-baia-do-rio-exige-reparacao-de-danos-ambientais-no-momento-em-que-atencao-olimpica-foca-na-baia-de-guanabara","status":"publish","type":"post","link":"https:\/\/rioonwatch.org.br\/?p=21617","title":{"rendered":"A &#8216;Outra Ba\u00eda&#8217; do Rio Exige Reparos Ambientais no Momento em que Aten\u00e7\u00e3o Foca na Ba\u00eda de Guanabara"},"content":{"rendered":"<p style=\"text-align: right;\"><em><strong><a href=\"http:\/\/bit.ly\/2b3A5U0\" target=\"_blank\" rel=\"noopener\">Click Here for English<img decoding=\"async\" width=\"20\" height=\"20\" class=\"alignright wp-image-15790\" src=\"http:\/\/rioonwatch.org.br\/wp-content\/uploads\/2012\/08\/EN-standard-e1439583104716.jpg\" alt=\"\" \/><\/a><\/strong><\/em><\/p>\n<p>No dia 31 de julho, moradores de <a href=\"http:\/\/bit.ly\/2aZ0FhN\" target=\"_blank\" rel=\"noopener\">Sepetiba<\/a>, <a href=\"http:\/\/bit.ly\/11tBmFR\" target=\"_blank\" rel=\"noopener\">Zona Oeste<\/a> do Rio, se uniram em um \u201cabra\u00e7o\u201d simb\u00f3lico \u00e0 Ba\u00eda de Sepetiba para mobilizar a comunidade e a gest\u00e3o ambiental da ba\u00eda.<\/p>\n<p>Os 40 moradores e apoiadores presentes se reuniram no hist\u00f3rico coreto de Sepetiba. Diversos grupos, incluindo a\u00a0<a href=\"http:\/\/bit.ly\/2avH85e\" target=\"_blank\" rel=\"noopener\">C.O.R.E.S.<\/a>\u00a0(Comiss\u00e3o Revitaliza\u00e7\u00e3o de Sepetiba), o <a href=\"http:\/\/bit.ly\/2avXcKf\" target=\"_blank\" rel=\"noopener\">Instituto Boto Cinza<\/a> de prote\u00e7\u00e3o aos golfinhos, o <a href=\"http:\/\/bit.ly\/2aJY2QE\" target=\"_blank\" rel=\"noopener\">Ecomuseu Sepetiba<\/a>, a <a href=\"http:\/\/bit.ly\/2avXUXW\" target=\"_blank\" rel=\"noopener\">Rede Popular &#8211; Sepetiba<\/a>, a <a href=\"http:\/\/bit.ly\/2aJXfiq\" target=\"_blank\" rel=\"noopener\">Ba\u00eda Viva<\/a>\u00a0e a Igreja Batista Central de Sepetiba, uniram for\u00e7as em torno da preocupa\u00e7\u00e3o em comum com a ba\u00eda. Os representantes de cada grupo discursaram e o evento culminou no \u201cabra\u00e7o\u201d, com os participantes dando as m\u00e3os, formando um c\u00edrculo ao redor do coreto, e cantando o hino nacional.<\/p>\n<p><a href=\"http:\/\/rioonwatch.org.br\/wp-content\/uploads\/2016\/08\/IMG_7726.jpg\"><br \/>\n<\/a> <a href=\"http:\/\/rioonwatch.org.br\/wp-content\/uploads\/2016\/08\/screenshot-2016-08-04-at-00-03.png\"><img fetchpriority=\"high\" decoding=\"async\" class=\"aligncenter wp-image-21621 size-content\" title=\"Moradores abra\u00e7am a Ba\u00eda de Sepetiba\" src=\"http:\/\/rioonwatch.org.br\/wp-content\/uploads\/2016\/08\/screenshot-2016-08-04-at-00-03-620x264.png\" alt=\"screenshot-2016-08-04-at-00-03\" width=\"620\" height=\"264\" srcset=\"https:\/\/rioonwatch.org.br\/wp-content\/uploads\/2016\/08\/screenshot-2016-08-04-at-00-03-620x264.png 620w, https:\/\/rioonwatch.org.br\/wp-content\/uploads\/2016\/08\/screenshot-2016-08-04-at-00-03-940x400.png 940w\" sizes=\"(max-width: 620px) 100vw, 620px\" \/><\/a><\/p>\n<p>&#8220;O abra\u00e7o tem como objetivo juntar os movimentos, institui\u00e7\u00f5es, moradores e pescadores para que todos possam abra\u00e7ar Sepetiba e cobrar das autoridades as promessas n\u00e3o cumpridas&#8221;,\u00a0explicou Thiago Cruz, da Rede Popular de Sepetiba.<\/p>\n<p>&#8220;Estamos no momento de\u00a0<a href=\"http:\/\/bit.ly\/120HRFt\" target=\"_blank\" rel=\"noopener\">Olimp\u00edadas<\/a>\u00a0e pr\u00f3ximo\u00a0ao momento de elei\u00e7\u00e3o. Ent\u00e3o assim todos os olhares do mundo est\u00e3o para o Rio e a <a href=\"http:\/\/bit.ly\/1i8xoT1\" target=\"_blank\" rel=\"noopener\">Baia da Guanabara<\/a>, pois foi prometida a despolui\u00e7\u00e3o por causa das Olimp\u00edadas. Se l\u00e1 n\u00e3o foi poss\u00edvel fazer o que tinham prometido, imagina em uma regi\u00e3o que <a href=\"http:\/\/bit.ly\/2bazkYA\" target=\"_blank\" rel=\"noopener\">ningu\u00e9m sabe que existe<\/a>. Ent\u00e3o, a gente tem que dar o grito&#8221;.<\/p>\n<p><a href=\"http:\/\/rioonwatch.org.br\/wp-content\/uploads\/2016\/08\/img_7837.jpg\"><img decoding=\"async\" class=\"aligncenter wp-image-21622 size-content\" title=\"A ativista Eliane Roxo segura uma faixa denunciando a polui\u00e7\u00e3o da ba\u00eda pela TKCSA.\" src=\"http:\/\/rioonwatch.org.br\/wp-content\/uploads\/2016\/08\/img_7837-620x264.jpg\" alt=\"img_7837\" width=\"620\" height=\"264\" srcset=\"https:\/\/rioonwatch.org.br\/wp-content\/uploads\/2016\/08\/img_7837-620x264.jpg 620w, https:\/\/rioonwatch.org.br\/wp-content\/uploads\/2016\/08\/img_7837-940x400.jpg 940w\" sizes=\"(max-width: 620px) 100vw, 620px\" \/><\/a><\/p>\n<p>Os moradores seguravam cartazes com os dizeres \u201c<a href=\"http:\/\/bit.ly\/2aYahXi\" target=\"_blank\" rel=\"noopener\">INEA<\/a>, Cumpra sua Promessa: Cad\u00ea a Reposi\u00e7\u00e3o da Faixa de Areia na Praia de Sepetiba?\u201d e \u201c<a href=\"http:\/\/bit.ly\/1TlPHi6\" target=\"_blank\" rel=\"noopener\">TKCSA<\/a>, Sem Licen\u00e7a para Funcionar, mas com Licen\u00e7a para Poluir!\u201d. Eles tamb\u00e9m manifestaram o desejo de ver cumprida a <a href=\"http:\/\/bit.ly\/29zoaQc\" target=\"_blank\" rel=\"noopener\">promessa do Prefeito Eduardo Paes<\/a> de construir 450 quil\u00f4metros de ciclovias at\u00e9 2016.<\/p>\n<p>Conhecida como a <a href=\"http:\/\/bit.ly\/2avH85e\" target=\"_blank\" rel=\"noopener\">Copacabana da Zona Oeste do Rio<\/a> durante as d\u00e9cadas de 70 e 80, a Praia de Sepetiba foi ocupada principalmente por pescadores e casas de veraneio. Em 1982, os moradores acompanharam a constru\u00e7\u00e3o do Porto de Itagua\u00ed, que transformou as praias de Sepetiba em p\u00e2ntanos impr\u00f3prios para banho.<\/p>\n<p><a href=\"http:\/\/rioonwatch.org.br\/wp-content\/uploads\/2016\/08\/img-20160731-wa0008-e1470326453826.jpg\"><img loading=\"lazy\" decoding=\"async\" class=\"aligncenter wp-image-21623 size-content\" title=\"A Praia de Sepetiba foi um destino de f\u00e9rias popular durante os anos 60 e 70, enquanto as \u00e1guas ainda estavam seguras para nadar. Foto cedida por Thiago Cruz\" src=\"http:\/\/rioonwatch.org.br\/wp-content\/uploads\/2016\/08\/img-20160731-wa0008-e1470326453826-620x264.jpg\" alt=\"img-20160731-wa0008-e1470326453826\" width=\"620\" height=\"264\" srcset=\"https:\/\/rioonwatch.org.br\/wp-content\/uploads\/2016\/08\/img-20160731-wa0008-e1470326453826-620x264.jpg 620w, https:\/\/rioonwatch.org.br\/wp-content\/uploads\/2016\/08\/img-20160731-wa0008-e1470326453826-940x400.jpg 940w\" sizes=\"(max-width: 620px) 100vw, 620px\" \/><\/a><\/p>\n<p>A Companhia Docas\u00a0supervisionou a constru\u00e7\u00e3o do porto. Para aprofundar um canal, eles desenterraram 20 metros c\u00fabicos de material e o jogaram de forma irrespons\u00e1vel na ba\u00eda. O material tem sido continuamente arrastado para as praias de Sepetiba desde ent\u00e3o, cobrindo-as com lama. A polui\u00e7\u00e3o provocada pela companhia de zinco <a href=\"http:\/\/bit.ly\/1SNwNU9\" target=\"_blank\" rel=\"noopener\">Ing\u00e1 Mercantil<\/a>\u00a0(fechada em 1998) e pela\u00a0<a href=\"http:\/\/bit.ly\/1TlPHi6\" target=\"_blank\" rel=\"noopener\">altamente controversa<\/a> ind\u00fastria sider\u00fargica TKCSA e mais a constru\u00e7\u00e3o do porto devastaram a pesca artesanal e as ind\u00fastrias de turismo em Sepetiba.<\/p>\n<p>O Tribunal Regional Federal da 2\u00aa Regi\u00e3o determinou que a Companhia Docas deveria\u00a0<a href=\"http:\/\/bit.ly\/2bkTFy6\" target=\"_blank\" rel=\"noopener\">pagar pelo repara\u00e7\u00e3o<\/a> dos danos, mas os moradores de Sepetiba afirmam que a verba foi investida fora da regi\u00e3o. \u201cAt\u00e9 hoje me parece que a Docas ainda n\u00e3o pagou tudo, e n\u00e3o fez todas as medidas mitigat\u00f3rias que tinham que ser feitas. \u00c9 isso que a gente est\u00e1 reivindicando agora\u201d, afirma o membro da C.O.R.E.S., Sergio Pinto.<\/p>\n<p style=\"line-height: 16.8pt; vertical-align: baseline; text-align: left; background: white;\">Ele continua: &#8220;J\u00e1 que n\u00e3o tem como tirar o material que foi colocado dentro da ba\u00eda, que se fa\u00e7a a urbaniza\u00e7\u00e3o da orla, com ciclovia, com cal\u00e7ad\u00e3o, quiosques, chuveiro para o pessoal, banheiro, como tudo que tem na <a href=\"http:\/\/bit.ly\/1mNsDyk\" target=\"_blank\" rel=\"noopener\">Zona Sul<\/a>, em Copacabana e Ipanema. A gente merece ter isso aqui tamb\u00e9m&#8221;.<\/p>\n<p><a href=\"http:\/\/rioonwatch.org.br\/wp-content\/uploads\/2016\/08\/img_7801-e1470326530477.jpg\"><img loading=\"lazy\" decoding=\"async\" class=\"aligncenter wp-image-21624 size-content\" title=\"Hoje os moradores Sepetiba desfrutam da praia para soltar pipas, correr e relaxar, mas a \u00e1gua n\u00e3o \u00e9 apropriada para banho.\" src=\"http:\/\/rioonwatch.org.br\/wp-content\/uploads\/2016\/08\/img_7801-e1470326530477-620x264.jpg\" alt=\"img_7801-e1470326530477\" width=\"620\" height=\"264\" srcset=\"https:\/\/rioonwatch.org.br\/wp-content\/uploads\/2016\/08\/img_7801-e1470326530477-620x264.jpg 620w, https:\/\/rioonwatch.org.br\/wp-content\/uploads\/2016\/08\/img_7801-e1470326530477-940x400.jpg 940w\" sizes=\"(max-width: 620px) 100vw, 620px\" \/><\/a><\/p>\n<!-- AddThis Advanced Settings generic via filter on the_content --><!-- AddThis Share Buttons generic via filter on the_content -->","protected":false},"excerpt":{"rendered":"<div class=\"mh-excerpt\"><p>Click Here for English No dia 31 de julho, moradores de Sepetiba, Zona Oeste do Rio, se uniram em um \u201cabra\u00e7o\u201d simb\u00f3lico \u00e0 Ba\u00eda de Sepetiba para mobilizar a comunidade e a gest\u00e3o ambiental da <a class=\"mh-excerpt-more\" href=\"https:\/\/rioonwatch.org.br\/?p=21617\" title=\"A &#8216;Outra Ba\u00eda&#8217; do Rio Exige Reparos Ambientais no Momento em que Aten\u00e7\u00e3o Foca na Ba\u00eda de Guanabara\">[&#8230;]<\/a><!-- AddThis Advanced Settings generic via filter on get_the_excerpt --><!-- AddThis Share Buttons generic via filter on get_the_excerpt --><\/p>\n<\/div>","protected":false},"author":129,"featured_media":21620,"comment_status":"closed","ping_status":"closed","sticky":false,"template":"","format":"standard","meta":{"_acf_changed":false,"_monsterinsights_skip_tracking":false,"_monsterinsights_sitenote_active":false,"_monsterinsights_sitenote_note":"","_monsterinsights_sitenote_category":0,"footnotes":""},"categories":[1627,346,1626,1612,1639],"tags":[738,569,722,1240,106,78,581,935,763,432,23,404,1847,184],"writer":[1897],"translator":[1948],"source":[],"ilustrador":[],"fotografo":[],"class_list":{"0":"post-21617","1":"post","2":"type-post","3":"status-publish","4":"format-standard","5":"has-post-thumbnail","7":"category-relato-de-evento","8":"category-denuncias","9":"category-por-observadores-internacionais","10":"category-sociedade-civil","11":"category-sustentabilidade","12":"tag-colonia-de-pescadores","13":"tag-inea","14":"tag-legado","15":"tag-megaeventos","16":"tag-meio-ambiente","17":"tag-olimpiadas","18":"tag-poluicao","19":"tag-praia","20":"tag-protesto","21":"tag-resistencia","22":"tag-sepetiba","23":"tag-sustentabilidade","24":"tag-tkcsa","25":"tag-zona-oeste","26":"writer-sophia-zaia","27":"translator-larissa-troitino"},"acf":[],"yoast_head":"<!-- This site is optimized with the Yoast SEO plugin v25.6 - https:\/\/yoast.com\/wordpress\/plugins\/seo\/ -->\n<title>A &#039;Outra Ba\u00eda&#039; do Rio Exige Reparos Ambientais no Momento em que Aten\u00e7\u00e3o Foca na Ba\u00eda de Guanabara - RioOnWatch<\/title>\n<meta name=\"robots\" content=\"index, follow, max-snippet:-1, max-image-preview:large, max-video-preview:-1\" \/>\n<link rel=\"canonical\" href=\"https:\/\/rioonwatch.org.br\/?p=21617\" \/>\n<meta property=\"og:locale\" content=\"pt_BR\" \/>\n<meta property=\"og:type\" content=\"article\" \/>\n<meta property=\"og:title\" content=\"A &#039;Outra Ba\u00eda&#039; do Rio Exige Reparos Ambientais no Momento em que Aten\u00e7\u00e3o Foca na Ba\u00eda de Guanabara - RioOnWatch\" \/>\n<meta property=\"og:description\" content=\"Click Here for English No dia 31 de julho, moradores de Sepetiba, Zona Oeste do Rio, se uniram em um \u201cabra\u00e7o\u201d simb\u00f3lico \u00e0 Ba\u00eda de Sepetiba para mobilizar a comunidade e a gest\u00e3o ambiental da [...]\" \/>\n<meta property=\"og:url\" content=\"https:\/\/rioonwatch.org.br\/?p=21617\" \/>\n<meta property=\"og:site_name\" content=\"RioOnWatch\" \/>\n<meta property=\"article:published_time\" content=\"2016-08-17T11:00:50+00:00\" \/>\n<meta property=\"article:modified_time\" content=\"2024-06-20T19:26:19+00:00\" \/>\n<meta property=\"og:image\" content=\"https:\/\/rioonwatch.org.br\/wp-content\/uploads\/2016\/08\/IMG_7726-scaled.jpg\" \/>\n\t<meta property=\"og:image:width\" content=\"2560\" \/>\n\t<meta property=\"og:image:height\" content=\"1706\" \/>\n\t<meta property=\"og:image:type\" content=\"image\/jpeg\" \/>\n<meta name=\"author\" content=\"Admin\" \/>\n<meta name=\"twitter:card\" content=\"summary_large_image\" \/>\n<meta name=\"twitter:label1\" content=\"Escrito por\" \/>\n\t<meta name=\"twitter:data1\" content=\"Admin\" \/>\n\t<meta name=\"twitter:label2\" content=\"Est. tempo de leitura\" \/>\n\t<meta name=\"twitter:data2\" content=\"3 minutos\" \/>\n<script type=\"application\/ld+json\" class=\"yoast-schema-graph\">{\"@context\":\"https:\/\/schema.org\",\"@graph\":[{\"@type\":\"Article\",\"@id\":\"https:\/\/rioonwatch.org.br\/?p=21617#article\",\"isPartOf\":{\"@id\":\"https:\/\/rioonwatch.org.br\/?p=21617\"},\"author\":{\"name\":\"Admin\",\"@id\":\"https:\/\/rioonwatch.org.br\/#\/schema\/person\/11d64c290506f9df50c71b850c473f68\"},\"headline\":\"A &#8216;Outra Ba\u00eda&#8217; do Rio Exige Reparos Ambientais no Momento em que Aten\u00e7\u00e3o Foca na Ba\u00eda de Guanabara\",\"datePublished\":\"2016-08-17T11:00:50+00:00\",\"dateModified\":\"2024-06-20T19:26:19+00:00\",\"mainEntityOfPage\":{\"@id\":\"https:\/\/rioonwatch.org.br\/?p=21617\"},\"wordCount\":609,\"publisher\":{\"@id\":\"https:\/\/rioonwatch.org.br\/#organization\"},\"image\":{\"@id\":\"https:\/\/rioonwatch.org.br\/?p=21617#primaryimage\"},\"thumbnailUrl\":\"https:\/\/rioonwatch.org.br\/wp-content\/uploads\/2016\/08\/IMG_7726-scaled.jpg\",\"keywords\":[\"col\u00f4nia de pescadores\",\"INEA\",\"Legado Ol\u00edmpico\",\"Megaeventos\",\"meio ambiente\",\"Olimp\u00edadas\",\"polui\u00e7\u00e3o\",\"praia\",\"protesto\",\"resist\u00eancia\",\"Sepetiba\",\"sustentabilidade\",\"TKCSA\",\"Zona Oeste\"],\"articleSection\":[\"Cobertura de Eventos\",\"Den\u00fancias\",\"Escrito por Aliados\",\"Sociedade Civil\",\"Sustentabilidade\"],\"inLanguage\":\"pt-BR\"},{\"@type\":\"WebPage\",\"@id\":\"https:\/\/rioonwatch.org.br\/?p=21617\",\"url\":\"https:\/\/rioonwatch.org.br\/?p=21617\",\"name\":\"A 'Outra Ba\u00eda' do Rio Exige Reparos Ambientais no Momento em que Aten\u00e7\u00e3o Foca na Ba\u00eda de Guanabara - RioOnWatch\",\"isPartOf\":{\"@id\":\"https:\/\/rioonwatch.org.br\/#website\"},\"primaryImageOfPage\":{\"@id\":\"https:\/\/rioonwatch.org.br\/?p=21617#primaryimage\"},\"image\":{\"@id\":\"https:\/\/rioonwatch.org.br\/?p=21617#primaryimage\"},\"thumbnailUrl\":\"https:\/\/rioonwatch.org.br\/wp-content\/uploads\/2016\/08\/IMG_7726-scaled.jpg\",\"datePublished\":\"2016-08-17T11:00:50+00:00\",\"dateModified\":\"2024-06-20T19:26:19+00:00\",\"breadcrumb\":{\"@id\":\"https:\/\/rioonwatch.org.br\/?p=21617#breadcrumb\"},\"inLanguage\":\"pt-BR\",\"potentialAction\":[{\"@type\":\"ReadAction\",\"target\":[\"https:\/\/rioonwatch.org.br\/?p=21617\"]}]},{\"@type\":\"ImageObject\",\"inLanguage\":\"pt-BR\",\"@id\":\"https:\/\/rioonwatch.org.br\/?p=21617#primaryimage\",\"url\":\"https:\/\/rioonwatch.org.br\/wp-content\/uploads\/2016\/08\/IMG_7726-scaled.jpg\",\"contentUrl\":\"https:\/\/rioonwatch.org.br\/wp-content\/uploads\/2016\/08\/IMG_7726-scaled.jpg\",\"width\":2560,\"height\":1706},{\"@type\":\"BreadcrumbList\",\"@id\":\"https:\/\/rioonwatch.org.br\/?p=21617#breadcrumb\",\"itemListElement\":[{\"@type\":\"ListItem\",\"position\":1,\"name\":\"In\u00edcio\",\"item\":\"https:\/\/rioonwatch.org.br\/\"},{\"@type\":\"ListItem\",\"position\":2,\"name\":\"A &#8216;Outra Ba\u00eda&#8217; do Rio Exige Reparos Ambientais no Momento em que Aten\u00e7\u00e3o Foca na Ba\u00eda de Guanabara\"}]},{\"@type\":\"WebSite\",\"@id\":\"https:\/\/rioonwatch.org.br\/#website\",\"url\":\"https:\/\/rioonwatch.org.br\/\",\"name\":\"RioOnWatch\",\"description\":\"relatos das favelas cariocas\",\"publisher\":{\"@id\":\"https:\/\/rioonwatch.org.br\/#organization\"},\"potentialAction\":[{\"@type\":\"SearchAction\",\"target\":{\"@type\":\"EntryPoint\",\"urlTemplate\":\"https:\/\/rioonwatch.org.br\/?s={search_term_string}\"},\"query-input\":{\"@type\":\"PropertyValueSpecification\",\"valueRequired\":true,\"valueName\":\"search_term_string\"}}],\"inLanguage\":\"pt-BR\"},{\"@type\":\"Organization\",\"@id\":\"https:\/\/rioonwatch.org.br\/#organization\",\"name\":\"RioOnWatch\",\"url\":\"https:\/\/rioonwatch.org.br\/\",\"logo\":{\"@type\":\"ImageObject\",\"inLanguage\":\"pt-BR\",\"@id\":\"https:\/\/rioonwatch.org.br\/#\/schema\/logo\/image\/\",\"url\":\"https:\/\/rioonwatch.org.br\/wp-content\/uploads\/2021\/06\/RioOnWatchcabecalhoPT11anos-2.png\",\"contentUrl\":\"https:\/\/rioonwatch.org.br\/wp-content\/uploads\/2021\/06\/RioOnWatchcabecalhoPT11anos-2.png\",\"width\":779,\"height\":277,\"caption\":\"RioOnWatch\"},\"image\":{\"@id\":\"https:\/\/rioonwatch.org.br\/#\/schema\/logo\/image\/\"}},{\"@type\":\"Person\",\"@id\":\"https:\/\/rioonwatch.org.br\/#\/schema\/person\/11d64c290506f9df50c71b850c473f68\",\"name\":\"Admin\",\"image\":{\"@type\":\"ImageObject\",\"inLanguage\":\"pt-BR\",\"@id\":\"https:\/\/rioonwatch.org.br\/#\/schema\/person\/image\/\",\"url\":\"https:\/\/secure.gravatar.com\/avatar\/56211ac74568383903349a1485e3c325?s=96&d=blank&r=g\",\"contentUrl\":\"https:\/\/secure.gravatar.com\/avatar\/56211ac74568383903349a1485e3c325?s=96&d=blank&r=g\",\"caption\":\"Admin\"},\"url\":\"https:\/\/rioonwatch.org.br\/?author=129\"}]}<\/script>\n<!-- \/ Yoast SEO plugin. -->","yoast_head_json":{"title":"A 'Outra Ba\u00eda' do Rio Exige Reparos Ambientais no Momento em que Aten\u00e7\u00e3o Foca na Ba\u00eda de Guanabara - RioOnWatch","robots":{"index":"index","follow":"follow","max-snippet":"max-snippet:-1","max-image-preview":"max-image-preview:large","max-video-preview":"max-video-preview:-1"},"canonical":"https:\/\/rioonwatch.org.br\/?p=21617","og_locale":"pt_BR","og_type":"article","og_title":"A 'Outra Ba\u00eda' do Rio Exige Reparos Ambientais no Momento em que Aten\u00e7\u00e3o Foca na Ba\u00eda de Guanabara - RioOnWatch","og_description":"Click Here for English No dia 31 de julho, moradores de Sepetiba, Zona Oeste do Rio, se uniram em um \u201cabra\u00e7o\u201d simb\u00f3lico \u00e0 Ba\u00eda de Sepetiba para mobilizar a comunidade e a gest\u00e3o ambiental da [...]","og_url":"https:\/\/rioonwatch.org.br\/?p=21617","og_site_name":"RioOnWatch","article_published_time":"2016-08-17T11:00:50+00:00","article_modified_time":"2024-06-20T19:26:19+00:00","og_image":[{"width":2560,"height":1706,"url":"https:\/\/rioonwatch.org.br\/wp-content\/uploads\/2016\/08\/IMG_7726-scaled.jpg","type":"image\/jpeg"}],"author":"Admin","twitter_card":"summary_large_image","twitter_misc":{"Escrito por":"Admin","Est. tempo de leitura":"3 minutos"},"schema":{"@context":"https:\/\/schema.org","@graph":[{"@type":"Article","@id":"https:\/\/rioonwatch.org.br\/?p=21617#article","isPartOf":{"@id":"https:\/\/rioonwatch.org.br\/?p=21617"},"author":{"name":"Admin","@id":"https:\/\/rioonwatch.org.br\/#\/schema\/person\/11d64c290506f9df50c71b850c473f68"},"headline":"A &#8216;Outra Ba\u00eda&#8217; do Rio Exige Reparos Ambientais no Momento em que Aten\u00e7\u00e3o Foca na Ba\u00eda de Guanabara","datePublished":"2016-08-17T11:00:50+00:00","dateModified":"2024-06-20T19:26:19+00:00","mainEntityOfPage":{"@id":"https:\/\/rioonwatch.org.br\/?p=21617"},"wordCount":609,"publisher":{"@id":"https:\/\/rioonwatch.org.br\/#organization"},"image":{"@id":"https:\/\/rioonwatch.org.br\/?p=21617#primaryimage"},"thumbnailUrl":"https:\/\/rioonwatch.org.br\/wp-content\/uploads\/2016\/08\/IMG_7726-scaled.jpg","keywords":["col\u00f4nia de pescadores","INEA","Legado Ol\u00edmpico","Megaeventos","meio ambiente","Olimp\u00edadas","polui\u00e7\u00e3o","praia","protesto","resist\u00eancia","Sepetiba","sustentabilidade","TKCSA","Zona Oeste"],"articleSection":["Cobertura de Eventos","Den\u00fancias","Escrito por Aliados","Sociedade Civil","Sustentabilidade"],"inLanguage":"pt-BR"},{"@type":"WebPage","@id":"https:\/\/rioonwatch.org.br\/?p=21617","url":"https:\/\/rioonwatch.org.br\/?p=21617","name":"A 'Outra Ba\u00eda' do Rio Exige Reparos Ambientais no Momento em que Aten\u00e7\u00e3o Foca na Ba\u00eda de Guanabara - RioOnWatch","isPartOf":{"@id":"https:\/\/rioonwatch.org.br\/#website"},"primaryImageOfPage":{"@id":"https:\/\/rioonwatch.org.br\/?p=21617#primaryimage"},"image":{"@id":"https:\/\/rioonwatch.org.br\/?p=21617#primaryimage"},"thumbnailUrl":"https:\/\/rioonwatch.org.br\/wp-content\/uploads\/2016\/08\/IMG_7726-scaled.jpg","datePublished":"2016-08-17T11:00:50+00:00","dateModified":"2024-06-20T19:26:19+00:00","breadcrumb":{"@id":"https:\/\/rioonwatch.org.br\/?p=21617#breadcrumb"},"inLanguage":"pt-BR","potentialAction":[{"@type":"ReadAction","target":["https:\/\/rioonwatch.org.br\/?p=21617"]}]},{"@type":"ImageObject","inLanguage":"pt-BR","@id":"https:\/\/rioonwatch.org.br\/?p=21617#primaryimage","url":"https:\/\/rioonwatch.org.br\/wp-content\/uploads\/2016\/08\/IMG_7726-scaled.jpg","contentUrl":"https:\/\/rioonwatch.org.br\/wp-content\/uploads\/2016\/08\/IMG_7726-scaled.jpg","width":2560,"height":1706},{"@type":"BreadcrumbList","@id":"https:\/\/rioonwatch.org.br\/?p=21617#breadcrumb","itemListElement":[{"@type":"ListItem","position":1,"name":"In\u00edcio","item":"https:\/\/rioonwatch.org.br\/"},{"@type":"ListItem","position":2,"name":"A &#8216;Outra Ba\u00eda&#8217; do Rio Exige Reparos Ambientais no Momento em que Aten\u00e7\u00e3o Foca na Ba\u00eda de Guanabara"}]},{"@type":"WebSite","@id":"https:\/\/rioonwatch.org.br\/#website","url":"https:\/\/rioonwatch.org.br\/","name":"RioOnWatch","description":"relatos das favelas cariocas","publisher":{"@id":"https:\/\/rioonwatch.org.br\/#organization"},"potentialAction":[{"@type":"SearchAction","target":{"@type":"EntryPoint","urlTemplate":"https:\/\/rioonwatch.org.br\/?s={search_term_string}"},"query-input":{"@type":"PropertyValueSpecification","valueRequired":true,"valueName":"search_term_string"}}],"inLanguage":"pt-BR"},{"@type":"Organization","@id":"https:\/\/rioonwatch.org.br\/#organization","name":"RioOnWatch","url":"https:\/\/rioonwatch.org.br\/","logo":{"@type":"ImageObject","inLanguage":"pt-BR","@id":"https:\/\/rioonwatch.org.br\/#\/schema\/logo\/image\/","url":"https:\/\/rioonwatch.org.br\/wp-content\/uploads\/2021\/06\/RioOnWatchcabecalhoPT11anos-2.png","contentUrl":"https:\/\/rioonwatch.org.br\/wp-content\/uploads\/2021\/06\/RioOnWatchcabecalhoPT11anos-2.png","width":779,"height":277,"caption":"RioOnWatch"},"image":{"@id":"https:\/\/rioonwatch.org.br\/#\/schema\/logo\/image\/"}},{"@type":"Person","@id":"https:\/\/rioonwatch.org.br\/#\/schema\/person\/11d64c290506f9df50c71b850c473f68","name":"Admin","image":{"@type":"ImageObject","inLanguage":"pt-BR","@id":"https:\/\/rioonwatch.org.br\/#\/schema\/person\/image\/","url":"https:\/\/secure.gravatar.com\/avatar\/56211ac74568383903349a1485e3c325?s=96&d=blank&r=g","contentUrl":"https:\/\/secure.gravatar.com\/avatar\/56211ac74568383903349a1485e3c325?s=96&d=blank&r=g","caption":"Admin"},"url":"https:\/\/rioonwatch.org.br\/?author=129"}]}},"_links":{"self":[{"href":"https:\/\/rioonwatch.org.br\/index.php?rest_route=\/wp\/v2\/posts\/21617"}],"collection":[{"href":"https:\/\/rioonwatch.org.br\/index.php?rest_route=\/wp\/v2\/posts"}],"about":[{"href":"https:\/\/rioonwatch.org.br\/index.php?rest_route=\/wp\/v2\/types\/post"}],"author":[{"embeddable":true,"href":"https:\/\/rioonwatch.org.br\/index.php?rest_route=\/wp\/v2\/users\/129"}],"replies":[{"embeddable":true,"href":"https:\/\/rioonwatch.org.br\/index.php?rest_route=%2Fwp%2Fv2%2Fcomments&post=21617"}],"version-history":[{"count":13,"href":"https:\/\/rioonwatch.org.br\/index.php?rest_route=\/wp\/v2\/posts\/21617\/revisions"}],"predecessor-version":[{"id":74348,"href":"https:\/\/rioonwatch.org.br\/index.php?rest_route=\/wp\/v2\/posts\/21617\/revisions\/74348"}],"wp:featuredmedia":[{"embeddable":true,"href":"https:\/\/rioonwatch.org.br\/index.php?rest_route=\/wp\/v2\/media\/21620"}],"wp:attachment":[{"href":"https:\/\/rioonwatch.org.br\/index.php?rest_route=%2Fwp%2Fv2%2Fmedia&parent=21617"}],"wp:term":[{"taxonomy":"category","embeddable":true,"href":"https:\/\/rioonwatch.org.br\/index.php?rest_route=%2Fwp%2Fv2%2Fcategories&post=21617"},{"taxonomy":"post_tag","embeddable":true,"href":"https:\/\/rioonwatch.org.br\/index.php?rest_route=%2Fwp%2Fv2%2Ftags&post=21617"},{"taxonomy":"writer","embeddable":true,"href":"https:\/\/rioonwatch.org.br\/index.php?rest_route=%2Fwp%2Fv2%2Fwriter&post=21617"},{"taxonomy":"translator","embeddable":true,"href":"https:\/\/rioonwatch.org.br\/index.php?rest_route=%2Fwp%2Fv2%2Ftranslator&post=21617"},{"taxonomy":"source","embeddable":true,"href":"https:\/\/rioonwatch.org.br\/index.php?rest_route=%2Fwp%2Fv2%2Fsource&post=21617"},{"taxonomy":"ilustrador","embeddable":true,"href":"https:\/\/rioonwatch.org.br\/index.php?rest_route=%2Fwp%2Fv2%2Filustrador&post=21617"},{"taxonomy":"fotografo","embeddable":true,"href":"https:\/\/rioonwatch.org.br\/index.php?rest_route=%2Fwp%2Fv2%2Ffotografo&post=21617"}],"curies":[{"name":"wp","href":"https:\/\/api.w.org\/{rel}","templated":true}]}}